{"id":15192,"date":"2026-09-02T23:17:13","date_gmt":"2026-09-02T21:17:13","guid":{"rendered":"https:\/\/vieassociative.be\/actualites\/sur-les-traces-des-drapiers-a-loccasion-des-journees-du-monument-ouvert-le-13-12-septembre-un-rassemblement-de-detectives-pour-les-familles\/"},"modified":"2026-09-02T23:17:13","modified_gmt":"2026-09-02T21:17:13","slug":"sur-les-traces-des-drapiers-a-loccasion-des-journees-du-monument-ouvert-le-13-12-septembre-un-rassemblement-de-detectives-pour-les-familles","status":"publish","type":"post","link":"https:\/\/vieassociative.be\/actualites\/sur-les-traces-des-drapiers-a-loccasion-des-journees-du-monument-ouvert-le-13-12-septembre-un-rassemblement-de-detectives-pour-les-familles\/","title":{"rendered":"Sur les traces des drapiers : A l&rsquo;occasion des \u00ab Journ\u00e9es du Monument Ouvert \u00bb le 13\/12. Septembre un rassemblement de d\u00e9tectives pour les familles"},"content":{"rendered":"<p><strong>Les 12 et 13 septembre 2026, de 10h \u00e0 18h, des portes sp\u00e9ciales et des lieux historiques ouvriront \u00e0 Eupen dans le cadre des \u00ab Journ\u00e9es Portes Ouvertes des Monuments \u00bb. Un moment fort pour les jeunes explorateurs est le sp\u00e9cial familial \u00ab Le tr\u00e9sor perdu des fabricants de tissus \u00bb \u2013 un passionnant rallye de d\u00e9tective pour les enfants \u00e2g\u00e9s de 7 \u00e0 12 ans.<\/strong><\/p>\n<p><span id=\"more-441809\"><\/span>Le tr\u00e9sor l\u00e9gendaire des drapiers d&rsquo;Eupen a disparu ! Seul un mot myst\u00e9rieux peut montrer le chemin vers le tr\u00e9sor cach\u00e9. Avec la d\u00e9tective Karlotta, les jeunes enqu\u00eateurs se lancent dans une passionnante recherche d&rsquo;indices \u00e0 travers la ville.<\/p>\n<p>Les \u00e9nigmes m\u00e8nent \u00e0 divers lieux historiques, notamment l&rsquo;ancien juge de paix, le mus\u00e9e de la ville et les archives de l&rsquo;\u00c9tat. Une nouvelle t\u00e2che attend \u00e0 chaque station. Si vous lisez attentivement, observez attentivement votre environnement et faites attention aux petits d\u00e9tails, vous vous rapprocherez pas \u00e0 pas du myst\u00e9rieux tr\u00e9sor.<\/p>\n<p>Le rallye combine de mani\u00e8re ludique histoire, d\u00e9couverte de la ville et puzzles. Les enfants apprennent des choses passionnantes sur Eupen et sa tradition textile et d\u00e9couvrent des lieux historiques sous un tout nouveau point de vue.<\/p>\n<p>Et bien s\u00fbr, la recherche en vaut la peine : celui qui r\u00e9sout toutes les \u00e9nigmes et trouve la bonne r\u00e9ponse atteindra la cachette du tr\u00e9sor. Une petite surprise attend chaque enfant participant. (participation gratuite)<\/p>\n<p>Le d\u00e9pliant du rallye des d\u00e9tectives est disponible au stand du minist\u00e8re et au pr\u00e9alable aupr\u00e8s de l&rsquo;Office du Tourisme d&rsquo;Eupen ou de la Commission du marketing municipal, Rathausplatz 14, Eupen. Pour les enfants de 7 \u00e0 12 ans.<\/p>\n","protected":false},"excerpt":{"rendered":"<p>Les 12 et 13 septembre 2026, de 10h \u00e0 18h, des portes sp\u00e9ciales et des lieux historiques ouvriront \u00e0 Eupen dans le cadre des \u00ab<\/p>\n","protected":false},"author":1,"featured_media":15193,"comment_status":"","ping_status":"","sticky":false,"template":"","format":"standard","meta":{"footnotes":""},"categories":[298],"tags":[29,11347,11346,1618,9123,14,4914,10316,1501,81,4871,137,33,8365],"class_list":["post-15192","post","type-post","status-publish","format-standard","has-post-thumbnail","hentry","category-belgique","tag-des","tag-detectives","tag-drapiers","tag-familles","tag-journees","tag-les","tag-loccasion","tag-monument","tag-ouvert","tag-pour","tag-rassemblement","tag-septembre","tag-sur","tag-traces","generate-columns","tablet-grid-50","mobile-grid-100","grid-parent","grid-33"],"yoast_head":"<!-- This site is optimized with the Yoast SEO plugin v24.0 - https:\/\/yoast.com\/wordpress\/plugins\/seo\/ -->\n<title>Sur les traces des drapiers : A l&#039;occasion des \u00ab Journ\u00e9es du Monument Ouvert \u00bb le 13\/12. Septembre un rassemblement de d\u00e9tectives pour les familles | Vie Associative<\/title>\n<meta name=\"robots\" content=\"index, follow, max-snippet:-1, max-image-preview:large, max-video-preview:-1\" \/>\n<link rel=\"canonical\" href=\"https:\/\/vieassociative.be\/actualites\/sur-les-traces-des-drapiers-a-loccasion-des-journees-du-monument-ouvert-le-13-12-septembre-un-rassemblement-de-detectives-pour-les-familles\/\" \/>\n<meta property=\"og:locale\" content=\"fr_FR\" \/>\n<meta property=\"og:type\" content=\"article\" \/>\n<meta property=\"og:title\" content=\"Sur les traces des drapiers : A l&#039;occasion des \u00ab Journ\u00e9es du Monument Ouvert \u00bb le 13\/12. Septembre un rassemblement de d\u00e9tectives pour les familles | Vie Associative\" \/>\n<meta property=\"og:description\" content=\"Les 12 et 13 septembre 2026, de 10h \u00e0 18h, des portes sp\u00e9ciales et des lieux historiques ouvriront \u00e0 Eupen dans le cadre des \u00ab\" \/>\n<meta property=\"og:url\" content=\"https:\/\/vieassociative.be\/actualites\/sur-les-traces-des-drapiers-a-loccasion-des-journees-du-monument-ouvert-le-13-12-septembre-un-rassemblement-de-detectives-pour-les-familles\/\" \/>\n<meta property=\"og:site_name\" content=\"Vie Associative\" \/>\n<meta property=\"article:published_time\" content=\"2026-09-02T21:17:13+00:00\" \/>\n<meta property=\"og:image\" content=\"https:\/\/vieassociative.be\/actualites\/wp-content\/uploads\/2024\/09\/header_backgroundk-01-e1726694325946.png\" \/>\n\t<meta property=\"og:image:width\" content=\"279\" \/>\n\t<meta property=\"og:image:height\" content=\"92\" \/>\n\t<meta property=\"og:image:type\" content=\"image\/png\" \/>\n<meta name=\"author\" content=\"Julien\" \/>\n<meta name=\"twitter:card\" content=\"summary_large_image\" \/>\n<meta name=\"twitter:label1\" content=\"\u00c9crit par\" \/>\n\t<meta name=\"twitter:data1\" content=\"Julien\" \/>\n\t<meta name=\"twitter:label2\" content=\"Dur\u00e9e de lecture est.\" \/>\n\t<meta name=\"twitter:data2\" content=\"1 minute\" \/>\n<script type=\"application\/ld+json\" class=\"yoast-schema-graph\">{\"@context\":\"https:\/\/schema.org\",\"@graph\":[{\"@type\":\"Article\",\"@id\":\"https:\/\/vieassociative.be\/actualites\/sur-les-traces-des-drapiers-a-loccasion-des-journees-du-monument-ouvert-le-13-12-septembre-un-rassemblement-de-detectives-pour-les-familles\/#article\",\"isPartOf\":{\"@id\":\"https:\/\/vieassociative.be\/actualites\/sur-les-traces-des-drapiers-a-loccasion-des-journees-du-monument-ouvert-le-13-12-septembre-un-rassemblement-de-detectives-pour-les-familles\/\"},\"author\":{\"name\":\"Julien\",\"@id\":\"https:\/\/vieassociative.be\/actualites\/#\/schema\/person\/b87ac4f82f9d4e7b7cec7395b679edc4\"},\"headline\":\"Sur les traces des drapiers : A l&rsquo;occasion des \u00ab Journ\u00e9es du Monument Ouvert \u00bb le 13\/12. Septembre un rassemblement de d\u00e9tectives pour les familles\",\"datePublished\":\"2026-09-02T21:17:13+00:00\",\"dateModified\":\"2026-09-02T21:17:13+00:00\",\"mainEntityOfPage\":{\"@id\":\"https:\/\/vieassociative.be\/actualites\/sur-les-traces-des-drapiers-a-loccasion-des-journees-du-monument-ouvert-le-13-12-septembre-un-rassemblement-de-detectives-pour-les-familles\/\"},\"wordCount\":305,\"publisher\":{\"@id\":\"https:\/\/vieassociative.be\/actualites\/#organization\"},\"image\":{\"@id\":\"https:\/\/vieassociative.be\/actualites\/sur-les-traces-des-drapiers-a-loccasion-des-journees-du-monument-ouvert-le-13-12-septembre-un-rassemblement-de-detectives-pour-les-familles\/#primaryimage\"},\"thumbnailUrl\":\"https:\/\/vieassociative.be\/actualites\/wp-content\/uploads\/2026\/09\/Sur-les-traces-des-drapiers-A-loccasion-des.jpg\",\"keywords\":[\"Des\",\"d\u00e9tectives\",\"drapiers\",\"familles\",\"journ\u00e9es\",\"Les\",\"loccasion\",\"Monument\",\"ouvert\",\"pour\",\"rassemblement\",\"septembre\",\"sur\",\"traces\"],\"articleSection\":[\"Belgique\"],\"inLanguage\":\"fr-BE\"},{\"@type\":\"WebPage\",\"@id\":\"https:\/\/vieassociative.be\/actualites\/sur-les-traces-des-drapiers-a-loccasion-des-journees-du-monument-ouvert-le-13-12-septembre-un-rassemblement-de-detectives-pour-les-familles\/\",\"url\":\"https:\/\/vieassociative.be\/actualites\/sur-les-traces-des-drapiers-a-loccasion-des-journees-du-monument-ouvert-le-13-12-septembre-un-rassemblement-de-detectives-pour-les-familles\/\",\"name\":\"Sur les traces des drapiers : A l'occasion des \u00ab Journ\u00e9es du Monument Ouvert \u00bb le 13\/12. Septembre un rassemblement de d\u00e9tectives pour les familles | Vie Associative\",\"isPartOf\":{\"@id\":\"https:\/\/vieassociative.be\/actualites\/#website\"},\"primaryImageOfPage\":{\"@id\":\"https:\/\/vieassociative.be\/actualites\/sur-les-traces-des-drapiers-a-loccasion-des-journees-du-monument-ouvert-le-13-12-septembre-un-rassemblement-de-detectives-pour-les-familles\/#primaryimage\"},\"image\":{\"@id\":\"https:\/\/vieassociative.be\/actualites\/sur-les-traces-des-drapiers-a-loccasion-des-journees-du-monument-ouvert-le-13-12-septembre-un-rassemblement-de-detectives-pour-les-familles\/#primaryimage\"},\"thumbnailUrl\":\"https:\/\/vieassociative.be\/actualites\/wp-content\/uploads\/2026\/09\/Sur-les-traces-des-drapiers-A-loccasion-des.jpg\",\"datePublished\":\"2026-09-02T21:17:13+00:00\",\"dateModified\":\"2026-09-02T21:17:13+00:00\",\"breadcrumb\":{\"@id\":\"https:\/\/vieassociative.be\/actualites\/sur-les-traces-des-drapiers-a-loccasion-des-journees-du-monument-ouvert-le-13-12-septembre-un-rassemblement-de-detectives-pour-les-familles\/#breadcrumb\"},\"inLanguage\":\"fr-BE\",\"potentialAction\":[{\"@type\":\"ReadAction\",\"target\":[\"https:\/\/vieassociative.be\/actualites\/sur-les-traces-des-drapiers-a-loccasion-des-journees-du-monument-ouvert-le-13-12-septembre-un-rassemblement-de-detectives-pour-les-familles\/\"]}]},{\"@type\":\"ImageObject\",\"inLanguage\":\"fr-BE\",\"@id\":\"https:\/\/vieassociative.be\/actualites\/sur-les-traces-des-drapiers-a-loccasion-des-journees-du-monument-ouvert-le-13-12-septembre-un-rassemblement-de-detectives-pour-les-familles\/#primaryimage\",\"url\":\"https:\/\/vieassociative.be\/actualites\/wp-content\/uploads\/2026\/09\/Sur-les-traces-des-drapiers-A-loccasion-des.jpg\",\"contentUrl\":\"https:\/\/vieassociative.be\/actualites\/wp-content\/uploads\/2026\/09\/Sur-les-traces-des-drapiers-A-loccasion-des.jpg\",\"width\":1190,\"height\":1518,\"caption\":\"Sur les traces des drapiers : A l'occasion des \u00ab Journ\u00e9es du Monument Ouvert \u00bb le 13\/12. Septembre un rassemblement de d\u00e9tectives pour les familles\"},{\"@type\":\"BreadcrumbList\",\"@id\":\"https:\/\/vieassociative.be\/actualites\/sur-les-traces-des-drapiers-a-loccasion-des-journees-du-monument-ouvert-le-13-12-septembre-un-rassemblement-de-detectives-pour-les-familles\/#breadcrumb\",\"itemListElement\":[{\"@type\":\"ListItem\",\"position\":1,\"name\":\"Accueil\",\"item\":\"https:\/\/vieassociative.be\/actualites\/\"},{\"@type\":\"ListItem\",\"position\":2,\"name\":\"Sur les traces des drapiers : A l&rsquo;occasion des \u00ab Journ\u00e9es du Monument Ouvert \u00bb le 13\/12. Septembre un rassemblement de d\u00e9tectives pour les familles\"}]},{\"@type\":\"WebSite\",\"@id\":\"https:\/\/vieassociative.be\/actualites\/#website\",\"url\":\"https:\/\/vieassociative.be\/actualites\/\",\"name\":\"Vie Associative\",\"description\":\"\",\"publisher\":{\"@id\":\"https:\/\/vieassociative.be\/actualites\/#organization\"},\"potentialAction\":[{\"@type\":\"SearchAction\",\"target\":{\"@type\":\"EntryPoint\",\"urlTemplate\":\"https:\/\/vieassociative.be\/actualites\/?s={search_term_string}\"},\"query-input\":{\"@type\":\"PropertyValueSpecification\",\"valueRequired\":true,\"valueName\":\"search_term_string\"}}],\"inLanguage\":\"fr-BE\"},{\"@type\":\"Organization\",\"@id\":\"https:\/\/vieassociative.be\/actualites\/#organization\",\"name\":\"Vie Associative\",\"url\":\"https:\/\/vieassociative.be\/actualites\/\",\"logo\":{\"@type\":\"ImageObject\",\"inLanguage\":\"fr-BE\",\"@id\":\"https:\/\/vieassociative.be\/actualites\/#\/schema\/logo\/image\/\",\"url\":\"https:\/\/vieassociative.be\/actualites\/wp-content\/uploads\/2024\/09\/cropped-vieassociative_favicon.ico.png\",\"contentUrl\":\"https:\/\/vieassociative.be\/actualites\/wp-content\/uploads\/2024\/09\/cropped-vieassociative_favicon.ico.png\",\"width\":512,\"height\":512,\"caption\":\"Vie Associative\"},\"image\":{\"@id\":\"https:\/\/vieassociative.be\/actualites\/#\/schema\/logo\/image\/\"}},{\"@type\":\"Person\",\"@id\":\"https:\/\/vieassociative.be\/actualites\/#\/schema\/person\/b87ac4f82f9d4e7b7cec7395b679edc4\",\"name\":\"Julien\",\"image\":{\"@type\":\"ImageObject\",\"inLanguage\":\"fr-BE\",\"@id\":\"https:\/\/vieassociative.be\/actualites\/#\/schema\/person\/image\/\",\"url\":\"https:\/\/vieassociative.be\/actualites\/wp-content\/uploads\/2024\/09\/vie-associative-1-150x150.jpg\",\"contentUrl\":\"https:\/\/vieassociative.be\/actualites\/wp-content\/uploads\/2024\/09\/vie-associative-1-150x150.jpg\",\"caption\":\"Julien\"},\"description\":\"Je suis Julien, r\u00e9dacteur pour Vie Associative. Passionn\u00e9 par le monde associatif depuis plus de 10 ans, j'ai \u00e0 c\u0153ur de partager des histoires inspirantes et de mettre en lumi\u00e8re les initiatives locales. Mon objectif est de sensibiliser et d'encourager l'engagement communautaire \u00e0 travers mes articles.\",\"sameAs\":[\"https:\/\/vieassociative.be\/\"]}]}<\/script>\n<!-- \/ Yoast SEO plugin. -->","yoast_head_json":{"title":"Sur les traces des drapiers : A l'occasion des \u00ab Journ\u00e9es du Monument Ouvert \u00bb le 13\/12. Septembre un rassemblement de d\u00e9tectives pour les familles | Vie Associative","robots":{"index":"index","follow":"follow","max-snippet":"max-snippet:-1","max-image-preview":"max-image-preview:large","max-video-preview":"max-video-preview:-1"},"canonical":"https:\/\/vieassociative.be\/actualites\/sur-les-traces-des-drapiers-a-loccasion-des-journees-du-monument-ouvert-le-13-12-septembre-un-rassemblement-de-detectives-pour-les-familles\/","og_locale":"fr_FR","og_type":"article","og_title":"Sur les traces des drapiers : A l'occasion des \u00ab Journ\u00e9es du Monument Ouvert \u00bb le 13\/12. Septembre un rassemblement de d\u00e9tectives pour les familles | Vie Associative","og_description":"Les 12 et 13 septembre 2026, de 10h \u00e0 18h, des portes sp\u00e9ciales et des lieux historiques ouvriront \u00e0 Eupen dans le cadre des \u00ab","og_url":"https:\/\/vieassociative.be\/actualites\/sur-les-traces-des-drapiers-a-loccasion-des-journees-du-monument-ouvert-le-13-12-septembre-un-rassemblement-de-detectives-pour-les-familles\/","og_site_name":"Vie Associative","article_published_time":"2026-09-02T21:17:13+00:00","og_image":[{"width":279,"height":92,"url":"https:\/\/vieassociative.be\/actualites\/wp-content\/uploads\/2024\/09\/header_backgroundk-01-e1726694325946.png","type":"image\/png"}],"author":"Julien","twitter_card":"summary_large_image","twitter_misc":{"\u00c9crit par":"Julien","Dur\u00e9e de lecture est.":"1 minute"},"schema":{"@context":"https:\/\/schema.org","@graph":[{"@type":"Article","@id":"https:\/\/vieassociative.be\/actualites\/sur-les-traces-des-drapiers-a-loccasion-des-journees-du-monument-ouvert-le-13-12-septembre-un-rassemblement-de-detectives-pour-les-familles\/#article","isPartOf":{"@id":"https:\/\/vieassociative.be\/actualites\/sur-les-traces-des-drapiers-a-loccasion-des-journees-du-monument-ouvert-le-13-12-septembre-un-rassemblement-de-detectives-pour-les-familles\/"},"author":{"name":"Julien","@id":"https:\/\/vieassociative.be\/actualites\/#\/schema\/person\/b87ac4f82f9d4e7b7cec7395b679edc4"},"headline":"Sur les traces des drapiers : A l&rsquo;occasion des \u00ab Journ\u00e9es du Monument Ouvert \u00bb le 13\/12. Septembre un rassemblement de d\u00e9tectives pour les familles","datePublished":"2026-09-02T21:17:13+00:00","dateModified":"2026-09-02T21:17:13+00:00","mainEntityOfPage":{"@id":"https:\/\/vieassociative.be\/actualites\/sur-les-traces-des-drapiers-a-loccasion-des-journees-du-monument-ouvert-le-13-12-septembre-un-rassemblement-de-detectives-pour-les-familles\/"},"wordCount":305,"publisher":{"@id":"https:\/\/vieassociative.be\/actualites\/#organization"},"image":{"@id":"https:\/\/vieassociative.be\/actualites\/sur-les-traces-des-drapiers-a-loccasion-des-journees-du-monument-ouvert-le-13-12-septembre-un-rassemblement-de-detectives-pour-les-familles\/#primaryimage"},"thumbnailUrl":"https:\/\/vieassociative.be\/actualites\/wp-content\/uploads\/2026\/09\/Sur-les-traces-des-drapiers-A-loccasion-des.jpg","keywords":["Des","d\u00e9tectives","drapiers","familles","journ\u00e9es","Les","loccasion","Monument","ouvert","pour","rassemblement","septembre","sur","traces"],"articleSection":["Belgique"],"inLanguage":"fr-BE"},{"@type":"WebPage","@id":"https:\/\/vieassociative.be\/actualites\/sur-les-traces-des-drapiers-a-loccasion-des-journees-du-monument-ouvert-le-13-12-septembre-un-rassemblement-de-detectives-pour-les-familles\/","url":"https:\/\/vieassociative.be\/actualites\/sur-les-traces-des-drapiers-a-loccasion-des-journees-du-monument-ouvert-le-13-12-septembre-un-rassemblement-de-detectives-pour-les-familles\/","name":"Sur les traces des drapiers : A l'occasion des \u00ab Journ\u00e9es du Monument Ouvert \u00bb le 13\/12. Septembre un rassemblement de d\u00e9tectives pour les familles | Vie Associative","isPartOf":{"@id":"https:\/\/vieassociative.be\/actualites\/#website"},"primaryImageOfPage":{"@id":"https:\/\/vieassociative.be\/actualites\/sur-les-traces-des-drapiers-a-loccasion-des-journees-du-monument-ouvert-le-13-12-septembre-un-rassemblement-de-detectives-pour-les-familles\/#primaryimage"},"image":{"@id":"https:\/\/vieassociative.be\/actualites\/sur-les-traces-des-drapiers-a-loccasion-des-journees-du-monument-ouvert-le-13-12-septembre-un-rassemblement-de-detectives-pour-les-familles\/#primaryimage"},"thumbnailUrl":"https:\/\/vieassociative.be\/actualites\/wp-content\/uploads\/2026\/09\/Sur-les-traces-des-drapiers-A-loccasion-des.jpg","datePublished":"2026-09-02T21:17:13+00:00","dateModified":"2026-09-02T21:17:13+00:00","breadcrumb":{"@id":"https:\/\/vieassociative.be\/actualites\/sur-les-traces-des-drapiers-a-loccasion-des-journees-du-monument-ouvert-le-13-12-septembre-un-rassemblement-de-detectives-pour-les-familles\/#breadcrumb"},"inLanguage":"fr-BE","potentialAction":[{"@type":"ReadAction","target":["https:\/\/vieassociative.be\/actualites\/sur-les-traces-des-drapiers-a-loccasion-des-journees-du-monument-ouvert-le-13-12-septembre-un-rassemblement-de-detectives-pour-les-familles\/"]}]},{"@type":"ImageObject","inLanguage":"fr-BE","@id":"https:\/\/vieassociative.be\/actualites\/sur-les-traces-des-drapiers-a-loccasion-des-journees-du-monument-ouvert-le-13-12-septembre-un-rassemblement-de-detectives-pour-les-familles\/#primaryimage","url":"https:\/\/vieassociative.be\/actualites\/wp-content\/uploads\/2026\/09\/Sur-les-traces-des-drapiers-A-loccasion-des.jpg","contentUrl":"https:\/\/vieassociative.be\/actualites\/wp-content\/uploads\/2026\/09\/Sur-les-traces-des-drapiers-A-loccasion-des.jpg","width":1190,"height":1518,"caption":"Sur les traces des drapiers : A l'occasion des \u00ab Journ\u00e9es du Monument Ouvert \u00bb le 13\/12. Septembre un rassemblement de d\u00e9tectives pour les familles"},{"@type":"BreadcrumbList","@id":"https:\/\/vieassociative.be\/actualites\/sur-les-traces-des-drapiers-a-loccasion-des-journees-du-monument-ouvert-le-13-12-septembre-un-rassemblement-de-detectives-pour-les-familles\/#breadcrumb","itemListElement":[{"@type":"ListItem","position":1,"name":"Accueil","item":"https:\/\/vieassociative.be\/actualites\/"},{"@type":"ListItem","position":2,"name":"Sur les traces des drapiers : A l&rsquo;occasion des \u00ab Journ\u00e9es du Monument Ouvert \u00bb le 13\/12. Septembre un rassemblement de d\u00e9tectives pour les familles"}]},{"@type":"WebSite","@id":"https:\/\/vieassociative.be\/actualites\/#website","url":"https:\/\/vieassociative.be\/actualites\/","name":"Vie Associative","description":"","publisher":{"@id":"https:\/\/vieassociative.be\/actualites\/#organization"},"potentialAction":[{"@type":"SearchAction","target":{"@type":"EntryPoint","urlTemplate":"https:\/\/vieassociative.be\/actualites\/?s={search_term_string}"},"query-input":{"@type":"PropertyValueSpecification","valueRequired":true,"valueName":"search_term_string"}}],"inLanguage":"fr-BE"},{"@type":"Organization","@id":"https:\/\/vieassociative.be\/actualites\/#organization","name":"Vie Associative","url":"https:\/\/vieassociative.be\/actualites\/","logo":{"@type":"ImageObject","inLanguage":"fr-BE","@id":"https:\/\/vieassociative.be\/actualites\/#\/schema\/logo\/image\/","url":"https:\/\/vieassociative.be\/actualites\/wp-content\/uploads\/2024\/09\/cropped-vieassociative_favicon.ico.png","contentUrl":"https:\/\/vieassociative.be\/actualites\/wp-content\/uploads\/2024\/09\/cropped-vieassociative_favicon.ico.png","width":512,"height":512,"caption":"Vie Associative"},"image":{"@id":"https:\/\/vieassociative.be\/actualites\/#\/schema\/logo\/image\/"}},{"@type":"Person","@id":"https:\/\/vieassociative.be\/actualites\/#\/schema\/person\/b87ac4f82f9d4e7b7cec7395b679edc4","name":"Julien","image":{"@type":"ImageObject","inLanguage":"fr-BE","@id":"https:\/\/vieassociative.be\/actualites\/#\/schema\/person\/image\/","url":"https:\/\/vieassociative.be\/actualites\/wp-content\/uploads\/2024\/09\/vie-associative-1-150x150.jpg","contentUrl":"https:\/\/vieassociative.be\/actualites\/wp-content\/uploads\/2024\/09\/vie-associative-1-150x150.jpg","caption":"Julien"},"description":"Je suis Julien, r\u00e9dacteur pour Vie Associative. Passionn\u00e9 par le monde associatif depuis plus de 10 ans, j'ai \u00e0 c\u0153ur de partager des histoires inspirantes et de mettre en lumi\u00e8re les initiatives locales. Mon objectif est de sensibiliser et d'encourager l'engagement communautaire \u00e0 travers mes articles.","sameAs":["https:\/\/vieassociative.be\/"]}]}},"_links":{"self":[{"href":"https:\/\/vieassociative.be\/actualites\/wp-json\/wp\/v2\/posts\/15192"}],"collection":[{"href":"https:\/\/vieassociative.be\/actualites\/wp-json\/wp\/v2\/posts"}],"about":[{"href":"https:\/\/vieassociative.be\/actualites\/wp-json\/wp\/v2\/types\/post"}],"author":[{"embeddable":true,"href":"https:\/\/vieassociative.be\/actualites\/wp-json\/wp\/v2\/users\/1"}],"replies":[{"embeddable":true,"href":"https:\/\/vieassociative.be\/actualites\/wp-json\/wp\/v2\/comments?post=15192"}],"version-history":[{"count":0,"href":"https:\/\/vieassociative.be\/actualites\/wp-json\/wp\/v2\/posts\/15192\/revisions"}],"wp:featuredmedia":[{"embeddable":true,"href":"https:\/\/vieassociative.be\/actualites\/wp-json\/wp\/v2\/media\/15193"}],"wp:attachment":[{"href":"https:\/\/vieassociative.be\/actualites\/wp-json\/wp\/v2\/media?parent=15192"}],"wp:term":[{"taxonomy":"category","embeddable":true,"href":"https:\/\/vieassociative.be\/actualites\/wp-json\/wp\/v2\/categories?post=15192"},{"taxonomy":"post_tag","embeddable":true,"href":"https:\/\/vieassociative.be\/actualites\/wp-json\/wp\/v2\/tags?post=15192"}],"curies":[{"name":"wp","href":"https:\/\/api.w.org\/{rel}","templated":true}]}}