{"id":15190,"date":"2026-09-02T22:16:59","date_gmt":"2026-09-02T20:16:59","guid":{"rendered":"https:\/\/vieassociative.be\/actualites\/jai-abandonne-mes-ecouteurs-a-conduction-osseuse-pour-ces-ecouteurs-de-course-a-reduction-de-bruit\/"},"modified":"2026-09-02T22:16:59","modified_gmt":"2026-09-02T20:16:59","slug":"jai-abandonne-mes-ecouteurs-a-conduction-osseuse-pour-ces-ecouteurs-de-course-a-reduction-de-bruit","status":"publish","type":"post","link":"https:\/\/vieassociative.be\/actualites\/jai-abandonne-mes-ecouteurs-a-conduction-osseuse-pour-ces-ecouteurs-de-course-a-reduction-de-bruit\/","title":{"rendered":"J&rsquo;ai abandonn\u00e9 mes \u00e9couteurs \u00e0 conduction osseuse pour ces \u00e9couteurs de course \u00e0 r\u00e9duction de bruit"},"content":{"rendered":"<p>Nous pouvons gagner une commission sur les liens sur cette page.<\/p>\n<p>Les \u00e9couteurs de course \u00e0 pied sont une cat\u00e9gorie d\u2019\u00e9quipement extr\u00eamement personnelle. Chaque coureur a ses propres \u00e9l\u00e9ments non n\u00e9gociables. Pour moi, la priorit\u00e9 absolue a toujours \u00e9t\u00e9 un ajustement s\u00e9curis\u00e9, c&rsquo;est exactement pourquoi je me suis tourn\u00e9 vers des mod\u00e8les enveloppants comme les mod\u00e8les Shokz OpenRun. J&rsquo;appr\u00e9cie \u00e9galement les avantages en mati\u00e8re de s\u00e9curit\u00e9 de l&rsquo;\u00e9coute \u00e0 oreille ouverte et \u00e0 conduction osseuse\u00a0: \u00eatre capable d&rsquo;entendre la circulation, les cyclistes et les autres coureurs est plus important que d&rsquo;entendre ma musique, personnellement. Malheureusement, cela signifie que j&rsquo;ai v\u00e9cu avec un s\u00e9rieux compromis en mati\u00e8re de qualit\u00e9 sonore. Il y a certaines portions de mes courses en ville que mes \u00e9couteurs ouverts ne peuvent tout simplement pas parcourir. Pourtant, chaque fois que j\u2019ai essay\u00e9 une option de r\u00e9duction du bruit, j\u2019ai toujours trouv\u00e9 un autre compromis en termes de confort, d\u2019ajustement ou de s\u00e9curit\u00e9. Cela dit donc quelque chose qui, pour la premi\u00e8re fois, j&rsquo;aime vraiment une paire d&rsquo;\u00e9couteurs sport \u00e0 r\u00e9duction de bruit : les JLab JBuds Sport ANC 4.<\/p>\n<div class=\"pogoClear mb-12 mt-10 rounded-md border-2 border-gray-100 py-7 shadow-xl md:py-6\">\n<div class=\"flex flex-wrap justify-between px-7 text-black no-underline md:flex-nowrap md:px-8\">\n<div class=\"order-1 mx-auto flex flex-col justify-center md:order-2 md:ml-4 md:w-full md:grow\">\n<div class=\"block cursor-pointer text-center font-akshar text-2xl font-medium leading-7 text-brand-green duration-200 ease-in-out hover:text-brand-green-700 md:text-left md:text-xl md:leading-6\">\u00c9couteurs sans fil Jbuds Sport ANC 4\n                <\/div>\n<div class=\"mt-4 hidden md:flex md:justify-between\">\n<div class=\"self-end\">\n<div class=\"mb-0 h-11 md:flex md:flex-col md:justify-center\">\n<div class=\" font-sans leading-4 text-black\">\n<div class=\"flex flex-wrap items-center justify-center gap-1 md:justify-start\">\n        <span class=\"font-bold\"><\/p>\n<p>            49,00\u00a0$<br \/>\n                            <span class=\"font-medium\">chez Amazon<\/span><br \/>\n                    <\/span>\n            <\/div>\n<div class=\"flex items-center justify-center gap-x-1 font-bold md:justify-start\">\n            <span class=\"text-sm line-through\">69,99\u00a0$<\/span><br \/>\n            <span class=\"text-sm text-brand-green\">\u00c9conomisez 20,99\u00a0$<\/span>\n        <\/div>\n<\/p><\/div>\n<\/p><\/div>\n<\/p><\/div>\n<div class=\"w-44 self-end\">\n                            <button class=\"flex justify-center items-center w-full bg-brand-green text-white text-base font-sans font-medium rounded-md hover:bg-brand-green-700 hover:cursor-pointer md:text-sm h-11\"><\/p>\n<p>    Obtenez une offre<br \/>\n<\/button>\n                        <\/div>\n<\/p><\/div>\n<\/p><\/div>\n<div class=\"order-2 mt-5 h-auto w-full md:order-1 md:mt-0 md:hidden\">\n<div class=\"flex aspect-video items-center justify-center\">\n                                            <img decoding=\"async\" class=\"m-0 max-h-full max-w-full rounded-md\" src=\"https:\/\/vieassociative.be\/actualites\/wp-content\/uploads\/2026\/09\/Jai-abandonne-mes-ecouteurs-a-conduction-osseuse-pour-ces-ecouteurs.jpg\" alt=\"JLab, JBuds Sport ANC 4, v\u00e9ritables \u00e9couteurs sans fil, suppression active du bruit, Bluetooth, connexion multipoint, bleu cobalt\" width=\"auto\" height=\"auto\" loading=\"lazy\">\n                                    <\/div>\n<\/p><\/div>\n<div class=\"order-2 ml-2 hidden w-32 shrink-0 items-center md:order-1 md:ml-0 md:flex\">\n<div class=\"flex aspect-video items-center justify-center\">\n                                            <img decoding=\"async\" class=\"m-0 max-h-full max-w-full rounded-md\" src=\"https:\/\/vieassociative.be\/actualites\/wp-content\/uploads\/2026\/09\/Jai-abandonne-mes-ecouteurs-a-conduction-osseuse-pour-ces-ecouteurs.jpg\" alt=\"JLab, JBuds Sport ANC 4, v\u00e9ritables \u00e9couteurs sans fil, suppression active du bruit, Bluetooth, connexion multipoint, bleu cobalt\" width=\"auto\" height=\"auto\" loading=\"lazy\">\n                                    <\/div>\n<\/p><\/div>\n<div class=\"order-3 flex grow flex-wrap md:hidden md:grow-0\">\n<div class=\"mt-4 w-full\">\n                        <button class=\"flex justify-center items-center w-full bg-brand-green text-white text-base font-sans font-medium rounded-md hover:bg-brand-green-700 hover:cursor-pointer md:text-sm h-11\"><\/p>\n<p>    Obtenez une offre<br \/>\n<\/button>\n                    <\/div>\n<div class=\"mx-2 mt-4 w-full\">\n<div class=\" font-sans leading-4 text-black\">\n<div class=\"flex flex-wrap items-center justify-center gap-1 md:justify-start\">\n        <span class=\"font-bold\"><\/p>\n<p>            49,00\u00a0$<br \/>\n                            <span class=\"font-medium\">chez Amazon<\/span><br \/>\n                    <\/span>\n            <\/div>\n<div class=\"flex items-center justify-center gap-x-1 font-bold md:justify-start\">\n            <span class=\"text-sm line-through\">69,99\u00a0$<\/span><br \/>\n            <span class=\"text-sm text-brand-green\">\u00c9conomisez 20,99\u00a0$<\/span>\n        <\/div>\n<\/p><\/div>\n<\/p><\/div>\n<\/p><\/div>\n<\/p><\/div>\n<\/div>\n<h2 id=\"why-i-love-these-noise-cancelling-sport-earbuds\">Pourquoi j&rsquo;aime ces \u00e9couteurs de sport antibruit <\/h2>\n<p>Tout d\u2019abord : en ce qui concerne les \u00e9couteurs de course, il s\u2019agit d\u2019un choix budg\u00e9taire \u00e0 69,99 $. Quelques autres points forts : <\/p>\n<ul>\n<li>\n<p><strong>Plus de 60 heures de temps de jeu total<\/strong> et <strong>R\u00e9sistance \u00e0 la transpiration IP66<\/strong><\/p>\n<\/li>\n<li>\n<p><strong>Crochets flexibles autour de l&rsquo;oreille<\/strong> pour un ajustement s\u00fbr<\/p>\n<\/li>\n<li>\n<p>UN <strong>\u00e9tui de chargement bien con\u00e7u<\/strong> avec un c\u00e2ble USB-C int\u00e9gr\u00e9 <em>et<\/em> support de chargement sans fil (le seul probl\u00e8me\u00a0: le c\u00e2ble int\u00e9gr\u00e9 est court, le bo\u00eetier doit donc rester \u00e0 proximit\u00e9 d&rsquo;une prise)<\/p>\n<\/li>\n<\/ul>\n<p>Je les ai test\u00e9s sur le pont de Williamsburg, l&rsquo;un des tron\u00e7ons les plus bruyants et les plus venteux de ma rotation r\u00e9guli\u00e8re, et un endroit o\u00f9 ma paire \u00e0 oreille ouverte pr\u00e9f\u00e9r\u00e9e, la Shokz OpenRun Pro 2, se noie tout simplement. Les JBuds Sport ANC 4 l\u2019ont admirablement g\u00e9r\u00e9. Je pouvais r\u00e9ellement entendre ma musique ainsi que la circulation pi\u00e9tonni\u00e8re autour de moi, le tout sans perdre le maintien s\u00fbr dont j&rsquo;ai besoin pour faire confiance aux \u00e9couteurs lors d&rsquo;une course.<\/p>\n<p>J&rsquo;ai parcouru plus de 30 milles pour les tester maintenant, et ils n&rsquo;ont pas boug\u00e9 une seule fois. L&rsquo;ajustement est toujours subjectif (ce qui se verrouille dans mes oreilles peut ne pas fonctionner pour les v\u00f4tres), mais il s&rsquo;agit du premier \u00e9couteur sport ANC qui correspond \u00e0 ce que j&rsquo;obtiens d&rsquo;un design enveloppant.<\/p>\n<p>Si les commandes tactiles sont une consid\u00e9ration importante pour vous, JLab a fait quelque chose d&rsquo;int\u00e9ressant ici : il y a deux surfaces tactiles distinctes, une sur la coque ext\u00e9rieure et une sur le crochet lui-m\u00eame, qui prend en charge les gestes de balayage. D\u00e8s la sortie de la bo\u00eete, les commandes sont les m\u00eames pour les deux oreilles\u00a0:<\/p>\n<ul>\n<li>\n<p><strong>Un seul clic\u00a0:<\/strong> lecture\/pause<\/p>\n<\/li>\n<li>\n<p><strong>Appuyez deux fois\u00a0:<\/strong> piste suivante<\/p>\n<\/li>\n<li>\n<p><strong>Appuyez trois fois\u00a0:<\/strong> piste pr\u00e9c\u00e9dente<\/p>\n<\/li>\n<li>\n<p><strong>Appui long\u00a0:<\/strong> faites d\u00e9filer la suppression du bruit, Be Aware (transparence) et Off<\/p>\n<\/li>\n<li>\n<p><strong>Glisser\u00a0:<\/strong> contr\u00f4le du volume<\/p>\n<\/li>\n<\/ul>\n<p>Tout est personnalisable dans l&rsquo;application, y compris la configuration de commandes ind\u00e9pendantes par \u00e9couteur. Vous pouvez r\u00e9affecter des gestes pour changer de pr\u00e9r\u00e9glage d&rsquo;\u00e9galisation, d\u00e9clencher votre assistant vocal ou contr\u00f4ler la minuterie d&rsquo;entra\u00eenement.<\/p>\n<p>Le mode \u00ab\u00a0Be Aware\u00a0\u00bb (param\u00e8tre de transparence de JLab) convient aux conversations rapides en personne, mais ce n&rsquo;est pas g\u00e9nial. Il amplifie la plupart des sons ambiants mais a du mal avec les fr\u00e9quences plus \u00e9lev\u00e9es et introduit un sifflement perceptible, ce qui rend les voix et le trafic un peu synth\u00e9tiques. <\/p>\n<p>Et pour \u00eatre clair\u00a0: il s&rsquo;agit d&rsquo;une mise \u00e0 niveau pour <strong>\u00e9couteurs en cours d&rsquo;ex\u00e9cution<\/strong>pas une mise \u00e0 niveau d&rsquo;\u00e9coute hi-fi. Si une qualit\u00e9 sonore premium est votre priorit\u00e9 absolue, cherchez ailleurs.<\/p>\n<h2 id=\"the-bottom-line\">L&rsquo;essentiel<\/h2>\n<p>Je ne les recommanderais pas \u00e0 tout le monde. Si vous recherchez un son impeccable, ce n\u2019est pas votre paire. Mais si vous venez d&rsquo;une configuration \u00e0 oreille ouverte ou \u00e0 conduction osseuse comme Shokz et que vous vous heurtez au m\u00eame mur que moi \u2013 o\u00f9 le bruit de la ville submerge tout simplement la conception ouverte \u2013 alors JBuds Sport ANC 4 atteint un point id\u00e9al sp\u00e9cifique et utile. Pour moi, ceux-ci ont suffisamment de suppression du bruit pour rendre les itin\u00e9raires bruyants supportables, un ajustement suffisamment s\u00fbr pour faire confiance lors d&rsquo;un entra\u00eenement intensif et un prix \u00e9conomique.<\/p>\n","protected":false},"excerpt":{"rendered":"<p>Nous pouvons gagner une commission sur les liens sur cette page. Les \u00e9couteurs de course \u00e0 pied sont une cat\u00e9gorie d\u2019\u00e9quipement extr\u00eamement personnelle. Chaque coureur<\/p>\n","protected":false},"author":1,"featured_media":15191,"comment_status":"","ping_status":"","sticky":false,"template":"","format":"standard","meta":{"footnotes":""},"categories":[10234],"tags":[4653,629,248,4407,1537,823,87,4408,81,308],"class_list":["post-15190","post","type-post","status-publish","format-standard","has-post-thumbnail","hentry","category-fitness","tag-abandonne","tag-bruit","tag-ces","tag-conduction","tag-ecouteurs","tag-jai","tag-mes","tag-osseuse","tag-pour","tag-reduction","generate-columns","tablet-grid-50","mobile-grid-100","grid-parent","grid-33"],"yoast_head":"<!-- This site is optimized with the Yoast SEO plugin v24.0 - https:\/\/yoast.com\/wordpress\/plugins\/seo\/ -->\n<title>J&#039;ai abandonn\u00e9 mes \u00e9couteurs \u00e0 conduction osseuse pour ces \u00e9couteurs de course \u00e0 r\u00e9duction de bruit | Vie Associative<\/title>\n<meta name=\"robots\" content=\"index, follow, max-snippet:-1, max-image-preview:large, max-video-preview:-1\" \/>\n<link rel=\"canonical\" href=\"https:\/\/vieassociative.be\/actualites\/jai-abandonne-mes-ecouteurs-a-conduction-osseuse-pour-ces-ecouteurs-de-course-a-reduction-de-bruit\/\" \/>\n<meta property=\"og:locale\" content=\"fr_FR\" \/>\n<meta property=\"og:type\" content=\"article\" \/>\n<meta property=\"og:title\" content=\"J&#039;ai abandonn\u00e9 mes \u00e9couteurs \u00e0 conduction osseuse pour ces \u00e9couteurs de course \u00e0 r\u00e9duction de bruit | Vie Associative\" \/>\n<meta property=\"og:description\" content=\"Nous pouvons gagner une commission sur les liens sur cette page. Les \u00e9couteurs de course \u00e0 pied sont une cat\u00e9gorie d\u2019\u00e9quipement extr\u00eamement personnelle. Chaque coureur\" \/>\n<meta property=\"og:url\" content=\"https:\/\/vieassociative.be\/actualites\/jai-abandonne-mes-ecouteurs-a-conduction-osseuse-pour-ces-ecouteurs-de-course-a-reduction-de-bruit\/\" \/>\n<meta property=\"og:site_name\" content=\"Vie Associative\" \/>\n<meta property=\"article:published_time\" content=\"2026-09-02T20:16:59+00:00\" \/>\n<meta property=\"og:image\" content=\"https:\/\/vieassociative.be\/actualites\/wp-content\/uploads\/2026\/09\/Jai-abandonne-mes-ecouteurs-a-conduction-osseuse-pour-ces-ecouteurs.jpg\" \/>\n<meta name=\"author\" content=\"Julien\" \/>\n<meta name=\"twitter:card\" content=\"summary_large_image\" \/>\n<meta name=\"twitter:label1\" content=\"\u00c9crit par\" \/>\n\t<meta name=\"twitter:data1\" content=\"Julien\" \/>\n\t<meta name=\"twitter:label2\" content=\"Dur\u00e9e de lecture est.\" \/>\n\t<meta name=\"twitter:data2\" content=\"4 minutes\" \/>\n<script type=\"application\/ld+json\" class=\"yoast-schema-graph\">{\"@context\":\"https:\/\/schema.org\",\"@graph\":[{\"@type\":\"Article\",\"@id\":\"https:\/\/vieassociative.be\/actualites\/jai-abandonne-mes-ecouteurs-a-conduction-osseuse-pour-ces-ecouteurs-de-course-a-reduction-de-bruit\/#article\",\"isPartOf\":{\"@id\":\"https:\/\/vieassociative.be\/actualites\/jai-abandonne-mes-ecouteurs-a-conduction-osseuse-pour-ces-ecouteurs-de-course-a-reduction-de-bruit\/\"},\"author\":{\"name\":\"Julien\",\"@id\":\"https:\/\/vieassociative.be\/actualites\/#\/schema\/person\/b87ac4f82f9d4e7b7cec7395b679edc4\"},\"headline\":\"J&rsquo;ai abandonn\u00e9 mes \u00e9couteurs \u00e0 conduction osseuse pour ces \u00e9couteurs de course \u00e0 r\u00e9duction de bruit\",\"datePublished\":\"2026-09-02T20:16:59+00:00\",\"dateModified\":\"2026-09-02T20:16:59+00:00\",\"mainEntityOfPage\":{\"@id\":\"https:\/\/vieassociative.be\/actualites\/jai-abandonne-mes-ecouteurs-a-conduction-osseuse-pour-ces-ecouteurs-de-course-a-reduction-de-bruit\/\"},\"wordCount\":833,\"publisher\":{\"@id\":\"https:\/\/vieassociative.be\/actualites\/#organization\"},\"image\":{\"@id\":\"https:\/\/vieassociative.be\/actualites\/jai-abandonne-mes-ecouteurs-a-conduction-osseuse-pour-ces-ecouteurs-de-course-a-reduction-de-bruit\/#primaryimage\"},\"thumbnailUrl\":\"https:\/\/vieassociative.be\/actualites\/wp-content\/uploads\/2026\/09\/1788380220_Jai-abandonne-mes-ecouteurs-a-conduction-osseuse-pour-ces-ecouteurs.jpg\",\"keywords\":[\"abandonne\",\"bruit\",\"ces\",\"conduction\",\"\u00e9couteurs\",\"Jai\",\"Mes\",\"osseuse\",\"pour\",\"r\u00e9duction\"],\"articleSection\":[\"Fitness\"],\"inLanguage\":\"fr-BE\"},{\"@type\":\"WebPage\",\"@id\":\"https:\/\/vieassociative.be\/actualites\/jai-abandonne-mes-ecouteurs-a-conduction-osseuse-pour-ces-ecouteurs-de-course-a-reduction-de-bruit\/\",\"url\":\"https:\/\/vieassociative.be\/actualites\/jai-abandonne-mes-ecouteurs-a-conduction-osseuse-pour-ces-ecouteurs-de-course-a-reduction-de-bruit\/\",\"name\":\"J'ai abandonn\u00e9 mes \u00e9couteurs \u00e0 conduction osseuse pour ces \u00e9couteurs de course \u00e0 r\u00e9duction de bruit | Vie Associative\",\"isPartOf\":{\"@id\":\"https:\/\/vieassociative.be\/actualites\/#website\"},\"primaryImageOfPage\":{\"@id\":\"https:\/\/vieassociative.be\/actualites\/jai-abandonne-mes-ecouteurs-a-conduction-osseuse-pour-ces-ecouteurs-de-course-a-reduction-de-bruit\/#primaryimage\"},\"image\":{\"@id\":\"https:\/\/vieassociative.be\/actualites\/jai-abandonne-mes-ecouteurs-a-conduction-osseuse-pour-ces-ecouteurs-de-course-a-reduction-de-bruit\/#primaryimage\"},\"thumbnailUrl\":\"https:\/\/vieassociative.be\/actualites\/wp-content\/uploads\/2026\/09\/1788380220_Jai-abandonne-mes-ecouteurs-a-conduction-osseuse-pour-ces-ecouteurs.jpg\",\"datePublished\":\"2026-09-02T20:16:59+00:00\",\"dateModified\":\"2026-09-02T20:16:59+00:00\",\"breadcrumb\":{\"@id\":\"https:\/\/vieassociative.be\/actualites\/jai-abandonne-mes-ecouteurs-a-conduction-osseuse-pour-ces-ecouteurs-de-course-a-reduction-de-bruit\/#breadcrumb\"},\"inLanguage\":\"fr-BE\",\"potentialAction\":[{\"@type\":\"ReadAction\",\"target\":[\"https:\/\/vieassociative.be\/actualites\/jai-abandonne-mes-ecouteurs-a-conduction-osseuse-pour-ces-ecouteurs-de-course-a-reduction-de-bruit\/\"]}]},{\"@type\":\"ImageObject\",\"inLanguage\":\"fr-BE\",\"@id\":\"https:\/\/vieassociative.be\/actualites\/jai-abandonne-mes-ecouteurs-a-conduction-osseuse-pour-ces-ecouteurs-de-course-a-reduction-de-bruit\/#primaryimage\",\"url\":\"https:\/\/vieassociative.be\/actualites\/wp-content\/uploads\/2026\/09\/1788380220_Jai-abandonne-mes-ecouteurs-a-conduction-osseuse-pour-ces-ecouteurs.jpg\",\"contentUrl\":\"https:\/\/vieassociative.be\/actualites\/wp-content\/uploads\/2026\/09\/1788380220_Jai-abandonne-mes-ecouteurs-a-conduction-osseuse-pour-ces-ecouteurs.jpg\",\"width\":1200,\"height\":675,\"caption\":\"J'ai abandonn\u00e9 mes \u00e9couteurs \u00e0 conduction osseuse pour ces \u00e9couteurs de course \u00e0 r\u00e9duction de bruit\"},{\"@type\":\"BreadcrumbList\",\"@id\":\"https:\/\/vieassociative.be\/actualites\/jai-abandonne-mes-ecouteurs-a-conduction-osseuse-pour-ces-ecouteurs-de-course-a-reduction-de-bruit\/#breadcrumb\",\"itemListElement\":[{\"@type\":\"ListItem\",\"position\":1,\"name\":\"Accueil\",\"item\":\"https:\/\/vieassociative.be\/actualites\/\"},{\"@type\":\"ListItem\",\"position\":2,\"name\":\"J&rsquo;ai abandonn\u00e9 mes \u00e9couteurs \u00e0 conduction osseuse pour ces \u00e9couteurs de course \u00e0 r\u00e9duction de bruit\"}]},{\"@type\":\"WebSite\",\"@id\":\"https:\/\/vieassociative.be\/actualites\/#website\",\"url\":\"https:\/\/vieassociative.be\/actualites\/\",\"name\":\"Vie Associative\",\"description\":\"\",\"publisher\":{\"@id\":\"https:\/\/vieassociative.be\/actualites\/#organization\"},\"potentialAction\":[{\"@type\":\"SearchAction\",\"target\":{\"@type\":\"EntryPoint\",\"urlTemplate\":\"https:\/\/vieassociative.be\/actualites\/?s={search_term_string}\"},\"query-input\":{\"@type\":\"PropertyValueSpecification\",\"valueRequired\":true,\"valueName\":\"search_term_string\"}}],\"inLanguage\":\"fr-BE\"},{\"@type\":\"Organization\",\"@id\":\"https:\/\/vieassociative.be\/actualites\/#organization\",\"name\":\"Vie Associative\",\"url\":\"https:\/\/vieassociative.be\/actualites\/\",\"logo\":{\"@type\":\"ImageObject\",\"inLanguage\":\"fr-BE\",\"@id\":\"https:\/\/vieassociative.be\/actualites\/#\/schema\/logo\/image\/\",\"url\":\"https:\/\/vieassociative.be\/actualites\/wp-content\/uploads\/2024\/09\/cropped-vieassociative_favicon.ico.png\",\"contentUrl\":\"https:\/\/vieassociative.be\/actualites\/wp-content\/uploads\/2024\/09\/cropped-vieassociative_favicon.ico.png\",\"width\":512,\"height\":512,\"caption\":\"Vie Associative\"},\"image\":{\"@id\":\"https:\/\/vieassociative.be\/actualites\/#\/schema\/logo\/image\/\"}},{\"@type\":\"Person\",\"@id\":\"https:\/\/vieassociative.be\/actualites\/#\/schema\/person\/b87ac4f82f9d4e7b7cec7395b679edc4\",\"name\":\"Julien\",\"image\":{\"@type\":\"ImageObject\",\"inLanguage\":\"fr-BE\",\"@id\":\"https:\/\/vieassociative.be\/actualites\/#\/schema\/person\/image\/\",\"url\":\"https:\/\/vieassociative.be\/actualites\/wp-content\/uploads\/2024\/09\/vie-associative-1-150x150.jpg\",\"contentUrl\":\"https:\/\/vieassociative.be\/actualites\/wp-content\/uploads\/2024\/09\/vie-associative-1-150x150.jpg\",\"caption\":\"Julien\"},\"description\":\"Je suis Julien, r\u00e9dacteur pour Vie Associative. Passionn\u00e9 par le monde associatif depuis plus de 10 ans, j'ai \u00e0 c\u0153ur de partager des histoires inspirantes et de mettre en lumi\u00e8re les initiatives locales. Mon objectif est de sensibiliser et d'encourager l'engagement communautaire \u00e0 travers mes articles.\",\"sameAs\":[\"https:\/\/vieassociative.be\/\"]}]}<\/script>\n<!-- \/ Yoast SEO plugin. -->","yoast_head_json":{"title":"J'ai abandonn\u00e9 mes \u00e9couteurs \u00e0 conduction osseuse pour ces \u00e9couteurs de course \u00e0 r\u00e9duction de bruit | Vie Associative","robots":{"index":"index","follow":"follow","max-snippet":"max-snippet:-1","max-image-preview":"max-image-preview:large","max-video-preview":"max-video-preview:-1"},"canonical":"https:\/\/vieassociative.be\/actualites\/jai-abandonne-mes-ecouteurs-a-conduction-osseuse-pour-ces-ecouteurs-de-course-a-reduction-de-bruit\/","og_locale":"fr_FR","og_type":"article","og_title":"J'ai abandonn\u00e9 mes \u00e9couteurs \u00e0 conduction osseuse pour ces \u00e9couteurs de course \u00e0 r\u00e9duction de bruit | Vie Associative","og_description":"Nous pouvons gagner une commission sur les liens sur cette page. Les \u00e9couteurs de course \u00e0 pied sont une cat\u00e9gorie d\u2019\u00e9quipement extr\u00eamement personnelle. Chaque coureur","og_url":"https:\/\/vieassociative.be\/actualites\/jai-abandonne-mes-ecouteurs-a-conduction-osseuse-pour-ces-ecouteurs-de-course-a-reduction-de-bruit\/","og_site_name":"Vie Associative","article_published_time":"2026-09-02T20:16:59+00:00","og_image":[{"url":"https:\/\/vieassociative.be\/actualites\/wp-content\/uploads\/2026\/09\/Jai-abandonne-mes-ecouteurs-a-conduction-osseuse-pour-ces-ecouteurs.jpg","type":"","width":"","height":""}],"author":"Julien","twitter_card":"summary_large_image","twitter_misc":{"\u00c9crit par":"Julien","Dur\u00e9e de lecture est.":"4 minutes"},"schema":{"@context":"https:\/\/schema.org","@graph":[{"@type":"Article","@id":"https:\/\/vieassociative.be\/actualites\/jai-abandonne-mes-ecouteurs-a-conduction-osseuse-pour-ces-ecouteurs-de-course-a-reduction-de-bruit\/#article","isPartOf":{"@id":"https:\/\/vieassociative.be\/actualites\/jai-abandonne-mes-ecouteurs-a-conduction-osseuse-pour-ces-ecouteurs-de-course-a-reduction-de-bruit\/"},"author":{"name":"Julien","@id":"https:\/\/vieassociative.be\/actualites\/#\/schema\/person\/b87ac4f82f9d4e7b7cec7395b679edc4"},"headline":"J&rsquo;ai abandonn\u00e9 mes \u00e9couteurs \u00e0 conduction osseuse pour ces \u00e9couteurs de course \u00e0 r\u00e9duction de bruit","datePublished":"2026-09-02T20:16:59+00:00","dateModified":"2026-09-02T20:16:59+00:00","mainEntityOfPage":{"@id":"https:\/\/vieassociative.be\/actualites\/jai-abandonne-mes-ecouteurs-a-conduction-osseuse-pour-ces-ecouteurs-de-course-a-reduction-de-bruit\/"},"wordCount":833,"publisher":{"@id":"https:\/\/vieassociative.be\/actualites\/#organization"},"image":{"@id":"https:\/\/vieassociative.be\/actualites\/jai-abandonne-mes-ecouteurs-a-conduction-osseuse-pour-ces-ecouteurs-de-course-a-reduction-de-bruit\/#primaryimage"},"thumbnailUrl":"https:\/\/vieassociative.be\/actualites\/wp-content\/uploads\/2026\/09\/1788380220_Jai-abandonne-mes-ecouteurs-a-conduction-osseuse-pour-ces-ecouteurs.jpg","keywords":["abandonne","bruit","ces","conduction","\u00e9couteurs","Jai","Mes","osseuse","pour","r\u00e9duction"],"articleSection":["Fitness"],"inLanguage":"fr-BE"},{"@type":"WebPage","@id":"https:\/\/vieassociative.be\/actualites\/jai-abandonne-mes-ecouteurs-a-conduction-osseuse-pour-ces-ecouteurs-de-course-a-reduction-de-bruit\/","url":"https:\/\/vieassociative.be\/actualites\/jai-abandonne-mes-ecouteurs-a-conduction-osseuse-pour-ces-ecouteurs-de-course-a-reduction-de-bruit\/","name":"J'ai abandonn\u00e9 mes \u00e9couteurs \u00e0 conduction osseuse pour ces \u00e9couteurs de course \u00e0 r\u00e9duction de bruit | Vie Associative","isPartOf":{"@id":"https:\/\/vieassociative.be\/actualites\/#website"},"primaryImageOfPage":{"@id":"https:\/\/vieassociative.be\/actualites\/jai-abandonne-mes-ecouteurs-a-conduction-osseuse-pour-ces-ecouteurs-de-course-a-reduction-de-bruit\/#primaryimage"},"image":{"@id":"https:\/\/vieassociative.be\/actualites\/jai-abandonne-mes-ecouteurs-a-conduction-osseuse-pour-ces-ecouteurs-de-course-a-reduction-de-bruit\/#primaryimage"},"thumbnailUrl":"https:\/\/vieassociative.be\/actualites\/wp-content\/uploads\/2026\/09\/1788380220_Jai-abandonne-mes-ecouteurs-a-conduction-osseuse-pour-ces-ecouteurs.jpg","datePublished":"2026-09-02T20:16:59+00:00","dateModified":"2026-09-02T20:16:59+00:00","breadcrumb":{"@id":"https:\/\/vieassociative.be\/actualites\/jai-abandonne-mes-ecouteurs-a-conduction-osseuse-pour-ces-ecouteurs-de-course-a-reduction-de-bruit\/#breadcrumb"},"inLanguage":"fr-BE","potentialAction":[{"@type":"ReadAction","target":["https:\/\/vieassociative.be\/actualites\/jai-abandonne-mes-ecouteurs-a-conduction-osseuse-pour-ces-ecouteurs-de-course-a-reduction-de-bruit\/"]}]},{"@type":"ImageObject","inLanguage":"fr-BE","@id":"https:\/\/vieassociative.be\/actualites\/jai-abandonne-mes-ecouteurs-a-conduction-osseuse-pour-ces-ecouteurs-de-course-a-reduction-de-bruit\/#primaryimage","url":"https:\/\/vieassociative.be\/actualites\/wp-content\/uploads\/2026\/09\/1788380220_Jai-abandonne-mes-ecouteurs-a-conduction-osseuse-pour-ces-ecouteurs.jpg","contentUrl":"https:\/\/vieassociative.be\/actualites\/wp-content\/uploads\/2026\/09\/1788380220_Jai-abandonne-mes-ecouteurs-a-conduction-osseuse-pour-ces-ecouteurs.jpg","width":1200,"height":675,"caption":"J'ai abandonn\u00e9 mes \u00e9couteurs \u00e0 conduction osseuse pour ces \u00e9couteurs de course \u00e0 r\u00e9duction de bruit"},{"@type":"BreadcrumbList","@id":"https:\/\/vieassociative.be\/actualites\/jai-abandonne-mes-ecouteurs-a-conduction-osseuse-pour-ces-ecouteurs-de-course-a-reduction-de-bruit\/#breadcrumb","itemListElement":[{"@type":"ListItem","position":1,"name":"Accueil","item":"https:\/\/vieassociative.be\/actualites\/"},{"@type":"ListItem","position":2,"name":"J&rsquo;ai abandonn\u00e9 mes \u00e9couteurs \u00e0 conduction osseuse pour ces \u00e9couteurs de course \u00e0 r\u00e9duction de bruit"}]},{"@type":"WebSite","@id":"https:\/\/vieassociative.be\/actualites\/#website","url":"https:\/\/vieassociative.be\/actualites\/","name":"Vie Associative","description":"","publisher":{"@id":"https:\/\/vieassociative.be\/actualites\/#organization"},"potentialAction":[{"@type":"SearchAction","target":{"@type":"EntryPoint","urlTemplate":"https:\/\/vieassociative.be\/actualites\/?s={search_term_string}"},"query-input":{"@type":"PropertyValueSpecification","valueRequired":true,"valueName":"search_term_string"}}],"inLanguage":"fr-BE"},{"@type":"Organization","@id":"https:\/\/vieassociative.be\/actualites\/#organization","name":"Vie Associative","url":"https:\/\/vieassociative.be\/actualites\/","logo":{"@type":"ImageObject","inLanguage":"fr-BE","@id":"https:\/\/vieassociative.be\/actualites\/#\/schema\/logo\/image\/","url":"https:\/\/vieassociative.be\/actualites\/wp-content\/uploads\/2024\/09\/cropped-vieassociative_favicon.ico.png","contentUrl":"https:\/\/vieassociative.be\/actualites\/wp-content\/uploads\/2024\/09\/cropped-vieassociative_favicon.ico.png","width":512,"height":512,"caption":"Vie Associative"},"image":{"@id":"https:\/\/vieassociative.be\/actualites\/#\/schema\/logo\/image\/"}},{"@type":"Person","@id":"https:\/\/vieassociative.be\/actualites\/#\/schema\/person\/b87ac4f82f9d4e7b7cec7395b679edc4","name":"Julien","image":{"@type":"ImageObject","inLanguage":"fr-BE","@id":"https:\/\/vieassociative.be\/actualites\/#\/schema\/person\/image\/","url":"https:\/\/vieassociative.be\/actualites\/wp-content\/uploads\/2024\/09\/vie-associative-1-150x150.jpg","contentUrl":"https:\/\/vieassociative.be\/actualites\/wp-content\/uploads\/2024\/09\/vie-associative-1-150x150.jpg","caption":"Julien"},"description":"Je suis Julien, r\u00e9dacteur pour Vie Associative. Passionn\u00e9 par le monde associatif depuis plus de 10 ans, j'ai \u00e0 c\u0153ur de partager des histoires inspirantes et de mettre en lumi\u00e8re les initiatives locales. Mon objectif est de sensibiliser et d'encourager l'engagement communautaire \u00e0 travers mes articles.","sameAs":["https:\/\/vieassociative.be\/"]}]}},"_links":{"self":[{"href":"https:\/\/vieassociative.be\/actualites\/wp-json\/wp\/v2\/posts\/15190"}],"collection":[{"href":"https:\/\/vieassociative.be\/actualites\/wp-json\/wp\/v2\/posts"}],"about":[{"href":"https:\/\/vieassociative.be\/actualites\/wp-json\/wp\/v2\/types\/post"}],"author":[{"embeddable":true,"href":"https:\/\/vieassociative.be\/actualites\/wp-json\/wp\/v2\/users\/1"}],"replies":[{"embeddable":true,"href":"https:\/\/vieassociative.be\/actualites\/wp-json\/wp\/v2\/comments?post=15190"}],"version-history":[{"count":0,"href":"https:\/\/vieassociative.be\/actualites\/wp-json\/wp\/v2\/posts\/15190\/revisions"}],"wp:featuredmedia":[{"embeddable":true,"href":"https:\/\/vieassociative.be\/actualites\/wp-json\/wp\/v2\/media\/15191"}],"wp:attachment":[{"href":"https:\/\/vieassociative.be\/actualites\/wp-json\/wp\/v2\/media?parent=15190"}],"wp:term":[{"taxonomy":"category","embeddable":true,"href":"https:\/\/vieassociative.be\/actualites\/wp-json\/wp\/v2\/categories?post=15190"},{"taxonomy":"post_tag","embeddable":true,"href":"https:\/\/vieassociative.be\/actualites\/wp-json\/wp\/v2\/tags?post=15190"}],"curies":[{"name":"wp","href":"https:\/\/api.w.org\/{rel}","templated":true}]}}