{"id":1519,"date":"2024-10-22T17:17:35","date_gmt":"2024-10-22T15:17:35","guid":{"rendered":"https:\/\/vieassociative.be\/actualites\/comment-parler-des-armes-a-feu-a-vos-enfants\/"},"modified":"2024-10-22T17:17:35","modified_gmt":"2024-10-22T15:17:35","slug":"comment-parler-des-armes-a-feu-a-vos-enfants","status":"publish","type":"post","link":"https:\/\/vieassociative.be\/actualites\/comment-parler-des-armes-a-feu-a-vos-enfants\/","title":{"rendered":"Comment parler des armes \u00e0 feu \u00e0 vos enfants"},"content":{"rendered":"<div class=\"mt-4 leading-6 md:mb-8\">M\u00eame si vous ne poss\u00e9dez pas d\u2019arme \u00e0 feu, vous devez quand m\u00eame en parler.<\/div>\n<p><\/p>\n<p><em>Cet article fait partie de notre s\u00e9rie \u00ab Big Talks \u00bb, un guide pour aider les parents \u00e0 naviguer dans les conversations les plus importantes qu&rsquo;ils auront avec leurs enfants. En savoir plus ici.<\/em><\/p>\n<p>Ma famille ne poss\u00e8de pas d&rsquo;armes \u00e0 feu, mais je vis en Arizona, o\u00f9 j&rsquo;ai vu quelqu&rsquo;un apporter une arme \u00e0 feu dans un centre de loisirs pour enfants simplement parce qu&rsquo;il le pouvait. Et compte tenu des lois de mon \u00c9tat concernant le transport ouvert et dissimul\u00e9, ainsi que de sa fascination pour les champs de tir dans les centres commerciaux, les chances qu&rsquo;un de mes enfants joue dans une maison avec une arme \u00e0 l&rsquo;int\u00e9rieur semblent \u00e9lev\u00e9es, voire in\u00e9vitables.<\/p>\n<p>Je sais que je dois pr\u00e9senter le concept et les dangers des armes \u00e0 feu \u00e0 mes enfants, mais je ne sais pas par o\u00f9 commencer la conversation. J&rsquo;ai donc discut\u00e9 avec plusieurs experts de la mani\u00e8re de sensibiliser aux dangers des armes \u00e0 feu et de ce qu&rsquo;il faut faire s&rsquo;ils en rencontrent une.<\/p>\n<h2 id=\"set-boundaries\">Fixer des limites<\/h2>\n<p>Tir\u00e9 de Walther PPK de James Bond, le jeu vid\u00e9o <em>Perte<\/em>et les balles courbes dans le film <em>Recherch\u00e9<\/em>les m\u00e9dias populaires romantisent les armes \u00e0 feu et la fa\u00e7on dont elles sont utilis\u00e9es. Parce que les enfants ne sont pas conscients des dommages que ces armes peuvent r\u00e9ellement causer, vous souhaiterez peut-\u00eatre fixer des limites quant \u00e0 ce que vos enfants regardent et aux jouets avec lesquels ils jouent. <\/p>\n<p>\u00abNous devons avoir des conversations ouvertes et adapt\u00e9es \u00e0 notre \u00e2ge avec nos enfants sur la diff\u00e9rence entre ce qui se passe dans un film, des jeux vid\u00e9o ou \u00e0 la t\u00e9l\u00e9vision et ce qui se passe dans la vraie vie\u00bb, explique la Dre Alison Tothy, urgentiste p\u00e9diatrique \u00e0 l&rsquo;h\u00f4pital. Universit\u00e9 de Chicago. \u00ab\u00a0\u00c0 mesure qu&rsquo;ils grandissent, vous devrez cadrer la conversation diff\u00e9remment.\u00a0\u00bb<\/p>\n<h2 id=\"you-have-to-talk-to-your-kids-about-guns-even-if-you-dont-have-one\">Vous devez parler d&rsquo;armes \u00e0 vos enfants, m\u00eame si vous n&rsquo;en avez pas.<\/h2>\n<p>Vous n\u2019avez peut-\u00eatre pas de piscine, mais vous apprenez quand m\u00eame \u00e0 vos enfants \u00e0 nager car il y aura un moment o\u00f9 ils auront besoin de savoir comment. Selon un rapport Gallup de 2020, 32 % des adultes am\u00e9ricains ont d\u00e9clar\u00e9 poss\u00e9der une arme \u00e0 feu et 42 % ont d\u00e9clar\u00e9 vivre dans un foyer arm\u00e9. Cela repr\u00e9sente un foyer am\u00e9ricain sur trois poss\u00e9dant une arme \u00e0 feu, donc m\u00eame si vous n&rsquo;en poss\u00e9dez pas, les chances que votre enfant se trouve quelque part avec une arme sont \u00e9lev\u00e9es.<\/p>\n<p>Selon VeryWell Family, la conversation sur la s\u00e9curit\u00e9 des armes \u00e0 feu devrait commencer vers l&rsquo;\u00e2ge pr\u00e9scolaire pour aider \u00e0 lever le myst\u00e8re qui les entoure. Mais m\u00eame si vous faites comprendre \u00e0 votre enfant le danger de manipuler une arme, il est naturellement curieux, il y a donc de fortes chances qu&rsquo;il en touche une si l&rsquo;occasion se pr\u00e9sente. <\/p>\n<p>Si votre enfant visite une autre maison pour jouer, vous devriez demander \u00e0 l&rsquo;autre parent s&rsquo;il y a des armes \u00e0 feu dans sa maison. C&rsquo;est une question d\u00e9licate car son objectif peut \u00eatre mal compris.<\/p>\n<p>\u00abL&rsquo;intention de la question est la suivante: &lsquo;Je veux assurer la s\u00e9curit\u00e9 de mes enfants&rsquo;\u00bb, explique Tothy. \u00ab\u00a0Vous souhaitez parfois que vos enfants aillent ailleurs, mais peut-\u00eatre que, si ce n&rsquo;est pas s\u00e9curitaire, vous pouvez plut\u00f4t inviter leur enfant chez vous.\u00a0\u00bb<\/p>\n<p>Pour savoir comment vous renseigner sur la s\u00e9curit\u00e9 des armes \u00e0 feu ou entamer la conversation avec vos enfants ou d&rsquo;autres parents, visitez The BulletPoints Project et Be Smart.<\/p>\n<h2 id=\"teach-kids-how-to-be-safe-around-guns\">Apprenez aux enfants \u00e0 \u00eatre en s\u00e9curit\u00e9 pr\u00e8s des armes \u00e0 feu<\/h2>\n<p>S&rsquo;il y a une chose que Tothy veut faire comprendre aux parents de familles poss\u00e9dant des armes \u00e0 feu \u00e0 la maison concernant la s\u00e9curit\u00e9 des armes \u00e0 feu, c&rsquo;est de mettre en pratique ce qu&rsquo;ils pr\u00eachent. Cela peut inclure de se rendre dans un stand de tir et de d\u00e9montrer toutes les fa\u00e7ons dont vous \u00eates en s\u00e9curit\u00e9, d&rsquo;expliquer pourquoi vous ne vous entra\u00eenez pas sur cible \u00e0 la maison et de garder les munitions sous cl\u00e9 s\u00e9par\u00e9ment des armes \u00e0 feu. <\/p>\n<p>\u00abJe m&rsquo;occupe tout le temps des enfants qui trouvent une arme \u00e0 feu sur la table ou sous le lit\u00bb, et cela ressemble \u00e0 un jouet\u00bb, dit Tothy. \u00ab Vous voulez vous assurer qu\u2019ils savent qu\u2019il ne faut pas toucher \u00e0 une arme \u00e0 feu. Si un ami prend une arme \u00e0 feu, fuyez.<\/p>\n<h2 id=\"explain-what-to-do-if-they-find-a-gun\">Expliquez quoi faire s&rsquo;ils trouvent une arme \u00e0 feu<\/h2>\n<p>La Dre Kelsey Gastineau, boursi\u00e8re en m\u00e9decine p\u00e9diatrique et instructrice clinique au centre m\u00e9dical de l&rsquo;universit\u00e9 Vanderbilt, a r\u00e9cemment entendu l&rsquo;histoire d&rsquo;un de ses coll\u00e8gues lorsqu&rsquo;ils ont demand\u00e9 \u00e0 leur enfant ce qu&rsquo;il ferait s&rsquo;il voyait une arme \u00e0 feu. La r\u00e9ponse de l&rsquo;enfant a surpris Gastineau et sa coll\u00e8gue. <\/p>\n<p>\u00ab Elle a dit : \u00ab Si c&rsquo;\u00e9tait mon ami, je le lui retirerais imm\u00e9diatement parce que je ne voudrais jamais qu&rsquo;il soit bless\u00e9 \u00bb, explique Gastineau. \u00ab\u00a0Et (mon coll\u00e8gue) a r\u00e9pondu : &lsquo;J&rsquo;aime que vous vouliez prot\u00e9ger votre ami, mais ce n&rsquo;est en fait pas ce que je veux que vous fassiez dans cette situation.'\u00a0\u00bb<\/p>\n<p>Gastineau a partag\u00e9 que le coll\u00e8gue a dit \u00e0 l&rsquo;enfant que si lui-m\u00eame ou un ami rencontrait une arme, il devait imm\u00e9diatement la d\u00e9poser et trouver un adulte. Pourtant, il ne se passe pas une semaine dans votre fil d&rsquo;actualit\u00e9 o\u00f9 l&rsquo;on parle d&rsquo;un enfant bless\u00e9 par arme \u00e0 feu alors qu&rsquo;on lui a dit de faire le bon choix. Gastineau sugg\u00e8re de ne pas trop compliquer votre message.<\/p>\n<p>\u00ab Restez simple et allez droit au but \u00bb, dit-elle. \u00ab Mais \u00e0 mesure que les enfants grandissent, l\u2019arme \u00e0 feu peut leur appartenir \u00e0 des fins de chasse. Les parents doivent expliquer pourquoi ils ne peuvent pas avoir acc\u00e8s \u00e0 leur arme \u00e0 feu sans la pr\u00e9sence d&rsquo;un adulte.<\/p>\n<p>Tothy ajoute que vous pouvez vous pr\u00e9parer \u00e0 n&rsquo;importe quelle situation en ayant une conversation ouverte avec vos enfants sur un ton non mena\u00e7ant et sans punition. <\/p>\n<p>\u00ab Demandez-leur d&rsquo;imaginer et de jouer avec n&rsquo;importe quel sc\u00e9nario \u00bb, dit-elle. \u00ab\u00a0Cela peut aider \u00e0 rendre la menace plus r\u00e9aliste.\u00a0\u00bb<\/p>\n","protected":false},"excerpt":{"rendered":"<p>M\u00eame si vous ne poss\u00e9dez pas d\u2019arme \u00e0 feu, vous devez quand m\u00eame en parler. Cet article fait partie de notre s\u00e9rie \u00ab Big Talks<\/p>\n","protected":false},"author":1,"featured_media":1520,"comment_status":"","ping_status":"","sticky":false,"template":"","format":"standard","meta":{"footnotes":""},"categories":[37],"tags":[2113,44,29,324,2114,438,27],"class_list":["post-1519","post","type-post","status-publish","format-standard","has-post-thumbnail","hentry","category-famille","tag-armes","tag-comment","tag-des","tag-enfants","tag-feu","tag-parler","tag-vos","generate-columns","tablet-grid-50","mobile-grid-100","grid-parent","grid-33"],"yoast_head":"<!-- This site is optimized with the Yoast SEO plugin v24.0 - https:\/\/yoast.com\/wordpress\/plugins\/seo\/ -->\n<title>Comment parler des armes \u00e0 feu \u00e0 vos enfants | Vie Associative<\/title>\n<meta name=\"robots\" content=\"index, follow, max-snippet:-1, max-image-preview:large, max-video-preview:-1\" \/>\n<link rel=\"canonical\" href=\"https:\/\/vieassociative.be\/actualites\/comment-parler-des-armes-a-feu-a-vos-enfants\/\" \/>\n<meta property=\"og:locale\" content=\"fr_FR\" \/>\n<meta property=\"og:type\" content=\"article\" \/>\n<meta property=\"og:title\" content=\"Comment parler des armes \u00e0 feu \u00e0 vos enfants | Vie Associative\" \/>\n<meta property=\"og:description\" content=\"M\u00eame si vous ne poss\u00e9dez pas d\u2019arme \u00e0 feu, vous devez quand m\u00eame en parler. Cet article fait partie de notre s\u00e9rie \u00ab Big Talks\" \/>\n<meta property=\"og:url\" content=\"https:\/\/vieassociative.be\/actualites\/comment-parler-des-armes-a-feu-a-vos-enfants\/\" \/>\n<meta property=\"og:site_name\" content=\"Vie Associative\" \/>\n<meta property=\"article:published_time\" content=\"2024-10-22T15:17:35+00:00\" \/>\n<meta property=\"og:image\" content=\"https:\/\/vieassociative.be\/actualites\/wp-content\/uploads\/2024\/09\/header_backgroundk-01-e1726694325946.png\" \/>\n\t<meta property=\"og:image:width\" content=\"279\" \/>\n\t<meta property=\"og:image:height\" content=\"92\" \/>\n\t<meta property=\"og:image:type\" content=\"image\/png\" \/>\n<meta name=\"author\" content=\"Julien\" \/>\n<meta name=\"twitter:card\" content=\"summary_large_image\" \/>\n<meta name=\"twitter:label1\" content=\"\u00c9crit par\" \/>\n\t<meta name=\"twitter:data1\" content=\"Julien\" \/>\n\t<meta name=\"twitter:label2\" content=\"Dur\u00e9e de lecture est.\" \/>\n\t<meta name=\"twitter:data2\" content=\"5 minutes\" \/>\n<script type=\"application\/ld+json\" class=\"yoast-schema-graph\">{\"@context\":\"https:\/\/schema.org\",\"@graph\":[{\"@type\":\"Article\",\"@id\":\"https:\/\/vieassociative.be\/actualites\/comment-parler-des-armes-a-feu-a-vos-enfants\/#article\",\"isPartOf\":{\"@id\":\"https:\/\/vieassociative.be\/actualites\/comment-parler-des-armes-a-feu-a-vos-enfants\/\"},\"author\":{\"name\":\"Julien\",\"@id\":\"https:\/\/vieassociative.be\/actualites\/#\/schema\/person\/b87ac4f82f9d4e7b7cec7395b679edc4\"},\"headline\":\"Comment parler des armes \u00e0 feu \u00e0 vos enfants\",\"datePublished\":\"2024-10-22T15:17:35+00:00\",\"dateModified\":\"2024-10-22T15:17:35+00:00\",\"mainEntityOfPage\":{\"@id\":\"https:\/\/vieassociative.be\/actualites\/comment-parler-des-armes-a-feu-a-vos-enfants\/\"},\"wordCount\":1097,\"publisher\":{\"@id\":\"https:\/\/vieassociative.be\/actualites\/#organization\"},\"image\":{\"@id\":\"https:\/\/vieassociative.be\/actualites\/comment-parler-des-armes-a-feu-a-vos-enfants\/#primaryimage\"},\"thumbnailUrl\":\"https:\/\/vieassociative.be\/actualites\/wp-content\/uploads\/2024\/10\/Comment-parler-des-armes-a-feu-a-vos-enfants.png\",\"keywords\":[\"armes\",\"Comment\",\"Des\",\"enfants\",\"feu\",\"parler\",\"vos\"],\"articleSection\":[\"Famille\"],\"inLanguage\":\"fr-BE\"},{\"@type\":\"WebPage\",\"@id\":\"https:\/\/vieassociative.be\/actualites\/comment-parler-des-armes-a-feu-a-vos-enfants\/\",\"url\":\"https:\/\/vieassociative.be\/actualites\/comment-parler-des-armes-a-feu-a-vos-enfants\/\",\"name\":\"Comment parler des armes \u00e0 feu \u00e0 vos enfants | Vie Associative\",\"isPartOf\":{\"@id\":\"https:\/\/vieassociative.be\/actualites\/#website\"},\"primaryImageOfPage\":{\"@id\":\"https:\/\/vieassociative.be\/actualites\/comment-parler-des-armes-a-feu-a-vos-enfants\/#primaryimage\"},\"image\":{\"@id\":\"https:\/\/vieassociative.be\/actualites\/comment-parler-des-armes-a-feu-a-vos-enfants\/#primaryimage\"},\"thumbnailUrl\":\"https:\/\/vieassociative.be\/actualites\/wp-content\/uploads\/2024\/10\/Comment-parler-des-armes-a-feu-a-vos-enfants.png\",\"datePublished\":\"2024-10-22T15:17:35+00:00\",\"dateModified\":\"2024-10-22T15:17:35+00:00\",\"breadcrumb\":{\"@id\":\"https:\/\/vieassociative.be\/actualites\/comment-parler-des-armes-a-feu-a-vos-enfants\/#breadcrumb\"},\"inLanguage\":\"fr-BE\",\"potentialAction\":[{\"@type\":\"ReadAction\",\"target\":[\"https:\/\/vieassociative.be\/actualites\/comment-parler-des-armes-a-feu-a-vos-enfants\/\"]}]},{\"@type\":\"ImageObject\",\"inLanguage\":\"fr-BE\",\"@id\":\"https:\/\/vieassociative.be\/actualites\/comment-parler-des-armes-a-feu-a-vos-enfants\/#primaryimage\",\"url\":\"https:\/\/vieassociative.be\/actualites\/wp-content\/uploads\/2024\/10\/Comment-parler-des-armes-a-feu-a-vos-enfants.png\",\"contentUrl\":\"https:\/\/vieassociative.be\/actualites\/wp-content\/uploads\/2024\/10\/Comment-parler-des-armes-a-feu-a-vos-enfants.png\",\"width\":1200,\"height\":675,\"caption\":\"Comment parler des armes \u00e0 feu \u00e0 vos enfants\"},{\"@type\":\"BreadcrumbList\",\"@id\":\"https:\/\/vieassociative.be\/actualites\/comment-parler-des-armes-a-feu-a-vos-enfants\/#breadcrumb\",\"itemListElement\":[{\"@type\":\"ListItem\",\"position\":1,\"name\":\"Accueil\",\"item\":\"https:\/\/vieassociative.be\/actualites\/\"},{\"@type\":\"ListItem\",\"position\":2,\"name\":\"Comment parler des armes \u00e0 feu \u00e0 vos enfants\"}]},{\"@type\":\"WebSite\",\"@id\":\"https:\/\/vieassociative.be\/actualites\/#website\",\"url\":\"https:\/\/vieassociative.be\/actualites\/\",\"name\":\"Vie Associative\",\"description\":\"\",\"publisher\":{\"@id\":\"https:\/\/vieassociative.be\/actualites\/#organization\"},\"potentialAction\":[{\"@type\":\"SearchAction\",\"target\":{\"@type\":\"EntryPoint\",\"urlTemplate\":\"https:\/\/vieassociative.be\/actualites\/?s={search_term_string}\"},\"query-input\":{\"@type\":\"PropertyValueSpecification\",\"valueRequired\":true,\"valueName\":\"search_term_string\"}}],\"inLanguage\":\"fr-BE\"},{\"@type\":\"Organization\",\"@id\":\"https:\/\/vieassociative.be\/actualites\/#organization\",\"name\":\"Vie Associative\",\"url\":\"https:\/\/vieassociative.be\/actualites\/\",\"logo\":{\"@type\":\"ImageObject\",\"inLanguage\":\"fr-BE\",\"@id\":\"https:\/\/vieassociative.be\/actualites\/#\/schema\/logo\/image\/\",\"url\":\"https:\/\/vieassociative.be\/actualites\/wp-content\/uploads\/2024\/09\/cropped-vieassociative_favicon.ico.png\",\"contentUrl\":\"https:\/\/vieassociative.be\/actualites\/wp-content\/uploads\/2024\/09\/cropped-vieassociative_favicon.ico.png\",\"width\":512,\"height\":512,\"caption\":\"Vie Associative\"},\"image\":{\"@id\":\"https:\/\/vieassociative.be\/actualites\/#\/schema\/logo\/image\/\"}},{\"@type\":\"Person\",\"@id\":\"https:\/\/vieassociative.be\/actualites\/#\/schema\/person\/b87ac4f82f9d4e7b7cec7395b679edc4\",\"name\":\"Julien\",\"image\":{\"@type\":\"ImageObject\",\"inLanguage\":\"fr-BE\",\"@id\":\"https:\/\/vieassociative.be\/actualites\/#\/schema\/person\/image\/\",\"url\":\"https:\/\/vieassociative.be\/actualites\/wp-content\/uploads\/2024\/09\/vie-associative-1-150x150.jpg\",\"contentUrl\":\"https:\/\/vieassociative.be\/actualites\/wp-content\/uploads\/2024\/09\/vie-associative-1-150x150.jpg\",\"caption\":\"Julien\"},\"description\":\"Je suis Julien, r\u00e9dacteur pour Vie Associative. Passionn\u00e9 par le monde associatif depuis plus de 10 ans, j'ai \u00e0 c\u0153ur de partager des histoires inspirantes et de mettre en lumi\u00e8re les initiatives locales. Mon objectif est de sensibiliser et d'encourager l'engagement communautaire \u00e0 travers mes articles.\",\"sameAs\":[\"https:\/\/vieassociative.be\/\"]}]}<\/script>\n<!-- \/ Yoast SEO plugin. -->","yoast_head_json":{"title":"Comment parler des armes \u00e0 feu \u00e0 vos enfants | Vie Associative","robots":{"index":"index","follow":"follow","max-snippet":"max-snippet:-1","max-image-preview":"max-image-preview:large","max-video-preview":"max-video-preview:-1"},"canonical":"https:\/\/vieassociative.be\/actualites\/comment-parler-des-armes-a-feu-a-vos-enfants\/","og_locale":"fr_FR","og_type":"article","og_title":"Comment parler des armes \u00e0 feu \u00e0 vos enfants | Vie Associative","og_description":"M\u00eame si vous ne poss\u00e9dez pas d\u2019arme \u00e0 feu, vous devez quand m\u00eame en parler. Cet article fait partie de notre s\u00e9rie \u00ab Big Talks","og_url":"https:\/\/vieassociative.be\/actualites\/comment-parler-des-armes-a-feu-a-vos-enfants\/","og_site_name":"Vie Associative","article_published_time":"2024-10-22T15:17:35+00:00","og_image":[{"width":279,"height":92,"url":"https:\/\/vieassociative.be\/actualites\/wp-content\/uploads\/2024\/09\/header_backgroundk-01-e1726694325946.png","type":"image\/png"}],"author":"Julien","twitter_card":"summary_large_image","twitter_misc":{"\u00c9crit par":"Julien","Dur\u00e9e de lecture est.":"5 minutes"},"schema":{"@context":"https:\/\/schema.org","@graph":[{"@type":"Article","@id":"https:\/\/vieassociative.be\/actualites\/comment-parler-des-armes-a-feu-a-vos-enfants\/#article","isPartOf":{"@id":"https:\/\/vieassociative.be\/actualites\/comment-parler-des-armes-a-feu-a-vos-enfants\/"},"author":{"name":"Julien","@id":"https:\/\/vieassociative.be\/actualites\/#\/schema\/person\/b87ac4f82f9d4e7b7cec7395b679edc4"},"headline":"Comment parler des armes \u00e0 feu \u00e0 vos enfants","datePublished":"2024-10-22T15:17:35+00:00","dateModified":"2024-10-22T15:17:35+00:00","mainEntityOfPage":{"@id":"https:\/\/vieassociative.be\/actualites\/comment-parler-des-armes-a-feu-a-vos-enfants\/"},"wordCount":1097,"publisher":{"@id":"https:\/\/vieassociative.be\/actualites\/#organization"},"image":{"@id":"https:\/\/vieassociative.be\/actualites\/comment-parler-des-armes-a-feu-a-vos-enfants\/#primaryimage"},"thumbnailUrl":"https:\/\/vieassociative.be\/actualites\/wp-content\/uploads\/2024\/10\/Comment-parler-des-armes-a-feu-a-vos-enfants.png","keywords":["armes","Comment","Des","enfants","feu","parler","vos"],"articleSection":["Famille"],"inLanguage":"fr-BE"},{"@type":"WebPage","@id":"https:\/\/vieassociative.be\/actualites\/comment-parler-des-armes-a-feu-a-vos-enfants\/","url":"https:\/\/vieassociative.be\/actualites\/comment-parler-des-armes-a-feu-a-vos-enfants\/","name":"Comment parler des armes \u00e0 feu \u00e0 vos enfants | Vie Associative","isPartOf":{"@id":"https:\/\/vieassociative.be\/actualites\/#website"},"primaryImageOfPage":{"@id":"https:\/\/vieassociative.be\/actualites\/comment-parler-des-armes-a-feu-a-vos-enfants\/#primaryimage"},"image":{"@id":"https:\/\/vieassociative.be\/actualites\/comment-parler-des-armes-a-feu-a-vos-enfants\/#primaryimage"},"thumbnailUrl":"https:\/\/vieassociative.be\/actualites\/wp-content\/uploads\/2024\/10\/Comment-parler-des-armes-a-feu-a-vos-enfants.png","datePublished":"2024-10-22T15:17:35+00:00","dateModified":"2024-10-22T15:17:35+00:00","breadcrumb":{"@id":"https:\/\/vieassociative.be\/actualites\/comment-parler-des-armes-a-feu-a-vos-enfants\/#breadcrumb"},"inLanguage":"fr-BE","potentialAction":[{"@type":"ReadAction","target":["https:\/\/vieassociative.be\/actualites\/comment-parler-des-armes-a-feu-a-vos-enfants\/"]}]},{"@type":"ImageObject","inLanguage":"fr-BE","@id":"https:\/\/vieassociative.be\/actualites\/comment-parler-des-armes-a-feu-a-vos-enfants\/#primaryimage","url":"https:\/\/vieassociative.be\/actualites\/wp-content\/uploads\/2024\/10\/Comment-parler-des-armes-a-feu-a-vos-enfants.png","contentUrl":"https:\/\/vieassociative.be\/actualites\/wp-content\/uploads\/2024\/10\/Comment-parler-des-armes-a-feu-a-vos-enfants.png","width":1200,"height":675,"caption":"Comment parler des armes \u00e0 feu \u00e0 vos enfants"},{"@type":"BreadcrumbList","@id":"https:\/\/vieassociative.be\/actualites\/comment-parler-des-armes-a-feu-a-vos-enfants\/#breadcrumb","itemListElement":[{"@type":"ListItem","position":1,"name":"Accueil","item":"https:\/\/vieassociative.be\/actualites\/"},{"@type":"ListItem","position":2,"name":"Comment parler des armes \u00e0 feu \u00e0 vos enfants"}]},{"@type":"WebSite","@id":"https:\/\/vieassociative.be\/actualites\/#website","url":"https:\/\/vieassociative.be\/actualites\/","name":"Vie Associative","description":"","publisher":{"@id":"https:\/\/vieassociative.be\/actualites\/#organization"},"potentialAction":[{"@type":"SearchAction","target":{"@type":"EntryPoint","urlTemplate":"https:\/\/vieassociative.be\/actualites\/?s={search_term_string}"},"query-input":{"@type":"PropertyValueSpecification","valueRequired":true,"valueName":"search_term_string"}}],"inLanguage":"fr-BE"},{"@type":"Organization","@id":"https:\/\/vieassociative.be\/actualites\/#organization","name":"Vie Associative","url":"https:\/\/vieassociative.be\/actualites\/","logo":{"@type":"ImageObject","inLanguage":"fr-BE","@id":"https:\/\/vieassociative.be\/actualites\/#\/schema\/logo\/image\/","url":"https:\/\/vieassociative.be\/actualites\/wp-content\/uploads\/2024\/09\/cropped-vieassociative_favicon.ico.png","contentUrl":"https:\/\/vieassociative.be\/actualites\/wp-content\/uploads\/2024\/09\/cropped-vieassociative_favicon.ico.png","width":512,"height":512,"caption":"Vie Associative"},"image":{"@id":"https:\/\/vieassociative.be\/actualites\/#\/schema\/logo\/image\/"}},{"@type":"Person","@id":"https:\/\/vieassociative.be\/actualites\/#\/schema\/person\/b87ac4f82f9d4e7b7cec7395b679edc4","name":"Julien","image":{"@type":"ImageObject","inLanguage":"fr-BE","@id":"https:\/\/vieassociative.be\/actualites\/#\/schema\/person\/image\/","url":"https:\/\/vieassociative.be\/actualites\/wp-content\/uploads\/2024\/09\/vie-associative-1-150x150.jpg","contentUrl":"https:\/\/vieassociative.be\/actualites\/wp-content\/uploads\/2024\/09\/vie-associative-1-150x150.jpg","caption":"Julien"},"description":"Je suis Julien, r\u00e9dacteur pour Vie Associative. Passionn\u00e9 par le monde associatif depuis plus de 10 ans, j'ai \u00e0 c\u0153ur de partager des histoires inspirantes et de mettre en lumi\u00e8re les initiatives locales. Mon objectif est de sensibiliser et d'encourager l'engagement communautaire \u00e0 travers mes articles.","sameAs":["https:\/\/vieassociative.be\/"]}]}},"_links":{"self":[{"href":"https:\/\/vieassociative.be\/actualites\/wp-json\/wp\/v2\/posts\/1519"}],"collection":[{"href":"https:\/\/vieassociative.be\/actualites\/wp-json\/wp\/v2\/posts"}],"about":[{"href":"https:\/\/vieassociative.be\/actualites\/wp-json\/wp\/v2\/types\/post"}],"author":[{"embeddable":true,"href":"https:\/\/vieassociative.be\/actualites\/wp-json\/wp\/v2\/users\/1"}],"replies":[{"embeddable":true,"href":"https:\/\/vieassociative.be\/actualites\/wp-json\/wp\/v2\/comments?post=1519"}],"version-history":[{"count":0,"href":"https:\/\/vieassociative.be\/actualites\/wp-json\/wp\/v2\/posts\/1519\/revisions"}],"wp:featuredmedia":[{"embeddable":true,"href":"https:\/\/vieassociative.be\/actualites\/wp-json\/wp\/v2\/media\/1520"}],"wp:attachment":[{"href":"https:\/\/vieassociative.be\/actualites\/wp-json\/wp\/v2\/media?parent=1519"}],"wp:term":[{"taxonomy":"category","embeddable":true,"href":"https:\/\/vieassociative.be\/actualites\/wp-json\/wp\/v2\/categories?post=1519"},{"taxonomy":"post_tag","embeddable":true,"href":"https:\/\/vieassociative.be\/actualites\/wp-json\/wp\/v2\/tags?post=1519"}],"curies":[{"name":"wp","href":"https:\/\/api.w.org\/{rel}","templated":true}]}}