{"id":15188,"date":"2026-09-02T17:17:19","date_gmt":"2026-09-02T15:17:19","guid":{"rendered":"https:\/\/vieassociative.be\/actualites\/berlin-et-moscou-sur-la-voie-dune-collision-medvedev-lhomme-du-dur-de-poutine-menace-de-frappe-directe\/"},"modified":"2026-09-02T17:17:19","modified_gmt":"2026-09-02T15:17:19","slug":"berlin-et-moscou-sur-la-voie-dune-collision-medvedev-lhomme-du-dur-de-poutine-menace-de-frappe-directe","status":"publish","type":"post","link":"https:\/\/vieassociative.be\/actualites\/berlin-et-moscou-sur-la-voie-dune-collision-medvedev-lhomme-du-dur-de-poutine-menace-de-frappe-directe\/","title":{"rendered":"Berlin et Moscou sur la voie d&rsquo;une collision : Medvedev, l&rsquo;homme du dur de Poutine, menace de \u00ab frappe directe \u00bb"},"content":{"rendered":"<p><strong>Le gouvernement allemand a r\u00e9agi \u00e0 l\u2019attaque de drone de Leipzig par des mesures s\u00e9v\u00e8res contre la Russie. Moscou menace Berlin d\u2019une \u00ab frappe directe \u00bb. Est-ce que tout cela va continuer \u00e0 d\u00e9g\u00e9n\u00e9rer ?<\/strong><\/p>\n<p><span id=\"more-441802\"><\/span>Pour le gouvernement berlinois, l\u2019attaque de drones \u00e0 Leipzig repr\u00e9sente une \u00ab nouvelle qualit\u00e9 \u00bb dans la guerre hybride men\u00e9e par la Russie contre l\u2019Allemagne. L\u2019Allemagne a r\u00e9pondu par des mesures diplomatiques s\u00e9v\u00e8res pour montrer qu\u2019elle ne tol\u00e9rerait pas cette situation. Cela intensifie la confrontation avec la Russie. Personne ne peut deviner o\u00f9 cela m\u00e8ne.<\/p>\n<p><strong>&#8211; De quoi s&rsquo;agit-il ?<\/strong> Un missile pr\u00e9par\u00e9 avec des explosifs a \u00e9t\u00e9 d\u00e9couvert entre des avions cargo ukrainiens dans la zone de s\u00e9curit\u00e9 de l&rsquo;a\u00e9roport dans la soir\u00e9e du 4 ao\u00fbt. Le ministre allemand de l&rsquo;Int\u00e9rieur Alexander Dobrindt et le ministre des Affaires \u00e9trang\u00e8res Wadephul ont d\u00e9sormais imput\u00e9 la responsabilit\u00e9 de l&rsquo;incident du drone \u00e0 la Russie et annonc\u00e9 des mesures punitives.<\/p>\n<div id=\"attachment_441804\" class=\"wp-caption alignleft\" style=\"max-width: 300px\"><img fetchpriority=\"high\" decoding=\"async\" class=\"wp-image-441804 size-medium\" src=\"https:\/\/vieassociative.be\/actualites\/wp-content\/uploads\/2026\/09\/Berlin-et-Moscou-sur-la-voie-dune-collision-Medvedev.jpg\" alt=\"\" width=\"300\" height=\"204\"><\/div>\n<p><strong>\u2013 Quand les mesures de r\u00e9torsion prendront-elles effet ?<\/strong> Petit \u00e0 petit. La date de fermeture du consulat g\u00e9n\u00e9ral \u00e0 Bonn est fix\u00e9e au 18 septembre. Cela a un impact direct sur les citoyens russes en Allemagne, qui b\u00e9n\u00e9ficieront d\u00e9sormais d\u2019un soutien consulaire centralis\u00e9 depuis Berlin. Il n\u2019existe toujours pas de plan pr\u00e9cis pour d\u2019autres mesures. L\u2019action contre la Flotte de l\u2019Ombre doit d\u2019abord \u00eatre discut\u00e9e avec les alli\u00e9s \u2013 et ensuite ne pas \u00eatre annonc\u00e9e. Le gouvernement f\u00e9d\u00e9ral mise sur l&rsquo;effet de surprise.<\/p>\n<p><strong>\u2013 Comment la Russie r\u00e9agit-elle ?<\/strong> Le Kremlin rejette ces all\u00e9gations, se plaint du manque de preuves et consid\u00e8re l&rsquo;ensemble de l&rsquo;incident comme une provocation \u00e0 bas prix destin\u00e9e \u00e0 justifier les d\u00e9penses militaires de l&rsquo;Allemagne et les milliards pour l&rsquo;Ukraine. Des contre-sanctions ont \u00e9t\u00e9 annonc\u00e9es. On ne sait pas exactement \u00e0 quel point cela sera difficile. On parle par exemple de fermer l\u2019Institut Goethe de Moscou et le Consulat g\u00e9n\u00e9ral de Saint-P\u00e9tersbourg.<\/p>\n<p>Le minist\u00e8re russe des Affaires \u00e9trang\u00e8res r\u00e9fl\u00e9chit \u00e9galement \u00e0 la question de savoir si les relations diplomatiques devraient \u00eatre d\u00e9grad\u00e9es. Le chef adjoint du Conseil national de s\u00e9curit\u00e9, Dmitri Medvedev, estime que l&rsquo;Allemagne m\u00e9rite une v\u00e9ritable punition pour sa \u00ab politique anti-russe \u00bb. Plus pr\u00e9cis\u00e9ment, l\u2019ex-pr\u00e9sident appelle \u00e0 des \u00ab frappes directes \u00bb contre les entreprises de d\u00e9fense allemandes qui fournissent du mat\u00e9riel militaire \u00e0 l\u2019Ukraine.<\/p>\n<p><strong>\u2013 Est-ce que tout cela peut continuer \u00e0 d\u00e9g\u00e9n\u00e9rer ?<\/strong> Cela d\u00e9pend avant tout de la Russie. Si les mesures diplomatiques allemandes \u00e9taient accompagn\u00e9es de mesures russes comparables, la partie allemande y verrait une r\u00e9action attendue, sans nouvelle escalade. Si la Russie devait aller plus loin, la spirale de l\u2019escalade se poursuivrait. L\u2019Allemagne pourrait alors se sentir \u00e0 nouveau oblig\u00e9e de r\u00e9agir. Ce serait le cas, par exemple, si la Russie retirait son ambassadeur de Berlin au lieu de simplement expulser le personnel de l\u2019ambassade allemande.<\/p>\n<\/p>\n<div id=\"attachment_441805\" class=\"wp-caption alignleft\" style=\"max-width: 300px\"><img decoding=\"async\" class=\"wp-image-441805 size-medium\" src=\"https:\/\/vieassociative.be\/actualites\/wp-content\/uploads\/2026\/09\/1788362239_273_Berlin-et-Moscou-sur-la-voie-dune-collision-Medvedev.jpg\" alt=\"\" width=\"300\" height=\"225\"><\/div>\n<p>Les tensions entre l\u2019Allemagne et la Russie s\u2019accentuent depuis des ann\u00e9es. M\u00eame avant la nouvelle escalade, les deux parties ont ferm\u00e9 leurs consulats et expuls\u00e9 des diplomates. Moscou r\u00e9fl\u00e9chit \u00e9galement fortement \u00e0 la rupture des relations diplomatiques avec Berlin. Mais le Kremlin accuse l\u2019Allemagne d\u2019escalade. On craint \u00e0 Berlin que la Russie ne gagne la guerre en Ukraine. C&rsquo;est pourquoi les enjeux sont de plus en plus \u00e9lev\u00e9s, disent-ils \u00e0 Moscou.<\/p>\n<p><strong>\u2013 Faut-il s\u2019attendre \u00e0 de nouvelles attaques de la part de la Russie ?<\/strong> Le gouvernement allemand se pr\u00e9pare \u00e0 de nouvelles attaques hybrides, telles que des cyberattaques contre des infrastructures critiques ou des attaques de drones comme celle de Leipzig. Si, comme dans le cas de Leipzig, les attaques atteignaient \u00e0 nouveau un nouveau niveau de qualit\u00e9, le gouvernement allemand r\u00e9agirait \u00e9galement. Elle a d\u00e9lib\u00e9r\u00e9ment laiss\u00e9 place \u00e0 l&rsquo;am\u00e9lioration.<\/p>\n<p>Le chancelier Friedrich Merz ne s&rsquo;est pas pr\u00e9sent\u00e9 lui-m\u00eame devant les cam\u00e9ras, mais a demand\u00e9 \u00e0 ses ministres de le faire. Par exemple, l\u2019article 4 de l\u2019OTAN \u2013 consultations au sein de l\u2019alliance si un \u00c9tat se consid\u00e8re menac\u00e9 de l\u2019ext\u00e9rieur \u2013 est toujours dans la bo\u00eete \u00e0 outils.<\/p>\n<p><strong>\u2013 Que compte faire la Russie avec la multiplication des attaques hybrides ?<\/strong> Du point de vue du gouvernement allemand, la Russie r\u00e9agit aux succ\u00e8s ukrainiens dans la campagne d\u00e9fensive contre la Russie, que l&rsquo;Allemagne soutient massivement par des livraisons d&rsquo;armes. Selon les milieux gouvernementaux allemands, la Russie n\u2019a pas de r\u00e9ponse strat\u00e9gique \u00e0 cette question. \u00ab\u00a0La strat\u00e9gie de remplacement est l&rsquo;escalade. Verticalement en Ukraine, horizontalement par le biais d&rsquo;attaques hybrides.\u00a0\u00bb<\/p>\n<p><strong>\u2013 L\u2019Allemagne est-elle en guerre contre la Russie ?<\/strong> Dans le pass\u00e9, les \u00c9tats se d\u00e9claraient officiellement la guerre. Cela n\u2019existe plus dans la guerre moderne. C&rsquo;est pourquoi il faut parfois du temps avant qu&rsquo;un conflit militaire soit d\u00e9crit comme une guerre dans les m\u00e9dias et par les gouvernements.<\/p>\n<p>En plus de la guerre militaire classique men\u00e9e avec des chars et des roquettes, il existe \u00e9galement la guerre hybride d\u00e9j\u00e0 mentionn\u00e9e, comme \u00e0 Leipzig.<\/p>\n<\/p>\n<div id=\"attachment_441807\" class=\"wp-caption alignleft\" style=\"max-width: 300px\"><img decoding=\"async\" class=\"wp-image-441807 size-medium\" src=\"https:\/\/vieassociative.be\/actualites\/wp-content\/uploads\/2026\/09\/1788362239_966_Berlin-et-Moscou-sur-la-voie-dune-collision-Medvedev.jpg\" alt=\"\" width=\"300\" height=\"200\"><\/div>\n<p>Dans ce contexte, le ministre allemand de l&rsquo;Int\u00e9rieur Dobrindt a donn\u00e9 mardi une r\u00e9ponse ambigu\u00eb \u00e0 la question de savoir si l&rsquo;Allemagne \u00e9tait en guerre : \u00ab\u00a0Nous ne sommes pas en guerre, mais nous sommes la cible quotidienne d&rsquo;une guerre hybride\u00a0\u00bb. La chanceli\u00e8re avait d\u00e9j\u00e0 d\u00e9clar\u00e9 quelque chose de similaire avant l\u2019attaque du drone : \u00ab Nous ne sommes pas en guerre, mais nous ne sommes plus en paix non plus. \u00bb<\/p>\n<p><strong>\u2013 Comment le Kremlin voit-il cela ?<\/strong> Moscou se consid\u00e8re depuis longtemps comme \u00e9tant en guerre contre l\u2019Occident et les \u00c9tats de l\u2019OTAN, qui soutiennent l\u2019Ukraine avec des armes et des milliards. Le ministre russe des Affaires \u00e9trang\u00e8res Sergue\u00ef Lavrov a d\u00e9clar\u00e9 un jour que les combats en Ukraine \u00e9taient une guerre par procuration. Les \u00c9tats occidentaux ont utilis\u00e9 l\u2019Ukraine pour infliger si possible une \u00ab d\u00e9faite strat\u00e9gique \u00bb \u00e0 la Russie.<\/p>\n<p>Le chef du Kremlin, Vladimir Poutine, souligne \u00e0 plusieurs reprises, parfois en faisant r\u00e9f\u00e9rence aux armes nucl\u00e9aires de Moscou, que cette fois aussi la Russie, comme lors de la Seconde Guerre mondiale, gagnera.<\/p>\n<p><strong>\u2013 Que fait l\u2019UE ?<\/strong> L\u2019UE pr\u00e9pare une r\u00e9ponse politique et \u00e9conomique. Selon la repr\u00e9sentante des Affaires \u00e9trang\u00e8res Kaja Kallas, un nouveau paquet de sanctions est en pr\u00e9paration depuis un certain temps et pourrait concerner environ 1 600 personnes et entreprises suppl\u00e9mentaires li\u00e9es au complexe militaro-industriel russe.<\/p>\n<p>Les ministres des Affaires \u00e9trang\u00e8res discutent \u00e9galement d&rsquo;\u00e9ventuelles mesures suppl\u00e9mentaires, telles qu&rsquo;une action plus s\u00e9v\u00e8re contre la flotte fant\u00f4me russe. La pr\u00e9sidente de la Commission, Ursula von der Leyen, a clairement indiqu\u00e9 que l&rsquo;UE ne tol\u00e9rerait pas cette tentative d&rsquo;attaque et qu&rsquo;elle poursuivrait son soutien \u00e0 l&rsquo;Ukraine malgr\u00e9 les tentatives d&rsquo;intimidation de la Russie.<\/p>\n<p><strong>\u2013 Que fait l\u2019OTAN ?<\/strong> L\u2019OTAN se range manifestement du c\u00f4t\u00e9 de l\u2019Allemagne. Le secr\u00e9taire g\u00e9n\u00e9ral Mark Rutte parle de preuves claires et annonce qu&rsquo;il renforcera encore les capacit\u00e9s de dissuasion et de d\u00e9fense de l&rsquo;alliance. \u00ab\u00a0Les dangers pos\u00e9s par la Russie sont clairs\u00a0\u00bb, a-t-il d\u00e9clar\u00e9 mercredi en marge d&rsquo;une r\u00e9union avec la pr\u00e9sidente de la Commission von der Leyen. Ils travaillent 24 heures sur 24 pour s\u2019assurer qu\u2019ils sont pr\u00eats et capables de prot\u00e9ger la population. (dpa)<\/p>\n","protected":false},"excerpt":{"rendered":"<p>Le gouvernement allemand a r\u00e9agi \u00e0 l\u2019attaque de drone de Leipzig par des mesures s\u00e9v\u00e8res contre la Russie. Moscou menace Berlin d\u2019une \u00ab frappe directe<\/p>\n","protected":false},"author":1,"featured_media":15189,"comment_status":"","ping_status":"","sticky":false,"template":"","format":"standard","meta":{"footnotes":""},"categories":[298],"tags":[5834,3322,3948,698,6280,4403,4475,11345,3396,10026,4227,33,2815],"class_list":["post-15188","post","type-post","status-publish","format-standard","has-post-thumbnail","hentry","category-belgique","tag-berlin","tag-collision","tag-directe","tag-dune","tag-dur","tag-frappe","tag-lhomme","tag-medvedev","tag-menace","tag-moscou","tag-poutine","tag-sur","tag-voie","generate-columns","tablet-grid-50","mobile-grid-100","grid-parent","grid-33"],"yoast_head":"<!-- This site is optimized with the Yoast SEO plugin v24.0 - https:\/\/yoast.com\/wordpress\/plugins\/seo\/ -->\n<title>Berlin et Moscou sur la voie d&#039;une collision : Medvedev, l&#039;homme du dur de Poutine, menace de \u00ab frappe directe \u00bb | Vie Associative<\/title>\n<meta name=\"robots\" content=\"index, follow, max-snippet:-1, max-image-preview:large, max-video-preview:-1\" \/>\n<link rel=\"canonical\" href=\"https:\/\/vieassociative.be\/actualites\/berlin-et-moscou-sur-la-voie-dune-collision-medvedev-lhomme-du-dur-de-poutine-menace-de-frappe-directe\/\" \/>\n<meta property=\"og:locale\" content=\"fr_FR\" \/>\n<meta property=\"og:type\" content=\"article\" \/>\n<meta property=\"og:title\" content=\"Berlin et Moscou sur la voie d&#039;une collision : Medvedev, l&#039;homme du dur de Poutine, menace de \u00ab frappe directe \u00bb | Vie Associative\" \/>\n<meta property=\"og:description\" content=\"Le gouvernement allemand a r\u00e9agi \u00e0 l\u2019attaque de drone de Leipzig par des mesures s\u00e9v\u00e8res contre la Russie. Moscou menace Berlin d\u2019une \u00ab frappe directe\" \/>\n<meta property=\"og:url\" content=\"https:\/\/vieassociative.be\/actualites\/berlin-et-moscou-sur-la-voie-dune-collision-medvedev-lhomme-du-dur-de-poutine-menace-de-frappe-directe\/\" \/>\n<meta property=\"og:site_name\" content=\"Vie Associative\" \/>\n<meta property=\"article:published_time\" content=\"2026-09-02T15:17:19+00:00\" \/>\n<meta property=\"og:image\" content=\"https:\/\/vieassociative.be\/actualites\/wp-content\/uploads\/2024\/09\/header_backgroundk-01-e1726694325946.png\" \/>\n\t<meta property=\"og:image:width\" content=\"279\" \/>\n\t<meta property=\"og:image:height\" content=\"92\" \/>\n\t<meta property=\"og:image:type\" content=\"image\/png\" \/>\n<meta name=\"author\" content=\"Julien\" \/>\n<meta name=\"twitter:card\" content=\"summary_large_image\" \/>\n<meta name=\"twitter:label1\" content=\"\u00c9crit par\" \/>\n\t<meta name=\"twitter:data1\" content=\"Julien\" \/>\n\t<meta name=\"twitter:label2\" content=\"Dur\u00e9e de lecture est.\" \/>\n\t<meta name=\"twitter:data2\" content=\"6 minutes\" \/>\n<script type=\"application\/ld+json\" class=\"yoast-schema-graph\">{\"@context\":\"https:\/\/schema.org\",\"@graph\":[{\"@type\":\"Article\",\"@id\":\"https:\/\/vieassociative.be\/actualites\/berlin-et-moscou-sur-la-voie-dune-collision-medvedev-lhomme-du-dur-de-poutine-menace-de-frappe-directe\/#article\",\"isPartOf\":{\"@id\":\"https:\/\/vieassociative.be\/actualites\/berlin-et-moscou-sur-la-voie-dune-collision-medvedev-lhomme-du-dur-de-poutine-menace-de-frappe-directe\/\"},\"author\":{\"name\":\"Julien\",\"@id\":\"https:\/\/vieassociative.be\/actualites\/#\/schema\/person\/b87ac4f82f9d4e7b7cec7395b679edc4\"},\"headline\":\"Berlin et Moscou sur la voie d&rsquo;une collision : Medvedev, l&rsquo;homme du dur de Poutine, menace de \u00ab frappe directe \u00bb\",\"datePublished\":\"2026-09-02T15:17:19+00:00\",\"dateModified\":\"2026-09-02T15:17:19+00:00\",\"mainEntityOfPage\":{\"@id\":\"https:\/\/vieassociative.be\/actualites\/berlin-et-moscou-sur-la-voie-dune-collision-medvedev-lhomme-du-dur-de-poutine-menace-de-frappe-directe\/\"},\"wordCount\":1308,\"publisher\":{\"@id\":\"https:\/\/vieassociative.be\/actualites\/#organization\"},\"image\":{\"@id\":\"https:\/\/vieassociative.be\/actualites\/berlin-et-moscou-sur-la-voie-dune-collision-medvedev-lhomme-du-dur-de-poutine-menace-de-frappe-directe\/#primaryimage\"},\"thumbnailUrl\":\"https:\/\/vieassociative.be\/actualites\/wp-content\/uploads\/2026\/09\/1788362241_Berlin-et-Moscou-sur-la-voie-dune-collision-Medvedev.jpg\",\"keywords\":[\"Berlin\",\"collision\",\"directe\",\"dune\",\"dur\",\"frappe\",\"Lhomme\",\"Medvedev\",\"menac\u00e9\",\"Moscou\",\"Poutine\",\"sur\",\"voie\"],\"articleSection\":[\"Belgique\"],\"inLanguage\":\"fr-BE\"},{\"@type\":\"WebPage\",\"@id\":\"https:\/\/vieassociative.be\/actualites\/berlin-et-moscou-sur-la-voie-dune-collision-medvedev-lhomme-du-dur-de-poutine-menace-de-frappe-directe\/\",\"url\":\"https:\/\/vieassociative.be\/actualites\/berlin-et-moscou-sur-la-voie-dune-collision-medvedev-lhomme-du-dur-de-poutine-menace-de-frappe-directe\/\",\"name\":\"Berlin et Moscou sur la voie d'une collision : Medvedev, l'homme du dur de Poutine, menace de \u00ab frappe directe \u00bb | Vie Associative\",\"isPartOf\":{\"@id\":\"https:\/\/vieassociative.be\/actualites\/#website\"},\"primaryImageOfPage\":{\"@id\":\"https:\/\/vieassociative.be\/actualites\/berlin-et-moscou-sur-la-voie-dune-collision-medvedev-lhomme-du-dur-de-poutine-menace-de-frappe-directe\/#primaryimage\"},\"image\":{\"@id\":\"https:\/\/vieassociative.be\/actualites\/berlin-et-moscou-sur-la-voie-dune-collision-medvedev-lhomme-du-dur-de-poutine-menace-de-frappe-directe\/#primaryimage\"},\"thumbnailUrl\":\"https:\/\/vieassociative.be\/actualites\/wp-content\/uploads\/2026\/09\/1788362241_Berlin-et-Moscou-sur-la-voie-dune-collision-Medvedev.jpg\",\"datePublished\":\"2026-09-02T15:17:19+00:00\",\"dateModified\":\"2026-09-02T15:17:19+00:00\",\"breadcrumb\":{\"@id\":\"https:\/\/vieassociative.be\/actualites\/berlin-et-moscou-sur-la-voie-dune-collision-medvedev-lhomme-du-dur-de-poutine-menace-de-frappe-directe\/#breadcrumb\"},\"inLanguage\":\"fr-BE\",\"potentialAction\":[{\"@type\":\"ReadAction\",\"target\":[\"https:\/\/vieassociative.be\/actualites\/berlin-et-moscou-sur-la-voie-dune-collision-medvedev-lhomme-du-dur-de-poutine-menace-de-frappe-directe\/\"]}]},{\"@type\":\"ImageObject\",\"inLanguage\":\"fr-BE\",\"@id\":\"https:\/\/vieassociative.be\/actualites\/berlin-et-moscou-sur-la-voie-dune-collision-medvedev-lhomme-du-dur-de-poutine-menace-de-frappe-directe\/#primaryimage\",\"url\":\"https:\/\/vieassociative.be\/actualites\/wp-content\/uploads\/2026\/09\/1788362241_Berlin-et-Moscou-sur-la-voie-dune-collision-Medvedev.jpg\",\"contentUrl\":\"https:\/\/vieassociative.be\/actualites\/wp-content\/uploads\/2026\/09\/1788362241_Berlin-et-Moscou-sur-la-voie-dune-collision-Medvedev.jpg\",\"width\":1200,\"height\":800,\"caption\":\"Berlin et Moscou sur la voie d'une collision : Medvedev, l'homme du dur de Poutine, menace de \u00ab frappe directe \u00bb\"},{\"@type\":\"BreadcrumbList\",\"@id\":\"https:\/\/vieassociative.be\/actualites\/berlin-et-moscou-sur-la-voie-dune-collision-medvedev-lhomme-du-dur-de-poutine-menace-de-frappe-directe\/#breadcrumb\",\"itemListElement\":[{\"@type\":\"ListItem\",\"position\":1,\"name\":\"Accueil\",\"item\":\"https:\/\/vieassociative.be\/actualites\/\"},{\"@type\":\"ListItem\",\"position\":2,\"name\":\"Berlin et Moscou sur la voie d&rsquo;une collision : Medvedev, l&rsquo;homme du dur de Poutine, menace de \u00ab frappe directe \u00bb\"}]},{\"@type\":\"WebSite\",\"@id\":\"https:\/\/vieassociative.be\/actualites\/#website\",\"url\":\"https:\/\/vieassociative.be\/actualites\/\",\"name\":\"Vie Associative\",\"description\":\"\",\"publisher\":{\"@id\":\"https:\/\/vieassociative.be\/actualites\/#organization\"},\"potentialAction\":[{\"@type\":\"SearchAction\",\"target\":{\"@type\":\"EntryPoint\",\"urlTemplate\":\"https:\/\/vieassociative.be\/actualites\/?s={search_term_string}\"},\"query-input\":{\"@type\":\"PropertyValueSpecification\",\"valueRequired\":true,\"valueName\":\"search_term_string\"}}],\"inLanguage\":\"fr-BE\"},{\"@type\":\"Organization\",\"@id\":\"https:\/\/vieassociative.be\/actualites\/#organization\",\"name\":\"Vie Associative\",\"url\":\"https:\/\/vieassociative.be\/actualites\/\",\"logo\":{\"@type\":\"ImageObject\",\"inLanguage\":\"fr-BE\",\"@id\":\"https:\/\/vieassociative.be\/actualites\/#\/schema\/logo\/image\/\",\"url\":\"https:\/\/vieassociative.be\/actualites\/wp-content\/uploads\/2024\/09\/cropped-vieassociative_favicon.ico.png\",\"contentUrl\":\"https:\/\/vieassociative.be\/actualites\/wp-content\/uploads\/2024\/09\/cropped-vieassociative_favicon.ico.png\",\"width\":512,\"height\":512,\"caption\":\"Vie Associative\"},\"image\":{\"@id\":\"https:\/\/vieassociative.be\/actualites\/#\/schema\/logo\/image\/\"}},{\"@type\":\"Person\",\"@id\":\"https:\/\/vieassociative.be\/actualites\/#\/schema\/person\/b87ac4f82f9d4e7b7cec7395b679edc4\",\"name\":\"Julien\",\"image\":{\"@type\":\"ImageObject\",\"inLanguage\":\"fr-BE\",\"@id\":\"https:\/\/vieassociative.be\/actualites\/#\/schema\/person\/image\/\",\"url\":\"https:\/\/vieassociative.be\/actualites\/wp-content\/uploads\/2024\/09\/vie-associative-1-150x150.jpg\",\"contentUrl\":\"https:\/\/vieassociative.be\/actualites\/wp-content\/uploads\/2024\/09\/vie-associative-1-150x150.jpg\",\"caption\":\"Julien\"},\"description\":\"Je suis Julien, r\u00e9dacteur pour Vie Associative. Passionn\u00e9 par le monde associatif depuis plus de 10 ans, j'ai \u00e0 c\u0153ur de partager des histoires inspirantes et de mettre en lumi\u00e8re les initiatives locales. Mon objectif est de sensibiliser et d'encourager l'engagement communautaire \u00e0 travers mes articles.\",\"sameAs\":[\"https:\/\/vieassociative.be\/\"]}]}<\/script>\n<!-- \/ Yoast SEO plugin. -->","yoast_head_json":{"title":"Berlin et Moscou sur la voie d'une collision : Medvedev, l'homme du dur de Poutine, menace de \u00ab frappe directe \u00bb | Vie Associative","robots":{"index":"index","follow":"follow","max-snippet":"max-snippet:-1","max-image-preview":"max-image-preview:large","max-video-preview":"max-video-preview:-1"},"canonical":"https:\/\/vieassociative.be\/actualites\/berlin-et-moscou-sur-la-voie-dune-collision-medvedev-lhomme-du-dur-de-poutine-menace-de-frappe-directe\/","og_locale":"fr_FR","og_type":"article","og_title":"Berlin et Moscou sur la voie d'une collision : Medvedev, l'homme du dur de Poutine, menace de \u00ab frappe directe \u00bb | Vie Associative","og_description":"Le gouvernement allemand a r\u00e9agi \u00e0 l\u2019attaque de drone de Leipzig par des mesures s\u00e9v\u00e8res contre la Russie. Moscou menace Berlin d\u2019une \u00ab frappe directe","og_url":"https:\/\/vieassociative.be\/actualites\/berlin-et-moscou-sur-la-voie-dune-collision-medvedev-lhomme-du-dur-de-poutine-menace-de-frappe-directe\/","og_site_name":"Vie Associative","article_published_time":"2026-09-02T15:17:19+00:00","og_image":[{"width":279,"height":92,"url":"https:\/\/vieassociative.be\/actualites\/wp-content\/uploads\/2024\/09\/header_backgroundk-01-e1726694325946.png","type":"image\/png"}],"author":"Julien","twitter_card":"summary_large_image","twitter_misc":{"\u00c9crit par":"Julien","Dur\u00e9e de lecture est.":"6 minutes"},"schema":{"@context":"https:\/\/schema.org","@graph":[{"@type":"Article","@id":"https:\/\/vieassociative.be\/actualites\/berlin-et-moscou-sur-la-voie-dune-collision-medvedev-lhomme-du-dur-de-poutine-menace-de-frappe-directe\/#article","isPartOf":{"@id":"https:\/\/vieassociative.be\/actualites\/berlin-et-moscou-sur-la-voie-dune-collision-medvedev-lhomme-du-dur-de-poutine-menace-de-frappe-directe\/"},"author":{"name":"Julien","@id":"https:\/\/vieassociative.be\/actualites\/#\/schema\/person\/b87ac4f82f9d4e7b7cec7395b679edc4"},"headline":"Berlin et Moscou sur la voie d&rsquo;une collision : Medvedev, l&rsquo;homme du dur de Poutine, menace de \u00ab frappe directe \u00bb","datePublished":"2026-09-02T15:17:19+00:00","dateModified":"2026-09-02T15:17:19+00:00","mainEntityOfPage":{"@id":"https:\/\/vieassociative.be\/actualites\/berlin-et-moscou-sur-la-voie-dune-collision-medvedev-lhomme-du-dur-de-poutine-menace-de-frappe-directe\/"},"wordCount":1308,"publisher":{"@id":"https:\/\/vieassociative.be\/actualites\/#organization"},"image":{"@id":"https:\/\/vieassociative.be\/actualites\/berlin-et-moscou-sur-la-voie-dune-collision-medvedev-lhomme-du-dur-de-poutine-menace-de-frappe-directe\/#primaryimage"},"thumbnailUrl":"https:\/\/vieassociative.be\/actualites\/wp-content\/uploads\/2026\/09\/1788362241_Berlin-et-Moscou-sur-la-voie-dune-collision-Medvedev.jpg","keywords":["Berlin","collision","directe","dune","dur","frappe","Lhomme","Medvedev","menac\u00e9","Moscou","Poutine","sur","voie"],"articleSection":["Belgique"],"inLanguage":"fr-BE"},{"@type":"WebPage","@id":"https:\/\/vieassociative.be\/actualites\/berlin-et-moscou-sur-la-voie-dune-collision-medvedev-lhomme-du-dur-de-poutine-menace-de-frappe-directe\/","url":"https:\/\/vieassociative.be\/actualites\/berlin-et-moscou-sur-la-voie-dune-collision-medvedev-lhomme-du-dur-de-poutine-menace-de-frappe-directe\/","name":"Berlin et Moscou sur la voie d'une collision : Medvedev, l'homme du dur de Poutine, menace de \u00ab frappe directe \u00bb | Vie Associative","isPartOf":{"@id":"https:\/\/vieassociative.be\/actualites\/#website"},"primaryImageOfPage":{"@id":"https:\/\/vieassociative.be\/actualites\/berlin-et-moscou-sur-la-voie-dune-collision-medvedev-lhomme-du-dur-de-poutine-menace-de-frappe-directe\/#primaryimage"},"image":{"@id":"https:\/\/vieassociative.be\/actualites\/berlin-et-moscou-sur-la-voie-dune-collision-medvedev-lhomme-du-dur-de-poutine-menace-de-frappe-directe\/#primaryimage"},"thumbnailUrl":"https:\/\/vieassociative.be\/actualites\/wp-content\/uploads\/2026\/09\/1788362241_Berlin-et-Moscou-sur-la-voie-dune-collision-Medvedev.jpg","datePublished":"2026-09-02T15:17:19+00:00","dateModified":"2026-09-02T15:17:19+00:00","breadcrumb":{"@id":"https:\/\/vieassociative.be\/actualites\/berlin-et-moscou-sur-la-voie-dune-collision-medvedev-lhomme-du-dur-de-poutine-menace-de-frappe-directe\/#breadcrumb"},"inLanguage":"fr-BE","potentialAction":[{"@type":"ReadAction","target":["https:\/\/vieassociative.be\/actualites\/berlin-et-moscou-sur-la-voie-dune-collision-medvedev-lhomme-du-dur-de-poutine-menace-de-frappe-directe\/"]}]},{"@type":"ImageObject","inLanguage":"fr-BE","@id":"https:\/\/vieassociative.be\/actualites\/berlin-et-moscou-sur-la-voie-dune-collision-medvedev-lhomme-du-dur-de-poutine-menace-de-frappe-directe\/#primaryimage","url":"https:\/\/vieassociative.be\/actualites\/wp-content\/uploads\/2026\/09\/1788362241_Berlin-et-Moscou-sur-la-voie-dune-collision-Medvedev.jpg","contentUrl":"https:\/\/vieassociative.be\/actualites\/wp-content\/uploads\/2026\/09\/1788362241_Berlin-et-Moscou-sur-la-voie-dune-collision-Medvedev.jpg","width":1200,"height":800,"caption":"Berlin et Moscou sur la voie d'une collision : Medvedev, l'homme du dur de Poutine, menace de \u00ab frappe directe \u00bb"},{"@type":"BreadcrumbList","@id":"https:\/\/vieassociative.be\/actualites\/berlin-et-moscou-sur-la-voie-dune-collision-medvedev-lhomme-du-dur-de-poutine-menace-de-frappe-directe\/#breadcrumb","itemListElement":[{"@type":"ListItem","position":1,"name":"Accueil","item":"https:\/\/vieassociative.be\/actualites\/"},{"@type":"ListItem","position":2,"name":"Berlin et Moscou sur la voie d&rsquo;une collision : Medvedev, l&rsquo;homme du dur de Poutine, menace de \u00ab frappe directe \u00bb"}]},{"@type":"WebSite","@id":"https:\/\/vieassociative.be\/actualites\/#website","url":"https:\/\/vieassociative.be\/actualites\/","name":"Vie Associative","description":"","publisher":{"@id":"https:\/\/vieassociative.be\/actualites\/#organization"},"potentialAction":[{"@type":"SearchAction","target":{"@type":"EntryPoint","urlTemplate":"https:\/\/vieassociative.be\/actualites\/?s={search_term_string}"},"query-input":{"@type":"PropertyValueSpecification","valueRequired":true,"valueName":"search_term_string"}}],"inLanguage":"fr-BE"},{"@type":"Organization","@id":"https:\/\/vieassociative.be\/actualites\/#organization","name":"Vie Associative","url":"https:\/\/vieassociative.be\/actualites\/","logo":{"@type":"ImageObject","inLanguage":"fr-BE","@id":"https:\/\/vieassociative.be\/actualites\/#\/schema\/logo\/image\/","url":"https:\/\/vieassociative.be\/actualites\/wp-content\/uploads\/2024\/09\/cropped-vieassociative_favicon.ico.png","contentUrl":"https:\/\/vieassociative.be\/actualites\/wp-content\/uploads\/2024\/09\/cropped-vieassociative_favicon.ico.png","width":512,"height":512,"caption":"Vie Associative"},"image":{"@id":"https:\/\/vieassociative.be\/actualites\/#\/schema\/logo\/image\/"}},{"@type":"Person","@id":"https:\/\/vieassociative.be\/actualites\/#\/schema\/person\/b87ac4f82f9d4e7b7cec7395b679edc4","name":"Julien","image":{"@type":"ImageObject","inLanguage":"fr-BE","@id":"https:\/\/vieassociative.be\/actualites\/#\/schema\/person\/image\/","url":"https:\/\/vieassociative.be\/actualites\/wp-content\/uploads\/2024\/09\/vie-associative-1-150x150.jpg","contentUrl":"https:\/\/vieassociative.be\/actualites\/wp-content\/uploads\/2024\/09\/vie-associative-1-150x150.jpg","caption":"Julien"},"description":"Je suis Julien, r\u00e9dacteur pour Vie Associative. Passionn\u00e9 par le monde associatif depuis plus de 10 ans, j'ai \u00e0 c\u0153ur de partager des histoires inspirantes et de mettre en lumi\u00e8re les initiatives locales. Mon objectif est de sensibiliser et d'encourager l'engagement communautaire \u00e0 travers mes articles.","sameAs":["https:\/\/vieassociative.be\/"]}]}},"_links":{"self":[{"href":"https:\/\/vieassociative.be\/actualites\/wp-json\/wp\/v2\/posts\/15188"}],"collection":[{"href":"https:\/\/vieassociative.be\/actualites\/wp-json\/wp\/v2\/posts"}],"about":[{"href":"https:\/\/vieassociative.be\/actualites\/wp-json\/wp\/v2\/types\/post"}],"author":[{"embeddable":true,"href":"https:\/\/vieassociative.be\/actualites\/wp-json\/wp\/v2\/users\/1"}],"replies":[{"embeddable":true,"href":"https:\/\/vieassociative.be\/actualites\/wp-json\/wp\/v2\/comments?post=15188"}],"version-history":[{"count":0,"href":"https:\/\/vieassociative.be\/actualites\/wp-json\/wp\/v2\/posts\/15188\/revisions"}],"wp:featuredmedia":[{"embeddable":true,"href":"https:\/\/vieassociative.be\/actualites\/wp-json\/wp\/v2\/media\/15189"}],"wp:attachment":[{"href":"https:\/\/vieassociative.be\/actualites\/wp-json\/wp\/v2\/media?parent=15188"}],"wp:term":[{"taxonomy":"category","embeddable":true,"href":"https:\/\/vieassociative.be\/actualites\/wp-json\/wp\/v2\/categories?post=15188"},{"taxonomy":"post_tag","embeddable":true,"href":"https:\/\/vieassociative.be\/actualites\/wp-json\/wp\/v2\/tags?post=15188"}],"curies":[{"name":"wp","href":"https:\/\/api.w.org\/{rel}","templated":true}]}}