{"id":15184,"date":"2026-09-02T11:17:11","date_gmt":"2026-09-02T09:17:11","guid":{"rendered":"https:\/\/vieassociative.be\/actualites\/un-deuxieme-clown-a-eupen-galerie-photo\/"},"modified":"2026-09-02T11:17:11","modified_gmt":"2026-09-02T09:17:11","slug":"un-deuxieme-clown-a-eupen-galerie-photo","status":"publish","type":"post","link":"https:\/\/vieassociative.be\/actualites\/un-deuxieme-clown-a-eupen-galerie-photo\/","title":{"rendered":"Un deuxi\u00e8me clown \u00e0 Eupen (galerie photo)"},"content":{"rendered":"<p><strong>C&rsquo;\u00e9tait sans doute un quartier un peu insolite dimanche dernier \u00e0 Eupen : \u00e0 deux pas du clown de pierre de la Bergstrasse, qui rappelle le carnaval d&rsquo;Eupen depuis 1958, Gustave Malheur, clown vivant, se tenait sur la Kl\u00f6tzerbahn.<\/strong><\/p>\n<p><span id=\"more-441746\"><\/span>Le clown d&rsquo;Eupen fait depuis longtemps partie du paysage urbain. Cr\u00e9\u00e9 par le sculpteur eupenois Joseph Braun et construit \u00e0 l&rsquo;initiative des soci\u00e9t\u00e9s carnavalesques d&rsquo;Eupen, il fut inaugur\u00e9 le 14 juin 1958. Symbole du Carnaval d&rsquo;Eupen, il rappelle encore aujourd&rsquo;hui que l&rsquo;humour et la joie de vivre ont leur place dans la ville.<\/p>\n<div id=\"attachment_441751\" class=\"wp-caption alignleft\" style=\"max-width: 300px\"><img fetchpriority=\"high\" decoding=\"async\" class=\"wp-image-441751 size-medium\" src=\"https:\/\/vieassociative.be\/actualites\/wp-content\/uploads\/2026\/09\/Un-deuxieme-clown-a-Eupen-galerie-photo.jpg\" alt=\"\" width=\"300\" height=\"200\"><\/div>\n<p>Mais pourquoi y a-t-il encore des clowns ? \u00c0 l\u2019\u00e8re des smartphones, des jeux informatiques, des films et de l\u2019intelligence artificielle, on pourrait penser que la figure du clown est depuis longtemps d\u00e9pass\u00e9e. Le contraire semble \u00eatre le cas. Peut-\u00eatre pr\u00e9cis\u00e9ment parce qu&rsquo;un clown fait quelque chose qui ne peut pas \u00eatre num\u00e9ris\u00e9 : il se retrouve face \u00e0 vous, r\u00e9agit \u00e0 son public et cr\u00e9e un moment qui n&rsquo;existe qu&rsquo;ici et maintenant.<\/p>\n<p>Cela s&rsquo;est \u00e9galement av\u00e9r\u00e9 dimanche \u00e0 la Kl\u00f6tzerbahn. Gustave Malheur a surtout affaire \u00e0 des enfants, qui se m\u00ealent volontiers de son petit monde.<\/p>\n<div id=\"attachment_422577\" class=\"wp-caption alignleft\" style=\"max-width: 200px\"><img decoding=\"async\" class=\"wp-image-422577 size-medium\" src=\"https:\/\/vieassociative.be\/actualites\/wp-content\/uploads\/2026\/09\/1788340629_579_Un-deuxieme-clown-a-Eupen-galerie-photo.jpg\" alt=\"\" width=\"200\" height=\"300\"  ><\/div>\n<p>Les enfants sont particuli\u00e8rement fascin\u00e9s par le clown. Il est autoris\u00e9 \u00e0 faire des choses qui seraient autrement interdites ou pour le moins inhabituelles : il tr\u00e9buche, fait des erreurs, agit de mani\u00e8re maladroite, surprend et d\u00e9forme les r\u00e8gles de la vie quotidienne. Et contrairement au monde des adultes, il n\u2019exige pas que tout fonctionne parfaitement. Les choses peuvent mal tourner avec le clown \u2013 et c&rsquo;est de l\u00e0 que vient le plaisir.<\/p>\n<p>Peut-\u00eatre que les enfants y reconnaissent aussi quelque chose sur eux-m\u00eames. Le clown n&rsquo;est pas sup\u00e9rieur, mais souvent celui qui ne sait pas quoi faire ensuite. Il essaie quelque chose, \u00e9choue, se rel\u00e8ve et continue. Il vous invite \u00e0 participer sans avoir \u00e0 expliquer grand-chose.<\/p>\n<p>Gustave Malheur n&rsquo;a pas besoin pour cela d&rsquo;un d\u00e9cor \u00e9labor\u00e9. Un geste, un regard, une id\u00e9e surprenante \u2013 et une connexion se cr\u00e9e. Le clown se nourrit des rencontres directes et du jeu du public.<\/p>\n<p>Ce c\u00f4t\u00e9 particulier du clown se retrouve \u00e9galement dans les CliniClowns de l&rsquo;Est de la Belgique. Il ne s&rsquo;agit pas avant tout d&rsquo;un spectacle, mais des gens. Avec de la musique, de la magie, de la jonglerie et beaucoup d&rsquo;imagination, ils apportent un peu de l\u00e9g\u00e8ret\u00e9 dans des lieux o\u00f9 la vie est parfois difficile.<\/p>\n<p>C&rsquo;est peut-\u00eatre pour cela que le clown a surv\u00e9cu \u00e0 l&rsquo;\u00e9preuve du temps : il nous fait rire sans avoir besoin d&rsquo;\u00e9cran. Il peut \u00eatre idiot, \u00e9chouer et se moquer de lui-m\u00eame. (cr\u00e9er)<\/p>\n<p><em><strong>Ci-dessous, une GALERIE DE PHOTOS avec des images du photographe Patrick von Staufenberg de la repr\u00e9sentation du clown Gustave Malheur dimanche dernier \u00e0 la Kl\u00f6tzerbahn \u00e0 Eupen (cliquez sur l&rsquo;image pour l&rsquo;agrandir) : <\/strong><\/em><\/p>\n<div class=\"wp-gallery row\">\n<figure class=\"column small-6 medium-3 end\"><img decoding=\"async\" src=\"https:\/\/vieassociative.be\/actualites\/wp-content\/uploads\/2026\/09\/1788340629_601_Un-deuxieme-clown-a-Eupen-galerie-photo.jpg\" width=\"159\" height=\"159\" alt=\"\"><\/figure>\n<figure class=\"column small-6 medium-3 end\"><img loading=\"lazy\" decoding=\"async\" src=\"https:\/\/vieassociative.be\/actualites\/wp-content\/uploads\/2026\/09\/1788340629_63_Un-deuxieme-clown-a-Eupen-galerie-photo.jpg\" width=\"159\" height=\"159\" alt=\"\"><\/figure>\n<figure class=\"column small-6 medium-3 end\"><img loading=\"lazy\" decoding=\"async\" src=\"https:\/\/vieassociative.be\/actualites\/wp-content\/uploads\/2026\/09\/1788340629_905_Un-deuxieme-clown-a-Eupen-galerie-photo.jpg\" width=\"159\" height=\"159\" alt=\"\"><\/figure>\n<figure class=\"column small-6 medium-3 end\"><img loading=\"lazy\" decoding=\"async\" src=\"https:\/\/vieassociative.be\/actualites\/wp-content\/uploads\/2026\/09\/1788340629_606_Un-deuxieme-clown-a-Eupen-galerie-photo.jpg\" width=\"159\" height=\"159\" alt=\"\"><\/figure>\n<figure class=\"column small-6 medium-3 end\"><img loading=\"lazy\" decoding=\"async\" src=\"https:\/\/vieassociative.be\/actualites\/wp-content\/uploads\/2026\/09\/1788340629_807_Un-deuxieme-clown-a-Eupen-galerie-photo.jpg\" width=\"159\" height=\"159\" alt=\"\"><\/figure>\n<figure class=\"column small-6 medium-3 end\"><img loading=\"lazy\" decoding=\"async\" src=\"https:\/\/vieassociative.be\/actualites\/wp-content\/uploads\/2026\/09\/1788340629_670_Un-deuxieme-clown-a-Eupen-galerie-photo.jpg\" width=\"159\" height=\"159\" alt=\"\"><\/figure>\n<figure class=\"column small-6 medium-3 end\"><img loading=\"lazy\" decoding=\"async\" src=\"https:\/\/vieassociative.be\/actualites\/wp-content\/uploads\/2026\/09\/1788340629_750_Un-deuxieme-clown-a-Eupen-galerie-photo.jpg\" width=\"159\" height=\"159\" alt=\"\"><\/figure>\n<figure class=\"column small-6 medium-3 end\"><img loading=\"lazy\" decoding=\"async\" src=\"https:\/\/vieassociative.be\/actualites\/wp-content\/uploads\/2026\/09\/1788340629_832_Un-deuxieme-clown-a-Eupen-galerie-photo.jpg\" width=\"159\" height=\"159\" alt=\"\"><\/figure>\n<figure class=\"column small-6 medium-3 end\"><img loading=\"lazy\" decoding=\"async\" src=\"https:\/\/vieassociative.be\/actualites\/wp-content\/uploads\/2026\/09\/1788340629_974_Un-deuxieme-clown-a-Eupen-galerie-photo.jpg\" width=\"159\" height=\"159\" alt=\"\"><\/figure>\n<figure class=\"column small-6 medium-3 end\"><img loading=\"lazy\" decoding=\"async\" src=\"https:\/\/vieassociative.be\/actualites\/wp-content\/uploads\/2026\/09\/1788340629_993_Un-deuxieme-clown-a-Eupen-galerie-photo.jpg\" width=\"159\" height=\"159\" alt=\"\"><\/figure>\n<figure class=\"column small-6 medium-3 end\"><img loading=\"lazy\" decoding=\"async\" src=\"https:\/\/vieassociative.be\/actualites\/wp-content\/uploads\/2026\/09\/1788340629_491_Un-deuxieme-clown-a-Eupen-galerie-photo.jpg\" width=\"159\" height=\"159\" alt=\"\"><\/figure>\n<figure class=\"column small-6 medium-3 end\"><img loading=\"lazy\" decoding=\"async\" src=\"https:\/\/vieassociative.be\/actualites\/wp-content\/uploads\/2026\/09\/1788340630_343_Un-deuxieme-clown-a-Eupen-galerie-photo.jpg\" width=\"159\" height=\"159\" alt=\"\"><\/figure>\n<figure class=\"column small-6 medium-3 end\"><img loading=\"lazy\" decoding=\"async\" src=\"https:\/\/vieassociative.be\/actualites\/wp-content\/uploads\/2026\/09\/1788340630_822_Un-deuxieme-clown-a-Eupen-galerie-photo.jpg\" width=\"159\" height=\"159\" alt=\"\"><\/figure>\n<figure class=\"column small-6 medium-3 end\"><img loading=\"lazy\" decoding=\"async\" src=\"https:\/\/vieassociative.be\/actualites\/wp-content\/uploads\/2026\/09\/1788340630_31_Un-deuxieme-clown-a-Eupen-galerie-photo.jpg\" width=\"159\" height=\"159\" alt=\"\"><\/figure>\n<figure class=\"column small-6 medium-3 end\"><img loading=\"lazy\" decoding=\"async\" src=\"https:\/\/vieassociative.be\/actualites\/wp-content\/uploads\/2026\/09\/1788340630_793_Un-deuxieme-clown-a-Eupen-galerie-photo.jpg\" width=\"159\" height=\"159\" alt=\"\"><\/figure>\n<figure class=\"column small-6 medium-3 end\"><img loading=\"lazy\" decoding=\"async\" src=\"https:\/\/vieassociative.be\/actualites\/wp-content\/uploads\/2026\/09\/1788340630_601_Un-deuxieme-clown-a-Eupen-galerie-photo.jpg\" width=\"159\" height=\"159\" alt=\"\"><\/figure>\n<figure class=\"column small-6 medium-3 end\"><img loading=\"lazy\" decoding=\"async\" src=\"https:\/\/vieassociative.be\/actualites\/wp-content\/uploads\/2026\/09\/1788340630_839_Un-deuxieme-clown-a-Eupen-galerie-photo.jpg\" width=\"159\" height=\"159\" alt=\"\"><\/figure>\n<figure class=\"column small-6 medium-3 end\"><img loading=\"lazy\" decoding=\"async\" src=\"https:\/\/vieassociative.be\/actualites\/wp-content\/uploads\/2026\/09\/1788340630_54_Un-deuxieme-clown-a-Eupen-galerie-photo.jpg\" width=\"159\" height=\"159\" alt=\"\"><\/figure>\n<figure class=\"column small-6 medium-3 end\"><img loading=\"lazy\" decoding=\"async\" src=\"https:\/\/vieassociative.be\/actualites\/wp-content\/uploads\/2026\/09\/1788340630_747_Un-deuxieme-clown-a-Eupen-galerie-photo.jpg\" width=\"159\" height=\"159\" alt=\"\"><\/figure>\n<figure class=\"column small-6 medium-3 end\"><img loading=\"lazy\" decoding=\"async\" src=\"https:\/\/vieassociative.be\/actualites\/wp-content\/uploads\/2026\/09\/1788340630_935_Un-deuxieme-clown-a-Eupen-galerie-photo.jpg\" width=\"159\" height=\"159\" alt=\"\"><\/figure>\n<figure class=\"column small-6 medium-3 end\"><img loading=\"lazy\" decoding=\"async\" src=\"https:\/\/vieassociative.be\/actualites\/wp-content\/uploads\/2026\/09\/1788340630_403_Un-deuxieme-clown-a-Eupen-galerie-photo.jpg\" width=\"159\" height=\"159\" alt=\"\"><\/figure>\n<figure class=\"column small-6 medium-3 end\"><img loading=\"lazy\" decoding=\"async\" src=\"https:\/\/vieassociative.be\/actualites\/wp-content\/uploads\/2026\/09\/1788340630_650_Un-deuxieme-clown-a-Eupen-galerie-photo.jpg\" width=\"159\" height=\"159\" alt=\"\"><\/figure>\n<figure class=\"column small-6 medium-3 end\"><img loading=\"lazy\" decoding=\"async\" src=\"https:\/\/vieassociative.be\/actualites\/wp-content\/uploads\/2026\/09\/1788340630_638_Un-deuxieme-clown-a-Eupen-galerie-photo.jpg\" width=\"159\" height=\"159\" alt=\"\"><\/figure>\n<figure class=\"column small-6 medium-3 end\"><img loading=\"lazy\" decoding=\"async\" src=\"https:\/\/vieassociative.be\/actualites\/wp-content\/uploads\/2026\/09\/1788340630_377_Un-deuxieme-clown-a-Eupen-galerie-photo.jpg\" width=\"159\" height=\"159\" alt=\"\"><\/figure>\n<figure class=\"column small-6 medium-3 end\"><img loading=\"lazy\" decoding=\"async\" src=\"https:\/\/vieassociative.be\/actualites\/wp-content\/uploads\/2026\/09\/1788340630_808_Un-deuxieme-clown-a-Eupen-galerie-photo.jpg\" width=\"159\" height=\"159\" alt=\"\"><\/figure>\n<figure class=\"column small-6 medium-3 end\"><img loading=\"lazy\" decoding=\"async\" src=\"https:\/\/vieassociative.be\/actualites\/wp-content\/uploads\/2026\/09\/1788340630_487_Un-deuxieme-clown-a-Eupen-galerie-photo.jpg\" width=\"159\" height=\"159\" alt=\"\"><\/figure>\n<figure class=\"column small-6 medium-3 end\"><img loading=\"lazy\" decoding=\"async\" src=\"https:\/\/vieassociative.be\/actualites\/wp-content\/uploads\/2026\/09\/1788340630_695_Un-deuxieme-clown-a-Eupen-galerie-photo.jpg\" width=\"159\" height=\"159\" alt=\"\"><\/figure>\n<figure class=\"column small-6 medium-3 end\"><img loading=\"lazy\" decoding=\"async\" src=\"https:\/\/vieassociative.be\/actualites\/wp-content\/uploads\/2026\/09\/1788340630_519_Un-deuxieme-clown-a-Eupen-galerie-photo.jpg\" width=\"159\" height=\"159\" alt=\"\"><\/figure>\n<figure class=\"column small-6 medium-3 end\"><img loading=\"lazy\" decoding=\"async\" src=\"https:\/\/vieassociative.be\/actualites\/wp-content\/uploads\/2026\/09\/1788340630_227_Un-deuxieme-clown-a-Eupen-galerie-photo.jpg\" width=\"159\" height=\"159\" alt=\"\"><\/figure>\n<figure class=\"column small-6 medium-3 end\"><img loading=\"lazy\" decoding=\"async\" src=\"https:\/\/vieassociative.be\/actualites\/wp-content\/uploads\/2026\/09\/1788340630_648_Un-deuxieme-clown-a-Eupen-galerie-photo.jpg\" width=\"159\" height=\"159\" alt=\"\"><\/figure>\n<figure class=\"column small-6 medium-3 end\"><img loading=\"lazy\" decoding=\"async\" src=\"https:\/\/vieassociative.be\/actualites\/wp-content\/uploads\/2026\/09\/1788340630_800_Un-deuxieme-clown-a-Eupen-galerie-photo.jpg\" width=\"159\" height=\"159\" alt=\"\"><\/figure>\n<figure class=\"column small-6 medium-3 end\"><img loading=\"lazy\" decoding=\"async\" src=\"https:\/\/vieassociative.be\/actualites\/wp-content\/uploads\/2026\/09\/1788340630_367_Un-deuxieme-clown-a-Eupen-galerie-photo.jpg\" width=\"159\" height=\"159\" alt=\"\"><\/figure>\n<figure class=\"column small-6 medium-3 end\"><img loading=\"lazy\" decoding=\"async\" src=\"https:\/\/vieassociative.be\/actualites\/wp-content\/uploads\/2026\/09\/1788340630_15_Un-deuxieme-clown-a-Eupen-galerie-photo.jpg\" width=\"159\" height=\"159\" alt=\"\"><\/figure>\n<figure class=\"column small-6 medium-3 end\"><img loading=\"lazy\" decoding=\"async\" src=\"https:\/\/vieassociative.be\/actualites\/wp-content\/uploads\/2026\/09\/1788340630_546_Un-deuxieme-clown-a-Eupen-galerie-photo.jpg\" width=\"159\" height=\"159\" alt=\"\"><\/figure>\n<figure class=\"column small-6 medium-3 end\"><img loading=\"lazy\" decoding=\"async\" src=\"https:\/\/vieassociative.be\/actualites\/wp-content\/uploads\/2026\/09\/1788340630_296_Un-deuxieme-clown-a-Eupen-galerie-photo.jpg\" width=\"159\" height=\"159\" alt=\"\"><\/figure>\n<figure class=\"column small-6 medium-3 end\"><img loading=\"lazy\" decoding=\"async\" src=\"https:\/\/vieassociative.be\/actualites\/wp-content\/uploads\/2026\/09\/1788340630_324_Un-deuxieme-clown-a-Eupen-galerie-photo.jpg\" width=\"159\" height=\"159\" alt=\"\"><\/figure>\n<figure class=\"column small-6 medium-3 end\"><img loading=\"lazy\" decoding=\"async\" src=\"https:\/\/vieassociative.be\/actualites\/wp-content\/uploads\/2026\/09\/1788340630_128_Un-deuxieme-clown-a-Eupen-galerie-photo.jpg\" width=\"159\" height=\"159\" alt=\"\"><\/figure>\n<figure class=\"column small-6 medium-3 end\"><img loading=\"lazy\" decoding=\"async\" src=\"https:\/\/vieassociative.be\/actualites\/wp-content\/uploads\/2026\/09\/1788340631_64_Un-deuxieme-clown-a-Eupen-galerie-photo.jpg\" width=\"159\" height=\"159\" alt=\"\"><\/figure>\n<figure class=\"column small-6 medium-3 end\"><img loading=\"lazy\" decoding=\"async\" src=\"https:\/\/vieassociative.be\/actualites\/wp-content\/uploads\/2026\/09\/1788340631_310_Un-deuxieme-clown-a-Eupen-galerie-photo.jpg\" width=\"159\" height=\"159\" alt=\"\"><\/figure>\n<figure class=\"column small-6 medium-3 end\"><img loading=\"lazy\" decoding=\"async\" src=\"https:\/\/vieassociative.be\/actualites\/wp-content\/uploads\/2026\/09\/1788340631_488_Un-deuxieme-clown-a-Eupen-galerie-photo.jpg\" width=\"159\" height=\"159\" alt=\"\"><\/figure>\n<\/div>\n","protected":false},"excerpt":{"rendered":"<p>C&rsquo;\u00e9tait sans doute un quartier un peu insolite dimanche dernier \u00e0 Eupen : \u00e0 deux pas du clown de pierre de la Bergstrasse, qui rappelle<\/p>\n","protected":false},"author":1,"featured_media":15185,"comment_status":"","ping_status":"","sticky":false,"template":"","format":"standard","meta":{"footnotes":""},"categories":[298],"tags":[6703,2525,2329,3257,2013],"class_list":["post-15184","post","type-post","status-publish","format-standard","has-post-thumbnail","hentry","category-belgique","tag-clown","tag-deuxieme","tag-eupen","tag-galerie","tag-photo","generate-columns","tablet-grid-50","mobile-grid-100","grid-parent","grid-33"],"yoast_head":"<!-- This site is optimized with the Yoast SEO plugin v24.0 - https:\/\/yoast.com\/wordpress\/plugins\/seo\/ -->\n<title>Un deuxi\u00e8me clown \u00e0 Eupen (galerie photo) | Vie Associative<\/title>\n<meta name=\"robots\" content=\"index, follow, max-snippet:-1, max-image-preview:large, max-video-preview:-1\" \/>\n<link rel=\"canonical\" href=\"https:\/\/vieassociative.be\/actualites\/un-deuxieme-clown-a-eupen-galerie-photo\/\" \/>\n<meta property=\"og:locale\" content=\"fr_FR\" \/>\n<meta property=\"og:type\" content=\"article\" \/>\n<meta property=\"og:title\" content=\"Un deuxi\u00e8me clown \u00e0 Eupen (galerie photo) | Vie Associative\" \/>\n<meta property=\"og:description\" content=\"C&rsquo;\u00e9tait sans doute un quartier un peu insolite dimanche dernier \u00e0 Eupen : \u00e0 deux pas du clown de pierre de la Bergstrasse, qui rappelle\" \/>\n<meta property=\"og:url\" content=\"https:\/\/vieassociative.be\/actualites\/un-deuxieme-clown-a-eupen-galerie-photo\/\" \/>\n<meta property=\"og:site_name\" content=\"Vie Associative\" \/>\n<meta property=\"article:published_time\" content=\"2026-09-02T09:17:11+00:00\" \/>\n<meta property=\"og:image\" content=\"https:\/\/vieassociative.be\/actualites\/wp-content\/uploads\/2024\/09\/header_backgroundk-01-e1726694325946.png\" \/>\n\t<meta property=\"og:image:width\" content=\"279\" \/>\n\t<meta property=\"og:image:height\" content=\"92\" \/>\n\t<meta property=\"og:image:type\" content=\"image\/png\" \/>\n<meta name=\"author\" content=\"Julien\" \/>\n<meta name=\"twitter:card\" content=\"summary_large_image\" \/>\n<meta name=\"twitter:label1\" content=\"\u00c9crit par\" \/>\n\t<meta name=\"twitter:data1\" content=\"Julien\" \/>\n\t<meta name=\"twitter:label2\" content=\"Dur\u00e9e de lecture est.\" \/>\n\t<meta name=\"twitter:data2\" content=\"2 minutes\" \/>\n<script type=\"application\/ld+json\" class=\"yoast-schema-graph\">{\"@context\":\"https:\/\/schema.org\",\"@graph\":[{\"@type\":\"Article\",\"@id\":\"https:\/\/vieassociative.be\/actualites\/un-deuxieme-clown-a-eupen-galerie-photo\/#article\",\"isPartOf\":{\"@id\":\"https:\/\/vieassociative.be\/actualites\/un-deuxieme-clown-a-eupen-galerie-photo\/\"},\"author\":{\"name\":\"Julien\",\"@id\":\"https:\/\/vieassociative.be\/actualites\/#\/schema\/person\/b87ac4f82f9d4e7b7cec7395b679edc4\"},\"headline\":\"Un deuxi\u00e8me clown \u00e0 Eupen (galerie photo)\",\"datePublished\":\"2026-09-02T09:17:11+00:00\",\"dateModified\":\"2026-09-02T09:17:11+00:00\",\"mainEntityOfPage\":{\"@id\":\"https:\/\/vieassociative.be\/actualites\/un-deuxieme-clown-a-eupen-galerie-photo\/\"},\"wordCount\":509,\"publisher\":{\"@id\":\"https:\/\/vieassociative.be\/actualites\/#organization\"},\"image\":{\"@id\":\"https:\/\/vieassociative.be\/actualites\/un-deuxieme-clown-a-eupen-galerie-photo\/#primaryimage\"},\"thumbnailUrl\":\"https:\/\/vieassociative.be\/actualites\/wp-content\/uploads\/2026\/09\/1788340635_Un-deuxieme-clown-a-Eupen-galerie-photo.jpg\",\"keywords\":[\"Clown\",\"deuxi\u00e8me\",\"Eupen\",\"galerie\",\"photo\"],\"articleSection\":[\"Belgique\"],\"inLanguage\":\"fr-BE\"},{\"@type\":\"WebPage\",\"@id\":\"https:\/\/vieassociative.be\/actualites\/un-deuxieme-clown-a-eupen-galerie-photo\/\",\"url\":\"https:\/\/vieassociative.be\/actualites\/un-deuxieme-clown-a-eupen-galerie-photo\/\",\"name\":\"Un deuxi\u00e8me clown \u00e0 Eupen (galerie photo) | Vie Associative\",\"isPartOf\":{\"@id\":\"https:\/\/vieassociative.be\/actualites\/#website\"},\"primaryImageOfPage\":{\"@id\":\"https:\/\/vieassociative.be\/actualites\/un-deuxieme-clown-a-eupen-galerie-photo\/#primaryimage\"},\"image\":{\"@id\":\"https:\/\/vieassociative.be\/actualites\/un-deuxieme-clown-a-eupen-galerie-photo\/#primaryimage\"},\"thumbnailUrl\":\"https:\/\/vieassociative.be\/actualites\/wp-content\/uploads\/2026\/09\/1788340635_Un-deuxieme-clown-a-Eupen-galerie-photo.jpg\",\"datePublished\":\"2026-09-02T09:17:11+00:00\",\"dateModified\":\"2026-09-02T09:17:11+00:00\",\"breadcrumb\":{\"@id\":\"https:\/\/vieassociative.be\/actualites\/un-deuxieme-clown-a-eupen-galerie-photo\/#breadcrumb\"},\"inLanguage\":\"fr-BE\",\"potentialAction\":[{\"@type\":\"ReadAction\",\"target\":[\"https:\/\/vieassociative.be\/actualites\/un-deuxieme-clown-a-eupen-galerie-photo\/\"]}]},{\"@type\":\"ImageObject\",\"inLanguage\":\"fr-BE\",\"@id\":\"https:\/\/vieassociative.be\/actualites\/un-deuxieme-clown-a-eupen-galerie-photo\/#primaryimage\",\"url\":\"https:\/\/vieassociative.be\/actualites\/wp-content\/uploads\/2026\/09\/1788340635_Un-deuxieme-clown-a-Eupen-galerie-photo.jpg\",\"contentUrl\":\"https:\/\/vieassociative.be\/actualites\/wp-content\/uploads\/2026\/09\/1788340635_Un-deuxieme-clown-a-Eupen-galerie-photo.jpg\",\"width\":1200,\"height\":800,\"caption\":\"Un deuxi\u00e8me clown \u00e0 Eupen (galerie photo)\"},{\"@type\":\"BreadcrumbList\",\"@id\":\"https:\/\/vieassociative.be\/actualites\/un-deuxieme-clown-a-eupen-galerie-photo\/#breadcrumb\",\"itemListElement\":[{\"@type\":\"ListItem\",\"position\":1,\"name\":\"Accueil\",\"item\":\"https:\/\/vieassociative.be\/actualites\/\"},{\"@type\":\"ListItem\",\"position\":2,\"name\":\"Un deuxi\u00e8me clown \u00e0 Eupen (galerie photo)\"}]},{\"@type\":\"WebSite\",\"@id\":\"https:\/\/vieassociative.be\/actualites\/#website\",\"url\":\"https:\/\/vieassociative.be\/actualites\/\",\"name\":\"Vie Associative\",\"description\":\"\",\"publisher\":{\"@id\":\"https:\/\/vieassociative.be\/actualites\/#organization\"},\"potentialAction\":[{\"@type\":\"SearchAction\",\"target\":{\"@type\":\"EntryPoint\",\"urlTemplate\":\"https:\/\/vieassociative.be\/actualites\/?s={search_term_string}\"},\"query-input\":{\"@type\":\"PropertyValueSpecification\",\"valueRequired\":true,\"valueName\":\"search_term_string\"}}],\"inLanguage\":\"fr-BE\"},{\"@type\":\"Organization\",\"@id\":\"https:\/\/vieassociative.be\/actualites\/#organization\",\"name\":\"Vie Associative\",\"url\":\"https:\/\/vieassociative.be\/actualites\/\",\"logo\":{\"@type\":\"ImageObject\",\"inLanguage\":\"fr-BE\",\"@id\":\"https:\/\/vieassociative.be\/actualites\/#\/schema\/logo\/image\/\",\"url\":\"https:\/\/vieassociative.be\/actualites\/wp-content\/uploads\/2024\/09\/cropped-vieassociative_favicon.ico.png\",\"contentUrl\":\"https:\/\/vieassociative.be\/actualites\/wp-content\/uploads\/2024\/09\/cropped-vieassociative_favicon.ico.png\",\"width\":512,\"height\":512,\"caption\":\"Vie Associative\"},\"image\":{\"@id\":\"https:\/\/vieassociative.be\/actualites\/#\/schema\/logo\/image\/\"}},{\"@type\":\"Person\",\"@id\":\"https:\/\/vieassociative.be\/actualites\/#\/schema\/person\/b87ac4f82f9d4e7b7cec7395b679edc4\",\"name\":\"Julien\",\"image\":{\"@type\":\"ImageObject\",\"inLanguage\":\"fr-BE\",\"@id\":\"https:\/\/vieassociative.be\/actualites\/#\/schema\/person\/image\/\",\"url\":\"https:\/\/vieassociative.be\/actualites\/wp-content\/uploads\/2024\/09\/vie-associative-1-150x150.jpg\",\"contentUrl\":\"https:\/\/vieassociative.be\/actualites\/wp-content\/uploads\/2024\/09\/vie-associative-1-150x150.jpg\",\"caption\":\"Julien\"},\"description\":\"Je suis Julien, r\u00e9dacteur pour Vie Associative. Passionn\u00e9 par le monde associatif depuis plus de 10 ans, j'ai \u00e0 c\u0153ur de partager des histoires inspirantes et de mettre en lumi\u00e8re les initiatives locales. Mon objectif est de sensibiliser et d'encourager l'engagement communautaire \u00e0 travers mes articles.\",\"sameAs\":[\"https:\/\/vieassociative.be\/\"]}]}<\/script>\n<!-- \/ Yoast SEO plugin. -->","yoast_head_json":{"title":"Un deuxi\u00e8me clown \u00e0 Eupen (galerie photo) | Vie Associative","robots":{"index":"index","follow":"follow","max-snippet":"max-snippet:-1","max-image-preview":"max-image-preview:large","max-video-preview":"max-video-preview:-1"},"canonical":"https:\/\/vieassociative.be\/actualites\/un-deuxieme-clown-a-eupen-galerie-photo\/","og_locale":"fr_FR","og_type":"article","og_title":"Un deuxi\u00e8me clown \u00e0 Eupen (galerie photo) | Vie Associative","og_description":"C&rsquo;\u00e9tait sans doute un quartier un peu insolite dimanche dernier \u00e0 Eupen : \u00e0 deux pas du clown de pierre de la Bergstrasse, qui rappelle","og_url":"https:\/\/vieassociative.be\/actualites\/un-deuxieme-clown-a-eupen-galerie-photo\/","og_site_name":"Vie Associative","article_published_time":"2026-09-02T09:17:11+00:00","og_image":[{"width":279,"height":92,"url":"https:\/\/vieassociative.be\/actualites\/wp-content\/uploads\/2024\/09\/header_backgroundk-01-e1726694325946.png","type":"image\/png"}],"author":"Julien","twitter_card":"summary_large_image","twitter_misc":{"\u00c9crit par":"Julien","Dur\u00e9e de lecture est.":"2 minutes"},"schema":{"@context":"https:\/\/schema.org","@graph":[{"@type":"Article","@id":"https:\/\/vieassociative.be\/actualites\/un-deuxieme-clown-a-eupen-galerie-photo\/#article","isPartOf":{"@id":"https:\/\/vieassociative.be\/actualites\/un-deuxieme-clown-a-eupen-galerie-photo\/"},"author":{"name":"Julien","@id":"https:\/\/vieassociative.be\/actualites\/#\/schema\/person\/b87ac4f82f9d4e7b7cec7395b679edc4"},"headline":"Un deuxi\u00e8me clown \u00e0 Eupen (galerie photo)","datePublished":"2026-09-02T09:17:11+00:00","dateModified":"2026-09-02T09:17:11+00:00","mainEntityOfPage":{"@id":"https:\/\/vieassociative.be\/actualites\/un-deuxieme-clown-a-eupen-galerie-photo\/"},"wordCount":509,"publisher":{"@id":"https:\/\/vieassociative.be\/actualites\/#organization"},"image":{"@id":"https:\/\/vieassociative.be\/actualites\/un-deuxieme-clown-a-eupen-galerie-photo\/#primaryimage"},"thumbnailUrl":"https:\/\/vieassociative.be\/actualites\/wp-content\/uploads\/2026\/09\/1788340635_Un-deuxieme-clown-a-Eupen-galerie-photo.jpg","keywords":["Clown","deuxi\u00e8me","Eupen","galerie","photo"],"articleSection":["Belgique"],"inLanguage":"fr-BE"},{"@type":"WebPage","@id":"https:\/\/vieassociative.be\/actualites\/un-deuxieme-clown-a-eupen-galerie-photo\/","url":"https:\/\/vieassociative.be\/actualites\/un-deuxieme-clown-a-eupen-galerie-photo\/","name":"Un deuxi\u00e8me clown \u00e0 Eupen (galerie photo) | Vie Associative","isPartOf":{"@id":"https:\/\/vieassociative.be\/actualites\/#website"},"primaryImageOfPage":{"@id":"https:\/\/vieassociative.be\/actualites\/un-deuxieme-clown-a-eupen-galerie-photo\/#primaryimage"},"image":{"@id":"https:\/\/vieassociative.be\/actualites\/un-deuxieme-clown-a-eupen-galerie-photo\/#primaryimage"},"thumbnailUrl":"https:\/\/vieassociative.be\/actualites\/wp-content\/uploads\/2026\/09\/1788340635_Un-deuxieme-clown-a-Eupen-galerie-photo.jpg","datePublished":"2026-09-02T09:17:11+00:00","dateModified":"2026-09-02T09:17:11+00:00","breadcrumb":{"@id":"https:\/\/vieassociative.be\/actualites\/un-deuxieme-clown-a-eupen-galerie-photo\/#breadcrumb"},"inLanguage":"fr-BE","potentialAction":[{"@type":"ReadAction","target":["https:\/\/vieassociative.be\/actualites\/un-deuxieme-clown-a-eupen-galerie-photo\/"]}]},{"@type":"ImageObject","inLanguage":"fr-BE","@id":"https:\/\/vieassociative.be\/actualites\/un-deuxieme-clown-a-eupen-galerie-photo\/#primaryimage","url":"https:\/\/vieassociative.be\/actualites\/wp-content\/uploads\/2026\/09\/1788340635_Un-deuxieme-clown-a-Eupen-galerie-photo.jpg","contentUrl":"https:\/\/vieassociative.be\/actualites\/wp-content\/uploads\/2026\/09\/1788340635_Un-deuxieme-clown-a-Eupen-galerie-photo.jpg","width":1200,"height":800,"caption":"Un deuxi\u00e8me clown \u00e0 Eupen (galerie photo)"},{"@type":"BreadcrumbList","@id":"https:\/\/vieassociative.be\/actualites\/un-deuxieme-clown-a-eupen-galerie-photo\/#breadcrumb","itemListElement":[{"@type":"ListItem","position":1,"name":"Accueil","item":"https:\/\/vieassociative.be\/actualites\/"},{"@type":"ListItem","position":2,"name":"Un deuxi\u00e8me clown \u00e0 Eupen (galerie photo)"}]},{"@type":"WebSite","@id":"https:\/\/vieassociative.be\/actualites\/#website","url":"https:\/\/vieassociative.be\/actualites\/","name":"Vie Associative","description":"","publisher":{"@id":"https:\/\/vieassociative.be\/actualites\/#organization"},"potentialAction":[{"@type":"SearchAction","target":{"@type":"EntryPoint","urlTemplate":"https:\/\/vieassociative.be\/actualites\/?s={search_term_string}"},"query-input":{"@type":"PropertyValueSpecification","valueRequired":true,"valueName":"search_term_string"}}],"inLanguage":"fr-BE"},{"@type":"Organization","@id":"https:\/\/vieassociative.be\/actualites\/#organization","name":"Vie Associative","url":"https:\/\/vieassociative.be\/actualites\/","logo":{"@type":"ImageObject","inLanguage":"fr-BE","@id":"https:\/\/vieassociative.be\/actualites\/#\/schema\/logo\/image\/","url":"https:\/\/vieassociative.be\/actualites\/wp-content\/uploads\/2024\/09\/cropped-vieassociative_favicon.ico.png","contentUrl":"https:\/\/vieassociative.be\/actualites\/wp-content\/uploads\/2024\/09\/cropped-vieassociative_favicon.ico.png","width":512,"height":512,"caption":"Vie Associative"},"image":{"@id":"https:\/\/vieassociative.be\/actualites\/#\/schema\/logo\/image\/"}},{"@type":"Person","@id":"https:\/\/vieassociative.be\/actualites\/#\/schema\/person\/b87ac4f82f9d4e7b7cec7395b679edc4","name":"Julien","image":{"@type":"ImageObject","inLanguage":"fr-BE","@id":"https:\/\/vieassociative.be\/actualites\/#\/schema\/person\/image\/","url":"https:\/\/vieassociative.be\/actualites\/wp-content\/uploads\/2024\/09\/vie-associative-1-150x150.jpg","contentUrl":"https:\/\/vieassociative.be\/actualites\/wp-content\/uploads\/2024\/09\/vie-associative-1-150x150.jpg","caption":"Julien"},"description":"Je suis Julien, r\u00e9dacteur pour Vie Associative. Passionn\u00e9 par le monde associatif depuis plus de 10 ans, j'ai \u00e0 c\u0153ur de partager des histoires inspirantes et de mettre en lumi\u00e8re les initiatives locales. Mon objectif est de sensibiliser et d'encourager l'engagement communautaire \u00e0 travers mes articles.","sameAs":["https:\/\/vieassociative.be\/"]}]}},"_links":{"self":[{"href":"https:\/\/vieassociative.be\/actualites\/wp-json\/wp\/v2\/posts\/15184"}],"collection":[{"href":"https:\/\/vieassociative.be\/actualites\/wp-json\/wp\/v2\/posts"}],"about":[{"href":"https:\/\/vieassociative.be\/actualites\/wp-json\/wp\/v2\/types\/post"}],"author":[{"embeddable":true,"href":"https:\/\/vieassociative.be\/actualites\/wp-json\/wp\/v2\/users\/1"}],"replies":[{"embeddable":true,"href":"https:\/\/vieassociative.be\/actualites\/wp-json\/wp\/v2\/comments?post=15184"}],"version-history":[{"count":0,"href":"https:\/\/vieassociative.be\/actualites\/wp-json\/wp\/v2\/posts\/15184\/revisions"}],"wp:featuredmedia":[{"embeddable":true,"href":"https:\/\/vieassociative.be\/actualites\/wp-json\/wp\/v2\/media\/15185"}],"wp:attachment":[{"href":"https:\/\/vieassociative.be\/actualites\/wp-json\/wp\/v2\/media?parent=15184"}],"wp:term":[{"taxonomy":"category","embeddable":true,"href":"https:\/\/vieassociative.be\/actualites\/wp-json\/wp\/v2\/categories?post=15184"},{"taxonomy":"post_tag","embeddable":true,"href":"https:\/\/vieassociative.be\/actualites\/wp-json\/wp\/v2\/tags?post=15184"}],"curies":[{"name":"wp","href":"https:\/\/api.w.org\/{rel}","templated":true}]}}