{"id":15180,"date":"2026-09-02T05:17:28","date_gmt":"2026-09-02T03:17:28","guid":{"rendered":"https:\/\/vieassociative.be\/actualites\/kmi-le-confirme-lete-2026-a-ete-le-plus-chaud-en-belgique-depuis-le-debut-des-mesures-meteorologiques-1833\/"},"modified":"2026-09-02T05:17:28","modified_gmt":"2026-09-02T03:17:28","slug":"kmi-le-confirme-lete-2026-a-ete-le-plus-chaud-en-belgique-depuis-le-debut-des-mesures-meteorologiques-1833","status":"publish","type":"post","link":"https:\/\/vieassociative.be\/actualites\/kmi-le-confirme-lete-2026-a-ete-le-plus-chaud-en-belgique-depuis-le-debut-des-mesures-meteorologiques-1833\/","title":{"rendered":"KMI le confirme : l&rsquo;\u00e9t\u00e9 2026 a \u00e9t\u00e9 le plus chaud en Belgique depuis le d\u00e9but des mesures m\u00e9t\u00e9orologiques (1833)"},"content":{"rendered":"<p><strong>L\u2019\u00e9t\u00e9 2026 restera dans les m\u00e9moires comme un \u00e9t\u00e9 m\u00e9t\u00e9orologique exceptionnel en Belgique. Selon l&rsquo;Institut royal m\u00e9t\u00e9orologique de Belgique (KMI), l&rsquo;\u00e9t\u00e9 \u00e0 Uccle, la station centrale de r\u00e9f\u00e9rence pour l&rsquo;observation du climat belge, a \u00e9t\u00e9 le plus chaud depuis le d\u00e9but des mesures de temp\u00e9rature en 1833. En m\u00eame temps, ce fut l&rsquo;un des \u00e9t\u00e9s les plus ensoleill\u00e9s de l&rsquo;histoire des mesures.<\/strong><\/p>\n<p><span id=\"more-441741\"><\/span>Un d\u00e9but de juin plut\u00f4t frais a \u00e9t\u00e9 suivi d&rsquo;une longue p\u00e9riode de chaleur \u00e0 partir du milieu du mois. Juillet et la premi\u00e8re quinzaine d&rsquo;ao\u00fbt ont \u00e9t\u00e9 caract\u00e9ris\u00e9s par une s\u00e9cheresse exceptionnelle et un ensoleillement important, avant que les pr\u00e9cipitations augmentent \u00e0 nouveau vers la fin de l&rsquo;\u00e9t\u00e9.<\/p>\n<p>L&rsquo;\u00e9volution des temp\u00e9ratures en \u00e9t\u00e9 \u00e9tait particuli\u00e8rement remarquable. Une temp\u00e9rature moyenne de 20,3 degr\u00e9s Celsius a \u00e9t\u00e9 enregistr\u00e9e \u00e0 Uccle. C&rsquo;est la premi\u00e8re fois depuis le d\u00e9but des mesures qu&rsquo;une valeur moyenne de plus de 20 degr\u00e9s est atteinte pour l&rsquo;\u00e9t\u00e9. Le pr\u00e9c\u00e9dent record de 19,9 degr\u00e9s datant de 2018 a \u00e9t\u00e9 d\u00e9pass\u00e9.<\/p>\n<p>A titre de comparaison : la moyenne \u00e0 long terme pour la p\u00e9riode de r\u00e9f\u00e9rence 1991 \u00e0 2020 est de 17,9 degr\u00e9s. L\u2019\u00e9t\u00e9 2026 s\u2019est situ\u00e9 \u00e0 environ 2,4 degr\u00e9s au-dessus de cette valeur de comparaison.<\/p>\n<div id=\"attachment_440055\" class=\"wp-caption alignleft\" style=\"max-width: 300px\"><img fetchpriority=\"high\" decoding=\"async\" class=\"wp-image-440055 size-medium\" src=\"https:\/\/vieassociative.be\/actualites\/wp-content\/uploads\/2026\/09\/KMI-le-confirme-lete-2026-a-ete-le-plus.jpg\" alt=\"\" width=\"300\" height=\"200\"><\/div>\n<p>Les temp\u00e9ratures moyennes hautes et basses ont \u00e9galement atteint de nouveaux records. La temp\u00e9rature moyenne quotidienne maximale \u00e9tait de 25,2 degr\u00e9s, tandis que la temp\u00e9rature moyenne minimale atteignait 15,2 degr\u00e9s. Ce qui a \u00e9t\u00e9 particuli\u00e8rement visible, ce n\u2019est pas seulement la chaleur extr\u00eame du jour, mais aussi les temp\u00e9ratures inhabituellement \u00e9lev\u00e9es la nuit.<\/p>\n<p>L\u2019\u00e9t\u00e9 n\u2019a pas commenc\u00e9 de mani\u00e8re inhabituelle. En effet, au cours de la premi\u00e8re quinzaine de juin, la temp\u00e9rature moyenne \u00e0 Uccle \u00e9tait d&rsquo;environ un degr\u00e9 en dessous de la normale. Cependant, cela a fondamentalement chang\u00e9 \u00e0 partir du 16 juin. \u00c0 partir de ce moment-l\u00e0, les temp\u00e9ratures sont rest\u00e9es sup\u00e9rieures \u00e0 la moyenne \u00e0 long terme pendant une grande partie de l\u2019\u00e9t\u00e9.<\/p>\n<p>Particuli\u00e8rement impressionnante a \u00e9t\u00e9 une s\u00e9rie de 64 jours cons\u00e9cutifs du 16 juin au 18 ao\u00fbt, au cours desquels la temp\u00e9rature maximale \u00e0 Uccle a atteint au moins 20 degr\u00e9s. Une s\u00e9rie aussi longue n\u2019avait jamais \u00e9t\u00e9 enregistr\u00e9e depuis le d\u00e9but des mesures correspondantes en 1892.<\/p>\n<p>Des valeurs extraordinaires ont \u00e9galement \u00e9t\u00e9 atteintes lors des jours dits d&rsquo;\u00e9t\u00e9, c&rsquo;est-\u00e0-dire les jours avec au moins 25 degr\u00e9s. \u00c0 Uccle, il y a eu 46 journ\u00e9es de ce type au cours de l&rsquo;\u00e9t\u00e9. Pour la p\u00e9riode de r\u00e9f\u00e9rence 1991 \u00e0 2020, on peut s\u2019attendre en moyenne \u00e0 pr\u00e8s de 24 jours d\u2019\u00e9t\u00e9.<\/p>\n<p>Plus frappant encore \u00e9tait le nombre de jours tropicaux avec au moins 30 degr\u00e9s. Parmi ceux-ci, 15 ont \u00e9t\u00e9 enregistr\u00e9s, contre environ cinq normalement. L\u2019\u00e9t\u00e9 2026 a ainsi atteint un nouveau sommet dans la p\u00e9riode de r\u00e9f\u00e9rence actuelle, m\u00eame si le record absolu de 1976 de 18 jours tropicaux tient toujours.<\/p>\n<p>Au total, trois vagues de chaleur officielles ont \u00e9t\u00e9 enregistr\u00e9es en Belgique. La premi\u00e8re canicule, la plus longue et la plus intense, a dur\u00e9 du 17 au 28 juin. Le 26 juin, la temp\u00e9rature atteignait 35,5 degr\u00e9s \u00e0 Uccle. Durant ces douze jours, la temp\u00e9rature maximale s&rsquo;est \u00e9lev\u00e9e \u00e0 au moins 30 degr\u00e9s sur sept jours.<\/p>\n<\/p>\n<div id=\"attachment_439142\" class=\"wp-caption alignleft\" style=\"max-width: 300px\"><img decoding=\"async\" class=\"wp-image-439142 size-medium\" src=\"https:\/\/vieassociative.be\/actualites\/wp-content\/uploads\/2026\/09\/1788319047_476_KMI-le-confirme-lete-2026-a-ete-le-plus.jpg\" alt=\"\" width=\"300\" height=\"200\"><\/div>\n<p>Les temp\u00e9ratures nocturnes \u00e9taient particuli\u00e8rement exceptionnelles. Durant la canicule, la temp\u00e9rature \u00e0 Uccle n&rsquo;est pas descendue en dessous de 24,1 degr\u00e9s en une nuit. Il s\u2019agit de la temp\u00e9rature minimale la plus \u00e9lev\u00e9e enregistr\u00e9e lors d\u2019une canicule depuis le d\u00e9but des relev\u00e9s. La temp\u00e9rature minimale moyenne durant cette canicule \u00e9tait de 19,7 degr\u00e9s, atteignant \u00e9galement un sommet historique.<\/p>\n<p>La deuxi\u00e8me vague de chaleur s&rsquo;est \u00e9tendue du 28 juillet au 5 ao\u00fbt. Le 29 juillet, 34,4 degr\u00e9s ont \u00e9t\u00e9 mesur\u00e9s \u00e0 Uccle. La troisi\u00e8me vague de chaleur a suivi<\/p>\n<p>imm\u00e9diatement apr\u00e8s, du 8 au 16 ao\u00fbt. Elle a atteint son maximum le 14 ao\u00fbt \u00e0 35,9 degr\u00e9s \u00e0 Uccle. Dans le m\u00eame temps, la temp\u00e9rature d&rsquo;ao\u00fbt la plus \u00e9lev\u00e9e de l&rsquo;ann\u00e9e a \u00e9t\u00e9 mesur\u00e9e et le pr\u00e9c\u00e9dent record belge d&rsquo;ao\u00fbt \u00e0 Uccle datant de 2020 a \u00e9t\u00e9 atteint.<\/p>\n<p>Les temp\u00e9ratures \u00e0 l&rsquo;ext\u00e9rieur d&rsquo;Uccle \u00e9taient encore plus extr\u00eames : le 27 juin, 40,4 degr\u00e9s ont \u00e9t\u00e9 mesur\u00e9s \u00e0 Houyet. Cela signifie que 2026 n\u2019est que la troisi\u00e8me ann\u00e9e apr\u00e8s 2019 et 2022 o\u00f9 une temp\u00e9rature d\u2019au moins 40 degr\u00e9s est enregistr\u00e9e quelque part en Belgique.<\/p>\n<p>Outre la chaleur, l\u2019\u00e9t\u00e9 2026 a \u00e9t\u00e9 particuli\u00e8rement marqu\u00e9 par l\u2019ensoleillement. Au total, 778 heures et 41 minutes d&rsquo;ensoleillement ont \u00e9t\u00e9 enregistr\u00e9es \u00e0 Uccle. L&rsquo;\u00e9t\u00e9 est ainsi devenu le deuxi\u00e8me plus ensoleill\u00e9 de la p\u00e9riode de r\u00e9f\u00e9rence actuelle de 1991 \u00e0 2020. Seul l&rsquo;\u00e9t\u00e9 2022 a \u00e9t\u00e9 l\u00e9g\u00e8rement plus ensoleill\u00e9 avec 779 heures et 11 minutes. L&rsquo;\u00e9cart entre les deux \u00e9t\u00e9s n&rsquo;\u00e9tait donc que de 30 minutes.<\/p>\n<p>Le nombre de jours avec un ciel compl\u00e8tement ou presque compl\u00e8tement d\u00e9gag\u00e9 \u00e9tait \u00e9galement particuli\u00e8rement frappant. Au total, 27 jours de ce type ont \u00e9t\u00e9 d\u00e9nombr\u00e9s, alors que la moyenne \u00e0 long terme ne serait que d&rsquo;environ douze. Il s&rsquo;agit d&rsquo;un nouveau record pour la p\u00e9riode de r\u00e9f\u00e9rence.<\/p>\n<p>La dur\u00e9e exceptionnelle d\u2019ensoleillement s\u2019est \u00e9galement refl\u00e9t\u00e9e dans le rayonnement solaire global. Avec 519,1 kilowattheures par m\u00e8tre carr\u00e9, une valeur record pour la p\u00e9riode de r\u00e9f\u00e9rence actuelle a \u00e9galement \u00e9t\u00e9 atteinte \u00e0 Uccle. L&rsquo;exc\u00e8s d&rsquo;ensoleillement a \u00e9t\u00e9 particuli\u00e8rement \u00e9vident lors de la longue phase s\u00e8che du milieu de l&rsquo;\u00e9t\u00e9. Entre le 1er juillet et le 15 ao\u00fbt, le soleil y a brill\u00e9 pendant 465 heures et neuf minutes au total. Il s&rsquo;agit d&rsquo;un record absolu depuis le d\u00e9but des mesures en 1931.<\/p>\n<\/p>\n<div id=\"attachment_361748\" class=\"wp-caption alignleft\" style=\"max-width: 300px\"><img decoding=\"async\" class=\"wp-image-361748 size-medium\" src=\"https:\/\/vieassociative.be\/actualites\/wp-content\/uploads\/2025\/06\/Hitzesommer-et-plus-probablement-les-meteorologues-attendent-de-35-a.jpg\" alt=\"\" width=\"300\" height=\"200\"><\/div>\n<p>En ce qui concerne les pr\u00e9cipitations, la situation est un peu plus contrast\u00e9e. Au total, 200,2 millim\u00e8tres de pluie sont tomb\u00e9s \u00e0 Uccle durant l&rsquo;\u00e9t\u00e9. La moyenne \u00e0 long terme est de 234,2 millim\u00e8tres. Dans l\u2019ensemble, l\u2019\u00e9t\u00e9 a \u00e9t\u00e9 plus sec que d\u2019habitude, mais ce n\u2019est en aucun cas l\u2019\u00e9t\u00e9 le plus sec de l\u2019histoire des mesures belges. Le record historique n\u00e9gatif remonte \u00e0 1921, lorsque seulement 42,9 millim\u00e8tres de pr\u00e9cipitations ont \u00e9t\u00e9 enregistr\u00e9s.<\/p>\n<p>Le total saisonnier masque cependant une phase s\u00e8che tr\u00e8s prononc\u00e9e. La p\u00e9riode du 1er juillet au 15 ao\u00fbt notamment a \u00e9t\u00e9 exceptionnellement s\u00e8che. Au cours de ces 46 jours, seuls 13,0 millim\u00e8tres de pr\u00e9cipitations sont tomb\u00e9s \u00e0 Uccle. La normale aurait \u00e9t\u00e9 d&rsquo;environ 115,6 millim\u00e8tres pour cette p\u00e9riode.<\/p>\n<p>Cela signifie que seulement environ onze pour cent des pr\u00e9cipitations habituelles ont \u00e9t\u00e9 obtenues. Il s\u2019agit de la deuxi\u00e8me plus faible quantit\u00e9 de pr\u00e9cipitations de la p\u00e9riode de r\u00e9f\u00e9rence actuelle et de la troisi\u00e8me plus faible de toute la s\u00e9rie de mesures depuis 1892. De plus, les pluies ne sont tomb\u00e9es que sur six jours, alors qu\u2019on s\u2019attend normalement \u00e0 environ 21 jours de pluie.<\/p>\n<p>La grande diff\u00e9rence entre les diff\u00e9rents mois d&rsquo;\u00e9t\u00e9 est donc int\u00e9ressante. Malgr\u00e9 un premier semestre initialement frais, le mois de juin a \u00e9t\u00e9 globalement tr\u00e8s pluvieux et a \u00e9t\u00e9 l&rsquo;un des cinq mois de juin les plus humides de la p\u00e9riode de r\u00e9f\u00e9rence actuelle \u00e0 Uccle. Le mois de juillet, en revanche, s&rsquo;est r\u00e9v\u00e9l\u00e9 \u00eatre un contraste total et a \u00e9t\u00e9 le deuxi\u00e8me mois avec les pr\u00e9cipitations les plus faibles de la p\u00e9riode de r\u00e9f\u00e9rence.<\/p>\n<p>Le mois d\u2019ao\u00fbt est \u00e9galement rest\u00e9 globalement plus sec que d\u2019habitude, m\u00eame si davantage de pr\u00e9cipitations sont tomb\u00e9es vers la fin du mois. La combinaison de temp\u00e9ratures \u00e9lev\u00e9es, d&rsquo;un ensoleillement exceptionnel et de longues phases s\u00e8ches a donn\u00e9 une impression beaucoup plus estivale, notamment en juillet et dans la premi\u00e8re quinzaine d&rsquo;ao\u00fbt.<\/p>\n<p>Malgr\u00e9 le temps globalement sec, des orages violents et de fortes pluies locales ont eu lieu \u00e0 plusieurs reprises au cours de l&rsquo;\u00e9t\u00e9. Au total, le KMI a enregistr\u00e9 35 jours d&rsquo;orages en Belgique, alors qu&rsquo;on en attend normalement environ 39. Des pr\u00e9cipitations particuli\u00e8rement abondantes ont \u00e9t\u00e9 enregistr\u00e9es sur plusieurs jours en juin et ao\u00fbt. Le total quotidien le plus \u00e9lev\u00e9 signal\u00e9 \u00e0 Uccle \u00e9tait de 36,3 millim\u00e8tres le 27 juin. Dans certaines r\u00e9gions, les quantit\u00e9s \u00e9taient nettement plus \u00e9lev\u00e9es. \u00c0 Beitem, pr\u00e8s de Roulers, 59,6 millim\u00e8tres ont \u00e9t\u00e9 enregistr\u00e9s en une journ\u00e9e.<\/p>\n<\/p>\n<div id=\"attachment_441519\" class=\"wp-caption alignleft\" style=\"max-width: 300px\"><img loading=\"lazy\" decoding=\"async\" class=\"wp-image-441519 size-medium\" src=\"https:\/\/vieassociative.be\/actualites\/wp-content\/uploads\/2026\/09\/1788319048_863_KMI-le-confirme-lete-2026-a-ete-le-plus.jpg\" alt=\"\" width=\"300\" height=\"200\"><\/div>\n<p>Des \u00e9v\u00e9nements m\u00e9t\u00e9orologiques orageux se sont \u00e9galement produits. Le 28 juin, des rafales de vent d&rsquo;au moins 100 kilom\u00e8tres par heure ont \u00e9t\u00e9 enregistr\u00e9es dans le r\u00e9seau de mesure officiel belge. Des vitesses de vent tr\u00e8s \u00e9lev\u00e9es pourraient \u00e9galement se produire localement lors d\u2019orages isol\u00e9s. Le 19 ao\u00fbt, des tornades pr\u00e9sum\u00e9es ont \u00e9galement \u00e9t\u00e9 observ\u00e9es \u00e0 Bullange et Vaux-Chavanne pr\u00e8s de Manhay, causant d&rsquo;importants d\u00e9g\u00e2ts.<\/p>\n<p>Une autre cons\u00e9quence du temps extr\u00eamement sec et chaud \u00e9tait \u00e9vidente dans les Hautes Fagnes. Le 14 ao\u00fbt, un important incendie de for\u00eat ou de for\u00eat s&rsquo;y est d\u00e9clar\u00e9. Le KMI a soutenu les services d&rsquo;urgence responsables avec, entre autres, des pr\u00e9visions m\u00e9t\u00e9orologiques sp\u00e9ciales, une mod\u00e9lisation du d\u00e9veloppement de la fum\u00e9e et des mesures dans la r\u00e9gion. La combinaison de temp\u00e9ratures \u00e9lev\u00e9es, de s\u00e9cheresses prolong\u00e9es et d\u2019un ensoleillement intense illustre l\u2019importance croissante de ces conditions m\u00e9t\u00e9orologiques pour le risque d\u2019incendies de for\u00eat.<\/p>\n<p>Dans l\u2019ensemble, l\u2019\u00e9t\u00e9 2026 en Belgique n\u2019a pas \u00e9t\u00e9 seulement un \u00ab bel \u00e9t\u00e9 \u00bb, mais un \u00e9t\u00e9 m\u00e9t\u00e9orologiquement exceptionnel avec de nombreux records. La temp\u00e9rature moyenne a atteint un sommet historique de 20,3 degr\u00e9s, les temp\u00e9ratures moyennes quotidiennes maximales et minimales ont \u00e9galement atteint des niveaux records, et avec 46 jours d&rsquo;\u00e9t\u00e9 et 15 jours tropicaux, un nombre exceptionnellement \u00e9lev\u00e9 de journ\u00e9es chaudes et chaudes ont \u00e9t\u00e9 enregistr\u00e9es. Dans le m\u00eame temps, avec pr\u00e8s de 779 heures d&rsquo;ensoleillement, l&rsquo;\u00e9t\u00e9 a \u00e9t\u00e9 l&rsquo;un des plus ensoleill\u00e9s depuis le d\u00e9but de la p\u00e9riode de comparaison moderne. Cela a \u00e9t\u00e9 compens\u00e9 par des pr\u00e9cipitations inf\u00e9rieures \u00e0 la moyenne, principalement dues \u00e0 la s\u00e9cheresse extr\u00eame du d\u00e9but juillet \u00e0 la mi-ao\u00fbt. (cr\u00e9er)<\/p>\n","protected":false},"excerpt":{"rendered":"<p>L\u2019\u00e9t\u00e9 2026 restera dans les m\u00e9moires comme un \u00e9t\u00e9 m\u00e9t\u00e9orologique exceptionnel en Belgique. Selon l&rsquo;Institut royal m\u00e9t\u00e9orologique de Belgique (KMI), l&rsquo;\u00e9t\u00e9 \u00e0 Uccle, la station<\/p>\n","protected":false},"author":1,"featured_media":15181,"comment_status":"","ping_status":"","sticky":false,"template":"","format":"standard","meta":{"footnotes":""},"categories":[298],"tags":[383,1176,4829,359,1824,29,217,11344,479,5331,9745],"class_list":["post-15180","post","type-post","status-publish","format-standard","has-post-thumbnail","hentry","category-belgique","tag-belgique","tag-chaud","tag-confirme","tag-debut","tag-depuis","tag-des","tag-ete","tag-kmi","tag-lete","tag-mesures","tag-meteorologiques","generate-columns","tablet-grid-50","mobile-grid-100","grid-parent","grid-33"],"yoast_head":"<!-- This site is optimized with the Yoast SEO plugin v24.0 - https:\/\/yoast.com\/wordpress\/plugins\/seo\/ -->\n<title>KMI le confirme : l&#039;\u00e9t\u00e9 2026 a \u00e9t\u00e9 le plus chaud en Belgique depuis le d\u00e9but des mesures m\u00e9t\u00e9orologiques (1833) | Vie Associative<\/title>\n<meta name=\"robots\" content=\"index, follow, max-snippet:-1, max-image-preview:large, max-video-preview:-1\" \/>\n<link rel=\"canonical\" href=\"https:\/\/vieassociative.be\/actualites\/kmi-le-confirme-lete-2026-a-ete-le-plus-chaud-en-belgique-depuis-le-debut-des-mesures-meteorologiques-1833\/\" \/>\n<meta property=\"og:locale\" content=\"fr_FR\" \/>\n<meta property=\"og:type\" content=\"article\" \/>\n<meta property=\"og:title\" content=\"KMI le confirme : l&#039;\u00e9t\u00e9 2026 a \u00e9t\u00e9 le plus chaud en Belgique depuis le d\u00e9but des mesures m\u00e9t\u00e9orologiques (1833) | Vie Associative\" \/>\n<meta property=\"og:description\" content=\"L\u2019\u00e9t\u00e9 2026 restera dans les m\u00e9moires comme un \u00e9t\u00e9 m\u00e9t\u00e9orologique exceptionnel en Belgique. Selon l&rsquo;Institut royal m\u00e9t\u00e9orologique de Belgique (KMI), l&rsquo;\u00e9t\u00e9 \u00e0 Uccle, la station\" \/>\n<meta property=\"og:url\" content=\"https:\/\/vieassociative.be\/actualites\/kmi-le-confirme-lete-2026-a-ete-le-plus-chaud-en-belgique-depuis-le-debut-des-mesures-meteorologiques-1833\/\" \/>\n<meta property=\"og:site_name\" content=\"Vie Associative\" \/>\n<meta property=\"article:published_time\" content=\"2026-09-02T03:17:28+00:00\" \/>\n<meta property=\"og:image\" content=\"https:\/\/vieassociative.be\/actualites\/wp-content\/uploads\/2024\/09\/header_backgroundk-01-e1726694325946.png\" \/>\n\t<meta property=\"og:image:width\" content=\"279\" \/>\n\t<meta property=\"og:image:height\" content=\"92\" \/>\n\t<meta property=\"og:image:type\" content=\"image\/png\" \/>\n<meta name=\"author\" content=\"Julien\" \/>\n<meta name=\"twitter:card\" content=\"summary_large_image\" \/>\n<meta name=\"twitter:label1\" content=\"\u00c9crit par\" \/>\n\t<meta name=\"twitter:data1\" content=\"Julien\" \/>\n\t<meta name=\"twitter:label2\" content=\"Dur\u00e9e de lecture est.\" \/>\n\t<meta name=\"twitter:data2\" content=\"9 minutes\" \/>\n<script type=\"application\/ld+json\" class=\"yoast-schema-graph\">{\"@context\":\"https:\/\/schema.org\",\"@graph\":[{\"@type\":\"Article\",\"@id\":\"https:\/\/vieassociative.be\/actualites\/kmi-le-confirme-lete-2026-a-ete-le-plus-chaud-en-belgique-depuis-le-debut-des-mesures-meteorologiques-1833\/#article\",\"isPartOf\":{\"@id\":\"https:\/\/vieassociative.be\/actualites\/kmi-le-confirme-lete-2026-a-ete-le-plus-chaud-en-belgique-depuis-le-debut-des-mesures-meteorologiques-1833\/\"},\"author\":{\"name\":\"Julien\",\"@id\":\"https:\/\/vieassociative.be\/actualites\/#\/schema\/person\/b87ac4f82f9d4e7b7cec7395b679edc4\"},\"headline\":\"KMI le confirme : l&rsquo;\u00e9t\u00e9 2026 a \u00e9t\u00e9 le plus chaud en Belgique depuis le d\u00e9but des mesures m\u00e9t\u00e9orologiques (1833)\",\"datePublished\":\"2026-09-02T03:17:28+00:00\",\"dateModified\":\"2026-09-02T03:17:28+00:00\",\"mainEntityOfPage\":{\"@id\":\"https:\/\/vieassociative.be\/actualites\/kmi-le-confirme-lete-2026-a-ete-le-plus-chaud-en-belgique-depuis-le-debut-des-mesures-meteorologiques-1833\/\"},\"wordCount\":1827,\"publisher\":{\"@id\":\"https:\/\/vieassociative.be\/actualites\/#organization\"},\"image\":{\"@id\":\"https:\/\/vieassociative.be\/actualites\/kmi-le-confirme-lete-2026-a-ete-le-plus-chaud-en-belgique-depuis-le-debut-des-mesures-meteorologiques-1833\/#primaryimage\"},\"thumbnailUrl\":\"https:\/\/vieassociative.be\/actualites\/wp-content\/uploads\/2026\/09\/1788319049_KMI-le-confirme-lete-2026-a-ete-le-plus.jpg\",\"keywords\":[\"Belgique\",\"chaud\",\"confirm\u00e9\",\"D\u00e9but\",\"depuis\",\"Des\",\"\u00e9t\u00e9\",\"KMI\",\"l\u00e9t\u00e9\",\"mesures\",\"m\u00e9t\u00e9orologiques\"],\"articleSection\":[\"Belgique\"],\"inLanguage\":\"fr-BE\"},{\"@type\":\"WebPage\",\"@id\":\"https:\/\/vieassociative.be\/actualites\/kmi-le-confirme-lete-2026-a-ete-le-plus-chaud-en-belgique-depuis-le-debut-des-mesures-meteorologiques-1833\/\",\"url\":\"https:\/\/vieassociative.be\/actualites\/kmi-le-confirme-lete-2026-a-ete-le-plus-chaud-en-belgique-depuis-le-debut-des-mesures-meteorologiques-1833\/\",\"name\":\"KMI le confirme : l'\u00e9t\u00e9 2026 a \u00e9t\u00e9 le plus chaud en Belgique depuis le d\u00e9but des mesures m\u00e9t\u00e9orologiques (1833) | Vie Associative\",\"isPartOf\":{\"@id\":\"https:\/\/vieassociative.be\/actualites\/#website\"},\"primaryImageOfPage\":{\"@id\":\"https:\/\/vieassociative.be\/actualites\/kmi-le-confirme-lete-2026-a-ete-le-plus-chaud-en-belgique-depuis-le-debut-des-mesures-meteorologiques-1833\/#primaryimage\"},\"image\":{\"@id\":\"https:\/\/vieassociative.be\/actualites\/kmi-le-confirme-lete-2026-a-ete-le-plus-chaud-en-belgique-depuis-le-debut-des-mesures-meteorologiques-1833\/#primaryimage\"},\"thumbnailUrl\":\"https:\/\/vieassociative.be\/actualites\/wp-content\/uploads\/2026\/09\/1788319049_KMI-le-confirme-lete-2026-a-ete-le-plus.jpg\",\"datePublished\":\"2026-09-02T03:17:28+00:00\",\"dateModified\":\"2026-09-02T03:17:28+00:00\",\"breadcrumb\":{\"@id\":\"https:\/\/vieassociative.be\/actualites\/kmi-le-confirme-lete-2026-a-ete-le-plus-chaud-en-belgique-depuis-le-debut-des-mesures-meteorologiques-1833\/#breadcrumb\"},\"inLanguage\":\"fr-BE\",\"potentialAction\":[{\"@type\":\"ReadAction\",\"target\":[\"https:\/\/vieassociative.be\/actualites\/kmi-le-confirme-lete-2026-a-ete-le-plus-chaud-en-belgique-depuis-le-debut-des-mesures-meteorologiques-1833\/\"]}]},{\"@type\":\"ImageObject\",\"inLanguage\":\"fr-BE\",\"@id\":\"https:\/\/vieassociative.be\/actualites\/kmi-le-confirme-lete-2026-a-ete-le-plus-chaud-en-belgique-depuis-le-debut-des-mesures-meteorologiques-1833\/#primaryimage\",\"url\":\"https:\/\/vieassociative.be\/actualites\/wp-content\/uploads\/2026\/09\/1788319049_KMI-le-confirme-lete-2026-a-ete-le-plus.jpg\",\"contentUrl\":\"https:\/\/vieassociative.be\/actualites\/wp-content\/uploads\/2026\/09\/1788319049_KMI-le-confirme-lete-2026-a-ete-le-plus.jpg\",\"width\":1200,\"height\":800,\"caption\":\"KMI le confirme : l'\u00e9t\u00e9 2026 a \u00e9t\u00e9 le plus chaud en Belgique depuis le d\u00e9but des mesures m\u00e9t\u00e9orologiques (1833)\"},{\"@type\":\"BreadcrumbList\",\"@id\":\"https:\/\/vieassociative.be\/actualites\/kmi-le-confirme-lete-2026-a-ete-le-plus-chaud-en-belgique-depuis-le-debut-des-mesures-meteorologiques-1833\/#breadcrumb\",\"itemListElement\":[{\"@type\":\"ListItem\",\"position\":1,\"name\":\"Accueil\",\"item\":\"https:\/\/vieassociative.be\/actualites\/\"},{\"@type\":\"ListItem\",\"position\":2,\"name\":\"KMI le confirme : l&rsquo;\u00e9t\u00e9 2026 a \u00e9t\u00e9 le plus chaud en Belgique depuis le d\u00e9but des mesures m\u00e9t\u00e9orologiques (1833)\"}]},{\"@type\":\"WebSite\",\"@id\":\"https:\/\/vieassociative.be\/actualites\/#website\",\"url\":\"https:\/\/vieassociative.be\/actualites\/\",\"name\":\"Vie Associative\",\"description\":\"\",\"publisher\":{\"@id\":\"https:\/\/vieassociative.be\/actualites\/#organization\"},\"potentialAction\":[{\"@type\":\"SearchAction\",\"target\":{\"@type\":\"EntryPoint\",\"urlTemplate\":\"https:\/\/vieassociative.be\/actualites\/?s={search_term_string}\"},\"query-input\":{\"@type\":\"PropertyValueSpecification\",\"valueRequired\":true,\"valueName\":\"search_term_string\"}}],\"inLanguage\":\"fr-BE\"},{\"@type\":\"Organization\",\"@id\":\"https:\/\/vieassociative.be\/actualites\/#organization\",\"name\":\"Vie Associative\",\"url\":\"https:\/\/vieassociative.be\/actualites\/\",\"logo\":{\"@type\":\"ImageObject\",\"inLanguage\":\"fr-BE\",\"@id\":\"https:\/\/vieassociative.be\/actualites\/#\/schema\/logo\/image\/\",\"url\":\"https:\/\/vieassociative.be\/actualites\/wp-content\/uploads\/2024\/09\/cropped-vieassociative_favicon.ico.png\",\"contentUrl\":\"https:\/\/vieassociative.be\/actualites\/wp-content\/uploads\/2024\/09\/cropped-vieassociative_favicon.ico.png\",\"width\":512,\"height\":512,\"caption\":\"Vie Associative\"},\"image\":{\"@id\":\"https:\/\/vieassociative.be\/actualites\/#\/schema\/logo\/image\/\"}},{\"@type\":\"Person\",\"@id\":\"https:\/\/vieassociative.be\/actualites\/#\/schema\/person\/b87ac4f82f9d4e7b7cec7395b679edc4\",\"name\":\"Julien\",\"image\":{\"@type\":\"ImageObject\",\"inLanguage\":\"fr-BE\",\"@id\":\"https:\/\/vieassociative.be\/actualites\/#\/schema\/person\/image\/\",\"url\":\"https:\/\/vieassociative.be\/actualites\/wp-content\/uploads\/2024\/09\/vie-associative-1-150x150.jpg\",\"contentUrl\":\"https:\/\/vieassociative.be\/actualites\/wp-content\/uploads\/2024\/09\/vie-associative-1-150x150.jpg\",\"caption\":\"Julien\"},\"description\":\"Je suis Julien, r\u00e9dacteur pour Vie Associative. Passionn\u00e9 par le monde associatif depuis plus de 10 ans, j'ai \u00e0 c\u0153ur de partager des histoires inspirantes et de mettre en lumi\u00e8re les initiatives locales. Mon objectif est de sensibiliser et d'encourager l'engagement communautaire \u00e0 travers mes articles.\",\"sameAs\":[\"https:\/\/vieassociative.be\/\"]}]}<\/script>\n<!-- \/ Yoast SEO plugin. -->","yoast_head_json":{"title":"KMI le confirme : l'\u00e9t\u00e9 2026 a \u00e9t\u00e9 le plus chaud en Belgique depuis le d\u00e9but des mesures m\u00e9t\u00e9orologiques (1833) | Vie Associative","robots":{"index":"index","follow":"follow","max-snippet":"max-snippet:-1","max-image-preview":"max-image-preview:large","max-video-preview":"max-video-preview:-1"},"canonical":"https:\/\/vieassociative.be\/actualites\/kmi-le-confirme-lete-2026-a-ete-le-plus-chaud-en-belgique-depuis-le-debut-des-mesures-meteorologiques-1833\/","og_locale":"fr_FR","og_type":"article","og_title":"KMI le confirme : l'\u00e9t\u00e9 2026 a \u00e9t\u00e9 le plus chaud en Belgique depuis le d\u00e9but des mesures m\u00e9t\u00e9orologiques (1833) | Vie Associative","og_description":"L\u2019\u00e9t\u00e9 2026 restera dans les m\u00e9moires comme un \u00e9t\u00e9 m\u00e9t\u00e9orologique exceptionnel en Belgique. Selon l&rsquo;Institut royal m\u00e9t\u00e9orologique de Belgique (KMI), l&rsquo;\u00e9t\u00e9 \u00e0 Uccle, la station","og_url":"https:\/\/vieassociative.be\/actualites\/kmi-le-confirme-lete-2026-a-ete-le-plus-chaud-en-belgique-depuis-le-debut-des-mesures-meteorologiques-1833\/","og_site_name":"Vie Associative","article_published_time":"2026-09-02T03:17:28+00:00","og_image":[{"width":279,"height":92,"url":"https:\/\/vieassociative.be\/actualites\/wp-content\/uploads\/2024\/09\/header_backgroundk-01-e1726694325946.png","type":"image\/png"}],"author":"Julien","twitter_card":"summary_large_image","twitter_misc":{"\u00c9crit par":"Julien","Dur\u00e9e de lecture est.":"9 minutes"},"schema":{"@context":"https:\/\/schema.org","@graph":[{"@type":"Article","@id":"https:\/\/vieassociative.be\/actualites\/kmi-le-confirme-lete-2026-a-ete-le-plus-chaud-en-belgique-depuis-le-debut-des-mesures-meteorologiques-1833\/#article","isPartOf":{"@id":"https:\/\/vieassociative.be\/actualites\/kmi-le-confirme-lete-2026-a-ete-le-plus-chaud-en-belgique-depuis-le-debut-des-mesures-meteorologiques-1833\/"},"author":{"name":"Julien","@id":"https:\/\/vieassociative.be\/actualites\/#\/schema\/person\/b87ac4f82f9d4e7b7cec7395b679edc4"},"headline":"KMI le confirme : l&rsquo;\u00e9t\u00e9 2026 a \u00e9t\u00e9 le plus chaud en Belgique depuis le d\u00e9but des mesures m\u00e9t\u00e9orologiques (1833)","datePublished":"2026-09-02T03:17:28+00:00","dateModified":"2026-09-02T03:17:28+00:00","mainEntityOfPage":{"@id":"https:\/\/vieassociative.be\/actualites\/kmi-le-confirme-lete-2026-a-ete-le-plus-chaud-en-belgique-depuis-le-debut-des-mesures-meteorologiques-1833\/"},"wordCount":1827,"publisher":{"@id":"https:\/\/vieassociative.be\/actualites\/#organization"},"image":{"@id":"https:\/\/vieassociative.be\/actualites\/kmi-le-confirme-lete-2026-a-ete-le-plus-chaud-en-belgique-depuis-le-debut-des-mesures-meteorologiques-1833\/#primaryimage"},"thumbnailUrl":"https:\/\/vieassociative.be\/actualites\/wp-content\/uploads\/2026\/09\/1788319049_KMI-le-confirme-lete-2026-a-ete-le-plus.jpg","keywords":["Belgique","chaud","confirm\u00e9","D\u00e9but","depuis","Des","\u00e9t\u00e9","KMI","l\u00e9t\u00e9","mesures","m\u00e9t\u00e9orologiques"],"articleSection":["Belgique"],"inLanguage":"fr-BE"},{"@type":"WebPage","@id":"https:\/\/vieassociative.be\/actualites\/kmi-le-confirme-lete-2026-a-ete-le-plus-chaud-en-belgique-depuis-le-debut-des-mesures-meteorologiques-1833\/","url":"https:\/\/vieassociative.be\/actualites\/kmi-le-confirme-lete-2026-a-ete-le-plus-chaud-en-belgique-depuis-le-debut-des-mesures-meteorologiques-1833\/","name":"KMI le confirme : l'\u00e9t\u00e9 2026 a \u00e9t\u00e9 le plus chaud en Belgique depuis le d\u00e9but des mesures m\u00e9t\u00e9orologiques (1833) | Vie Associative","isPartOf":{"@id":"https:\/\/vieassociative.be\/actualites\/#website"},"primaryImageOfPage":{"@id":"https:\/\/vieassociative.be\/actualites\/kmi-le-confirme-lete-2026-a-ete-le-plus-chaud-en-belgique-depuis-le-debut-des-mesures-meteorologiques-1833\/#primaryimage"},"image":{"@id":"https:\/\/vieassociative.be\/actualites\/kmi-le-confirme-lete-2026-a-ete-le-plus-chaud-en-belgique-depuis-le-debut-des-mesures-meteorologiques-1833\/#primaryimage"},"thumbnailUrl":"https:\/\/vieassociative.be\/actualites\/wp-content\/uploads\/2026\/09\/1788319049_KMI-le-confirme-lete-2026-a-ete-le-plus.jpg","datePublished":"2026-09-02T03:17:28+00:00","dateModified":"2026-09-02T03:17:28+00:00","breadcrumb":{"@id":"https:\/\/vieassociative.be\/actualites\/kmi-le-confirme-lete-2026-a-ete-le-plus-chaud-en-belgique-depuis-le-debut-des-mesures-meteorologiques-1833\/#breadcrumb"},"inLanguage":"fr-BE","potentialAction":[{"@type":"ReadAction","target":["https:\/\/vieassociative.be\/actualites\/kmi-le-confirme-lete-2026-a-ete-le-plus-chaud-en-belgique-depuis-le-debut-des-mesures-meteorologiques-1833\/"]}]},{"@type":"ImageObject","inLanguage":"fr-BE","@id":"https:\/\/vieassociative.be\/actualites\/kmi-le-confirme-lete-2026-a-ete-le-plus-chaud-en-belgique-depuis-le-debut-des-mesures-meteorologiques-1833\/#primaryimage","url":"https:\/\/vieassociative.be\/actualites\/wp-content\/uploads\/2026\/09\/1788319049_KMI-le-confirme-lete-2026-a-ete-le-plus.jpg","contentUrl":"https:\/\/vieassociative.be\/actualites\/wp-content\/uploads\/2026\/09\/1788319049_KMI-le-confirme-lete-2026-a-ete-le-plus.jpg","width":1200,"height":800,"caption":"KMI le confirme : l'\u00e9t\u00e9 2026 a \u00e9t\u00e9 le plus chaud en Belgique depuis le d\u00e9but des mesures m\u00e9t\u00e9orologiques (1833)"},{"@type":"BreadcrumbList","@id":"https:\/\/vieassociative.be\/actualites\/kmi-le-confirme-lete-2026-a-ete-le-plus-chaud-en-belgique-depuis-le-debut-des-mesures-meteorologiques-1833\/#breadcrumb","itemListElement":[{"@type":"ListItem","position":1,"name":"Accueil","item":"https:\/\/vieassociative.be\/actualites\/"},{"@type":"ListItem","position":2,"name":"KMI le confirme : l&rsquo;\u00e9t\u00e9 2026 a \u00e9t\u00e9 le plus chaud en Belgique depuis le d\u00e9but des mesures m\u00e9t\u00e9orologiques (1833)"}]},{"@type":"WebSite","@id":"https:\/\/vieassociative.be\/actualites\/#website","url":"https:\/\/vieassociative.be\/actualites\/","name":"Vie Associative","description":"","publisher":{"@id":"https:\/\/vieassociative.be\/actualites\/#organization"},"potentialAction":[{"@type":"SearchAction","target":{"@type":"EntryPoint","urlTemplate":"https:\/\/vieassociative.be\/actualites\/?s={search_term_string}"},"query-input":{"@type":"PropertyValueSpecification","valueRequired":true,"valueName":"search_term_string"}}],"inLanguage":"fr-BE"},{"@type":"Organization","@id":"https:\/\/vieassociative.be\/actualites\/#organization","name":"Vie Associative","url":"https:\/\/vieassociative.be\/actualites\/","logo":{"@type":"ImageObject","inLanguage":"fr-BE","@id":"https:\/\/vieassociative.be\/actualites\/#\/schema\/logo\/image\/","url":"https:\/\/vieassociative.be\/actualites\/wp-content\/uploads\/2024\/09\/cropped-vieassociative_favicon.ico.png","contentUrl":"https:\/\/vieassociative.be\/actualites\/wp-content\/uploads\/2024\/09\/cropped-vieassociative_favicon.ico.png","width":512,"height":512,"caption":"Vie Associative"},"image":{"@id":"https:\/\/vieassociative.be\/actualites\/#\/schema\/logo\/image\/"}},{"@type":"Person","@id":"https:\/\/vieassociative.be\/actualites\/#\/schema\/person\/b87ac4f82f9d4e7b7cec7395b679edc4","name":"Julien","image":{"@type":"ImageObject","inLanguage":"fr-BE","@id":"https:\/\/vieassociative.be\/actualites\/#\/schema\/person\/image\/","url":"https:\/\/vieassociative.be\/actualites\/wp-content\/uploads\/2024\/09\/vie-associative-1-150x150.jpg","contentUrl":"https:\/\/vieassociative.be\/actualites\/wp-content\/uploads\/2024\/09\/vie-associative-1-150x150.jpg","caption":"Julien"},"description":"Je suis Julien, r\u00e9dacteur pour Vie Associative. Passionn\u00e9 par le monde associatif depuis plus de 10 ans, j'ai \u00e0 c\u0153ur de partager des histoires inspirantes et de mettre en lumi\u00e8re les initiatives locales. Mon objectif est de sensibiliser et d'encourager l'engagement communautaire \u00e0 travers mes articles.","sameAs":["https:\/\/vieassociative.be\/"]}]}},"_links":{"self":[{"href":"https:\/\/vieassociative.be\/actualites\/wp-json\/wp\/v2\/posts\/15180"}],"collection":[{"href":"https:\/\/vieassociative.be\/actualites\/wp-json\/wp\/v2\/posts"}],"about":[{"href":"https:\/\/vieassociative.be\/actualites\/wp-json\/wp\/v2\/types\/post"}],"author":[{"embeddable":true,"href":"https:\/\/vieassociative.be\/actualites\/wp-json\/wp\/v2\/users\/1"}],"replies":[{"embeddable":true,"href":"https:\/\/vieassociative.be\/actualites\/wp-json\/wp\/v2\/comments?post=15180"}],"version-history":[{"count":0,"href":"https:\/\/vieassociative.be\/actualites\/wp-json\/wp\/v2\/posts\/15180\/revisions"}],"wp:featuredmedia":[{"embeddable":true,"href":"https:\/\/vieassociative.be\/actualites\/wp-json\/wp\/v2\/media\/15181"}],"wp:attachment":[{"href":"https:\/\/vieassociative.be\/actualites\/wp-json\/wp\/v2\/media?parent=15180"}],"wp:term":[{"taxonomy":"category","embeddable":true,"href":"https:\/\/vieassociative.be\/actualites\/wp-json\/wp\/v2\/categories?post=15180"},{"taxonomy":"post_tag","embeddable":true,"href":"https:\/\/vieassociative.be\/actualites\/wp-json\/wp\/v2\/tags?post=15180"}],"curies":[{"name":"wp","href":"https:\/\/api.w.org\/{rel}","templated":true}]}}