{"id":15176,"date":"2026-09-01T23:17:59","date_gmt":"2026-09-01T21:17:59","guid":{"rendered":"https:\/\/vieassociative.be\/actualites\/kompany-espere-que-lequipe-dfb-de-klopp-atteindra-la-finale-du-championnat-deurope-2028-mais-la-perdra-ensuite-contre-la-belgique\/"},"modified":"2026-09-01T23:17:59","modified_gmt":"2026-09-01T21:17:59","slug":"kompany-espere-que-lequipe-dfb-de-klopp-atteindra-la-finale-du-championnat-deurope-2028-mais-la-perdra-ensuite-contre-la-belgique","status":"publish","type":"post","link":"https:\/\/vieassociative.be\/actualites\/kompany-espere-que-lequipe-dfb-de-klopp-atteindra-la-finale-du-championnat-deurope-2028-mais-la-perdra-ensuite-contre-la-belgique\/","title":{"rendered":"Kompany esp\u00e8re que l&rsquo;\u00e9quipe DFB de Klopp atteindra la finale du Championnat d&rsquo;Europe 2028, mais la perdra ensuite contre la Belgique"},"content":{"rendered":"<p><strong>L&rsquo;entra\u00eeneur du Bayern Munich, Vincent Kompany, se voit sur la m\u00eame longueur d&rsquo;onde que le nouvel entra\u00eeneur national allemand J\u00fcrgen Klopp. Il y a eu un \u00e9change \u00ab tr\u00e8s int\u00e9ressant \u00bb, a d\u00e9clar\u00e9 l\u2019entra\u00eeneur mercredi lors de la conf\u00e9rence de presse pr\u00e9c\u00e9dant le match de Coupe DFB au VfL Osnabr\u00fcck.<\/strong><\/p>\n<p><span id=\"more-441743\"><\/span>Klopp a \u00e9galement rendu visite aux champions allemands du record de football lors du week-end d&rsquo;ouverture de la Bundesliga. Kompany a ajout\u00e9 qu&rsquo;ils parlaient \u00e0 50 pour cent de l&rsquo;\u00e9poque o\u00f9 ils \u00e9taient en comp\u00e9tition et \u00e0 50 pour cent de l&rsquo;avenir. Lors de la saison 2023\/24, Kompany s&rsquo;est occup\u00e9 du Burnley FC en Premier League alors que Klopp \u00e9tait encore entra\u00eeneur du Liverpool FC.<\/p>\n<div id=\"attachment_441745\" class=\"wp-caption alignleft\" style=\"max-width: 300px\"><img fetchpriority=\"high\" decoding=\"async\" class=\"wp-image-441745 size-medium\" src=\"https:\/\/vieassociative.be\/actualites\/wp-content\/uploads\/2026\/09\/Kompany-espere-que-lequipe-DFB-de-Klopp-atteindra-la-finale.jpg\" alt=\"\" width=\"300\" height=\"200\"><\/div>\n<p><strong>\u2013 Visite de Klopp dans la S\u00e4bener Stra\u00dfe :<\/strong> \u00ab\u00a0Je sais que les relations peuvent parfois \u00eatre difficiles entre l&rsquo;\u00e9quipe nationale et les clubs, mais d&rsquo;apr\u00e8s mon exp\u00e9rience, cela n&rsquo;a pas \u00e9t\u00e9 le cas\u00a0\u00bb, a d\u00e9clar\u00e9 Kompany, qui s&rsquo;est entretenu avec Klopp dimanche sur le terrain d&rsquo;entra\u00eenement de la S\u00e4bener Stra\u00dfe. \u00ab\u00a0Nous avons un objectif commun. L&rsquo;Allemagne doit se qualifier et vous avez besoin de vos meilleurs joueurs.\u00a0\u00bb<\/p>\n<p><strong>\u2013 La blague de Kompany :<\/strong> \u00ab\u00a0En fin de compte, vous gagnez un tournoi en \u00e9t\u00e9, alors vous avez besoin que vos joueurs soient en forme\u00a0\u00bb, a fait remarquer Kompany, donnant \u00e0 Klopp une indication de la pression exerc\u00e9e sur les joueurs nationaux au cours d&rsquo;une saison. \u00ab\u00a0Les joueurs doivent \u00eatre en forme et disponibles au bon moment pour que l&rsquo;\u00e9nergie soit l\u00e0 et que l&rsquo;Allemagne puisse faire quelque chose de sp\u00e9cial \u2013 et perdre contre la Belgique en finale\u00a0\u00bb, a ajout\u00e9 en riant le Belge Kompany.<\/p>\n<p>Klopp \u00e9tait enthousiasm\u00e9 par le match d&rsquo;ouverture de Kompany. \u00ab\u00a0Wow, courageux, mais super intelligent\u00a0\u00bb, c&rsquo;est ainsi que l&rsquo;entra\u00eeneur national a \u00e9valu\u00e9 la d\u00e9cision du FC Bayern de recruter Kompany comme entra\u00eeneur \u00e0 l&rsquo;\u00e9t\u00e9 2024. \u00ab\u00a0C&rsquo;\u00e9tait un joueur de classe mondiale et il est en passe de devenir un entra\u00eeneur de classe mondiale.\u00a0\u00bb (dpa)<\/p>\n","protected":false},"excerpt":{"rendered":"<p>L&rsquo;entra\u00eeneur du Bayern Munich, Vincent Kompany, se voit sur la m\u00eame longueur d&rsquo;onde que le nouvel entra\u00eeneur national allemand J\u00fcrgen Klopp. Il y a eu<\/p>\n","protected":false},"author":1,"featured_media":15177,"comment_status":"","ping_status":"","sticky":false,"template":"","format":"standard","meta":{"footnotes":""},"categories":[298],"tags":[11342,383,4054,796,3976,2473,4466,11341,879,875,4024,537,156,11343],"class_list":["post-15176","post","type-post","status-publish","format-standard","has-post-thumbnail","hentry","category-belgique","tag-atteindra","tag-belgique","tag-championnat","tag-contre","tag-deurope","tag-dfb","tag-ensuite","tag-espere","tag-finale","tag-klopp","tag-kompany","tag-lequipe","tag-mais","tag-perdra","generate-columns","tablet-grid-50","mobile-grid-100","grid-parent","grid-33"],"yoast_head":"<!-- This site is optimized with the Yoast SEO plugin v24.0 - https:\/\/yoast.com\/wordpress\/plugins\/seo\/ -->\n<title>Kompany esp\u00e8re que l&#039;\u00e9quipe DFB de Klopp atteindra la finale du Championnat d&#039;Europe 2028, mais la perdra ensuite contre la Belgique | Vie Associative<\/title>\n<meta name=\"robots\" content=\"index, follow, max-snippet:-1, max-image-preview:large, max-video-preview:-1\" \/>\n<link rel=\"canonical\" href=\"https:\/\/vieassociative.be\/actualites\/kompany-espere-que-lequipe-dfb-de-klopp-atteindra-la-finale-du-championnat-deurope-2028-mais-la-perdra-ensuite-contre-la-belgique\/\" \/>\n<meta property=\"og:locale\" content=\"fr_FR\" \/>\n<meta property=\"og:type\" content=\"article\" \/>\n<meta property=\"og:title\" content=\"Kompany esp\u00e8re que l&#039;\u00e9quipe DFB de Klopp atteindra la finale du Championnat d&#039;Europe 2028, mais la perdra ensuite contre la Belgique | Vie Associative\" \/>\n<meta property=\"og:description\" content=\"L&rsquo;entra\u00eeneur du Bayern Munich, Vincent Kompany, se voit sur la m\u00eame longueur d&rsquo;onde que le nouvel entra\u00eeneur national allemand J\u00fcrgen Klopp. Il y a eu\" \/>\n<meta property=\"og:url\" content=\"https:\/\/vieassociative.be\/actualites\/kompany-espere-que-lequipe-dfb-de-klopp-atteindra-la-finale-du-championnat-deurope-2028-mais-la-perdra-ensuite-contre-la-belgique\/\" \/>\n<meta property=\"og:site_name\" content=\"Vie Associative\" \/>\n<meta property=\"article:published_time\" content=\"2026-09-01T21:17:59+00:00\" \/>\n<meta property=\"og:image\" content=\"https:\/\/vieassociative.be\/actualites\/wp-content\/uploads\/2024\/09\/header_backgroundk-01-e1726694325946.png\" \/>\n\t<meta property=\"og:image:width\" content=\"279\" \/>\n\t<meta property=\"og:image:height\" content=\"92\" \/>\n\t<meta property=\"og:image:type\" content=\"image\/png\" \/>\n<meta name=\"author\" content=\"Julien\" \/>\n<meta name=\"twitter:card\" content=\"summary_large_image\" \/>\n<meta name=\"twitter:label1\" content=\"\u00c9crit par\" \/>\n\t<meta name=\"twitter:data1\" content=\"Julien\" \/>\n\t<meta name=\"twitter:label2\" content=\"Dur\u00e9e de lecture est.\" \/>\n\t<meta name=\"twitter:data2\" content=\"2 minutes\" \/>\n<script type=\"application\/ld+json\" class=\"yoast-schema-graph\">{\"@context\":\"https:\/\/schema.org\",\"@graph\":[{\"@type\":\"Article\",\"@id\":\"https:\/\/vieassociative.be\/actualites\/kompany-espere-que-lequipe-dfb-de-klopp-atteindra-la-finale-du-championnat-deurope-2028-mais-la-perdra-ensuite-contre-la-belgique\/#article\",\"isPartOf\":{\"@id\":\"https:\/\/vieassociative.be\/actualites\/kompany-espere-que-lequipe-dfb-de-klopp-atteindra-la-finale-du-championnat-deurope-2028-mais-la-perdra-ensuite-contre-la-belgique\/\"},\"author\":{\"name\":\"Julien\",\"@id\":\"https:\/\/vieassociative.be\/actualites\/#\/schema\/person\/b87ac4f82f9d4e7b7cec7395b679edc4\"},\"headline\":\"Kompany esp\u00e8re que l&rsquo;\u00e9quipe DFB de Klopp atteindra la finale du Championnat d&rsquo;Europe 2028, mais la perdra ensuite contre la Belgique\",\"datePublished\":\"2026-09-01T21:17:59+00:00\",\"dateModified\":\"2026-09-01T21:17:59+00:00\",\"mainEntityOfPage\":{\"@id\":\"https:\/\/vieassociative.be\/actualites\/kompany-espere-que-lequipe-dfb-de-klopp-atteindra-la-finale-du-championnat-deurope-2028-mais-la-perdra-ensuite-contre-la-belgique\/\"},\"wordCount\":381,\"publisher\":{\"@id\":\"https:\/\/vieassociative.be\/actualites\/#organization\"},\"image\":{\"@id\":\"https:\/\/vieassociative.be\/actualites\/kompany-espere-que-lequipe-dfb-de-klopp-atteindra-la-finale-du-championnat-deurope-2028-mais-la-perdra-ensuite-contre-la-belgique\/#primaryimage\"},\"thumbnailUrl\":\"https:\/\/vieassociative.be\/actualites\/wp-content\/uploads\/2026\/09\/1788297480_Kompany-espere-que-lequipe-DFB-de-Klopp-atteindra-la-finale.jpg\",\"keywords\":[\"atteindra\",\"Belgique\",\"Championnat\",\"contre\",\"dEurope\",\"DFB\",\"ensuite\",\"esp\u00e8re\",\"finale\",\"Klopp\",\"Kompany\",\"l\u00e9quipe\",\"mais\",\"perdra\"],\"articleSection\":[\"Belgique\"],\"inLanguage\":\"fr-BE\"},{\"@type\":\"WebPage\",\"@id\":\"https:\/\/vieassociative.be\/actualites\/kompany-espere-que-lequipe-dfb-de-klopp-atteindra-la-finale-du-championnat-deurope-2028-mais-la-perdra-ensuite-contre-la-belgique\/\",\"url\":\"https:\/\/vieassociative.be\/actualites\/kompany-espere-que-lequipe-dfb-de-klopp-atteindra-la-finale-du-championnat-deurope-2028-mais-la-perdra-ensuite-contre-la-belgique\/\",\"name\":\"Kompany esp\u00e8re que l'\u00e9quipe DFB de Klopp atteindra la finale du Championnat d'Europe 2028, mais la perdra ensuite contre la Belgique | Vie Associative\",\"isPartOf\":{\"@id\":\"https:\/\/vieassociative.be\/actualites\/#website\"},\"primaryImageOfPage\":{\"@id\":\"https:\/\/vieassociative.be\/actualites\/kompany-espere-que-lequipe-dfb-de-klopp-atteindra-la-finale-du-championnat-deurope-2028-mais-la-perdra-ensuite-contre-la-belgique\/#primaryimage\"},\"image\":{\"@id\":\"https:\/\/vieassociative.be\/actualites\/kompany-espere-que-lequipe-dfb-de-klopp-atteindra-la-finale-du-championnat-deurope-2028-mais-la-perdra-ensuite-contre-la-belgique\/#primaryimage\"},\"thumbnailUrl\":\"https:\/\/vieassociative.be\/actualites\/wp-content\/uploads\/2026\/09\/1788297480_Kompany-espere-que-lequipe-DFB-de-Klopp-atteindra-la-finale.jpg\",\"datePublished\":\"2026-09-01T21:17:59+00:00\",\"dateModified\":\"2026-09-01T21:17:59+00:00\",\"breadcrumb\":{\"@id\":\"https:\/\/vieassociative.be\/actualites\/kompany-espere-que-lequipe-dfb-de-klopp-atteindra-la-finale-du-championnat-deurope-2028-mais-la-perdra-ensuite-contre-la-belgique\/#breadcrumb\"},\"inLanguage\":\"fr-BE\",\"potentialAction\":[{\"@type\":\"ReadAction\",\"target\":[\"https:\/\/vieassociative.be\/actualites\/kompany-espere-que-lequipe-dfb-de-klopp-atteindra-la-finale-du-championnat-deurope-2028-mais-la-perdra-ensuite-contre-la-belgique\/\"]}]},{\"@type\":\"ImageObject\",\"inLanguage\":\"fr-BE\",\"@id\":\"https:\/\/vieassociative.be\/actualites\/kompany-espere-que-lequipe-dfb-de-klopp-atteindra-la-finale-du-championnat-deurope-2028-mais-la-perdra-ensuite-contre-la-belgique\/#primaryimage\",\"url\":\"https:\/\/vieassociative.be\/actualites\/wp-content\/uploads\/2026\/09\/1788297480_Kompany-espere-que-lequipe-DFB-de-Klopp-atteindra-la-finale.jpg\",\"contentUrl\":\"https:\/\/vieassociative.be\/actualites\/wp-content\/uploads\/2026\/09\/1788297480_Kompany-espere-que-lequipe-DFB-de-Klopp-atteindra-la-finale.jpg\",\"width\":1200,\"height\":800,\"caption\":\"Kompany esp\u00e8re que l'\u00e9quipe DFB de Klopp atteindra la finale du Championnat d'Europe 2028, mais la perdra ensuite contre la Belgique\"},{\"@type\":\"BreadcrumbList\",\"@id\":\"https:\/\/vieassociative.be\/actualites\/kompany-espere-que-lequipe-dfb-de-klopp-atteindra-la-finale-du-championnat-deurope-2028-mais-la-perdra-ensuite-contre-la-belgique\/#breadcrumb\",\"itemListElement\":[{\"@type\":\"ListItem\",\"position\":1,\"name\":\"Accueil\",\"item\":\"https:\/\/vieassociative.be\/actualites\/\"},{\"@type\":\"ListItem\",\"position\":2,\"name\":\"Kompany esp\u00e8re que l&rsquo;\u00e9quipe DFB de Klopp atteindra la finale du Championnat d&rsquo;Europe 2028, mais la perdra ensuite contre la Belgique\"}]},{\"@type\":\"WebSite\",\"@id\":\"https:\/\/vieassociative.be\/actualites\/#website\",\"url\":\"https:\/\/vieassociative.be\/actualites\/\",\"name\":\"Vie Associative\",\"description\":\"\",\"publisher\":{\"@id\":\"https:\/\/vieassociative.be\/actualites\/#organization\"},\"potentialAction\":[{\"@type\":\"SearchAction\",\"target\":{\"@type\":\"EntryPoint\",\"urlTemplate\":\"https:\/\/vieassociative.be\/actualites\/?s={search_term_string}\"},\"query-input\":{\"@type\":\"PropertyValueSpecification\",\"valueRequired\":true,\"valueName\":\"search_term_string\"}}],\"inLanguage\":\"fr-BE\"},{\"@type\":\"Organization\",\"@id\":\"https:\/\/vieassociative.be\/actualites\/#organization\",\"name\":\"Vie Associative\",\"url\":\"https:\/\/vieassociative.be\/actualites\/\",\"logo\":{\"@type\":\"ImageObject\",\"inLanguage\":\"fr-BE\",\"@id\":\"https:\/\/vieassociative.be\/actualites\/#\/schema\/logo\/image\/\",\"url\":\"https:\/\/vieassociative.be\/actualites\/wp-content\/uploads\/2024\/09\/cropped-vieassociative_favicon.ico.png\",\"contentUrl\":\"https:\/\/vieassociative.be\/actualites\/wp-content\/uploads\/2024\/09\/cropped-vieassociative_favicon.ico.png\",\"width\":512,\"height\":512,\"caption\":\"Vie Associative\"},\"image\":{\"@id\":\"https:\/\/vieassociative.be\/actualites\/#\/schema\/logo\/image\/\"}},{\"@type\":\"Person\",\"@id\":\"https:\/\/vieassociative.be\/actualites\/#\/schema\/person\/b87ac4f82f9d4e7b7cec7395b679edc4\",\"name\":\"Julien\",\"image\":{\"@type\":\"ImageObject\",\"inLanguage\":\"fr-BE\",\"@id\":\"https:\/\/vieassociative.be\/actualites\/#\/schema\/person\/image\/\",\"url\":\"https:\/\/vieassociative.be\/actualites\/wp-content\/uploads\/2024\/09\/vie-associative-1-150x150.jpg\",\"contentUrl\":\"https:\/\/vieassociative.be\/actualites\/wp-content\/uploads\/2024\/09\/vie-associative-1-150x150.jpg\",\"caption\":\"Julien\"},\"description\":\"Je suis Julien, r\u00e9dacteur pour Vie Associative. Passionn\u00e9 par le monde associatif depuis plus de 10 ans, j'ai \u00e0 c\u0153ur de partager des histoires inspirantes et de mettre en lumi\u00e8re les initiatives locales. Mon objectif est de sensibiliser et d'encourager l'engagement communautaire \u00e0 travers mes articles.\",\"sameAs\":[\"https:\/\/vieassociative.be\/\"]}]}<\/script>\n<!-- \/ Yoast SEO plugin. -->","yoast_head_json":{"title":"Kompany esp\u00e8re que l'\u00e9quipe DFB de Klopp atteindra la finale du Championnat d'Europe 2028, mais la perdra ensuite contre la Belgique | Vie Associative","robots":{"index":"index","follow":"follow","max-snippet":"max-snippet:-1","max-image-preview":"max-image-preview:large","max-video-preview":"max-video-preview:-1"},"canonical":"https:\/\/vieassociative.be\/actualites\/kompany-espere-que-lequipe-dfb-de-klopp-atteindra-la-finale-du-championnat-deurope-2028-mais-la-perdra-ensuite-contre-la-belgique\/","og_locale":"fr_FR","og_type":"article","og_title":"Kompany esp\u00e8re que l'\u00e9quipe DFB de Klopp atteindra la finale du Championnat d'Europe 2028, mais la perdra ensuite contre la Belgique | Vie Associative","og_description":"L&rsquo;entra\u00eeneur du Bayern Munich, Vincent Kompany, se voit sur la m\u00eame longueur d&rsquo;onde que le nouvel entra\u00eeneur national allemand J\u00fcrgen Klopp. Il y a eu","og_url":"https:\/\/vieassociative.be\/actualites\/kompany-espere-que-lequipe-dfb-de-klopp-atteindra-la-finale-du-championnat-deurope-2028-mais-la-perdra-ensuite-contre-la-belgique\/","og_site_name":"Vie Associative","article_published_time":"2026-09-01T21:17:59+00:00","og_image":[{"width":279,"height":92,"url":"https:\/\/vieassociative.be\/actualites\/wp-content\/uploads\/2024\/09\/header_backgroundk-01-e1726694325946.png","type":"image\/png"}],"author":"Julien","twitter_card":"summary_large_image","twitter_misc":{"\u00c9crit par":"Julien","Dur\u00e9e de lecture est.":"2 minutes"},"schema":{"@context":"https:\/\/schema.org","@graph":[{"@type":"Article","@id":"https:\/\/vieassociative.be\/actualites\/kompany-espere-que-lequipe-dfb-de-klopp-atteindra-la-finale-du-championnat-deurope-2028-mais-la-perdra-ensuite-contre-la-belgique\/#article","isPartOf":{"@id":"https:\/\/vieassociative.be\/actualites\/kompany-espere-que-lequipe-dfb-de-klopp-atteindra-la-finale-du-championnat-deurope-2028-mais-la-perdra-ensuite-contre-la-belgique\/"},"author":{"name":"Julien","@id":"https:\/\/vieassociative.be\/actualites\/#\/schema\/person\/b87ac4f82f9d4e7b7cec7395b679edc4"},"headline":"Kompany esp\u00e8re que l&rsquo;\u00e9quipe DFB de Klopp atteindra la finale du Championnat d&rsquo;Europe 2028, mais la perdra ensuite contre la Belgique","datePublished":"2026-09-01T21:17:59+00:00","dateModified":"2026-09-01T21:17:59+00:00","mainEntityOfPage":{"@id":"https:\/\/vieassociative.be\/actualites\/kompany-espere-que-lequipe-dfb-de-klopp-atteindra-la-finale-du-championnat-deurope-2028-mais-la-perdra-ensuite-contre-la-belgique\/"},"wordCount":381,"publisher":{"@id":"https:\/\/vieassociative.be\/actualites\/#organization"},"image":{"@id":"https:\/\/vieassociative.be\/actualites\/kompany-espere-que-lequipe-dfb-de-klopp-atteindra-la-finale-du-championnat-deurope-2028-mais-la-perdra-ensuite-contre-la-belgique\/#primaryimage"},"thumbnailUrl":"https:\/\/vieassociative.be\/actualites\/wp-content\/uploads\/2026\/09\/1788297480_Kompany-espere-que-lequipe-DFB-de-Klopp-atteindra-la-finale.jpg","keywords":["atteindra","Belgique","Championnat","contre","dEurope","DFB","ensuite","esp\u00e8re","finale","Klopp","Kompany","l\u00e9quipe","mais","perdra"],"articleSection":["Belgique"],"inLanguage":"fr-BE"},{"@type":"WebPage","@id":"https:\/\/vieassociative.be\/actualites\/kompany-espere-que-lequipe-dfb-de-klopp-atteindra-la-finale-du-championnat-deurope-2028-mais-la-perdra-ensuite-contre-la-belgique\/","url":"https:\/\/vieassociative.be\/actualites\/kompany-espere-que-lequipe-dfb-de-klopp-atteindra-la-finale-du-championnat-deurope-2028-mais-la-perdra-ensuite-contre-la-belgique\/","name":"Kompany esp\u00e8re que l'\u00e9quipe DFB de Klopp atteindra la finale du Championnat d'Europe 2028, mais la perdra ensuite contre la Belgique | Vie Associative","isPartOf":{"@id":"https:\/\/vieassociative.be\/actualites\/#website"},"primaryImageOfPage":{"@id":"https:\/\/vieassociative.be\/actualites\/kompany-espere-que-lequipe-dfb-de-klopp-atteindra-la-finale-du-championnat-deurope-2028-mais-la-perdra-ensuite-contre-la-belgique\/#primaryimage"},"image":{"@id":"https:\/\/vieassociative.be\/actualites\/kompany-espere-que-lequipe-dfb-de-klopp-atteindra-la-finale-du-championnat-deurope-2028-mais-la-perdra-ensuite-contre-la-belgique\/#primaryimage"},"thumbnailUrl":"https:\/\/vieassociative.be\/actualites\/wp-content\/uploads\/2026\/09\/1788297480_Kompany-espere-que-lequipe-DFB-de-Klopp-atteindra-la-finale.jpg","datePublished":"2026-09-01T21:17:59+00:00","dateModified":"2026-09-01T21:17:59+00:00","breadcrumb":{"@id":"https:\/\/vieassociative.be\/actualites\/kompany-espere-que-lequipe-dfb-de-klopp-atteindra-la-finale-du-championnat-deurope-2028-mais-la-perdra-ensuite-contre-la-belgique\/#breadcrumb"},"inLanguage":"fr-BE","potentialAction":[{"@type":"ReadAction","target":["https:\/\/vieassociative.be\/actualites\/kompany-espere-que-lequipe-dfb-de-klopp-atteindra-la-finale-du-championnat-deurope-2028-mais-la-perdra-ensuite-contre-la-belgique\/"]}]},{"@type":"ImageObject","inLanguage":"fr-BE","@id":"https:\/\/vieassociative.be\/actualites\/kompany-espere-que-lequipe-dfb-de-klopp-atteindra-la-finale-du-championnat-deurope-2028-mais-la-perdra-ensuite-contre-la-belgique\/#primaryimage","url":"https:\/\/vieassociative.be\/actualites\/wp-content\/uploads\/2026\/09\/1788297480_Kompany-espere-que-lequipe-DFB-de-Klopp-atteindra-la-finale.jpg","contentUrl":"https:\/\/vieassociative.be\/actualites\/wp-content\/uploads\/2026\/09\/1788297480_Kompany-espere-que-lequipe-DFB-de-Klopp-atteindra-la-finale.jpg","width":1200,"height":800,"caption":"Kompany esp\u00e8re que l'\u00e9quipe DFB de Klopp atteindra la finale du Championnat d'Europe 2028, mais la perdra ensuite contre la Belgique"},{"@type":"BreadcrumbList","@id":"https:\/\/vieassociative.be\/actualites\/kompany-espere-que-lequipe-dfb-de-klopp-atteindra-la-finale-du-championnat-deurope-2028-mais-la-perdra-ensuite-contre-la-belgique\/#breadcrumb","itemListElement":[{"@type":"ListItem","position":1,"name":"Accueil","item":"https:\/\/vieassociative.be\/actualites\/"},{"@type":"ListItem","position":2,"name":"Kompany esp\u00e8re que l&rsquo;\u00e9quipe DFB de Klopp atteindra la finale du Championnat d&rsquo;Europe 2028, mais la perdra ensuite contre la Belgique"}]},{"@type":"WebSite","@id":"https:\/\/vieassociative.be\/actualites\/#website","url":"https:\/\/vieassociative.be\/actualites\/","name":"Vie Associative","description":"","publisher":{"@id":"https:\/\/vieassociative.be\/actualites\/#organization"},"potentialAction":[{"@type":"SearchAction","target":{"@type":"EntryPoint","urlTemplate":"https:\/\/vieassociative.be\/actualites\/?s={search_term_string}"},"query-input":{"@type":"PropertyValueSpecification","valueRequired":true,"valueName":"search_term_string"}}],"inLanguage":"fr-BE"},{"@type":"Organization","@id":"https:\/\/vieassociative.be\/actualites\/#organization","name":"Vie Associative","url":"https:\/\/vieassociative.be\/actualites\/","logo":{"@type":"ImageObject","inLanguage":"fr-BE","@id":"https:\/\/vieassociative.be\/actualites\/#\/schema\/logo\/image\/","url":"https:\/\/vieassociative.be\/actualites\/wp-content\/uploads\/2024\/09\/cropped-vieassociative_favicon.ico.png","contentUrl":"https:\/\/vieassociative.be\/actualites\/wp-content\/uploads\/2024\/09\/cropped-vieassociative_favicon.ico.png","width":512,"height":512,"caption":"Vie Associative"},"image":{"@id":"https:\/\/vieassociative.be\/actualites\/#\/schema\/logo\/image\/"}},{"@type":"Person","@id":"https:\/\/vieassociative.be\/actualites\/#\/schema\/person\/b87ac4f82f9d4e7b7cec7395b679edc4","name":"Julien","image":{"@type":"ImageObject","inLanguage":"fr-BE","@id":"https:\/\/vieassociative.be\/actualites\/#\/schema\/person\/image\/","url":"https:\/\/vieassociative.be\/actualites\/wp-content\/uploads\/2024\/09\/vie-associative-1-150x150.jpg","contentUrl":"https:\/\/vieassociative.be\/actualites\/wp-content\/uploads\/2024\/09\/vie-associative-1-150x150.jpg","caption":"Julien"},"description":"Je suis Julien, r\u00e9dacteur pour Vie Associative. Passionn\u00e9 par le monde associatif depuis plus de 10 ans, j'ai \u00e0 c\u0153ur de partager des histoires inspirantes et de mettre en lumi\u00e8re les initiatives locales. Mon objectif est de sensibiliser et d'encourager l'engagement communautaire \u00e0 travers mes articles.","sameAs":["https:\/\/vieassociative.be\/"]}]}},"_links":{"self":[{"href":"https:\/\/vieassociative.be\/actualites\/wp-json\/wp\/v2\/posts\/15176"}],"collection":[{"href":"https:\/\/vieassociative.be\/actualites\/wp-json\/wp\/v2\/posts"}],"about":[{"href":"https:\/\/vieassociative.be\/actualites\/wp-json\/wp\/v2\/types\/post"}],"author":[{"embeddable":true,"href":"https:\/\/vieassociative.be\/actualites\/wp-json\/wp\/v2\/users\/1"}],"replies":[{"embeddable":true,"href":"https:\/\/vieassociative.be\/actualites\/wp-json\/wp\/v2\/comments?post=15176"}],"version-history":[{"count":0,"href":"https:\/\/vieassociative.be\/actualites\/wp-json\/wp\/v2\/posts\/15176\/revisions"}],"wp:featuredmedia":[{"embeddable":true,"href":"https:\/\/vieassociative.be\/actualites\/wp-json\/wp\/v2\/media\/15177"}],"wp:attachment":[{"href":"https:\/\/vieassociative.be\/actualites\/wp-json\/wp\/v2\/media?parent=15176"}],"wp:term":[{"taxonomy":"category","embeddable":true,"href":"https:\/\/vieassociative.be\/actualites\/wp-json\/wp\/v2\/categories?post=15176"},{"taxonomy":"post_tag","embeddable":true,"href":"https:\/\/vieassociative.be\/actualites\/wp-json\/wp\/v2\/tags?post=15176"}],"curies":[{"name":"wp","href":"https:\/\/api.w.org\/{rel}","templated":true}]}}