{"id":15174,"date":"2026-09-01T22:17:32","date_gmt":"2026-09-01T20:17:32","guid":{"rendered":"https:\/\/vieassociative.be\/actualites\/cinq-astuces-de-suivi-du-sommeil-que-tout-utilisateur-de-garmin-devrait-connaitre\/"},"modified":"2026-09-01T22:17:32","modified_gmt":"2026-09-01T20:17:32","slug":"cinq-astuces-de-suivi-du-sommeil-que-tout-utilisateur-de-garmin-devrait-connaitre","status":"publish","type":"post","link":"https:\/\/vieassociative.be\/actualites\/cinq-astuces-de-suivi-du-sommeil-que-tout-utilisateur-de-garmin-devrait-connaitre\/","title":{"rendered":"Cinq astuces de suivi du sommeil que tout utilisateur de Garmin devrait conna\u00eetre"},"content":{"rendered":"<p>Nous pouvons gagner une commission sur les liens sur cette page.<\/p>\n<p>Garmin n&rsquo;est pas le premier nom que les gens ont tendance \u00e0 \u00e9voquer lorsqu&rsquo;ils parlent de dispositifs portables de suivi du sommeil : Whoop ou Oura ont accapar\u00e9 ce march\u00e9. Mais si vous vivez d\u00e9j\u00e0 dans l&rsquo;\u00e9cosyst\u00e8me Garmin, vous n&rsquo;avez pas besoin d&rsquo;acheter un deuxi\u00e8me appareil simplement pour obtenir de meilleures informations sur votre sommeil. Vous pouvez utiliser l\u2019appareil dont vous disposez ; il vous suffit g\u00e9n\u00e9ralement de savoir o\u00f9 chercher et comment le configurer. Voici cinq fa\u00e7ons de tirer le meilleur parti des outils de suivi du sommeil dont vous disposez d\u00e9j\u00e0.<\/p>\n<div class=\"shadow-b-2 mb-12 mt-10 rounded-md border-2 border-(#F0F0F0) px-6 py-2 shadow-lg md:px-12\" role=\"region\" aria-label=\"Products List\">\n<div class=\"flex w-full gap-x-5\">\n<div class=\"flex w-full flex-col flex-nowrap justify-center gap-2 text-black no-underline md:order-2 md:gap-y-6\">\n<div class=\"flex flex-col justify-between gap-y-2 md:w-full md:gap-y-1\">\n<div class=\"block w-fit cursor-pointer font-akshar text-lg font-medium leading-5 text-brand-green duration-200 ease-in-out hover:text-brand-green-700 md:text-xl md:leading-6\">\n<p>                            Montre intelligente GPS Garmin Forerunner 970 Premium (noir)\n                        <\/p><\/div>\n<\/p><\/div>\n<div class=\"hidden md:flex md:justify-between md:gap-x-4\">\n<div class=\"w-full mb-0 md:flex md:flex-col md:justify-center font-sans leading-4 text-black\">\n<div class=\"flex flex-wrap items-center justify-center gap-1 md:justify-start\">\n        <span class=\"font-bold\"><\/p>\n<p>            749,99\u00a0$<br \/>\n                            <span class=\"font-medium\">chez Amazon<\/span><br \/>\n                    <\/span>\n            <\/div>\n<\/p><\/div>\n<p>                            <button class=\"flex justify-center items-center w-full bg-brand-green text-white text-base font-sans font-medium rounded-md hover:bg-brand-green-700 hover:cursor-pointer md:text-sm hidden self-end h-12 max-w-(10rem) duration-200 ease-in-out hover:bg-brand-green-700 md:flex md:h-10\"><\/p>\n<p>    Achetez maintenant<br \/>\n<\/button>\n                        <\/div>\n<\/p><\/div>\n<div class=\"flex aspect-video h-(90px) shrink-0 items-center justify-center self-center md:order-1\">\n                        <img decoding=\"async\" class=\"m-0 max-h-full max-w-full rounded-md\" src=\"https:\/\/vieassociative.be\/actualites\/wp-content\/uploads\/2026\/07\/Cinq-astuces-que-tout-utilisateur-de-Garmin-Forerunner-970-devrait.jpg\" alt=\"Montre intelligente GPS Garmin Forerunner 970 Premium (noir)\" width=\"auto\" height=\"auto\" loading=\"lazy\">\n                    <\/div>\n<\/p><\/div>\n<p>                            <button class=\"flex justify-center items-center w-full bg-brand-green text-white text-base font-sans font-medium rounded-md hover:bg-brand-green-700 hover:cursor-pointer md:text-sm w-full h-12 duration-200 ease-in-out hover:bg-brand-green-700 md:hidden md:h-10\"><\/p>\n<p>    Achetez maintenant<br \/>\n<\/button><\/p>\n<div class=\"flex flex-col items-center w-full md:hidden font-sans leading-4 text-black\">\n<div class=\"flex flex-wrap items-center justify-center gap-1 md:justify-start\">\n        <span class=\"font-bold\"><\/p>\n<p>            749,99\u00a0$<br \/>\n                            <span class=\"font-medium\">chez Amazon<\/span><br \/>\n                    <\/span>\n            <\/div>\n<\/p><\/div>\n<div class=\"flex w-full gap-x-5\">\n<div class=\"flex w-full flex-col flex-nowrap justify-center gap-2 text-black no-underline md:order-2 md:gap-y-6\">\n<div class=\"flex flex-col justify-between gap-y-2 md:w-full md:gap-y-1\">\n<div class=\"block w-fit cursor-pointer font-akshar text-lg font-medium leading-5 text-brand-green duration-200 ease-in-out hover:text-brand-green-700 md:text-xl md:leading-6\">\n<p>                            Bracelet intelligent Garmin CIRQA\u2122, sans abonnement, L-XL noir\n                        <\/p><\/div>\n<\/p><\/div>\n<div class=\"hidden md:flex md:justify-between md:gap-x-4\">\n<div class=\"w-full mb-0 md:flex md:flex-col md:justify-center font-sans leading-4 text-black\">\n<div class=\"flex flex-wrap items-center justify-center gap-1 md:justify-start\">\n        <span class=\"font-bold\"><\/p>\n<p>            199,99\u00a0$<br \/>\n                            <span class=\"font-medium\">chez Amazon<\/span><br \/>\n                    <\/span>\n            <\/div>\n<\/p><\/div>\n<p>                            <button class=\"flex justify-center items-center w-full bg-brand-green text-white text-base font-sans font-medium rounded-md hover:bg-brand-green-700 hover:cursor-pointer md:text-sm hidden self-end h-12 max-w-(10rem) duration-200 ease-in-out hover:bg-brand-green-700 md:flex md:h-10\"><\/p>\n<p>    Achetez maintenant<br \/>\n<\/button>\n                        <\/div>\n<\/p><\/div>\n<div class=\"flex aspect-video h-(90px) shrink-0 items-center justify-center self-center md:order-1\">\n                        <img decoding=\"async\" class=\"m-0 max-h-full max-w-full rounded-md\" src=\"https:\/\/vieassociative.be\/actualites\/wp-content\/uploads\/2026\/08\/Les-cinq-premieres-choses-que-vous-devriez-faire-avec-votre.jpg\" alt=\"Bracelet intelligent Garmin CIRQA\u2122, sans abonnement, L-XL noir\" width=\"auto\" height=\"auto\" loading=\"lazy\">\n                    <\/div>\n<\/p><\/div>\n<p>                            <button class=\"flex justify-center items-center w-full bg-brand-green text-white text-base font-sans font-medium rounded-md hover:bg-brand-green-700 hover:cursor-pointer md:text-sm w-full h-12 duration-200 ease-in-out hover:bg-brand-green-700 md:hidden md:h-10\"><\/p>\n<p>    Achetez maintenant<br \/>\n<\/button><\/p>\n<div class=\"flex flex-col items-center w-full md:hidden font-sans leading-4 text-black\">\n<div class=\"flex flex-wrap items-center justify-center gap-1 md:justify-start\">\n        <span class=\"font-bold\"><\/p>\n<p>            199,99\u00a0$<br \/>\n                            <span class=\"font-medium\">chez Amazon<\/span><br \/>\n                    <\/span>\n            <\/div>\n<\/p><\/div>\n<div class=\"flex w-full gap-x-5\">\n<div class=\"flex w-full flex-col flex-nowrap justify-center gap-2 text-black no-underline md:order-2 md:gap-y-6\">\n<div class=\"flex flex-col justify-between gap-y-2 md:w-full md:gap-y-1\">\n<div class=\"block w-fit cursor-pointer font-akshar text-lg font-medium leading-5 text-brand-green duration-200 ease-in-out hover:text-brand-green-700 md:text-xl md:leading-6\">\n<p>                            Garmin Index Sleep Monitor, Smart Sleep Band avec suivi avanc\u00e9 du sommeil et mesures de r\u00e9cup\u00e9ration, SM\n                        <\/p><\/div>\n<\/p><\/div>\n<div class=\"hidden md:flex md:justify-between md:gap-x-4\">\n<div class=\"w-full mb-0 md:flex md:flex-col md:justify-center font-sans leading-4 text-black\">\n<div class=\"flex flex-wrap items-center justify-center gap-1 md:justify-start\">\n        <span class=\"font-bold\"><\/p>\n<p>            169,99\u00a0$<br \/>\n                            <span class=\"font-medium\">chez Amazon<\/span><br \/>\n                    <\/span>\n            <\/div>\n<\/p><\/div>\n<p>                            <button class=\"flex justify-center items-center w-full bg-brand-green text-white text-base font-sans font-medium rounded-md hover:bg-brand-green-700 hover:cursor-pointer md:text-sm hidden self-end h-12 max-w-(10rem) duration-200 ease-in-out hover:bg-brand-green-700 md:flex md:h-10\"><\/p>\n<p>    Achetez maintenant<br \/>\n<\/button>\n                        <\/div>\n<\/p><\/div>\n<div class=\"flex aspect-video h-(90px) shrink-0 items-center justify-center self-center md:order-1\">\n                        <img decoding=\"async\" class=\"m-0 max-h-full max-w-full rounded-md\" src=\"https:\/\/vieassociative.be\/actualites\/wp-content\/uploads\/2026\/09\/Cinq-astuces-de-suivi-du-sommeil-que-tout-utilisateur-de.jpg\" alt=\"Garmin Index Sleep Monitor, Smart Sleep Band avec suivi avanc\u00e9 du sommeil et mesures de r\u00e9cup\u00e9ration, SM\" width=\"auto\" height=\"auto\" loading=\"lazy\">\n                    <\/div>\n<\/p><\/div>\n<p>                            <button class=\"flex justify-center items-center w-full bg-brand-green text-white text-base font-sans font-medium rounded-md hover:bg-brand-green-700 hover:cursor-pointer md:text-sm w-full h-12 duration-200 ease-in-out hover:bg-brand-green-700 md:hidden md:h-10\"><\/p>\n<p>    Achetez maintenant<br \/>\n<\/button><\/p>\n<div class=\"flex flex-col items-center w-full md:hidden font-sans leading-4 text-black\">\n<div class=\"flex flex-wrap items-center justify-center gap-1 md:justify-start\">\n        <span class=\"font-bold\"><\/p>\n<p>            169,99\u00a0$<br \/>\n                            <span class=\"font-medium\">chez Amazon<\/span><br \/>\n                    <\/span>\n            <\/div>\n<\/p><\/div>\n<p>        <button class=\"mb-4 mt-6 pr-4 font-akshar text-sm font-medium text-gray-900 hover:cursor-pointer hover:text-brand-green md:pr-8\"><\/p>\n<p>        VOIR 0 PLUS<\/p>\n<p>    <\/button>\n<\/div>\n<h2 id=\"build-your-own-diy-garmin-sleep-dashboard\">Cr\u00e9ez votre propre tableau de bord de sommeil Garmin DIY<\/h2>\n<p>Commencez par personnaliser votre Garmin pour vous concentrer sur les informations sur le sommeil. Sur votre montre, maintenez enfonc\u00e9 le bouton menu, acc\u00e9dez \u00e0 <strong>Param\u00e8tres<\/strong>alors <strong>Regards<\/strong>et faites glisser votre <strong>Dormir<\/strong> regardez vers le haut, c&rsquo;est donc l&rsquo;une des premi\u00e8res choses que vous voyez lorsque vous vous r\u00e9veillez et v\u00e9rifiez votre poignet.<\/p>\n<p>Pendant que vous y \u00eates, allumez <strong>Coach du sommeil<\/strong> s&rsquo;il n&rsquo;est pas d\u00e9j\u00e0 activ\u00e9. Il vit sous <strong>Param\u00e8tres\u00a0>\u00a0Veille<\/strong>et une fois allum\u00e9, il compare votre historique de sommeil r\u00e9cent \u00e0 votre charge d&rsquo;entra\u00eenement et vous indique approximativement la quantit\u00e9 de sommeil dont vous avez besoin cette nuit sp\u00e9cifique, et pas seulement un objectif fixe de huit heures.<\/p>\n<p>Il est \u00e9galement utile de comprendre ce qui se passe r\u00e9ellement derri\u00e8re votre score de sommeil nocturne, car cela expliquera pourquoi ce chiffre semble parfois d\u00e9connect\u00e9 de ce que vous ressentez r\u00e9ellement. Garmin calcule son score \u00e0 partir d&rsquo;un m\u00e9lange de donn\u00e9es\u00a0: la dur\u00e9e de votre sommeil, la qualit\u00e9 de votre sommeil et ce qu&rsquo;il d\u00e9crit comme preuve d&rsquo;une activit\u00e9 de r\u00e9cup\u00e9ration se produisant dans votre syst\u00e8me nerveux autonome, d\u00e9riv\u00e9e des donn\u00e9es de variabilit\u00e9 de la fr\u00e9quence cardiaque. En termes simples, la montre suit th\u00e9oriquement les minuscules changements de temps entre chaque battement de coeur pendant que vous dormez et en tient compte dans votre score. L&rsquo;id\u00e9e est que cela peut vous permettre de passer des nuits difficiles o\u00f9 votre corps ne s&rsquo;est jamais compl\u00e8tement \u00e9teint, m\u00eame si vous \u00e9tiez techniquement immobile tout le temps.<\/p>\n<h2 id=\"ignore-garmins-body-battery-and-focus-on-these-metrics-instead\">Ignorez la Body Battery de Garmin et concentrez-vous plut\u00f4t sur ces mesures<\/h2>\n<p>Body Battery attire beaucoup d&rsquo;attention car il s&rsquo;agit d&rsquo;un num\u00e9ro de r\u00e9cup\u00e9ration visuellement satisfaisant et soi-disant simple. Mais il s\u2019agit d\u2019une mesure mixte, quelque peu opaque, et s\u2019y appuyer trop pour obtenir une id\u00e9e du sommeil peut \u00eatre trompeur. Quelques chiffres en dessous vous en disent plus. Lorsque vous cr\u00e9ez votre tableau de bord du sommeil, comme je l&rsquo;explique ci-dessus, pensez \u00e0 placer ces mesures en haut.<\/p>\n<p><strong>VRC<\/strong> est la m\u00e9trique la plus utile \u00e0 consid\u00e9rer. Un VRC inf\u00e9rieur \u00e0 la normale pendant la nuit est l&rsquo;un des premiers signaux les plus fiables indiquant que vous \u00eates sous-r\u00e9cup\u00e9r\u00e9, que vous souffrez de quelque chose ou que vous faites face \u00e0 un stress \u00e9lev\u00e9 dont votre corps ne s&rsquo;est pas d\u00e9barrass\u00e9, m\u00eame une nuit o\u00f9 vous avez techniquement eu suffisamment d&rsquo;heures.<\/p>\n<p><strong>B\u0153uf \u00e0 pouls<\/strong> et <strong>fr\u00e9quence respiratoire <\/strong>valent \u00e9galement la peine d&rsquo;\u00eatre regard\u00e9s, surtout ensemble. Une augmentation du rythme respiratoire au repos ou une baisse de l&rsquo;oxyg\u00e8ne dans le sang pendant la nuit peuvent indiquer une respiration perturb\u00e9e, une mauvaise qualit\u00e9 de l&rsquo;air dans votre chambre ou un sommeil en altitude, ce qui ne fera pas n\u00e9cessairement baisser votre \u00ab score de sommeil \u00bb, mais qui affecteront tous votre repos r\u00e9el.<\/p>\n<p>Et quand il s&rsquo;agit de <strong>structure du sommeil<\/strong>accordez plus d&rsquo;attention au temps total pass\u00e9 au lit et \u00e0 son degr\u00e9 de consolidation, par rapport \u00e0 ce que l&rsquo;on appelle la r\u00e9partition des phases de sommeil. La d\u00e9tection des stades de sommeil au poignet, que ce soit sur un Garmin ou sur n&rsquo;importe quel autre bracelet portable, est une estimation construite \u00e0 partir des sch\u00e9mas de mouvement et de fr\u00e9quence cardiaque, et non pas exactement des donn\u00e9es d&rsquo;ondes c\u00e9r\u00e9brales de qualit\u00e9 clinique. Aucun appareil portable ne sera compl\u00e8tement pr\u00e9cis en ce qui concerne les phases de sommeil, alors ne lisez pas trop ces estimations. La dur\u00e9e totale du sommeil (et sa fragmentation) est un chiffre plus fiable.<\/p>\n<h2 id=\"enable-nap-tracking-on-your-garmin-watch-to-get-better-sleep-coaching\">Activez le suivi de la sieste sur votre montre Garmin pour obtenir un meilleur coaching du sommeil<\/h2>\n<p>Si vous me demandez, les siestes sont l&rsquo;une des fonctionnalit\u00e9s les plus n\u00e9glig\u00e9es de Garmin Connect. Si vous faites une sieste de 20 minutes ou plus, la montre peut l&rsquo;enregistrer comme une sieste plut\u00f4t que comme une simple p\u00e9riode d&rsquo;inactivit\u00e9, ce qui est important car elle recalcule ensuite vos besoins en sommeil nocturne. Sur la plupart des montres, vous pouvez d\u00e9marrer cette op\u00e9ration manuellement \u00e0 partir du menu d&rsquo;activit\u00e9 ou de coup d&rsquo;\u0153il en s\u00e9lectionnant <strong>Somme<\/strong> ou <strong>Repos<\/strong>ou la montre d\u00e9tectera d&rsquo;elle-m\u00eame des p\u00e9riodes de repos stationnaires plus longues en fonction de votre mod\u00e8le.<\/p>\n<p>La principale raison pour laquelle cela est important\u00a0: si vous ne faites pas de sieste, Garmin suppose toujours que vous avez besoin d&rsquo;une nuit compl\u00e8te de sommeil de r\u00e9cup\u00e9ration, alors que vous en avez peut-\u00eatre d\u00e9j\u00e0 accumul\u00e9 une partie. L&rsquo;enregistrement des siestes permet de garder les recommandations de Sleep Coach aussi pr\u00e9cises que possible et peut aider \u00e0 expliquer pourquoi vos chiffres nocturnes peuvent vous sembler faux.<\/p>\n<h2 id=\"change-your-garmin-watchs-brightness-and-notification-settings-at-night\">Modifiez les param\u00e8tres de luminosit\u00e9 et de notification de votre montre Garmin la nuit<\/h2>\n<p>Une montre qui bourdonne ou s\u2019allume \u00e0 votre poignet \u00e0 2 heures du matin ne fait rien de bon pour votre VRC. Entrer dans <strong>Param\u00e8tres > Affichage<\/strong> et allumer <strong>Mode veille<\/strong> (parfois \u00e9tiquet\u00e9 <strong>Ne pas d\u00e9ranger<\/strong>) pour que l&rsquo;\u00e9cran s&rsquo;assombrisse ou reste \u00e9teint pendant la nuit, et associez-le aux heures programm\u00e9es de Ne pas d\u00e9ranger sous <strong>Param\u00e8tres > Notifications<\/strong> Ainsi, les appels, les SMS et les alertes d&rsquo;applications n&rsquo;atteignent plus votre poignet pendant votre fen\u00eatre de sommeil. <\/p>\n<p>Certains mod\u00e8les Garmin vous permettent \u00e9galement de configurer Ne pas d\u00e9ranger pour qu&rsquo;il s&rsquo;active automatiquement en fonction de votre horaire de sommeil, ce qui vaut la peine d&rsquo;\u00eatre activ\u00e9 pour que vous n&rsquo;ayez pas \u00e0 vous en souvenir toutes les nuits. Au-del\u00e0 du simple fait d&rsquo;\u00eatre ennuyeux, un \u00e9cran lumineux ou un bourdonnement contre votre peau peut suffire \u00e0 d\u00e9clencher une br\u00e8ve excitation qui se manifeste par un sommeil fragment\u00e9 dans vos donn\u00e9es, m\u00eame si vous ne vous souvenez pas consciemment de votre r\u00e9veil.<\/p>\n<h2 id=\"use-garmin-lifestyle-logging-to-find-out-what-affects-your-sleep\">Utilisez Garmin Lifestyle Logging pour d\u00e9couvrir ce qui affecte votre sommeil<\/h2>\n<p>Dans la section Sommeil de Garmin Connect, vous pouvez enregistrer des facteurs de style de vie tels que l&rsquo;alcool, la caf\u00e9ine et d&rsquo;autres habitudes ainsi que vos donn\u00e9es de sommeil nocturne. L\u2019int\u00e9r\u00eat ici n\u2019est pas d\u2019observer chaque fluctuation quotidienne, mais de rep\u00e9rer les mod\u00e8les. Si vous remarquez que votre sommeil profond diminue r\u00e9guli\u00e8rement les nuits o\u00f9 vous buvez un verre, il s&rsquo;agit d&rsquo;informations exploitables pour am\u00e9liorer votre hygi\u00e8ne de sommeil. Comparez cela \u00e0 quelqu&rsquo;un qui v\u00e9rifie la tendance de son VRC chaque matin sans v\u00e9ritable point de r\u00e9f\u00e9rence pour ce qui d\u00e9termine les hauts et les bas, et vous r\u00e9alisez que Lifestyle Logging est l&rsquo;endroit o\u00f9 se cachent vos v\u00e9ritables id\u00e9es.<\/p>\n<p>Pour la plupart des gens, la version la plus simple de ce processus est suffisante\u00a0: il suffit de suivre la dur\u00e9e totale de sommeil, votre score de sommeil global et le nombre de verres ou de caf\u00e9ine tardive que vous avez bu ce jour-l\u00e0. Je vous recommande \u00e9galement de laisser des notes pour vous-m\u00eame pour savoir si vous vous \u00eates senti l\u00e9thargique pendant la journ\u00e9e, car ces informations peuvent \u00e9galement \u00eatre utiles lors de la d\u00e9tection de tendances.<\/p>\n<h2 id=\"these-hacks-only-work-if-you-wear-your-watch-the-right-way\">Ces astuces ne fonctionnent que si vous portez votre montre correctement<\/h2>\n<p>Les cinq astuces ci-dessus ne fonctionnent que si vous portez votre montre dans la bonne position. Portez-le trop ample et il ne captera pas de donn\u00e9es pr\u00e9cises\u00a0; trop serr\u00e9, et il pourrait devenir suffisamment inconfortable pour que vous l&rsquo;enleviez pendant votre sommeil ou que vous le tourniez et vous retourniez plus que vous ne le feriez normalement. <\/p>\n<p>La r\u00e8gle g\u00e9n\u00e9rale est de porter votre montre suffisamment serr\u00e9e pour qu&rsquo;elle ne tourne pas, mais pas au point de laisser une marque. Les capteurs optiques de fr\u00e9quence cardiaque lisent mieux lorsqu&rsquo;ils sont en contact constant avec la peau, donc un ajustement l\u00e9g\u00e8rement plus ferme la nuit que pendant un entra\u00eenement de jour est g\u00e9n\u00e9ralement la bonne d\u00e9cision.<\/p>\n<p>Si vous trouvez que porter une montre au lit est inconfortable, quelle que soit la fa\u00e7on dont vous la r\u00e9glez, ou si le suivi du sommeil au sein de l&rsquo;\u00e9cosyst\u00e8me Garmin est v\u00e9ritablement une priorit\u00e9 pour vous, cela vaut peut-\u00eatre la peine de passer \u00e0 un appareil d\u00e9di\u00e9 au lieu de vous battre avec votre montre tous les soirs. L&rsquo;Index Sleep Monitor de Garmin est un brassard l\u00e9ger sp\u00e9cialement con\u00e7u pour \u00eatre port\u00e9 pendant la nuit, pour suivre les phases de sommeil, le VRC, les variations respiratoires et la temp\u00e9rature de la peau sans l&rsquo;encombrement d&rsquo;une montre sur votre poignet. Le nouveau bracelet intelligent Cirqa de Garmin est une option sans \u00e9cran qui peut \u00eatre port\u00e9e 24 heures sur 24, synchronisant toutes ses donn\u00e9es dans Garmin Connect avec tout ce que votre montre suit pendant la journ\u00e9e. Aucun de ces appareils n&rsquo;est obligatoire pour le suivi du sommeil, mais si les chiffres sont importants pour vous et que votre montre continue de vous r\u00e9veiller ou de tomber de votre poignet, l&rsquo;une de ces options sp\u00e9cialement con\u00e7ues vous fournira des donn\u00e9es plus fiables avec beaucoup moins de frictions. Pour en savoir plus, consultez la liste Vie Associative des meilleurs trackers de fitness pour le sommeil et la r\u00e9cup\u00e9ration.<\/p>\n","protected":false},"excerpt":{"rendered":"<p>Nous pouvons gagner une commission sur les liens sur cette page. Garmin n&rsquo;est pas le premier nom que les gens ont tendance \u00e0 \u00e9voquer lorsqu&rsquo;ils<\/p>\n","protected":false},"author":1,"featured_media":15175,"comment_status":"","ping_status":"","sticky":false,"template":"","format":"standard","meta":{"footnotes":""},"categories":[10234],"tags":[301,317,583,238,3685,4050,4473,236,7448],"class_list":["post-15174","post","type-post","status-publish","format-standard","has-post-thumbnail","hentry","category-fitness","tag-astuces","tag-cinq","tag-connaitre","tag-devrait","tag-garmin","tag-sommeil","tag-suivi","tag-tout","tag-utilisateur","generate-columns","tablet-grid-50","mobile-grid-100","grid-parent","grid-33"],"yoast_head":"<!-- This site is optimized with the Yoast SEO plugin v24.0 - https:\/\/yoast.com\/wordpress\/plugins\/seo\/ -->\n<title>Cinq astuces de suivi du sommeil que tout utilisateur de Garmin devrait conna\u00eetre | Vie Associative<\/title>\n<meta name=\"robots\" content=\"index, follow, max-snippet:-1, max-image-preview:large, max-video-preview:-1\" \/>\n<link rel=\"canonical\" href=\"https:\/\/vieassociative.be\/actualites\/cinq-astuces-de-suivi-du-sommeil-que-tout-utilisateur-de-garmin-devrait-connaitre\/\" \/>\n<meta property=\"og:locale\" content=\"fr_FR\" \/>\n<meta property=\"og:type\" content=\"article\" \/>\n<meta property=\"og:title\" content=\"Cinq astuces de suivi du sommeil que tout utilisateur de Garmin devrait conna\u00eetre | Vie Associative\" \/>\n<meta property=\"og:description\" content=\"Nous pouvons gagner une commission sur les liens sur cette page. Garmin n&rsquo;est pas le premier nom que les gens ont tendance \u00e0 \u00e9voquer lorsqu&rsquo;ils\" \/>\n<meta property=\"og:url\" content=\"https:\/\/vieassociative.be\/actualites\/cinq-astuces-de-suivi-du-sommeil-que-tout-utilisateur-de-garmin-devrait-connaitre\/\" \/>\n<meta property=\"og:site_name\" content=\"Vie Associative\" \/>\n<meta property=\"article:published_time\" content=\"2026-09-01T20:17:32+00:00\" \/>\n<meta property=\"og:image\" content=\"https:\/\/vieassociative.be\/actualites\/wp-content\/uploads\/2026\/07\/Cinq-astuces-que-tout-utilisateur-de-Garmin-Forerunner-970-devrait.jpg\" \/>\n<meta name=\"author\" content=\"Julien\" \/>\n<meta name=\"twitter:card\" content=\"summary_large_image\" \/>\n<meta name=\"twitter:label1\" content=\"\u00c9crit par\" \/>\n\t<meta name=\"twitter:data1\" content=\"Julien\" \/>\n\t<meta name=\"twitter:label2\" content=\"Dur\u00e9e de lecture est.\" \/>\n\t<meta name=\"twitter:data2\" content=\"9 minutes\" \/>\n<script type=\"application\/ld+json\" class=\"yoast-schema-graph\">{\"@context\":\"https:\/\/schema.org\",\"@graph\":[{\"@type\":\"Article\",\"@id\":\"https:\/\/vieassociative.be\/actualites\/cinq-astuces-de-suivi-du-sommeil-que-tout-utilisateur-de-garmin-devrait-connaitre\/#article\",\"isPartOf\":{\"@id\":\"https:\/\/vieassociative.be\/actualites\/cinq-astuces-de-suivi-du-sommeil-que-tout-utilisateur-de-garmin-devrait-connaitre\/\"},\"author\":{\"name\":\"Julien\",\"@id\":\"https:\/\/vieassociative.be\/actualites\/#\/schema\/person\/b87ac4f82f9d4e7b7cec7395b679edc4\"},\"headline\":\"Cinq astuces de suivi du sommeil que tout utilisateur de Garmin devrait conna\u00eetre\",\"datePublished\":\"2026-09-01T20:17:32+00:00\",\"dateModified\":\"2026-09-01T20:17:32+00:00\",\"mainEntityOfPage\":{\"@id\":\"https:\/\/vieassociative.be\/actualites\/cinq-astuces-de-suivi-du-sommeil-que-tout-utilisateur-de-garmin-devrait-connaitre\/\"},\"wordCount\":1841,\"publisher\":{\"@id\":\"https:\/\/vieassociative.be\/actualites\/#organization\"},\"image\":{\"@id\":\"https:\/\/vieassociative.be\/actualites\/cinq-astuces-de-suivi-du-sommeil-que-tout-utilisateur-de-garmin-devrait-connaitre\/#primaryimage\"},\"thumbnailUrl\":\"https:\/\/vieassociative.be\/actualites\/wp-content\/uploads\/2026\/09\/1788293853_Cinq-astuces-de-suivi-du-sommeil-que-tout-utilisateur-de.jpg\",\"keywords\":[\"astuces\",\"Cinq\",\"conna\u00eetre\",\"devrait\",\"Garmin\",\"sommeil\",\"suivi\",\"tout\",\"utilisateur\"],\"articleSection\":[\"Fitness\"],\"inLanguage\":\"fr-BE\"},{\"@type\":\"WebPage\",\"@id\":\"https:\/\/vieassociative.be\/actualites\/cinq-astuces-de-suivi-du-sommeil-que-tout-utilisateur-de-garmin-devrait-connaitre\/\",\"url\":\"https:\/\/vieassociative.be\/actualites\/cinq-astuces-de-suivi-du-sommeil-que-tout-utilisateur-de-garmin-devrait-connaitre\/\",\"name\":\"Cinq astuces de suivi du sommeil que tout utilisateur de Garmin devrait conna\u00eetre | Vie Associative\",\"isPartOf\":{\"@id\":\"https:\/\/vieassociative.be\/actualites\/#website\"},\"primaryImageOfPage\":{\"@id\":\"https:\/\/vieassociative.be\/actualites\/cinq-astuces-de-suivi-du-sommeil-que-tout-utilisateur-de-garmin-devrait-connaitre\/#primaryimage\"},\"image\":{\"@id\":\"https:\/\/vieassociative.be\/actualites\/cinq-astuces-de-suivi-du-sommeil-que-tout-utilisateur-de-garmin-devrait-connaitre\/#primaryimage\"},\"thumbnailUrl\":\"https:\/\/vieassociative.be\/actualites\/wp-content\/uploads\/2026\/09\/1788293853_Cinq-astuces-de-suivi-du-sommeil-que-tout-utilisateur-de.jpg\",\"datePublished\":\"2026-09-01T20:17:32+00:00\",\"dateModified\":\"2026-09-01T20:17:32+00:00\",\"breadcrumb\":{\"@id\":\"https:\/\/vieassociative.be\/actualites\/cinq-astuces-de-suivi-du-sommeil-que-tout-utilisateur-de-garmin-devrait-connaitre\/#breadcrumb\"},\"inLanguage\":\"fr-BE\",\"potentialAction\":[{\"@type\":\"ReadAction\",\"target\":[\"https:\/\/vieassociative.be\/actualites\/cinq-astuces-de-suivi-du-sommeil-que-tout-utilisateur-de-garmin-devrait-connaitre\/\"]}]},{\"@type\":\"ImageObject\",\"inLanguage\":\"fr-BE\",\"@id\":\"https:\/\/vieassociative.be\/actualites\/cinq-astuces-de-suivi-du-sommeil-que-tout-utilisateur-de-garmin-devrait-connaitre\/#primaryimage\",\"url\":\"https:\/\/vieassociative.be\/actualites\/wp-content\/uploads\/2026\/09\/1788293853_Cinq-astuces-de-suivi-du-sommeil-que-tout-utilisateur-de.jpg\",\"contentUrl\":\"https:\/\/vieassociative.be\/actualites\/wp-content\/uploads\/2026\/09\/1788293853_Cinq-astuces-de-suivi-du-sommeil-que-tout-utilisateur-de.jpg\",\"width\":1200,\"height\":675,\"caption\":\"Cinq astuces de suivi du sommeil que tout utilisateur de Garmin devrait conna\u00eetre\"},{\"@type\":\"BreadcrumbList\",\"@id\":\"https:\/\/vieassociative.be\/actualites\/cinq-astuces-de-suivi-du-sommeil-que-tout-utilisateur-de-garmin-devrait-connaitre\/#breadcrumb\",\"itemListElement\":[{\"@type\":\"ListItem\",\"position\":1,\"name\":\"Accueil\",\"item\":\"https:\/\/vieassociative.be\/actualites\/\"},{\"@type\":\"ListItem\",\"position\":2,\"name\":\"Cinq astuces de suivi du sommeil que tout utilisateur de Garmin devrait conna\u00eetre\"}]},{\"@type\":\"WebSite\",\"@id\":\"https:\/\/vieassociative.be\/actualites\/#website\",\"url\":\"https:\/\/vieassociative.be\/actualites\/\",\"name\":\"Vie Associative\",\"description\":\"\",\"publisher\":{\"@id\":\"https:\/\/vieassociative.be\/actualites\/#organization\"},\"potentialAction\":[{\"@type\":\"SearchAction\",\"target\":{\"@type\":\"EntryPoint\",\"urlTemplate\":\"https:\/\/vieassociative.be\/actualites\/?s={search_term_string}\"},\"query-input\":{\"@type\":\"PropertyValueSpecification\",\"valueRequired\":true,\"valueName\":\"search_term_string\"}}],\"inLanguage\":\"fr-BE\"},{\"@type\":\"Organization\",\"@id\":\"https:\/\/vieassociative.be\/actualites\/#organization\",\"name\":\"Vie Associative\",\"url\":\"https:\/\/vieassociative.be\/actualites\/\",\"logo\":{\"@type\":\"ImageObject\",\"inLanguage\":\"fr-BE\",\"@id\":\"https:\/\/vieassociative.be\/actualites\/#\/schema\/logo\/image\/\",\"url\":\"https:\/\/vieassociative.be\/actualites\/wp-content\/uploads\/2024\/09\/cropped-vieassociative_favicon.ico.png\",\"contentUrl\":\"https:\/\/vieassociative.be\/actualites\/wp-content\/uploads\/2024\/09\/cropped-vieassociative_favicon.ico.png\",\"width\":512,\"height\":512,\"caption\":\"Vie Associative\"},\"image\":{\"@id\":\"https:\/\/vieassociative.be\/actualites\/#\/schema\/logo\/image\/\"}},{\"@type\":\"Person\",\"@id\":\"https:\/\/vieassociative.be\/actualites\/#\/schema\/person\/b87ac4f82f9d4e7b7cec7395b679edc4\",\"name\":\"Julien\",\"image\":{\"@type\":\"ImageObject\",\"inLanguage\":\"fr-BE\",\"@id\":\"https:\/\/vieassociative.be\/actualites\/#\/schema\/person\/image\/\",\"url\":\"https:\/\/vieassociative.be\/actualites\/wp-content\/uploads\/2024\/09\/vie-associative-1-150x150.jpg\",\"contentUrl\":\"https:\/\/vieassociative.be\/actualites\/wp-content\/uploads\/2024\/09\/vie-associative-1-150x150.jpg\",\"caption\":\"Julien\"},\"description\":\"Je suis Julien, r\u00e9dacteur pour Vie Associative. Passionn\u00e9 par le monde associatif depuis plus de 10 ans, j'ai \u00e0 c\u0153ur de partager des histoires inspirantes et de mettre en lumi\u00e8re les initiatives locales. Mon objectif est de sensibiliser et d'encourager l'engagement communautaire \u00e0 travers mes articles.\",\"sameAs\":[\"https:\/\/vieassociative.be\/\"]}]}<\/script>\n<!-- \/ Yoast SEO plugin. -->","yoast_head_json":{"title":"Cinq astuces de suivi du sommeil que tout utilisateur de Garmin devrait conna\u00eetre | Vie Associative","robots":{"index":"index","follow":"follow","max-snippet":"max-snippet:-1","max-image-preview":"max-image-preview:large","max-video-preview":"max-video-preview:-1"},"canonical":"https:\/\/vieassociative.be\/actualites\/cinq-astuces-de-suivi-du-sommeil-que-tout-utilisateur-de-garmin-devrait-connaitre\/","og_locale":"fr_FR","og_type":"article","og_title":"Cinq astuces de suivi du sommeil que tout utilisateur de Garmin devrait conna\u00eetre | Vie Associative","og_description":"Nous pouvons gagner une commission sur les liens sur cette page. Garmin n&rsquo;est pas le premier nom que les gens ont tendance \u00e0 \u00e9voquer lorsqu&rsquo;ils","og_url":"https:\/\/vieassociative.be\/actualites\/cinq-astuces-de-suivi-du-sommeil-que-tout-utilisateur-de-garmin-devrait-connaitre\/","og_site_name":"Vie Associative","article_published_time":"2026-09-01T20:17:32+00:00","og_image":[{"url":"https:\/\/vieassociative.be\/actualites\/wp-content\/uploads\/2026\/07\/Cinq-astuces-que-tout-utilisateur-de-Garmin-Forerunner-970-devrait.jpg","type":"","width":"","height":""}],"author":"Julien","twitter_card":"summary_large_image","twitter_misc":{"\u00c9crit par":"Julien","Dur\u00e9e de lecture est.":"9 minutes"},"schema":{"@context":"https:\/\/schema.org","@graph":[{"@type":"Article","@id":"https:\/\/vieassociative.be\/actualites\/cinq-astuces-de-suivi-du-sommeil-que-tout-utilisateur-de-garmin-devrait-connaitre\/#article","isPartOf":{"@id":"https:\/\/vieassociative.be\/actualites\/cinq-astuces-de-suivi-du-sommeil-que-tout-utilisateur-de-garmin-devrait-connaitre\/"},"author":{"name":"Julien","@id":"https:\/\/vieassociative.be\/actualites\/#\/schema\/person\/b87ac4f82f9d4e7b7cec7395b679edc4"},"headline":"Cinq astuces de suivi du sommeil que tout utilisateur de Garmin devrait conna\u00eetre","datePublished":"2026-09-01T20:17:32+00:00","dateModified":"2026-09-01T20:17:32+00:00","mainEntityOfPage":{"@id":"https:\/\/vieassociative.be\/actualites\/cinq-astuces-de-suivi-du-sommeil-que-tout-utilisateur-de-garmin-devrait-connaitre\/"},"wordCount":1841,"publisher":{"@id":"https:\/\/vieassociative.be\/actualites\/#organization"},"image":{"@id":"https:\/\/vieassociative.be\/actualites\/cinq-astuces-de-suivi-du-sommeil-que-tout-utilisateur-de-garmin-devrait-connaitre\/#primaryimage"},"thumbnailUrl":"https:\/\/vieassociative.be\/actualites\/wp-content\/uploads\/2026\/09\/1788293853_Cinq-astuces-de-suivi-du-sommeil-que-tout-utilisateur-de.jpg","keywords":["astuces","Cinq","conna\u00eetre","devrait","Garmin","sommeil","suivi","tout","utilisateur"],"articleSection":["Fitness"],"inLanguage":"fr-BE"},{"@type":"WebPage","@id":"https:\/\/vieassociative.be\/actualites\/cinq-astuces-de-suivi-du-sommeil-que-tout-utilisateur-de-garmin-devrait-connaitre\/","url":"https:\/\/vieassociative.be\/actualites\/cinq-astuces-de-suivi-du-sommeil-que-tout-utilisateur-de-garmin-devrait-connaitre\/","name":"Cinq astuces de suivi du sommeil que tout utilisateur de Garmin devrait conna\u00eetre | Vie Associative","isPartOf":{"@id":"https:\/\/vieassociative.be\/actualites\/#website"},"primaryImageOfPage":{"@id":"https:\/\/vieassociative.be\/actualites\/cinq-astuces-de-suivi-du-sommeil-que-tout-utilisateur-de-garmin-devrait-connaitre\/#primaryimage"},"image":{"@id":"https:\/\/vieassociative.be\/actualites\/cinq-astuces-de-suivi-du-sommeil-que-tout-utilisateur-de-garmin-devrait-connaitre\/#primaryimage"},"thumbnailUrl":"https:\/\/vieassociative.be\/actualites\/wp-content\/uploads\/2026\/09\/1788293853_Cinq-astuces-de-suivi-du-sommeil-que-tout-utilisateur-de.jpg","datePublished":"2026-09-01T20:17:32+00:00","dateModified":"2026-09-01T20:17:32+00:00","breadcrumb":{"@id":"https:\/\/vieassociative.be\/actualites\/cinq-astuces-de-suivi-du-sommeil-que-tout-utilisateur-de-garmin-devrait-connaitre\/#breadcrumb"},"inLanguage":"fr-BE","potentialAction":[{"@type":"ReadAction","target":["https:\/\/vieassociative.be\/actualites\/cinq-astuces-de-suivi-du-sommeil-que-tout-utilisateur-de-garmin-devrait-connaitre\/"]}]},{"@type":"ImageObject","inLanguage":"fr-BE","@id":"https:\/\/vieassociative.be\/actualites\/cinq-astuces-de-suivi-du-sommeil-que-tout-utilisateur-de-garmin-devrait-connaitre\/#primaryimage","url":"https:\/\/vieassociative.be\/actualites\/wp-content\/uploads\/2026\/09\/1788293853_Cinq-astuces-de-suivi-du-sommeil-que-tout-utilisateur-de.jpg","contentUrl":"https:\/\/vieassociative.be\/actualites\/wp-content\/uploads\/2026\/09\/1788293853_Cinq-astuces-de-suivi-du-sommeil-que-tout-utilisateur-de.jpg","width":1200,"height":675,"caption":"Cinq astuces de suivi du sommeil que tout utilisateur de Garmin devrait conna\u00eetre"},{"@type":"BreadcrumbList","@id":"https:\/\/vieassociative.be\/actualites\/cinq-astuces-de-suivi-du-sommeil-que-tout-utilisateur-de-garmin-devrait-connaitre\/#breadcrumb","itemListElement":[{"@type":"ListItem","position":1,"name":"Accueil","item":"https:\/\/vieassociative.be\/actualites\/"},{"@type":"ListItem","position":2,"name":"Cinq astuces de suivi du sommeil que tout utilisateur de Garmin devrait conna\u00eetre"}]},{"@type":"WebSite","@id":"https:\/\/vieassociative.be\/actualites\/#website","url":"https:\/\/vieassociative.be\/actualites\/","name":"Vie Associative","description":"","publisher":{"@id":"https:\/\/vieassociative.be\/actualites\/#organization"},"potentialAction":[{"@type":"SearchAction","target":{"@type":"EntryPoint","urlTemplate":"https:\/\/vieassociative.be\/actualites\/?s={search_term_string}"},"query-input":{"@type":"PropertyValueSpecification","valueRequired":true,"valueName":"search_term_string"}}],"inLanguage":"fr-BE"},{"@type":"Organization","@id":"https:\/\/vieassociative.be\/actualites\/#organization","name":"Vie Associative","url":"https:\/\/vieassociative.be\/actualites\/","logo":{"@type":"ImageObject","inLanguage":"fr-BE","@id":"https:\/\/vieassociative.be\/actualites\/#\/schema\/logo\/image\/","url":"https:\/\/vieassociative.be\/actualites\/wp-content\/uploads\/2024\/09\/cropped-vieassociative_favicon.ico.png","contentUrl":"https:\/\/vieassociative.be\/actualites\/wp-content\/uploads\/2024\/09\/cropped-vieassociative_favicon.ico.png","width":512,"height":512,"caption":"Vie Associative"},"image":{"@id":"https:\/\/vieassociative.be\/actualites\/#\/schema\/logo\/image\/"}},{"@type":"Person","@id":"https:\/\/vieassociative.be\/actualites\/#\/schema\/person\/b87ac4f82f9d4e7b7cec7395b679edc4","name":"Julien","image":{"@type":"ImageObject","inLanguage":"fr-BE","@id":"https:\/\/vieassociative.be\/actualites\/#\/schema\/person\/image\/","url":"https:\/\/vieassociative.be\/actualites\/wp-content\/uploads\/2024\/09\/vie-associative-1-150x150.jpg","contentUrl":"https:\/\/vieassociative.be\/actualites\/wp-content\/uploads\/2024\/09\/vie-associative-1-150x150.jpg","caption":"Julien"},"description":"Je suis Julien, r\u00e9dacteur pour Vie Associative. Passionn\u00e9 par le monde associatif depuis plus de 10 ans, j'ai \u00e0 c\u0153ur de partager des histoires inspirantes et de mettre en lumi\u00e8re les initiatives locales. Mon objectif est de sensibiliser et d'encourager l'engagement communautaire \u00e0 travers mes articles.","sameAs":["https:\/\/vieassociative.be\/"]}]}},"_links":{"self":[{"href":"https:\/\/vieassociative.be\/actualites\/wp-json\/wp\/v2\/posts\/15174"}],"collection":[{"href":"https:\/\/vieassociative.be\/actualites\/wp-json\/wp\/v2\/posts"}],"about":[{"href":"https:\/\/vieassociative.be\/actualites\/wp-json\/wp\/v2\/types\/post"}],"author":[{"embeddable":true,"href":"https:\/\/vieassociative.be\/actualites\/wp-json\/wp\/v2\/users\/1"}],"replies":[{"embeddable":true,"href":"https:\/\/vieassociative.be\/actualites\/wp-json\/wp\/v2\/comments?post=15174"}],"version-history":[{"count":0,"href":"https:\/\/vieassociative.be\/actualites\/wp-json\/wp\/v2\/posts\/15174\/revisions"}],"wp:featuredmedia":[{"embeddable":true,"href":"https:\/\/vieassociative.be\/actualites\/wp-json\/wp\/v2\/media\/15175"}],"wp:attachment":[{"href":"https:\/\/vieassociative.be\/actualites\/wp-json\/wp\/v2\/media?parent=15174"}],"wp:term":[{"taxonomy":"category","embeddable":true,"href":"https:\/\/vieassociative.be\/actualites\/wp-json\/wp\/v2\/categories?post=15174"},{"taxonomy":"post_tag","embeddable":true,"href":"https:\/\/vieassociative.be\/actualites\/wp-json\/wp\/v2\/tags?post=15174"}],"curies":[{"name":"wp","href":"https:\/\/api.w.org\/{rel}","templated":true}]}}