{"id":15172,"date":"2026-09-01T17:17:13","date_gmt":"2026-09-01T15:17:13","guid":{"rendered":"https:\/\/vieassociative.be\/actualites\/lallemagne-menace-lafd-dun-tremblement-de-terre-lors-des-elections-a-lest\/"},"modified":"2026-09-01T17:17:13","modified_gmt":"2026-09-01T15:17:13","slug":"lallemagne-menace-lafd-dun-tremblement-de-terre-lors-des-elections-a-lest","status":"publish","type":"post","link":"https:\/\/vieassociative.be\/actualites\/lallemagne-menace-lafd-dun-tremblement-de-terre-lors-des-elections-a-lest\/","title":{"rendered":"L&rsquo;Allemagne menace l&rsquo;AfD d&rsquo;un tremblement de terre lors des \u00e9lections \u00e0 l&rsquo;Est"},"content":{"rendered":"<p><strong>Ces jours-ci, l\u2019Allemagne regarde vers l\u2019Est, avec une agitation croissante. Un nouveau parlement r\u00e9gional sera \u00e9lu en Saxe-Anhalt le 6 septembre, suivi deux semaines plus tard par celui de Mecklembourg-Pom\u00e9ranie occidentale. Ce qui ressemble \u00e0 premi\u00e8re vue \u00e0 deux \u00e9lections r\u00e9gionales pourrait se transformer en un test de r\u00e9sistance politique pour l\u2019ensemble de la R\u00e9publique f\u00e9d\u00e9rale.<\/strong><\/p>\n<p><span id=\"more-441735\"><\/span>En Saxe-Anhalt, un sc\u00e9nario qui paraissait presque inimaginable il y a quelques ann\u00e9es se dessine : l\u2019AfD est largement en t\u00eate des sondages. La derni\u00e8re enqu\u00eate d&rsquo;Infratest Dimap place le parti \u00e0 42 pour cent, contre 22 pour cent pour la CDU. L\u2019AfD ne serait plus seulement un parti d\u2019opposition puissant, mais serait sur le point de r\u00e9aliser une perc\u00e9e politique historique.<\/p>\n<p>Le tremblement de terre proprement dit ne pourrait donc pas n\u00e9cessairement commencer le soir du scrutin, mais plut\u00f4t le lendemain matin. Que se passe-t-il si un parti avec lequel les autres partis \u00e9tablis ne souhaitent pas former une coalition devient de loin la force la plus puissante ? Qui forme alors un gouvernement ? Et combien de temps le pare-feu politique pourra-t-il \u00eatre maintenu s\u2019il devient math\u00e9matiquement de plus en plus difficile de gouverner au-del\u00e0 de l\u2019AfD ?<\/p>\n<div id=\"attachment_441737\" class=\"wp-caption alignleft\" style=\"max-width: 300px\"><img fetchpriority=\"high\" decoding=\"async\" class=\"wp-image-441737 size-medium\" src=\"https:\/\/vieassociative.be\/actualites\/wp-content\/uploads\/2026\/09\/LAllemagne-menace-lAfD-dun-tremblement-de-terre-lors-des-elections.jpg\" alt=\"\" width=\"300\" height=\"191\"  ><\/div>\n<p>Malgr\u00e9 les chiffres \u00e9lev\u00e9s des sondages, une majorit\u00e9 absolue pour l\u2019AfD n\u2019est en aucun cas garantie. Cela d\u00e9pend, entre autres choses, des petits partis qui franchiront l\u2019obstacle des cinq pour cent. Mais m\u00eame sans majorit\u00e9 absolue, une victoire de l\u2019AfD serait politiquement explosive. La CDU se trouverait alors confront\u00e9e \u00e0 une situation dans laquelle le parti le plus fort ne pourrait pas \u00eatre un partenaire de coalition. Un gouvernement minoritaire dirig\u00e9 par la CDU, des mod\u00e8les majoritaires complexes ou une impasse politique seraient envisageables. C\u2019est pr\u00e9cis\u00e9ment l\u00e0 que r\u00e9side la puissance explosive de cette \u00e9lection.<\/p>\n<p>L\u2019\u00e9volution devient encore plus explosive si l\u2019on consid\u00e8re le Mecklembourg-Pom\u00e9ranie occidentale. Deux semaines seulement apr\u00e8s la Saxe-Anhalt, un nouveau parlement r\u00e9gional y sera \u00e9galement \u00e9lu. L\u00e0 aussi, l&rsquo;AfD est en avance dans les enqu\u00eates actuelles. Si elle triomphait d\u2019abord en Saxe-Anhalt, puis devenait la force la plus puissante du Mecklembourg-Pom\u00e9ranie occidentale, elle ne serait gu\u00e8re consid\u00e9r\u00e9e comme une exception isol\u00e9e. Cela pourrait \u00eatre le d\u00e9but d\u2019un nouveau mod\u00e8le politique. Les succ\u00e8s \u00e9lectoraux individuels cr\u00e9eraient une nouvelle normalit\u00e9 politique qui pourrait modifier d\u00e9finitivement le syst\u00e8me des partis en R\u00e9publique f\u00e9d\u00e9rale.<\/p>\n<p>Il serait trop facile de consid\u00e9rer cette \u00e9volution comme un simple probl\u00e8me est-allemand. La mont\u00e9e de l\u2019AfD est l\u2019expression d\u2019un m\u00e9contentement politique plus profond qui d\u00e9passe depuis longtemps les fronti\u00e8res des \u00c9tats est-allemands. De nombreux \u00e9lecteurs associent le parti \u00e0 la protestation contre les partis \u00e9tablis, \u00e0 la frustration face aux d\u00e9veloppements \u00e9conomiques et sociaux et au sentiment de ne plus \u00eatre suffisamment entendus par les politiciens.<\/p>\n<div id=\"attachment_441739\" class=\"wp-caption alignleft\" style=\"max-width: 300px\"><img decoding=\"async\" class=\"wp-image-441739 size-medium\" src=\"https:\/\/vieassociative.be\/actualites\/wp-content\/uploads\/2026\/09\/1788275833_382_LAllemagne-menace-lAfD-dun-tremblement-de-terre-lors-des-elections.jpg\" alt=\"\" width=\"300\" height=\"204\"><\/div>\n<p>C\u2019est pr\u00e9cis\u00e9ment la raison pour laquelle les \u00e9lections \u00e0 l\u2019Est ont une signification qui va bien au-del\u00e0 de la Saxe-Anhalt et du Mecklembourg-Pom\u00e9ranie occidentale. Ils pourraient montrer \u00e0 quel point le syst\u00e8me de partis allemand est encore r\u00e9silient si un parti jusqu\u2019ici largement tenu \u00e0 l\u2019\u00e9cart du gouvernement par les autres partis devenait la force politique la plus puissante.<\/p>\n<p>La question cruciale n\u2019est plus seulement de savoir quelle sera la force de l\u2019AfD. C\u2019est ce que fait la d\u00e9mocratie allemande avec une AfD toujours plus forte. Un succ\u00e8s \u00e9lectoral spectaculaire aurait lieu dans un premier temps \u00e0 Magdebourg ou \u00e0 Schwerin, mais aurait un impact politique dans toute l&rsquo;Allemagne. Les partis \u00e9tablis devraient expliquer comment ils souhaitent g\u00e9rer un tel r\u00e9sultat. Et le d\u00e9bat politique sur ce que l\u2019on appelle le pare-feu reviendrait avec une nouvelle force.<\/p>\n<p>C&rsquo;est pr\u00e9cis\u00e9ment pourquoi la soir\u00e9e \u00e9lectorale en Saxe-Anhalt pourrait \u00eatre plus qu&rsquo;une simple soir\u00e9e \u00e9lectorale nationale. Si l&rsquo;AfD sort effectivement des \u00e9lections avec un r\u00e9sultat sup\u00e9rieur \u00e0 40 pour cent, ce serait un tremblement de terre politique &#8211; et peut-\u00eatre seulement le d\u00e9but d&rsquo;une \u00e9volution qui occupera l&rsquo;Allemagne pendant longtemps. (cr\u00e9er)<\/p>\n","protected":false},"excerpt":{"rendered":"<p>Ces jours-ci, l\u2019Allemagne regarde vers l\u2019Est, avec une agitation croissante. Un nouveau parlement r\u00e9gional sera \u00e9lu en Saxe-Anhalt le 6 septembre, suivi deux semaines plus<\/p>\n","protected":false},"author":1,"featured_media":15173,"comment_status":"","ping_status":"","sticky":false,"template":"","format":"standard","meta":{"footnotes":""},"categories":[298],"tags":[29,354,2569,3439,2375,353,3396,1166,7963],"class_list":["post-15172","post","type-post","status-publish","format-standard","has-post-thumbnail","hentry","category-belgique","tag-des","tag-dun","tag-elections","tag-lafd","tag-lallemagne","tag-lors","tag-menace","tag-terre","tag-tremblement","generate-columns","tablet-grid-50","mobile-grid-100","grid-parent","grid-33"],"yoast_head":"<!-- This site is optimized with the Yoast SEO plugin v24.0 - https:\/\/yoast.com\/wordpress\/plugins\/seo\/ -->\n<title>L&#039;Allemagne menace l&#039;AfD d&#039;un tremblement de terre lors des \u00e9lections \u00e0 l&#039;Est | Vie Associative<\/title>\n<meta name=\"robots\" content=\"index, follow, max-snippet:-1, max-image-preview:large, max-video-preview:-1\" \/>\n<link rel=\"canonical\" href=\"https:\/\/vieassociative.be\/actualites\/lallemagne-menace-lafd-dun-tremblement-de-terre-lors-des-elections-a-lest\/\" \/>\n<meta property=\"og:locale\" content=\"fr_FR\" \/>\n<meta property=\"og:type\" content=\"article\" \/>\n<meta property=\"og:title\" content=\"L&#039;Allemagne menace l&#039;AfD d&#039;un tremblement de terre lors des \u00e9lections \u00e0 l&#039;Est | Vie Associative\" \/>\n<meta property=\"og:description\" content=\"Ces jours-ci, l\u2019Allemagne regarde vers l\u2019Est, avec une agitation croissante. Un nouveau parlement r\u00e9gional sera \u00e9lu en Saxe-Anhalt le 6 septembre, suivi deux semaines plus\" \/>\n<meta property=\"og:url\" content=\"https:\/\/vieassociative.be\/actualites\/lallemagne-menace-lafd-dun-tremblement-de-terre-lors-des-elections-a-lest\/\" \/>\n<meta property=\"og:site_name\" content=\"Vie Associative\" \/>\n<meta property=\"article:published_time\" content=\"2026-09-01T15:17:13+00:00\" \/>\n<meta property=\"og:image\" content=\"https:\/\/vieassociative.be\/actualites\/wp-content\/uploads\/2024\/09\/header_backgroundk-01-e1726694325946.png\" \/>\n\t<meta property=\"og:image:width\" content=\"279\" \/>\n\t<meta property=\"og:image:height\" content=\"92\" \/>\n\t<meta property=\"og:image:type\" content=\"image\/png\" \/>\n<meta name=\"author\" content=\"Julien\" \/>\n<meta name=\"twitter:card\" content=\"summary_large_image\" \/>\n<meta name=\"twitter:label1\" content=\"\u00c9crit par\" \/>\n\t<meta name=\"twitter:data1\" content=\"Julien\" \/>\n\t<meta name=\"twitter:label2\" content=\"Dur\u00e9e de lecture est.\" \/>\n\t<meta name=\"twitter:data2\" content=\"4 minutes\" \/>\n<script type=\"application\/ld+json\" class=\"yoast-schema-graph\">{\"@context\":\"https:\/\/schema.org\",\"@graph\":[{\"@type\":\"Article\",\"@id\":\"https:\/\/vieassociative.be\/actualites\/lallemagne-menace-lafd-dun-tremblement-de-terre-lors-des-elections-a-lest\/#article\",\"isPartOf\":{\"@id\":\"https:\/\/vieassociative.be\/actualites\/lallemagne-menace-lafd-dun-tremblement-de-terre-lors-des-elections-a-lest\/\"},\"author\":{\"name\":\"Julien\",\"@id\":\"https:\/\/vieassociative.be\/actualites\/#\/schema\/person\/b87ac4f82f9d4e7b7cec7395b679edc4\"},\"headline\":\"L&rsquo;Allemagne menace l&rsquo;AfD d&rsquo;un tremblement de terre lors des \u00e9lections \u00e0 l&rsquo;Est\",\"datePublished\":\"2026-09-01T15:17:13+00:00\",\"dateModified\":\"2026-09-01T15:17:13+00:00\",\"mainEntityOfPage\":{\"@id\":\"https:\/\/vieassociative.be\/actualites\/lallemagne-menace-lafd-dun-tremblement-de-terre-lors-des-elections-a-lest\/\"},\"wordCount\":737,\"publisher\":{\"@id\":\"https:\/\/vieassociative.be\/actualites\/#organization\"},\"image\":{\"@id\":\"https:\/\/vieassociative.be\/actualites\/lallemagne-menace-lafd-dun-tremblement-de-terre-lors-des-elections-a-lest\/#primaryimage\"},\"thumbnailUrl\":\"https:\/\/vieassociative.be\/actualites\/wp-content\/uploads\/2026\/09\/1788275834_LAllemagne-menace-lAfD-dun-tremblement-de-terre-lors-des-elections.jpg\",\"keywords\":[\"Des\",\"dun\",\"\u00e9lections\",\"lAfD\",\"lAllemagne\",\"lors\",\"menac\u00e9\",\"terre\",\"tremblement\"],\"articleSection\":[\"Belgique\"],\"inLanguage\":\"fr-BE\"},{\"@type\":\"WebPage\",\"@id\":\"https:\/\/vieassociative.be\/actualites\/lallemagne-menace-lafd-dun-tremblement-de-terre-lors-des-elections-a-lest\/\",\"url\":\"https:\/\/vieassociative.be\/actualites\/lallemagne-menace-lafd-dun-tremblement-de-terre-lors-des-elections-a-lest\/\",\"name\":\"L'Allemagne menace l'AfD d'un tremblement de terre lors des \u00e9lections \u00e0 l'Est | Vie Associative\",\"isPartOf\":{\"@id\":\"https:\/\/vieassociative.be\/actualites\/#website\"},\"primaryImageOfPage\":{\"@id\":\"https:\/\/vieassociative.be\/actualites\/lallemagne-menace-lafd-dun-tremblement-de-terre-lors-des-elections-a-lest\/#primaryimage\"},\"image\":{\"@id\":\"https:\/\/vieassociative.be\/actualites\/lallemagne-menace-lafd-dun-tremblement-de-terre-lors-des-elections-a-lest\/#primaryimage\"},\"thumbnailUrl\":\"https:\/\/vieassociative.be\/actualites\/wp-content\/uploads\/2026\/09\/1788275834_LAllemagne-menace-lAfD-dun-tremblement-de-terre-lors-des-elections.jpg\",\"datePublished\":\"2026-09-01T15:17:13+00:00\",\"dateModified\":\"2026-09-01T15:17:13+00:00\",\"breadcrumb\":{\"@id\":\"https:\/\/vieassociative.be\/actualites\/lallemagne-menace-lafd-dun-tremblement-de-terre-lors-des-elections-a-lest\/#breadcrumb\"},\"inLanguage\":\"fr-BE\",\"potentialAction\":[{\"@type\":\"ReadAction\",\"target\":[\"https:\/\/vieassociative.be\/actualites\/lallemagne-menace-lafd-dun-tremblement-de-terre-lors-des-elections-a-lest\/\"]}]},{\"@type\":\"ImageObject\",\"inLanguage\":\"fr-BE\",\"@id\":\"https:\/\/vieassociative.be\/actualites\/lallemagne-menace-lafd-dun-tremblement-de-terre-lors-des-elections-a-lest\/#primaryimage\",\"url\":\"https:\/\/vieassociative.be\/actualites\/wp-content\/uploads\/2026\/09\/1788275834_LAllemagne-menace-lAfD-dun-tremblement-de-terre-lors-des-elections.jpg\",\"contentUrl\":\"https:\/\/vieassociative.be\/actualites\/wp-content\/uploads\/2026\/09\/1788275834_LAllemagne-menace-lAfD-dun-tremblement-de-terre-lors-des-elections.jpg\",\"width\":1200,\"height\":800,\"caption\":\"L'Allemagne menace l'AfD d'un tremblement de terre lors des \u00e9lections \u00e0 l'Est\"},{\"@type\":\"BreadcrumbList\",\"@id\":\"https:\/\/vieassociative.be\/actualites\/lallemagne-menace-lafd-dun-tremblement-de-terre-lors-des-elections-a-lest\/#breadcrumb\",\"itemListElement\":[{\"@type\":\"ListItem\",\"position\":1,\"name\":\"Accueil\",\"item\":\"https:\/\/vieassociative.be\/actualites\/\"},{\"@type\":\"ListItem\",\"position\":2,\"name\":\"L&rsquo;Allemagne menace l&rsquo;AfD d&rsquo;un tremblement de terre lors des \u00e9lections \u00e0 l&rsquo;Est\"}]},{\"@type\":\"WebSite\",\"@id\":\"https:\/\/vieassociative.be\/actualites\/#website\",\"url\":\"https:\/\/vieassociative.be\/actualites\/\",\"name\":\"Vie Associative\",\"description\":\"\",\"publisher\":{\"@id\":\"https:\/\/vieassociative.be\/actualites\/#organization\"},\"potentialAction\":[{\"@type\":\"SearchAction\",\"target\":{\"@type\":\"EntryPoint\",\"urlTemplate\":\"https:\/\/vieassociative.be\/actualites\/?s={search_term_string}\"},\"query-input\":{\"@type\":\"PropertyValueSpecification\",\"valueRequired\":true,\"valueName\":\"search_term_string\"}}],\"inLanguage\":\"fr-BE\"},{\"@type\":\"Organization\",\"@id\":\"https:\/\/vieassociative.be\/actualites\/#organization\",\"name\":\"Vie Associative\",\"url\":\"https:\/\/vieassociative.be\/actualites\/\",\"logo\":{\"@type\":\"ImageObject\",\"inLanguage\":\"fr-BE\",\"@id\":\"https:\/\/vieassociative.be\/actualites\/#\/schema\/logo\/image\/\",\"url\":\"https:\/\/vieassociative.be\/actualites\/wp-content\/uploads\/2024\/09\/cropped-vieassociative_favicon.ico.png\",\"contentUrl\":\"https:\/\/vieassociative.be\/actualites\/wp-content\/uploads\/2024\/09\/cropped-vieassociative_favicon.ico.png\",\"width\":512,\"height\":512,\"caption\":\"Vie Associative\"},\"image\":{\"@id\":\"https:\/\/vieassociative.be\/actualites\/#\/schema\/logo\/image\/\"}},{\"@type\":\"Person\",\"@id\":\"https:\/\/vieassociative.be\/actualites\/#\/schema\/person\/b87ac4f82f9d4e7b7cec7395b679edc4\",\"name\":\"Julien\",\"image\":{\"@type\":\"ImageObject\",\"inLanguage\":\"fr-BE\",\"@id\":\"https:\/\/vieassociative.be\/actualites\/#\/schema\/person\/image\/\",\"url\":\"https:\/\/vieassociative.be\/actualites\/wp-content\/uploads\/2024\/09\/vie-associative-1-150x150.jpg\",\"contentUrl\":\"https:\/\/vieassociative.be\/actualites\/wp-content\/uploads\/2024\/09\/vie-associative-1-150x150.jpg\",\"caption\":\"Julien\"},\"description\":\"Je suis Julien, r\u00e9dacteur pour Vie Associative. Passionn\u00e9 par le monde associatif depuis plus de 10 ans, j'ai \u00e0 c\u0153ur de partager des histoires inspirantes et de mettre en lumi\u00e8re les initiatives locales. Mon objectif est de sensibiliser et d'encourager l'engagement communautaire \u00e0 travers mes articles.\",\"sameAs\":[\"https:\/\/vieassociative.be\/\"]}]}<\/script>\n<!-- \/ Yoast SEO plugin. -->","yoast_head_json":{"title":"L'Allemagne menace l'AfD d'un tremblement de terre lors des \u00e9lections \u00e0 l'Est | Vie Associative","robots":{"index":"index","follow":"follow","max-snippet":"max-snippet:-1","max-image-preview":"max-image-preview:large","max-video-preview":"max-video-preview:-1"},"canonical":"https:\/\/vieassociative.be\/actualites\/lallemagne-menace-lafd-dun-tremblement-de-terre-lors-des-elections-a-lest\/","og_locale":"fr_FR","og_type":"article","og_title":"L'Allemagne menace l'AfD d'un tremblement de terre lors des \u00e9lections \u00e0 l'Est | Vie Associative","og_description":"Ces jours-ci, l\u2019Allemagne regarde vers l\u2019Est, avec une agitation croissante. Un nouveau parlement r\u00e9gional sera \u00e9lu en Saxe-Anhalt le 6 septembre, suivi deux semaines plus","og_url":"https:\/\/vieassociative.be\/actualites\/lallemagne-menace-lafd-dun-tremblement-de-terre-lors-des-elections-a-lest\/","og_site_name":"Vie Associative","article_published_time":"2026-09-01T15:17:13+00:00","og_image":[{"width":279,"height":92,"url":"https:\/\/vieassociative.be\/actualites\/wp-content\/uploads\/2024\/09\/header_backgroundk-01-e1726694325946.png","type":"image\/png"}],"author":"Julien","twitter_card":"summary_large_image","twitter_misc":{"\u00c9crit par":"Julien","Dur\u00e9e de lecture est.":"4 minutes"},"schema":{"@context":"https:\/\/schema.org","@graph":[{"@type":"Article","@id":"https:\/\/vieassociative.be\/actualites\/lallemagne-menace-lafd-dun-tremblement-de-terre-lors-des-elections-a-lest\/#article","isPartOf":{"@id":"https:\/\/vieassociative.be\/actualites\/lallemagne-menace-lafd-dun-tremblement-de-terre-lors-des-elections-a-lest\/"},"author":{"name":"Julien","@id":"https:\/\/vieassociative.be\/actualites\/#\/schema\/person\/b87ac4f82f9d4e7b7cec7395b679edc4"},"headline":"L&rsquo;Allemagne menace l&rsquo;AfD d&rsquo;un tremblement de terre lors des \u00e9lections \u00e0 l&rsquo;Est","datePublished":"2026-09-01T15:17:13+00:00","dateModified":"2026-09-01T15:17:13+00:00","mainEntityOfPage":{"@id":"https:\/\/vieassociative.be\/actualites\/lallemagne-menace-lafd-dun-tremblement-de-terre-lors-des-elections-a-lest\/"},"wordCount":737,"publisher":{"@id":"https:\/\/vieassociative.be\/actualites\/#organization"},"image":{"@id":"https:\/\/vieassociative.be\/actualites\/lallemagne-menace-lafd-dun-tremblement-de-terre-lors-des-elections-a-lest\/#primaryimage"},"thumbnailUrl":"https:\/\/vieassociative.be\/actualites\/wp-content\/uploads\/2026\/09\/1788275834_LAllemagne-menace-lAfD-dun-tremblement-de-terre-lors-des-elections.jpg","keywords":["Des","dun","\u00e9lections","lAfD","lAllemagne","lors","menac\u00e9","terre","tremblement"],"articleSection":["Belgique"],"inLanguage":"fr-BE"},{"@type":"WebPage","@id":"https:\/\/vieassociative.be\/actualites\/lallemagne-menace-lafd-dun-tremblement-de-terre-lors-des-elections-a-lest\/","url":"https:\/\/vieassociative.be\/actualites\/lallemagne-menace-lafd-dun-tremblement-de-terre-lors-des-elections-a-lest\/","name":"L'Allemagne menace l'AfD d'un tremblement de terre lors des \u00e9lections \u00e0 l'Est | Vie Associative","isPartOf":{"@id":"https:\/\/vieassociative.be\/actualites\/#website"},"primaryImageOfPage":{"@id":"https:\/\/vieassociative.be\/actualites\/lallemagne-menace-lafd-dun-tremblement-de-terre-lors-des-elections-a-lest\/#primaryimage"},"image":{"@id":"https:\/\/vieassociative.be\/actualites\/lallemagne-menace-lafd-dun-tremblement-de-terre-lors-des-elections-a-lest\/#primaryimage"},"thumbnailUrl":"https:\/\/vieassociative.be\/actualites\/wp-content\/uploads\/2026\/09\/1788275834_LAllemagne-menace-lAfD-dun-tremblement-de-terre-lors-des-elections.jpg","datePublished":"2026-09-01T15:17:13+00:00","dateModified":"2026-09-01T15:17:13+00:00","breadcrumb":{"@id":"https:\/\/vieassociative.be\/actualites\/lallemagne-menace-lafd-dun-tremblement-de-terre-lors-des-elections-a-lest\/#breadcrumb"},"inLanguage":"fr-BE","potentialAction":[{"@type":"ReadAction","target":["https:\/\/vieassociative.be\/actualites\/lallemagne-menace-lafd-dun-tremblement-de-terre-lors-des-elections-a-lest\/"]}]},{"@type":"ImageObject","inLanguage":"fr-BE","@id":"https:\/\/vieassociative.be\/actualites\/lallemagne-menace-lafd-dun-tremblement-de-terre-lors-des-elections-a-lest\/#primaryimage","url":"https:\/\/vieassociative.be\/actualites\/wp-content\/uploads\/2026\/09\/1788275834_LAllemagne-menace-lAfD-dun-tremblement-de-terre-lors-des-elections.jpg","contentUrl":"https:\/\/vieassociative.be\/actualites\/wp-content\/uploads\/2026\/09\/1788275834_LAllemagne-menace-lAfD-dun-tremblement-de-terre-lors-des-elections.jpg","width":1200,"height":800,"caption":"L'Allemagne menace l'AfD d'un tremblement de terre lors des \u00e9lections \u00e0 l'Est"},{"@type":"BreadcrumbList","@id":"https:\/\/vieassociative.be\/actualites\/lallemagne-menace-lafd-dun-tremblement-de-terre-lors-des-elections-a-lest\/#breadcrumb","itemListElement":[{"@type":"ListItem","position":1,"name":"Accueil","item":"https:\/\/vieassociative.be\/actualites\/"},{"@type":"ListItem","position":2,"name":"L&rsquo;Allemagne menace l&rsquo;AfD d&rsquo;un tremblement de terre lors des \u00e9lections \u00e0 l&rsquo;Est"}]},{"@type":"WebSite","@id":"https:\/\/vieassociative.be\/actualites\/#website","url":"https:\/\/vieassociative.be\/actualites\/","name":"Vie Associative","description":"","publisher":{"@id":"https:\/\/vieassociative.be\/actualites\/#organization"},"potentialAction":[{"@type":"SearchAction","target":{"@type":"EntryPoint","urlTemplate":"https:\/\/vieassociative.be\/actualites\/?s={search_term_string}"},"query-input":{"@type":"PropertyValueSpecification","valueRequired":true,"valueName":"search_term_string"}}],"inLanguage":"fr-BE"},{"@type":"Organization","@id":"https:\/\/vieassociative.be\/actualites\/#organization","name":"Vie Associative","url":"https:\/\/vieassociative.be\/actualites\/","logo":{"@type":"ImageObject","inLanguage":"fr-BE","@id":"https:\/\/vieassociative.be\/actualites\/#\/schema\/logo\/image\/","url":"https:\/\/vieassociative.be\/actualites\/wp-content\/uploads\/2024\/09\/cropped-vieassociative_favicon.ico.png","contentUrl":"https:\/\/vieassociative.be\/actualites\/wp-content\/uploads\/2024\/09\/cropped-vieassociative_favicon.ico.png","width":512,"height":512,"caption":"Vie Associative"},"image":{"@id":"https:\/\/vieassociative.be\/actualites\/#\/schema\/logo\/image\/"}},{"@type":"Person","@id":"https:\/\/vieassociative.be\/actualites\/#\/schema\/person\/b87ac4f82f9d4e7b7cec7395b679edc4","name":"Julien","image":{"@type":"ImageObject","inLanguage":"fr-BE","@id":"https:\/\/vieassociative.be\/actualites\/#\/schema\/person\/image\/","url":"https:\/\/vieassociative.be\/actualites\/wp-content\/uploads\/2024\/09\/vie-associative-1-150x150.jpg","contentUrl":"https:\/\/vieassociative.be\/actualites\/wp-content\/uploads\/2024\/09\/vie-associative-1-150x150.jpg","caption":"Julien"},"description":"Je suis Julien, r\u00e9dacteur pour Vie Associative. Passionn\u00e9 par le monde associatif depuis plus de 10 ans, j'ai \u00e0 c\u0153ur de partager des histoires inspirantes et de mettre en lumi\u00e8re les initiatives locales. Mon objectif est de sensibiliser et d'encourager l'engagement communautaire \u00e0 travers mes articles.","sameAs":["https:\/\/vieassociative.be\/"]}]}},"_links":{"self":[{"href":"https:\/\/vieassociative.be\/actualites\/wp-json\/wp\/v2\/posts\/15172"}],"collection":[{"href":"https:\/\/vieassociative.be\/actualites\/wp-json\/wp\/v2\/posts"}],"about":[{"href":"https:\/\/vieassociative.be\/actualites\/wp-json\/wp\/v2\/types\/post"}],"author":[{"embeddable":true,"href":"https:\/\/vieassociative.be\/actualites\/wp-json\/wp\/v2\/users\/1"}],"replies":[{"embeddable":true,"href":"https:\/\/vieassociative.be\/actualites\/wp-json\/wp\/v2\/comments?post=15172"}],"version-history":[{"count":0,"href":"https:\/\/vieassociative.be\/actualites\/wp-json\/wp\/v2\/posts\/15172\/revisions"}],"wp:featuredmedia":[{"embeddable":true,"href":"https:\/\/vieassociative.be\/actualites\/wp-json\/wp\/v2\/media\/15173"}],"wp:attachment":[{"href":"https:\/\/vieassociative.be\/actualites\/wp-json\/wp\/v2\/media?parent=15172"}],"wp:term":[{"taxonomy":"category","embeddable":true,"href":"https:\/\/vieassociative.be\/actualites\/wp-json\/wp\/v2\/categories?post=15172"},{"taxonomy":"post_tag","embeddable":true,"href":"https:\/\/vieassociative.be\/actualites\/wp-json\/wp\/v2\/tags?post=15172"}],"curies":[{"name":"wp","href":"https:\/\/api.w.org\/{rel}","templated":true}]}}