{"id":15170,"date":"2026-09-01T16:17:03","date_gmt":"2026-09-01T14:17:03","guid":{"rendered":"https:\/\/vieassociative.be\/actualites\/ces-appareils-apple-beneficient-dune-reduction-allant-jusqua-500-pour-la-vente-anticipee-de-la-fete-du-travail-damazon\/"},"modified":"2026-09-01T16:17:03","modified_gmt":"2026-09-01T14:17:03","slug":"ces-appareils-apple-beneficient-dune-reduction-allant-jusqua-500-pour-la-vente-anticipee-de-la-fete-du-travail-damazon","status":"publish","type":"post","link":"https:\/\/vieassociative.be\/actualites\/ces-appareils-apple-beneficient-dune-reduction-allant-jusqua-500-pour-la-vente-anticipee-de-la-fete-du-travail-damazon\/","title":{"rendered":"Ces appareils Apple b\u00e9n\u00e9ficient d&rsquo;une r\u00e9duction allant jusqu&rsquo;\u00e0 500 $ pour la vente anticip\u00e9e de la f\u00eate du Travail d&rsquo;Amazon"},"content":{"rendered":"<p>Nous pouvons gagner une commission sur les liens sur cette page. Les prix et la disponibilit\u00e9 de l&rsquo;offre sont sujets \u00e0 changement apr\u00e8s la publication.<\/p>\n<p>La premi\u00e8re vente d&rsquo;Amazon pour la f\u00eate du Travail 2026 propose des r\u00e9ductions sur une grande partie de la gamme Apple, des AirPod et iPad aux accessoires et aux derniers MacBook Pro. Les \u00e9conomies vont de 19 $ sur un pack de quatre AirTags \u00e0 500 $ sur un MacBook Pro M5 Max, et le timing est particuli\u00e8rement remarquable avec l&rsquo;\u00e9v\u00e9nement iPhone 18 d&rsquo;Apple \u00e9galement \u00e0 l&rsquo;horizon. Si vous parcourez l&rsquo;\u00e9cosyst\u00e8me en attendant le prochain iPhone, ces offres valent la peine d&rsquo;\u00eatre consid\u00e9r\u00e9es. Pour plus d&rsquo;offres que nous avons examin\u00e9es dans les cat\u00e9gories technologie, maison et autres, vous pouvez suivre le reste de notre couverture de la f\u00eate du Travail tout au long du week-end f\u00e9ri\u00e9.<\/p>\n<h2 id=\"save-up-to-30-on-airpods\">\u00c9conomisez jusqu&rsquo;\u00e0 30 $ sur les AirPod<\/h2>\n<div class=\"shadow-b-2 mb-12 mt-10 rounded-md border-2 border-(#F0F0F0) px-6 py-2 shadow-lg md:px-12\" role=\"region\" aria-label=\"Products List\">\n<div class=\"flex w-full gap-x-5\">\n<div class=\"flex w-full flex-col flex-nowrap justify-center gap-2 text-black no-underline md:order-2 md:gap-y-6\">\n<div class=\"flex flex-col justify-between gap-y-2 md:w-full md:gap-y-1\">\n<div class=\"block font-sans text-xs font-semibold capitalize leading-3 text-gray-900 md:leading-4\">avec suppression active du bruit<\/div>\n<div class=\"block w-fit cursor-pointer font-akshar text-lg font-medium leading-5 text-brand-green duration-200 ease-in-out hover:text-brand-green-700 md:text-xl md:leading-6\">\n<p>                            Apple AirPods Pro 3\n                        <\/p><\/div>\n<\/p><\/div>\n<div class=\"hidden md:flex md:justify-between md:gap-x-4\">\n<div class=\"w-full mb-0 md:flex md:flex-col md:justify-center font-sans leading-4 text-black\">\n<div class=\"flex flex-wrap items-center justify-center gap-1 md:justify-start\">\n        <span class=\"font-bold\"><\/p>\n<p>            225,00\u00a0$<br \/>\n                            <span class=\"font-medium\">chez Amazon<\/span><br \/>\n                    <\/span>\n            <\/div>\n<div class=\"flex items-center justify-center gap-x-1 font-bold md:justify-start\">\n            <span class=\"text-sm line-through\">249,00\u00a0$<\/span><br \/>\n            <span class=\"text-sm text-brand-green\">\u00c9conomisez 24,00\u00a0$<\/span>\n        <\/div>\n<\/p><\/div>\n<p>                            <button class=\"flex justify-center items-center w-full bg-brand-green text-white text-base font-sans font-medium rounded-md hover:bg-brand-green-700 hover:cursor-pointer md:text-sm hidden self-end h-12 max-w-(10rem) duration-200 ease-in-out hover:bg-brand-green-700 md:flex md:h-10\"><\/p>\n<p>    Obtenez une offre<br \/>\n<\/button>\n                        <\/div>\n<\/p><\/div>\n<div class=\"flex aspect-video h-(90px) shrink-0 items-center justify-center self-center md:order-1\">\n                        <img decoding=\"async\" class=\"m-0 max-h-full max-w-full rounded-md\" src=\"https:\/\/vieassociative.be\/actualites\/wp-content\/uploads\/2026\/06\/1782375423_270_15-of-the-Best-Prime-Day-Deals-Actually-Worth-Paying.jpg\" alt=\"\u00c9couteurs sans fil Apple AirPods Pro 3 \u00e0 r\u00e9duction de bruit et fr\u00e9quence cardiaque\" width=\"auto\" height=\"auto\" loading=\"lazy\">\n                    <\/div>\n<\/p><\/div>\n<p>                            <button class=\"flex justify-center items-center w-full bg-brand-green text-white text-base font-sans font-medium rounded-md hover:bg-brand-green-700 hover:cursor-pointer md:text-sm w-full h-12 duration-200 ease-in-out hover:bg-brand-green-700 md:hidden md:h-10\"><\/p>\n<p>    Obtenez une offre<br \/>\n<\/button><\/p>\n<div class=\"flex flex-col items-center w-full md:hidden font-sans leading-4 text-black\">\n<div class=\"flex flex-wrap items-center justify-center gap-1 md:justify-start\">\n        <span class=\"font-bold\"><\/p>\n<p>            225,00\u00a0$<br \/>\n                            <span class=\"font-medium\">chez Amazon<\/span><br \/>\n                    <\/span>\n            <\/div>\n<div class=\"flex items-center justify-center gap-x-1 font-bold md:justify-start\">\n            <span class=\"text-sm line-through\">249,00\u00a0$<\/span><br \/>\n            <span class=\"text-sm text-brand-green\">\u00c9conomisez 24,00\u00a0$<\/span>\n        <\/div>\n<\/p><\/div>\n<div class=\"flex w-full gap-x-5\">\n<div class=\"flex w-full flex-col flex-nowrap justify-center gap-2 text-black no-underline md:order-2 md:gap-y-6\">\n<div class=\"flex flex-col justify-between gap-y-2 md:w-full md:gap-y-1\">\n<div class=\"block w-fit cursor-pointer font-akshar text-lg font-medium leading-5 text-brand-green duration-200 ease-in-out hover:text-brand-green-700 md:text-xl md:leading-6\">\n<p>                            Apple AirPods 4\n                        <\/p><\/div>\n<\/p><\/div>\n<div class=\"hidden md:flex md:justify-between md:gap-x-4\">\n<div class=\"w-full mb-0 md:flex md:flex-col md:justify-center font-sans leading-4 text-black\">\n<div class=\"flex flex-wrap items-center justify-center gap-1 md:justify-start\">\n        <span class=\"font-bold\"><\/p>\n<p>            99,00\u00a0$<br \/>\n                            <span class=\"font-medium\">chez Amazon<\/span><br \/>\n                    <\/span>\n            <\/div>\n<div class=\"flex items-center justify-center gap-x-1 font-bold md:justify-start\">\n            <span class=\"text-sm line-through\">129,00\u00a0$<\/span><br \/>\n            <span class=\"text-sm text-brand-green\">\u00c9conomisez 30,00\u00a0$<\/span>\n        <\/div>\n<\/p><\/div>\n<p>                            <button class=\"flex justify-center items-center w-full bg-brand-green text-white text-base font-sans font-medium rounded-md hover:bg-brand-green-700 hover:cursor-pointer md:text-sm hidden self-end h-12 max-w-(10rem) duration-200 ease-in-out hover:bg-brand-green-700 md:flex md:h-10\"><\/p>\n<p>    Obtenez une offre<br \/>\n<\/button>\n                        <\/div>\n<\/p><\/div>\n<div class=\"flex aspect-video h-(90px) shrink-0 items-center justify-center self-center md:order-1\">\n                        <img decoding=\"async\" class=\"m-0 max-h-full max-w-full rounded-md\" src=\"https:\/\/vieassociative.be\/actualites\/wp-content\/uploads\/2026\/09\/Ces-appareils-Apple-beneficient-dune-reduction-allant-jusqua-500.jpg\" alt=\"\u00c9couteurs sans fil Apple AirPods 4\" width=\"auto\" height=\"auto\" loading=\"lazy\">\n                    <\/div>\n<\/p><\/div>\n<p>                            <button class=\"flex justify-center items-center w-full bg-brand-green text-white text-base font-sans font-medium rounded-md hover:bg-brand-green-700 hover:cursor-pointer md:text-sm w-full h-12 duration-200 ease-in-out hover:bg-brand-green-700 md:hidden md:h-10\"><\/p>\n<p>    Obtenez une offre<br \/>\n<\/button><\/p>\n<div class=\"flex flex-col items-center w-full md:hidden font-sans leading-4 text-black\">\n<div class=\"flex flex-wrap items-center justify-center gap-1 md:justify-start\">\n        <span class=\"font-bold\"><\/p>\n<p>            99,00\u00a0$<br \/>\n                            <span class=\"font-medium\">chez Amazon<\/span><br \/>\n                    <\/span>\n            <\/div>\n<div class=\"flex items-center justify-center gap-x-1 font-bold md:justify-start\">\n            <span class=\"text-sm line-through\">129,00\u00a0$<\/span><br \/>\n            <span class=\"text-sm text-brand-green\">\u00c9conomisez 30,00\u00a0$<\/span>\n        <\/div>\n<\/p><\/div>\n<div class=\"flex w-full gap-x-5\">\n<div class=\"flex w-full flex-col flex-nowrap justify-center gap-2 text-black no-underline md:order-2 md:gap-y-6\">\n<div class=\"flex flex-col justify-between gap-y-2 md:w-full md:gap-y-1\">\n<div class=\"block font-sans text-xs font-semibold capitalize leading-3 text-gray-900 md:leading-4\">avec suppression active du bruit<\/div>\n<div class=\"block w-fit cursor-pointer font-akshar text-lg font-medium leading-5 text-brand-green duration-200 ease-in-out hover:text-brand-green-700 md:text-xl md:leading-6\">\n<p>                            Apple AirPods 4\n                        <\/p><\/div>\n<\/p><\/div>\n<div class=\"hidden md:flex md:justify-between md:gap-x-4\">\n<div class=\"w-full mb-0 md:flex md:flex-col md:justify-center font-sans leading-4 text-black\">\n<div class=\"flex flex-wrap items-center justify-center gap-1 md:justify-start\">\n        <span class=\"font-bold\"><\/p>\n<p>            149,00\u00a0$<br \/>\n                            <span class=\"font-medium\">chez Amazon<\/span><br \/>\n                    <\/span>\n            <\/div>\n<div class=\"flex items-center justify-center gap-x-1 font-bold md:justify-start\">\n            <span class=\"text-sm line-through\">179,00\u00a0$<\/span><br \/>\n            <span class=\"text-sm text-brand-green\">\u00c9conomisez 30,00\u00a0$<\/span>\n        <\/div>\n<\/p><\/div>\n<p>                            <button class=\"flex justify-center items-center w-full bg-brand-green text-white text-base font-sans font-medium rounded-md hover:bg-brand-green-700 hover:cursor-pointer md:text-sm hidden self-end h-12 max-w-(10rem) duration-200 ease-in-out hover:bg-brand-green-700 md:flex md:h-10\"><\/p>\n<p>    Obtenez une offre<br \/>\n<\/button>\n                        <\/div>\n<\/p><\/div>\n<div class=\"flex aspect-video h-(90px) shrink-0 items-center justify-center self-center md:order-1\">\n                        <img decoding=\"async\" class=\"m-0 max-h-full max-w-full rounded-md\" src=\"https:\/\/vieassociative.be\/actualites\/wp-content\/uploads\/2026\/06\/Je-suis-un-redacteur-technique-et-ce-sont-les-meilleures.jpg\" alt=\"\u00c9couteurs sans fil \u00e0 suppression active du bruit Apple AirPods 4\" width=\"auto\" height=\"auto\" loading=\"lazy\">\n                    <\/div>\n<\/p><\/div>\n<p>                            <button class=\"flex justify-center items-center w-full bg-brand-green text-white text-base font-sans font-medium rounded-md hover:bg-brand-green-700 hover:cursor-pointer md:text-sm w-full h-12 duration-200 ease-in-out hover:bg-brand-green-700 md:hidden md:h-10\"><\/p>\n<p>    Obtenez une offre<br \/>\n<\/button><\/p>\n<div class=\"flex flex-col items-center w-full md:hidden font-sans leading-4 text-black\">\n<div class=\"flex flex-wrap items-center justify-center gap-1 md:justify-start\">\n        <span class=\"font-bold\"><\/p>\n<p>            149,00\u00a0$<br \/>\n                            <span class=\"font-medium\">chez Amazon<\/span><br \/>\n                    <\/span>\n            <\/div>\n<div class=\"flex items-center justify-center gap-x-1 font-bold md:justify-start\">\n            <span class=\"text-sm line-through\">179,00\u00a0$<\/span><br \/>\n            <span class=\"text-sm text-brand-green\">\u00c9conomisez 30,00\u00a0$<\/span>\n        <\/div>\n<\/p><\/div>\n<p>        <button class=\"mb-4 mt-6 pr-4 font-akshar text-sm font-medium text-gray-900 hover:cursor-pointer hover:text-brand-green md:pr-8\"><\/p>\n<p>        VOIR 0 PLUS<\/p>\n<p>    <\/button>\n<\/div>\n<p>Amazon propose les trois options AirPods actuelles \u00e0 prix r\u00e9duit, \u00e0 commencer par les AirPods 4 standard \u00e0 99 $, contre 129 $. Il s&rsquo;agit de la paire la moins ch\u00e8re ici et conserve le design ouvert d&rsquo;Apple, qui convient mieux aux personnes qui n&rsquo;aiment pas les embouts en silicone. Les AirPods 4 avec suppression active du bruit co\u00fbtent 149 $ au lieu de 179 $ et conservent le m\u00eame ajustement tout en ajoutant l&rsquo;ANC, ce qui en fait la mise \u00e0 niveau la plus utile pour les d\u00e9placements domicile-travail ou les voyages.<\/p>\n<p>Les AirPods Pro 3 sont l&rsquo;option la plus compl\u00e8te \u00e0 225 $, contre 249 $, mais ils constituent \u00e9galement un type d&rsquo;\u00e9couteur diff\u00e9rent. Leurs embouts en silicone cr\u00e9ent une \u00e9tanch\u00e9it\u00e9 plus serr\u00e9e, ils constituent donc le meilleur choix si une suppression du bruit plus forte est plus importante que la sensation d&rsquo;ouverture des AirPods 4. Ils ajoutent \u00e9galement des fonctionnalit\u00e9s telles que l&rsquo;audio adaptatif, des outils de sant\u00e9 auditive et la d\u00e9tection de la fr\u00e9quence cardiaque pendant les entra\u00eenements, ce qui les rend plus attrayants pour les personnes qui utilisent beaucoup leurs \u00e9couteurs tout au long de la journ\u00e9e.<\/p>\n<h2 id=\"save-up-to-500-on-2026-m5-macbook-pros\">\u00c9conomisez jusqu&rsquo;\u00e0 500 $ sur les MacBook Pro M5 2026<\/h2>\n<div class=\"shadow-b-2 mb-12 mt-10 rounded-md border-2 border-(#F0F0F0) px-6 py-2 shadow-lg md:px-12\" role=\"region\" aria-label=\"Products List\">\n<div class=\"flex w-full gap-x-5\">\n<div class=\"flex w-full flex-col flex-nowrap justify-center gap-2 text-black no-underline md:order-2 md:gap-y-6\">\n<div class=\"flex flex-col justify-between gap-y-2 md:w-full md:gap-y-1\">\n<div class=\"block font-sans text-xs font-semibold capitalize leading-3 text-gray-900 md:leading-4\">avec puce M5 Max<\/div>\n<div class=\"block w-fit cursor-pointer font-akshar text-lg font-medium leading-5 text-brand-green duration-200 ease-in-out hover:text-brand-green-700 md:text-xl md:leading-6\">\n<p>                            AppleMacBook Pro 2026\n                        <\/p><\/div>\n<\/p><\/div>\n<div class=\"hidden md:flex md:justify-between md:gap-x-4\">\n<div class=\"w-full mb-0 md:flex md:flex-col md:justify-center font-sans leading-4 text-black\">\n<div class=\"flex flex-wrap items-center justify-center gap-1 md:justify-start\">\n        <span class=\"font-bold\"><\/p>\n<p>            4\u00a0499,00\u00a0$<br \/>\n                            <span class=\"font-medium\">chez Amazon<\/span><br \/>\n                    <\/span>\n            <\/div>\n<div class=\"flex items-center justify-center gap-x-1 font-bold md:justify-start\">\n            <span class=\"text-sm line-through\">4 999,00\u00a0$<\/span><br \/>\n            <span class=\"text-sm text-brand-green\">\u00c9conomisez 500,00\u00a0$<\/span>\n        <\/div>\n<\/p><\/div>\n<p>                            <button class=\"flex justify-center items-center w-full bg-brand-green text-white text-base font-sans font-medium rounded-md hover:bg-brand-green-700 hover:cursor-pointer md:text-sm hidden self-end h-12 max-w-(10rem) duration-200 ease-in-out hover:bg-brand-green-700 md:flex md:h-10\"><\/p>\n<p>    Obtenez une offre<br \/>\n<\/button>\n                        <\/div>\n<\/p><\/div>\n<div class=\"flex aspect-video h-(90px) shrink-0 items-center justify-center self-center md:order-1\">\n                        <img decoding=\"async\" class=\"m-0 max-h-full max-w-full rounded-md\" src=\"https:\/\/vieassociative.be\/actualites\/wp-content\/uploads\/2026\/09\/1788272223_984_Ces-appareils-Apple-beneficient-dune-reduction-allant-jusqua-500.jpg\" alt=\"Ordinateur portable Apple MacBook Pro 2026 avec puce Apple M5 Max avec processeur 18 c\u0153urs et GPU 40 c\u0153urs : con\u00e7u pour l'IA, \u00e9cran Liquid Retina XDR de 16,2 pouces, m\u00e9moire unifi\u00e9e de 48 Go, SSD de 2 To, Wi-Fi 7 ; Espace noir\" width=\"auto\" height=\"auto\" loading=\"lazy\">\n                    <\/div>\n<\/p><\/div>\n<p>                            <button class=\"flex justify-center items-center w-full bg-brand-green text-white text-base font-sans font-medium rounded-md hover:bg-brand-green-700 hover:cursor-pointer md:text-sm w-full h-12 duration-200 ease-in-out hover:bg-brand-green-700 md:hidden md:h-10\"><\/p>\n<p>    Obtenez une offre<br \/>\n<\/button><\/p>\n<div class=\"flex flex-col items-center w-full md:hidden font-sans leading-4 text-black\">\n<div class=\"flex flex-wrap items-center justify-center gap-1 md:justify-start\">\n        <span class=\"font-bold\"><\/p>\n<p>            4\u00a0499,00\u00a0$<br \/>\n                            <span class=\"font-medium\">chez Amazon<\/span><br \/>\n                    <\/span>\n            <\/div>\n<div class=\"flex items-center justify-center gap-x-1 font-bold md:justify-start\">\n            <span class=\"text-sm line-through\">4 999,00\u00a0$<\/span><br \/>\n            <span class=\"text-sm text-brand-green\">\u00c9conomisez 500,00\u00a0$<\/span>\n        <\/div>\n<\/p><\/div>\n<div class=\"flex w-full gap-x-5\">\n<div class=\"flex w-full flex-col flex-nowrap justify-center gap-2 text-black no-underline md:order-2 md:gap-y-6\">\n<div class=\"flex flex-col justify-between gap-y-2 md:w-full md:gap-y-1\">\n<div class=\"block font-sans text-xs font-semibold capitalize leading-3 text-gray-900 md:leading-4\">avec puce Apple M5 Pro<\/div>\n<div class=\"block w-fit cursor-pointer font-akshar text-lg font-medium leading-5 text-brand-green duration-200 ease-in-out hover:text-brand-green-700 md:text-xl md:leading-6\">\n<p>                            AppleMacBook Pro 2026\n                        <\/p><\/div>\n<\/p><\/div>\n<div class=\"hidden md:flex md:justify-between md:gap-x-4\">\n<div class=\"w-full mb-0 md:flex md:flex-col md:justify-center font-sans leading-4 text-black\">\n<div class=\"flex flex-wrap items-center justify-center gap-1 md:justify-start\">\n        <span class=\"font-bold\"><\/p>\n<p>            2\u00a0354,00\u00a0$<br \/>\n                            <span class=\"font-medium\">chez Amazon<\/span><br \/>\n                    <\/span>\n            <\/div>\n<div class=\"flex items-center justify-center gap-x-1 font-bold md:justify-start\">\n            <span class=\"text-sm line-through\">2\u00a0499,00\u00a0$<\/span><br \/>\n            <span class=\"text-sm text-brand-green\">\u00c9conomisez 145,00\u00a0$<\/span>\n        <\/div>\n<\/p><\/div>\n<p>                            <button class=\"flex justify-center items-center w-full bg-brand-green text-white text-base font-sans font-medium rounded-md hover:bg-brand-green-700 hover:cursor-pointer md:text-sm hidden self-end h-12 max-w-(10rem) duration-200 ease-in-out hover:bg-brand-green-700 md:flex md:h-10\"><\/p>\n<p>    Obtenez une offre<br \/>\n<\/button>\n                        <\/div>\n<\/p><\/div>\n<div class=\"flex aspect-video h-(90px) shrink-0 items-center justify-center self-center md:order-1\">\n                        <img decoding=\"async\" class=\"m-0 max-h-full max-w-full rounded-md\" src=\"https:\/\/vieassociative.be\/actualites\/wp-content\/uploads\/2026\/09\/1788272223_713_Ces-appareils-Apple-beneficient-dune-reduction-allant-jusqua-500.jpg\" alt=\"Ordinateur portable Apple MacBook Pro 2026 avec puce Apple M5 Pro avec processeur 15 c\u0153urs et GPU 16 c\u0153urs : con\u00e7u pour l'IA, \u00e9cran Liquid Retina XDR de 14,2 pouces, m\u00e9moire unifi\u00e9e de 24 Go, SSD de 1 To, Wi-Fi 7 ; Espace noir\" width=\"auto\" height=\"auto\" loading=\"lazy\">\n                    <\/div>\n<\/p><\/div>\n<p>                            <button class=\"flex justify-center items-center w-full bg-brand-green text-white text-base font-sans font-medium rounded-md hover:bg-brand-green-700 hover:cursor-pointer md:text-sm w-full h-12 duration-200 ease-in-out hover:bg-brand-green-700 md:hidden md:h-10\"><\/p>\n<p>    Obtenez une offre<br \/>\n<\/button><\/p>\n<div class=\"flex flex-col items-center w-full md:hidden font-sans leading-4 text-black\">\n<div class=\"flex flex-wrap items-center justify-center gap-1 md:justify-start\">\n        <span class=\"font-bold\"><\/p>\n<p>            2\u00a0354,00\u00a0$<br \/>\n                            <span class=\"font-medium\">chez Amazon<\/span><br \/>\n                    <\/span>\n            <\/div>\n<div class=\"flex items-center justify-center gap-x-1 font-bold md:justify-start\">\n            <span class=\"text-sm line-through\">2\u00a0499,00\u00a0$<\/span><br \/>\n            <span class=\"text-sm text-brand-green\">\u00c9conomisez 145,00\u00a0$<\/span>\n        <\/div>\n<\/p><\/div>\n<p>        <button class=\"mb-4 mt-6 pr-4 font-akshar text-sm font-medium text-gray-900 hover:cursor-pointer hover:text-brand-green md:pr-8\"><\/p>\n<p>        VOIR -1 PLUS<\/p>\n<p>    <\/button>\n<\/div>\n<p>Amazon propose deux des configurations de MacBook Pro 2026 d&rsquo;Apple, la remise la plus importante \u00e9tant accord\u00e9e au mod\u00e8le M5 Max. La version avec 48 Go de m\u00e9moire unifi\u00e9e et un SSD de 2 To co\u00fbte 4 499 $, contre 4 999 $, ce qui repr\u00e9sente une r\u00e9duction substantielle si vous avez r\u00e9ellement besoin de ce niveau de performances pour le montage vid\u00e9o, le travail 3D, le d\u00e9veloppement ou d&rsquo;autres charges de travail exigeantes. Cependant, pour la navigation quotidienne, l&rsquo;\u00e9criture et le travail de bureau, c&rsquo;est bien plus de machine que ce dont la plupart des gens ont besoin.<\/p>\n<p>Le mod\u00e8le M5 Pro est le choix le plus r\u00e9aliste pour un plus large \u00e9ventail d\u2019acheteurs \u00e0 2 354 $, contre 2 499 $. Il est livr\u00e9 avec 24 Go de m\u00e9moire et un SSD de 1 To, il reste donc suffisamment de place pour des travaux cr\u00e9atifs et techniques plus lourds sans passer au prix M5 Max. Apple a pr\u00e9sent\u00e9 les deux mod\u00e8les en mars 2026.<\/p>\n<h2 id=\"save-up-to-50-on-ipads\">\u00c9conomisez jusqu&rsquo;\u00e0 50 $ sur les iPad<\/h2>\n<div class=\"shadow-b-2 mb-12 mt-10 rounded-md border-2 border-(#F0F0F0) px-6 py-2 shadow-lg md:px-12\" role=\"region\" aria-label=\"Products List\">\n<div class=\"flex w-full gap-x-5\">\n<div class=\"flex w-full flex-col flex-nowrap justify-center gap-2 text-black no-underline md:order-2 md:gap-y-6\">\n<div class=\"flex flex-col justify-between gap-y-2 md:w-full md:gap-y-1\">\n<div class=\"block font-sans text-xs font-semibold capitalize leading-3 text-gray-900 md:leading-4\">avec puce A16<\/div>\n<div class=\"block w-fit cursor-pointer font-akshar text-lg font-medium leading-5 text-brand-green duration-200 ease-in-out hover:text-brand-green-700 md:text-xl md:leading-6\">\n<p>                            Apple iPad 11 pouces\n                        <\/p><\/div>\n<\/p><\/div>\n<div class=\"hidden md:flex md:justify-between md:gap-x-4\">\n<div class=\"w-full mb-0 md:flex md:flex-col md:justify-center font-sans leading-4 text-black\">\n<div class=\"flex flex-wrap items-center justify-center gap-1 md:justify-start\">\n        <span class=\"font-bold\"><\/p>\n<p>            399,00\u00a0$<br \/>\n                            <span class=\"font-medium\">chez Amazon<\/span><br \/>\n                    <\/span>\n            <\/div>\n<div class=\"flex items-center justify-center gap-x-1 font-bold md:justify-start\">\n            <span class=\"text-sm line-through\">449,00\u00a0$<\/span><br \/>\n            <span class=\"text-sm text-brand-green\">\u00c9conomisez 50,00\u00a0$<\/span>\n        <\/div>\n<\/p><\/div>\n<p>                            <button class=\"flex justify-center items-center w-full bg-brand-green text-white text-base font-sans font-medium rounded-md hover:bg-brand-green-700 hover:cursor-pointer md:text-sm hidden self-end h-12 max-w-(10rem) duration-200 ease-in-out hover:bg-brand-green-700 md:flex md:h-10\"><\/p>\n<p>    Obtenez une offre<br \/>\n<\/button>\n                        <\/div>\n<\/p><\/div>\n<div class=\"flex aspect-video h-(90px) shrink-0 items-center justify-center self-center md:order-1\">\n                        <img decoding=\"async\" class=\"m-0 max-h-full max-w-full rounded-md\" src=\"https:\/\/vieassociative.be\/actualites\/wp-content\/uploads\/2026\/09\/1788272223_82_Ces-appareils-Apple-beneficient-dune-reduction-allant-jusqua-500.jpg\" alt=\"AppleiPad 11\" 128GB A16 WiFi Tablet (Blue, 2025)\" width=\"auto\" height=\"auto\" loading=\"lazy\">\n                    <\/div>\n<\/p><\/div>\n<p>                            <button class=\"flex justify-center items-center w-full bg-brand-green text-white text-base font-sans font-medium rounded-md hover:bg-brand-green-700 hover:cursor-pointer md:text-sm w-full h-12 duration-200 ease-in-out hover:bg-brand-green-700 md:hidden md:h-10\"><\/p>\n<p>    Obtenez une offre<br \/>\n<\/button><\/p>\n<div class=\"flex flex-col items-center w-full md:hidden font-sans leading-4 text-black\">\n<div class=\"flex flex-wrap items-center justify-center gap-1 md:justify-start\">\n        <span class=\"font-bold\"><\/p>\n<p>            399,00\u00a0$<br \/>\n                            <span class=\"font-medium\">chez Amazon<\/span><br \/>\n                    <\/span>\n            <\/div>\n<div class=\"flex items-center justify-center gap-x-1 font-bold md:justify-start\">\n            <span class=\"text-sm line-through\">449,00\u00a0$<\/span><br \/>\n            <span class=\"text-sm text-brand-green\">\u00c9conomisez 50,00\u00a0$<\/span>\n        <\/div>\n<\/p><\/div>\n<div class=\"flex w-full gap-x-5\">\n<div class=\"flex w-full flex-col flex-nowrap justify-center gap-2 text-black no-underline md:order-2 md:gap-y-6\">\n<div class=\"flex flex-col justify-between gap-y-2 md:w-full md:gap-y-1\">\n<div class=\"block w-fit cursor-pointer font-akshar text-lg font-medium leading-5 text-brand-green duration-200 ease-in-out hover:text-brand-green-700 md:text-xl md:leading-6\">\n<p>                            Apple iPad mini (A17 Pro)\n                        <\/p><\/div>\n<\/p><\/div>\n<div class=\"hidden md:flex md:justify-between md:gap-x-4\">\n<div class=\"w-full mb-0 md:flex md:flex-col md:justify-center font-sans leading-4 text-black\">\n<div class=\"flex flex-wrap items-center justify-center gap-1 md:justify-start\">\n        <span class=\"font-bold\"><\/p>\n<p>            569,00\u00a0$<br \/>\n                            <span class=\"font-medium\">chez Amazon<\/span><br \/>\n                    <\/span>\n            <\/div>\n<div class=\"flex items-center justify-center gap-x-1 font-bold md:justify-start\">\n            <span class=\"text-sm line-through\">599,00\u00a0$<\/span><br \/>\n            <span class=\"text-sm text-brand-green\">\u00c9conomisez 30,00\u00a0$<\/span>\n        <\/div>\n<\/p><\/div>\n<p>                            <button class=\"flex justify-center items-center w-full bg-brand-green text-white text-base font-sans font-medium rounded-md hover:bg-brand-green-700 hover:cursor-pointer md:text-sm hidden self-end h-12 max-w-(10rem) duration-200 ease-in-out hover:bg-brand-green-700 md:flex md:h-10\"><\/p>\n<p>    Obtenez une offre<br \/>\n<\/button>\n                        <\/div>\n<\/p><\/div>\n<div class=\"flex aspect-video h-(90px) shrink-0 items-center justify-center self-center md:order-1\">\n                        <img decoding=\"async\" class=\"m-0 max-h-full max-w-full rounded-md\" src=\"https:\/\/vieassociative.be\/actualites\/wp-content\/uploads\/2026\/09\/1788272223_622_Ces-appareils-Apple-beneficient-dune-reduction-allant-jusqua-500.jpg\" alt=\"Tablette Wi-Fi Apple iPad Mini 128 Go (gris sid\u00e9ral, 2024)\" width=\"auto\" height=\"auto\" loading=\"lazy\">\n                    <\/div>\n<\/p><\/div>\n<p>                            <button class=\"flex justify-center items-center w-full bg-brand-green text-white text-base font-sans font-medium rounded-md hover:bg-brand-green-700 hover:cursor-pointer md:text-sm w-full h-12 duration-200 ease-in-out hover:bg-brand-green-700 md:hidden md:h-10\"><\/p>\n<p>    Obtenez une offre<br \/>\n<\/button><\/p>\n<div class=\"flex flex-col items-center w-full md:hidden font-sans leading-4 text-black\">\n<div class=\"flex flex-wrap items-center justify-center gap-1 md:justify-start\">\n        <span class=\"font-bold\"><\/p>\n<p>            569,00\u00a0$<br \/>\n                            <span class=\"font-medium\">chez Amazon<\/span><br \/>\n                    <\/span>\n            <\/div>\n<div class=\"flex items-center justify-center gap-x-1 font-bold md:justify-start\">\n            <span class=\"text-sm line-through\">599,00\u00a0$<\/span><br \/>\n            <span class=\"text-sm text-brand-green\">\u00c9conomisez 30,00\u00a0$<\/span>\n        <\/div>\n<\/p><\/div>\n<p>        <button class=\"mb-4 mt-6 pr-4 font-akshar text-sm font-medium text-gray-900 hover:cursor-pointer hover:text-brand-green md:pr-8\"><\/p>\n<p>        VOIR -1 PLUS<\/p>\n<p>    <\/button>\n<\/div>\n<p>L&rsquo;iPad 11 pouces dot\u00e9 de la puce A16 et de 128 Go de stockage est l&rsquo;achat le plus simple \u00e0 399 $, contre 449 $. C&rsquo;est l&rsquo;option la moins ch\u00e8re et devrait couvrir les bases confortablement, qu&rsquo;il s&rsquo;agisse de streaming, de lecture, d&rsquo;appels vid\u00e9o, de devoirs ou d&rsquo;utilisation d&rsquo;un clavier pour une productivit\u00e9 plus l\u00e9g\u00e8re.<\/p>\n<p>L&rsquo;iPad mini avec la puce A17 Pro et 128 Go de stockage co\u00fbte 569 $ au lieu de 599 $, et l&rsquo;attrait ici est vraiment sa taille plus petite. Il est plus facile \u00e0 tenir pour lire, \u00e0 transporter en voyage ou \u00e0 utiliser pour prendre des notes rapides, mais vous payez 170 $ de plus que l&rsquo;iPad 11 pouces aux prix de vente actuels. \u00c0 moins que la portabilit\u00e9 ne soit la principale raison pour laquelle vous souhaitez un iPad, le mod\u00e8le plus grand vous offre plus d\u2019\u00e9cran pour moins d\u2019argent.<\/p>\n<h2 id=\"save-over-30-on-apple-accessories\">\u00c9conomisez plus de 30 $ sur les accessoires Apple<\/h2>\n<div class=\"shadow-b-2 mb-12 mt-10 rounded-md border-2 border-(#F0F0F0) px-6 py-2 shadow-lg md:px-12\" role=\"region\" aria-label=\"Products List\">\n<div class=\"flex w-full gap-x-5\">\n<div class=\"flex w-full flex-col flex-nowrap justify-center gap-2 text-black no-underline md:order-2 md:gap-y-6\">\n<div class=\"flex flex-col justify-between gap-y-2 md:w-full md:gap-y-1\">\n<div class=\"block w-fit cursor-pointer font-akshar text-lg font-medium leading-5 text-brand-green duration-200 ease-in-out hover:text-brand-green-700 md:text-xl md:leading-6\">\n<p>                            Apple AirTag (2e g\u00e9n\u00e9ration, paquet de 4)\n                        <\/p><\/div>\n<\/p><\/div>\n<div class=\"hidden md:flex md:justify-between md:gap-x-4\">\n<div class=\"w-full mb-0 md:flex md:flex-col md:justify-center font-sans leading-4 text-black\">\n<div class=\"flex flex-wrap items-center justify-center gap-1 md:justify-start\">\n        <span class=\"font-bold\"><\/p>\n<p>            79,99\u00a0$<br \/>\n                            <span class=\"font-medium\">chez Amazon<\/span><br \/>\n                    <\/span>\n            <\/div>\n<div class=\"flex items-center justify-center gap-x-1 font-bold md:justify-start\">\n            <span class=\"text-sm line-through\">99,00\u00a0$<\/span><br \/>\n            <span class=\"text-sm text-brand-green\">\u00c9conomisez 19,01\u00a0$<\/span>\n        <\/div>\n<\/p><\/div>\n<p>                            <button class=\"flex justify-center items-center w-full bg-brand-green text-white text-base font-sans font-medium rounded-md hover:bg-brand-green-700 hover:cursor-pointer md:text-sm hidden self-end h-12 max-w-(10rem) duration-200 ease-in-out hover:bg-brand-green-700 md:flex md:h-10\"><\/p>\n<p>    Obtenez une offre<br \/>\n<\/button>\n                        <\/div>\n<\/p><\/div>\n<div class=\"flex aspect-video h-(90px) shrink-0 items-center justify-center self-center md:order-1\">\n                        <img decoding=\"async\" class=\"m-0 max-h-full max-w-full rounded-md\" src=\"https:\/\/vieassociative.be\/actualites\/wp-content\/uploads\/2026\/06\/Les-meilleures-offres-Prime-Day-sur-les-trackers-Bluetooth-jusqua.jpg\" alt=\"Tracker Apple AirTag 2e g\u00e9n\u00e9ration (paquet de 4)\" width=\"auto\" height=\"auto\" loading=\"lazy\">\n                    <\/div>\n<\/p><\/div>\n<p>                            <button class=\"flex justify-center items-center w-full bg-brand-green text-white text-base font-sans font-medium rounded-md hover:bg-brand-green-700 hover:cursor-pointer md:text-sm w-full h-12 duration-200 ease-in-out hover:bg-brand-green-700 md:hidden md:h-10\"><\/p>\n<p>    Obtenez une offre<br \/>\n<\/button><\/p>\n<div class=\"flex flex-col items-center w-full md:hidden font-sans leading-4 text-black\">\n<div class=\"flex flex-wrap items-center justify-center gap-1 md:justify-start\">\n        <span class=\"font-bold\"><\/p>\n<p>            79,99\u00a0$<br \/>\n                            <span class=\"font-medium\">chez Amazon<\/span><br \/>\n                    <\/span>\n            <\/div>\n<div class=\"flex items-center justify-center gap-x-1 font-bold md:justify-start\">\n            <span class=\"text-sm line-through\">99,00\u00a0$<\/span><br \/>\n            <span class=\"text-sm text-brand-green\">\u00c9conomisez 19,01\u00a0$<\/span>\n        <\/div>\n<\/p><\/div>\n<div class=\"flex w-full gap-x-5\">\n<div class=\"flex w-full flex-col flex-nowrap justify-center gap-2 text-black no-underline md:order-2 md:gap-y-6\">\n<div class=\"flex flex-col justify-between gap-y-2 md:w-full md:gap-y-1\">\n<div class=\"block w-fit cursor-pointer font-akshar text-lg font-medium leading-5 text-brand-green duration-200 ease-in-out hover:text-brand-green-700 md:text-xl md:leading-6\">\n<p>                            Apple Crayon Pro\n                        <\/p><\/div>\n<\/p><\/div>\n<div class=\"hidden md:flex md:justify-between md:gap-x-4\">\n<div class=\"w-full mb-0 md:flex md:flex-col md:justify-center font-sans leading-4 text-black\">\n<div class=\"flex flex-wrap items-center justify-center gap-1 md:justify-start\">\n        <span class=\"font-bold\"><\/p>\n<p>            97,00\u00a0$<br \/>\n                            <span class=\"font-medium\">chez Amazon<\/span><br \/>\n                    <\/span>\n            <\/div>\n<div class=\"flex items-center justify-center gap-x-1 font-bold md:justify-start\">\n            <span class=\"text-sm line-through\">129,00\u00a0$<\/span><br \/>\n            <span class=\"text-sm text-brand-green\">\u00c9conomisez 32,00\u00a0$<\/span>\n        <\/div>\n<\/p><\/div>\n<p>                            <button class=\"flex justify-center items-center w-full bg-brand-green text-white text-base font-sans font-medium rounded-md hover:bg-brand-green-700 hover:cursor-pointer md:text-sm hidden self-end h-12 max-w-(10rem) duration-200 ease-in-out hover:bg-brand-green-700 md:flex md:h-10\"><\/p>\n<p>    Obtenez une offre<br \/>\n<\/button>\n                        <\/div>\n<\/p><\/div>\n<div class=\"flex aspect-video h-(90px) shrink-0 items-center justify-center self-center md:order-1\">\n                        <img decoding=\"async\" class=\"m-0 max-h-full max-w-full rounded-md\" src=\"https:\/\/vieassociative.be\/actualites\/wp-content\/uploads\/2026\/09\/1788272223_199_Ces-appareils-Apple-beneficient-dune-reduction-allant-jusqua-500.jpg\" alt=\"Apple Crayon Pro\" width=\"auto\" height=\"auto\" loading=\"lazy\">\n                    <\/div>\n<\/p><\/div>\n<p>                            <button class=\"flex justify-center items-center w-full bg-brand-green text-white text-base font-sans font-medium rounded-md hover:bg-brand-green-700 hover:cursor-pointer md:text-sm w-full h-12 duration-200 ease-in-out hover:bg-brand-green-700 md:hidden md:h-10\"><\/p>\n<p>    Obtenez une offre<br \/>\n<\/button><\/p>\n<div class=\"flex flex-col items-center w-full md:hidden font-sans leading-4 text-black\">\n<div class=\"flex flex-wrap items-center justify-center gap-1 md:justify-start\">\n        <span class=\"font-bold\"><\/p>\n<p>            97,00\u00a0$<br \/>\n                            <span class=\"font-medium\">chez Amazon<\/span><br \/>\n                    <\/span>\n            <\/div>\n<div class=\"flex items-center justify-center gap-x-1 font-bold md:justify-start\">\n            <span class=\"text-sm line-through\">129,00\u00a0$<\/span><br \/>\n            <span class=\"text-sm text-brand-green\">\u00c9conomisez 32,00\u00a0$<\/span>\n        <\/div>\n<\/p><\/div>\n<p>        <button class=\"mb-4 mt-6 pr-4 font-akshar text-sm font-medium text-gray-900 hover:cursor-pointer hover:text-brand-green md:pr-8\"><\/p>\n<p>        VOIR -1 PLUS<\/p>\n<p>    <\/button>\n<\/div>\n<p>Les AirTags de deuxi\u00e8me g\u00e9n\u00e9ration sont l&rsquo;offre d&rsquo;accessoires la plus utile ici, avec un pack de quatre \u00e0 79,99 $ au lieu de 99 $ et \u00e0 son prix le plus bas \u00e0 ce jour, selon les trackers de prix. Un paquet de quatre est particuli\u00e8rement pratique si vous souhaitez les r\u00e9partir sur vos bagages, cl\u00e9s, sacs \u00e0 dos ou autres objets que vous avez tendance \u00e0 \u00e9garer, au lieu de payer pour chaque tracker s\u00e9par\u00e9ment.<\/p>\n<p>L&rsquo;Apple Pencil Pro est un achat plus sp\u00e9cifique \u00e0 97 $, contre 129 $. Cela a plus de sens si vous utilisez d\u00e9j\u00e0 un iPad compatible pour des notes manuscrites, des dessins, des retouches de photos ou le marquage de documents, car ce sont les situations dans lesquelles la pr\u00e9cision et les contr\u00f4les suppl\u00e9mentaires sont r\u00e9ellement utilis\u00e9s. Pour tous les autres, les AirTags sont l\u2019offre la plus facile \u00e0 recommander car ils r\u00e9solvent un probl\u00e8me quotidien plus simple.<\/p>\n<h2 id=\"amazon-labor-day-deals-faqs\">FAQ sur les offres Amazon pour la f\u00eate du Travail<\/h2>\n<h3>Quand commencent les soldes de la F\u00eate du Travail ?<\/h3>\n<p>T\u00f4t <strong>Ventes de la f\u00eate du Travail<\/strong> ont d\u00e9j\u00e0 commenc\u00e9. De plus en plus de d\u00e9taillants devraient lancer leurs propres ventes avant les vacances du lundi 7 septembre.<\/p>\n<h3>Les soldes de la f\u00eate du Travail en valent-ils la peine ?<\/h3>\n<p>La f\u00eate du Travail est traditionnellement un bon moment pour trouver des offres dans de nombreuses cat\u00e9gories, mais qu&rsquo;elles en valent la peine ou non d\u00e9pend enti\u00e8rement de ce que vous recherchez. Par rapport aux soldes comme le Black Friday ou le Prime Day, la f\u00eate du Travail n&rsquo;est pas \u00e0 la hauteur en termes de volume et de qualit\u00e9 des remises, mais vous pouvez toujours trouver un bon prix sur des appareils technologiques ou de cuisine qui correspondront \u00e0 ces prix de vacances, voire les d\u00e9passeront. (Nous utilisons <strong>outils de suivi des prix<\/strong> pour vous faire savoir si une offre en vaut la peine ou non.)<\/p>\n<h3>Quels autres magasins proposent des soldes pour la f\u00eate du Travail\u00a0?<\/h3>\n<p>Jusqu&rsquo;\u00e0 pr\u00e9sent, <strong>D\u00e9p\u00f4t \u00e0 domicile<\/strong>Amazon et <strong>Wayfair<\/strong> ont commenc\u00e9 leurs premi\u00e8res ventes pour la f\u00eate du Travail. Target, Walmart et Best Buy suivront probablement. (Vie Associative rassemblera des offres pour toutes ces ventes.)<\/p>\n<hr>\n<div class=\" relative flex justify-center py-16 md:left-1\/2 md:w-(780px) md:max-w-max md:-translate-x-1\/2\">\n<div class=\"w-max text-center sm:text-left\">\n<div class=\"custom-gradient-background mb-6 rounded-md p-(2px) sm:rounded-tl-none\">\n<div class=\"flex flex-col rounded bg-white sm:rounded-tl-none\">\n                    <span class=\"-mt-4 block w-fit max-w-(calc(100%-1rem)) self-center bg-white px-3 text-center font-akshar text-xl font-medium capitalize text-gray-800 sm:max-w-(calc(100%-2.5rem)) sm:self-start sm:px-10 sm:text-left sm:text-2xl\">Nos meilleures offres technologiques approuv\u00e9es par les \u00e9diteurs en ce moment<\/span><\/p>\n<div class=\"flex flex-col gap-3 p-3 pb-4 text-sm sm:p-10 sm:pt-6 sm:text-justify sm:text-base\">\n<div>\n<p>    \u00c9couteurs sans fil Apple AirPods Pro 3 \u00e0 r\u00e9duction de bruit et fr\u00e9quence cardiaque<\/p>\n<p>                                <span class=\"text-black\"><br \/>\n                                    \u2014<br \/>\n                                    <span class=\"font-bold\">225,00\u00a0$<\/span><br \/>\n                                    <span class=\"!text-xs italic sm:!text-sm\"><\/p>\n<p>                                        (Prix catalogue 249,00 $)<br \/>\n                                    <\/span><br \/>\n                                <\/span>\n                            <\/div>\n<div>\n<p>    Tablette Wi-Fi Apple iPad 11 po A16 128 Go (argent\u00e9, 2025)<\/p>\n<p>                                <span class=\"text-black\"><br \/>\n                                    \u2014<br \/>\n                                    <span class=\"font-bold\">399,99\u00a0$<\/span><br \/>\n                                    <span class=\"!text-xs italic sm:!text-sm\"><\/p>\n<p>                                        (Prix catalogue 449,00 $)<br \/>\n                                    <\/span><br \/>\n                                <\/span>\n                            <\/div>\n<div>\n<p>    Sony WH-1000XM5<\/p>\n<p>                                <span class=\"text-black\"><br \/>\n                                    \u2014<br \/>\n                                    <span class=\"font-bold\">198,00\u00a0$<\/span><br \/>\n                                    <span class=\"!text-xs italic sm:!text-sm\"><\/p>\n<p>                                        (Prix catalogue 399,99\u00a0$)<br \/>\n                                    <\/span><br \/>\n                                <\/span>\n                            <\/div>\n<div>\n<p>    T\u00e9l\u00e9phone d\u00e9bloqu\u00e9 Google Pixel 11 Pro 256 Go avec carte-cadeau Amazon de 200\u00a0$ (Obsidian)<\/p>\n<p>                                <span class=\"text-black\"><br \/>\n                                    \u2014<br \/>\n                                    <span class=\"font-bold\">1\u00a0299,00\u00a0$<\/span><br \/>\n                                    <span class=\"!text-xs italic sm:!text-sm\"><\/p>\n<p>                                        (Prix catalogue 1\u00a0299,00\u00a0$)<br \/>\n                                    <\/span><br \/>\n                                <\/span>\n                            <\/div>\n<div>\n<p>    Google Pixel\u00a0Watch\u00a05 (41\u00a0mm, Wi-Fi, obsidienne)<\/p>\n<p>                                <span class=\"text-black\"><br \/>\n                                    \u2014<br \/>\n                                    <span class=\"font-bold\">399,99\u00a0$<\/span><br \/>\n                                    <span class=\"!text-xs italic sm:!text-sm\"><\/p>\n<p>                                        (Prix catalogue 399,99\u00a0$)<br \/>\n                                    <\/span><br \/>\n                                <\/span>\n                            <\/div>\n<\/p><\/div>\n<\/p><\/div>\n<\/p><\/div>\n<div class=\"flex flex-col items-center justify-between text-black sm:flex-row sm:px-6\">\n                <span class=\"text-xs italic sm:ml-7 sm:text-sm\">Les offres sont s\u00e9lectionn\u00e9es par notre \u00e9quipe commerciale<\/span><\/p><\/div>\n<\/p><\/div>\n<\/p><\/div>\n","protected":false},"excerpt":{"rendered":"<p>Nous pouvons gagner une commission sur les liens sur cette page. Les prix et la disponibilit\u00e9 de l&rsquo;offre sont sujets \u00e0 changement apr\u00e8s la publication.<\/p>\n","protected":false},"author":1,"featured_media":15171,"comment_status":"","ping_status":"","sticky":false,"template":"","format":"standard","meta":{"footnotes":""},"categories":[10230],"tags":[3756,3275,451,54,1268,248,1154,698,1485,1269,81,308,504,223],"class_list":["post-15170","post","type-post","status-publish","format-standard","has-post-thumbnail","hentry","category-apple","tag-allant","tag-anticipee","tag-appareils","tag-apple","tag-beneficient","tag-ces","tag-damazon","tag-dune","tag-fete","tag-jusqua","tag-pour","tag-reduction","tag-travail","tag-vente","generate-columns","tablet-grid-50","mobile-grid-100","grid-parent","grid-33"],"yoast_head":"<!-- This site is optimized with the Yoast SEO plugin v24.0 - https:\/\/yoast.com\/wordpress\/plugins\/seo\/ -->\n<title>Ces appareils Apple b\u00e9n\u00e9ficient d&#039;une r\u00e9duction allant jusqu&#039;\u00e0 500 $ pour la vente anticip\u00e9e de la f\u00eate du Travail d&#039;Amazon | Vie Associative<\/title>\n<meta name=\"robots\" content=\"index, follow, max-snippet:-1, max-image-preview:large, max-video-preview:-1\" \/>\n<link rel=\"canonical\" href=\"https:\/\/vieassociative.be\/actualites\/ces-appareils-apple-beneficient-dune-reduction-allant-jusqua-500-pour-la-vente-anticipee-de-la-fete-du-travail-damazon\/\" \/>\n<meta property=\"og:locale\" content=\"fr_FR\" \/>\n<meta property=\"og:type\" content=\"article\" \/>\n<meta property=\"og:title\" content=\"Ces appareils Apple b\u00e9n\u00e9ficient d&#039;une r\u00e9duction allant jusqu&#039;\u00e0 500 $ pour la vente anticip\u00e9e de la f\u00eate du Travail d&#039;Amazon | Vie Associative\" \/>\n<meta property=\"og:description\" content=\"Nous pouvons gagner une commission sur les liens sur cette page. Les prix et la disponibilit\u00e9 de l&rsquo;offre sont sujets \u00e0 changement apr\u00e8s la publication.\" \/>\n<meta property=\"og:url\" content=\"https:\/\/vieassociative.be\/actualites\/ces-appareils-apple-beneficient-dune-reduction-allant-jusqua-500-pour-la-vente-anticipee-de-la-fete-du-travail-damazon\/\" \/>\n<meta property=\"og:site_name\" content=\"Vie Associative\" \/>\n<meta property=\"article:published_time\" content=\"2026-09-01T14:17:03+00:00\" \/>\n<meta property=\"og:image\" content=\"https:\/\/vieassociative.be\/actualites\/wp-content\/uploads\/2026\/06\/1782375423_270_15-of-the-Best-Prime-Day-Deals-Actually-Worth-Paying.jpg\" \/>\n<meta name=\"author\" content=\"Julien\" \/>\n<meta name=\"twitter:card\" content=\"summary_large_image\" \/>\n<meta name=\"twitter:label1\" content=\"\u00c9crit par\" \/>\n\t<meta name=\"twitter:data1\" content=\"Julien\" \/>\n\t<meta name=\"twitter:label2\" content=\"Dur\u00e9e de lecture est.\" \/>\n\t<meta name=\"twitter:data2\" content=\"3 minutes\" \/>\n<script type=\"application\/ld+json\" class=\"yoast-schema-graph\">{\"@context\":\"https:\/\/schema.org\",\"@graph\":[{\"@type\":\"Article\",\"@id\":\"https:\/\/vieassociative.be\/actualites\/ces-appareils-apple-beneficient-dune-reduction-allant-jusqua-500-pour-la-vente-anticipee-de-la-fete-du-travail-damazon\/#article\",\"isPartOf\":{\"@id\":\"https:\/\/vieassociative.be\/actualites\/ces-appareils-apple-beneficient-dune-reduction-allant-jusqua-500-pour-la-vente-anticipee-de-la-fete-du-travail-damazon\/\"},\"author\":{\"name\":\"Julien\",\"@id\":\"https:\/\/vieassociative.be\/actualites\/#\/schema\/person\/b87ac4f82f9d4e7b7cec7395b679edc4\"},\"headline\":\"Ces appareils Apple b\u00e9n\u00e9ficient d&rsquo;une r\u00e9duction allant jusqu&rsquo;\u00e0 500 $ pour la vente anticip\u00e9e de la f\u00eate du Travail d&rsquo;Amazon\",\"datePublished\":\"2026-09-01T14:17:03+00:00\",\"dateModified\":\"2026-09-01T14:17:03+00:00\",\"mainEntityOfPage\":{\"@id\":\"https:\/\/vieassociative.be\/actualites\/ces-appareils-apple-beneficient-dune-reduction-allant-jusqua-500-pour-la-vente-anticipee-de-la-fete-du-travail-damazon\/\"},\"wordCount\":664,\"publisher\":{\"@id\":\"https:\/\/vieassociative.be\/actualites\/#organization\"},\"image\":{\"@id\":\"https:\/\/vieassociative.be\/actualites\/ces-appareils-apple-beneficient-dune-reduction-allant-jusqua-500-pour-la-vente-anticipee-de-la-fete-du-travail-damazon\/#primaryimage\"},\"thumbnailUrl\":\"https:\/\/vieassociative.be\/actualites\/wp-content\/uploads\/2026\/09\/Ces-appareils-Apple-beneficient-dune-reduction-allant-jusqua-500.png\",\"keywords\":[\"allant\",\"anticip\u00e9e\",\"appareils\",\"Apple\",\"b\u00e9n\u00e9ficient\",\"ces\",\"dAmazon\",\"dune\",\"f\u00eate\",\"jusqu\u00e0\",\"pour\",\"r\u00e9duction\",\"travail\",\"vente\"],\"articleSection\":[\"Apple\"],\"inLanguage\":\"fr-BE\"},{\"@type\":\"WebPage\",\"@id\":\"https:\/\/vieassociative.be\/actualites\/ces-appareils-apple-beneficient-dune-reduction-allant-jusqua-500-pour-la-vente-anticipee-de-la-fete-du-travail-damazon\/\",\"url\":\"https:\/\/vieassociative.be\/actualites\/ces-appareils-apple-beneficient-dune-reduction-allant-jusqua-500-pour-la-vente-anticipee-de-la-fete-du-travail-damazon\/\",\"name\":\"Ces appareils Apple b\u00e9n\u00e9ficient d'une r\u00e9duction allant jusqu'\u00e0 500 $ pour la vente anticip\u00e9e de la f\u00eate du Travail d'Amazon | Vie Associative\",\"isPartOf\":{\"@id\":\"https:\/\/vieassociative.be\/actualites\/#website\"},\"primaryImageOfPage\":{\"@id\":\"https:\/\/vieassociative.be\/actualites\/ces-appareils-apple-beneficient-dune-reduction-allant-jusqua-500-pour-la-vente-anticipee-de-la-fete-du-travail-damazon\/#primaryimage\"},\"image\":{\"@id\":\"https:\/\/vieassociative.be\/actualites\/ces-appareils-apple-beneficient-dune-reduction-allant-jusqua-500-pour-la-vente-anticipee-de-la-fete-du-travail-damazon\/#primaryimage\"},\"thumbnailUrl\":\"https:\/\/vieassociative.be\/actualites\/wp-content\/uploads\/2026\/09\/Ces-appareils-Apple-beneficient-dune-reduction-allant-jusqua-500.png\",\"datePublished\":\"2026-09-01T14:17:03+00:00\",\"dateModified\":\"2026-09-01T14:17:03+00:00\",\"breadcrumb\":{\"@id\":\"https:\/\/vieassociative.be\/actualites\/ces-appareils-apple-beneficient-dune-reduction-allant-jusqua-500-pour-la-vente-anticipee-de-la-fete-du-travail-damazon\/#breadcrumb\"},\"inLanguage\":\"fr-BE\",\"potentialAction\":[{\"@type\":\"ReadAction\",\"target\":[\"https:\/\/vieassociative.be\/actualites\/ces-appareils-apple-beneficient-dune-reduction-allant-jusqua-500-pour-la-vente-anticipee-de-la-fete-du-travail-damazon\/\"]}]},{\"@type\":\"ImageObject\",\"inLanguage\":\"fr-BE\",\"@id\":\"https:\/\/vieassociative.be\/actualites\/ces-appareils-apple-beneficient-dune-reduction-allant-jusqua-500-pour-la-vente-anticipee-de-la-fete-du-travail-damazon\/#primaryimage\",\"url\":\"https:\/\/vieassociative.be\/actualites\/wp-content\/uploads\/2026\/09\/Ces-appareils-Apple-beneficient-dune-reduction-allant-jusqua-500.png\",\"contentUrl\":\"https:\/\/vieassociative.be\/actualites\/wp-content\/uploads\/2026\/09\/Ces-appareils-Apple-beneficient-dune-reduction-allant-jusqua-500.png\",\"width\":1200,\"height\":675,\"caption\":\"Ces appareils Apple b\u00e9n\u00e9ficient d'une r\u00e9duction allant jusqu'\u00e0 500 $ pour la vente anticip\u00e9e de la f\u00eate du Travail d'Amazon\"},{\"@type\":\"BreadcrumbList\",\"@id\":\"https:\/\/vieassociative.be\/actualites\/ces-appareils-apple-beneficient-dune-reduction-allant-jusqua-500-pour-la-vente-anticipee-de-la-fete-du-travail-damazon\/#breadcrumb\",\"itemListElement\":[{\"@type\":\"ListItem\",\"position\":1,\"name\":\"Accueil\",\"item\":\"https:\/\/vieassociative.be\/actualites\/\"},{\"@type\":\"ListItem\",\"position\":2,\"name\":\"Ces appareils Apple b\u00e9n\u00e9ficient d&rsquo;une r\u00e9duction allant jusqu&rsquo;\u00e0 500 $ pour la vente anticip\u00e9e de la f\u00eate du Travail d&rsquo;Amazon\"}]},{\"@type\":\"WebSite\",\"@id\":\"https:\/\/vieassociative.be\/actualites\/#website\",\"url\":\"https:\/\/vieassociative.be\/actualites\/\",\"name\":\"Vie Associative\",\"description\":\"\",\"publisher\":{\"@id\":\"https:\/\/vieassociative.be\/actualites\/#organization\"},\"potentialAction\":[{\"@type\":\"SearchAction\",\"target\":{\"@type\":\"EntryPoint\",\"urlTemplate\":\"https:\/\/vieassociative.be\/actualites\/?s={search_term_string}\"},\"query-input\":{\"@type\":\"PropertyValueSpecification\",\"valueRequired\":true,\"valueName\":\"search_term_string\"}}],\"inLanguage\":\"fr-BE\"},{\"@type\":\"Organization\",\"@id\":\"https:\/\/vieassociative.be\/actualites\/#organization\",\"name\":\"Vie Associative\",\"url\":\"https:\/\/vieassociative.be\/actualites\/\",\"logo\":{\"@type\":\"ImageObject\",\"inLanguage\":\"fr-BE\",\"@id\":\"https:\/\/vieassociative.be\/actualites\/#\/schema\/logo\/image\/\",\"url\":\"https:\/\/vieassociative.be\/actualites\/wp-content\/uploads\/2024\/09\/cropped-vieassociative_favicon.ico.png\",\"contentUrl\":\"https:\/\/vieassociative.be\/actualites\/wp-content\/uploads\/2024\/09\/cropped-vieassociative_favicon.ico.png\",\"width\":512,\"height\":512,\"caption\":\"Vie Associative\"},\"image\":{\"@id\":\"https:\/\/vieassociative.be\/actualites\/#\/schema\/logo\/image\/\"}},{\"@type\":\"Person\",\"@id\":\"https:\/\/vieassociative.be\/actualites\/#\/schema\/person\/b87ac4f82f9d4e7b7cec7395b679edc4\",\"name\":\"Julien\",\"image\":{\"@type\":\"ImageObject\",\"inLanguage\":\"fr-BE\",\"@id\":\"https:\/\/vieassociative.be\/actualites\/#\/schema\/person\/image\/\",\"url\":\"https:\/\/vieassociative.be\/actualites\/wp-content\/uploads\/2024\/09\/vie-associative-1-150x150.jpg\",\"contentUrl\":\"https:\/\/vieassociative.be\/actualites\/wp-content\/uploads\/2024\/09\/vie-associative-1-150x150.jpg\",\"caption\":\"Julien\"},\"description\":\"Je suis Julien, r\u00e9dacteur pour Vie Associative. Passionn\u00e9 par le monde associatif depuis plus de 10 ans, j'ai \u00e0 c\u0153ur de partager des histoires inspirantes et de mettre en lumi\u00e8re les initiatives locales. Mon objectif est de sensibiliser et d'encourager l'engagement communautaire \u00e0 travers mes articles.\",\"sameAs\":[\"https:\/\/vieassociative.be\/\"]}]}<\/script>\n<!-- \/ Yoast SEO plugin. -->","yoast_head_json":{"title":"Ces appareils Apple b\u00e9n\u00e9ficient d'une r\u00e9duction allant jusqu'\u00e0 500 $ pour la vente anticip\u00e9e de la f\u00eate du Travail d'Amazon | Vie Associative","robots":{"index":"index","follow":"follow","max-snippet":"max-snippet:-1","max-image-preview":"max-image-preview:large","max-video-preview":"max-video-preview:-1"},"canonical":"https:\/\/vieassociative.be\/actualites\/ces-appareils-apple-beneficient-dune-reduction-allant-jusqua-500-pour-la-vente-anticipee-de-la-fete-du-travail-damazon\/","og_locale":"fr_FR","og_type":"article","og_title":"Ces appareils Apple b\u00e9n\u00e9ficient d'une r\u00e9duction allant jusqu'\u00e0 500 $ pour la vente anticip\u00e9e de la f\u00eate du Travail d'Amazon | Vie Associative","og_description":"Nous pouvons gagner une commission sur les liens sur cette page. Les prix et la disponibilit\u00e9 de l&rsquo;offre sont sujets \u00e0 changement apr\u00e8s la publication.","og_url":"https:\/\/vieassociative.be\/actualites\/ces-appareils-apple-beneficient-dune-reduction-allant-jusqua-500-pour-la-vente-anticipee-de-la-fete-du-travail-damazon\/","og_site_name":"Vie Associative","article_published_time":"2026-09-01T14:17:03+00:00","og_image":[{"url":"https:\/\/vieassociative.be\/actualites\/wp-content\/uploads\/2026\/06\/1782375423_270_15-of-the-Best-Prime-Day-Deals-Actually-Worth-Paying.jpg","type":"","width":"","height":""}],"author":"Julien","twitter_card":"summary_large_image","twitter_misc":{"\u00c9crit par":"Julien","Dur\u00e9e de lecture est.":"3 minutes"},"schema":{"@context":"https:\/\/schema.org","@graph":[{"@type":"Article","@id":"https:\/\/vieassociative.be\/actualites\/ces-appareils-apple-beneficient-dune-reduction-allant-jusqua-500-pour-la-vente-anticipee-de-la-fete-du-travail-damazon\/#article","isPartOf":{"@id":"https:\/\/vieassociative.be\/actualites\/ces-appareils-apple-beneficient-dune-reduction-allant-jusqua-500-pour-la-vente-anticipee-de-la-fete-du-travail-damazon\/"},"author":{"name":"Julien","@id":"https:\/\/vieassociative.be\/actualites\/#\/schema\/person\/b87ac4f82f9d4e7b7cec7395b679edc4"},"headline":"Ces appareils Apple b\u00e9n\u00e9ficient d&rsquo;une r\u00e9duction allant jusqu&rsquo;\u00e0 500 $ pour la vente anticip\u00e9e de la f\u00eate du Travail d&rsquo;Amazon","datePublished":"2026-09-01T14:17:03+00:00","dateModified":"2026-09-01T14:17:03+00:00","mainEntityOfPage":{"@id":"https:\/\/vieassociative.be\/actualites\/ces-appareils-apple-beneficient-dune-reduction-allant-jusqua-500-pour-la-vente-anticipee-de-la-fete-du-travail-damazon\/"},"wordCount":664,"publisher":{"@id":"https:\/\/vieassociative.be\/actualites\/#organization"},"image":{"@id":"https:\/\/vieassociative.be\/actualites\/ces-appareils-apple-beneficient-dune-reduction-allant-jusqua-500-pour-la-vente-anticipee-de-la-fete-du-travail-damazon\/#primaryimage"},"thumbnailUrl":"https:\/\/vieassociative.be\/actualites\/wp-content\/uploads\/2026\/09\/Ces-appareils-Apple-beneficient-dune-reduction-allant-jusqua-500.png","keywords":["allant","anticip\u00e9e","appareils","Apple","b\u00e9n\u00e9ficient","ces","dAmazon","dune","f\u00eate","jusqu\u00e0","pour","r\u00e9duction","travail","vente"],"articleSection":["Apple"],"inLanguage":"fr-BE"},{"@type":"WebPage","@id":"https:\/\/vieassociative.be\/actualites\/ces-appareils-apple-beneficient-dune-reduction-allant-jusqua-500-pour-la-vente-anticipee-de-la-fete-du-travail-damazon\/","url":"https:\/\/vieassociative.be\/actualites\/ces-appareils-apple-beneficient-dune-reduction-allant-jusqua-500-pour-la-vente-anticipee-de-la-fete-du-travail-damazon\/","name":"Ces appareils Apple b\u00e9n\u00e9ficient d'une r\u00e9duction allant jusqu'\u00e0 500 $ pour la vente anticip\u00e9e de la f\u00eate du Travail d'Amazon | Vie Associative","isPartOf":{"@id":"https:\/\/vieassociative.be\/actualites\/#website"},"primaryImageOfPage":{"@id":"https:\/\/vieassociative.be\/actualites\/ces-appareils-apple-beneficient-dune-reduction-allant-jusqua-500-pour-la-vente-anticipee-de-la-fete-du-travail-damazon\/#primaryimage"},"image":{"@id":"https:\/\/vieassociative.be\/actualites\/ces-appareils-apple-beneficient-dune-reduction-allant-jusqua-500-pour-la-vente-anticipee-de-la-fete-du-travail-damazon\/#primaryimage"},"thumbnailUrl":"https:\/\/vieassociative.be\/actualites\/wp-content\/uploads\/2026\/09\/Ces-appareils-Apple-beneficient-dune-reduction-allant-jusqua-500.png","datePublished":"2026-09-01T14:17:03+00:00","dateModified":"2026-09-01T14:17:03+00:00","breadcrumb":{"@id":"https:\/\/vieassociative.be\/actualites\/ces-appareils-apple-beneficient-dune-reduction-allant-jusqua-500-pour-la-vente-anticipee-de-la-fete-du-travail-damazon\/#breadcrumb"},"inLanguage":"fr-BE","potentialAction":[{"@type":"ReadAction","target":["https:\/\/vieassociative.be\/actualites\/ces-appareils-apple-beneficient-dune-reduction-allant-jusqua-500-pour-la-vente-anticipee-de-la-fete-du-travail-damazon\/"]}]},{"@type":"ImageObject","inLanguage":"fr-BE","@id":"https:\/\/vieassociative.be\/actualites\/ces-appareils-apple-beneficient-dune-reduction-allant-jusqua-500-pour-la-vente-anticipee-de-la-fete-du-travail-damazon\/#primaryimage","url":"https:\/\/vieassociative.be\/actualites\/wp-content\/uploads\/2026\/09\/Ces-appareils-Apple-beneficient-dune-reduction-allant-jusqua-500.png","contentUrl":"https:\/\/vieassociative.be\/actualites\/wp-content\/uploads\/2026\/09\/Ces-appareils-Apple-beneficient-dune-reduction-allant-jusqua-500.png","width":1200,"height":675,"caption":"Ces appareils Apple b\u00e9n\u00e9ficient d'une r\u00e9duction allant jusqu'\u00e0 500 $ pour la vente anticip\u00e9e de la f\u00eate du Travail d'Amazon"},{"@type":"BreadcrumbList","@id":"https:\/\/vieassociative.be\/actualites\/ces-appareils-apple-beneficient-dune-reduction-allant-jusqua-500-pour-la-vente-anticipee-de-la-fete-du-travail-damazon\/#breadcrumb","itemListElement":[{"@type":"ListItem","position":1,"name":"Accueil","item":"https:\/\/vieassociative.be\/actualites\/"},{"@type":"ListItem","position":2,"name":"Ces appareils Apple b\u00e9n\u00e9ficient d&rsquo;une r\u00e9duction allant jusqu&rsquo;\u00e0 500 $ pour la vente anticip\u00e9e de la f\u00eate du Travail d&rsquo;Amazon"}]},{"@type":"WebSite","@id":"https:\/\/vieassociative.be\/actualites\/#website","url":"https:\/\/vieassociative.be\/actualites\/","name":"Vie Associative","description":"","publisher":{"@id":"https:\/\/vieassociative.be\/actualites\/#organization"},"potentialAction":[{"@type":"SearchAction","target":{"@type":"EntryPoint","urlTemplate":"https:\/\/vieassociative.be\/actualites\/?s={search_term_string}"},"query-input":{"@type":"PropertyValueSpecification","valueRequired":true,"valueName":"search_term_string"}}],"inLanguage":"fr-BE"},{"@type":"Organization","@id":"https:\/\/vieassociative.be\/actualites\/#organization","name":"Vie Associative","url":"https:\/\/vieassociative.be\/actualites\/","logo":{"@type":"ImageObject","inLanguage":"fr-BE","@id":"https:\/\/vieassociative.be\/actualites\/#\/schema\/logo\/image\/","url":"https:\/\/vieassociative.be\/actualites\/wp-content\/uploads\/2024\/09\/cropped-vieassociative_favicon.ico.png","contentUrl":"https:\/\/vieassociative.be\/actualites\/wp-content\/uploads\/2024\/09\/cropped-vieassociative_favicon.ico.png","width":512,"height":512,"caption":"Vie Associative"},"image":{"@id":"https:\/\/vieassociative.be\/actualites\/#\/schema\/logo\/image\/"}},{"@type":"Person","@id":"https:\/\/vieassociative.be\/actualites\/#\/schema\/person\/b87ac4f82f9d4e7b7cec7395b679edc4","name":"Julien","image":{"@type":"ImageObject","inLanguage":"fr-BE","@id":"https:\/\/vieassociative.be\/actualites\/#\/schema\/person\/image\/","url":"https:\/\/vieassociative.be\/actualites\/wp-content\/uploads\/2024\/09\/vie-associative-1-150x150.jpg","contentUrl":"https:\/\/vieassociative.be\/actualites\/wp-content\/uploads\/2024\/09\/vie-associative-1-150x150.jpg","caption":"Julien"},"description":"Je suis Julien, r\u00e9dacteur pour Vie Associative. Passionn\u00e9 par le monde associatif depuis plus de 10 ans, j'ai \u00e0 c\u0153ur de partager des histoires inspirantes et de mettre en lumi\u00e8re les initiatives locales. Mon objectif est de sensibiliser et d'encourager l'engagement communautaire \u00e0 travers mes articles.","sameAs":["https:\/\/vieassociative.be\/"]}]}},"_links":{"self":[{"href":"https:\/\/vieassociative.be\/actualites\/wp-json\/wp\/v2\/posts\/15170"}],"collection":[{"href":"https:\/\/vieassociative.be\/actualites\/wp-json\/wp\/v2\/posts"}],"about":[{"href":"https:\/\/vieassociative.be\/actualites\/wp-json\/wp\/v2\/types\/post"}],"author":[{"embeddable":true,"href":"https:\/\/vieassociative.be\/actualites\/wp-json\/wp\/v2\/users\/1"}],"replies":[{"embeddable":true,"href":"https:\/\/vieassociative.be\/actualites\/wp-json\/wp\/v2\/comments?post=15170"}],"version-history":[{"count":0,"href":"https:\/\/vieassociative.be\/actualites\/wp-json\/wp\/v2\/posts\/15170\/revisions"}],"wp:featuredmedia":[{"embeddable":true,"href":"https:\/\/vieassociative.be\/actualites\/wp-json\/wp\/v2\/media\/15171"}],"wp:attachment":[{"href":"https:\/\/vieassociative.be\/actualites\/wp-json\/wp\/v2\/media?parent=15170"}],"wp:term":[{"taxonomy":"category","embeddable":true,"href":"https:\/\/vieassociative.be\/actualites\/wp-json\/wp\/v2\/categories?post=15170"},{"taxonomy":"post_tag","embeddable":true,"href":"https:\/\/vieassociative.be\/actualites\/wp-json\/wp\/v2\/tags?post=15170"}],"curies":[{"name":"wp","href":"https:\/\/api.w.org\/{rel}","templated":true}]}}