{"id":15168,"date":"2026-09-01T11:17:27","date_gmt":"2026-09-01T09:17:27","guid":{"rendered":"https:\/\/vieassociative.be\/actualites\/la-sage-femme-daltenberg-le-roman-de-louis-goebbels-fait-revivre-un-curieux-chapitre-de-lhistoire-des-frontieres-europeennes\/"},"modified":"2026-09-01T11:17:27","modified_gmt":"2026-09-01T09:17:27","slug":"la-sage-femme-daltenberg-le-roman-de-louis-goebbels-fait-revivre-un-curieux-chapitre-de-lhistoire-des-frontieres-europeennes","status":"publish","type":"post","link":"https:\/\/vieassociative.be\/actualites\/la-sage-femme-daltenberg-le-roman-de-louis-goebbels-fait-revivre-un-curieux-chapitre-de-lhistoire-des-frontieres-europeennes\/","title":{"rendered":"\u00ab La sage-femme d&rsquo;Altenberg \u00bb : le roman de Louis Goebbels fait revivre un curieux chapitre de l&rsquo;histoire des fronti\u00e8res europ\u00e9ennes"},"content":{"rendered":"<p><strong>Avec le roman historique \u00ab La sage-femme d&rsquo;Altenberg \u00bb, l&rsquo;auteur est-belge Louis Goebbels emm\u00e8ne ses lecteurs dans l&rsquo;un des chapitres les plus extraordinaires et en m\u00eame temps les plus \u00e9nigmatiques de l&rsquo;histoire des fronti\u00e8res europ\u00e9ennes.<\/strong><\/p>\n<p><span id=\"more-441722\"><\/span>Dans le contexte historique de l&rsquo;ancien Moresnet neutre, le roman de l&rsquo;ancien maire de la commune de Kelmis raconte une histoire \u00e9mouvante sur l&rsquo;humanit\u00e9, le d\u00e9sespoir, l&rsquo;espoir et les cons\u00e9quences profondes des contraintes sociales.<\/p>\n<p>Au d\u00e9but du XIXe si\u00e8cle, Moresnet neutre a cr\u00e9\u00e9 une structure \u00e9tatique unique en Europe. Parce que la Prusse et le Royaume des Pays-Bas n&rsquo;ont pas r\u00e9ussi \u00e0 s&rsquo;entendre sur les droits miniers sur les gisements de zinc productifs d&rsquo;Altenberg lors du Congr\u00e8s de Vienne, la zone, qui ne faisait que 3,5 kilom\u00e8tres carr\u00e9s, a \u00e9t\u00e9 plac\u00e9e sous statut neutre. Le vide juridique qui en a r\u00e9sult\u00e9 a non seulement fait de la petite ville un centre d\u2019extraction de zinc, mais a \u00e9galement ouvert une libert\u00e9 qui aurait \u00e9t\u00e9 impensable ailleurs.<\/p>\n<div id=\"attachment_441732\" class=\"wp-caption alignleft\" style=\"max-width: 200px\"><img fetchpriority=\"high\" decoding=\"async\" class=\"wp-image-441732 size-medium\" src=\"https:\/\/vieassociative.be\/actualites\/wp-content\/uploads\/2026\/09\/La-sage-femme-dAltenberg-le-roman-de-Louis.jpg\" alt=\"\" width=\"200\" height=\"300\"  ><\/div>\n<p>Louis Goebbels reprend dans son roman un chapitre particuli\u00e8rement sensible de cette histoire. L&rsquo;accent est mis sur un institut de sages-femmes, qui est devenu le dernier espoir pour de nombreuses jeunes femmes c\u00e9libataires ou d\u00e9sesp\u00e9r\u00e9es du pays et de l&rsquo;\u00e9tranger. Si les p\u00e8res des enfants se d\u00e9robaient \u00e0 leurs responsabilit\u00e9s et mena\u00e7aient d&rsquo;\u00eatre ostracis\u00e9s par la soci\u00e9t\u00e9, les nouveau-n\u00e9s fondaient souvent ici une nouvelle famille &#8211; que ce soit par d\u00e9sir sinc\u00e8re d&rsquo;avoir des enfants ou pour des raisons \u00e9conomiques. Entre compassion, difficult\u00e9s et ambivalence morale, un r\u00e9cit complexe se d\u00e9veloppe sur des destins fa\u00e7onn\u00e9s par les conditions de vie de l\u2019\u00e9poque.<\/p>\n<p>L\u2019auteur d\u00e9crit de mani\u00e8re particuli\u00e8rement vivante les cons\u00e9quences \u00e0 long terme de ces d\u00e9cisions. Les \u00ab enfants du shopping \u00bb grandissent souvent avec des questions ouvertes sur leurs origines et leur identit\u00e9 \u2013 des questions qui ont souvent un impact durable sur la vie de toutes les personnes impliqu\u00e9es. Le roman combine des \u00e9v\u00e9nements historiques avec des th\u00e8mes universels tels que la famille, la responsabilit\u00e9, l&rsquo;appartenance et le d\u00e9sir d&rsquo;une vie autod\u00e9termin\u00e9e.<\/p>\n<p>Louis Goebbels associe faits historiques et fiction litt\u00e9raire avec une grande densit\u00e9 narrative. Le r\u00e9sultat est un roman atmosph\u00e9rique qui donne vie \u00e0 l&rsquo;histoire particuli\u00e8re d&rsquo;Altenberg et de Neutre-Moresnet et qui, en m\u00eame temps, rapproche d&rsquo;un large public un morceau jusqu&rsquo;alors peu connu de l&rsquo;histoire r\u00e9gionale.<\/p>\n<p>Avec \u00ab La sage-femme d&rsquo;Altenberg \u00bb, Grenz-Echo Verlag \u00e9largit son programme de fiction avec un roman historique qui allie tension et profondeur \u00e9motionnelle. Le livre s&rsquo;adresse aux lecteurs de romans historiques ainsi qu&rsquo;\u00e0 toute personne int\u00e9ress\u00e9e par le pass\u00e9 fascinant de la r\u00e9gion frontali\u00e8re entre la Belgique, l&rsquo;Allemagne et les Pays-Bas. Le livre sera disponible \u00e0 partir de septembre 2026.<\/p>\n<p><em>Louis Goebbels, La Sage-femme d&rsquo;Altenberg, 148 pages, 13 \u00d7 21 cm, livre de poche \u00e0 rabats, 14,00 euros &#8211; ISBN 978-3-86712-219-1<\/em><\/p>\n","protected":false},"excerpt":{"rendered":"<p>Avec le roman historique \u00ab La sage-femme d&rsquo;Altenberg \u00bb, l&rsquo;auteur est-belge Louis Goebbels emm\u00e8ne ses lecteurs dans l&rsquo;un des chapitres les plus extraordinaires et en<\/p>\n","protected":false},"author":1,"featured_media":15169,"comment_status":"","ping_status":"","sticky":false,"template":"","format":"standard","meta":{"footnotes":""},"categories":[298],"tags":[1993,11339,11336,29,11340,635,361,11338,2716,11337,6558,3653,11335],"class_list":["post-15168","post","type-post","status-publish","format-standard","has-post-thumbnail","hentry","category-belgique","tag-chapitre","tag-curieux","tag-daltenberg","tag-des","tag-europeennes","tag-fait","tag-frontieres","tag-goebbels","tag-lhistoire","tag-louis","tag-revivre","tag-roman","tag-sagefemme","generate-columns","tablet-grid-50","mobile-grid-100","grid-parent","grid-33"],"yoast_head":"<!-- This site is optimized with the Yoast SEO plugin v24.0 - https:\/\/yoast.com\/wordpress\/plugins\/seo\/ -->\n<title>\u00ab La sage-femme d&#039;Altenberg \u00bb : le roman de Louis Goebbels fait revivre un curieux chapitre de l&#039;histoire des fronti\u00e8res europ\u00e9ennes | Vie Associative<\/title>\n<meta name=\"robots\" content=\"index, follow, max-snippet:-1, max-image-preview:large, max-video-preview:-1\" \/>\n<link rel=\"canonical\" href=\"https:\/\/vieassociative.be\/actualites\/la-sage-femme-daltenberg-le-roman-de-louis-goebbels-fait-revivre-un-curieux-chapitre-de-lhistoire-des-frontieres-europeennes\/\" \/>\n<meta property=\"og:locale\" content=\"fr_FR\" \/>\n<meta property=\"og:type\" content=\"article\" \/>\n<meta property=\"og:title\" content=\"\u00ab La sage-femme d&#039;Altenberg \u00bb : le roman de Louis Goebbels fait revivre un curieux chapitre de l&#039;histoire des fronti\u00e8res europ\u00e9ennes | Vie Associative\" \/>\n<meta property=\"og:description\" content=\"Avec le roman historique \u00ab La sage-femme d&rsquo;Altenberg \u00bb, l&rsquo;auteur est-belge Louis Goebbels emm\u00e8ne ses lecteurs dans l&rsquo;un des chapitres les plus extraordinaires et en\" \/>\n<meta property=\"og:url\" content=\"https:\/\/vieassociative.be\/actualites\/la-sage-femme-daltenberg-le-roman-de-louis-goebbels-fait-revivre-un-curieux-chapitre-de-lhistoire-des-frontieres-europeennes\/\" \/>\n<meta property=\"og:site_name\" content=\"Vie Associative\" \/>\n<meta property=\"article:published_time\" content=\"2026-09-01T09:17:27+00:00\" \/>\n<meta property=\"og:image\" content=\"https:\/\/vieassociative.be\/actualites\/wp-content\/uploads\/2024\/09\/header_backgroundk-01-e1726694325946.png\" \/>\n\t<meta property=\"og:image:width\" content=\"279\" \/>\n\t<meta property=\"og:image:height\" content=\"92\" \/>\n\t<meta property=\"og:image:type\" content=\"image\/png\" \/>\n<meta name=\"author\" content=\"Julien\" \/>\n<meta name=\"twitter:card\" content=\"summary_large_image\" \/>\n<meta name=\"twitter:label1\" content=\"\u00c9crit par\" \/>\n\t<meta name=\"twitter:data1\" content=\"Julien\" \/>\n\t<meta name=\"twitter:label2\" content=\"Dur\u00e9e de lecture est.\" \/>\n\t<meta name=\"twitter:data2\" content=\"3 minutes\" \/>\n<script type=\"application\/ld+json\" class=\"yoast-schema-graph\">{\"@context\":\"https:\/\/schema.org\",\"@graph\":[{\"@type\":\"Article\",\"@id\":\"https:\/\/vieassociative.be\/actualites\/la-sage-femme-daltenberg-le-roman-de-louis-goebbels-fait-revivre-un-curieux-chapitre-de-lhistoire-des-frontieres-europeennes\/#article\",\"isPartOf\":{\"@id\":\"https:\/\/vieassociative.be\/actualites\/la-sage-femme-daltenberg-le-roman-de-louis-goebbels-fait-revivre-un-curieux-chapitre-de-lhistoire-des-frontieres-europeennes\/\"},\"author\":{\"name\":\"Julien\",\"@id\":\"https:\/\/vieassociative.be\/actualites\/#\/schema\/person\/b87ac4f82f9d4e7b7cec7395b679edc4\"},\"headline\":\"\u00ab La sage-femme d&rsquo;Altenberg \u00bb : le roman de Louis Goebbels fait revivre un curieux chapitre de l&rsquo;histoire des fronti\u00e8res europ\u00e9ennes\",\"datePublished\":\"2026-09-01T09:17:27+00:00\",\"dateModified\":\"2026-09-01T09:17:27+00:00\",\"mainEntityOfPage\":{\"@id\":\"https:\/\/vieassociative.be\/actualites\/la-sage-femme-daltenberg-le-roman-de-louis-goebbels-fait-revivre-un-curieux-chapitre-de-lhistoire-des-frontieres-europeennes\/\"},\"wordCount\":549,\"publisher\":{\"@id\":\"https:\/\/vieassociative.be\/actualites\/#organization\"},\"image\":{\"@id\":\"https:\/\/vieassociative.be\/actualites\/la-sage-femme-daltenberg-le-roman-de-louis-goebbels-fait-revivre-un-curieux-chapitre-de-lhistoire-des-frontieres-europeennes\/#primaryimage\"},\"thumbnailUrl\":\"https:\/\/vieassociative.be\/actualites\/wp-content\/uploads\/2026\/09\/1788254248_La-sage-femme-dAltenberg-le-roman-de-Louis.jpg\",\"keywords\":[\"chapitre\",\"curieux\",\"dAltenberg\",\"Des\",\"europ\u00e9ennes\",\"fait\",\"fronti\u00e8res\",\"Goebbels\",\"lhistoire\",\"Louis\",\"revivre\",\"roman\",\"sagefemme\"],\"articleSection\":[\"Belgique\"],\"inLanguage\":\"fr-BE\"},{\"@type\":\"WebPage\",\"@id\":\"https:\/\/vieassociative.be\/actualites\/la-sage-femme-daltenberg-le-roman-de-louis-goebbels-fait-revivre-un-curieux-chapitre-de-lhistoire-des-frontieres-europeennes\/\",\"url\":\"https:\/\/vieassociative.be\/actualites\/la-sage-femme-daltenberg-le-roman-de-louis-goebbels-fait-revivre-un-curieux-chapitre-de-lhistoire-des-frontieres-europeennes\/\",\"name\":\"\u00ab La sage-femme d'Altenberg \u00bb : le roman de Louis Goebbels fait revivre un curieux chapitre de l'histoire des fronti\u00e8res europ\u00e9ennes | Vie Associative\",\"isPartOf\":{\"@id\":\"https:\/\/vieassociative.be\/actualites\/#website\"},\"primaryImageOfPage\":{\"@id\":\"https:\/\/vieassociative.be\/actualites\/la-sage-femme-daltenberg-le-roman-de-louis-goebbels-fait-revivre-un-curieux-chapitre-de-lhistoire-des-frontieres-europeennes\/#primaryimage\"},\"image\":{\"@id\":\"https:\/\/vieassociative.be\/actualites\/la-sage-femme-daltenberg-le-roman-de-louis-goebbels-fait-revivre-un-curieux-chapitre-de-lhistoire-des-frontieres-europeennes\/#primaryimage\"},\"thumbnailUrl\":\"https:\/\/vieassociative.be\/actualites\/wp-content\/uploads\/2026\/09\/1788254248_La-sage-femme-dAltenberg-le-roman-de-Louis.jpg\",\"datePublished\":\"2026-09-01T09:17:27+00:00\",\"dateModified\":\"2026-09-01T09:17:27+00:00\",\"breadcrumb\":{\"@id\":\"https:\/\/vieassociative.be\/actualites\/la-sage-femme-daltenberg-le-roman-de-louis-goebbels-fait-revivre-un-curieux-chapitre-de-lhistoire-des-frontieres-europeennes\/#breadcrumb\"},\"inLanguage\":\"fr-BE\",\"potentialAction\":[{\"@type\":\"ReadAction\",\"target\":[\"https:\/\/vieassociative.be\/actualites\/la-sage-femme-daltenberg-le-roman-de-louis-goebbels-fait-revivre-un-curieux-chapitre-de-lhistoire-des-frontieres-europeennes\/\"]}]},{\"@type\":\"ImageObject\",\"inLanguage\":\"fr-BE\",\"@id\":\"https:\/\/vieassociative.be\/actualites\/la-sage-femme-daltenberg-le-roman-de-louis-goebbels-fait-revivre-un-curieux-chapitre-de-lhistoire-des-frontieres-europeennes\/#primaryimage\",\"url\":\"https:\/\/vieassociative.be\/actualites\/wp-content\/uploads\/2026\/09\/1788254248_La-sage-femme-dAltenberg-le-roman-de-Louis.jpg\",\"contentUrl\":\"https:\/\/vieassociative.be\/actualites\/wp-content\/uploads\/2026\/09\/1788254248_La-sage-femme-dAltenberg-le-roman-de-Louis.jpg\",\"width\":1200,\"height\":802,\"caption\":\"\u00ab La sage-femme d'Altenberg \u00bb : le roman de Louis Goebbels fait revivre un curieux chapitre de l'histoire des fronti\u00e8res europ\u00e9ennes\"},{\"@type\":\"BreadcrumbList\",\"@id\":\"https:\/\/vieassociative.be\/actualites\/la-sage-femme-daltenberg-le-roman-de-louis-goebbels-fait-revivre-un-curieux-chapitre-de-lhistoire-des-frontieres-europeennes\/#breadcrumb\",\"itemListElement\":[{\"@type\":\"ListItem\",\"position\":1,\"name\":\"Accueil\",\"item\":\"https:\/\/vieassociative.be\/actualites\/\"},{\"@type\":\"ListItem\",\"position\":2,\"name\":\"\u00ab La sage-femme d&rsquo;Altenberg \u00bb : le roman de Louis Goebbels fait revivre un curieux chapitre de l&rsquo;histoire des fronti\u00e8res europ\u00e9ennes\"}]},{\"@type\":\"WebSite\",\"@id\":\"https:\/\/vieassociative.be\/actualites\/#website\",\"url\":\"https:\/\/vieassociative.be\/actualites\/\",\"name\":\"Vie Associative\",\"description\":\"\",\"publisher\":{\"@id\":\"https:\/\/vieassociative.be\/actualites\/#organization\"},\"potentialAction\":[{\"@type\":\"SearchAction\",\"target\":{\"@type\":\"EntryPoint\",\"urlTemplate\":\"https:\/\/vieassociative.be\/actualites\/?s={search_term_string}\"},\"query-input\":{\"@type\":\"PropertyValueSpecification\",\"valueRequired\":true,\"valueName\":\"search_term_string\"}}],\"inLanguage\":\"fr-BE\"},{\"@type\":\"Organization\",\"@id\":\"https:\/\/vieassociative.be\/actualites\/#organization\",\"name\":\"Vie Associative\",\"url\":\"https:\/\/vieassociative.be\/actualites\/\",\"logo\":{\"@type\":\"ImageObject\",\"inLanguage\":\"fr-BE\",\"@id\":\"https:\/\/vieassociative.be\/actualites\/#\/schema\/logo\/image\/\",\"url\":\"https:\/\/vieassociative.be\/actualites\/wp-content\/uploads\/2024\/09\/cropped-vieassociative_favicon.ico.png\",\"contentUrl\":\"https:\/\/vieassociative.be\/actualites\/wp-content\/uploads\/2024\/09\/cropped-vieassociative_favicon.ico.png\",\"width\":512,\"height\":512,\"caption\":\"Vie Associative\"},\"image\":{\"@id\":\"https:\/\/vieassociative.be\/actualites\/#\/schema\/logo\/image\/\"}},{\"@type\":\"Person\",\"@id\":\"https:\/\/vieassociative.be\/actualites\/#\/schema\/person\/b87ac4f82f9d4e7b7cec7395b679edc4\",\"name\":\"Julien\",\"image\":{\"@type\":\"ImageObject\",\"inLanguage\":\"fr-BE\",\"@id\":\"https:\/\/vieassociative.be\/actualites\/#\/schema\/person\/image\/\",\"url\":\"https:\/\/vieassociative.be\/actualites\/wp-content\/uploads\/2024\/09\/vie-associative-1-150x150.jpg\",\"contentUrl\":\"https:\/\/vieassociative.be\/actualites\/wp-content\/uploads\/2024\/09\/vie-associative-1-150x150.jpg\",\"caption\":\"Julien\"},\"description\":\"Je suis Julien, r\u00e9dacteur pour Vie Associative. Passionn\u00e9 par le monde associatif depuis plus de 10 ans, j'ai \u00e0 c\u0153ur de partager des histoires inspirantes et de mettre en lumi\u00e8re les initiatives locales. Mon objectif est de sensibiliser et d'encourager l'engagement communautaire \u00e0 travers mes articles.\",\"sameAs\":[\"https:\/\/vieassociative.be\/\"]}]}<\/script>\n<!-- \/ Yoast SEO plugin. -->","yoast_head_json":{"title":"\u00ab La sage-femme d'Altenberg \u00bb : le roman de Louis Goebbels fait revivre un curieux chapitre de l'histoire des fronti\u00e8res europ\u00e9ennes | Vie Associative","robots":{"index":"index","follow":"follow","max-snippet":"max-snippet:-1","max-image-preview":"max-image-preview:large","max-video-preview":"max-video-preview:-1"},"canonical":"https:\/\/vieassociative.be\/actualites\/la-sage-femme-daltenberg-le-roman-de-louis-goebbels-fait-revivre-un-curieux-chapitre-de-lhistoire-des-frontieres-europeennes\/","og_locale":"fr_FR","og_type":"article","og_title":"\u00ab La sage-femme d'Altenberg \u00bb : le roman de Louis Goebbels fait revivre un curieux chapitre de l'histoire des fronti\u00e8res europ\u00e9ennes | Vie Associative","og_description":"Avec le roman historique \u00ab La sage-femme d&rsquo;Altenberg \u00bb, l&rsquo;auteur est-belge Louis Goebbels emm\u00e8ne ses lecteurs dans l&rsquo;un des chapitres les plus extraordinaires et en","og_url":"https:\/\/vieassociative.be\/actualites\/la-sage-femme-daltenberg-le-roman-de-louis-goebbels-fait-revivre-un-curieux-chapitre-de-lhistoire-des-frontieres-europeennes\/","og_site_name":"Vie Associative","article_published_time":"2026-09-01T09:17:27+00:00","og_image":[{"width":279,"height":92,"url":"https:\/\/vieassociative.be\/actualites\/wp-content\/uploads\/2024\/09\/header_backgroundk-01-e1726694325946.png","type":"image\/png"}],"author":"Julien","twitter_card":"summary_large_image","twitter_misc":{"\u00c9crit par":"Julien","Dur\u00e9e de lecture est.":"3 minutes"},"schema":{"@context":"https:\/\/schema.org","@graph":[{"@type":"Article","@id":"https:\/\/vieassociative.be\/actualites\/la-sage-femme-daltenberg-le-roman-de-louis-goebbels-fait-revivre-un-curieux-chapitre-de-lhistoire-des-frontieres-europeennes\/#article","isPartOf":{"@id":"https:\/\/vieassociative.be\/actualites\/la-sage-femme-daltenberg-le-roman-de-louis-goebbels-fait-revivre-un-curieux-chapitre-de-lhistoire-des-frontieres-europeennes\/"},"author":{"name":"Julien","@id":"https:\/\/vieassociative.be\/actualites\/#\/schema\/person\/b87ac4f82f9d4e7b7cec7395b679edc4"},"headline":"\u00ab La sage-femme d&rsquo;Altenberg \u00bb : le roman de Louis Goebbels fait revivre un curieux chapitre de l&rsquo;histoire des fronti\u00e8res europ\u00e9ennes","datePublished":"2026-09-01T09:17:27+00:00","dateModified":"2026-09-01T09:17:27+00:00","mainEntityOfPage":{"@id":"https:\/\/vieassociative.be\/actualites\/la-sage-femme-daltenberg-le-roman-de-louis-goebbels-fait-revivre-un-curieux-chapitre-de-lhistoire-des-frontieres-europeennes\/"},"wordCount":549,"publisher":{"@id":"https:\/\/vieassociative.be\/actualites\/#organization"},"image":{"@id":"https:\/\/vieassociative.be\/actualites\/la-sage-femme-daltenberg-le-roman-de-louis-goebbels-fait-revivre-un-curieux-chapitre-de-lhistoire-des-frontieres-europeennes\/#primaryimage"},"thumbnailUrl":"https:\/\/vieassociative.be\/actualites\/wp-content\/uploads\/2026\/09\/1788254248_La-sage-femme-dAltenberg-le-roman-de-Louis.jpg","keywords":["chapitre","curieux","dAltenberg","Des","europ\u00e9ennes","fait","fronti\u00e8res","Goebbels","lhistoire","Louis","revivre","roman","sagefemme"],"articleSection":["Belgique"],"inLanguage":"fr-BE"},{"@type":"WebPage","@id":"https:\/\/vieassociative.be\/actualites\/la-sage-femme-daltenberg-le-roman-de-louis-goebbels-fait-revivre-un-curieux-chapitre-de-lhistoire-des-frontieres-europeennes\/","url":"https:\/\/vieassociative.be\/actualites\/la-sage-femme-daltenberg-le-roman-de-louis-goebbels-fait-revivre-un-curieux-chapitre-de-lhistoire-des-frontieres-europeennes\/","name":"\u00ab La sage-femme d'Altenberg \u00bb : le roman de Louis Goebbels fait revivre un curieux chapitre de l'histoire des fronti\u00e8res europ\u00e9ennes | Vie Associative","isPartOf":{"@id":"https:\/\/vieassociative.be\/actualites\/#website"},"primaryImageOfPage":{"@id":"https:\/\/vieassociative.be\/actualites\/la-sage-femme-daltenberg-le-roman-de-louis-goebbels-fait-revivre-un-curieux-chapitre-de-lhistoire-des-frontieres-europeennes\/#primaryimage"},"image":{"@id":"https:\/\/vieassociative.be\/actualites\/la-sage-femme-daltenberg-le-roman-de-louis-goebbels-fait-revivre-un-curieux-chapitre-de-lhistoire-des-frontieres-europeennes\/#primaryimage"},"thumbnailUrl":"https:\/\/vieassociative.be\/actualites\/wp-content\/uploads\/2026\/09\/1788254248_La-sage-femme-dAltenberg-le-roman-de-Louis.jpg","datePublished":"2026-09-01T09:17:27+00:00","dateModified":"2026-09-01T09:17:27+00:00","breadcrumb":{"@id":"https:\/\/vieassociative.be\/actualites\/la-sage-femme-daltenberg-le-roman-de-louis-goebbels-fait-revivre-un-curieux-chapitre-de-lhistoire-des-frontieres-europeennes\/#breadcrumb"},"inLanguage":"fr-BE","potentialAction":[{"@type":"ReadAction","target":["https:\/\/vieassociative.be\/actualites\/la-sage-femme-daltenberg-le-roman-de-louis-goebbels-fait-revivre-un-curieux-chapitre-de-lhistoire-des-frontieres-europeennes\/"]}]},{"@type":"ImageObject","inLanguage":"fr-BE","@id":"https:\/\/vieassociative.be\/actualites\/la-sage-femme-daltenberg-le-roman-de-louis-goebbels-fait-revivre-un-curieux-chapitre-de-lhistoire-des-frontieres-europeennes\/#primaryimage","url":"https:\/\/vieassociative.be\/actualites\/wp-content\/uploads\/2026\/09\/1788254248_La-sage-femme-dAltenberg-le-roman-de-Louis.jpg","contentUrl":"https:\/\/vieassociative.be\/actualites\/wp-content\/uploads\/2026\/09\/1788254248_La-sage-femme-dAltenberg-le-roman-de-Louis.jpg","width":1200,"height":802,"caption":"\u00ab La sage-femme d'Altenberg \u00bb : le roman de Louis Goebbels fait revivre un curieux chapitre de l'histoire des fronti\u00e8res europ\u00e9ennes"},{"@type":"BreadcrumbList","@id":"https:\/\/vieassociative.be\/actualites\/la-sage-femme-daltenberg-le-roman-de-louis-goebbels-fait-revivre-un-curieux-chapitre-de-lhistoire-des-frontieres-europeennes\/#breadcrumb","itemListElement":[{"@type":"ListItem","position":1,"name":"Accueil","item":"https:\/\/vieassociative.be\/actualites\/"},{"@type":"ListItem","position":2,"name":"\u00ab La sage-femme d&rsquo;Altenberg \u00bb : le roman de Louis Goebbels fait revivre un curieux chapitre de l&rsquo;histoire des fronti\u00e8res europ\u00e9ennes"}]},{"@type":"WebSite","@id":"https:\/\/vieassociative.be\/actualites\/#website","url":"https:\/\/vieassociative.be\/actualites\/","name":"Vie Associative","description":"","publisher":{"@id":"https:\/\/vieassociative.be\/actualites\/#organization"},"potentialAction":[{"@type":"SearchAction","target":{"@type":"EntryPoint","urlTemplate":"https:\/\/vieassociative.be\/actualites\/?s={search_term_string}"},"query-input":{"@type":"PropertyValueSpecification","valueRequired":true,"valueName":"search_term_string"}}],"inLanguage":"fr-BE"},{"@type":"Organization","@id":"https:\/\/vieassociative.be\/actualites\/#organization","name":"Vie Associative","url":"https:\/\/vieassociative.be\/actualites\/","logo":{"@type":"ImageObject","inLanguage":"fr-BE","@id":"https:\/\/vieassociative.be\/actualites\/#\/schema\/logo\/image\/","url":"https:\/\/vieassociative.be\/actualites\/wp-content\/uploads\/2024\/09\/cropped-vieassociative_favicon.ico.png","contentUrl":"https:\/\/vieassociative.be\/actualites\/wp-content\/uploads\/2024\/09\/cropped-vieassociative_favicon.ico.png","width":512,"height":512,"caption":"Vie Associative"},"image":{"@id":"https:\/\/vieassociative.be\/actualites\/#\/schema\/logo\/image\/"}},{"@type":"Person","@id":"https:\/\/vieassociative.be\/actualites\/#\/schema\/person\/b87ac4f82f9d4e7b7cec7395b679edc4","name":"Julien","image":{"@type":"ImageObject","inLanguage":"fr-BE","@id":"https:\/\/vieassociative.be\/actualites\/#\/schema\/person\/image\/","url":"https:\/\/vieassociative.be\/actualites\/wp-content\/uploads\/2024\/09\/vie-associative-1-150x150.jpg","contentUrl":"https:\/\/vieassociative.be\/actualites\/wp-content\/uploads\/2024\/09\/vie-associative-1-150x150.jpg","caption":"Julien"},"description":"Je suis Julien, r\u00e9dacteur pour Vie Associative. Passionn\u00e9 par le monde associatif depuis plus de 10 ans, j'ai \u00e0 c\u0153ur de partager des histoires inspirantes et de mettre en lumi\u00e8re les initiatives locales. Mon objectif est de sensibiliser et d'encourager l'engagement communautaire \u00e0 travers mes articles.","sameAs":["https:\/\/vieassociative.be\/"]}]}},"_links":{"self":[{"href":"https:\/\/vieassociative.be\/actualites\/wp-json\/wp\/v2\/posts\/15168"}],"collection":[{"href":"https:\/\/vieassociative.be\/actualites\/wp-json\/wp\/v2\/posts"}],"about":[{"href":"https:\/\/vieassociative.be\/actualites\/wp-json\/wp\/v2\/types\/post"}],"author":[{"embeddable":true,"href":"https:\/\/vieassociative.be\/actualites\/wp-json\/wp\/v2\/users\/1"}],"replies":[{"embeddable":true,"href":"https:\/\/vieassociative.be\/actualites\/wp-json\/wp\/v2\/comments?post=15168"}],"version-history":[{"count":0,"href":"https:\/\/vieassociative.be\/actualites\/wp-json\/wp\/v2\/posts\/15168\/revisions"}],"wp:featuredmedia":[{"embeddable":true,"href":"https:\/\/vieassociative.be\/actualites\/wp-json\/wp\/v2\/media\/15169"}],"wp:attachment":[{"href":"https:\/\/vieassociative.be\/actualites\/wp-json\/wp\/v2\/media?parent=15168"}],"wp:term":[{"taxonomy":"category","embeddable":true,"href":"https:\/\/vieassociative.be\/actualites\/wp-json\/wp\/v2\/categories?post=15168"},{"taxonomy":"post_tag","embeddable":true,"href":"https:\/\/vieassociative.be\/actualites\/wp-json\/wp\/v2\/tags?post=15168"}],"curies":[{"name":"wp","href":"https:\/\/api.w.org\/{rel}","templated":true}]}}