{"id":15166,"date":"2026-09-01T10:17:18","date_gmt":"2026-09-01T08:17:18","guid":{"rendered":"https:\/\/vieassociative.be\/actualites\/microsoft-outlook-est-en-panne\/"},"modified":"2026-09-01T10:17:18","modified_gmt":"2026-09-01T08:17:18","slug":"microsoft-outlook-est-en-panne","status":"publish","type":"post","link":"https:\/\/vieassociative.be\/actualites\/microsoft-outlook-est-en-panne\/","title":{"rendered":"Microsoft Outlook est en panne"},"content":{"rendered":"<p>Si vous essayez de v\u00e9rifier votre bo\u00eete de r\u00e9ception ou d&rsquo;envoyer un e-mail dans Microsoft Outlook, mais que vous constatez que l&rsquo;application n&rsquo;est pas coop\u00e9rative, vous n&rsquo;\u00eates pas seul. Outlook est actuellement indisponible pour de nombreux utilisateurs lundi apr\u00e8s-midi. Cela est \u00e9vident pour quiconque ne parvient pas \u00e0 faire fonctionner l&rsquo;application\u00a0: Downdetector, qui met en \u00e9vidence les rapports des utilisateurs sur les pannes d&rsquo;application, affiche des dizaines de milliers de rapports \u00e0 partir de 15h00 HE, et bien que le taux de rapports semble diminuer, des milliers de rapports continuent d&rsquo;arriver \u00e0 chaque actualisation.  <\/p>\n<p>Comme le rapporte CNET, Microsoft a lui-m\u00eame officiellement confirm\u00e9 la panne. La soci\u00e9t\u00e9 a publi\u00e9 sur son compte Microsoft 365 Status X, d\u00e9clarant\u00a0: \u00ab\u00a0Nous avons identifi\u00e9 un probl\u00e8me avec un composant d&rsquo;authentification qui contribue \u00e0 l&rsquo;impact. Pour r\u00e9soudre ce probl\u00e8me, nous avons d\u00e9velopp\u00e9 une strat\u00e9gie de rem\u00e9diation et nous l&rsquo;appliquons \u00e0 une partie de l&rsquo;infrastructure pour tester son efficacit\u00e9. Une fois que nous aurons confirm\u00e9 l&rsquo;impact r\u00e9solu, nous appliquerons la solution plus largement. Pour plus d&rsquo;informations, veuillez consulter EX1464935 dans le centre d&rsquo;administration. \u00ab\u00a0<\/p>\n<p>En tant que telle, la soci\u00e9t\u00e9 devrait d\u00e9ployer un correctif en temps voulu, m\u00eame s&rsquo;il est difficile de dire combien de temps cela peut prendre. Les pannes r\u00e9centes ont \u00e9t\u00e9 r\u00e9solues en quelques heures, tandis que d&rsquo;autres se sont prolong\u00e9es jusqu&rsquo;au lendemain. Au moment de la r\u00e9daction de cet article, Downdetector montre que 38 % des utilisateurs signalent des probl\u00e8mes de r\u00e9ception de messages dans Outlook, tandis que 24 % signalent des probl\u00e8mes avec l&rsquo;application et 21 % avec la connexion. <\/p>\n<p>Il se trouve qu&rsquo;Outlook n&rsquo;est pas le seul produit Microsoft confront\u00e9 \u00e0 des probl\u00e8mes : les utilisateurs signalent que Microsoft Teams, Microsoft Store, Microsoft Azur et Microsoft 365 en g\u00e9n\u00e9ral rencontrent des probl\u00e8mes. De plus, les utilisateurs d&rsquo;OpenAI signalent des probl\u00e8mes avec ChatGPT. <\/p><\/p>\n","protected":false},"excerpt":{"rendered":"<p>Si vous essayez de v\u00e9rifier votre bo\u00eete de r\u00e9ception ou d&rsquo;envoyer un e-mail dans Microsoft Outlook, mais que vous constatez que l&rsquo;application n&rsquo;est pas coop\u00e9rative,<\/p>\n","protected":false},"author":1,"featured_media":15167,"comment_status":"","ping_status":"","sticky":false,"template":"","format":"standard","meta":{"footnotes":""},"categories":[13],"tags":[76,1190,10481,1137],"class_list":["post-15166","post","type-post","status-publish","format-standard","has-post-thumbnail","hentry","category-technologie","tag-est","tag-microsoft","tag-outlook","tag-panne","generate-columns","tablet-grid-50","mobile-grid-100","grid-parent","grid-33"],"yoast_head":"<!-- This site is optimized with the Yoast SEO plugin v24.0 - https:\/\/yoast.com\/wordpress\/plugins\/seo\/ -->\n<title>Microsoft Outlook est en panne | Vie Associative<\/title>\n<meta name=\"robots\" content=\"index, follow, max-snippet:-1, max-image-preview:large, max-video-preview:-1\" \/>\n<link rel=\"canonical\" href=\"https:\/\/vieassociative.be\/actualites\/microsoft-outlook-est-en-panne\/\" \/>\n<meta property=\"og:locale\" content=\"fr_FR\" \/>\n<meta property=\"og:type\" content=\"article\" \/>\n<meta property=\"og:title\" content=\"Microsoft Outlook est en panne | Vie Associative\" \/>\n<meta property=\"og:description\" content=\"Si vous essayez de v\u00e9rifier votre bo\u00eete de r\u00e9ception ou d&rsquo;envoyer un e-mail dans Microsoft Outlook, mais que vous constatez que l&rsquo;application n&rsquo;est pas coop\u00e9rative,\" \/>\n<meta property=\"og:url\" content=\"https:\/\/vieassociative.be\/actualites\/microsoft-outlook-est-en-panne\/\" \/>\n<meta property=\"og:site_name\" content=\"Vie Associative\" \/>\n<meta property=\"article:published_time\" content=\"2026-09-01T08:17:18+00:00\" \/>\n<meta property=\"og:image\" content=\"https:\/\/vieassociative.be\/actualites\/wp-content\/uploads\/2024\/09\/header_backgroundk-01-e1726694325946.png\" \/>\n\t<meta property=\"og:image:width\" content=\"279\" \/>\n\t<meta property=\"og:image:height\" content=\"92\" \/>\n\t<meta property=\"og:image:type\" content=\"image\/png\" \/>\n<meta name=\"author\" content=\"Julien\" \/>\n<meta name=\"twitter:card\" content=\"summary_large_image\" \/>\n<meta name=\"twitter:label1\" content=\"\u00c9crit par\" \/>\n\t<meta name=\"twitter:data1\" content=\"Julien\" \/>\n\t<meta name=\"twitter:label2\" content=\"Dur\u00e9e de lecture est.\" \/>\n\t<meta name=\"twitter:data2\" content=\"2 minutes\" \/>\n<script type=\"application\/ld+json\" class=\"yoast-schema-graph\">{\"@context\":\"https:\/\/schema.org\",\"@graph\":[{\"@type\":\"Article\",\"@id\":\"https:\/\/vieassociative.be\/actualites\/microsoft-outlook-est-en-panne\/#article\",\"isPartOf\":{\"@id\":\"https:\/\/vieassociative.be\/actualites\/microsoft-outlook-est-en-panne\/\"},\"author\":{\"name\":\"Julien\",\"@id\":\"https:\/\/vieassociative.be\/actualites\/#\/schema\/person\/b87ac4f82f9d4e7b7cec7395b679edc4\"},\"headline\":\"Microsoft Outlook est en panne\",\"datePublished\":\"2026-09-01T08:17:18+00:00\",\"dateModified\":\"2026-09-01T08:17:18+00:00\",\"mainEntityOfPage\":{\"@id\":\"https:\/\/vieassociative.be\/actualites\/microsoft-outlook-est-en-panne\/\"},\"wordCount\":342,\"publisher\":{\"@id\":\"https:\/\/vieassociative.be\/actualites\/#organization\"},\"image\":{\"@id\":\"https:\/\/vieassociative.be\/actualites\/microsoft-outlook-est-en-panne\/#primaryimage\"},\"thumbnailUrl\":\"https:\/\/vieassociative.be\/actualites\/wp-content\/uploads\/2026\/09\/Microsoft-Outlook-est-en-panne.jpg\",\"keywords\":[\"est\",\"Microsoft\",\"Outlook\",\"panne\"],\"articleSection\":[\"Technologie\"],\"inLanguage\":\"fr-BE\"},{\"@type\":\"WebPage\",\"@id\":\"https:\/\/vieassociative.be\/actualites\/microsoft-outlook-est-en-panne\/\",\"url\":\"https:\/\/vieassociative.be\/actualites\/microsoft-outlook-est-en-panne\/\",\"name\":\"Microsoft Outlook est en panne | Vie Associative\",\"isPartOf\":{\"@id\":\"https:\/\/vieassociative.be\/actualites\/#website\"},\"primaryImageOfPage\":{\"@id\":\"https:\/\/vieassociative.be\/actualites\/microsoft-outlook-est-en-panne\/#primaryimage\"},\"image\":{\"@id\":\"https:\/\/vieassociative.be\/actualites\/microsoft-outlook-est-en-panne\/#primaryimage\"},\"thumbnailUrl\":\"https:\/\/vieassociative.be\/actualites\/wp-content\/uploads\/2026\/09\/Microsoft-Outlook-est-en-panne.jpg\",\"datePublished\":\"2026-09-01T08:17:18+00:00\",\"dateModified\":\"2026-09-01T08:17:18+00:00\",\"breadcrumb\":{\"@id\":\"https:\/\/vieassociative.be\/actualites\/microsoft-outlook-est-en-panne\/#breadcrumb\"},\"inLanguage\":\"fr-BE\",\"potentialAction\":[{\"@type\":\"ReadAction\",\"target\":[\"https:\/\/vieassociative.be\/actualites\/microsoft-outlook-est-en-panne\/\"]}]},{\"@type\":\"ImageObject\",\"inLanguage\":\"fr-BE\",\"@id\":\"https:\/\/vieassociative.be\/actualites\/microsoft-outlook-est-en-panne\/#primaryimage\",\"url\":\"https:\/\/vieassociative.be\/actualites\/wp-content\/uploads\/2026\/09\/Microsoft-Outlook-est-en-panne.jpg\",\"contentUrl\":\"https:\/\/vieassociative.be\/actualites\/wp-content\/uploads\/2026\/09\/Microsoft-Outlook-est-en-panne.jpg\",\"width\":1200,\"height\":675,\"caption\":\"Microsoft Outlook est en panne\"},{\"@type\":\"BreadcrumbList\",\"@id\":\"https:\/\/vieassociative.be\/actualites\/microsoft-outlook-est-en-panne\/#breadcrumb\",\"itemListElement\":[{\"@type\":\"ListItem\",\"position\":1,\"name\":\"Accueil\",\"item\":\"https:\/\/vieassociative.be\/actualites\/\"},{\"@type\":\"ListItem\",\"position\":2,\"name\":\"Microsoft Outlook est en panne\"}]},{\"@type\":\"WebSite\",\"@id\":\"https:\/\/vieassociative.be\/actualites\/#website\",\"url\":\"https:\/\/vieassociative.be\/actualites\/\",\"name\":\"Vie Associative\",\"description\":\"\",\"publisher\":{\"@id\":\"https:\/\/vieassociative.be\/actualites\/#organization\"},\"potentialAction\":[{\"@type\":\"SearchAction\",\"target\":{\"@type\":\"EntryPoint\",\"urlTemplate\":\"https:\/\/vieassociative.be\/actualites\/?s={search_term_string}\"},\"query-input\":{\"@type\":\"PropertyValueSpecification\",\"valueRequired\":true,\"valueName\":\"search_term_string\"}}],\"inLanguage\":\"fr-BE\"},{\"@type\":\"Organization\",\"@id\":\"https:\/\/vieassociative.be\/actualites\/#organization\",\"name\":\"Vie Associative\",\"url\":\"https:\/\/vieassociative.be\/actualites\/\",\"logo\":{\"@type\":\"ImageObject\",\"inLanguage\":\"fr-BE\",\"@id\":\"https:\/\/vieassociative.be\/actualites\/#\/schema\/logo\/image\/\",\"url\":\"https:\/\/vieassociative.be\/actualites\/wp-content\/uploads\/2024\/09\/cropped-vieassociative_favicon.ico.png\",\"contentUrl\":\"https:\/\/vieassociative.be\/actualites\/wp-content\/uploads\/2024\/09\/cropped-vieassociative_favicon.ico.png\",\"width\":512,\"height\":512,\"caption\":\"Vie Associative\"},\"image\":{\"@id\":\"https:\/\/vieassociative.be\/actualites\/#\/schema\/logo\/image\/\"}},{\"@type\":\"Person\",\"@id\":\"https:\/\/vieassociative.be\/actualites\/#\/schema\/person\/b87ac4f82f9d4e7b7cec7395b679edc4\",\"name\":\"Julien\",\"image\":{\"@type\":\"ImageObject\",\"inLanguage\":\"fr-BE\",\"@id\":\"https:\/\/vieassociative.be\/actualites\/#\/schema\/person\/image\/\",\"url\":\"https:\/\/vieassociative.be\/actualites\/wp-content\/uploads\/2024\/09\/vie-associative-1-150x150.jpg\",\"contentUrl\":\"https:\/\/vieassociative.be\/actualites\/wp-content\/uploads\/2024\/09\/vie-associative-1-150x150.jpg\",\"caption\":\"Julien\"},\"description\":\"Je suis Julien, r\u00e9dacteur pour Vie Associative. Passionn\u00e9 par le monde associatif depuis plus de 10 ans, j'ai \u00e0 c\u0153ur de partager des histoires inspirantes et de mettre en lumi\u00e8re les initiatives locales. Mon objectif est de sensibiliser et d'encourager l'engagement communautaire \u00e0 travers mes articles.\",\"sameAs\":[\"https:\/\/vieassociative.be\/\"]}]}<\/script>\n<!-- \/ Yoast SEO plugin. -->","yoast_head_json":{"title":"Microsoft Outlook est en panne | Vie Associative","robots":{"index":"index","follow":"follow","max-snippet":"max-snippet:-1","max-image-preview":"max-image-preview:large","max-video-preview":"max-video-preview:-1"},"canonical":"https:\/\/vieassociative.be\/actualites\/microsoft-outlook-est-en-panne\/","og_locale":"fr_FR","og_type":"article","og_title":"Microsoft Outlook est en panne | Vie Associative","og_description":"Si vous essayez de v\u00e9rifier votre bo\u00eete de r\u00e9ception ou d&rsquo;envoyer un e-mail dans Microsoft Outlook, mais que vous constatez que l&rsquo;application n&rsquo;est pas coop\u00e9rative,","og_url":"https:\/\/vieassociative.be\/actualites\/microsoft-outlook-est-en-panne\/","og_site_name":"Vie Associative","article_published_time":"2026-09-01T08:17:18+00:00","og_image":[{"width":279,"height":92,"url":"https:\/\/vieassociative.be\/actualites\/wp-content\/uploads\/2024\/09\/header_backgroundk-01-e1726694325946.png","type":"image\/png"}],"author":"Julien","twitter_card":"summary_large_image","twitter_misc":{"\u00c9crit par":"Julien","Dur\u00e9e de lecture est.":"2 minutes"},"schema":{"@context":"https:\/\/schema.org","@graph":[{"@type":"Article","@id":"https:\/\/vieassociative.be\/actualites\/microsoft-outlook-est-en-panne\/#article","isPartOf":{"@id":"https:\/\/vieassociative.be\/actualites\/microsoft-outlook-est-en-panne\/"},"author":{"name":"Julien","@id":"https:\/\/vieassociative.be\/actualites\/#\/schema\/person\/b87ac4f82f9d4e7b7cec7395b679edc4"},"headline":"Microsoft Outlook est en panne","datePublished":"2026-09-01T08:17:18+00:00","dateModified":"2026-09-01T08:17:18+00:00","mainEntityOfPage":{"@id":"https:\/\/vieassociative.be\/actualites\/microsoft-outlook-est-en-panne\/"},"wordCount":342,"publisher":{"@id":"https:\/\/vieassociative.be\/actualites\/#organization"},"image":{"@id":"https:\/\/vieassociative.be\/actualites\/microsoft-outlook-est-en-panne\/#primaryimage"},"thumbnailUrl":"https:\/\/vieassociative.be\/actualites\/wp-content\/uploads\/2026\/09\/Microsoft-Outlook-est-en-panne.jpg","keywords":["est","Microsoft","Outlook","panne"],"articleSection":["Technologie"],"inLanguage":"fr-BE"},{"@type":"WebPage","@id":"https:\/\/vieassociative.be\/actualites\/microsoft-outlook-est-en-panne\/","url":"https:\/\/vieassociative.be\/actualites\/microsoft-outlook-est-en-panne\/","name":"Microsoft Outlook est en panne | Vie Associative","isPartOf":{"@id":"https:\/\/vieassociative.be\/actualites\/#website"},"primaryImageOfPage":{"@id":"https:\/\/vieassociative.be\/actualites\/microsoft-outlook-est-en-panne\/#primaryimage"},"image":{"@id":"https:\/\/vieassociative.be\/actualites\/microsoft-outlook-est-en-panne\/#primaryimage"},"thumbnailUrl":"https:\/\/vieassociative.be\/actualites\/wp-content\/uploads\/2026\/09\/Microsoft-Outlook-est-en-panne.jpg","datePublished":"2026-09-01T08:17:18+00:00","dateModified":"2026-09-01T08:17:18+00:00","breadcrumb":{"@id":"https:\/\/vieassociative.be\/actualites\/microsoft-outlook-est-en-panne\/#breadcrumb"},"inLanguage":"fr-BE","potentialAction":[{"@type":"ReadAction","target":["https:\/\/vieassociative.be\/actualites\/microsoft-outlook-est-en-panne\/"]}]},{"@type":"ImageObject","inLanguage":"fr-BE","@id":"https:\/\/vieassociative.be\/actualites\/microsoft-outlook-est-en-panne\/#primaryimage","url":"https:\/\/vieassociative.be\/actualites\/wp-content\/uploads\/2026\/09\/Microsoft-Outlook-est-en-panne.jpg","contentUrl":"https:\/\/vieassociative.be\/actualites\/wp-content\/uploads\/2026\/09\/Microsoft-Outlook-est-en-panne.jpg","width":1200,"height":675,"caption":"Microsoft Outlook est en panne"},{"@type":"BreadcrumbList","@id":"https:\/\/vieassociative.be\/actualites\/microsoft-outlook-est-en-panne\/#breadcrumb","itemListElement":[{"@type":"ListItem","position":1,"name":"Accueil","item":"https:\/\/vieassociative.be\/actualites\/"},{"@type":"ListItem","position":2,"name":"Microsoft Outlook est en panne"}]},{"@type":"WebSite","@id":"https:\/\/vieassociative.be\/actualites\/#website","url":"https:\/\/vieassociative.be\/actualites\/","name":"Vie Associative","description":"","publisher":{"@id":"https:\/\/vieassociative.be\/actualites\/#organization"},"potentialAction":[{"@type":"SearchAction","target":{"@type":"EntryPoint","urlTemplate":"https:\/\/vieassociative.be\/actualites\/?s={search_term_string}"},"query-input":{"@type":"PropertyValueSpecification","valueRequired":true,"valueName":"search_term_string"}}],"inLanguage":"fr-BE"},{"@type":"Organization","@id":"https:\/\/vieassociative.be\/actualites\/#organization","name":"Vie Associative","url":"https:\/\/vieassociative.be\/actualites\/","logo":{"@type":"ImageObject","inLanguage":"fr-BE","@id":"https:\/\/vieassociative.be\/actualites\/#\/schema\/logo\/image\/","url":"https:\/\/vieassociative.be\/actualites\/wp-content\/uploads\/2024\/09\/cropped-vieassociative_favicon.ico.png","contentUrl":"https:\/\/vieassociative.be\/actualites\/wp-content\/uploads\/2024\/09\/cropped-vieassociative_favicon.ico.png","width":512,"height":512,"caption":"Vie Associative"},"image":{"@id":"https:\/\/vieassociative.be\/actualites\/#\/schema\/logo\/image\/"}},{"@type":"Person","@id":"https:\/\/vieassociative.be\/actualites\/#\/schema\/person\/b87ac4f82f9d4e7b7cec7395b679edc4","name":"Julien","image":{"@type":"ImageObject","inLanguage":"fr-BE","@id":"https:\/\/vieassociative.be\/actualites\/#\/schema\/person\/image\/","url":"https:\/\/vieassociative.be\/actualites\/wp-content\/uploads\/2024\/09\/vie-associative-1-150x150.jpg","contentUrl":"https:\/\/vieassociative.be\/actualites\/wp-content\/uploads\/2024\/09\/vie-associative-1-150x150.jpg","caption":"Julien"},"description":"Je suis Julien, r\u00e9dacteur pour Vie Associative. Passionn\u00e9 par le monde associatif depuis plus de 10 ans, j'ai \u00e0 c\u0153ur de partager des histoires inspirantes et de mettre en lumi\u00e8re les initiatives locales. Mon objectif est de sensibiliser et d'encourager l'engagement communautaire \u00e0 travers mes articles.","sameAs":["https:\/\/vieassociative.be\/"]}]}},"_links":{"self":[{"href":"https:\/\/vieassociative.be\/actualites\/wp-json\/wp\/v2\/posts\/15166"}],"collection":[{"href":"https:\/\/vieassociative.be\/actualites\/wp-json\/wp\/v2\/posts"}],"about":[{"href":"https:\/\/vieassociative.be\/actualites\/wp-json\/wp\/v2\/types\/post"}],"author":[{"embeddable":true,"href":"https:\/\/vieassociative.be\/actualites\/wp-json\/wp\/v2\/users\/1"}],"replies":[{"embeddable":true,"href":"https:\/\/vieassociative.be\/actualites\/wp-json\/wp\/v2\/comments?post=15166"}],"version-history":[{"count":0,"href":"https:\/\/vieassociative.be\/actualites\/wp-json\/wp\/v2\/posts\/15166\/revisions"}],"wp:featuredmedia":[{"embeddable":true,"href":"https:\/\/vieassociative.be\/actualites\/wp-json\/wp\/v2\/media\/15167"}],"wp:attachment":[{"href":"https:\/\/vieassociative.be\/actualites\/wp-json\/wp\/v2\/media?parent=15166"}],"wp:term":[{"taxonomy":"category","embeddable":true,"href":"https:\/\/vieassociative.be\/actualites\/wp-json\/wp\/v2\/categories?post=15166"},{"taxonomy":"post_tag","embeddable":true,"href":"https:\/\/vieassociative.be\/actualites\/wp-json\/wp\/v2\/tags?post=15166"}],"curies":[{"name":"wp","href":"https:\/\/api.w.org\/{rel}","templated":true}]}}