{"id":15164,"date":"2026-09-01T04:17:02","date_gmt":"2026-09-01T02:17:02","guid":{"rendered":"https:\/\/vieassociative.be\/actualites\/ce-televiseur-lg-oled-de-65-pouces-beneficie-dune-reduction-de-600-lors-des-premieres-ventes-damazon-pour-la-fete-du-travail\/"},"modified":"2026-09-01T04:17:02","modified_gmt":"2026-09-01T02:17:02","slug":"ce-televiseur-lg-oled-de-65-pouces-beneficie-dune-reduction-de-600-lors-des-premieres-ventes-damazon-pour-la-fete-du-travail","status":"publish","type":"post","link":"https:\/\/vieassociative.be\/actualites\/ce-televiseur-lg-oled-de-65-pouces-beneficie-dune-reduction-de-600-lors-des-premieres-ventes-damazon-pour-la-fete-du-travail\/","title":{"rendered":"Ce t\u00e9l\u00e9viseur LG OLED de 65 pouces b\u00e9n\u00e9ficie d&rsquo;une r\u00e9duction de 600 $ lors des premi\u00e8res ventes d&rsquo;Amazon pour la f\u00eate du Travail"},"content":{"rendered":"<p>Nous pouvons gagner une commission sur les liens sur cette page. Les prix et la disponibilit\u00e9 de l&rsquo;offre sont sujets \u00e0 changement apr\u00e8s la publication.<\/p>\n<p>Les premi\u00e8res ventes d&rsquo;Amazon pour la f\u00eate du Travail proposent d\u00e9j\u00e0 certaines des meilleures offres de la f\u00eate du Travail pour les acheteurs en ligne, notamment une remise importante sur un nouvel OLED de 65 pouces. Le t\u00e9l\u00e9viseur OLED B6 LG 65 pouces co\u00fbte actuellement 1 399,99 $ sur Amazon, contre 1 999,99 $, soit une remise de 600 $ et le prix le plus bas que nous ayons vu jusqu&rsquo;\u00e0 pr\u00e9sent, selon les outils de suivi des prix.<\/p>\n<div class=\"pogoClear mb-12 mt-10 rounded-md border-2 border-gray-100 py-7 shadow-xl md:py-6\">\n<div class=\"flex flex-wrap justify-between px-7 text-black no-underline md:flex-nowrap md:px-8\">\n<div class=\"order-1 mx-auto flex flex-col justify-center md:order-2 md:ml-4 md:w-full md:grow\">\n<div class=\"block cursor-pointer text-center font-akshar text-2xl font-medium leading-7 text-brand-green duration-200 ease-in-out hover:text-brand-green-700 md:text-left md:text-xl md:leading-6\">T\u00e9l\u00e9viseur intelligent LG OLED AI 4K s\u00e9rie B6 de 65 pouces\n                <\/div>\n<div class=\"mt-4 hidden md:flex md:justify-between\">\n<div class=\"self-end\">\n<div class=\"mb-0 h-11 md:flex md:flex-col md:justify-center\">\n<div class=\" font-sans leading-4 text-black\">\n<div class=\"flex flex-wrap items-center justify-center gap-1 md:justify-start\">\n        <span class=\"font-bold\"><\/p>\n<p>            1\u00a0399,99\u00a0$<br \/>\n                            <span class=\"font-medium\">chez Amazon<\/span><br \/>\n                    <\/span>\n            <\/div>\n<div class=\"flex items-center justify-center gap-x-1 font-bold md:justify-start\">\n            <span class=\"text-sm line-through\">1\u00a0999,99\u00a0$<\/span><br \/>\n            <span class=\"text-sm text-brand-green\">\u00c9conomisez 600,00\u00a0$<\/span>\n        <\/div>\n<\/p><\/div>\n<\/p><\/div>\n<\/p><\/div>\n<div class=\"w-44 self-end\">\n                            <button class=\"flex justify-center items-center w-full bg-brand-green text-white text-base font-sans font-medium rounded-md hover:bg-brand-green-700 hover:cursor-pointer md:text-sm h-11\"><\/p>\n<p>    Obtenez une offre<br \/>\n<\/button>\n                        <\/div>\n<\/p><\/div>\n<\/p><\/div>\n<div class=\"order-2 mt-5 h-auto w-full md:order-1 md:mt-0 md:hidden\">\n<div class=\"flex aspect-video items-center justify-center\">\n                                            <img decoding=\"async\" class=\"m-0 max-h-full max-w-full rounded-md\" src=\"https:\/\/vieassociative.be\/actualites\/wp-content\/uploads\/2026\/09\/Ce-televiseur-LG-OLED-de-65-pouces-beneficie-dune-reduction.jpg\" alt=\"T\u00e9l\u00e9viseur OLED B6 LG de 65 pouces\" width=\"auto\" height=\"auto\" loading=\"lazy\">\n                                    <\/div>\n<\/p><\/div>\n<div class=\"order-2 ml-2 hidden w-32 shrink-0 items-center md:order-1 md:ml-0 md:flex\">\n<div class=\"flex aspect-video items-center justify-center\">\n                                            <img decoding=\"async\" class=\"m-0 max-h-full max-w-full rounded-md\" src=\"https:\/\/vieassociative.be\/actualites\/wp-content\/uploads\/2026\/09\/Ce-televiseur-LG-OLED-de-65-pouces-beneficie-dune-reduction.jpg\" alt=\"T\u00e9l\u00e9viseur OLED B6 LG de 65 pouces\" width=\"auto\" height=\"auto\" loading=\"lazy\">\n                                    <\/div>\n<\/p><\/div>\n<div class=\"order-3 flex grow flex-wrap md:hidden md:grow-0\">\n<div class=\"mt-4 w-full\">\n                        <button class=\"flex justify-center items-center w-full bg-brand-green text-white text-base font-sans font-medium rounded-md hover:bg-brand-green-700 hover:cursor-pointer md:text-sm h-11\"><\/p>\n<p>    Obtenez une offre<br \/>\n<\/button>\n                    <\/div>\n<div class=\"mx-2 mt-4 w-full\">\n<div class=\" font-sans leading-4 text-black\">\n<div class=\"flex flex-wrap items-center justify-center gap-1 md:justify-start\">\n        <span class=\"font-bold\"><\/p>\n<p>            1\u00a0399,99\u00a0$<br \/>\n                            <span class=\"font-medium\">chez Amazon<\/span><br \/>\n                    <\/span>\n            <\/div>\n<div class=\"flex items-center justify-center gap-x-1 font-bold md:justify-start\">\n            <span class=\"text-sm line-through\">1\u00a0999,99\u00a0$<\/span><br \/>\n            <span class=\"text-sm text-brand-green\">\u00c9conomisez 600,00\u00a0$<\/span>\n        <\/div>\n<\/p><\/div>\n<\/p><\/div>\n<\/p><\/div>\n<\/p><\/div>\n<\/div>\n<p>Le B6 est l&rsquo;OLED d&rsquo;entr\u00e9e de gamme de LG pour 2026, mais \u00ab entr\u00e9e de gamme \u00bb ne signifie pas basique. Le t\u00e9l\u00e9viseur dispose d&rsquo;un panneau OLED 4K auto-\u00e9clair\u00e9 pour des noirs profonds et un contraste fort qui en font un choix incontournable pour les soir\u00e9es cin\u00e9ma. Il prend \u00e9galement en charge Dolby Vision, Dolby Atmos, Filmmaker Mode et la plateforme webOS de LG. Compar\u00e9 \u00e0 son pr\u00e9d\u00e9cesseur, le B5, le B6 est plus lumineux, offrant aux spectateurs un contraste plus fort et des textures plus nettes.<\/p>\n<p>Ses performances couleur et ses r\u00e9f\u00e9rences de jeu sont \u00e9galement particuli\u00e8rement solides pour le prix gr\u00e2ce \u00e0 quatre ports HDMI 2.1, des jeux 4K jusqu&rsquo;\u00e0 120 Hz, VRR, Nvidia G-Sync, AMD FreeSync Premium et un mode Game Optimizer. Cela en fait un bon choix pour toute personne poss\u00e9dant une PS5, une Xbox Series X ou un PC de jeu plut\u00f4t qu\u2019une simple mise \u00e0 niveau de t\u00e9l\u00e9vision en streaming.<\/p>\n<p>Il y a des compromis. Le B6 n\u2019est pas aussi lumineux que le C6 OLED plus cher de LG, il est donc mieux adapt\u00e9 \u00e0 une pi\u00e8ce o\u00f9 vous pouvez contr\u00f4ler l\u2019\u00e9blouissement et la lumi\u00e8re ambiante. Ses haut-parleurs int\u00e9gr\u00e9s sont \u00e9galement tout simplement m\u00e9diocres ; si vous souhaitez une exp\u00e9rience v\u00e9ritablement cin\u00e9matographique, vous souhaiterez peut-\u00eatre l&rsquo;associer \u00e0 une barre de son externe. N\u00e9anmoins, les critiques ont trouv\u00e9 sa couleur, son contraste, sa r\u00e9activit\u00e9 et ses fonctionnalit\u00e9s globales difficiles \u00e0 battre au bon prix, faisant du t\u00e9l\u00e9viseur OLED B6 LG 65 pouces l&rsquo;une des meilleures offres Amazon Labor Day 2026.<\/p>\n<p>Si vous avez compar\u00e9 les t\u00e9l\u00e9viseurs OLED les plus \u00e9conomiques, c&rsquo;est une excellente occasion de passer \u00e0 un mod\u00e8le de 65 pouces de la g\u00e9n\u00e9ration actuelle dot\u00e9 d&rsquo;une multitude de fonctionnalit\u00e9s attrayantes pour les joueurs. Cela vaut \u00e9galement la peine d&rsquo;\u00eatre pris en compte aux c\u00f4t\u00e9s des choix de Vie Associative pour les meilleurs t\u00e9l\u00e9viseurs de 65 pouces.<\/p>\n<p>Pour plus d&rsquo;informations sur les meilleurs choix de nos r\u00e9dacteurs, consultez les meilleures offres technologiques de la premi\u00e8re vente de la f\u00eate du Travail d&rsquo;Amazon.<\/p>\n<hr>\n<h2 id=\"is-labor-day-a-good-time-to-buy-appliances\">La f\u00eate du Travail est-elle le bon moment pour acheter des \u00e9lectrom\u00e9nagers ?<\/h2>\n<p>Oui. La f\u00eate du Travail est traditionnellement l\u2019une des p\u00e9riodes de soldes les plus importantes pour les gros appareils \u00e9lectrom\u00e9nagers, les d\u00e9taillants proposant souvent des r\u00e9ductions sur les mod\u00e8les sortants pour faire de la place pour les stocks d\u2019automne. Comparez les prix des d\u00e9taillants et tenez compte des frais de livraison, d&rsquo;installation et de transport avant d&rsquo;acheter.<\/p>\n<h2 id=\"do-labor-day-deals-get-better-closer-to-the-holiday\">Les offres de la f\u00eate du Travail s&rsquo;am\u00e9liorent-elles \u00e0 l&rsquo;approche des vacances ?<\/h2>\n<p>Parfois, mais pas toujours. Les d\u00e9taillants peuvent ajouter des remises \u00e0 court terme ou faire correspondre les prix des concurrents pendant le week-end f\u00e9ri\u00e9, mais les tailles et couleurs populaires peuvent se vendre. Si un prix est \u00e0 un niveau record ou proche de celui-ci, il est g\u00e9n\u00e9ralement plus s\u00fbr d\u2019acheter plut\u00f4t que d\u2019attendre.<\/p>\n<h2 id=\"when-does-amazons-labor-day-sale-start\">Quand commencent les soldes de la f\u00eate du Travail d&rsquo;Amazon ?<\/h2>\n<p>Les ventes anticip\u00e9es de la f\u00eate du Travail ont d\u00e9j\u00e0 commenc\u00e9, avec des offres suppl\u00e9mentaires apparaissant souvent \u00e0 l&rsquo;approche de la f\u00eate du Travail. De plus en plus de d\u00e9taillants sont susceptibles de lancer leurs propres ventes avant les vacances du lundi 7 septembre. Amazon ne suit pas une date de d\u00e9but publique fixe pour une seule vente de la f\u00eate du Travail.<\/p>\n<div class=\" relative flex justify-center py-16 md:left-1\/2 md:w-(780px) md:max-w-max md:-translate-x-1\/2\">\n<div class=\"w-max text-center sm:text-left\">\n<div class=\"custom-gradient-background mb-6 rounded-md p-(2px) sm:rounded-tl-none\">\n<div class=\"flex flex-col rounded bg-white sm:rounded-tl-none\">\n                    <span class=\"-mt-4 block w-fit max-w-(calc(100%-1rem)) self-center bg-white px-3 text-center font-akshar text-xl font-medium capitalize text-gray-800 sm:max-w-(calc(100%-2.5rem)) sm:self-start sm:px-10 sm:text-left sm:text-2xl\">Meilleures offres pour la f\u00eate du Travail<\/span><\/p>\n<div class=\"flex flex-col gap-3 p-3 pb-4 text-sm sm:p-10 sm:pt-6 sm:text-justify sm:text-base\">\n<div>\n<p>    Nouveau Apple MacBook Air avec puce Apple M1 (13 pouces, 8 Go de RAM, 256 Go de stockage SSD) &#8211; Argent (dernier mod\u00e8le)<\/p>\n<p>                                <span class=\"text-black\"><br \/>\n                                    \u2014<br \/>\n                                    <span class=\"font-bold\">749,99\u00a0$<\/span><br \/>\n                                    <span class=\"!text-xs italic sm:!text-sm\"><\/p>\n<p>                                        (Prix catalogue 999,00 $)<br \/>\n                                    <\/span><br \/>\n                                <\/span>\n                            <\/div>\n<div>\n<p>    Acer Predator Orion 5000 (Intel Core i7 12e g\u00e9n\u00e9ration, RTX 3080, SSD 1 To, 16 Go de RAM)<\/p>\n<p>                                <span class=\"text-black\"><br \/>\n                                    \u2014<br \/>\n                                    <span class=\"font-bold\">1\u00a0099,99\u00a0$<\/span><br \/>\n                                    <span class=\"!text-xs italic sm:!text-sm\"><\/p>\n<p>                                        (Prix catalogue 2 199,99 $)<br \/>\n                                    <\/span><br \/>\n                                <\/span>\n                            <\/div>\n<div>\n<p>    HP Victus 15L (Intel Core i7 13e g\u00e9n\u00e9ration, RTX 3060, double stockage, 16 Go de RAM)<\/p>\n<p>                                <span class=\"text-black\"><br \/>\n                                    \u2014<br \/>\n                                    <span class=\"font-bold\">799,99\u00a0$<\/span><br \/>\n                                    <span class=\"!text-xs italic sm:!text-sm\"><\/p>\n<p>                                        (Prix catalogue 1 399,99\u00a0$)<br \/>\n                                    <\/span><br \/>\n                                <\/span>\n                            <\/div>\n<div>\n<p>    iPad Apple 10,2 pouces 2021 (Wi-Fi, 64 Go) &#8211; Gris sid\u00e9ral<\/p>\n<p>                                <span class=\"text-black\"><br \/>\n                                    \u2014<br \/>\n                                    <span class=\"font-bold\">199,99\u00a0$<\/span><br \/>\n                                    <span class=\"!text-xs italic sm:!text-sm\"><\/p>\n<p>                                        (Prix catalogue 329,00 $)<br \/>\n                                    <\/span><br \/>\n                                <\/span>\n                            <\/div>\n<div>\n<p>    Disque SSD portable SanDisk Extreme Pro 1 To<\/p>\n<p>                                <span class=\"text-black\"><br \/>\n                                    \u2014<br \/>\n                                    <span class=\"font-bold\">188,79\u00a0$<\/span><br \/>\n                                    <span class=\"!text-xs italic sm:!text-sm\"><\/p>\n<p>                                        (Prix catalogue 188,79 $)<br \/>\n                                    <\/span><br \/>\n                                <\/span>\n                            <\/div>\n<div>\n<p>    Sony LinkBuds S<\/p>\n<p>                                <span class=\"text-black\"><br \/>\n                                    \u2014<br \/>\n                                    <span class=\"font-bold\">159,99\u00a0$<\/span><br \/>\n                                    <span class=\"!text-xs italic sm:!text-sm\"><\/p>\n<p>                                        (Prix catalogue 159,99 $)<br \/>\n                                    <\/span><br \/>\n                                <\/span>\n                            <\/div>\n<div>\n<p>    \u00c9couteurs sans fil Apple AirPods (2e g\u00e9n\u00e9ration)<\/p>\n<p>                                <span class=\"text-black\"><br \/>\n                                    \u2014<br \/>\n                                    <span class=\"font-bold\">84,99\u00a0$<\/span><br \/>\n                                    <span class=\"!text-xs italic sm:!text-sm\"><\/p>\n<p>                                        (Prix catalogue 159,00 $)<br \/>\n                                    <\/span><br \/>\n                                <\/span>\n                            <\/div>\n<div>\n<p>    Apple Watch SE (GPS, 40 mm, bo\u00eetier argent\u00e9, bracelet bleu)<\/p>\n<p>                                <span class=\"text-black\"><br \/>\n                                    \u2014<br \/>\n                                    <span class=\"font-bold\">85,00\u00a0$<\/span><br \/>\n                                    <span class=\"!text-xs italic sm:!text-sm\"><\/p>\n<p>                                        (Prix catalogue 85,00\u00a0$)<br \/>\n                                    <\/span><br \/>\n                                <\/span>\n                            <\/div>\n<div>\n<p>    Aspirateur robot auto-vide Shark RV1000AE IQ Home Mapping<\/p>\n<p>                                <span class=\"text-black\"><br \/>\n                                    \u2014<br \/>\n                                    <span class=\"font-bold\">288,00\u00a0$<\/span><br \/>\n                                    <span class=\"!text-xs italic sm:!text-sm\"><\/p>\n<p>                                        (Prix catalogue 479,99 $)<br \/>\n                                    <\/span><br \/>\n                                <\/span>\n                            <\/div>\n<div>\n<p>    Moniteur LG Ultragear 32GBN600-B 32&Prime; 2560 x 1440 165 Hz HDR<\/p>\n<p>                                <span class=\"text-black\"><br \/>\n                                    \u2014<br \/>\n                                    <span class=\"font-bold\">279,00\u00a0$<\/span><br \/>\n                                    <span class=\"!text-xs italic sm:!text-sm\"><\/p>\n<p>                                        (Prix catalogue 349,00 $)<br \/>\n                                    <\/span><br \/>\n                                <\/span>\n                            <\/div>\n<div>\n<p>    Dyson V10 Absolu<\/p>\n<p>                                <span class=\"text-black\"><br \/>\n                                    \u2014<br \/>\n                                    <span class=\"font-bold\">599,99\u00a0$<\/span><br \/>\n                                    <span class=\"!text-xs italic sm:!text-sm\"><\/p>\n<p>                                        (Prix catalogue 599,99 $)<br \/>\n                                    <\/span><br \/>\n                                <\/span>\n                            <\/div>\n<div>\n<p>    Aspirateur-tra\u00eeneau Dyson Big Ball Turbinehead<\/p>\n<p>                                <span class=\"text-black\"><br \/>\n                                    \u2014<br \/>\n                                    <span class=\"font-bold\">499,99\u00a0$<\/span><br \/>\n                                    <span class=\"!text-xs italic sm:!text-sm\"><\/p>\n<p>                                        (Prix catalogue 599,99 $)<br \/>\n                                    <\/span><br \/>\n                                <\/span>\n                            <\/div>\n<div>\n<p>    Syst\u00e8me Wi-Fi maill\u00e9 pour toute la maison TP-Link Deco S4 (paquet de 2)<\/p>\n<p>                                <span class=\"text-black\"><br \/>\n                                    \u2014<br \/>\n                                    <span class=\"font-bold\">79,98\u00a0$<\/span><br \/>\n                                    <span class=\"!text-xs italic sm:!text-sm\"><\/p>\n<p>                                        (Prix catalogue 99,99 $)<br \/>\n                                    <\/span><br \/>\n                                <\/span>\n                            <\/div>\n<div>\n<p>    T\u00e9l\u00e9viseur intelligent TCL classe S4 4K de 75\u00a0pouces<\/p>\n<p>                                <span class=\"text-black\"><br \/>\n                                    \u2014<br \/>\n                                    <span class=\"font-bold\">105,99\u00a0$<\/span><br \/>\n                                    <span class=\"!text-xs italic sm:!text-sm\"><\/p>\n<p>                                        (Prix catalogue 529,99\u00a0$)<br \/>\n                                    <\/span><br \/>\n                                <\/span>\n                            <\/div>\n<div>\n<p>    T\u00e9l\u00e9viseur intelligent Fire 4K HDR de la s\u00e9rie Amazon Omni d&rsquo;Amazon de 65 pouces<\/p>\n<p>                                <span class=\"text-black\"><br \/>\n                                    \u2014<br \/>\n                                    <span class=\"font-bold\">449,99\u00a0$<\/span><br \/>\n                                    <span class=\"!text-xs italic sm:!text-sm\"><\/p>\n<p>                                        (Prix catalogue 669,99 $)<br \/>\n                                    <\/span><br \/>\n                                <\/span>\n                            <\/div>\n<div>\n<p>    GoPro Hero11 Noir<\/p>\n<p>                                <span class=\"text-black\"><br \/>\n                                    \u2014<br \/>\n                                    <span class=\"font-bold\">299,99\u00a0$<\/span><br \/>\n                                    <span class=\"!text-xs italic sm:!text-sm\"><\/p>\n<p>                                        (Prix catalogue 299,99 $)<br \/>\n                                    <\/span><br \/>\n                                <\/span>\n                            <\/div>\n<div>\n<p>    Dell XPS 13 9315 (Intel Core i7 12e g\u00e9n\u00e9ration, SSD 512 Go, 16 Go de RAM)<\/p>\n<p>                                <span class=\"text-black\"><br \/>\n                                    \u2014<br \/>\n                                    <span class=\"font-bold\">799,00\u00a0$<\/span><br \/>\n                                    <span class=\"!text-xs italic sm:!text-sm\"><\/p>\n<p>                                        (Prix catalogue 1 099,00\u00a0$)<br \/>\n                                    <\/span><br \/>\n                                <\/span>\n                            <\/div>\n<div>\n<p>    Dell XPS 15 9530 (Intel Core i7 13e g\u00e9n\u00e9ration, RTX 4050, SSD 1 To, 16 Go de RAM)<\/p>\n<p>                                <span class=\"text-black\"><br \/>\n                                    \u2014<br \/>\n                                    <span class=\"font-bold\">1\u00a0499,00\u00a0$<\/span><br \/>\n                                    <span class=\"!text-xs italic sm:!text-sm\"><\/p>\n<p>                                        (Prix catalogue 1\u00a0999,00\u00a0$)<br \/>\n                                    <\/span><br \/>\n                                <\/span>\n                            <\/div>\n<div>\n<p>    Tablette Samsung Galaxy Tab A8 (32 Go, gris fonc\u00e9)<\/p>\n<p>                                <span class=\"text-black\"><br \/>\n                                    \u2014<br \/>\n                                    <span class=\"font-bold\">224,99\u00a0$<\/span><br \/>\n                                    <span class=\"!text-xs italic sm:!text-sm\"><\/p>\n<p>                                        (Prix catalogue 224,99 $)<br \/>\n                                    <\/span><br \/>\n                                <\/span>\n                            <\/div>\n<div>\n<p>    Sony WH-1000XM4 Casque supra-auriculaire sans fil \u00e0 r\u00e9duction de bruit (noir)<\/p>\n<p>                                <span class=\"text-black\"><br \/>\n                                    \u2014<br \/>\n                                    <span class=\"font-bold\"><\/span><br \/>\n                                    <span class=\"!text-xs italic sm:!text-sm\"><\/p>\n<p>                                        (Prix catalogue 349,99 $)<br \/>\n                                    <\/span><br \/>\n                                <\/span>\n                            <\/div>\n<div>\n<p>    Cam\u00e9ra de s\u00e9curit\u00e9 intelligente enfichable int\u00e9rieure compacte Blink Mini<\/p>\n<p>                                <span class=\"text-black\"><br \/>\n                                    \u2014<br \/>\n                                    <span class=\"font-bold\">9,99\u00a0$<\/span><br \/>\n                                    <span class=\"!text-xs italic sm:!text-sm\"><\/p>\n<p>                                        (Prix catalogue 29,99 $)<br \/>\n                                    <\/span><br \/>\n                                <\/span>\n                            <\/div>\n<div>\n<p>    Tout nouveau Blink Outdoor (kit de 3 cam\u00e9ras)<\/p>\n<p>                                <span class=\"text-black\"><br \/>\n                                    \u2014<br \/>\n                                    <span class=\"font-bold\">249,99\u00a0$<\/span><br \/>\n                                    <span class=\"!text-xs italic sm:!text-sm\"><\/p>\n<p>                                        (Prix catalogue 249,99 $)<br \/>\n                                    <\/span><br \/>\n                                <\/span>\n                            <\/div>\n<\/p><\/div>\n<\/p><\/div>\n<\/p><\/div>\n<div class=\"flex flex-col items-center justify-between text-black sm:flex-row sm:px-6\">\n                <span class=\"text-xs italic sm:ml-7 sm:text-sm\">Les offres sont s\u00e9lectionn\u00e9es par notre \u00e9quipe commerciale<\/span><\/p>\n<p>                                    <button class=\"mt-3 flex items-center gap-1 text-center font-akshar font-medium uppercase sm:mt-0 sm:text-sm\" type=\"button\"><br \/>\n                        <span><\/p>\n<p>                            Voir 12 de plus<br \/>\n                        <\/span><\/p>\n<p>                        <span><\/p>\n<p>                            Voir 12 de moins<br \/>\n                        <\/span><\/p>\n<p>                    <\/button>\n                            <\/div>\n<\/p><\/div>\n<\/p><\/div>\n","protected":false},"excerpt":{"rendered":"<p>Nous pouvons gagner une commission sur les liens sur cette page. Les prix et la disponibilit\u00e9 de l&rsquo;offre sont sujets \u00e0 changement apr\u00e8s la publication.<\/p>\n","protected":false},"author":1,"featured_media":15165,"comment_status":"","ping_status":"","sticky":false,"template":"","format":"standard","meta":{"footnotes":""},"categories":[13],"tags":[3546,1154,29,698,1485,353,2558,1980,81,597,308,1978,504,1448],"class_list":["post-15164","post","type-post","status-publish","format-standard","has-post-thumbnail","hentry","category-technologie","tag-beneficie","tag-damazon","tag-des","tag-dune","tag-fete","tag-lors","tag-oled","tag-pouces","tag-pour","tag-premieres","tag-reduction","tag-televiseur","tag-travail","tag-ventes","generate-columns","tablet-grid-50","mobile-grid-100","grid-parent","grid-33"],"yoast_head":"<!-- This site is optimized with the Yoast SEO plugin v24.0 - https:\/\/yoast.com\/wordpress\/plugins\/seo\/ -->\n<title>Ce t\u00e9l\u00e9viseur LG OLED de 65 pouces b\u00e9n\u00e9ficie d&#039;une r\u00e9duction de 600 $ lors des premi\u00e8res ventes d&#039;Amazon pour la f\u00eate du Travail | Vie Associative<\/title>\n<meta name=\"robots\" content=\"index, follow, max-snippet:-1, max-image-preview:large, max-video-preview:-1\" \/>\n<link rel=\"canonical\" href=\"https:\/\/vieassociative.be\/actualites\/ce-televiseur-lg-oled-de-65-pouces-beneficie-dune-reduction-de-600-lors-des-premieres-ventes-damazon-pour-la-fete-du-travail\/\" \/>\n<meta property=\"og:locale\" content=\"fr_FR\" \/>\n<meta property=\"og:type\" content=\"article\" \/>\n<meta property=\"og:title\" content=\"Ce t\u00e9l\u00e9viseur LG OLED de 65 pouces b\u00e9n\u00e9ficie d&#039;une r\u00e9duction de 600 $ lors des premi\u00e8res ventes d&#039;Amazon pour la f\u00eate du Travail | Vie Associative\" \/>\n<meta property=\"og:description\" content=\"Nous pouvons gagner une commission sur les liens sur cette page. Les prix et la disponibilit\u00e9 de l&rsquo;offre sont sujets \u00e0 changement apr\u00e8s la publication.\" \/>\n<meta property=\"og:url\" content=\"https:\/\/vieassociative.be\/actualites\/ce-televiseur-lg-oled-de-65-pouces-beneficie-dune-reduction-de-600-lors-des-premieres-ventes-damazon-pour-la-fete-du-travail\/\" \/>\n<meta property=\"og:site_name\" content=\"Vie Associative\" \/>\n<meta property=\"article:published_time\" content=\"2026-09-01T02:17:02+00:00\" \/>\n<meta property=\"og:image\" content=\"https:\/\/vieassociative.be\/actualites\/wp-content\/uploads\/2026\/09\/Ce-televiseur-LG-OLED-de-65-pouces-beneficie-dune-reduction.jpg\" \/>\n<meta name=\"author\" content=\"Julien\" \/>\n<meta name=\"twitter:card\" content=\"summary_large_image\" \/>\n<meta name=\"twitter:label1\" content=\"\u00c9crit par\" \/>\n\t<meta name=\"twitter:data1\" content=\"Julien\" \/>\n\t<meta name=\"twitter:label2\" content=\"Dur\u00e9e de lecture est.\" \/>\n\t<meta name=\"twitter:data2\" content=\"5 minutes\" \/>\n<script type=\"application\/ld+json\" class=\"yoast-schema-graph\">{\"@context\":\"https:\/\/schema.org\",\"@graph\":[{\"@type\":\"Article\",\"@id\":\"https:\/\/vieassociative.be\/actualites\/ce-televiseur-lg-oled-de-65-pouces-beneficie-dune-reduction-de-600-lors-des-premieres-ventes-damazon-pour-la-fete-du-travail\/#article\",\"isPartOf\":{\"@id\":\"https:\/\/vieassociative.be\/actualites\/ce-televiseur-lg-oled-de-65-pouces-beneficie-dune-reduction-de-600-lors-des-premieres-ventes-damazon-pour-la-fete-du-travail\/\"},\"author\":{\"name\":\"Julien\",\"@id\":\"https:\/\/vieassociative.be\/actualites\/#\/schema\/person\/b87ac4f82f9d4e7b7cec7395b679edc4\"},\"headline\":\"Ce t\u00e9l\u00e9viseur LG OLED de 65 pouces b\u00e9n\u00e9ficie d&rsquo;une r\u00e9duction de 600 $ lors des premi\u00e8res ventes d&rsquo;Amazon pour la f\u00eate du Travail\",\"datePublished\":\"2026-09-01T02:17:02+00:00\",\"dateModified\":\"2026-09-01T02:17:02+00:00\",\"mainEntityOfPage\":{\"@id\":\"https:\/\/vieassociative.be\/actualites\/ce-televiseur-lg-oled-de-65-pouces-beneficie-dune-reduction-de-600-lors-des-premieres-ventes-damazon-pour-la-fete-du-travail\/\"},\"wordCount\":1073,\"publisher\":{\"@id\":\"https:\/\/vieassociative.be\/actualites\/#organization\"},\"image\":{\"@id\":\"https:\/\/vieassociative.be\/actualites\/ce-televiseur-lg-oled-de-65-pouces-beneficie-dune-reduction-de-600-lors-des-premieres-ventes-damazon-pour-la-fete-du-travail\/#primaryimage\"},\"thumbnailUrl\":\"https:\/\/vieassociative.be\/actualites\/wp-content\/uploads\/2026\/09\/Ce-televiseur-LG-OLED-de-65-pouces-beneficie-dune-reduction.png\",\"keywords\":[\"b\u00e9n\u00e9ficie\",\"dAmazon\",\"Des\",\"dune\",\"f\u00eate\",\"lors\",\"OLED\",\"pouces\",\"pour\",\"premi\u00e8res\",\"r\u00e9duction\",\"t\u00e9l\u00e9viseur\",\"travail\",\"ventes\"],\"articleSection\":[\"Technologie\"],\"inLanguage\":\"fr-BE\"},{\"@type\":\"WebPage\",\"@id\":\"https:\/\/vieassociative.be\/actualites\/ce-televiseur-lg-oled-de-65-pouces-beneficie-dune-reduction-de-600-lors-des-premieres-ventes-damazon-pour-la-fete-du-travail\/\",\"url\":\"https:\/\/vieassociative.be\/actualites\/ce-televiseur-lg-oled-de-65-pouces-beneficie-dune-reduction-de-600-lors-des-premieres-ventes-damazon-pour-la-fete-du-travail\/\",\"name\":\"Ce t\u00e9l\u00e9viseur LG OLED de 65 pouces b\u00e9n\u00e9ficie d'une r\u00e9duction de 600 $ lors des premi\u00e8res ventes d'Amazon pour la f\u00eate du Travail | Vie Associative\",\"isPartOf\":{\"@id\":\"https:\/\/vieassociative.be\/actualites\/#website\"},\"primaryImageOfPage\":{\"@id\":\"https:\/\/vieassociative.be\/actualites\/ce-televiseur-lg-oled-de-65-pouces-beneficie-dune-reduction-de-600-lors-des-premieres-ventes-damazon-pour-la-fete-du-travail\/#primaryimage\"},\"image\":{\"@id\":\"https:\/\/vieassociative.be\/actualites\/ce-televiseur-lg-oled-de-65-pouces-beneficie-dune-reduction-de-600-lors-des-premieres-ventes-damazon-pour-la-fete-du-travail\/#primaryimage\"},\"thumbnailUrl\":\"https:\/\/vieassociative.be\/actualites\/wp-content\/uploads\/2026\/09\/Ce-televiseur-LG-OLED-de-65-pouces-beneficie-dune-reduction.png\",\"datePublished\":\"2026-09-01T02:17:02+00:00\",\"dateModified\":\"2026-09-01T02:17:02+00:00\",\"breadcrumb\":{\"@id\":\"https:\/\/vieassociative.be\/actualites\/ce-televiseur-lg-oled-de-65-pouces-beneficie-dune-reduction-de-600-lors-des-premieres-ventes-damazon-pour-la-fete-du-travail\/#breadcrumb\"},\"inLanguage\":\"fr-BE\",\"potentialAction\":[{\"@type\":\"ReadAction\",\"target\":[\"https:\/\/vieassociative.be\/actualites\/ce-televiseur-lg-oled-de-65-pouces-beneficie-dune-reduction-de-600-lors-des-premieres-ventes-damazon-pour-la-fete-du-travail\/\"]}]},{\"@type\":\"ImageObject\",\"inLanguage\":\"fr-BE\",\"@id\":\"https:\/\/vieassociative.be\/actualites\/ce-televiseur-lg-oled-de-65-pouces-beneficie-dune-reduction-de-600-lors-des-premieres-ventes-damazon-pour-la-fete-du-travail\/#primaryimage\",\"url\":\"https:\/\/vieassociative.be\/actualites\/wp-content\/uploads\/2026\/09\/Ce-televiseur-LG-OLED-de-65-pouces-beneficie-dune-reduction.png\",\"contentUrl\":\"https:\/\/vieassociative.be\/actualites\/wp-content\/uploads\/2026\/09\/Ce-televiseur-LG-OLED-de-65-pouces-beneficie-dune-reduction.png\",\"width\":1200,\"height\":675,\"caption\":\"Ce t\u00e9l\u00e9viseur LG OLED de 65 pouces b\u00e9n\u00e9ficie d'une r\u00e9duction de 600 $ lors des premi\u00e8res ventes d'Amazon pour la f\u00eate du Travail\"},{\"@type\":\"BreadcrumbList\",\"@id\":\"https:\/\/vieassociative.be\/actualites\/ce-televiseur-lg-oled-de-65-pouces-beneficie-dune-reduction-de-600-lors-des-premieres-ventes-damazon-pour-la-fete-du-travail\/#breadcrumb\",\"itemListElement\":[{\"@type\":\"ListItem\",\"position\":1,\"name\":\"Accueil\",\"item\":\"https:\/\/vieassociative.be\/actualites\/\"},{\"@type\":\"ListItem\",\"position\":2,\"name\":\"Ce t\u00e9l\u00e9viseur LG OLED de 65 pouces b\u00e9n\u00e9ficie d&rsquo;une r\u00e9duction de 600 $ lors des premi\u00e8res ventes d&rsquo;Amazon pour la f\u00eate du Travail\"}]},{\"@type\":\"WebSite\",\"@id\":\"https:\/\/vieassociative.be\/actualites\/#website\",\"url\":\"https:\/\/vieassociative.be\/actualites\/\",\"name\":\"Vie Associative\",\"description\":\"\",\"publisher\":{\"@id\":\"https:\/\/vieassociative.be\/actualites\/#organization\"},\"potentialAction\":[{\"@type\":\"SearchAction\",\"target\":{\"@type\":\"EntryPoint\",\"urlTemplate\":\"https:\/\/vieassociative.be\/actualites\/?s={search_term_string}\"},\"query-input\":{\"@type\":\"PropertyValueSpecification\",\"valueRequired\":true,\"valueName\":\"search_term_string\"}}],\"inLanguage\":\"fr-BE\"},{\"@type\":\"Organization\",\"@id\":\"https:\/\/vieassociative.be\/actualites\/#organization\",\"name\":\"Vie Associative\",\"url\":\"https:\/\/vieassociative.be\/actualites\/\",\"logo\":{\"@type\":\"ImageObject\",\"inLanguage\":\"fr-BE\",\"@id\":\"https:\/\/vieassociative.be\/actualites\/#\/schema\/logo\/image\/\",\"url\":\"https:\/\/vieassociative.be\/actualites\/wp-content\/uploads\/2024\/09\/cropped-vieassociative_favicon.ico.png\",\"contentUrl\":\"https:\/\/vieassociative.be\/actualites\/wp-content\/uploads\/2024\/09\/cropped-vieassociative_favicon.ico.png\",\"width\":512,\"height\":512,\"caption\":\"Vie Associative\"},\"image\":{\"@id\":\"https:\/\/vieassociative.be\/actualites\/#\/schema\/logo\/image\/\"}},{\"@type\":\"Person\",\"@id\":\"https:\/\/vieassociative.be\/actualites\/#\/schema\/person\/b87ac4f82f9d4e7b7cec7395b679edc4\",\"name\":\"Julien\",\"image\":{\"@type\":\"ImageObject\",\"inLanguage\":\"fr-BE\",\"@id\":\"https:\/\/vieassociative.be\/actualites\/#\/schema\/person\/image\/\",\"url\":\"https:\/\/vieassociative.be\/actualites\/wp-content\/uploads\/2024\/09\/vie-associative-1-150x150.jpg\",\"contentUrl\":\"https:\/\/vieassociative.be\/actualites\/wp-content\/uploads\/2024\/09\/vie-associative-1-150x150.jpg\",\"caption\":\"Julien\"},\"description\":\"Je suis Julien, r\u00e9dacteur pour Vie Associative. Passionn\u00e9 par le monde associatif depuis plus de 10 ans, j'ai \u00e0 c\u0153ur de partager des histoires inspirantes et de mettre en lumi\u00e8re les initiatives locales. Mon objectif est de sensibiliser et d'encourager l'engagement communautaire \u00e0 travers mes articles.\",\"sameAs\":[\"https:\/\/vieassociative.be\/\"]}]}<\/script>\n<!-- \/ Yoast SEO plugin. -->","yoast_head_json":{"title":"Ce t\u00e9l\u00e9viseur LG OLED de 65 pouces b\u00e9n\u00e9ficie d'une r\u00e9duction de 600 $ lors des premi\u00e8res ventes d'Amazon pour la f\u00eate du Travail | Vie Associative","robots":{"index":"index","follow":"follow","max-snippet":"max-snippet:-1","max-image-preview":"max-image-preview:large","max-video-preview":"max-video-preview:-1"},"canonical":"https:\/\/vieassociative.be\/actualites\/ce-televiseur-lg-oled-de-65-pouces-beneficie-dune-reduction-de-600-lors-des-premieres-ventes-damazon-pour-la-fete-du-travail\/","og_locale":"fr_FR","og_type":"article","og_title":"Ce t\u00e9l\u00e9viseur LG OLED de 65 pouces b\u00e9n\u00e9ficie d'une r\u00e9duction de 600 $ lors des premi\u00e8res ventes d'Amazon pour la f\u00eate du Travail | Vie Associative","og_description":"Nous pouvons gagner une commission sur les liens sur cette page. Les prix et la disponibilit\u00e9 de l&rsquo;offre sont sujets \u00e0 changement apr\u00e8s la publication.","og_url":"https:\/\/vieassociative.be\/actualites\/ce-televiseur-lg-oled-de-65-pouces-beneficie-dune-reduction-de-600-lors-des-premieres-ventes-damazon-pour-la-fete-du-travail\/","og_site_name":"Vie Associative","article_published_time":"2026-09-01T02:17:02+00:00","og_image":[{"url":"https:\/\/vieassociative.be\/actualites\/wp-content\/uploads\/2026\/09\/Ce-televiseur-LG-OLED-de-65-pouces-beneficie-dune-reduction.jpg","type":"","width":"","height":""}],"author":"Julien","twitter_card":"summary_large_image","twitter_misc":{"\u00c9crit par":"Julien","Dur\u00e9e de lecture est.":"5 minutes"},"schema":{"@context":"https:\/\/schema.org","@graph":[{"@type":"Article","@id":"https:\/\/vieassociative.be\/actualites\/ce-televiseur-lg-oled-de-65-pouces-beneficie-dune-reduction-de-600-lors-des-premieres-ventes-damazon-pour-la-fete-du-travail\/#article","isPartOf":{"@id":"https:\/\/vieassociative.be\/actualites\/ce-televiseur-lg-oled-de-65-pouces-beneficie-dune-reduction-de-600-lors-des-premieres-ventes-damazon-pour-la-fete-du-travail\/"},"author":{"name":"Julien","@id":"https:\/\/vieassociative.be\/actualites\/#\/schema\/person\/b87ac4f82f9d4e7b7cec7395b679edc4"},"headline":"Ce t\u00e9l\u00e9viseur LG OLED de 65 pouces b\u00e9n\u00e9ficie d&rsquo;une r\u00e9duction de 600 $ lors des premi\u00e8res ventes d&rsquo;Amazon pour la f\u00eate du Travail","datePublished":"2026-09-01T02:17:02+00:00","dateModified":"2026-09-01T02:17:02+00:00","mainEntityOfPage":{"@id":"https:\/\/vieassociative.be\/actualites\/ce-televiseur-lg-oled-de-65-pouces-beneficie-dune-reduction-de-600-lors-des-premieres-ventes-damazon-pour-la-fete-du-travail\/"},"wordCount":1073,"publisher":{"@id":"https:\/\/vieassociative.be\/actualites\/#organization"},"image":{"@id":"https:\/\/vieassociative.be\/actualites\/ce-televiseur-lg-oled-de-65-pouces-beneficie-dune-reduction-de-600-lors-des-premieres-ventes-damazon-pour-la-fete-du-travail\/#primaryimage"},"thumbnailUrl":"https:\/\/vieassociative.be\/actualites\/wp-content\/uploads\/2026\/09\/Ce-televiseur-LG-OLED-de-65-pouces-beneficie-dune-reduction.png","keywords":["b\u00e9n\u00e9ficie","dAmazon","Des","dune","f\u00eate","lors","OLED","pouces","pour","premi\u00e8res","r\u00e9duction","t\u00e9l\u00e9viseur","travail","ventes"],"articleSection":["Technologie"],"inLanguage":"fr-BE"},{"@type":"WebPage","@id":"https:\/\/vieassociative.be\/actualites\/ce-televiseur-lg-oled-de-65-pouces-beneficie-dune-reduction-de-600-lors-des-premieres-ventes-damazon-pour-la-fete-du-travail\/","url":"https:\/\/vieassociative.be\/actualites\/ce-televiseur-lg-oled-de-65-pouces-beneficie-dune-reduction-de-600-lors-des-premieres-ventes-damazon-pour-la-fete-du-travail\/","name":"Ce t\u00e9l\u00e9viseur LG OLED de 65 pouces b\u00e9n\u00e9ficie d'une r\u00e9duction de 600 $ lors des premi\u00e8res ventes d'Amazon pour la f\u00eate du Travail | Vie Associative","isPartOf":{"@id":"https:\/\/vieassociative.be\/actualites\/#website"},"primaryImageOfPage":{"@id":"https:\/\/vieassociative.be\/actualites\/ce-televiseur-lg-oled-de-65-pouces-beneficie-dune-reduction-de-600-lors-des-premieres-ventes-damazon-pour-la-fete-du-travail\/#primaryimage"},"image":{"@id":"https:\/\/vieassociative.be\/actualites\/ce-televiseur-lg-oled-de-65-pouces-beneficie-dune-reduction-de-600-lors-des-premieres-ventes-damazon-pour-la-fete-du-travail\/#primaryimage"},"thumbnailUrl":"https:\/\/vieassociative.be\/actualites\/wp-content\/uploads\/2026\/09\/Ce-televiseur-LG-OLED-de-65-pouces-beneficie-dune-reduction.png","datePublished":"2026-09-01T02:17:02+00:00","dateModified":"2026-09-01T02:17:02+00:00","breadcrumb":{"@id":"https:\/\/vieassociative.be\/actualites\/ce-televiseur-lg-oled-de-65-pouces-beneficie-dune-reduction-de-600-lors-des-premieres-ventes-damazon-pour-la-fete-du-travail\/#breadcrumb"},"inLanguage":"fr-BE","potentialAction":[{"@type":"ReadAction","target":["https:\/\/vieassociative.be\/actualites\/ce-televiseur-lg-oled-de-65-pouces-beneficie-dune-reduction-de-600-lors-des-premieres-ventes-damazon-pour-la-fete-du-travail\/"]}]},{"@type":"ImageObject","inLanguage":"fr-BE","@id":"https:\/\/vieassociative.be\/actualites\/ce-televiseur-lg-oled-de-65-pouces-beneficie-dune-reduction-de-600-lors-des-premieres-ventes-damazon-pour-la-fete-du-travail\/#primaryimage","url":"https:\/\/vieassociative.be\/actualites\/wp-content\/uploads\/2026\/09\/Ce-televiseur-LG-OLED-de-65-pouces-beneficie-dune-reduction.png","contentUrl":"https:\/\/vieassociative.be\/actualites\/wp-content\/uploads\/2026\/09\/Ce-televiseur-LG-OLED-de-65-pouces-beneficie-dune-reduction.png","width":1200,"height":675,"caption":"Ce t\u00e9l\u00e9viseur LG OLED de 65 pouces b\u00e9n\u00e9ficie d'une r\u00e9duction de 600 $ lors des premi\u00e8res ventes d'Amazon pour la f\u00eate du Travail"},{"@type":"BreadcrumbList","@id":"https:\/\/vieassociative.be\/actualites\/ce-televiseur-lg-oled-de-65-pouces-beneficie-dune-reduction-de-600-lors-des-premieres-ventes-damazon-pour-la-fete-du-travail\/#breadcrumb","itemListElement":[{"@type":"ListItem","position":1,"name":"Accueil","item":"https:\/\/vieassociative.be\/actualites\/"},{"@type":"ListItem","position":2,"name":"Ce t\u00e9l\u00e9viseur LG OLED de 65 pouces b\u00e9n\u00e9ficie d&rsquo;une r\u00e9duction de 600 $ lors des premi\u00e8res ventes d&rsquo;Amazon pour la f\u00eate du Travail"}]},{"@type":"WebSite","@id":"https:\/\/vieassociative.be\/actualites\/#website","url":"https:\/\/vieassociative.be\/actualites\/","name":"Vie Associative","description":"","publisher":{"@id":"https:\/\/vieassociative.be\/actualites\/#organization"},"potentialAction":[{"@type":"SearchAction","target":{"@type":"EntryPoint","urlTemplate":"https:\/\/vieassociative.be\/actualites\/?s={search_term_string}"},"query-input":{"@type":"PropertyValueSpecification","valueRequired":true,"valueName":"search_term_string"}}],"inLanguage":"fr-BE"},{"@type":"Organization","@id":"https:\/\/vieassociative.be\/actualites\/#organization","name":"Vie Associative","url":"https:\/\/vieassociative.be\/actualites\/","logo":{"@type":"ImageObject","inLanguage":"fr-BE","@id":"https:\/\/vieassociative.be\/actualites\/#\/schema\/logo\/image\/","url":"https:\/\/vieassociative.be\/actualites\/wp-content\/uploads\/2024\/09\/cropped-vieassociative_favicon.ico.png","contentUrl":"https:\/\/vieassociative.be\/actualites\/wp-content\/uploads\/2024\/09\/cropped-vieassociative_favicon.ico.png","width":512,"height":512,"caption":"Vie Associative"},"image":{"@id":"https:\/\/vieassociative.be\/actualites\/#\/schema\/logo\/image\/"}},{"@type":"Person","@id":"https:\/\/vieassociative.be\/actualites\/#\/schema\/person\/b87ac4f82f9d4e7b7cec7395b679edc4","name":"Julien","image":{"@type":"ImageObject","inLanguage":"fr-BE","@id":"https:\/\/vieassociative.be\/actualites\/#\/schema\/person\/image\/","url":"https:\/\/vieassociative.be\/actualites\/wp-content\/uploads\/2024\/09\/vie-associative-1-150x150.jpg","contentUrl":"https:\/\/vieassociative.be\/actualites\/wp-content\/uploads\/2024\/09\/vie-associative-1-150x150.jpg","caption":"Julien"},"description":"Je suis Julien, r\u00e9dacteur pour Vie Associative. Passionn\u00e9 par le monde associatif depuis plus de 10 ans, j'ai \u00e0 c\u0153ur de partager des histoires inspirantes et de mettre en lumi\u00e8re les initiatives locales. Mon objectif est de sensibiliser et d'encourager l'engagement communautaire \u00e0 travers mes articles.","sameAs":["https:\/\/vieassociative.be\/"]}]}},"_links":{"self":[{"href":"https:\/\/vieassociative.be\/actualites\/wp-json\/wp\/v2\/posts\/15164"}],"collection":[{"href":"https:\/\/vieassociative.be\/actualites\/wp-json\/wp\/v2\/posts"}],"about":[{"href":"https:\/\/vieassociative.be\/actualites\/wp-json\/wp\/v2\/types\/post"}],"author":[{"embeddable":true,"href":"https:\/\/vieassociative.be\/actualites\/wp-json\/wp\/v2\/users\/1"}],"replies":[{"embeddable":true,"href":"https:\/\/vieassociative.be\/actualites\/wp-json\/wp\/v2\/comments?post=15164"}],"version-history":[{"count":0,"href":"https:\/\/vieassociative.be\/actualites\/wp-json\/wp\/v2\/posts\/15164\/revisions"}],"wp:featuredmedia":[{"embeddable":true,"href":"https:\/\/vieassociative.be\/actualites\/wp-json\/wp\/v2\/media\/15165"}],"wp:attachment":[{"href":"https:\/\/vieassociative.be\/actualites\/wp-json\/wp\/v2\/media?parent=15164"}],"wp:term":[{"taxonomy":"category","embeddable":true,"href":"https:\/\/vieassociative.be\/actualites\/wp-json\/wp\/v2\/categories?post=15164"},{"taxonomy":"post_tag","embeddable":true,"href":"https:\/\/vieassociative.be\/actualites\/wp-json\/wp\/v2\/tags?post=15164"}],"curies":[{"name":"wp","href":"https:\/\/api.w.org\/{rel}","templated":true}]}}