{"id":15162,"date":"2026-08-31T23:17:11","date_gmt":"2026-08-31T21:17:11","guid":{"rendered":"https:\/\/vieassociative.be\/actualites\/nouvelle-choquante-pour-largentine-lionel-messi-39-ans-met-fin-a-sa-carriere-internationale-apres-207-apparitions-et-125-buts\/"},"modified":"2026-08-31T23:17:11","modified_gmt":"2026-08-31T21:17:11","slug":"nouvelle-choquante-pour-largentine-lionel-messi-39-ans-met-fin-a-sa-carriere-internationale-apres-207-apparitions-et-125-buts","status":"publish","type":"post","link":"https:\/\/vieassociative.be\/actualites\/nouvelle-choquante-pour-largentine-lionel-messi-39-ans-met-fin-a-sa-carriere-internationale-apres-207-apparitions-et-125-buts\/","title":{"rendered":"Nouvelle choquante pour l&rsquo;Argentine : Lionel Messi (39 ans) met fin \u00e0 sa carri\u00e8re internationale apr\u00e8s 207 apparitions et 125 buts"},"content":{"rendered":"<p><strong>La nouvelle choquante pour l\u2019Argentine : Lionel Messi d\u00e9missionne de l\u2019\u00e9quipe nationale. Le football mondial perd sa superstar sur la sc\u00e8ne internationale.<\/strong><\/p>\n<p><span id=\"more-441729\"><\/span>Lionel Messi prend sa retraite de l&rsquo;\u00e9quipe nationale argentine. \u00ab\u00a0C&rsquo;est une d\u00e9cision qui m&rsquo;a fait mal \u00e0 l&rsquo;\u00e2me et qui me fait encore mal, mais je comprends qu&rsquo;il est temps\u00a0\u00bb, a expliqu\u00e9 Messi. \u00ab\u00a0Merci infiniment, Leo. Nous t&rsquo;aimerons jusqu&rsquo;\u00e0 la fin de nos jours\u00a0\u00bb, a d\u00e9clar\u00e9 l&rsquo;\u00e9quipe nationale argentine.<\/p>\n<p>Selon les statistiques, Messi a termin\u00e9 sa carri\u00e8re internationale avec 207 apparitions, 125 buts et 68 passes d\u00e9cisives.<\/p>\n<p>La superstar de 39 ans l&rsquo;a annonc\u00e9 environ six semaines apr\u00e8s avoir perdu la finale de la Coupe du monde. Il y r\u00e9fl\u00e9chit longtemps. Messi a \u00e9galement publi\u00e9 une vid\u00e9o sur Instagram le montrant participant \u00e0 ses six participations \u00e0 la Coupe du monde.<\/p>\n<div id=\"attachment_441731\" class=\"wp-caption alignleft\" style=\"max-width: 300px\"><img decoding=\"async\" class=\"wp-image-441731 size-medium\" src=\"https:\/\/vieassociative.be\/actualites\/wp-content\/uploads\/2026\/08\/Nouvelle-choquante-pour-lArgentine-Lionel-Messi-39-ans-met.jpg\" alt=\"\" width=\"300\" height=\"150\"><\/div>\n<p>Il a \u00e9galement affich\u00e9 le drapeau argentin et un c\u0153ur. \u00ab\u00a0Nous sommes tr\u00e8s fiers de vous avoir accompagn\u00e9 dans ce voyage et de vous voir r\u00e9aliser tous vos r\u00eaves\u00a0\u00bb, a \u00e9crit l&rsquo;\u00e9pouse de Messi, Antonela Roccuzzo : \u00ab\u00a0Vous m\u00e9ritez cette histoire &#8211; et bien plus encore. Nous vous aimons sans fin.\u00a0\u00bb Les deux ont trois fils, qui jouent tous au football.<\/p>\n<p>\u00ab\u00a0Merci, Leo. Tu es \u00e9ternel\u00a0\u00bb, a imm\u00e9diatement rendu hommage au journal sportif argentin \u00ab\u00a0Ol\u00e9\u00a0\u00bb \u00e0 l&rsquo;octuple footballeur mondial. \u00ab Une sensation dans le monde du football \u00bb, \u00e9crit le \u00ab Mundo deportivo \u00bb espagnol. La nouvelle a \u00e9galement touch\u00e9 la France, o\u00f9 Messi a jou\u00e9 pour le Paris Saint-Germain. \u00ab\u00a0Messi et l&rsquo;Argentine, c&rsquo;est fini\u00a0\u00bb, \u00e9crit L&rsquo;\u00c9quipe.<\/p>\n<p>Comme si la d\u00e9cision n&rsquo;\u00e9tait pas d\u00e9j\u00e0 assez difficile, la mort de son p\u00e8re Jorge le 8 ao\u00fbt \u00e0 l&rsquo;\u00e2ge de 68 ans seulement a \u00e9galement durement frapp\u00e9 Messi. \u00ab\u00a0Je ne sais pas quoi faire sans toi, je ne sais pas quoi faire ensuite. Je joue seulement au football et maintenant j&rsquo;ai beaucoup de doutes quant \u00e0 savoir si je pourrai continuer \u00e0 faire \u00e7a encore longtemps\u00a0\u00bb, a \u00e9crit Messi.<\/p>\n<div id=\"attachment_339664\" class=\"wp-caption alignleft\" style=\"max-width: 300px\"><img fetchpriority=\"high\" decoding=\"async\" class=\"wp-image-339664 size-medium\" src=\"https:\/\/vieassociative.be\/actualites\/wp-content\/uploads\/2026\/08\/Nouvelle-choquante-pour-lArgentine-Lionel-Messi-39-ans-met.jpeg\" alt=\"\" width=\"300\" height=\"200\"><\/div>\n<p>Il a ajout\u00e9 \u00e0 sa d\u00e9claration de fin de carri\u00e8re avec l&rsquo;Albiceleste : Il \u00e9tait encore plus convaincu qu&rsquo;avant des paroles qu&rsquo;il avait \u00e9crites le 21 juillet, deux jours apr\u00e8s la d\u00e9faite 1-0 \u00e0 East Rutherford contre l&rsquo;Espagne, apr\u00e8s ce qui est arriv\u00e9 \u00e0 son p\u00e8re.<\/p>\n<p>Apr\u00e8s plus de 20 ans, apr\u00e8s six Coupes du monde, le titre de la Coupe du monde 2022, la vice-championne en 2014 et 2026 et deux triomphes en Copa Am\u00e9rica, c&rsquo;est bel et bien termin\u00e9. Il est peu probable qu\u2019il y ait une d\u00e9mission comme il y a de nombreuses ann\u00e9es.<\/p>\n<p>Apr\u00e8s la d\u00e9faite des \u00c9tats-Unis en finale, il ne s&rsquo;est pas rendu avec l&rsquo;\u00e9quipe \u00e0 Buenos Aires, mais directement avec sa famille \u00e0 Rosario. Le 8 ao\u00fbt, son p\u00e8re, qui avait \u00e9t\u00e9 gravement malade, est d\u00e9c\u00e9d\u00e9 \u00e0 l&rsquo;\u00e2ge de 68 ans seulement. Les deux hommes entretenaient une relation tr\u00e8s \u00e9troite, Messi avait dix ans lorsqu&rsquo;ils ont tous deux quitt\u00e9 l&rsquo;Argentine pour Barcelone. Il \u00e9tait son mentor et son manager. (dpa\/cr\u00e9)<\/p>\n","protected":false},"excerpt":{"rendered":"<p>La nouvelle choquante pour l\u2019Argentine : Lionel Messi d\u00e9missionne de l\u2019\u00e9quipe nationale. Le football mondial perd sa superstar sur la sc\u00e8ne internationale. Lionel Messi prend<\/p>\n","protected":false},"author":1,"featured_media":15163,"comment_status":"","ping_status":"","sticky":false,"template":"","format":"standard","meta":{"footnotes":""},"categories":[298],"tags":[584,11334,472,3241,4714,1910,1908,5751,2995,11030,11031,3593,491,81],"class_list":["post-15162","post","type-post","status-publish","format-standard","has-post-thumbnail","hentry","category-belgique","tag-ans","tag-apparitions","tag-apres","tag-buts","tag-carriere","tag-choquante","tag-fin","tag-internationale","tag-largentine","tag-lionel","tag-messi","tag-met","tag-nouvelle","tag-pour","generate-columns","tablet-grid-50","mobile-grid-100","grid-parent","grid-33"],"yoast_head":"<!-- This site is optimized with the Yoast SEO plugin v24.0 - https:\/\/yoast.com\/wordpress\/plugins\/seo\/ -->\n<title>Nouvelle choquante pour l&#039;Argentine : Lionel Messi (39 ans) met fin \u00e0 sa carri\u00e8re internationale apr\u00e8s 207 apparitions et 125 buts | Vie Associative<\/title>\n<meta name=\"robots\" content=\"index, follow, max-snippet:-1, max-image-preview:large, max-video-preview:-1\" \/>\n<link rel=\"canonical\" href=\"https:\/\/vieassociative.be\/actualites\/nouvelle-choquante-pour-largentine-lionel-messi-39-ans-met-fin-a-sa-carriere-internationale-apres-207-apparitions-et-125-buts\/\" \/>\n<meta property=\"og:locale\" content=\"fr_FR\" \/>\n<meta property=\"og:type\" content=\"article\" \/>\n<meta property=\"og:title\" content=\"Nouvelle choquante pour l&#039;Argentine : Lionel Messi (39 ans) met fin \u00e0 sa carri\u00e8re internationale apr\u00e8s 207 apparitions et 125 buts | Vie Associative\" \/>\n<meta property=\"og:description\" content=\"La nouvelle choquante pour l\u2019Argentine : Lionel Messi d\u00e9missionne de l\u2019\u00e9quipe nationale. Le football mondial perd sa superstar sur la sc\u00e8ne internationale. Lionel Messi prend\" \/>\n<meta property=\"og:url\" content=\"https:\/\/vieassociative.be\/actualites\/nouvelle-choquante-pour-largentine-lionel-messi-39-ans-met-fin-a-sa-carriere-internationale-apres-207-apparitions-et-125-buts\/\" \/>\n<meta property=\"og:site_name\" content=\"Vie Associative\" \/>\n<meta property=\"article:published_time\" content=\"2026-08-31T21:17:11+00:00\" \/>\n<meta property=\"og:image\" content=\"https:\/\/vieassociative.be\/actualites\/wp-content\/uploads\/2024\/09\/header_backgroundk-01-e1726694325946.png\" \/>\n\t<meta property=\"og:image:width\" content=\"279\" \/>\n\t<meta property=\"og:image:height\" content=\"92\" \/>\n\t<meta property=\"og:image:type\" content=\"image\/png\" \/>\n<meta name=\"author\" content=\"Julien\" \/>\n<meta name=\"twitter:card\" content=\"summary_large_image\" \/>\n<meta name=\"twitter:label1\" content=\"\u00c9crit par\" \/>\n\t<meta name=\"twitter:data1\" content=\"Julien\" \/>\n\t<meta name=\"twitter:label2\" content=\"Dur\u00e9e de lecture est.\" \/>\n\t<meta name=\"twitter:data2\" content=\"3 minutes\" \/>\n<script type=\"application\/ld+json\" class=\"yoast-schema-graph\">{\"@context\":\"https:\/\/schema.org\",\"@graph\":[{\"@type\":\"Article\",\"@id\":\"https:\/\/vieassociative.be\/actualites\/nouvelle-choquante-pour-largentine-lionel-messi-39-ans-met-fin-a-sa-carriere-internationale-apres-207-apparitions-et-125-buts\/#article\",\"isPartOf\":{\"@id\":\"https:\/\/vieassociative.be\/actualites\/nouvelle-choquante-pour-largentine-lionel-messi-39-ans-met-fin-a-sa-carriere-internationale-apres-207-apparitions-et-125-buts\/\"},\"author\":{\"name\":\"Julien\",\"@id\":\"https:\/\/vieassociative.be\/actualites\/#\/schema\/person\/b87ac4f82f9d4e7b7cec7395b679edc4\"},\"headline\":\"Nouvelle choquante pour l&rsquo;Argentine : Lionel Messi (39 ans) met fin \u00e0 sa carri\u00e8re internationale apr\u00e8s 207 apparitions et 125 buts\",\"datePublished\":\"2026-08-31T21:17:11+00:00\",\"dateModified\":\"2026-08-31T21:17:11+00:00\",\"mainEntityOfPage\":{\"@id\":\"https:\/\/vieassociative.be\/actualites\/nouvelle-choquante-pour-largentine-lionel-messi-39-ans-met-fin-a-sa-carriere-internationale-apres-207-apparitions-et-125-buts\/\"},\"wordCount\":541,\"publisher\":{\"@id\":\"https:\/\/vieassociative.be\/actualites\/#organization\"},\"image\":{\"@id\":\"https:\/\/vieassociative.be\/actualites\/nouvelle-choquante-pour-largentine-lionel-messi-39-ans-met-fin-a-sa-carriere-internationale-apres-207-apparitions-et-125-buts\/#primaryimage\"},\"thumbnailUrl\":\"https:\/\/vieassociative.be\/actualites\/wp-content\/uploads\/2026\/08\/1788211032_Nouvelle-choquante-pour-lArgentine-Lionel-Messi-39-ans-met.jpg\",\"keywords\":[\"ans\",\"apparitions\",\"Apr\u00e8s\",\"buts\",\"carri\u00e8re\",\"choquante\",\"fin\",\"internationale\",\"lArgentine\",\"Lionel\",\"Messi\",\"met\",\"nouvelle\",\"pour\"],\"articleSection\":[\"Belgique\"],\"inLanguage\":\"fr-BE\"},{\"@type\":\"WebPage\",\"@id\":\"https:\/\/vieassociative.be\/actualites\/nouvelle-choquante-pour-largentine-lionel-messi-39-ans-met-fin-a-sa-carriere-internationale-apres-207-apparitions-et-125-buts\/\",\"url\":\"https:\/\/vieassociative.be\/actualites\/nouvelle-choquante-pour-largentine-lionel-messi-39-ans-met-fin-a-sa-carriere-internationale-apres-207-apparitions-et-125-buts\/\",\"name\":\"Nouvelle choquante pour l'Argentine : Lionel Messi (39 ans) met fin \u00e0 sa carri\u00e8re internationale apr\u00e8s 207 apparitions et 125 buts | Vie Associative\",\"isPartOf\":{\"@id\":\"https:\/\/vieassociative.be\/actualites\/#website\"},\"primaryImageOfPage\":{\"@id\":\"https:\/\/vieassociative.be\/actualites\/nouvelle-choquante-pour-largentine-lionel-messi-39-ans-met-fin-a-sa-carriere-internationale-apres-207-apparitions-et-125-buts\/#primaryimage\"},\"image\":{\"@id\":\"https:\/\/vieassociative.be\/actualites\/nouvelle-choquante-pour-largentine-lionel-messi-39-ans-met-fin-a-sa-carriere-internationale-apres-207-apparitions-et-125-buts\/#primaryimage\"},\"thumbnailUrl\":\"https:\/\/vieassociative.be\/actualites\/wp-content\/uploads\/2026\/08\/1788211032_Nouvelle-choquante-pour-lArgentine-Lionel-Messi-39-ans-met.jpg\",\"datePublished\":\"2026-08-31T21:17:11+00:00\",\"dateModified\":\"2026-08-31T21:17:11+00:00\",\"breadcrumb\":{\"@id\":\"https:\/\/vieassociative.be\/actualites\/nouvelle-choquante-pour-largentine-lionel-messi-39-ans-met-fin-a-sa-carriere-internationale-apres-207-apparitions-et-125-buts\/#breadcrumb\"},\"inLanguage\":\"fr-BE\",\"potentialAction\":[{\"@type\":\"ReadAction\",\"target\":[\"https:\/\/vieassociative.be\/actualites\/nouvelle-choquante-pour-largentine-lionel-messi-39-ans-met-fin-a-sa-carriere-internationale-apres-207-apparitions-et-125-buts\/\"]}]},{\"@type\":\"ImageObject\",\"inLanguage\":\"fr-BE\",\"@id\":\"https:\/\/vieassociative.be\/actualites\/nouvelle-choquante-pour-largentine-lionel-messi-39-ans-met-fin-a-sa-carriere-internationale-apres-207-apparitions-et-125-buts\/#primaryimage\",\"url\":\"https:\/\/vieassociative.be\/actualites\/wp-content\/uploads\/2026\/08\/1788211032_Nouvelle-choquante-pour-lArgentine-Lionel-Messi-39-ans-met.jpg\",\"contentUrl\":\"https:\/\/vieassociative.be\/actualites\/wp-content\/uploads\/2026\/08\/1788211032_Nouvelle-choquante-pour-lArgentine-Lionel-Messi-39-ans-met.jpg\",\"width\":1200,\"height\":800,\"caption\":\"Nouvelle choquante pour l'Argentine : Lionel Messi (39 ans) met fin \u00e0 sa carri\u00e8re internationale apr\u00e8s 207 apparitions et 125 buts\"},{\"@type\":\"BreadcrumbList\",\"@id\":\"https:\/\/vieassociative.be\/actualites\/nouvelle-choquante-pour-largentine-lionel-messi-39-ans-met-fin-a-sa-carriere-internationale-apres-207-apparitions-et-125-buts\/#breadcrumb\",\"itemListElement\":[{\"@type\":\"ListItem\",\"position\":1,\"name\":\"Accueil\",\"item\":\"https:\/\/vieassociative.be\/actualites\/\"},{\"@type\":\"ListItem\",\"position\":2,\"name\":\"Nouvelle choquante pour l&rsquo;Argentine : Lionel Messi (39 ans) met fin \u00e0 sa carri\u00e8re internationale apr\u00e8s 207 apparitions et 125 buts\"}]},{\"@type\":\"WebSite\",\"@id\":\"https:\/\/vieassociative.be\/actualites\/#website\",\"url\":\"https:\/\/vieassociative.be\/actualites\/\",\"name\":\"Vie Associative\",\"description\":\"\",\"publisher\":{\"@id\":\"https:\/\/vieassociative.be\/actualites\/#organization\"},\"potentialAction\":[{\"@type\":\"SearchAction\",\"target\":{\"@type\":\"EntryPoint\",\"urlTemplate\":\"https:\/\/vieassociative.be\/actualites\/?s={search_term_string}\"},\"query-input\":{\"@type\":\"PropertyValueSpecification\",\"valueRequired\":true,\"valueName\":\"search_term_string\"}}],\"inLanguage\":\"fr-BE\"},{\"@type\":\"Organization\",\"@id\":\"https:\/\/vieassociative.be\/actualites\/#organization\",\"name\":\"Vie Associative\",\"url\":\"https:\/\/vieassociative.be\/actualites\/\",\"logo\":{\"@type\":\"ImageObject\",\"inLanguage\":\"fr-BE\",\"@id\":\"https:\/\/vieassociative.be\/actualites\/#\/schema\/logo\/image\/\",\"url\":\"https:\/\/vieassociative.be\/actualites\/wp-content\/uploads\/2024\/09\/cropped-vieassociative_favicon.ico.png\",\"contentUrl\":\"https:\/\/vieassociative.be\/actualites\/wp-content\/uploads\/2024\/09\/cropped-vieassociative_favicon.ico.png\",\"width\":512,\"height\":512,\"caption\":\"Vie Associative\"},\"image\":{\"@id\":\"https:\/\/vieassociative.be\/actualites\/#\/schema\/logo\/image\/\"}},{\"@type\":\"Person\",\"@id\":\"https:\/\/vieassociative.be\/actualites\/#\/schema\/person\/b87ac4f82f9d4e7b7cec7395b679edc4\",\"name\":\"Julien\",\"image\":{\"@type\":\"ImageObject\",\"inLanguage\":\"fr-BE\",\"@id\":\"https:\/\/vieassociative.be\/actualites\/#\/schema\/person\/image\/\",\"url\":\"https:\/\/vieassociative.be\/actualites\/wp-content\/uploads\/2024\/09\/vie-associative-1-150x150.jpg\",\"contentUrl\":\"https:\/\/vieassociative.be\/actualites\/wp-content\/uploads\/2024\/09\/vie-associative-1-150x150.jpg\",\"caption\":\"Julien\"},\"description\":\"Je suis Julien, r\u00e9dacteur pour Vie Associative. Passionn\u00e9 par le monde associatif depuis plus de 10 ans, j'ai \u00e0 c\u0153ur de partager des histoires inspirantes et de mettre en lumi\u00e8re les initiatives locales. Mon objectif est de sensibiliser et d'encourager l'engagement communautaire \u00e0 travers mes articles.\",\"sameAs\":[\"https:\/\/vieassociative.be\/\"]}]}<\/script>\n<!-- \/ Yoast SEO plugin. -->","yoast_head_json":{"title":"Nouvelle choquante pour l'Argentine : Lionel Messi (39 ans) met fin \u00e0 sa carri\u00e8re internationale apr\u00e8s 207 apparitions et 125 buts | Vie Associative","robots":{"index":"index","follow":"follow","max-snippet":"max-snippet:-1","max-image-preview":"max-image-preview:large","max-video-preview":"max-video-preview:-1"},"canonical":"https:\/\/vieassociative.be\/actualites\/nouvelle-choquante-pour-largentine-lionel-messi-39-ans-met-fin-a-sa-carriere-internationale-apres-207-apparitions-et-125-buts\/","og_locale":"fr_FR","og_type":"article","og_title":"Nouvelle choquante pour l'Argentine : Lionel Messi (39 ans) met fin \u00e0 sa carri\u00e8re internationale apr\u00e8s 207 apparitions et 125 buts | Vie Associative","og_description":"La nouvelle choquante pour l\u2019Argentine : Lionel Messi d\u00e9missionne de l\u2019\u00e9quipe nationale. Le football mondial perd sa superstar sur la sc\u00e8ne internationale. Lionel Messi prend","og_url":"https:\/\/vieassociative.be\/actualites\/nouvelle-choquante-pour-largentine-lionel-messi-39-ans-met-fin-a-sa-carriere-internationale-apres-207-apparitions-et-125-buts\/","og_site_name":"Vie Associative","article_published_time":"2026-08-31T21:17:11+00:00","og_image":[{"width":279,"height":92,"url":"https:\/\/vieassociative.be\/actualites\/wp-content\/uploads\/2024\/09\/header_backgroundk-01-e1726694325946.png","type":"image\/png"}],"author":"Julien","twitter_card":"summary_large_image","twitter_misc":{"\u00c9crit par":"Julien","Dur\u00e9e de lecture est.":"3 minutes"},"schema":{"@context":"https:\/\/schema.org","@graph":[{"@type":"Article","@id":"https:\/\/vieassociative.be\/actualites\/nouvelle-choquante-pour-largentine-lionel-messi-39-ans-met-fin-a-sa-carriere-internationale-apres-207-apparitions-et-125-buts\/#article","isPartOf":{"@id":"https:\/\/vieassociative.be\/actualites\/nouvelle-choquante-pour-largentine-lionel-messi-39-ans-met-fin-a-sa-carriere-internationale-apres-207-apparitions-et-125-buts\/"},"author":{"name":"Julien","@id":"https:\/\/vieassociative.be\/actualites\/#\/schema\/person\/b87ac4f82f9d4e7b7cec7395b679edc4"},"headline":"Nouvelle choquante pour l&rsquo;Argentine : Lionel Messi (39 ans) met fin \u00e0 sa carri\u00e8re internationale apr\u00e8s 207 apparitions et 125 buts","datePublished":"2026-08-31T21:17:11+00:00","dateModified":"2026-08-31T21:17:11+00:00","mainEntityOfPage":{"@id":"https:\/\/vieassociative.be\/actualites\/nouvelle-choquante-pour-largentine-lionel-messi-39-ans-met-fin-a-sa-carriere-internationale-apres-207-apparitions-et-125-buts\/"},"wordCount":541,"publisher":{"@id":"https:\/\/vieassociative.be\/actualites\/#organization"},"image":{"@id":"https:\/\/vieassociative.be\/actualites\/nouvelle-choquante-pour-largentine-lionel-messi-39-ans-met-fin-a-sa-carriere-internationale-apres-207-apparitions-et-125-buts\/#primaryimage"},"thumbnailUrl":"https:\/\/vieassociative.be\/actualites\/wp-content\/uploads\/2026\/08\/1788211032_Nouvelle-choquante-pour-lArgentine-Lionel-Messi-39-ans-met.jpg","keywords":["ans","apparitions","Apr\u00e8s","buts","carri\u00e8re","choquante","fin","internationale","lArgentine","Lionel","Messi","met","nouvelle","pour"],"articleSection":["Belgique"],"inLanguage":"fr-BE"},{"@type":"WebPage","@id":"https:\/\/vieassociative.be\/actualites\/nouvelle-choquante-pour-largentine-lionel-messi-39-ans-met-fin-a-sa-carriere-internationale-apres-207-apparitions-et-125-buts\/","url":"https:\/\/vieassociative.be\/actualites\/nouvelle-choquante-pour-largentine-lionel-messi-39-ans-met-fin-a-sa-carriere-internationale-apres-207-apparitions-et-125-buts\/","name":"Nouvelle choquante pour l'Argentine : Lionel Messi (39 ans) met fin \u00e0 sa carri\u00e8re internationale apr\u00e8s 207 apparitions et 125 buts | Vie Associative","isPartOf":{"@id":"https:\/\/vieassociative.be\/actualites\/#website"},"primaryImageOfPage":{"@id":"https:\/\/vieassociative.be\/actualites\/nouvelle-choquante-pour-largentine-lionel-messi-39-ans-met-fin-a-sa-carriere-internationale-apres-207-apparitions-et-125-buts\/#primaryimage"},"image":{"@id":"https:\/\/vieassociative.be\/actualites\/nouvelle-choquante-pour-largentine-lionel-messi-39-ans-met-fin-a-sa-carriere-internationale-apres-207-apparitions-et-125-buts\/#primaryimage"},"thumbnailUrl":"https:\/\/vieassociative.be\/actualites\/wp-content\/uploads\/2026\/08\/1788211032_Nouvelle-choquante-pour-lArgentine-Lionel-Messi-39-ans-met.jpg","datePublished":"2026-08-31T21:17:11+00:00","dateModified":"2026-08-31T21:17:11+00:00","breadcrumb":{"@id":"https:\/\/vieassociative.be\/actualites\/nouvelle-choquante-pour-largentine-lionel-messi-39-ans-met-fin-a-sa-carriere-internationale-apres-207-apparitions-et-125-buts\/#breadcrumb"},"inLanguage":"fr-BE","potentialAction":[{"@type":"ReadAction","target":["https:\/\/vieassociative.be\/actualites\/nouvelle-choquante-pour-largentine-lionel-messi-39-ans-met-fin-a-sa-carriere-internationale-apres-207-apparitions-et-125-buts\/"]}]},{"@type":"ImageObject","inLanguage":"fr-BE","@id":"https:\/\/vieassociative.be\/actualites\/nouvelle-choquante-pour-largentine-lionel-messi-39-ans-met-fin-a-sa-carriere-internationale-apres-207-apparitions-et-125-buts\/#primaryimage","url":"https:\/\/vieassociative.be\/actualites\/wp-content\/uploads\/2026\/08\/1788211032_Nouvelle-choquante-pour-lArgentine-Lionel-Messi-39-ans-met.jpg","contentUrl":"https:\/\/vieassociative.be\/actualites\/wp-content\/uploads\/2026\/08\/1788211032_Nouvelle-choquante-pour-lArgentine-Lionel-Messi-39-ans-met.jpg","width":1200,"height":800,"caption":"Nouvelle choquante pour l'Argentine : Lionel Messi (39 ans) met fin \u00e0 sa carri\u00e8re internationale apr\u00e8s 207 apparitions et 125 buts"},{"@type":"BreadcrumbList","@id":"https:\/\/vieassociative.be\/actualites\/nouvelle-choquante-pour-largentine-lionel-messi-39-ans-met-fin-a-sa-carriere-internationale-apres-207-apparitions-et-125-buts\/#breadcrumb","itemListElement":[{"@type":"ListItem","position":1,"name":"Accueil","item":"https:\/\/vieassociative.be\/actualites\/"},{"@type":"ListItem","position":2,"name":"Nouvelle choquante pour l&rsquo;Argentine : Lionel Messi (39 ans) met fin \u00e0 sa carri\u00e8re internationale apr\u00e8s 207 apparitions et 125 buts"}]},{"@type":"WebSite","@id":"https:\/\/vieassociative.be\/actualites\/#website","url":"https:\/\/vieassociative.be\/actualites\/","name":"Vie Associative","description":"","publisher":{"@id":"https:\/\/vieassociative.be\/actualites\/#organization"},"potentialAction":[{"@type":"SearchAction","target":{"@type":"EntryPoint","urlTemplate":"https:\/\/vieassociative.be\/actualites\/?s={search_term_string}"},"query-input":{"@type":"PropertyValueSpecification","valueRequired":true,"valueName":"search_term_string"}}],"inLanguage":"fr-BE"},{"@type":"Organization","@id":"https:\/\/vieassociative.be\/actualites\/#organization","name":"Vie Associative","url":"https:\/\/vieassociative.be\/actualites\/","logo":{"@type":"ImageObject","inLanguage":"fr-BE","@id":"https:\/\/vieassociative.be\/actualites\/#\/schema\/logo\/image\/","url":"https:\/\/vieassociative.be\/actualites\/wp-content\/uploads\/2024\/09\/cropped-vieassociative_favicon.ico.png","contentUrl":"https:\/\/vieassociative.be\/actualites\/wp-content\/uploads\/2024\/09\/cropped-vieassociative_favicon.ico.png","width":512,"height":512,"caption":"Vie Associative"},"image":{"@id":"https:\/\/vieassociative.be\/actualites\/#\/schema\/logo\/image\/"}},{"@type":"Person","@id":"https:\/\/vieassociative.be\/actualites\/#\/schema\/person\/b87ac4f82f9d4e7b7cec7395b679edc4","name":"Julien","image":{"@type":"ImageObject","inLanguage":"fr-BE","@id":"https:\/\/vieassociative.be\/actualites\/#\/schema\/person\/image\/","url":"https:\/\/vieassociative.be\/actualites\/wp-content\/uploads\/2024\/09\/vie-associative-1-150x150.jpg","contentUrl":"https:\/\/vieassociative.be\/actualites\/wp-content\/uploads\/2024\/09\/vie-associative-1-150x150.jpg","caption":"Julien"},"description":"Je suis Julien, r\u00e9dacteur pour Vie Associative. Passionn\u00e9 par le monde associatif depuis plus de 10 ans, j'ai \u00e0 c\u0153ur de partager des histoires inspirantes et de mettre en lumi\u00e8re les initiatives locales. Mon objectif est de sensibiliser et d'encourager l'engagement communautaire \u00e0 travers mes articles.","sameAs":["https:\/\/vieassociative.be\/"]}]}},"_links":{"self":[{"href":"https:\/\/vieassociative.be\/actualites\/wp-json\/wp\/v2\/posts\/15162"}],"collection":[{"href":"https:\/\/vieassociative.be\/actualites\/wp-json\/wp\/v2\/posts"}],"about":[{"href":"https:\/\/vieassociative.be\/actualites\/wp-json\/wp\/v2\/types\/post"}],"author":[{"embeddable":true,"href":"https:\/\/vieassociative.be\/actualites\/wp-json\/wp\/v2\/users\/1"}],"replies":[{"embeddable":true,"href":"https:\/\/vieassociative.be\/actualites\/wp-json\/wp\/v2\/comments?post=15162"}],"version-history":[{"count":0,"href":"https:\/\/vieassociative.be\/actualites\/wp-json\/wp\/v2\/posts\/15162\/revisions"}],"wp:featuredmedia":[{"embeddable":true,"href":"https:\/\/vieassociative.be\/actualites\/wp-json\/wp\/v2\/media\/15163"}],"wp:attachment":[{"href":"https:\/\/vieassociative.be\/actualites\/wp-json\/wp\/v2\/media?parent=15162"}],"wp:term":[{"taxonomy":"category","embeddable":true,"href":"https:\/\/vieassociative.be\/actualites\/wp-json\/wp\/v2\/categories?post=15162"},{"taxonomy":"post_tag","embeddable":true,"href":"https:\/\/vieassociative.be\/actualites\/wp-json\/wp\/v2\/tags?post=15162"}],"curies":[{"name":"wp","href":"https:\/\/api.w.org\/{rel}","templated":true}]}}