{"id":15159,"date":"2026-08-31T17:17:00","date_gmt":"2026-08-31T15:17:00","guid":{"rendered":"https:\/\/vieassociative.be\/actualites\/des-bagarres-apres-une-dispute-sous-lemprise-de-lalcool\/"},"modified":"2026-08-31T17:17:00","modified_gmt":"2026-08-31T15:17:00","slug":"des-bagarres-apres-une-dispute-sous-lemprise-de-lalcool","status":"publish","type":"post","link":"https:\/\/vieassociative.be\/actualites\/des-bagarres-apres-une-dispute-sous-lemprise-de-lalcool\/","title":{"rendered":"Des bagarres apr\u00e8s une dispute sous l&#8217;emprise de l&rsquo;alcool"},"content":{"rendered":"<p><strong>Le week-end dernier, les services de la zone de police Weser-G\u00f6hl ont \u00e9t\u00e9 appel\u00e9s \u00e0 intervenir \u00e0 Eupen et Lontzen.<\/strong><\/p>\n<p><span id=\"more-441724\"><\/span><strong>\u2013 Litiges entre deux personnes \u00e0 Eupen :<\/strong> Le 29 ao\u00fbt 2026, vers 2h47 du matin, les services de la zone de police Weser-G\u00f6hl ont \u00e9t\u00e9 appel\u00e9s \u00e0 la Neustrasse \u00e0 Eupen pour un incident. Sur place, les policiers ont rencontr\u00e9 un homme et une femme dans un appartement. La femme pr\u00e9sentait des blessures au visage. Les deux personnes \u00e9taient sous l\u2019emprise de l\u2019alcool. Selon les premi\u00e8res constatations, il y aurait eu une dispute entre les deux personnes, qui aurait donn\u00e9 lieu \u00e0 des violences physiques. L&rsquo;enqu\u00eate a commenc\u00e9.<\/p>\n<p><strong>\u2013 Tentative d\u2019effraction \u00e0 la porte jardin :<\/strong> Le 29 ao\u00fbt 2026, un habitant de la Aachener Strasse \u00e0 Kettenis s&rsquo;est signal\u00e9 vers 18h37. qu&rsquo;elle avait observ\u00e9 trois hommes essayant apparemment d&rsquo;enfoncer la porte-jardin de leur r\u00e9sidence. Apr\u00e8s avoir remarqu\u00e9 le r\u00e9sident, les hommes ont quitt\u00e9 les lieux. Les recherches imm\u00e9diates des suspects n&rsquo;ont pas abouti.<\/p>\n<p><strong>\u2013 Cambriolage :<\/strong> Le 31 ao\u00fbt 2026, vers 3h45 du matin, les services de la zone de police de Weser-G\u00f6hl ont \u00e9t\u00e9 inform\u00e9s d&rsquo;un cambriolage survenu dans la Wiesenstrasse \u00e0 Lontzen. L&rsquo;auteur pr\u00e9sum\u00e9 a \u00e9t\u00e9 surpris par les habitants \u00e0 l&rsquo;int\u00e9rieur de la maison. Les policiers alors alert\u00e9s ont pu retrouver l&rsquo;homme et l&rsquo;interpeller.<\/p>\n","protected":false},"excerpt":{"rendered":"<p>Le week-end dernier, les services de la zone de police Weser-G\u00f6hl ont \u00e9t\u00e9 appel\u00e9s \u00e0 intervenir \u00e0 Eupen et Lontzen. \u2013 Litiges entre deux personnes<\/p>\n","protected":false},"author":1,"featured_media":1939,"comment_status":"","ping_status":"","sticky":false,"template":"","format":"standard","meta":{"footnotes":""},"categories":[298],"tags":[472,11332,29,1495,3533,11333,467,110],"class_list":["post-15159","post","type-post","status-publish","format-standard","has-post-thumbnail","hentry","category-belgique","tag-apres","tag-bagarres","tag-des","tag-dispute","tag-lalcool","tag-lemprise","tag-sous","tag-une","generate-columns","tablet-grid-50","mobile-grid-100","grid-parent","grid-33"],"yoast_head":"<!-- This site is optimized with the Yoast SEO plugin v24.0 - https:\/\/yoast.com\/wordpress\/plugins\/seo\/ -->\n<title>Des bagarres apr\u00e8s une dispute sous l&#039;emprise de l&#039;alcool | Vie Associative<\/title>\n<meta name=\"robots\" content=\"index, follow, max-snippet:-1, max-image-preview:large, max-video-preview:-1\" \/>\n<link rel=\"canonical\" href=\"https:\/\/vieassociative.be\/actualites\/des-bagarres-apres-une-dispute-sous-lemprise-de-lalcool\/\" \/>\n<meta property=\"og:locale\" content=\"fr_FR\" \/>\n<meta property=\"og:type\" content=\"article\" \/>\n<meta property=\"og:title\" content=\"Des bagarres apr\u00e8s une dispute sous l&#039;emprise de l&#039;alcool | Vie Associative\" \/>\n<meta property=\"og:description\" content=\"Le week-end dernier, les services de la zone de police Weser-G\u00f6hl ont \u00e9t\u00e9 appel\u00e9s \u00e0 intervenir \u00e0 Eupen et Lontzen. \u2013 Litiges entre deux personnes\" \/>\n<meta property=\"og:url\" content=\"https:\/\/vieassociative.be\/actualites\/des-bagarres-apres-une-dispute-sous-lemprise-de-lalcool\/\" \/>\n<meta property=\"og:site_name\" content=\"Vie Associative\" \/>\n<meta property=\"article:published_time\" content=\"2026-08-31T15:17:00+00:00\" \/>\n<meta property=\"og:image\" content=\"https:\/\/vieassociative.be\/actualites\/wp-content\/uploads\/2024\/09\/header_backgroundk-01-e1726694325946.png\" \/>\n\t<meta property=\"og:image:width\" content=\"279\" \/>\n\t<meta property=\"og:image:height\" content=\"92\" \/>\n\t<meta property=\"og:image:type\" content=\"image\/png\" \/>\n<meta name=\"author\" content=\"Julien\" \/>\n<meta name=\"twitter:card\" content=\"summary_large_image\" \/>\n<meta name=\"twitter:label1\" content=\"\u00c9crit par\" \/>\n\t<meta name=\"twitter:data1\" content=\"Julien\" \/>\n\t<meta name=\"twitter:label2\" content=\"Dur\u00e9e de lecture est.\" \/>\n\t<meta name=\"twitter:data2\" content=\"1 minute\" \/>\n<script type=\"application\/ld+json\" class=\"yoast-schema-graph\">{\"@context\":\"https:\/\/schema.org\",\"@graph\":[{\"@type\":\"Article\",\"@id\":\"https:\/\/vieassociative.be\/actualites\/des-bagarres-apres-une-dispute-sous-lemprise-de-lalcool\/#article\",\"isPartOf\":{\"@id\":\"https:\/\/vieassociative.be\/actualites\/des-bagarres-apres-une-dispute-sous-lemprise-de-lalcool\/\"},\"author\":{\"name\":\"Julien\",\"@id\":\"https:\/\/vieassociative.be\/actualites\/#\/schema\/person\/b87ac4f82f9d4e7b7cec7395b679edc4\"},\"headline\":\"Des bagarres apr\u00e8s une dispute sous l&#8217;emprise de l&rsquo;alcool\",\"datePublished\":\"2026-08-31T15:17:00+00:00\",\"dateModified\":\"2026-08-31T15:17:00+00:00\",\"mainEntityOfPage\":{\"@id\":\"https:\/\/vieassociative.be\/actualites\/des-bagarres-apres-une-dispute-sous-lemprise-de-lalcool\/\"},\"wordCount\":241,\"publisher\":{\"@id\":\"https:\/\/vieassociative.be\/actualites\/#organization\"},\"image\":{\"@id\":\"https:\/\/vieassociative.be\/actualites\/des-bagarres-apres-une-dispute-sous-lemprise-de-lalcool\/#primaryimage\"},\"thumbnailUrl\":\"https:\/\/vieassociative.be\/actualites\/wp-content\/uploads\/2024\/11\/Raeren-Le-conducteur-tombe-dans-un-micro-sommeil-a-midi.jpeg\",\"keywords\":[\"Apr\u00e8s\",\"bagarres\",\"Des\",\"dispute\",\"lalcool\",\"lemprise\",\"sous\",\"une\"],\"articleSection\":[\"Belgique\"],\"inLanguage\":\"fr-BE\"},{\"@type\":\"WebPage\",\"@id\":\"https:\/\/vieassociative.be\/actualites\/des-bagarres-apres-une-dispute-sous-lemprise-de-lalcool\/\",\"url\":\"https:\/\/vieassociative.be\/actualites\/des-bagarres-apres-une-dispute-sous-lemprise-de-lalcool\/\",\"name\":\"Des bagarres apr\u00e8s une dispute sous l'emprise de l'alcool | Vie Associative\",\"isPartOf\":{\"@id\":\"https:\/\/vieassociative.be\/actualites\/#website\"},\"primaryImageOfPage\":{\"@id\":\"https:\/\/vieassociative.be\/actualites\/des-bagarres-apres-une-dispute-sous-lemprise-de-lalcool\/#primaryimage\"},\"image\":{\"@id\":\"https:\/\/vieassociative.be\/actualites\/des-bagarres-apres-une-dispute-sous-lemprise-de-lalcool\/#primaryimage\"},\"thumbnailUrl\":\"https:\/\/vieassociative.be\/actualites\/wp-content\/uploads\/2024\/11\/Raeren-Le-conducteur-tombe-dans-un-micro-sommeil-a-midi.jpeg\",\"datePublished\":\"2026-08-31T15:17:00+00:00\",\"dateModified\":\"2026-08-31T15:17:00+00:00\",\"breadcrumb\":{\"@id\":\"https:\/\/vieassociative.be\/actualites\/des-bagarres-apres-une-dispute-sous-lemprise-de-lalcool\/#breadcrumb\"},\"inLanguage\":\"fr-BE\",\"potentialAction\":[{\"@type\":\"ReadAction\",\"target\":[\"https:\/\/vieassociative.be\/actualites\/des-bagarres-apres-une-dispute-sous-lemprise-de-lalcool\/\"]}]},{\"@type\":\"ImageObject\",\"inLanguage\":\"fr-BE\",\"@id\":\"https:\/\/vieassociative.be\/actualites\/des-bagarres-apres-une-dispute-sous-lemprise-de-lalcool\/#primaryimage\",\"url\":\"https:\/\/vieassociative.be\/actualites\/wp-content\/uploads\/2024\/11\/Raeren-Le-conducteur-tombe-dans-un-micro-sommeil-a-midi.jpeg\",\"contentUrl\":\"https:\/\/vieassociative.be\/actualites\/wp-content\/uploads\/2024\/11\/Raeren-Le-conducteur-tombe-dans-un-micro-sommeil-a-midi.jpeg\",\"width\":1200,\"height\":800,\"caption\":\"Raeren : Le conducteur tombe dans un micro-sommeil \u00e0 midi\"},{\"@type\":\"BreadcrumbList\",\"@id\":\"https:\/\/vieassociative.be\/actualites\/des-bagarres-apres-une-dispute-sous-lemprise-de-lalcool\/#breadcrumb\",\"itemListElement\":[{\"@type\":\"ListItem\",\"position\":1,\"name\":\"Accueil\",\"item\":\"https:\/\/vieassociative.be\/actualites\/\"},{\"@type\":\"ListItem\",\"position\":2,\"name\":\"Des bagarres apr\u00e8s une dispute sous l&#8217;emprise de l&rsquo;alcool\"}]},{\"@type\":\"WebSite\",\"@id\":\"https:\/\/vieassociative.be\/actualites\/#website\",\"url\":\"https:\/\/vieassociative.be\/actualites\/\",\"name\":\"Vie Associative\",\"description\":\"\",\"publisher\":{\"@id\":\"https:\/\/vieassociative.be\/actualites\/#organization\"},\"potentialAction\":[{\"@type\":\"SearchAction\",\"target\":{\"@type\":\"EntryPoint\",\"urlTemplate\":\"https:\/\/vieassociative.be\/actualites\/?s={search_term_string}\"},\"query-input\":{\"@type\":\"PropertyValueSpecification\",\"valueRequired\":true,\"valueName\":\"search_term_string\"}}],\"inLanguage\":\"fr-BE\"},{\"@type\":\"Organization\",\"@id\":\"https:\/\/vieassociative.be\/actualites\/#organization\",\"name\":\"Vie Associative\",\"url\":\"https:\/\/vieassociative.be\/actualites\/\",\"logo\":{\"@type\":\"ImageObject\",\"inLanguage\":\"fr-BE\",\"@id\":\"https:\/\/vieassociative.be\/actualites\/#\/schema\/logo\/image\/\",\"url\":\"https:\/\/vieassociative.be\/actualites\/wp-content\/uploads\/2024\/09\/cropped-vieassociative_favicon.ico.png\",\"contentUrl\":\"https:\/\/vieassociative.be\/actualites\/wp-content\/uploads\/2024\/09\/cropped-vieassociative_favicon.ico.png\",\"width\":512,\"height\":512,\"caption\":\"Vie Associative\"},\"image\":{\"@id\":\"https:\/\/vieassociative.be\/actualites\/#\/schema\/logo\/image\/\"}},{\"@type\":\"Person\",\"@id\":\"https:\/\/vieassociative.be\/actualites\/#\/schema\/person\/b87ac4f82f9d4e7b7cec7395b679edc4\",\"name\":\"Julien\",\"image\":{\"@type\":\"ImageObject\",\"inLanguage\":\"fr-BE\",\"@id\":\"https:\/\/vieassociative.be\/actualites\/#\/schema\/person\/image\/\",\"url\":\"https:\/\/vieassociative.be\/actualites\/wp-content\/uploads\/2024\/09\/vie-associative-1-150x150.jpg\",\"contentUrl\":\"https:\/\/vieassociative.be\/actualites\/wp-content\/uploads\/2024\/09\/vie-associative-1-150x150.jpg\",\"caption\":\"Julien\"},\"description\":\"Je suis Julien, r\u00e9dacteur pour Vie Associative. Passionn\u00e9 par le monde associatif depuis plus de 10 ans, j'ai \u00e0 c\u0153ur de partager des histoires inspirantes et de mettre en lumi\u00e8re les initiatives locales. Mon objectif est de sensibiliser et d'encourager l'engagement communautaire \u00e0 travers mes articles.\",\"sameAs\":[\"https:\/\/vieassociative.be\/\"]}]}<\/script>\n<!-- \/ Yoast SEO plugin. -->","yoast_head_json":{"title":"Des bagarres apr\u00e8s une dispute sous l'emprise de l'alcool | Vie Associative","robots":{"index":"index","follow":"follow","max-snippet":"max-snippet:-1","max-image-preview":"max-image-preview:large","max-video-preview":"max-video-preview:-1"},"canonical":"https:\/\/vieassociative.be\/actualites\/des-bagarres-apres-une-dispute-sous-lemprise-de-lalcool\/","og_locale":"fr_FR","og_type":"article","og_title":"Des bagarres apr\u00e8s une dispute sous l'emprise de l'alcool | Vie Associative","og_description":"Le week-end dernier, les services de la zone de police Weser-G\u00f6hl ont \u00e9t\u00e9 appel\u00e9s \u00e0 intervenir \u00e0 Eupen et Lontzen. \u2013 Litiges entre deux personnes","og_url":"https:\/\/vieassociative.be\/actualites\/des-bagarres-apres-une-dispute-sous-lemprise-de-lalcool\/","og_site_name":"Vie Associative","article_published_time":"2026-08-31T15:17:00+00:00","og_image":[{"width":279,"height":92,"url":"https:\/\/vieassociative.be\/actualites\/wp-content\/uploads\/2024\/09\/header_backgroundk-01-e1726694325946.png","type":"image\/png"}],"author":"Julien","twitter_card":"summary_large_image","twitter_misc":{"\u00c9crit par":"Julien","Dur\u00e9e de lecture est.":"1 minute"},"schema":{"@context":"https:\/\/schema.org","@graph":[{"@type":"Article","@id":"https:\/\/vieassociative.be\/actualites\/des-bagarres-apres-une-dispute-sous-lemprise-de-lalcool\/#article","isPartOf":{"@id":"https:\/\/vieassociative.be\/actualites\/des-bagarres-apres-une-dispute-sous-lemprise-de-lalcool\/"},"author":{"name":"Julien","@id":"https:\/\/vieassociative.be\/actualites\/#\/schema\/person\/b87ac4f82f9d4e7b7cec7395b679edc4"},"headline":"Des bagarres apr\u00e8s une dispute sous l&#8217;emprise de l&rsquo;alcool","datePublished":"2026-08-31T15:17:00+00:00","dateModified":"2026-08-31T15:17:00+00:00","mainEntityOfPage":{"@id":"https:\/\/vieassociative.be\/actualites\/des-bagarres-apres-une-dispute-sous-lemprise-de-lalcool\/"},"wordCount":241,"publisher":{"@id":"https:\/\/vieassociative.be\/actualites\/#organization"},"image":{"@id":"https:\/\/vieassociative.be\/actualites\/des-bagarres-apres-une-dispute-sous-lemprise-de-lalcool\/#primaryimage"},"thumbnailUrl":"https:\/\/vieassociative.be\/actualites\/wp-content\/uploads\/2024\/11\/Raeren-Le-conducteur-tombe-dans-un-micro-sommeil-a-midi.jpeg","keywords":["Apr\u00e8s","bagarres","Des","dispute","lalcool","lemprise","sous","une"],"articleSection":["Belgique"],"inLanguage":"fr-BE"},{"@type":"WebPage","@id":"https:\/\/vieassociative.be\/actualites\/des-bagarres-apres-une-dispute-sous-lemprise-de-lalcool\/","url":"https:\/\/vieassociative.be\/actualites\/des-bagarres-apres-une-dispute-sous-lemprise-de-lalcool\/","name":"Des bagarres apr\u00e8s une dispute sous l'emprise de l'alcool | Vie Associative","isPartOf":{"@id":"https:\/\/vieassociative.be\/actualites\/#website"},"primaryImageOfPage":{"@id":"https:\/\/vieassociative.be\/actualites\/des-bagarres-apres-une-dispute-sous-lemprise-de-lalcool\/#primaryimage"},"image":{"@id":"https:\/\/vieassociative.be\/actualites\/des-bagarres-apres-une-dispute-sous-lemprise-de-lalcool\/#primaryimage"},"thumbnailUrl":"https:\/\/vieassociative.be\/actualites\/wp-content\/uploads\/2024\/11\/Raeren-Le-conducteur-tombe-dans-un-micro-sommeil-a-midi.jpeg","datePublished":"2026-08-31T15:17:00+00:00","dateModified":"2026-08-31T15:17:00+00:00","breadcrumb":{"@id":"https:\/\/vieassociative.be\/actualites\/des-bagarres-apres-une-dispute-sous-lemprise-de-lalcool\/#breadcrumb"},"inLanguage":"fr-BE","potentialAction":[{"@type":"ReadAction","target":["https:\/\/vieassociative.be\/actualites\/des-bagarres-apres-une-dispute-sous-lemprise-de-lalcool\/"]}]},{"@type":"ImageObject","inLanguage":"fr-BE","@id":"https:\/\/vieassociative.be\/actualites\/des-bagarres-apres-une-dispute-sous-lemprise-de-lalcool\/#primaryimage","url":"https:\/\/vieassociative.be\/actualites\/wp-content\/uploads\/2024\/11\/Raeren-Le-conducteur-tombe-dans-un-micro-sommeil-a-midi.jpeg","contentUrl":"https:\/\/vieassociative.be\/actualites\/wp-content\/uploads\/2024\/11\/Raeren-Le-conducteur-tombe-dans-un-micro-sommeil-a-midi.jpeg","width":1200,"height":800,"caption":"Raeren : Le conducteur tombe dans un micro-sommeil \u00e0 midi"},{"@type":"BreadcrumbList","@id":"https:\/\/vieassociative.be\/actualites\/des-bagarres-apres-une-dispute-sous-lemprise-de-lalcool\/#breadcrumb","itemListElement":[{"@type":"ListItem","position":1,"name":"Accueil","item":"https:\/\/vieassociative.be\/actualites\/"},{"@type":"ListItem","position":2,"name":"Des bagarres apr\u00e8s une dispute sous l&#8217;emprise de l&rsquo;alcool"}]},{"@type":"WebSite","@id":"https:\/\/vieassociative.be\/actualites\/#website","url":"https:\/\/vieassociative.be\/actualites\/","name":"Vie Associative","description":"","publisher":{"@id":"https:\/\/vieassociative.be\/actualites\/#organization"},"potentialAction":[{"@type":"SearchAction","target":{"@type":"EntryPoint","urlTemplate":"https:\/\/vieassociative.be\/actualites\/?s={search_term_string}"},"query-input":{"@type":"PropertyValueSpecification","valueRequired":true,"valueName":"search_term_string"}}],"inLanguage":"fr-BE"},{"@type":"Organization","@id":"https:\/\/vieassociative.be\/actualites\/#organization","name":"Vie Associative","url":"https:\/\/vieassociative.be\/actualites\/","logo":{"@type":"ImageObject","inLanguage":"fr-BE","@id":"https:\/\/vieassociative.be\/actualites\/#\/schema\/logo\/image\/","url":"https:\/\/vieassociative.be\/actualites\/wp-content\/uploads\/2024\/09\/cropped-vieassociative_favicon.ico.png","contentUrl":"https:\/\/vieassociative.be\/actualites\/wp-content\/uploads\/2024\/09\/cropped-vieassociative_favicon.ico.png","width":512,"height":512,"caption":"Vie Associative"},"image":{"@id":"https:\/\/vieassociative.be\/actualites\/#\/schema\/logo\/image\/"}},{"@type":"Person","@id":"https:\/\/vieassociative.be\/actualites\/#\/schema\/person\/b87ac4f82f9d4e7b7cec7395b679edc4","name":"Julien","image":{"@type":"ImageObject","inLanguage":"fr-BE","@id":"https:\/\/vieassociative.be\/actualites\/#\/schema\/person\/image\/","url":"https:\/\/vieassociative.be\/actualites\/wp-content\/uploads\/2024\/09\/vie-associative-1-150x150.jpg","contentUrl":"https:\/\/vieassociative.be\/actualites\/wp-content\/uploads\/2024\/09\/vie-associative-1-150x150.jpg","caption":"Julien"},"description":"Je suis Julien, r\u00e9dacteur pour Vie Associative. Passionn\u00e9 par le monde associatif depuis plus de 10 ans, j'ai \u00e0 c\u0153ur de partager des histoires inspirantes et de mettre en lumi\u00e8re les initiatives locales. Mon objectif est de sensibiliser et d'encourager l'engagement communautaire \u00e0 travers mes articles.","sameAs":["https:\/\/vieassociative.be\/"]}]}},"_links":{"self":[{"href":"https:\/\/vieassociative.be\/actualites\/wp-json\/wp\/v2\/posts\/15159"}],"collection":[{"href":"https:\/\/vieassociative.be\/actualites\/wp-json\/wp\/v2\/posts"}],"about":[{"href":"https:\/\/vieassociative.be\/actualites\/wp-json\/wp\/v2\/types\/post"}],"author":[{"embeddable":true,"href":"https:\/\/vieassociative.be\/actualites\/wp-json\/wp\/v2\/users\/1"}],"replies":[{"embeddable":true,"href":"https:\/\/vieassociative.be\/actualites\/wp-json\/wp\/v2\/comments?post=15159"}],"version-history":[{"count":0,"href":"https:\/\/vieassociative.be\/actualites\/wp-json\/wp\/v2\/posts\/15159\/revisions"}],"wp:featuredmedia":[{"embeddable":true,"href":"https:\/\/vieassociative.be\/actualites\/wp-json\/wp\/v2\/media\/1939"}],"wp:attachment":[{"href":"https:\/\/vieassociative.be\/actualites\/wp-json\/wp\/v2\/media?parent=15159"}],"wp:term":[{"taxonomy":"category","embeddable":true,"href":"https:\/\/vieassociative.be\/actualites\/wp-json\/wp\/v2\/categories?post=15159"},{"taxonomy":"post_tag","embeddable":true,"href":"https:\/\/vieassociative.be\/actualites\/wp-json\/wp\/v2\/tags?post=15159"}],"curies":[{"name":"wp","href":"https:\/\/api.w.org\/{rel}","templated":true}]}}