{"id":15157,"date":"2026-08-31T16:17:03","date_gmt":"2026-08-31T14:17:03","guid":{"rendered":"https:\/\/vieassociative.be\/actualites\/ces-outils-dewalt-beneficient-dune-reduction-allant-jusqua-50-pour-la-vente-anticipee-de-la-fete-du-travail-de-lowes\/"},"modified":"2026-08-31T16:17:03","modified_gmt":"2026-08-31T14:17:03","slug":"ces-outils-dewalt-beneficient-dune-reduction-allant-jusqua-50-pour-la-vente-anticipee-de-la-fete-du-travail-de-lowes","status":"publish","type":"post","link":"https:\/\/vieassociative.be\/actualites\/ces-outils-dewalt-beneficient-dune-reduction-allant-jusqua-50-pour-la-vente-anticipee-de-la-fete-du-travail-de-lowes\/","title":{"rendered":"Ces outils DeWalt b\u00e9n\u00e9ficient d&rsquo;une r\u00e9duction allant jusqu&rsquo;\u00e0 50\u00a0% pour la vente anticip\u00e9e de la f\u00eate du Travail de Lowe&rsquo;s"},"content":{"rendered":"<p>Nous pouvons gagner une commission sur les liens sur cette page. Les prix et la disponibilit\u00e9 de l&rsquo;offre sont sujets \u00e0 changement apr\u00e8s la publication.<\/p>\n<p>De nombreux bricoleurs sont inspir\u00e9s pour entreprendre des projets pendant le long week-end de la f\u00eate du Travail, et les magasins \u00e0 grande surface font souvent co\u00efncider leurs ventes avec les week-ends f\u00e9ri\u00e9s. Cela fait de la f\u00eate du Travail l\u2019une des meilleures p\u00e9riodes de l\u2019ann\u00e9e pour acheter des outils. Les outils DeWalt sont connus pour \u00eatre durables et fiables, et ils sont actuellement en vente chez Lowe&rsquo;s pour la f\u00eate du Travail. Voici quelques-unes des meilleures offres que j\u2019ai trouv\u00e9es.<\/p>\n<h2 id=\"best-deals-on-cutting-and-shaping-tools\">Meilleures offres sur les outils de coupe et de fa\u00e7onnage<\/h2>\n<p>Les outils de coupe sans fil peuvent \u00eatre meilleurs que leurs homologues filaires pour p\u00e9n\u00e9trer dans les espaces restreints, et ils sont \u00e9galement plus portables. Voici quelques-unes des meilleures offres sur les outils de coupe et de fa\u00e7onnage DeWalt en vente chez Lowe&rsquo;s pour la f\u00eate du Travail.<\/p>\n<p>L&rsquo;outil multifonction oscillant DeWalt 12 volts est en vente au prix de 99 $, soit 50 % de r\u00e9duction sur son prix r\u00e9gulier. Cet outil est livr\u00e9 avec une lame pour couper le bois, une lame multimat\u00e9riaux et un adaptateur de pon\u00e7age. Il n&rsquo;est pas livr\u00e9 avec une batterie ni un chargeur, vous aurez donc besoin d&rsquo;une batterie et d&rsquo;un chargeur DeWalt 12 volts pour l&rsquo;utiliser. Cet outil peut couper du bois, du m\u00e9tal, du PVC, des cloisons s\u00e8ches et du carrelage et vous pouvez utiliser l&rsquo;adaptateur pour l&rsquo;utiliser comme ponceuse qui fonctionnera dans des espaces restreints.<\/p>\n<p>La scie circulaire DeWalt 12 volts et 5 \u215c pouces est en vente au prix de 99 $, soit 41 % de r\u00e9duction sur son prix habituel. Il s&rsquo;agit d&rsquo;une offre r\u00e9serv\u00e9e aux outils, vous aurez donc besoin d&rsquo;une batterie et d&rsquo;un chargeur DeWalt de 12 volts pour l&rsquo;utiliser. Cette scie est une version miniature de la scie circulaire que vous pourriez utiliser pour couper du contreplaqu\u00e9. Vous pouvez utiliser une scie circulaire pour couper des mat\u00e9riaux l\u00e9gers \u00e0 moyens pour des projets de bricolage comme l&rsquo;installation de lambris.<\/p>\n<h2 id=\"best-deals-on-dewalt-drivers\">Meilleures offres sur les pilotes DeWalt<\/h2>\n<p>Les pilotes sont la pierre angulaire d&rsquo;un ensemble d&rsquo;outils de bricolage, car ce sont les outils que vous utiliserez pour tourner les vis et les \u00e9crous afin de fixer toutes vos pi\u00e8ces de bricolage ensemble. Un pilote \u00e9lectrique peut faciliter grandement l&rsquo;assemblage d&rsquo;\u00e9tag\u00e8res ou le d\u00e9montage de votre panneau CVC. Voici quelques-unes des meilleures offres de la f\u00eate du Travail sur les pilotes aliment\u00e9s par DeWalt chez Lowe&rsquo;s.<\/p>\n<p>Le cliquet \u00e9lectrique sans fil DeWalt de \u215c pouces est en vente au prix de 99 $, soit 50 % de r\u00e9duction sur son prix habituel. Il s&rsquo;agit d&rsquo;une offre r\u00e9serv\u00e9e aux outils, vous aurez donc besoin d&rsquo;une batterie et d&rsquo;un chargeur DeWalt de 12 volts pour l&rsquo;utiliser. Un cliquet motoris\u00e9 peut \u00eatre utilis\u00e9 pour les projets de r\u00e9paration automobile et CVC, mais veillez \u00e0 utiliser une cl\u00e9 manuelle pour le mat\u00e9riel rouill\u00e9 ou lors de l&rsquo;installation de pi\u00e8ces d\u00e9licates comme des \u00e9viers ou des toilettes.<\/p>\n<p>La cl\u00e9 \u00e0 chocs sans fil DeWalt 12 volts \u00bd pouce est en vente au prix de 99 $, soit 41 % de r\u00e9duction sur son prix r\u00e9gulier. Il s&rsquo;agit d&rsquo;une offre r\u00e9serv\u00e9e aux outils, vous aurez donc besoin d&rsquo;une batterie et d&rsquo;un chargeur DeWalt de 12 volts pour l&rsquo;utiliser. Vous pouvez utiliser une cl\u00e9 \u00e0 chocs pour enfoncer des \u00e9crous et des boulons de plus grande taille.<\/p>\n<h2 id=\"best-deals-on-dewalt-batteries\">Meilleures offres sur les batteries DeWalt<\/h2>\n<p>Les batteries font partie de la plupart des ensembles d&rsquo;outils sans fil qui s&rsquo;usent en premier, car m\u00eame les plus performantes finiront par prendre une charge de plus en plus petite jusqu&rsquo;\u00e0 ce qu&rsquo;elles se chargent \u00e0 peine. DeWalt fabrique certaines des meilleures batteries pour outils sans fil, mais si vous avez besoin de remplacer votre ensemble d&rsquo;outils ou si vous souhaitez utiliser vos outils en continu sans attendre une batterie neuve, voici quelques offres de la f\u00eate du Travail sur les pi\u00e8ces de rechange de Lowe&rsquo;s.<\/p>\n<p>Un pack de deux batteries DeWalt de 20 volts et 4 amp\u00e8res-heure est en vente au prix de 129 $, soit 41 % de r\u00e9duction sur son prix habituel. Ces batteries sont vendues seules, vous aurez donc besoin d&rsquo;un chargeur pour les utiliser.<\/p>\n<p>Un pack de deux batteries de 20 volts et 2 amp\u00e8res-heure est en vente au prix de 99 $, soit 41 % de r\u00e9duction sur son prix habituel. Ces batteries sont \u00e9galement vendues seules, vous aurez donc besoin d&rsquo;un chargeur pour les utiliser.<\/p>\n","protected":false},"excerpt":{"rendered":"<p>Nous pouvons gagner une commission sur les liens sur cette page. Les prix et la disponibilit\u00e9 de l&rsquo;offre sont sujets \u00e0 changement apr\u00e8s la publication.<\/p>\n","protected":false},"author":1,"featured_media":15158,"comment_status":"","ping_status":"","sticky":false,"template":"","format":"standard","meta":{"footnotes":""},"categories":[40],"tags":[3756,3275,1268,248,5959,698,1485,1269,10842,825,81,308,504,223],"class_list":["post-15157","post","type-post","status-publish","format-standard","has-post-thumbnail","hentry","category-maison","tag-allant","tag-anticipee","tag-beneficient","tag-ces","tag-dewalt","tag-dune","tag-fete","tag-jusqua","tag-lowes","tag-outils","tag-pour","tag-reduction","tag-travail","tag-vente","generate-columns","tablet-grid-50","mobile-grid-100","grid-parent","grid-33"],"yoast_head":"<!-- This site is optimized with the Yoast SEO plugin v24.0 - https:\/\/yoast.com\/wordpress\/plugins\/seo\/ -->\n<title>Ces outils DeWalt b\u00e9n\u00e9ficient d&#039;une r\u00e9duction allant jusqu&#039;\u00e0 50\u00a0% pour la vente anticip\u00e9e de la f\u00eate du Travail de Lowe&#039;s | Vie Associative<\/title>\n<meta name=\"robots\" content=\"index, follow, max-snippet:-1, max-image-preview:large, max-video-preview:-1\" \/>\n<link rel=\"canonical\" href=\"https:\/\/vieassociative.be\/actualites\/ces-outils-dewalt-beneficient-dune-reduction-allant-jusqua-50-pour-la-vente-anticipee-de-la-fete-du-travail-de-lowes\/\" \/>\n<meta property=\"og:locale\" content=\"fr_FR\" \/>\n<meta property=\"og:type\" content=\"article\" \/>\n<meta property=\"og:title\" content=\"Ces outils DeWalt b\u00e9n\u00e9ficient d&#039;une r\u00e9duction allant jusqu&#039;\u00e0 50\u00a0% pour la vente anticip\u00e9e de la f\u00eate du Travail de Lowe&#039;s | Vie Associative\" \/>\n<meta property=\"og:description\" content=\"Nous pouvons gagner une commission sur les liens sur cette page. Les prix et la disponibilit\u00e9 de l&rsquo;offre sont sujets \u00e0 changement apr\u00e8s la publication.\" \/>\n<meta property=\"og:url\" content=\"https:\/\/vieassociative.be\/actualites\/ces-outils-dewalt-beneficient-dune-reduction-allant-jusqua-50-pour-la-vente-anticipee-de-la-fete-du-travail-de-lowes\/\" \/>\n<meta property=\"og:site_name\" content=\"Vie Associative\" \/>\n<meta property=\"article:published_time\" content=\"2026-08-31T14:17:03+00:00\" \/>\n<meta property=\"og:image\" content=\"https:\/\/vieassociative.be\/actualites\/wp-content\/uploads\/2024\/09\/header_backgroundk-01-e1726694325946.png\" \/>\n\t<meta property=\"og:image:width\" content=\"279\" \/>\n\t<meta property=\"og:image:height\" content=\"92\" \/>\n\t<meta property=\"og:image:type\" content=\"image\/png\" \/>\n<meta name=\"author\" content=\"Julien\" \/>\n<meta name=\"twitter:card\" content=\"summary_large_image\" \/>\n<meta name=\"twitter:label1\" content=\"\u00c9crit par\" \/>\n\t<meta name=\"twitter:data1\" content=\"Julien\" \/>\n\t<meta name=\"twitter:label2\" content=\"Dur\u00e9e de lecture est.\" \/>\n\t<meta name=\"twitter:data2\" content=\"4 minutes\" \/>\n<script type=\"application\/ld+json\" class=\"yoast-schema-graph\">{\"@context\":\"https:\/\/schema.org\",\"@graph\":[{\"@type\":\"Article\",\"@id\":\"https:\/\/vieassociative.be\/actualites\/ces-outils-dewalt-beneficient-dune-reduction-allant-jusqua-50-pour-la-vente-anticipee-de-la-fete-du-travail-de-lowes\/#article\",\"isPartOf\":{\"@id\":\"https:\/\/vieassociative.be\/actualites\/ces-outils-dewalt-beneficient-dune-reduction-allant-jusqua-50-pour-la-vente-anticipee-de-la-fete-du-travail-de-lowes\/\"},\"author\":{\"name\":\"Julien\",\"@id\":\"https:\/\/vieassociative.be\/actualites\/#\/schema\/person\/b87ac4f82f9d4e7b7cec7395b679edc4\"},\"headline\":\"Ces outils DeWalt b\u00e9n\u00e9ficient d&rsquo;une r\u00e9duction allant jusqu&rsquo;\u00e0 50\u00a0% pour la vente anticip\u00e9e de la f\u00eate du Travail de Lowe&rsquo;s\",\"datePublished\":\"2026-08-31T14:17:03+00:00\",\"dateModified\":\"2026-08-31T14:17:03+00:00\",\"mainEntityOfPage\":{\"@id\":\"https:\/\/vieassociative.be\/actualites\/ces-outils-dewalt-beneficient-dune-reduction-allant-jusqua-50-pour-la-vente-anticipee-de-la-fete-du-travail-de-lowes\/\"},\"wordCount\":829,\"publisher\":{\"@id\":\"https:\/\/vieassociative.be\/actualites\/#organization\"},\"image\":{\"@id\":\"https:\/\/vieassociative.be\/actualites\/ces-outils-dewalt-beneficient-dune-reduction-allant-jusqua-50-pour-la-vente-anticipee-de-la-fete-du-travail-de-lowes\/#primaryimage\"},\"thumbnailUrl\":\"https:\/\/vieassociative.be\/actualites\/wp-content\/uploads\/2026\/08\/Ces-outils-DeWalt-beneficient-dune-reduction-allant-jusqua-50-pour.png\",\"keywords\":[\"allant\",\"anticip\u00e9e\",\"b\u00e9n\u00e9ficient\",\"ces\",\"Dewalt\",\"dune\",\"f\u00eate\",\"jusqu\u00e0\",\"Lowes\",\"outils\",\"pour\",\"r\u00e9duction\",\"travail\",\"vente\"],\"articleSection\":[\"Maison\"],\"inLanguage\":\"fr-BE\"},{\"@type\":\"WebPage\",\"@id\":\"https:\/\/vieassociative.be\/actualites\/ces-outils-dewalt-beneficient-dune-reduction-allant-jusqua-50-pour-la-vente-anticipee-de-la-fete-du-travail-de-lowes\/\",\"url\":\"https:\/\/vieassociative.be\/actualites\/ces-outils-dewalt-beneficient-dune-reduction-allant-jusqua-50-pour-la-vente-anticipee-de-la-fete-du-travail-de-lowes\/\",\"name\":\"Ces outils DeWalt b\u00e9n\u00e9ficient d'une r\u00e9duction allant jusqu'\u00e0 50\u00a0% pour la vente anticip\u00e9e de la f\u00eate du Travail de Lowe's | Vie Associative\",\"isPartOf\":{\"@id\":\"https:\/\/vieassociative.be\/actualites\/#website\"},\"primaryImageOfPage\":{\"@id\":\"https:\/\/vieassociative.be\/actualites\/ces-outils-dewalt-beneficient-dune-reduction-allant-jusqua-50-pour-la-vente-anticipee-de-la-fete-du-travail-de-lowes\/#primaryimage\"},\"image\":{\"@id\":\"https:\/\/vieassociative.be\/actualites\/ces-outils-dewalt-beneficient-dune-reduction-allant-jusqua-50-pour-la-vente-anticipee-de-la-fete-du-travail-de-lowes\/#primaryimage\"},\"thumbnailUrl\":\"https:\/\/vieassociative.be\/actualites\/wp-content\/uploads\/2026\/08\/Ces-outils-DeWalt-beneficient-dune-reduction-allant-jusqua-50-pour.png\",\"datePublished\":\"2026-08-31T14:17:03+00:00\",\"dateModified\":\"2026-08-31T14:17:03+00:00\",\"breadcrumb\":{\"@id\":\"https:\/\/vieassociative.be\/actualites\/ces-outils-dewalt-beneficient-dune-reduction-allant-jusqua-50-pour-la-vente-anticipee-de-la-fete-du-travail-de-lowes\/#breadcrumb\"},\"inLanguage\":\"fr-BE\",\"potentialAction\":[{\"@type\":\"ReadAction\",\"target\":[\"https:\/\/vieassociative.be\/actualites\/ces-outils-dewalt-beneficient-dune-reduction-allant-jusqua-50-pour-la-vente-anticipee-de-la-fete-du-travail-de-lowes\/\"]}]},{\"@type\":\"ImageObject\",\"inLanguage\":\"fr-BE\",\"@id\":\"https:\/\/vieassociative.be\/actualites\/ces-outils-dewalt-beneficient-dune-reduction-allant-jusqua-50-pour-la-vente-anticipee-de-la-fete-du-travail-de-lowes\/#primaryimage\",\"url\":\"https:\/\/vieassociative.be\/actualites\/wp-content\/uploads\/2026\/08\/Ces-outils-DeWalt-beneficient-dune-reduction-allant-jusqua-50-pour.png\",\"contentUrl\":\"https:\/\/vieassociative.be\/actualites\/wp-content\/uploads\/2026\/08\/Ces-outils-DeWalt-beneficient-dune-reduction-allant-jusqua-50-pour.png\",\"width\":1200,\"height\":675,\"caption\":\"Ces outils DeWalt b\u00e9n\u00e9ficient d'une r\u00e9duction allant jusqu'\u00e0 50\u00a0% pour la vente anticip\u00e9e de la f\u00eate du Travail de Lowe's\"},{\"@type\":\"BreadcrumbList\",\"@id\":\"https:\/\/vieassociative.be\/actualites\/ces-outils-dewalt-beneficient-dune-reduction-allant-jusqua-50-pour-la-vente-anticipee-de-la-fete-du-travail-de-lowes\/#breadcrumb\",\"itemListElement\":[{\"@type\":\"ListItem\",\"position\":1,\"name\":\"Accueil\",\"item\":\"https:\/\/vieassociative.be\/actualites\/\"},{\"@type\":\"ListItem\",\"position\":2,\"name\":\"Ces outils DeWalt b\u00e9n\u00e9ficient d&rsquo;une r\u00e9duction allant jusqu&rsquo;\u00e0 50\u00a0% pour la vente anticip\u00e9e de la f\u00eate du Travail de Lowe&rsquo;s\"}]},{\"@type\":\"WebSite\",\"@id\":\"https:\/\/vieassociative.be\/actualites\/#website\",\"url\":\"https:\/\/vieassociative.be\/actualites\/\",\"name\":\"Vie Associative\",\"description\":\"\",\"publisher\":{\"@id\":\"https:\/\/vieassociative.be\/actualites\/#organization\"},\"potentialAction\":[{\"@type\":\"SearchAction\",\"target\":{\"@type\":\"EntryPoint\",\"urlTemplate\":\"https:\/\/vieassociative.be\/actualites\/?s={search_term_string}\"},\"query-input\":{\"@type\":\"PropertyValueSpecification\",\"valueRequired\":true,\"valueName\":\"search_term_string\"}}],\"inLanguage\":\"fr-BE\"},{\"@type\":\"Organization\",\"@id\":\"https:\/\/vieassociative.be\/actualites\/#organization\",\"name\":\"Vie Associative\",\"url\":\"https:\/\/vieassociative.be\/actualites\/\",\"logo\":{\"@type\":\"ImageObject\",\"inLanguage\":\"fr-BE\",\"@id\":\"https:\/\/vieassociative.be\/actualites\/#\/schema\/logo\/image\/\",\"url\":\"https:\/\/vieassociative.be\/actualites\/wp-content\/uploads\/2024\/09\/cropped-vieassociative_favicon.ico.png\",\"contentUrl\":\"https:\/\/vieassociative.be\/actualites\/wp-content\/uploads\/2024\/09\/cropped-vieassociative_favicon.ico.png\",\"width\":512,\"height\":512,\"caption\":\"Vie Associative\"},\"image\":{\"@id\":\"https:\/\/vieassociative.be\/actualites\/#\/schema\/logo\/image\/\"}},{\"@type\":\"Person\",\"@id\":\"https:\/\/vieassociative.be\/actualites\/#\/schema\/person\/b87ac4f82f9d4e7b7cec7395b679edc4\",\"name\":\"Julien\",\"image\":{\"@type\":\"ImageObject\",\"inLanguage\":\"fr-BE\",\"@id\":\"https:\/\/vieassociative.be\/actualites\/#\/schema\/person\/image\/\",\"url\":\"https:\/\/vieassociative.be\/actualites\/wp-content\/uploads\/2024\/09\/vie-associative-1-150x150.jpg\",\"contentUrl\":\"https:\/\/vieassociative.be\/actualites\/wp-content\/uploads\/2024\/09\/vie-associative-1-150x150.jpg\",\"caption\":\"Julien\"},\"description\":\"Je suis Julien, r\u00e9dacteur pour Vie Associative. Passionn\u00e9 par le monde associatif depuis plus de 10 ans, j'ai \u00e0 c\u0153ur de partager des histoires inspirantes et de mettre en lumi\u00e8re les initiatives locales. Mon objectif est de sensibiliser et d'encourager l'engagement communautaire \u00e0 travers mes articles.\",\"sameAs\":[\"https:\/\/vieassociative.be\/\"]}]}<\/script>\n<!-- \/ Yoast SEO plugin. -->","yoast_head_json":{"title":"Ces outils DeWalt b\u00e9n\u00e9ficient d'une r\u00e9duction allant jusqu'\u00e0 50\u00a0% pour la vente anticip\u00e9e de la f\u00eate du Travail de Lowe's | Vie Associative","robots":{"index":"index","follow":"follow","max-snippet":"max-snippet:-1","max-image-preview":"max-image-preview:large","max-video-preview":"max-video-preview:-1"},"canonical":"https:\/\/vieassociative.be\/actualites\/ces-outils-dewalt-beneficient-dune-reduction-allant-jusqua-50-pour-la-vente-anticipee-de-la-fete-du-travail-de-lowes\/","og_locale":"fr_FR","og_type":"article","og_title":"Ces outils DeWalt b\u00e9n\u00e9ficient d'une r\u00e9duction allant jusqu'\u00e0 50\u00a0% pour la vente anticip\u00e9e de la f\u00eate du Travail de Lowe's | Vie Associative","og_description":"Nous pouvons gagner une commission sur les liens sur cette page. Les prix et la disponibilit\u00e9 de l&rsquo;offre sont sujets \u00e0 changement apr\u00e8s la publication.","og_url":"https:\/\/vieassociative.be\/actualites\/ces-outils-dewalt-beneficient-dune-reduction-allant-jusqua-50-pour-la-vente-anticipee-de-la-fete-du-travail-de-lowes\/","og_site_name":"Vie Associative","article_published_time":"2026-08-31T14:17:03+00:00","og_image":[{"width":279,"height":92,"url":"https:\/\/vieassociative.be\/actualites\/wp-content\/uploads\/2024\/09\/header_backgroundk-01-e1726694325946.png","type":"image\/png"}],"author":"Julien","twitter_card":"summary_large_image","twitter_misc":{"\u00c9crit par":"Julien","Dur\u00e9e de lecture est.":"4 minutes"},"schema":{"@context":"https:\/\/schema.org","@graph":[{"@type":"Article","@id":"https:\/\/vieassociative.be\/actualites\/ces-outils-dewalt-beneficient-dune-reduction-allant-jusqua-50-pour-la-vente-anticipee-de-la-fete-du-travail-de-lowes\/#article","isPartOf":{"@id":"https:\/\/vieassociative.be\/actualites\/ces-outils-dewalt-beneficient-dune-reduction-allant-jusqua-50-pour-la-vente-anticipee-de-la-fete-du-travail-de-lowes\/"},"author":{"name":"Julien","@id":"https:\/\/vieassociative.be\/actualites\/#\/schema\/person\/b87ac4f82f9d4e7b7cec7395b679edc4"},"headline":"Ces outils DeWalt b\u00e9n\u00e9ficient d&rsquo;une r\u00e9duction allant jusqu&rsquo;\u00e0 50\u00a0% pour la vente anticip\u00e9e de la f\u00eate du Travail de Lowe&rsquo;s","datePublished":"2026-08-31T14:17:03+00:00","dateModified":"2026-08-31T14:17:03+00:00","mainEntityOfPage":{"@id":"https:\/\/vieassociative.be\/actualites\/ces-outils-dewalt-beneficient-dune-reduction-allant-jusqua-50-pour-la-vente-anticipee-de-la-fete-du-travail-de-lowes\/"},"wordCount":829,"publisher":{"@id":"https:\/\/vieassociative.be\/actualites\/#organization"},"image":{"@id":"https:\/\/vieassociative.be\/actualites\/ces-outils-dewalt-beneficient-dune-reduction-allant-jusqua-50-pour-la-vente-anticipee-de-la-fete-du-travail-de-lowes\/#primaryimage"},"thumbnailUrl":"https:\/\/vieassociative.be\/actualites\/wp-content\/uploads\/2026\/08\/Ces-outils-DeWalt-beneficient-dune-reduction-allant-jusqua-50-pour.png","keywords":["allant","anticip\u00e9e","b\u00e9n\u00e9ficient","ces","Dewalt","dune","f\u00eate","jusqu\u00e0","Lowes","outils","pour","r\u00e9duction","travail","vente"],"articleSection":["Maison"],"inLanguage":"fr-BE"},{"@type":"WebPage","@id":"https:\/\/vieassociative.be\/actualites\/ces-outils-dewalt-beneficient-dune-reduction-allant-jusqua-50-pour-la-vente-anticipee-de-la-fete-du-travail-de-lowes\/","url":"https:\/\/vieassociative.be\/actualites\/ces-outils-dewalt-beneficient-dune-reduction-allant-jusqua-50-pour-la-vente-anticipee-de-la-fete-du-travail-de-lowes\/","name":"Ces outils DeWalt b\u00e9n\u00e9ficient d'une r\u00e9duction allant jusqu'\u00e0 50\u00a0% pour la vente anticip\u00e9e de la f\u00eate du Travail de Lowe's | Vie Associative","isPartOf":{"@id":"https:\/\/vieassociative.be\/actualites\/#website"},"primaryImageOfPage":{"@id":"https:\/\/vieassociative.be\/actualites\/ces-outils-dewalt-beneficient-dune-reduction-allant-jusqua-50-pour-la-vente-anticipee-de-la-fete-du-travail-de-lowes\/#primaryimage"},"image":{"@id":"https:\/\/vieassociative.be\/actualites\/ces-outils-dewalt-beneficient-dune-reduction-allant-jusqua-50-pour-la-vente-anticipee-de-la-fete-du-travail-de-lowes\/#primaryimage"},"thumbnailUrl":"https:\/\/vieassociative.be\/actualites\/wp-content\/uploads\/2026\/08\/Ces-outils-DeWalt-beneficient-dune-reduction-allant-jusqua-50-pour.png","datePublished":"2026-08-31T14:17:03+00:00","dateModified":"2026-08-31T14:17:03+00:00","breadcrumb":{"@id":"https:\/\/vieassociative.be\/actualites\/ces-outils-dewalt-beneficient-dune-reduction-allant-jusqua-50-pour-la-vente-anticipee-de-la-fete-du-travail-de-lowes\/#breadcrumb"},"inLanguage":"fr-BE","potentialAction":[{"@type":"ReadAction","target":["https:\/\/vieassociative.be\/actualites\/ces-outils-dewalt-beneficient-dune-reduction-allant-jusqua-50-pour-la-vente-anticipee-de-la-fete-du-travail-de-lowes\/"]}]},{"@type":"ImageObject","inLanguage":"fr-BE","@id":"https:\/\/vieassociative.be\/actualites\/ces-outils-dewalt-beneficient-dune-reduction-allant-jusqua-50-pour-la-vente-anticipee-de-la-fete-du-travail-de-lowes\/#primaryimage","url":"https:\/\/vieassociative.be\/actualites\/wp-content\/uploads\/2026\/08\/Ces-outils-DeWalt-beneficient-dune-reduction-allant-jusqua-50-pour.png","contentUrl":"https:\/\/vieassociative.be\/actualites\/wp-content\/uploads\/2026\/08\/Ces-outils-DeWalt-beneficient-dune-reduction-allant-jusqua-50-pour.png","width":1200,"height":675,"caption":"Ces outils DeWalt b\u00e9n\u00e9ficient d'une r\u00e9duction allant jusqu'\u00e0 50\u00a0% pour la vente anticip\u00e9e de la f\u00eate du Travail de Lowe's"},{"@type":"BreadcrumbList","@id":"https:\/\/vieassociative.be\/actualites\/ces-outils-dewalt-beneficient-dune-reduction-allant-jusqua-50-pour-la-vente-anticipee-de-la-fete-du-travail-de-lowes\/#breadcrumb","itemListElement":[{"@type":"ListItem","position":1,"name":"Accueil","item":"https:\/\/vieassociative.be\/actualites\/"},{"@type":"ListItem","position":2,"name":"Ces outils DeWalt b\u00e9n\u00e9ficient d&rsquo;une r\u00e9duction allant jusqu&rsquo;\u00e0 50\u00a0% pour la vente anticip\u00e9e de la f\u00eate du Travail de Lowe&rsquo;s"}]},{"@type":"WebSite","@id":"https:\/\/vieassociative.be\/actualites\/#website","url":"https:\/\/vieassociative.be\/actualites\/","name":"Vie Associative","description":"","publisher":{"@id":"https:\/\/vieassociative.be\/actualites\/#organization"},"potentialAction":[{"@type":"SearchAction","target":{"@type":"EntryPoint","urlTemplate":"https:\/\/vieassociative.be\/actualites\/?s={search_term_string}"},"query-input":{"@type":"PropertyValueSpecification","valueRequired":true,"valueName":"search_term_string"}}],"inLanguage":"fr-BE"},{"@type":"Organization","@id":"https:\/\/vieassociative.be\/actualites\/#organization","name":"Vie Associative","url":"https:\/\/vieassociative.be\/actualites\/","logo":{"@type":"ImageObject","inLanguage":"fr-BE","@id":"https:\/\/vieassociative.be\/actualites\/#\/schema\/logo\/image\/","url":"https:\/\/vieassociative.be\/actualites\/wp-content\/uploads\/2024\/09\/cropped-vieassociative_favicon.ico.png","contentUrl":"https:\/\/vieassociative.be\/actualites\/wp-content\/uploads\/2024\/09\/cropped-vieassociative_favicon.ico.png","width":512,"height":512,"caption":"Vie Associative"},"image":{"@id":"https:\/\/vieassociative.be\/actualites\/#\/schema\/logo\/image\/"}},{"@type":"Person","@id":"https:\/\/vieassociative.be\/actualites\/#\/schema\/person\/b87ac4f82f9d4e7b7cec7395b679edc4","name":"Julien","image":{"@type":"ImageObject","inLanguage":"fr-BE","@id":"https:\/\/vieassociative.be\/actualites\/#\/schema\/person\/image\/","url":"https:\/\/vieassociative.be\/actualites\/wp-content\/uploads\/2024\/09\/vie-associative-1-150x150.jpg","contentUrl":"https:\/\/vieassociative.be\/actualites\/wp-content\/uploads\/2024\/09\/vie-associative-1-150x150.jpg","caption":"Julien"},"description":"Je suis Julien, r\u00e9dacteur pour Vie Associative. Passionn\u00e9 par le monde associatif depuis plus de 10 ans, j'ai \u00e0 c\u0153ur de partager des histoires inspirantes et de mettre en lumi\u00e8re les initiatives locales. Mon objectif est de sensibiliser et d'encourager l'engagement communautaire \u00e0 travers mes articles.","sameAs":["https:\/\/vieassociative.be\/"]}]}},"_links":{"self":[{"href":"https:\/\/vieassociative.be\/actualites\/wp-json\/wp\/v2\/posts\/15157"}],"collection":[{"href":"https:\/\/vieassociative.be\/actualites\/wp-json\/wp\/v2\/posts"}],"about":[{"href":"https:\/\/vieassociative.be\/actualites\/wp-json\/wp\/v2\/types\/post"}],"author":[{"embeddable":true,"href":"https:\/\/vieassociative.be\/actualites\/wp-json\/wp\/v2\/users\/1"}],"replies":[{"embeddable":true,"href":"https:\/\/vieassociative.be\/actualites\/wp-json\/wp\/v2\/comments?post=15157"}],"version-history":[{"count":0,"href":"https:\/\/vieassociative.be\/actualites\/wp-json\/wp\/v2\/posts\/15157\/revisions"}],"wp:featuredmedia":[{"embeddable":true,"href":"https:\/\/vieassociative.be\/actualites\/wp-json\/wp\/v2\/media\/15158"}],"wp:attachment":[{"href":"https:\/\/vieassociative.be\/actualites\/wp-json\/wp\/v2\/media?parent=15157"}],"wp:term":[{"taxonomy":"category","embeddable":true,"href":"https:\/\/vieassociative.be\/actualites\/wp-json\/wp\/v2\/categories?post=15157"},{"taxonomy":"post_tag","embeddable":true,"href":"https:\/\/vieassociative.be\/actualites\/wp-json\/wp\/v2\/tags?post=15157"}],"curies":[{"name":"wp","href":"https:\/\/api.w.org\/{rel}","templated":true}]}}