{"id":15152,"date":"2026-08-31T04:16:59","date_gmt":"2026-08-31T02:16:59","guid":{"rendered":"https:\/\/vieassociative.be\/actualites\/si-vous-avez-aime-lost-il-y-a-un-film-que-vous-devez-regarder-ensuite\/"},"modified":"2026-08-31T04:16:59","modified_gmt":"2026-08-31T02:16:59","slug":"si-vous-avez-aime-lost-il-y-a-un-film-que-vous-devez-regarder-ensuite","status":"publish","type":"post","link":"https:\/\/vieassociative.be\/actualites\/si-vous-avez-aime-lost-il-y-a-un-film-que-vous-devez-regarder-ensuite\/","title":{"rendered":"Si vous avez aim\u00e9 \u00ab\u00a0Lost\u00a0\u00bb, il y a un film que vous devez regarder ensuite"},"content":{"rendered":"<p>Nous pouvons gagner une commission sur les liens sur cette page.<\/p>\n<p>Cela fait plus de 15 ans depuis <em>Perdu<\/em> a \u00e9t\u00e9 interrompu, mettant fin \u00e0 une diffusion l\u00e9gendaire \u00e0 la t\u00e9l\u00e9vision. Bien que la s\u00e9rie puisse \u00eatre frustrante et lente \u00e0 r\u00e9v\u00e9ler ses secrets, elle reste l\u2019une des meilleures \u00e9missions de t\u00e9l\u00e9vision de l\u2019\u00e8re moderne \u2013 et l\u2019une des plus influentes, avec une foule d\u2019autres s\u00e9ries jouant sur un principe similaire de \u00ab bo\u00eete myst\u00e8re \u00bb et une chronologie m\u00e9lang\u00e9e. <\/p>\n<p>Les fans de la s\u00e9rie n&rsquo;ont jamais cess\u00e9 de rechercher une exp\u00e9rience visuelle qui lui corresponde en termes de surprise et de narration sinc\u00e8re et riche en \u00e9motions (si cela vous d\u00e9crit, vous avez probablement d\u00e9j\u00e0 regard\u00e9 tous ces streamalikes offrant des ambiances similaires), alors permettez-moi de sugg\u00e9rer le film qui correspond parfaitement : <em>L&rsquo;\u00e9chelle de Jacob<\/em>un thriller psychologique de 1990 avec Tim Robbins.<\/p>\n<h2 id=\"why-jacobs-ladder-has-lost-vibes\">Pourquoi <em>L&rsquo;\u00e9chelle de Jacob<\/em> a <em>Perdu<\/em> ambiance<\/h2>\n<div class=\"mx-auto mt-8 w-full max-w-4xl aspect-video\">\n<div id=\"video-container-01M1ARHF9Z1XY8TQCNE6XVG2AF\"><\/div>\n<\/div>\n<p>Sur la surface, <em>L&rsquo;\u00e9chelle de Jacob<\/em> pourrait ne pas sembler correspondre imm\u00e9diatement \u00e0 la narration enivrante, teint\u00e9e de science-fiction et bas\u00e9e sur les personnages de <em>Perdu<\/em>&#8211; mais une fois que vous creusez plus profond\u00e9ment, les parall\u00e8les narratifs et tonals deviennent clairs. Dans le film, Jacob Singer (Robbins) est un v\u00e9t\u00e9ran du Vietnam en difficult\u00e9 vivant \u00e0 Brooklyn en 1975, quatre ans apr\u00e8s un incident inqui\u00e9tant avec son unit\u00e9 qui s&rsquo;est termin\u00e9 par le poignardage de Jacob \u00e0 la ba\u00efonnette. Hant\u00e9 par son fils d\u00e9c\u00e9d\u00e9 et ses exp\u00e9riences de guerre, Jacob sombre dans un cauchemar vivant, rempli d&rsquo;hallucinations de personnages monstrueux. Mais quelque chose de tr\u00e8s myst\u00e9rieux se produit, et m\u00eame si la fin est un ant\u00e9c\u00e9dent \u00e9vident <em>Perdu<\/em>Dans le tristement c\u00e9l\u00e8bre final de , il y a aussi de nombreux \u00e9chos visuels.<\/p>\n<p><em>L&rsquo;\u00e9chelle de Jacob<\/em> est sans doute un film d&rsquo;horreur, et est certainement plus effrayant et d\u00e9rangeant que <em>Perdu<\/em>qui \u00e9tait plus philosophique et m\u00eame optimiste dans son approche. Mais la fa\u00e7on dont la r\u00e9alit\u00e9 de Jacob est en proie \u00e0 un sentiment croissant de myst\u00e8re et d&rsquo;effroi vous rappellera beaucoup les premi\u00e8res saisons de <em>Perdu<\/em>quand les Autres et la Trappe n&rsquo;\u00e9taient que de sinistres mirages cach\u00e9s dans l&rsquo;ombre de cette \u00eele myst\u00e9rieuse. Et la r\u00e9compense ultime du film \u2013 et son message selon lequel parfois, les d\u00e9mons que nous percevons comme nous attaquant sont en r\u00e9alit\u00e9 des anges essayant de nous sauver \u2013 trouvera un \u00e9cho aupr\u00e8s de tous ceux qui ont \u00e9t\u00e9 \u00e0 fond dans les luttes int\u00e9rieures de Jack Shephard (et <em>Perdu<\/em>(les th\u00e8mes g\u00e9n\u00e9raux de l&rsquo;expiation et de la r\u00e9demption).<\/p>\n<p>Enfin, il y a la mani\u00e8re non lin\u00e9aire <em>L&rsquo;\u00e9chelle de Jacob<\/em> traite du temps, qui fait \u00e9cho aux flashbacks, flash-forwards et flash-sideways dans <em>Perdu<\/em>. Alors que la vie de Jacob se dissout dans un chaos de plus en plus infernal, son exp\u00e9rience du temps devient m\u00e9lang\u00e9e et floue, le pass\u00e9 (et les futurs alternatifs) empi\u00e9tant sur le pr\u00e9sent de mani\u00e8re d\u00e9sorientante. Tout comme dans la s\u00e9rie, ces \u00e9clairs de la vie de Jacob dressent lentement un tableau de son v\u00e9ritable pr\u00e9sent et de son destin ultime. C&rsquo;est un film intense et souvent effrayant, mais les fans de <em>Perdu<\/em> je vais l&rsquo;adorer. <strong>Flux <em>L&rsquo;\u00e9chelle de Jacob<\/em> sur Fubo<\/strong><strong>  ou louez-le sur Prime Video<\/strong><strong>.<\/strong><\/p>\n<div class=\"pogoClear mb-12 mt-10 rounded-md border-2 border-gray-100 py-7 shadow-xl md:py-6\">\n<div class=\"flex flex-wrap justify-between px-7 text-black no-underline md:flex-nowrap md:px-8\">\n<div class=\"order-1 mx-auto flex flex-col justify-center md:order-2 md:ml-4 md:w-full md:grow\">\n<div class=\"block cursor-pointer text-center font-akshar text-2xl font-medium leading-7 text-brand-green duration-200 ease-in-out hover:text-brand-green-700 md:text-left md:text-xl md:leading-6\">L&rsquo;\u00e9chelle de Jacob (1990)\n                <\/div>\n<div class=\"mt-4 hidden md:flex md:justify-between\">\n<div class=\"self-end\">\n<div class=\"mb-0 h-11 md:flex md:flex-col md:justify-center\">\n<div class=\" font-sans leading-4 text-black\">\n<div class=\"flex flex-wrap items-center justify-center gap-1 md:justify-start\">\n        <span class=\"font-bold\"><\/p>\n<p>            4,99\u00a0$<br \/>\n                            <span class=\"font-medium\">chez Prime Vid\u00e9o<\/span><br \/>\n                    <\/span>\n            <\/div>\n<\/p><\/div>\n<\/p><\/div>\n<\/p><\/div>\n<div class=\"w-44 self-end\">\n                            <button class=\"flex justify-center items-center w-full bg-brand-green text-white text-base font-sans font-medium rounded-md hover:bg-brand-green-700 hover:cursor-pointer md:text-sm h-11\"><\/p>\n<p>    Apprendre encore plus<br \/>\n<\/button>\n                        <\/div>\n<\/p><\/div>\n<\/p><\/div>\n<div class=\"order-2 mt-5 h-auto w-full md:order-1 md:mt-0 md:hidden\">\n<div class=\"flex aspect-video items-center justify-center\">\n                                            <img decoding=\"async\" class=\"m-0 max-h-full max-w-full rounded-md\" src=\"https:\/\/vieassociative.be\/actualites\/wp-content\/uploads\/2026\/08\/Si-vous-avez-aime-Lost-il-y-a-un-film.jpg\" alt=\"L'\u00e9chelle de Jacob (1990)\" width=\"auto\" height=\"auto\" loading=\"lazy\">\n                                    <\/div>\n<\/p><\/div>\n<div class=\"order-2 ml-2 hidden w-32 shrink-0 items-center md:order-1 md:ml-0 md:flex\">\n<div class=\"flex aspect-video items-center justify-center\">\n                                            <img decoding=\"async\" class=\"m-0 max-h-full max-w-full rounded-md\" src=\"https:\/\/vieassociative.be\/actualites\/wp-content\/uploads\/2026\/08\/Si-vous-avez-aime-Lost-il-y-a-un-film.jpg\" alt=\"L'\u00e9chelle de Jacob (1990)\" width=\"auto\" height=\"auto\" loading=\"lazy\">\n                                    <\/div>\n<\/p><\/div>\n<div class=\"order-3 flex grow flex-wrap md:hidden md:grow-0\">\n<div class=\"mt-4 w-full\">\n                        <button class=\"flex justify-center items-center w-full bg-brand-green text-white text-base font-sans font-medium rounded-md hover:bg-brand-green-700 hover:cursor-pointer md:text-sm h-11\"><\/p>\n<p>    Apprendre encore plus<br \/>\n<\/button>\n                    <\/div>\n<div class=\"mx-2 mt-4 w-full\">\n<div class=\" font-sans leading-4 text-black\">\n<div class=\"flex flex-wrap items-center justify-center gap-1 md:justify-start\">\n        <span class=\"font-bold\"><\/p>\n<p>            4,99\u00a0$<br \/>\n                            <span class=\"font-medium\">chez Prime Vid\u00e9o<\/span><br \/>\n                    <\/span>\n            <\/div>\n<\/p><\/div>\n<\/p><\/div>\n<\/p><\/div>\n<\/p><\/div>\n<\/div>\n<h2 id=\"more-movies-to-watch-if-you-love-lost\">Plus de films \u00e0 regarder si vous aimez <em>Perdu<\/em><\/h2>\n<p>Besoin de plus d&rsquo;\u00eeles myst\u00e9rieuses, de concepts de science-fiction lourds et d&rsquo;histoires de survie contre des forces surnaturelles ? Voici quelques autres films pour <em>Perdu <\/em>fans.<\/p>\n<h3><em>Ch\u00e9rie<\/em> (2019)<\/h3>\n<div class=\"mx-auto mt-8 w-full max-w-4xl aspect-video\">\n<div id=\"video-container-01M1ARHFA13J2K71PYK5JQDFVC\"><\/div>\n<\/div>\n<p>Une \u00eele d\u00e9serte ? V\u00e9rifier. Monstre myst\u00e9rieux ? V\u00e9rifier. Des personnes imparfaites qui cachent des secrets ? V\u00e9rifier. Lorsque son bateau coule, Jenn (Kiersey Clemons) s&rsquo;\u00e9choue sur une \u00eele o\u00f9 le seul signe d&rsquo;humanit\u00e9 est un ensemble de vieilles tombes. La nuit, elle est attaqu\u00e9e par un terrifiant monstre marin. Lorsque certains de ses amis s&rsquo;\u00e9chouent sur la plage, apr\u00e8s avoir \u00e9galement surv\u00e9cu \u00e0 la catastrophe, ils ne croient pas aux avertissements de Jenn et elle commence \u00e0 se demander si elle peut leur faire confiance. Si vous avez aim\u00e9 l&rsquo;aspect survie de <em>Perdu<\/em>L&rsquo;histoire de combin\u00e9e aux relations complexes (et souvent cach\u00e9es) entre les personnages, <em>Ch\u00e9rie<\/em> \u00e7a descendra facilement. <strong>Louer <em>Ch\u00e9rie<\/em> sur Prime Vid\u00e9o<\/strong><strong>.<\/strong><\/p>\n<div class=\"pogoClear mb-12 mt-10 rounded-md border-2 border-gray-100 py-7 shadow-xl md:py-6\">\n<div class=\"flex flex-wrap justify-between px-7 text-black no-underline md:flex-nowrap md:px-8\">\n<div class=\"order-1 mx-auto flex flex-col justify-center md:order-2 md:ml-4 md:w-full md:grow\">\n<div class=\"block cursor-pointer text-center font-akshar text-2xl font-medium leading-7 text-brand-green duration-200 ease-in-out hover:text-brand-green-700 md:text-left md:text-xl md:leading-6\">Ch\u00e9rie (2019)\n                <\/div>\n<div class=\"mt-4 hidden md:flex md:justify-between\">\n<div class=\"self-end\">\n<div class=\"mb-0 h-11 md:flex md:flex-col md:justify-center\">\n<div class=\" font-sans leading-4 text-black\">\n<div class=\"flex flex-wrap items-center justify-center gap-1 md:justify-start\">\n        <span class=\"font-bold\"><\/p>\n<p>            3,99\u00a0$<br \/>\n                            <span class=\"font-medium\">chez Prime Vid\u00e9o<\/span><br \/>\n                    <\/span>\n            <\/div>\n<\/p><\/div>\n<\/p><\/div>\n<\/p><\/div>\n<div class=\"w-44 self-end\">\n                            <button class=\"flex justify-center items-center w-full bg-brand-green text-white text-base font-sans font-medium rounded-md hover:bg-brand-green-700 hover:cursor-pointer md:text-sm h-11\"><\/p>\n<p>    Apprendre encore plus<br \/>\n<\/button>\n                        <\/div>\n<\/p><\/div>\n<\/p><\/div>\n<div class=\"order-2 mt-5 h-auto w-full md:order-1 md:mt-0 md:hidden\">\n<div class=\"flex aspect-video items-center justify-center\">\n                                            <img decoding=\"async\" class=\"m-0 max-h-full max-w-full rounded-md\" src=\"https:\/\/vieassociative.be\/actualites\/wp-content\/uploads\/2026\/08\/1788142619_709_Si-vous-avez-aime-Lost-il-y-a-un-film.jpg\" alt=\"Ch\u00e9rie (2019)\" width=\"auto\" height=\"auto\" loading=\"lazy\">\n                                    <\/div>\n<\/p><\/div>\n<div class=\"order-2 ml-2 hidden w-32 shrink-0 items-center md:order-1 md:ml-0 md:flex\">\n<div class=\"flex aspect-video items-center justify-center\">\n                                            <img decoding=\"async\" class=\"m-0 max-h-full max-w-full rounded-md\" src=\"https:\/\/vieassociative.be\/actualites\/wp-content\/uploads\/2026\/08\/1788142619_709_Si-vous-avez-aime-Lost-il-y-a-un-film.jpg\" alt=\"Ch\u00e9rie (2019)\" width=\"auto\" height=\"auto\" loading=\"lazy\">\n                                    <\/div>\n<\/p><\/div>\n<div class=\"order-3 flex grow flex-wrap md:hidden md:grow-0\">\n<div class=\"mt-4 w-full\">\n                        <button class=\"flex justify-center items-center w-full bg-brand-green text-white text-base font-sans font-medium rounded-md hover:bg-brand-green-700 hover:cursor-pointer md:text-sm h-11\"><\/p>\n<p>    Apprendre encore plus<br \/>\n<\/button>\n                    <\/div>\n<div class=\"mx-2 mt-4 w-full\">\n<div class=\" font-sans leading-4 text-black\">\n<div class=\"flex flex-wrap items-center justify-center gap-1 md:justify-start\">\n        <span class=\"font-bold\"><\/p>\n<p>            3,99\u00a0$<br \/>\n                            <span class=\"font-medium\">chez Prime Vid\u00e9o<\/span><br \/>\n                    <\/span>\n            <\/div>\n<\/p><\/div>\n<\/p><\/div>\n<\/p><\/div>\n<\/p><\/div>\n<\/div>\n<h3><em>Le coureur du labyrinthe<\/em> (2014)<\/h3>\n<div class=\"mx-auto mt-8 w-full max-w-4xl aspect-video\">\n<div id=\"video-container-01M1ARHFA2XB71NBVXV0X58QMT\"><\/div>\n<\/div>\n<p>Si vous voulez plus d&rsquo;histoires sur un groupe d&rsquo;\u00e9trangers qui se retrouvent dans une nature sauvage isol\u00e9e et mena\u00e7ante, avec un myst\u00e8re de bo\u00eete de puzzle qui doit \u00eatre reconstitu\u00e9, cette adaptation de 2014 du roman de James Dashner est le ticket. Se r\u00e9veillant sans aucun souvenir, l&rsquo;adolescent Thomas se retrouve dans la Glade, o\u00f9 la seule \u00e9vasion possible est \u00e0 travers un labyrinthe dense qui l&rsquo;entoure. Le labyrinthe est patrouill\u00e9 par de dangereuses cr\u00e9atures biom\u00e9caniques appel\u00e9es Grievers. D\u00e9termin\u00e9s \u00e0 s&rsquo;\u00e9chapper, Thomas et un groupe d&rsquo;autres adolescents emprisonn\u00e9s doivent acqu\u00e9rir des indices sur le fonctionnement du labyrinthe et finalement d\u00e9couvrir ce qui se passe r\u00e9ellement. Comme sur <em>Perdu<\/em>cela implique une organisation myst\u00e9rieuse, des installations apparemment abandonn\u00e9es et une s\u00e9rie croissante de rebondissements. <strong>Louer <em>Le coureur du labyrinthe<\/em> sur Prime Vid\u00e9o<\/strong><strong>.<\/strong><\/p>\n<div class=\"pogoClear mb-12 mt-10 rounded-md border-2 border-gray-100 py-7 shadow-xl md:py-6\">\n<div class=\"flex flex-wrap justify-between px-7 text-black no-underline md:flex-nowrap md:px-8\">\n<div class=\"order-1 mx-auto flex flex-col justify-center md:order-2 md:ml-4 md:w-full md:grow\">\n<div class=\"block cursor-pointer text-center font-akshar text-2xl font-medium leading-7 text-brand-green duration-200 ease-in-out hover:text-brand-green-700 md:text-left md:text-xl md:leading-6\">Le coureur du labyrinthe (2014)\n                <\/div>\n<div class=\"mt-4 hidden md:flex md:justify-between\">\n<div class=\"self-end\">\n<div class=\"mb-0 h-11 md:flex md:flex-col md:justify-center\">\n<div class=\" font-sans leading-4 text-black\">\n<div class=\"flex flex-wrap items-center justify-center gap-1 md:justify-start\">\n        <span class=\"font-bold\"><\/p>\n<p>            3,99\u00a0$<br \/>\n                            <span class=\"font-medium\">chez Prime Vid\u00e9o<\/span><br \/>\n                    <\/span>\n            <\/div>\n<\/p><\/div>\n<\/p><\/div>\n<\/p><\/div>\n<div class=\"w-44 self-end\">\n                            <button class=\"flex justify-center items-center w-full bg-brand-green text-white text-base font-sans font-medium rounded-md hover:bg-brand-green-700 hover:cursor-pointer md:text-sm h-11\"><\/p>\n<p>    Apprendre encore plus<br \/>\n<\/button>\n                        <\/div>\n<\/p><\/div>\n<\/p><\/div>\n<div class=\"order-2 mt-5 h-auto w-full md:order-1 md:mt-0 md:hidden\">\n<div class=\"flex aspect-video items-center justify-center\">\n                                            <img decoding=\"async\" class=\"m-0 max-h-full max-w-full rounded-md\" src=\"https:\/\/vieassociative.be\/actualites\/wp-content\/uploads\/2026\/08\/1788142619_119_Si-vous-avez-aime-Lost-il-y-a-un-film.jpg\" alt=\"Le coureur du labyrinthe (2014)\" width=\"auto\" height=\"auto\" loading=\"lazy\">\n                                    <\/div>\n<\/p><\/div>\n<div class=\"order-2 ml-2 hidden w-32 shrink-0 items-center md:order-1 md:ml-0 md:flex\">\n<div class=\"flex aspect-video items-center justify-center\">\n                                            <img decoding=\"async\" class=\"m-0 max-h-full max-w-full rounded-md\" src=\"https:\/\/vieassociative.be\/actualites\/wp-content\/uploads\/2026\/08\/1788142619_119_Si-vous-avez-aime-Lost-il-y-a-un-film.jpg\" alt=\"Le coureur du labyrinthe (2014)\" width=\"auto\" height=\"auto\" loading=\"lazy\">\n                                    <\/div>\n<\/p><\/div>\n<div class=\"order-3 flex grow flex-wrap md:hidden md:grow-0\">\n<div class=\"mt-4 w-full\">\n                        <button class=\"flex justify-center items-center w-full bg-brand-green text-white text-base font-sans font-medium rounded-md hover:bg-brand-green-700 hover:cursor-pointer md:text-sm h-11\"><\/p>\n<p>    Apprendre encore plus<br \/>\n<\/button>\n                    <\/div>\n<div class=\"mx-2 mt-4 w-full\">\n<div class=\" font-sans leading-4 text-black\">\n<div class=\"flex flex-wrap items-center justify-center gap-1 md:justify-start\">\n        <span class=\"font-bold\"><\/p>\n<p>            3,99\u00a0$<br \/>\n                            <span class=\"font-medium\">chez Prime Vid\u00e9o<\/span><br \/>\n                    <\/span>\n            <\/div>\n<\/p><\/div>\n<\/p><\/div>\n<\/p><\/div>\n<\/p><\/div>\n<\/div>\n<h3><em>La plage<\/em> (2000)<\/h3>\n<div class=\"mx-auto mt-8 w-full max-w-4xl aspect-video\">\n<div id=\"video-container-01M1ARHFA3EJVV71FR0W0T9TMC\"><\/div>\n<\/div>\n<p>Une partie de ce qui a rendu les gens accros <em>Perdu<\/em> n&rsquo;\u00e9tait que le principe de base : un groupe d&rsquo;\u00e9trangers s&rsquo;\u00e9crase sur une \u00eele et doit trouver un moyen de survivre. <em>La plage<\/em> n&rsquo;est pas un myst\u00e8re, mais cela s&rsquo;appuie sur cette dynamique tr\u00e8s humaine alors qu&rsquo;un groupe de jeunes voyageurs (dirig\u00e9 par un b\u00e9b\u00e9 Leonardo DiCaprio) se dirige vers une plage immacul\u00e9e et isol\u00e9e o\u00f9 un groupe de personnes a \u00e9tabli un ersatz de communaut\u00e9 ax\u00e9e sur le maintien de l&rsquo;endroit idyllique secret. Les \u00ab Autres \u00bb ici sont les trafiquants de drogue qui tol\u00e8rent le groupe pr\u00e8s de leurs fermes \u2013 pour l\u2019instant \u2013 alors que le plus grand risque pourrait \u00eatre la lente rupture de l\u2019ordre parmi les insulaires eux-m\u00eames. Si vos parties pr\u00e9f\u00e9r\u00e9es de <em>Perdu<\/em> impliqu\u00e9 les factions form\u00e9es parmi les survivants, les Tailies et les Autres, regardez ce film. <strong>Louer <em>La plage<\/em> sur Prime Vid\u00e9o<\/strong><strong>.<\/strong><\/p>\n<p><iframe title=\"The Beach\" type=\"text\/html\" width=\"1200\" height=\"550\" frameborder=\"0\" allowfullscreen allow=\"clipboard-write\" style=\"max-width:100%\" src=\"https:\/\/read.amazon.com\/kp\/card?asin=B000I9X6BS\"><\/iframe><\/p>\n<div class=\"pogoClear mb-12 mt-10 rounded-md border-2 border-gray-100 py-7 shadow-xl md:py-6\">\n<div class=\"flex flex-wrap justify-between px-7 text-black no-underline md:flex-nowrap md:px-8\">\n<div class=\"order-1 mx-auto flex flex-col justify-center md:order-2 md:ml-4 md:w-full md:grow\">\n<div class=\"block cursor-pointer text-center font-akshar text-2xl font-medium leading-7 text-brand-green duration-200 ease-in-out hover:text-brand-green-700 md:text-left md:text-xl md:leading-6\">La plage (2000)\n                <\/div>\n<div class=\"mt-4 hidden md:flex md:justify-between\">\n<div class=\"self-end\">\n<div class=\"mb-0 h-11 md:flex md:flex-col md:justify-center\">\n<div class=\" font-sans leading-4 text-black\">\n<div class=\"flex flex-wrap items-center justify-center gap-1 md:justify-start\">\n        <span class=\"font-bold\"><\/p>\n<p>            3,99\u00a0$<br \/>\n                            <span class=\"font-medium\">chez Prime Vid\u00e9o<\/span><br \/>\n                    <\/span>\n            <\/div>\n<\/p><\/div>\n<\/p><\/div>\n<\/p><\/div>\n<div class=\"w-44 self-end\">\n                            <button class=\"flex justify-center items-center w-full bg-brand-green text-white text-base font-sans font-medium rounded-md hover:bg-brand-green-700 hover:cursor-pointer md:text-sm h-11\"><\/p>\n<p>    Apprendre encore plus<br \/>\n<\/button>\n                        <\/div>\n<\/p><\/div>\n<\/p><\/div>\n<div class=\"order-2 mt-5 h-auto w-full md:order-1 md:mt-0 md:hidden\">\n<div class=\"flex aspect-video items-center justify-center\">\n                                            <img decoding=\"async\" class=\"m-0 max-h-full max-w-full rounded-md\" src=\"https:\/\/vieassociative.be\/actualites\/wp-content\/uploads\/2026\/08\/1788142619_872_Si-vous-avez-aime-Lost-il-y-a-un-film.jpg\" alt=\"La plage (2000)\" width=\"auto\" height=\"auto\" loading=\"lazy\">\n                                    <\/div>\n<\/p><\/div>\n<div class=\"order-2 ml-2 hidden w-32 shrink-0 items-center md:order-1 md:ml-0 md:flex\">\n<div class=\"flex aspect-video items-center justify-center\">\n                                            <img decoding=\"async\" class=\"m-0 max-h-full max-w-full rounded-md\" src=\"https:\/\/vieassociative.be\/actualites\/wp-content\/uploads\/2026\/08\/1788142619_872_Si-vous-avez-aime-Lost-il-y-a-un-film.jpg\" alt=\"La plage (2000)\" width=\"auto\" height=\"auto\" loading=\"lazy\">\n                                    <\/div>\n<\/p><\/div>\n<div class=\"order-3 flex grow flex-wrap md:hidden md:grow-0\">\n<div class=\"mt-4 w-full\">\n                        <button class=\"flex justify-center items-center w-full bg-brand-green text-white text-base font-sans font-medium rounded-md hover:bg-brand-green-700 hover:cursor-pointer md:text-sm h-11\"><\/p>\n<p>    Apprendre encore plus<br \/>\n<\/button>\n                    <\/div>\n<div class=\"mx-2 mt-4 w-full\">\n<div class=\" font-sans leading-4 text-black\">\n<div class=\"flex flex-wrap items-center justify-center gap-1 md:justify-start\">\n        <span class=\"font-bold\"><\/p>\n<p>            3,99\u00a0$<br \/>\n                            <span class=\"font-medium\">chez Prime Vid\u00e9o<\/span><br \/>\n                    <\/span>\n            <\/div>\n<\/p><\/div>\n<\/p><\/div>\n<\/p><\/div>\n<\/p><\/div>\n<\/div>\n<h3><em>Appr\u00eat <\/em>(2004)<\/h3>\n<div class=\"mx-auto mt-8 w-full max-w-4xl aspect-video\">\n<div id=\"video-container-01M1ARHFA5TKJJR6SFCQSPT0VX\"><\/div>\n<\/div>\n<p><em>Perdu<\/em> vous a probablement attir\u00e9 avec des notes de myst\u00e8re au milieu du drame humain g\u00e9n\u00e9r\u00e9 par un groupe de survivants d&rsquo;un accident d&rsquo;avion avec beaucoup de secrets, mais cela a lentement \u00e9volu\u00e9 vers une \u00e9mission de science-fiction impliquant un voyage dans le temps et beaucoup d&rsquo;autres choses sp\u00e9culatives. Si vous voulez vous casser la t\u00eate avec une histoire complexe de voyage dans le temps qui s&rsquo;articule autour d&rsquo;une humanit\u00e9 imparfaite et de mauvaises d\u00e9cisions motiv\u00e9es par les \u00e9motions, regardez<em> Appr\u00eat<\/em>: Lorsque deux ing\u00e9nieurs d\u00e9couvrent un moyen limit\u00e9 de voyager dans le temps, ils commencent \u00e0 exp\u00e9rimenter &#8211; mais quand exactement les exp\u00e9riences ont commenc\u00e9 et quelle version du personnage vous regardez \u00e0 un moment donn\u00e9, cela devient vite un casse-t\u00eate complexe (s\u00e9rieusement, il y a<em> graphiques<\/em> en ligne en essayant de tout comprendre). <strong>Louer <em>Appr\u00eat<\/em> sur Prime Vid\u00e9o<\/strong><strong>.<\/strong><\/p>\n<div class=\"pogoClear mb-12 mt-10 rounded-md border-2 border-gray-100 py-7 shadow-xl md:py-6\">\n<div class=\"flex flex-wrap justify-between px-7 text-black no-underline md:flex-nowrap md:px-8\">\n<div class=\"order-1 mx-auto flex flex-col justify-center md:order-2 md:ml-4 md:w-full md:grow\">\n<div class=\"block cursor-pointer text-center font-akshar text-2xl font-medium leading-7 text-brand-green duration-200 ease-in-out hover:text-brand-green-700 md:text-left md:text-xl md:leading-6\">Introduction (2004)\n                <\/div>\n<div class=\"mt-4 hidden md:flex md:justify-between\">\n<div class=\"self-end\">\n<div class=\"mb-0 h-11 md:flex md:flex-col md:justify-center\">\n<div class=\" font-sans leading-4 text-black\">\n<div class=\"flex flex-wrap items-center justify-center gap-1 md:justify-start\">\n        <span class=\"font-bold\"><\/p>\n<p>            3,99\u00a0$<br \/>\n                            <span class=\"font-medium\">chez Prime Vid\u00e9o<\/span><br \/>\n                    <\/span>\n            <\/div>\n<div class=\"flex items-center justify-center gap-x-1 font-bold md:justify-start\">\n            <span class=\"text-sm line-through\">5,99\u00a0$<\/span><br \/>\n            <span class=\"text-sm text-brand-green\">\u00c9conomisez 2,00\u00a0$<\/span>\n        <\/div>\n<\/p><\/div>\n<\/p><\/div>\n<\/p><\/div>\n<div class=\"w-44 self-end\">\n                            <button class=\"flex justify-center items-center w-full bg-brand-green text-white text-base font-sans font-medium rounded-md hover:bg-brand-green-700 hover:cursor-pointer md:text-sm h-11\"><\/p>\n<p>    Apprendre encore plus<br \/>\n<\/button>\n                        <\/div>\n<\/p><\/div>\n<\/p><\/div>\n<div class=\"order-2 mt-5 h-auto w-full md:order-1 md:mt-0 md:hidden\">\n<div class=\"flex aspect-video items-center justify-center\">\n                                            <img decoding=\"async\" class=\"m-0 max-h-full max-w-full rounded-md\" src=\"https:\/\/vieassociative.be\/actualites\/wp-content\/uploads\/2026\/08\/1788142619_271_Si-vous-avez-aime-Lost-il-y-a-un-film.jpg\" alt=\"Introduction (2004)\" width=\"auto\" height=\"auto\" loading=\"lazy\">\n                                    <\/div>\n<\/p><\/div>\n<div class=\"order-2 ml-2 hidden w-32 shrink-0 items-center md:order-1 md:ml-0 md:flex\">\n<div class=\"flex aspect-video items-center justify-center\">\n                                            <img decoding=\"async\" class=\"m-0 max-h-full max-w-full rounded-md\" src=\"https:\/\/vieassociative.be\/actualites\/wp-content\/uploads\/2026\/08\/1788142619_271_Si-vous-avez-aime-Lost-il-y-a-un-film.jpg\" alt=\"Introduction (2004)\" width=\"auto\" height=\"auto\" loading=\"lazy\">\n                                    <\/div>\n<\/p><\/div>\n<div class=\"order-3 flex grow flex-wrap md:hidden md:grow-0\">\n<div class=\"mt-4 w-full\">\n                        <button class=\"flex justify-center items-center w-full bg-brand-green text-white text-base font-sans font-medium rounded-md hover:bg-brand-green-700 hover:cursor-pointer md:text-sm h-11\"><\/p>\n<p>    Apprendre encore plus<br \/>\n<\/button>\n                    <\/div>\n<div class=\"mx-2 mt-4 w-full\">\n<div class=\" font-sans leading-4 text-black\">\n<div class=\"flex flex-wrap items-center justify-center gap-1 md:justify-start\">\n        <span class=\"font-bold\"><\/p>\n<p>            3,99\u00a0$<br \/>\n                            <span class=\"font-medium\">chez Prime Vid\u00e9o<\/span><br \/>\n                    <\/span>\n            <\/div>\n<div class=\"flex items-center justify-center gap-x-1 font-bold md:justify-start\">\n            <span class=\"text-sm line-through\">5,99\u00a0$<\/span><br \/>\n            <span class=\"text-sm text-brand-green\">\u00c9conomisez 2,00\u00a0$<\/span>\n        <\/div>\n<\/p><\/div>\n<\/p><\/div>\n<\/p><\/div>\n<\/p><\/div>\n<\/div>\n<h3><em>Le Village <\/em>(2004)<\/h3>\n<div class=\"mx-auto mt-8 w-full max-w-4xl aspect-video\">\n<div id=\"video-container-01M1ARHFA621JP3ERCHC639T2X\"><\/div>\n<\/div>\n<p><em>Le Village<\/em> J&rsquo;ai eu un peu de haine lors de sa sortie, mais si vous aimez l&rsquo;atmosph\u00e8re \u00e9trange et les r\u00e9v\u00e9lations choquantes de <em>Perdu<\/em>ce joint de M. Night Shyamalan est un excellent match. Dans un village isol\u00e9 du XIXe si\u00e8cle, les habitants surveillent attentivement les monstres anonymes qui se cachent dans les bois environnants. Lorsqu&rsquo;un des villageois est gri\u00e8vement bless\u00e9, Ivy aveugle (Bryce Dallas Howard) entre dans les bois en qu\u00eate de se rendre dans les \u00ab villes \u00bb m\u00e9chantes et interdites pour r\u00e9cup\u00e9rer des m\u00e9dicaments. Une s\u00e9rie de r\u00e9v\u00e9lations permet au public de d\u00e9couvrir les secrets de la communaut\u00e9 insulaire \u00e0 la mani\u00e8re classique de Shyamalan, et les origines de la colonie font \u00e9cho \u00e0 la fondation de l&rsquo;Initiative DHARMA d&rsquo;une mani\u00e8re qui<em> Perdu<\/em> les fans appr\u00e9cieront. <strong>Louer <em>Le Village<\/em> sur Prime Vid\u00e9o<\/strong><strong>.<\/strong><\/p>\n<div class=\"pogoClear mb-12 mt-10 rounded-md border-2 border-gray-100 py-7 shadow-xl md:py-6\">\n<div class=\"flex flex-wrap justify-between px-7 text-black no-underline md:flex-nowrap md:px-8\">\n<div class=\"order-1 mx-auto flex flex-col justify-center md:order-2 md:ml-4 md:w-full md:grow\">\n<div class=\"block cursor-pointer text-center font-akshar text-2xl font-medium leading-7 text-brand-green duration-200 ease-in-out hover:text-brand-green-700 md:text-left md:text-xl md:leading-6\">Le village (2004)\n                <\/div>\n<div class=\"mt-4 hidden md:flex md:justify-between\">\n<div class=\"self-end\">\n<div class=\"mb-0 h-11 md:flex md:flex-col md:justify-center\">\n<div class=\" font-sans leading-4 text-black\">\n<div class=\"flex flex-wrap items-center justify-center gap-1 md:justify-start\">\n        <span class=\"font-bold\"><\/p>\n<p>            3,99\u00a0$<br \/>\n                            <span class=\"font-medium\">chez Prime Vid\u00e9o<\/span><br \/>\n                    <\/span>\n            <\/div>\n<\/p><\/div>\n<\/p><\/div>\n<\/p><\/div>\n<div class=\"w-44 self-end\">\n                            <button class=\"flex justify-center items-center w-full bg-brand-green text-white text-base font-sans font-medium rounded-md hover:bg-brand-green-700 hover:cursor-pointer md:text-sm h-11\"><\/p>\n<p>    Apprendre encore plus<br \/>\n<\/button>\n                        <\/div>\n<\/p><\/div>\n<\/p><\/div>\n<div class=\"order-2 mt-5 h-auto w-full md:order-1 md:mt-0 md:hidden\">\n<div class=\"flex aspect-video items-center justify-center\">\n                                            <img decoding=\"async\" class=\"m-0 max-h-full max-w-full rounded-md\" src=\"https:\/\/vieassociative.be\/actualites\/wp-content\/uploads\/2026\/08\/1788142619_423_Si-vous-avez-aime-Lost-il-y-a-un-film.jpg\" alt=\"Le village (2004)\" width=\"auto\" height=\"auto\" loading=\"lazy\">\n                                    <\/div>\n<\/p><\/div>\n<div class=\"order-2 ml-2 hidden w-32 shrink-0 items-center md:order-1 md:ml-0 md:flex\">\n<div class=\"flex aspect-video items-center justify-center\">\n                                            <img decoding=\"async\" class=\"m-0 max-h-full max-w-full rounded-md\" src=\"https:\/\/vieassociative.be\/actualites\/wp-content\/uploads\/2026\/08\/1788142619_423_Si-vous-avez-aime-Lost-il-y-a-un-film.jpg\" alt=\"Le village (2004)\" width=\"auto\" height=\"auto\" loading=\"lazy\">\n                                    <\/div>\n<\/p><\/div>\n<div class=\"order-3 flex grow flex-wrap md:hidden md:grow-0\">\n<div class=\"mt-4 w-full\">\n                        <button class=\"flex justify-center items-center w-full bg-brand-green text-white text-base font-sans font-medium rounded-md hover:bg-brand-green-700 hover:cursor-pointer md:text-sm h-11\"><\/p>\n<p>    Apprendre encore plus<br \/>\n<\/button>\n                    <\/div>\n<div class=\"mx-2 mt-4 w-full\">\n<div class=\" font-sans leading-4 text-black\">\n<div class=\"flex flex-wrap items-center justify-center gap-1 md:justify-start\">\n        <span class=\"font-bold\"><\/p>\n<p>            3,99\u00a0$<br \/>\n                            <span class=\"font-medium\">chez Prime Vid\u00e9o<\/span><br \/>\n                    <\/span>\n            <\/div>\n<\/p><\/div>\n<\/p><\/div>\n<\/p><\/div>\n<\/p><\/div>\n<\/div>\n","protected":false},"excerpt":{"rendered":"<p>Nous pouvons gagner une commission sur les liens sur cette page. Cela fait plus de 15 ans depuis Perdu a \u00e9t\u00e9 interrompu, mettant fin \u00e0<\/p>\n","protected":false},"author":1,"featured_media":15153,"comment_status":"","ping_status":"","sticky":false,"template":"","format":"standard","meta":{"footnotes":""},"categories":[36],"tags":[727,258,1086,4466,4195,11291,1924,4],"class_list":["post-15152","post","type-post","status-publish","format-standard","has-post-thumbnail","hentry","category-divertissement","tag-aime","tag-avez","tag-devez","tag-ensuite","tag-film","tag-lost","tag-regarder","tag-vous","generate-columns","tablet-grid-50","mobile-grid-100","grid-parent","grid-33"],"yoast_head":"<!-- This site is optimized with the Yoast SEO plugin v24.0 - https:\/\/yoast.com\/wordpress\/plugins\/seo\/ -->\n<title>Si vous avez aim\u00e9 &quot;Lost&quot;, il y a un film que vous devez regarder ensuite | Vie Associative<\/title>\n<meta name=\"robots\" content=\"index, follow, max-snippet:-1, max-image-preview:large, max-video-preview:-1\" \/>\n<link rel=\"canonical\" href=\"https:\/\/vieassociative.be\/actualites\/si-vous-avez-aime-lost-il-y-a-un-film-que-vous-devez-regarder-ensuite\/\" \/>\n<meta property=\"og:locale\" content=\"fr_FR\" \/>\n<meta property=\"og:type\" content=\"article\" \/>\n<meta property=\"og:title\" content=\"Si vous avez aim\u00e9 &quot;Lost&quot;, il y a un film que vous devez regarder ensuite | Vie Associative\" \/>\n<meta property=\"og:description\" content=\"Nous pouvons gagner une commission sur les liens sur cette page. Cela fait plus de 15 ans depuis Perdu a \u00e9t\u00e9 interrompu, mettant fin \u00e0\" \/>\n<meta property=\"og:url\" content=\"https:\/\/vieassociative.be\/actualites\/si-vous-avez-aime-lost-il-y-a-un-film-que-vous-devez-regarder-ensuite\/\" \/>\n<meta property=\"og:site_name\" content=\"Vie Associative\" \/>\n<meta property=\"article:published_time\" content=\"2026-08-31T02:16:59+00:00\" \/>\n<meta property=\"og:image\" content=\"https:\/\/vieassociative.be\/actualites\/wp-content\/uploads\/2026\/08\/Si-vous-avez-aime-Lost-il-y-a-un-film.jpg\" \/>\n<meta name=\"author\" content=\"Julien\" \/>\n<meta name=\"twitter:card\" content=\"summary_large_image\" \/>\n<meta name=\"twitter:label1\" content=\"\u00c9crit par\" \/>\n\t<meta name=\"twitter:data1\" content=\"Julien\" \/>\n\t<meta name=\"twitter:label2\" content=\"Dur\u00e9e de lecture est.\" \/>\n\t<meta name=\"twitter:data2\" content=\"7 minutes\" \/>\n<script type=\"application\/ld+json\" class=\"yoast-schema-graph\">{\"@context\":\"https:\/\/schema.org\",\"@graph\":[{\"@type\":\"Article\",\"@id\":\"https:\/\/vieassociative.be\/actualites\/si-vous-avez-aime-lost-il-y-a-un-film-que-vous-devez-regarder-ensuite\/#article\",\"isPartOf\":{\"@id\":\"https:\/\/vieassociative.be\/actualites\/si-vous-avez-aime-lost-il-y-a-un-film-que-vous-devez-regarder-ensuite\/\"},\"author\":{\"name\":\"Julien\",\"@id\":\"https:\/\/vieassociative.be\/actualites\/#\/schema\/person\/b87ac4f82f9d4e7b7cec7395b679edc4\"},\"headline\":\"Si vous avez aim\u00e9 \u00ab\u00a0Lost\u00a0\u00bb, il y a un film que vous devez regarder ensuite\",\"datePublished\":\"2026-08-31T02:16:59+00:00\",\"dateModified\":\"2026-08-31T02:16:59+00:00\",\"mainEntityOfPage\":{\"@id\":\"https:\/\/vieassociative.be\/actualites\/si-vous-avez-aime-lost-il-y-a-un-film-que-vous-devez-regarder-ensuite\/\"},\"wordCount\":1529,\"publisher\":{\"@id\":\"https:\/\/vieassociative.be\/actualites\/#organization\"},\"image\":{\"@id\":\"https:\/\/vieassociative.be\/actualites\/si-vous-avez-aime-lost-il-y-a-un-film-que-vous-devez-regarder-ensuite\/#primaryimage\"},\"thumbnailUrl\":\"https:\/\/vieassociative.be\/actualites\/wp-content\/uploads\/2026\/08\/1788142621_Si-vous-avez-aime-Lost-il-y-a-un-film.jpg\",\"keywords\":[\"aim\u00e9\",\"avez\",\"devez\",\"ensuite\",\"film\",\"Lost\",\"regarder\",\"Vous\"],\"articleSection\":[\"Divertissement\"],\"inLanguage\":\"fr-BE\"},{\"@type\":\"WebPage\",\"@id\":\"https:\/\/vieassociative.be\/actualites\/si-vous-avez-aime-lost-il-y-a-un-film-que-vous-devez-regarder-ensuite\/\",\"url\":\"https:\/\/vieassociative.be\/actualites\/si-vous-avez-aime-lost-il-y-a-un-film-que-vous-devez-regarder-ensuite\/\",\"name\":\"Si vous avez aim\u00e9 \\\"Lost\\\", il y a un film que vous devez regarder ensuite | Vie Associative\",\"isPartOf\":{\"@id\":\"https:\/\/vieassociative.be\/actualites\/#website\"},\"primaryImageOfPage\":{\"@id\":\"https:\/\/vieassociative.be\/actualites\/si-vous-avez-aime-lost-il-y-a-un-film-que-vous-devez-regarder-ensuite\/#primaryimage\"},\"image\":{\"@id\":\"https:\/\/vieassociative.be\/actualites\/si-vous-avez-aime-lost-il-y-a-un-film-que-vous-devez-regarder-ensuite\/#primaryimage\"},\"thumbnailUrl\":\"https:\/\/vieassociative.be\/actualites\/wp-content\/uploads\/2026\/08\/1788142621_Si-vous-avez-aime-Lost-il-y-a-un-film.jpg\",\"datePublished\":\"2026-08-31T02:16:59+00:00\",\"dateModified\":\"2026-08-31T02:16:59+00:00\",\"breadcrumb\":{\"@id\":\"https:\/\/vieassociative.be\/actualites\/si-vous-avez-aime-lost-il-y-a-un-film-que-vous-devez-regarder-ensuite\/#breadcrumb\"},\"inLanguage\":\"fr-BE\",\"potentialAction\":[{\"@type\":\"ReadAction\",\"target\":[\"https:\/\/vieassociative.be\/actualites\/si-vous-avez-aime-lost-il-y-a-un-film-que-vous-devez-regarder-ensuite\/\"]}]},{\"@type\":\"ImageObject\",\"inLanguage\":\"fr-BE\",\"@id\":\"https:\/\/vieassociative.be\/actualites\/si-vous-avez-aime-lost-il-y-a-un-film-que-vous-devez-regarder-ensuite\/#primaryimage\",\"url\":\"https:\/\/vieassociative.be\/actualites\/wp-content\/uploads\/2026\/08\/1788142621_Si-vous-avez-aime-Lost-il-y-a-un-film.jpg\",\"contentUrl\":\"https:\/\/vieassociative.be\/actualites\/wp-content\/uploads\/2026\/08\/1788142621_Si-vous-avez-aime-Lost-il-y-a-un-film.jpg\",\"width\":1200,\"height\":675,\"caption\":\"Si vous avez aim\u00e9 \\\"Lost\\\", il y a un film que vous devez regarder ensuite\"},{\"@type\":\"BreadcrumbList\",\"@id\":\"https:\/\/vieassociative.be\/actualites\/si-vous-avez-aime-lost-il-y-a-un-film-que-vous-devez-regarder-ensuite\/#breadcrumb\",\"itemListElement\":[{\"@type\":\"ListItem\",\"position\":1,\"name\":\"Accueil\",\"item\":\"https:\/\/vieassociative.be\/actualites\/\"},{\"@type\":\"ListItem\",\"position\":2,\"name\":\"Si vous avez aim\u00e9 \u00ab\u00a0Lost\u00a0\u00bb, il y a un film que vous devez regarder ensuite\"}]},{\"@type\":\"WebSite\",\"@id\":\"https:\/\/vieassociative.be\/actualites\/#website\",\"url\":\"https:\/\/vieassociative.be\/actualites\/\",\"name\":\"Vie Associative\",\"description\":\"\",\"publisher\":{\"@id\":\"https:\/\/vieassociative.be\/actualites\/#organization\"},\"potentialAction\":[{\"@type\":\"SearchAction\",\"target\":{\"@type\":\"EntryPoint\",\"urlTemplate\":\"https:\/\/vieassociative.be\/actualites\/?s={search_term_string}\"},\"query-input\":{\"@type\":\"PropertyValueSpecification\",\"valueRequired\":true,\"valueName\":\"search_term_string\"}}],\"inLanguage\":\"fr-BE\"},{\"@type\":\"Organization\",\"@id\":\"https:\/\/vieassociative.be\/actualites\/#organization\",\"name\":\"Vie Associative\",\"url\":\"https:\/\/vieassociative.be\/actualites\/\",\"logo\":{\"@type\":\"ImageObject\",\"inLanguage\":\"fr-BE\",\"@id\":\"https:\/\/vieassociative.be\/actualites\/#\/schema\/logo\/image\/\",\"url\":\"https:\/\/vieassociative.be\/actualites\/wp-content\/uploads\/2024\/09\/cropped-vieassociative_favicon.ico.png\",\"contentUrl\":\"https:\/\/vieassociative.be\/actualites\/wp-content\/uploads\/2024\/09\/cropped-vieassociative_favicon.ico.png\",\"width\":512,\"height\":512,\"caption\":\"Vie Associative\"},\"image\":{\"@id\":\"https:\/\/vieassociative.be\/actualites\/#\/schema\/logo\/image\/\"}},{\"@type\":\"Person\",\"@id\":\"https:\/\/vieassociative.be\/actualites\/#\/schema\/person\/b87ac4f82f9d4e7b7cec7395b679edc4\",\"name\":\"Julien\",\"image\":{\"@type\":\"ImageObject\",\"inLanguage\":\"fr-BE\",\"@id\":\"https:\/\/vieassociative.be\/actualites\/#\/schema\/person\/image\/\",\"url\":\"https:\/\/vieassociative.be\/actualites\/wp-content\/uploads\/2024\/09\/vie-associative-1-150x150.jpg\",\"contentUrl\":\"https:\/\/vieassociative.be\/actualites\/wp-content\/uploads\/2024\/09\/vie-associative-1-150x150.jpg\",\"caption\":\"Julien\"},\"description\":\"Je suis Julien, r\u00e9dacteur pour Vie Associative. Passionn\u00e9 par le monde associatif depuis plus de 10 ans, j'ai \u00e0 c\u0153ur de partager des histoires inspirantes et de mettre en lumi\u00e8re les initiatives locales. Mon objectif est de sensibiliser et d'encourager l'engagement communautaire \u00e0 travers mes articles.\",\"sameAs\":[\"https:\/\/vieassociative.be\/\"]}]}<\/script>\n<!-- \/ Yoast SEO plugin. -->","yoast_head_json":{"title":"Si vous avez aim\u00e9 \"Lost\", il y a un film que vous devez regarder ensuite | Vie Associative","robots":{"index":"index","follow":"follow","max-snippet":"max-snippet:-1","max-image-preview":"max-image-preview:large","max-video-preview":"max-video-preview:-1"},"canonical":"https:\/\/vieassociative.be\/actualites\/si-vous-avez-aime-lost-il-y-a-un-film-que-vous-devez-regarder-ensuite\/","og_locale":"fr_FR","og_type":"article","og_title":"Si vous avez aim\u00e9 \"Lost\", il y a un film que vous devez regarder ensuite | Vie Associative","og_description":"Nous pouvons gagner une commission sur les liens sur cette page. Cela fait plus de 15 ans depuis Perdu a \u00e9t\u00e9 interrompu, mettant fin \u00e0","og_url":"https:\/\/vieassociative.be\/actualites\/si-vous-avez-aime-lost-il-y-a-un-film-que-vous-devez-regarder-ensuite\/","og_site_name":"Vie Associative","article_published_time":"2026-08-31T02:16:59+00:00","og_image":[{"url":"https:\/\/vieassociative.be\/actualites\/wp-content\/uploads\/2026\/08\/Si-vous-avez-aime-Lost-il-y-a-un-film.jpg","type":"","width":"","height":""}],"author":"Julien","twitter_card":"summary_large_image","twitter_misc":{"\u00c9crit par":"Julien","Dur\u00e9e de lecture est.":"7 minutes"},"schema":{"@context":"https:\/\/schema.org","@graph":[{"@type":"Article","@id":"https:\/\/vieassociative.be\/actualites\/si-vous-avez-aime-lost-il-y-a-un-film-que-vous-devez-regarder-ensuite\/#article","isPartOf":{"@id":"https:\/\/vieassociative.be\/actualites\/si-vous-avez-aime-lost-il-y-a-un-film-que-vous-devez-regarder-ensuite\/"},"author":{"name":"Julien","@id":"https:\/\/vieassociative.be\/actualites\/#\/schema\/person\/b87ac4f82f9d4e7b7cec7395b679edc4"},"headline":"Si vous avez aim\u00e9 \u00ab\u00a0Lost\u00a0\u00bb, il y a un film que vous devez regarder ensuite","datePublished":"2026-08-31T02:16:59+00:00","dateModified":"2026-08-31T02:16:59+00:00","mainEntityOfPage":{"@id":"https:\/\/vieassociative.be\/actualites\/si-vous-avez-aime-lost-il-y-a-un-film-que-vous-devez-regarder-ensuite\/"},"wordCount":1529,"publisher":{"@id":"https:\/\/vieassociative.be\/actualites\/#organization"},"image":{"@id":"https:\/\/vieassociative.be\/actualites\/si-vous-avez-aime-lost-il-y-a-un-film-que-vous-devez-regarder-ensuite\/#primaryimage"},"thumbnailUrl":"https:\/\/vieassociative.be\/actualites\/wp-content\/uploads\/2026\/08\/1788142621_Si-vous-avez-aime-Lost-il-y-a-un-film.jpg","keywords":["aim\u00e9","avez","devez","ensuite","film","Lost","regarder","Vous"],"articleSection":["Divertissement"],"inLanguage":"fr-BE"},{"@type":"WebPage","@id":"https:\/\/vieassociative.be\/actualites\/si-vous-avez-aime-lost-il-y-a-un-film-que-vous-devez-regarder-ensuite\/","url":"https:\/\/vieassociative.be\/actualites\/si-vous-avez-aime-lost-il-y-a-un-film-que-vous-devez-regarder-ensuite\/","name":"Si vous avez aim\u00e9 \"Lost\", il y a un film que vous devez regarder ensuite | Vie Associative","isPartOf":{"@id":"https:\/\/vieassociative.be\/actualites\/#website"},"primaryImageOfPage":{"@id":"https:\/\/vieassociative.be\/actualites\/si-vous-avez-aime-lost-il-y-a-un-film-que-vous-devez-regarder-ensuite\/#primaryimage"},"image":{"@id":"https:\/\/vieassociative.be\/actualites\/si-vous-avez-aime-lost-il-y-a-un-film-que-vous-devez-regarder-ensuite\/#primaryimage"},"thumbnailUrl":"https:\/\/vieassociative.be\/actualites\/wp-content\/uploads\/2026\/08\/1788142621_Si-vous-avez-aime-Lost-il-y-a-un-film.jpg","datePublished":"2026-08-31T02:16:59+00:00","dateModified":"2026-08-31T02:16:59+00:00","breadcrumb":{"@id":"https:\/\/vieassociative.be\/actualites\/si-vous-avez-aime-lost-il-y-a-un-film-que-vous-devez-regarder-ensuite\/#breadcrumb"},"inLanguage":"fr-BE","potentialAction":[{"@type":"ReadAction","target":["https:\/\/vieassociative.be\/actualites\/si-vous-avez-aime-lost-il-y-a-un-film-que-vous-devez-regarder-ensuite\/"]}]},{"@type":"ImageObject","inLanguage":"fr-BE","@id":"https:\/\/vieassociative.be\/actualites\/si-vous-avez-aime-lost-il-y-a-un-film-que-vous-devez-regarder-ensuite\/#primaryimage","url":"https:\/\/vieassociative.be\/actualites\/wp-content\/uploads\/2026\/08\/1788142621_Si-vous-avez-aime-Lost-il-y-a-un-film.jpg","contentUrl":"https:\/\/vieassociative.be\/actualites\/wp-content\/uploads\/2026\/08\/1788142621_Si-vous-avez-aime-Lost-il-y-a-un-film.jpg","width":1200,"height":675,"caption":"Si vous avez aim\u00e9 \"Lost\", il y a un film que vous devez regarder ensuite"},{"@type":"BreadcrumbList","@id":"https:\/\/vieassociative.be\/actualites\/si-vous-avez-aime-lost-il-y-a-un-film-que-vous-devez-regarder-ensuite\/#breadcrumb","itemListElement":[{"@type":"ListItem","position":1,"name":"Accueil","item":"https:\/\/vieassociative.be\/actualites\/"},{"@type":"ListItem","position":2,"name":"Si vous avez aim\u00e9 \u00ab\u00a0Lost\u00a0\u00bb, il y a un film que vous devez regarder ensuite"}]},{"@type":"WebSite","@id":"https:\/\/vieassociative.be\/actualites\/#website","url":"https:\/\/vieassociative.be\/actualites\/","name":"Vie Associative","description":"","publisher":{"@id":"https:\/\/vieassociative.be\/actualites\/#organization"},"potentialAction":[{"@type":"SearchAction","target":{"@type":"EntryPoint","urlTemplate":"https:\/\/vieassociative.be\/actualites\/?s={search_term_string}"},"query-input":{"@type":"PropertyValueSpecification","valueRequired":true,"valueName":"search_term_string"}}],"inLanguage":"fr-BE"},{"@type":"Organization","@id":"https:\/\/vieassociative.be\/actualites\/#organization","name":"Vie Associative","url":"https:\/\/vieassociative.be\/actualites\/","logo":{"@type":"ImageObject","inLanguage":"fr-BE","@id":"https:\/\/vieassociative.be\/actualites\/#\/schema\/logo\/image\/","url":"https:\/\/vieassociative.be\/actualites\/wp-content\/uploads\/2024\/09\/cropped-vieassociative_favicon.ico.png","contentUrl":"https:\/\/vieassociative.be\/actualites\/wp-content\/uploads\/2024\/09\/cropped-vieassociative_favicon.ico.png","width":512,"height":512,"caption":"Vie Associative"},"image":{"@id":"https:\/\/vieassociative.be\/actualites\/#\/schema\/logo\/image\/"}},{"@type":"Person","@id":"https:\/\/vieassociative.be\/actualites\/#\/schema\/person\/b87ac4f82f9d4e7b7cec7395b679edc4","name":"Julien","image":{"@type":"ImageObject","inLanguage":"fr-BE","@id":"https:\/\/vieassociative.be\/actualites\/#\/schema\/person\/image\/","url":"https:\/\/vieassociative.be\/actualites\/wp-content\/uploads\/2024\/09\/vie-associative-1-150x150.jpg","contentUrl":"https:\/\/vieassociative.be\/actualites\/wp-content\/uploads\/2024\/09\/vie-associative-1-150x150.jpg","caption":"Julien"},"description":"Je suis Julien, r\u00e9dacteur pour Vie Associative. Passionn\u00e9 par le monde associatif depuis plus de 10 ans, j'ai \u00e0 c\u0153ur de partager des histoires inspirantes et de mettre en lumi\u00e8re les initiatives locales. Mon objectif est de sensibiliser et d'encourager l'engagement communautaire \u00e0 travers mes articles.","sameAs":["https:\/\/vieassociative.be\/"]}]}},"_links":{"self":[{"href":"https:\/\/vieassociative.be\/actualites\/wp-json\/wp\/v2\/posts\/15152"}],"collection":[{"href":"https:\/\/vieassociative.be\/actualites\/wp-json\/wp\/v2\/posts"}],"about":[{"href":"https:\/\/vieassociative.be\/actualites\/wp-json\/wp\/v2\/types\/post"}],"author":[{"embeddable":true,"href":"https:\/\/vieassociative.be\/actualites\/wp-json\/wp\/v2\/users\/1"}],"replies":[{"embeddable":true,"href":"https:\/\/vieassociative.be\/actualites\/wp-json\/wp\/v2\/comments?post=15152"}],"version-history":[{"count":0,"href":"https:\/\/vieassociative.be\/actualites\/wp-json\/wp\/v2\/posts\/15152\/revisions"}],"wp:featuredmedia":[{"embeddable":true,"href":"https:\/\/vieassociative.be\/actualites\/wp-json\/wp\/v2\/media\/15153"}],"wp:attachment":[{"href":"https:\/\/vieassociative.be\/actualites\/wp-json\/wp\/v2\/media?parent=15152"}],"wp:term":[{"taxonomy":"category","embeddable":true,"href":"https:\/\/vieassociative.be\/actualites\/wp-json\/wp\/v2\/categories?post=15152"},{"taxonomy":"post_tag","embeddable":true,"href":"https:\/\/vieassociative.be\/actualites\/wp-json\/wp\/v2\/tags?post=15152"}],"curies":[{"name":"wp","href":"https:\/\/api.w.org\/{rel}","templated":true}]}}