{"id":15150,"date":"2026-08-30T23:16:58","date_gmt":"2026-08-30T21:16:58","guid":{"rendered":"https:\/\/vieassociative.be\/actualites\/operation-de-police-sur-la-scheiblerplatz-dans-la-ville-basse\/"},"modified":"2026-08-30T23:16:58","modified_gmt":"2026-08-30T21:16:58","slug":"operation-de-police-sur-la-scheiblerplatz-dans-la-ville-basse","status":"publish","type":"post","link":"https:\/\/vieassociative.be\/actualites\/operation-de-police-sur-la-scheiblerplatz-dans-la-ville-basse\/","title":{"rendered":"Op\u00e9ration de police sur la Scheiblerplatz dans la ville basse"},"content":{"rendered":"<p><strong>Dimanche soir, une importante pr\u00e9sence polici\u00e8re \u00e9tait d\u00e9ploy\u00e9e sur la Scheiblerplatz, dans la ville basse d&rsquo;Eupen. La zone a \u00e9t\u00e9 partiellement boucl\u00e9e.<\/strong><\/p>\n<p><span id=\"more-441719\"><\/span>La police et les secours \u00e9taient sur place. Ce qui s\u2019est pass\u00e9 exactement n\u2019\u00e9tait pas clair au d\u00e9part. Des informations faisant \u00e9tat de plusieurs coups de feu et d&rsquo;une personne bless\u00e9e circulaient sur les r\u00e9seaux sociaux.<\/p>\n<p>Le Grenz-Echo a soulign\u00e9 que cette information n&rsquo;avait pas encore \u00e9t\u00e9 confirm\u00e9e. La police et le minist\u00e8re public n&rsquo;ont pas voulu commenter le contexte dimanche soir. La porte-parole du parquet d&rsquo;Eupen a annonc\u00e9 des informations plus d\u00e9taill\u00e9es lundi matin.<\/p>\n","protected":false},"excerpt":{"rendered":"<p>Dimanche soir, une importante pr\u00e9sence polici\u00e8re \u00e9tait d\u00e9ploy\u00e9e sur la Scheiblerplatz, dans la ville basse d&rsquo;Eupen. La zone a \u00e9t\u00e9 partiellement boucl\u00e9e. La police et<\/p>\n","protected":false},"author":1,"featured_media":15151,"comment_status":"","ping_status":"","sticky":false,"template":"","format":"standard","meta":{"footnotes":""},"categories":[298],"tags":[11330,166,5477,2741,11329,33,684],"class_list":["post-15150","post","type-post","status-publish","format-standard","has-post-thumbnail","hentry","category-belgique","tag-basse","tag-dans","tag-operation","tag-police","tag-scheiblerplatz","tag-sur","tag-ville","generate-columns","tablet-grid-50","mobile-grid-100","grid-parent","grid-33"],"yoast_head":"<!-- This site is optimized with the Yoast SEO plugin v24.0 - https:\/\/yoast.com\/wordpress\/plugins\/seo\/ -->\n<title>Op\u00e9ration de police sur la Scheiblerplatz dans la ville basse | Vie Associative<\/title>\n<meta name=\"robots\" content=\"index, follow, max-snippet:-1, max-image-preview:large, max-video-preview:-1\" \/>\n<link rel=\"canonical\" href=\"https:\/\/vieassociative.be\/actualites\/operation-de-police-sur-la-scheiblerplatz-dans-la-ville-basse\/\" \/>\n<meta property=\"og:locale\" content=\"fr_FR\" \/>\n<meta property=\"og:type\" content=\"article\" \/>\n<meta property=\"og:title\" content=\"Op\u00e9ration de police sur la Scheiblerplatz dans la ville basse | Vie Associative\" \/>\n<meta property=\"og:description\" content=\"Dimanche soir, une importante pr\u00e9sence polici\u00e8re \u00e9tait d\u00e9ploy\u00e9e sur la Scheiblerplatz, dans la ville basse d&rsquo;Eupen. La zone a \u00e9t\u00e9 partiellement boucl\u00e9e. La police et\" \/>\n<meta property=\"og:url\" content=\"https:\/\/vieassociative.be\/actualites\/operation-de-police-sur-la-scheiblerplatz-dans-la-ville-basse\/\" \/>\n<meta property=\"og:site_name\" content=\"Vie Associative\" \/>\n<meta property=\"article:published_time\" content=\"2026-08-30T21:16:58+00:00\" \/>\n<meta property=\"og:image\" content=\"https:\/\/vieassociative.be\/actualites\/wp-content\/uploads\/2024\/09\/header_backgroundk-01-e1726694325946.png\" \/>\n\t<meta property=\"og:image:width\" content=\"279\" \/>\n\t<meta property=\"og:image:height\" content=\"92\" \/>\n\t<meta property=\"og:image:type\" content=\"image\/png\" \/>\n<meta name=\"author\" content=\"Julien\" \/>\n<meta name=\"twitter:card\" content=\"summary_large_image\" \/>\n<meta name=\"twitter:label1\" content=\"\u00c9crit par\" \/>\n\t<meta name=\"twitter:data1\" content=\"Julien\" \/>\n\t<meta name=\"twitter:label2\" content=\"Dur\u00e9e de lecture est.\" \/>\n\t<meta name=\"twitter:data2\" content=\"1 minute\" \/>\n<script type=\"application\/ld+json\" class=\"yoast-schema-graph\">{\"@context\":\"https:\/\/schema.org\",\"@graph\":[{\"@type\":\"Article\",\"@id\":\"https:\/\/vieassociative.be\/actualites\/operation-de-police-sur-la-scheiblerplatz-dans-la-ville-basse\/#article\",\"isPartOf\":{\"@id\":\"https:\/\/vieassociative.be\/actualites\/operation-de-police-sur-la-scheiblerplatz-dans-la-ville-basse\/\"},\"author\":{\"name\":\"Julien\",\"@id\":\"https:\/\/vieassociative.be\/actualites\/#\/schema\/person\/b87ac4f82f9d4e7b7cec7395b679edc4\"},\"headline\":\"Op\u00e9ration de police sur la Scheiblerplatz dans la ville basse\",\"datePublished\":\"2026-08-30T21:16:58+00:00\",\"dateModified\":\"2026-08-30T21:16:58+00:00\",\"mainEntityOfPage\":{\"@id\":\"https:\/\/vieassociative.be\/actualites\/operation-de-police-sur-la-scheiblerplatz-dans-la-ville-basse\/\"},\"wordCount\":127,\"publisher\":{\"@id\":\"https:\/\/vieassociative.be\/actualites\/#organization\"},\"image\":{\"@id\":\"https:\/\/vieassociative.be\/actualites\/operation-de-police-sur-la-scheiblerplatz-dans-la-ville-basse\/#primaryimage\"},\"thumbnailUrl\":\"https:\/\/vieassociative.be\/actualites\/wp-content\/uploads\/2026\/08\/Operation-de-police-sur-la-Scheiblerplatz-dans-la-ville-basse.jpg\",\"keywords\":[\"basse\",\"dans\",\"op\u00e9ration\",\"police\",\"Scheiblerplatz\",\"sur\",\"ville\"],\"articleSection\":[\"Belgique\"],\"inLanguage\":\"fr-BE\"},{\"@type\":\"WebPage\",\"@id\":\"https:\/\/vieassociative.be\/actualites\/operation-de-police-sur-la-scheiblerplatz-dans-la-ville-basse\/\",\"url\":\"https:\/\/vieassociative.be\/actualites\/operation-de-police-sur-la-scheiblerplatz-dans-la-ville-basse\/\",\"name\":\"Op\u00e9ration de police sur la Scheiblerplatz dans la ville basse | Vie Associative\",\"isPartOf\":{\"@id\":\"https:\/\/vieassociative.be\/actualites\/#website\"},\"primaryImageOfPage\":{\"@id\":\"https:\/\/vieassociative.be\/actualites\/operation-de-police-sur-la-scheiblerplatz-dans-la-ville-basse\/#primaryimage\"},\"image\":{\"@id\":\"https:\/\/vieassociative.be\/actualites\/operation-de-police-sur-la-scheiblerplatz-dans-la-ville-basse\/#primaryimage\"},\"thumbnailUrl\":\"https:\/\/vieassociative.be\/actualites\/wp-content\/uploads\/2026\/08\/Operation-de-police-sur-la-Scheiblerplatz-dans-la-ville-basse.jpg\",\"datePublished\":\"2026-08-30T21:16:58+00:00\",\"dateModified\":\"2026-08-30T21:16:58+00:00\",\"breadcrumb\":{\"@id\":\"https:\/\/vieassociative.be\/actualites\/operation-de-police-sur-la-scheiblerplatz-dans-la-ville-basse\/#breadcrumb\"},\"inLanguage\":\"fr-BE\",\"potentialAction\":[{\"@type\":\"ReadAction\",\"target\":[\"https:\/\/vieassociative.be\/actualites\/operation-de-police-sur-la-scheiblerplatz-dans-la-ville-basse\/\"]}]},{\"@type\":\"ImageObject\",\"inLanguage\":\"fr-BE\",\"@id\":\"https:\/\/vieassociative.be\/actualites\/operation-de-police-sur-la-scheiblerplatz-dans-la-ville-basse\/#primaryimage\",\"url\":\"https:\/\/vieassociative.be\/actualites\/wp-content\/uploads\/2026\/08\/Operation-de-police-sur-la-Scheiblerplatz-dans-la-ville-basse.jpg\",\"contentUrl\":\"https:\/\/vieassociative.be\/actualites\/wp-content\/uploads\/2026\/08\/Operation-de-police-sur-la-Scheiblerplatz-dans-la-ville-basse.jpg\",\"width\":1600,\"height\":1200,\"caption\":\"Op\u00e9ration de police sur la Scheiblerplatz dans la ville basse\"},{\"@type\":\"BreadcrumbList\",\"@id\":\"https:\/\/vieassociative.be\/actualites\/operation-de-police-sur-la-scheiblerplatz-dans-la-ville-basse\/#breadcrumb\",\"itemListElement\":[{\"@type\":\"ListItem\",\"position\":1,\"name\":\"Accueil\",\"item\":\"https:\/\/vieassociative.be\/actualites\/\"},{\"@type\":\"ListItem\",\"position\":2,\"name\":\"Op\u00e9ration de police sur la Scheiblerplatz dans la ville basse\"}]},{\"@type\":\"WebSite\",\"@id\":\"https:\/\/vieassociative.be\/actualites\/#website\",\"url\":\"https:\/\/vieassociative.be\/actualites\/\",\"name\":\"Vie Associative\",\"description\":\"\",\"publisher\":{\"@id\":\"https:\/\/vieassociative.be\/actualites\/#organization\"},\"potentialAction\":[{\"@type\":\"SearchAction\",\"target\":{\"@type\":\"EntryPoint\",\"urlTemplate\":\"https:\/\/vieassociative.be\/actualites\/?s={search_term_string}\"},\"query-input\":{\"@type\":\"PropertyValueSpecification\",\"valueRequired\":true,\"valueName\":\"search_term_string\"}}],\"inLanguage\":\"fr-BE\"},{\"@type\":\"Organization\",\"@id\":\"https:\/\/vieassociative.be\/actualites\/#organization\",\"name\":\"Vie Associative\",\"url\":\"https:\/\/vieassociative.be\/actualites\/\",\"logo\":{\"@type\":\"ImageObject\",\"inLanguage\":\"fr-BE\",\"@id\":\"https:\/\/vieassociative.be\/actualites\/#\/schema\/logo\/image\/\",\"url\":\"https:\/\/vieassociative.be\/actualites\/wp-content\/uploads\/2024\/09\/cropped-vieassociative_favicon.ico.png\",\"contentUrl\":\"https:\/\/vieassociative.be\/actualites\/wp-content\/uploads\/2024\/09\/cropped-vieassociative_favicon.ico.png\",\"width\":512,\"height\":512,\"caption\":\"Vie Associative\"},\"image\":{\"@id\":\"https:\/\/vieassociative.be\/actualites\/#\/schema\/logo\/image\/\"}},{\"@type\":\"Person\",\"@id\":\"https:\/\/vieassociative.be\/actualites\/#\/schema\/person\/b87ac4f82f9d4e7b7cec7395b679edc4\",\"name\":\"Julien\",\"image\":{\"@type\":\"ImageObject\",\"inLanguage\":\"fr-BE\",\"@id\":\"https:\/\/vieassociative.be\/actualites\/#\/schema\/person\/image\/\",\"url\":\"https:\/\/vieassociative.be\/actualites\/wp-content\/uploads\/2024\/09\/vie-associative-1-150x150.jpg\",\"contentUrl\":\"https:\/\/vieassociative.be\/actualites\/wp-content\/uploads\/2024\/09\/vie-associative-1-150x150.jpg\",\"caption\":\"Julien\"},\"description\":\"Je suis Julien, r\u00e9dacteur pour Vie Associative. Passionn\u00e9 par le monde associatif depuis plus de 10 ans, j'ai \u00e0 c\u0153ur de partager des histoires inspirantes et de mettre en lumi\u00e8re les initiatives locales. Mon objectif est de sensibiliser et d'encourager l'engagement communautaire \u00e0 travers mes articles.\",\"sameAs\":[\"https:\/\/vieassociative.be\/\"]}]}<\/script>\n<!-- \/ Yoast SEO plugin. -->","yoast_head_json":{"title":"Op\u00e9ration de police sur la Scheiblerplatz dans la ville basse | Vie Associative","robots":{"index":"index","follow":"follow","max-snippet":"max-snippet:-1","max-image-preview":"max-image-preview:large","max-video-preview":"max-video-preview:-1"},"canonical":"https:\/\/vieassociative.be\/actualites\/operation-de-police-sur-la-scheiblerplatz-dans-la-ville-basse\/","og_locale":"fr_FR","og_type":"article","og_title":"Op\u00e9ration de police sur la Scheiblerplatz dans la ville basse | Vie Associative","og_description":"Dimanche soir, une importante pr\u00e9sence polici\u00e8re \u00e9tait d\u00e9ploy\u00e9e sur la Scheiblerplatz, dans la ville basse d&rsquo;Eupen. La zone a \u00e9t\u00e9 partiellement boucl\u00e9e. La police et","og_url":"https:\/\/vieassociative.be\/actualites\/operation-de-police-sur-la-scheiblerplatz-dans-la-ville-basse\/","og_site_name":"Vie Associative","article_published_time":"2026-08-30T21:16:58+00:00","og_image":[{"width":279,"height":92,"url":"https:\/\/vieassociative.be\/actualites\/wp-content\/uploads\/2024\/09\/header_backgroundk-01-e1726694325946.png","type":"image\/png"}],"author":"Julien","twitter_card":"summary_large_image","twitter_misc":{"\u00c9crit par":"Julien","Dur\u00e9e de lecture est.":"1 minute"},"schema":{"@context":"https:\/\/schema.org","@graph":[{"@type":"Article","@id":"https:\/\/vieassociative.be\/actualites\/operation-de-police-sur-la-scheiblerplatz-dans-la-ville-basse\/#article","isPartOf":{"@id":"https:\/\/vieassociative.be\/actualites\/operation-de-police-sur-la-scheiblerplatz-dans-la-ville-basse\/"},"author":{"name":"Julien","@id":"https:\/\/vieassociative.be\/actualites\/#\/schema\/person\/b87ac4f82f9d4e7b7cec7395b679edc4"},"headline":"Op\u00e9ration de police sur la Scheiblerplatz dans la ville basse","datePublished":"2026-08-30T21:16:58+00:00","dateModified":"2026-08-30T21:16:58+00:00","mainEntityOfPage":{"@id":"https:\/\/vieassociative.be\/actualites\/operation-de-police-sur-la-scheiblerplatz-dans-la-ville-basse\/"},"wordCount":127,"publisher":{"@id":"https:\/\/vieassociative.be\/actualites\/#organization"},"image":{"@id":"https:\/\/vieassociative.be\/actualites\/operation-de-police-sur-la-scheiblerplatz-dans-la-ville-basse\/#primaryimage"},"thumbnailUrl":"https:\/\/vieassociative.be\/actualites\/wp-content\/uploads\/2026\/08\/Operation-de-police-sur-la-Scheiblerplatz-dans-la-ville-basse.jpg","keywords":["basse","dans","op\u00e9ration","police","Scheiblerplatz","sur","ville"],"articleSection":["Belgique"],"inLanguage":"fr-BE"},{"@type":"WebPage","@id":"https:\/\/vieassociative.be\/actualites\/operation-de-police-sur-la-scheiblerplatz-dans-la-ville-basse\/","url":"https:\/\/vieassociative.be\/actualites\/operation-de-police-sur-la-scheiblerplatz-dans-la-ville-basse\/","name":"Op\u00e9ration de police sur la Scheiblerplatz dans la ville basse | Vie Associative","isPartOf":{"@id":"https:\/\/vieassociative.be\/actualites\/#website"},"primaryImageOfPage":{"@id":"https:\/\/vieassociative.be\/actualites\/operation-de-police-sur-la-scheiblerplatz-dans-la-ville-basse\/#primaryimage"},"image":{"@id":"https:\/\/vieassociative.be\/actualites\/operation-de-police-sur-la-scheiblerplatz-dans-la-ville-basse\/#primaryimage"},"thumbnailUrl":"https:\/\/vieassociative.be\/actualites\/wp-content\/uploads\/2026\/08\/Operation-de-police-sur-la-Scheiblerplatz-dans-la-ville-basse.jpg","datePublished":"2026-08-30T21:16:58+00:00","dateModified":"2026-08-30T21:16:58+00:00","breadcrumb":{"@id":"https:\/\/vieassociative.be\/actualites\/operation-de-police-sur-la-scheiblerplatz-dans-la-ville-basse\/#breadcrumb"},"inLanguage":"fr-BE","potentialAction":[{"@type":"ReadAction","target":["https:\/\/vieassociative.be\/actualites\/operation-de-police-sur-la-scheiblerplatz-dans-la-ville-basse\/"]}]},{"@type":"ImageObject","inLanguage":"fr-BE","@id":"https:\/\/vieassociative.be\/actualites\/operation-de-police-sur-la-scheiblerplatz-dans-la-ville-basse\/#primaryimage","url":"https:\/\/vieassociative.be\/actualites\/wp-content\/uploads\/2026\/08\/Operation-de-police-sur-la-Scheiblerplatz-dans-la-ville-basse.jpg","contentUrl":"https:\/\/vieassociative.be\/actualites\/wp-content\/uploads\/2026\/08\/Operation-de-police-sur-la-Scheiblerplatz-dans-la-ville-basse.jpg","width":1600,"height":1200,"caption":"Op\u00e9ration de police sur la Scheiblerplatz dans la ville basse"},{"@type":"BreadcrumbList","@id":"https:\/\/vieassociative.be\/actualites\/operation-de-police-sur-la-scheiblerplatz-dans-la-ville-basse\/#breadcrumb","itemListElement":[{"@type":"ListItem","position":1,"name":"Accueil","item":"https:\/\/vieassociative.be\/actualites\/"},{"@type":"ListItem","position":2,"name":"Op\u00e9ration de police sur la Scheiblerplatz dans la ville basse"}]},{"@type":"WebSite","@id":"https:\/\/vieassociative.be\/actualites\/#website","url":"https:\/\/vieassociative.be\/actualites\/","name":"Vie Associative","description":"","publisher":{"@id":"https:\/\/vieassociative.be\/actualites\/#organization"},"potentialAction":[{"@type":"SearchAction","target":{"@type":"EntryPoint","urlTemplate":"https:\/\/vieassociative.be\/actualites\/?s={search_term_string}"},"query-input":{"@type":"PropertyValueSpecification","valueRequired":true,"valueName":"search_term_string"}}],"inLanguage":"fr-BE"},{"@type":"Organization","@id":"https:\/\/vieassociative.be\/actualites\/#organization","name":"Vie Associative","url":"https:\/\/vieassociative.be\/actualites\/","logo":{"@type":"ImageObject","inLanguage":"fr-BE","@id":"https:\/\/vieassociative.be\/actualites\/#\/schema\/logo\/image\/","url":"https:\/\/vieassociative.be\/actualites\/wp-content\/uploads\/2024\/09\/cropped-vieassociative_favicon.ico.png","contentUrl":"https:\/\/vieassociative.be\/actualites\/wp-content\/uploads\/2024\/09\/cropped-vieassociative_favicon.ico.png","width":512,"height":512,"caption":"Vie Associative"},"image":{"@id":"https:\/\/vieassociative.be\/actualites\/#\/schema\/logo\/image\/"}},{"@type":"Person","@id":"https:\/\/vieassociative.be\/actualites\/#\/schema\/person\/b87ac4f82f9d4e7b7cec7395b679edc4","name":"Julien","image":{"@type":"ImageObject","inLanguage":"fr-BE","@id":"https:\/\/vieassociative.be\/actualites\/#\/schema\/person\/image\/","url":"https:\/\/vieassociative.be\/actualites\/wp-content\/uploads\/2024\/09\/vie-associative-1-150x150.jpg","contentUrl":"https:\/\/vieassociative.be\/actualites\/wp-content\/uploads\/2024\/09\/vie-associative-1-150x150.jpg","caption":"Julien"},"description":"Je suis Julien, r\u00e9dacteur pour Vie Associative. Passionn\u00e9 par le monde associatif depuis plus de 10 ans, j'ai \u00e0 c\u0153ur de partager des histoires inspirantes et de mettre en lumi\u00e8re les initiatives locales. Mon objectif est de sensibiliser et d'encourager l'engagement communautaire \u00e0 travers mes articles.","sameAs":["https:\/\/vieassociative.be\/"]}]}},"_links":{"self":[{"href":"https:\/\/vieassociative.be\/actualites\/wp-json\/wp\/v2\/posts\/15150"}],"collection":[{"href":"https:\/\/vieassociative.be\/actualites\/wp-json\/wp\/v2\/posts"}],"about":[{"href":"https:\/\/vieassociative.be\/actualites\/wp-json\/wp\/v2\/types\/post"}],"author":[{"embeddable":true,"href":"https:\/\/vieassociative.be\/actualites\/wp-json\/wp\/v2\/users\/1"}],"replies":[{"embeddable":true,"href":"https:\/\/vieassociative.be\/actualites\/wp-json\/wp\/v2\/comments?post=15150"}],"version-history":[{"count":0,"href":"https:\/\/vieassociative.be\/actualites\/wp-json\/wp\/v2\/posts\/15150\/revisions"}],"wp:featuredmedia":[{"embeddable":true,"href":"https:\/\/vieassociative.be\/actualites\/wp-json\/wp\/v2\/media\/15151"}],"wp:attachment":[{"href":"https:\/\/vieassociative.be\/actualites\/wp-json\/wp\/v2\/media?parent=15150"}],"wp:term":[{"taxonomy":"category","embeddable":true,"href":"https:\/\/vieassociative.be\/actualites\/wp-json\/wp\/v2\/categories?post=15150"},{"taxonomy":"post_tag","embeddable":true,"href":"https:\/\/vieassociative.be\/actualites\/wp-json\/wp\/v2\/tags?post=15150"}],"curies":[{"name":"wp","href":"https:\/\/api.w.org\/{rel}","templated":true}]}}