{"id":1511,"date":"2024-10-22T12:17:03","date_gmt":"2024-10-22T10:17:03","guid":{"rendered":"https:\/\/vieassociative.be\/actualites\/comment-parler-aux-enfants-du-terrible-etat-de-la-politique-americaine\/"},"modified":"2024-10-22T12:17:03","modified_gmt":"2024-10-22T10:17:03","slug":"comment-parler-aux-enfants-du-terrible-etat-de-la-politique-americaine","status":"publish","type":"post","link":"https:\/\/vieassociative.be\/actualites\/comment-parler-aux-enfants-du-terrible-etat-de-la-politique-americaine\/","title":{"rendered":"Comment parler aux enfants du terrible \u00e9tat de la politique am\u00e9ricaine"},"content":{"rendered":"<div class=\"mt-4 leading-6 md:mb-8\">Parce que l\u2019esprit critique et la d\u00e9tection des conneries ne sont plus un luxe ; ce sont des comp\u00e9tences de vie.<\/div>\n<p><\/p>\n<p>Nous sommes \u00e0 un peu plus d\u2019un an de l\u2019\u00e9lection pr\u00e9sidentielle de 2024, et si vous pensez que les choses sont laides et folles maintenant, attendez quelques mois. Nous sommes une nation plus divis\u00e9e id\u00e9ologiquement qu\u2019avant, et c\u2019est en partie intentionnel. La peur et la haine sont les cl\u00e9s pour remporter les \u00e9lections modernes, alors comptez sur les strat\u00e8ges et les politiciens pour trouver de nouvelles fa\u00e7ons passionnantes d\u2019injecter du poison rh\u00e9torique directement dans le courant culturel principal.<\/p>\n<p>Si vous choisissez de mettre des enfants au monde, vous avez la responsabilit\u00e9 de les aider \u00e0 contextualiser et \u00e0 comprendre le moment politique d\u00e9courageant dans lequel nous sommes pi\u00e9g\u00e9s. La pens\u00e9e critique et la d\u00e9tection des conneries ne sont plus un luxe ; ce sont des comp\u00e9tences de vie, et vous devriez aider vos enfants \u00e0 les d\u00e9velopper, ne serait-ce que pour rendre le futur \u00e9lectorat moins fou. Vous trouverez ci-dessous quelques conseils qui pourraient vous aider \u00e0 aider votre enfant \u00e0 comprendre ce qui se passe et \u00e0 ne pas en devenir trop fou. <\/p>\n<h2 id=\"be-open-to-the-conversation\"><strong>Soyez ouvert \u00e0 la conversation<\/strong><\/h2>\n<p>Pour beaucoup, il est plus facile de parler de sexualit\u00e9 avec nos enfants que de parler de politique. Les enfants peuvent percevoir cette r\u00e9ticence et ne pas exprimer leurs craintes et leurs inqui\u00e9tudes concernant les \u00e9v\u00e9nements actuels. Vous devez donc faire un effort conscient pour aborder le sujet. R\u00e9servez un moment de calme et posez des questions ouvertes telles que : \u00ab \u00c0 votre avis, qui devrait \u00eatre pr\u00e9sident ? \u00bb Alors laissez-les r\u00e9pondre. Essayez de ne pas orienter la conversation vers vos convictions ou de ne pas discuter. Peu importe ce qu\u2019un enfant de 8 ans pense de la politique : le but est qu\u2019il r\u00e9fl\u00e9chisse et comprenne mieux le monde.<\/p>\n<h2 id=\"keep-things-age-appropriate\"><strong>Gardez les choses adapt\u00e9es \u00e0 l&rsquo;\u00e2ge<\/strong><\/h2>\n<p>Les enfants d\u2019\u00e2ges diff\u00e9rents comprennent le monde de diff\u00e9rentes mani\u00e8res. Les plus jeunes voient le monde en termes simplistes et absolus. Ils croient aux r\u00e8gles, aux attentes et sont suffisamment innocents pour demander justice plut\u00f4t que mis\u00e9ricorde. Vous pouvez donc expliquer une \u00e9lection en disant quelque chose comme : \u00ab Celui qui a obtenu le plus de voix gagne, et c&rsquo;est juste \u00bb, une explication raisonnable pour un enfant de six ans.<\/p>\n<p>Les enfants plus \u00e2g\u00e9s peuvent (parfois) saisir les nuances et les contradictions de l\u2019activit\u00e9 humaine. Ils peuvent comprendre que le compromis est n\u00e9cessaire dans les politiques publiques et qu\u2019aucun r\u00e9sultat ne sera parfait. Vous pouvez donc expliquer une \u00e9lection en disant\u00a0:\u00a0\u00ab\u00a0La personne qui obtient le plus de voix \u00e9lectorales gagne, et ce n\u2019est pas juste, mais qu\u2019est-ce que tu vas faire\u00a0?\u00a0\u00bb Une explication raisonnable pour un jeune de seize ans. <\/p>\n<h2 id=\"be-positive-and-reassuring\"><strong>Soyez positif et rassurant<\/strong><\/h2>\n<p>Vous paniquez peut-\u00eatre \u00e0 propos de la politique, mais il n&rsquo;y a rien \u00e0 gagner \u00e0 effrayer les enfants, alors essayez d&rsquo;\u00eatre r\u00e9confortant et positif, m\u00eame si vous ne ressentez pas cela. Je ne vous sugg\u00e8re pas de mentir, mais le r\u00f4le parental et la politique exigent une discipline de message. L\u2019objectif est d\u2019\u00e9lever un enfant qui se sent \u00e0 l\u2019aise dans le monde, et le remplir de vos peurs n\u2019y parvient pas. Alors massez un peu la v\u00e9rit\u00e9. Si votre enfant dit : \u00ab J&rsquo;ai peur que Trump soit r\u00e9\u00e9lu \u00bb, ne r\u00e9pondez pas : \u00ab N&rsquo;est-ce pas ? Nous allons tous mourir ! Dites plut\u00f4t : \u00ab Moi aussi, je suis un peu inquiet, mais ce n&rsquo;est que pour quatre ans. \u00bb<\/p>\n<h2 id=\"take-a-long-view\"><strong>Adoptez une vision \u00e0 long terme<\/strong><\/h2>\n<p>Lorsque vous essayez de contextualiser l\u2019actualit\u00e9 pour votre enfant, il est facile de tomber dans une pens\u00e9e apocalyptique \u2013 ce sont des moments \u00e9tranges et laids apr\u00e8s tout \u2013 mais n\u2019oubliez pas qu\u2019il y a eu des moments plus \u00e9tranges et plus laids. Comme la guerre civile. Ou la Reconstruction. Ou la p\u00e9riode apr\u00e8s La Reconstruction. Ou la Grande D\u00e9pression. Ou la Seconde Guerre mondiale, et ainsi de suite. Notre nation a \u00e9t\u00e9 r\u00e9guli\u00e8rement au bord de l\u2019effondrement, mais elle ne s\u2019effondre jamais vraiment. Et si la tour Jenga de la d\u00e9mocratie am\u00e9ricaine est vraiment sur le point de s&rsquo;effondrer, votre enfant de 9 ans ne peut rien y faire, alors essayez de lier l&rsquo;actualit\u00e9 aux \u00e9v\u00e9nements historiques qu&rsquo;il apprend en cours d&rsquo;histoire. Il y a quelque chose de rassurant dans la permanence du chaos dans la vie publique. <\/p>\n<h2 id=\"separate-the-signal-from-the-noise\"><strong>S\u00e9parer le signal du bruit<\/strong><\/h2>\n<p>Il est facile de rester coinc\u00e9 dans l\u2019indignation quotidienne de la couverture politique, mais la quasi-totalit\u00e9 de la rh\u00e9torique de guerre culturelle dans laquelle nous nous engageons est moins significative que les lois adopt\u00e9es au niveau national et local. Orientez donc les conversations avec les enfants vers la politique publique plut\u00f4t que vers la politique. Discutez des grandes lignes\u00a0: pourquoi nous avons les lois que nous avons. Qui les a fabriqu\u00e9s. Qui les applique. Expliquez ce qu&rsquo;est le vote et comment le gouvernement est structur\u00e9 et fonctionne. (Vous devrez peut-\u00eatre faire des recherches pour cela.)<\/p>\n<h2 id=\"dont-demonize-people-you-disagree-with\"><strong>Ne diabolisez pas les personnes avec lesquelles vous n&rsquo;\u00eates pas d&rsquo;accord<\/strong><\/h2>\n<p>Il est bon de faire savoir \u00e0 vos enfants ce que vous pensez de la politique (d&rsquo;une mani\u00e8re adapt\u00e9e \u00e0 leur \u00e2ge bien s\u00fbr), mais essayez d&rsquo;\u00e9viter de diaboliser les personnes qui ne sont pas d&rsquo;accord avec vous, surtout s&rsquo;il s&rsquo;agit de membres de votre famille. Comment deux personnes honn\u00eates peuvent avoir des opinions oppos\u00e9es sur la politique peut \u00eatre d\u00e9concertante pour les enfants (et les adultes), mais ne l&rsquo;expliquez pas en disant : \u00ab Ils sont tout simplement stupides \u00bb. (M\u00eame s&rsquo;ils sont stupides.) Essayez plut\u00f4t quelque chose comme \u00ab Nous ne sommes pas d&rsquo;accord sur tout \u00bb. Votre beau-fr\u00e8re qui arbore un drapeau Trump 2024 sera toujours \u00e0 Thanksgiving, alors essayez de mod\u00e9liser une interaction polie malgr\u00e9 les diff\u00e9rences id\u00e9ologiques.<\/p>\n<h2 id=\"teach-your-children-to-think-about-media-critically\"><strong>Apprenez \u00e0 vos enfants \u00e0 r\u00e9fl\u00e9chir de mani\u00e8re critique aux m\u00e9dias<\/strong><\/h2>\n<p>Si une publicit\u00e9 politique appara\u00eet sur YouTube ou \u00e0 la t\u00e9l\u00e9vision, ne la d\u00e9sactivez pas imm\u00e9diatement. Utilisez-le comme une le\u00e7on d&rsquo;\u00e9ducation aux m\u00e9dias et parlez des messages que vous recevez. Essayez de les amener \u00e0 r\u00e9fl\u00e9chir de mani\u00e8re critique \u00e0 ce qui se cache derri\u00e8re cela. Discutez de qui l\u2019a fait et pourquoi. Discutez des tactiques utilis\u00e9es\u00a0: essaie-t-elle d\u2019effrayer les gens\u00a0? Les informer ? Les persuader ? Les affirmations qu\u2019il fait sont-elles vraies ? L\u2019id\u00e9e est de remettre activement en question la propagande, quelle qu\u2019en soit la source, et de cr\u00e9er une personne qui ne se laisse pas envahir par les m\u00e9dias.<\/p>\n<h2 id=\"let-your-children-see-you-engage-in-politics\"><strong>Montrez \u00e0 vos enfants que vous vous engagez en politique<\/strong><\/h2>\n<p>Si vous voulez que votre enfant grandisse et devienne un bon citoyen, vous devez adopter un bon comportement citoyen. Alors engagez-vous en politique d\u2019une mani\u00e8re significative et positive. Si vous d\u00e9testez vraiment un candidat \u00e0 la mairie, portez-vous volontaire pour t\u00e9l\u00e9phoner \u00e0 la banque de l&rsquo;opposition au lieu de vous plaindre. Mettez un panneau sur votre pelouse. Ayez r\u00e9guli\u00e8rement des discussions politiques en famille. Discutez de la fa\u00e7on dont votre propre syst\u00e8me de valeurs s\u2019aligne sur vos opinions politiques. Discutez de la mani\u00e8re dont vous \u00eates parvenu \u00e0 adh\u00e9rer \u00e0 vos opinions et d\u2019o\u00f9 viennent vos valeurs.<\/p>\n","protected":false},"excerpt":{"rendered":"<p>Parce que l\u2019esprit critique et la d\u00e9tection des conneries ne sont plus un luxe ; ce sont des comp\u00e9tences de vie. Nous sommes \u00e0 un<\/p>\n","protected":false},"author":1,"featured_media":1512,"comment_status":"","ping_status":"","sticky":false,"template":"","format":"standard","meta":{"footnotes":""},"categories":[37],"tags":[2102,289,44,324,1142,438,1513,880],"class_list":["post-1511","post","type-post","status-publish","format-standard","has-post-thumbnail","hentry","category-famille","tag-americaine","tag-aux","tag-comment","tag-enfants","tag-etat","tag-parler","tag-politique","tag-terrible","generate-columns","tablet-grid-50","mobile-grid-100","grid-parent","grid-33"],"yoast_head":"<!-- This site is optimized with the Yoast SEO plugin v24.0 - https:\/\/yoast.com\/wordpress\/plugins\/seo\/ -->\n<title>Comment parler aux enfants du terrible \u00e9tat de la politique am\u00e9ricaine | Vie Associative<\/title>\n<meta name=\"robots\" content=\"index, follow, max-snippet:-1, max-image-preview:large, max-video-preview:-1\" \/>\n<link rel=\"canonical\" href=\"https:\/\/vieassociative.be\/actualites\/comment-parler-aux-enfants-du-terrible-etat-de-la-politique-americaine\/\" \/>\n<meta property=\"og:locale\" content=\"fr_FR\" \/>\n<meta property=\"og:type\" content=\"article\" \/>\n<meta property=\"og:title\" content=\"Comment parler aux enfants du terrible \u00e9tat de la politique am\u00e9ricaine | Vie Associative\" \/>\n<meta property=\"og:description\" content=\"Parce que l\u2019esprit critique et la d\u00e9tection des conneries ne sont plus un luxe ; ce sont des comp\u00e9tences de vie. Nous sommes \u00e0 un\" \/>\n<meta property=\"og:url\" content=\"https:\/\/vieassociative.be\/actualites\/comment-parler-aux-enfants-du-terrible-etat-de-la-politique-americaine\/\" \/>\n<meta property=\"og:site_name\" content=\"Vie Associative\" \/>\n<meta property=\"article:published_time\" content=\"2024-10-22T10:17:03+00:00\" \/>\n<meta property=\"og:image\" content=\"https:\/\/vieassociative.be\/actualites\/wp-content\/uploads\/2024\/09\/header_backgroundk-01-e1726694325946.png\" \/>\n\t<meta property=\"og:image:width\" content=\"279\" \/>\n\t<meta property=\"og:image:height\" content=\"92\" \/>\n\t<meta property=\"og:image:type\" content=\"image\/png\" \/>\n<meta name=\"author\" content=\"Julien\" \/>\n<meta name=\"twitter:card\" content=\"summary_large_image\" \/>\n<meta name=\"twitter:label1\" content=\"\u00c9crit par\" \/>\n\t<meta name=\"twitter:data1\" content=\"Julien\" \/>\n\t<meta name=\"twitter:label2\" content=\"Dur\u00e9e de lecture est.\" \/>\n\t<meta name=\"twitter:data2\" content=\"6 minutes\" \/>\n<script type=\"application\/ld+json\" class=\"yoast-schema-graph\">{\"@context\":\"https:\/\/schema.org\",\"@graph\":[{\"@type\":\"Article\",\"@id\":\"https:\/\/vieassociative.be\/actualites\/comment-parler-aux-enfants-du-terrible-etat-de-la-politique-americaine\/#article\",\"isPartOf\":{\"@id\":\"https:\/\/vieassociative.be\/actualites\/comment-parler-aux-enfants-du-terrible-etat-de-la-politique-americaine\/\"},\"author\":{\"name\":\"Julien\",\"@id\":\"https:\/\/vieassociative.be\/actualites\/#\/schema\/person\/b87ac4f82f9d4e7b7cec7395b679edc4\"},\"headline\":\"Comment parler aux enfants du terrible \u00e9tat de la politique am\u00e9ricaine\",\"datePublished\":\"2024-10-22T10:17:03+00:00\",\"dateModified\":\"2024-10-22T10:17:03+00:00\",\"mainEntityOfPage\":{\"@id\":\"https:\/\/vieassociative.be\/actualites\/comment-parler-aux-enfants-du-terrible-etat-de-la-politique-americaine\/\"},\"wordCount\":1292,\"publisher\":{\"@id\":\"https:\/\/vieassociative.be\/actualites\/#organization\"},\"image\":{\"@id\":\"https:\/\/vieassociative.be\/actualites\/comment-parler-aux-enfants-du-terrible-etat-de-la-politique-americaine\/#primaryimage\"},\"thumbnailUrl\":\"https:\/\/vieassociative.be\/actualites\/wp-content\/uploads\/2024\/10\/Comment-parler-aux-enfants-du-terrible-etat-de-la-politique.png\",\"keywords\":[\"am\u00e9ricaine\",\"aux\",\"Comment\",\"enfants\",\"\u00e9tat\",\"parler\",\"politique\",\"terrible\"],\"articleSection\":[\"Famille\"],\"inLanguage\":\"fr-BE\"},{\"@type\":\"WebPage\",\"@id\":\"https:\/\/vieassociative.be\/actualites\/comment-parler-aux-enfants-du-terrible-etat-de-la-politique-americaine\/\",\"url\":\"https:\/\/vieassociative.be\/actualites\/comment-parler-aux-enfants-du-terrible-etat-de-la-politique-americaine\/\",\"name\":\"Comment parler aux enfants du terrible \u00e9tat de la politique am\u00e9ricaine | Vie Associative\",\"isPartOf\":{\"@id\":\"https:\/\/vieassociative.be\/actualites\/#website\"},\"primaryImageOfPage\":{\"@id\":\"https:\/\/vieassociative.be\/actualites\/comment-parler-aux-enfants-du-terrible-etat-de-la-politique-americaine\/#primaryimage\"},\"image\":{\"@id\":\"https:\/\/vieassociative.be\/actualites\/comment-parler-aux-enfants-du-terrible-etat-de-la-politique-americaine\/#primaryimage\"},\"thumbnailUrl\":\"https:\/\/vieassociative.be\/actualites\/wp-content\/uploads\/2024\/10\/Comment-parler-aux-enfants-du-terrible-etat-de-la-politique.png\",\"datePublished\":\"2024-10-22T10:17:03+00:00\",\"dateModified\":\"2024-10-22T10:17:03+00:00\",\"breadcrumb\":{\"@id\":\"https:\/\/vieassociative.be\/actualites\/comment-parler-aux-enfants-du-terrible-etat-de-la-politique-americaine\/#breadcrumb\"},\"inLanguage\":\"fr-BE\",\"potentialAction\":[{\"@type\":\"ReadAction\",\"target\":[\"https:\/\/vieassociative.be\/actualites\/comment-parler-aux-enfants-du-terrible-etat-de-la-politique-americaine\/\"]}]},{\"@type\":\"ImageObject\",\"inLanguage\":\"fr-BE\",\"@id\":\"https:\/\/vieassociative.be\/actualites\/comment-parler-aux-enfants-du-terrible-etat-de-la-politique-americaine\/#primaryimage\",\"url\":\"https:\/\/vieassociative.be\/actualites\/wp-content\/uploads\/2024\/10\/Comment-parler-aux-enfants-du-terrible-etat-de-la-politique.png\",\"contentUrl\":\"https:\/\/vieassociative.be\/actualites\/wp-content\/uploads\/2024\/10\/Comment-parler-aux-enfants-du-terrible-etat-de-la-politique.png\",\"width\":1200,\"height\":675,\"caption\":\"Comment parler aux enfants du terrible \u00e9tat de la politique am\u00e9ricaine\"},{\"@type\":\"BreadcrumbList\",\"@id\":\"https:\/\/vieassociative.be\/actualites\/comment-parler-aux-enfants-du-terrible-etat-de-la-politique-americaine\/#breadcrumb\",\"itemListElement\":[{\"@type\":\"ListItem\",\"position\":1,\"name\":\"Accueil\",\"item\":\"https:\/\/vieassociative.be\/actualites\/\"},{\"@type\":\"ListItem\",\"position\":2,\"name\":\"Comment parler aux enfants du terrible \u00e9tat de la politique am\u00e9ricaine\"}]},{\"@type\":\"WebSite\",\"@id\":\"https:\/\/vieassociative.be\/actualites\/#website\",\"url\":\"https:\/\/vieassociative.be\/actualites\/\",\"name\":\"Vie Associative\",\"description\":\"\",\"publisher\":{\"@id\":\"https:\/\/vieassociative.be\/actualites\/#organization\"},\"potentialAction\":[{\"@type\":\"SearchAction\",\"target\":{\"@type\":\"EntryPoint\",\"urlTemplate\":\"https:\/\/vieassociative.be\/actualites\/?s={search_term_string}\"},\"query-input\":{\"@type\":\"PropertyValueSpecification\",\"valueRequired\":true,\"valueName\":\"search_term_string\"}}],\"inLanguage\":\"fr-BE\"},{\"@type\":\"Organization\",\"@id\":\"https:\/\/vieassociative.be\/actualites\/#organization\",\"name\":\"Vie Associative\",\"url\":\"https:\/\/vieassociative.be\/actualites\/\",\"logo\":{\"@type\":\"ImageObject\",\"inLanguage\":\"fr-BE\",\"@id\":\"https:\/\/vieassociative.be\/actualites\/#\/schema\/logo\/image\/\",\"url\":\"https:\/\/vieassociative.be\/actualites\/wp-content\/uploads\/2024\/09\/cropped-vieassociative_favicon.ico.png\",\"contentUrl\":\"https:\/\/vieassociative.be\/actualites\/wp-content\/uploads\/2024\/09\/cropped-vieassociative_favicon.ico.png\",\"width\":512,\"height\":512,\"caption\":\"Vie Associative\"},\"image\":{\"@id\":\"https:\/\/vieassociative.be\/actualites\/#\/schema\/logo\/image\/\"}},{\"@type\":\"Person\",\"@id\":\"https:\/\/vieassociative.be\/actualites\/#\/schema\/person\/b87ac4f82f9d4e7b7cec7395b679edc4\",\"name\":\"Julien\",\"image\":{\"@type\":\"ImageObject\",\"inLanguage\":\"fr-BE\",\"@id\":\"https:\/\/vieassociative.be\/actualites\/#\/schema\/person\/image\/\",\"url\":\"https:\/\/vieassociative.be\/actualites\/wp-content\/uploads\/2024\/09\/vie-associative-1-150x150.jpg\",\"contentUrl\":\"https:\/\/vieassociative.be\/actualites\/wp-content\/uploads\/2024\/09\/vie-associative-1-150x150.jpg\",\"caption\":\"Julien\"},\"description\":\"Je suis Julien, r\u00e9dacteur pour Vie Associative. Passionn\u00e9 par le monde associatif depuis plus de 10 ans, j'ai \u00e0 c\u0153ur de partager des histoires inspirantes et de mettre en lumi\u00e8re les initiatives locales. Mon objectif est de sensibiliser et d'encourager l'engagement communautaire \u00e0 travers mes articles.\",\"sameAs\":[\"https:\/\/vieassociative.be\/\"]}]}<\/script>\n<!-- \/ Yoast SEO plugin. -->","yoast_head_json":{"title":"Comment parler aux enfants du terrible \u00e9tat de la politique am\u00e9ricaine | Vie Associative","robots":{"index":"index","follow":"follow","max-snippet":"max-snippet:-1","max-image-preview":"max-image-preview:large","max-video-preview":"max-video-preview:-1"},"canonical":"https:\/\/vieassociative.be\/actualites\/comment-parler-aux-enfants-du-terrible-etat-de-la-politique-americaine\/","og_locale":"fr_FR","og_type":"article","og_title":"Comment parler aux enfants du terrible \u00e9tat de la politique am\u00e9ricaine | Vie Associative","og_description":"Parce que l\u2019esprit critique et la d\u00e9tection des conneries ne sont plus un luxe ; ce sont des comp\u00e9tences de vie. Nous sommes \u00e0 un","og_url":"https:\/\/vieassociative.be\/actualites\/comment-parler-aux-enfants-du-terrible-etat-de-la-politique-americaine\/","og_site_name":"Vie Associative","article_published_time":"2024-10-22T10:17:03+00:00","og_image":[{"width":279,"height":92,"url":"https:\/\/vieassociative.be\/actualites\/wp-content\/uploads\/2024\/09\/header_backgroundk-01-e1726694325946.png","type":"image\/png"}],"author":"Julien","twitter_card":"summary_large_image","twitter_misc":{"\u00c9crit par":"Julien","Dur\u00e9e de lecture est.":"6 minutes"},"schema":{"@context":"https:\/\/schema.org","@graph":[{"@type":"Article","@id":"https:\/\/vieassociative.be\/actualites\/comment-parler-aux-enfants-du-terrible-etat-de-la-politique-americaine\/#article","isPartOf":{"@id":"https:\/\/vieassociative.be\/actualites\/comment-parler-aux-enfants-du-terrible-etat-de-la-politique-americaine\/"},"author":{"name":"Julien","@id":"https:\/\/vieassociative.be\/actualites\/#\/schema\/person\/b87ac4f82f9d4e7b7cec7395b679edc4"},"headline":"Comment parler aux enfants du terrible \u00e9tat de la politique am\u00e9ricaine","datePublished":"2024-10-22T10:17:03+00:00","dateModified":"2024-10-22T10:17:03+00:00","mainEntityOfPage":{"@id":"https:\/\/vieassociative.be\/actualites\/comment-parler-aux-enfants-du-terrible-etat-de-la-politique-americaine\/"},"wordCount":1292,"publisher":{"@id":"https:\/\/vieassociative.be\/actualites\/#organization"},"image":{"@id":"https:\/\/vieassociative.be\/actualites\/comment-parler-aux-enfants-du-terrible-etat-de-la-politique-americaine\/#primaryimage"},"thumbnailUrl":"https:\/\/vieassociative.be\/actualites\/wp-content\/uploads\/2024\/10\/Comment-parler-aux-enfants-du-terrible-etat-de-la-politique.png","keywords":["am\u00e9ricaine","aux","Comment","enfants","\u00e9tat","parler","politique","terrible"],"articleSection":["Famille"],"inLanguage":"fr-BE"},{"@type":"WebPage","@id":"https:\/\/vieassociative.be\/actualites\/comment-parler-aux-enfants-du-terrible-etat-de-la-politique-americaine\/","url":"https:\/\/vieassociative.be\/actualites\/comment-parler-aux-enfants-du-terrible-etat-de-la-politique-americaine\/","name":"Comment parler aux enfants du terrible \u00e9tat de la politique am\u00e9ricaine | Vie Associative","isPartOf":{"@id":"https:\/\/vieassociative.be\/actualites\/#website"},"primaryImageOfPage":{"@id":"https:\/\/vieassociative.be\/actualites\/comment-parler-aux-enfants-du-terrible-etat-de-la-politique-americaine\/#primaryimage"},"image":{"@id":"https:\/\/vieassociative.be\/actualites\/comment-parler-aux-enfants-du-terrible-etat-de-la-politique-americaine\/#primaryimage"},"thumbnailUrl":"https:\/\/vieassociative.be\/actualites\/wp-content\/uploads\/2024\/10\/Comment-parler-aux-enfants-du-terrible-etat-de-la-politique.png","datePublished":"2024-10-22T10:17:03+00:00","dateModified":"2024-10-22T10:17:03+00:00","breadcrumb":{"@id":"https:\/\/vieassociative.be\/actualites\/comment-parler-aux-enfants-du-terrible-etat-de-la-politique-americaine\/#breadcrumb"},"inLanguage":"fr-BE","potentialAction":[{"@type":"ReadAction","target":["https:\/\/vieassociative.be\/actualites\/comment-parler-aux-enfants-du-terrible-etat-de-la-politique-americaine\/"]}]},{"@type":"ImageObject","inLanguage":"fr-BE","@id":"https:\/\/vieassociative.be\/actualites\/comment-parler-aux-enfants-du-terrible-etat-de-la-politique-americaine\/#primaryimage","url":"https:\/\/vieassociative.be\/actualites\/wp-content\/uploads\/2024\/10\/Comment-parler-aux-enfants-du-terrible-etat-de-la-politique.png","contentUrl":"https:\/\/vieassociative.be\/actualites\/wp-content\/uploads\/2024\/10\/Comment-parler-aux-enfants-du-terrible-etat-de-la-politique.png","width":1200,"height":675,"caption":"Comment parler aux enfants du terrible \u00e9tat de la politique am\u00e9ricaine"},{"@type":"BreadcrumbList","@id":"https:\/\/vieassociative.be\/actualites\/comment-parler-aux-enfants-du-terrible-etat-de-la-politique-americaine\/#breadcrumb","itemListElement":[{"@type":"ListItem","position":1,"name":"Accueil","item":"https:\/\/vieassociative.be\/actualites\/"},{"@type":"ListItem","position":2,"name":"Comment parler aux enfants du terrible \u00e9tat de la politique am\u00e9ricaine"}]},{"@type":"WebSite","@id":"https:\/\/vieassociative.be\/actualites\/#website","url":"https:\/\/vieassociative.be\/actualites\/","name":"Vie Associative","description":"","publisher":{"@id":"https:\/\/vieassociative.be\/actualites\/#organization"},"potentialAction":[{"@type":"SearchAction","target":{"@type":"EntryPoint","urlTemplate":"https:\/\/vieassociative.be\/actualites\/?s={search_term_string}"},"query-input":{"@type":"PropertyValueSpecification","valueRequired":true,"valueName":"search_term_string"}}],"inLanguage":"fr-BE"},{"@type":"Organization","@id":"https:\/\/vieassociative.be\/actualites\/#organization","name":"Vie Associative","url":"https:\/\/vieassociative.be\/actualites\/","logo":{"@type":"ImageObject","inLanguage":"fr-BE","@id":"https:\/\/vieassociative.be\/actualites\/#\/schema\/logo\/image\/","url":"https:\/\/vieassociative.be\/actualites\/wp-content\/uploads\/2024\/09\/cropped-vieassociative_favicon.ico.png","contentUrl":"https:\/\/vieassociative.be\/actualites\/wp-content\/uploads\/2024\/09\/cropped-vieassociative_favicon.ico.png","width":512,"height":512,"caption":"Vie Associative"},"image":{"@id":"https:\/\/vieassociative.be\/actualites\/#\/schema\/logo\/image\/"}},{"@type":"Person","@id":"https:\/\/vieassociative.be\/actualites\/#\/schema\/person\/b87ac4f82f9d4e7b7cec7395b679edc4","name":"Julien","image":{"@type":"ImageObject","inLanguage":"fr-BE","@id":"https:\/\/vieassociative.be\/actualites\/#\/schema\/person\/image\/","url":"https:\/\/vieassociative.be\/actualites\/wp-content\/uploads\/2024\/09\/vie-associative-1-150x150.jpg","contentUrl":"https:\/\/vieassociative.be\/actualites\/wp-content\/uploads\/2024\/09\/vie-associative-1-150x150.jpg","caption":"Julien"},"description":"Je suis Julien, r\u00e9dacteur pour Vie Associative. Passionn\u00e9 par le monde associatif depuis plus de 10 ans, j'ai \u00e0 c\u0153ur de partager des histoires inspirantes et de mettre en lumi\u00e8re les initiatives locales. Mon objectif est de sensibiliser et d'encourager l'engagement communautaire \u00e0 travers mes articles.","sameAs":["https:\/\/vieassociative.be\/"]}]}},"_links":{"self":[{"href":"https:\/\/vieassociative.be\/actualites\/wp-json\/wp\/v2\/posts\/1511"}],"collection":[{"href":"https:\/\/vieassociative.be\/actualites\/wp-json\/wp\/v2\/posts"}],"about":[{"href":"https:\/\/vieassociative.be\/actualites\/wp-json\/wp\/v2\/types\/post"}],"author":[{"embeddable":true,"href":"https:\/\/vieassociative.be\/actualites\/wp-json\/wp\/v2\/users\/1"}],"replies":[{"embeddable":true,"href":"https:\/\/vieassociative.be\/actualites\/wp-json\/wp\/v2\/comments?post=1511"}],"version-history":[{"count":0,"href":"https:\/\/vieassociative.be\/actualites\/wp-json\/wp\/v2\/posts\/1511\/revisions"}],"wp:featuredmedia":[{"embeddable":true,"href":"https:\/\/vieassociative.be\/actualites\/wp-json\/wp\/v2\/media\/1512"}],"wp:attachment":[{"href":"https:\/\/vieassociative.be\/actualites\/wp-json\/wp\/v2\/media?parent=1511"}],"wp:term":[{"taxonomy":"category","embeddable":true,"href":"https:\/\/vieassociative.be\/actualites\/wp-json\/wp\/v2\/categories?post=1511"},{"taxonomy":"post_tag","embeddable":true,"href":"https:\/\/vieassociative.be\/actualites\/wp-json\/wp\/v2\/tags?post=1511"}],"curies":[{"name":"wp","href":"https:\/\/api.w.org\/{rel}","templated":true}]}}