{"id":1507,"date":"2024-10-22T09:17:16","date_gmt":"2024-10-22T07:17:16","guid":{"rendered":"https:\/\/vieassociative.be\/actualites\/les-plus-grandes-fonctionnalites-ios-18-1-seront-lancees-la-semaine-prochaine\/"},"modified":"2024-10-22T09:17:16","modified_gmt":"2024-10-22T07:17:16","slug":"les-plus-grandes-fonctionnalites-ios-18-1-seront-lancees-la-semaine-prochaine","status":"publish","type":"post","link":"https:\/\/vieassociative.be\/actualites\/les-plus-grandes-fonctionnalites-ios-18-1-seront-lancees-la-semaine-prochaine\/","title":{"rendered":"Les plus grandes fonctionnalit\u00e9s iOS 18.1 seront lanc\u00e9es la semaine prochaine"},"content":{"rendered":"<div class=\"mt-4 leading-6 md:mb-8\">Les iPhones b\u00e9n\u00e9ficieront enfin de leur premier support officiel pour l\u2019IA \u00e0 partir de la semaine prochaine.<\/div>\n<p><\/p>\n<p>Apple a fait toute une histoire avec Apple Intelligence lors du lancement de l\u2019iPhone 16 \u00e0 la fin du mois dernier. Et pourtant, la premi\u00e8re incursion du fabricant d\u2019iPhone dans l\u2019IA, exclusive \u00e0 l\u2019iPhone 15 Pro et sup\u00e9rieur, n\u2019est pas encore arriv\u00e9e. Cela devrait changer la semaine prochaine, selon les rapports de The Verge et du Wall Street Journal, lorsque iOS 18.1 sera rendu public. Sur la base de la version b\u00eata d&rsquo;iOS 18.1 actuellement accessible, nous savons d\u00e9j\u00e0 \u00e0 quoi s&rsquo;attendre des premi\u00e8res offres d&rsquo;IA d&rsquo;Apple, voici donc un aper\u00e7u rapide de ce qui arrivera sur les iPhones compatibles dans quelques jours seulement. M\u00eame si vous ne poss\u00e9dez pas de t\u00e9l\u00e9phone compatible Apple Intelligence, cela vaut la peine de continuer \u00e0 lire\u00a0: il existe \u00e9galement des fonctionnalit\u00e9s non IA.<\/p>\n<h2 id=\"writing-tools\">Outils d&rsquo;\u00e9criture<\/h2>\n<p>Avec les outils d&rsquo;\u00e9criture, vous pouvez utiliser l&rsquo;IA pour r\u00e9\u00e9crire, relire et r\u00e9sumer votre texte. Ces fonctionnalit\u00e9s offrent une aide pour cr\u00e9er des e-mails qui semblent plus professionnels, corriger les erreurs de grammaire et rendre vos brouillons plus concis. Vous obtiendrez \u00e9galement une liste \u00e0 puces ou un tableau avec les points cl\u00e9s de votre brouillon.<\/p>\n<h2 id=\"an-upgraded-siri\">Un Siri am\u00e9lior\u00e9<\/h2>\n<p>Siri b\u00e9n\u00e9ficiera d&rsquo;un nouveau look dans iOS 18.1, ainsi que de la possibilit\u00e9 d&rsquo;accepter des invites \u00e9crites. L&rsquo;assistant num\u00e9rique b\u00e9n\u00e9ficiera \u00e9galement d&rsquo;un nouveau mod\u00e8le de langage qui devrait lui permettre de mieux comprendre le langage naturel, en plus de la possibilit\u00e9 d&rsquo;envoyer des requ\u00eates plus difficiles au cloud pour obtenir plus d&rsquo;aide. (Apple promet de ne pas conserver vos donn\u00e9es.) Vie Associative b\u00e9n\u00e9ficiera \u00e9galement d&rsquo;une certaine concurrence, car Siri pourra offrir une assistance technique pour certains produits Apple.<\/p>\n<h2 id=\"smart-reply\">R\u00e9ponse intelligente<\/h2>\n<p>Smart Reply vous donnera des suggestions de r\u00e9ponse contextuelles lorsque vous envoyez un SMS ou r\u00e9digez un e-mail. Ce n&rsquo;est pas nouveau pour de nombreux utilisateurs de messagerie : Gmail, par exemple, propose des r\u00e9ponses contextuelles bas\u00e9es sur le contenu du message d&rsquo;origine. Si vous \u00eates vraiment press\u00e9 par le temps et que vous souhaitez donner une r\u00e9ponse rapide et passer \u00e0 autre chose, ces r\u00e9ponses peuvent \u00eatre utiles, mais pour les e-mails complexes sans r\u00e9ponses faciles, elles ne sont probablement pas si pratiques. <\/p>\n<h2 id=\"call-transcriptions\">Transcriptions d&rsquo;appels<\/h2>\n<p>iOS obtient enfin l&rsquo;enregistrement des appels dans iOS 18.1, et cela semble un peu plus g\u00e9n\u00e9reux que pr\u00e9vu. Bien qu\u2019initialement factur\u00e9 uniquement pour l\u2019iPhone 15 Pro et sup\u00e9rieur, la version b\u00eata la plus r\u00e9cente d\u2019iOS 18.1 l\u2019a montr\u00e9 fonctionnant sur des mod\u00e8les d\u2019iPhone d\u00e8s le XS. C&rsquo;est un peu surprenant, car il est cens\u00e9 utiliser Apple Intelligence, ce qui devrait exclure l&rsquo;iPhone 15 et les versions ant\u00e9rieures.<\/p>\n<p>Quoi qu&rsquo;il en soit, l&rsquo;enregistrement des appels ajoute un bouton \u00e0 l&rsquo;application T\u00e9l\u00e9phone qui informe toutes les parties que vous avez commenc\u00e9 \u00e0 enregistrer, puis enregistre l&rsquo;audio de votre appel pour vous et g\u00e9n\u00e8re une transcription de votre appel. Les iPhone 15 Pro et sup\u00e9rieurs pourront \u00e9galement r\u00e9sumer les appels, ainsi que les retranscrire en direct, gr\u00e2ce \u00e0 l&rsquo;enregistrement vocal dans l&rsquo;application Notes.<\/p>\n<h2 id=\"notification-summaries\">R\u00e9sum\u00e9s des notifications<\/h2>\n<p>Les r\u00e9sum\u00e9s de notifications peuvent \u00eatre personnalis\u00e9s pour regrouper les notifications associ\u00e9es et utiliser l&rsquo;IA pour partager rapidement les d\u00e9tails cl\u00e9s de chacune d&rsquo;entre elles en m\u00eame temps. Par exemple, vous pourriez recevoir une seule notification vous informant de votre facture d&rsquo;\u00e9lectricit\u00e9, de votre re\u00e7u de paiement et de la confirmation du paiement re\u00e7u, plut\u00f4t que d&rsquo;avoir \u00e0 les parcourir individuellement. <\/p>\n<h2 id=\"summaries-in-mail-and-messages\">R\u00e9sum\u00e9s dans le courrier et les messages<\/h2>\n<p>Semblable \u00e0 ce qui pr\u00e9c\u00e8de, les applications Mail et Messages r\u00e9sumeront pour vous les longs fils de discussion, afin que vous puissiez vous rattraper plus rapidement. Un b\u00eata-testeur en particulier est devenu viral apr\u00e8s avoir d\u00e9couvert comment les r\u00e9sum\u00e9s de notification g\u00e8rent la rupture par texte. <\/p>\n<h2 id=\"photos-updates\">Mises \u00e0 jour des photos<\/h2>\n<p>L&rsquo;application Photos re\u00e7oit un certain nombre de mises \u00e0 jour bas\u00e9es sur l&rsquo;IA, notamment la possibilit\u00e9 de \u00ab nettoyer \u00bb les photos en supprimant les objets ind\u00e9sirables (similaire \u00e0 Magic Eraser de Google), de rechercher dans votre phototh\u00e8que en utilisant un langage naturel et de cr\u00e9er une \u00ab m\u00e9moire \u00bb. film \u00bb en invitant Apple Intelligence \u00e0 cr\u00e9er un collage personnalis\u00e9 bas\u00e9 sur une description en langage naturel.<\/p>\n<h2 id=\"intelligent-interruption-in-focus-mode\">Interruption intelligente en mode Focus<\/h2>\n<p>Apple Intelligence peut afficher les alertes qu&rsquo;elle juge importantes m\u00eame lorsque vous \u00eates en mode Focus. <\/p>\n<h2 id=\"non-ai-features-in-ios-181\">Fonctionnalit\u00e9s non IA dans iOS 18.1<\/h2>\n<p>M\u00eame si vous n&rsquo;avez pas d&rsquo;iPhone compatible Apple Intelligence (encore une fois, iPhone 15 et versions ant\u00e9rieures), il reste encore un certain nombre de mises \u00e0 niveau \u00e0 attendre dans iOS 18.1. Au-del\u00e0 de l&rsquo;enregistrement des appels, qui semble arriver sur les t\u00e9l\u00e9phones plus anciens malgr\u00e9 son utilisation de l&rsquo;IA, il existe une nouvelle option de r\u00e9initialisation pour le centre de contr\u00f4le enti\u00e8rement personnalisable, au cas o\u00f9 vous ne seriez pas satisfait des modifications que vous avez apport\u00e9es, ainsi que des vignettes d\u00e9di\u00e9es. pour les options de connectivit\u00e9 telles que le wifi, le Bluetooth, AirDrop et les donn\u00e9es cellulaires\u00a0; la possibilit\u00e9 de glisser-d\u00e9poser des fichiers lors de la mise en miroir de votre iPhone sur un Mac\u00a0; et un meilleur acc\u00e8s \u00e0 la puce NFC de votre t\u00e9l\u00e9phone pour les applications tierces, l&rsquo;ouvrant ainsi pour une utilisation avec des cartes de transport ou des cl\u00e9s de chambre d&rsquo;h\u00f4tel.<\/p>\n<p>Les mod\u00e8les d\u2019iPhone 16 peuvent \u00e9galement utiliser le bouton capacitif Camera Control pour passer rapidement en mode selfie.<\/p>\n<h2 id=\"whats-not-quite-ready-yet\">Ce qui n&rsquo;est pas encore tout \u00e0 fait pr\u00eat<\/h2>\n<p>iOS 18.1 n&rsquo;est qu&rsquo;une plong\u00e9e exploratoire dans l&rsquo;IA de la part d&rsquo;Apple, alors attendez-vous \u00e0 ce que davantage de fonctionnalit\u00e9s soient disponibles. Celles-ci incluent des fonctionnalit\u00e9s de g\u00e9n\u00e9ration d&rsquo;images telles que Image Playground et Genmoji, l&rsquo;int\u00e9gration de ChatGPT, un Siri encore plus contextuel, la possibilit\u00e9 pour Siri de vous aider dans des applications tierces et l&rsquo;intelligence visuelle, qui offre un contexte utile sur votre environnement simplement en prenant une photo. de l&rsquo;endroit o\u00f9 vous \u00eates.<\/p>\n<p>Apple Intelligence sera \u00e9galement limit\u00e9 \u00e0 l&rsquo;anglais am\u00e9ricain au lancement et n&rsquo;a actuellement aucun calendrier pour une sortie officielle dans l&rsquo;UE ou en Chine continentale.<\/p>\n","protected":false},"excerpt":{"rendered":"<p>Les iPhones b\u00e9n\u00e9ficieront enfin de leur premier support officiel pour l\u2019IA \u00e0 partir de la semaine prochaine. Apple a fait toute une histoire avec Apple<\/p>\n","protected":false},"author":1,"featured_media":1508,"comment_status":"","ping_status":"","sticky":false,"template":"","format":"standard","meta":{"footnotes":""},"categories":[13],"tags":[1216,2098,21,2100,14,773,1348,2099],"class_list":["post-1507","post","type-post","status-publish","format-standard","has-post-thumbnail","hentry","category-technologie","tag-fonctionnalites","tag-grandes","tag-ios","tag-lancees","tag-les","tag-prochaine","tag-semaine","tag-seront","generate-columns","tablet-grid-50","mobile-grid-100","grid-parent","grid-33"],"yoast_head":"<!-- This site is optimized with the Yoast SEO plugin v24.0 - https:\/\/yoast.com\/wordpress\/plugins\/seo\/ -->\n<title>Les plus grandes fonctionnalit\u00e9s iOS 18.1 seront lanc\u00e9es la semaine prochaine | Vie Associative<\/title>\n<meta name=\"robots\" content=\"index, follow, max-snippet:-1, max-image-preview:large, max-video-preview:-1\" \/>\n<link rel=\"canonical\" href=\"https:\/\/vieassociative.be\/actualites\/les-plus-grandes-fonctionnalites-ios-18-1-seront-lancees-la-semaine-prochaine\/\" \/>\n<meta property=\"og:locale\" content=\"fr_FR\" \/>\n<meta property=\"og:type\" content=\"article\" \/>\n<meta property=\"og:title\" content=\"Les plus grandes fonctionnalit\u00e9s iOS 18.1 seront lanc\u00e9es la semaine prochaine | Vie Associative\" \/>\n<meta property=\"og:description\" content=\"Les iPhones b\u00e9n\u00e9ficieront enfin de leur premier support officiel pour l\u2019IA \u00e0 partir de la semaine prochaine. Apple a fait toute une histoire avec Apple\" \/>\n<meta property=\"og:url\" content=\"https:\/\/vieassociative.be\/actualites\/les-plus-grandes-fonctionnalites-ios-18-1-seront-lancees-la-semaine-prochaine\/\" \/>\n<meta property=\"og:site_name\" content=\"Vie Associative\" \/>\n<meta property=\"article:published_time\" content=\"2024-10-22T07:17:16+00:00\" \/>\n<meta property=\"og:image\" content=\"https:\/\/vieassociative.be\/actualites\/wp-content\/uploads\/2024\/09\/header_backgroundk-01-e1726694325946.png\" \/>\n\t<meta property=\"og:image:width\" content=\"279\" \/>\n\t<meta property=\"og:image:height\" content=\"92\" \/>\n\t<meta property=\"og:image:type\" content=\"image\/png\" \/>\n<meta name=\"author\" content=\"Julien\" \/>\n<meta name=\"twitter:card\" content=\"summary_large_image\" \/>\n<meta name=\"twitter:label1\" content=\"\u00c9crit par\" \/>\n\t<meta name=\"twitter:data1\" content=\"Julien\" \/>\n\t<meta name=\"twitter:label2\" content=\"Dur\u00e9e de lecture est.\" \/>\n\t<meta name=\"twitter:data2\" content=\"5 minutes\" \/>\n<script type=\"application\/ld+json\" class=\"yoast-schema-graph\">{\"@context\":\"https:\/\/schema.org\",\"@graph\":[{\"@type\":\"Article\",\"@id\":\"https:\/\/vieassociative.be\/actualites\/les-plus-grandes-fonctionnalites-ios-18-1-seront-lancees-la-semaine-prochaine\/#article\",\"isPartOf\":{\"@id\":\"https:\/\/vieassociative.be\/actualites\/les-plus-grandes-fonctionnalites-ios-18-1-seront-lancees-la-semaine-prochaine\/\"},\"author\":{\"name\":\"Julien\",\"@id\":\"https:\/\/vieassociative.be\/actualites\/#\/schema\/person\/b87ac4f82f9d4e7b7cec7395b679edc4\"},\"headline\":\"Les plus grandes fonctionnalit\u00e9s iOS 18.1 seront lanc\u00e9es la semaine prochaine\",\"datePublished\":\"2024-10-22T07:17:16+00:00\",\"dateModified\":\"2024-10-22T07:17:16+00:00\",\"mainEntityOfPage\":{\"@id\":\"https:\/\/vieassociative.be\/actualites\/les-plus-grandes-fonctionnalites-ios-18-1-seront-lancees-la-semaine-prochaine\/\"},\"wordCount\":1140,\"publisher\":{\"@id\":\"https:\/\/vieassociative.be\/actualites\/#organization\"},\"image\":{\"@id\":\"https:\/\/vieassociative.be\/actualites\/les-plus-grandes-fonctionnalites-ios-18-1-seront-lancees-la-semaine-prochaine\/#primaryimage\"},\"thumbnailUrl\":\"https:\/\/vieassociative.be\/actualites\/wp-content\/uploads\/2024\/10\/Les-plus-grandes-fonctionnalites-iOS-181-seront-lancees-la-semaine.png\",\"keywords\":[\"fonctionnalit\u00e9s\",\"grandes\",\"iOS\",\"lanc\u00e9es\",\"Les\",\"prochaine\",\"semaine\",\"seront\"],\"articleSection\":[\"Technologie\"],\"inLanguage\":\"fr-BE\"},{\"@type\":\"WebPage\",\"@id\":\"https:\/\/vieassociative.be\/actualites\/les-plus-grandes-fonctionnalites-ios-18-1-seront-lancees-la-semaine-prochaine\/\",\"url\":\"https:\/\/vieassociative.be\/actualites\/les-plus-grandes-fonctionnalites-ios-18-1-seront-lancees-la-semaine-prochaine\/\",\"name\":\"Les plus grandes fonctionnalit\u00e9s iOS 18.1 seront lanc\u00e9es la semaine prochaine | Vie Associative\",\"isPartOf\":{\"@id\":\"https:\/\/vieassociative.be\/actualites\/#website\"},\"primaryImageOfPage\":{\"@id\":\"https:\/\/vieassociative.be\/actualites\/les-plus-grandes-fonctionnalites-ios-18-1-seront-lancees-la-semaine-prochaine\/#primaryimage\"},\"image\":{\"@id\":\"https:\/\/vieassociative.be\/actualites\/les-plus-grandes-fonctionnalites-ios-18-1-seront-lancees-la-semaine-prochaine\/#primaryimage\"},\"thumbnailUrl\":\"https:\/\/vieassociative.be\/actualites\/wp-content\/uploads\/2024\/10\/Les-plus-grandes-fonctionnalites-iOS-181-seront-lancees-la-semaine.png\",\"datePublished\":\"2024-10-22T07:17:16+00:00\",\"dateModified\":\"2024-10-22T07:17:16+00:00\",\"breadcrumb\":{\"@id\":\"https:\/\/vieassociative.be\/actualites\/les-plus-grandes-fonctionnalites-ios-18-1-seront-lancees-la-semaine-prochaine\/#breadcrumb\"},\"inLanguage\":\"fr-BE\",\"potentialAction\":[{\"@type\":\"ReadAction\",\"target\":[\"https:\/\/vieassociative.be\/actualites\/les-plus-grandes-fonctionnalites-ios-18-1-seront-lancees-la-semaine-prochaine\/\"]}]},{\"@type\":\"ImageObject\",\"inLanguage\":\"fr-BE\",\"@id\":\"https:\/\/vieassociative.be\/actualites\/les-plus-grandes-fonctionnalites-ios-18-1-seront-lancees-la-semaine-prochaine\/#primaryimage\",\"url\":\"https:\/\/vieassociative.be\/actualites\/wp-content\/uploads\/2024\/10\/Les-plus-grandes-fonctionnalites-iOS-181-seront-lancees-la-semaine.png\",\"contentUrl\":\"https:\/\/vieassociative.be\/actualites\/wp-content\/uploads\/2024\/10\/Les-plus-grandes-fonctionnalites-iOS-181-seront-lancees-la-semaine.png\",\"width\":1200,\"height\":675,\"caption\":\"Les plus grandes fonctionnalit\u00e9s iOS 18.1 seront lanc\u00e9es la semaine prochaine\"},{\"@type\":\"BreadcrumbList\",\"@id\":\"https:\/\/vieassociative.be\/actualites\/les-plus-grandes-fonctionnalites-ios-18-1-seront-lancees-la-semaine-prochaine\/#breadcrumb\",\"itemListElement\":[{\"@type\":\"ListItem\",\"position\":1,\"name\":\"Accueil\",\"item\":\"https:\/\/vieassociative.be\/actualites\/\"},{\"@type\":\"ListItem\",\"position\":2,\"name\":\"Les plus grandes fonctionnalit\u00e9s iOS 18.1 seront lanc\u00e9es la semaine prochaine\"}]},{\"@type\":\"WebSite\",\"@id\":\"https:\/\/vieassociative.be\/actualites\/#website\",\"url\":\"https:\/\/vieassociative.be\/actualites\/\",\"name\":\"Vie Associative\",\"description\":\"\",\"publisher\":{\"@id\":\"https:\/\/vieassociative.be\/actualites\/#organization\"},\"potentialAction\":[{\"@type\":\"SearchAction\",\"target\":{\"@type\":\"EntryPoint\",\"urlTemplate\":\"https:\/\/vieassociative.be\/actualites\/?s={search_term_string}\"},\"query-input\":{\"@type\":\"PropertyValueSpecification\",\"valueRequired\":true,\"valueName\":\"search_term_string\"}}],\"inLanguage\":\"fr-BE\"},{\"@type\":\"Organization\",\"@id\":\"https:\/\/vieassociative.be\/actualites\/#organization\",\"name\":\"Vie Associative\",\"url\":\"https:\/\/vieassociative.be\/actualites\/\",\"logo\":{\"@type\":\"ImageObject\",\"inLanguage\":\"fr-BE\",\"@id\":\"https:\/\/vieassociative.be\/actualites\/#\/schema\/logo\/image\/\",\"url\":\"https:\/\/vieassociative.be\/actualites\/wp-content\/uploads\/2024\/09\/cropped-vieassociative_favicon.ico.png\",\"contentUrl\":\"https:\/\/vieassociative.be\/actualites\/wp-content\/uploads\/2024\/09\/cropped-vieassociative_favicon.ico.png\",\"width\":512,\"height\":512,\"caption\":\"Vie Associative\"},\"image\":{\"@id\":\"https:\/\/vieassociative.be\/actualites\/#\/schema\/logo\/image\/\"}},{\"@type\":\"Person\",\"@id\":\"https:\/\/vieassociative.be\/actualites\/#\/schema\/person\/b87ac4f82f9d4e7b7cec7395b679edc4\",\"name\":\"Julien\",\"image\":{\"@type\":\"ImageObject\",\"inLanguage\":\"fr-BE\",\"@id\":\"https:\/\/vieassociative.be\/actualites\/#\/schema\/person\/image\/\",\"url\":\"https:\/\/vieassociative.be\/actualites\/wp-content\/uploads\/2024\/09\/vie-associative-1-150x150.jpg\",\"contentUrl\":\"https:\/\/vieassociative.be\/actualites\/wp-content\/uploads\/2024\/09\/vie-associative-1-150x150.jpg\",\"caption\":\"Julien\"},\"description\":\"Je suis Julien, r\u00e9dacteur pour Vie Associative. Passionn\u00e9 par le monde associatif depuis plus de 10 ans, j'ai \u00e0 c\u0153ur de partager des histoires inspirantes et de mettre en lumi\u00e8re les initiatives locales. Mon objectif est de sensibiliser et d'encourager l'engagement communautaire \u00e0 travers mes articles.\",\"sameAs\":[\"https:\/\/vieassociative.be\/\"]}]}<\/script>\n<!-- \/ Yoast SEO plugin. -->","yoast_head_json":{"title":"Les plus grandes fonctionnalit\u00e9s iOS 18.1 seront lanc\u00e9es la semaine prochaine | Vie Associative","robots":{"index":"index","follow":"follow","max-snippet":"max-snippet:-1","max-image-preview":"max-image-preview:large","max-video-preview":"max-video-preview:-1"},"canonical":"https:\/\/vieassociative.be\/actualites\/les-plus-grandes-fonctionnalites-ios-18-1-seront-lancees-la-semaine-prochaine\/","og_locale":"fr_FR","og_type":"article","og_title":"Les plus grandes fonctionnalit\u00e9s iOS 18.1 seront lanc\u00e9es la semaine prochaine | Vie Associative","og_description":"Les iPhones b\u00e9n\u00e9ficieront enfin de leur premier support officiel pour l\u2019IA \u00e0 partir de la semaine prochaine. Apple a fait toute une histoire avec Apple","og_url":"https:\/\/vieassociative.be\/actualites\/les-plus-grandes-fonctionnalites-ios-18-1-seront-lancees-la-semaine-prochaine\/","og_site_name":"Vie Associative","article_published_time":"2024-10-22T07:17:16+00:00","og_image":[{"width":279,"height":92,"url":"https:\/\/vieassociative.be\/actualites\/wp-content\/uploads\/2024\/09\/header_backgroundk-01-e1726694325946.png","type":"image\/png"}],"author":"Julien","twitter_card":"summary_large_image","twitter_misc":{"\u00c9crit par":"Julien","Dur\u00e9e de lecture est.":"5 minutes"},"schema":{"@context":"https:\/\/schema.org","@graph":[{"@type":"Article","@id":"https:\/\/vieassociative.be\/actualites\/les-plus-grandes-fonctionnalites-ios-18-1-seront-lancees-la-semaine-prochaine\/#article","isPartOf":{"@id":"https:\/\/vieassociative.be\/actualites\/les-plus-grandes-fonctionnalites-ios-18-1-seront-lancees-la-semaine-prochaine\/"},"author":{"name":"Julien","@id":"https:\/\/vieassociative.be\/actualites\/#\/schema\/person\/b87ac4f82f9d4e7b7cec7395b679edc4"},"headline":"Les plus grandes fonctionnalit\u00e9s iOS 18.1 seront lanc\u00e9es la semaine prochaine","datePublished":"2024-10-22T07:17:16+00:00","dateModified":"2024-10-22T07:17:16+00:00","mainEntityOfPage":{"@id":"https:\/\/vieassociative.be\/actualites\/les-plus-grandes-fonctionnalites-ios-18-1-seront-lancees-la-semaine-prochaine\/"},"wordCount":1140,"publisher":{"@id":"https:\/\/vieassociative.be\/actualites\/#organization"},"image":{"@id":"https:\/\/vieassociative.be\/actualites\/les-plus-grandes-fonctionnalites-ios-18-1-seront-lancees-la-semaine-prochaine\/#primaryimage"},"thumbnailUrl":"https:\/\/vieassociative.be\/actualites\/wp-content\/uploads\/2024\/10\/Les-plus-grandes-fonctionnalites-iOS-181-seront-lancees-la-semaine.png","keywords":["fonctionnalit\u00e9s","grandes","iOS","lanc\u00e9es","Les","prochaine","semaine","seront"],"articleSection":["Technologie"],"inLanguage":"fr-BE"},{"@type":"WebPage","@id":"https:\/\/vieassociative.be\/actualites\/les-plus-grandes-fonctionnalites-ios-18-1-seront-lancees-la-semaine-prochaine\/","url":"https:\/\/vieassociative.be\/actualites\/les-plus-grandes-fonctionnalites-ios-18-1-seront-lancees-la-semaine-prochaine\/","name":"Les plus grandes fonctionnalit\u00e9s iOS 18.1 seront lanc\u00e9es la semaine prochaine | Vie Associative","isPartOf":{"@id":"https:\/\/vieassociative.be\/actualites\/#website"},"primaryImageOfPage":{"@id":"https:\/\/vieassociative.be\/actualites\/les-plus-grandes-fonctionnalites-ios-18-1-seront-lancees-la-semaine-prochaine\/#primaryimage"},"image":{"@id":"https:\/\/vieassociative.be\/actualites\/les-plus-grandes-fonctionnalites-ios-18-1-seront-lancees-la-semaine-prochaine\/#primaryimage"},"thumbnailUrl":"https:\/\/vieassociative.be\/actualites\/wp-content\/uploads\/2024\/10\/Les-plus-grandes-fonctionnalites-iOS-181-seront-lancees-la-semaine.png","datePublished":"2024-10-22T07:17:16+00:00","dateModified":"2024-10-22T07:17:16+00:00","breadcrumb":{"@id":"https:\/\/vieassociative.be\/actualites\/les-plus-grandes-fonctionnalites-ios-18-1-seront-lancees-la-semaine-prochaine\/#breadcrumb"},"inLanguage":"fr-BE","potentialAction":[{"@type":"ReadAction","target":["https:\/\/vieassociative.be\/actualites\/les-plus-grandes-fonctionnalites-ios-18-1-seront-lancees-la-semaine-prochaine\/"]}]},{"@type":"ImageObject","inLanguage":"fr-BE","@id":"https:\/\/vieassociative.be\/actualites\/les-plus-grandes-fonctionnalites-ios-18-1-seront-lancees-la-semaine-prochaine\/#primaryimage","url":"https:\/\/vieassociative.be\/actualites\/wp-content\/uploads\/2024\/10\/Les-plus-grandes-fonctionnalites-iOS-181-seront-lancees-la-semaine.png","contentUrl":"https:\/\/vieassociative.be\/actualites\/wp-content\/uploads\/2024\/10\/Les-plus-grandes-fonctionnalites-iOS-181-seront-lancees-la-semaine.png","width":1200,"height":675,"caption":"Les plus grandes fonctionnalit\u00e9s iOS 18.1 seront lanc\u00e9es la semaine prochaine"},{"@type":"BreadcrumbList","@id":"https:\/\/vieassociative.be\/actualites\/les-plus-grandes-fonctionnalites-ios-18-1-seront-lancees-la-semaine-prochaine\/#breadcrumb","itemListElement":[{"@type":"ListItem","position":1,"name":"Accueil","item":"https:\/\/vieassociative.be\/actualites\/"},{"@type":"ListItem","position":2,"name":"Les plus grandes fonctionnalit\u00e9s iOS 18.1 seront lanc\u00e9es la semaine prochaine"}]},{"@type":"WebSite","@id":"https:\/\/vieassociative.be\/actualites\/#website","url":"https:\/\/vieassociative.be\/actualites\/","name":"Vie Associative","description":"","publisher":{"@id":"https:\/\/vieassociative.be\/actualites\/#organization"},"potentialAction":[{"@type":"SearchAction","target":{"@type":"EntryPoint","urlTemplate":"https:\/\/vieassociative.be\/actualites\/?s={search_term_string}"},"query-input":{"@type":"PropertyValueSpecification","valueRequired":true,"valueName":"search_term_string"}}],"inLanguage":"fr-BE"},{"@type":"Organization","@id":"https:\/\/vieassociative.be\/actualites\/#organization","name":"Vie Associative","url":"https:\/\/vieassociative.be\/actualites\/","logo":{"@type":"ImageObject","inLanguage":"fr-BE","@id":"https:\/\/vieassociative.be\/actualites\/#\/schema\/logo\/image\/","url":"https:\/\/vieassociative.be\/actualites\/wp-content\/uploads\/2024\/09\/cropped-vieassociative_favicon.ico.png","contentUrl":"https:\/\/vieassociative.be\/actualites\/wp-content\/uploads\/2024\/09\/cropped-vieassociative_favicon.ico.png","width":512,"height":512,"caption":"Vie Associative"},"image":{"@id":"https:\/\/vieassociative.be\/actualites\/#\/schema\/logo\/image\/"}},{"@type":"Person","@id":"https:\/\/vieassociative.be\/actualites\/#\/schema\/person\/b87ac4f82f9d4e7b7cec7395b679edc4","name":"Julien","image":{"@type":"ImageObject","inLanguage":"fr-BE","@id":"https:\/\/vieassociative.be\/actualites\/#\/schema\/person\/image\/","url":"https:\/\/vieassociative.be\/actualites\/wp-content\/uploads\/2024\/09\/vie-associative-1-150x150.jpg","contentUrl":"https:\/\/vieassociative.be\/actualites\/wp-content\/uploads\/2024\/09\/vie-associative-1-150x150.jpg","caption":"Julien"},"description":"Je suis Julien, r\u00e9dacteur pour Vie Associative. Passionn\u00e9 par le monde associatif depuis plus de 10 ans, j'ai \u00e0 c\u0153ur de partager des histoires inspirantes et de mettre en lumi\u00e8re les initiatives locales. Mon objectif est de sensibiliser et d'encourager l'engagement communautaire \u00e0 travers mes articles.","sameAs":["https:\/\/vieassociative.be\/"]}]}},"_links":{"self":[{"href":"https:\/\/vieassociative.be\/actualites\/wp-json\/wp\/v2\/posts\/1507"}],"collection":[{"href":"https:\/\/vieassociative.be\/actualites\/wp-json\/wp\/v2\/posts"}],"about":[{"href":"https:\/\/vieassociative.be\/actualites\/wp-json\/wp\/v2\/types\/post"}],"author":[{"embeddable":true,"href":"https:\/\/vieassociative.be\/actualites\/wp-json\/wp\/v2\/users\/1"}],"replies":[{"embeddable":true,"href":"https:\/\/vieassociative.be\/actualites\/wp-json\/wp\/v2\/comments?post=1507"}],"version-history":[{"count":0,"href":"https:\/\/vieassociative.be\/actualites\/wp-json\/wp\/v2\/posts\/1507\/revisions"}],"wp:featuredmedia":[{"embeddable":true,"href":"https:\/\/vieassociative.be\/actualites\/wp-json\/wp\/v2\/media\/1508"}],"wp:attachment":[{"href":"https:\/\/vieassociative.be\/actualites\/wp-json\/wp\/v2\/media?parent=1507"}],"wp:term":[{"taxonomy":"category","embeddable":true,"href":"https:\/\/vieassociative.be\/actualites\/wp-json\/wp\/v2\/categories?post=1507"},{"taxonomy":"post_tag","embeddable":true,"href":"https:\/\/vieassociative.be\/actualites\/wp-json\/wp\/v2\/tags?post=1507"}],"curies":[{"name":"wp","href":"https:\/\/api.w.org\/{rel}","templated":true}]}}