{"id":1487,"date":"2024-10-21T21:19:27","date_gmt":"2024-10-21T19:19:27","guid":{"rendered":"https:\/\/vieassociative.be\/actualites\/vous-voudrez-peut-etre-vous-faire-vacciner-contre-la-grippe-plus-tot-si-vous-etes-enceinte-selon-le-cdc\/"},"modified":"2024-10-21T21:19:27","modified_gmt":"2024-10-21T19:19:27","slug":"vous-voudrez-peut-etre-vous-faire-vacciner-contre-la-grippe-plus-tot-si-vous-etes-enceinte-selon-le-cdc","status":"publish","type":"post","link":"https:\/\/vieassociative.be\/actualites\/vous-voudrez-peut-etre-vous-faire-vacciner-contre-la-grippe-plus-tot-si-vous-etes-enceinte-selon-le-cdc\/","title":{"rendered":"Vous voudrez peut-\u00eatre vous faire vacciner contre la grippe plus t\u00f4t si vous \u00eates enceinte, selon le CDC"},"content":{"rendered":"<div class=\"mt-4 leading-6 md:mb-8\">Si vous \u00eates dans votre troisi\u00e8me trimestre, vous pouvez prot\u00e9ger votre b\u00e9b\u00e9 en vous faisant vacciner t\u00f4t.<\/div>\n<p><\/p>\n<p>C&rsquo;est l&rsquo;\u00e9t\u00e9. Tr\u00e8s bient\u00f4t, les pharmacies commenceront \u00e0 annoncer qu&rsquo;elles proposent des vaccins contre la grippe, peut-\u00eatre m\u00eame en vous attirant avec la promesse d&rsquo;un coupon pour venir en acheter un. Mais le mois d\u2019ao\u00fbt est trop t\u00f4t pour que ce soit une bonne id\u00e9e, \u00e0 moins que vous ne soyez enceinte.<\/p>\n<h2 id=\"why-most-people-should-get-their-flu-shot-in-september-or-october\">Pourquoi la plupart des gens devraient se faire vacciner contre la grippe en septembre ou en octobre<\/h2>\n<p>La saison de la grippe a tendance \u00e0 commencer \u00e0 la fin de l\u2019automne ou au d\u00e9but de l\u2019hiver, vous voulez donc \u00eatre prot\u00e9g\u00e9 au moment o\u00f9 le virus de la grippe commence \u00e0 circuler. Si vous vous faites vacciner contre la grippe avant Halloween, vous \u00eates sur la bonne voie. Que vous vous fassiez vacciner en septembre ou en octobre n&rsquo;a pas beaucoup d&rsquo;importance ; le CDC dit que les deux mois sont bons. <\/p>\n<p>Les vaccins contre la grippe estivale peuvent avoir du sens pour les personnes qui ne pensent pas avoir la chance de se faire vacciner \u00e0 l&rsquo;automne ; par exemple, si votre enfant passe son examen annuel chaque ann\u00e9e en ao\u00fbt et que vous n&rsquo;avez pas de moyen simple de lui faire vacciner \u00e0 l&rsquo;automne, vous pourriez tout aussi bien lui demander de se faire vacciner lors de son examen. Mieux vaut t\u00f4t que jamais, et mieux vaut t\u00f4t que tard.<\/p>\n<p>\u00c0 propos, si vous ratez votre opportunit\u00e9 et constatez que c&rsquo;est novembre (ou d\u00e9cembre ou janvier) avant de pouvoir vous faire vacciner, faites-le quand m\u00eame. Mieux vaut \u00eatre prot\u00e9g\u00e9 pendant la seconde moiti\u00e9 de la saison que ne pas \u00eatre prot\u00e9g\u00e9 du tout. <\/p>\n<h2 id=\"why-summer-flu-shots-make-sense-in-your-third-trimester\">Pourquoi les vaccins contre la grippe estivale ont du sens au cours de votre troisi\u00e8me trimestre<\/h2>\n<p>Si vous \u00eates enceinte et que vous en \u00eates \u00e0 votre premier ou deuxi\u00e8me trimestre, vous devez toujours suivre les directives normales et viser un vaccin contre la grippe en septembre ou en octobre. Mais si vous \u00eates dans votre troisi\u00e8me trimestre, ces trois derniers mois de grossesse, continuez \u00e0 lire.<\/p>\n<p>Les b\u00e9b\u00e9s ne peuvent pas se faire vacciner contre la grippe avant l&rsquo;\u00e2ge de 6 mois. Un b\u00e9b\u00e9 n\u00e9 cet automne sera donc vuln\u00e9rable \u00e0 la grippe. (Certains vaccins peuvent \u00eatre efficaces lorsqu&rsquo;ils sont administr\u00e9s \u00e0 la naissance ou \u00e0 un tr\u00e8s jeune \u00e2ge\u00a0; les vaccins contre la grippe n&rsquo;en font pas partie.) <\/p>\n<p>Mais nous transf\u00e9rons des anticorps \u00e0 nos b\u00e9b\u00e9s par le placenta dans les derniers stades de la grossesse, et ces anticorps peuvent en r\u00e9alit\u00e9 rester avec eux pendant les premi\u00e8res semaines, voire les premiers mois de leur vie. Pour cette raison, il est recommand\u00e9 depuis plusieurs ann\u00e9es que les personnes enceintes re\u00e7oivent un vaccin TDaP au cours du troisi\u00e8me trimestre de la grossesse, afin de prot\u00e9ger le b\u00e9b\u00e9 contre la coqueluche (coqueluche) jusqu&rsquo;\u00e0 ce qu&rsquo;elles puissent recevoir leur propre vaccin \u00e0 2 mois.<\/p>\n<p>Le CDC \u00e9tend d\u00e9sormais cette recommandation au vaccin contre la grippe. Vous devriez recevoir un vaccin TDaP au cours de votre troisi\u00e8me trimestre, quelle que soit la p\u00e9riode de l&rsquo;ann\u00e9e\u00a0; et vous devriez vous faire vacciner contre la grippe au cours de votre troisi\u00e8me trimestre, m\u00eame si cela signifie le recevoir en juillet ou en ao\u00fbt. De cette fa\u00e7on, les b\u00e9b\u00e9s dont l\u2019anniversaire est \u00e0 l\u2019automne na\u00eetront avec des anticorps contre la grippe.<\/p>\n","protected":false},"excerpt":{"rendered":"<p>Si vous \u00eates dans votre troisi\u00e8me trimestre, vous pouvez prot\u00e9ger votre b\u00e9b\u00e9 en vous faisant vacciner t\u00f4t. C&rsquo;est l&rsquo;\u00e9t\u00e9. Tr\u00e8s bient\u00f4t, les pharmacies commenceront \u00e0<\/p>\n","protected":false},"author":1,"featured_media":1488,"comment_status":"","ping_status":"","sticky":false,"template":"","format":"standard","meta":{"footnotes":""},"categories":[37],"tags":[2082,796,2081,184,127,758,1262,507,1948,2080,2079,4],"class_list":["post-1487","post","type-post","status-publish","format-standard","has-post-thumbnail","hentry","category-famille","tag-cdc","tag-contre","tag-enceinte","tag-etes","tag-faire","tag-grippe","tag-peutetre","tag-selon","tag-tot","tag-vacciner","tag-voudrez","tag-vous","generate-columns","tablet-grid-50","mobile-grid-100","grid-parent","grid-33"],"yoast_head":"<!-- This site is optimized with the Yoast SEO plugin v24.0 - https:\/\/yoast.com\/wordpress\/plugins\/seo\/ -->\n<title>Vous voudrez peut-\u00eatre vous faire vacciner contre la grippe plus t\u00f4t si vous \u00eates enceinte, selon le CDC | Vie Associative<\/title>\n<meta name=\"robots\" content=\"index, follow, max-snippet:-1, max-image-preview:large, max-video-preview:-1\" \/>\n<link rel=\"canonical\" href=\"https:\/\/vieassociative.be\/actualites\/vous-voudrez-peut-etre-vous-faire-vacciner-contre-la-grippe-plus-tot-si-vous-etes-enceinte-selon-le-cdc\/\" \/>\n<meta property=\"og:locale\" content=\"fr_FR\" \/>\n<meta property=\"og:type\" content=\"article\" \/>\n<meta property=\"og:title\" content=\"Vous voudrez peut-\u00eatre vous faire vacciner contre la grippe plus t\u00f4t si vous \u00eates enceinte, selon le CDC | Vie Associative\" \/>\n<meta property=\"og:description\" content=\"Si vous \u00eates dans votre troisi\u00e8me trimestre, vous pouvez prot\u00e9ger votre b\u00e9b\u00e9 en vous faisant vacciner t\u00f4t. C&rsquo;est l&rsquo;\u00e9t\u00e9. Tr\u00e8s bient\u00f4t, les pharmacies commenceront \u00e0\" \/>\n<meta property=\"og:url\" content=\"https:\/\/vieassociative.be\/actualites\/vous-voudrez-peut-etre-vous-faire-vacciner-contre-la-grippe-plus-tot-si-vous-etes-enceinte-selon-le-cdc\/\" \/>\n<meta property=\"og:site_name\" content=\"Vie Associative\" \/>\n<meta property=\"article:published_time\" content=\"2024-10-21T19:19:27+00:00\" \/>\n<meta property=\"og:image\" content=\"https:\/\/vieassociative.be\/actualites\/wp-content\/uploads\/2024\/09\/header_backgroundk-01-e1726694325946.png\" \/>\n\t<meta property=\"og:image:width\" content=\"279\" \/>\n\t<meta property=\"og:image:height\" content=\"92\" \/>\n\t<meta property=\"og:image:type\" content=\"image\/png\" \/>\n<meta name=\"author\" content=\"Julien\" \/>\n<meta name=\"twitter:card\" content=\"summary_large_image\" \/>\n<meta name=\"twitter:label1\" content=\"\u00c9crit par\" \/>\n\t<meta name=\"twitter:data1\" content=\"Julien\" \/>\n\t<meta name=\"twitter:label2\" content=\"Dur\u00e9e de lecture est.\" \/>\n\t<meta name=\"twitter:data2\" content=\"3 minutes\" \/>\n<script type=\"application\/ld+json\" class=\"yoast-schema-graph\">{\"@context\":\"https:\/\/schema.org\",\"@graph\":[{\"@type\":\"Article\",\"@id\":\"https:\/\/vieassociative.be\/actualites\/vous-voudrez-peut-etre-vous-faire-vacciner-contre-la-grippe-plus-tot-si-vous-etes-enceinte-selon-le-cdc\/#article\",\"isPartOf\":{\"@id\":\"https:\/\/vieassociative.be\/actualites\/vous-voudrez-peut-etre-vous-faire-vacciner-contre-la-grippe-plus-tot-si-vous-etes-enceinte-selon-le-cdc\/\"},\"author\":{\"name\":\"Julien\",\"@id\":\"https:\/\/vieassociative.be\/actualites\/#\/schema\/person\/b87ac4f82f9d4e7b7cec7395b679edc4\"},\"headline\":\"Vous voudrez peut-\u00eatre vous faire vacciner contre la grippe plus t\u00f4t si vous \u00eates enceinte, selon le CDC\",\"datePublished\":\"2024-10-21T19:19:27+00:00\",\"dateModified\":\"2024-10-21T19:19:27+00:00\",\"mainEntityOfPage\":{\"@id\":\"https:\/\/vieassociative.be\/actualites\/vous-voudrez-peut-etre-vous-faire-vacciner-contre-la-grippe-plus-tot-si-vous-etes-enceinte-selon-le-cdc\/\"},\"wordCount\":631,\"publisher\":{\"@id\":\"https:\/\/vieassociative.be\/actualites\/#organization\"},\"image\":{\"@id\":\"https:\/\/vieassociative.be\/actualites\/vous-voudrez-peut-etre-vous-faire-vacciner-contre-la-grippe-plus-tot-si-vous-etes-enceinte-selon-le-cdc\/#primaryimage\"},\"thumbnailUrl\":\"https:\/\/vieassociative.be\/actualites\/wp-content\/uploads\/2024\/10\/Vous-voudrez-peut-etre-vous-faire-vacciner-contre-la-grippe-plus.jpg\",\"keywords\":[\"CDC\",\"contre\",\"enceinte\",\"\u00eates\",\"faire\",\"grippe\",\"Peut\u00eatre\",\"selon\",\"t\u00f4t\",\"vacciner\",\"voudrez\",\"Vous\"],\"articleSection\":[\"Famille\"],\"inLanguage\":\"fr-BE\"},{\"@type\":\"WebPage\",\"@id\":\"https:\/\/vieassociative.be\/actualites\/vous-voudrez-peut-etre-vous-faire-vacciner-contre-la-grippe-plus-tot-si-vous-etes-enceinte-selon-le-cdc\/\",\"url\":\"https:\/\/vieassociative.be\/actualites\/vous-voudrez-peut-etre-vous-faire-vacciner-contre-la-grippe-plus-tot-si-vous-etes-enceinte-selon-le-cdc\/\",\"name\":\"Vous voudrez peut-\u00eatre vous faire vacciner contre la grippe plus t\u00f4t si vous \u00eates enceinte, selon le CDC | Vie Associative\",\"isPartOf\":{\"@id\":\"https:\/\/vieassociative.be\/actualites\/#website\"},\"primaryImageOfPage\":{\"@id\":\"https:\/\/vieassociative.be\/actualites\/vous-voudrez-peut-etre-vous-faire-vacciner-contre-la-grippe-plus-tot-si-vous-etes-enceinte-selon-le-cdc\/#primaryimage\"},\"image\":{\"@id\":\"https:\/\/vieassociative.be\/actualites\/vous-voudrez-peut-etre-vous-faire-vacciner-contre-la-grippe-plus-tot-si-vous-etes-enceinte-selon-le-cdc\/#primaryimage\"},\"thumbnailUrl\":\"https:\/\/vieassociative.be\/actualites\/wp-content\/uploads\/2024\/10\/Vous-voudrez-peut-etre-vous-faire-vacciner-contre-la-grippe-plus.jpg\",\"datePublished\":\"2024-10-21T19:19:27+00:00\",\"dateModified\":\"2024-10-21T19:19:27+00:00\",\"breadcrumb\":{\"@id\":\"https:\/\/vieassociative.be\/actualites\/vous-voudrez-peut-etre-vous-faire-vacciner-contre-la-grippe-plus-tot-si-vous-etes-enceinte-selon-le-cdc\/#breadcrumb\"},\"inLanguage\":\"fr-BE\",\"potentialAction\":[{\"@type\":\"ReadAction\",\"target\":[\"https:\/\/vieassociative.be\/actualites\/vous-voudrez-peut-etre-vous-faire-vacciner-contre-la-grippe-plus-tot-si-vous-etes-enceinte-selon-le-cdc\/\"]}]},{\"@type\":\"ImageObject\",\"inLanguage\":\"fr-BE\",\"@id\":\"https:\/\/vieassociative.be\/actualites\/vous-voudrez-peut-etre-vous-faire-vacciner-contre-la-grippe-plus-tot-si-vous-etes-enceinte-selon-le-cdc\/#primaryimage\",\"url\":\"https:\/\/vieassociative.be\/actualites\/wp-content\/uploads\/2024\/10\/Vous-voudrez-peut-etre-vous-faire-vacciner-contre-la-grippe-plus.jpg\",\"contentUrl\":\"https:\/\/vieassociative.be\/actualites\/wp-content\/uploads\/2024\/10\/Vous-voudrez-peut-etre-vous-faire-vacciner-contre-la-grippe-plus.jpg\",\"width\":1200,\"height\":675,\"caption\":\"Vous voudrez peut-\u00eatre vous faire vacciner contre la grippe plus t\u00f4t si vous \u00eates enceinte, selon le CDC\"},{\"@type\":\"BreadcrumbList\",\"@id\":\"https:\/\/vieassociative.be\/actualites\/vous-voudrez-peut-etre-vous-faire-vacciner-contre-la-grippe-plus-tot-si-vous-etes-enceinte-selon-le-cdc\/#breadcrumb\",\"itemListElement\":[{\"@type\":\"ListItem\",\"position\":1,\"name\":\"Accueil\",\"item\":\"https:\/\/vieassociative.be\/actualites\/\"},{\"@type\":\"ListItem\",\"position\":2,\"name\":\"Vous voudrez peut-\u00eatre vous faire vacciner contre la grippe plus t\u00f4t si vous \u00eates enceinte, selon le CDC\"}]},{\"@type\":\"WebSite\",\"@id\":\"https:\/\/vieassociative.be\/actualites\/#website\",\"url\":\"https:\/\/vieassociative.be\/actualites\/\",\"name\":\"Vie Associative\",\"description\":\"\",\"publisher\":{\"@id\":\"https:\/\/vieassociative.be\/actualites\/#organization\"},\"potentialAction\":[{\"@type\":\"SearchAction\",\"target\":{\"@type\":\"EntryPoint\",\"urlTemplate\":\"https:\/\/vieassociative.be\/actualites\/?s={search_term_string}\"},\"query-input\":{\"@type\":\"PropertyValueSpecification\",\"valueRequired\":true,\"valueName\":\"search_term_string\"}}],\"inLanguage\":\"fr-BE\"},{\"@type\":\"Organization\",\"@id\":\"https:\/\/vieassociative.be\/actualites\/#organization\",\"name\":\"Vie Associative\",\"url\":\"https:\/\/vieassociative.be\/actualites\/\",\"logo\":{\"@type\":\"ImageObject\",\"inLanguage\":\"fr-BE\",\"@id\":\"https:\/\/vieassociative.be\/actualites\/#\/schema\/logo\/image\/\",\"url\":\"https:\/\/vieassociative.be\/actualites\/wp-content\/uploads\/2024\/09\/cropped-vieassociative_favicon.ico.png\",\"contentUrl\":\"https:\/\/vieassociative.be\/actualites\/wp-content\/uploads\/2024\/09\/cropped-vieassociative_favicon.ico.png\",\"width\":512,\"height\":512,\"caption\":\"Vie Associative\"},\"image\":{\"@id\":\"https:\/\/vieassociative.be\/actualites\/#\/schema\/logo\/image\/\"}},{\"@type\":\"Person\",\"@id\":\"https:\/\/vieassociative.be\/actualites\/#\/schema\/person\/b87ac4f82f9d4e7b7cec7395b679edc4\",\"name\":\"Julien\",\"image\":{\"@type\":\"ImageObject\",\"inLanguage\":\"fr-BE\",\"@id\":\"https:\/\/vieassociative.be\/actualites\/#\/schema\/person\/image\/\",\"url\":\"https:\/\/vieassociative.be\/actualites\/wp-content\/uploads\/2024\/09\/vie-associative-1-150x150.jpg\",\"contentUrl\":\"https:\/\/vieassociative.be\/actualites\/wp-content\/uploads\/2024\/09\/vie-associative-1-150x150.jpg\",\"caption\":\"Julien\"},\"description\":\"Je suis Julien, r\u00e9dacteur pour Vie Associative. Passionn\u00e9 par le monde associatif depuis plus de 10 ans, j'ai \u00e0 c\u0153ur de partager des histoires inspirantes et de mettre en lumi\u00e8re les initiatives locales. Mon objectif est de sensibiliser et d'encourager l'engagement communautaire \u00e0 travers mes articles.\",\"sameAs\":[\"https:\/\/vieassociative.be\/\"]}]}<\/script>\n<!-- \/ Yoast SEO plugin. -->","yoast_head_json":{"title":"Vous voudrez peut-\u00eatre vous faire vacciner contre la grippe plus t\u00f4t si vous \u00eates enceinte, selon le CDC | Vie Associative","robots":{"index":"index","follow":"follow","max-snippet":"max-snippet:-1","max-image-preview":"max-image-preview:large","max-video-preview":"max-video-preview:-1"},"canonical":"https:\/\/vieassociative.be\/actualites\/vous-voudrez-peut-etre-vous-faire-vacciner-contre-la-grippe-plus-tot-si-vous-etes-enceinte-selon-le-cdc\/","og_locale":"fr_FR","og_type":"article","og_title":"Vous voudrez peut-\u00eatre vous faire vacciner contre la grippe plus t\u00f4t si vous \u00eates enceinte, selon le CDC | Vie Associative","og_description":"Si vous \u00eates dans votre troisi\u00e8me trimestre, vous pouvez prot\u00e9ger votre b\u00e9b\u00e9 en vous faisant vacciner t\u00f4t. C&rsquo;est l&rsquo;\u00e9t\u00e9. Tr\u00e8s bient\u00f4t, les pharmacies commenceront \u00e0","og_url":"https:\/\/vieassociative.be\/actualites\/vous-voudrez-peut-etre-vous-faire-vacciner-contre-la-grippe-plus-tot-si-vous-etes-enceinte-selon-le-cdc\/","og_site_name":"Vie Associative","article_published_time":"2024-10-21T19:19:27+00:00","og_image":[{"width":279,"height":92,"url":"https:\/\/vieassociative.be\/actualites\/wp-content\/uploads\/2024\/09\/header_backgroundk-01-e1726694325946.png","type":"image\/png"}],"author":"Julien","twitter_card":"summary_large_image","twitter_misc":{"\u00c9crit par":"Julien","Dur\u00e9e de lecture est.":"3 minutes"},"schema":{"@context":"https:\/\/schema.org","@graph":[{"@type":"Article","@id":"https:\/\/vieassociative.be\/actualites\/vous-voudrez-peut-etre-vous-faire-vacciner-contre-la-grippe-plus-tot-si-vous-etes-enceinte-selon-le-cdc\/#article","isPartOf":{"@id":"https:\/\/vieassociative.be\/actualites\/vous-voudrez-peut-etre-vous-faire-vacciner-contre-la-grippe-plus-tot-si-vous-etes-enceinte-selon-le-cdc\/"},"author":{"name":"Julien","@id":"https:\/\/vieassociative.be\/actualites\/#\/schema\/person\/b87ac4f82f9d4e7b7cec7395b679edc4"},"headline":"Vous voudrez peut-\u00eatre vous faire vacciner contre la grippe plus t\u00f4t si vous \u00eates enceinte, selon le CDC","datePublished":"2024-10-21T19:19:27+00:00","dateModified":"2024-10-21T19:19:27+00:00","mainEntityOfPage":{"@id":"https:\/\/vieassociative.be\/actualites\/vous-voudrez-peut-etre-vous-faire-vacciner-contre-la-grippe-plus-tot-si-vous-etes-enceinte-selon-le-cdc\/"},"wordCount":631,"publisher":{"@id":"https:\/\/vieassociative.be\/actualites\/#organization"},"image":{"@id":"https:\/\/vieassociative.be\/actualites\/vous-voudrez-peut-etre-vous-faire-vacciner-contre-la-grippe-plus-tot-si-vous-etes-enceinte-selon-le-cdc\/#primaryimage"},"thumbnailUrl":"https:\/\/vieassociative.be\/actualites\/wp-content\/uploads\/2024\/10\/Vous-voudrez-peut-etre-vous-faire-vacciner-contre-la-grippe-plus.jpg","keywords":["CDC","contre","enceinte","\u00eates","faire","grippe","Peut\u00eatre","selon","t\u00f4t","vacciner","voudrez","Vous"],"articleSection":["Famille"],"inLanguage":"fr-BE"},{"@type":"WebPage","@id":"https:\/\/vieassociative.be\/actualites\/vous-voudrez-peut-etre-vous-faire-vacciner-contre-la-grippe-plus-tot-si-vous-etes-enceinte-selon-le-cdc\/","url":"https:\/\/vieassociative.be\/actualites\/vous-voudrez-peut-etre-vous-faire-vacciner-contre-la-grippe-plus-tot-si-vous-etes-enceinte-selon-le-cdc\/","name":"Vous voudrez peut-\u00eatre vous faire vacciner contre la grippe plus t\u00f4t si vous \u00eates enceinte, selon le CDC | Vie Associative","isPartOf":{"@id":"https:\/\/vieassociative.be\/actualites\/#website"},"primaryImageOfPage":{"@id":"https:\/\/vieassociative.be\/actualites\/vous-voudrez-peut-etre-vous-faire-vacciner-contre-la-grippe-plus-tot-si-vous-etes-enceinte-selon-le-cdc\/#primaryimage"},"image":{"@id":"https:\/\/vieassociative.be\/actualites\/vous-voudrez-peut-etre-vous-faire-vacciner-contre-la-grippe-plus-tot-si-vous-etes-enceinte-selon-le-cdc\/#primaryimage"},"thumbnailUrl":"https:\/\/vieassociative.be\/actualites\/wp-content\/uploads\/2024\/10\/Vous-voudrez-peut-etre-vous-faire-vacciner-contre-la-grippe-plus.jpg","datePublished":"2024-10-21T19:19:27+00:00","dateModified":"2024-10-21T19:19:27+00:00","breadcrumb":{"@id":"https:\/\/vieassociative.be\/actualites\/vous-voudrez-peut-etre-vous-faire-vacciner-contre-la-grippe-plus-tot-si-vous-etes-enceinte-selon-le-cdc\/#breadcrumb"},"inLanguage":"fr-BE","potentialAction":[{"@type":"ReadAction","target":["https:\/\/vieassociative.be\/actualites\/vous-voudrez-peut-etre-vous-faire-vacciner-contre-la-grippe-plus-tot-si-vous-etes-enceinte-selon-le-cdc\/"]}]},{"@type":"ImageObject","inLanguage":"fr-BE","@id":"https:\/\/vieassociative.be\/actualites\/vous-voudrez-peut-etre-vous-faire-vacciner-contre-la-grippe-plus-tot-si-vous-etes-enceinte-selon-le-cdc\/#primaryimage","url":"https:\/\/vieassociative.be\/actualites\/wp-content\/uploads\/2024\/10\/Vous-voudrez-peut-etre-vous-faire-vacciner-contre-la-grippe-plus.jpg","contentUrl":"https:\/\/vieassociative.be\/actualites\/wp-content\/uploads\/2024\/10\/Vous-voudrez-peut-etre-vous-faire-vacciner-contre-la-grippe-plus.jpg","width":1200,"height":675,"caption":"Vous voudrez peut-\u00eatre vous faire vacciner contre la grippe plus t\u00f4t si vous \u00eates enceinte, selon le CDC"},{"@type":"BreadcrumbList","@id":"https:\/\/vieassociative.be\/actualites\/vous-voudrez-peut-etre-vous-faire-vacciner-contre-la-grippe-plus-tot-si-vous-etes-enceinte-selon-le-cdc\/#breadcrumb","itemListElement":[{"@type":"ListItem","position":1,"name":"Accueil","item":"https:\/\/vieassociative.be\/actualites\/"},{"@type":"ListItem","position":2,"name":"Vous voudrez peut-\u00eatre vous faire vacciner contre la grippe plus t\u00f4t si vous \u00eates enceinte, selon le CDC"}]},{"@type":"WebSite","@id":"https:\/\/vieassociative.be\/actualites\/#website","url":"https:\/\/vieassociative.be\/actualites\/","name":"Vie Associative","description":"","publisher":{"@id":"https:\/\/vieassociative.be\/actualites\/#organization"},"potentialAction":[{"@type":"SearchAction","target":{"@type":"EntryPoint","urlTemplate":"https:\/\/vieassociative.be\/actualites\/?s={search_term_string}"},"query-input":{"@type":"PropertyValueSpecification","valueRequired":true,"valueName":"search_term_string"}}],"inLanguage":"fr-BE"},{"@type":"Organization","@id":"https:\/\/vieassociative.be\/actualites\/#organization","name":"Vie Associative","url":"https:\/\/vieassociative.be\/actualites\/","logo":{"@type":"ImageObject","inLanguage":"fr-BE","@id":"https:\/\/vieassociative.be\/actualites\/#\/schema\/logo\/image\/","url":"https:\/\/vieassociative.be\/actualites\/wp-content\/uploads\/2024\/09\/cropped-vieassociative_favicon.ico.png","contentUrl":"https:\/\/vieassociative.be\/actualites\/wp-content\/uploads\/2024\/09\/cropped-vieassociative_favicon.ico.png","width":512,"height":512,"caption":"Vie Associative"},"image":{"@id":"https:\/\/vieassociative.be\/actualites\/#\/schema\/logo\/image\/"}},{"@type":"Person","@id":"https:\/\/vieassociative.be\/actualites\/#\/schema\/person\/b87ac4f82f9d4e7b7cec7395b679edc4","name":"Julien","image":{"@type":"ImageObject","inLanguage":"fr-BE","@id":"https:\/\/vieassociative.be\/actualites\/#\/schema\/person\/image\/","url":"https:\/\/vieassociative.be\/actualites\/wp-content\/uploads\/2024\/09\/vie-associative-1-150x150.jpg","contentUrl":"https:\/\/vieassociative.be\/actualites\/wp-content\/uploads\/2024\/09\/vie-associative-1-150x150.jpg","caption":"Julien"},"description":"Je suis Julien, r\u00e9dacteur pour Vie Associative. Passionn\u00e9 par le monde associatif depuis plus de 10 ans, j'ai \u00e0 c\u0153ur de partager des histoires inspirantes et de mettre en lumi\u00e8re les initiatives locales. Mon objectif est de sensibiliser et d'encourager l'engagement communautaire \u00e0 travers mes articles.","sameAs":["https:\/\/vieassociative.be\/"]}]}},"_links":{"self":[{"href":"https:\/\/vieassociative.be\/actualites\/wp-json\/wp\/v2\/posts\/1487"}],"collection":[{"href":"https:\/\/vieassociative.be\/actualites\/wp-json\/wp\/v2\/posts"}],"about":[{"href":"https:\/\/vieassociative.be\/actualites\/wp-json\/wp\/v2\/types\/post"}],"author":[{"embeddable":true,"href":"https:\/\/vieassociative.be\/actualites\/wp-json\/wp\/v2\/users\/1"}],"replies":[{"embeddable":true,"href":"https:\/\/vieassociative.be\/actualites\/wp-json\/wp\/v2\/comments?post=1487"}],"version-history":[{"count":0,"href":"https:\/\/vieassociative.be\/actualites\/wp-json\/wp\/v2\/posts\/1487\/revisions"}],"wp:featuredmedia":[{"embeddable":true,"href":"https:\/\/vieassociative.be\/actualites\/wp-json\/wp\/v2\/media\/1488"}],"wp:attachment":[{"href":"https:\/\/vieassociative.be\/actualites\/wp-json\/wp\/v2\/media?parent=1487"}],"wp:term":[{"taxonomy":"category","embeddable":true,"href":"https:\/\/vieassociative.be\/actualites\/wp-json\/wp\/v2\/categories?post=1487"},{"taxonomy":"post_tag","embeddable":true,"href":"https:\/\/vieassociative.be\/actualites\/wp-json\/wp\/v2\/tags?post=1487"}],"curies":[{"name":"wp","href":"https:\/\/api.w.org\/{rel}","templated":true}]}}