{"id":1485,"date":"2024-10-21T20:18:51","date_gmt":"2024-10-21T18:18:51","guid":{"rendered":"https:\/\/vieassociative.be\/actualites\/la-farine-expire-t-elle\/"},"modified":"2024-10-21T20:18:51","modified_gmt":"2024-10-21T18:18:51","slug":"la-farine-expire-t-elle","status":"publish","type":"post","link":"https:\/\/vieassociative.be\/actualites\/la-farine-expire-t-elle\/","title":{"rendered":"La farine expire-t-elle ?"},"content":{"rendered":"<div class=\"mt-4 leading-6 md:mb-8\">Dans quelle mesure est-il stable en conservation et comment savoir s&rsquo;il se d\u00e9stabilise\u00a0?<\/div>\n<p><\/p>\n<p>M\u00eame si vous ne cuisinez pas beaucoup, vous avez probablement un sac de farine dans votre garde-manger. Au-del\u00e0 du pain et d\u2019autres produits de boulangerie, la poudre de bl\u00e9 transform\u00e9e est utilis\u00e9e comme agent de panure et \u00e9paississant dans une grande vari\u00e9t\u00e9 de cuisines. Il est \u00e9videmment stable en conservation \u2013 c\u2019est pourquoi nous le gardons sur les \u00e9tag\u00e8res de nos garde-manger \u2013 mais dans quelle mesure est-il stable et comment savoir s\u2019il se d\u00e9stabilise ?<\/p>\n<p>La r\u00e9ponse courte est que la farine est \u00ab bonne \u00bb pendant 3 \u00e0 8 mois \u00e0 temp\u00e9rature et pression ambiantes, mais cette p\u00e9riode peut \u00eatre consid\u00e9rablement allong\u00e9e avec quelques modifications de stockage. La conserver au cong\u00e9lateur, par exemple, peut prolonger sa dur\u00e9e de vie de plusieurs ann\u00e9es, surtout si vous prenez soin de la sceller dans un contenant herm\u00e9tique pour \u00e9viter que les odeurs ne s&rsquo;y infiltrent. (La farine r\u00e9frig\u00e9r\u00e9e peut durer jusqu&rsquo;\u00e0 un an, mais je ne le fais tout simplement pas. j&rsquo;ai de la place dans mon frigo.)<\/p>\n<p>Certaines farines ont plus tendance \u00e0 se d\u00e9t\u00e9riorer que d\u2019autres. La farine blanche a la dur\u00e9e de conservation la plus longue en raison de la fa\u00e7on dont elle est transform\u00e9e. Le grain et le son sont \u00e9limin\u00e9s, ne laissant que l&rsquo;endosperme amylac\u00e9, et le grain et le son sont l&rsquo;endroit o\u00f9 vivent les huiles. Les huiles sont bonnes pour la sant\u00e9, mais elles rancissent \u00e9galement, donc la farine de bl\u00e9 entier (ou les farines alternatives \u00e0 base d&rsquo;autres ingr\u00e9dients huileux, comme les amandes) sont susceptibles de se d\u00e9t\u00e9riorer plus rapidement que leur homologue hautement transform\u00e9e.<\/p>\n<p>En plus des huiles qui peuvent rancir, l&rsquo;humidit\u00e9 est le principal facteur qui acc\u00e9l\u00e8re la disparition de la farine, alors conservez-la dans un r\u00e9cipient herm\u00e9tique, quelle que soit la temp\u00e9rature de stockage. La farine humide se transforme g\u00e9n\u00e9ralement rapidement en farine moisie, alors veillez \u00e0 ne pas tremper d&rsquo;ustensiles ou de cuill\u00e8res mouill\u00e9es dans le sac.<\/p>\n<p>Si vous ne savez plus depuis combien de temps votre farine est rest\u00e9e dans votre garde-manger, jetez-y un coup d&rsquo;\u0153il et une odeur. Recherchez les signes de moisissure et d\u2019insectes et reniflez tout ce qui sent \u00ab mauvais \u00bb. Pour moi, les huiles rances ont toujours senti le crayon, mais la mauvaise farine peut aussi sentir le moisi ou l\u2019aigre. La farine en elle-m\u00eame n&rsquo;a pas beaucoup d&rsquo;odeur, donc si vous constatez que votre cerveau \u00ab essaie de localiser \u00bb une odeur, alors cette odeur n&rsquo;a pas sa place. M\u00e9langez la farine et achetez un nouveau sac. (C&rsquo;est tr\u00e8s bon march\u00e9.)<\/p>\n","protected":false},"excerpt":{"rendered":"<p>Dans quelle mesure est-il stable en conservation et comment savoir s&rsquo;il se d\u00e9stabilise\u00a0? M\u00eame si vous ne cuisinez pas beaucoup, vous avez probablement un sac<\/p>\n","protected":false},"author":1,"featured_media":1486,"comment_status":"","ping_status":"","sticky":false,"template":"","format":"standard","meta":{"footnotes":""},"categories":[39],"tags":[2078,2077],"class_list":["post-1485","post","type-post","status-publish","format-standard","has-post-thumbnail","hentry","category-gastronomie","tag-expiretelle","tag-farine","generate-columns","tablet-grid-50","mobile-grid-100","grid-parent","grid-33"],"yoast_head":"<!-- This site is optimized with the Yoast SEO plugin v24.0 - https:\/\/yoast.com\/wordpress\/plugins\/seo\/ -->\n<title>La farine expire-t-elle ? | Vie Associative<\/title>\n<meta name=\"robots\" content=\"index, follow, max-snippet:-1, max-image-preview:large, max-video-preview:-1\" \/>\n<link rel=\"canonical\" href=\"https:\/\/vieassociative.be\/actualites\/la-farine-expire-t-elle\/\" \/>\n<meta property=\"og:locale\" content=\"fr_FR\" \/>\n<meta property=\"og:type\" content=\"article\" \/>\n<meta property=\"og:title\" content=\"La farine expire-t-elle ? | Vie Associative\" \/>\n<meta property=\"og:description\" content=\"Dans quelle mesure est-il stable en conservation et comment savoir s&rsquo;il se d\u00e9stabilise\u00a0? M\u00eame si vous ne cuisinez pas beaucoup, vous avez probablement un sac\" \/>\n<meta property=\"og:url\" content=\"https:\/\/vieassociative.be\/actualites\/la-farine-expire-t-elle\/\" \/>\n<meta property=\"og:site_name\" content=\"Vie Associative\" \/>\n<meta property=\"article:published_time\" content=\"2024-10-21T18:18:51+00:00\" \/>\n<meta property=\"og:image\" content=\"https:\/\/vieassociative.be\/actualites\/wp-content\/uploads\/2024\/09\/header_backgroundk-01-e1726694325946.png\" \/>\n\t<meta property=\"og:image:width\" content=\"279\" \/>\n\t<meta property=\"og:image:height\" content=\"92\" \/>\n\t<meta property=\"og:image:type\" content=\"image\/png\" \/>\n<meta name=\"author\" content=\"Julien\" \/>\n<meta name=\"twitter:card\" content=\"summary_large_image\" \/>\n<meta name=\"twitter:label1\" content=\"\u00c9crit par\" \/>\n\t<meta name=\"twitter:data1\" content=\"Julien\" \/>\n\t<meta name=\"twitter:label2\" content=\"Dur\u00e9e de lecture est.\" \/>\n\t<meta name=\"twitter:data2\" content=\"2 minutes\" \/>\n<script type=\"application\/ld+json\" class=\"yoast-schema-graph\">{\"@context\":\"https:\/\/schema.org\",\"@graph\":[{\"@type\":\"Article\",\"@id\":\"https:\/\/vieassociative.be\/actualites\/la-farine-expire-t-elle\/#article\",\"isPartOf\":{\"@id\":\"https:\/\/vieassociative.be\/actualites\/la-farine-expire-t-elle\/\"},\"author\":{\"name\":\"Julien\",\"@id\":\"https:\/\/vieassociative.be\/actualites\/#\/schema\/person\/b87ac4f82f9d4e7b7cec7395b679edc4\"},\"headline\":\"La farine expire-t-elle ?\",\"datePublished\":\"2024-10-21T18:18:51+00:00\",\"dateModified\":\"2024-10-21T18:18:51+00:00\",\"mainEntityOfPage\":{\"@id\":\"https:\/\/vieassociative.be\/actualites\/la-farine-expire-t-elle\/\"},\"wordCount\":480,\"publisher\":{\"@id\":\"https:\/\/vieassociative.be\/actualites\/#organization\"},\"image\":{\"@id\":\"https:\/\/vieassociative.be\/actualites\/la-farine-expire-t-elle\/#primaryimage\"},\"thumbnailUrl\":\"https:\/\/vieassociative.be\/actualites\/wp-content\/uploads\/2024\/10\/La-farine-expire-t-elle.jpg\",\"keywords\":[\"expiretelle\",\"farine\"],\"articleSection\":[\"Gastronomie\"],\"inLanguage\":\"fr-BE\"},{\"@type\":\"WebPage\",\"@id\":\"https:\/\/vieassociative.be\/actualites\/la-farine-expire-t-elle\/\",\"url\":\"https:\/\/vieassociative.be\/actualites\/la-farine-expire-t-elle\/\",\"name\":\"La farine expire-t-elle ? | Vie Associative\",\"isPartOf\":{\"@id\":\"https:\/\/vieassociative.be\/actualites\/#website\"},\"primaryImageOfPage\":{\"@id\":\"https:\/\/vieassociative.be\/actualites\/la-farine-expire-t-elle\/#primaryimage\"},\"image\":{\"@id\":\"https:\/\/vieassociative.be\/actualites\/la-farine-expire-t-elle\/#primaryimage\"},\"thumbnailUrl\":\"https:\/\/vieassociative.be\/actualites\/wp-content\/uploads\/2024\/10\/La-farine-expire-t-elle.jpg\",\"datePublished\":\"2024-10-21T18:18:51+00:00\",\"dateModified\":\"2024-10-21T18:18:51+00:00\",\"breadcrumb\":{\"@id\":\"https:\/\/vieassociative.be\/actualites\/la-farine-expire-t-elle\/#breadcrumb\"},\"inLanguage\":\"fr-BE\",\"potentialAction\":[{\"@type\":\"ReadAction\",\"target\":[\"https:\/\/vieassociative.be\/actualites\/la-farine-expire-t-elle\/\"]}]},{\"@type\":\"ImageObject\",\"inLanguage\":\"fr-BE\",\"@id\":\"https:\/\/vieassociative.be\/actualites\/la-farine-expire-t-elle\/#primaryimage\",\"url\":\"https:\/\/vieassociative.be\/actualites\/wp-content\/uploads\/2024\/10\/La-farine-expire-t-elle.jpg\",\"contentUrl\":\"https:\/\/vieassociative.be\/actualites\/wp-content\/uploads\/2024\/10\/La-farine-expire-t-elle.jpg\",\"width\":1200,\"height\":675,\"caption\":\"La farine expire-t-elle ?\"},{\"@type\":\"BreadcrumbList\",\"@id\":\"https:\/\/vieassociative.be\/actualites\/la-farine-expire-t-elle\/#breadcrumb\",\"itemListElement\":[{\"@type\":\"ListItem\",\"position\":1,\"name\":\"Accueil\",\"item\":\"https:\/\/vieassociative.be\/actualites\/\"},{\"@type\":\"ListItem\",\"position\":2,\"name\":\"La farine expire-t-elle ?\"}]},{\"@type\":\"WebSite\",\"@id\":\"https:\/\/vieassociative.be\/actualites\/#website\",\"url\":\"https:\/\/vieassociative.be\/actualites\/\",\"name\":\"Vie Associative\",\"description\":\"\",\"publisher\":{\"@id\":\"https:\/\/vieassociative.be\/actualites\/#organization\"},\"potentialAction\":[{\"@type\":\"SearchAction\",\"target\":{\"@type\":\"EntryPoint\",\"urlTemplate\":\"https:\/\/vieassociative.be\/actualites\/?s={search_term_string}\"},\"query-input\":{\"@type\":\"PropertyValueSpecification\",\"valueRequired\":true,\"valueName\":\"search_term_string\"}}],\"inLanguage\":\"fr-BE\"},{\"@type\":\"Organization\",\"@id\":\"https:\/\/vieassociative.be\/actualites\/#organization\",\"name\":\"Vie Associative\",\"url\":\"https:\/\/vieassociative.be\/actualites\/\",\"logo\":{\"@type\":\"ImageObject\",\"inLanguage\":\"fr-BE\",\"@id\":\"https:\/\/vieassociative.be\/actualites\/#\/schema\/logo\/image\/\",\"url\":\"https:\/\/vieassociative.be\/actualites\/wp-content\/uploads\/2024\/09\/cropped-vieassociative_favicon.ico.png\",\"contentUrl\":\"https:\/\/vieassociative.be\/actualites\/wp-content\/uploads\/2024\/09\/cropped-vieassociative_favicon.ico.png\",\"width\":512,\"height\":512,\"caption\":\"Vie Associative\"},\"image\":{\"@id\":\"https:\/\/vieassociative.be\/actualites\/#\/schema\/logo\/image\/\"}},{\"@type\":\"Person\",\"@id\":\"https:\/\/vieassociative.be\/actualites\/#\/schema\/person\/b87ac4f82f9d4e7b7cec7395b679edc4\",\"name\":\"Julien\",\"image\":{\"@type\":\"ImageObject\",\"inLanguage\":\"fr-BE\",\"@id\":\"https:\/\/vieassociative.be\/actualites\/#\/schema\/person\/image\/\",\"url\":\"https:\/\/vieassociative.be\/actualites\/wp-content\/uploads\/2024\/09\/vie-associative-1-150x150.jpg\",\"contentUrl\":\"https:\/\/vieassociative.be\/actualites\/wp-content\/uploads\/2024\/09\/vie-associative-1-150x150.jpg\",\"caption\":\"Julien\"},\"description\":\"Je suis Julien, r\u00e9dacteur pour Vie Associative. Passionn\u00e9 par le monde associatif depuis plus de 10 ans, j'ai \u00e0 c\u0153ur de partager des histoires inspirantes et de mettre en lumi\u00e8re les initiatives locales. Mon objectif est de sensibiliser et d'encourager l'engagement communautaire \u00e0 travers mes articles.\",\"sameAs\":[\"https:\/\/vieassociative.be\/\"]}]}<\/script>\n<!-- \/ Yoast SEO plugin. -->","yoast_head_json":{"title":"La farine expire-t-elle ? | Vie Associative","robots":{"index":"index","follow":"follow","max-snippet":"max-snippet:-1","max-image-preview":"max-image-preview:large","max-video-preview":"max-video-preview:-1"},"canonical":"https:\/\/vieassociative.be\/actualites\/la-farine-expire-t-elle\/","og_locale":"fr_FR","og_type":"article","og_title":"La farine expire-t-elle ? | Vie Associative","og_description":"Dans quelle mesure est-il stable en conservation et comment savoir s&rsquo;il se d\u00e9stabilise\u00a0? M\u00eame si vous ne cuisinez pas beaucoup, vous avez probablement un sac","og_url":"https:\/\/vieassociative.be\/actualites\/la-farine-expire-t-elle\/","og_site_name":"Vie Associative","article_published_time":"2024-10-21T18:18:51+00:00","og_image":[{"width":279,"height":92,"url":"https:\/\/vieassociative.be\/actualites\/wp-content\/uploads\/2024\/09\/header_backgroundk-01-e1726694325946.png","type":"image\/png"}],"author":"Julien","twitter_card":"summary_large_image","twitter_misc":{"\u00c9crit par":"Julien","Dur\u00e9e de lecture est.":"2 minutes"},"schema":{"@context":"https:\/\/schema.org","@graph":[{"@type":"Article","@id":"https:\/\/vieassociative.be\/actualites\/la-farine-expire-t-elle\/#article","isPartOf":{"@id":"https:\/\/vieassociative.be\/actualites\/la-farine-expire-t-elle\/"},"author":{"name":"Julien","@id":"https:\/\/vieassociative.be\/actualites\/#\/schema\/person\/b87ac4f82f9d4e7b7cec7395b679edc4"},"headline":"La farine expire-t-elle ?","datePublished":"2024-10-21T18:18:51+00:00","dateModified":"2024-10-21T18:18:51+00:00","mainEntityOfPage":{"@id":"https:\/\/vieassociative.be\/actualites\/la-farine-expire-t-elle\/"},"wordCount":480,"publisher":{"@id":"https:\/\/vieassociative.be\/actualites\/#organization"},"image":{"@id":"https:\/\/vieassociative.be\/actualites\/la-farine-expire-t-elle\/#primaryimage"},"thumbnailUrl":"https:\/\/vieassociative.be\/actualites\/wp-content\/uploads\/2024\/10\/La-farine-expire-t-elle.jpg","keywords":["expiretelle","farine"],"articleSection":["Gastronomie"],"inLanguage":"fr-BE"},{"@type":"WebPage","@id":"https:\/\/vieassociative.be\/actualites\/la-farine-expire-t-elle\/","url":"https:\/\/vieassociative.be\/actualites\/la-farine-expire-t-elle\/","name":"La farine expire-t-elle ? | Vie Associative","isPartOf":{"@id":"https:\/\/vieassociative.be\/actualites\/#website"},"primaryImageOfPage":{"@id":"https:\/\/vieassociative.be\/actualites\/la-farine-expire-t-elle\/#primaryimage"},"image":{"@id":"https:\/\/vieassociative.be\/actualites\/la-farine-expire-t-elle\/#primaryimage"},"thumbnailUrl":"https:\/\/vieassociative.be\/actualites\/wp-content\/uploads\/2024\/10\/La-farine-expire-t-elle.jpg","datePublished":"2024-10-21T18:18:51+00:00","dateModified":"2024-10-21T18:18:51+00:00","breadcrumb":{"@id":"https:\/\/vieassociative.be\/actualites\/la-farine-expire-t-elle\/#breadcrumb"},"inLanguage":"fr-BE","potentialAction":[{"@type":"ReadAction","target":["https:\/\/vieassociative.be\/actualites\/la-farine-expire-t-elle\/"]}]},{"@type":"ImageObject","inLanguage":"fr-BE","@id":"https:\/\/vieassociative.be\/actualites\/la-farine-expire-t-elle\/#primaryimage","url":"https:\/\/vieassociative.be\/actualites\/wp-content\/uploads\/2024\/10\/La-farine-expire-t-elle.jpg","contentUrl":"https:\/\/vieassociative.be\/actualites\/wp-content\/uploads\/2024\/10\/La-farine-expire-t-elle.jpg","width":1200,"height":675,"caption":"La farine expire-t-elle ?"},{"@type":"BreadcrumbList","@id":"https:\/\/vieassociative.be\/actualites\/la-farine-expire-t-elle\/#breadcrumb","itemListElement":[{"@type":"ListItem","position":1,"name":"Accueil","item":"https:\/\/vieassociative.be\/actualites\/"},{"@type":"ListItem","position":2,"name":"La farine expire-t-elle ?"}]},{"@type":"WebSite","@id":"https:\/\/vieassociative.be\/actualites\/#website","url":"https:\/\/vieassociative.be\/actualites\/","name":"Vie Associative","description":"","publisher":{"@id":"https:\/\/vieassociative.be\/actualites\/#organization"},"potentialAction":[{"@type":"SearchAction","target":{"@type":"EntryPoint","urlTemplate":"https:\/\/vieassociative.be\/actualites\/?s={search_term_string}"},"query-input":{"@type":"PropertyValueSpecification","valueRequired":true,"valueName":"search_term_string"}}],"inLanguage":"fr-BE"},{"@type":"Organization","@id":"https:\/\/vieassociative.be\/actualites\/#organization","name":"Vie Associative","url":"https:\/\/vieassociative.be\/actualites\/","logo":{"@type":"ImageObject","inLanguage":"fr-BE","@id":"https:\/\/vieassociative.be\/actualites\/#\/schema\/logo\/image\/","url":"https:\/\/vieassociative.be\/actualites\/wp-content\/uploads\/2024\/09\/cropped-vieassociative_favicon.ico.png","contentUrl":"https:\/\/vieassociative.be\/actualites\/wp-content\/uploads\/2024\/09\/cropped-vieassociative_favicon.ico.png","width":512,"height":512,"caption":"Vie Associative"},"image":{"@id":"https:\/\/vieassociative.be\/actualites\/#\/schema\/logo\/image\/"}},{"@type":"Person","@id":"https:\/\/vieassociative.be\/actualites\/#\/schema\/person\/b87ac4f82f9d4e7b7cec7395b679edc4","name":"Julien","image":{"@type":"ImageObject","inLanguage":"fr-BE","@id":"https:\/\/vieassociative.be\/actualites\/#\/schema\/person\/image\/","url":"https:\/\/vieassociative.be\/actualites\/wp-content\/uploads\/2024\/09\/vie-associative-1-150x150.jpg","contentUrl":"https:\/\/vieassociative.be\/actualites\/wp-content\/uploads\/2024\/09\/vie-associative-1-150x150.jpg","caption":"Julien"},"description":"Je suis Julien, r\u00e9dacteur pour Vie Associative. Passionn\u00e9 par le monde associatif depuis plus de 10 ans, j'ai \u00e0 c\u0153ur de partager des histoires inspirantes et de mettre en lumi\u00e8re les initiatives locales. Mon objectif est de sensibiliser et d'encourager l'engagement communautaire \u00e0 travers mes articles.","sameAs":["https:\/\/vieassociative.be\/"]}]}},"_links":{"self":[{"href":"https:\/\/vieassociative.be\/actualites\/wp-json\/wp\/v2\/posts\/1485"}],"collection":[{"href":"https:\/\/vieassociative.be\/actualites\/wp-json\/wp\/v2\/posts"}],"about":[{"href":"https:\/\/vieassociative.be\/actualites\/wp-json\/wp\/v2\/types\/post"}],"author":[{"embeddable":true,"href":"https:\/\/vieassociative.be\/actualites\/wp-json\/wp\/v2\/users\/1"}],"replies":[{"embeddable":true,"href":"https:\/\/vieassociative.be\/actualites\/wp-json\/wp\/v2\/comments?post=1485"}],"version-history":[{"count":0,"href":"https:\/\/vieassociative.be\/actualites\/wp-json\/wp\/v2\/posts\/1485\/revisions"}],"wp:featuredmedia":[{"embeddable":true,"href":"https:\/\/vieassociative.be\/actualites\/wp-json\/wp\/v2\/media\/1486"}],"wp:attachment":[{"href":"https:\/\/vieassociative.be\/actualites\/wp-json\/wp\/v2\/media?parent=1485"}],"wp:term":[{"taxonomy":"category","embeddable":true,"href":"https:\/\/vieassociative.be\/actualites\/wp-json\/wp\/v2\/categories?post=1485"},{"taxonomy":"post_tag","embeddable":true,"href":"https:\/\/vieassociative.be\/actualites\/wp-json\/wp\/v2\/tags?post=1485"}],"curies":[{"name":"wp","href":"https:\/\/api.w.org\/{rel}","templated":true}]}}