{"id":1483,"date":"2024-10-21T18:19:23","date_gmt":"2024-10-21T16:19:23","guid":{"rendered":"https:\/\/vieassociative.be\/actualites\/microsoft-a-decouvert-une-faille-de-securite-majeure-avec-safari-sur-mac\/"},"modified":"2024-10-21T18:19:23","modified_gmt":"2024-10-21T16:19:23","slug":"microsoft-a-decouvert-une-faille-de-securite-majeure-avec-safari-sur-mac","status":"publish","type":"post","link":"https:\/\/vieassociative.be\/actualites\/microsoft-a-decouvert-une-faille-de-securite-majeure-avec-safari-sur-mac\/","title":{"rendered":"Microsoft a d\u00e9couvert une faille de s\u00e9curit\u00e9 majeure avec Safari sur Mac"},"content":{"rendered":"<div class=\"mt-4 leading-6 md:mb-8\">Les pirates peuvent potentiellement acc\u00e9der \u00e0 votre webcam, votre microphone et votre emplacement.<\/div>\n<p><\/p>\n<p>Lorsque Apple a abandonn\u00e9 macOS Sequoia le mois dernier, il a ajout\u00e9 de nouvelles fonctionnalit\u00e9s telles que l&rsquo;accrochage aux fen\u00eatres et la possibilit\u00e9 de contr\u00f4ler votre iPhone depuis votre Mac. En plus des modifications superficielles, la nouvelle mise \u00e0 jour a \u00e9galement introduit une longue s\u00e9rie de correctifs pour les vuln\u00e9rabilit\u00e9s de s\u00e9curit\u00e9. Il se trouve que l\u2019une de ces vuln\u00e9rabilit\u00e9s a \u00e9t\u00e9 d\u00e9couverte par nul autre que Microsoft et est tr\u00e8s pr\u00e9occupante pour les Mac utilis\u00e9s au sein des organisations.<\/p>\n<h2 id=\"how-safaris-tcc-flaw-works\">Comment fonctionne la faille TCC de Safari<\/h2>\n<p>Microsoft a d\u00e9crit ses conclusions dans un article de blog le 17 octobre, environ un mois apr\u00e8s la sortie de macOS Sequoia le 16 septembre. La soci\u00e9t\u00e9 appelle la faille \u00ab HM Surf \u00bb, du nom du mouvement enseignable dans le <em>Pok\u00e9mon<\/em> s\u00e9rie, qui, selon eux, permet aux mauvais acteurs de contourner la plateforme de transparence, de consentement et de contr\u00f4le d&rsquo;Apple pour Safari. TCC garantit g\u00e9n\u00e9ralement que les applications sans autorisation appropri\u00e9e ne peuvent pas acc\u00e9der \u00e0 des services tels que votre emplacement, votre cam\u00e9ra ou votre microphone. C&rsquo;est essentiel pour pr\u00e9server votre vie priv\u00e9e des applications qui voudraient autrement en abuser.<\/p>\n<p>Cependant, Apple accorde \u00e0 certaines de ses propres applications des droits qui leur permettent de contourner ces obstacles TCC. Apr\u00e8s tout, c&rsquo;est l&rsquo;application d&rsquo;Apple, donc l&rsquo;entreprise sait qu&rsquo;elle n&rsquo;est pas malveillante. Dans le cas de Safari, Microsoft a d\u00e9couvert que l&rsquo;application avait acc\u00e8s au carnet d&rsquo;adresses, \u00e0 l&rsquo;appareil photo et au microphone de votre Mac, entre autres services, sans avoir besoin de passer par les contr\u00f4les TCC au pr\u00e9alable. <\/p>\n<p>Cela dit, vous rencontrez toujours des contr\u00f4les TCC lorsque vous utilisez Safari sur des sites Web\u00a0: c&rsquo;est ce qui se produit lorsque vous chargez une page et qu&rsquo;une fen\u00eatre contextuelle vous demande si vous autorisez le site \u00e0 acc\u00e9der \u00e0 quelque chose comme votre appareil photo. Ces param\u00e8tres TCC par site Web sont enregistr\u00e9s dans un r\u00e9pertoire sur votre Mac sous ~\/Biblioth\u00e8que\/Safari.<\/p>\n<p>C&rsquo;est l\u00e0 que l&rsquo;exploit entre en jeu\u00a0: Microsoft a d\u00e9couvert que vous pouvez modifier ce r\u00e9pertoire vers un emplacement diff\u00e9rent, ce qui supprime les protections TCC. Ensuite, vous pouvez modifier les fichiers sensibles dans le v\u00e9ritable r\u00e9pertoire personnel, puis modifier \u00e0 nouveau le r\u00e9pertoire afin que Safari extrait les fichiers modifi\u00e9s que vous avez mis en place. F\u00e9licitations\u00a0: vous pouvez d\u00e9sormais contourner les protections TCC, prendre une photo avec la webcam du Mac, ainsi qu&rsquo;acc\u00e9der aux informations de localisation de la machine. <\/p>\n<p>Microsoft affirme qu&rsquo;il existe un certain nombre d&rsquo;actions que les acteurs malveillants pourraient potentiellement entreprendre dans cette situation, notamment enregistrer l&rsquo;image de la webcam \u00e0 un endroit o\u00f9 ils pourront y acc\u00e9der plus tard ; enregistrez une vid\u00e9o depuis votre webcam\u00a0; diffuser l&rsquo;audio de votre microphone vers une source ext\u00e9rieure\u00a0; et ex\u00e9cutez Safari dans une petite fen\u00eatre pour ne pas remarquer son activit\u00e9. Il est important de noter que les navigateurs tiers ne sont pas concern\u00e9s ici, car ils doivent r\u00e9pondre aux exigences TCC d&rsquo;Apple et ne disposent pas des droits de Safari pour les contourner. <\/p>\n<p>Bien que Microsoft ait d\u00e9couvert au cours de son enqu\u00eate une activit\u00e9 suspecte qui pourrait indiquer que cette vuln\u00e9rabilit\u00e9 a \u00e9t\u00e9 exploit\u00e9e, il n&rsquo;a pas pu le dire avec certitude. <\/p>\n<h2 id=\"this-vulnerability-only-affects-mdm-managed-macs\">Cette vuln\u00e9rabilit\u00e9 affecte uniquement les Mac g\u00e9r\u00e9s par MDM<\/h2>\n<p>Apr\u00e8s avoir lu le rapport de Microsoft, vous pourriez vous inqui\u00e9ter de la possibilit\u00e9 que des acteurs malveillants espionnent votre Mac via Safari. Cependant, ce qui n&rsquo;est pas explicit\u00e9 ici, c&rsquo;est que cette vuln\u00e9rabilit\u00e9 n&rsquo;affecte que les Mac g\u00e9r\u00e9s par MDM, c&rsquo;est-\u00e0-dire les Mac appartenant \u00e0 des organisations contr\u00f4l\u00e9es par un service informatique central. Cela inclut les Mac qui vous ont \u00e9t\u00e9 d\u00e9livr\u00e9s dans le cadre de votre travail ou un ordinateur appartenant \u00e0 votre \u00e9cole.<\/p>\n<p>Apple le confirme dans ses notes de s\u00e9curit\u00e9 pour macOS Sequoia, dans une entr\u00e9e assez br\u00e8ve consid\u00e9rant les implications en mati\u00e8re de confidentialit\u00e9 et de s\u00e9curit\u00e9\u00a0:<\/p>\n<div class=\"eloquent-imagery-image\">\n<div class=\"flex justify-center\">\n<img decoding=\"async\" class=\"border border-gray-100\" src=\"https:\/\/vieassociative.be\/actualites\/wp-content\/uploads\/2024\/10\/Microsoft-a-decouvert-une-faille-de-securite-majeure-avec-Safari.png\" alt=\"notes de s\u00e9curit\u00e9 Apple\" width=\"2000\" height=\"624\" loading=\"lazy\"  >\n<\/div>\n<\/div>\n<p>Bien s\u00fbr, le d\u00e9faut reste grave, mais il est bien plus limit\u00e9. Vous n&rsquo;avez pas \u00e0 vous soucier du fait que Safari sur votre Mac personnel permet aux pirates informatiques d&rsquo;acc\u00e9der \u00e0 votre webcam, votre microphone et votre emplacement. Mais si vous poss\u00e9dez un Mac issu d&rsquo;un travail ou d&rsquo;une \u00e9cole et g\u00e9r\u00e9 par MDM, cela pose un probl\u00e8me et vous devez installer la mise \u00e0 jour d\u00e8s que possible. <\/p>\n<h2 id=\"patching-the-flaw-on-your-mdm-managed-mac\">Corriger la faille sur votre Mac g\u00e9r\u00e9 par MDM<\/h2>\n<p>Cette faille affecte les Mac suivants : Mac Studio (2022 et versions ult\u00e9rieures), iMac (2019 et versions ult\u00e9rieures), Mac Pro (2019 et versions ult\u00e9rieures), Mac Mini (2018 et versions ult\u00e9rieures), MacBook Air (2020 et versions ult\u00e9rieures), MacBook Pro (2018 et versions ult\u00e9rieures). et versions ult\u00e9rieures) et iMac Pro (2017 et versions ult\u00e9rieures).<\/p>\n<p>Il est possible que votre organisation ait d\u00e9j\u00e0 publi\u00e9 la mise \u00e0 jour pour votre Mac, si elle est \u00e9ligible. Cependant, si votre ordinateur n&rsquo;ex\u00e9cute pas macOS Sequoia, v\u00e9rifiez aupr\u00e8s du service informatique de votre entreprise ou de votre \u00e9cole quand une mise \u00e0 jour sera disponible.<\/p>\n","protected":false},"excerpt":{"rendered":"<p>Les pirates peuvent potentiellement acc\u00e9der \u00e0 votre webcam, votre microphone et votre emplacement. Lorsque Apple a abandonn\u00e9 macOS Sequoia le mois dernier, il a ajout\u00e9<\/p>\n","protected":false},"author":1,"featured_media":1484,"comment_status":"","ping_status":"","sticky":false,"template":"","format":"standard","meta":{"footnotes":""},"categories":[13],"tags":[61,2073,2074,1112,2075,1190,2076,151,33,110],"class_list":["post-1483","post","type-post","status-publish","format-standard","has-post-thumbnail","hentry","category-technologie","tag-avec","tag-decouvert","tag-faille","tag-mac","tag-majeure","tag-microsoft","tag-safari","tag-securite","tag-sur","tag-une","generate-columns","tablet-grid-50","mobile-grid-100","grid-parent","grid-33"],"yoast_head":"<!-- This site is optimized with the Yoast SEO plugin v24.0 - https:\/\/yoast.com\/wordpress\/plugins\/seo\/ -->\n<title>Microsoft a d\u00e9couvert une faille de s\u00e9curit\u00e9 majeure avec Safari sur Mac | Vie Associative<\/title>\n<meta name=\"robots\" content=\"index, follow, max-snippet:-1, max-image-preview:large, max-video-preview:-1\" \/>\n<link rel=\"canonical\" href=\"https:\/\/vieassociative.be\/actualites\/microsoft-a-decouvert-une-faille-de-securite-majeure-avec-safari-sur-mac\/\" \/>\n<meta property=\"og:locale\" content=\"fr_FR\" \/>\n<meta property=\"og:type\" content=\"article\" \/>\n<meta property=\"og:title\" content=\"Microsoft a d\u00e9couvert une faille de s\u00e9curit\u00e9 majeure avec Safari sur Mac | Vie Associative\" \/>\n<meta property=\"og:description\" content=\"Les pirates peuvent potentiellement acc\u00e9der \u00e0 votre webcam, votre microphone et votre emplacement. Lorsque Apple a abandonn\u00e9 macOS Sequoia le mois dernier, il a ajout\u00e9\" \/>\n<meta property=\"og:url\" content=\"https:\/\/vieassociative.be\/actualites\/microsoft-a-decouvert-une-faille-de-securite-majeure-avec-safari-sur-mac\/\" \/>\n<meta property=\"og:site_name\" content=\"Vie Associative\" \/>\n<meta property=\"article:published_time\" content=\"2024-10-21T16:19:23+00:00\" \/>\n<meta property=\"og:image\" content=\"https:\/\/vieassociative.be\/actualites\/wp-content\/uploads\/2024\/10\/Microsoft-a-decouvert-une-faille-de-securite-majeure-avec-Safari.png\" \/>\n<meta name=\"author\" content=\"Julien\" \/>\n<meta name=\"twitter:card\" content=\"summary_large_image\" \/>\n<meta name=\"twitter:label1\" content=\"\u00c9crit par\" \/>\n\t<meta name=\"twitter:data1\" content=\"Julien\" \/>\n\t<meta name=\"twitter:label2\" content=\"Dur\u00e9e de lecture est.\" \/>\n\t<meta name=\"twitter:data2\" content=\"5 minutes\" \/>\n<script type=\"application\/ld+json\" class=\"yoast-schema-graph\">{\"@context\":\"https:\/\/schema.org\",\"@graph\":[{\"@type\":\"Article\",\"@id\":\"https:\/\/vieassociative.be\/actualites\/microsoft-a-decouvert-une-faille-de-securite-majeure-avec-safari-sur-mac\/#article\",\"isPartOf\":{\"@id\":\"https:\/\/vieassociative.be\/actualites\/microsoft-a-decouvert-une-faille-de-securite-majeure-avec-safari-sur-mac\/\"},\"author\":{\"name\":\"Julien\",\"@id\":\"https:\/\/vieassociative.be\/actualites\/#\/schema\/person\/b87ac4f82f9d4e7b7cec7395b679edc4\"},\"headline\":\"Microsoft a d\u00e9couvert une faille de s\u00e9curit\u00e9 majeure avec Safari sur Mac\",\"datePublished\":\"2024-10-21T16:19:23+00:00\",\"dateModified\":\"2024-10-21T16:19:23+00:00\",\"mainEntityOfPage\":{\"@id\":\"https:\/\/vieassociative.be\/actualites\/microsoft-a-decouvert-une-faille-de-securite-majeure-avec-safari-sur-mac\/\"},\"wordCount\":950,\"publisher\":{\"@id\":\"https:\/\/vieassociative.be\/actualites\/#organization\"},\"image\":{\"@id\":\"https:\/\/vieassociative.be\/actualites\/microsoft-a-decouvert-une-faille-de-securite-majeure-avec-safari-sur-mac\/#primaryimage\"},\"thumbnailUrl\":\"https:\/\/vieassociative.be\/actualites\/wp-content\/uploads\/2024\/10\/Microsoft-a-decouvert-une-faille-de-securite-majeure-avec-Safari.jpg\",\"keywords\":[\"avec\",\"d\u00e9couvert\",\"faille\",\"Mac\",\"majeure\",\"Microsoft\",\"Safari\",\"s\u00e9curit\u00e9\",\"sur\",\"une\"],\"articleSection\":[\"Technologie\"],\"inLanguage\":\"fr-BE\"},{\"@type\":\"WebPage\",\"@id\":\"https:\/\/vieassociative.be\/actualites\/microsoft-a-decouvert-une-faille-de-securite-majeure-avec-safari-sur-mac\/\",\"url\":\"https:\/\/vieassociative.be\/actualites\/microsoft-a-decouvert-une-faille-de-securite-majeure-avec-safari-sur-mac\/\",\"name\":\"Microsoft a d\u00e9couvert une faille de s\u00e9curit\u00e9 majeure avec Safari sur Mac | Vie Associative\",\"isPartOf\":{\"@id\":\"https:\/\/vieassociative.be\/actualites\/#website\"},\"primaryImageOfPage\":{\"@id\":\"https:\/\/vieassociative.be\/actualites\/microsoft-a-decouvert-une-faille-de-securite-majeure-avec-safari-sur-mac\/#primaryimage\"},\"image\":{\"@id\":\"https:\/\/vieassociative.be\/actualites\/microsoft-a-decouvert-une-faille-de-securite-majeure-avec-safari-sur-mac\/#primaryimage\"},\"thumbnailUrl\":\"https:\/\/vieassociative.be\/actualites\/wp-content\/uploads\/2024\/10\/Microsoft-a-decouvert-une-faille-de-securite-majeure-avec-Safari.jpg\",\"datePublished\":\"2024-10-21T16:19:23+00:00\",\"dateModified\":\"2024-10-21T16:19:23+00:00\",\"breadcrumb\":{\"@id\":\"https:\/\/vieassociative.be\/actualites\/microsoft-a-decouvert-une-faille-de-securite-majeure-avec-safari-sur-mac\/#breadcrumb\"},\"inLanguage\":\"fr-BE\",\"potentialAction\":[{\"@type\":\"ReadAction\",\"target\":[\"https:\/\/vieassociative.be\/actualites\/microsoft-a-decouvert-une-faille-de-securite-majeure-avec-safari-sur-mac\/\"]}]},{\"@type\":\"ImageObject\",\"inLanguage\":\"fr-BE\",\"@id\":\"https:\/\/vieassociative.be\/actualites\/microsoft-a-decouvert-une-faille-de-securite-majeure-avec-safari-sur-mac\/#primaryimage\",\"url\":\"https:\/\/vieassociative.be\/actualites\/wp-content\/uploads\/2024\/10\/Microsoft-a-decouvert-une-faille-de-securite-majeure-avec-Safari.jpg\",\"contentUrl\":\"https:\/\/vieassociative.be\/actualites\/wp-content\/uploads\/2024\/10\/Microsoft-a-decouvert-une-faille-de-securite-majeure-avec-Safari.jpg\",\"width\":1200,\"height\":675,\"caption\":\"Microsoft a d\u00e9couvert une faille de s\u00e9curit\u00e9 majeure avec Safari sur Mac\"},{\"@type\":\"BreadcrumbList\",\"@id\":\"https:\/\/vieassociative.be\/actualites\/microsoft-a-decouvert-une-faille-de-securite-majeure-avec-safari-sur-mac\/#breadcrumb\",\"itemListElement\":[{\"@type\":\"ListItem\",\"position\":1,\"name\":\"Accueil\",\"item\":\"https:\/\/vieassociative.be\/actualites\/\"},{\"@type\":\"ListItem\",\"position\":2,\"name\":\"Microsoft a d\u00e9couvert une faille de s\u00e9curit\u00e9 majeure avec Safari sur Mac\"}]},{\"@type\":\"WebSite\",\"@id\":\"https:\/\/vieassociative.be\/actualites\/#website\",\"url\":\"https:\/\/vieassociative.be\/actualites\/\",\"name\":\"Vie Associative\",\"description\":\"\",\"publisher\":{\"@id\":\"https:\/\/vieassociative.be\/actualites\/#organization\"},\"potentialAction\":[{\"@type\":\"SearchAction\",\"target\":{\"@type\":\"EntryPoint\",\"urlTemplate\":\"https:\/\/vieassociative.be\/actualites\/?s={search_term_string}\"},\"query-input\":{\"@type\":\"PropertyValueSpecification\",\"valueRequired\":true,\"valueName\":\"search_term_string\"}}],\"inLanguage\":\"fr-BE\"},{\"@type\":\"Organization\",\"@id\":\"https:\/\/vieassociative.be\/actualites\/#organization\",\"name\":\"Vie Associative\",\"url\":\"https:\/\/vieassociative.be\/actualites\/\",\"logo\":{\"@type\":\"ImageObject\",\"inLanguage\":\"fr-BE\",\"@id\":\"https:\/\/vieassociative.be\/actualites\/#\/schema\/logo\/image\/\",\"url\":\"https:\/\/vieassociative.be\/actualites\/wp-content\/uploads\/2024\/09\/cropped-vieassociative_favicon.ico.png\",\"contentUrl\":\"https:\/\/vieassociative.be\/actualites\/wp-content\/uploads\/2024\/09\/cropped-vieassociative_favicon.ico.png\",\"width\":512,\"height\":512,\"caption\":\"Vie Associative\"},\"image\":{\"@id\":\"https:\/\/vieassociative.be\/actualites\/#\/schema\/logo\/image\/\"}},{\"@type\":\"Person\",\"@id\":\"https:\/\/vieassociative.be\/actualites\/#\/schema\/person\/b87ac4f82f9d4e7b7cec7395b679edc4\",\"name\":\"Julien\",\"image\":{\"@type\":\"ImageObject\",\"inLanguage\":\"fr-BE\",\"@id\":\"https:\/\/vieassociative.be\/actualites\/#\/schema\/person\/image\/\",\"url\":\"https:\/\/vieassociative.be\/actualites\/wp-content\/uploads\/2024\/09\/vie-associative-1-150x150.jpg\",\"contentUrl\":\"https:\/\/vieassociative.be\/actualites\/wp-content\/uploads\/2024\/09\/vie-associative-1-150x150.jpg\",\"caption\":\"Julien\"},\"description\":\"Je suis Julien, r\u00e9dacteur pour Vie Associative. Passionn\u00e9 par le monde associatif depuis plus de 10 ans, j'ai \u00e0 c\u0153ur de partager des histoires inspirantes et de mettre en lumi\u00e8re les initiatives locales. Mon objectif est de sensibiliser et d'encourager l'engagement communautaire \u00e0 travers mes articles.\",\"sameAs\":[\"https:\/\/vieassociative.be\/\"]}]}<\/script>\n<!-- \/ Yoast SEO plugin. -->","yoast_head_json":{"title":"Microsoft a d\u00e9couvert une faille de s\u00e9curit\u00e9 majeure avec Safari sur Mac | Vie Associative","robots":{"index":"index","follow":"follow","max-snippet":"max-snippet:-1","max-image-preview":"max-image-preview:large","max-video-preview":"max-video-preview:-1"},"canonical":"https:\/\/vieassociative.be\/actualites\/microsoft-a-decouvert-une-faille-de-securite-majeure-avec-safari-sur-mac\/","og_locale":"fr_FR","og_type":"article","og_title":"Microsoft a d\u00e9couvert une faille de s\u00e9curit\u00e9 majeure avec Safari sur Mac | Vie Associative","og_description":"Les pirates peuvent potentiellement acc\u00e9der \u00e0 votre webcam, votre microphone et votre emplacement. Lorsque Apple a abandonn\u00e9 macOS Sequoia le mois dernier, il a ajout\u00e9","og_url":"https:\/\/vieassociative.be\/actualites\/microsoft-a-decouvert-une-faille-de-securite-majeure-avec-safari-sur-mac\/","og_site_name":"Vie Associative","article_published_time":"2024-10-21T16:19:23+00:00","og_image":[{"url":"https:\/\/vieassociative.be\/actualites\/wp-content\/uploads\/2024\/10\/Microsoft-a-decouvert-une-faille-de-securite-majeure-avec-Safari.png","type":"","width":"","height":""}],"author":"Julien","twitter_card":"summary_large_image","twitter_misc":{"\u00c9crit par":"Julien","Dur\u00e9e de lecture est.":"5 minutes"},"schema":{"@context":"https:\/\/schema.org","@graph":[{"@type":"Article","@id":"https:\/\/vieassociative.be\/actualites\/microsoft-a-decouvert-une-faille-de-securite-majeure-avec-safari-sur-mac\/#article","isPartOf":{"@id":"https:\/\/vieassociative.be\/actualites\/microsoft-a-decouvert-une-faille-de-securite-majeure-avec-safari-sur-mac\/"},"author":{"name":"Julien","@id":"https:\/\/vieassociative.be\/actualites\/#\/schema\/person\/b87ac4f82f9d4e7b7cec7395b679edc4"},"headline":"Microsoft a d\u00e9couvert une faille de s\u00e9curit\u00e9 majeure avec Safari sur Mac","datePublished":"2024-10-21T16:19:23+00:00","dateModified":"2024-10-21T16:19:23+00:00","mainEntityOfPage":{"@id":"https:\/\/vieassociative.be\/actualites\/microsoft-a-decouvert-une-faille-de-securite-majeure-avec-safari-sur-mac\/"},"wordCount":950,"publisher":{"@id":"https:\/\/vieassociative.be\/actualites\/#organization"},"image":{"@id":"https:\/\/vieassociative.be\/actualites\/microsoft-a-decouvert-une-faille-de-securite-majeure-avec-safari-sur-mac\/#primaryimage"},"thumbnailUrl":"https:\/\/vieassociative.be\/actualites\/wp-content\/uploads\/2024\/10\/Microsoft-a-decouvert-une-faille-de-securite-majeure-avec-Safari.jpg","keywords":["avec","d\u00e9couvert","faille","Mac","majeure","Microsoft","Safari","s\u00e9curit\u00e9","sur","une"],"articleSection":["Technologie"],"inLanguage":"fr-BE"},{"@type":"WebPage","@id":"https:\/\/vieassociative.be\/actualites\/microsoft-a-decouvert-une-faille-de-securite-majeure-avec-safari-sur-mac\/","url":"https:\/\/vieassociative.be\/actualites\/microsoft-a-decouvert-une-faille-de-securite-majeure-avec-safari-sur-mac\/","name":"Microsoft a d\u00e9couvert une faille de s\u00e9curit\u00e9 majeure avec Safari sur Mac | Vie Associative","isPartOf":{"@id":"https:\/\/vieassociative.be\/actualites\/#website"},"primaryImageOfPage":{"@id":"https:\/\/vieassociative.be\/actualites\/microsoft-a-decouvert-une-faille-de-securite-majeure-avec-safari-sur-mac\/#primaryimage"},"image":{"@id":"https:\/\/vieassociative.be\/actualites\/microsoft-a-decouvert-une-faille-de-securite-majeure-avec-safari-sur-mac\/#primaryimage"},"thumbnailUrl":"https:\/\/vieassociative.be\/actualites\/wp-content\/uploads\/2024\/10\/Microsoft-a-decouvert-une-faille-de-securite-majeure-avec-Safari.jpg","datePublished":"2024-10-21T16:19:23+00:00","dateModified":"2024-10-21T16:19:23+00:00","breadcrumb":{"@id":"https:\/\/vieassociative.be\/actualites\/microsoft-a-decouvert-une-faille-de-securite-majeure-avec-safari-sur-mac\/#breadcrumb"},"inLanguage":"fr-BE","potentialAction":[{"@type":"ReadAction","target":["https:\/\/vieassociative.be\/actualites\/microsoft-a-decouvert-une-faille-de-securite-majeure-avec-safari-sur-mac\/"]}]},{"@type":"ImageObject","inLanguage":"fr-BE","@id":"https:\/\/vieassociative.be\/actualites\/microsoft-a-decouvert-une-faille-de-securite-majeure-avec-safari-sur-mac\/#primaryimage","url":"https:\/\/vieassociative.be\/actualites\/wp-content\/uploads\/2024\/10\/Microsoft-a-decouvert-une-faille-de-securite-majeure-avec-Safari.jpg","contentUrl":"https:\/\/vieassociative.be\/actualites\/wp-content\/uploads\/2024\/10\/Microsoft-a-decouvert-une-faille-de-securite-majeure-avec-Safari.jpg","width":1200,"height":675,"caption":"Microsoft a d\u00e9couvert une faille de s\u00e9curit\u00e9 majeure avec Safari sur Mac"},{"@type":"BreadcrumbList","@id":"https:\/\/vieassociative.be\/actualites\/microsoft-a-decouvert-une-faille-de-securite-majeure-avec-safari-sur-mac\/#breadcrumb","itemListElement":[{"@type":"ListItem","position":1,"name":"Accueil","item":"https:\/\/vieassociative.be\/actualites\/"},{"@type":"ListItem","position":2,"name":"Microsoft a d\u00e9couvert une faille de s\u00e9curit\u00e9 majeure avec Safari sur Mac"}]},{"@type":"WebSite","@id":"https:\/\/vieassociative.be\/actualites\/#website","url":"https:\/\/vieassociative.be\/actualites\/","name":"Vie Associative","description":"","publisher":{"@id":"https:\/\/vieassociative.be\/actualites\/#organization"},"potentialAction":[{"@type":"SearchAction","target":{"@type":"EntryPoint","urlTemplate":"https:\/\/vieassociative.be\/actualites\/?s={search_term_string}"},"query-input":{"@type":"PropertyValueSpecification","valueRequired":true,"valueName":"search_term_string"}}],"inLanguage":"fr-BE"},{"@type":"Organization","@id":"https:\/\/vieassociative.be\/actualites\/#organization","name":"Vie Associative","url":"https:\/\/vieassociative.be\/actualites\/","logo":{"@type":"ImageObject","inLanguage":"fr-BE","@id":"https:\/\/vieassociative.be\/actualites\/#\/schema\/logo\/image\/","url":"https:\/\/vieassociative.be\/actualites\/wp-content\/uploads\/2024\/09\/cropped-vieassociative_favicon.ico.png","contentUrl":"https:\/\/vieassociative.be\/actualites\/wp-content\/uploads\/2024\/09\/cropped-vieassociative_favicon.ico.png","width":512,"height":512,"caption":"Vie Associative"},"image":{"@id":"https:\/\/vieassociative.be\/actualites\/#\/schema\/logo\/image\/"}},{"@type":"Person","@id":"https:\/\/vieassociative.be\/actualites\/#\/schema\/person\/b87ac4f82f9d4e7b7cec7395b679edc4","name":"Julien","image":{"@type":"ImageObject","inLanguage":"fr-BE","@id":"https:\/\/vieassociative.be\/actualites\/#\/schema\/person\/image\/","url":"https:\/\/vieassociative.be\/actualites\/wp-content\/uploads\/2024\/09\/vie-associative-1-150x150.jpg","contentUrl":"https:\/\/vieassociative.be\/actualites\/wp-content\/uploads\/2024\/09\/vie-associative-1-150x150.jpg","caption":"Julien"},"description":"Je suis Julien, r\u00e9dacteur pour Vie Associative. Passionn\u00e9 par le monde associatif depuis plus de 10 ans, j'ai \u00e0 c\u0153ur de partager des histoires inspirantes et de mettre en lumi\u00e8re les initiatives locales. Mon objectif est de sensibiliser et d'encourager l'engagement communautaire \u00e0 travers mes articles.","sameAs":["https:\/\/vieassociative.be\/"]}]}},"_links":{"self":[{"href":"https:\/\/vieassociative.be\/actualites\/wp-json\/wp\/v2\/posts\/1483"}],"collection":[{"href":"https:\/\/vieassociative.be\/actualites\/wp-json\/wp\/v2\/posts"}],"about":[{"href":"https:\/\/vieassociative.be\/actualites\/wp-json\/wp\/v2\/types\/post"}],"author":[{"embeddable":true,"href":"https:\/\/vieassociative.be\/actualites\/wp-json\/wp\/v2\/users\/1"}],"replies":[{"embeddable":true,"href":"https:\/\/vieassociative.be\/actualites\/wp-json\/wp\/v2\/comments?post=1483"}],"version-history":[{"count":0,"href":"https:\/\/vieassociative.be\/actualites\/wp-json\/wp\/v2\/posts\/1483\/revisions"}],"wp:featuredmedia":[{"embeddable":true,"href":"https:\/\/vieassociative.be\/actualites\/wp-json\/wp\/v2\/media\/1484"}],"wp:attachment":[{"href":"https:\/\/vieassociative.be\/actualites\/wp-json\/wp\/v2\/media?parent=1483"}],"wp:term":[{"taxonomy":"category","embeddable":true,"href":"https:\/\/vieassociative.be\/actualites\/wp-json\/wp\/v2\/categories?post=1483"},{"taxonomy":"post_tag","embeddable":true,"href":"https:\/\/vieassociative.be\/actualites\/wp-json\/wp\/v2\/tags?post=1483"}],"curies":[{"name":"wp","href":"https:\/\/api.w.org\/{rel}","templated":true}]}}