{"id":1471,"date":"2024-10-21T11:17:23","date_gmt":"2024-10-21T09:17:23","guid":{"rendered":"https:\/\/vieassociative.be\/actualites\/vos-responsabilites-juridiques-en-tant-que-proprietaire-de-chat\/"},"modified":"2024-10-21T11:17:23","modified_gmt":"2024-10-21T09:17:23","slug":"vos-responsabilites-juridiques-en-tant-que-proprietaire-de-chat","status":"publish","type":"post","link":"https:\/\/vieassociative.be\/actualites\/vos-responsabilites-juridiques-en-tant-que-proprietaire-de-chat\/","title":{"rendered":"Vos responsabilit\u00e9s juridiques en tant que propri\u00e9taire de chat"},"content":{"rendered":"<div class=\"mt-4 leading-6 md:mb-8\">Peut-on \u00eatre poursuivi si votre chat mord quelqu&rsquo;un ? C&rsquo;est compliqu\u00e9.<\/div>\n<p><\/p>\n<p>J&rsquo;ai r\u00e9cemment vu cette vid\u00e9o d&rsquo;un conflit entre voisins \u00e0 propos des habitudes d&rsquo;itin\u00e9rance d&rsquo;un chat local, ce qui m&rsquo;a fait r\u00e9fl\u00e9chir aux chats et \u00e0 la loi. Dans le clip, le mec aux cheveux longs menace d\u2019appeler la police parce que son voisin est coupable d\u2019avoir \u00ab h\u00e9berg\u00e9 un chat \u00bb.<\/p>\n<p>Sans surprise, cette \u00ab Cat Karen \u00bb est pleine de merde. Je ne trouve aucune juridiction o\u00f9 un chat choisissant de se promener dans votre jardin serait consid\u00e9r\u00e9 comme \u00ab h\u00e9bergeant un chat \u00bb de votre part. Les chats peuvent se promener o\u00f9 ils veulent. Mais je me retrouve avec de plus grandes questions sur l&rsquo;intersection entre les chats et la loi. Un propri\u00e9taire de chat peut-il \u00eatre tenu l\u00e9galement responsable des actes de son chat ? Peut-on \u00eatre oblig\u00e9 de garder son chat \u00e0 l&rsquo;int\u00e9rieur ? Les chats ont-ils besoin d&rsquo;un permis ? <\/p>\n<h2 id=\"a-general-legal-theory-of-domestic-cats\"><strong>Une th\u00e9orie juridique g\u00e9n\u00e9rale des chats domestiques<\/strong><\/h2>\n<p>Il n\u2019existe aucune loi f\u00e9d\u00e9rale sp\u00e9cifiquement destin\u00e9e aux chats domestiques. Seuls trois \u00c9tats \u2013 la Californie, le Maine et le Rhode Island \u2013 ont des \u00ab codes f\u00e9lins \u00bb qui couvrent sp\u00e9cifiquement les f\u00e9lins, mais ceux-ci s&rsquo;adressent principalement aux refuges et aux entreprises pour chats, et non aux propri\u00e9taires individuels. Quelques localit\u00e9s ont des ordonnances qui r\u00e9gissent la mani\u00e8re dont les chats domestiques peuvent \u00eatre trait\u00e9s par les propri\u00e9taires (combien de chats vous pouvez avoir, si vous devez les st\u00e9riliser, etc.), mais pas beaucoup. <\/p>\n<p>Les lois g\u00e9n\u00e9rales sur la cruaut\u00e9 ou la n\u00e9gligence envers les animaux s&rsquo;appliquent bien s\u00fbr, et il existe probablement des ordonnances locales sur la mani\u00e8re dont la ville traite les chats errants ou sauvages, mais pour les chats domestiques typiques, la loi est largement silencieuse. <\/p>\n<h2 id=\"do-cats-need-licenses\"><strong>Les chats ont-ils besoin d&rsquo;un permis ?<\/strong><\/h2>\n<p>Les chats sont presque toujours exempt\u00e9s des r\u00e9glementations \u00ab\u00a0les garder en laisse et sous contr\u00f4le\u00a0\u00bb qui r\u00e9gissent les chiens et autres animaux. Vous n&rsquo;\u00eates pas oblig\u00e9 de les enregistrer comme les chiens, ni d&rsquo;obtenir un quelconque permis pour eux (sauf dans le Rhode Island.) Quelques municipalit\u00e9s ont essay\u00e9 des ordonnances \u00ab vous devez garder votre chat \u00e0 l&rsquo;int\u00e9rieur \u00bb, mais celles-ci ont tout prouv\u00e9. impossible \u00e0 appliquer, c&rsquo;est comme garder des chats. <\/p>\n<p>D\u2019une mani\u00e8re g\u00e9n\u00e9rale, il existe une compr\u00e9hension soci\u00e9tale selon laquelle les chats n\u2019ont pas besoin de telles lois car ils sont g\u00e9n\u00e9ralement inoffensifs et quelque peu autonomes. Ainsi, si votre chat aime tra\u00eener dans la cour de votre voisin et que vous appelez les autorit\u00e9s pour les accuser d&rsquo;avoir vol\u00e9 votre chat, la loi r\u00e9pondra en gros : \u00ab Chats ! Que vas-tu faire ? Et probablement se moquer de vous.<\/p>\n<p>Cela laisse les f\u00e9lins l\u00e9galement libres de faire ce qu\u2019ils veulent. Ce sont les gangsters du r\u00e8gne animal domestique. Contrairement aux humains, aux chiens ou aux \u00e2nes, les chats sont libres d&rsquo;entrer, de chier dans la cour des autres et, g\u00e9n\u00e9ralement, de d\u00e9chirer la merde. Mais ces rares f\u00e9lins qui souhaitent attaquer des personnes ou endommager des biens pourraient encore causer des probl\u00e8mes juridiques \u00e0 leurs propri\u00e9taires. <\/p>\n<p>Dans la plupart des cas, les chats sont consid\u00e9r\u00e9s comme la propri\u00e9t\u00e9 personnelle de leurs propri\u00e9taires. Si vous \u00eates propri\u00e9taire d&rsquo;un chat, vous avez les m\u00eames responsabilit\u00e9s et obligations concernant vos chats que pour tout ce que vous poss\u00e9dez. Mais contrairement \u00e0 la plupart des biens personnels, les chats ne peuvent pas \u00eatre contr\u00f4l\u00e9s, ce qui peut compliquer les choses.<\/p>\n<h2 id=\"can-i-be-sued-if-my-cat-attacks-someone\"><strong>Puis-je \u00eatre poursuivi si mon chat attaque quelqu&rsquo;un ?<\/strong><\/h2>\n<p>Vous vivrez probablement une p\u00e9riode beaucoup plus difficile si votre chien mord quelqu&rsquo;un que votre chat. Les chiens sont <em>chemin<\/em> plus dangereux que les chats. On estime qu&rsquo;environ 4,5 millions de personnes sont mordues par des chiens chaque ann\u00e9e aux \u00c9tats-Unis, et environ 800 000 d&rsquo;entre elles sont hospitalis\u00e9es. Seulement 400 000 morsures de chat se produisent chaque ann\u00e9e, ce qui repr\u00e9sente 66 000 visites \u00e0 l&rsquo;h\u00f4pital. La loi, d&rsquo;une mani\u00e8re g\u00e9n\u00e9rale, consid\u00e8re tous les chiens comme potentiellement dangereux et pr\u00e9cise comment ils doivent \u00eatre contr\u00f4l\u00e9s et g\u00e9r\u00e9s. Contrairement aux chats, qui sont consid\u00e9r\u00e9s comme inoffensifs jusqu\u2019\u00e0 preuve du contraire. <\/p>\n<p>Dans certains \u00c9tats, une morsure de chien constitue une situation de \u00ab responsabilit\u00e9 stricte \u00bb. Autrement dit, peu importe qu&rsquo;il s&rsquo;agisse d&rsquo;une premi\u00e8re infraction ; le propri\u00e9taire est toujours accroch\u00e9 parce qu&rsquo;un chien mord quelqu&rsquo;un est un \u00e9v\u00e9nement pr\u00e9visible. Dans certains \u00c9tats, les chiens b\u00e9n\u00e9ficient d&rsquo;une \u00ab morsure gratuite \u00bb, apr\u00e8s quoi il est consid\u00e9r\u00e9 comme clair que le chien est dangereux et les propri\u00e9taires seront g\u00e9n\u00e9ralement responsables des morsures futures. <\/p>\n<p>Les morsures de chats ne constituent jamais une responsabilit\u00e9 stricte, et ce n&rsquo;est qu&rsquo;en Californie qu&rsquo;il existe l&rsquo;\u00e9quivalent d&rsquo;une attaque \u00ab gratuite \u00bb et non provoqu\u00e9e avant qu&rsquo;un propri\u00e9taire ne soit tenu responsable. La plupart des autres endroits du pays ne traitent pas sp\u00e9cifiquement des blessures ou des dommages caus\u00e9s par les attaques de chats. Mais cela ne signifie pas que les chats agressifs sont libres d\u2019attaquer \u00e0 volont\u00e9, car d\u2019autres lois s\u2019appliquent.<\/p>\n<h2 id=\"negligence-and-dangerous-cats\"><strong>N\u00e9gligence et chats dangereux<\/strong><\/h2>\n<p>Si vous savez que votre chat aime attaquer les gens, vous avez la responsabilit\u00e9 l\u00e9gale g\u00e9n\u00e9rale de prot\u00e9ger les autres, tout comme vous auriez la responsabilit\u00e9 de prot\u00e9ger les gens de toute possession dangereuse. Si votre chat a l&rsquo;habitude de griffer et de mordre des personnes et que vous ne pr\u00e9venez pas un visiteur de votre maison, cela peut \u00eatre consid\u00e9r\u00e9 comme de la n\u00e9gligence et vous pourriez \u00eatre tenu responsable des blessures et des dommages. Si vous laissez sciemment votre chat dangereux dehors et qu\u2019il attaque quelqu\u2019un, la m\u00eame chose pourrait s\u2019appliquer.<\/p>\n<h2 id=\"am-i-liable-if-my-cat-damages-someones-property\"><strong>Suis-je responsable si mon chat endommage la propri\u00e9t\u00e9 de quelqu&rsquo;un ?<\/strong><\/h2>\n<p>Lorsqu&rsquo;il s&rsquo;agit de dommages mat\u00e9riels (par exemple, votre chat griffe le parterre de fleurs de votre voisin), les lois g\u00e9n\u00e9rales sur la n\u00e9gligence s&rsquo;appliqueraient en th\u00e9orie, mais elles seraient tr\u00e8s probablement contrebalanc\u00e9es par le tacite \u00ab Ce sont des chats ! Ils font des choses comme \u00e7a \u00bb en comprenant. Prouver la \u00ab culpabilit\u00e9 \u00bb d\u2019un chat serait de toute fa\u00e7on compliqu\u00e9 ; peut-\u00eatre que c&rsquo;est un autre chat qui a d\u00e9terr\u00e9 les hortensias ? Alors, comment un propri\u00e9taire pourrait-il \u00eatre tenu responsable ? (C\u2019est ainsi que les chats \u00e9chappent \u00e0 tant de crimes adorables.)<\/p>\n<h2 id=\"can-you-be-held-responsible-if-your-cat-damages-a-rental-property\">Pouvez-vous \u00eatre tenu responsable si votre chat endommage un bien locatif ?<\/h2>\n<p>L\u2019exception \u00e0 cette r\u00e8gle g\u00e9n\u00e9rale : les immeubles locatifs. Les chats peuvent causer un <em>parcelle<\/em> des dommages caus\u00e9s aux canap\u00e9s, aux murs, aux tapis et \u00e0 tout le reste dans un logement lou\u00e9, et vous n&rsquo;\u00eates en aucun cas prot\u00e9g\u00e9, en tant que locataire, par leur f\u00e9linit\u00e9. La plupart des baux pr\u00e9cisent que vous serez tenu responsable \u00e0 100 % si votre chat ab\u00eeme la moquette, et ne font aucun appel \u00e0 la nature sauvage inh\u00e9rente des f\u00e9lins si cela est susceptible de vous aider \u00e0 r\u00e9cup\u00e9rer votre d\u00e9p\u00f4t de garantie.<\/p>\n<p><script async src=\"\/\/www.tiktok.com\/embed.js\"><\/script><\/p>\n","protected":false},"excerpt":{"rendered":"<p>Peut-on \u00eatre poursuivi si votre chat mord quelqu&rsquo;un ? C&rsquo;est compliqu\u00e9. J&rsquo;ai r\u00e9cemment vu cette vid\u00e9o d&rsquo;un conflit entre voisins \u00e0 propos des habitudes d&rsquo;itin\u00e9rance<\/p>\n","protected":false},"author":1,"featured_media":1472,"comment_status":"","ping_status":"","sticky":false,"template":"","format":"standard","meta":{"footnotes":""},"categories":[37],"tags":[1298,1026,2057,2056,1745,27],"class_list":["post-1471","post","type-post","status-publish","format-standard","has-post-thumbnail","hentry","category-famille","tag-chat","tag-juridiques","tag-proprietaire","tag-responsabilites","tag-tant","tag-vos","generate-columns","tablet-grid-50","mobile-grid-100","grid-parent","grid-33"],"yoast_head":"<!-- This site is optimized with the Yoast SEO plugin v24.0 - https:\/\/yoast.com\/wordpress\/plugins\/seo\/ -->\n<title>Vos responsabilit\u00e9s juridiques en tant que propri\u00e9taire de chat | Vie Associative<\/title>\n<meta name=\"robots\" content=\"index, follow, max-snippet:-1, max-image-preview:large, max-video-preview:-1\" \/>\n<link rel=\"canonical\" href=\"https:\/\/vieassociative.be\/actualites\/vos-responsabilites-juridiques-en-tant-que-proprietaire-de-chat\/\" \/>\n<meta property=\"og:locale\" content=\"fr_FR\" \/>\n<meta property=\"og:type\" content=\"article\" \/>\n<meta property=\"og:title\" content=\"Vos responsabilit\u00e9s juridiques en tant que propri\u00e9taire de chat | Vie Associative\" \/>\n<meta property=\"og:description\" content=\"Peut-on \u00eatre poursuivi si votre chat mord quelqu&rsquo;un ? C&rsquo;est compliqu\u00e9. J&rsquo;ai r\u00e9cemment vu cette vid\u00e9o d&rsquo;un conflit entre voisins \u00e0 propos des habitudes d&rsquo;itin\u00e9rance\" \/>\n<meta property=\"og:url\" content=\"https:\/\/vieassociative.be\/actualites\/vos-responsabilites-juridiques-en-tant-que-proprietaire-de-chat\/\" \/>\n<meta property=\"og:site_name\" content=\"Vie Associative\" \/>\n<meta property=\"article:published_time\" content=\"2024-10-21T09:17:23+00:00\" \/>\n<meta property=\"og:image\" content=\"https:\/\/vieassociative.be\/actualites\/wp-content\/uploads\/2024\/09\/header_backgroundk-01-e1726694325946.png\" \/>\n\t<meta property=\"og:image:width\" content=\"279\" \/>\n\t<meta property=\"og:image:height\" content=\"92\" \/>\n\t<meta property=\"og:image:type\" content=\"image\/png\" \/>\n<meta name=\"author\" content=\"Julien\" \/>\n<meta name=\"twitter:card\" content=\"summary_large_image\" \/>\n<meta name=\"twitter:label1\" content=\"\u00c9crit par\" \/>\n\t<meta name=\"twitter:data1\" content=\"Julien\" \/>\n\t<meta name=\"twitter:label2\" content=\"Dur\u00e9e de lecture est.\" \/>\n\t<meta name=\"twitter:data2\" content=\"6 minutes\" \/>\n<script type=\"application\/ld+json\" class=\"yoast-schema-graph\">{\"@context\":\"https:\/\/schema.org\",\"@graph\":[{\"@type\":\"Article\",\"@id\":\"https:\/\/vieassociative.be\/actualites\/vos-responsabilites-juridiques-en-tant-que-proprietaire-de-chat\/#article\",\"isPartOf\":{\"@id\":\"https:\/\/vieassociative.be\/actualites\/vos-responsabilites-juridiques-en-tant-que-proprietaire-de-chat\/\"},\"author\":{\"name\":\"Julien\",\"@id\":\"https:\/\/vieassociative.be\/actualites\/#\/schema\/person\/b87ac4f82f9d4e7b7cec7395b679edc4\"},\"headline\":\"Vos responsabilit\u00e9s juridiques en tant que propri\u00e9taire de chat\",\"datePublished\":\"2024-10-21T09:17:23+00:00\",\"dateModified\":\"2024-10-21T09:17:23+00:00\",\"mainEntityOfPage\":{\"@id\":\"https:\/\/vieassociative.be\/actualites\/vos-responsabilites-juridiques-en-tant-que-proprietaire-de-chat\/\"},\"wordCount\":1273,\"publisher\":{\"@id\":\"https:\/\/vieassociative.be\/actualites\/#organization\"},\"image\":{\"@id\":\"https:\/\/vieassociative.be\/actualites\/vos-responsabilites-juridiques-en-tant-que-proprietaire-de-chat\/#primaryimage\"},\"thumbnailUrl\":\"https:\/\/vieassociative.be\/actualites\/wp-content\/uploads\/2024\/10\/Vos-responsabilites-juridiques-en-tant-que-proprietaire-de-chat.jpg\",\"keywords\":[\"chat\",\"juridiques\",\"propri\u00e9taire\",\"responsabilit\u00e9s\",\"tant\",\"vos\"],\"articleSection\":[\"Famille\"],\"inLanguage\":\"fr-BE\"},{\"@type\":\"WebPage\",\"@id\":\"https:\/\/vieassociative.be\/actualites\/vos-responsabilites-juridiques-en-tant-que-proprietaire-de-chat\/\",\"url\":\"https:\/\/vieassociative.be\/actualites\/vos-responsabilites-juridiques-en-tant-que-proprietaire-de-chat\/\",\"name\":\"Vos responsabilit\u00e9s juridiques en tant que propri\u00e9taire de chat | Vie Associative\",\"isPartOf\":{\"@id\":\"https:\/\/vieassociative.be\/actualites\/#website\"},\"primaryImageOfPage\":{\"@id\":\"https:\/\/vieassociative.be\/actualites\/vos-responsabilites-juridiques-en-tant-que-proprietaire-de-chat\/#primaryimage\"},\"image\":{\"@id\":\"https:\/\/vieassociative.be\/actualites\/vos-responsabilites-juridiques-en-tant-que-proprietaire-de-chat\/#primaryimage\"},\"thumbnailUrl\":\"https:\/\/vieassociative.be\/actualites\/wp-content\/uploads\/2024\/10\/Vos-responsabilites-juridiques-en-tant-que-proprietaire-de-chat.jpg\",\"datePublished\":\"2024-10-21T09:17:23+00:00\",\"dateModified\":\"2024-10-21T09:17:23+00:00\",\"breadcrumb\":{\"@id\":\"https:\/\/vieassociative.be\/actualites\/vos-responsabilites-juridiques-en-tant-que-proprietaire-de-chat\/#breadcrumb\"},\"inLanguage\":\"fr-BE\",\"potentialAction\":[{\"@type\":\"ReadAction\",\"target\":[\"https:\/\/vieassociative.be\/actualites\/vos-responsabilites-juridiques-en-tant-que-proprietaire-de-chat\/\"]}]},{\"@type\":\"ImageObject\",\"inLanguage\":\"fr-BE\",\"@id\":\"https:\/\/vieassociative.be\/actualites\/vos-responsabilites-juridiques-en-tant-que-proprietaire-de-chat\/#primaryimage\",\"url\":\"https:\/\/vieassociative.be\/actualites\/wp-content\/uploads\/2024\/10\/Vos-responsabilites-juridiques-en-tant-que-proprietaire-de-chat.jpg\",\"contentUrl\":\"https:\/\/vieassociative.be\/actualites\/wp-content\/uploads\/2024\/10\/Vos-responsabilites-juridiques-en-tant-que-proprietaire-de-chat.jpg\",\"width\":1200,\"height\":675,\"caption\":\"Vos responsabilit\u00e9s juridiques en tant que propri\u00e9taire de chat\"},{\"@type\":\"BreadcrumbList\",\"@id\":\"https:\/\/vieassociative.be\/actualites\/vos-responsabilites-juridiques-en-tant-que-proprietaire-de-chat\/#breadcrumb\",\"itemListElement\":[{\"@type\":\"ListItem\",\"position\":1,\"name\":\"Accueil\",\"item\":\"https:\/\/vieassociative.be\/actualites\/\"},{\"@type\":\"ListItem\",\"position\":2,\"name\":\"Vos responsabilit\u00e9s juridiques en tant que propri\u00e9taire de chat\"}]},{\"@type\":\"WebSite\",\"@id\":\"https:\/\/vieassociative.be\/actualites\/#website\",\"url\":\"https:\/\/vieassociative.be\/actualites\/\",\"name\":\"Vie Associative\",\"description\":\"\",\"publisher\":{\"@id\":\"https:\/\/vieassociative.be\/actualites\/#organization\"},\"potentialAction\":[{\"@type\":\"SearchAction\",\"target\":{\"@type\":\"EntryPoint\",\"urlTemplate\":\"https:\/\/vieassociative.be\/actualites\/?s={search_term_string}\"},\"query-input\":{\"@type\":\"PropertyValueSpecification\",\"valueRequired\":true,\"valueName\":\"search_term_string\"}}],\"inLanguage\":\"fr-BE\"},{\"@type\":\"Organization\",\"@id\":\"https:\/\/vieassociative.be\/actualites\/#organization\",\"name\":\"Vie Associative\",\"url\":\"https:\/\/vieassociative.be\/actualites\/\",\"logo\":{\"@type\":\"ImageObject\",\"inLanguage\":\"fr-BE\",\"@id\":\"https:\/\/vieassociative.be\/actualites\/#\/schema\/logo\/image\/\",\"url\":\"https:\/\/vieassociative.be\/actualites\/wp-content\/uploads\/2024\/09\/cropped-vieassociative_favicon.ico.png\",\"contentUrl\":\"https:\/\/vieassociative.be\/actualites\/wp-content\/uploads\/2024\/09\/cropped-vieassociative_favicon.ico.png\",\"width\":512,\"height\":512,\"caption\":\"Vie Associative\"},\"image\":{\"@id\":\"https:\/\/vieassociative.be\/actualites\/#\/schema\/logo\/image\/\"}},{\"@type\":\"Person\",\"@id\":\"https:\/\/vieassociative.be\/actualites\/#\/schema\/person\/b87ac4f82f9d4e7b7cec7395b679edc4\",\"name\":\"Julien\",\"image\":{\"@type\":\"ImageObject\",\"inLanguage\":\"fr-BE\",\"@id\":\"https:\/\/vieassociative.be\/actualites\/#\/schema\/person\/image\/\",\"url\":\"https:\/\/vieassociative.be\/actualites\/wp-content\/uploads\/2024\/09\/vie-associative-1-150x150.jpg\",\"contentUrl\":\"https:\/\/vieassociative.be\/actualites\/wp-content\/uploads\/2024\/09\/vie-associative-1-150x150.jpg\",\"caption\":\"Julien\"},\"description\":\"Je suis Julien, r\u00e9dacteur pour Vie Associative. Passionn\u00e9 par le monde associatif depuis plus de 10 ans, j'ai \u00e0 c\u0153ur de partager des histoires inspirantes et de mettre en lumi\u00e8re les initiatives locales. Mon objectif est de sensibiliser et d'encourager l'engagement communautaire \u00e0 travers mes articles.\",\"sameAs\":[\"https:\/\/vieassociative.be\/\"]}]}<\/script>\n<!-- \/ Yoast SEO plugin. -->","yoast_head_json":{"title":"Vos responsabilit\u00e9s juridiques en tant que propri\u00e9taire de chat | Vie Associative","robots":{"index":"index","follow":"follow","max-snippet":"max-snippet:-1","max-image-preview":"max-image-preview:large","max-video-preview":"max-video-preview:-1"},"canonical":"https:\/\/vieassociative.be\/actualites\/vos-responsabilites-juridiques-en-tant-que-proprietaire-de-chat\/","og_locale":"fr_FR","og_type":"article","og_title":"Vos responsabilit\u00e9s juridiques en tant que propri\u00e9taire de chat | Vie Associative","og_description":"Peut-on \u00eatre poursuivi si votre chat mord quelqu&rsquo;un ? C&rsquo;est compliqu\u00e9. J&rsquo;ai r\u00e9cemment vu cette vid\u00e9o d&rsquo;un conflit entre voisins \u00e0 propos des habitudes d&rsquo;itin\u00e9rance","og_url":"https:\/\/vieassociative.be\/actualites\/vos-responsabilites-juridiques-en-tant-que-proprietaire-de-chat\/","og_site_name":"Vie Associative","article_published_time":"2024-10-21T09:17:23+00:00","og_image":[{"width":279,"height":92,"url":"https:\/\/vieassociative.be\/actualites\/wp-content\/uploads\/2024\/09\/header_backgroundk-01-e1726694325946.png","type":"image\/png"}],"author":"Julien","twitter_card":"summary_large_image","twitter_misc":{"\u00c9crit par":"Julien","Dur\u00e9e de lecture est.":"6 minutes"},"schema":{"@context":"https:\/\/schema.org","@graph":[{"@type":"Article","@id":"https:\/\/vieassociative.be\/actualites\/vos-responsabilites-juridiques-en-tant-que-proprietaire-de-chat\/#article","isPartOf":{"@id":"https:\/\/vieassociative.be\/actualites\/vos-responsabilites-juridiques-en-tant-que-proprietaire-de-chat\/"},"author":{"name":"Julien","@id":"https:\/\/vieassociative.be\/actualites\/#\/schema\/person\/b87ac4f82f9d4e7b7cec7395b679edc4"},"headline":"Vos responsabilit\u00e9s juridiques en tant que propri\u00e9taire de chat","datePublished":"2024-10-21T09:17:23+00:00","dateModified":"2024-10-21T09:17:23+00:00","mainEntityOfPage":{"@id":"https:\/\/vieassociative.be\/actualites\/vos-responsabilites-juridiques-en-tant-que-proprietaire-de-chat\/"},"wordCount":1273,"publisher":{"@id":"https:\/\/vieassociative.be\/actualites\/#organization"},"image":{"@id":"https:\/\/vieassociative.be\/actualites\/vos-responsabilites-juridiques-en-tant-que-proprietaire-de-chat\/#primaryimage"},"thumbnailUrl":"https:\/\/vieassociative.be\/actualites\/wp-content\/uploads\/2024\/10\/Vos-responsabilites-juridiques-en-tant-que-proprietaire-de-chat.jpg","keywords":["chat","juridiques","propri\u00e9taire","responsabilit\u00e9s","tant","vos"],"articleSection":["Famille"],"inLanguage":"fr-BE"},{"@type":"WebPage","@id":"https:\/\/vieassociative.be\/actualites\/vos-responsabilites-juridiques-en-tant-que-proprietaire-de-chat\/","url":"https:\/\/vieassociative.be\/actualites\/vos-responsabilites-juridiques-en-tant-que-proprietaire-de-chat\/","name":"Vos responsabilit\u00e9s juridiques en tant que propri\u00e9taire de chat | Vie Associative","isPartOf":{"@id":"https:\/\/vieassociative.be\/actualites\/#website"},"primaryImageOfPage":{"@id":"https:\/\/vieassociative.be\/actualites\/vos-responsabilites-juridiques-en-tant-que-proprietaire-de-chat\/#primaryimage"},"image":{"@id":"https:\/\/vieassociative.be\/actualites\/vos-responsabilites-juridiques-en-tant-que-proprietaire-de-chat\/#primaryimage"},"thumbnailUrl":"https:\/\/vieassociative.be\/actualites\/wp-content\/uploads\/2024\/10\/Vos-responsabilites-juridiques-en-tant-que-proprietaire-de-chat.jpg","datePublished":"2024-10-21T09:17:23+00:00","dateModified":"2024-10-21T09:17:23+00:00","breadcrumb":{"@id":"https:\/\/vieassociative.be\/actualites\/vos-responsabilites-juridiques-en-tant-que-proprietaire-de-chat\/#breadcrumb"},"inLanguage":"fr-BE","potentialAction":[{"@type":"ReadAction","target":["https:\/\/vieassociative.be\/actualites\/vos-responsabilites-juridiques-en-tant-que-proprietaire-de-chat\/"]}]},{"@type":"ImageObject","inLanguage":"fr-BE","@id":"https:\/\/vieassociative.be\/actualites\/vos-responsabilites-juridiques-en-tant-que-proprietaire-de-chat\/#primaryimage","url":"https:\/\/vieassociative.be\/actualites\/wp-content\/uploads\/2024\/10\/Vos-responsabilites-juridiques-en-tant-que-proprietaire-de-chat.jpg","contentUrl":"https:\/\/vieassociative.be\/actualites\/wp-content\/uploads\/2024\/10\/Vos-responsabilites-juridiques-en-tant-que-proprietaire-de-chat.jpg","width":1200,"height":675,"caption":"Vos responsabilit\u00e9s juridiques en tant que propri\u00e9taire de chat"},{"@type":"BreadcrumbList","@id":"https:\/\/vieassociative.be\/actualites\/vos-responsabilites-juridiques-en-tant-que-proprietaire-de-chat\/#breadcrumb","itemListElement":[{"@type":"ListItem","position":1,"name":"Accueil","item":"https:\/\/vieassociative.be\/actualites\/"},{"@type":"ListItem","position":2,"name":"Vos responsabilit\u00e9s juridiques en tant que propri\u00e9taire de chat"}]},{"@type":"WebSite","@id":"https:\/\/vieassociative.be\/actualites\/#website","url":"https:\/\/vieassociative.be\/actualites\/","name":"Vie Associative","description":"","publisher":{"@id":"https:\/\/vieassociative.be\/actualites\/#organization"},"potentialAction":[{"@type":"SearchAction","target":{"@type":"EntryPoint","urlTemplate":"https:\/\/vieassociative.be\/actualites\/?s={search_term_string}"},"query-input":{"@type":"PropertyValueSpecification","valueRequired":true,"valueName":"search_term_string"}}],"inLanguage":"fr-BE"},{"@type":"Organization","@id":"https:\/\/vieassociative.be\/actualites\/#organization","name":"Vie Associative","url":"https:\/\/vieassociative.be\/actualites\/","logo":{"@type":"ImageObject","inLanguage":"fr-BE","@id":"https:\/\/vieassociative.be\/actualites\/#\/schema\/logo\/image\/","url":"https:\/\/vieassociative.be\/actualites\/wp-content\/uploads\/2024\/09\/cropped-vieassociative_favicon.ico.png","contentUrl":"https:\/\/vieassociative.be\/actualites\/wp-content\/uploads\/2024\/09\/cropped-vieassociative_favicon.ico.png","width":512,"height":512,"caption":"Vie Associative"},"image":{"@id":"https:\/\/vieassociative.be\/actualites\/#\/schema\/logo\/image\/"}},{"@type":"Person","@id":"https:\/\/vieassociative.be\/actualites\/#\/schema\/person\/b87ac4f82f9d4e7b7cec7395b679edc4","name":"Julien","image":{"@type":"ImageObject","inLanguage":"fr-BE","@id":"https:\/\/vieassociative.be\/actualites\/#\/schema\/person\/image\/","url":"https:\/\/vieassociative.be\/actualites\/wp-content\/uploads\/2024\/09\/vie-associative-1-150x150.jpg","contentUrl":"https:\/\/vieassociative.be\/actualites\/wp-content\/uploads\/2024\/09\/vie-associative-1-150x150.jpg","caption":"Julien"},"description":"Je suis Julien, r\u00e9dacteur pour Vie Associative. Passionn\u00e9 par le monde associatif depuis plus de 10 ans, j'ai \u00e0 c\u0153ur de partager des histoires inspirantes et de mettre en lumi\u00e8re les initiatives locales. Mon objectif est de sensibiliser et d'encourager l'engagement communautaire \u00e0 travers mes articles.","sameAs":["https:\/\/vieassociative.be\/"]}]}},"_links":{"self":[{"href":"https:\/\/vieassociative.be\/actualites\/wp-json\/wp\/v2\/posts\/1471"}],"collection":[{"href":"https:\/\/vieassociative.be\/actualites\/wp-json\/wp\/v2\/posts"}],"about":[{"href":"https:\/\/vieassociative.be\/actualites\/wp-json\/wp\/v2\/types\/post"}],"author":[{"embeddable":true,"href":"https:\/\/vieassociative.be\/actualites\/wp-json\/wp\/v2\/users\/1"}],"replies":[{"embeddable":true,"href":"https:\/\/vieassociative.be\/actualites\/wp-json\/wp\/v2\/comments?post=1471"}],"version-history":[{"count":0,"href":"https:\/\/vieassociative.be\/actualites\/wp-json\/wp\/v2\/posts\/1471\/revisions"}],"wp:featuredmedia":[{"embeddable":true,"href":"https:\/\/vieassociative.be\/actualites\/wp-json\/wp\/v2\/media\/1472"}],"wp:attachment":[{"href":"https:\/\/vieassociative.be\/actualites\/wp-json\/wp\/v2\/media?parent=1471"}],"wp:term":[{"taxonomy":"category","embeddable":true,"href":"https:\/\/vieassociative.be\/actualites\/wp-json\/wp\/v2\/categories?post=1471"},{"taxonomy":"post_tag","embeddable":true,"href":"https:\/\/vieassociative.be\/actualites\/wp-json\/wp\/v2\/tags?post=1471"}],"curies":[{"name":"wp","href":"https:\/\/api.w.org\/{rel}","templated":true}]}}