{"id":1463,"date":"2024-10-21T05:17:32","date_gmt":"2024-10-21T03:17:32","guid":{"rendered":"https:\/\/vieassociative.be\/actualites\/avez-vous-besoin-de-locket-la-derniere-application-de-partage-de-photos-a-la-mode\/"},"modified":"2024-10-21T05:17:32","modified_gmt":"2024-10-21T03:17:32","slug":"avez-vous-besoin-de-locket-la-derniere-application-de-partage-de-photos-a-la-mode","status":"publish","type":"post","link":"https:\/\/vieassociative.be\/actualites\/avez-vous-besoin-de-locket-la-derniere-application-de-partage-de-photos-a-la-mode\/","title":{"rendered":"Avez-vous besoin de Locket, la derni\u00e8re application de partage de photos \u00e0 la mode\u00a0?"},"content":{"rendered":"<div class=\"mt-4 leading-6 md:mb-8\">Locket vous permet d&rsquo;envoyer des photos directement sur les \u00e9crans d&rsquo;accueil de vos amis.<\/div>\n<p><\/p>\n<p>La derni\u00e8re application de partage de photos en vogue, Locket, a r\u00e9cemment lev\u00e9 12,5 millions de dollars de financement, ce qui en vaut potentiellement la peine, m\u00eame si elle est encore relativement inconnue. Apr\u00e8s son lancement le jour du Nouvel An cette ann\u00e9e, il a accumul\u00e9 plus de 20 millions de t\u00e9l\u00e9chargements, mais il n&rsquo;est toujours pas aussi connu que ses pairs, Instagram ou BeReal. (Instagram, bien s\u00fbr, s&rsquo;est tourn\u00e9 vers le partage de vid\u00e9os, tandis que BeReal est rest\u00e9 fermement attach\u00e9 aux photos quotidiennes non filtr\u00e9es.) Mais qu&rsquo;est-ce qui diff\u00e9rencie Locket ?<\/p>\n<h2 id=\"whats-locket\"><strong>C&rsquo;est quoi M\u00e9daillon ?<\/strong> <\/h2>\n<p>Locket vous permet de prendre des photos et de les envoyer directement sur les \u00e9crans d&rsquo;accueil mobiles de vos amis. Pour que cela fonctionne, vous et vos amis devez\u00a0:<\/p>\n<ul>\n<li>\n<p>T\u00e9l\u00e9chargez l&rsquo;application (appel\u00e9e \u00ab Locket Widget \u00bb dans l&rsquo;App Store)<\/p>\n<\/li>\n<li>\n<p>Ajoutez-vous sur l&rsquo;application<\/p>\n<\/li>\n<li>\n<p>Ajoutez le widget \u00e0 votre \u00e9cran d&rsquo;accueil<\/p>\n<\/li>\n<\/ul>\n<p>Vous ne pouvez pas progresser dans l&rsquo;application sans ajouter le widget \u00e0 votre \u00e9cran d&rsquo;accueil, mais c&rsquo;est tout l&rsquo;int\u00e9r\u00eat. Et si aucun de vos amis n&rsquo;est sur Locket, vous devrez le convaincre de l&rsquo;obtenir. (Un de mes amis a eu des probl\u00e8mes pour ajouter le widget \u00e0 son \u00e9cran d&rsquo;accueil ; un autre l&rsquo;a t\u00e9l\u00e9charg\u00e9 apr\u00e8s avoir envoy\u00e9 mon lien de parrainage et n&rsquo;a pos\u00e9 aucune question ; un autre encore a r\u00e9pondu : \u00ab S&rsquo;il vous pla\u00eet, mon Dieu, non. J&rsquo;ignore d\u00e9j\u00e0 BeReal. \u00bb Oui, je le suis. la personne qui l&rsquo;a forc\u00e9e \u00e0 t\u00e9l\u00e9charger BeReal.)<\/p>\n<p>Le but de cette application est d&rsquo;envoyer des photos de vous-m\u00eame directement sur l&rsquo;\u00e9cran d&rsquo;accueil de quelqu&rsquo;un pour qu&rsquo;il puisse les voir lorsqu&rsquo;il ouvre son t\u00e9l\u00e9phone. Si vos amis ne sont pas align\u00e9s, cela ne fonctionnera pas.<\/p>\n<h2 id=\"how-do-you-use-locket\"><strong>Comment utilisez-vous M\u00e9daillon\u00a0?<\/strong><\/h2>\n<p>Une fois vos amis ajout\u00e9s, vous pouvez prendre des photos en temps r\u00e9el et les envoyer directement sur leur \u00e9cran d&rsquo;accueil. Vous ne pouvez pas du tout modifier les photos, il n&rsquo;y a pas de filtres ou de superpositions AR et vous ne pouvez pas ajouter de photos \u00e0 partir de votre pellicule existante. Ce ne sont que des photos en temps r\u00e9el, prises avec votre appareil photo avant ou arri\u00e8re. (De cette fa\u00e7on, c&rsquo;est assez similaire \u00e0 BeReal.)<\/p>\n<p>Vous pouvez \u00e9galement s\u00e9lectionner les personnes de votre liste d&rsquo;amis qui recevront les photos. Vous pouvez envoyer la photo \u00e0 un groupe d&rsquo;amis ou \u00e0 une seule personne ; et vous pouvez \u00e9galement ajouter plusieurs widgets Locket \u00e0 votre \u00e9cran d&rsquo;accueil si vous souhaitez qu&rsquo;un endroit d\u00e9di\u00e9 pour que votre \u00ab b\u00e9guin \u00bb ou votre \u00ab meilleur ami \u00bb soit inond\u00e9 de photos, tandis qu&rsquo;un autre widget Locket peut vous montrer des photos de tout le monde. Lorsque vos amis envoient des photos \u00e0 votre m\u00e9daillon, ces photos appara\u00eetront dans les widgets sur votre \u00e9cran, vous les verrez donc lorsque vous ouvrirez votre t\u00e9l\u00e9phone ou naviguerez vers d&rsquo;autres applications.<\/p>\n<h2 id=\"should-you-download-the-locket-widget-app\"><strong>Devez-vous t\u00e9l\u00e9charger l\u2019application Locket Widget ? <\/strong><\/h2>\n<p>Locket est disponible en t\u00e9l\u00e9chargement sur l&rsquo;App Store et Google Play, mais ce n&rsquo;est pas le cas. <em>besoin <\/em>de la m\u00eame mani\u00e8re, vous n&rsquo;aviez pas besoin de BeReal ou Dimensional. Pourtant, au cours des quelques minutes o\u00f9 j&rsquo;ai jou\u00e9 sur l&rsquo;application avec le producteur de G\/O Media Justin Rodriguez et Kevin Hurler de Gizmodo, je me suis assez amus\u00e9. Si davantage de mes amis finissent par le t\u00e9l\u00e9charger, je peux nous voir passer quelques jours \u00e0 nous envoyer des spams avec des selfies moches ou des photos inappropri\u00e9es, pour finalement l&rsquo;oublier. En gros, c&rsquo;est comme une version plus intime et adulte de Snapchat et une version plus \u00e9volutive de BeReal : vous pouvez partager ce que vous faites \u00e0 un moment donn\u00e9 avec vos amis sans rien modifier ni trop y r\u00e9fl\u00e9chir.<\/p>\n<p><\/p>\n","protected":false},"excerpt":{"rendered":"<p>Locket vous permet d&rsquo;envoyer des photos directement sur les \u00e9crans d&rsquo;accueil de vos amis. La derni\u00e8re application de partage de photos en vogue, Locket, a<\/p>\n","protected":false},"author":1,"featured_media":1464,"comment_status":"","ping_status":"","sticky":false,"template":"","format":"standard","meta":{"footnotes":""},"categories":[13],"tags":[1277,1113,259,139,2049,2050,1276,283],"class_list":["post-1463","post","type-post","status-publish","format-standard","has-post-thumbnail","hentry","category-technologie","tag-application","tag-avezvous","tag-besoin","tag-derniere","tag-locket","tag-mode","tag-partage","tag-photos","generate-columns","tablet-grid-50","mobile-grid-100","grid-parent","grid-33"],"yoast_head":"<!-- This site is optimized with the Yoast SEO plugin v24.0 - https:\/\/yoast.com\/wordpress\/plugins\/seo\/ -->\n<title>Avez-vous besoin de Locket, la derni\u00e8re application de partage de photos \u00e0 la mode\u00a0? | Vie Associative<\/title>\n<meta name=\"robots\" content=\"index, follow, max-snippet:-1, max-image-preview:large, max-video-preview:-1\" \/>\n<link rel=\"canonical\" href=\"https:\/\/vieassociative.be\/actualites\/avez-vous-besoin-de-locket-la-derniere-application-de-partage-de-photos-a-la-mode\/\" \/>\n<meta property=\"og:locale\" content=\"fr_FR\" \/>\n<meta property=\"og:type\" content=\"article\" \/>\n<meta property=\"og:title\" content=\"Avez-vous besoin de Locket, la derni\u00e8re application de partage de photos \u00e0 la mode\u00a0? | Vie Associative\" \/>\n<meta property=\"og:description\" content=\"Locket vous permet d&rsquo;envoyer des photos directement sur les \u00e9crans d&rsquo;accueil de vos amis. La derni\u00e8re application de partage de photos en vogue, Locket, a\" \/>\n<meta property=\"og:url\" content=\"https:\/\/vieassociative.be\/actualites\/avez-vous-besoin-de-locket-la-derniere-application-de-partage-de-photos-a-la-mode\/\" \/>\n<meta property=\"og:site_name\" content=\"Vie Associative\" \/>\n<meta property=\"article:published_time\" content=\"2024-10-21T03:17:32+00:00\" \/>\n<meta property=\"og:image\" content=\"https:\/\/vieassociative.be\/actualites\/wp-content\/uploads\/2024\/09\/header_backgroundk-01-e1726694325946.png\" \/>\n\t<meta property=\"og:image:width\" content=\"279\" \/>\n\t<meta property=\"og:image:height\" content=\"92\" \/>\n\t<meta property=\"og:image:type\" content=\"image\/png\" \/>\n<meta name=\"author\" content=\"Julien\" \/>\n<meta name=\"twitter:card\" content=\"summary_large_image\" \/>\n<meta name=\"twitter:label1\" content=\"\u00c9crit par\" \/>\n\t<meta name=\"twitter:data1\" content=\"Julien\" \/>\n\t<meta name=\"twitter:label2\" content=\"Dur\u00e9e de lecture est.\" \/>\n\t<meta name=\"twitter:data2\" content=\"3 minutes\" \/>\n<script type=\"application\/ld+json\" class=\"yoast-schema-graph\">{\"@context\":\"https:\/\/schema.org\",\"@graph\":[{\"@type\":\"Article\",\"@id\":\"https:\/\/vieassociative.be\/actualites\/avez-vous-besoin-de-locket-la-derniere-application-de-partage-de-photos-a-la-mode\/#article\",\"isPartOf\":{\"@id\":\"https:\/\/vieassociative.be\/actualites\/avez-vous-besoin-de-locket-la-derniere-application-de-partage-de-photos-a-la-mode\/\"},\"author\":{\"name\":\"Julien\",\"@id\":\"https:\/\/vieassociative.be\/actualites\/#\/schema\/person\/b87ac4f82f9d4e7b7cec7395b679edc4\"},\"headline\":\"Avez-vous besoin de Locket, la derni\u00e8re application de partage de photos \u00e0 la mode\u00a0?\",\"datePublished\":\"2024-10-21T03:17:32+00:00\",\"dateModified\":\"2024-10-21T03:17:32+00:00\",\"mainEntityOfPage\":{\"@id\":\"https:\/\/vieassociative.be\/actualites\/avez-vous-besoin-de-locket-la-derniere-application-de-partage-de-photos-a-la-mode\/\"},\"wordCount\":709,\"publisher\":{\"@id\":\"https:\/\/vieassociative.be\/actualites\/#organization\"},\"image\":{\"@id\":\"https:\/\/vieassociative.be\/actualites\/avez-vous-besoin-de-locket-la-derniere-application-de-partage-de-photos-a-la-mode\/#primaryimage\"},\"thumbnailUrl\":\"https:\/\/vieassociative.be\/actualites\/wp-content\/uploads\/2024\/10\/Avez-vous-besoin-de-Locket-la-derniere-application-de-partage-de.png\",\"keywords\":[\"application\",\"avezvous\",\"besoin\",\"derni\u00e8re\",\"Locket\",\"mode\",\"partag\u00e9\",\"Photos\"],\"articleSection\":[\"Technologie\"],\"inLanguage\":\"fr-BE\"},{\"@type\":\"WebPage\",\"@id\":\"https:\/\/vieassociative.be\/actualites\/avez-vous-besoin-de-locket-la-derniere-application-de-partage-de-photos-a-la-mode\/\",\"url\":\"https:\/\/vieassociative.be\/actualites\/avez-vous-besoin-de-locket-la-derniere-application-de-partage-de-photos-a-la-mode\/\",\"name\":\"Avez-vous besoin de Locket, la derni\u00e8re application de partage de photos \u00e0 la mode\u00a0? | Vie Associative\",\"isPartOf\":{\"@id\":\"https:\/\/vieassociative.be\/actualites\/#website\"},\"primaryImageOfPage\":{\"@id\":\"https:\/\/vieassociative.be\/actualites\/avez-vous-besoin-de-locket-la-derniere-application-de-partage-de-photos-a-la-mode\/#primaryimage\"},\"image\":{\"@id\":\"https:\/\/vieassociative.be\/actualites\/avez-vous-besoin-de-locket-la-derniere-application-de-partage-de-photos-a-la-mode\/#primaryimage\"},\"thumbnailUrl\":\"https:\/\/vieassociative.be\/actualites\/wp-content\/uploads\/2024\/10\/Avez-vous-besoin-de-Locket-la-derniere-application-de-partage-de.png\",\"datePublished\":\"2024-10-21T03:17:32+00:00\",\"dateModified\":\"2024-10-21T03:17:32+00:00\",\"breadcrumb\":{\"@id\":\"https:\/\/vieassociative.be\/actualites\/avez-vous-besoin-de-locket-la-derniere-application-de-partage-de-photos-a-la-mode\/#breadcrumb\"},\"inLanguage\":\"fr-BE\",\"potentialAction\":[{\"@type\":\"ReadAction\",\"target\":[\"https:\/\/vieassociative.be\/actualites\/avez-vous-besoin-de-locket-la-derniere-application-de-partage-de-photos-a-la-mode\/\"]}]},{\"@type\":\"ImageObject\",\"inLanguage\":\"fr-BE\",\"@id\":\"https:\/\/vieassociative.be\/actualites\/avez-vous-besoin-de-locket-la-derniere-application-de-partage-de-photos-a-la-mode\/#primaryimage\",\"url\":\"https:\/\/vieassociative.be\/actualites\/wp-content\/uploads\/2024\/10\/Avez-vous-besoin-de-Locket-la-derniere-application-de-partage-de.png\",\"contentUrl\":\"https:\/\/vieassociative.be\/actualites\/wp-content\/uploads\/2024\/10\/Avez-vous-besoin-de-Locket-la-derniere-application-de-partage-de.png\",\"width\":1199,\"height\":675,\"caption\":\"Avez-vous besoin de Locket, la derni\u00e8re application de partage de photos \u00e0 la mode\u00a0?\"},{\"@type\":\"BreadcrumbList\",\"@id\":\"https:\/\/vieassociative.be\/actualites\/avez-vous-besoin-de-locket-la-derniere-application-de-partage-de-photos-a-la-mode\/#breadcrumb\",\"itemListElement\":[{\"@type\":\"ListItem\",\"position\":1,\"name\":\"Accueil\",\"item\":\"https:\/\/vieassociative.be\/actualites\/\"},{\"@type\":\"ListItem\",\"position\":2,\"name\":\"Avez-vous besoin de Locket, la derni\u00e8re application de partage de photos \u00e0 la mode\u00a0?\"}]},{\"@type\":\"WebSite\",\"@id\":\"https:\/\/vieassociative.be\/actualites\/#website\",\"url\":\"https:\/\/vieassociative.be\/actualites\/\",\"name\":\"Vie Associative\",\"description\":\"\",\"publisher\":{\"@id\":\"https:\/\/vieassociative.be\/actualites\/#organization\"},\"potentialAction\":[{\"@type\":\"SearchAction\",\"target\":{\"@type\":\"EntryPoint\",\"urlTemplate\":\"https:\/\/vieassociative.be\/actualites\/?s={search_term_string}\"},\"query-input\":{\"@type\":\"PropertyValueSpecification\",\"valueRequired\":true,\"valueName\":\"search_term_string\"}}],\"inLanguage\":\"fr-BE\"},{\"@type\":\"Organization\",\"@id\":\"https:\/\/vieassociative.be\/actualites\/#organization\",\"name\":\"Vie Associative\",\"url\":\"https:\/\/vieassociative.be\/actualites\/\",\"logo\":{\"@type\":\"ImageObject\",\"inLanguage\":\"fr-BE\",\"@id\":\"https:\/\/vieassociative.be\/actualites\/#\/schema\/logo\/image\/\",\"url\":\"https:\/\/vieassociative.be\/actualites\/wp-content\/uploads\/2024\/09\/cropped-vieassociative_favicon.ico.png\",\"contentUrl\":\"https:\/\/vieassociative.be\/actualites\/wp-content\/uploads\/2024\/09\/cropped-vieassociative_favicon.ico.png\",\"width\":512,\"height\":512,\"caption\":\"Vie Associative\"},\"image\":{\"@id\":\"https:\/\/vieassociative.be\/actualites\/#\/schema\/logo\/image\/\"}},{\"@type\":\"Person\",\"@id\":\"https:\/\/vieassociative.be\/actualites\/#\/schema\/person\/b87ac4f82f9d4e7b7cec7395b679edc4\",\"name\":\"Julien\",\"image\":{\"@type\":\"ImageObject\",\"inLanguage\":\"fr-BE\",\"@id\":\"https:\/\/vieassociative.be\/actualites\/#\/schema\/person\/image\/\",\"url\":\"https:\/\/vieassociative.be\/actualites\/wp-content\/uploads\/2024\/09\/vie-associative-1-150x150.jpg\",\"contentUrl\":\"https:\/\/vieassociative.be\/actualites\/wp-content\/uploads\/2024\/09\/vie-associative-1-150x150.jpg\",\"caption\":\"Julien\"},\"description\":\"Je suis Julien, r\u00e9dacteur pour Vie Associative. Passionn\u00e9 par le monde associatif depuis plus de 10 ans, j'ai \u00e0 c\u0153ur de partager des histoires inspirantes et de mettre en lumi\u00e8re les initiatives locales. Mon objectif est de sensibiliser et d'encourager l'engagement communautaire \u00e0 travers mes articles.\",\"sameAs\":[\"https:\/\/vieassociative.be\/\"]}]}<\/script>\n<!-- \/ Yoast SEO plugin. -->","yoast_head_json":{"title":"Avez-vous besoin de Locket, la derni\u00e8re application de partage de photos \u00e0 la mode\u00a0? | Vie Associative","robots":{"index":"index","follow":"follow","max-snippet":"max-snippet:-1","max-image-preview":"max-image-preview:large","max-video-preview":"max-video-preview:-1"},"canonical":"https:\/\/vieassociative.be\/actualites\/avez-vous-besoin-de-locket-la-derniere-application-de-partage-de-photos-a-la-mode\/","og_locale":"fr_FR","og_type":"article","og_title":"Avez-vous besoin de Locket, la derni\u00e8re application de partage de photos \u00e0 la mode\u00a0? | Vie Associative","og_description":"Locket vous permet d&rsquo;envoyer des photos directement sur les \u00e9crans d&rsquo;accueil de vos amis. La derni\u00e8re application de partage de photos en vogue, Locket, a","og_url":"https:\/\/vieassociative.be\/actualites\/avez-vous-besoin-de-locket-la-derniere-application-de-partage-de-photos-a-la-mode\/","og_site_name":"Vie Associative","article_published_time":"2024-10-21T03:17:32+00:00","og_image":[{"width":279,"height":92,"url":"https:\/\/vieassociative.be\/actualites\/wp-content\/uploads\/2024\/09\/header_backgroundk-01-e1726694325946.png","type":"image\/png"}],"author":"Julien","twitter_card":"summary_large_image","twitter_misc":{"\u00c9crit par":"Julien","Dur\u00e9e de lecture est.":"3 minutes"},"schema":{"@context":"https:\/\/schema.org","@graph":[{"@type":"Article","@id":"https:\/\/vieassociative.be\/actualites\/avez-vous-besoin-de-locket-la-derniere-application-de-partage-de-photos-a-la-mode\/#article","isPartOf":{"@id":"https:\/\/vieassociative.be\/actualites\/avez-vous-besoin-de-locket-la-derniere-application-de-partage-de-photos-a-la-mode\/"},"author":{"name":"Julien","@id":"https:\/\/vieassociative.be\/actualites\/#\/schema\/person\/b87ac4f82f9d4e7b7cec7395b679edc4"},"headline":"Avez-vous besoin de Locket, la derni\u00e8re application de partage de photos \u00e0 la mode\u00a0?","datePublished":"2024-10-21T03:17:32+00:00","dateModified":"2024-10-21T03:17:32+00:00","mainEntityOfPage":{"@id":"https:\/\/vieassociative.be\/actualites\/avez-vous-besoin-de-locket-la-derniere-application-de-partage-de-photos-a-la-mode\/"},"wordCount":709,"publisher":{"@id":"https:\/\/vieassociative.be\/actualites\/#organization"},"image":{"@id":"https:\/\/vieassociative.be\/actualites\/avez-vous-besoin-de-locket-la-derniere-application-de-partage-de-photos-a-la-mode\/#primaryimage"},"thumbnailUrl":"https:\/\/vieassociative.be\/actualites\/wp-content\/uploads\/2024\/10\/Avez-vous-besoin-de-Locket-la-derniere-application-de-partage-de.png","keywords":["application","avezvous","besoin","derni\u00e8re","Locket","mode","partag\u00e9","Photos"],"articleSection":["Technologie"],"inLanguage":"fr-BE"},{"@type":"WebPage","@id":"https:\/\/vieassociative.be\/actualites\/avez-vous-besoin-de-locket-la-derniere-application-de-partage-de-photos-a-la-mode\/","url":"https:\/\/vieassociative.be\/actualites\/avez-vous-besoin-de-locket-la-derniere-application-de-partage-de-photos-a-la-mode\/","name":"Avez-vous besoin de Locket, la derni\u00e8re application de partage de photos \u00e0 la mode\u00a0? | Vie Associative","isPartOf":{"@id":"https:\/\/vieassociative.be\/actualites\/#website"},"primaryImageOfPage":{"@id":"https:\/\/vieassociative.be\/actualites\/avez-vous-besoin-de-locket-la-derniere-application-de-partage-de-photos-a-la-mode\/#primaryimage"},"image":{"@id":"https:\/\/vieassociative.be\/actualites\/avez-vous-besoin-de-locket-la-derniere-application-de-partage-de-photos-a-la-mode\/#primaryimage"},"thumbnailUrl":"https:\/\/vieassociative.be\/actualites\/wp-content\/uploads\/2024\/10\/Avez-vous-besoin-de-Locket-la-derniere-application-de-partage-de.png","datePublished":"2024-10-21T03:17:32+00:00","dateModified":"2024-10-21T03:17:32+00:00","breadcrumb":{"@id":"https:\/\/vieassociative.be\/actualites\/avez-vous-besoin-de-locket-la-derniere-application-de-partage-de-photos-a-la-mode\/#breadcrumb"},"inLanguage":"fr-BE","potentialAction":[{"@type":"ReadAction","target":["https:\/\/vieassociative.be\/actualites\/avez-vous-besoin-de-locket-la-derniere-application-de-partage-de-photos-a-la-mode\/"]}]},{"@type":"ImageObject","inLanguage":"fr-BE","@id":"https:\/\/vieassociative.be\/actualites\/avez-vous-besoin-de-locket-la-derniere-application-de-partage-de-photos-a-la-mode\/#primaryimage","url":"https:\/\/vieassociative.be\/actualites\/wp-content\/uploads\/2024\/10\/Avez-vous-besoin-de-Locket-la-derniere-application-de-partage-de.png","contentUrl":"https:\/\/vieassociative.be\/actualites\/wp-content\/uploads\/2024\/10\/Avez-vous-besoin-de-Locket-la-derniere-application-de-partage-de.png","width":1199,"height":675,"caption":"Avez-vous besoin de Locket, la derni\u00e8re application de partage de photos \u00e0 la mode\u00a0?"},{"@type":"BreadcrumbList","@id":"https:\/\/vieassociative.be\/actualites\/avez-vous-besoin-de-locket-la-derniere-application-de-partage-de-photos-a-la-mode\/#breadcrumb","itemListElement":[{"@type":"ListItem","position":1,"name":"Accueil","item":"https:\/\/vieassociative.be\/actualites\/"},{"@type":"ListItem","position":2,"name":"Avez-vous besoin de Locket, la derni\u00e8re application de partage de photos \u00e0 la mode\u00a0?"}]},{"@type":"WebSite","@id":"https:\/\/vieassociative.be\/actualites\/#website","url":"https:\/\/vieassociative.be\/actualites\/","name":"Vie Associative","description":"","publisher":{"@id":"https:\/\/vieassociative.be\/actualites\/#organization"},"potentialAction":[{"@type":"SearchAction","target":{"@type":"EntryPoint","urlTemplate":"https:\/\/vieassociative.be\/actualites\/?s={search_term_string}"},"query-input":{"@type":"PropertyValueSpecification","valueRequired":true,"valueName":"search_term_string"}}],"inLanguage":"fr-BE"},{"@type":"Organization","@id":"https:\/\/vieassociative.be\/actualites\/#organization","name":"Vie Associative","url":"https:\/\/vieassociative.be\/actualites\/","logo":{"@type":"ImageObject","inLanguage":"fr-BE","@id":"https:\/\/vieassociative.be\/actualites\/#\/schema\/logo\/image\/","url":"https:\/\/vieassociative.be\/actualites\/wp-content\/uploads\/2024\/09\/cropped-vieassociative_favicon.ico.png","contentUrl":"https:\/\/vieassociative.be\/actualites\/wp-content\/uploads\/2024\/09\/cropped-vieassociative_favicon.ico.png","width":512,"height":512,"caption":"Vie Associative"},"image":{"@id":"https:\/\/vieassociative.be\/actualites\/#\/schema\/logo\/image\/"}},{"@type":"Person","@id":"https:\/\/vieassociative.be\/actualites\/#\/schema\/person\/b87ac4f82f9d4e7b7cec7395b679edc4","name":"Julien","image":{"@type":"ImageObject","inLanguage":"fr-BE","@id":"https:\/\/vieassociative.be\/actualites\/#\/schema\/person\/image\/","url":"https:\/\/vieassociative.be\/actualites\/wp-content\/uploads\/2024\/09\/vie-associative-1-150x150.jpg","contentUrl":"https:\/\/vieassociative.be\/actualites\/wp-content\/uploads\/2024\/09\/vie-associative-1-150x150.jpg","caption":"Julien"},"description":"Je suis Julien, r\u00e9dacteur pour Vie Associative. Passionn\u00e9 par le monde associatif depuis plus de 10 ans, j'ai \u00e0 c\u0153ur de partager des histoires inspirantes et de mettre en lumi\u00e8re les initiatives locales. Mon objectif est de sensibiliser et d'encourager l'engagement communautaire \u00e0 travers mes articles.","sameAs":["https:\/\/vieassociative.be\/"]}]}},"_links":{"self":[{"href":"https:\/\/vieassociative.be\/actualites\/wp-json\/wp\/v2\/posts\/1463"}],"collection":[{"href":"https:\/\/vieassociative.be\/actualites\/wp-json\/wp\/v2\/posts"}],"about":[{"href":"https:\/\/vieassociative.be\/actualites\/wp-json\/wp\/v2\/types\/post"}],"author":[{"embeddable":true,"href":"https:\/\/vieassociative.be\/actualites\/wp-json\/wp\/v2\/users\/1"}],"replies":[{"embeddable":true,"href":"https:\/\/vieassociative.be\/actualites\/wp-json\/wp\/v2\/comments?post=1463"}],"version-history":[{"count":0,"href":"https:\/\/vieassociative.be\/actualites\/wp-json\/wp\/v2\/posts\/1463\/revisions"}],"wp:featuredmedia":[{"embeddable":true,"href":"https:\/\/vieassociative.be\/actualites\/wp-json\/wp\/v2\/media\/1464"}],"wp:attachment":[{"href":"https:\/\/vieassociative.be\/actualites\/wp-json\/wp\/v2\/media?parent=1463"}],"wp:term":[{"taxonomy":"category","embeddable":true,"href":"https:\/\/vieassociative.be\/actualites\/wp-json\/wp\/v2\/categories?post=1463"},{"taxonomy":"post_tag","embeddable":true,"href":"https:\/\/vieassociative.be\/actualites\/wp-json\/wp\/v2\/tags?post=1463"}],"curies":[{"name":"wp","href":"https:\/\/api.w.org\/{rel}","templated":true}]}}