{"id":1461,"date":"2024-10-21T03:17:46","date_gmt":"2024-10-21T01:17:46","guid":{"rendered":"https:\/\/vieassociative.be\/actualites\/comment-faire-pousser-des-tulipes-et-autres-fleurs-printanieres-a-linterieur-cet-hiver\/"},"modified":"2024-10-21T03:17:46","modified_gmt":"2024-10-21T01:17:46","slug":"comment-faire-pousser-des-tulipes-et-autres-fleurs-printanieres-a-linterieur-cet-hiver","status":"publish","type":"post","link":"https:\/\/vieassociative.be\/actualites\/comment-faire-pousser-des-tulipes-et-autres-fleurs-printanieres-a-linterieur-cet-hiver\/","title":{"rendered":"Comment faire pousser des tulipes et autres fleurs printani\u00e8res \u00e0 l\u2019int\u00e9rieur cet hiver"},"content":{"rendered":"<div class=\"mt-4 leading-6 md:mb-8\">L\u2019id\u00e9e est simple et vous n\u2019avez pas besoin d\u2019\u00eatre un jardinier chevronn\u00e9 pour y parvenir.<\/div>\n<p><\/p>\n<p>La meilleure partie du printemps, c\u2019est lorsque tous les bulbes que vous avez plant\u00e9s commencent \u00e0 sortir du sol, peignant votre jardin de couleurs apr\u00e8s un long hiver gris. Malheureusement, il faut attendre six mois pour qu&rsquo;elles fleurissent, mais si vous \u00eates impatient comme moi, vous pouvez faire pousser ces fleurs \u00e0 l&rsquo;int\u00e9rieur, \u00e0 partir de maintenant. L&rsquo;id\u00e9e est simple, et vous n&rsquo;avez pas besoin d&rsquo;\u00eatre un jardinier chevronn\u00e9 pour y parvenir : vous pouvez placer les bulbes dans un pot ou un vase en verre et les laisser fleurir \u00e0 l&rsquo;int\u00e9rieur, comme un bouquet vivant. Une fois qu&rsquo;ils ont fleuri, le bulbe est \u00e9puis\u00e9, vous pouvez donc le jeter ou le composter. (Vous pouvez essayer de conserver le bulbe pour le replanter, mais j&rsquo;ai g\u00e9n\u00e9ralement trouv\u00e9 que c&rsquo;\u00e9tait une entreprise ingrate.) <\/p>\n<p>Peut-\u00eatre avez-vous vu ces arrangements dans les pages de Pottery Barn ou dans les all\u00e9es de Trader Joe&rsquo;s. La bonne nouvelle est que vous pouvez acheter des ampoules bon march\u00e9 et obtenir le m\u00eame effet pour beaucoup moins cher en le faisant vous-m\u00eame. Vous pouvez acheter des ampoules presque n&rsquo;importe o\u00f9 \u00e0 cette p\u00e9riode de l&rsquo;ann\u00e9e, aupr\u00e8s des principaux d\u00e9taillants d&rsquo;ampoules en ligne comme Eden Brothers, dans votre jardinerie locale, Home Depot ou m\u00eame dans votre \u00e9picerie. Si vous voyez un sac d&rsquo;ampoules en vente, r\u00e9cup\u00e9rez-les \u00e0 cet effet. Si vous pouvez trouver des bulbes pr\u00e9-r\u00e9frig\u00e9r\u00e9s, c&rsquo;est encore mieux, car cela signifie que vous n&rsquo;avez pas \u00e0 attendre l&rsquo;hiver pour fleurir (plus d&rsquo;informations ci-dessous).<\/p>\n<p>Lorsque vous forcez les ampoules, vous leur faites croire que c&rsquo;est le printemps en les gardant \u00e0 l&rsquo;int\u00e9rieur. La cl\u00e9 de ce travail est d\u2019imiter les conditions ext\u00e9rieures en les exposant au froid pendant quelques semaines. La dur\u00e9e pendant laquelle ils ont besoin de ce froid d\u00e9pend du type d&rsquo;ampoule (et l&rsquo;amaryllis et le narcisse blanc comme du papier n&rsquo;ont en fait pas du tout besoin d&rsquo;\u00eatre r\u00e9frig\u00e9r\u00e9s). Vous ne voulez pas refroidir vos bulbes dans votre r\u00e9frig\u00e9rateur, car vous y avez probablement des fruits, et les fruits qui m\u00fbrissent lib\u00e8rent de l&rsquo;\u00e9thyl\u00e8ne gazeux, qui incitera les bulbes \u00e0 pousser. Le meilleur endroit pour refroidir vos ampoules est \u00e0 l\u2019ext\u00e9rieur ou dans votre sous-sol. Vous pouvez les r\u00e9frig\u00e9rer d\u00e9j\u00e0 plant\u00e9s dans vos pots ou les laisser dans le sac en papier dans lequel ils sont exp\u00e9di\u00e9s. <\/p>\n<h2 id=\"how-to-plant-indoor-bulbs-in-pots\">Comment planter des bulbes d&rsquo;int\u00e9rieur en pot<\/h2>\n<p>La plupart des bulbes pr\u00e9f\u00e8rent \u00eatre plant\u00e9s dans un pot dans un terreau. Dans votre jardinerie, recherchez un terreau sans sol, qui fait un excellent travail en retenant l&rsquo;humidit\u00e9 tout en permettant un drainage optimal. Lors du choix d&rsquo;un pot, vous aurez besoin de trois \u00e0 quatre pouces d&rsquo;espace de croissance sous le bulbe, en plus de la hauteur du bulbe lui-m\u00eame. Lorsque vous \u00eates pr\u00eat \u00e0 planter les bulbes, laissez les racines des bulbes reposer dans l\u2019eau ti\u00e8de pendant la nuit. Le matin, ajoutez trois \u00e0 quatre pouces de terreau au fond de votre pot, puis placez vos bulbes dedans, c\u00f4t\u00e9 pointu vers le haut et racines vers le bas. Vous pouvez planter les bulbes aussi pr\u00e8s les uns des autres que vous le souhaitez, m\u00eame en les touchant. Couvrez-les avec plus de terreau, en laissant le pouce sup\u00e9rieur des bulbes d\u00e9couvert. Tassez le terreau avec vos doigts. Vous voulez qu&rsquo;il soit assez bien compress\u00e9 pour maintenir vos bulbes en place lorsqu&rsquo;ils poussent des fleurs. Arrosez le terreau jusqu&rsquo;\u00e0 ce que toute la terre soit humide, ce qui signifie que lorsque vous avez un poing dans la main et que vous le pressez, le milieu colle ensemble, mais aucune eau ne s&rsquo;\u00e9chappe. <\/p>\n<h2 id=\"how-to-plant-indoor-bulbs-in-glass-vases\">Comment planter des ampoules d&rsquo;int\u00e9rieur dans des vases en verre<\/h2>\n<p>Il existe une deuxi\u00e8me m\u00e9thode de plantation pour les bulbes comme les jacinthes. Ils peuvent \u00eatre plant\u00e9s dans de grands vases en verre, enracin\u00e9s uniquement dans des galets ou des billes de verre, ce qui constitue tout un \u00e9talage. Vous aurez toujours besoin de deux \u00e0 trois pouces de billes ou de cailloux sous les bulbes, mais au lieu de recouvrir les bulbes, vous en ajouterez juste assez pour couvrir les racines des bulbes, en les ancrant. Remplissez le vase d&rsquo;eau en recouvrant uniquement les racines, pas plus. <\/p>\n<p>Alternativement, vous pouvez acheter de petits vases sp\u00e9cialement pour forcer les jacinthes. Vous placez le bulbe sur le dessus du vase et le remplissez d\u2019eau jusqu\u2019au niveau des racines. <\/p>\n<h2 id=\"how-to-chill-your-bulbs\">Comment refroidir vos ampoules<\/h2>\n<p>Dans les deux cas, prenez maintenant les bulbes en pot et exposez-les au froid pendant la dur\u00e9e appropri\u00e9e selon la liste ci-dessous. La temp\u00e9rature id\u00e9ale est d&rsquo;environ quarante degr\u00e9s, et pendant la p\u00e9riode de refroidissement, vous devez vous assurer de v\u00e9rifier les niveaux d&rsquo;humidit\u00e9 du substrat d&rsquo;enracinement ou de l&rsquo;eau (pour les jacinthes) toutes les quelques semaines pour vous assurer que le terreau est toujours humide.  <\/p>\n<p>J&rsquo;aime d\u00e9finir des alertes de calendrier pour chacun de mes pots, afin de savoir quand aller le r\u00e9cup\u00e9rer dans mon garage. \u00c0 ce moment-l\u00e0, vous devriez voir de petites pousses pour chacune des ampoules, et vous savez qu&rsquo;il est temps de les rentrer \u00e0 l&rsquo;int\u00e9rieur et de continuer \u00e0 forcer. Vos bulbes en pot voudront rester autour de soixante-cinq degr\u00e9s pour cette partie, et vous voudrez toujours v\u00e9rifier l&rsquo;humidit\u00e9 du terreau. <\/p>\n<p><strong>Combien de temps refroidir ces ampoules\u00a0:<\/strong><\/p>\n<ul>\n<li>\n<p>An\u00e9mone : 8 semaines<\/p>\n<\/li>\n<li>\n<p>Crocus : 8 semaines<\/p>\n<\/li>\n<li>\n<p>Perce-neige : 10 semaines<\/p>\n<\/li>\n<li>\n<p>Jacinthe : 12 semaines<\/p>\n<\/li>\n<li>\n<p>Iris nain : 10 semaines<\/p>\n<\/li>\n<li>\n<p>Jonquilles : 15 semaines<\/p>\n<\/li>\n<li>\n<p>Narcisse : 15 semaines<\/p>\n<\/li>\n<li>\n<p>Tulipe : 14 semaines<\/p>\n<\/li>\n<\/ul>\n<p>La dur\u00e9e de la floraison varie selon la fleur, mais vous pouvez g\u00e9n\u00e9ralement vous attendre \u00e0 ce qu&rsquo;elle fleurisse pendant quelques semaines.<\/p>\n<h2 id=\"how-to-care-for-spent-bulbs\">Comment prendre soin des ampoules usag\u00e9es<\/h2>\n<p>Lorsque ces bulbes fleurissent, ce sont des fleurs simples, vous ne voulez donc pas les couper. Si vous le faites, ils ne repousseront pas. Une fois que les fleurs commencent \u00e0 mourir, vous pouvez essayer de planter les bulbes \u00e0 l\u2019ext\u00e9rieur, mais j\u2019ai g\u00e9n\u00e9ralement eu peu de chance avec cela, car les bulbes peuvent \u00eatre capricieux. Si vous souhaitez l&rsquo;essayer, coupez la tige de la fleur au-dessus des feuilles, mais vous devez laisser les feuilles. C\u2019est l\u00e0 que sont stock\u00e9s tous les nutriments du bulbe. Laissez la terre dans le pot s\u00e9cher compl\u00e8tement. D\u00e9poussi\u00e9rez les bulbes s\u00e9ch\u00e9s et conservez-les jusqu&rsquo;\u00e0 l&rsquo;automne dans un endroit frais et sec. Vous pourrez les planter \u00e0 l\u2019ext\u00e9rieur une fois l\u2019\u00e9t\u00e9 termin\u00e9. <\/p>\n","protected":false},"excerpt":{"rendered":"<p>L\u2019id\u00e9e est simple et vous n\u2019avez pas besoin d\u2019\u00eatre un jardinier chevronn\u00e9 pour y parvenir. La meilleure partie du printemps, c\u2019est lorsque tous les bulbes<\/p>\n","protected":false},"author":1,"featured_media":1462,"comment_status":"","ping_status":"","sticky":false,"template":"","format":"standard","meta":{"footnotes":""},"categories":[40],"tags":[276,216,44,29,127,200,1942,464,2046,2048,2047],"class_list":["post-1461","post","type-post","status-publish","format-standard","has-post-thumbnail","hentry","category-maison","tag-autres","tag-cet","tag-comment","tag-des","tag-faire","tag-fleurs","tag-hiver","tag-linterieur","tag-pousser","tag-printanieres","tag-tulipes","generate-columns","tablet-grid-50","mobile-grid-100","grid-parent","grid-33"],"yoast_head":"<!-- This site is optimized with the Yoast SEO plugin v24.0 - https:\/\/yoast.com\/wordpress\/plugins\/seo\/ -->\n<title>Comment faire pousser des tulipes et autres fleurs printani\u00e8res \u00e0 l\u2019int\u00e9rieur cet hiver | Vie Associative<\/title>\n<meta name=\"robots\" content=\"index, follow, max-snippet:-1, max-image-preview:large, max-video-preview:-1\" \/>\n<link rel=\"canonical\" href=\"https:\/\/vieassociative.be\/actualites\/comment-faire-pousser-des-tulipes-et-autres-fleurs-printanieres-a-linterieur-cet-hiver\/\" \/>\n<meta property=\"og:locale\" content=\"fr_FR\" \/>\n<meta property=\"og:type\" content=\"article\" \/>\n<meta property=\"og:title\" content=\"Comment faire pousser des tulipes et autres fleurs printani\u00e8res \u00e0 l\u2019int\u00e9rieur cet hiver | Vie Associative\" \/>\n<meta property=\"og:description\" content=\"L\u2019id\u00e9e est simple et vous n\u2019avez pas besoin d\u2019\u00eatre un jardinier chevronn\u00e9 pour y parvenir. La meilleure partie du printemps, c\u2019est lorsque tous les bulbes\" \/>\n<meta property=\"og:url\" content=\"https:\/\/vieassociative.be\/actualites\/comment-faire-pousser-des-tulipes-et-autres-fleurs-printanieres-a-linterieur-cet-hiver\/\" \/>\n<meta property=\"og:site_name\" content=\"Vie Associative\" \/>\n<meta property=\"article:published_time\" content=\"2024-10-21T01:17:46+00:00\" \/>\n<meta property=\"og:image\" content=\"https:\/\/vieassociative.be\/actualites\/wp-content\/uploads\/2024\/09\/header_backgroundk-01-e1726694325946.png\" \/>\n\t<meta property=\"og:image:width\" content=\"279\" \/>\n\t<meta property=\"og:image:height\" content=\"92\" \/>\n\t<meta property=\"og:image:type\" content=\"image\/png\" \/>\n<meta name=\"author\" content=\"Julien\" \/>\n<meta name=\"twitter:card\" content=\"summary_large_image\" \/>\n<meta name=\"twitter:label1\" content=\"\u00c9crit par\" \/>\n\t<meta name=\"twitter:data1\" content=\"Julien\" \/>\n\t<meta name=\"twitter:label2\" content=\"Dur\u00e9e de lecture est.\" \/>\n\t<meta name=\"twitter:data2\" content=\"6 minutes\" \/>\n<script type=\"application\/ld+json\" class=\"yoast-schema-graph\">{\"@context\":\"https:\/\/schema.org\",\"@graph\":[{\"@type\":\"Article\",\"@id\":\"https:\/\/vieassociative.be\/actualites\/comment-faire-pousser-des-tulipes-et-autres-fleurs-printanieres-a-linterieur-cet-hiver\/#article\",\"isPartOf\":{\"@id\":\"https:\/\/vieassociative.be\/actualites\/comment-faire-pousser-des-tulipes-et-autres-fleurs-printanieres-a-linterieur-cet-hiver\/\"},\"author\":{\"name\":\"Julien\",\"@id\":\"https:\/\/vieassociative.be\/actualites\/#\/schema\/person\/b87ac4f82f9d4e7b7cec7395b679edc4\"},\"headline\":\"Comment faire pousser des tulipes et autres fleurs printani\u00e8res \u00e0 l\u2019int\u00e9rieur cet hiver\",\"datePublished\":\"2024-10-21T01:17:46+00:00\",\"dateModified\":\"2024-10-21T01:17:46+00:00\",\"mainEntityOfPage\":{\"@id\":\"https:\/\/vieassociative.be\/actualites\/comment-faire-pousser-des-tulipes-et-autres-fleurs-printanieres-a-linterieur-cet-hiver\/\"},\"wordCount\":1184,\"publisher\":{\"@id\":\"https:\/\/vieassociative.be\/actualites\/#organization\"},\"image\":{\"@id\":\"https:\/\/vieassociative.be\/actualites\/comment-faire-pousser-des-tulipes-et-autres-fleurs-printanieres-a-linterieur-cet-hiver\/#primaryimage\"},\"thumbnailUrl\":\"https:\/\/vieassociative.be\/actualites\/wp-content\/uploads\/2024\/10\/Comment-faire-pousser-des-tulipes-et-autres-fleurs-printanieres-a.png\",\"keywords\":[\"autres\",\"cet\",\"Comment\",\"Des\",\"faire\",\"fleurs\",\"hiver\",\"lint\u00e9rieur\",\"pousser\",\"printani\u00e8res\",\"tulipes\"],\"articleSection\":[\"Maison\"],\"inLanguage\":\"fr-BE\"},{\"@type\":\"WebPage\",\"@id\":\"https:\/\/vieassociative.be\/actualites\/comment-faire-pousser-des-tulipes-et-autres-fleurs-printanieres-a-linterieur-cet-hiver\/\",\"url\":\"https:\/\/vieassociative.be\/actualites\/comment-faire-pousser-des-tulipes-et-autres-fleurs-printanieres-a-linterieur-cet-hiver\/\",\"name\":\"Comment faire pousser des tulipes et autres fleurs printani\u00e8res \u00e0 l\u2019int\u00e9rieur cet hiver | Vie Associative\",\"isPartOf\":{\"@id\":\"https:\/\/vieassociative.be\/actualites\/#website\"},\"primaryImageOfPage\":{\"@id\":\"https:\/\/vieassociative.be\/actualites\/comment-faire-pousser-des-tulipes-et-autres-fleurs-printanieres-a-linterieur-cet-hiver\/#primaryimage\"},\"image\":{\"@id\":\"https:\/\/vieassociative.be\/actualites\/comment-faire-pousser-des-tulipes-et-autres-fleurs-printanieres-a-linterieur-cet-hiver\/#primaryimage\"},\"thumbnailUrl\":\"https:\/\/vieassociative.be\/actualites\/wp-content\/uploads\/2024\/10\/Comment-faire-pousser-des-tulipes-et-autres-fleurs-printanieres-a.png\",\"datePublished\":\"2024-10-21T01:17:46+00:00\",\"dateModified\":\"2024-10-21T01:17:46+00:00\",\"breadcrumb\":{\"@id\":\"https:\/\/vieassociative.be\/actualites\/comment-faire-pousser-des-tulipes-et-autres-fleurs-printanieres-a-linterieur-cet-hiver\/#breadcrumb\"},\"inLanguage\":\"fr-BE\",\"potentialAction\":[{\"@type\":\"ReadAction\",\"target\":[\"https:\/\/vieassociative.be\/actualites\/comment-faire-pousser-des-tulipes-et-autres-fleurs-printanieres-a-linterieur-cet-hiver\/\"]}]},{\"@type\":\"ImageObject\",\"inLanguage\":\"fr-BE\",\"@id\":\"https:\/\/vieassociative.be\/actualites\/comment-faire-pousser-des-tulipes-et-autres-fleurs-printanieres-a-linterieur-cet-hiver\/#primaryimage\",\"url\":\"https:\/\/vieassociative.be\/actualites\/wp-content\/uploads\/2024\/10\/Comment-faire-pousser-des-tulipes-et-autres-fleurs-printanieres-a.png\",\"contentUrl\":\"https:\/\/vieassociative.be\/actualites\/wp-content\/uploads\/2024\/10\/Comment-faire-pousser-des-tulipes-et-autres-fleurs-printanieres-a.png\",\"width\":1200,\"height\":675,\"caption\":\"Comment faire pousser des tulipes et autres fleurs printani\u00e8res \u00e0 l\u2019int\u00e9rieur cet hiver\"},{\"@type\":\"BreadcrumbList\",\"@id\":\"https:\/\/vieassociative.be\/actualites\/comment-faire-pousser-des-tulipes-et-autres-fleurs-printanieres-a-linterieur-cet-hiver\/#breadcrumb\",\"itemListElement\":[{\"@type\":\"ListItem\",\"position\":1,\"name\":\"Accueil\",\"item\":\"https:\/\/vieassociative.be\/actualites\/\"},{\"@type\":\"ListItem\",\"position\":2,\"name\":\"Comment faire pousser des tulipes et autres fleurs printani\u00e8res \u00e0 l\u2019int\u00e9rieur cet hiver\"}]},{\"@type\":\"WebSite\",\"@id\":\"https:\/\/vieassociative.be\/actualites\/#website\",\"url\":\"https:\/\/vieassociative.be\/actualites\/\",\"name\":\"Vie Associative\",\"description\":\"\",\"publisher\":{\"@id\":\"https:\/\/vieassociative.be\/actualites\/#organization\"},\"potentialAction\":[{\"@type\":\"SearchAction\",\"target\":{\"@type\":\"EntryPoint\",\"urlTemplate\":\"https:\/\/vieassociative.be\/actualites\/?s={search_term_string}\"},\"query-input\":{\"@type\":\"PropertyValueSpecification\",\"valueRequired\":true,\"valueName\":\"search_term_string\"}}],\"inLanguage\":\"fr-BE\"},{\"@type\":\"Organization\",\"@id\":\"https:\/\/vieassociative.be\/actualites\/#organization\",\"name\":\"Vie Associative\",\"url\":\"https:\/\/vieassociative.be\/actualites\/\",\"logo\":{\"@type\":\"ImageObject\",\"inLanguage\":\"fr-BE\",\"@id\":\"https:\/\/vieassociative.be\/actualites\/#\/schema\/logo\/image\/\",\"url\":\"https:\/\/vieassociative.be\/actualites\/wp-content\/uploads\/2024\/09\/cropped-vieassociative_favicon.ico.png\",\"contentUrl\":\"https:\/\/vieassociative.be\/actualites\/wp-content\/uploads\/2024\/09\/cropped-vieassociative_favicon.ico.png\",\"width\":512,\"height\":512,\"caption\":\"Vie Associative\"},\"image\":{\"@id\":\"https:\/\/vieassociative.be\/actualites\/#\/schema\/logo\/image\/\"}},{\"@type\":\"Person\",\"@id\":\"https:\/\/vieassociative.be\/actualites\/#\/schema\/person\/b87ac4f82f9d4e7b7cec7395b679edc4\",\"name\":\"Julien\",\"image\":{\"@type\":\"ImageObject\",\"inLanguage\":\"fr-BE\",\"@id\":\"https:\/\/vieassociative.be\/actualites\/#\/schema\/person\/image\/\",\"url\":\"https:\/\/vieassociative.be\/actualites\/wp-content\/uploads\/2024\/09\/vie-associative-1-150x150.jpg\",\"contentUrl\":\"https:\/\/vieassociative.be\/actualites\/wp-content\/uploads\/2024\/09\/vie-associative-1-150x150.jpg\",\"caption\":\"Julien\"},\"description\":\"Je suis Julien, r\u00e9dacteur pour Vie Associative. Passionn\u00e9 par le monde associatif depuis plus de 10 ans, j'ai \u00e0 c\u0153ur de partager des histoires inspirantes et de mettre en lumi\u00e8re les initiatives locales. Mon objectif est de sensibiliser et d'encourager l'engagement communautaire \u00e0 travers mes articles.\",\"sameAs\":[\"https:\/\/vieassociative.be\/\"]}]}<\/script>\n<!-- \/ Yoast SEO plugin. -->","yoast_head_json":{"title":"Comment faire pousser des tulipes et autres fleurs printani\u00e8res \u00e0 l\u2019int\u00e9rieur cet hiver | Vie Associative","robots":{"index":"index","follow":"follow","max-snippet":"max-snippet:-1","max-image-preview":"max-image-preview:large","max-video-preview":"max-video-preview:-1"},"canonical":"https:\/\/vieassociative.be\/actualites\/comment-faire-pousser-des-tulipes-et-autres-fleurs-printanieres-a-linterieur-cet-hiver\/","og_locale":"fr_FR","og_type":"article","og_title":"Comment faire pousser des tulipes et autres fleurs printani\u00e8res \u00e0 l\u2019int\u00e9rieur cet hiver | Vie Associative","og_description":"L\u2019id\u00e9e est simple et vous n\u2019avez pas besoin d\u2019\u00eatre un jardinier chevronn\u00e9 pour y parvenir. La meilleure partie du printemps, c\u2019est lorsque tous les bulbes","og_url":"https:\/\/vieassociative.be\/actualites\/comment-faire-pousser-des-tulipes-et-autres-fleurs-printanieres-a-linterieur-cet-hiver\/","og_site_name":"Vie Associative","article_published_time":"2024-10-21T01:17:46+00:00","og_image":[{"width":279,"height":92,"url":"https:\/\/vieassociative.be\/actualites\/wp-content\/uploads\/2024\/09\/header_backgroundk-01-e1726694325946.png","type":"image\/png"}],"author":"Julien","twitter_card":"summary_large_image","twitter_misc":{"\u00c9crit par":"Julien","Dur\u00e9e de lecture est.":"6 minutes"},"schema":{"@context":"https:\/\/schema.org","@graph":[{"@type":"Article","@id":"https:\/\/vieassociative.be\/actualites\/comment-faire-pousser-des-tulipes-et-autres-fleurs-printanieres-a-linterieur-cet-hiver\/#article","isPartOf":{"@id":"https:\/\/vieassociative.be\/actualites\/comment-faire-pousser-des-tulipes-et-autres-fleurs-printanieres-a-linterieur-cet-hiver\/"},"author":{"name":"Julien","@id":"https:\/\/vieassociative.be\/actualites\/#\/schema\/person\/b87ac4f82f9d4e7b7cec7395b679edc4"},"headline":"Comment faire pousser des tulipes et autres fleurs printani\u00e8res \u00e0 l\u2019int\u00e9rieur cet hiver","datePublished":"2024-10-21T01:17:46+00:00","dateModified":"2024-10-21T01:17:46+00:00","mainEntityOfPage":{"@id":"https:\/\/vieassociative.be\/actualites\/comment-faire-pousser-des-tulipes-et-autres-fleurs-printanieres-a-linterieur-cet-hiver\/"},"wordCount":1184,"publisher":{"@id":"https:\/\/vieassociative.be\/actualites\/#organization"},"image":{"@id":"https:\/\/vieassociative.be\/actualites\/comment-faire-pousser-des-tulipes-et-autres-fleurs-printanieres-a-linterieur-cet-hiver\/#primaryimage"},"thumbnailUrl":"https:\/\/vieassociative.be\/actualites\/wp-content\/uploads\/2024\/10\/Comment-faire-pousser-des-tulipes-et-autres-fleurs-printanieres-a.png","keywords":["autres","cet","Comment","Des","faire","fleurs","hiver","lint\u00e9rieur","pousser","printani\u00e8res","tulipes"],"articleSection":["Maison"],"inLanguage":"fr-BE"},{"@type":"WebPage","@id":"https:\/\/vieassociative.be\/actualites\/comment-faire-pousser-des-tulipes-et-autres-fleurs-printanieres-a-linterieur-cet-hiver\/","url":"https:\/\/vieassociative.be\/actualites\/comment-faire-pousser-des-tulipes-et-autres-fleurs-printanieres-a-linterieur-cet-hiver\/","name":"Comment faire pousser des tulipes et autres fleurs printani\u00e8res \u00e0 l\u2019int\u00e9rieur cet hiver | Vie Associative","isPartOf":{"@id":"https:\/\/vieassociative.be\/actualites\/#website"},"primaryImageOfPage":{"@id":"https:\/\/vieassociative.be\/actualites\/comment-faire-pousser-des-tulipes-et-autres-fleurs-printanieres-a-linterieur-cet-hiver\/#primaryimage"},"image":{"@id":"https:\/\/vieassociative.be\/actualites\/comment-faire-pousser-des-tulipes-et-autres-fleurs-printanieres-a-linterieur-cet-hiver\/#primaryimage"},"thumbnailUrl":"https:\/\/vieassociative.be\/actualites\/wp-content\/uploads\/2024\/10\/Comment-faire-pousser-des-tulipes-et-autres-fleurs-printanieres-a.png","datePublished":"2024-10-21T01:17:46+00:00","dateModified":"2024-10-21T01:17:46+00:00","breadcrumb":{"@id":"https:\/\/vieassociative.be\/actualites\/comment-faire-pousser-des-tulipes-et-autres-fleurs-printanieres-a-linterieur-cet-hiver\/#breadcrumb"},"inLanguage":"fr-BE","potentialAction":[{"@type":"ReadAction","target":["https:\/\/vieassociative.be\/actualites\/comment-faire-pousser-des-tulipes-et-autres-fleurs-printanieres-a-linterieur-cet-hiver\/"]}]},{"@type":"ImageObject","inLanguage":"fr-BE","@id":"https:\/\/vieassociative.be\/actualites\/comment-faire-pousser-des-tulipes-et-autres-fleurs-printanieres-a-linterieur-cet-hiver\/#primaryimage","url":"https:\/\/vieassociative.be\/actualites\/wp-content\/uploads\/2024\/10\/Comment-faire-pousser-des-tulipes-et-autres-fleurs-printanieres-a.png","contentUrl":"https:\/\/vieassociative.be\/actualites\/wp-content\/uploads\/2024\/10\/Comment-faire-pousser-des-tulipes-et-autres-fleurs-printanieres-a.png","width":1200,"height":675,"caption":"Comment faire pousser des tulipes et autres fleurs printani\u00e8res \u00e0 l\u2019int\u00e9rieur cet hiver"},{"@type":"BreadcrumbList","@id":"https:\/\/vieassociative.be\/actualites\/comment-faire-pousser-des-tulipes-et-autres-fleurs-printanieres-a-linterieur-cet-hiver\/#breadcrumb","itemListElement":[{"@type":"ListItem","position":1,"name":"Accueil","item":"https:\/\/vieassociative.be\/actualites\/"},{"@type":"ListItem","position":2,"name":"Comment faire pousser des tulipes et autres fleurs printani\u00e8res \u00e0 l\u2019int\u00e9rieur cet hiver"}]},{"@type":"WebSite","@id":"https:\/\/vieassociative.be\/actualites\/#website","url":"https:\/\/vieassociative.be\/actualites\/","name":"Vie Associative","description":"","publisher":{"@id":"https:\/\/vieassociative.be\/actualites\/#organization"},"potentialAction":[{"@type":"SearchAction","target":{"@type":"EntryPoint","urlTemplate":"https:\/\/vieassociative.be\/actualites\/?s={search_term_string}"},"query-input":{"@type":"PropertyValueSpecification","valueRequired":true,"valueName":"search_term_string"}}],"inLanguage":"fr-BE"},{"@type":"Organization","@id":"https:\/\/vieassociative.be\/actualites\/#organization","name":"Vie Associative","url":"https:\/\/vieassociative.be\/actualites\/","logo":{"@type":"ImageObject","inLanguage":"fr-BE","@id":"https:\/\/vieassociative.be\/actualites\/#\/schema\/logo\/image\/","url":"https:\/\/vieassociative.be\/actualites\/wp-content\/uploads\/2024\/09\/cropped-vieassociative_favicon.ico.png","contentUrl":"https:\/\/vieassociative.be\/actualites\/wp-content\/uploads\/2024\/09\/cropped-vieassociative_favicon.ico.png","width":512,"height":512,"caption":"Vie Associative"},"image":{"@id":"https:\/\/vieassociative.be\/actualites\/#\/schema\/logo\/image\/"}},{"@type":"Person","@id":"https:\/\/vieassociative.be\/actualites\/#\/schema\/person\/b87ac4f82f9d4e7b7cec7395b679edc4","name":"Julien","image":{"@type":"ImageObject","inLanguage":"fr-BE","@id":"https:\/\/vieassociative.be\/actualites\/#\/schema\/person\/image\/","url":"https:\/\/vieassociative.be\/actualites\/wp-content\/uploads\/2024\/09\/vie-associative-1-150x150.jpg","contentUrl":"https:\/\/vieassociative.be\/actualites\/wp-content\/uploads\/2024\/09\/vie-associative-1-150x150.jpg","caption":"Julien"},"description":"Je suis Julien, r\u00e9dacteur pour Vie Associative. Passionn\u00e9 par le monde associatif depuis plus de 10 ans, j'ai \u00e0 c\u0153ur de partager des histoires inspirantes et de mettre en lumi\u00e8re les initiatives locales. Mon objectif est de sensibiliser et d'encourager l'engagement communautaire \u00e0 travers mes articles.","sameAs":["https:\/\/vieassociative.be\/"]}]}},"_links":{"self":[{"href":"https:\/\/vieassociative.be\/actualites\/wp-json\/wp\/v2\/posts\/1461"}],"collection":[{"href":"https:\/\/vieassociative.be\/actualites\/wp-json\/wp\/v2\/posts"}],"about":[{"href":"https:\/\/vieassociative.be\/actualites\/wp-json\/wp\/v2\/types\/post"}],"author":[{"embeddable":true,"href":"https:\/\/vieassociative.be\/actualites\/wp-json\/wp\/v2\/users\/1"}],"replies":[{"embeddable":true,"href":"https:\/\/vieassociative.be\/actualites\/wp-json\/wp\/v2\/comments?post=1461"}],"version-history":[{"count":0,"href":"https:\/\/vieassociative.be\/actualites\/wp-json\/wp\/v2\/posts\/1461\/revisions"}],"wp:featuredmedia":[{"embeddable":true,"href":"https:\/\/vieassociative.be\/actualites\/wp-json\/wp\/v2\/media\/1462"}],"wp:attachment":[{"href":"https:\/\/vieassociative.be\/actualites\/wp-json\/wp\/v2\/media?parent=1461"}],"wp:term":[{"taxonomy":"category","embeddable":true,"href":"https:\/\/vieassociative.be\/actualites\/wp-json\/wp\/v2\/categories?post=1461"},{"taxonomy":"post_tag","embeddable":true,"href":"https:\/\/vieassociative.be\/actualites\/wp-json\/wp\/v2\/tags?post=1461"}],"curies":[{"name":"wp","href":"https:\/\/api.w.org\/{rel}","templated":true}]}}