{"id":1457,"date":"2024-10-21T01:19:51","date_gmt":"2024-10-20T23:19:51","guid":{"rendered":"https:\/\/vieassociative.be\/actualites\/vous-devriez-acheter-a-votre-chien-un-ensemble-de-chaussons-dete\/"},"modified":"2024-10-21T01:19:51","modified_gmt":"2024-10-20T23:19:51","slug":"vous-devriez-acheter-a-votre-chien-un-ensemble-de-chaussons-dete","status":"publish","type":"post","link":"https:\/\/vieassociative.be\/actualites\/vous-devriez-acheter-a-votre-chien-un-ensemble-de-chaussons-dete\/","title":{"rendered":"Vous devriez acheter \u00e0 votre chien un ensemble de chaussons d\u2019\u00e9t\u00e9"},"content":{"rendered":"<div class=\"mt-4 leading-6 md:mb-8\">Il fait chaud dehors et les pieds de votre chien pourraient ressentir une br\u00fblure. Les bottillons peuvent aider.<\/div>\n<p><\/p>\n<p>Si vous \u00eates propri\u00e9taire d&rsquo;un chien dans une r\u00e9gion aux hivers froids ou enneig\u00e9s, vous avez probablement l&rsquo;habitude d&rsquo;enfiler votre chiot dans une paire de chaussons pour chien pour prot\u00e9ger ses pattes du froid, de la glace et du sel. Mais ces pattes ont \u00e9galement besoin d\u2019\u00eatre prot\u00e9g\u00e9es des chauss\u00e9es br\u00fblantes de l\u2019\u00e9t\u00e9. Consid\u00e9rez le fait que juillet 2023 a d\u00e9j\u00e0 marqu\u00e9 plusieurs des journ\u00e9es les plus chaudes jamais enregistr\u00e9es dans le monde, et offrez-en \u00e0 ce bon gar\u00e7on <a rel=\"nofollow noopener\" href=\"https:\/\/twitter.com\/joelevard\/status\/1539723565523763201?lang=en\" target=\"_blank\" title=\"open in a new window\">chaussures de chien<\/a>.<\/p>\n<h2 id=\"why-your-dog-needs-booties-in-hot-weather-too\">Pourquoi votre chien a aussi besoin de chaussons par temps chaud<\/h2>\n<p>L&rsquo;utilisateur de Reddit u\/RealSimplexity a publi\u00e9 ce message d&rsquo;int\u00e9r\u00eat public \u00e0 l&rsquo;intention des propri\u00e9taires d&rsquo;animaux qui portent tr\u00e8s probablement eux-m\u00eames des chaussures lors de ces chaudes promenades estivales et qui peuvent oublier que les pattes peuvent br\u00fbler tout comme les pieds\u00a0:<\/p>\n<blockquote>\n<p>Alors que je passais devant un d\u00e9panneur aujourd&rsquo;hui, j&rsquo;ai rep\u00e9r\u00e9 un pauvre chiot qui essayait de tout son c\u0153ur de garder ses pieds hors du trottoir en feu. La plupart des gens n\u2019y pensent pas directement, mais les coussinets des animaux br\u00fblent sur des surfaces chaudes comme la v\u00f4tre. (Surtout pendant les \u00e9t\u00e9s chauds.) Normalement, si cela vous br\u00fble, cela les br\u00fblera. Vous pouvez acheter des bottines assez bon march\u00e9 en ligne et \u00e9pargner du chagrin \u00e0 vos amis \u00e0 quatre pattes\u00a0!<\/p>\n<\/blockquote>\n<hr>\n<p><strong>Prot\u00e9gez les pattes de votre chiot avec ces chaussons\u00a0:<\/strong><\/p>\n<ul>\n<li>\n<p>Meilleurs chaussons : Ruffwear, Grip Trex Dog Boots <strong>40\u00a0$<\/strong><\/p>\n<\/li>\n<li>\n<p>Meilleurs chaussons pour chauss\u00e9e chaude : Bottes pour chiens Canada Pooch pour chauss\u00e9e chaude <strong>50\u00a0$ \u00e0 60\u00a0$<\/strong><\/p>\n<\/li>\n<li>\n<p>Meilleure option \u00e9conomique : QUMY 2PCS Chaussures pour petits chiens pour chauss\u00e9e chaude <strong>11\u00a0$<\/strong><\/p>\n<\/li>\n<\/ul>\n<hr>\n<h2 id=\"apply-the-seven-second-rule\">Appliquer la r\u00e8gle des sept secondes <\/h2>\n<p>VetsNow, un service v\u00e9t\u00e9rinaire d&rsquo;urgence au Royaume-Uni, sugg\u00e8re aux propri\u00e9taires de chiens d&rsquo;utiliser la \u00ab r\u00e8gle des sept secondes \u00bb pour d\u00e9terminer si le trottoir est sans danger pour les orteils de leur chien. Placez simplement le dos de votre main sur la surface du trottoir pendant sept secondes. Si vous avez du mal \u00e0 le maintenir, il fait trop chaud. Ou bien, marchez dessus pieds nus pendant quelques secondes et voyez \u00e0 quelle vitesse vous commencez \u00e0 sauter d&rsquo;un pied \u00e0 l&rsquo;autre. (De plus, si vous voulez voir \u00e0 quoi ressemble la patte br\u00fbl\u00e9e d&rsquo;un chien, cliquez sur l&rsquo;article de VetsNow. Si je n&rsquo;\u00e9tais pas d\u00e9j\u00e0 convaincu, cette photo l&rsquo;aurait fait pour moi.)<\/p>\n<p>Si votre chien a les pattes s\u00e8ches \u00e0 cause des intemp\u00e9ries, u\/vollkoemmenes sugg\u00e8re d&rsquo;appliquer un baume pour les pattes sur ses coussinets, ce qui aidera \u00e0 les hydrater et \u00e0 les prot\u00e9ger.<\/p>\n<p><script async src=\"https:\/\/platform.twitter.com\/widgets.js\" charset=\"utf-8\"><\/script><\/p>\n","protected":false},"excerpt":{"rendered":"<p>Il fait chaud dehors et les pieds de votre chien pourraient ressentir une br\u00fblure. Les bottillons peuvent aider. Si vous \u00eates propri\u00e9taire d&rsquo;un chien dans<\/p>\n","protected":false},"author":1,"featured_media":1458,"comment_status":"","ping_status":"","sticky":false,"template":"","format":"standard","meta":{"footnotes":""},"categories":[37],"tags":[428,2044,91,122,636,1921,8,4],"class_list":["post-1457","post","type-post","status-publish","format-standard","has-post-thumbnail","hentry","category-famille","tag-acheter","tag-chaussons","tag-chien","tag-dete","tag-devriez","tag-ensemble","tag-votre","tag-vous","generate-columns","tablet-grid-50","mobile-grid-100","grid-parent","grid-33"],"yoast_head":"<!-- This site is optimized with the Yoast SEO plugin v24.0 - https:\/\/yoast.com\/wordpress\/plugins\/seo\/ -->\n<title>Vous devriez acheter \u00e0 votre chien un ensemble de chaussons d\u2019\u00e9t\u00e9 | Vie Associative<\/title>\n<meta name=\"robots\" content=\"index, follow, max-snippet:-1, max-image-preview:large, max-video-preview:-1\" \/>\n<link rel=\"canonical\" href=\"https:\/\/vieassociative.be\/actualites\/vous-devriez-acheter-a-votre-chien-un-ensemble-de-chaussons-dete\/\" \/>\n<meta property=\"og:locale\" content=\"fr_FR\" \/>\n<meta property=\"og:type\" content=\"article\" \/>\n<meta property=\"og:title\" content=\"Vous devriez acheter \u00e0 votre chien un ensemble de chaussons d\u2019\u00e9t\u00e9 | Vie Associative\" \/>\n<meta property=\"og:description\" content=\"Il fait chaud dehors et les pieds de votre chien pourraient ressentir une br\u00fblure. Les bottillons peuvent aider. Si vous \u00eates propri\u00e9taire d&rsquo;un chien dans\" \/>\n<meta property=\"og:url\" content=\"https:\/\/vieassociative.be\/actualites\/vous-devriez-acheter-a-votre-chien-un-ensemble-de-chaussons-dete\/\" \/>\n<meta property=\"og:site_name\" content=\"Vie Associative\" \/>\n<meta property=\"article:published_time\" content=\"2024-10-20T23:19:51+00:00\" \/>\n<meta property=\"og:image\" content=\"https:\/\/vieassociative.be\/actualites\/wp-content\/uploads\/2024\/09\/header_backgroundk-01-e1726694325946.png\" \/>\n\t<meta property=\"og:image:width\" content=\"279\" \/>\n\t<meta property=\"og:image:height\" content=\"92\" \/>\n\t<meta property=\"og:image:type\" content=\"image\/png\" \/>\n<meta name=\"author\" content=\"Julien\" \/>\n<meta name=\"twitter:card\" content=\"summary_large_image\" \/>\n<meta name=\"twitter:label1\" content=\"\u00c9crit par\" \/>\n\t<meta name=\"twitter:data1\" content=\"Julien\" \/>\n\t<meta name=\"twitter:label2\" content=\"Dur\u00e9e de lecture est.\" \/>\n\t<meta name=\"twitter:data2\" content=\"2 minutes\" \/>\n<script type=\"application\/ld+json\" class=\"yoast-schema-graph\">{\"@context\":\"https:\/\/schema.org\",\"@graph\":[{\"@type\":\"Article\",\"@id\":\"https:\/\/vieassociative.be\/actualites\/vous-devriez-acheter-a-votre-chien-un-ensemble-de-chaussons-dete\/#article\",\"isPartOf\":{\"@id\":\"https:\/\/vieassociative.be\/actualites\/vous-devriez-acheter-a-votre-chien-un-ensemble-de-chaussons-dete\/\"},\"author\":{\"name\":\"Julien\",\"@id\":\"https:\/\/vieassociative.be\/actualites\/#\/schema\/person\/b87ac4f82f9d4e7b7cec7395b679edc4\"},\"headline\":\"Vous devriez acheter \u00e0 votre chien un ensemble de chaussons d\u2019\u00e9t\u00e9\",\"datePublished\":\"2024-10-20T23:19:51+00:00\",\"dateModified\":\"2024-10-20T23:19:51+00:00\",\"mainEntityOfPage\":{\"@id\":\"https:\/\/vieassociative.be\/actualites\/vous-devriez-acheter-a-votre-chien-un-ensemble-de-chaussons-dete\/\"},\"wordCount\":492,\"publisher\":{\"@id\":\"https:\/\/vieassociative.be\/actualites\/#organization\"},\"image\":{\"@id\":\"https:\/\/vieassociative.be\/actualites\/vous-devriez-acheter-a-votre-chien-un-ensemble-de-chaussons-dete\/#primaryimage\"},\"thumbnailUrl\":\"https:\/\/vieassociative.be\/actualites\/wp-content\/uploads\/2024\/10\/Vous-devriez-acheter-a-votre-chien-un-ensemble-de-chaussons.jpg\",\"keywords\":[\"acheter\",\"chaussons\",\"chien\",\"d\u00e9t\u00e9\",\"devriez\",\"ensemble\",\"votre\",\"Vous\"],\"articleSection\":[\"Famille\"],\"inLanguage\":\"fr-BE\"},{\"@type\":\"WebPage\",\"@id\":\"https:\/\/vieassociative.be\/actualites\/vous-devriez-acheter-a-votre-chien-un-ensemble-de-chaussons-dete\/\",\"url\":\"https:\/\/vieassociative.be\/actualites\/vous-devriez-acheter-a-votre-chien-un-ensemble-de-chaussons-dete\/\",\"name\":\"Vous devriez acheter \u00e0 votre chien un ensemble de chaussons d\u2019\u00e9t\u00e9 | Vie Associative\",\"isPartOf\":{\"@id\":\"https:\/\/vieassociative.be\/actualites\/#website\"},\"primaryImageOfPage\":{\"@id\":\"https:\/\/vieassociative.be\/actualites\/vous-devriez-acheter-a-votre-chien-un-ensemble-de-chaussons-dete\/#primaryimage\"},\"image\":{\"@id\":\"https:\/\/vieassociative.be\/actualites\/vous-devriez-acheter-a-votre-chien-un-ensemble-de-chaussons-dete\/#primaryimage\"},\"thumbnailUrl\":\"https:\/\/vieassociative.be\/actualites\/wp-content\/uploads\/2024\/10\/Vous-devriez-acheter-a-votre-chien-un-ensemble-de-chaussons.jpg\",\"datePublished\":\"2024-10-20T23:19:51+00:00\",\"dateModified\":\"2024-10-20T23:19:51+00:00\",\"breadcrumb\":{\"@id\":\"https:\/\/vieassociative.be\/actualites\/vous-devriez-acheter-a-votre-chien-un-ensemble-de-chaussons-dete\/#breadcrumb\"},\"inLanguage\":\"fr-BE\",\"potentialAction\":[{\"@type\":\"ReadAction\",\"target\":[\"https:\/\/vieassociative.be\/actualites\/vous-devriez-acheter-a-votre-chien-un-ensemble-de-chaussons-dete\/\"]}]},{\"@type\":\"ImageObject\",\"inLanguage\":\"fr-BE\",\"@id\":\"https:\/\/vieassociative.be\/actualites\/vous-devriez-acheter-a-votre-chien-un-ensemble-de-chaussons-dete\/#primaryimage\",\"url\":\"https:\/\/vieassociative.be\/actualites\/wp-content\/uploads\/2024\/10\/Vous-devriez-acheter-a-votre-chien-un-ensemble-de-chaussons.jpg\",\"contentUrl\":\"https:\/\/vieassociative.be\/actualites\/wp-content\/uploads\/2024\/10\/Vous-devriez-acheter-a-votre-chien-un-ensemble-de-chaussons.jpg\",\"width\":1200,\"height\":675,\"caption\":\"Vous devriez acheter \u00e0 votre chien un ensemble de chaussons d\u2019\u00e9t\u00e9\"},{\"@type\":\"BreadcrumbList\",\"@id\":\"https:\/\/vieassociative.be\/actualites\/vous-devriez-acheter-a-votre-chien-un-ensemble-de-chaussons-dete\/#breadcrumb\",\"itemListElement\":[{\"@type\":\"ListItem\",\"position\":1,\"name\":\"Accueil\",\"item\":\"https:\/\/vieassociative.be\/actualites\/\"},{\"@type\":\"ListItem\",\"position\":2,\"name\":\"Vous devriez acheter \u00e0 votre chien un ensemble de chaussons d\u2019\u00e9t\u00e9\"}]},{\"@type\":\"WebSite\",\"@id\":\"https:\/\/vieassociative.be\/actualites\/#website\",\"url\":\"https:\/\/vieassociative.be\/actualites\/\",\"name\":\"Vie Associative\",\"description\":\"\",\"publisher\":{\"@id\":\"https:\/\/vieassociative.be\/actualites\/#organization\"},\"potentialAction\":[{\"@type\":\"SearchAction\",\"target\":{\"@type\":\"EntryPoint\",\"urlTemplate\":\"https:\/\/vieassociative.be\/actualites\/?s={search_term_string}\"},\"query-input\":{\"@type\":\"PropertyValueSpecification\",\"valueRequired\":true,\"valueName\":\"search_term_string\"}}],\"inLanguage\":\"fr-BE\"},{\"@type\":\"Organization\",\"@id\":\"https:\/\/vieassociative.be\/actualites\/#organization\",\"name\":\"Vie Associative\",\"url\":\"https:\/\/vieassociative.be\/actualites\/\",\"logo\":{\"@type\":\"ImageObject\",\"inLanguage\":\"fr-BE\",\"@id\":\"https:\/\/vieassociative.be\/actualites\/#\/schema\/logo\/image\/\",\"url\":\"https:\/\/vieassociative.be\/actualites\/wp-content\/uploads\/2024\/09\/cropped-vieassociative_favicon.ico.png\",\"contentUrl\":\"https:\/\/vieassociative.be\/actualites\/wp-content\/uploads\/2024\/09\/cropped-vieassociative_favicon.ico.png\",\"width\":512,\"height\":512,\"caption\":\"Vie Associative\"},\"image\":{\"@id\":\"https:\/\/vieassociative.be\/actualites\/#\/schema\/logo\/image\/\"}},{\"@type\":\"Person\",\"@id\":\"https:\/\/vieassociative.be\/actualites\/#\/schema\/person\/b87ac4f82f9d4e7b7cec7395b679edc4\",\"name\":\"Julien\",\"image\":{\"@type\":\"ImageObject\",\"inLanguage\":\"fr-BE\",\"@id\":\"https:\/\/vieassociative.be\/actualites\/#\/schema\/person\/image\/\",\"url\":\"https:\/\/vieassociative.be\/actualites\/wp-content\/uploads\/2024\/09\/vie-associative-1-150x150.jpg\",\"contentUrl\":\"https:\/\/vieassociative.be\/actualites\/wp-content\/uploads\/2024\/09\/vie-associative-1-150x150.jpg\",\"caption\":\"Julien\"},\"description\":\"Je suis Julien, r\u00e9dacteur pour Vie Associative. Passionn\u00e9 par le monde associatif depuis plus de 10 ans, j'ai \u00e0 c\u0153ur de partager des histoires inspirantes et de mettre en lumi\u00e8re les initiatives locales. Mon objectif est de sensibiliser et d'encourager l'engagement communautaire \u00e0 travers mes articles.\",\"sameAs\":[\"https:\/\/vieassociative.be\/\"]}]}<\/script>\n<!-- \/ Yoast SEO plugin. -->","yoast_head_json":{"title":"Vous devriez acheter \u00e0 votre chien un ensemble de chaussons d\u2019\u00e9t\u00e9 | Vie Associative","robots":{"index":"index","follow":"follow","max-snippet":"max-snippet:-1","max-image-preview":"max-image-preview:large","max-video-preview":"max-video-preview:-1"},"canonical":"https:\/\/vieassociative.be\/actualites\/vous-devriez-acheter-a-votre-chien-un-ensemble-de-chaussons-dete\/","og_locale":"fr_FR","og_type":"article","og_title":"Vous devriez acheter \u00e0 votre chien un ensemble de chaussons d\u2019\u00e9t\u00e9 | Vie Associative","og_description":"Il fait chaud dehors et les pieds de votre chien pourraient ressentir une br\u00fblure. Les bottillons peuvent aider. Si vous \u00eates propri\u00e9taire d&rsquo;un chien dans","og_url":"https:\/\/vieassociative.be\/actualites\/vous-devriez-acheter-a-votre-chien-un-ensemble-de-chaussons-dete\/","og_site_name":"Vie Associative","article_published_time":"2024-10-20T23:19:51+00:00","og_image":[{"width":279,"height":92,"url":"https:\/\/vieassociative.be\/actualites\/wp-content\/uploads\/2024\/09\/header_backgroundk-01-e1726694325946.png","type":"image\/png"}],"author":"Julien","twitter_card":"summary_large_image","twitter_misc":{"\u00c9crit par":"Julien","Dur\u00e9e de lecture est.":"2 minutes"},"schema":{"@context":"https:\/\/schema.org","@graph":[{"@type":"Article","@id":"https:\/\/vieassociative.be\/actualites\/vous-devriez-acheter-a-votre-chien-un-ensemble-de-chaussons-dete\/#article","isPartOf":{"@id":"https:\/\/vieassociative.be\/actualites\/vous-devriez-acheter-a-votre-chien-un-ensemble-de-chaussons-dete\/"},"author":{"name":"Julien","@id":"https:\/\/vieassociative.be\/actualites\/#\/schema\/person\/b87ac4f82f9d4e7b7cec7395b679edc4"},"headline":"Vous devriez acheter \u00e0 votre chien un ensemble de chaussons d\u2019\u00e9t\u00e9","datePublished":"2024-10-20T23:19:51+00:00","dateModified":"2024-10-20T23:19:51+00:00","mainEntityOfPage":{"@id":"https:\/\/vieassociative.be\/actualites\/vous-devriez-acheter-a-votre-chien-un-ensemble-de-chaussons-dete\/"},"wordCount":492,"publisher":{"@id":"https:\/\/vieassociative.be\/actualites\/#organization"},"image":{"@id":"https:\/\/vieassociative.be\/actualites\/vous-devriez-acheter-a-votre-chien-un-ensemble-de-chaussons-dete\/#primaryimage"},"thumbnailUrl":"https:\/\/vieassociative.be\/actualites\/wp-content\/uploads\/2024\/10\/Vous-devriez-acheter-a-votre-chien-un-ensemble-de-chaussons.jpg","keywords":["acheter","chaussons","chien","d\u00e9t\u00e9","devriez","ensemble","votre","Vous"],"articleSection":["Famille"],"inLanguage":"fr-BE"},{"@type":"WebPage","@id":"https:\/\/vieassociative.be\/actualites\/vous-devriez-acheter-a-votre-chien-un-ensemble-de-chaussons-dete\/","url":"https:\/\/vieassociative.be\/actualites\/vous-devriez-acheter-a-votre-chien-un-ensemble-de-chaussons-dete\/","name":"Vous devriez acheter \u00e0 votre chien un ensemble de chaussons d\u2019\u00e9t\u00e9 | Vie Associative","isPartOf":{"@id":"https:\/\/vieassociative.be\/actualites\/#website"},"primaryImageOfPage":{"@id":"https:\/\/vieassociative.be\/actualites\/vous-devriez-acheter-a-votre-chien-un-ensemble-de-chaussons-dete\/#primaryimage"},"image":{"@id":"https:\/\/vieassociative.be\/actualites\/vous-devriez-acheter-a-votre-chien-un-ensemble-de-chaussons-dete\/#primaryimage"},"thumbnailUrl":"https:\/\/vieassociative.be\/actualites\/wp-content\/uploads\/2024\/10\/Vous-devriez-acheter-a-votre-chien-un-ensemble-de-chaussons.jpg","datePublished":"2024-10-20T23:19:51+00:00","dateModified":"2024-10-20T23:19:51+00:00","breadcrumb":{"@id":"https:\/\/vieassociative.be\/actualites\/vous-devriez-acheter-a-votre-chien-un-ensemble-de-chaussons-dete\/#breadcrumb"},"inLanguage":"fr-BE","potentialAction":[{"@type":"ReadAction","target":["https:\/\/vieassociative.be\/actualites\/vous-devriez-acheter-a-votre-chien-un-ensemble-de-chaussons-dete\/"]}]},{"@type":"ImageObject","inLanguage":"fr-BE","@id":"https:\/\/vieassociative.be\/actualites\/vous-devriez-acheter-a-votre-chien-un-ensemble-de-chaussons-dete\/#primaryimage","url":"https:\/\/vieassociative.be\/actualites\/wp-content\/uploads\/2024\/10\/Vous-devriez-acheter-a-votre-chien-un-ensemble-de-chaussons.jpg","contentUrl":"https:\/\/vieassociative.be\/actualites\/wp-content\/uploads\/2024\/10\/Vous-devriez-acheter-a-votre-chien-un-ensemble-de-chaussons.jpg","width":1200,"height":675,"caption":"Vous devriez acheter \u00e0 votre chien un ensemble de chaussons d\u2019\u00e9t\u00e9"},{"@type":"BreadcrumbList","@id":"https:\/\/vieassociative.be\/actualites\/vous-devriez-acheter-a-votre-chien-un-ensemble-de-chaussons-dete\/#breadcrumb","itemListElement":[{"@type":"ListItem","position":1,"name":"Accueil","item":"https:\/\/vieassociative.be\/actualites\/"},{"@type":"ListItem","position":2,"name":"Vous devriez acheter \u00e0 votre chien un ensemble de chaussons d\u2019\u00e9t\u00e9"}]},{"@type":"WebSite","@id":"https:\/\/vieassociative.be\/actualites\/#website","url":"https:\/\/vieassociative.be\/actualites\/","name":"Vie Associative","description":"","publisher":{"@id":"https:\/\/vieassociative.be\/actualites\/#organization"},"potentialAction":[{"@type":"SearchAction","target":{"@type":"EntryPoint","urlTemplate":"https:\/\/vieassociative.be\/actualites\/?s={search_term_string}"},"query-input":{"@type":"PropertyValueSpecification","valueRequired":true,"valueName":"search_term_string"}}],"inLanguage":"fr-BE"},{"@type":"Organization","@id":"https:\/\/vieassociative.be\/actualites\/#organization","name":"Vie Associative","url":"https:\/\/vieassociative.be\/actualites\/","logo":{"@type":"ImageObject","inLanguage":"fr-BE","@id":"https:\/\/vieassociative.be\/actualites\/#\/schema\/logo\/image\/","url":"https:\/\/vieassociative.be\/actualites\/wp-content\/uploads\/2024\/09\/cropped-vieassociative_favicon.ico.png","contentUrl":"https:\/\/vieassociative.be\/actualites\/wp-content\/uploads\/2024\/09\/cropped-vieassociative_favicon.ico.png","width":512,"height":512,"caption":"Vie Associative"},"image":{"@id":"https:\/\/vieassociative.be\/actualites\/#\/schema\/logo\/image\/"}},{"@type":"Person","@id":"https:\/\/vieassociative.be\/actualites\/#\/schema\/person\/b87ac4f82f9d4e7b7cec7395b679edc4","name":"Julien","image":{"@type":"ImageObject","inLanguage":"fr-BE","@id":"https:\/\/vieassociative.be\/actualites\/#\/schema\/person\/image\/","url":"https:\/\/vieassociative.be\/actualites\/wp-content\/uploads\/2024\/09\/vie-associative-1-150x150.jpg","contentUrl":"https:\/\/vieassociative.be\/actualites\/wp-content\/uploads\/2024\/09\/vie-associative-1-150x150.jpg","caption":"Julien"},"description":"Je suis Julien, r\u00e9dacteur pour Vie Associative. Passionn\u00e9 par le monde associatif depuis plus de 10 ans, j'ai \u00e0 c\u0153ur de partager des histoires inspirantes et de mettre en lumi\u00e8re les initiatives locales. Mon objectif est de sensibiliser et d'encourager l'engagement communautaire \u00e0 travers mes articles.","sameAs":["https:\/\/vieassociative.be\/"]}]}},"_links":{"self":[{"href":"https:\/\/vieassociative.be\/actualites\/wp-json\/wp\/v2\/posts\/1457"}],"collection":[{"href":"https:\/\/vieassociative.be\/actualites\/wp-json\/wp\/v2\/posts"}],"about":[{"href":"https:\/\/vieassociative.be\/actualites\/wp-json\/wp\/v2\/types\/post"}],"author":[{"embeddable":true,"href":"https:\/\/vieassociative.be\/actualites\/wp-json\/wp\/v2\/users\/1"}],"replies":[{"embeddable":true,"href":"https:\/\/vieassociative.be\/actualites\/wp-json\/wp\/v2\/comments?post=1457"}],"version-history":[{"count":0,"href":"https:\/\/vieassociative.be\/actualites\/wp-json\/wp\/v2\/posts\/1457\/revisions"}],"wp:featuredmedia":[{"embeddable":true,"href":"https:\/\/vieassociative.be\/actualites\/wp-json\/wp\/v2\/media\/1458"}],"wp:attachment":[{"href":"https:\/\/vieassociative.be\/actualites\/wp-json\/wp\/v2\/media?parent=1457"}],"wp:term":[{"taxonomy":"category","embeddable":true,"href":"https:\/\/vieassociative.be\/actualites\/wp-json\/wp\/v2\/categories?post=1457"},{"taxonomy":"post_tag","embeddable":true,"href":"https:\/\/vieassociative.be\/actualites\/wp-json\/wp\/v2\/tags?post=1457"}],"curies":[{"name":"wp","href":"https:\/\/api.w.org\/{rel}","templated":true}]}}