{"id":1437,"date":"2024-10-20T12:27:00","date_gmt":"2024-10-20T10:27:00","guid":{"rendered":"https:\/\/vieassociative.be\/actualites\/la-bonne-facon-de-passer-laspirateur-selon-un-concepteur-dyson\/"},"modified":"2024-10-20T12:27:00","modified_gmt":"2024-10-20T10:27:00","slug":"la-bonne-facon-de-passer-laspirateur-selon-un-concepteur-dyson","status":"publish","type":"post","link":"https:\/\/vieassociative.be\/actualites\/la-bonne-facon-de-passer-laspirateur-selon-un-concepteur-dyson\/","title":{"rendered":"La bonne fa\u00e7on de passer l&rsquo;aspirateur, selon un concepteur Dyson"},"content":{"rendered":"<div class=\"mt-4 leading-6 md:mb-8\">Il existe en fait une bonne fa\u00e7on de passer l&rsquo;aspirateur, et si vous \u00eates comme moi, vous ne le faites probablement pas.<\/div>\n<p><\/p>\n<p>Vous pensez savoir passer l&rsquo;aspirateur, n&rsquo;est-ce pas ? Vous d\u00e9placez simplement la machine d&rsquo;avant en arri\u00e8re un peu, aspirez la salet\u00e9 et arr\u00eatez-vous ? Faux, en fait. Ce n&rsquo;est pas parce que vous effectuez ces mouvements que vous nettoyez vos sols efficacement et, en fait, vous faites probablement trop de \u00ab mouvements \u00bb en tout. <\/p>\n<p>Craignant de perdre mon temps, j&rsquo;ai cherch\u00e9 la bonne fa\u00e7on de passer l&rsquo;aspirateur et j&rsquo;ai demand\u00e9 conseil \u00e0 un professionnel, Ketan Patel, responsable principal de la conception chez Dyson.<\/p>\n<h2 id=\"vacuum-more-slowly\">Passez l\u2019aspirateur plus lentement <\/h2>\n<p>Lorsque j&rsquo;aspire, j&rsquo;utilise l&rsquo;une des deux machines suivantes\u00a0: un Dyson V8 Plus ou un Bissell CrossWave OmniForce. Ce sont deux machines puissantes et, certes, co\u00fbteuses, donc je m&rsquo;attends g\u00e9n\u00e9ralement \u00e0 ce qu&rsquo;elles fassent tout le travail \u00e0 ma place. En cons\u00e9quence, je me pr\u00e9cipite dans la corv\u00e9e. Franchement, je veux passer le moins de temps possible \u00e0 passer l&rsquo;aspirateur et je suppose que la machine compensera en puissance ce qui me manque en termes de concentration et de motivation. Mais c\u2019est faux. Patel dit qu&rsquo;aspirer trop rapidement est l&rsquo;une des plus grosses erreurs de l&rsquo;aspirateur. La poussi\u00e8re est compos\u00e9e de nombreux composants, notamment des acariens, des allerg\u00e8nes, des bact\u00e9ries et des virus, et ceux-ci peuvent se retrouver assez profond\u00e9ment dans les tapis. Passer l&rsquo;aspirateur plus lentement donne \u00e0 l&rsquo;appareil le temps dont il a besoin pour vraiment aspirer tout cela, surtout si la salet\u00e9 et les d\u00e9bris sont incrust\u00e9s ou cach\u00e9s. Alors, \u00e0 quelle vitesse faut-il aller ? Dyson recommande une vitesse de 20 pouces par seconde.<\/p>\n<h2 id=\"vacuum-in-a-specific-pattern\">Passez l&rsquo;aspirateur selon un mod\u00e8le sp\u00e9cifique<\/h2>\n<p>Laissez-moi deviner\u00a0: lorsque vous passez l&rsquo;aspirateur, vous d\u00e9placez votre machine en zigzag, en la poussant vers l&rsquo;avant, en la tirant vers l&rsquo;arri\u00e8re et en la poussant \u00e0 nouveau vers l&rsquo;avant, encore et encore. Encore une fois \u2013 et je suis d\u00e9sol\u00e9 de le dire, puisque c&rsquo;est ainsi qu&rsquo;on m&rsquo;a appris et que j&rsquo;ai connu tout le monde dans ma vie d&rsquo;adulte \u00e0 passer l&rsquo;aspirateur aussi \u2013 c&rsquo;est faux. <\/p>\n<p>\u00ab\u00a0Nous vous recommandons de passer l&rsquo;aspirateur une fois dans chaque direction\u00a0\u00bb, explique Patel. \u00ab\u00a0Plus de passages sur une zone donneront \u00e0 la machine les meilleures chances de bien nettoyer, mais plus de deux ou trois fois dans une direction donneront une augmentation minime, selon nos recherches.\u00a0\u00bb<\/p>\n<p>D\u00e9placez-vous en rang\u00e9es droites. Jetez un \u0153il \u00e0 la fa\u00e7on dont votre tapis est pos\u00e9\u00a0: il est probable qu&rsquo;il se plie ou se plie dans une direction, donc lorsque vous passez l&rsquo;aspirateur \u00e0 contre-courant, vous remarquerez qu&rsquo;il gonfle un peu. Essayez de pousser \u00e0 contre-courant en un seul long passage, mur \u00e0 mur, puis revenez en arri\u00e8re sur cette voie pour r\u00e9cup\u00e9rer la salet\u00e9 que vous avez manqu\u00e9e lors du premier passage et aplatissez-la \u00e0 nouveau. Une fois de retour \u00e0 votre position de d\u00e9part, d\u00e9placez l&rsquo;aspirateur et cr\u00e9ez une autre voie directement \u00e0 c\u00f4t\u00e9 de la premi\u00e8re et r\u00e9p\u00e9tez le processus jusqu&rsquo;\u00e0 ce que la pi\u00e8ce soit termin\u00e9e. <\/p>\n<h2 id=\"use-the-right-tools\">Utilisez les bons outils<\/h2>\n<p>Personne ne s&rsquo;attend \u00e0 ce que vous disposiez d&rsquo;un arsenal d&rsquo;accessoires ou de plusieurs aspirateurs, mais si vous en avez quelques-uns, assurez-vous de les utiliser correctement. Je suis coupable d&rsquo;avoir choisi la solution paresseuse et de m&rsquo;en tenir \u00e0 la grosse t\u00eate d&rsquo;aspirateur standard, peu importe ce que je nettoie, mais en r\u00e9alit\u00e9, les petits accessoires fournis avec mes machines <em>faire<\/em> avoir une fonction et cette fonction n&rsquo;est pas de rester \u00e0 l&rsquo;\u00e9cart pendant que je t\u00e2tonne avec la t\u00eate standard. Voici un guide rapide de Patel sur les accessoires \u00e0 utiliser pour quelles surfaces et quels besoins\u00a0:<\/p>\n<ul>\n<li>\n<p>Les outils multi-\u00e9tages, ou vos t\u00eates d&rsquo;aspiration standard, sont destin\u00e9s au nettoyage complet, en particulier les tapis.<\/p>\n<\/li>\n<li>\n<p>Les t\u00eates \u00e0 couple sont plus puissantes et d\u00e9logent la salet\u00e9 incrust\u00e9e, m\u00eame sur les tapis \u00e0 poils longs.<\/p>\n<\/li>\n<\/ul>\n<ul>\n<li>\n<p>Les t\u00eates moelleuses nettoient les sols et surfaces durs.<\/p>\n<\/li>\n<\/ul>\n<ul>\n<li>\n<p>Les mini-moteurs sont destin\u00e9s au nettoyage des escaliers, des voitures, des matelas ou des tissus d&rsquo;ameublement.<\/p>\n<\/li>\n<\/ul>\n<ul>\n<li>\n<p>Les suceurs plats, ces longs tubes rigides que vous placez \u00e0 l&rsquo;extr\u00e9mit\u00e9 d&rsquo;un tuyau d&rsquo;aspiration, sont destin\u00e9s aux interstices et aux crevasses ou aux zones difficiles d&rsquo;acc\u00e8s.<\/p>\n<\/li>\n<li>\n<p>Les outils d&rsquo;\u00e9poussetage doux, ou les petits accessoires de tuyau avec des brosses \u00e0 l&rsquo;extr\u00e9mit\u00e9, sont destin\u00e9s aux meubles d\u00e9licats.<\/p>\n<\/li>\n<\/ul>\n<h2 id=\"keep-your-machine-in-order\">Gardez votre machine en ordre<\/h2>\n<p>Enfin, vous savez que vous devez nettoyer les machines qui nettoient vos affaires, qu&rsquo;il s&rsquo;agisse de votre lave-linge, de votre lave-vaisselle ou, oui, de votre aspirateur. Mais est-ce que tu <em>faire<\/em> que? Je sais que je n&rsquo;ai jamais le temps ni l&rsquo;\u00e9nergie de le faire, mais je sais aussi que c&rsquo;est un mal n\u00e9cessaire. Vous pouvez avoir la meilleure vitesse d&rsquo;aspiration, le meilleur mod\u00e8le et les meilleurs outils, mais si la machine est sale, elle ne fonctionnera tout simplement pas correctement. <\/p>\n<p>\u00ab\u00a0Un bon entretien de l&rsquo;aspirateur est essentiel pour garantir que votre aspirateur fonctionne au mieux\u00a0\u00bb, conseille Patel, qui note que les aspirateurs comme celui de Dyson sont con\u00e7us pour capturer les particules microscopiques, qui peuvent s&rsquo;accumuler dans le filtre au fil du temps. Il dit que vous devriez laver votre filtre une fois par mois pour maintenir une puissance d&rsquo;aspiration maximale, nettoyer votre poubelle et laver vos t\u00eates et accessoires. Si vous ne savez pas quoi faire, consultez le manuel du propri\u00e9taire de votre aspirateur. <\/p>\n","protected":false},"excerpt":{"rendered":"<p>Il existe en fait une bonne fa\u00e7on de passer l&rsquo;aspirateur, et si vous \u00eates comme moi, vous ne le faites probablement pas. Vous pensez savoir<\/p>\n","protected":false},"author":1,"featured_media":1438,"comment_status":"","ping_status":"","sticky":false,"template":"","format":"standard","meta":{"footnotes":""},"categories":[40],"tags":[680,2022,2023,531,2021,789,507],"class_list":["post-1437","post","type-post","status-publish","format-standard","has-post-thumbnail","hentry","category-maison","tag-bonne","tag-concepteur","tag-dyson","tag-facon","tag-laspirateur","tag-passer","tag-selon","generate-columns","tablet-grid-50","mobile-grid-100","grid-parent","grid-33"],"yoast_head":"<!-- This site is optimized with the Yoast SEO plugin v24.0 - https:\/\/yoast.com\/wordpress\/plugins\/seo\/ -->\n<title>La bonne fa\u00e7on de passer l&#039;aspirateur, selon un concepteur Dyson | Vie Associative<\/title>\n<meta name=\"robots\" content=\"index, follow, max-snippet:-1, max-image-preview:large, max-video-preview:-1\" \/>\n<link rel=\"canonical\" href=\"https:\/\/vieassociative.be\/actualites\/la-bonne-facon-de-passer-laspirateur-selon-un-concepteur-dyson\/\" \/>\n<meta property=\"og:locale\" content=\"fr_FR\" \/>\n<meta property=\"og:type\" content=\"article\" \/>\n<meta property=\"og:title\" content=\"La bonne fa\u00e7on de passer l&#039;aspirateur, selon un concepteur Dyson | Vie Associative\" \/>\n<meta property=\"og:description\" content=\"Il existe en fait une bonne fa\u00e7on de passer l&rsquo;aspirateur, et si vous \u00eates comme moi, vous ne le faites probablement pas. Vous pensez savoir\" \/>\n<meta property=\"og:url\" content=\"https:\/\/vieassociative.be\/actualites\/la-bonne-facon-de-passer-laspirateur-selon-un-concepteur-dyson\/\" \/>\n<meta property=\"og:site_name\" content=\"Vie Associative\" \/>\n<meta property=\"article:published_time\" content=\"2024-10-20T10:27:00+00:00\" \/>\n<meta property=\"og:image\" content=\"https:\/\/vieassociative.be\/actualites\/wp-content\/uploads\/2024\/09\/header_backgroundk-01-e1726694325946.png\" \/>\n\t<meta property=\"og:image:width\" content=\"279\" \/>\n\t<meta property=\"og:image:height\" content=\"92\" \/>\n\t<meta property=\"og:image:type\" content=\"image\/png\" \/>\n<meta name=\"author\" content=\"Julien\" \/>\n<meta name=\"twitter:card\" content=\"summary_large_image\" \/>\n<meta name=\"twitter:label1\" content=\"\u00c9crit par\" \/>\n\t<meta name=\"twitter:data1\" content=\"Julien\" \/>\n\t<meta name=\"twitter:label2\" content=\"Dur\u00e9e de lecture est.\" \/>\n\t<meta name=\"twitter:data2\" content=\"5 minutes\" \/>\n<script type=\"application\/ld+json\" class=\"yoast-schema-graph\">{\"@context\":\"https:\/\/schema.org\",\"@graph\":[{\"@type\":\"Article\",\"@id\":\"https:\/\/vieassociative.be\/actualites\/la-bonne-facon-de-passer-laspirateur-selon-un-concepteur-dyson\/#article\",\"isPartOf\":{\"@id\":\"https:\/\/vieassociative.be\/actualites\/la-bonne-facon-de-passer-laspirateur-selon-un-concepteur-dyson\/\"},\"author\":{\"name\":\"Julien\",\"@id\":\"https:\/\/vieassociative.be\/actualites\/#\/schema\/person\/b87ac4f82f9d4e7b7cec7395b679edc4\"},\"headline\":\"La bonne fa\u00e7on de passer l&rsquo;aspirateur, selon un concepteur Dyson\",\"datePublished\":\"2024-10-20T10:27:00+00:00\",\"dateModified\":\"2024-10-20T10:27:00+00:00\",\"mainEntityOfPage\":{\"@id\":\"https:\/\/vieassociative.be\/actualites\/la-bonne-facon-de-passer-laspirateur-selon-un-concepteur-dyson\/\"},\"wordCount\":994,\"publisher\":{\"@id\":\"https:\/\/vieassociative.be\/actualites\/#organization\"},\"image\":{\"@id\":\"https:\/\/vieassociative.be\/actualites\/la-bonne-facon-de-passer-laspirateur-selon-un-concepteur-dyson\/#primaryimage\"},\"thumbnailUrl\":\"https:\/\/vieassociative.be\/actualites\/wp-content\/uploads\/2024\/10\/La-bonne-facon-de-passer-laspirateur-selon-un-concepteur-Dyson.jpg\",\"keywords\":[\"bonne\",\"concepteur\",\"Dyson\",\"fa\u00e7on\",\"laspirateur\",\"passer\",\"selon\"],\"articleSection\":[\"Maison\"],\"inLanguage\":\"fr-BE\"},{\"@type\":\"WebPage\",\"@id\":\"https:\/\/vieassociative.be\/actualites\/la-bonne-facon-de-passer-laspirateur-selon-un-concepteur-dyson\/\",\"url\":\"https:\/\/vieassociative.be\/actualites\/la-bonne-facon-de-passer-laspirateur-selon-un-concepteur-dyson\/\",\"name\":\"La bonne fa\u00e7on de passer l'aspirateur, selon un concepteur Dyson | Vie Associative\",\"isPartOf\":{\"@id\":\"https:\/\/vieassociative.be\/actualites\/#website\"},\"primaryImageOfPage\":{\"@id\":\"https:\/\/vieassociative.be\/actualites\/la-bonne-facon-de-passer-laspirateur-selon-un-concepteur-dyson\/#primaryimage\"},\"image\":{\"@id\":\"https:\/\/vieassociative.be\/actualites\/la-bonne-facon-de-passer-laspirateur-selon-un-concepteur-dyson\/#primaryimage\"},\"thumbnailUrl\":\"https:\/\/vieassociative.be\/actualites\/wp-content\/uploads\/2024\/10\/La-bonne-facon-de-passer-laspirateur-selon-un-concepteur-Dyson.jpg\",\"datePublished\":\"2024-10-20T10:27:00+00:00\",\"dateModified\":\"2024-10-20T10:27:00+00:00\",\"breadcrumb\":{\"@id\":\"https:\/\/vieassociative.be\/actualites\/la-bonne-facon-de-passer-laspirateur-selon-un-concepteur-dyson\/#breadcrumb\"},\"inLanguage\":\"fr-BE\",\"potentialAction\":[{\"@type\":\"ReadAction\",\"target\":[\"https:\/\/vieassociative.be\/actualites\/la-bonne-facon-de-passer-laspirateur-selon-un-concepteur-dyson\/\"]}]},{\"@type\":\"ImageObject\",\"inLanguage\":\"fr-BE\",\"@id\":\"https:\/\/vieassociative.be\/actualites\/la-bonne-facon-de-passer-laspirateur-selon-un-concepteur-dyson\/#primaryimage\",\"url\":\"https:\/\/vieassociative.be\/actualites\/wp-content\/uploads\/2024\/10\/La-bonne-facon-de-passer-laspirateur-selon-un-concepteur-Dyson.jpg\",\"contentUrl\":\"https:\/\/vieassociative.be\/actualites\/wp-content\/uploads\/2024\/10\/La-bonne-facon-de-passer-laspirateur-selon-un-concepteur-Dyson.jpg\",\"width\":1200,\"height\":675,\"caption\":\"La bonne fa\u00e7on de passer l'aspirateur, selon un concepteur Dyson\"},{\"@type\":\"BreadcrumbList\",\"@id\":\"https:\/\/vieassociative.be\/actualites\/la-bonne-facon-de-passer-laspirateur-selon-un-concepteur-dyson\/#breadcrumb\",\"itemListElement\":[{\"@type\":\"ListItem\",\"position\":1,\"name\":\"Accueil\",\"item\":\"https:\/\/vieassociative.be\/actualites\/\"},{\"@type\":\"ListItem\",\"position\":2,\"name\":\"La bonne fa\u00e7on de passer l&rsquo;aspirateur, selon un concepteur Dyson\"}]},{\"@type\":\"WebSite\",\"@id\":\"https:\/\/vieassociative.be\/actualites\/#website\",\"url\":\"https:\/\/vieassociative.be\/actualites\/\",\"name\":\"Vie Associative\",\"description\":\"\",\"publisher\":{\"@id\":\"https:\/\/vieassociative.be\/actualites\/#organization\"},\"potentialAction\":[{\"@type\":\"SearchAction\",\"target\":{\"@type\":\"EntryPoint\",\"urlTemplate\":\"https:\/\/vieassociative.be\/actualites\/?s={search_term_string}\"},\"query-input\":{\"@type\":\"PropertyValueSpecification\",\"valueRequired\":true,\"valueName\":\"search_term_string\"}}],\"inLanguage\":\"fr-BE\"},{\"@type\":\"Organization\",\"@id\":\"https:\/\/vieassociative.be\/actualites\/#organization\",\"name\":\"Vie Associative\",\"url\":\"https:\/\/vieassociative.be\/actualites\/\",\"logo\":{\"@type\":\"ImageObject\",\"inLanguage\":\"fr-BE\",\"@id\":\"https:\/\/vieassociative.be\/actualites\/#\/schema\/logo\/image\/\",\"url\":\"https:\/\/vieassociative.be\/actualites\/wp-content\/uploads\/2024\/09\/cropped-vieassociative_favicon.ico.png\",\"contentUrl\":\"https:\/\/vieassociative.be\/actualites\/wp-content\/uploads\/2024\/09\/cropped-vieassociative_favicon.ico.png\",\"width\":512,\"height\":512,\"caption\":\"Vie Associative\"},\"image\":{\"@id\":\"https:\/\/vieassociative.be\/actualites\/#\/schema\/logo\/image\/\"}},{\"@type\":\"Person\",\"@id\":\"https:\/\/vieassociative.be\/actualites\/#\/schema\/person\/b87ac4f82f9d4e7b7cec7395b679edc4\",\"name\":\"Julien\",\"image\":{\"@type\":\"ImageObject\",\"inLanguage\":\"fr-BE\",\"@id\":\"https:\/\/vieassociative.be\/actualites\/#\/schema\/person\/image\/\",\"url\":\"https:\/\/vieassociative.be\/actualites\/wp-content\/uploads\/2024\/09\/vie-associative-1-150x150.jpg\",\"contentUrl\":\"https:\/\/vieassociative.be\/actualites\/wp-content\/uploads\/2024\/09\/vie-associative-1-150x150.jpg\",\"caption\":\"Julien\"},\"description\":\"Je suis Julien, r\u00e9dacteur pour Vie Associative. Passionn\u00e9 par le monde associatif depuis plus de 10 ans, j'ai \u00e0 c\u0153ur de partager des histoires inspirantes et de mettre en lumi\u00e8re les initiatives locales. Mon objectif est de sensibiliser et d'encourager l'engagement communautaire \u00e0 travers mes articles.\",\"sameAs\":[\"https:\/\/vieassociative.be\/\"]}]}<\/script>\n<!-- \/ Yoast SEO plugin. -->","yoast_head_json":{"title":"La bonne fa\u00e7on de passer l'aspirateur, selon un concepteur Dyson | Vie Associative","robots":{"index":"index","follow":"follow","max-snippet":"max-snippet:-1","max-image-preview":"max-image-preview:large","max-video-preview":"max-video-preview:-1"},"canonical":"https:\/\/vieassociative.be\/actualites\/la-bonne-facon-de-passer-laspirateur-selon-un-concepteur-dyson\/","og_locale":"fr_FR","og_type":"article","og_title":"La bonne fa\u00e7on de passer l'aspirateur, selon un concepteur Dyson | Vie Associative","og_description":"Il existe en fait une bonne fa\u00e7on de passer l&rsquo;aspirateur, et si vous \u00eates comme moi, vous ne le faites probablement pas. Vous pensez savoir","og_url":"https:\/\/vieassociative.be\/actualites\/la-bonne-facon-de-passer-laspirateur-selon-un-concepteur-dyson\/","og_site_name":"Vie Associative","article_published_time":"2024-10-20T10:27:00+00:00","og_image":[{"width":279,"height":92,"url":"https:\/\/vieassociative.be\/actualites\/wp-content\/uploads\/2024\/09\/header_backgroundk-01-e1726694325946.png","type":"image\/png"}],"author":"Julien","twitter_card":"summary_large_image","twitter_misc":{"\u00c9crit par":"Julien","Dur\u00e9e de lecture est.":"5 minutes"},"schema":{"@context":"https:\/\/schema.org","@graph":[{"@type":"Article","@id":"https:\/\/vieassociative.be\/actualites\/la-bonne-facon-de-passer-laspirateur-selon-un-concepteur-dyson\/#article","isPartOf":{"@id":"https:\/\/vieassociative.be\/actualites\/la-bonne-facon-de-passer-laspirateur-selon-un-concepteur-dyson\/"},"author":{"name":"Julien","@id":"https:\/\/vieassociative.be\/actualites\/#\/schema\/person\/b87ac4f82f9d4e7b7cec7395b679edc4"},"headline":"La bonne fa\u00e7on de passer l&rsquo;aspirateur, selon un concepteur Dyson","datePublished":"2024-10-20T10:27:00+00:00","dateModified":"2024-10-20T10:27:00+00:00","mainEntityOfPage":{"@id":"https:\/\/vieassociative.be\/actualites\/la-bonne-facon-de-passer-laspirateur-selon-un-concepteur-dyson\/"},"wordCount":994,"publisher":{"@id":"https:\/\/vieassociative.be\/actualites\/#organization"},"image":{"@id":"https:\/\/vieassociative.be\/actualites\/la-bonne-facon-de-passer-laspirateur-selon-un-concepteur-dyson\/#primaryimage"},"thumbnailUrl":"https:\/\/vieassociative.be\/actualites\/wp-content\/uploads\/2024\/10\/La-bonne-facon-de-passer-laspirateur-selon-un-concepteur-Dyson.jpg","keywords":["bonne","concepteur","Dyson","fa\u00e7on","laspirateur","passer","selon"],"articleSection":["Maison"],"inLanguage":"fr-BE"},{"@type":"WebPage","@id":"https:\/\/vieassociative.be\/actualites\/la-bonne-facon-de-passer-laspirateur-selon-un-concepteur-dyson\/","url":"https:\/\/vieassociative.be\/actualites\/la-bonne-facon-de-passer-laspirateur-selon-un-concepteur-dyson\/","name":"La bonne fa\u00e7on de passer l'aspirateur, selon un concepteur Dyson | Vie Associative","isPartOf":{"@id":"https:\/\/vieassociative.be\/actualites\/#website"},"primaryImageOfPage":{"@id":"https:\/\/vieassociative.be\/actualites\/la-bonne-facon-de-passer-laspirateur-selon-un-concepteur-dyson\/#primaryimage"},"image":{"@id":"https:\/\/vieassociative.be\/actualites\/la-bonne-facon-de-passer-laspirateur-selon-un-concepteur-dyson\/#primaryimage"},"thumbnailUrl":"https:\/\/vieassociative.be\/actualites\/wp-content\/uploads\/2024\/10\/La-bonne-facon-de-passer-laspirateur-selon-un-concepteur-Dyson.jpg","datePublished":"2024-10-20T10:27:00+00:00","dateModified":"2024-10-20T10:27:00+00:00","breadcrumb":{"@id":"https:\/\/vieassociative.be\/actualites\/la-bonne-facon-de-passer-laspirateur-selon-un-concepteur-dyson\/#breadcrumb"},"inLanguage":"fr-BE","potentialAction":[{"@type":"ReadAction","target":["https:\/\/vieassociative.be\/actualites\/la-bonne-facon-de-passer-laspirateur-selon-un-concepteur-dyson\/"]}]},{"@type":"ImageObject","inLanguage":"fr-BE","@id":"https:\/\/vieassociative.be\/actualites\/la-bonne-facon-de-passer-laspirateur-selon-un-concepteur-dyson\/#primaryimage","url":"https:\/\/vieassociative.be\/actualites\/wp-content\/uploads\/2024\/10\/La-bonne-facon-de-passer-laspirateur-selon-un-concepteur-Dyson.jpg","contentUrl":"https:\/\/vieassociative.be\/actualites\/wp-content\/uploads\/2024\/10\/La-bonne-facon-de-passer-laspirateur-selon-un-concepteur-Dyson.jpg","width":1200,"height":675,"caption":"La bonne fa\u00e7on de passer l'aspirateur, selon un concepteur Dyson"},{"@type":"BreadcrumbList","@id":"https:\/\/vieassociative.be\/actualites\/la-bonne-facon-de-passer-laspirateur-selon-un-concepteur-dyson\/#breadcrumb","itemListElement":[{"@type":"ListItem","position":1,"name":"Accueil","item":"https:\/\/vieassociative.be\/actualites\/"},{"@type":"ListItem","position":2,"name":"La bonne fa\u00e7on de passer l&rsquo;aspirateur, selon un concepteur Dyson"}]},{"@type":"WebSite","@id":"https:\/\/vieassociative.be\/actualites\/#website","url":"https:\/\/vieassociative.be\/actualites\/","name":"Vie Associative","description":"","publisher":{"@id":"https:\/\/vieassociative.be\/actualites\/#organization"},"potentialAction":[{"@type":"SearchAction","target":{"@type":"EntryPoint","urlTemplate":"https:\/\/vieassociative.be\/actualites\/?s={search_term_string}"},"query-input":{"@type":"PropertyValueSpecification","valueRequired":true,"valueName":"search_term_string"}}],"inLanguage":"fr-BE"},{"@type":"Organization","@id":"https:\/\/vieassociative.be\/actualites\/#organization","name":"Vie Associative","url":"https:\/\/vieassociative.be\/actualites\/","logo":{"@type":"ImageObject","inLanguage":"fr-BE","@id":"https:\/\/vieassociative.be\/actualites\/#\/schema\/logo\/image\/","url":"https:\/\/vieassociative.be\/actualites\/wp-content\/uploads\/2024\/09\/cropped-vieassociative_favicon.ico.png","contentUrl":"https:\/\/vieassociative.be\/actualites\/wp-content\/uploads\/2024\/09\/cropped-vieassociative_favicon.ico.png","width":512,"height":512,"caption":"Vie Associative"},"image":{"@id":"https:\/\/vieassociative.be\/actualites\/#\/schema\/logo\/image\/"}},{"@type":"Person","@id":"https:\/\/vieassociative.be\/actualites\/#\/schema\/person\/b87ac4f82f9d4e7b7cec7395b679edc4","name":"Julien","image":{"@type":"ImageObject","inLanguage":"fr-BE","@id":"https:\/\/vieassociative.be\/actualites\/#\/schema\/person\/image\/","url":"https:\/\/vieassociative.be\/actualites\/wp-content\/uploads\/2024\/09\/vie-associative-1-150x150.jpg","contentUrl":"https:\/\/vieassociative.be\/actualites\/wp-content\/uploads\/2024\/09\/vie-associative-1-150x150.jpg","caption":"Julien"},"description":"Je suis Julien, r\u00e9dacteur pour Vie Associative. Passionn\u00e9 par le monde associatif depuis plus de 10 ans, j'ai \u00e0 c\u0153ur de partager des histoires inspirantes et de mettre en lumi\u00e8re les initiatives locales. Mon objectif est de sensibiliser et d'encourager l'engagement communautaire \u00e0 travers mes articles.","sameAs":["https:\/\/vieassociative.be\/"]}]}},"_links":{"self":[{"href":"https:\/\/vieassociative.be\/actualites\/wp-json\/wp\/v2\/posts\/1437"}],"collection":[{"href":"https:\/\/vieassociative.be\/actualites\/wp-json\/wp\/v2\/posts"}],"about":[{"href":"https:\/\/vieassociative.be\/actualites\/wp-json\/wp\/v2\/types\/post"}],"author":[{"embeddable":true,"href":"https:\/\/vieassociative.be\/actualites\/wp-json\/wp\/v2\/users\/1"}],"replies":[{"embeddable":true,"href":"https:\/\/vieassociative.be\/actualites\/wp-json\/wp\/v2\/comments?post=1437"}],"version-history":[{"count":0,"href":"https:\/\/vieassociative.be\/actualites\/wp-json\/wp\/v2\/posts\/1437\/revisions"}],"wp:featuredmedia":[{"embeddable":true,"href":"https:\/\/vieassociative.be\/actualites\/wp-json\/wp\/v2\/media\/1438"}],"wp:attachment":[{"href":"https:\/\/vieassociative.be\/actualites\/wp-json\/wp\/v2\/media?parent=1437"}],"wp:term":[{"taxonomy":"category","embeddable":true,"href":"https:\/\/vieassociative.be\/actualites\/wp-json\/wp\/v2\/categories?post=1437"},{"taxonomy":"post_tag","embeddable":true,"href":"https:\/\/vieassociative.be\/actualites\/wp-json\/wp\/v2\/tags?post=1437"}],"curies":[{"name":"wp","href":"https:\/\/api.w.org\/{rel}","templated":true}]}}