{"id":1417,"date":"2024-10-20T00:19:38","date_gmt":"2024-10-19T22:19:38","guid":{"rendered":"https:\/\/vieassociative.be\/actualites\/les-meilleurs-livres-de-chapitre-pour-les-enfants-dage-prescolaire-selon-les-bibliothecaires-du-nypl\/"},"modified":"2024-10-20T00:19:38","modified_gmt":"2024-10-19T22:19:38","slug":"les-meilleurs-livres-de-chapitre-pour-les-enfants-dage-prescolaire-selon-les-bibliothecaires-du-nypl","status":"publish","type":"post","link":"https:\/\/vieassociative.be\/actualites\/les-meilleurs-livres-de-chapitre-pour-les-enfants-dage-prescolaire-selon-les-bibliothecaires-du-nypl\/","title":{"rendered":"Les meilleurs livres de chapitre pour les enfants d&rsquo;\u00e2ge pr\u00e9scolaire, selon les biblioth\u00e9caires du NYPL"},"content":{"rendered":"<div class=\"mt-4 leading-6 md:mb-8\">Lorsque vous en avez assez de Goodnight Moon, tournez-vous vers ces livres de chapitres recommand\u00e9s pour les enfants d&rsquo;\u00e2ge pr\u00e9scolaire.<\/div>\n<p><\/p>\n<p>Il arrive un moment o\u00f9 le parent qui souffre depuis longtemps <em>ne peut pas<\/em> lire <em>Le petit camion bleu <\/em>une fois de plus. Ou <em>Mon premier livre de ferme<\/em>avec l\u2019implication inqui\u00e9tante qu\u2019il y aura d\u2019autres livres agricoles \u00e0 venir. Ou m\u00eame <em>Myrtilles pour Sal<\/em>mon pr\u00e9f\u00e9r\u00e9 pour les enfants d&rsquo;\u00e2ge pr\u00e9scolaire, mais que j&rsquo;ai lu tellement de fois que j&rsquo;ai envie d&rsquo;arracher les pages et de les mettre dans ma bouche en sanglotant.<\/p>\n<p>Si vous pensez que vous \u00eates condamn\u00e9 \u00e0 rester coinc\u00e9 dans cette orni\u00e8re jusqu&rsquo;\u00e0 ce que <em>Ramona Quimby<\/em> et <em>Cabane dans les arbres magique <\/em>ann\u00e9es, d\u00e9trompez-vous. Vous trouverez ci-dessous les meilleures recommandations de chapitres de livres qui divertiront votre enfant d&rsquo;\u00e2ge pr\u00e9scolaire &#8211; et vous &#8211; pendant des mois, directement des biblioth\u00e9caires (pour enfants et autres) de la biblioth\u00e8que publique de New York.<\/p>\n<h3><em>Barkus<\/em><\/h3>\n<p>\u00abJ&rsquo;adore <em>Barkus<\/em> de Patricia MacLachlan, illustr\u00e9 par Marc Boutavant. C&rsquo;est une nouvelle histoire classique d&rsquo;une fille et de son chien, qui, selon son oncle Everton, est le chien le plus intelligent du monde. Il contient de grandes illustrations color\u00e9es, mais l&rsquo;histoire est racont\u00e9e en chapitres courts et agr\u00e9ables \u2013 une excellente introduction \u00e0 la lecture de fictions plus longues pour les enfants qui sont pr\u00eats \u00e0 passer au niveau sup\u00e9rieur des livres d&rsquo;images.<em> \u2014Gwen Glazer, biblioth\u00e9caire des recommandations au NYPL.<\/em><\/p>\n<h3><em>D\u00e9tective Gordon\u00a0:\u00a0la premi\u00e8re affaire<\/em> <\/h3>\n<p>\u00ab Le d\u00e9tective Gordon et son assistante Buffy ont d\u00e9cid\u00e9 de d\u00e9couvrir qui volait le stock de noix d&rsquo;\u00c9cureuil. R\u00e9soudre un crime est un travail difficile, mais il est toujours temps de prendre un g\u00e2teau et un th\u00e9. Il s&rsquo;agit d&rsquo;un livre \u00e0 chapitres courts avec des illustrations aux couleurs chaleureuses qui plairaient aux enfants d&rsquo;\u00e2ge pr\u00e9scolaire. Si cela convient \u00e0 votre enfant, il y a deux autres histoires de d\u00e9tective Gordon. <em>\u2014Louise C. Lareau, biblioth\u00e9caire en chef, Centre pour enfants de l&rsquo;\u00e9difice Stephen A. Schwarzman<\/em><\/p>\n<h3><em>Le dragon de mon p\u00e8re<\/em> <\/h3>\n<p>\u00ab Un gar\u00e7on sauve un b\u00e9b\u00e9 dragon que d\u2019autres animaux ont emprisonn\u00e9 et forc\u00e9 de faire voler en direction d\u2019une rivi\u00e8re. C&rsquo;est court et passionnant, mais pas trop effrayant, et chaque chapitre r\u00e9sout une aventure, donc votre tout-petit ne se retrouve pas avec un cliffhanger \u00e0 l&rsquo;heure du coucher\u00a0!\u00a0\u00bb <em>\u2014Clarissa Cooke, biblioth\u00e9caire principale pour enfants, 96th Street Library<\/em><\/p>\n<h3><em>La temp\u00eate<\/em><\/h3>\n<p>\u00ab\u00a0<em>Ceci est le premier tome de la s\u00e9rie Lighthouse Family.<\/em>et parle d&rsquo;animaux solitaires qui emm\u00e9nagent dans un phare et deviennent une famille. \u2014Clarissa Cooke<\/p>\n<p>Jenny Rosenoff, biblioth\u00e9caire principale pour enfants du NYPL, propose \u00e9galement quelques suggestions\u00a0:<\/p>\n<h3><em>Capitaine<\/em> <em>Carlin<\/em><\/h3>\n<p><em>Capitaine Carlin<\/em> Il s&rsquo;agit d&rsquo;un chien carlin qui est enthousiasm\u00e9 par son aventure \u00e0 la voile, mais avec pour seul probl\u00e8me : il a peur de l&rsquo;eau ! <\/p>\n<h3><em>Charlie et la souris <\/em><br \/><\/h3>\n<p><em>Charlie et la souris<\/em> raconte l&rsquo;histoire de deux fr\u00e8res qui partent \u00e0 l&rsquo;aventure, en commen\u00e7ant par une f\u00eate de quartier. Les illustrations sont charmantes, en particulier celle de parents aux yeux larmoyants tenant la cafeti\u00e8re apr\u00e8s un r\u00e9veil matinal.<\/p>\n<h3><em>Calpurnia Tate\u00a0: Fille v\u00e9t\u00e9rinaire<\/em><\/h3>\n<p>Si votre enfant est un naturaliste en herbe, cette histoire est faite pour lui. Le premier livre de la s\u00e9rie parle d&rsquo;une jeune fille vivant au Texas au d\u00e9but du si\u00e8cle et qui s&rsquo;int\u00e9resse vivement au monde naturel : dans le premier livre, Calpurnia explore pourquoi les sauterelles jaunes dans son jardin sont plus grosses que les vertes. <\/p>\n<h3><em>Cousins \u200b\u200b\u200b\u200bde la rue pav\u00e9e<\/em><\/h3>\n<p>Lucy, Rosie et Tess sont des cousines de 9 ans qui vivent avec leur tante depuis un an pendant que leurs parents, tous danseurs de ballet, font le tour du monde. Cette s\u00e9rie a un <em>Petites femmes<\/em> Je le sens : les filles dorment dans le grenier et poursuivent leurs propres r\u00eaves artistiques.<\/p>\n<p>Susie Heimbach, une autre biblioth\u00e9caire pour enfants au NYPL, sugg\u00e8re ceci\u00a0:<\/p>\n<h3><em>Merci Watson<\/em><\/h3>\n<p>\u00ab Pour ces petits gars, j\u2019aime toujours les livres \u00e0 chapitres qui contiennent beaucoup d\u2019images. Certains de mes favoris sont les <em>S\u00e9rie Mercy Watson de Kate DiCamillo<\/em>qui parlent d\u2019un cochon idiot qui aime les toasts beurr\u00e9s.<\/p>\n<h3><em>Le puissant robot de Ricky Ricotta<\/em><\/h3>\n<p>\u00abJ&rsquo;aime aussi la nouvelle version du <em>Ricky Ricotta et son puissant robot<\/em> s\u00e9rie de Dav Pilkey (avec illustrations de Dan Santat) \u2013 mes gar\u00e7ons et moi avons parcouru cette s\u00e9rie \u00e0 plusieurs reprises.<\/p>\n<h3><em>Digby O&rsquo;Day sur la voie rapide<\/em><\/h3>\n<p><em>\u00ab\u00a0Digby O&rsquo;Day<\/em>de Shirley Hughes (et illustr\u00e9 par sa fille Clara Vuillamy) est une histoire tr\u00e8s douce sur deux chiens qui courent dans leur voiture ; il y a aussi deux autres livres dans la s\u00e9rie.<\/p>\n<h3><strong><em>Mangue &#038; Bambang : Le Pas-un-Cochon<\/em><\/strong><\/h3>\n<p>\u00ab\u00a0<em>Pas un cochon <\/em>est une autre histoire mignonne sur un tapir timide qui est adopt\u00e9 par une petite fille pr\u00e9coce \u00bb, nomm\u00e9 Mango Allsorts \u2013 ce nom devrait valoir \u00e0 l&rsquo;auteur un prix sur place \u2013 et les deux vivent des aventures pour habituer le tapir \u00e0 la vie dans la grande ville. <\/p>\n<h3><em>Grenouille et crapaud<\/em><\/h3>\n<p>Et enfin, je peux personnellement me porter garant du <em>S\u00e9rie Grenouille et Crapaud<\/em>&#8211; des chapitres courts, de superbes illustrations et une douce histoire sur l&rsquo;amiti\u00e9. Mon fils ne s&rsquo;en lasse jamais, m\u00eame si c&rsquo;est le cas, juste un peu, donc je pense que je vais alterner quelques-unes des suggestions ci-dessus avant d&rsquo;y revenir. <\/p>\n<p>\u00c0 long terme, peu importe si vous r\u00e9ussissez parfaitement, \u00e0 chaque fois. Comme le dit Susie, \u00ab l\u2019essentiel est de planifier ensemble un moment de lecture agr\u00e9able que vous appr\u00e9cierez tous les deux. \u00bb<\/p>\n<hr>\n<p>Une liste de lectures de chapitres pour les enfants d&rsquo;\u00e2ge pr\u00e9scolaire, r\u00e9dig\u00e9e par les biblioth\u00e9caires de la biblioth\u00e8que publique de New York\u00a0:<\/p>\n<ul>\n<li>\n<p><em>Barkus<\/em> (par Patricia MacLachlan)<\/p>\n<\/li>\n<li>\n<p><em>D\u00e9tective Gordon\u00a0:\u00a0la premi\u00e8re affaire<\/em> (par Ulf Nilsson)<\/p>\n<\/li>\n<li>\n<p><em>Le dragon de mon p\u00e8re <\/em>(par Ruth Stiles Gannett)<\/p>\n<\/li>\n<li>\n<p><em>La temp\u00eate <\/em>(par Cynthia Rylant)<\/p>\n<\/li>\n<li>\n<p><em>Capitaine Carlin <\/em>(par Laura James)<\/p>\n<\/li>\n<li>\n<p><em>Charlie et la souris <\/em>(par Laurel Snyder)<\/p>\n<\/li>\n<li>\n<p><em>Calpurnia Tate\u00a0: Fille v\u00e9t\u00e9rinaire <\/em>(par Jacqueline Kelly)<\/p>\n<\/li>\n<li>\n<p><em>Cousins \u200b\u200b\u200b\u200bde la rue pav\u00e9e <\/em>(par Cynthia Rylant)<\/p>\n<\/li>\n<li>\n<p>Le <em>S\u00e9rie Mercy Watson<\/em> (par Kate DiCamillo)<\/p>\n<\/li>\n<li>\n<p><em>Ricky Ricotta et son puissant robot<\/em> s\u00e9rie (par Dav Pilkey)<\/p>\n<\/li>\n<li>\n<p><em>Digby O&rsquo;Day sur la voie rapide (<\/em>par Shirley Hughes)<\/p>\n<\/li>\n<li>\n<p><em>Mangue &#038; Bambang : Le Pas-un-Cochon <\/em>(par Polly Faber)<\/p>\n<\/li>\n<li>\n<p>Le <em>S\u00e9rie Grenouille et Crapaud<\/em> (par Arnold Lobel)<\/p>\n<\/li>\n<\/ul>\n<hr>\n<p><em>Cet article a \u00e9t\u00e9 initialement publi\u00e9 en octobre 2017\u00a0; il a \u00e9t\u00e9 mis \u00e0 jour le 25 juillet 2023 pour refl\u00e9ter le style actuel de Vie Associative.<\/em><\/p>\n","protected":false},"excerpt":{"rendered":"<p>Lorsque vous en avez assez de Goodnight Moon, tournez-vous vers ces livres de chapitres recommand\u00e9s pour les enfants d&rsquo;\u00e2ge pr\u00e9scolaire. Il arrive un moment o\u00f9<\/p>\n","protected":false},"author":1,"featured_media":1418,"comment_status":"","ping_status":"","sticky":false,"template":"","format":"standard","meta":{"footnotes":""},"categories":[37],"tags":[1996,1993,1994,324,14,562,187,1997,81,1995,507],"class_list":["post-1417","post","type-post","status-publish","format-standard","has-post-thumbnail","hentry","category-famille","tag-bibliothecaires","tag-chapitre","tag-dage","tag-enfants","tag-les","tag-livres","tag-meilleurs","tag-nypl","tag-pour","tag-prescolaire","tag-selon","generate-columns","tablet-grid-50","mobile-grid-100","grid-parent","grid-33"],"yoast_head":"<!-- This site is optimized with the Yoast SEO plugin v24.0 - https:\/\/yoast.com\/wordpress\/plugins\/seo\/ -->\n<title>Les meilleurs livres de chapitre pour les enfants d&#039;\u00e2ge pr\u00e9scolaire, selon les biblioth\u00e9caires du NYPL | Vie Associative<\/title>\n<meta name=\"robots\" content=\"index, follow, max-snippet:-1, max-image-preview:large, max-video-preview:-1\" \/>\n<link rel=\"canonical\" href=\"https:\/\/vieassociative.be\/actualites\/les-meilleurs-livres-de-chapitre-pour-les-enfants-dage-prescolaire-selon-les-bibliothecaires-du-nypl\/\" \/>\n<meta property=\"og:locale\" content=\"fr_FR\" \/>\n<meta property=\"og:type\" content=\"article\" \/>\n<meta property=\"og:title\" content=\"Les meilleurs livres de chapitre pour les enfants d&#039;\u00e2ge pr\u00e9scolaire, selon les biblioth\u00e9caires du NYPL | Vie Associative\" \/>\n<meta property=\"og:description\" content=\"Lorsque vous en avez assez de Goodnight Moon, tournez-vous vers ces livres de chapitres recommand\u00e9s pour les enfants d&rsquo;\u00e2ge pr\u00e9scolaire. Il arrive un moment o\u00f9\" \/>\n<meta property=\"og:url\" content=\"https:\/\/vieassociative.be\/actualites\/les-meilleurs-livres-de-chapitre-pour-les-enfants-dage-prescolaire-selon-les-bibliothecaires-du-nypl\/\" \/>\n<meta property=\"og:site_name\" content=\"Vie Associative\" \/>\n<meta property=\"article:published_time\" content=\"2024-10-19T22:19:38+00:00\" \/>\n<meta property=\"og:image\" content=\"https:\/\/vieassociative.be\/actualites\/wp-content\/uploads\/2024\/09\/header_backgroundk-01-e1726694325946.png\" \/>\n\t<meta property=\"og:image:width\" content=\"279\" \/>\n\t<meta property=\"og:image:height\" content=\"92\" \/>\n\t<meta property=\"og:image:type\" content=\"image\/png\" \/>\n<meta name=\"author\" content=\"Julien\" \/>\n<meta name=\"twitter:card\" content=\"summary_large_image\" \/>\n<meta name=\"twitter:label1\" content=\"\u00c9crit par\" \/>\n\t<meta name=\"twitter:data1\" content=\"Julien\" \/>\n\t<meta name=\"twitter:label2\" content=\"Dur\u00e9e de lecture est.\" \/>\n\t<meta name=\"twitter:data2\" content=\"6 minutes\" \/>\n<script type=\"application\/ld+json\" class=\"yoast-schema-graph\">{\"@context\":\"https:\/\/schema.org\",\"@graph\":[{\"@type\":\"Article\",\"@id\":\"https:\/\/vieassociative.be\/actualites\/les-meilleurs-livres-de-chapitre-pour-les-enfants-dage-prescolaire-selon-les-bibliothecaires-du-nypl\/#article\",\"isPartOf\":{\"@id\":\"https:\/\/vieassociative.be\/actualites\/les-meilleurs-livres-de-chapitre-pour-les-enfants-dage-prescolaire-selon-les-bibliothecaires-du-nypl\/\"},\"author\":{\"name\":\"Julien\",\"@id\":\"https:\/\/vieassociative.be\/actualites\/#\/schema\/person\/b87ac4f82f9d4e7b7cec7395b679edc4\"},\"headline\":\"Les meilleurs livres de chapitre pour les enfants d&rsquo;\u00e2ge pr\u00e9scolaire, selon les biblioth\u00e9caires du NYPL\",\"datePublished\":\"2024-10-19T22:19:38+00:00\",\"dateModified\":\"2024-10-19T22:19:38+00:00\",\"mainEntityOfPage\":{\"@id\":\"https:\/\/vieassociative.be\/actualites\/les-meilleurs-livres-de-chapitre-pour-les-enfants-dage-prescolaire-selon-les-bibliothecaires-du-nypl\/\"},\"wordCount\":1155,\"publisher\":{\"@id\":\"https:\/\/vieassociative.be\/actualites\/#organization\"},\"image\":{\"@id\":\"https:\/\/vieassociative.be\/actualites\/les-meilleurs-livres-de-chapitre-pour-les-enfants-dage-prescolaire-selon-les-bibliothecaires-du-nypl\/#primaryimage\"},\"thumbnailUrl\":\"https:\/\/vieassociative.be\/actualites\/wp-content\/uploads\/2024\/10\/Les-meilleurs-livres-de-chapitre-pour-les-enfants-dage-prescolaire.jpg\",\"keywords\":[\"biblioth\u00e9caires\",\"chapitre\",\"d\u00e2ge\",\"enfants\",\"Les\",\"livres\",\"meilleurs\",\"NYPL\",\"pour\",\"pr\u00e9scolaire\",\"selon\"],\"articleSection\":[\"Famille\"],\"inLanguage\":\"fr-BE\"},{\"@type\":\"WebPage\",\"@id\":\"https:\/\/vieassociative.be\/actualites\/les-meilleurs-livres-de-chapitre-pour-les-enfants-dage-prescolaire-selon-les-bibliothecaires-du-nypl\/\",\"url\":\"https:\/\/vieassociative.be\/actualites\/les-meilleurs-livres-de-chapitre-pour-les-enfants-dage-prescolaire-selon-les-bibliothecaires-du-nypl\/\",\"name\":\"Les meilleurs livres de chapitre pour les enfants d'\u00e2ge pr\u00e9scolaire, selon les biblioth\u00e9caires du NYPL | Vie Associative\",\"isPartOf\":{\"@id\":\"https:\/\/vieassociative.be\/actualites\/#website\"},\"primaryImageOfPage\":{\"@id\":\"https:\/\/vieassociative.be\/actualites\/les-meilleurs-livres-de-chapitre-pour-les-enfants-dage-prescolaire-selon-les-bibliothecaires-du-nypl\/#primaryimage\"},\"image\":{\"@id\":\"https:\/\/vieassociative.be\/actualites\/les-meilleurs-livres-de-chapitre-pour-les-enfants-dage-prescolaire-selon-les-bibliothecaires-du-nypl\/#primaryimage\"},\"thumbnailUrl\":\"https:\/\/vieassociative.be\/actualites\/wp-content\/uploads\/2024\/10\/Les-meilleurs-livres-de-chapitre-pour-les-enfants-dage-prescolaire.jpg\",\"datePublished\":\"2024-10-19T22:19:38+00:00\",\"dateModified\":\"2024-10-19T22:19:38+00:00\",\"breadcrumb\":{\"@id\":\"https:\/\/vieassociative.be\/actualites\/les-meilleurs-livres-de-chapitre-pour-les-enfants-dage-prescolaire-selon-les-bibliothecaires-du-nypl\/#breadcrumb\"},\"inLanguage\":\"fr-BE\",\"potentialAction\":[{\"@type\":\"ReadAction\",\"target\":[\"https:\/\/vieassociative.be\/actualites\/les-meilleurs-livres-de-chapitre-pour-les-enfants-dage-prescolaire-selon-les-bibliothecaires-du-nypl\/\"]}]},{\"@type\":\"ImageObject\",\"inLanguage\":\"fr-BE\",\"@id\":\"https:\/\/vieassociative.be\/actualites\/les-meilleurs-livres-de-chapitre-pour-les-enfants-dage-prescolaire-selon-les-bibliothecaires-du-nypl\/#primaryimage\",\"url\":\"https:\/\/vieassociative.be\/actualites\/wp-content\/uploads\/2024\/10\/Les-meilleurs-livres-de-chapitre-pour-les-enfants-dage-prescolaire.jpg\",\"contentUrl\":\"https:\/\/vieassociative.be\/actualites\/wp-content\/uploads\/2024\/10\/Les-meilleurs-livres-de-chapitre-pour-les-enfants-dage-prescolaire.jpg\",\"width\":1200,\"height\":675,\"caption\":\"Les meilleurs livres de chapitre pour les enfants d'\u00e2ge pr\u00e9scolaire, selon les biblioth\u00e9caires du NYPL\"},{\"@type\":\"BreadcrumbList\",\"@id\":\"https:\/\/vieassociative.be\/actualites\/les-meilleurs-livres-de-chapitre-pour-les-enfants-dage-prescolaire-selon-les-bibliothecaires-du-nypl\/#breadcrumb\",\"itemListElement\":[{\"@type\":\"ListItem\",\"position\":1,\"name\":\"Accueil\",\"item\":\"https:\/\/vieassociative.be\/actualites\/\"},{\"@type\":\"ListItem\",\"position\":2,\"name\":\"Les meilleurs livres de chapitre pour les enfants d&rsquo;\u00e2ge pr\u00e9scolaire, selon les biblioth\u00e9caires du NYPL\"}]},{\"@type\":\"WebSite\",\"@id\":\"https:\/\/vieassociative.be\/actualites\/#website\",\"url\":\"https:\/\/vieassociative.be\/actualites\/\",\"name\":\"Vie Associative\",\"description\":\"\",\"publisher\":{\"@id\":\"https:\/\/vieassociative.be\/actualites\/#organization\"},\"potentialAction\":[{\"@type\":\"SearchAction\",\"target\":{\"@type\":\"EntryPoint\",\"urlTemplate\":\"https:\/\/vieassociative.be\/actualites\/?s={search_term_string}\"},\"query-input\":{\"@type\":\"PropertyValueSpecification\",\"valueRequired\":true,\"valueName\":\"search_term_string\"}}],\"inLanguage\":\"fr-BE\"},{\"@type\":\"Organization\",\"@id\":\"https:\/\/vieassociative.be\/actualites\/#organization\",\"name\":\"Vie Associative\",\"url\":\"https:\/\/vieassociative.be\/actualites\/\",\"logo\":{\"@type\":\"ImageObject\",\"inLanguage\":\"fr-BE\",\"@id\":\"https:\/\/vieassociative.be\/actualites\/#\/schema\/logo\/image\/\",\"url\":\"https:\/\/vieassociative.be\/actualites\/wp-content\/uploads\/2024\/09\/cropped-vieassociative_favicon.ico.png\",\"contentUrl\":\"https:\/\/vieassociative.be\/actualites\/wp-content\/uploads\/2024\/09\/cropped-vieassociative_favicon.ico.png\",\"width\":512,\"height\":512,\"caption\":\"Vie Associative\"},\"image\":{\"@id\":\"https:\/\/vieassociative.be\/actualites\/#\/schema\/logo\/image\/\"}},{\"@type\":\"Person\",\"@id\":\"https:\/\/vieassociative.be\/actualites\/#\/schema\/person\/b87ac4f82f9d4e7b7cec7395b679edc4\",\"name\":\"Julien\",\"image\":{\"@type\":\"ImageObject\",\"inLanguage\":\"fr-BE\",\"@id\":\"https:\/\/vieassociative.be\/actualites\/#\/schema\/person\/image\/\",\"url\":\"https:\/\/vieassociative.be\/actualites\/wp-content\/uploads\/2024\/09\/vie-associative-1-150x150.jpg\",\"contentUrl\":\"https:\/\/vieassociative.be\/actualites\/wp-content\/uploads\/2024\/09\/vie-associative-1-150x150.jpg\",\"caption\":\"Julien\"},\"description\":\"Je suis Julien, r\u00e9dacteur pour Vie Associative. Passionn\u00e9 par le monde associatif depuis plus de 10 ans, j'ai \u00e0 c\u0153ur de partager des histoires inspirantes et de mettre en lumi\u00e8re les initiatives locales. Mon objectif est de sensibiliser et d'encourager l'engagement communautaire \u00e0 travers mes articles.\",\"sameAs\":[\"https:\/\/vieassociative.be\/\"]}]}<\/script>\n<!-- \/ Yoast SEO plugin. -->","yoast_head_json":{"title":"Les meilleurs livres de chapitre pour les enfants d'\u00e2ge pr\u00e9scolaire, selon les biblioth\u00e9caires du NYPL | Vie Associative","robots":{"index":"index","follow":"follow","max-snippet":"max-snippet:-1","max-image-preview":"max-image-preview:large","max-video-preview":"max-video-preview:-1"},"canonical":"https:\/\/vieassociative.be\/actualites\/les-meilleurs-livres-de-chapitre-pour-les-enfants-dage-prescolaire-selon-les-bibliothecaires-du-nypl\/","og_locale":"fr_FR","og_type":"article","og_title":"Les meilleurs livres de chapitre pour les enfants d'\u00e2ge pr\u00e9scolaire, selon les biblioth\u00e9caires du NYPL | Vie Associative","og_description":"Lorsque vous en avez assez de Goodnight Moon, tournez-vous vers ces livres de chapitres recommand\u00e9s pour les enfants d&rsquo;\u00e2ge pr\u00e9scolaire. Il arrive un moment o\u00f9","og_url":"https:\/\/vieassociative.be\/actualites\/les-meilleurs-livres-de-chapitre-pour-les-enfants-dage-prescolaire-selon-les-bibliothecaires-du-nypl\/","og_site_name":"Vie Associative","article_published_time":"2024-10-19T22:19:38+00:00","og_image":[{"width":279,"height":92,"url":"https:\/\/vieassociative.be\/actualites\/wp-content\/uploads\/2024\/09\/header_backgroundk-01-e1726694325946.png","type":"image\/png"}],"author":"Julien","twitter_card":"summary_large_image","twitter_misc":{"\u00c9crit par":"Julien","Dur\u00e9e de lecture est.":"6 minutes"},"schema":{"@context":"https:\/\/schema.org","@graph":[{"@type":"Article","@id":"https:\/\/vieassociative.be\/actualites\/les-meilleurs-livres-de-chapitre-pour-les-enfants-dage-prescolaire-selon-les-bibliothecaires-du-nypl\/#article","isPartOf":{"@id":"https:\/\/vieassociative.be\/actualites\/les-meilleurs-livres-de-chapitre-pour-les-enfants-dage-prescolaire-selon-les-bibliothecaires-du-nypl\/"},"author":{"name":"Julien","@id":"https:\/\/vieassociative.be\/actualites\/#\/schema\/person\/b87ac4f82f9d4e7b7cec7395b679edc4"},"headline":"Les meilleurs livres de chapitre pour les enfants d&rsquo;\u00e2ge pr\u00e9scolaire, selon les biblioth\u00e9caires du NYPL","datePublished":"2024-10-19T22:19:38+00:00","dateModified":"2024-10-19T22:19:38+00:00","mainEntityOfPage":{"@id":"https:\/\/vieassociative.be\/actualites\/les-meilleurs-livres-de-chapitre-pour-les-enfants-dage-prescolaire-selon-les-bibliothecaires-du-nypl\/"},"wordCount":1155,"publisher":{"@id":"https:\/\/vieassociative.be\/actualites\/#organization"},"image":{"@id":"https:\/\/vieassociative.be\/actualites\/les-meilleurs-livres-de-chapitre-pour-les-enfants-dage-prescolaire-selon-les-bibliothecaires-du-nypl\/#primaryimage"},"thumbnailUrl":"https:\/\/vieassociative.be\/actualites\/wp-content\/uploads\/2024\/10\/Les-meilleurs-livres-de-chapitre-pour-les-enfants-dage-prescolaire.jpg","keywords":["biblioth\u00e9caires","chapitre","d\u00e2ge","enfants","Les","livres","meilleurs","NYPL","pour","pr\u00e9scolaire","selon"],"articleSection":["Famille"],"inLanguage":"fr-BE"},{"@type":"WebPage","@id":"https:\/\/vieassociative.be\/actualites\/les-meilleurs-livres-de-chapitre-pour-les-enfants-dage-prescolaire-selon-les-bibliothecaires-du-nypl\/","url":"https:\/\/vieassociative.be\/actualites\/les-meilleurs-livres-de-chapitre-pour-les-enfants-dage-prescolaire-selon-les-bibliothecaires-du-nypl\/","name":"Les meilleurs livres de chapitre pour les enfants d'\u00e2ge pr\u00e9scolaire, selon les biblioth\u00e9caires du NYPL | Vie Associative","isPartOf":{"@id":"https:\/\/vieassociative.be\/actualites\/#website"},"primaryImageOfPage":{"@id":"https:\/\/vieassociative.be\/actualites\/les-meilleurs-livres-de-chapitre-pour-les-enfants-dage-prescolaire-selon-les-bibliothecaires-du-nypl\/#primaryimage"},"image":{"@id":"https:\/\/vieassociative.be\/actualites\/les-meilleurs-livres-de-chapitre-pour-les-enfants-dage-prescolaire-selon-les-bibliothecaires-du-nypl\/#primaryimage"},"thumbnailUrl":"https:\/\/vieassociative.be\/actualites\/wp-content\/uploads\/2024\/10\/Les-meilleurs-livres-de-chapitre-pour-les-enfants-dage-prescolaire.jpg","datePublished":"2024-10-19T22:19:38+00:00","dateModified":"2024-10-19T22:19:38+00:00","breadcrumb":{"@id":"https:\/\/vieassociative.be\/actualites\/les-meilleurs-livres-de-chapitre-pour-les-enfants-dage-prescolaire-selon-les-bibliothecaires-du-nypl\/#breadcrumb"},"inLanguage":"fr-BE","potentialAction":[{"@type":"ReadAction","target":["https:\/\/vieassociative.be\/actualites\/les-meilleurs-livres-de-chapitre-pour-les-enfants-dage-prescolaire-selon-les-bibliothecaires-du-nypl\/"]}]},{"@type":"ImageObject","inLanguage":"fr-BE","@id":"https:\/\/vieassociative.be\/actualites\/les-meilleurs-livres-de-chapitre-pour-les-enfants-dage-prescolaire-selon-les-bibliothecaires-du-nypl\/#primaryimage","url":"https:\/\/vieassociative.be\/actualites\/wp-content\/uploads\/2024\/10\/Les-meilleurs-livres-de-chapitre-pour-les-enfants-dage-prescolaire.jpg","contentUrl":"https:\/\/vieassociative.be\/actualites\/wp-content\/uploads\/2024\/10\/Les-meilleurs-livres-de-chapitre-pour-les-enfants-dage-prescolaire.jpg","width":1200,"height":675,"caption":"Les meilleurs livres de chapitre pour les enfants d'\u00e2ge pr\u00e9scolaire, selon les biblioth\u00e9caires du NYPL"},{"@type":"BreadcrumbList","@id":"https:\/\/vieassociative.be\/actualites\/les-meilleurs-livres-de-chapitre-pour-les-enfants-dage-prescolaire-selon-les-bibliothecaires-du-nypl\/#breadcrumb","itemListElement":[{"@type":"ListItem","position":1,"name":"Accueil","item":"https:\/\/vieassociative.be\/actualites\/"},{"@type":"ListItem","position":2,"name":"Les meilleurs livres de chapitre pour les enfants d&rsquo;\u00e2ge pr\u00e9scolaire, selon les biblioth\u00e9caires du NYPL"}]},{"@type":"WebSite","@id":"https:\/\/vieassociative.be\/actualites\/#website","url":"https:\/\/vieassociative.be\/actualites\/","name":"Vie Associative","description":"","publisher":{"@id":"https:\/\/vieassociative.be\/actualites\/#organization"},"potentialAction":[{"@type":"SearchAction","target":{"@type":"EntryPoint","urlTemplate":"https:\/\/vieassociative.be\/actualites\/?s={search_term_string}"},"query-input":{"@type":"PropertyValueSpecification","valueRequired":true,"valueName":"search_term_string"}}],"inLanguage":"fr-BE"},{"@type":"Organization","@id":"https:\/\/vieassociative.be\/actualites\/#organization","name":"Vie Associative","url":"https:\/\/vieassociative.be\/actualites\/","logo":{"@type":"ImageObject","inLanguage":"fr-BE","@id":"https:\/\/vieassociative.be\/actualites\/#\/schema\/logo\/image\/","url":"https:\/\/vieassociative.be\/actualites\/wp-content\/uploads\/2024\/09\/cropped-vieassociative_favicon.ico.png","contentUrl":"https:\/\/vieassociative.be\/actualites\/wp-content\/uploads\/2024\/09\/cropped-vieassociative_favicon.ico.png","width":512,"height":512,"caption":"Vie Associative"},"image":{"@id":"https:\/\/vieassociative.be\/actualites\/#\/schema\/logo\/image\/"}},{"@type":"Person","@id":"https:\/\/vieassociative.be\/actualites\/#\/schema\/person\/b87ac4f82f9d4e7b7cec7395b679edc4","name":"Julien","image":{"@type":"ImageObject","inLanguage":"fr-BE","@id":"https:\/\/vieassociative.be\/actualites\/#\/schema\/person\/image\/","url":"https:\/\/vieassociative.be\/actualites\/wp-content\/uploads\/2024\/09\/vie-associative-1-150x150.jpg","contentUrl":"https:\/\/vieassociative.be\/actualites\/wp-content\/uploads\/2024\/09\/vie-associative-1-150x150.jpg","caption":"Julien"},"description":"Je suis Julien, r\u00e9dacteur pour Vie Associative. Passionn\u00e9 par le monde associatif depuis plus de 10 ans, j'ai \u00e0 c\u0153ur de partager des histoires inspirantes et de mettre en lumi\u00e8re les initiatives locales. Mon objectif est de sensibiliser et d'encourager l'engagement communautaire \u00e0 travers mes articles.","sameAs":["https:\/\/vieassociative.be\/"]}]}},"_links":{"self":[{"href":"https:\/\/vieassociative.be\/actualites\/wp-json\/wp\/v2\/posts\/1417"}],"collection":[{"href":"https:\/\/vieassociative.be\/actualites\/wp-json\/wp\/v2\/posts"}],"about":[{"href":"https:\/\/vieassociative.be\/actualites\/wp-json\/wp\/v2\/types\/post"}],"author":[{"embeddable":true,"href":"https:\/\/vieassociative.be\/actualites\/wp-json\/wp\/v2\/users\/1"}],"replies":[{"embeddable":true,"href":"https:\/\/vieassociative.be\/actualites\/wp-json\/wp\/v2\/comments?post=1417"}],"version-history":[{"count":0,"href":"https:\/\/vieassociative.be\/actualites\/wp-json\/wp\/v2\/posts\/1417\/revisions"}],"wp:featuredmedia":[{"embeddable":true,"href":"https:\/\/vieassociative.be\/actualites\/wp-json\/wp\/v2\/media\/1418"}],"wp:attachment":[{"href":"https:\/\/vieassociative.be\/actualites\/wp-json\/wp\/v2\/media?parent=1417"}],"wp:term":[{"taxonomy":"category","embeddable":true,"href":"https:\/\/vieassociative.be\/actualites\/wp-json\/wp\/v2\/categories?post=1417"},{"taxonomy":"post_tag","embeddable":true,"href":"https:\/\/vieassociative.be\/actualites\/wp-json\/wp\/v2\/tags?post=1417"}],"curies":[{"name":"wp","href":"https:\/\/api.w.org\/{rel}","templated":true}]}}