{"id":1391,"date":"2024-10-19T08:19:13","date_gmt":"2024-10-19T06:19:13","guid":{"rendered":"https:\/\/vieassociative.be\/actualites\/commencez-votre-matinee-avec-des-oeufs-brouilles-frits\/"},"modified":"2024-10-19T08:19:13","modified_gmt":"2024-10-19T06:19:13","slug":"commencez-votre-matinee-avec-des-oeufs-brouilles-frits","status":"publish","type":"post","link":"https:\/\/vieassociative.be\/actualites\/commencez-votre-matinee-avec-des-oeufs-brouilles-frits\/","title":{"rendered":"Commencez votre matin\u00e9e avec des \u0153ufs brouill\u00e9s frits"},"content":{"rendered":"<div class=\"mt-4 leading-6 md:mb-8\">C&rsquo;est comme un g\u00e2teau en entonnoir savoureux aux \u0153ufs, particuli\u00e8rement parfait pour un brunch rapide et d\u00e9cadent.<\/div>\n<p><\/p>\n<p>Juste au moment o\u00f9 je pense avoir fini d&rsquo;exp\u00e9rimenter les \u0153ufs brouill\u00e9s, je rencontre une nouvelle pr\u00e9paration (pour moi) et je suis encore une fois s\u00e9duit par la polyvalence de l&rsquo;ingr\u00e9dient. Alors que je pr\u00e9f\u00e8re habituellement un \u0153uf brouill\u00e9 moelleux et \u00e0 la cr\u00e8me, j&rsquo;ai r\u00e9cemment d\u00e9couvert le telur gulun, une brochette d&rsquo;\u0153ufs indon\u00e9sienne \u00e0 base de <em>frit<\/em> oeufs brouill\u00e9s.<\/p>\n<p>Ils sont \u00e0 l\u2019oppos\u00e9 de mon doux brouillage bien-aim\u00e9, et ils sont incroyables. Les \u0153ufs sont brouill\u00e9s et vers\u00e9s dans une bouteille souple, puis ajout\u00e9s \u00e0 l&rsquo;huile chaude en un mince filet, cr\u00e9ant de fins rubans d&rsquo;\u0153ufs croustillants mais tendres, qui sont ensuite enroul\u00e9s autour d&rsquo;une brochette. Je n&rsquo;avais pas suffisamment confiance en moi pour tenter l&rsquo;\u00e9tape d&#8217;emballage, alors j&rsquo;ai laiss\u00e9 les \u0153ufs frire \u00e0 plat \u2013 ma cr\u00e9ation \u00e9tait plut\u00f4t un g\u00e2teau en entonnoir savoureux, aux \u0153ufs.<\/p>\n<p>Si cela vous convient, vous avez raison. Si vous souhaitez les pr\u00e9parer, commencez par chauffer de l\u2019huile \u00e0 des temp\u00e9ratures de friture (350-375\u2109). Une huile neutre \u00e0 haute temp\u00e9rature (comme l&rsquo;huile v\u00e9g\u00e9tale) fonctionne mieux, mais j&rsquo;\u00e9tais \u00e0 fond, j&rsquo;ai donc utilis\u00e9 un m\u00e9lange d&rsquo;huile d&rsquo;olive et de graisse de bacon. (Je dois faire du shopping.) Brouillez quelques \u0153ufs dans un bocal et assaisonnez-les \u00e0 votre go\u00fbt\u00a0; J&rsquo;ai utilis\u00e9 du sel, du poivre blanc et du MSG. Vous pouvez ensuite verser les \u0153ufs dans une bouteille souple ou les verser dans l&rsquo;huile \u00e0 travers une \u00e9cumoire (recherchez-en une avec beaucoup de trous plut\u00f4t que de fentes). <\/p>\n<p>Les \u0153ufs gonfleront et friront, cr\u00e9ant une couche dor\u00e9e et croustillante au fond tandis que la couche sup\u00e9rieure reste belle et tendre. Transf\u00e9rer dans une assiette avec une grande spatule, puis retourner et servir, c\u00f4t\u00e9 croustillant vers le haut, avec du sel feuillet\u00e9, de la ciboulette et une cuiller\u00e9e de cr\u00e8me sure. (La cr\u00e8me sure est techniquement facultative, mais d\u00e9licieuse, et j&rsquo;ai achet\u00e9 un pot de trois livres chez Costco et je l&rsquo;ai ajout\u00e9e \u00e0 tout.)<\/p>\n<h2 id=\"deep-fried-scrambled-eggs-claire-style\">\u0152ufs brouill\u00e9s frits (fa\u00e7on Claire)<\/h2>\n<h2>Ingr\u00e9dients:<\/h2>\n<ul>\n<li>\n<p>2 oeufs<\/p>\n<\/li>\n<li>\n<p>2 grosses pinc\u00e9es de sel<\/p>\n<\/li>\n<li>\n<p>1 pinc\u00e9e de MSG<\/p>\n<\/li>\n<li>\n<p>1 pinc\u00e9e de poivre blanc<\/p>\n<\/li>\n<li>\n<p>Huile<\/p>\n<\/li>\n<li>\n<p>Sel feuillet\u00e9, cr\u00e8me sure et ciboulette, pour la finition<\/p>\n<\/li>\n<\/ul>\n<p>Ajoutez les \u0153ufs et les assaisonnements dans un pot, fermez-le et secouez comme un diable. Faites chauffer environ un pouce d&rsquo;huile dans une po\u00eale moyenne \u00e0 feu vif, jusqu&rsquo;\u00e0 ce qu&rsquo;elle atteigne une temp\u00e9rature comprise entre 350 \u2109 et 375 \u2109.<\/p>\n<p>Tenez une \u00e9cumoire en m\u00e9tal sur l&rsquo;huile et versez les \u0153ufs dans l&rsquo;\u00e9cumoire. Laissez-les frire quelques minutes, jusqu&rsquo;\u00e0 ce que le fond soit dor\u00e9 et que les \u0153ufs restent ensemble en un seul morceau, puis retirez-les de la po\u00eale \u00e0 l&rsquo;aide de deux spatules m\u00e9talliques. Transf\u00e9rer dans une assiette, puis retourner sur une deuxi\u00e8me assiette de mani\u00e8re \u00e0 ce que le c\u00f4t\u00e9 croustillant soit vers le haut. Terminez avec du sel feuillet\u00e9, une cuiller\u00e9e de cr\u00e8me sure et de la ciboulette. Vous pouvez \u00e9galement utiliser le g\u00e2teau aux \u0153ufs croustillant comme un wrap, si vous essayez de garder les choses \u00e0 faible teneur en glucides, mais que vous manquez les textures carby.<\/p>\n","protected":false},"excerpt":{"rendered":"<p>C&rsquo;est comme un g\u00e2teau en entonnoir savoureux aux \u0153ufs, particuli\u00e8rement parfait pour un brunch rapide et d\u00e9cadent. Juste au moment o\u00f9 je pense avoir fini<\/p>\n","protected":false},"author":1,"featured_media":1392,"comment_status":"","ping_status":"","sticky":false,"template":"","format":"standard","meta":{"footnotes":""},"categories":[39],"tags":[61,1968,478,29,747,1967,1803,8],"class_list":["post-1391","post","type-post","status-publish","format-standard","has-post-thumbnail","hentry","category-gastronomie","tag-avec","tag-brouilles","tag-commencez","tag-des","tag-frits","tag-matinee","tag-oeufs","tag-votre","generate-columns","tablet-grid-50","mobile-grid-100","grid-parent","grid-33"],"yoast_head":"<!-- This site is optimized with the Yoast SEO plugin v24.0 - https:\/\/yoast.com\/wordpress\/plugins\/seo\/ -->\n<title>Commencez votre matin\u00e9e avec des \u0153ufs brouill\u00e9s frits | Vie Associative<\/title>\n<meta name=\"robots\" content=\"index, follow, max-snippet:-1, max-image-preview:large, max-video-preview:-1\" \/>\n<link rel=\"canonical\" href=\"https:\/\/vieassociative.be\/actualites\/commencez-votre-matinee-avec-des-oeufs-brouilles-frits\/\" \/>\n<meta property=\"og:locale\" content=\"fr_FR\" \/>\n<meta property=\"og:type\" content=\"article\" \/>\n<meta property=\"og:title\" content=\"Commencez votre matin\u00e9e avec des \u0153ufs brouill\u00e9s frits | Vie Associative\" \/>\n<meta property=\"og:description\" content=\"C&rsquo;est comme un g\u00e2teau en entonnoir savoureux aux \u0153ufs, particuli\u00e8rement parfait pour un brunch rapide et d\u00e9cadent. Juste au moment o\u00f9 je pense avoir fini\" \/>\n<meta property=\"og:url\" content=\"https:\/\/vieassociative.be\/actualites\/commencez-votre-matinee-avec-des-oeufs-brouilles-frits\/\" \/>\n<meta property=\"og:site_name\" content=\"Vie Associative\" \/>\n<meta property=\"article:published_time\" content=\"2024-10-19T06:19:13+00:00\" \/>\n<meta property=\"og:image\" content=\"https:\/\/vieassociative.be\/actualites\/wp-content\/uploads\/2024\/09\/header_backgroundk-01-e1726694325946.png\" \/>\n\t<meta property=\"og:image:width\" content=\"279\" \/>\n\t<meta property=\"og:image:height\" content=\"92\" \/>\n\t<meta property=\"og:image:type\" content=\"image\/png\" \/>\n<meta name=\"author\" content=\"Julien\" \/>\n<meta name=\"twitter:card\" content=\"summary_large_image\" \/>\n<meta name=\"twitter:label1\" content=\"\u00c9crit par\" \/>\n\t<meta name=\"twitter:data1\" content=\"Julien\" \/>\n\t<meta name=\"twitter:label2\" content=\"Dur\u00e9e de lecture est.\" \/>\n\t<meta name=\"twitter:data2\" content=\"3 minutes\" \/>\n<script type=\"application\/ld+json\" class=\"yoast-schema-graph\">{\"@context\":\"https:\/\/schema.org\",\"@graph\":[{\"@type\":\"Article\",\"@id\":\"https:\/\/vieassociative.be\/actualites\/commencez-votre-matinee-avec-des-oeufs-brouilles-frits\/#article\",\"isPartOf\":{\"@id\":\"https:\/\/vieassociative.be\/actualites\/commencez-votre-matinee-avec-des-oeufs-brouilles-frits\/\"},\"author\":{\"name\":\"Julien\",\"@id\":\"https:\/\/vieassociative.be\/actualites\/#\/schema\/person\/b87ac4f82f9d4e7b7cec7395b679edc4\"},\"headline\":\"Commencez votre matin\u00e9e avec des \u0153ufs brouill\u00e9s frits\",\"datePublished\":\"2024-10-19T06:19:13+00:00\",\"dateModified\":\"2024-10-19T06:19:13+00:00\",\"mainEntityOfPage\":{\"@id\":\"https:\/\/vieassociative.be\/actualites\/commencez-votre-matinee-avec-des-oeufs-brouilles-frits\/\"},\"wordCount\":595,\"publisher\":{\"@id\":\"https:\/\/vieassociative.be\/actualites\/#organization\"},\"image\":{\"@id\":\"https:\/\/vieassociative.be\/actualites\/commencez-votre-matinee-avec-des-oeufs-brouilles-frits\/#primaryimage\"},\"thumbnailUrl\":\"https:\/\/vieassociative.be\/actualites\/wp-content\/uploads\/2024\/10\/Commencez-votre-matinee-avec-des-oeufs-brouilles-frits.jpg\",\"keywords\":[\"avec\",\"brouill\u00e9s\",\"Commencez\",\"Des\",\"frits\",\"matin\u00e9e\",\"\u0153ufs\",\"votre\"],\"articleSection\":[\"Gastronomie\"],\"inLanguage\":\"fr-BE\"},{\"@type\":\"WebPage\",\"@id\":\"https:\/\/vieassociative.be\/actualites\/commencez-votre-matinee-avec-des-oeufs-brouilles-frits\/\",\"url\":\"https:\/\/vieassociative.be\/actualites\/commencez-votre-matinee-avec-des-oeufs-brouilles-frits\/\",\"name\":\"Commencez votre matin\u00e9e avec des \u0153ufs brouill\u00e9s frits | Vie Associative\",\"isPartOf\":{\"@id\":\"https:\/\/vieassociative.be\/actualites\/#website\"},\"primaryImageOfPage\":{\"@id\":\"https:\/\/vieassociative.be\/actualites\/commencez-votre-matinee-avec-des-oeufs-brouilles-frits\/#primaryimage\"},\"image\":{\"@id\":\"https:\/\/vieassociative.be\/actualites\/commencez-votre-matinee-avec-des-oeufs-brouilles-frits\/#primaryimage\"},\"thumbnailUrl\":\"https:\/\/vieassociative.be\/actualites\/wp-content\/uploads\/2024\/10\/Commencez-votre-matinee-avec-des-oeufs-brouilles-frits.jpg\",\"datePublished\":\"2024-10-19T06:19:13+00:00\",\"dateModified\":\"2024-10-19T06:19:13+00:00\",\"breadcrumb\":{\"@id\":\"https:\/\/vieassociative.be\/actualites\/commencez-votre-matinee-avec-des-oeufs-brouilles-frits\/#breadcrumb\"},\"inLanguage\":\"fr-BE\",\"potentialAction\":[{\"@type\":\"ReadAction\",\"target\":[\"https:\/\/vieassociative.be\/actualites\/commencez-votre-matinee-avec-des-oeufs-brouilles-frits\/\"]}]},{\"@type\":\"ImageObject\",\"inLanguage\":\"fr-BE\",\"@id\":\"https:\/\/vieassociative.be\/actualites\/commencez-votre-matinee-avec-des-oeufs-brouilles-frits\/#primaryimage\",\"url\":\"https:\/\/vieassociative.be\/actualites\/wp-content\/uploads\/2024\/10\/Commencez-votre-matinee-avec-des-oeufs-brouilles-frits.jpg\",\"contentUrl\":\"https:\/\/vieassociative.be\/actualites\/wp-content\/uploads\/2024\/10\/Commencez-votre-matinee-avec-des-oeufs-brouilles-frits.jpg\",\"width\":1200,\"height\":675,\"caption\":\"Commencez votre matin\u00e9e avec des \u0153ufs brouill\u00e9s frits\"},{\"@type\":\"BreadcrumbList\",\"@id\":\"https:\/\/vieassociative.be\/actualites\/commencez-votre-matinee-avec-des-oeufs-brouilles-frits\/#breadcrumb\",\"itemListElement\":[{\"@type\":\"ListItem\",\"position\":1,\"name\":\"Accueil\",\"item\":\"https:\/\/vieassociative.be\/actualites\/\"},{\"@type\":\"ListItem\",\"position\":2,\"name\":\"Commencez votre matin\u00e9e avec des \u0153ufs brouill\u00e9s frits\"}]},{\"@type\":\"WebSite\",\"@id\":\"https:\/\/vieassociative.be\/actualites\/#website\",\"url\":\"https:\/\/vieassociative.be\/actualites\/\",\"name\":\"Vie Associative\",\"description\":\"\",\"publisher\":{\"@id\":\"https:\/\/vieassociative.be\/actualites\/#organization\"},\"potentialAction\":[{\"@type\":\"SearchAction\",\"target\":{\"@type\":\"EntryPoint\",\"urlTemplate\":\"https:\/\/vieassociative.be\/actualites\/?s={search_term_string}\"},\"query-input\":{\"@type\":\"PropertyValueSpecification\",\"valueRequired\":true,\"valueName\":\"search_term_string\"}}],\"inLanguage\":\"fr-BE\"},{\"@type\":\"Organization\",\"@id\":\"https:\/\/vieassociative.be\/actualites\/#organization\",\"name\":\"Vie Associative\",\"url\":\"https:\/\/vieassociative.be\/actualites\/\",\"logo\":{\"@type\":\"ImageObject\",\"inLanguage\":\"fr-BE\",\"@id\":\"https:\/\/vieassociative.be\/actualites\/#\/schema\/logo\/image\/\",\"url\":\"https:\/\/vieassociative.be\/actualites\/wp-content\/uploads\/2024\/09\/cropped-vieassociative_favicon.ico.png\",\"contentUrl\":\"https:\/\/vieassociative.be\/actualites\/wp-content\/uploads\/2024\/09\/cropped-vieassociative_favicon.ico.png\",\"width\":512,\"height\":512,\"caption\":\"Vie Associative\"},\"image\":{\"@id\":\"https:\/\/vieassociative.be\/actualites\/#\/schema\/logo\/image\/\"}},{\"@type\":\"Person\",\"@id\":\"https:\/\/vieassociative.be\/actualites\/#\/schema\/person\/b87ac4f82f9d4e7b7cec7395b679edc4\",\"name\":\"Julien\",\"image\":{\"@type\":\"ImageObject\",\"inLanguage\":\"fr-BE\",\"@id\":\"https:\/\/vieassociative.be\/actualites\/#\/schema\/person\/image\/\",\"url\":\"https:\/\/vieassociative.be\/actualites\/wp-content\/uploads\/2024\/09\/vie-associative-1-150x150.jpg\",\"contentUrl\":\"https:\/\/vieassociative.be\/actualites\/wp-content\/uploads\/2024\/09\/vie-associative-1-150x150.jpg\",\"caption\":\"Julien\"},\"description\":\"Je suis Julien, r\u00e9dacteur pour Vie Associative. Passionn\u00e9 par le monde associatif depuis plus de 10 ans, j'ai \u00e0 c\u0153ur de partager des histoires inspirantes et de mettre en lumi\u00e8re les initiatives locales. Mon objectif est de sensibiliser et d'encourager l'engagement communautaire \u00e0 travers mes articles.\",\"sameAs\":[\"https:\/\/vieassociative.be\/\"]}]}<\/script>\n<!-- \/ Yoast SEO plugin. -->","yoast_head_json":{"title":"Commencez votre matin\u00e9e avec des \u0153ufs brouill\u00e9s frits | Vie Associative","robots":{"index":"index","follow":"follow","max-snippet":"max-snippet:-1","max-image-preview":"max-image-preview:large","max-video-preview":"max-video-preview:-1"},"canonical":"https:\/\/vieassociative.be\/actualites\/commencez-votre-matinee-avec-des-oeufs-brouilles-frits\/","og_locale":"fr_FR","og_type":"article","og_title":"Commencez votre matin\u00e9e avec des \u0153ufs brouill\u00e9s frits | Vie Associative","og_description":"C&rsquo;est comme un g\u00e2teau en entonnoir savoureux aux \u0153ufs, particuli\u00e8rement parfait pour un brunch rapide et d\u00e9cadent. Juste au moment o\u00f9 je pense avoir fini","og_url":"https:\/\/vieassociative.be\/actualites\/commencez-votre-matinee-avec-des-oeufs-brouilles-frits\/","og_site_name":"Vie Associative","article_published_time":"2024-10-19T06:19:13+00:00","og_image":[{"width":279,"height":92,"url":"https:\/\/vieassociative.be\/actualites\/wp-content\/uploads\/2024\/09\/header_backgroundk-01-e1726694325946.png","type":"image\/png"}],"author":"Julien","twitter_card":"summary_large_image","twitter_misc":{"\u00c9crit par":"Julien","Dur\u00e9e de lecture est.":"3 minutes"},"schema":{"@context":"https:\/\/schema.org","@graph":[{"@type":"Article","@id":"https:\/\/vieassociative.be\/actualites\/commencez-votre-matinee-avec-des-oeufs-brouilles-frits\/#article","isPartOf":{"@id":"https:\/\/vieassociative.be\/actualites\/commencez-votre-matinee-avec-des-oeufs-brouilles-frits\/"},"author":{"name":"Julien","@id":"https:\/\/vieassociative.be\/actualites\/#\/schema\/person\/b87ac4f82f9d4e7b7cec7395b679edc4"},"headline":"Commencez votre matin\u00e9e avec des \u0153ufs brouill\u00e9s frits","datePublished":"2024-10-19T06:19:13+00:00","dateModified":"2024-10-19T06:19:13+00:00","mainEntityOfPage":{"@id":"https:\/\/vieassociative.be\/actualites\/commencez-votre-matinee-avec-des-oeufs-brouilles-frits\/"},"wordCount":595,"publisher":{"@id":"https:\/\/vieassociative.be\/actualites\/#organization"},"image":{"@id":"https:\/\/vieassociative.be\/actualites\/commencez-votre-matinee-avec-des-oeufs-brouilles-frits\/#primaryimage"},"thumbnailUrl":"https:\/\/vieassociative.be\/actualites\/wp-content\/uploads\/2024\/10\/Commencez-votre-matinee-avec-des-oeufs-brouilles-frits.jpg","keywords":["avec","brouill\u00e9s","Commencez","Des","frits","matin\u00e9e","\u0153ufs","votre"],"articleSection":["Gastronomie"],"inLanguage":"fr-BE"},{"@type":"WebPage","@id":"https:\/\/vieassociative.be\/actualites\/commencez-votre-matinee-avec-des-oeufs-brouilles-frits\/","url":"https:\/\/vieassociative.be\/actualites\/commencez-votre-matinee-avec-des-oeufs-brouilles-frits\/","name":"Commencez votre matin\u00e9e avec des \u0153ufs brouill\u00e9s frits | Vie Associative","isPartOf":{"@id":"https:\/\/vieassociative.be\/actualites\/#website"},"primaryImageOfPage":{"@id":"https:\/\/vieassociative.be\/actualites\/commencez-votre-matinee-avec-des-oeufs-brouilles-frits\/#primaryimage"},"image":{"@id":"https:\/\/vieassociative.be\/actualites\/commencez-votre-matinee-avec-des-oeufs-brouilles-frits\/#primaryimage"},"thumbnailUrl":"https:\/\/vieassociative.be\/actualites\/wp-content\/uploads\/2024\/10\/Commencez-votre-matinee-avec-des-oeufs-brouilles-frits.jpg","datePublished":"2024-10-19T06:19:13+00:00","dateModified":"2024-10-19T06:19:13+00:00","breadcrumb":{"@id":"https:\/\/vieassociative.be\/actualites\/commencez-votre-matinee-avec-des-oeufs-brouilles-frits\/#breadcrumb"},"inLanguage":"fr-BE","potentialAction":[{"@type":"ReadAction","target":["https:\/\/vieassociative.be\/actualites\/commencez-votre-matinee-avec-des-oeufs-brouilles-frits\/"]}]},{"@type":"ImageObject","inLanguage":"fr-BE","@id":"https:\/\/vieassociative.be\/actualites\/commencez-votre-matinee-avec-des-oeufs-brouilles-frits\/#primaryimage","url":"https:\/\/vieassociative.be\/actualites\/wp-content\/uploads\/2024\/10\/Commencez-votre-matinee-avec-des-oeufs-brouilles-frits.jpg","contentUrl":"https:\/\/vieassociative.be\/actualites\/wp-content\/uploads\/2024\/10\/Commencez-votre-matinee-avec-des-oeufs-brouilles-frits.jpg","width":1200,"height":675,"caption":"Commencez votre matin\u00e9e avec des \u0153ufs brouill\u00e9s frits"},{"@type":"BreadcrumbList","@id":"https:\/\/vieassociative.be\/actualites\/commencez-votre-matinee-avec-des-oeufs-brouilles-frits\/#breadcrumb","itemListElement":[{"@type":"ListItem","position":1,"name":"Accueil","item":"https:\/\/vieassociative.be\/actualites\/"},{"@type":"ListItem","position":2,"name":"Commencez votre matin\u00e9e avec des \u0153ufs brouill\u00e9s frits"}]},{"@type":"WebSite","@id":"https:\/\/vieassociative.be\/actualites\/#website","url":"https:\/\/vieassociative.be\/actualites\/","name":"Vie Associative","description":"","publisher":{"@id":"https:\/\/vieassociative.be\/actualites\/#organization"},"potentialAction":[{"@type":"SearchAction","target":{"@type":"EntryPoint","urlTemplate":"https:\/\/vieassociative.be\/actualites\/?s={search_term_string}"},"query-input":{"@type":"PropertyValueSpecification","valueRequired":true,"valueName":"search_term_string"}}],"inLanguage":"fr-BE"},{"@type":"Organization","@id":"https:\/\/vieassociative.be\/actualites\/#organization","name":"Vie Associative","url":"https:\/\/vieassociative.be\/actualites\/","logo":{"@type":"ImageObject","inLanguage":"fr-BE","@id":"https:\/\/vieassociative.be\/actualites\/#\/schema\/logo\/image\/","url":"https:\/\/vieassociative.be\/actualites\/wp-content\/uploads\/2024\/09\/cropped-vieassociative_favicon.ico.png","contentUrl":"https:\/\/vieassociative.be\/actualites\/wp-content\/uploads\/2024\/09\/cropped-vieassociative_favicon.ico.png","width":512,"height":512,"caption":"Vie Associative"},"image":{"@id":"https:\/\/vieassociative.be\/actualites\/#\/schema\/logo\/image\/"}},{"@type":"Person","@id":"https:\/\/vieassociative.be\/actualites\/#\/schema\/person\/b87ac4f82f9d4e7b7cec7395b679edc4","name":"Julien","image":{"@type":"ImageObject","inLanguage":"fr-BE","@id":"https:\/\/vieassociative.be\/actualites\/#\/schema\/person\/image\/","url":"https:\/\/vieassociative.be\/actualites\/wp-content\/uploads\/2024\/09\/vie-associative-1-150x150.jpg","contentUrl":"https:\/\/vieassociative.be\/actualites\/wp-content\/uploads\/2024\/09\/vie-associative-1-150x150.jpg","caption":"Julien"},"description":"Je suis Julien, r\u00e9dacteur pour Vie Associative. Passionn\u00e9 par le monde associatif depuis plus de 10 ans, j'ai \u00e0 c\u0153ur de partager des histoires inspirantes et de mettre en lumi\u00e8re les initiatives locales. Mon objectif est de sensibiliser et d'encourager l'engagement communautaire \u00e0 travers mes articles.","sameAs":["https:\/\/vieassociative.be\/"]}]}},"_links":{"self":[{"href":"https:\/\/vieassociative.be\/actualites\/wp-json\/wp\/v2\/posts\/1391"}],"collection":[{"href":"https:\/\/vieassociative.be\/actualites\/wp-json\/wp\/v2\/posts"}],"about":[{"href":"https:\/\/vieassociative.be\/actualites\/wp-json\/wp\/v2\/types\/post"}],"author":[{"embeddable":true,"href":"https:\/\/vieassociative.be\/actualites\/wp-json\/wp\/v2\/users\/1"}],"replies":[{"embeddable":true,"href":"https:\/\/vieassociative.be\/actualites\/wp-json\/wp\/v2\/comments?post=1391"}],"version-history":[{"count":0,"href":"https:\/\/vieassociative.be\/actualites\/wp-json\/wp\/v2\/posts\/1391\/revisions"}],"wp:featuredmedia":[{"embeddable":true,"href":"https:\/\/vieassociative.be\/actualites\/wp-json\/wp\/v2\/media\/1392"}],"wp:attachment":[{"href":"https:\/\/vieassociative.be\/actualites\/wp-json\/wp\/v2\/media?parent=1391"}],"wp:term":[{"taxonomy":"category","embeddable":true,"href":"https:\/\/vieassociative.be\/actualites\/wp-json\/wp\/v2\/categories?post=1391"},{"taxonomy":"post_tag","embeddable":true,"href":"https:\/\/vieassociative.be\/actualites\/wp-json\/wp\/v2\/tags?post=1391"}],"curies":[{"name":"wp","href":"https:\/\/api.w.org\/{rel}","templated":true}]}}