{"id":1389,"date":"2024-10-19T06:19:21","date_gmt":"2024-10-19T04:19:21","guid":{"rendered":"https:\/\/vieassociative.be\/actualites\/x-donne-vos-donnees-pour-former-des-ia-tierces\/"},"modified":"2024-10-19T06:19:21","modified_gmt":"2024-10-19T04:19:21","slug":"x-donne-vos-donnees-pour-former-des-ia-tierces","status":"publish","type":"post","link":"https:\/\/vieassociative.be\/actualites\/x-donne-vos-donnees-pour-former-des-ia-tierces\/","title":{"rendered":"X donne vos donn\u00e9es pour former des IA tierces"},"content":{"rendered":"<div class=\"mt-4 leading-6 md:mb-8\">Il est peut-\u00eatre enfin temps de quitter cet endroit.<\/div>\n<p><\/p>\n<p>\u00c0 l&rsquo;\u00e9poque o\u00f9 elle \u00e9tait connue sous le nom de Twitter, l&rsquo;application de m\u00e9dias sociaux avait de nombreux probl\u00e8mes, mais je parierais que la part des utilisateurs qui pensent que X est un site florissant et fonctionnel est consid\u00e9rablement faible en comparaison. Les changements mis en \u0153uvre sous la direction du PDG Elon Musk ont \u200b\u200babouti \u00e0 une plateforme moins s\u00e9curis\u00e9e, plus toxique et, franchement, irrespectueuse de la vie priv\u00e9e de ses utilisateurs. <\/p>\n<p>Vous n&rsquo;avez pas besoin de chercher tr\u00e8s attentivement pour comprendre pourquoi X n&rsquo;a \u200b\u200baucun respect pour vos donn\u00e9es : l&rsquo;ann\u00e9e derni\u00e8re, nous avons d\u00e9couvert que Circles, une fonctionnalit\u00e9 explicitement con\u00e7ue pour partager des publications avec un cercle priv\u00e9 d&rsquo;abonn\u00e9s, permettait simplement aux utilisateurs non approuv\u00e9s de voir votre messages pour une raison quelconque. Puis, en juillet, X a offert aux utilisateurs la possibilit\u00e9 d&#8217;emp\u00eacher la plate-forme d&rsquo;IA de l&rsquo;entreprise, Grok, d&rsquo;utiliser leurs donn\u00e9es \u00e0 des fins de formation, ce qui sugg\u00e8re que l&rsquo;entreprise aurait pu r\u00e9cup\u00e9rer les donn\u00e9es des utilisateurs sans autorisation auparavant.<\/p>\n<p>Il s\u2019av\u00e8re d\u00e9sormais que les donn\u00e9es des utilisateurs de X sont \u00e0 nouveau utilis\u00e9es pour la formation en IA, mais cette fois pour des tiers anonymes, encore une fois sans consentement pr\u00e9alable.<\/p>\n<h2 id=\"x-seems-to-be-selling-your-user-data-for-third-party-ai-training\">X semble vendre vos donn\u00e9es utilisateur pour une formation tierce en IA<\/h2>\n<p>Tel que rapport\u00e9 par TechCrunch, X a mis \u00e0 jour sa politique de confidentialit\u00e9 mercredi, indiquant que l&rsquo;entreprise transmettra les donn\u00e9es des utilisateurs \u00e0 des collaborateurs tiers \u00e0 des fins de formation \u00e0 l&rsquo;IA. Il s&rsquo;agit d&rsquo;une situation par d\u00e9faut et non d&rsquo;une option d&rsquo;adh\u00e9sion\u00a0: si vous n&rsquo;aimez pas que le son de vos publications et de vos activit\u00e9s soit utilis\u00e9 pour entra\u00eener de myst\u00e9rieux syst\u00e8mes d&rsquo;IA dans le monde, vous devez le dire cat\u00e9goriquement, en supposant m\u00eame que vous sachiez que c&rsquo;est un probl\u00e8me. option en premier lieu. <\/p>\n<p>Bien que le changement de r\u00e8gle ne pr\u00e9cise pas si X b\u00e9n\u00e9ficie financi\u00e8rement de ces collaborations avec des tiers, cela semble probable. Apr\u00e8s tout, d&rsquo;autres soci\u00e9t\u00e9s ont vendu des donn\u00e9es utilisateur \u00e0 d&rsquo;autres soci\u00e9t\u00e9s pour former des mod\u00e8les d&rsquo;IA, notamment Reddit et Discord, qui, comme X, disposent chacune d&rsquo;une \u00e9norme quantit\u00e9 de contenu g\u00e9n\u00e9r\u00e9 par les utilisateurs \u00e0 offrir aux meilleurs acheteurs.<\/p>\n<p>La partie sp\u00e9cifique de la politique de confidentialit\u00e9 qui appelle cette activit\u00e9 est la suivante\u00a0: <\/p>\n<p>\u00ab\u00a0<strong>Collaborateurs tiers.<\/strong> En fonction de vos param\u00e8tres, ou si vous d\u00e9cidez de partager vos donn\u00e9es, nous pouvons partager ou divulguer vos informations avec des tiers. Si vous ne vous d\u00e9sinscrivez pas, dans certains cas, les destinataires des informations peuvent les utiliser \u00e0 leurs propres fins ind\u00e9pendantes en plus de celles indiqu\u00e9es dans la politique de confidentialit\u00e9 de X, y compris, par exemple, pour entra\u00eener leurs mod\u00e8les d&rsquo;intelligence artificielle, qu&rsquo;ils soient g\u00e9n\u00e9ratifs ou autres. \u00bb<\/p>\n<h2 id=\"how-to-opt-out-of-ai-data-sharing-on-x\">Comment d\u00e9sactiver le partage de donn\u00e9es IA sur X<\/h2>\n<p>Pour vous d\u00e9sinscrire de ce partage de donn\u00e9es, vous devez modifier vos param\u00e8tres sur X. Rendez-vous sur <strong>Confidentialit\u00e9 et s\u00e9curit\u00e9<\/strong>alors, sous <strong>Partage et personnalisation des donn\u00e9es<\/strong>cliquez <strong>Partage de donn\u00e9es avec des partenaires commerciaux<\/strong>. D\u00e9sactivez cette fonctionnalit\u00e9 pour vous d\u00e9sinscrire. <\/p>\n<p>Ce qui est potentiellement le plus flagrant dans cette situation, \u00e0 part le fait que X vend des donn\u00e9es utilisateur en premier lieu, c&rsquo;est qu&rsquo;il n&rsquo;est pas du tout \u00e9vident de savoir comment le d\u00e9sactiver. M\u00eame lorsque vous acc\u00e9dez \u00e0 la page de ce param\u00e8tre, le message suivant s&rsquo;affiche\u00a0:<\/p>\n<p>\u00ab\u00a0X partage toujours des informations avec des partenaires commerciaux afin de g\u00e9rer et d&rsquo;am\u00e9liorer ses produits. Lorsqu&rsquo;elle est activ\u00e9e, cela permet \u00e0 X de partager des informations suppl\u00e9mentaires avec ces partenaires pour aider \u00e0 soutenir la gestion des activit\u00e9s de X, notamment en rendant les activit\u00e9s marketing de X sur d&rsquo;autres sites et applications plus pertinentes. pour vous. En savoir plus.<\/p>\n<p>Il n&rsquo;y a aucune mention explicite de la vente de vos donn\u00e9es pour la formation en IA. En fait, si vous cliquez sur ce lien \u00ab En savoir plus \u00bb, la page \u00e0 laquelle il m\u00e8ne ne mentionne rien non plus sur la formation en IA. TechCrunch postule que X mettra \u00e0 jour ces descriptions le 15 novembre, lorsqu&rsquo;il mettra officiellement \u00e0 jour sa politique de confidentialit\u00e9. Bien s\u00fbr, ce ne sont que des sp\u00e9culations, nous devrons donc attendre et voir.<\/p>\n<h2 id=\"x-doesnt-care-about-you\">X ne se soucie pas de toi<\/h2>\n<p>Quoi qu\u2019il en soit, X ne souhaite clairement pas que la majorit\u00e9 de sa base d\u2019utilisateurs se d\u00e9sengage de ce partage de donn\u00e9es, probablement parce qu\u2019il est dans leur int\u00e9r\u00eat financier de les garder dans le noir. X est en difficult\u00e9 financi\u00e8re, l\u2019entreprise doit donc trouver des moyens de gagner de l\u2019argent. Les annonceurs fuient et la plupart des gens ne veulent pas payer pour quelque chose qu&rsquo;ils peuvent obtenir gratuitement, alors bien s\u00fbr, vendons plut\u00f4t vos donn\u00e9es.<\/p>\n<p>TechCrunch signale \u00e9galement que la nouvelle politique de confidentialit\u00e9 a supprim\u00e9 le langage qui d\u00e9finissait la dur\u00e9e pendant laquelle l&rsquo;entreprise conserverait vos donn\u00e9es, en faveur d&rsquo;un langage qui dit qu&rsquo;elle les conservera essentiellement aussi longtemps que votre compte sera actif et aussi longtemps qu&rsquo;elle le jugera opportun. . De plus, vous ne pouvez pas vous attendre \u00e0 ce que les donn\u00e9es que vous supprimez de X disparaissent pour toujours, car la politique indique que \u00ab le contenu public peut exister ailleurs m\u00eame apr\u00e8s avoir \u00e9t\u00e9 supprim\u00e9 de X \u00bb. Bien que l&rsquo;entreprise utilise des exemples tels que les moteurs de recherche et les tiers d\u00e9tenant vos donn\u00e9es, vous pouvez imaginer que cela couvre \u00e9galement les tiers qui entra\u00eenent leurs mod\u00e8les d&rsquo;IA avec vos publications.<\/p>\n<p>Si vous en avez enfin assez, envisagez de passer \u00e0 l&rsquo;une des nombreuses alternatives X disponibles. (Et si vous choisissez Bluesky, il existe un bon moyen d&rsquo;y trouver tous vos abonn\u00e9s X.)<\/p>\n","protected":false},"excerpt":{"rendered":"<p>Il est peut-\u00eatre enfin temps de quitter cet endroit. \u00c0 l&rsquo;\u00e9poque o\u00f9 elle \u00e9tait connue sous le nom de Twitter, l&rsquo;application de m\u00e9dias sociaux avait<\/p>\n","protected":false},"author":1,"featured_media":1390,"comment_status":"","ping_status":"","sticky":false,"template":"","format":"standard","meta":{"footnotes":""},"categories":[13],"tags":[29,728,154,81,1966,27],"class_list":["post-1389","post","type-post","status-publish","format-standard","has-post-thumbnail","hentry","category-technologie","tag-des","tag-donne","tag-donnees","tag-pour","tag-tierces","tag-vos","generate-columns","tablet-grid-50","mobile-grid-100","grid-parent","grid-33"],"yoast_head":"<!-- This site is optimized with the Yoast SEO plugin v24.0 - https:\/\/yoast.com\/wordpress\/plugins\/seo\/ -->\n<title>X donne vos donn\u00e9es pour former des IA tierces | Vie Associative<\/title>\n<meta name=\"robots\" content=\"index, follow, max-snippet:-1, max-image-preview:large, max-video-preview:-1\" \/>\n<link rel=\"canonical\" href=\"https:\/\/vieassociative.be\/actualites\/x-donne-vos-donnees-pour-former-des-ia-tierces\/\" \/>\n<meta property=\"og:locale\" content=\"fr_FR\" \/>\n<meta property=\"og:type\" content=\"article\" \/>\n<meta property=\"og:title\" content=\"X donne vos donn\u00e9es pour former des IA tierces | Vie Associative\" \/>\n<meta property=\"og:description\" content=\"Il est peut-\u00eatre enfin temps de quitter cet endroit. \u00c0 l&rsquo;\u00e9poque o\u00f9 elle \u00e9tait connue sous le nom de Twitter, l&rsquo;application de m\u00e9dias sociaux avait\" \/>\n<meta property=\"og:url\" content=\"https:\/\/vieassociative.be\/actualites\/x-donne-vos-donnees-pour-former-des-ia-tierces\/\" \/>\n<meta property=\"og:site_name\" content=\"Vie Associative\" \/>\n<meta property=\"article:published_time\" content=\"2024-10-19T04:19:21+00:00\" \/>\n<meta property=\"og:image\" content=\"https:\/\/vieassociative.be\/actualites\/wp-content\/uploads\/2024\/09\/header_backgroundk-01-e1726694325946.png\" \/>\n\t<meta property=\"og:image:width\" content=\"279\" \/>\n\t<meta property=\"og:image:height\" content=\"92\" \/>\n\t<meta property=\"og:image:type\" content=\"image\/png\" \/>\n<meta name=\"author\" content=\"Julien\" \/>\n<meta name=\"twitter:card\" content=\"summary_large_image\" \/>\n<meta name=\"twitter:label1\" content=\"\u00c9crit par\" \/>\n\t<meta name=\"twitter:data1\" content=\"Julien\" \/>\n\t<meta name=\"twitter:label2\" content=\"Dur\u00e9e de lecture est.\" \/>\n\t<meta name=\"twitter:data2\" content=\"5 minutes\" \/>\n<script type=\"application\/ld+json\" class=\"yoast-schema-graph\">{\"@context\":\"https:\/\/schema.org\",\"@graph\":[{\"@type\":\"Article\",\"@id\":\"https:\/\/vieassociative.be\/actualites\/x-donne-vos-donnees-pour-former-des-ia-tierces\/#article\",\"isPartOf\":{\"@id\":\"https:\/\/vieassociative.be\/actualites\/x-donne-vos-donnees-pour-former-des-ia-tierces\/\"},\"author\":{\"name\":\"Julien\",\"@id\":\"https:\/\/vieassociative.be\/actualites\/#\/schema\/person\/b87ac4f82f9d4e7b7cec7395b679edc4\"},\"headline\":\"X donne vos donn\u00e9es pour former des IA tierces\",\"datePublished\":\"2024-10-19T04:19:21+00:00\",\"dateModified\":\"2024-10-19T04:19:21+00:00\",\"mainEntityOfPage\":{\"@id\":\"https:\/\/vieassociative.be\/actualites\/x-donne-vos-donnees-pour-former-des-ia-tierces\/\"},\"wordCount\":1078,\"publisher\":{\"@id\":\"https:\/\/vieassociative.be\/actualites\/#organization\"},\"image\":{\"@id\":\"https:\/\/vieassociative.be\/actualites\/x-donne-vos-donnees-pour-former-des-ia-tierces\/#primaryimage\"},\"thumbnailUrl\":\"https:\/\/vieassociative.be\/actualites\/wp-content\/uploads\/2024\/10\/X-donne-vos-donnees-pour-former-des-IA-tierces.jpg\",\"keywords\":[\"Des\",\"donne\",\"donn\u00e9es\",\"pour\",\"tierces\",\"vos\"],\"articleSection\":[\"Technologie\"],\"inLanguage\":\"fr-BE\"},{\"@type\":\"WebPage\",\"@id\":\"https:\/\/vieassociative.be\/actualites\/x-donne-vos-donnees-pour-former-des-ia-tierces\/\",\"url\":\"https:\/\/vieassociative.be\/actualites\/x-donne-vos-donnees-pour-former-des-ia-tierces\/\",\"name\":\"X donne vos donn\u00e9es pour former des IA tierces | Vie Associative\",\"isPartOf\":{\"@id\":\"https:\/\/vieassociative.be\/actualites\/#website\"},\"primaryImageOfPage\":{\"@id\":\"https:\/\/vieassociative.be\/actualites\/x-donne-vos-donnees-pour-former-des-ia-tierces\/#primaryimage\"},\"image\":{\"@id\":\"https:\/\/vieassociative.be\/actualites\/x-donne-vos-donnees-pour-former-des-ia-tierces\/#primaryimage\"},\"thumbnailUrl\":\"https:\/\/vieassociative.be\/actualites\/wp-content\/uploads\/2024\/10\/X-donne-vos-donnees-pour-former-des-IA-tierces.jpg\",\"datePublished\":\"2024-10-19T04:19:21+00:00\",\"dateModified\":\"2024-10-19T04:19:21+00:00\",\"breadcrumb\":{\"@id\":\"https:\/\/vieassociative.be\/actualites\/x-donne-vos-donnees-pour-former-des-ia-tierces\/#breadcrumb\"},\"inLanguage\":\"fr-BE\",\"potentialAction\":[{\"@type\":\"ReadAction\",\"target\":[\"https:\/\/vieassociative.be\/actualites\/x-donne-vos-donnees-pour-former-des-ia-tierces\/\"]}]},{\"@type\":\"ImageObject\",\"inLanguage\":\"fr-BE\",\"@id\":\"https:\/\/vieassociative.be\/actualites\/x-donne-vos-donnees-pour-former-des-ia-tierces\/#primaryimage\",\"url\":\"https:\/\/vieassociative.be\/actualites\/wp-content\/uploads\/2024\/10\/X-donne-vos-donnees-pour-former-des-IA-tierces.jpg\",\"contentUrl\":\"https:\/\/vieassociative.be\/actualites\/wp-content\/uploads\/2024\/10\/X-donne-vos-donnees-pour-former-des-IA-tierces.jpg\",\"width\":1200,\"height\":675,\"caption\":\"X donne vos donn\u00e9es pour former des IA tierces\"},{\"@type\":\"BreadcrumbList\",\"@id\":\"https:\/\/vieassociative.be\/actualites\/x-donne-vos-donnees-pour-former-des-ia-tierces\/#breadcrumb\",\"itemListElement\":[{\"@type\":\"ListItem\",\"position\":1,\"name\":\"Accueil\",\"item\":\"https:\/\/vieassociative.be\/actualites\/\"},{\"@type\":\"ListItem\",\"position\":2,\"name\":\"X donne vos donn\u00e9es pour former des IA tierces\"}]},{\"@type\":\"WebSite\",\"@id\":\"https:\/\/vieassociative.be\/actualites\/#website\",\"url\":\"https:\/\/vieassociative.be\/actualites\/\",\"name\":\"Vie Associative\",\"description\":\"\",\"publisher\":{\"@id\":\"https:\/\/vieassociative.be\/actualites\/#organization\"},\"potentialAction\":[{\"@type\":\"SearchAction\",\"target\":{\"@type\":\"EntryPoint\",\"urlTemplate\":\"https:\/\/vieassociative.be\/actualites\/?s={search_term_string}\"},\"query-input\":{\"@type\":\"PropertyValueSpecification\",\"valueRequired\":true,\"valueName\":\"search_term_string\"}}],\"inLanguage\":\"fr-BE\"},{\"@type\":\"Organization\",\"@id\":\"https:\/\/vieassociative.be\/actualites\/#organization\",\"name\":\"Vie Associative\",\"url\":\"https:\/\/vieassociative.be\/actualites\/\",\"logo\":{\"@type\":\"ImageObject\",\"inLanguage\":\"fr-BE\",\"@id\":\"https:\/\/vieassociative.be\/actualites\/#\/schema\/logo\/image\/\",\"url\":\"https:\/\/vieassociative.be\/actualites\/wp-content\/uploads\/2024\/09\/cropped-vieassociative_favicon.ico.png\",\"contentUrl\":\"https:\/\/vieassociative.be\/actualites\/wp-content\/uploads\/2024\/09\/cropped-vieassociative_favicon.ico.png\",\"width\":512,\"height\":512,\"caption\":\"Vie Associative\"},\"image\":{\"@id\":\"https:\/\/vieassociative.be\/actualites\/#\/schema\/logo\/image\/\"}},{\"@type\":\"Person\",\"@id\":\"https:\/\/vieassociative.be\/actualites\/#\/schema\/person\/b87ac4f82f9d4e7b7cec7395b679edc4\",\"name\":\"Julien\",\"image\":{\"@type\":\"ImageObject\",\"inLanguage\":\"fr-BE\",\"@id\":\"https:\/\/vieassociative.be\/actualites\/#\/schema\/person\/image\/\",\"url\":\"https:\/\/vieassociative.be\/actualites\/wp-content\/uploads\/2024\/09\/vie-associative-1-150x150.jpg\",\"contentUrl\":\"https:\/\/vieassociative.be\/actualites\/wp-content\/uploads\/2024\/09\/vie-associative-1-150x150.jpg\",\"caption\":\"Julien\"},\"description\":\"Je suis Julien, r\u00e9dacteur pour Vie Associative. Passionn\u00e9 par le monde associatif depuis plus de 10 ans, j'ai \u00e0 c\u0153ur de partager des histoires inspirantes et de mettre en lumi\u00e8re les initiatives locales. Mon objectif est de sensibiliser et d'encourager l'engagement communautaire \u00e0 travers mes articles.\",\"sameAs\":[\"https:\/\/vieassociative.be\/\"]}]}<\/script>\n<!-- \/ Yoast SEO plugin. -->","yoast_head_json":{"title":"X donne vos donn\u00e9es pour former des IA tierces | Vie Associative","robots":{"index":"index","follow":"follow","max-snippet":"max-snippet:-1","max-image-preview":"max-image-preview:large","max-video-preview":"max-video-preview:-1"},"canonical":"https:\/\/vieassociative.be\/actualites\/x-donne-vos-donnees-pour-former-des-ia-tierces\/","og_locale":"fr_FR","og_type":"article","og_title":"X donne vos donn\u00e9es pour former des IA tierces | Vie Associative","og_description":"Il est peut-\u00eatre enfin temps de quitter cet endroit. \u00c0 l&rsquo;\u00e9poque o\u00f9 elle \u00e9tait connue sous le nom de Twitter, l&rsquo;application de m\u00e9dias sociaux avait","og_url":"https:\/\/vieassociative.be\/actualites\/x-donne-vos-donnees-pour-former-des-ia-tierces\/","og_site_name":"Vie Associative","article_published_time":"2024-10-19T04:19:21+00:00","og_image":[{"width":279,"height":92,"url":"https:\/\/vieassociative.be\/actualites\/wp-content\/uploads\/2024\/09\/header_backgroundk-01-e1726694325946.png","type":"image\/png"}],"author":"Julien","twitter_card":"summary_large_image","twitter_misc":{"\u00c9crit par":"Julien","Dur\u00e9e de lecture est.":"5 minutes"},"schema":{"@context":"https:\/\/schema.org","@graph":[{"@type":"Article","@id":"https:\/\/vieassociative.be\/actualites\/x-donne-vos-donnees-pour-former-des-ia-tierces\/#article","isPartOf":{"@id":"https:\/\/vieassociative.be\/actualites\/x-donne-vos-donnees-pour-former-des-ia-tierces\/"},"author":{"name":"Julien","@id":"https:\/\/vieassociative.be\/actualites\/#\/schema\/person\/b87ac4f82f9d4e7b7cec7395b679edc4"},"headline":"X donne vos donn\u00e9es pour former des IA tierces","datePublished":"2024-10-19T04:19:21+00:00","dateModified":"2024-10-19T04:19:21+00:00","mainEntityOfPage":{"@id":"https:\/\/vieassociative.be\/actualites\/x-donne-vos-donnees-pour-former-des-ia-tierces\/"},"wordCount":1078,"publisher":{"@id":"https:\/\/vieassociative.be\/actualites\/#organization"},"image":{"@id":"https:\/\/vieassociative.be\/actualites\/x-donne-vos-donnees-pour-former-des-ia-tierces\/#primaryimage"},"thumbnailUrl":"https:\/\/vieassociative.be\/actualites\/wp-content\/uploads\/2024\/10\/X-donne-vos-donnees-pour-former-des-IA-tierces.jpg","keywords":["Des","donne","donn\u00e9es","pour","tierces","vos"],"articleSection":["Technologie"],"inLanguage":"fr-BE"},{"@type":"WebPage","@id":"https:\/\/vieassociative.be\/actualites\/x-donne-vos-donnees-pour-former-des-ia-tierces\/","url":"https:\/\/vieassociative.be\/actualites\/x-donne-vos-donnees-pour-former-des-ia-tierces\/","name":"X donne vos donn\u00e9es pour former des IA tierces | Vie Associative","isPartOf":{"@id":"https:\/\/vieassociative.be\/actualites\/#website"},"primaryImageOfPage":{"@id":"https:\/\/vieassociative.be\/actualites\/x-donne-vos-donnees-pour-former-des-ia-tierces\/#primaryimage"},"image":{"@id":"https:\/\/vieassociative.be\/actualites\/x-donne-vos-donnees-pour-former-des-ia-tierces\/#primaryimage"},"thumbnailUrl":"https:\/\/vieassociative.be\/actualites\/wp-content\/uploads\/2024\/10\/X-donne-vos-donnees-pour-former-des-IA-tierces.jpg","datePublished":"2024-10-19T04:19:21+00:00","dateModified":"2024-10-19T04:19:21+00:00","breadcrumb":{"@id":"https:\/\/vieassociative.be\/actualites\/x-donne-vos-donnees-pour-former-des-ia-tierces\/#breadcrumb"},"inLanguage":"fr-BE","potentialAction":[{"@type":"ReadAction","target":["https:\/\/vieassociative.be\/actualites\/x-donne-vos-donnees-pour-former-des-ia-tierces\/"]}]},{"@type":"ImageObject","inLanguage":"fr-BE","@id":"https:\/\/vieassociative.be\/actualites\/x-donne-vos-donnees-pour-former-des-ia-tierces\/#primaryimage","url":"https:\/\/vieassociative.be\/actualites\/wp-content\/uploads\/2024\/10\/X-donne-vos-donnees-pour-former-des-IA-tierces.jpg","contentUrl":"https:\/\/vieassociative.be\/actualites\/wp-content\/uploads\/2024\/10\/X-donne-vos-donnees-pour-former-des-IA-tierces.jpg","width":1200,"height":675,"caption":"X donne vos donn\u00e9es pour former des IA tierces"},{"@type":"BreadcrumbList","@id":"https:\/\/vieassociative.be\/actualites\/x-donne-vos-donnees-pour-former-des-ia-tierces\/#breadcrumb","itemListElement":[{"@type":"ListItem","position":1,"name":"Accueil","item":"https:\/\/vieassociative.be\/actualites\/"},{"@type":"ListItem","position":2,"name":"X donne vos donn\u00e9es pour former des IA tierces"}]},{"@type":"WebSite","@id":"https:\/\/vieassociative.be\/actualites\/#website","url":"https:\/\/vieassociative.be\/actualites\/","name":"Vie Associative","description":"","publisher":{"@id":"https:\/\/vieassociative.be\/actualites\/#organization"},"potentialAction":[{"@type":"SearchAction","target":{"@type":"EntryPoint","urlTemplate":"https:\/\/vieassociative.be\/actualites\/?s={search_term_string}"},"query-input":{"@type":"PropertyValueSpecification","valueRequired":true,"valueName":"search_term_string"}}],"inLanguage":"fr-BE"},{"@type":"Organization","@id":"https:\/\/vieassociative.be\/actualites\/#organization","name":"Vie Associative","url":"https:\/\/vieassociative.be\/actualites\/","logo":{"@type":"ImageObject","inLanguage":"fr-BE","@id":"https:\/\/vieassociative.be\/actualites\/#\/schema\/logo\/image\/","url":"https:\/\/vieassociative.be\/actualites\/wp-content\/uploads\/2024\/09\/cropped-vieassociative_favicon.ico.png","contentUrl":"https:\/\/vieassociative.be\/actualites\/wp-content\/uploads\/2024\/09\/cropped-vieassociative_favicon.ico.png","width":512,"height":512,"caption":"Vie Associative"},"image":{"@id":"https:\/\/vieassociative.be\/actualites\/#\/schema\/logo\/image\/"}},{"@type":"Person","@id":"https:\/\/vieassociative.be\/actualites\/#\/schema\/person\/b87ac4f82f9d4e7b7cec7395b679edc4","name":"Julien","image":{"@type":"ImageObject","inLanguage":"fr-BE","@id":"https:\/\/vieassociative.be\/actualites\/#\/schema\/person\/image\/","url":"https:\/\/vieassociative.be\/actualites\/wp-content\/uploads\/2024\/09\/vie-associative-1-150x150.jpg","contentUrl":"https:\/\/vieassociative.be\/actualites\/wp-content\/uploads\/2024\/09\/vie-associative-1-150x150.jpg","caption":"Julien"},"description":"Je suis Julien, r\u00e9dacteur pour Vie Associative. Passionn\u00e9 par le monde associatif depuis plus de 10 ans, j'ai \u00e0 c\u0153ur de partager des histoires inspirantes et de mettre en lumi\u00e8re les initiatives locales. Mon objectif est de sensibiliser et d'encourager l'engagement communautaire \u00e0 travers mes articles.","sameAs":["https:\/\/vieassociative.be\/"]}]}},"_links":{"self":[{"href":"https:\/\/vieassociative.be\/actualites\/wp-json\/wp\/v2\/posts\/1389"}],"collection":[{"href":"https:\/\/vieassociative.be\/actualites\/wp-json\/wp\/v2\/posts"}],"about":[{"href":"https:\/\/vieassociative.be\/actualites\/wp-json\/wp\/v2\/types\/post"}],"author":[{"embeddable":true,"href":"https:\/\/vieassociative.be\/actualites\/wp-json\/wp\/v2\/users\/1"}],"replies":[{"embeddable":true,"href":"https:\/\/vieassociative.be\/actualites\/wp-json\/wp\/v2\/comments?post=1389"}],"version-history":[{"count":0,"href":"https:\/\/vieassociative.be\/actualites\/wp-json\/wp\/v2\/posts\/1389\/revisions"}],"wp:featuredmedia":[{"embeddable":true,"href":"https:\/\/vieassociative.be\/actualites\/wp-json\/wp\/v2\/media\/1390"}],"wp:attachment":[{"href":"https:\/\/vieassociative.be\/actualites\/wp-json\/wp\/v2\/media?parent=1389"}],"wp:term":[{"taxonomy":"category","embeddable":true,"href":"https:\/\/vieassociative.be\/actualites\/wp-json\/wp\/v2\/categories?post=1389"},{"taxonomy":"post_tag","embeddable":true,"href":"https:\/\/vieassociative.be\/actualites\/wp-json\/wp\/v2\/tags?post=1389"}],"curies":[{"name":"wp","href":"https:\/\/api.w.org\/{rel}","templated":true}]}}