{"id":13666,"date":"2026-05-02T11:17:25","date_gmt":"2026-05-02T09:17:25","guid":{"rendered":"https:\/\/vieassociative.be\/actualites\/schalke-04-peut-rendre-la-promotion-parfaite-aujourdhui-les-fans-devraient-eviter-les-dangereuses-tempetes-de-terrain\/"},"modified":"2026-05-02T11:17:25","modified_gmt":"2026-05-02T09:17:25","slug":"schalke-04-peut-rendre-la-promotion-parfaite-aujourdhui-les-fans-devraient-eviter-les-dangereuses-tempetes-de-terrain","status":"publish","type":"post","link":"https:\/\/vieassociative.be\/actualites\/schalke-04-peut-rendre-la-promotion-parfaite-aujourdhui-les-fans-devraient-eviter-les-dangereuses-tempetes-de-terrain\/","title":{"rendered":"Schalke 04 peut rendre la promotion parfaite aujourd&rsquo;hui \u2013 les fans devraient \u00e9viter les dangereuses temp\u00eates de terrain"},"content":{"rendered":"<p><strong>A trois jours de la fin de la saison, la premi\u00e8re d\u00e9cision dans la course \u00e0 la promotion en 2e Bundesliga est imminente. Apr\u00e8s trois ans en deuxi\u00e8me division, Schalke 04 peut \u00eatre promu plus t\u00f4t.<\/strong><\/p>\n<p><span id=\"more-438728\"><\/span>Le FC Schalke 04 peut compl\u00e9ter son retour en Bundesliga ce week-end avec une victoire contre le Fortuna de D\u00fcsseldorf, menac\u00e9 de rel\u00e9gation. Lors de l&rsquo;avant-derni\u00e8re journ\u00e9e de la saison en 2e Bundesliga, l&rsquo;\u00e9quipe de l&rsquo;entra\u00eeneur Miron Muslic aura sa premi\u00e8re chance de promotion anticip\u00e9e en Bundesliga devant son public samedi soir (20h30 \/ en direct en Belgique sur PlaySports 2).<\/p>\n<p>M\u00eame si vous ne gagnez qu&rsquo;un point ou m\u00eame si vous perdez, il existe toujours la possibilit\u00e9 d&rsquo;une nouvelle promotion apr\u00e8s trois ans en deuxi\u00e8me division &#8211; mais ensuite sur le canap\u00e9. <\/p>\n<p>Si Schalke fait match nul contre D\u00fcsseldorf et que Hanovre 96 ne gagne pas contre Preu\u00dfen M\u00fcnster dimanche, Schalke sera \u00e9galement qualifi\u00e9. En cas de d\u00e9faite, Hanovre devrait perdre et en m\u00eame temps Elversberg ne devrait pas d\u00e9passer un match nul contre Paderborn.<\/p>\n<div id=\"attachment_438731\" class=\"wp-caption alignleft\" style=\"max-width: 300px\"><img fetchpriority=\"high\" decoding=\"async\" class=\"wp-image-438731 size-medium\" src=\"https:\/\/vieassociative.be\/actualites\/wp-content\/uploads\/2026\/05\/Schalke-04-peut-rendre-la-promotion-parfaite-aujourdhui-\u2013-les.jpg\" alt=\"\" width=\"300\" height=\"200\"><\/div>\n<p>L&rsquo;entra\u00eeneur de Schalke, Miron Muslic, qui a travaill\u00e9 au Cercle Bruges en Belgique de 2021 \u00e0 2024 d&rsquo;abord comme entra\u00eeneur adjoint puis comme entra\u00eeneur, s&rsquo;est adress\u00e9 aux supporters des leaders de deuxi\u00e8me division en les appelant \u00e0 ne pas prendre d&rsquo;assaut le terrain samedi s&rsquo;ils \u00e9taient promus. \u00ab\u00a0Nous avons besoin de votre soutien, de votre soutien. Mais nous avons aussi besoin de votre discipline\u00a0\u00bb, a d\u00e9clar\u00e9 l&rsquo;homme de 43 ans. \u00ab\u00a0Le terrain et la pelouse appartiennent aux joueurs. Nous voulons faire la f\u00eate avec vous apr\u00e8s le match.\u00a0\u00bb<\/p>\n<p>Muslic a ajout\u00e9 : \u00ab\u00a0Nous ferons tout ce que nous pouvons pour y parvenir en tant qu&rsquo;\u00e9quipe. Mais nous avons \u00e9galement besoin de votre soutien. Prendre d&rsquo;assaut le terrain est absolument interdit.\u00a0\u00bb Il est convaincu que tous les joueurs de Schalke s\u2019y tiendront. L&rsquo;entra\u00eeneur, qui portait un T-shirt qu&rsquo;il disait avoir re\u00e7u comme cadeau de No\u00ebl des Ultras de Gelsenkirchen, l&rsquo;a \u00e9galement remerci\u00e9 pour son soutien tout au long de la saison.<\/p>\n<p>Le fait que les supporters ne doivent pas entrer \u00e0 l&rsquo;int\u00e9rieur est d\u00fb, entre autres, \u00e0 la construction de la Gelsenkirchen Arena. Pour se rendre des tribunes au terrain, les supporters devraient \u00e0 certains endroits franchir une diff\u00e9rence de hauteur de pr\u00e8s de quatre m\u00e8tres. Le risque de blessure est \u00e9lev\u00e9.<\/p>\n<div id=\"attachment_438733\" class=\"wp-caption alignleft\" style=\"max-width: 300px\"><img decoding=\"async\" class=\"wp-image-438733 size-medium\" src=\"https:\/\/vieassociative.be\/actualites\/wp-content\/uploads\/2026\/05\/1777713445_459_Schalke-04-peut-rendre-la-promotion-parfaite-aujourdhui-\u2013-les.jpg\" alt=\"\" width=\"300\" height=\"200\"><\/div>\n<p>Lorsque Schalke a \u00e9t\u00e9 promu en Bundesliga en 2022, plusieurs blessures ont \u00e9t\u00e9 enregistr\u00e9es lors des c\u00e9l\u00e9brations. \u00abCette temp\u00eate aurait pu se terminer par une catastrophe\u00bb, avait alors d\u00e9clar\u00e9 le directeur de la police, Peter Both.<\/p>\n<p>Une temp\u00eate pourrait \u00e9galement co\u00fbter cher \u00e0 Schalke, lourdement endett\u00e9. Entre autres choses, il existe un risque que des technologies pr\u00e9cieuses soient endommag\u00e9es et que la pelouse soit tellement endommag\u00e9e qu&rsquo;elle doive \u00eatre remplac\u00e9e.<\/p>\n<p>Dzeko de retour : \u00ab\u00a0Nous savons que nous ne pouvons franchir la derni\u00e8re \u00e9tape que si nous nous appuyons sur les performances des derni\u00e8res semaines\u00a0\u00bb, a d\u00e9clar\u00e9 Muslic. L&rsquo;entra\u00eeneur, qui a repris Schalke l&rsquo;\u00e9t\u00e9 dernier, peut \u00e0 nouveau compter sur son attaquant vedette Edin Dzeko, r\u00e9cemment bless\u00e9 \u00e0 l&rsquo;\u00e9paule. \u00ab\u00a0Edin \u00e9tait sur le terrain avec l&rsquo;\u00e9quipe aujourd&rsquo;hui et a particip\u00e9 \u00e0 tout. Il reviendra dans l&rsquo;\u00e9quipe. Si nous avons besoin de lui, il sera l\u00e0\u00a0\u00bb, a d\u00e9clar\u00e9 Muslic. \u00ab\u00a0Il aimerait attaquer \u00e0 nouveau et aider.\u00a0\u00bb (dpa\/cr\u00e9)<\/p>\n","protected":false},"excerpt":{"rendered":"<p>A trois jours de la fin de la saison, la premi\u00e8re d\u00e9cision dans la course \u00e0 la promotion en 2e Bundesliga est imminente. Apr\u00e8s trois<\/p>\n","protected":false},"author":1,"featured_media":13667,"comment_status":"","ping_status":"","sticky":false,"template":"","format":"standard","meta":{"footnotes":""},"categories":[298],"tags":[2330,94,1321,45,2649,14,245,22,270,465,534,10613,665],"class_list":["post-13666","post","type-post","status-publish","format-standard","has-post-thumbnail","hentry","category-belgique","tag-aujourdhui","tag-dangereuses","tag-devraient","tag-eviter","tag-fans","tag-les","tag-parfaite","tag-peut","tag-promotion","tag-rendre","tag-schalke","tag-tempetes","tag-terrain","generate-columns","tablet-grid-50","mobile-grid-100","grid-parent","grid-33"],"yoast_head":"<!-- This site is optimized with the Yoast SEO plugin v24.0 - https:\/\/yoast.com\/wordpress\/plugins\/seo\/ -->\n<title>Schalke 04 peut rendre la promotion parfaite aujourd&#039;hui \u2013 les fans devraient \u00e9viter les dangereuses temp\u00eates de terrain | Vie Associative<\/title>\n<meta name=\"robots\" content=\"index, follow, max-snippet:-1, max-image-preview:large, max-video-preview:-1\" \/>\n<link rel=\"canonical\" href=\"https:\/\/vieassociative.be\/actualites\/schalke-04-peut-rendre-la-promotion-parfaite-aujourdhui-les-fans-devraient-eviter-les-dangereuses-tempetes-de-terrain\/\" \/>\n<meta property=\"og:locale\" content=\"fr_FR\" \/>\n<meta property=\"og:type\" content=\"article\" \/>\n<meta property=\"og:title\" content=\"Schalke 04 peut rendre la promotion parfaite aujourd&#039;hui \u2013 les fans devraient \u00e9viter les dangereuses temp\u00eates de terrain | Vie Associative\" \/>\n<meta property=\"og:description\" content=\"A trois jours de la fin de la saison, la premi\u00e8re d\u00e9cision dans la course \u00e0 la promotion en 2e Bundesliga est imminente. Apr\u00e8s trois\" \/>\n<meta property=\"og:url\" content=\"https:\/\/vieassociative.be\/actualites\/schalke-04-peut-rendre-la-promotion-parfaite-aujourdhui-les-fans-devraient-eviter-les-dangereuses-tempetes-de-terrain\/\" \/>\n<meta property=\"og:site_name\" content=\"Vie Associative\" \/>\n<meta property=\"article:published_time\" content=\"2026-05-02T09:17:25+00:00\" \/>\n<meta property=\"og:image\" content=\"https:\/\/vieassociative.be\/actualites\/wp-content\/uploads\/2024\/09\/header_backgroundk-01-e1726694325946.png\" \/>\n\t<meta property=\"og:image:width\" content=\"279\" \/>\n\t<meta property=\"og:image:height\" content=\"92\" \/>\n\t<meta property=\"og:image:type\" content=\"image\/png\" \/>\n<meta name=\"author\" content=\"Julien\" \/>\n<meta name=\"twitter:card\" content=\"summary_large_image\" \/>\n<meta name=\"twitter:label1\" content=\"\u00c9crit par\" \/>\n\t<meta name=\"twitter:data1\" content=\"Julien\" \/>\n\t<meta name=\"twitter:label2\" content=\"Dur\u00e9e de lecture est.\" \/>\n\t<meta name=\"twitter:data2\" content=\"3 minutes\" \/>\n<script type=\"application\/ld+json\" class=\"yoast-schema-graph\">{\"@context\":\"https:\/\/schema.org\",\"@graph\":[{\"@type\":\"Article\",\"@id\":\"https:\/\/vieassociative.be\/actualites\/schalke-04-peut-rendre-la-promotion-parfaite-aujourdhui-les-fans-devraient-eviter-les-dangereuses-tempetes-de-terrain\/#article\",\"isPartOf\":{\"@id\":\"https:\/\/vieassociative.be\/actualites\/schalke-04-peut-rendre-la-promotion-parfaite-aujourdhui-les-fans-devraient-eviter-les-dangereuses-tempetes-de-terrain\/\"},\"author\":{\"name\":\"Julien\",\"@id\":\"https:\/\/vieassociative.be\/actualites\/#\/schema\/person\/b87ac4f82f9d4e7b7cec7395b679edc4\"},\"headline\":\"Schalke 04 peut rendre la promotion parfaite aujourd&rsquo;hui \u2013 les fans devraient \u00e9viter les dangereuses temp\u00eates de terrain\",\"datePublished\":\"2026-05-02T09:17:25+00:00\",\"dateModified\":\"2026-05-02T09:17:25+00:00\",\"mainEntityOfPage\":{\"@id\":\"https:\/\/vieassociative.be\/actualites\/schalke-04-peut-rendre-la-promotion-parfaite-aujourdhui-les-fans-devraient-eviter-les-dangereuses-tempetes-de-terrain\/\"},\"wordCount\":615,\"publisher\":{\"@id\":\"https:\/\/vieassociative.be\/actualites\/#organization\"},\"image\":{\"@id\":\"https:\/\/vieassociative.be\/actualites\/schalke-04-peut-rendre-la-promotion-parfaite-aujourdhui-les-fans-devraient-eviter-les-dangereuses-tempetes-de-terrain\/#primaryimage\"},\"thumbnailUrl\":\"https:\/\/vieassociative.be\/actualites\/wp-content\/uploads\/2026\/05\/1777713446_Schalke-04-peut-rendre-la-promotion-parfaite-aujourdhui-\u2013-les.jpg\",\"keywords\":[\"aujourdhui\",\"dangereuses\",\"devraient\",\"\u00e9viter\",\"fans\",\"Les\",\"parfaite\",\"peut\",\"promotion\",\"rendre\",\"Schalke\",\"temp\u00eates\",\"terrain\"],\"articleSection\":[\"Belgique\"],\"inLanguage\":\"fr-BE\"},{\"@type\":\"WebPage\",\"@id\":\"https:\/\/vieassociative.be\/actualites\/schalke-04-peut-rendre-la-promotion-parfaite-aujourdhui-les-fans-devraient-eviter-les-dangereuses-tempetes-de-terrain\/\",\"url\":\"https:\/\/vieassociative.be\/actualites\/schalke-04-peut-rendre-la-promotion-parfaite-aujourdhui-les-fans-devraient-eviter-les-dangereuses-tempetes-de-terrain\/\",\"name\":\"Schalke 04 peut rendre la promotion parfaite aujourd'hui \u2013 les fans devraient \u00e9viter les dangereuses temp\u00eates de terrain | Vie Associative\",\"isPartOf\":{\"@id\":\"https:\/\/vieassociative.be\/actualites\/#website\"},\"primaryImageOfPage\":{\"@id\":\"https:\/\/vieassociative.be\/actualites\/schalke-04-peut-rendre-la-promotion-parfaite-aujourdhui-les-fans-devraient-eviter-les-dangereuses-tempetes-de-terrain\/#primaryimage\"},\"image\":{\"@id\":\"https:\/\/vieassociative.be\/actualites\/schalke-04-peut-rendre-la-promotion-parfaite-aujourdhui-les-fans-devraient-eviter-les-dangereuses-tempetes-de-terrain\/#primaryimage\"},\"thumbnailUrl\":\"https:\/\/vieassociative.be\/actualites\/wp-content\/uploads\/2026\/05\/1777713446_Schalke-04-peut-rendre-la-promotion-parfaite-aujourdhui-\u2013-les.jpg\",\"datePublished\":\"2026-05-02T09:17:25+00:00\",\"dateModified\":\"2026-05-02T09:17:25+00:00\",\"breadcrumb\":{\"@id\":\"https:\/\/vieassociative.be\/actualites\/schalke-04-peut-rendre-la-promotion-parfaite-aujourdhui-les-fans-devraient-eviter-les-dangereuses-tempetes-de-terrain\/#breadcrumb\"},\"inLanguage\":\"fr-BE\",\"potentialAction\":[{\"@type\":\"ReadAction\",\"target\":[\"https:\/\/vieassociative.be\/actualites\/schalke-04-peut-rendre-la-promotion-parfaite-aujourdhui-les-fans-devraient-eviter-les-dangereuses-tempetes-de-terrain\/\"]}]},{\"@type\":\"ImageObject\",\"inLanguage\":\"fr-BE\",\"@id\":\"https:\/\/vieassociative.be\/actualites\/schalke-04-peut-rendre-la-promotion-parfaite-aujourdhui-les-fans-devraient-eviter-les-dangereuses-tempetes-de-terrain\/#primaryimage\",\"url\":\"https:\/\/vieassociative.be\/actualites\/wp-content\/uploads\/2026\/05\/1777713446_Schalke-04-peut-rendre-la-promotion-parfaite-aujourdhui-\u2013-les.jpg\",\"contentUrl\":\"https:\/\/vieassociative.be\/actualites\/wp-content\/uploads\/2026\/05\/1777713446_Schalke-04-peut-rendre-la-promotion-parfaite-aujourdhui-\u2013-les.jpg\",\"width\":1200,\"height\":800,\"caption\":\"Schalke 04 peut rendre la promotion parfaite aujourd'hui \u2013 les fans devraient \u00e9viter les dangereuses temp\u00eates de terrain\"},{\"@type\":\"BreadcrumbList\",\"@id\":\"https:\/\/vieassociative.be\/actualites\/schalke-04-peut-rendre-la-promotion-parfaite-aujourdhui-les-fans-devraient-eviter-les-dangereuses-tempetes-de-terrain\/#breadcrumb\",\"itemListElement\":[{\"@type\":\"ListItem\",\"position\":1,\"name\":\"Accueil\",\"item\":\"https:\/\/vieassociative.be\/actualites\/\"},{\"@type\":\"ListItem\",\"position\":2,\"name\":\"Schalke 04 peut rendre la promotion parfaite aujourd&rsquo;hui \u2013 les fans devraient \u00e9viter les dangereuses temp\u00eates de terrain\"}]},{\"@type\":\"WebSite\",\"@id\":\"https:\/\/vieassociative.be\/actualites\/#website\",\"url\":\"https:\/\/vieassociative.be\/actualites\/\",\"name\":\"Vie Associative\",\"description\":\"\",\"publisher\":{\"@id\":\"https:\/\/vieassociative.be\/actualites\/#organization\"},\"potentialAction\":[{\"@type\":\"SearchAction\",\"target\":{\"@type\":\"EntryPoint\",\"urlTemplate\":\"https:\/\/vieassociative.be\/actualites\/?s={search_term_string}\"},\"query-input\":{\"@type\":\"PropertyValueSpecification\",\"valueRequired\":true,\"valueName\":\"search_term_string\"}}],\"inLanguage\":\"fr-BE\"},{\"@type\":\"Organization\",\"@id\":\"https:\/\/vieassociative.be\/actualites\/#organization\",\"name\":\"Vie Associative\",\"url\":\"https:\/\/vieassociative.be\/actualites\/\",\"logo\":{\"@type\":\"ImageObject\",\"inLanguage\":\"fr-BE\",\"@id\":\"https:\/\/vieassociative.be\/actualites\/#\/schema\/logo\/image\/\",\"url\":\"https:\/\/vieassociative.be\/actualites\/wp-content\/uploads\/2024\/09\/cropped-vieassociative_favicon.ico.png\",\"contentUrl\":\"https:\/\/vieassociative.be\/actualites\/wp-content\/uploads\/2024\/09\/cropped-vieassociative_favicon.ico.png\",\"width\":512,\"height\":512,\"caption\":\"Vie Associative\"},\"image\":{\"@id\":\"https:\/\/vieassociative.be\/actualites\/#\/schema\/logo\/image\/\"}},{\"@type\":\"Person\",\"@id\":\"https:\/\/vieassociative.be\/actualites\/#\/schema\/person\/b87ac4f82f9d4e7b7cec7395b679edc4\",\"name\":\"Julien\",\"image\":{\"@type\":\"ImageObject\",\"inLanguage\":\"fr-BE\",\"@id\":\"https:\/\/vieassociative.be\/actualites\/#\/schema\/person\/image\/\",\"url\":\"https:\/\/vieassociative.be\/actualites\/wp-content\/uploads\/2024\/09\/vie-associative-1-150x150.jpg\",\"contentUrl\":\"https:\/\/vieassociative.be\/actualites\/wp-content\/uploads\/2024\/09\/vie-associative-1-150x150.jpg\",\"caption\":\"Julien\"},\"description\":\"Je suis Julien, r\u00e9dacteur pour Vie Associative. Passionn\u00e9 par le monde associatif depuis plus de 10 ans, j'ai \u00e0 c\u0153ur de partager des histoires inspirantes et de mettre en lumi\u00e8re les initiatives locales. Mon objectif est de sensibiliser et d'encourager l'engagement communautaire \u00e0 travers mes articles.\",\"sameAs\":[\"https:\/\/vieassociative.be\/\"]}]}<\/script>\n<!-- \/ Yoast SEO plugin. -->","yoast_head_json":{"title":"Schalke 04 peut rendre la promotion parfaite aujourd'hui \u2013 les fans devraient \u00e9viter les dangereuses temp\u00eates de terrain | Vie Associative","robots":{"index":"index","follow":"follow","max-snippet":"max-snippet:-1","max-image-preview":"max-image-preview:large","max-video-preview":"max-video-preview:-1"},"canonical":"https:\/\/vieassociative.be\/actualites\/schalke-04-peut-rendre-la-promotion-parfaite-aujourdhui-les-fans-devraient-eviter-les-dangereuses-tempetes-de-terrain\/","og_locale":"fr_FR","og_type":"article","og_title":"Schalke 04 peut rendre la promotion parfaite aujourd'hui \u2013 les fans devraient \u00e9viter les dangereuses temp\u00eates de terrain | Vie Associative","og_description":"A trois jours de la fin de la saison, la premi\u00e8re d\u00e9cision dans la course \u00e0 la promotion en 2e Bundesliga est imminente. Apr\u00e8s trois","og_url":"https:\/\/vieassociative.be\/actualites\/schalke-04-peut-rendre-la-promotion-parfaite-aujourdhui-les-fans-devraient-eviter-les-dangereuses-tempetes-de-terrain\/","og_site_name":"Vie Associative","article_published_time":"2026-05-02T09:17:25+00:00","og_image":[{"width":279,"height":92,"url":"https:\/\/vieassociative.be\/actualites\/wp-content\/uploads\/2024\/09\/header_backgroundk-01-e1726694325946.png","type":"image\/png"}],"author":"Julien","twitter_card":"summary_large_image","twitter_misc":{"\u00c9crit par":"Julien","Dur\u00e9e de lecture est.":"3 minutes"},"schema":{"@context":"https:\/\/schema.org","@graph":[{"@type":"Article","@id":"https:\/\/vieassociative.be\/actualites\/schalke-04-peut-rendre-la-promotion-parfaite-aujourdhui-les-fans-devraient-eviter-les-dangereuses-tempetes-de-terrain\/#article","isPartOf":{"@id":"https:\/\/vieassociative.be\/actualites\/schalke-04-peut-rendre-la-promotion-parfaite-aujourdhui-les-fans-devraient-eviter-les-dangereuses-tempetes-de-terrain\/"},"author":{"name":"Julien","@id":"https:\/\/vieassociative.be\/actualites\/#\/schema\/person\/b87ac4f82f9d4e7b7cec7395b679edc4"},"headline":"Schalke 04 peut rendre la promotion parfaite aujourd&rsquo;hui \u2013 les fans devraient \u00e9viter les dangereuses temp\u00eates de terrain","datePublished":"2026-05-02T09:17:25+00:00","dateModified":"2026-05-02T09:17:25+00:00","mainEntityOfPage":{"@id":"https:\/\/vieassociative.be\/actualites\/schalke-04-peut-rendre-la-promotion-parfaite-aujourdhui-les-fans-devraient-eviter-les-dangereuses-tempetes-de-terrain\/"},"wordCount":615,"publisher":{"@id":"https:\/\/vieassociative.be\/actualites\/#organization"},"image":{"@id":"https:\/\/vieassociative.be\/actualites\/schalke-04-peut-rendre-la-promotion-parfaite-aujourdhui-les-fans-devraient-eviter-les-dangereuses-tempetes-de-terrain\/#primaryimage"},"thumbnailUrl":"https:\/\/vieassociative.be\/actualites\/wp-content\/uploads\/2026\/05\/1777713446_Schalke-04-peut-rendre-la-promotion-parfaite-aujourdhui-\u2013-les.jpg","keywords":["aujourdhui","dangereuses","devraient","\u00e9viter","fans","Les","parfaite","peut","promotion","rendre","Schalke","temp\u00eates","terrain"],"articleSection":["Belgique"],"inLanguage":"fr-BE"},{"@type":"WebPage","@id":"https:\/\/vieassociative.be\/actualites\/schalke-04-peut-rendre-la-promotion-parfaite-aujourdhui-les-fans-devraient-eviter-les-dangereuses-tempetes-de-terrain\/","url":"https:\/\/vieassociative.be\/actualites\/schalke-04-peut-rendre-la-promotion-parfaite-aujourdhui-les-fans-devraient-eviter-les-dangereuses-tempetes-de-terrain\/","name":"Schalke 04 peut rendre la promotion parfaite aujourd'hui \u2013 les fans devraient \u00e9viter les dangereuses temp\u00eates de terrain | Vie Associative","isPartOf":{"@id":"https:\/\/vieassociative.be\/actualites\/#website"},"primaryImageOfPage":{"@id":"https:\/\/vieassociative.be\/actualites\/schalke-04-peut-rendre-la-promotion-parfaite-aujourdhui-les-fans-devraient-eviter-les-dangereuses-tempetes-de-terrain\/#primaryimage"},"image":{"@id":"https:\/\/vieassociative.be\/actualites\/schalke-04-peut-rendre-la-promotion-parfaite-aujourdhui-les-fans-devraient-eviter-les-dangereuses-tempetes-de-terrain\/#primaryimage"},"thumbnailUrl":"https:\/\/vieassociative.be\/actualites\/wp-content\/uploads\/2026\/05\/1777713446_Schalke-04-peut-rendre-la-promotion-parfaite-aujourdhui-\u2013-les.jpg","datePublished":"2026-05-02T09:17:25+00:00","dateModified":"2026-05-02T09:17:25+00:00","breadcrumb":{"@id":"https:\/\/vieassociative.be\/actualites\/schalke-04-peut-rendre-la-promotion-parfaite-aujourdhui-les-fans-devraient-eviter-les-dangereuses-tempetes-de-terrain\/#breadcrumb"},"inLanguage":"fr-BE","potentialAction":[{"@type":"ReadAction","target":["https:\/\/vieassociative.be\/actualites\/schalke-04-peut-rendre-la-promotion-parfaite-aujourdhui-les-fans-devraient-eviter-les-dangereuses-tempetes-de-terrain\/"]}]},{"@type":"ImageObject","inLanguage":"fr-BE","@id":"https:\/\/vieassociative.be\/actualites\/schalke-04-peut-rendre-la-promotion-parfaite-aujourdhui-les-fans-devraient-eviter-les-dangereuses-tempetes-de-terrain\/#primaryimage","url":"https:\/\/vieassociative.be\/actualites\/wp-content\/uploads\/2026\/05\/1777713446_Schalke-04-peut-rendre-la-promotion-parfaite-aujourdhui-\u2013-les.jpg","contentUrl":"https:\/\/vieassociative.be\/actualites\/wp-content\/uploads\/2026\/05\/1777713446_Schalke-04-peut-rendre-la-promotion-parfaite-aujourdhui-\u2013-les.jpg","width":1200,"height":800,"caption":"Schalke 04 peut rendre la promotion parfaite aujourd'hui \u2013 les fans devraient \u00e9viter les dangereuses temp\u00eates de terrain"},{"@type":"BreadcrumbList","@id":"https:\/\/vieassociative.be\/actualites\/schalke-04-peut-rendre-la-promotion-parfaite-aujourdhui-les-fans-devraient-eviter-les-dangereuses-tempetes-de-terrain\/#breadcrumb","itemListElement":[{"@type":"ListItem","position":1,"name":"Accueil","item":"https:\/\/vieassociative.be\/actualites\/"},{"@type":"ListItem","position":2,"name":"Schalke 04 peut rendre la promotion parfaite aujourd&rsquo;hui \u2013 les fans devraient \u00e9viter les dangereuses temp\u00eates de terrain"}]},{"@type":"WebSite","@id":"https:\/\/vieassociative.be\/actualites\/#website","url":"https:\/\/vieassociative.be\/actualites\/","name":"Vie Associative","description":"","publisher":{"@id":"https:\/\/vieassociative.be\/actualites\/#organization"},"potentialAction":[{"@type":"SearchAction","target":{"@type":"EntryPoint","urlTemplate":"https:\/\/vieassociative.be\/actualites\/?s={search_term_string}"},"query-input":{"@type":"PropertyValueSpecification","valueRequired":true,"valueName":"search_term_string"}}],"inLanguage":"fr-BE"},{"@type":"Organization","@id":"https:\/\/vieassociative.be\/actualites\/#organization","name":"Vie Associative","url":"https:\/\/vieassociative.be\/actualites\/","logo":{"@type":"ImageObject","inLanguage":"fr-BE","@id":"https:\/\/vieassociative.be\/actualites\/#\/schema\/logo\/image\/","url":"https:\/\/vieassociative.be\/actualites\/wp-content\/uploads\/2024\/09\/cropped-vieassociative_favicon.ico.png","contentUrl":"https:\/\/vieassociative.be\/actualites\/wp-content\/uploads\/2024\/09\/cropped-vieassociative_favicon.ico.png","width":512,"height":512,"caption":"Vie Associative"},"image":{"@id":"https:\/\/vieassociative.be\/actualites\/#\/schema\/logo\/image\/"}},{"@type":"Person","@id":"https:\/\/vieassociative.be\/actualites\/#\/schema\/person\/b87ac4f82f9d4e7b7cec7395b679edc4","name":"Julien","image":{"@type":"ImageObject","inLanguage":"fr-BE","@id":"https:\/\/vieassociative.be\/actualites\/#\/schema\/person\/image\/","url":"https:\/\/vieassociative.be\/actualites\/wp-content\/uploads\/2024\/09\/vie-associative-1-150x150.jpg","contentUrl":"https:\/\/vieassociative.be\/actualites\/wp-content\/uploads\/2024\/09\/vie-associative-1-150x150.jpg","caption":"Julien"},"description":"Je suis Julien, r\u00e9dacteur pour Vie Associative. Passionn\u00e9 par le monde associatif depuis plus de 10 ans, j'ai \u00e0 c\u0153ur de partager des histoires inspirantes et de mettre en lumi\u00e8re les initiatives locales. Mon objectif est de sensibiliser et d'encourager l'engagement communautaire \u00e0 travers mes articles.","sameAs":["https:\/\/vieassociative.be\/"]}]}},"_links":{"self":[{"href":"https:\/\/vieassociative.be\/actualites\/wp-json\/wp\/v2\/posts\/13666"}],"collection":[{"href":"https:\/\/vieassociative.be\/actualites\/wp-json\/wp\/v2\/posts"}],"about":[{"href":"https:\/\/vieassociative.be\/actualites\/wp-json\/wp\/v2\/types\/post"}],"author":[{"embeddable":true,"href":"https:\/\/vieassociative.be\/actualites\/wp-json\/wp\/v2\/users\/1"}],"replies":[{"embeddable":true,"href":"https:\/\/vieassociative.be\/actualites\/wp-json\/wp\/v2\/comments?post=13666"}],"version-history":[{"count":0,"href":"https:\/\/vieassociative.be\/actualites\/wp-json\/wp\/v2\/posts\/13666\/revisions"}],"wp:featuredmedia":[{"embeddable":true,"href":"https:\/\/vieassociative.be\/actualites\/wp-json\/wp\/v2\/media\/13667"}],"wp:attachment":[{"href":"https:\/\/vieassociative.be\/actualites\/wp-json\/wp\/v2\/media?parent=13666"}],"wp:term":[{"taxonomy":"category","embeddable":true,"href":"https:\/\/vieassociative.be\/actualites\/wp-json\/wp\/v2\/categories?post=13666"},{"taxonomy":"post_tag","embeddable":true,"href":"https:\/\/vieassociative.be\/actualites\/wp-json\/wp\/v2\/tags?post=13666"}],"curies":[{"name":"wp","href":"https:\/\/api.w.org\/{rel}","templated":true}]}}