{"id":13662,"date":"2026-05-02T04:19:48","date_gmt":"2026-05-02T02:19:48","guid":{"rendered":"https:\/\/vieassociative.be\/actualites\/apple-intelligence-invente-t-elle-des-mots-maintenant\/"},"modified":"2026-05-02T04:19:48","modified_gmt":"2026-05-02T02:19:48","slug":"apple-intelligence-invente-t-elle-des-mots-maintenant","status":"publish","type":"post","link":"https:\/\/vieassociative.be\/actualites\/apple-intelligence-invente-t-elle-des-mots-maintenant\/","title":{"rendered":"Apple Intelligence invente-t-elle des mots maintenant ?"},"content":{"rendered":"<p>Aussi puissants que puissent \u00eatre les LLM, tous ont une faiblesse commune : l\u2019hallucination. Pour des raisons qui \u00e9chappent \u00e0 notre compr\u00e9hension, les mod\u00e8les d\u2019IA ont l\u2019habitude d\u2019inventer des choses de fa\u00e7on totalement inattendue. Une r\u00e9ponse peut \u00eatre pr\u00e9cise, avec des sources bien cit\u00e9es et des informations pertinentes ; puis, tout d\u2019un coup, l\u2019IA avance une fausse affirmation ou interpr\u00e8te par erreur un commentaire ironique du forum comme un fait. (C&rsquo;est ainsi que vous vous retrouvez avec les aper\u00e7us de l&rsquo;IA de Google recommandant d&rsquo;ajouter de la colle \u00e0 votre pizza.) Certains LLM peuvent moins halluciner que d&rsquo;autres, mais aucun n&rsquo;est \u00e0 l&rsquo;abri. C&rsquo;est pourquoi chaque fois que vous utilisez un chatbot, vous verrez une sorte d&rsquo;avertissement \u00e0 l&rsquo;\u00e9cran, vous informant que l&rsquo;IA peut faire des erreurs.  <\/p>\n<p>Apple Intelligence, la plateforme d&rsquo;IA d&rsquo;Apple, ne fait pas exception ici. Lorsque l\u2019entreprise a d\u00e9ploy\u00e9 son IA pour la premi\u00e8re fois, elle a inclus des r\u00e9sum\u00e9s de notifications comme \u00ab\u00a0avantage\u00a0\u00bb. Cependant, Apple a d\u00fb rapidement faire marche arri\u00e8re lorsque la fonctionnalit\u00e9 a commenc\u00e9 \u00e0 r\u00e9sumer de mani\u00e8re incorrecte les alertes d&rsquo;actualit\u00e9, comme dans un cas, lorsque Apple Intelligence a condens\u00e9 un titre de la BBC pour lire que le suspect de la fusillade de United Healthcare, Luigi Mangione, s&rsquo;\u00e9tait suicid\u00e9 en prison. La soci\u00e9t\u00e9 a ensuite restaur\u00e9 la fonctionnalit\u00e9, mais a inclus quelques garde-fous suppl\u00e9mentaires, comme la mise en italique des r\u00e9sum\u00e9s d\u2019actualit\u00e9s.<\/p>\n<h2 id=\"apple-intelligence-might-be-making-up-new-words\">Apple Intelligence pourrait inventer de nouveaux mots<\/h2>\n<p>Je suis tomb\u00e9 sur ce message sur le subreddit r\/iOS jeudi, qui ajoute une note int\u00e9ressante \u00e0 la discussion sur les hallucinations de l&rsquo;IA. Le message dit\u00a0: \u00ab\u00a0Quelqu&rsquo;un d&rsquo;autre a-t-il re\u00e7u de faux mots dans ses r\u00e9sum\u00e9s d&rsquo;IA\u00a0?\u00a0\u00bb avec une capture d&rsquo;\u00e9cran ci-jointe, montrant les r\u00e9sum\u00e9s des notifications pour l&rsquo;application Acme Weather. La premi\u00e8re phrase se lit comme suit\u00a0: \u00ab\u00a0Imbixtent une l\u00e9g\u00e8re pluie pendant une heure\u00a0\u00bb. Ah, la pluie d\u00e9bordante. Au moins, ce n&rsquo;est que pour une heure. Attendez; <em>imbixtent<\/em>?\u00a0\u00bb<\/p>\n<p>Bien qu\u2019il ressemble vraisemblablement \u00e0 un vrai mot, inbixtent est en fait totalement invent\u00e9. L&rsquo;affiche ne partage pas exactement ce que dit la notification, nous ne pouvons donc pas savoir sur quels mots Apple Intelligence travaille \u00e0 partir d&rsquo;ici. Ce que nous savons, c&rsquo;est que l&rsquo;affiche a vu \u00ab\u00a0imbixtent\u00a0\u00bb trois fois, et ils ne sont pas seuls. Au-del\u00e0 des jabs se moquant de l&rsquo;application m\u00e9t\u00e9o utilis\u00e9e par OP, certains commentaires sur le message affirment que d&rsquo;autres ont vu Apple Intelligence inventer de faux mots dans ses r\u00e9sum\u00e9s de notification. Un intervenant a d\u00e9clar\u00e9 avoir vu \u00ab\u00a0fl\u00e9mulant\u00a0\u00bb dans un r\u00e9sum\u00e9 et \u00ab\u00a0tranqu\u00e9\u00a0\u00bb dans un r\u00e9sum\u00e9 de Mail\u00a0; un autre a partag\u00e9 qu\u2019ils avaient vu \u00ab strictement \u00bb au lieu de strictement \u00e0 deux occasions distinctes. <\/p>\n<p>Je ne trouve aucun autre exemple sur Internet montrant ce ph\u00e9nom\u00e8ne, et personnellement, je n&rsquo;utilise pas de r\u00e9sum\u00e9s de notifications sur mon iPhone, je n&rsquo;ai donc pas vu ce probl\u00e8me moi-m\u00eame. Je ne peux pas dire avec certitude \u00e0 quel point ce probl\u00e8me est r\u00e9pandu, ni s&rsquo;il est limit\u00e9 \u00e0 une certaine version d&rsquo;iOS, \u00e0 un appareil sp\u00e9cifique ou \u00e0 une application plut\u00f4t qu&rsquo;\u00e0 une autre. L&rsquo;un des commentateurs a cependant une th\u00e9orie : ils pensent que lorsque le mod\u00e8le d&rsquo;IA int\u00e9gr\u00e9 \u00e0 l&rsquo;appareil utilis\u00e9 par Apple Intelligence ne peut pas \u00e0 lui seul raccourcir la phrase originale, il constitue un portemanteau \u00e0 adapter. Selon eux, l&rsquo;IA \u00ab yolos \u00bb est un \u00ab mot vibratoire \u00bb, comme imbixtent. Ils disent que cela leur arrive le plus souvent avec les r\u00e9sum\u00e9s de l&rsquo;application M\u00e9t\u00e9o.     <\/p>\n<h2 id=\"does-apple-intelligence-make-up-words-in-your-summaries\">Apple Intelligence invente-t-elle des mots dans vos r\u00e9sum\u00e9s\u00a0?<\/h2>\n<p>Encore une fois, on ne sait pas si cela affecte un grand nombre d\u2019utilisateurs Apple ou seulement une petite fraction. Le fait que je ne trouve qu&rsquo;un seul article \u00e0 ce sujet, avec deux commentateurs partageant des exp\u00e9riences similaires, m&rsquo;am\u00e8ne \u00e0 croire qu&rsquo;il s&rsquo;agit de la derni\u00e8re solution, mais j&rsquo;aimerais avoir l&rsquo;avis de toute personne ayant une exp\u00e9rience similaire. Si vous utilisez les r\u00e9sum\u00e9s de notification d&rsquo;Apple Intelligence, faites-moi savoir si vous avez vu des mots invent\u00e9s de votre c\u00f4t\u00e9. Je devrai peut-\u00eatre activer la fonctionnalit\u00e9 pour garder un \u0153il ouvert. <\/p>\n","protected":false},"excerpt":{"rendered":"<p>Aussi puissants que puissent \u00eatre les LLM, tous ont une faiblesse commune : l\u2019hallucination. Pour des raisons qui \u00e9chappent \u00e0 notre compr\u00e9hension, les mod\u00e8les d\u2019IA<\/p>\n","protected":false},"author":1,"featured_media":13663,"comment_status":"","ping_status":"","sticky":false,"template":"","format":"standard","meta":{"footnotes":""},"categories":[10230],"tags":[54,29,591,10611,233,2498],"class_list":["post-13662","post","type-post","status-publish","format-standard","has-post-thumbnail","hentry","category-apple","tag-apple","tag-des","tag-intelligence","tag-inventetelle","tag-maintenant","tag-mots","generate-columns","tablet-grid-50","mobile-grid-100","grid-parent","grid-33"],"yoast_head":"<!-- This site is optimized with the Yoast SEO plugin v24.0 - https:\/\/yoast.com\/wordpress\/plugins\/seo\/ -->\n<title>Apple Intelligence invente-t-elle des mots maintenant ? | Vie Associative<\/title>\n<meta name=\"robots\" content=\"index, follow, max-snippet:-1, max-image-preview:large, max-video-preview:-1\" \/>\n<link rel=\"canonical\" href=\"https:\/\/vieassociative.be\/actualites\/apple-intelligence-invente-t-elle-des-mots-maintenant\/\" \/>\n<meta property=\"og:locale\" content=\"fr_FR\" \/>\n<meta property=\"og:type\" content=\"article\" \/>\n<meta property=\"og:title\" content=\"Apple Intelligence invente-t-elle des mots maintenant ? | Vie Associative\" \/>\n<meta property=\"og:description\" content=\"Aussi puissants que puissent \u00eatre les LLM, tous ont une faiblesse commune : l\u2019hallucination. Pour des raisons qui \u00e9chappent \u00e0 notre compr\u00e9hension, les mod\u00e8les d\u2019IA\" \/>\n<meta property=\"og:url\" content=\"https:\/\/vieassociative.be\/actualites\/apple-intelligence-invente-t-elle-des-mots-maintenant\/\" \/>\n<meta property=\"og:site_name\" content=\"Vie Associative\" \/>\n<meta property=\"article:published_time\" content=\"2026-05-02T02:19:48+00:00\" \/>\n<meta property=\"og:image\" content=\"https:\/\/vieassociative.be\/actualites\/wp-content\/uploads\/2024\/09\/header_backgroundk-01-e1726694325946.png\" \/>\n\t<meta property=\"og:image:width\" content=\"279\" \/>\n\t<meta property=\"og:image:height\" content=\"92\" \/>\n\t<meta property=\"og:image:type\" content=\"image\/png\" \/>\n<meta name=\"author\" content=\"Julien\" \/>\n<meta name=\"twitter:card\" content=\"summary_large_image\" \/>\n<meta name=\"twitter:label1\" content=\"\u00c9crit par\" \/>\n\t<meta name=\"twitter:data1\" content=\"Julien\" \/>\n\t<meta name=\"twitter:label2\" content=\"Dur\u00e9e de lecture est.\" \/>\n\t<meta name=\"twitter:data2\" content=\"4 minutes\" \/>\n<script type=\"application\/ld+json\" class=\"yoast-schema-graph\">{\"@context\":\"https:\/\/schema.org\",\"@graph\":[{\"@type\":\"Article\",\"@id\":\"https:\/\/vieassociative.be\/actualites\/apple-intelligence-invente-t-elle-des-mots-maintenant\/#article\",\"isPartOf\":{\"@id\":\"https:\/\/vieassociative.be\/actualites\/apple-intelligence-invente-t-elle-des-mots-maintenant\/\"},\"author\":{\"name\":\"Julien\",\"@id\":\"https:\/\/vieassociative.be\/actualites\/#\/schema\/person\/b87ac4f82f9d4e7b7cec7395b679edc4\"},\"headline\":\"Apple Intelligence invente-t-elle des mots maintenant ?\",\"datePublished\":\"2026-05-02T02:19:48+00:00\",\"dateModified\":\"2026-05-02T02:19:48+00:00\",\"mainEntityOfPage\":{\"@id\":\"https:\/\/vieassociative.be\/actualites\/apple-intelligence-invente-t-elle-des-mots-maintenant\/\"},\"wordCount\":774,\"publisher\":{\"@id\":\"https:\/\/vieassociative.be\/actualites\/#organization\"},\"image\":{\"@id\":\"https:\/\/vieassociative.be\/actualites\/apple-intelligence-invente-t-elle-des-mots-maintenant\/#primaryimage\"},\"thumbnailUrl\":\"https:\/\/vieassociative.be\/actualites\/wp-content\/uploads\/2026\/05\/Apple-Intelligence-invente-t-elle-des-mots-maintenant.jpg\",\"keywords\":[\"Apple\",\"Des\",\"Intelligence\",\"inventetelle\",\"maintenant\",\"mots\"],\"articleSection\":[\"Apple\"],\"inLanguage\":\"fr-BE\"},{\"@type\":\"WebPage\",\"@id\":\"https:\/\/vieassociative.be\/actualites\/apple-intelligence-invente-t-elle-des-mots-maintenant\/\",\"url\":\"https:\/\/vieassociative.be\/actualites\/apple-intelligence-invente-t-elle-des-mots-maintenant\/\",\"name\":\"Apple Intelligence invente-t-elle des mots maintenant ? | Vie Associative\",\"isPartOf\":{\"@id\":\"https:\/\/vieassociative.be\/actualites\/#website\"},\"primaryImageOfPage\":{\"@id\":\"https:\/\/vieassociative.be\/actualites\/apple-intelligence-invente-t-elle-des-mots-maintenant\/#primaryimage\"},\"image\":{\"@id\":\"https:\/\/vieassociative.be\/actualites\/apple-intelligence-invente-t-elle-des-mots-maintenant\/#primaryimage\"},\"thumbnailUrl\":\"https:\/\/vieassociative.be\/actualites\/wp-content\/uploads\/2026\/05\/Apple-Intelligence-invente-t-elle-des-mots-maintenant.jpg\",\"datePublished\":\"2026-05-02T02:19:48+00:00\",\"dateModified\":\"2026-05-02T02:19:48+00:00\",\"breadcrumb\":{\"@id\":\"https:\/\/vieassociative.be\/actualites\/apple-intelligence-invente-t-elle-des-mots-maintenant\/#breadcrumb\"},\"inLanguage\":\"fr-BE\",\"potentialAction\":[{\"@type\":\"ReadAction\",\"target\":[\"https:\/\/vieassociative.be\/actualites\/apple-intelligence-invente-t-elle-des-mots-maintenant\/\"]}]},{\"@type\":\"ImageObject\",\"inLanguage\":\"fr-BE\",\"@id\":\"https:\/\/vieassociative.be\/actualites\/apple-intelligence-invente-t-elle-des-mots-maintenant\/#primaryimage\",\"url\":\"https:\/\/vieassociative.be\/actualites\/wp-content\/uploads\/2026\/05\/Apple-Intelligence-invente-t-elle-des-mots-maintenant.jpg\",\"contentUrl\":\"https:\/\/vieassociative.be\/actualites\/wp-content\/uploads\/2026\/05\/Apple-Intelligence-invente-t-elle-des-mots-maintenant.jpg\",\"width\":1200,\"height\":675,\"caption\":\"Apple Intelligence invente-t-elle des mots maintenant ?\"},{\"@type\":\"BreadcrumbList\",\"@id\":\"https:\/\/vieassociative.be\/actualites\/apple-intelligence-invente-t-elle-des-mots-maintenant\/#breadcrumb\",\"itemListElement\":[{\"@type\":\"ListItem\",\"position\":1,\"name\":\"Accueil\",\"item\":\"https:\/\/vieassociative.be\/actualites\/\"},{\"@type\":\"ListItem\",\"position\":2,\"name\":\"Apple Intelligence invente-t-elle des mots maintenant ?\"}]},{\"@type\":\"WebSite\",\"@id\":\"https:\/\/vieassociative.be\/actualites\/#website\",\"url\":\"https:\/\/vieassociative.be\/actualites\/\",\"name\":\"Vie Associative\",\"description\":\"\",\"publisher\":{\"@id\":\"https:\/\/vieassociative.be\/actualites\/#organization\"},\"potentialAction\":[{\"@type\":\"SearchAction\",\"target\":{\"@type\":\"EntryPoint\",\"urlTemplate\":\"https:\/\/vieassociative.be\/actualites\/?s={search_term_string}\"},\"query-input\":{\"@type\":\"PropertyValueSpecification\",\"valueRequired\":true,\"valueName\":\"search_term_string\"}}],\"inLanguage\":\"fr-BE\"},{\"@type\":\"Organization\",\"@id\":\"https:\/\/vieassociative.be\/actualites\/#organization\",\"name\":\"Vie Associative\",\"url\":\"https:\/\/vieassociative.be\/actualites\/\",\"logo\":{\"@type\":\"ImageObject\",\"inLanguage\":\"fr-BE\",\"@id\":\"https:\/\/vieassociative.be\/actualites\/#\/schema\/logo\/image\/\",\"url\":\"https:\/\/vieassociative.be\/actualites\/wp-content\/uploads\/2024\/09\/cropped-vieassociative_favicon.ico.png\",\"contentUrl\":\"https:\/\/vieassociative.be\/actualites\/wp-content\/uploads\/2024\/09\/cropped-vieassociative_favicon.ico.png\",\"width\":512,\"height\":512,\"caption\":\"Vie Associative\"},\"image\":{\"@id\":\"https:\/\/vieassociative.be\/actualites\/#\/schema\/logo\/image\/\"}},{\"@type\":\"Person\",\"@id\":\"https:\/\/vieassociative.be\/actualites\/#\/schema\/person\/b87ac4f82f9d4e7b7cec7395b679edc4\",\"name\":\"Julien\",\"image\":{\"@type\":\"ImageObject\",\"inLanguage\":\"fr-BE\",\"@id\":\"https:\/\/vieassociative.be\/actualites\/#\/schema\/person\/image\/\",\"url\":\"https:\/\/vieassociative.be\/actualites\/wp-content\/uploads\/2024\/09\/vie-associative-1-150x150.jpg\",\"contentUrl\":\"https:\/\/vieassociative.be\/actualites\/wp-content\/uploads\/2024\/09\/vie-associative-1-150x150.jpg\",\"caption\":\"Julien\"},\"description\":\"Je suis Julien, r\u00e9dacteur pour Vie Associative. Passionn\u00e9 par le monde associatif depuis plus de 10 ans, j'ai \u00e0 c\u0153ur de partager des histoires inspirantes et de mettre en lumi\u00e8re les initiatives locales. Mon objectif est de sensibiliser et d'encourager l'engagement communautaire \u00e0 travers mes articles.\",\"sameAs\":[\"https:\/\/vieassociative.be\/\"]}]}<\/script>\n<!-- \/ Yoast SEO plugin. -->","yoast_head_json":{"title":"Apple Intelligence invente-t-elle des mots maintenant ? | Vie Associative","robots":{"index":"index","follow":"follow","max-snippet":"max-snippet:-1","max-image-preview":"max-image-preview:large","max-video-preview":"max-video-preview:-1"},"canonical":"https:\/\/vieassociative.be\/actualites\/apple-intelligence-invente-t-elle-des-mots-maintenant\/","og_locale":"fr_FR","og_type":"article","og_title":"Apple Intelligence invente-t-elle des mots maintenant ? | Vie Associative","og_description":"Aussi puissants que puissent \u00eatre les LLM, tous ont une faiblesse commune : l\u2019hallucination. Pour des raisons qui \u00e9chappent \u00e0 notre compr\u00e9hension, les mod\u00e8les d\u2019IA","og_url":"https:\/\/vieassociative.be\/actualites\/apple-intelligence-invente-t-elle-des-mots-maintenant\/","og_site_name":"Vie Associative","article_published_time":"2026-05-02T02:19:48+00:00","og_image":[{"width":279,"height":92,"url":"https:\/\/vieassociative.be\/actualites\/wp-content\/uploads\/2024\/09\/header_backgroundk-01-e1726694325946.png","type":"image\/png"}],"author":"Julien","twitter_card":"summary_large_image","twitter_misc":{"\u00c9crit par":"Julien","Dur\u00e9e de lecture est.":"4 minutes"},"schema":{"@context":"https:\/\/schema.org","@graph":[{"@type":"Article","@id":"https:\/\/vieassociative.be\/actualites\/apple-intelligence-invente-t-elle-des-mots-maintenant\/#article","isPartOf":{"@id":"https:\/\/vieassociative.be\/actualites\/apple-intelligence-invente-t-elle-des-mots-maintenant\/"},"author":{"name":"Julien","@id":"https:\/\/vieassociative.be\/actualites\/#\/schema\/person\/b87ac4f82f9d4e7b7cec7395b679edc4"},"headline":"Apple Intelligence invente-t-elle des mots maintenant ?","datePublished":"2026-05-02T02:19:48+00:00","dateModified":"2026-05-02T02:19:48+00:00","mainEntityOfPage":{"@id":"https:\/\/vieassociative.be\/actualites\/apple-intelligence-invente-t-elle-des-mots-maintenant\/"},"wordCount":774,"publisher":{"@id":"https:\/\/vieassociative.be\/actualites\/#organization"},"image":{"@id":"https:\/\/vieassociative.be\/actualites\/apple-intelligence-invente-t-elle-des-mots-maintenant\/#primaryimage"},"thumbnailUrl":"https:\/\/vieassociative.be\/actualites\/wp-content\/uploads\/2026\/05\/Apple-Intelligence-invente-t-elle-des-mots-maintenant.jpg","keywords":["Apple","Des","Intelligence","inventetelle","maintenant","mots"],"articleSection":["Apple"],"inLanguage":"fr-BE"},{"@type":"WebPage","@id":"https:\/\/vieassociative.be\/actualites\/apple-intelligence-invente-t-elle-des-mots-maintenant\/","url":"https:\/\/vieassociative.be\/actualites\/apple-intelligence-invente-t-elle-des-mots-maintenant\/","name":"Apple Intelligence invente-t-elle des mots maintenant ? | Vie Associative","isPartOf":{"@id":"https:\/\/vieassociative.be\/actualites\/#website"},"primaryImageOfPage":{"@id":"https:\/\/vieassociative.be\/actualites\/apple-intelligence-invente-t-elle-des-mots-maintenant\/#primaryimage"},"image":{"@id":"https:\/\/vieassociative.be\/actualites\/apple-intelligence-invente-t-elle-des-mots-maintenant\/#primaryimage"},"thumbnailUrl":"https:\/\/vieassociative.be\/actualites\/wp-content\/uploads\/2026\/05\/Apple-Intelligence-invente-t-elle-des-mots-maintenant.jpg","datePublished":"2026-05-02T02:19:48+00:00","dateModified":"2026-05-02T02:19:48+00:00","breadcrumb":{"@id":"https:\/\/vieassociative.be\/actualites\/apple-intelligence-invente-t-elle-des-mots-maintenant\/#breadcrumb"},"inLanguage":"fr-BE","potentialAction":[{"@type":"ReadAction","target":["https:\/\/vieassociative.be\/actualites\/apple-intelligence-invente-t-elle-des-mots-maintenant\/"]}]},{"@type":"ImageObject","inLanguage":"fr-BE","@id":"https:\/\/vieassociative.be\/actualites\/apple-intelligence-invente-t-elle-des-mots-maintenant\/#primaryimage","url":"https:\/\/vieassociative.be\/actualites\/wp-content\/uploads\/2026\/05\/Apple-Intelligence-invente-t-elle-des-mots-maintenant.jpg","contentUrl":"https:\/\/vieassociative.be\/actualites\/wp-content\/uploads\/2026\/05\/Apple-Intelligence-invente-t-elle-des-mots-maintenant.jpg","width":1200,"height":675,"caption":"Apple Intelligence invente-t-elle des mots maintenant ?"},{"@type":"BreadcrumbList","@id":"https:\/\/vieassociative.be\/actualites\/apple-intelligence-invente-t-elle-des-mots-maintenant\/#breadcrumb","itemListElement":[{"@type":"ListItem","position":1,"name":"Accueil","item":"https:\/\/vieassociative.be\/actualites\/"},{"@type":"ListItem","position":2,"name":"Apple Intelligence invente-t-elle des mots maintenant ?"}]},{"@type":"WebSite","@id":"https:\/\/vieassociative.be\/actualites\/#website","url":"https:\/\/vieassociative.be\/actualites\/","name":"Vie Associative","description":"","publisher":{"@id":"https:\/\/vieassociative.be\/actualites\/#organization"},"potentialAction":[{"@type":"SearchAction","target":{"@type":"EntryPoint","urlTemplate":"https:\/\/vieassociative.be\/actualites\/?s={search_term_string}"},"query-input":{"@type":"PropertyValueSpecification","valueRequired":true,"valueName":"search_term_string"}}],"inLanguage":"fr-BE"},{"@type":"Organization","@id":"https:\/\/vieassociative.be\/actualites\/#organization","name":"Vie Associative","url":"https:\/\/vieassociative.be\/actualites\/","logo":{"@type":"ImageObject","inLanguage":"fr-BE","@id":"https:\/\/vieassociative.be\/actualites\/#\/schema\/logo\/image\/","url":"https:\/\/vieassociative.be\/actualites\/wp-content\/uploads\/2024\/09\/cropped-vieassociative_favicon.ico.png","contentUrl":"https:\/\/vieassociative.be\/actualites\/wp-content\/uploads\/2024\/09\/cropped-vieassociative_favicon.ico.png","width":512,"height":512,"caption":"Vie Associative"},"image":{"@id":"https:\/\/vieassociative.be\/actualites\/#\/schema\/logo\/image\/"}},{"@type":"Person","@id":"https:\/\/vieassociative.be\/actualites\/#\/schema\/person\/b87ac4f82f9d4e7b7cec7395b679edc4","name":"Julien","image":{"@type":"ImageObject","inLanguage":"fr-BE","@id":"https:\/\/vieassociative.be\/actualites\/#\/schema\/person\/image\/","url":"https:\/\/vieassociative.be\/actualites\/wp-content\/uploads\/2024\/09\/vie-associative-1-150x150.jpg","contentUrl":"https:\/\/vieassociative.be\/actualites\/wp-content\/uploads\/2024\/09\/vie-associative-1-150x150.jpg","caption":"Julien"},"description":"Je suis Julien, r\u00e9dacteur pour Vie Associative. Passionn\u00e9 par le monde associatif depuis plus de 10 ans, j'ai \u00e0 c\u0153ur de partager des histoires inspirantes et de mettre en lumi\u00e8re les initiatives locales. Mon objectif est de sensibiliser et d'encourager l'engagement communautaire \u00e0 travers mes articles.","sameAs":["https:\/\/vieassociative.be\/"]}]}},"_links":{"self":[{"href":"https:\/\/vieassociative.be\/actualites\/wp-json\/wp\/v2\/posts\/13662"}],"collection":[{"href":"https:\/\/vieassociative.be\/actualites\/wp-json\/wp\/v2\/posts"}],"about":[{"href":"https:\/\/vieassociative.be\/actualites\/wp-json\/wp\/v2\/types\/post"}],"author":[{"embeddable":true,"href":"https:\/\/vieassociative.be\/actualites\/wp-json\/wp\/v2\/users\/1"}],"replies":[{"embeddable":true,"href":"https:\/\/vieassociative.be\/actualites\/wp-json\/wp\/v2\/comments?post=13662"}],"version-history":[{"count":0,"href":"https:\/\/vieassociative.be\/actualites\/wp-json\/wp\/v2\/posts\/13662\/revisions"}],"wp:featuredmedia":[{"embeddable":true,"href":"https:\/\/vieassociative.be\/actualites\/wp-json\/wp\/v2\/media\/13663"}],"wp:attachment":[{"href":"https:\/\/vieassociative.be\/actualites\/wp-json\/wp\/v2\/media?parent=13662"}],"wp:term":[{"taxonomy":"category","embeddable":true,"href":"https:\/\/vieassociative.be\/actualites\/wp-json\/wp\/v2\/categories?post=13662"},{"taxonomy":"post_tag","embeddable":true,"href":"https:\/\/vieassociative.be\/actualites\/wp-json\/wp\/v2\/tags?post=13662"}],"curies":[{"name":"wp","href":"https:\/\/api.w.org\/{rel}","templated":true}]}}