{"id":13660,"date":"2026-05-01T23:17:38","date_gmt":"2026-05-01T21:17:38","guid":{"rendered":"https:\/\/vieassociative.be\/actualites\/president-americain-donald-trump-les-droits-de-douane-sur-les-voitures-et-les-camions-en-provenance-de-lunion-europeenne-augmentent-a-25-pour-cent\/"},"modified":"2026-05-01T23:17:38","modified_gmt":"2026-05-01T21:17:38","slug":"president-americain-donald-trump-les-droits-de-douane-sur-les-voitures-et-les-camions-en-provenance-de-lunion-europeenne-augmentent-a-25-pour-cent","status":"publish","type":"post","link":"https:\/\/vieassociative.be\/actualites\/president-americain-donald-trump-les-droits-de-douane-sur-les-voitures-et-les-camions-en-provenance-de-lunion-europeenne-augmentent-a-25-pour-cent\/","title":{"rendered":"Pr\u00e9sident am\u00e9ricain Donald Trump : les droits de douane sur les voitures et les camions en provenance de l&rsquo;Union europ\u00e9enne augmentent \u00e0 25 pour cent"},"content":{"rendered":"<p><strong>L\u2019\u00e9t\u00e9 dernier, l\u2019UE et les \u00c9tats-Unis se sont mis d\u2019accord sur un accord-cadre sur les tarifs douaniers. Mais aujourd\u2019hui, le pr\u00e9sident am\u00e9ricain Trump intensifie \u00e0 nouveau le conflit.<\/strong><\/p>\n<p><span id=\"more-438724\"><\/span>Le pr\u00e9sident am\u00e9ricain Donald Trump souhaite augmenter \u00e0 25 % les droits de douane sur les voitures et les camions import\u00e9s aux \u00c9tats-Unis en provenance de l&rsquo;Union europ\u00e9enne \u00e0 partir de la semaine prochaine. Dans son message sur la plateforme Truth Social, il a justifi\u00e9 cela en accusant l\u2019UE de ne pas respecter l\u2019accord commercial convenu.<\/p>\n<p>L&rsquo;\u00e9t\u00e9 dernier, Trump et la pr\u00e9sidente de la Commission europ\u00e9enne, Ursula von der Leyen, ont convenu dans un accord-cadre d&rsquo;un plafond de 15 pour cent sur la plupart des importations de marchandises de l&rsquo;UE vers les \u00c9tats-Unis. Le taux devrait \u00e9galement s\u2019appliquer aux voitures et pi\u00e8ces d\u00e9tach\u00e9es automobiles europ\u00e9ennes. En \u00e9change, l\u2019UE s\u2019engage \u00e0 \u00e9liminer les droits de douane sur les produits industriels am\u00e9ricains et \u00e0 faciliter l\u2019acc\u00e8s au march\u00e9 des produits agricoles am\u00e9ricains tels que le porc et les produits laitiers.<\/p>\n<div id=\"attachment_438727\" class=\"wp-caption alignleft\" style=\"max-width: 300px\"><img fetchpriority=\"high\" decoding=\"async\" class=\"wp-image-438727 size-medium\" src=\"https:\/\/vieassociative.be\/actualites\/wp-content\/uploads\/2026\/05\/President-americain-Donald-Trump-les-droits-de-douane-sur.jpg\" alt=\"\" width=\"300\" height=\"200\"><\/div>\n<p>Cependant, de nouvelles menaces tarifaires de la part de Trump dans le conflit au Groenland et l\u2019incertitude apr\u00e8s une d\u00e9cision de justice d\u00e9clarant ill\u00e9gales de nombreux droits de douane am\u00e9ricains ont ralenti la mise en \u0153uvre de l\u2019accord douanier. Le Parlement europ\u00e9en a annonc\u00e9 en mars qu&rsquo;il souhaitait soumettre \u00e0 des conditions strictes la poursuite de la mise en \u0153uvre de l&rsquo;accord avec les \u00c9tats-Unis. La majorit\u00e9 des d\u00e9put\u00e9s ont vot\u00e9 en faveur. Pour la mise en \u0153uvre, les \u00c9tats membres doivent \u00e9galement accepter les r\u00e9glementations pertinentes.<\/p>\n<p><strong>\u2013 Exception pour les produits fabriqu\u00e9s aux USA :<\/strong> Selon Trump, les voitures et les camions des constructeurs europ\u00e9ens produits aux \u00c9tats-Unis sont exon\u00e9r\u00e9s de taxes. Le pr\u00e9sident am\u00e9ricain veut encourager les constructeurs automobiles du monde entier \u00e0 produire davantage aux \u00c9tats-Unis, malgr\u00e9 des co\u00fbts de fabrication plus \u00e9lev\u00e9s. De \u00ab nombreuses \u00bb installations de production sont actuellement en construction et le volume des investissements s&rsquo;\u00e9l\u00e8ve \u00e0 plus de 100 milliards de dollars am\u00e9ricains (pr\u00e8s de 85,5 milliards d&rsquo;euros), \u00e9crit-il dans son message.<\/p>\n<p>Les relations entre les \u00c9tats-Unis et les pays europ\u00e9ens sont devenues tendues ces derniers temps. Ces derniers jours, Trump a attaqu\u00e9 verbalement \u00e0 plusieurs reprises le chancelier allemand Friedrich Merz pour ses commentaires critiques \u00e0 l&rsquo;\u00e9gard de l&rsquo;offensive am\u00e9ricaine contre l&rsquo;Iran. Peu de temps apr\u00e8s, il a menac\u00e9 de retirer les soldats am\u00e9ricains d&rsquo;Allemagne. Un peu plus tard, Trump a annonc\u00e9 des consid\u00e9rations similaires pour l\u2019Italie et l\u2019Espagne. Le pr\u00e9sident am\u00e9ricain critique depuis un certain temps d\u00e9j\u00e0 ce qu&rsquo;il consid\u00e8re comme le manque de soutien des Europ\u00e9ens \u00e0 sa guerre contre l&rsquo;Iran. (dpa)<\/p>\n<p><em><strong>Sur le sujet, voir aussi l&rsquo;article suivant sur l&rsquo;OD :<\/strong><\/em><\/p>\n<div class=\"responsive-embed widescreen\">\n<blockquote class=\"wp-embedded-content\" data-secret=\"kZXBR0rf0t\">\n<p>Le pr\u00e9sident am\u00e9ricain Trump s\u2019en prend personnellement au chancelier Merz : \u00ab Il n\u2019a aucune id\u00e9e de ce dont il parle \u00bb<\/p>\n<\/blockquote>\n<p><iframe loading=\"lazy\" class=\"wp-embedded-content\" sandbox=\"allow-scripts\" security=\"restricted\" style=\"position: absolute; visibility: hidden;\" title=\"\u201eUS-Pr\u00e4sident Trump attackiert Bundeskanzler Merz pers\u00f6nlich: \u201eEr hat keine Ahnung, wovon er spricht\u201c\u201c \u2013 Ostbelgien Direkt\" src=\"https:\/\/ostbelgiendirekt.be\/about:blank\" data-secret=\"kZXBR0rf0t\" width=\"500\" height=\"282\" frameborder=\"0\" marginwidth=\"0\" marginheight=\"0\" scrolling=\"no\" data-rocket-lazyload=\"fitvidscompatible\" data-lazy-src=\"https:\/\/ostbelgiendirekt.be\/trump-attackiert-kanzler-merz-438697\/embed#?secret=Zb83crxsiR#?secret=kZXBR0rf0t\"><\/iframe><noscript><iframe class=\"wp-embedded-content\" sandbox=\"allow-scripts\" security=\"restricted\" style=\"position: absolute; visibility: hidden;\" title=\"\u201eUS-Pr\u00e4sident Trump attackiert Bundeskanzler Merz pers\u00f6nlich: \u201eEr hat keine Ahnung, wovon er spricht\u201c\u201c \u2013 Ostbelgien Direkt\" src=\"https:\/\/ostbelgiendirekt.be\/trump-attackiert-kanzler-merz-438697\/embed#?secret=Zb83crxsiR#?secret=kZXBR0rf0t\" data-secret=\"kZXBR0rf0t\" width=\"500\" height=\"282\" frameborder=\"0\" marginwidth=\"0\" marginheight=\"0\" scrolling=\"no\"><\/iframe><\/noscript><\/p>\n<\/div>\n","protected":false},"excerpt":{"rendered":"<p>L\u2019\u00e9t\u00e9 dernier, l\u2019UE et les \u00c9tats-Unis se sont mis d\u2019accord sur un accord-cadre sur les tarifs douaniers. Mais aujourd\u2019hui, le pr\u00e9sident am\u00e9ricain Trump intensifie \u00e0<\/p>\n","protected":false},"author":1,"featured_media":13661,"comment_status":"","ping_status":"","sticky":false,"template":"","format":"standard","meta":{"footnotes":""},"categories":[298],"tags":[10,4315,2671,8921,2424,9051,779,3561,14,1143,81,3075,8089,33,2425,1623],"class_list":["post-13660","post","type-post","status-publish","format-standard","has-post-thumbnail","hentry","category-belgique","tag-americain","tag-augmentent","tag-camions","tag-cent","tag-donald","tag-douane","tag-droits","tag-europeenne","tag-les","tag-lunion","tag-pour","tag-president","tag-provenance","tag-sur","tag-trump","tag-voitures","generate-columns","tablet-grid-50","mobile-grid-100","grid-parent","grid-33"],"yoast_head":"<!-- This site is optimized with the Yoast SEO plugin v24.0 - https:\/\/yoast.com\/wordpress\/plugins\/seo\/ -->\n<title>Pr\u00e9sident am\u00e9ricain Donald Trump : les droits de douane sur les voitures et les camions en provenance de l&#039;Union europ\u00e9enne augmentent \u00e0 25 pour cent | Vie Associative<\/title>\n<meta name=\"robots\" content=\"index, follow, max-snippet:-1, max-image-preview:large, max-video-preview:-1\" \/>\n<link rel=\"canonical\" href=\"https:\/\/vieassociative.be\/actualites\/president-americain-donald-trump-les-droits-de-douane-sur-les-voitures-et-les-camions-en-provenance-de-lunion-europeenne-augmentent-a-25-pour-cent\/\" \/>\n<meta property=\"og:locale\" content=\"fr_FR\" \/>\n<meta property=\"og:type\" content=\"article\" \/>\n<meta property=\"og:title\" content=\"Pr\u00e9sident am\u00e9ricain Donald Trump : les droits de douane sur les voitures et les camions en provenance de l&#039;Union europ\u00e9enne augmentent \u00e0 25 pour cent | Vie Associative\" \/>\n<meta property=\"og:description\" content=\"L\u2019\u00e9t\u00e9 dernier, l\u2019UE et les \u00c9tats-Unis se sont mis d\u2019accord sur un accord-cadre sur les tarifs douaniers. Mais aujourd\u2019hui, le pr\u00e9sident am\u00e9ricain Trump intensifie \u00e0\" \/>\n<meta property=\"og:url\" content=\"https:\/\/vieassociative.be\/actualites\/president-americain-donald-trump-les-droits-de-douane-sur-les-voitures-et-les-camions-en-provenance-de-lunion-europeenne-augmentent-a-25-pour-cent\/\" \/>\n<meta property=\"og:site_name\" content=\"Vie Associative\" \/>\n<meta property=\"article:published_time\" content=\"2026-05-01T21:17:38+00:00\" \/>\n<meta property=\"og:image\" content=\"https:\/\/vieassociative.be\/actualites\/wp-content\/uploads\/2024\/09\/header_backgroundk-01-e1726694325946.png\" \/>\n\t<meta property=\"og:image:width\" content=\"279\" \/>\n\t<meta property=\"og:image:height\" content=\"92\" \/>\n\t<meta property=\"og:image:type\" content=\"image\/png\" \/>\n<meta name=\"author\" content=\"Julien\" \/>\n<meta name=\"twitter:card\" content=\"summary_large_image\" \/>\n<meta name=\"twitter:label1\" content=\"\u00c9crit par\" \/>\n\t<meta name=\"twitter:data1\" content=\"Julien\" \/>\n\t<meta name=\"twitter:label2\" content=\"Dur\u00e9e de lecture est.\" \/>\n\t<meta name=\"twitter:data2\" content=\"3 minutes\" \/>\n<script type=\"application\/ld+json\" class=\"yoast-schema-graph\">{\"@context\":\"https:\/\/schema.org\",\"@graph\":[{\"@type\":\"Article\",\"@id\":\"https:\/\/vieassociative.be\/actualites\/president-americain-donald-trump-les-droits-de-douane-sur-les-voitures-et-les-camions-en-provenance-de-lunion-europeenne-augmentent-a-25-pour-cent\/#article\",\"isPartOf\":{\"@id\":\"https:\/\/vieassociative.be\/actualites\/president-americain-donald-trump-les-droits-de-douane-sur-les-voitures-et-les-camions-en-provenance-de-lunion-europeenne-augmentent-a-25-pour-cent\/\"},\"author\":{\"name\":\"Julien\",\"@id\":\"https:\/\/vieassociative.be\/actualites\/#\/schema\/person\/b87ac4f82f9d4e7b7cec7395b679edc4\"},\"headline\":\"Pr\u00e9sident am\u00e9ricain Donald Trump : les droits de douane sur les voitures et les camions en provenance de l&rsquo;Union europ\u00e9enne augmentent \u00e0 25 pour cent\",\"datePublished\":\"2026-05-01T21:17:38+00:00\",\"dateModified\":\"2026-05-01T21:17:38+00:00\",\"mainEntityOfPage\":{\"@id\":\"https:\/\/vieassociative.be\/actualites\/president-americain-donald-trump-les-droits-de-douane-sur-les-voitures-et-les-camions-en-provenance-de-lunion-europeenne-augmentent-a-25-pour-cent\/\"},\"wordCount\":543,\"publisher\":{\"@id\":\"https:\/\/vieassociative.be\/actualites\/#organization\"},\"image\":{\"@id\":\"https:\/\/vieassociative.be\/actualites\/president-americain-donald-trump-les-droits-de-douane-sur-les-voitures-et-les-camions-en-provenance-de-lunion-europeenne-augmentent-a-25-pour-cent\/#primaryimage\"},\"thumbnailUrl\":\"https:\/\/vieassociative.be\/actualites\/wp-content\/uploads\/2026\/05\/1777670259_President-americain-Donald-Trump-les-droits-de-douane-sur.jpg\",\"keywords\":[\"am\u00e9ricain\",\"augmentent\",\"camions\",\"cent\",\"Donald\",\"douane\",\"droits\",\"europ\u00e9enne\",\"Les\",\"lUnion\",\"pour\",\"pr\u00e9sident\",\"provenance\",\"sur\",\"Trump\",\"voitures\"],\"articleSection\":[\"Belgique\"],\"inLanguage\":\"fr-BE\"},{\"@type\":\"WebPage\",\"@id\":\"https:\/\/vieassociative.be\/actualites\/president-americain-donald-trump-les-droits-de-douane-sur-les-voitures-et-les-camions-en-provenance-de-lunion-europeenne-augmentent-a-25-pour-cent\/\",\"url\":\"https:\/\/vieassociative.be\/actualites\/president-americain-donald-trump-les-droits-de-douane-sur-les-voitures-et-les-camions-en-provenance-de-lunion-europeenne-augmentent-a-25-pour-cent\/\",\"name\":\"Pr\u00e9sident am\u00e9ricain Donald Trump : les droits de douane sur les voitures et les camions en provenance de l'Union europ\u00e9enne augmentent \u00e0 25 pour cent | Vie Associative\",\"isPartOf\":{\"@id\":\"https:\/\/vieassociative.be\/actualites\/#website\"},\"primaryImageOfPage\":{\"@id\":\"https:\/\/vieassociative.be\/actualites\/president-americain-donald-trump-les-droits-de-douane-sur-les-voitures-et-les-camions-en-provenance-de-lunion-europeenne-augmentent-a-25-pour-cent\/#primaryimage\"},\"image\":{\"@id\":\"https:\/\/vieassociative.be\/actualites\/president-americain-donald-trump-les-droits-de-douane-sur-les-voitures-et-les-camions-en-provenance-de-lunion-europeenne-augmentent-a-25-pour-cent\/#primaryimage\"},\"thumbnailUrl\":\"https:\/\/vieassociative.be\/actualites\/wp-content\/uploads\/2026\/05\/1777670259_President-americain-Donald-Trump-les-droits-de-douane-sur.jpg\",\"datePublished\":\"2026-05-01T21:17:38+00:00\",\"dateModified\":\"2026-05-01T21:17:38+00:00\",\"breadcrumb\":{\"@id\":\"https:\/\/vieassociative.be\/actualites\/president-americain-donald-trump-les-droits-de-douane-sur-les-voitures-et-les-camions-en-provenance-de-lunion-europeenne-augmentent-a-25-pour-cent\/#breadcrumb\"},\"inLanguage\":\"fr-BE\",\"potentialAction\":[{\"@type\":\"ReadAction\",\"target\":[\"https:\/\/vieassociative.be\/actualites\/president-americain-donald-trump-les-droits-de-douane-sur-les-voitures-et-les-camions-en-provenance-de-lunion-europeenne-augmentent-a-25-pour-cent\/\"]}]},{\"@type\":\"ImageObject\",\"inLanguage\":\"fr-BE\",\"@id\":\"https:\/\/vieassociative.be\/actualites\/president-americain-donald-trump-les-droits-de-douane-sur-les-voitures-et-les-camions-en-provenance-de-lunion-europeenne-augmentent-a-25-pour-cent\/#primaryimage\",\"url\":\"https:\/\/vieassociative.be\/actualites\/wp-content\/uploads\/2026\/05\/1777670259_President-americain-Donald-Trump-les-droits-de-douane-sur.jpg\",\"contentUrl\":\"https:\/\/vieassociative.be\/actualites\/wp-content\/uploads\/2026\/05\/1777670259_President-americain-Donald-Trump-les-droits-de-douane-sur.jpg\",\"width\":1200,\"height\":800,\"caption\":\"Pr\u00e9sident am\u00e9ricain Donald Trump : les droits de douane sur les voitures et les camions en provenance de l'Union europ\u00e9enne augmentent \u00e0 25 pour cent\"},{\"@type\":\"BreadcrumbList\",\"@id\":\"https:\/\/vieassociative.be\/actualites\/president-americain-donald-trump-les-droits-de-douane-sur-les-voitures-et-les-camions-en-provenance-de-lunion-europeenne-augmentent-a-25-pour-cent\/#breadcrumb\",\"itemListElement\":[{\"@type\":\"ListItem\",\"position\":1,\"name\":\"Accueil\",\"item\":\"https:\/\/vieassociative.be\/actualites\/\"},{\"@type\":\"ListItem\",\"position\":2,\"name\":\"Pr\u00e9sident am\u00e9ricain Donald Trump : les droits de douane sur les voitures et les camions en provenance de l&rsquo;Union europ\u00e9enne augmentent \u00e0 25 pour cent\"}]},{\"@type\":\"WebSite\",\"@id\":\"https:\/\/vieassociative.be\/actualites\/#website\",\"url\":\"https:\/\/vieassociative.be\/actualites\/\",\"name\":\"Vie Associative\",\"description\":\"\",\"publisher\":{\"@id\":\"https:\/\/vieassociative.be\/actualites\/#organization\"},\"potentialAction\":[{\"@type\":\"SearchAction\",\"target\":{\"@type\":\"EntryPoint\",\"urlTemplate\":\"https:\/\/vieassociative.be\/actualites\/?s={search_term_string}\"},\"query-input\":{\"@type\":\"PropertyValueSpecification\",\"valueRequired\":true,\"valueName\":\"search_term_string\"}}],\"inLanguage\":\"fr-BE\"},{\"@type\":\"Organization\",\"@id\":\"https:\/\/vieassociative.be\/actualites\/#organization\",\"name\":\"Vie Associative\",\"url\":\"https:\/\/vieassociative.be\/actualites\/\",\"logo\":{\"@type\":\"ImageObject\",\"inLanguage\":\"fr-BE\",\"@id\":\"https:\/\/vieassociative.be\/actualites\/#\/schema\/logo\/image\/\",\"url\":\"https:\/\/vieassociative.be\/actualites\/wp-content\/uploads\/2024\/09\/cropped-vieassociative_favicon.ico.png\",\"contentUrl\":\"https:\/\/vieassociative.be\/actualites\/wp-content\/uploads\/2024\/09\/cropped-vieassociative_favicon.ico.png\",\"width\":512,\"height\":512,\"caption\":\"Vie Associative\"},\"image\":{\"@id\":\"https:\/\/vieassociative.be\/actualites\/#\/schema\/logo\/image\/\"}},{\"@type\":\"Person\",\"@id\":\"https:\/\/vieassociative.be\/actualites\/#\/schema\/person\/b87ac4f82f9d4e7b7cec7395b679edc4\",\"name\":\"Julien\",\"image\":{\"@type\":\"ImageObject\",\"inLanguage\":\"fr-BE\",\"@id\":\"https:\/\/vieassociative.be\/actualites\/#\/schema\/person\/image\/\",\"url\":\"https:\/\/vieassociative.be\/actualites\/wp-content\/uploads\/2024\/09\/vie-associative-1-150x150.jpg\",\"contentUrl\":\"https:\/\/vieassociative.be\/actualites\/wp-content\/uploads\/2024\/09\/vie-associative-1-150x150.jpg\",\"caption\":\"Julien\"},\"description\":\"Je suis Julien, r\u00e9dacteur pour Vie Associative. Passionn\u00e9 par le monde associatif depuis plus de 10 ans, j'ai \u00e0 c\u0153ur de partager des histoires inspirantes et de mettre en lumi\u00e8re les initiatives locales. Mon objectif est de sensibiliser et d'encourager l'engagement communautaire \u00e0 travers mes articles.\",\"sameAs\":[\"https:\/\/vieassociative.be\/\"]}]}<\/script>\n<!-- \/ Yoast SEO plugin. -->","yoast_head_json":{"title":"Pr\u00e9sident am\u00e9ricain Donald Trump : les droits de douane sur les voitures et les camions en provenance de l'Union europ\u00e9enne augmentent \u00e0 25 pour cent | Vie Associative","robots":{"index":"index","follow":"follow","max-snippet":"max-snippet:-1","max-image-preview":"max-image-preview:large","max-video-preview":"max-video-preview:-1"},"canonical":"https:\/\/vieassociative.be\/actualites\/president-americain-donald-trump-les-droits-de-douane-sur-les-voitures-et-les-camions-en-provenance-de-lunion-europeenne-augmentent-a-25-pour-cent\/","og_locale":"fr_FR","og_type":"article","og_title":"Pr\u00e9sident am\u00e9ricain Donald Trump : les droits de douane sur les voitures et les camions en provenance de l'Union europ\u00e9enne augmentent \u00e0 25 pour cent | Vie Associative","og_description":"L\u2019\u00e9t\u00e9 dernier, l\u2019UE et les \u00c9tats-Unis se sont mis d\u2019accord sur un accord-cadre sur les tarifs douaniers. Mais aujourd\u2019hui, le pr\u00e9sident am\u00e9ricain Trump intensifie \u00e0","og_url":"https:\/\/vieassociative.be\/actualites\/president-americain-donald-trump-les-droits-de-douane-sur-les-voitures-et-les-camions-en-provenance-de-lunion-europeenne-augmentent-a-25-pour-cent\/","og_site_name":"Vie Associative","article_published_time":"2026-05-01T21:17:38+00:00","og_image":[{"width":279,"height":92,"url":"https:\/\/vieassociative.be\/actualites\/wp-content\/uploads\/2024\/09\/header_backgroundk-01-e1726694325946.png","type":"image\/png"}],"author":"Julien","twitter_card":"summary_large_image","twitter_misc":{"\u00c9crit par":"Julien","Dur\u00e9e de lecture est.":"3 minutes"},"schema":{"@context":"https:\/\/schema.org","@graph":[{"@type":"Article","@id":"https:\/\/vieassociative.be\/actualites\/president-americain-donald-trump-les-droits-de-douane-sur-les-voitures-et-les-camions-en-provenance-de-lunion-europeenne-augmentent-a-25-pour-cent\/#article","isPartOf":{"@id":"https:\/\/vieassociative.be\/actualites\/president-americain-donald-trump-les-droits-de-douane-sur-les-voitures-et-les-camions-en-provenance-de-lunion-europeenne-augmentent-a-25-pour-cent\/"},"author":{"name":"Julien","@id":"https:\/\/vieassociative.be\/actualites\/#\/schema\/person\/b87ac4f82f9d4e7b7cec7395b679edc4"},"headline":"Pr\u00e9sident am\u00e9ricain Donald Trump : les droits de douane sur les voitures et les camions en provenance de l&rsquo;Union europ\u00e9enne augmentent \u00e0 25 pour cent","datePublished":"2026-05-01T21:17:38+00:00","dateModified":"2026-05-01T21:17:38+00:00","mainEntityOfPage":{"@id":"https:\/\/vieassociative.be\/actualites\/president-americain-donald-trump-les-droits-de-douane-sur-les-voitures-et-les-camions-en-provenance-de-lunion-europeenne-augmentent-a-25-pour-cent\/"},"wordCount":543,"publisher":{"@id":"https:\/\/vieassociative.be\/actualites\/#organization"},"image":{"@id":"https:\/\/vieassociative.be\/actualites\/president-americain-donald-trump-les-droits-de-douane-sur-les-voitures-et-les-camions-en-provenance-de-lunion-europeenne-augmentent-a-25-pour-cent\/#primaryimage"},"thumbnailUrl":"https:\/\/vieassociative.be\/actualites\/wp-content\/uploads\/2026\/05\/1777670259_President-americain-Donald-Trump-les-droits-de-douane-sur.jpg","keywords":["am\u00e9ricain","augmentent","camions","cent","Donald","douane","droits","europ\u00e9enne","Les","lUnion","pour","pr\u00e9sident","provenance","sur","Trump","voitures"],"articleSection":["Belgique"],"inLanguage":"fr-BE"},{"@type":"WebPage","@id":"https:\/\/vieassociative.be\/actualites\/president-americain-donald-trump-les-droits-de-douane-sur-les-voitures-et-les-camions-en-provenance-de-lunion-europeenne-augmentent-a-25-pour-cent\/","url":"https:\/\/vieassociative.be\/actualites\/president-americain-donald-trump-les-droits-de-douane-sur-les-voitures-et-les-camions-en-provenance-de-lunion-europeenne-augmentent-a-25-pour-cent\/","name":"Pr\u00e9sident am\u00e9ricain Donald Trump : les droits de douane sur les voitures et les camions en provenance de l'Union europ\u00e9enne augmentent \u00e0 25 pour cent | Vie Associative","isPartOf":{"@id":"https:\/\/vieassociative.be\/actualites\/#website"},"primaryImageOfPage":{"@id":"https:\/\/vieassociative.be\/actualites\/president-americain-donald-trump-les-droits-de-douane-sur-les-voitures-et-les-camions-en-provenance-de-lunion-europeenne-augmentent-a-25-pour-cent\/#primaryimage"},"image":{"@id":"https:\/\/vieassociative.be\/actualites\/president-americain-donald-trump-les-droits-de-douane-sur-les-voitures-et-les-camions-en-provenance-de-lunion-europeenne-augmentent-a-25-pour-cent\/#primaryimage"},"thumbnailUrl":"https:\/\/vieassociative.be\/actualites\/wp-content\/uploads\/2026\/05\/1777670259_President-americain-Donald-Trump-les-droits-de-douane-sur.jpg","datePublished":"2026-05-01T21:17:38+00:00","dateModified":"2026-05-01T21:17:38+00:00","breadcrumb":{"@id":"https:\/\/vieassociative.be\/actualites\/president-americain-donald-trump-les-droits-de-douane-sur-les-voitures-et-les-camions-en-provenance-de-lunion-europeenne-augmentent-a-25-pour-cent\/#breadcrumb"},"inLanguage":"fr-BE","potentialAction":[{"@type":"ReadAction","target":["https:\/\/vieassociative.be\/actualites\/president-americain-donald-trump-les-droits-de-douane-sur-les-voitures-et-les-camions-en-provenance-de-lunion-europeenne-augmentent-a-25-pour-cent\/"]}]},{"@type":"ImageObject","inLanguage":"fr-BE","@id":"https:\/\/vieassociative.be\/actualites\/president-americain-donald-trump-les-droits-de-douane-sur-les-voitures-et-les-camions-en-provenance-de-lunion-europeenne-augmentent-a-25-pour-cent\/#primaryimage","url":"https:\/\/vieassociative.be\/actualites\/wp-content\/uploads\/2026\/05\/1777670259_President-americain-Donald-Trump-les-droits-de-douane-sur.jpg","contentUrl":"https:\/\/vieassociative.be\/actualites\/wp-content\/uploads\/2026\/05\/1777670259_President-americain-Donald-Trump-les-droits-de-douane-sur.jpg","width":1200,"height":800,"caption":"Pr\u00e9sident am\u00e9ricain Donald Trump : les droits de douane sur les voitures et les camions en provenance de l'Union europ\u00e9enne augmentent \u00e0 25 pour cent"},{"@type":"BreadcrumbList","@id":"https:\/\/vieassociative.be\/actualites\/president-americain-donald-trump-les-droits-de-douane-sur-les-voitures-et-les-camions-en-provenance-de-lunion-europeenne-augmentent-a-25-pour-cent\/#breadcrumb","itemListElement":[{"@type":"ListItem","position":1,"name":"Accueil","item":"https:\/\/vieassociative.be\/actualites\/"},{"@type":"ListItem","position":2,"name":"Pr\u00e9sident am\u00e9ricain Donald Trump : les droits de douane sur les voitures et les camions en provenance de l&rsquo;Union europ\u00e9enne augmentent \u00e0 25 pour cent"}]},{"@type":"WebSite","@id":"https:\/\/vieassociative.be\/actualites\/#website","url":"https:\/\/vieassociative.be\/actualites\/","name":"Vie Associative","description":"","publisher":{"@id":"https:\/\/vieassociative.be\/actualites\/#organization"},"potentialAction":[{"@type":"SearchAction","target":{"@type":"EntryPoint","urlTemplate":"https:\/\/vieassociative.be\/actualites\/?s={search_term_string}"},"query-input":{"@type":"PropertyValueSpecification","valueRequired":true,"valueName":"search_term_string"}}],"inLanguage":"fr-BE"},{"@type":"Organization","@id":"https:\/\/vieassociative.be\/actualites\/#organization","name":"Vie Associative","url":"https:\/\/vieassociative.be\/actualites\/","logo":{"@type":"ImageObject","inLanguage":"fr-BE","@id":"https:\/\/vieassociative.be\/actualites\/#\/schema\/logo\/image\/","url":"https:\/\/vieassociative.be\/actualites\/wp-content\/uploads\/2024\/09\/cropped-vieassociative_favicon.ico.png","contentUrl":"https:\/\/vieassociative.be\/actualites\/wp-content\/uploads\/2024\/09\/cropped-vieassociative_favicon.ico.png","width":512,"height":512,"caption":"Vie Associative"},"image":{"@id":"https:\/\/vieassociative.be\/actualites\/#\/schema\/logo\/image\/"}},{"@type":"Person","@id":"https:\/\/vieassociative.be\/actualites\/#\/schema\/person\/b87ac4f82f9d4e7b7cec7395b679edc4","name":"Julien","image":{"@type":"ImageObject","inLanguage":"fr-BE","@id":"https:\/\/vieassociative.be\/actualites\/#\/schema\/person\/image\/","url":"https:\/\/vieassociative.be\/actualites\/wp-content\/uploads\/2024\/09\/vie-associative-1-150x150.jpg","contentUrl":"https:\/\/vieassociative.be\/actualites\/wp-content\/uploads\/2024\/09\/vie-associative-1-150x150.jpg","caption":"Julien"},"description":"Je suis Julien, r\u00e9dacteur pour Vie Associative. Passionn\u00e9 par le monde associatif depuis plus de 10 ans, j'ai \u00e0 c\u0153ur de partager des histoires inspirantes et de mettre en lumi\u00e8re les initiatives locales. Mon objectif est de sensibiliser et d'encourager l'engagement communautaire \u00e0 travers mes articles.","sameAs":["https:\/\/vieassociative.be\/"]}]}},"_links":{"self":[{"href":"https:\/\/vieassociative.be\/actualites\/wp-json\/wp\/v2\/posts\/13660"}],"collection":[{"href":"https:\/\/vieassociative.be\/actualites\/wp-json\/wp\/v2\/posts"}],"about":[{"href":"https:\/\/vieassociative.be\/actualites\/wp-json\/wp\/v2\/types\/post"}],"author":[{"embeddable":true,"href":"https:\/\/vieassociative.be\/actualites\/wp-json\/wp\/v2\/users\/1"}],"replies":[{"embeddable":true,"href":"https:\/\/vieassociative.be\/actualites\/wp-json\/wp\/v2\/comments?post=13660"}],"version-history":[{"count":0,"href":"https:\/\/vieassociative.be\/actualites\/wp-json\/wp\/v2\/posts\/13660\/revisions"}],"wp:featuredmedia":[{"embeddable":true,"href":"https:\/\/vieassociative.be\/actualites\/wp-json\/wp\/v2\/media\/13661"}],"wp:attachment":[{"href":"https:\/\/vieassociative.be\/actualites\/wp-json\/wp\/v2\/media?parent=13660"}],"wp:term":[{"taxonomy":"category","embeddable":true,"href":"https:\/\/vieassociative.be\/actualites\/wp-json\/wp\/v2\/categories?post=13660"},{"taxonomy":"post_tag","embeddable":true,"href":"https:\/\/vieassociative.be\/actualites\/wp-json\/wp\/v2\/tags?post=13660"}],"curies":[{"name":"wp","href":"https:\/\/api.w.org\/{rel}","templated":true}]}}