{"id":13657,"date":"2026-05-01T17:18:40","date_gmt":"2026-05-01T15:18:40","guid":{"rendered":"https:\/\/vieassociative.be\/actualites\/bonus-energie-nouveaux-plafonds-de-revenus-a-partir-du-1er-mai\/"},"modified":"2026-05-01T17:18:40","modified_gmt":"2026-05-01T15:18:40","slug":"bonus-energie-nouveaux-plafonds-de-revenus-a-partir-du-1er-mai","status":"publish","type":"post","link":"https:\/\/vieassociative.be\/actualites\/bonus-energie-nouveaux-plafonds-de-revenus-a-partir-du-1er-mai\/","title":{"rendered":"Bonus \u00e9nergie : nouveaux plafonds de revenus \u00e0 partir du 1er mai"},"content":{"rendered":"<p><strong>La DG du gouvernement met en \u0153uvre l&rsquo;adaptation annonc\u00e9e de son syst\u00e8me de bonus \u00e9nerg\u00e9tique. Sur proposition du Premier ministre Oliver Paasch, de nouveaux plafonds de revenus s&rsquo;appliqueront comme condition pr\u00e9alable \u00e0 l&rsquo;acc\u00e8s \u00e0 partir du 1er mai afin d&rsquo;utiliser les fonds disponibles de mani\u00e8re plus cibl\u00e9e et d&rsquo;assurer une r\u00e9partition plus \u00e9quitable sur le plan social.<\/strong><\/p>\n<p><span id=\"more-438707\"><\/span>L&rsquo;orientation politique de base reste inchang\u00e9e, selon un communiqu\u00e9 de presse. \u00ab\u00a0Les primes \u00e9nerg\u00e9tiques restent un instrument central pour am\u00e9liorer l&rsquo;efficacit\u00e9 \u00e9nerg\u00e9tique des b\u00e2timents r\u00e9sidentiels et apportent une contribution importante \u00e0 la r\u00e9alisation des objectifs climatiques de la Communaut\u00e9 germanophone. Le gouvernement s&rsquo;en tient \u00e9galement au montant total des investissements pr\u00e9vu.\u00a0\u00bb<\/p>\n<p>Au cours de l&rsquo;\u00e9volution et sur la base de nombreux retours des milieux sp\u00e9cialis\u00e9s et de la soci\u00e9t\u00e9, le plafond de revenu initialement pr\u00e9vu (de 114 000 euros) a \u00e9t\u00e9 encore abaiss\u00e9 et fix\u00e9 \u00e0 81 700 euros par an (revenu net imposable), plus 5 000 euros par personne d\u00e9pendante. Les investissements \u00e9nerg\u00e9tiques repr\u00e9sentent un d\u00e9fi financier particulier.<\/p>\n<p>\u00ab\u00a0Nous tenons parole : les primes \u00e9nerg\u00e9tiques ne seront ni r\u00e9duites ni remises en question. Nous ajustons les crit\u00e8res d&rsquo;acc\u00e8s &#8211; de mani\u00e8re \u00e0 ce que l&rsquo;aide atteigne l\u00e0 o\u00f9 elle est la plus urgente. Nous renfor\u00e7ons ainsi l&rsquo;\u00e9quilibre social de notre syst\u00e8me tout en restant sur la bonne voie avec nos objectifs en mati\u00e8re de politique climatique\u00a0\u00bb, explique le Premier ministre Oliver Paasch.<\/p>\n<p>\u00c0 l&rsquo;avenir, un certificat PEB (EEG) de cat\u00e9gorie \u00ab C \u00bb sera \u00e9galement requis pour b\u00e9n\u00e9ficier de la prime pour une pompe \u00e0 chaleur. Le nouveau r\u00e8glement s&rsquo;applique \u00e0 toutes les candidatures d\u00e9pos\u00e9es \u00e0 partir du 1er mai. Les proc\u00e9dures d\u00e9j\u00e0 en cours ne sont pas affect\u00e9es par le nouveau r\u00e8glement. (cr\u00e9er)<\/p>\n","protected":false},"excerpt":{"rendered":"<p>La DG du gouvernement met en \u0153uvre l&rsquo;adaptation annonc\u00e9e de son syst\u00e8me de bonus \u00e9nerg\u00e9tique. Sur proposition du Premier ministre Oliver Paasch, de nouveaux plafonds<\/p>\n","protected":false},"author":1,"featured_media":11685,"comment_status":"","ping_status":"","sticky":false,"template":"","format":"standard","meta":{"footnotes":""},"categories":[298],"tags":[1146,7106,7517,3160,2052,1591,10609,10610],"class_list":["post-13657","post","type-post","status-publish","format-standard","has-post-thumbnail","hentry","category-belgique","tag-1er","tag-bonus","tag-energie","tag-mai","tag-nouveaux","tag-partir","tag-plafonds","tag-revenus","generate-columns","tablet-grid-50","mobile-grid-100","grid-parent","grid-33"],"yoast_head":"<!-- This site is optimized with the Yoast SEO plugin v24.0 - https:\/\/yoast.com\/wordpress\/plugins\/seo\/ -->\n<title>Bonus \u00e9nergie : nouveaux plafonds de revenus \u00e0 partir du 1er mai | Vie Associative<\/title>\n<meta name=\"robots\" content=\"index, follow, max-snippet:-1, max-image-preview:large, max-video-preview:-1\" \/>\n<link rel=\"canonical\" href=\"https:\/\/vieassociative.be\/actualites\/bonus-energie-nouveaux-plafonds-de-revenus-a-partir-du-1er-mai\/\" \/>\n<meta property=\"og:locale\" content=\"fr_FR\" \/>\n<meta property=\"og:type\" content=\"article\" \/>\n<meta property=\"og:title\" content=\"Bonus \u00e9nergie : nouveaux plafonds de revenus \u00e0 partir du 1er mai | Vie Associative\" \/>\n<meta property=\"og:description\" content=\"La DG du gouvernement met en \u0153uvre l&rsquo;adaptation annonc\u00e9e de son syst\u00e8me de bonus \u00e9nerg\u00e9tique. Sur proposition du Premier ministre Oliver Paasch, de nouveaux plafonds\" \/>\n<meta property=\"og:url\" content=\"https:\/\/vieassociative.be\/actualites\/bonus-energie-nouveaux-plafonds-de-revenus-a-partir-du-1er-mai\/\" \/>\n<meta property=\"og:site_name\" content=\"Vie Associative\" \/>\n<meta property=\"article:published_time\" content=\"2026-05-01T15:18:40+00:00\" \/>\n<meta property=\"og:image\" content=\"https:\/\/vieassociative.be\/actualites\/wp-content\/uploads\/2024\/09\/header_backgroundk-01-e1726694325946.png\" \/>\n\t<meta property=\"og:image:width\" content=\"279\" \/>\n\t<meta property=\"og:image:height\" content=\"92\" \/>\n\t<meta property=\"og:image:type\" content=\"image\/png\" \/>\n<meta name=\"author\" content=\"Julien\" \/>\n<meta name=\"twitter:card\" content=\"summary_large_image\" \/>\n<meta name=\"twitter:label1\" content=\"\u00c9crit par\" \/>\n\t<meta name=\"twitter:data1\" content=\"Julien\" \/>\n\t<meta name=\"twitter:label2\" content=\"Dur\u00e9e de lecture est.\" \/>\n\t<meta name=\"twitter:data2\" content=\"2 minutes\" \/>\n<script type=\"application\/ld+json\" class=\"yoast-schema-graph\">{\"@context\":\"https:\/\/schema.org\",\"@graph\":[{\"@type\":\"Article\",\"@id\":\"https:\/\/vieassociative.be\/actualites\/bonus-energie-nouveaux-plafonds-de-revenus-a-partir-du-1er-mai\/#article\",\"isPartOf\":{\"@id\":\"https:\/\/vieassociative.be\/actualites\/bonus-energie-nouveaux-plafonds-de-revenus-a-partir-du-1er-mai\/\"},\"author\":{\"name\":\"Julien\",\"@id\":\"https:\/\/vieassociative.be\/actualites\/#\/schema\/person\/b87ac4f82f9d4e7b7cec7395b679edc4\"},\"headline\":\"Bonus \u00e9nergie : nouveaux plafonds de revenus \u00e0 partir du 1er mai\",\"datePublished\":\"2026-05-01T15:18:40+00:00\",\"dateModified\":\"2026-05-01T15:18:40+00:00\",\"mainEntityOfPage\":{\"@id\":\"https:\/\/vieassociative.be\/actualites\/bonus-energie-nouveaux-plafonds-de-revenus-a-partir-du-1er-mai\/\"},\"wordCount\":331,\"publisher\":{\"@id\":\"https:\/\/vieassociative.be\/actualites\/#organization\"},\"image\":{\"@id\":\"https:\/\/vieassociative.be\/actualites\/bonus-energie-nouveaux-plafonds-de-revenus-a-partir-du-1er-mai\/#primaryimage\"},\"thumbnailUrl\":\"https:\/\/vieassociative.be\/actualites\/wp-content\/uploads\/2025\/12\/1764814642_Obtention-frauduleuse-de-primes-energetiques-questions-de-Balter-au.jpeg\",\"keywords\":[\"1er\",\"bonus\",\"\u00e9nergie\",\"mai\",\"nouveaux\",\"partir\",\"plafonds\",\"revenus\"],\"articleSection\":[\"Belgique\"],\"inLanguage\":\"fr-BE\"},{\"@type\":\"WebPage\",\"@id\":\"https:\/\/vieassociative.be\/actualites\/bonus-energie-nouveaux-plafonds-de-revenus-a-partir-du-1er-mai\/\",\"url\":\"https:\/\/vieassociative.be\/actualites\/bonus-energie-nouveaux-plafonds-de-revenus-a-partir-du-1er-mai\/\",\"name\":\"Bonus \u00e9nergie : nouveaux plafonds de revenus \u00e0 partir du 1er mai | Vie Associative\",\"isPartOf\":{\"@id\":\"https:\/\/vieassociative.be\/actualites\/#website\"},\"primaryImageOfPage\":{\"@id\":\"https:\/\/vieassociative.be\/actualites\/bonus-energie-nouveaux-plafonds-de-revenus-a-partir-du-1er-mai\/#primaryimage\"},\"image\":{\"@id\":\"https:\/\/vieassociative.be\/actualites\/bonus-energie-nouveaux-plafonds-de-revenus-a-partir-du-1er-mai\/#primaryimage\"},\"thumbnailUrl\":\"https:\/\/vieassociative.be\/actualites\/wp-content\/uploads\/2025\/12\/1764814642_Obtention-frauduleuse-de-primes-energetiques-questions-de-Balter-au.jpeg\",\"datePublished\":\"2026-05-01T15:18:40+00:00\",\"dateModified\":\"2026-05-01T15:18:40+00:00\",\"breadcrumb\":{\"@id\":\"https:\/\/vieassociative.be\/actualites\/bonus-energie-nouveaux-plafonds-de-revenus-a-partir-du-1er-mai\/#breadcrumb\"},\"inLanguage\":\"fr-BE\",\"potentialAction\":[{\"@type\":\"ReadAction\",\"target\":[\"https:\/\/vieassociative.be\/actualites\/bonus-energie-nouveaux-plafonds-de-revenus-a-partir-du-1er-mai\/\"]}]},{\"@type\":\"ImageObject\",\"inLanguage\":\"fr-BE\",\"@id\":\"https:\/\/vieassociative.be\/actualites\/bonus-energie-nouveaux-plafonds-de-revenus-a-partir-du-1er-mai\/#primaryimage\",\"url\":\"https:\/\/vieassociative.be\/actualites\/wp-content\/uploads\/2025\/12\/1764814642_Obtention-frauduleuse-de-primes-energetiques-questions-de-Balter-au.jpeg\",\"contentUrl\":\"https:\/\/vieassociative.be\/actualites\/wp-content\/uploads\/2025\/12\/1764814642_Obtention-frauduleuse-de-primes-energetiques-questions-de-Balter-au.jpeg\",\"width\":1000,\"height\":667,\"caption\":\"Obtention frauduleuse de primes \u00e9nerg\u00e9tiques : questions de Balter au Premier ministre Paasch\"},{\"@type\":\"BreadcrumbList\",\"@id\":\"https:\/\/vieassociative.be\/actualites\/bonus-energie-nouveaux-plafonds-de-revenus-a-partir-du-1er-mai\/#breadcrumb\",\"itemListElement\":[{\"@type\":\"ListItem\",\"position\":1,\"name\":\"Accueil\",\"item\":\"https:\/\/vieassociative.be\/actualites\/\"},{\"@type\":\"ListItem\",\"position\":2,\"name\":\"Bonus \u00e9nergie : nouveaux plafonds de revenus \u00e0 partir du 1er mai\"}]},{\"@type\":\"WebSite\",\"@id\":\"https:\/\/vieassociative.be\/actualites\/#website\",\"url\":\"https:\/\/vieassociative.be\/actualites\/\",\"name\":\"Vie Associative\",\"description\":\"\",\"publisher\":{\"@id\":\"https:\/\/vieassociative.be\/actualites\/#organization\"},\"potentialAction\":[{\"@type\":\"SearchAction\",\"target\":{\"@type\":\"EntryPoint\",\"urlTemplate\":\"https:\/\/vieassociative.be\/actualites\/?s={search_term_string}\"},\"query-input\":{\"@type\":\"PropertyValueSpecification\",\"valueRequired\":true,\"valueName\":\"search_term_string\"}}],\"inLanguage\":\"fr-BE\"},{\"@type\":\"Organization\",\"@id\":\"https:\/\/vieassociative.be\/actualites\/#organization\",\"name\":\"Vie Associative\",\"url\":\"https:\/\/vieassociative.be\/actualites\/\",\"logo\":{\"@type\":\"ImageObject\",\"inLanguage\":\"fr-BE\",\"@id\":\"https:\/\/vieassociative.be\/actualites\/#\/schema\/logo\/image\/\",\"url\":\"https:\/\/vieassociative.be\/actualites\/wp-content\/uploads\/2024\/09\/cropped-vieassociative_favicon.ico.png\",\"contentUrl\":\"https:\/\/vieassociative.be\/actualites\/wp-content\/uploads\/2024\/09\/cropped-vieassociative_favicon.ico.png\",\"width\":512,\"height\":512,\"caption\":\"Vie Associative\"},\"image\":{\"@id\":\"https:\/\/vieassociative.be\/actualites\/#\/schema\/logo\/image\/\"}},{\"@type\":\"Person\",\"@id\":\"https:\/\/vieassociative.be\/actualites\/#\/schema\/person\/b87ac4f82f9d4e7b7cec7395b679edc4\",\"name\":\"Julien\",\"image\":{\"@type\":\"ImageObject\",\"inLanguage\":\"fr-BE\",\"@id\":\"https:\/\/vieassociative.be\/actualites\/#\/schema\/person\/image\/\",\"url\":\"https:\/\/vieassociative.be\/actualites\/wp-content\/uploads\/2024\/09\/vie-associative-1-150x150.jpg\",\"contentUrl\":\"https:\/\/vieassociative.be\/actualites\/wp-content\/uploads\/2024\/09\/vie-associative-1-150x150.jpg\",\"caption\":\"Julien\"},\"description\":\"Je suis Julien, r\u00e9dacteur pour Vie Associative. Passionn\u00e9 par le monde associatif depuis plus de 10 ans, j'ai \u00e0 c\u0153ur de partager des histoires inspirantes et de mettre en lumi\u00e8re les initiatives locales. Mon objectif est de sensibiliser et d'encourager l'engagement communautaire \u00e0 travers mes articles.\",\"sameAs\":[\"https:\/\/vieassociative.be\/\"]}]}<\/script>\n<!-- \/ Yoast SEO plugin. -->","yoast_head_json":{"title":"Bonus \u00e9nergie : nouveaux plafonds de revenus \u00e0 partir du 1er mai | Vie Associative","robots":{"index":"index","follow":"follow","max-snippet":"max-snippet:-1","max-image-preview":"max-image-preview:large","max-video-preview":"max-video-preview:-1"},"canonical":"https:\/\/vieassociative.be\/actualites\/bonus-energie-nouveaux-plafonds-de-revenus-a-partir-du-1er-mai\/","og_locale":"fr_FR","og_type":"article","og_title":"Bonus \u00e9nergie : nouveaux plafonds de revenus \u00e0 partir du 1er mai | Vie Associative","og_description":"La DG du gouvernement met en \u0153uvre l&rsquo;adaptation annonc\u00e9e de son syst\u00e8me de bonus \u00e9nerg\u00e9tique. Sur proposition du Premier ministre Oliver Paasch, de nouveaux plafonds","og_url":"https:\/\/vieassociative.be\/actualites\/bonus-energie-nouveaux-plafonds-de-revenus-a-partir-du-1er-mai\/","og_site_name":"Vie Associative","article_published_time":"2026-05-01T15:18:40+00:00","og_image":[{"width":279,"height":92,"url":"https:\/\/vieassociative.be\/actualites\/wp-content\/uploads\/2024\/09\/header_backgroundk-01-e1726694325946.png","type":"image\/png"}],"author":"Julien","twitter_card":"summary_large_image","twitter_misc":{"\u00c9crit par":"Julien","Dur\u00e9e de lecture est.":"2 minutes"},"schema":{"@context":"https:\/\/schema.org","@graph":[{"@type":"Article","@id":"https:\/\/vieassociative.be\/actualites\/bonus-energie-nouveaux-plafonds-de-revenus-a-partir-du-1er-mai\/#article","isPartOf":{"@id":"https:\/\/vieassociative.be\/actualites\/bonus-energie-nouveaux-plafonds-de-revenus-a-partir-du-1er-mai\/"},"author":{"name":"Julien","@id":"https:\/\/vieassociative.be\/actualites\/#\/schema\/person\/b87ac4f82f9d4e7b7cec7395b679edc4"},"headline":"Bonus \u00e9nergie : nouveaux plafonds de revenus \u00e0 partir du 1er mai","datePublished":"2026-05-01T15:18:40+00:00","dateModified":"2026-05-01T15:18:40+00:00","mainEntityOfPage":{"@id":"https:\/\/vieassociative.be\/actualites\/bonus-energie-nouveaux-plafonds-de-revenus-a-partir-du-1er-mai\/"},"wordCount":331,"publisher":{"@id":"https:\/\/vieassociative.be\/actualites\/#organization"},"image":{"@id":"https:\/\/vieassociative.be\/actualites\/bonus-energie-nouveaux-plafonds-de-revenus-a-partir-du-1er-mai\/#primaryimage"},"thumbnailUrl":"https:\/\/vieassociative.be\/actualites\/wp-content\/uploads\/2025\/12\/1764814642_Obtention-frauduleuse-de-primes-energetiques-questions-de-Balter-au.jpeg","keywords":["1er","bonus","\u00e9nergie","mai","nouveaux","partir","plafonds","revenus"],"articleSection":["Belgique"],"inLanguage":"fr-BE"},{"@type":"WebPage","@id":"https:\/\/vieassociative.be\/actualites\/bonus-energie-nouveaux-plafonds-de-revenus-a-partir-du-1er-mai\/","url":"https:\/\/vieassociative.be\/actualites\/bonus-energie-nouveaux-plafonds-de-revenus-a-partir-du-1er-mai\/","name":"Bonus \u00e9nergie : nouveaux plafonds de revenus \u00e0 partir du 1er mai | Vie Associative","isPartOf":{"@id":"https:\/\/vieassociative.be\/actualites\/#website"},"primaryImageOfPage":{"@id":"https:\/\/vieassociative.be\/actualites\/bonus-energie-nouveaux-plafonds-de-revenus-a-partir-du-1er-mai\/#primaryimage"},"image":{"@id":"https:\/\/vieassociative.be\/actualites\/bonus-energie-nouveaux-plafonds-de-revenus-a-partir-du-1er-mai\/#primaryimage"},"thumbnailUrl":"https:\/\/vieassociative.be\/actualites\/wp-content\/uploads\/2025\/12\/1764814642_Obtention-frauduleuse-de-primes-energetiques-questions-de-Balter-au.jpeg","datePublished":"2026-05-01T15:18:40+00:00","dateModified":"2026-05-01T15:18:40+00:00","breadcrumb":{"@id":"https:\/\/vieassociative.be\/actualites\/bonus-energie-nouveaux-plafonds-de-revenus-a-partir-du-1er-mai\/#breadcrumb"},"inLanguage":"fr-BE","potentialAction":[{"@type":"ReadAction","target":["https:\/\/vieassociative.be\/actualites\/bonus-energie-nouveaux-plafonds-de-revenus-a-partir-du-1er-mai\/"]}]},{"@type":"ImageObject","inLanguage":"fr-BE","@id":"https:\/\/vieassociative.be\/actualites\/bonus-energie-nouveaux-plafonds-de-revenus-a-partir-du-1er-mai\/#primaryimage","url":"https:\/\/vieassociative.be\/actualites\/wp-content\/uploads\/2025\/12\/1764814642_Obtention-frauduleuse-de-primes-energetiques-questions-de-Balter-au.jpeg","contentUrl":"https:\/\/vieassociative.be\/actualites\/wp-content\/uploads\/2025\/12\/1764814642_Obtention-frauduleuse-de-primes-energetiques-questions-de-Balter-au.jpeg","width":1000,"height":667,"caption":"Obtention frauduleuse de primes \u00e9nerg\u00e9tiques : questions de Balter au Premier ministre Paasch"},{"@type":"BreadcrumbList","@id":"https:\/\/vieassociative.be\/actualites\/bonus-energie-nouveaux-plafonds-de-revenus-a-partir-du-1er-mai\/#breadcrumb","itemListElement":[{"@type":"ListItem","position":1,"name":"Accueil","item":"https:\/\/vieassociative.be\/actualites\/"},{"@type":"ListItem","position":2,"name":"Bonus \u00e9nergie : nouveaux plafonds de revenus \u00e0 partir du 1er mai"}]},{"@type":"WebSite","@id":"https:\/\/vieassociative.be\/actualites\/#website","url":"https:\/\/vieassociative.be\/actualites\/","name":"Vie Associative","description":"","publisher":{"@id":"https:\/\/vieassociative.be\/actualites\/#organization"},"potentialAction":[{"@type":"SearchAction","target":{"@type":"EntryPoint","urlTemplate":"https:\/\/vieassociative.be\/actualites\/?s={search_term_string}"},"query-input":{"@type":"PropertyValueSpecification","valueRequired":true,"valueName":"search_term_string"}}],"inLanguage":"fr-BE"},{"@type":"Organization","@id":"https:\/\/vieassociative.be\/actualites\/#organization","name":"Vie Associative","url":"https:\/\/vieassociative.be\/actualites\/","logo":{"@type":"ImageObject","inLanguage":"fr-BE","@id":"https:\/\/vieassociative.be\/actualites\/#\/schema\/logo\/image\/","url":"https:\/\/vieassociative.be\/actualites\/wp-content\/uploads\/2024\/09\/cropped-vieassociative_favicon.ico.png","contentUrl":"https:\/\/vieassociative.be\/actualites\/wp-content\/uploads\/2024\/09\/cropped-vieassociative_favicon.ico.png","width":512,"height":512,"caption":"Vie Associative"},"image":{"@id":"https:\/\/vieassociative.be\/actualites\/#\/schema\/logo\/image\/"}},{"@type":"Person","@id":"https:\/\/vieassociative.be\/actualites\/#\/schema\/person\/b87ac4f82f9d4e7b7cec7395b679edc4","name":"Julien","image":{"@type":"ImageObject","inLanguage":"fr-BE","@id":"https:\/\/vieassociative.be\/actualites\/#\/schema\/person\/image\/","url":"https:\/\/vieassociative.be\/actualites\/wp-content\/uploads\/2024\/09\/vie-associative-1-150x150.jpg","contentUrl":"https:\/\/vieassociative.be\/actualites\/wp-content\/uploads\/2024\/09\/vie-associative-1-150x150.jpg","caption":"Julien"},"description":"Je suis Julien, r\u00e9dacteur pour Vie Associative. Passionn\u00e9 par le monde associatif depuis plus de 10 ans, j'ai \u00e0 c\u0153ur de partager des histoires inspirantes et de mettre en lumi\u00e8re les initiatives locales. Mon objectif est de sensibiliser et d'encourager l'engagement communautaire \u00e0 travers mes articles.","sameAs":["https:\/\/vieassociative.be\/"]}]}},"_links":{"self":[{"href":"https:\/\/vieassociative.be\/actualites\/wp-json\/wp\/v2\/posts\/13657"}],"collection":[{"href":"https:\/\/vieassociative.be\/actualites\/wp-json\/wp\/v2\/posts"}],"about":[{"href":"https:\/\/vieassociative.be\/actualites\/wp-json\/wp\/v2\/types\/post"}],"author":[{"embeddable":true,"href":"https:\/\/vieassociative.be\/actualites\/wp-json\/wp\/v2\/users\/1"}],"replies":[{"embeddable":true,"href":"https:\/\/vieassociative.be\/actualites\/wp-json\/wp\/v2\/comments?post=13657"}],"version-history":[{"count":0,"href":"https:\/\/vieassociative.be\/actualites\/wp-json\/wp\/v2\/posts\/13657\/revisions"}],"wp:featuredmedia":[{"embeddable":true,"href":"https:\/\/vieassociative.be\/actualites\/wp-json\/wp\/v2\/media\/11685"}],"wp:attachment":[{"href":"https:\/\/vieassociative.be\/actualites\/wp-json\/wp\/v2\/media?parent=13657"}],"wp:term":[{"taxonomy":"category","embeddable":true,"href":"https:\/\/vieassociative.be\/actualites\/wp-json\/wp\/v2\/categories?post=13657"},{"taxonomy":"post_tag","embeddable":true,"href":"https:\/\/vieassociative.be\/actualites\/wp-json\/wp\/v2\/tags?post=13657"}],"curies":[{"name":"wp","href":"https:\/\/api.w.org\/{rel}","templated":true}]}}