{"id":13653,"date":"2026-05-01T11:17:51","date_gmt":"2026-05-01T09:17:51","guid":{"rendered":"https:\/\/vieassociative.be\/actualites\/canal-obtient-les-droits-de-diffusion-des-trois-competitions-de-coupe-deurope-de-la-saison-2027-2028\/"},"modified":"2026-05-01T11:17:51","modified_gmt":"2026-05-01T09:17:51","slug":"canal-obtient-les-droits-de-diffusion-des-trois-competitions-de-coupe-deurope-de-la-saison-2027-2028","status":"publish","type":"post","link":"https:\/\/vieassociative.be\/actualites\/canal-obtient-les-droits-de-diffusion-des-trois-competitions-de-coupe-deurope-de-la-saison-2027-2028\/","title":{"rendered":"CANAL+ obtient les droits de diffusion des trois comp\u00e9titions de Coupe d&rsquo;Europe de la saison 2027\/2028"},"content":{"rendered":"<p><strong>La d\u00e9cision concernant les droits TV du football europ\u00e9en en Belgique est prise : CANAL+ diffusera tous les matchs \u00e0 partir de 2027.<\/strong><\/p>\n<p><span id=\"more-438714\"><\/span>Alors que le nom Disney+ avait \u00e9t\u00e9 initialement \u00e9voqu\u00e9, CANAL+ diffusera \u00e0 terme en exclusivit\u00e9 les comp\u00e9titions de la coupe d&rsquo;Europe entre 2027 et 2031 dans notre pays.<\/p>\n<p>CANAL+ a annonc\u00e9 jeudi l&rsquo;acquisition de 100 pour cent des droits exclusifs de l&rsquo;UEFA Champions League, de l&rsquo;UEFA Europa League et de l&rsquo;UEFA Conference League en Belgique. Cet accord porte sur quatre saisons, soit de 2027\/2028 \u00e0 2030\/2031&Prime;, pr\u00e9cise la plateforme fran\u00e7aise dans un communiqu\u00e9.<\/p>\n<div id=\"attachment_438716\" class=\"wp-caption alignleft\" style=\"max-width: 300px\"><img fetchpriority=\"high\" decoding=\"async\" class=\"wp-image-438716 size-medium\" src=\"https:\/\/vieassociative.be\/actualites\/wp-content\/uploads\/2026\/05\/CANAL-obtient-les-droits-de-diffusion-des-trois-competitions-de.jpg\" alt=\"\" width=\"300\" height=\"200\"><\/div>\n<p>\u00ab\u00a0Tous les matchs des comp\u00e9titions interclubs les plus prestigieuses d&rsquo;Europe seront propos\u00e9s aux abonn\u00e9s CANAL+ en Belgique. Les plus grands matchs de l&rsquo;\u00e9lite, les clubs les plus c\u00e9l\u00e8bres du continent et les meilleurs joueurs du monde seront disponibles dans le cadre d&rsquo;une offre premium qui garantit une exp\u00e9rience visuelle exceptionnelle\u00a0\u00bb, pr\u00e9cise le communiqu\u00e9.<\/p>\n<p>Jusqu&rsquo;\u00e0 pr\u00e9sent, les supporters disposaient de rep\u00e8res fixes puisque RTL diffusait la Ligue des Champions depuis 2000 et Proximus depuis 2012. La RTBF et VOO Sport World se partagent, quant \u00e0 elles, les matchs de la Ligue Europa et de la Conference League.<\/p>\n<p>Il reste cependant un point \u00e0 clarifier : les matchs impliquant des clubs belges. Ces manifestations sont consid\u00e9r\u00e9es comme de grand int\u00e9r\u00eat et doivent donc rester ouvertes gratuitement au grand public.<\/p>\n<\/p>\n<div id=\"attachment_438717\" class=\"wp-caption alignleft\" style=\"max-width: 300px\"><img decoding=\"async\" src=\"https:\/\/vieassociative.be\/actualites\/wp-content\/uploads\/2026\/05\/1777627071_880_CANAL-obtient-les-droits-de-diffusion-des-trois-competitions-de.jpg\" alt=\"\" width=\"300\" height=\"227\" class=\"size-medium wp-image-438717\"><\/div>\n<p>Pour distribuer le contenu, on peut supposer que Canal+ en Belgique s&rsquo;appuiera principalement sur une offre de streaming direct. Comme sur d\u2019autres march\u00e9s, l\u2019acc\u00e8s se fera probablement principalement via une application d\u00e9di\u00e9e, disponible sur les t\u00e9l\u00e9viseurs intelligents, les appareils mobiles et via les navigateurs Web.<\/p>\n<p>Parall\u00e8lement, des collaborations avec des fournisseurs de t\u00e9l\u00e9communications existants tels que Proximus ou VOO sont envisageables afin d&rsquo;augmenter la port\u00e9e et d&rsquo;int\u00e9grer les clients TV traditionnels. Canal+ dispose d\u00e9j\u00e0 d&rsquo;une pr\u00e9sence indirecte via des plateformes telles que TV Vlaanderen, qui pourraient servir de point de d\u00e9part \u00e0 une p\u00e9n\u00e9tration plus large du march\u00e9.<\/p>\n<p>Pour les t\u00e9l\u00e9spectateurs, cette \u00e9volution pr\u00e9sente \u00e0 la fois des avantages et des limites. La structure claire est positive : tous les jeux des comp\u00e9titions europ\u00e9ennes seront d\u00e9sormais disponibles en un seul endroit, ce qui facilite l&rsquo;orientation et promet une exp\u00e9rience utilisateur coh\u00e9rente. Toutefois, cela est compens\u00e9 par un d\u00e9placement plus important vers le domaine salarial.<\/p>\n<p>Un abonnement payant sera pratiquement in\u00e9vitable et le nombre de jeux gratuits devrait diminuer par rapport \u00e0 la situation actuelle, m\u00eame si les exigences r\u00e9glementaires continueront probablement \u00e0 garantir des diffusions individuelles sur la t\u00e9l\u00e9vision gratuite. (cr\u00e9er)<\/p>\n","protected":false},"excerpt":{"rendered":"<p>La d\u00e9cision concernant les droits TV du football europ\u00e9en en Belgique est prise : CANAL+ diffusera tous les matchs \u00e0 partir de 2027. Alors que<\/p>\n","protected":false},"author":1,"featured_media":13654,"comment_status":"","ping_status":"","sticky":false,"template":"","format":"standard","meta":{"footnotes":""},"categories":[298],"tags":[10608,9715,2472,29,3976,7519,779,14,4304,690,771],"class_list":["post-13653","post","type-post","status-publish","format-standard","has-post-thumbnail","hentry","category-belgique","tag-canal","tag-competitions","tag-coupe","tag-des","tag-deurope","tag-diffusion","tag-droits","tag-les","tag-obtient","tag-saison","tag-trois","generate-columns","tablet-grid-50","mobile-grid-100","grid-parent","grid-33"],"yoast_head":"<!-- This site is optimized with the Yoast SEO plugin v24.0 - https:\/\/yoast.com\/wordpress\/plugins\/seo\/ -->\n<title>CANAL+ obtient les droits de diffusion des trois comp\u00e9titions de Coupe d&#039;Europe de la saison 2027\/2028 | Vie Associative<\/title>\n<meta name=\"robots\" content=\"index, follow, max-snippet:-1, max-image-preview:large, max-video-preview:-1\" \/>\n<link rel=\"canonical\" href=\"https:\/\/vieassociative.be\/actualites\/canal-obtient-les-droits-de-diffusion-des-trois-competitions-de-coupe-deurope-de-la-saison-2027-2028\/\" \/>\n<meta property=\"og:locale\" content=\"fr_FR\" \/>\n<meta property=\"og:type\" content=\"article\" \/>\n<meta property=\"og:title\" content=\"CANAL+ obtient les droits de diffusion des trois comp\u00e9titions de Coupe d&#039;Europe de la saison 2027\/2028 | Vie Associative\" \/>\n<meta property=\"og:description\" content=\"La d\u00e9cision concernant les droits TV du football europ\u00e9en en Belgique est prise : CANAL+ diffusera tous les matchs \u00e0 partir de 2027. Alors que\" \/>\n<meta property=\"og:url\" content=\"https:\/\/vieassociative.be\/actualites\/canal-obtient-les-droits-de-diffusion-des-trois-competitions-de-coupe-deurope-de-la-saison-2027-2028\/\" \/>\n<meta property=\"og:site_name\" content=\"Vie Associative\" \/>\n<meta property=\"article:published_time\" content=\"2026-05-01T09:17:51+00:00\" \/>\n<meta property=\"og:image\" content=\"https:\/\/vieassociative.be\/actualites\/wp-content\/uploads\/2024\/09\/header_backgroundk-01-e1726694325946.png\" \/>\n\t<meta property=\"og:image:width\" content=\"279\" \/>\n\t<meta property=\"og:image:height\" content=\"92\" \/>\n\t<meta property=\"og:image:type\" content=\"image\/png\" \/>\n<meta name=\"author\" content=\"Julien\" \/>\n<meta name=\"twitter:card\" content=\"summary_large_image\" \/>\n<meta name=\"twitter:label1\" content=\"\u00c9crit par\" \/>\n\t<meta name=\"twitter:data1\" content=\"Julien\" \/>\n\t<meta name=\"twitter:label2\" content=\"Dur\u00e9e de lecture est.\" \/>\n\t<meta name=\"twitter:data2\" content=\"2 minutes\" \/>\n<script type=\"application\/ld+json\" class=\"yoast-schema-graph\">{\"@context\":\"https:\/\/schema.org\",\"@graph\":[{\"@type\":\"Article\",\"@id\":\"https:\/\/vieassociative.be\/actualites\/canal-obtient-les-droits-de-diffusion-des-trois-competitions-de-coupe-deurope-de-la-saison-2027-2028\/#article\",\"isPartOf\":{\"@id\":\"https:\/\/vieassociative.be\/actualites\/canal-obtient-les-droits-de-diffusion-des-trois-competitions-de-coupe-deurope-de-la-saison-2027-2028\/\"},\"author\":{\"name\":\"Julien\",\"@id\":\"https:\/\/vieassociative.be\/actualites\/#\/schema\/person\/b87ac4f82f9d4e7b7cec7395b679edc4\"},\"headline\":\"CANAL+ obtient les droits de diffusion des trois comp\u00e9titions de Coupe d&rsquo;Europe de la saison 2027\/2028\",\"datePublished\":\"2026-05-01T09:17:51+00:00\",\"dateModified\":\"2026-05-01T09:17:51+00:00\",\"mainEntityOfPage\":{\"@id\":\"https:\/\/vieassociative.be\/actualites\/canal-obtient-les-droits-de-diffusion-des-trois-competitions-de-coupe-deurope-de-la-saison-2027-2028\/\"},\"wordCount\":475,\"publisher\":{\"@id\":\"https:\/\/vieassociative.be\/actualites\/#organization\"},\"image\":{\"@id\":\"https:\/\/vieassociative.be\/actualites\/canal-obtient-les-droits-de-diffusion-des-trois-competitions-de-coupe-deurope-de-la-saison-2027-2028\/#primaryimage\"},\"thumbnailUrl\":\"https:\/\/vieassociative.be\/actualites\/wp-content\/uploads\/2026\/05\/CANAL-obtient-les-droits-de-diffusion-des-trois-competitions-de.jpeg\",\"keywords\":[\"CANAL\",\"comp\u00e9titions\",\"Coupe\",\"Des\",\"dEurope\",\"diffusion\",\"droits\",\"Les\",\"obtient\",\"Saison\",\"trois\"],\"articleSection\":[\"Belgique\"],\"inLanguage\":\"fr-BE\"},{\"@type\":\"WebPage\",\"@id\":\"https:\/\/vieassociative.be\/actualites\/canal-obtient-les-droits-de-diffusion-des-trois-competitions-de-coupe-deurope-de-la-saison-2027-2028\/\",\"url\":\"https:\/\/vieassociative.be\/actualites\/canal-obtient-les-droits-de-diffusion-des-trois-competitions-de-coupe-deurope-de-la-saison-2027-2028\/\",\"name\":\"CANAL+ obtient les droits de diffusion des trois comp\u00e9titions de Coupe d'Europe de la saison 2027\/2028 | Vie Associative\",\"isPartOf\":{\"@id\":\"https:\/\/vieassociative.be\/actualites\/#website\"},\"primaryImageOfPage\":{\"@id\":\"https:\/\/vieassociative.be\/actualites\/canal-obtient-les-droits-de-diffusion-des-trois-competitions-de-coupe-deurope-de-la-saison-2027-2028\/#primaryimage\"},\"image\":{\"@id\":\"https:\/\/vieassociative.be\/actualites\/canal-obtient-les-droits-de-diffusion-des-trois-competitions-de-coupe-deurope-de-la-saison-2027-2028\/#primaryimage\"},\"thumbnailUrl\":\"https:\/\/vieassociative.be\/actualites\/wp-content\/uploads\/2026\/05\/CANAL-obtient-les-droits-de-diffusion-des-trois-competitions-de.jpeg\",\"datePublished\":\"2026-05-01T09:17:51+00:00\",\"dateModified\":\"2026-05-01T09:17:51+00:00\",\"breadcrumb\":{\"@id\":\"https:\/\/vieassociative.be\/actualites\/canal-obtient-les-droits-de-diffusion-des-trois-competitions-de-coupe-deurope-de-la-saison-2027-2028\/#breadcrumb\"},\"inLanguage\":\"fr-BE\",\"potentialAction\":[{\"@type\":\"ReadAction\",\"target\":[\"https:\/\/vieassociative.be\/actualites\/canal-obtient-les-droits-de-diffusion-des-trois-competitions-de-coupe-deurope-de-la-saison-2027-2028\/\"]}]},{\"@type\":\"ImageObject\",\"inLanguage\":\"fr-BE\",\"@id\":\"https:\/\/vieassociative.be\/actualites\/canal-obtient-les-droits-de-diffusion-des-trois-competitions-de-coupe-deurope-de-la-saison-2027-2028\/#primaryimage\",\"url\":\"https:\/\/vieassociative.be\/actualites\/wp-content\/uploads\/2026\/05\/CANAL-obtient-les-droits-de-diffusion-des-trois-competitions-de.jpeg\",\"contentUrl\":\"https:\/\/vieassociative.be\/actualites\/wp-content\/uploads\/2026\/05\/CANAL-obtient-les-droits-de-diffusion-des-trois-competitions-de.jpeg\",\"width\":1000,\"height\":592,\"caption\":\"CANAL+ obtient les droits de diffusion des trois comp\u00e9titions de Coupe d'Europe de la saison 2027\/2028\"},{\"@type\":\"BreadcrumbList\",\"@id\":\"https:\/\/vieassociative.be\/actualites\/canal-obtient-les-droits-de-diffusion-des-trois-competitions-de-coupe-deurope-de-la-saison-2027-2028\/#breadcrumb\",\"itemListElement\":[{\"@type\":\"ListItem\",\"position\":1,\"name\":\"Accueil\",\"item\":\"https:\/\/vieassociative.be\/actualites\/\"},{\"@type\":\"ListItem\",\"position\":2,\"name\":\"CANAL+ obtient les droits de diffusion des trois comp\u00e9titions de Coupe d&rsquo;Europe de la saison 2027\/2028\"}]},{\"@type\":\"WebSite\",\"@id\":\"https:\/\/vieassociative.be\/actualites\/#website\",\"url\":\"https:\/\/vieassociative.be\/actualites\/\",\"name\":\"Vie Associative\",\"description\":\"\",\"publisher\":{\"@id\":\"https:\/\/vieassociative.be\/actualites\/#organization\"},\"potentialAction\":[{\"@type\":\"SearchAction\",\"target\":{\"@type\":\"EntryPoint\",\"urlTemplate\":\"https:\/\/vieassociative.be\/actualites\/?s={search_term_string}\"},\"query-input\":{\"@type\":\"PropertyValueSpecification\",\"valueRequired\":true,\"valueName\":\"search_term_string\"}}],\"inLanguage\":\"fr-BE\"},{\"@type\":\"Organization\",\"@id\":\"https:\/\/vieassociative.be\/actualites\/#organization\",\"name\":\"Vie Associative\",\"url\":\"https:\/\/vieassociative.be\/actualites\/\",\"logo\":{\"@type\":\"ImageObject\",\"inLanguage\":\"fr-BE\",\"@id\":\"https:\/\/vieassociative.be\/actualites\/#\/schema\/logo\/image\/\",\"url\":\"https:\/\/vieassociative.be\/actualites\/wp-content\/uploads\/2024\/09\/cropped-vieassociative_favicon.ico.png\",\"contentUrl\":\"https:\/\/vieassociative.be\/actualites\/wp-content\/uploads\/2024\/09\/cropped-vieassociative_favicon.ico.png\",\"width\":512,\"height\":512,\"caption\":\"Vie Associative\"},\"image\":{\"@id\":\"https:\/\/vieassociative.be\/actualites\/#\/schema\/logo\/image\/\"}},{\"@type\":\"Person\",\"@id\":\"https:\/\/vieassociative.be\/actualites\/#\/schema\/person\/b87ac4f82f9d4e7b7cec7395b679edc4\",\"name\":\"Julien\",\"image\":{\"@type\":\"ImageObject\",\"inLanguage\":\"fr-BE\",\"@id\":\"https:\/\/vieassociative.be\/actualites\/#\/schema\/person\/image\/\",\"url\":\"https:\/\/vieassociative.be\/actualites\/wp-content\/uploads\/2024\/09\/vie-associative-1-150x150.jpg\",\"contentUrl\":\"https:\/\/vieassociative.be\/actualites\/wp-content\/uploads\/2024\/09\/vie-associative-1-150x150.jpg\",\"caption\":\"Julien\"},\"description\":\"Je suis Julien, r\u00e9dacteur pour Vie Associative. Passionn\u00e9 par le monde associatif depuis plus de 10 ans, j'ai \u00e0 c\u0153ur de partager des histoires inspirantes et de mettre en lumi\u00e8re les initiatives locales. Mon objectif est de sensibiliser et d'encourager l'engagement communautaire \u00e0 travers mes articles.\",\"sameAs\":[\"https:\/\/vieassociative.be\/\"]}]}<\/script>\n<!-- \/ Yoast SEO plugin. -->","yoast_head_json":{"title":"CANAL+ obtient les droits de diffusion des trois comp\u00e9titions de Coupe d'Europe de la saison 2027\/2028 | Vie Associative","robots":{"index":"index","follow":"follow","max-snippet":"max-snippet:-1","max-image-preview":"max-image-preview:large","max-video-preview":"max-video-preview:-1"},"canonical":"https:\/\/vieassociative.be\/actualites\/canal-obtient-les-droits-de-diffusion-des-trois-competitions-de-coupe-deurope-de-la-saison-2027-2028\/","og_locale":"fr_FR","og_type":"article","og_title":"CANAL+ obtient les droits de diffusion des trois comp\u00e9titions de Coupe d'Europe de la saison 2027\/2028 | Vie Associative","og_description":"La d\u00e9cision concernant les droits TV du football europ\u00e9en en Belgique est prise : CANAL+ diffusera tous les matchs \u00e0 partir de 2027. Alors que","og_url":"https:\/\/vieassociative.be\/actualites\/canal-obtient-les-droits-de-diffusion-des-trois-competitions-de-coupe-deurope-de-la-saison-2027-2028\/","og_site_name":"Vie Associative","article_published_time":"2026-05-01T09:17:51+00:00","og_image":[{"width":279,"height":92,"url":"https:\/\/vieassociative.be\/actualites\/wp-content\/uploads\/2024\/09\/header_backgroundk-01-e1726694325946.png","type":"image\/png"}],"author":"Julien","twitter_card":"summary_large_image","twitter_misc":{"\u00c9crit par":"Julien","Dur\u00e9e de lecture est.":"2 minutes"},"schema":{"@context":"https:\/\/schema.org","@graph":[{"@type":"Article","@id":"https:\/\/vieassociative.be\/actualites\/canal-obtient-les-droits-de-diffusion-des-trois-competitions-de-coupe-deurope-de-la-saison-2027-2028\/#article","isPartOf":{"@id":"https:\/\/vieassociative.be\/actualites\/canal-obtient-les-droits-de-diffusion-des-trois-competitions-de-coupe-deurope-de-la-saison-2027-2028\/"},"author":{"name":"Julien","@id":"https:\/\/vieassociative.be\/actualites\/#\/schema\/person\/b87ac4f82f9d4e7b7cec7395b679edc4"},"headline":"CANAL+ obtient les droits de diffusion des trois comp\u00e9titions de Coupe d&rsquo;Europe de la saison 2027\/2028","datePublished":"2026-05-01T09:17:51+00:00","dateModified":"2026-05-01T09:17:51+00:00","mainEntityOfPage":{"@id":"https:\/\/vieassociative.be\/actualites\/canal-obtient-les-droits-de-diffusion-des-trois-competitions-de-coupe-deurope-de-la-saison-2027-2028\/"},"wordCount":475,"publisher":{"@id":"https:\/\/vieassociative.be\/actualites\/#organization"},"image":{"@id":"https:\/\/vieassociative.be\/actualites\/canal-obtient-les-droits-de-diffusion-des-trois-competitions-de-coupe-deurope-de-la-saison-2027-2028\/#primaryimage"},"thumbnailUrl":"https:\/\/vieassociative.be\/actualites\/wp-content\/uploads\/2026\/05\/CANAL-obtient-les-droits-de-diffusion-des-trois-competitions-de.jpeg","keywords":["CANAL","comp\u00e9titions","Coupe","Des","dEurope","diffusion","droits","Les","obtient","Saison","trois"],"articleSection":["Belgique"],"inLanguage":"fr-BE"},{"@type":"WebPage","@id":"https:\/\/vieassociative.be\/actualites\/canal-obtient-les-droits-de-diffusion-des-trois-competitions-de-coupe-deurope-de-la-saison-2027-2028\/","url":"https:\/\/vieassociative.be\/actualites\/canal-obtient-les-droits-de-diffusion-des-trois-competitions-de-coupe-deurope-de-la-saison-2027-2028\/","name":"CANAL+ obtient les droits de diffusion des trois comp\u00e9titions de Coupe d'Europe de la saison 2027\/2028 | Vie Associative","isPartOf":{"@id":"https:\/\/vieassociative.be\/actualites\/#website"},"primaryImageOfPage":{"@id":"https:\/\/vieassociative.be\/actualites\/canal-obtient-les-droits-de-diffusion-des-trois-competitions-de-coupe-deurope-de-la-saison-2027-2028\/#primaryimage"},"image":{"@id":"https:\/\/vieassociative.be\/actualites\/canal-obtient-les-droits-de-diffusion-des-trois-competitions-de-coupe-deurope-de-la-saison-2027-2028\/#primaryimage"},"thumbnailUrl":"https:\/\/vieassociative.be\/actualites\/wp-content\/uploads\/2026\/05\/CANAL-obtient-les-droits-de-diffusion-des-trois-competitions-de.jpeg","datePublished":"2026-05-01T09:17:51+00:00","dateModified":"2026-05-01T09:17:51+00:00","breadcrumb":{"@id":"https:\/\/vieassociative.be\/actualites\/canal-obtient-les-droits-de-diffusion-des-trois-competitions-de-coupe-deurope-de-la-saison-2027-2028\/#breadcrumb"},"inLanguage":"fr-BE","potentialAction":[{"@type":"ReadAction","target":["https:\/\/vieassociative.be\/actualites\/canal-obtient-les-droits-de-diffusion-des-trois-competitions-de-coupe-deurope-de-la-saison-2027-2028\/"]}]},{"@type":"ImageObject","inLanguage":"fr-BE","@id":"https:\/\/vieassociative.be\/actualites\/canal-obtient-les-droits-de-diffusion-des-trois-competitions-de-coupe-deurope-de-la-saison-2027-2028\/#primaryimage","url":"https:\/\/vieassociative.be\/actualites\/wp-content\/uploads\/2026\/05\/CANAL-obtient-les-droits-de-diffusion-des-trois-competitions-de.jpeg","contentUrl":"https:\/\/vieassociative.be\/actualites\/wp-content\/uploads\/2026\/05\/CANAL-obtient-les-droits-de-diffusion-des-trois-competitions-de.jpeg","width":1000,"height":592,"caption":"CANAL+ obtient les droits de diffusion des trois comp\u00e9titions de Coupe d'Europe de la saison 2027\/2028"},{"@type":"BreadcrumbList","@id":"https:\/\/vieassociative.be\/actualites\/canal-obtient-les-droits-de-diffusion-des-trois-competitions-de-coupe-deurope-de-la-saison-2027-2028\/#breadcrumb","itemListElement":[{"@type":"ListItem","position":1,"name":"Accueil","item":"https:\/\/vieassociative.be\/actualites\/"},{"@type":"ListItem","position":2,"name":"CANAL+ obtient les droits de diffusion des trois comp\u00e9titions de Coupe d&rsquo;Europe de la saison 2027\/2028"}]},{"@type":"WebSite","@id":"https:\/\/vieassociative.be\/actualites\/#website","url":"https:\/\/vieassociative.be\/actualites\/","name":"Vie Associative","description":"","publisher":{"@id":"https:\/\/vieassociative.be\/actualites\/#organization"},"potentialAction":[{"@type":"SearchAction","target":{"@type":"EntryPoint","urlTemplate":"https:\/\/vieassociative.be\/actualites\/?s={search_term_string}"},"query-input":{"@type":"PropertyValueSpecification","valueRequired":true,"valueName":"search_term_string"}}],"inLanguage":"fr-BE"},{"@type":"Organization","@id":"https:\/\/vieassociative.be\/actualites\/#organization","name":"Vie Associative","url":"https:\/\/vieassociative.be\/actualites\/","logo":{"@type":"ImageObject","inLanguage":"fr-BE","@id":"https:\/\/vieassociative.be\/actualites\/#\/schema\/logo\/image\/","url":"https:\/\/vieassociative.be\/actualites\/wp-content\/uploads\/2024\/09\/cropped-vieassociative_favicon.ico.png","contentUrl":"https:\/\/vieassociative.be\/actualites\/wp-content\/uploads\/2024\/09\/cropped-vieassociative_favicon.ico.png","width":512,"height":512,"caption":"Vie Associative"},"image":{"@id":"https:\/\/vieassociative.be\/actualites\/#\/schema\/logo\/image\/"}},{"@type":"Person","@id":"https:\/\/vieassociative.be\/actualites\/#\/schema\/person\/b87ac4f82f9d4e7b7cec7395b679edc4","name":"Julien","image":{"@type":"ImageObject","inLanguage":"fr-BE","@id":"https:\/\/vieassociative.be\/actualites\/#\/schema\/person\/image\/","url":"https:\/\/vieassociative.be\/actualites\/wp-content\/uploads\/2024\/09\/vie-associative-1-150x150.jpg","contentUrl":"https:\/\/vieassociative.be\/actualites\/wp-content\/uploads\/2024\/09\/vie-associative-1-150x150.jpg","caption":"Julien"},"description":"Je suis Julien, r\u00e9dacteur pour Vie Associative. Passionn\u00e9 par le monde associatif depuis plus de 10 ans, j'ai \u00e0 c\u0153ur de partager des histoires inspirantes et de mettre en lumi\u00e8re les initiatives locales. Mon objectif est de sensibiliser et d'encourager l'engagement communautaire \u00e0 travers mes articles.","sameAs":["https:\/\/vieassociative.be\/"]}]}},"_links":{"self":[{"href":"https:\/\/vieassociative.be\/actualites\/wp-json\/wp\/v2\/posts\/13653"}],"collection":[{"href":"https:\/\/vieassociative.be\/actualites\/wp-json\/wp\/v2\/posts"}],"about":[{"href":"https:\/\/vieassociative.be\/actualites\/wp-json\/wp\/v2\/types\/post"}],"author":[{"embeddable":true,"href":"https:\/\/vieassociative.be\/actualites\/wp-json\/wp\/v2\/users\/1"}],"replies":[{"embeddable":true,"href":"https:\/\/vieassociative.be\/actualites\/wp-json\/wp\/v2\/comments?post=13653"}],"version-history":[{"count":0,"href":"https:\/\/vieassociative.be\/actualites\/wp-json\/wp\/v2\/posts\/13653\/revisions"}],"wp:featuredmedia":[{"embeddable":true,"href":"https:\/\/vieassociative.be\/actualites\/wp-json\/wp\/v2\/media\/13654"}],"wp:attachment":[{"href":"https:\/\/vieassociative.be\/actualites\/wp-json\/wp\/v2\/media?parent=13653"}],"wp:term":[{"taxonomy":"category","embeddable":true,"href":"https:\/\/vieassociative.be\/actualites\/wp-json\/wp\/v2\/categories?post=13653"},{"taxonomy":"post_tag","embeddable":true,"href":"https:\/\/vieassociative.be\/actualites\/wp-json\/wp\/v2\/tags?post=13653"}],"curies":[{"name":"wp","href":"https:\/\/api.w.org\/{rel}","templated":true}]}}