{"id":13651,"date":"2026-05-01T10:17:34","date_gmt":"2026-05-01T08:17:34","guid":{"rendered":"https:\/\/vieassociative.be\/actualites\/samsung-dit-que-la-crise-de-la-memoire-va-saggraver-vous-avez-donc-deux-choix\/"},"modified":"2026-05-01T10:17:34","modified_gmt":"2026-05-01T08:17:34","slug":"samsung-dit-que-la-crise-de-la-memoire-va-saggraver-vous-avez-donc-deux-choix","status":"publish","type":"post","link":"https:\/\/vieassociative.be\/actualites\/samsung-dit-que-la-crise-de-la-memoire-va-saggraver-vous-avez-donc-deux-choix\/","title":{"rendered":"Samsung dit que la crise de la m\u00e9moire va s&rsquo;aggraver, vous avez donc deux choix"},"content":{"rendered":"<p>Plus t\u00f4t ce mois-ci, Nikkei Asia a rapport\u00e9 que la crise de m\u00e9moire en cours ne ralentirait pas de sit\u00f4t. L\u2019offre de RAM est actuellement extr\u00eamement demand\u00e9e, alors que les soci\u00e9t\u00e9s d\u2019IA se procurent le mat\u00e9riel n\u00e9cessaire pour alimenter leurs centres de donn\u00e9es en constante croissance. Malheureusement, il n\u2019existe qu\u2019un nombre limit\u00e9 de fabricants de m\u00e9moires dans le monde et un nombre limit\u00e9 de ressources disponibles pour fabriquer r\u00e9ellement ces puces. Il n&rsquo;y a en r\u00e9alit\u00e9 que trois acteurs cl\u00e9s : SK Hynix, Micron Technology et Samsung, et m\u00eame si tous acc\u00e9l\u00e8rent leur production autant que possible, cela ne semble pas suffisant pour r\u00e9pondre \u00e0 la demande dans l&rsquo;imm\u00e9diat.<\/p>\n<h2 id=\"samsung-cant-meet-memory-demand-this-year\">Samsung ne peut pas r\u00e9pondre \u00e0 la demande de m\u00e9moire cette ann\u00e9e<\/h2>\n<p>Maintenant, Samsung le confirme officiellement. Lors d&rsquo;une conf\u00e9rence t\u00e9l\u00e9phonique post-b\u00e9n\u00e9fice cette semaine, Kim Jaejune, directeur commercial des puces m\u00e9moire de Samsung, a d\u00e9clar\u00e9 : \u00ab Notre offre est loin de r\u00e9pondre \u00e0 la demande des clients&#8230; sur la seule base de la demande actuellement re\u00e7ue pour 2027, l&rsquo;\u00e9cart entre l&rsquo;offre et la demande pour 2027 devrait encore se creuser en 2026. \u00bb Cela confirme une grande partie du rapport Nikkei Asia, \u00e0 savoir que Samsung ne peut pas suivre le niveau actuel de la demande et qu&rsquo;il s&rsquo;attend \u00e0 ce que cette r\u00e9alit\u00e9 se poursuive tout au long de l&rsquo;ann\u00e9e prochaine.<\/p>\n<p>Il est important de noter que ces entreprises n\u2019essaient pas n\u00e9cessairement de stimuler la production de composants RAM grand public ; les entreprises d\u2019IA recherchent plut\u00f4t des puces de m\u00e9moire \u00e0 large bande passante (HBM) pour ex\u00e9cuter leurs processus gourmands en \u00e9nergie. Mais sans l&rsquo;offre HBM pour r\u00e9pondre \u00e0 la demande, les entreprises continueront \u00e0 acheter du mat\u00e9riel RAM typique, ce qui mettra \u00e0 rude \u00e9preuve le march\u00e9 grand public. Samsung dit s&rsquo;attendre \u00e0 ce que ses revenus HBM plus que triplent en 2026 par rapport \u00e0 2025.    <\/p>\n<p>M\u00eame si vous n&rsquo;achetez pas de RAM elle-m\u00eame, de nombreux produits que vous <em>faire<\/em> les achats sont affect\u00e9s par cette crise de m\u00e9moire. Si un appareil fonctionne sur un type d\u2019ordinateur, il a presque certainement besoin de RAM pour fonctionner. En tant que tels, les produits tels que les smartphones, les ordinateurs, les trackers de fitness, les voitures, les appareils domestiques intelligents, les \u00e9quipements audio, etc. ressentiront tous la pression et pourraient en cons\u00e9quence augmenter leur prix.<\/p>\n<h2 id=\"you-have-two-choices-to-weather-the-memory-crisis\">Vous avez deux choix pour surmonter la crise de la m\u00e9moire<\/h2>\n<p>Alors que tous les signes indiquent d\u00e9sormais une crise de m\u00e9moire in\u00e9vitable, vous disposez de deux choix en tant que consommateur pour r\u00e9sister \u00e0 la temp\u00eate. Le premier ? Si vous avez besoin d&rsquo;un nouvel appareil, achetez-en un maintenant et \u00e0 prix r\u00e9duit, si vous pouvez l&rsquo;aider. Sur la base des rapports du mois dernier, il y a peu de raisons de s&rsquo;attendre \u00e0 une baisse des prix des technologies, alors ne vous attendez pas \u00e0 ce que les grands acteurs proposent leurs derniers appareils \u00e0 un prix inf\u00e9rieur aux offres pr\u00e9c\u00e9dentes.  <\/p>\n<p>Cela ne signifie pas pour autant que vous devez payer un prix gonfl\u00e9. La meilleure fa\u00e7on d&rsquo;acheter de la nouvelle technologie est peut-\u00eatre d&rsquo;acheter <em>utilis\u00e9<\/em> technologie. Consultez les sections remises \u00e0 neuf et renouvel\u00e9es de magasins comme Apple, Amazon, Best Buy et Walmart. Tant que l&rsquo;appareil r\u00e9pond \u00e0 certaines qualifications esth\u00e9tiques (et fonctionne comme il se doit, bien s\u00fbr), vous pouvez obtenir quelque chose qui semble neuf sans payer le prix 2026. Vous pouvez \u00e9galement profiter des r\u00e9ductions \u00e9ducatives de certaines entreprises, m\u00eame si vous n&rsquo;\u00eates ni \u00e9tudiant ni enseignant. Apple retirera une bonne partie d&rsquo;un nouveau MacBook si vous passez par son Education Store.<\/p>\n<p>Cependant, si votre technologie existante fonctionne toujours, je vous sugg\u00e8re l\u2019option num\u00e9ro deux\u00a0: tenez bon et ne l\u00e2chez pas prise. Si tu ne le fais pas <em>besoin<\/em> un nouvel ordinateur, un t\u00e9l\u00e9phone, une montre intelligente, qu&rsquo;avez-vous, ne d\u00e9pensez pas encore votre argent, surtout si vous pouvez voir cet appareil durer encore un an ou plus. Il y a des choses que vous pouvez faire pour donner \u00e0 votre technologie vieillissante un aspect neuf ou, du moins, plus r\u00e9cent qu&rsquo;avant. Cela inclut la transformation de vos appareils existants en quelque chose de diff\u00e9rent, mais tout aussi utile : plut\u00f4t que d&rsquo;acheter un nouvel ordinateur portable, vous pouvez installer Linux pour acc\u00e9l\u00e9rer les choses et avoir plus de contr\u00f4le sur votre syst\u00e8me d&rsquo;exploitation ; au lieu de prendre un nouveau t\u00e9l\u00e9phone, vous pourriez transformer le v\u00f4tre en t\u00e9l\u00e9phone stupide, mettant ainsi fin \u00e0 votre d\u00e9pendance tout en \u00e9conomisant de l&rsquo;argent.       <\/p>\n<p>Nous savons que les fabricants de m\u00e9moires ne pr\u00e9voient pas que l\u2019offre r\u00e9ponde \u00e0 la demande avant 2027 au moins ; peut-\u00eatre que si c\u2019est le cas, les prix se stabiliseront et le moment sera venu d\u2019acheter \u00e0 nouveau de nouvelles technologies.<\/p>\n","protected":false},"excerpt":{"rendered":"<p>Plus t\u00f4t ce mois-ci, Nikkei Asia a rapport\u00e9 que la crise de m\u00e9moire en cours ne ralentirait pas de sit\u00f4t. L\u2019offre de RAM est actuellement<\/p>\n","protected":false},"author":1,"featured_media":13652,"comment_status":"","ping_status":"","sticky":false,"template":"","format":"standard","meta":{"footnotes":""},"categories":[13],"tags":[258,2578,644,114,3124,1770,2419,10607,1878,4],"class_list":["post-13651","post","type-post","status-publish","format-standard","has-post-thumbnail","hentry","category-technologie","tag-avez","tag-choix","tag-crise","tag-deux","tag-dit","tag-donc","tag-memoire","tag-saggraver","tag-samsung","tag-vous","generate-columns","tablet-grid-50","mobile-grid-100","grid-parent","grid-33"],"yoast_head":"<!-- This site is optimized with the Yoast SEO plugin v24.0 - https:\/\/yoast.com\/wordpress\/plugins\/seo\/ -->\n<title>Samsung dit que la crise de la m\u00e9moire va s&#039;aggraver, vous avez donc deux choix | Vie Associative<\/title>\n<meta name=\"robots\" content=\"index, follow, max-snippet:-1, max-image-preview:large, max-video-preview:-1\" \/>\n<link rel=\"canonical\" href=\"https:\/\/vieassociative.be\/actualites\/samsung-dit-que-la-crise-de-la-memoire-va-saggraver-vous-avez-donc-deux-choix\/\" \/>\n<meta property=\"og:locale\" content=\"fr_FR\" \/>\n<meta property=\"og:type\" content=\"article\" \/>\n<meta property=\"og:title\" content=\"Samsung dit que la crise de la m\u00e9moire va s&#039;aggraver, vous avez donc deux choix | Vie Associative\" \/>\n<meta property=\"og:description\" content=\"Plus t\u00f4t ce mois-ci, Nikkei Asia a rapport\u00e9 que la crise de m\u00e9moire en cours ne ralentirait pas de sit\u00f4t. L\u2019offre de RAM est actuellement\" \/>\n<meta property=\"og:url\" content=\"https:\/\/vieassociative.be\/actualites\/samsung-dit-que-la-crise-de-la-memoire-va-saggraver-vous-avez-donc-deux-choix\/\" \/>\n<meta property=\"og:site_name\" content=\"Vie Associative\" \/>\n<meta property=\"article:published_time\" content=\"2026-05-01T08:17:34+00:00\" \/>\n<meta property=\"og:image\" content=\"https:\/\/vieassociative.be\/actualites\/wp-content\/uploads\/2024\/09\/header_backgroundk-01-e1726694325946.png\" \/>\n\t<meta property=\"og:image:width\" content=\"279\" \/>\n\t<meta property=\"og:image:height\" content=\"92\" \/>\n\t<meta property=\"og:image:type\" content=\"image\/png\" \/>\n<meta name=\"author\" content=\"Julien\" \/>\n<meta name=\"twitter:card\" content=\"summary_large_image\" \/>\n<meta name=\"twitter:label1\" content=\"\u00c9crit par\" \/>\n\t<meta name=\"twitter:data1\" content=\"Julien\" \/>\n\t<meta name=\"twitter:label2\" content=\"Dur\u00e9e de lecture est.\" \/>\n\t<meta name=\"twitter:data2\" content=\"4 minutes\" \/>\n<script type=\"application\/ld+json\" class=\"yoast-schema-graph\">{\"@context\":\"https:\/\/schema.org\",\"@graph\":[{\"@type\":\"Article\",\"@id\":\"https:\/\/vieassociative.be\/actualites\/samsung-dit-que-la-crise-de-la-memoire-va-saggraver-vous-avez-donc-deux-choix\/#article\",\"isPartOf\":{\"@id\":\"https:\/\/vieassociative.be\/actualites\/samsung-dit-que-la-crise-de-la-memoire-va-saggraver-vous-avez-donc-deux-choix\/\"},\"author\":{\"name\":\"Julien\",\"@id\":\"https:\/\/vieassociative.be\/actualites\/#\/schema\/person\/b87ac4f82f9d4e7b7cec7395b679edc4\"},\"headline\":\"Samsung dit que la crise de la m\u00e9moire va s&rsquo;aggraver, vous avez donc deux choix\",\"datePublished\":\"2026-05-01T08:17:34+00:00\",\"dateModified\":\"2026-05-01T08:17:34+00:00\",\"mainEntityOfPage\":{\"@id\":\"https:\/\/vieassociative.be\/actualites\/samsung-dit-que-la-crise-de-la-memoire-va-saggraver-vous-avez-donc-deux-choix\/\"},\"wordCount\":884,\"publisher\":{\"@id\":\"https:\/\/vieassociative.be\/actualites\/#organization\"},\"image\":{\"@id\":\"https:\/\/vieassociative.be\/actualites\/samsung-dit-que-la-crise-de-la-memoire-va-saggraver-vous-avez-donc-deux-choix\/#primaryimage\"},\"thumbnailUrl\":\"https:\/\/vieassociative.be\/actualites\/wp-content\/uploads\/2026\/05\/Samsung-dit-que-la-crise-de-la-memoire-va-saggraver.jpg\",\"keywords\":[\"avez\",\"choix\",\"Crise\",\"deux\",\"dit\",\"donc\",\"m\u00e9moire\",\"saggraver\",\"Samsung\",\"Vous\"],\"articleSection\":[\"Technologie\"],\"inLanguage\":\"fr-BE\"},{\"@type\":\"WebPage\",\"@id\":\"https:\/\/vieassociative.be\/actualites\/samsung-dit-que-la-crise-de-la-memoire-va-saggraver-vous-avez-donc-deux-choix\/\",\"url\":\"https:\/\/vieassociative.be\/actualites\/samsung-dit-que-la-crise-de-la-memoire-va-saggraver-vous-avez-donc-deux-choix\/\",\"name\":\"Samsung dit que la crise de la m\u00e9moire va s'aggraver, vous avez donc deux choix | Vie Associative\",\"isPartOf\":{\"@id\":\"https:\/\/vieassociative.be\/actualites\/#website\"},\"primaryImageOfPage\":{\"@id\":\"https:\/\/vieassociative.be\/actualites\/samsung-dit-que-la-crise-de-la-memoire-va-saggraver-vous-avez-donc-deux-choix\/#primaryimage\"},\"image\":{\"@id\":\"https:\/\/vieassociative.be\/actualites\/samsung-dit-que-la-crise-de-la-memoire-va-saggraver-vous-avez-donc-deux-choix\/#primaryimage\"},\"thumbnailUrl\":\"https:\/\/vieassociative.be\/actualites\/wp-content\/uploads\/2026\/05\/Samsung-dit-que-la-crise-de-la-memoire-va-saggraver.jpg\",\"datePublished\":\"2026-05-01T08:17:34+00:00\",\"dateModified\":\"2026-05-01T08:17:34+00:00\",\"breadcrumb\":{\"@id\":\"https:\/\/vieassociative.be\/actualites\/samsung-dit-que-la-crise-de-la-memoire-va-saggraver-vous-avez-donc-deux-choix\/#breadcrumb\"},\"inLanguage\":\"fr-BE\",\"potentialAction\":[{\"@type\":\"ReadAction\",\"target\":[\"https:\/\/vieassociative.be\/actualites\/samsung-dit-que-la-crise-de-la-memoire-va-saggraver-vous-avez-donc-deux-choix\/\"]}]},{\"@type\":\"ImageObject\",\"inLanguage\":\"fr-BE\",\"@id\":\"https:\/\/vieassociative.be\/actualites\/samsung-dit-que-la-crise-de-la-memoire-va-saggraver-vous-avez-donc-deux-choix\/#primaryimage\",\"url\":\"https:\/\/vieassociative.be\/actualites\/wp-content\/uploads\/2026\/05\/Samsung-dit-que-la-crise-de-la-memoire-va-saggraver.jpg\",\"contentUrl\":\"https:\/\/vieassociative.be\/actualites\/wp-content\/uploads\/2026\/05\/Samsung-dit-que-la-crise-de-la-memoire-va-saggraver.jpg\",\"width\":1200,\"height\":675,\"caption\":\"Samsung dit que la crise de la m\u00e9moire va s'aggraver, vous avez donc deux choix\"},{\"@type\":\"BreadcrumbList\",\"@id\":\"https:\/\/vieassociative.be\/actualites\/samsung-dit-que-la-crise-de-la-memoire-va-saggraver-vous-avez-donc-deux-choix\/#breadcrumb\",\"itemListElement\":[{\"@type\":\"ListItem\",\"position\":1,\"name\":\"Accueil\",\"item\":\"https:\/\/vieassociative.be\/actualites\/\"},{\"@type\":\"ListItem\",\"position\":2,\"name\":\"Samsung dit que la crise de la m\u00e9moire va s&rsquo;aggraver, vous avez donc deux choix\"}]},{\"@type\":\"WebSite\",\"@id\":\"https:\/\/vieassociative.be\/actualites\/#website\",\"url\":\"https:\/\/vieassociative.be\/actualites\/\",\"name\":\"Vie Associative\",\"description\":\"\",\"publisher\":{\"@id\":\"https:\/\/vieassociative.be\/actualites\/#organization\"},\"potentialAction\":[{\"@type\":\"SearchAction\",\"target\":{\"@type\":\"EntryPoint\",\"urlTemplate\":\"https:\/\/vieassociative.be\/actualites\/?s={search_term_string}\"},\"query-input\":{\"@type\":\"PropertyValueSpecification\",\"valueRequired\":true,\"valueName\":\"search_term_string\"}}],\"inLanguage\":\"fr-BE\"},{\"@type\":\"Organization\",\"@id\":\"https:\/\/vieassociative.be\/actualites\/#organization\",\"name\":\"Vie Associative\",\"url\":\"https:\/\/vieassociative.be\/actualites\/\",\"logo\":{\"@type\":\"ImageObject\",\"inLanguage\":\"fr-BE\",\"@id\":\"https:\/\/vieassociative.be\/actualites\/#\/schema\/logo\/image\/\",\"url\":\"https:\/\/vieassociative.be\/actualites\/wp-content\/uploads\/2024\/09\/cropped-vieassociative_favicon.ico.png\",\"contentUrl\":\"https:\/\/vieassociative.be\/actualites\/wp-content\/uploads\/2024\/09\/cropped-vieassociative_favicon.ico.png\",\"width\":512,\"height\":512,\"caption\":\"Vie Associative\"},\"image\":{\"@id\":\"https:\/\/vieassociative.be\/actualites\/#\/schema\/logo\/image\/\"}},{\"@type\":\"Person\",\"@id\":\"https:\/\/vieassociative.be\/actualites\/#\/schema\/person\/b87ac4f82f9d4e7b7cec7395b679edc4\",\"name\":\"Julien\",\"image\":{\"@type\":\"ImageObject\",\"inLanguage\":\"fr-BE\",\"@id\":\"https:\/\/vieassociative.be\/actualites\/#\/schema\/person\/image\/\",\"url\":\"https:\/\/vieassociative.be\/actualites\/wp-content\/uploads\/2024\/09\/vie-associative-1-150x150.jpg\",\"contentUrl\":\"https:\/\/vieassociative.be\/actualites\/wp-content\/uploads\/2024\/09\/vie-associative-1-150x150.jpg\",\"caption\":\"Julien\"},\"description\":\"Je suis Julien, r\u00e9dacteur pour Vie Associative. Passionn\u00e9 par le monde associatif depuis plus de 10 ans, j'ai \u00e0 c\u0153ur de partager des histoires inspirantes et de mettre en lumi\u00e8re les initiatives locales. Mon objectif est de sensibiliser et d'encourager l'engagement communautaire \u00e0 travers mes articles.\",\"sameAs\":[\"https:\/\/vieassociative.be\/\"]}]}<\/script>\n<!-- \/ Yoast SEO plugin. -->","yoast_head_json":{"title":"Samsung dit que la crise de la m\u00e9moire va s'aggraver, vous avez donc deux choix | Vie Associative","robots":{"index":"index","follow":"follow","max-snippet":"max-snippet:-1","max-image-preview":"max-image-preview:large","max-video-preview":"max-video-preview:-1"},"canonical":"https:\/\/vieassociative.be\/actualites\/samsung-dit-que-la-crise-de-la-memoire-va-saggraver-vous-avez-donc-deux-choix\/","og_locale":"fr_FR","og_type":"article","og_title":"Samsung dit que la crise de la m\u00e9moire va s'aggraver, vous avez donc deux choix | Vie Associative","og_description":"Plus t\u00f4t ce mois-ci, Nikkei Asia a rapport\u00e9 que la crise de m\u00e9moire en cours ne ralentirait pas de sit\u00f4t. L\u2019offre de RAM est actuellement","og_url":"https:\/\/vieassociative.be\/actualites\/samsung-dit-que-la-crise-de-la-memoire-va-saggraver-vous-avez-donc-deux-choix\/","og_site_name":"Vie Associative","article_published_time":"2026-05-01T08:17:34+00:00","og_image":[{"width":279,"height":92,"url":"https:\/\/vieassociative.be\/actualites\/wp-content\/uploads\/2024\/09\/header_backgroundk-01-e1726694325946.png","type":"image\/png"}],"author":"Julien","twitter_card":"summary_large_image","twitter_misc":{"\u00c9crit par":"Julien","Dur\u00e9e de lecture est.":"4 minutes"},"schema":{"@context":"https:\/\/schema.org","@graph":[{"@type":"Article","@id":"https:\/\/vieassociative.be\/actualites\/samsung-dit-que-la-crise-de-la-memoire-va-saggraver-vous-avez-donc-deux-choix\/#article","isPartOf":{"@id":"https:\/\/vieassociative.be\/actualites\/samsung-dit-que-la-crise-de-la-memoire-va-saggraver-vous-avez-donc-deux-choix\/"},"author":{"name":"Julien","@id":"https:\/\/vieassociative.be\/actualites\/#\/schema\/person\/b87ac4f82f9d4e7b7cec7395b679edc4"},"headline":"Samsung dit que la crise de la m\u00e9moire va s&rsquo;aggraver, vous avez donc deux choix","datePublished":"2026-05-01T08:17:34+00:00","dateModified":"2026-05-01T08:17:34+00:00","mainEntityOfPage":{"@id":"https:\/\/vieassociative.be\/actualites\/samsung-dit-que-la-crise-de-la-memoire-va-saggraver-vous-avez-donc-deux-choix\/"},"wordCount":884,"publisher":{"@id":"https:\/\/vieassociative.be\/actualites\/#organization"},"image":{"@id":"https:\/\/vieassociative.be\/actualites\/samsung-dit-que-la-crise-de-la-memoire-va-saggraver-vous-avez-donc-deux-choix\/#primaryimage"},"thumbnailUrl":"https:\/\/vieassociative.be\/actualites\/wp-content\/uploads\/2026\/05\/Samsung-dit-que-la-crise-de-la-memoire-va-saggraver.jpg","keywords":["avez","choix","Crise","deux","dit","donc","m\u00e9moire","saggraver","Samsung","Vous"],"articleSection":["Technologie"],"inLanguage":"fr-BE"},{"@type":"WebPage","@id":"https:\/\/vieassociative.be\/actualites\/samsung-dit-que-la-crise-de-la-memoire-va-saggraver-vous-avez-donc-deux-choix\/","url":"https:\/\/vieassociative.be\/actualites\/samsung-dit-que-la-crise-de-la-memoire-va-saggraver-vous-avez-donc-deux-choix\/","name":"Samsung dit que la crise de la m\u00e9moire va s'aggraver, vous avez donc deux choix | Vie Associative","isPartOf":{"@id":"https:\/\/vieassociative.be\/actualites\/#website"},"primaryImageOfPage":{"@id":"https:\/\/vieassociative.be\/actualites\/samsung-dit-que-la-crise-de-la-memoire-va-saggraver-vous-avez-donc-deux-choix\/#primaryimage"},"image":{"@id":"https:\/\/vieassociative.be\/actualites\/samsung-dit-que-la-crise-de-la-memoire-va-saggraver-vous-avez-donc-deux-choix\/#primaryimage"},"thumbnailUrl":"https:\/\/vieassociative.be\/actualites\/wp-content\/uploads\/2026\/05\/Samsung-dit-que-la-crise-de-la-memoire-va-saggraver.jpg","datePublished":"2026-05-01T08:17:34+00:00","dateModified":"2026-05-01T08:17:34+00:00","breadcrumb":{"@id":"https:\/\/vieassociative.be\/actualites\/samsung-dit-que-la-crise-de-la-memoire-va-saggraver-vous-avez-donc-deux-choix\/#breadcrumb"},"inLanguage":"fr-BE","potentialAction":[{"@type":"ReadAction","target":["https:\/\/vieassociative.be\/actualites\/samsung-dit-que-la-crise-de-la-memoire-va-saggraver-vous-avez-donc-deux-choix\/"]}]},{"@type":"ImageObject","inLanguage":"fr-BE","@id":"https:\/\/vieassociative.be\/actualites\/samsung-dit-que-la-crise-de-la-memoire-va-saggraver-vous-avez-donc-deux-choix\/#primaryimage","url":"https:\/\/vieassociative.be\/actualites\/wp-content\/uploads\/2026\/05\/Samsung-dit-que-la-crise-de-la-memoire-va-saggraver.jpg","contentUrl":"https:\/\/vieassociative.be\/actualites\/wp-content\/uploads\/2026\/05\/Samsung-dit-que-la-crise-de-la-memoire-va-saggraver.jpg","width":1200,"height":675,"caption":"Samsung dit que la crise de la m\u00e9moire va s'aggraver, vous avez donc deux choix"},{"@type":"BreadcrumbList","@id":"https:\/\/vieassociative.be\/actualites\/samsung-dit-que-la-crise-de-la-memoire-va-saggraver-vous-avez-donc-deux-choix\/#breadcrumb","itemListElement":[{"@type":"ListItem","position":1,"name":"Accueil","item":"https:\/\/vieassociative.be\/actualites\/"},{"@type":"ListItem","position":2,"name":"Samsung dit que la crise de la m\u00e9moire va s&rsquo;aggraver, vous avez donc deux choix"}]},{"@type":"WebSite","@id":"https:\/\/vieassociative.be\/actualites\/#website","url":"https:\/\/vieassociative.be\/actualites\/","name":"Vie Associative","description":"","publisher":{"@id":"https:\/\/vieassociative.be\/actualites\/#organization"},"potentialAction":[{"@type":"SearchAction","target":{"@type":"EntryPoint","urlTemplate":"https:\/\/vieassociative.be\/actualites\/?s={search_term_string}"},"query-input":{"@type":"PropertyValueSpecification","valueRequired":true,"valueName":"search_term_string"}}],"inLanguage":"fr-BE"},{"@type":"Organization","@id":"https:\/\/vieassociative.be\/actualites\/#organization","name":"Vie Associative","url":"https:\/\/vieassociative.be\/actualites\/","logo":{"@type":"ImageObject","inLanguage":"fr-BE","@id":"https:\/\/vieassociative.be\/actualites\/#\/schema\/logo\/image\/","url":"https:\/\/vieassociative.be\/actualites\/wp-content\/uploads\/2024\/09\/cropped-vieassociative_favicon.ico.png","contentUrl":"https:\/\/vieassociative.be\/actualites\/wp-content\/uploads\/2024\/09\/cropped-vieassociative_favicon.ico.png","width":512,"height":512,"caption":"Vie Associative"},"image":{"@id":"https:\/\/vieassociative.be\/actualites\/#\/schema\/logo\/image\/"}},{"@type":"Person","@id":"https:\/\/vieassociative.be\/actualites\/#\/schema\/person\/b87ac4f82f9d4e7b7cec7395b679edc4","name":"Julien","image":{"@type":"ImageObject","inLanguage":"fr-BE","@id":"https:\/\/vieassociative.be\/actualites\/#\/schema\/person\/image\/","url":"https:\/\/vieassociative.be\/actualites\/wp-content\/uploads\/2024\/09\/vie-associative-1-150x150.jpg","contentUrl":"https:\/\/vieassociative.be\/actualites\/wp-content\/uploads\/2024\/09\/vie-associative-1-150x150.jpg","caption":"Julien"},"description":"Je suis Julien, r\u00e9dacteur pour Vie Associative. Passionn\u00e9 par le monde associatif depuis plus de 10 ans, j'ai \u00e0 c\u0153ur de partager des histoires inspirantes et de mettre en lumi\u00e8re les initiatives locales. Mon objectif est de sensibiliser et d'encourager l'engagement communautaire \u00e0 travers mes articles.","sameAs":["https:\/\/vieassociative.be\/"]}]}},"_links":{"self":[{"href":"https:\/\/vieassociative.be\/actualites\/wp-json\/wp\/v2\/posts\/13651"}],"collection":[{"href":"https:\/\/vieassociative.be\/actualites\/wp-json\/wp\/v2\/posts"}],"about":[{"href":"https:\/\/vieassociative.be\/actualites\/wp-json\/wp\/v2\/types\/post"}],"author":[{"embeddable":true,"href":"https:\/\/vieassociative.be\/actualites\/wp-json\/wp\/v2\/users\/1"}],"replies":[{"embeddable":true,"href":"https:\/\/vieassociative.be\/actualites\/wp-json\/wp\/v2\/comments?post=13651"}],"version-history":[{"count":0,"href":"https:\/\/vieassociative.be\/actualites\/wp-json\/wp\/v2\/posts\/13651\/revisions"}],"wp:featuredmedia":[{"embeddable":true,"href":"https:\/\/vieassociative.be\/actualites\/wp-json\/wp\/v2\/media\/13652"}],"wp:attachment":[{"href":"https:\/\/vieassociative.be\/actualites\/wp-json\/wp\/v2\/media?parent=13651"}],"wp:term":[{"taxonomy":"category","embeddable":true,"href":"https:\/\/vieassociative.be\/actualites\/wp-json\/wp\/v2\/categories?post=13651"},{"taxonomy":"post_tag","embeddable":true,"href":"https:\/\/vieassociative.be\/actualites\/wp-json\/wp\/v2\/tags?post=13651"}],"curies":[{"name":"wp","href":"https:\/\/api.w.org\/{rel}","templated":true}]}}