{"id":13650,"date":"2026-05-01T05:17:42","date_gmt":"2026-05-01T03:17:42","guid":{"rendered":"https:\/\/vieassociative.be\/actualites\/un-cycliste-senfuit-apres-un-accident-avec-un-cycliste-une-femme-agressee-dans-la-rue\/"},"modified":"2026-05-01T05:17:42","modified_gmt":"2026-05-01T03:17:42","slug":"un-cycliste-senfuit-apres-un-accident-avec-un-cycliste-une-femme-agressee-dans-la-rue","status":"publish","type":"post","link":"https:\/\/vieassociative.be\/actualites\/un-cycliste-senfuit-apres-un-accident-avec-un-cycliste-une-femme-agressee-dans-la-rue\/","title":{"rendered":"Un cycliste s&rsquo;enfuit apr\u00e8s un accident avec un cycliste &#8211; une femme agress\u00e9e dans la rue"},"content":{"rendered":"<p><strong>La zone de police de Weser-G\u00f6hl a signal\u00e9 deux incidents dans son rapport du mercredi 29 avril 2026.<\/strong><\/p>\n<p><span id=\"more-438685\"><\/span><strong>\u2013 Accident avec cycliste :<\/strong> Le 28 avril, les services de la zone de police Weser-G\u00f6hl ont \u00e9t\u00e9 appel\u00e9s \u00e0 Kettenis, Raerenpfad, \u00e0 14h12. car un accident de la route entre deux cyclistes s&rsquo;y serait produit. Sur place, les policiers rencontrent l&rsquo;un des deux cyclistes qui est actuellement pris en charge par les secours. La police a \u00e9galement constat\u00e9 des dommages sur la fa\u00e7ade d&rsquo;une maison et sur le v\u00e9lo de l&rsquo;homme.<\/p>\n<p>L&rsquo;accident est d\u00e9crit comme suit : L&rsquo;homme circule sur la route du Raerenpfad en direction du chemin des champs. En face de lui, un autre cycliste s&rsquo;approche du mauvais c\u00f4t\u00e9 de la route. Le premier cycliste interpelle le deuxi\u00e8me cycliste pour l&rsquo;avertir de la situation dangereuse. Cependant, le deuxi\u00e8me cycliste ne r\u00e9agit pas ou r\u00e9agit trop tard. Les deux doivent s&rsquo;\u00e9viter, le premier cycliste heurtant la devanture de la maison et le deuxi\u00e8me cycliste tombant. Le deuxi\u00e8me cycliste remonte sur son v\u00e9lo et quitte les lieux. Le fugitif peut \u00eatre identifi\u00e9 gr\u00e2ce \u00e0 une photo prise par le premier cycliste avec son t\u00e9l\u00e9phone portable.<\/p>\n<p><strong>\u2013 Femme agress\u00e9e par un inconnu \u00e0 La Calamine :<\/strong> Le 28 avril, une femme s&rsquo;est pr\u00e9sent\u00e9e au commissariat d&rsquo;Eupen avec des blessures au visage. Ceci d\u00e9crit les faits suivants\u00a0:<\/p>\n<p>Le 28 avril vers 19 heures, la femme a emprunt\u00e9 la L\u00fctticher Stra\u00dfe \u00e0 Kelmis en direction du grand magasin Action. Un inconnu s&rsquo;approche d&rsquo;elle et lui donne un coup de pied dans les jambes, ce qui fait tomber la femme en avant et sur son visage. Le suspect quitte les lieux.<\/p>\n<p>S&rsquo;il existe des t\u00e9moins du crime ou des personnes pouvant fournir des informations pertinentes permettant d&rsquo;identifier le suspect, nous leur demandons de contacter le commissariat d&rsquo;Eupen au 087\/45.04.50 ou le commissariat de Kelmis au 087\/45.04.60.<\/p>\n","protected":false},"excerpt":{"rendered":"<p>La zone de police de Weser-G\u00f6hl a signal\u00e9 deux incidents dans son rapport du mercredi 29 avril 2026. \u2013 Accident avec cycliste : Le 28<\/p>\n","protected":false},"author":1,"featured_media":13106,"comment_status":"","ping_status":"","sticky":false,"template":"","format":"standard","meta":{"footnotes":""},"categories":[298],"tags":[3013,10606,472,61,6884,166,4918,599,10605,110],"class_list":["post-13650","post","type-post","status-publish","format-standard","has-post-thumbnail","hentry","category-belgique","tag-accident","tag-agressee","tag-apres","tag-avec","tag-cycliste","tag-dans","tag-femme","tag-rue","tag-senfuit","tag-une","generate-columns","tablet-grid-50","mobile-grid-100","grid-parent","grid-33"],"yoast_head":"<!-- This site is optimized with the Yoast SEO plugin v24.0 - https:\/\/yoast.com\/wordpress\/plugins\/seo\/ -->\n<title>Un cycliste s&#039;enfuit apr\u00e8s un accident avec un cycliste - une femme agress\u00e9e dans la rue | Vie Associative<\/title>\n<meta name=\"robots\" content=\"index, follow, max-snippet:-1, max-image-preview:large, max-video-preview:-1\" \/>\n<link rel=\"canonical\" href=\"https:\/\/vieassociative.be\/actualites\/un-cycliste-senfuit-apres-un-accident-avec-un-cycliste-une-femme-agressee-dans-la-rue\/\" \/>\n<meta property=\"og:locale\" content=\"fr_FR\" \/>\n<meta property=\"og:type\" content=\"article\" \/>\n<meta property=\"og:title\" content=\"Un cycliste s&#039;enfuit apr\u00e8s un accident avec un cycliste - une femme agress\u00e9e dans la rue | Vie Associative\" \/>\n<meta property=\"og:description\" content=\"La zone de police de Weser-G\u00f6hl a signal\u00e9 deux incidents dans son rapport du mercredi 29 avril 2026. \u2013 Accident avec cycliste : Le 28\" \/>\n<meta property=\"og:url\" content=\"https:\/\/vieassociative.be\/actualites\/un-cycliste-senfuit-apres-un-accident-avec-un-cycliste-une-femme-agressee-dans-la-rue\/\" \/>\n<meta property=\"og:site_name\" content=\"Vie Associative\" \/>\n<meta property=\"article:published_time\" content=\"2026-05-01T03:17:42+00:00\" \/>\n<meta property=\"og:image\" content=\"https:\/\/vieassociative.be\/actualites\/wp-content\/uploads\/2024\/09\/header_backgroundk-01-e1726694325946.png\" \/>\n\t<meta property=\"og:image:width\" content=\"279\" \/>\n\t<meta property=\"og:image:height\" content=\"92\" \/>\n\t<meta property=\"og:image:type\" content=\"image\/png\" \/>\n<meta name=\"author\" content=\"Julien\" \/>\n<meta name=\"twitter:card\" content=\"summary_large_image\" \/>\n<meta name=\"twitter:label1\" content=\"\u00c9crit par\" \/>\n\t<meta name=\"twitter:data1\" content=\"Julien\" \/>\n\t<meta name=\"twitter:label2\" content=\"Dur\u00e9e de lecture est.\" \/>\n\t<meta name=\"twitter:data2\" content=\"2 minutes\" \/>\n<script type=\"application\/ld+json\" class=\"yoast-schema-graph\">{\"@context\":\"https:\/\/schema.org\",\"@graph\":[{\"@type\":\"Article\",\"@id\":\"https:\/\/vieassociative.be\/actualites\/un-cycliste-senfuit-apres-un-accident-avec-un-cycliste-une-femme-agressee-dans-la-rue\/#article\",\"isPartOf\":{\"@id\":\"https:\/\/vieassociative.be\/actualites\/un-cycliste-senfuit-apres-un-accident-avec-un-cycliste-une-femme-agressee-dans-la-rue\/\"},\"author\":{\"name\":\"Julien\",\"@id\":\"https:\/\/vieassociative.be\/actualites\/#\/schema\/person\/b87ac4f82f9d4e7b7cec7395b679edc4\"},\"headline\":\"Un cycliste s&rsquo;enfuit apr\u00e8s un accident avec un cycliste &#8211; une femme agress\u00e9e dans la rue\",\"datePublished\":\"2026-05-01T03:17:42+00:00\",\"dateModified\":\"2026-05-01T03:17:42+00:00\",\"mainEntityOfPage\":{\"@id\":\"https:\/\/vieassociative.be\/actualites\/un-cycliste-senfuit-apres-un-accident-avec-un-cycliste-une-femme-agressee-dans-la-rue\/\"},\"wordCount\":352,\"publisher\":{\"@id\":\"https:\/\/vieassociative.be\/actualites\/#organization\"},\"image\":{\"@id\":\"https:\/\/vieassociative.be\/actualites\/un-cycliste-senfuit-apres-un-accident-avec-un-cycliste-une-femme-agressee-dans-la-rue\/#primaryimage\"},\"thumbnailUrl\":\"https:\/\/vieassociative.be\/actualites\/wp-content\/uploads\/2026\/03\/Kelmis-un-conducteur-rate-et-heurte-un-eleve-pilote.jpeg\",\"keywords\":[\"accident\",\"agress\u00e9e\",\"Apr\u00e8s\",\"avec\",\"cycliste\",\"dans\",\"femme\",\"rue\",\"senfuit\",\"une\"],\"articleSection\":[\"Belgique\"],\"inLanguage\":\"fr-BE\"},{\"@type\":\"WebPage\",\"@id\":\"https:\/\/vieassociative.be\/actualites\/un-cycliste-senfuit-apres-un-accident-avec-un-cycliste-une-femme-agressee-dans-la-rue\/\",\"url\":\"https:\/\/vieassociative.be\/actualites\/un-cycliste-senfuit-apres-un-accident-avec-un-cycliste-une-femme-agressee-dans-la-rue\/\",\"name\":\"Un cycliste s'enfuit apr\u00e8s un accident avec un cycliste - une femme agress\u00e9e dans la rue | Vie Associative\",\"isPartOf\":{\"@id\":\"https:\/\/vieassociative.be\/actualites\/#website\"},\"primaryImageOfPage\":{\"@id\":\"https:\/\/vieassociative.be\/actualites\/un-cycliste-senfuit-apres-un-accident-avec-un-cycliste-une-femme-agressee-dans-la-rue\/#primaryimage\"},\"image\":{\"@id\":\"https:\/\/vieassociative.be\/actualites\/un-cycliste-senfuit-apres-un-accident-avec-un-cycliste-une-femme-agressee-dans-la-rue\/#primaryimage\"},\"thumbnailUrl\":\"https:\/\/vieassociative.be\/actualites\/wp-content\/uploads\/2026\/03\/Kelmis-un-conducteur-rate-et-heurte-un-eleve-pilote.jpeg\",\"datePublished\":\"2026-05-01T03:17:42+00:00\",\"dateModified\":\"2026-05-01T03:17:42+00:00\",\"breadcrumb\":{\"@id\":\"https:\/\/vieassociative.be\/actualites\/un-cycliste-senfuit-apres-un-accident-avec-un-cycliste-une-femme-agressee-dans-la-rue\/#breadcrumb\"},\"inLanguage\":\"fr-BE\",\"potentialAction\":[{\"@type\":\"ReadAction\",\"target\":[\"https:\/\/vieassociative.be\/actualites\/un-cycliste-senfuit-apres-un-accident-avec-un-cycliste-une-femme-agressee-dans-la-rue\/\"]}]},{\"@type\":\"ImageObject\",\"inLanguage\":\"fr-BE\",\"@id\":\"https:\/\/vieassociative.be\/actualites\/un-cycliste-senfuit-apres-un-accident-avec-un-cycliste-une-femme-agressee-dans-la-rue\/#primaryimage\",\"url\":\"https:\/\/vieassociative.be\/actualites\/wp-content\/uploads\/2026\/03\/Kelmis-un-conducteur-rate-et-heurte-un-eleve-pilote.jpeg\",\"contentUrl\":\"https:\/\/vieassociative.be\/actualites\/wp-content\/uploads\/2026\/03\/Kelmis-un-conducteur-rate-et-heurte-un-eleve-pilote.jpeg\",\"width\":1200,\"height\":800,\"caption\":\"Kelmis\u00a0: un conducteur rate et heurte un \u00e9l\u00e8ve-pilote\"},{\"@type\":\"BreadcrumbList\",\"@id\":\"https:\/\/vieassociative.be\/actualites\/un-cycliste-senfuit-apres-un-accident-avec-un-cycliste-une-femme-agressee-dans-la-rue\/#breadcrumb\",\"itemListElement\":[{\"@type\":\"ListItem\",\"position\":1,\"name\":\"Accueil\",\"item\":\"https:\/\/vieassociative.be\/actualites\/\"},{\"@type\":\"ListItem\",\"position\":2,\"name\":\"Un cycliste s&rsquo;enfuit apr\u00e8s un accident avec un cycliste &#8211; une femme agress\u00e9e dans la rue\"}]},{\"@type\":\"WebSite\",\"@id\":\"https:\/\/vieassociative.be\/actualites\/#website\",\"url\":\"https:\/\/vieassociative.be\/actualites\/\",\"name\":\"Vie Associative\",\"description\":\"\",\"publisher\":{\"@id\":\"https:\/\/vieassociative.be\/actualites\/#organization\"},\"potentialAction\":[{\"@type\":\"SearchAction\",\"target\":{\"@type\":\"EntryPoint\",\"urlTemplate\":\"https:\/\/vieassociative.be\/actualites\/?s={search_term_string}\"},\"query-input\":{\"@type\":\"PropertyValueSpecification\",\"valueRequired\":true,\"valueName\":\"search_term_string\"}}],\"inLanguage\":\"fr-BE\"},{\"@type\":\"Organization\",\"@id\":\"https:\/\/vieassociative.be\/actualites\/#organization\",\"name\":\"Vie Associative\",\"url\":\"https:\/\/vieassociative.be\/actualites\/\",\"logo\":{\"@type\":\"ImageObject\",\"inLanguage\":\"fr-BE\",\"@id\":\"https:\/\/vieassociative.be\/actualites\/#\/schema\/logo\/image\/\",\"url\":\"https:\/\/vieassociative.be\/actualites\/wp-content\/uploads\/2024\/09\/cropped-vieassociative_favicon.ico.png\",\"contentUrl\":\"https:\/\/vieassociative.be\/actualites\/wp-content\/uploads\/2024\/09\/cropped-vieassociative_favicon.ico.png\",\"width\":512,\"height\":512,\"caption\":\"Vie Associative\"},\"image\":{\"@id\":\"https:\/\/vieassociative.be\/actualites\/#\/schema\/logo\/image\/\"}},{\"@type\":\"Person\",\"@id\":\"https:\/\/vieassociative.be\/actualites\/#\/schema\/person\/b87ac4f82f9d4e7b7cec7395b679edc4\",\"name\":\"Julien\",\"image\":{\"@type\":\"ImageObject\",\"inLanguage\":\"fr-BE\",\"@id\":\"https:\/\/vieassociative.be\/actualites\/#\/schema\/person\/image\/\",\"url\":\"https:\/\/vieassociative.be\/actualites\/wp-content\/uploads\/2024\/09\/vie-associative-1-150x150.jpg\",\"contentUrl\":\"https:\/\/vieassociative.be\/actualites\/wp-content\/uploads\/2024\/09\/vie-associative-1-150x150.jpg\",\"caption\":\"Julien\"},\"description\":\"Je suis Julien, r\u00e9dacteur pour Vie Associative. Passionn\u00e9 par le monde associatif depuis plus de 10 ans, j'ai \u00e0 c\u0153ur de partager des histoires inspirantes et de mettre en lumi\u00e8re les initiatives locales. Mon objectif est de sensibiliser et d'encourager l'engagement communautaire \u00e0 travers mes articles.\",\"sameAs\":[\"https:\/\/vieassociative.be\/\"]}]}<\/script>\n<!-- \/ Yoast SEO plugin. -->","yoast_head_json":{"title":"Un cycliste s'enfuit apr\u00e8s un accident avec un cycliste - une femme agress\u00e9e dans la rue | Vie Associative","robots":{"index":"index","follow":"follow","max-snippet":"max-snippet:-1","max-image-preview":"max-image-preview:large","max-video-preview":"max-video-preview:-1"},"canonical":"https:\/\/vieassociative.be\/actualites\/un-cycliste-senfuit-apres-un-accident-avec-un-cycliste-une-femme-agressee-dans-la-rue\/","og_locale":"fr_FR","og_type":"article","og_title":"Un cycliste s'enfuit apr\u00e8s un accident avec un cycliste - une femme agress\u00e9e dans la rue | Vie Associative","og_description":"La zone de police de Weser-G\u00f6hl a signal\u00e9 deux incidents dans son rapport du mercredi 29 avril 2026. \u2013 Accident avec cycliste : Le 28","og_url":"https:\/\/vieassociative.be\/actualites\/un-cycliste-senfuit-apres-un-accident-avec-un-cycliste-une-femme-agressee-dans-la-rue\/","og_site_name":"Vie Associative","article_published_time":"2026-05-01T03:17:42+00:00","og_image":[{"width":279,"height":92,"url":"https:\/\/vieassociative.be\/actualites\/wp-content\/uploads\/2024\/09\/header_backgroundk-01-e1726694325946.png","type":"image\/png"}],"author":"Julien","twitter_card":"summary_large_image","twitter_misc":{"\u00c9crit par":"Julien","Dur\u00e9e de lecture est.":"2 minutes"},"schema":{"@context":"https:\/\/schema.org","@graph":[{"@type":"Article","@id":"https:\/\/vieassociative.be\/actualites\/un-cycliste-senfuit-apres-un-accident-avec-un-cycliste-une-femme-agressee-dans-la-rue\/#article","isPartOf":{"@id":"https:\/\/vieassociative.be\/actualites\/un-cycliste-senfuit-apres-un-accident-avec-un-cycliste-une-femme-agressee-dans-la-rue\/"},"author":{"name":"Julien","@id":"https:\/\/vieassociative.be\/actualites\/#\/schema\/person\/b87ac4f82f9d4e7b7cec7395b679edc4"},"headline":"Un cycliste s&rsquo;enfuit apr\u00e8s un accident avec un cycliste &#8211; une femme agress\u00e9e dans la rue","datePublished":"2026-05-01T03:17:42+00:00","dateModified":"2026-05-01T03:17:42+00:00","mainEntityOfPage":{"@id":"https:\/\/vieassociative.be\/actualites\/un-cycliste-senfuit-apres-un-accident-avec-un-cycliste-une-femme-agressee-dans-la-rue\/"},"wordCount":352,"publisher":{"@id":"https:\/\/vieassociative.be\/actualites\/#organization"},"image":{"@id":"https:\/\/vieassociative.be\/actualites\/un-cycliste-senfuit-apres-un-accident-avec-un-cycliste-une-femme-agressee-dans-la-rue\/#primaryimage"},"thumbnailUrl":"https:\/\/vieassociative.be\/actualites\/wp-content\/uploads\/2026\/03\/Kelmis-un-conducteur-rate-et-heurte-un-eleve-pilote.jpeg","keywords":["accident","agress\u00e9e","Apr\u00e8s","avec","cycliste","dans","femme","rue","senfuit","une"],"articleSection":["Belgique"],"inLanguage":"fr-BE"},{"@type":"WebPage","@id":"https:\/\/vieassociative.be\/actualites\/un-cycliste-senfuit-apres-un-accident-avec-un-cycliste-une-femme-agressee-dans-la-rue\/","url":"https:\/\/vieassociative.be\/actualites\/un-cycliste-senfuit-apres-un-accident-avec-un-cycliste-une-femme-agressee-dans-la-rue\/","name":"Un cycliste s'enfuit apr\u00e8s un accident avec un cycliste - une femme agress\u00e9e dans la rue | Vie Associative","isPartOf":{"@id":"https:\/\/vieassociative.be\/actualites\/#website"},"primaryImageOfPage":{"@id":"https:\/\/vieassociative.be\/actualites\/un-cycliste-senfuit-apres-un-accident-avec-un-cycliste-une-femme-agressee-dans-la-rue\/#primaryimage"},"image":{"@id":"https:\/\/vieassociative.be\/actualites\/un-cycliste-senfuit-apres-un-accident-avec-un-cycliste-une-femme-agressee-dans-la-rue\/#primaryimage"},"thumbnailUrl":"https:\/\/vieassociative.be\/actualites\/wp-content\/uploads\/2026\/03\/Kelmis-un-conducteur-rate-et-heurte-un-eleve-pilote.jpeg","datePublished":"2026-05-01T03:17:42+00:00","dateModified":"2026-05-01T03:17:42+00:00","breadcrumb":{"@id":"https:\/\/vieassociative.be\/actualites\/un-cycliste-senfuit-apres-un-accident-avec-un-cycliste-une-femme-agressee-dans-la-rue\/#breadcrumb"},"inLanguage":"fr-BE","potentialAction":[{"@type":"ReadAction","target":["https:\/\/vieassociative.be\/actualites\/un-cycliste-senfuit-apres-un-accident-avec-un-cycliste-une-femme-agressee-dans-la-rue\/"]}]},{"@type":"ImageObject","inLanguage":"fr-BE","@id":"https:\/\/vieassociative.be\/actualites\/un-cycliste-senfuit-apres-un-accident-avec-un-cycliste-une-femme-agressee-dans-la-rue\/#primaryimage","url":"https:\/\/vieassociative.be\/actualites\/wp-content\/uploads\/2026\/03\/Kelmis-un-conducteur-rate-et-heurte-un-eleve-pilote.jpeg","contentUrl":"https:\/\/vieassociative.be\/actualites\/wp-content\/uploads\/2026\/03\/Kelmis-un-conducteur-rate-et-heurte-un-eleve-pilote.jpeg","width":1200,"height":800,"caption":"Kelmis\u00a0: un conducteur rate et heurte un \u00e9l\u00e8ve-pilote"},{"@type":"BreadcrumbList","@id":"https:\/\/vieassociative.be\/actualites\/un-cycliste-senfuit-apres-un-accident-avec-un-cycliste-une-femme-agressee-dans-la-rue\/#breadcrumb","itemListElement":[{"@type":"ListItem","position":1,"name":"Accueil","item":"https:\/\/vieassociative.be\/actualites\/"},{"@type":"ListItem","position":2,"name":"Un cycliste s&rsquo;enfuit apr\u00e8s un accident avec un cycliste &#8211; une femme agress\u00e9e dans la rue"}]},{"@type":"WebSite","@id":"https:\/\/vieassociative.be\/actualites\/#website","url":"https:\/\/vieassociative.be\/actualites\/","name":"Vie Associative","description":"","publisher":{"@id":"https:\/\/vieassociative.be\/actualites\/#organization"},"potentialAction":[{"@type":"SearchAction","target":{"@type":"EntryPoint","urlTemplate":"https:\/\/vieassociative.be\/actualites\/?s={search_term_string}"},"query-input":{"@type":"PropertyValueSpecification","valueRequired":true,"valueName":"search_term_string"}}],"inLanguage":"fr-BE"},{"@type":"Organization","@id":"https:\/\/vieassociative.be\/actualites\/#organization","name":"Vie Associative","url":"https:\/\/vieassociative.be\/actualites\/","logo":{"@type":"ImageObject","inLanguage":"fr-BE","@id":"https:\/\/vieassociative.be\/actualites\/#\/schema\/logo\/image\/","url":"https:\/\/vieassociative.be\/actualites\/wp-content\/uploads\/2024\/09\/cropped-vieassociative_favicon.ico.png","contentUrl":"https:\/\/vieassociative.be\/actualites\/wp-content\/uploads\/2024\/09\/cropped-vieassociative_favicon.ico.png","width":512,"height":512,"caption":"Vie Associative"},"image":{"@id":"https:\/\/vieassociative.be\/actualites\/#\/schema\/logo\/image\/"}},{"@type":"Person","@id":"https:\/\/vieassociative.be\/actualites\/#\/schema\/person\/b87ac4f82f9d4e7b7cec7395b679edc4","name":"Julien","image":{"@type":"ImageObject","inLanguage":"fr-BE","@id":"https:\/\/vieassociative.be\/actualites\/#\/schema\/person\/image\/","url":"https:\/\/vieassociative.be\/actualites\/wp-content\/uploads\/2024\/09\/vie-associative-1-150x150.jpg","contentUrl":"https:\/\/vieassociative.be\/actualites\/wp-content\/uploads\/2024\/09\/vie-associative-1-150x150.jpg","caption":"Julien"},"description":"Je suis Julien, r\u00e9dacteur pour Vie Associative. Passionn\u00e9 par le monde associatif depuis plus de 10 ans, j'ai \u00e0 c\u0153ur de partager des histoires inspirantes et de mettre en lumi\u00e8re les initiatives locales. Mon objectif est de sensibiliser et d'encourager l'engagement communautaire \u00e0 travers mes articles.","sameAs":["https:\/\/vieassociative.be\/"]}]}},"_links":{"self":[{"href":"https:\/\/vieassociative.be\/actualites\/wp-json\/wp\/v2\/posts\/13650"}],"collection":[{"href":"https:\/\/vieassociative.be\/actualites\/wp-json\/wp\/v2\/posts"}],"about":[{"href":"https:\/\/vieassociative.be\/actualites\/wp-json\/wp\/v2\/types\/post"}],"author":[{"embeddable":true,"href":"https:\/\/vieassociative.be\/actualites\/wp-json\/wp\/v2\/users\/1"}],"replies":[{"embeddable":true,"href":"https:\/\/vieassociative.be\/actualites\/wp-json\/wp\/v2\/comments?post=13650"}],"version-history":[{"count":0,"href":"https:\/\/vieassociative.be\/actualites\/wp-json\/wp\/v2\/posts\/13650\/revisions"}],"wp:featuredmedia":[{"embeddable":true,"href":"https:\/\/vieassociative.be\/actualites\/wp-json\/wp\/v2\/media\/13106"}],"wp:attachment":[{"href":"https:\/\/vieassociative.be\/actualites\/wp-json\/wp\/v2\/media?parent=13650"}],"wp:term":[{"taxonomy":"category","embeddable":true,"href":"https:\/\/vieassociative.be\/actualites\/wp-json\/wp\/v2\/categories?post=13650"},{"taxonomy":"post_tag","embeddable":true,"href":"https:\/\/vieassociative.be\/actualites\/wp-json\/wp\/v2\/tags?post=13650"}],"curies":[{"name":"wp","href":"https:\/\/api.w.org\/{rel}","templated":true}]}}