{"id":13648,"date":"2026-05-01T04:17:39","date_gmt":"2026-05-01T02:17:39","guid":{"rendered":"https:\/\/vieassociative.be\/actualites\/voici-ce-que-nous-nous-attendons-a-voir-au-google-i-o-2026\/"},"modified":"2026-05-01T04:17:39","modified_gmt":"2026-05-01T02:17:39","slug":"voici-ce-que-nous-nous-attendons-a-voir-au-google-i-o-2026","status":"publish","type":"post","link":"https:\/\/vieassociative.be\/actualites\/voici-ce-que-nous-nous-attendons-a-voir-au-google-i-o-2026\/","title":{"rendered":"Voici ce que nous nous attendons \u00e0 voir au Google I\/O 2026"},"content":{"rendered":"<p>Google I\/O approche \u00e0 grands pas. La grande conf\u00e9rence des d\u00e9veloppeurs de Google d\u00e9butera le 19 mai et sera disponible en streaming en direct pour toute personne non invit\u00e9e \u00e0 la keynote en Californie. M\u00eame si vous n&rsquo;aurez probablement pas un aper\u00e7u des prochains produits Pixel de la soci\u00e9t\u00e9, cette pr\u00e9sentation contiendra de nombreuses annonces logicielles, m\u00eame si nous ne savons pas exactement ce que Google a dans sa manche.  <\/p>\n<p>L&rsquo;ann\u00e9e derni\u00e8re, l&rsquo;entreprise a fait un certain nombre d&rsquo;annonces int\u00e9ressantes. Nous avons eu un premier aper\u00e7u d&rsquo;Android XR, la plateforme de Google pour les lunettes intelligentes\u00a0; D\u00e9ploiement g\u00e9n\u00e9ral du mode AI pour la recherche, apr\u00e8s une premi\u00e8re p\u00e9riode b\u00eata\u00a0; D\u00e9ploiement officiel de Gemini Live sur iPhone\u00a0; Essayez-le, une fonctionnalit\u00e9 qui vous permet d&rsquo;essayer virtuellement des v\u00eatements\u00a0; et de nouveaux mod\u00e8les d&rsquo;IA dans la gamme de produits Google. Cette ann\u00e9e, il y aura probablement des annonces similaires, m\u00eame si les rumeurs sont plut\u00f4t minces. Cela dit, nous pouvons faire ici quelques suppositions \u00e9clair\u00e9es pour comprendre ce que Google pourrait planifier\u00a0:<\/p>\n<h2 id=\"google-will-almost-assuredly-reveal-more-ai-at-io\">Google r\u00e9v\u00e9lera presque assur\u00e9ment plus d&rsquo;IA lors des E\/S <\/h2>\n<p>Google, comme la plupart des entreprises technologiques, mise actuellement sur l\u2019IA. Cela ne changera pas avec I\/O 2026. En fait, attendez-vous \u00e0 voir de nombreuses nouvelles annonces en mati\u00e8re d&rsquo;IA, tant en termes de fonctionnalit\u00e9s que de performances. Gardez un \u0153il sur les mises \u00e0 jour des grands produits d&rsquo;IA de l&rsquo;entreprise, comme Veo (vid\u00e9o AI), Nano Banana (images AI), Lyria (musique AI) et Gemma (mod\u00e8les ouverts l\u00e9gers).  <\/p>\n<p>En parlant d&rsquo;IA, il y a de fortes chances que nous voyions une nouvelle version de Gemini lors de l&rsquo;\u00e9v\u00e9nement de cette ann\u00e9e. Gemini est l&rsquo;IA phare de Google, comprenant \u00e0 la fois son chatbot et ses mod\u00e8les d&rsquo;IA. Cela signifie probablement de nouveaux mod\u00e8les plus rapides et plus performants que les it\u00e9rations pr\u00e9c\u00e9dentes. Google a \u00e9t\u00e9 \u00e0 toute vitesse sur l&rsquo;actualit\u00e9 Gemini ces derniers temps, ajoutant la technologie \u00e0 Google Maps, int\u00e9grant Nano Banana dans le chatbot et changeant la fa\u00e7on dont il traite la sant\u00e9 mentale. Je m&rsquo;attends pleinement \u00e0 voir des mises \u00e0 jour majeures de Gemini lors de l&rsquo;I\/O 2026, m\u00eame si la rumeur est silencieuse sur les d\u00e9tails. <\/p>\n<h2 id=\"well-likely-see-some-android-17-details\">Nous verrons probablement quelques d\u00e9tails sur Android 17 <\/h2>\n<p>Google teste en version b\u00eata Android 17 depuis f\u00e9vrier, bien qu\u2019il s\u2019agisse jusqu\u2019\u00e0 pr\u00e9sent d\u2019une mise \u00e0 jour mineure. Cela ne veut pas dire que Google l\u00e9sine sur les nouvelles fonctionnalit\u00e9s : la mise \u00e0 jour inclut la possibilit\u00e9 de remapper les contr\u00f4leurs de jeu de mani\u00e8re native pour la premi\u00e8re fois sur Android, ainsi que la possibilit\u00e9 d&rsquo;ex\u00e9cuter des applications dans des \u00ab bulles \u00bb que vous pouvez minimiser \u00e0 l&rsquo;\u00e9cran jusqu&rsquo;\u00e0 ce que vous soyez pr\u00eat \u00e0 les utiliser. <\/p>\n<p>Fait int\u00e9ressant, la soci\u00e9t\u00e9 a d\u00e9cid\u00e9 de diviser la partie Android de l\u2019\u00e9v\u00e9nement de 2025 dans son propre discours, qu\u2019elle a appel\u00e9 \u00ab The Android Show \u00bb. Cela a permis \u00e0 Google de consacrer le discours d&rsquo;ouverture principal \u00e0 l&rsquo;IA. Pour l&rsquo;instant, il n&rsquo;est pas pr\u00e9vu d&rsquo;organiser un autre \u00ab\u00a0Android Show\u00a0\u00bb cette ann\u00e9e, je m&rsquo;attends donc \u00e0 ce que toute actualit\u00e9 sur Android 17 soit contenue dans l&rsquo;\u00e9v\u00e9nement principal.  <\/p>\n<h2 id=\"google-may-announce-android-xr-news-at-io\">Google pourrait annoncer des nouveaut\u00e9s sur Android XR lors de l&rsquo;I\/O <\/h2>\n<p>Google a annonc\u00e9 Android XR lors de l&rsquo;\u00e9v\u00e9nement I\/O de l&rsquo;ann\u00e9e derni\u00e8re. Le pitch s&rsquo;est concentr\u00e9 sur un HUD qui affiche des \u00e9l\u00e9ments Android dans votre vue, y compris des \u00e9l\u00e9ments tels que des messages et Google Maps. Cela inclut \u00e9galement l&rsquo;int\u00e9gration de Gemini Live, ce qui est logique. (A quoi servent les lunettes intelligentes sans un assistant capable de voir ce que vous voyez ?) \u00c0 l&rsquo;\u00e9poque, Google avait annonc\u00e9 un certain nombre de partenariats pour sa plateforme de lunettes intelligentes, notamment Warby Parker et Gentle Monster. Peut-\u00eatre que nous en apprendrons davantage sur certaines lunettes fonctionnant sous Android XR cette ann\u00e9e, ainsi qu&rsquo;un calendrier indiquant quand nous pourrons les acheter.<\/p>\n<p>Les lunettes intelligentes constituent un march\u00e9 \u00e9mergent, avec de plus en plus d\u2019entreprises et de produits entrant en sc\u00e8ne. Mais cette croissance s\u2019accompagne de pr\u00e9occupations l\u00e9gitimes en mati\u00e8re de s\u00e9curit\u00e9. Quand n\u2019importe qui peut acheter une paire de lunettes dot\u00e9e de subtiles cam\u00e9ras int\u00e9gr\u00e9es, comment cela s\u2019accorde-t-il avec un public qui ne veut peut-\u00eatre pas \u00eatre film\u00e9 \u00e0 tout moment, surtout \u00e0 son insu ? Certains ripostent d\u00e9j\u00e0 : cette application peut d\u00e9noncer les personnes qui portent des lunettes intelligentes, au cas o\u00f9 les montures elles-m\u00eames ne seraient pas \u00e9videntes. Nous devrons voir comment Google g\u00e8re la confidentialit\u00e9 et la s\u00e9curit\u00e9 avec Android XR, m\u00eame si l&rsquo;entreprise n&rsquo;est pas n\u00e9cessairement connue pour sa confidentialit\u00e9. <\/p>\n<h2 id=\"aluminum-os\">Syst\u00e8me d&rsquo;exploitation en aluminium<\/h2>\n<p>Google pourrait \u00e9galement profiter de l&rsquo;occasion pour parler d&rsquo;Aluminium OS, la mission de l&rsquo;entreprise de combiner Android et ChromeOS. L\u2019id\u00e9e est de concevoir une version d\u2019Android pour ordinateur de bureau, et pas simplement d\u2019\u00e9tendre Android pour qu\u2019il fonctionne sur des \u00e9crans plus grands. Je ne sais pas si Google partagera les d\u00e9veloppements d&rsquo;Aluminium OS lors de l&rsquo;I\/O 2026, mais s&rsquo;il y avait un \u00e9v\u00e9nement pour cela, ce serait celui-ci.  <\/p>\n","protected":false},"excerpt":{"rendered":"<p>Google I\/O approche \u00e0 grands pas. La grande conf\u00e9rence des d\u00e9veloppeurs de Google d\u00e9butera le 19 mai et sera disponible en streaming en direct pour<\/p>\n","protected":false},"author":1,"featured_media":13649,"comment_status":"","ping_status":"","sticky":false,"template":"","format":"standard","meta":{"footnotes":""},"categories":[10299],"tags":[10604,968,393,529,486],"class_list":["post-13648","post","type-post","status-publish","format-standard","has-post-thumbnail","hentry","category-ai","tag-attendons","tag-google","tag-nous","tag-voici","tag-voir","generate-columns","tablet-grid-50","mobile-grid-100","grid-parent","grid-33"],"yoast_head":"<!-- This site is optimized with the Yoast SEO plugin v24.0 - https:\/\/yoast.com\/wordpress\/plugins\/seo\/ -->\n<title>Voici ce que nous nous attendons \u00e0 voir au Google I\/O 2026 | Vie Associative<\/title>\n<meta name=\"robots\" content=\"index, follow, max-snippet:-1, max-image-preview:large, max-video-preview:-1\" \/>\n<link rel=\"canonical\" href=\"https:\/\/vieassociative.be\/actualites\/voici-ce-que-nous-nous-attendons-a-voir-au-google-i-o-2026\/\" \/>\n<meta property=\"og:locale\" content=\"fr_FR\" \/>\n<meta property=\"og:type\" content=\"article\" \/>\n<meta property=\"og:title\" content=\"Voici ce que nous nous attendons \u00e0 voir au Google I\/O 2026 | Vie Associative\" \/>\n<meta property=\"og:description\" content=\"Google I\/O approche \u00e0 grands pas. La grande conf\u00e9rence des d\u00e9veloppeurs de Google d\u00e9butera le 19 mai et sera disponible en streaming en direct pour\" \/>\n<meta property=\"og:url\" content=\"https:\/\/vieassociative.be\/actualites\/voici-ce-que-nous-nous-attendons-a-voir-au-google-i-o-2026\/\" \/>\n<meta property=\"og:site_name\" content=\"Vie Associative\" \/>\n<meta property=\"article:published_time\" content=\"2026-05-01T02:17:39+00:00\" \/>\n<meta property=\"og:image\" content=\"https:\/\/vieassociative.be\/actualites\/wp-content\/uploads\/2024\/09\/header_backgroundk-01-e1726694325946.png\" \/>\n\t<meta property=\"og:image:width\" content=\"279\" \/>\n\t<meta property=\"og:image:height\" content=\"92\" \/>\n\t<meta property=\"og:image:type\" content=\"image\/png\" \/>\n<meta name=\"author\" content=\"Julien\" \/>\n<meta name=\"twitter:card\" content=\"summary_large_image\" \/>\n<meta name=\"twitter:label1\" content=\"\u00c9crit par\" \/>\n\t<meta name=\"twitter:data1\" content=\"Julien\" \/>\n\t<meta name=\"twitter:label2\" content=\"Dur\u00e9e de lecture est.\" \/>\n\t<meta name=\"twitter:data2\" content=\"5 minutes\" \/>\n<script type=\"application\/ld+json\" class=\"yoast-schema-graph\">{\"@context\":\"https:\/\/schema.org\",\"@graph\":[{\"@type\":\"Article\",\"@id\":\"https:\/\/vieassociative.be\/actualites\/voici-ce-que-nous-nous-attendons-a-voir-au-google-i-o-2026\/#article\",\"isPartOf\":{\"@id\":\"https:\/\/vieassociative.be\/actualites\/voici-ce-que-nous-nous-attendons-a-voir-au-google-i-o-2026\/\"},\"author\":{\"name\":\"Julien\",\"@id\":\"https:\/\/vieassociative.be\/actualites\/#\/schema\/person\/b87ac4f82f9d4e7b7cec7395b679edc4\"},\"headline\":\"Voici ce que nous nous attendons \u00e0 voir au Google I\/O 2026\",\"datePublished\":\"2026-05-01T02:17:39+00:00\",\"dateModified\":\"2026-05-01T02:17:39+00:00\",\"mainEntityOfPage\":{\"@id\":\"https:\/\/vieassociative.be\/actualites\/voici-ce-que-nous-nous-attendons-a-voir-au-google-i-o-2026\/\"},\"wordCount\":961,\"publisher\":{\"@id\":\"https:\/\/vieassociative.be\/actualites\/#organization\"},\"image\":{\"@id\":\"https:\/\/vieassociative.be\/actualites\/voici-ce-que-nous-nous-attendons-a-voir-au-google-i-o-2026\/#primaryimage\"},\"thumbnailUrl\":\"https:\/\/vieassociative.be\/actualites\/wp-content\/uploads\/2026\/05\/Voici-ce-que-nous-nous-attendons-a-voir-au-Google.jpg\",\"keywords\":[\"attendons\",\"Google\",\"nous\",\"Voici\",\"voir\"],\"articleSection\":[\"AI\"],\"inLanguage\":\"fr-BE\"},{\"@type\":\"WebPage\",\"@id\":\"https:\/\/vieassociative.be\/actualites\/voici-ce-que-nous-nous-attendons-a-voir-au-google-i-o-2026\/\",\"url\":\"https:\/\/vieassociative.be\/actualites\/voici-ce-que-nous-nous-attendons-a-voir-au-google-i-o-2026\/\",\"name\":\"Voici ce que nous nous attendons \u00e0 voir au Google I\/O 2026 | Vie Associative\",\"isPartOf\":{\"@id\":\"https:\/\/vieassociative.be\/actualites\/#website\"},\"primaryImageOfPage\":{\"@id\":\"https:\/\/vieassociative.be\/actualites\/voici-ce-que-nous-nous-attendons-a-voir-au-google-i-o-2026\/#primaryimage\"},\"image\":{\"@id\":\"https:\/\/vieassociative.be\/actualites\/voici-ce-que-nous-nous-attendons-a-voir-au-google-i-o-2026\/#primaryimage\"},\"thumbnailUrl\":\"https:\/\/vieassociative.be\/actualites\/wp-content\/uploads\/2026\/05\/Voici-ce-que-nous-nous-attendons-a-voir-au-Google.jpg\",\"datePublished\":\"2026-05-01T02:17:39+00:00\",\"dateModified\":\"2026-05-01T02:17:39+00:00\",\"breadcrumb\":{\"@id\":\"https:\/\/vieassociative.be\/actualites\/voici-ce-que-nous-nous-attendons-a-voir-au-google-i-o-2026\/#breadcrumb\"},\"inLanguage\":\"fr-BE\",\"potentialAction\":[{\"@type\":\"ReadAction\",\"target\":[\"https:\/\/vieassociative.be\/actualites\/voici-ce-que-nous-nous-attendons-a-voir-au-google-i-o-2026\/\"]}]},{\"@type\":\"ImageObject\",\"inLanguage\":\"fr-BE\",\"@id\":\"https:\/\/vieassociative.be\/actualites\/voici-ce-que-nous-nous-attendons-a-voir-au-google-i-o-2026\/#primaryimage\",\"url\":\"https:\/\/vieassociative.be\/actualites\/wp-content\/uploads\/2026\/05\/Voici-ce-que-nous-nous-attendons-a-voir-au-Google.jpg\",\"contentUrl\":\"https:\/\/vieassociative.be\/actualites\/wp-content\/uploads\/2026\/05\/Voici-ce-que-nous-nous-attendons-a-voir-au-Google.jpg\",\"width\":1200,\"height\":675,\"caption\":\"Voici ce que nous nous attendons \u00e0 voir au Google I\/O 2026\"},{\"@type\":\"BreadcrumbList\",\"@id\":\"https:\/\/vieassociative.be\/actualites\/voici-ce-que-nous-nous-attendons-a-voir-au-google-i-o-2026\/#breadcrumb\",\"itemListElement\":[{\"@type\":\"ListItem\",\"position\":1,\"name\":\"Accueil\",\"item\":\"https:\/\/vieassociative.be\/actualites\/\"},{\"@type\":\"ListItem\",\"position\":2,\"name\":\"Voici ce que nous nous attendons \u00e0 voir au Google I\/O 2026\"}]},{\"@type\":\"WebSite\",\"@id\":\"https:\/\/vieassociative.be\/actualites\/#website\",\"url\":\"https:\/\/vieassociative.be\/actualites\/\",\"name\":\"Vie Associative\",\"description\":\"\",\"publisher\":{\"@id\":\"https:\/\/vieassociative.be\/actualites\/#organization\"},\"potentialAction\":[{\"@type\":\"SearchAction\",\"target\":{\"@type\":\"EntryPoint\",\"urlTemplate\":\"https:\/\/vieassociative.be\/actualites\/?s={search_term_string}\"},\"query-input\":{\"@type\":\"PropertyValueSpecification\",\"valueRequired\":true,\"valueName\":\"search_term_string\"}}],\"inLanguage\":\"fr-BE\"},{\"@type\":\"Organization\",\"@id\":\"https:\/\/vieassociative.be\/actualites\/#organization\",\"name\":\"Vie Associative\",\"url\":\"https:\/\/vieassociative.be\/actualites\/\",\"logo\":{\"@type\":\"ImageObject\",\"inLanguage\":\"fr-BE\",\"@id\":\"https:\/\/vieassociative.be\/actualites\/#\/schema\/logo\/image\/\",\"url\":\"https:\/\/vieassociative.be\/actualites\/wp-content\/uploads\/2024\/09\/cropped-vieassociative_favicon.ico.png\",\"contentUrl\":\"https:\/\/vieassociative.be\/actualites\/wp-content\/uploads\/2024\/09\/cropped-vieassociative_favicon.ico.png\",\"width\":512,\"height\":512,\"caption\":\"Vie Associative\"},\"image\":{\"@id\":\"https:\/\/vieassociative.be\/actualites\/#\/schema\/logo\/image\/\"}},{\"@type\":\"Person\",\"@id\":\"https:\/\/vieassociative.be\/actualites\/#\/schema\/person\/b87ac4f82f9d4e7b7cec7395b679edc4\",\"name\":\"Julien\",\"image\":{\"@type\":\"ImageObject\",\"inLanguage\":\"fr-BE\",\"@id\":\"https:\/\/vieassociative.be\/actualites\/#\/schema\/person\/image\/\",\"url\":\"https:\/\/vieassociative.be\/actualites\/wp-content\/uploads\/2024\/09\/vie-associative-1-150x150.jpg\",\"contentUrl\":\"https:\/\/vieassociative.be\/actualites\/wp-content\/uploads\/2024\/09\/vie-associative-1-150x150.jpg\",\"caption\":\"Julien\"},\"description\":\"Je suis Julien, r\u00e9dacteur pour Vie Associative. Passionn\u00e9 par le monde associatif depuis plus de 10 ans, j'ai \u00e0 c\u0153ur de partager des histoires inspirantes et de mettre en lumi\u00e8re les initiatives locales. Mon objectif est de sensibiliser et d'encourager l'engagement communautaire \u00e0 travers mes articles.\",\"sameAs\":[\"https:\/\/vieassociative.be\/\"]}]}<\/script>\n<!-- \/ Yoast SEO plugin. -->","yoast_head_json":{"title":"Voici ce que nous nous attendons \u00e0 voir au Google I\/O 2026 | Vie Associative","robots":{"index":"index","follow":"follow","max-snippet":"max-snippet:-1","max-image-preview":"max-image-preview:large","max-video-preview":"max-video-preview:-1"},"canonical":"https:\/\/vieassociative.be\/actualites\/voici-ce-que-nous-nous-attendons-a-voir-au-google-i-o-2026\/","og_locale":"fr_FR","og_type":"article","og_title":"Voici ce que nous nous attendons \u00e0 voir au Google I\/O 2026 | Vie Associative","og_description":"Google I\/O approche \u00e0 grands pas. La grande conf\u00e9rence des d\u00e9veloppeurs de Google d\u00e9butera le 19 mai et sera disponible en streaming en direct pour","og_url":"https:\/\/vieassociative.be\/actualites\/voici-ce-que-nous-nous-attendons-a-voir-au-google-i-o-2026\/","og_site_name":"Vie Associative","article_published_time":"2026-05-01T02:17:39+00:00","og_image":[{"width":279,"height":92,"url":"https:\/\/vieassociative.be\/actualites\/wp-content\/uploads\/2024\/09\/header_backgroundk-01-e1726694325946.png","type":"image\/png"}],"author":"Julien","twitter_card":"summary_large_image","twitter_misc":{"\u00c9crit par":"Julien","Dur\u00e9e de lecture est.":"5 minutes"},"schema":{"@context":"https:\/\/schema.org","@graph":[{"@type":"Article","@id":"https:\/\/vieassociative.be\/actualites\/voici-ce-que-nous-nous-attendons-a-voir-au-google-i-o-2026\/#article","isPartOf":{"@id":"https:\/\/vieassociative.be\/actualites\/voici-ce-que-nous-nous-attendons-a-voir-au-google-i-o-2026\/"},"author":{"name":"Julien","@id":"https:\/\/vieassociative.be\/actualites\/#\/schema\/person\/b87ac4f82f9d4e7b7cec7395b679edc4"},"headline":"Voici ce que nous nous attendons \u00e0 voir au Google I\/O 2026","datePublished":"2026-05-01T02:17:39+00:00","dateModified":"2026-05-01T02:17:39+00:00","mainEntityOfPage":{"@id":"https:\/\/vieassociative.be\/actualites\/voici-ce-que-nous-nous-attendons-a-voir-au-google-i-o-2026\/"},"wordCount":961,"publisher":{"@id":"https:\/\/vieassociative.be\/actualites\/#organization"},"image":{"@id":"https:\/\/vieassociative.be\/actualites\/voici-ce-que-nous-nous-attendons-a-voir-au-google-i-o-2026\/#primaryimage"},"thumbnailUrl":"https:\/\/vieassociative.be\/actualites\/wp-content\/uploads\/2026\/05\/Voici-ce-que-nous-nous-attendons-a-voir-au-Google.jpg","keywords":["attendons","Google","nous","Voici","voir"],"articleSection":["AI"],"inLanguage":"fr-BE"},{"@type":"WebPage","@id":"https:\/\/vieassociative.be\/actualites\/voici-ce-que-nous-nous-attendons-a-voir-au-google-i-o-2026\/","url":"https:\/\/vieassociative.be\/actualites\/voici-ce-que-nous-nous-attendons-a-voir-au-google-i-o-2026\/","name":"Voici ce que nous nous attendons \u00e0 voir au Google I\/O 2026 | Vie Associative","isPartOf":{"@id":"https:\/\/vieassociative.be\/actualites\/#website"},"primaryImageOfPage":{"@id":"https:\/\/vieassociative.be\/actualites\/voici-ce-que-nous-nous-attendons-a-voir-au-google-i-o-2026\/#primaryimage"},"image":{"@id":"https:\/\/vieassociative.be\/actualites\/voici-ce-que-nous-nous-attendons-a-voir-au-google-i-o-2026\/#primaryimage"},"thumbnailUrl":"https:\/\/vieassociative.be\/actualites\/wp-content\/uploads\/2026\/05\/Voici-ce-que-nous-nous-attendons-a-voir-au-Google.jpg","datePublished":"2026-05-01T02:17:39+00:00","dateModified":"2026-05-01T02:17:39+00:00","breadcrumb":{"@id":"https:\/\/vieassociative.be\/actualites\/voici-ce-que-nous-nous-attendons-a-voir-au-google-i-o-2026\/#breadcrumb"},"inLanguage":"fr-BE","potentialAction":[{"@type":"ReadAction","target":["https:\/\/vieassociative.be\/actualites\/voici-ce-que-nous-nous-attendons-a-voir-au-google-i-o-2026\/"]}]},{"@type":"ImageObject","inLanguage":"fr-BE","@id":"https:\/\/vieassociative.be\/actualites\/voici-ce-que-nous-nous-attendons-a-voir-au-google-i-o-2026\/#primaryimage","url":"https:\/\/vieassociative.be\/actualites\/wp-content\/uploads\/2026\/05\/Voici-ce-que-nous-nous-attendons-a-voir-au-Google.jpg","contentUrl":"https:\/\/vieassociative.be\/actualites\/wp-content\/uploads\/2026\/05\/Voici-ce-que-nous-nous-attendons-a-voir-au-Google.jpg","width":1200,"height":675,"caption":"Voici ce que nous nous attendons \u00e0 voir au Google I\/O 2026"},{"@type":"BreadcrumbList","@id":"https:\/\/vieassociative.be\/actualites\/voici-ce-que-nous-nous-attendons-a-voir-au-google-i-o-2026\/#breadcrumb","itemListElement":[{"@type":"ListItem","position":1,"name":"Accueil","item":"https:\/\/vieassociative.be\/actualites\/"},{"@type":"ListItem","position":2,"name":"Voici ce que nous nous attendons \u00e0 voir au Google I\/O 2026"}]},{"@type":"WebSite","@id":"https:\/\/vieassociative.be\/actualites\/#website","url":"https:\/\/vieassociative.be\/actualites\/","name":"Vie Associative","description":"","publisher":{"@id":"https:\/\/vieassociative.be\/actualites\/#organization"},"potentialAction":[{"@type":"SearchAction","target":{"@type":"EntryPoint","urlTemplate":"https:\/\/vieassociative.be\/actualites\/?s={search_term_string}"},"query-input":{"@type":"PropertyValueSpecification","valueRequired":true,"valueName":"search_term_string"}}],"inLanguage":"fr-BE"},{"@type":"Organization","@id":"https:\/\/vieassociative.be\/actualites\/#organization","name":"Vie Associative","url":"https:\/\/vieassociative.be\/actualites\/","logo":{"@type":"ImageObject","inLanguage":"fr-BE","@id":"https:\/\/vieassociative.be\/actualites\/#\/schema\/logo\/image\/","url":"https:\/\/vieassociative.be\/actualites\/wp-content\/uploads\/2024\/09\/cropped-vieassociative_favicon.ico.png","contentUrl":"https:\/\/vieassociative.be\/actualites\/wp-content\/uploads\/2024\/09\/cropped-vieassociative_favicon.ico.png","width":512,"height":512,"caption":"Vie Associative"},"image":{"@id":"https:\/\/vieassociative.be\/actualites\/#\/schema\/logo\/image\/"}},{"@type":"Person","@id":"https:\/\/vieassociative.be\/actualites\/#\/schema\/person\/b87ac4f82f9d4e7b7cec7395b679edc4","name":"Julien","image":{"@type":"ImageObject","inLanguage":"fr-BE","@id":"https:\/\/vieassociative.be\/actualites\/#\/schema\/person\/image\/","url":"https:\/\/vieassociative.be\/actualites\/wp-content\/uploads\/2024\/09\/vie-associative-1-150x150.jpg","contentUrl":"https:\/\/vieassociative.be\/actualites\/wp-content\/uploads\/2024\/09\/vie-associative-1-150x150.jpg","caption":"Julien"},"description":"Je suis Julien, r\u00e9dacteur pour Vie Associative. Passionn\u00e9 par le monde associatif depuis plus de 10 ans, j'ai \u00e0 c\u0153ur de partager des histoires inspirantes et de mettre en lumi\u00e8re les initiatives locales. Mon objectif est de sensibiliser et d'encourager l'engagement communautaire \u00e0 travers mes articles.","sameAs":["https:\/\/vieassociative.be\/"]}]}},"_links":{"self":[{"href":"https:\/\/vieassociative.be\/actualites\/wp-json\/wp\/v2\/posts\/13648"}],"collection":[{"href":"https:\/\/vieassociative.be\/actualites\/wp-json\/wp\/v2\/posts"}],"about":[{"href":"https:\/\/vieassociative.be\/actualites\/wp-json\/wp\/v2\/types\/post"}],"author":[{"embeddable":true,"href":"https:\/\/vieassociative.be\/actualites\/wp-json\/wp\/v2\/users\/1"}],"replies":[{"embeddable":true,"href":"https:\/\/vieassociative.be\/actualites\/wp-json\/wp\/v2\/comments?post=13648"}],"version-history":[{"count":0,"href":"https:\/\/vieassociative.be\/actualites\/wp-json\/wp\/v2\/posts\/13648\/revisions"}],"wp:featuredmedia":[{"embeddable":true,"href":"https:\/\/vieassociative.be\/actualites\/wp-json\/wp\/v2\/media\/13649"}],"wp:attachment":[{"href":"https:\/\/vieassociative.be\/actualites\/wp-json\/wp\/v2\/media?parent=13648"}],"wp:term":[{"taxonomy":"category","embeddable":true,"href":"https:\/\/vieassociative.be\/actualites\/wp-json\/wp\/v2\/categories?post=13648"},{"taxonomy":"post_tag","embeddable":true,"href":"https:\/\/vieassociative.be\/actualites\/wp-json\/wp\/v2\/tags?post=13648"}],"curies":[{"name":"wp","href":"https:\/\/api.w.org\/{rel}","templated":true}]}}