{"id":13646,"date":"2026-04-30T23:17:32","date_gmt":"2026-04-30T21:17:32","guid":{"rendered":"https:\/\/vieassociative.be\/actualites\/lago-eupen-wetzlarbad-demarre-la-saison-des-piscines-exterieures-le-vendredi-1er-mai-critiques-sur-les-nouveaux-horaires-douverture\/"},"modified":"2026-04-30T23:17:32","modified_gmt":"2026-04-30T21:17:32","slug":"lago-eupen-wetzlarbad-demarre-la-saison-des-piscines-exterieures-le-vendredi-1er-mai-critiques-sur-les-nouveaux-horaires-douverture","status":"publish","type":"post","link":"https:\/\/vieassociative.be\/actualites\/lago-eupen-wetzlarbad-demarre-la-saison-des-piscines-exterieures-le-vendredi-1er-mai-critiques-sur-les-nouveaux-horaires-douverture\/","title":{"rendered":"LAGO Eupen Wetzlarbad d\u00e9marre la saison des piscines ext\u00e9rieures le vendredi 1er mai &#8211; critiques sur les nouveaux horaires d&rsquo;ouverture"},"content":{"rendered":"<p><strong>Ce vendredi 1er mai 2026, le LAGO Eupen Wetzlarbad d\u00e9marre la saison de baignade en plein air. Les nouveaux horaires d\u2019ouverture, cens\u00e9s apporter \u00ab plus de clart\u00e9 et de fiabilit\u00e9 \u00bb, suscitent d\u00e9j\u00e0 des critiques.<\/strong><\/p>\n<p><span id=\"more-438711\"><\/span>\u00c0 l&rsquo;avenir, l&rsquo;espace ext\u00e9rieur du Wetzlarbad dans le quartier de la H\u00fctte \u00e0 Eupen sera ouvert tous les mercredis, samedis et dimanches de 14h00 \u00e0 17h00. \u00e0 16 heures <\/p>\n<p>Le directeur du centre, Bertrand Thieffry, a expliqu\u00e9 au Grenz-Echo : \u00ab\u00a0Nous avons d\u00e9cid\u00e9 d&rsquo;une r\u00e8gle fixe d&rsquo;ouverture de l&rsquo;espace ext\u00e9rieur au moins deux heures trois jours par semaine. Tout le reste d\u00e9pend de la m\u00e9t\u00e9o et du personnel en pr\u00e9-saison et est souvent d\u00e9cid\u00e9 \u00e0 court terme. Cette flexibilit\u00e9 nous aide \u00e0 mieux r\u00e9agir aux conditions changeantes.\u00a0\u00bb<\/p>\n<div id=\"attachment_233210\" class=\"wp-caption alignleft\" style=\"max-width: 300px\"><img fetchpriority=\"high\" decoding=\"async\" class=\"wp-image-233210 size-medium\" src=\"https:\/\/vieassociative.be\/actualites\/wp-content\/uploads\/2026\/04\/LAGO-Eupen-Wetzlarbad-demarre-la-saison-des-piscines-exterieures-le.jpeg\" alt=\"\" width=\"300\" height=\"200\"  ><\/div>\n<p>Les horaires d&rsquo;ouverture de la piscine ext\u00e9rieure du Wetzlarbad sont \u00ab\u00a0plus que risibles\u00a0\u00bb, s&rsquo;est plaint par e-mail un lecteur d&rsquo;OD, ajoutant : \u00ab\u00a0En outre, les horaires devraient \u00eatre prolong\u00e9s de mani\u00e8re flexible lorsqu&rsquo;il fait beau et qu&rsquo;il y a suffisamment de personnel (ce qui est certainement tr\u00e8s rare)&#8230; Quelle accusation pour tant d&rsquo;argent et de soutien financier !\u00a0\u00bb<\/p>\n<p>Quand la m\u00e9t\u00e9o est-elle suffisamment cl\u00e9mente pour justifier des heures d\u2019ouverture plus longues ? \u00ab\u00a0En principe, nous nous sommes orient\u00e9s vers la barre des 20 degr\u00e9s\u00a0\u00bb, a d\u00e9clar\u00e9 Thieffry dans le Grenz-Echo : \u00ab\u00a0Mais cela a conduit \u00e0 des malentendus dans le pass\u00e9 car les temp\u00e9ratures peuvent varier localement. C&rsquo;est pourquoi nous avons d\u00e9cid\u00e9 d&rsquo;une r\u00e8gle fixe d&rsquo;ouverture de l&rsquo;espace ext\u00e9rieur au moins deux heures, trois jours par semaine. Tout le reste d\u00e9pend de la m\u00e9t\u00e9o et du personnel en pr\u00e9-saison et est souvent d\u00e9cid\u00e9 \u00e0 court terme.\u00a0\u00bb<\/p>\n<p>Certains se demandent in\u00e9vitablement : ne serait-il pas plus clair et plus facile de fermer compl\u00e8tement l&rsquo;espace ext\u00e9rieur en cas de mauvais temps ou de manque de personnel, au lieu de le garder ouvert \u00e0 partir de 14 heures. \u00e0 16 heures en principe trois jours par semaine, m\u00eame si personne ne vient, mais en annon\u00e7ant chaque matin sur le site Internet de LAGO Eupen Wetzlarbad quand et quand la piscine ext\u00e9rieure est accessible ce jour-l\u00e0 ? (cr\u00e9er)<\/p>\n<p><em><strong>Plus d&rsquo;informations sur <u>https:\/\/www.lago.be\/de\/eupen<\/u><\/strong><\/em><\/p>\n","protected":false},"excerpt":{"rendered":"<p>Ce vendredi 1er mai 2026, le LAGO Eupen Wetzlarbad d\u00e9marre la saison de baignade en plein air. Les nouveaux horaires d\u2019ouverture, cens\u00e9s apporter \u00ab plus<\/p>\n","protected":false},"author":1,"featured_media":13647,"comment_status":"","ping_status":"","sticky":false,"template":"","format":"standard","meta":{"footnotes":""},"categories":[298],"tags":[1146,2510,3538,29,8271,2329,3520,619,5099,14,3160,2052,10603,690,33,252,4722],"class_list":["post-13646","post","type-post","status-publish","format-standard","has-post-thumbnail","hentry","category-belgique","tag-1er","tag-critiques","tag-demarre","tag-des","tag-douverture","tag-eupen","tag-exterieures","tag-horaires","tag-lago","tag-les","tag-mai","tag-nouveaux","tag-piscines","tag-saison","tag-sur","tag-vendredi","tag-wetzlarbad","generate-columns","tablet-grid-50","mobile-grid-100","grid-parent","grid-33"],"yoast_head":"<!-- This site is optimized with the Yoast SEO plugin v24.0 - https:\/\/yoast.com\/wordpress\/plugins\/seo\/ -->\n<title>LAGO Eupen Wetzlarbad d\u00e9marre la saison des piscines ext\u00e9rieures le vendredi 1er mai - critiques sur les nouveaux horaires d&#039;ouverture | Vie Associative<\/title>\n<meta name=\"robots\" content=\"index, follow, max-snippet:-1, max-image-preview:large, max-video-preview:-1\" \/>\n<link rel=\"canonical\" href=\"https:\/\/vieassociative.be\/actualites\/lago-eupen-wetzlarbad-demarre-la-saison-des-piscines-exterieures-le-vendredi-1er-mai-critiques-sur-les-nouveaux-horaires-douverture\/\" \/>\n<meta property=\"og:locale\" content=\"fr_FR\" \/>\n<meta property=\"og:type\" content=\"article\" \/>\n<meta property=\"og:title\" content=\"LAGO Eupen Wetzlarbad d\u00e9marre la saison des piscines ext\u00e9rieures le vendredi 1er mai - critiques sur les nouveaux horaires d&#039;ouverture | Vie Associative\" \/>\n<meta property=\"og:description\" content=\"Ce vendredi 1er mai 2026, le LAGO Eupen Wetzlarbad d\u00e9marre la saison de baignade en plein air. Les nouveaux horaires d\u2019ouverture, cens\u00e9s apporter \u00ab plus\" \/>\n<meta property=\"og:url\" content=\"https:\/\/vieassociative.be\/actualites\/lago-eupen-wetzlarbad-demarre-la-saison-des-piscines-exterieures-le-vendredi-1er-mai-critiques-sur-les-nouveaux-horaires-douverture\/\" \/>\n<meta property=\"og:site_name\" content=\"Vie Associative\" \/>\n<meta property=\"article:published_time\" content=\"2026-04-30T21:17:32+00:00\" \/>\n<meta property=\"og:image\" content=\"https:\/\/vieassociative.be\/actualites\/wp-content\/uploads\/2024\/09\/header_backgroundk-01-e1726694325946.png\" \/>\n\t<meta property=\"og:image:width\" content=\"279\" \/>\n\t<meta property=\"og:image:height\" content=\"92\" \/>\n\t<meta property=\"og:image:type\" content=\"image\/png\" \/>\n<meta name=\"author\" content=\"Julien\" \/>\n<meta name=\"twitter:card\" content=\"summary_large_image\" \/>\n<meta name=\"twitter:label1\" content=\"\u00c9crit par\" \/>\n\t<meta name=\"twitter:data1\" content=\"Julien\" \/>\n\t<meta name=\"twitter:label2\" content=\"Dur\u00e9e de lecture est.\" \/>\n\t<meta name=\"twitter:data2\" content=\"2 minutes\" \/>\n<script type=\"application\/ld+json\" class=\"yoast-schema-graph\">{\"@context\":\"https:\/\/schema.org\",\"@graph\":[{\"@type\":\"Article\",\"@id\":\"https:\/\/vieassociative.be\/actualites\/lago-eupen-wetzlarbad-demarre-la-saison-des-piscines-exterieures-le-vendredi-1er-mai-critiques-sur-les-nouveaux-horaires-douverture\/#article\",\"isPartOf\":{\"@id\":\"https:\/\/vieassociative.be\/actualites\/lago-eupen-wetzlarbad-demarre-la-saison-des-piscines-exterieures-le-vendredi-1er-mai-critiques-sur-les-nouveaux-horaires-douverture\/\"},\"author\":{\"name\":\"Julien\",\"@id\":\"https:\/\/vieassociative.be\/actualites\/#\/schema\/person\/b87ac4f82f9d4e7b7cec7395b679edc4\"},\"headline\":\"LAGO Eupen Wetzlarbad d\u00e9marre la saison des piscines ext\u00e9rieures le vendredi 1er mai &#8211; critiques sur les nouveaux horaires d&rsquo;ouverture\",\"datePublished\":\"2026-04-30T21:17:32+00:00\",\"dateModified\":\"2026-04-30T21:17:32+00:00\",\"mainEntityOfPage\":{\"@id\":\"https:\/\/vieassociative.be\/actualites\/lago-eupen-wetzlarbad-demarre-la-saison-des-piscines-exterieures-le-vendredi-1er-mai-critiques-sur-les-nouveaux-horaires-douverture\/\"},\"wordCount\":413,\"publisher\":{\"@id\":\"https:\/\/vieassociative.be\/actualites\/#organization\"},\"image\":{\"@id\":\"https:\/\/vieassociative.be\/actualites\/lago-eupen-wetzlarbad-demarre-la-saison-des-piscines-exterieures-le-vendredi-1er-mai-critiques-sur-les-nouveaux-horaires-douverture\/#primaryimage\"},\"thumbnailUrl\":\"https:\/\/vieassociative.be\/actualites\/wp-content\/uploads\/2026\/04\/LAGO-Eupen-Wetzlarbad-demarre-la-saison-des-piscines-exterieures-le.jpg\",\"keywords\":[\"1er\",\"critiques\",\"d\u00e9marre\",\"Des\",\"douverture\",\"Eupen\",\"ext\u00e9rieures\",\"Horaires\",\"Lago\",\"Les\",\"mai\",\"nouveaux\",\"piscines\",\"Saison\",\"sur\",\"vendredi\",\"Wetzlarbad\"],\"articleSection\":[\"Belgique\"],\"inLanguage\":\"fr-BE\"},{\"@type\":\"WebPage\",\"@id\":\"https:\/\/vieassociative.be\/actualites\/lago-eupen-wetzlarbad-demarre-la-saison-des-piscines-exterieures-le-vendredi-1er-mai-critiques-sur-les-nouveaux-horaires-douverture\/\",\"url\":\"https:\/\/vieassociative.be\/actualites\/lago-eupen-wetzlarbad-demarre-la-saison-des-piscines-exterieures-le-vendredi-1er-mai-critiques-sur-les-nouveaux-horaires-douverture\/\",\"name\":\"LAGO Eupen Wetzlarbad d\u00e9marre la saison des piscines ext\u00e9rieures le vendredi 1er mai - critiques sur les nouveaux horaires d'ouverture | Vie Associative\",\"isPartOf\":{\"@id\":\"https:\/\/vieassociative.be\/actualites\/#website\"},\"primaryImageOfPage\":{\"@id\":\"https:\/\/vieassociative.be\/actualites\/lago-eupen-wetzlarbad-demarre-la-saison-des-piscines-exterieures-le-vendredi-1er-mai-critiques-sur-les-nouveaux-horaires-douverture\/#primaryimage\"},\"image\":{\"@id\":\"https:\/\/vieassociative.be\/actualites\/lago-eupen-wetzlarbad-demarre-la-saison-des-piscines-exterieures-le-vendredi-1er-mai-critiques-sur-les-nouveaux-horaires-douverture\/#primaryimage\"},\"thumbnailUrl\":\"https:\/\/vieassociative.be\/actualites\/wp-content\/uploads\/2026\/04\/LAGO-Eupen-Wetzlarbad-demarre-la-saison-des-piscines-exterieures-le.jpg\",\"datePublished\":\"2026-04-30T21:17:32+00:00\",\"dateModified\":\"2026-04-30T21:17:32+00:00\",\"breadcrumb\":{\"@id\":\"https:\/\/vieassociative.be\/actualites\/lago-eupen-wetzlarbad-demarre-la-saison-des-piscines-exterieures-le-vendredi-1er-mai-critiques-sur-les-nouveaux-horaires-douverture\/#breadcrumb\"},\"inLanguage\":\"fr-BE\",\"potentialAction\":[{\"@type\":\"ReadAction\",\"target\":[\"https:\/\/vieassociative.be\/actualites\/lago-eupen-wetzlarbad-demarre-la-saison-des-piscines-exterieures-le-vendredi-1er-mai-critiques-sur-les-nouveaux-horaires-douverture\/\"]}]},{\"@type\":\"ImageObject\",\"inLanguage\":\"fr-BE\",\"@id\":\"https:\/\/vieassociative.be\/actualites\/lago-eupen-wetzlarbad-demarre-la-saison-des-piscines-exterieures-le-vendredi-1er-mai-critiques-sur-les-nouveaux-horaires-douverture\/#primaryimage\",\"url\":\"https:\/\/vieassociative.be\/actualites\/wp-content\/uploads\/2026\/04\/LAGO-Eupen-Wetzlarbad-demarre-la-saison-des-piscines-exterieures-le.jpg\",\"contentUrl\":\"https:\/\/vieassociative.be\/actualites\/wp-content\/uploads\/2026\/04\/LAGO-Eupen-Wetzlarbad-demarre-la-saison-des-piscines-exterieures-le.jpg\",\"width\":1200,\"height\":802,\"caption\":\"LAGO Eupen Wetzlarbad d\u00e9marre la saison des piscines ext\u00e9rieures le vendredi 1er mai - critiques sur les nouveaux horaires d'ouverture\"},{\"@type\":\"BreadcrumbList\",\"@id\":\"https:\/\/vieassociative.be\/actualites\/lago-eupen-wetzlarbad-demarre-la-saison-des-piscines-exterieures-le-vendredi-1er-mai-critiques-sur-les-nouveaux-horaires-douverture\/#breadcrumb\",\"itemListElement\":[{\"@type\":\"ListItem\",\"position\":1,\"name\":\"Accueil\",\"item\":\"https:\/\/vieassociative.be\/actualites\/\"},{\"@type\":\"ListItem\",\"position\":2,\"name\":\"LAGO Eupen Wetzlarbad d\u00e9marre la saison des piscines ext\u00e9rieures le vendredi 1er mai &#8211; critiques sur les nouveaux horaires d&rsquo;ouverture\"}]},{\"@type\":\"WebSite\",\"@id\":\"https:\/\/vieassociative.be\/actualites\/#website\",\"url\":\"https:\/\/vieassociative.be\/actualites\/\",\"name\":\"Vie Associative\",\"description\":\"\",\"publisher\":{\"@id\":\"https:\/\/vieassociative.be\/actualites\/#organization\"},\"potentialAction\":[{\"@type\":\"SearchAction\",\"target\":{\"@type\":\"EntryPoint\",\"urlTemplate\":\"https:\/\/vieassociative.be\/actualites\/?s={search_term_string}\"},\"query-input\":{\"@type\":\"PropertyValueSpecification\",\"valueRequired\":true,\"valueName\":\"search_term_string\"}}],\"inLanguage\":\"fr-BE\"},{\"@type\":\"Organization\",\"@id\":\"https:\/\/vieassociative.be\/actualites\/#organization\",\"name\":\"Vie Associative\",\"url\":\"https:\/\/vieassociative.be\/actualites\/\",\"logo\":{\"@type\":\"ImageObject\",\"inLanguage\":\"fr-BE\",\"@id\":\"https:\/\/vieassociative.be\/actualites\/#\/schema\/logo\/image\/\",\"url\":\"https:\/\/vieassociative.be\/actualites\/wp-content\/uploads\/2024\/09\/cropped-vieassociative_favicon.ico.png\",\"contentUrl\":\"https:\/\/vieassociative.be\/actualites\/wp-content\/uploads\/2024\/09\/cropped-vieassociative_favicon.ico.png\",\"width\":512,\"height\":512,\"caption\":\"Vie Associative\"},\"image\":{\"@id\":\"https:\/\/vieassociative.be\/actualites\/#\/schema\/logo\/image\/\"}},{\"@type\":\"Person\",\"@id\":\"https:\/\/vieassociative.be\/actualites\/#\/schema\/person\/b87ac4f82f9d4e7b7cec7395b679edc4\",\"name\":\"Julien\",\"image\":{\"@type\":\"ImageObject\",\"inLanguage\":\"fr-BE\",\"@id\":\"https:\/\/vieassociative.be\/actualites\/#\/schema\/person\/image\/\",\"url\":\"https:\/\/vieassociative.be\/actualites\/wp-content\/uploads\/2024\/09\/vie-associative-1-150x150.jpg\",\"contentUrl\":\"https:\/\/vieassociative.be\/actualites\/wp-content\/uploads\/2024\/09\/vie-associative-1-150x150.jpg\",\"caption\":\"Julien\"},\"description\":\"Je suis Julien, r\u00e9dacteur pour Vie Associative. Passionn\u00e9 par le monde associatif depuis plus de 10 ans, j'ai \u00e0 c\u0153ur de partager des histoires inspirantes et de mettre en lumi\u00e8re les initiatives locales. Mon objectif est de sensibiliser et d'encourager l'engagement communautaire \u00e0 travers mes articles.\",\"sameAs\":[\"https:\/\/vieassociative.be\/\"]}]}<\/script>\n<!-- \/ Yoast SEO plugin. -->","yoast_head_json":{"title":"LAGO Eupen Wetzlarbad d\u00e9marre la saison des piscines ext\u00e9rieures le vendredi 1er mai - critiques sur les nouveaux horaires d'ouverture | Vie Associative","robots":{"index":"index","follow":"follow","max-snippet":"max-snippet:-1","max-image-preview":"max-image-preview:large","max-video-preview":"max-video-preview:-1"},"canonical":"https:\/\/vieassociative.be\/actualites\/lago-eupen-wetzlarbad-demarre-la-saison-des-piscines-exterieures-le-vendredi-1er-mai-critiques-sur-les-nouveaux-horaires-douverture\/","og_locale":"fr_FR","og_type":"article","og_title":"LAGO Eupen Wetzlarbad d\u00e9marre la saison des piscines ext\u00e9rieures le vendredi 1er mai - critiques sur les nouveaux horaires d'ouverture | Vie Associative","og_description":"Ce vendredi 1er mai 2026, le LAGO Eupen Wetzlarbad d\u00e9marre la saison de baignade en plein air. Les nouveaux horaires d\u2019ouverture, cens\u00e9s apporter \u00ab plus","og_url":"https:\/\/vieassociative.be\/actualites\/lago-eupen-wetzlarbad-demarre-la-saison-des-piscines-exterieures-le-vendredi-1er-mai-critiques-sur-les-nouveaux-horaires-douverture\/","og_site_name":"Vie Associative","article_published_time":"2026-04-30T21:17:32+00:00","og_image":[{"width":279,"height":92,"url":"https:\/\/vieassociative.be\/actualites\/wp-content\/uploads\/2024\/09\/header_backgroundk-01-e1726694325946.png","type":"image\/png"}],"author":"Julien","twitter_card":"summary_large_image","twitter_misc":{"\u00c9crit par":"Julien","Dur\u00e9e de lecture est.":"2 minutes"},"schema":{"@context":"https:\/\/schema.org","@graph":[{"@type":"Article","@id":"https:\/\/vieassociative.be\/actualites\/lago-eupen-wetzlarbad-demarre-la-saison-des-piscines-exterieures-le-vendredi-1er-mai-critiques-sur-les-nouveaux-horaires-douverture\/#article","isPartOf":{"@id":"https:\/\/vieassociative.be\/actualites\/lago-eupen-wetzlarbad-demarre-la-saison-des-piscines-exterieures-le-vendredi-1er-mai-critiques-sur-les-nouveaux-horaires-douverture\/"},"author":{"name":"Julien","@id":"https:\/\/vieassociative.be\/actualites\/#\/schema\/person\/b87ac4f82f9d4e7b7cec7395b679edc4"},"headline":"LAGO Eupen Wetzlarbad d\u00e9marre la saison des piscines ext\u00e9rieures le vendredi 1er mai &#8211; critiques sur les nouveaux horaires d&rsquo;ouverture","datePublished":"2026-04-30T21:17:32+00:00","dateModified":"2026-04-30T21:17:32+00:00","mainEntityOfPage":{"@id":"https:\/\/vieassociative.be\/actualites\/lago-eupen-wetzlarbad-demarre-la-saison-des-piscines-exterieures-le-vendredi-1er-mai-critiques-sur-les-nouveaux-horaires-douverture\/"},"wordCount":413,"publisher":{"@id":"https:\/\/vieassociative.be\/actualites\/#organization"},"image":{"@id":"https:\/\/vieassociative.be\/actualites\/lago-eupen-wetzlarbad-demarre-la-saison-des-piscines-exterieures-le-vendredi-1er-mai-critiques-sur-les-nouveaux-horaires-douverture\/#primaryimage"},"thumbnailUrl":"https:\/\/vieassociative.be\/actualites\/wp-content\/uploads\/2026\/04\/LAGO-Eupen-Wetzlarbad-demarre-la-saison-des-piscines-exterieures-le.jpg","keywords":["1er","critiques","d\u00e9marre","Des","douverture","Eupen","ext\u00e9rieures","Horaires","Lago","Les","mai","nouveaux","piscines","Saison","sur","vendredi","Wetzlarbad"],"articleSection":["Belgique"],"inLanguage":"fr-BE"},{"@type":"WebPage","@id":"https:\/\/vieassociative.be\/actualites\/lago-eupen-wetzlarbad-demarre-la-saison-des-piscines-exterieures-le-vendredi-1er-mai-critiques-sur-les-nouveaux-horaires-douverture\/","url":"https:\/\/vieassociative.be\/actualites\/lago-eupen-wetzlarbad-demarre-la-saison-des-piscines-exterieures-le-vendredi-1er-mai-critiques-sur-les-nouveaux-horaires-douverture\/","name":"LAGO Eupen Wetzlarbad d\u00e9marre la saison des piscines ext\u00e9rieures le vendredi 1er mai - critiques sur les nouveaux horaires d'ouverture | Vie Associative","isPartOf":{"@id":"https:\/\/vieassociative.be\/actualites\/#website"},"primaryImageOfPage":{"@id":"https:\/\/vieassociative.be\/actualites\/lago-eupen-wetzlarbad-demarre-la-saison-des-piscines-exterieures-le-vendredi-1er-mai-critiques-sur-les-nouveaux-horaires-douverture\/#primaryimage"},"image":{"@id":"https:\/\/vieassociative.be\/actualites\/lago-eupen-wetzlarbad-demarre-la-saison-des-piscines-exterieures-le-vendredi-1er-mai-critiques-sur-les-nouveaux-horaires-douverture\/#primaryimage"},"thumbnailUrl":"https:\/\/vieassociative.be\/actualites\/wp-content\/uploads\/2026\/04\/LAGO-Eupen-Wetzlarbad-demarre-la-saison-des-piscines-exterieures-le.jpg","datePublished":"2026-04-30T21:17:32+00:00","dateModified":"2026-04-30T21:17:32+00:00","breadcrumb":{"@id":"https:\/\/vieassociative.be\/actualites\/lago-eupen-wetzlarbad-demarre-la-saison-des-piscines-exterieures-le-vendredi-1er-mai-critiques-sur-les-nouveaux-horaires-douverture\/#breadcrumb"},"inLanguage":"fr-BE","potentialAction":[{"@type":"ReadAction","target":["https:\/\/vieassociative.be\/actualites\/lago-eupen-wetzlarbad-demarre-la-saison-des-piscines-exterieures-le-vendredi-1er-mai-critiques-sur-les-nouveaux-horaires-douverture\/"]}]},{"@type":"ImageObject","inLanguage":"fr-BE","@id":"https:\/\/vieassociative.be\/actualites\/lago-eupen-wetzlarbad-demarre-la-saison-des-piscines-exterieures-le-vendredi-1er-mai-critiques-sur-les-nouveaux-horaires-douverture\/#primaryimage","url":"https:\/\/vieassociative.be\/actualites\/wp-content\/uploads\/2026\/04\/LAGO-Eupen-Wetzlarbad-demarre-la-saison-des-piscines-exterieures-le.jpg","contentUrl":"https:\/\/vieassociative.be\/actualites\/wp-content\/uploads\/2026\/04\/LAGO-Eupen-Wetzlarbad-demarre-la-saison-des-piscines-exterieures-le.jpg","width":1200,"height":802,"caption":"LAGO Eupen Wetzlarbad d\u00e9marre la saison des piscines ext\u00e9rieures le vendredi 1er mai - critiques sur les nouveaux horaires d'ouverture"},{"@type":"BreadcrumbList","@id":"https:\/\/vieassociative.be\/actualites\/lago-eupen-wetzlarbad-demarre-la-saison-des-piscines-exterieures-le-vendredi-1er-mai-critiques-sur-les-nouveaux-horaires-douverture\/#breadcrumb","itemListElement":[{"@type":"ListItem","position":1,"name":"Accueil","item":"https:\/\/vieassociative.be\/actualites\/"},{"@type":"ListItem","position":2,"name":"LAGO Eupen Wetzlarbad d\u00e9marre la saison des piscines ext\u00e9rieures le vendredi 1er mai &#8211; critiques sur les nouveaux horaires d&rsquo;ouverture"}]},{"@type":"WebSite","@id":"https:\/\/vieassociative.be\/actualites\/#website","url":"https:\/\/vieassociative.be\/actualites\/","name":"Vie Associative","description":"","publisher":{"@id":"https:\/\/vieassociative.be\/actualites\/#organization"},"potentialAction":[{"@type":"SearchAction","target":{"@type":"EntryPoint","urlTemplate":"https:\/\/vieassociative.be\/actualites\/?s={search_term_string}"},"query-input":{"@type":"PropertyValueSpecification","valueRequired":true,"valueName":"search_term_string"}}],"inLanguage":"fr-BE"},{"@type":"Organization","@id":"https:\/\/vieassociative.be\/actualites\/#organization","name":"Vie Associative","url":"https:\/\/vieassociative.be\/actualites\/","logo":{"@type":"ImageObject","inLanguage":"fr-BE","@id":"https:\/\/vieassociative.be\/actualites\/#\/schema\/logo\/image\/","url":"https:\/\/vieassociative.be\/actualites\/wp-content\/uploads\/2024\/09\/cropped-vieassociative_favicon.ico.png","contentUrl":"https:\/\/vieassociative.be\/actualites\/wp-content\/uploads\/2024\/09\/cropped-vieassociative_favicon.ico.png","width":512,"height":512,"caption":"Vie Associative"},"image":{"@id":"https:\/\/vieassociative.be\/actualites\/#\/schema\/logo\/image\/"}},{"@type":"Person","@id":"https:\/\/vieassociative.be\/actualites\/#\/schema\/person\/b87ac4f82f9d4e7b7cec7395b679edc4","name":"Julien","image":{"@type":"ImageObject","inLanguage":"fr-BE","@id":"https:\/\/vieassociative.be\/actualites\/#\/schema\/person\/image\/","url":"https:\/\/vieassociative.be\/actualites\/wp-content\/uploads\/2024\/09\/vie-associative-1-150x150.jpg","contentUrl":"https:\/\/vieassociative.be\/actualites\/wp-content\/uploads\/2024\/09\/vie-associative-1-150x150.jpg","caption":"Julien"},"description":"Je suis Julien, r\u00e9dacteur pour Vie Associative. Passionn\u00e9 par le monde associatif depuis plus de 10 ans, j'ai \u00e0 c\u0153ur de partager des histoires inspirantes et de mettre en lumi\u00e8re les initiatives locales. Mon objectif est de sensibiliser et d'encourager l'engagement communautaire \u00e0 travers mes articles.","sameAs":["https:\/\/vieassociative.be\/"]}]}},"_links":{"self":[{"href":"https:\/\/vieassociative.be\/actualites\/wp-json\/wp\/v2\/posts\/13646"}],"collection":[{"href":"https:\/\/vieassociative.be\/actualites\/wp-json\/wp\/v2\/posts"}],"about":[{"href":"https:\/\/vieassociative.be\/actualites\/wp-json\/wp\/v2\/types\/post"}],"author":[{"embeddable":true,"href":"https:\/\/vieassociative.be\/actualites\/wp-json\/wp\/v2\/users\/1"}],"replies":[{"embeddable":true,"href":"https:\/\/vieassociative.be\/actualites\/wp-json\/wp\/v2\/comments?post=13646"}],"version-history":[{"count":0,"href":"https:\/\/vieassociative.be\/actualites\/wp-json\/wp\/v2\/posts\/13646\/revisions"}],"wp:featuredmedia":[{"embeddable":true,"href":"https:\/\/vieassociative.be\/actualites\/wp-json\/wp\/v2\/media\/13647"}],"wp:attachment":[{"href":"https:\/\/vieassociative.be\/actualites\/wp-json\/wp\/v2\/media?parent=13646"}],"wp:term":[{"taxonomy":"category","embeddable":true,"href":"https:\/\/vieassociative.be\/actualites\/wp-json\/wp\/v2\/categories?post=13646"},{"taxonomy":"post_tag","embeddable":true,"href":"https:\/\/vieassociative.be\/actualites\/wp-json\/wp\/v2\/tags?post=13646"}],"curies":[{"name":"wp","href":"https:\/\/api.w.org\/{rel}","templated":true}]}}