{"id":13642,"date":"2026-04-30T17:17:36","date_gmt":"2026-04-30T15:17:36","guid":{"rendered":"https:\/\/vieassociative.be\/actualites\/le-retour-prevu-de-la-belgique-a-lenergie-nucleaire-est-un-investissement-qui-rapporte-pour-le-premier-ministre-de-wever\/"},"modified":"2026-04-30T17:17:36","modified_gmt":"2026-04-30T15:17:36","slug":"le-retour-prevu-de-la-belgique-a-lenergie-nucleaire-est-un-investissement-qui-rapporte-pour-le-premier-ministre-de-wever","status":"publish","type":"post","link":"https:\/\/vieassociative.be\/actualites\/le-retour-prevu-de-la-belgique-a-lenergie-nucleaire-est-un-investissement-qui-rapporte-pour-le-premier-ministre-de-wever\/","title":{"rendered":"Le retour pr\u00e9vu de la Belgique \u00e0 l&rsquo;\u00e9nergie nucl\u00e9aire est \u00ab\u00a0un investissement qui rapporte\u00a0\u00bb pour le Premier ministre De Wever"},"content":{"rendered":"<p><strong>MISE \u00c0 JOUR &#8211; Comme indiqu\u00e9, le gouvernement f\u00e9d\u00e9ral et la soci\u00e9t\u00e9 \u00e9nerg\u00e9tique fran\u00e7aise Engie ont annonc\u00e9 jeudi la signature d&rsquo;un protocole d&rsquo;accord dans une d\u00e9claration commune. Celui-ci fixe le cadre de n\u00e9gociations exclusives en vue d&rsquo;un \u00e9ventuel rachat de l&rsquo;ensemble des activit\u00e9s nucl\u00e9aires d&rsquo;Engie par l&rsquo;\u00c9tat belge.<\/strong><\/p>\n<p><span id=\"more-438709\"><\/span>La transaction elle-m\u00eame est globale. Il couvrirait toutes les activit\u00e9s nucl\u00e9aires qu&rsquo;Engie d\u00e9tient et exploite actuellement en Belgique &#8211; y compris l&rsquo;ensemble du parc de centrales \u00e9lectriques comprenant sept r\u00e9acteurs sur les sites de Doel et Tihange, le personnel concern\u00e9, toutes les filiales nucl\u00e9aires et tous les actifs et passifs. Cela inclut \u00e9galement express\u00e9ment les obligations \u00e0 long terme li\u00e9es au d\u00e9mant\u00e8lement et \u00e0 la mise hors service des installations. Par ailleurs, tous les travaux de d\u00e9classement et de d\u00e9mant\u00e8lement en cours ont \u00e9t\u00e9 imm\u00e9diatement suspendus jusqu&rsquo;\u00e0 nouvel ordre.<\/p>\n<\/p>\n<div id=\"attachment_429314\" class=\"wp-caption alignleft\" style=\"max-width: 300px\"><img fetchpriority=\"high\" decoding=\"async\" class=\"wp-image-429314 size-medium\" src=\"https:\/\/vieassociative.be\/actualites\/wp-content\/uploads\/2026\/04\/Le-retour-prevu-de-la-Belgique-a-lenergie-nucleaire-est.jpg\" alt=\"\" width=\"300\" height=\"207\"><\/div>\n<p>Dans ce contexte, la Belgique est confront\u00e9e \u00e0 une r\u00e9orientation fondamentale de sa politique \u00e9nerg\u00e9tique. Contrairement \u00e0 ce que cela pourrait para\u00eetre \u00e0 premi\u00e8re vue, il ne s\u2019agit pas d\u2019une entr\u00e9e dans l\u2019\u00e9nergie nucl\u00e9aire, mais plut\u00f4t d\u2019un retour \u00e0 une technologie qui a fa\u00e7onn\u00e9 le pays depuis des d\u00e9cennies.<\/p>\n<p>La Belgique utilise l&rsquo;\u00e9nergie nucl\u00e9aire depuis les ann\u00e9es 1970 et exploite plusieurs r\u00e9acteurs, notamment sur les sites de Doel et Tihange. En 2003, cependant, une sortie progressive du nucl\u00e9aire a \u00e9t\u00e9 d\u00e9cid\u00e9e, pr\u00e9voyant la fermeture de tous les r\u00e9acteurs. Compte tenu de la hausse des prix de l\u2019\u00e9nergie, des incertitudes g\u00e9opolitiques et d\u2019une d\u00e9pendance croissante \u00e0 l\u2019\u00e9gard des importations d\u2019\u00e9lectricit\u00e9, cette voie a \u00e9t\u00e9 de plus en plus chancelante ces derni\u00e8res ann\u00e9es.<\/p>\n<p>Le rachat actuellement recherch\u00e9 donnerait \u00e0 l\u2019\u00c9tat un contr\u00f4le direct sur les parties centrales de l\u2019infrastructure \u00e9nerg\u00e9tique. Cela signifierait que la Belgique franchirait une \u00e9tape d&rsquo;une envergure inhabituelle : au lieu de se limiter \u00e0 une intervention r\u00e9glementaire, l&rsquo;\u00c9tat deviendrait lui-m\u00eame l&rsquo;exploitant des centrales nucl\u00e9aires.<\/p>\n<p>Dans le m\u00eame temps, le Premier ministre Bart De Wever souligne qu\u2019il ne s\u2019agit pas uniquement d\u2019une d\u00e9cision de politique de s\u00e9curit\u00e9. Le rachat est \u00e9galement pr\u00e9sent\u00e9 comme \u00e9tant \u00e9conomiquement judicieux : selon lui, l&rsquo;\u00c9tat peut b\u00e9n\u00e9ficier \u00e0 long terme de co\u00fbts de production stables et relativement faibles pour l&rsquo;\u00e9nergie nucl\u00e9aire. Le projet est donc explicitement compris comme un investissement susceptible de g\u00e9n\u00e9rer des revenus et de contribuer \u00e0 la stabilisation des prix de l&rsquo;\u00e9nergie. \u00abUn investissement qui rapporte\u00bb, d\u00e9clare De Wever.<\/p>\n<\/p>\n<div id=\"attachment_167913\" class=\"wp-caption alignleft\" style=\"max-width: 300px\"><img decoding=\"async\" class=\"wp-image-167913 size-medium\" src=\"https:\/\/vieassociative.be\/actualites\/wp-content\/uploads\/2026\/04\/Le-retour-prevu-de-la-Belgique-a-lenergie-nucleaire-est.jpeg\" alt=\"\" width=\"300\" height=\"200\"  ><\/div>\n<p>L\u2019un des principaux moteurs de ce d\u00e9veloppement est le r\u00e9alignement strat\u00e9gique d\u2019Engie. Le groupe mise de plus en plus sur les \u00e9nergies renouvelables et annonce une sortie progressive du nucl\u00e9aire. Ces diff\u00e9rents int\u00e9r\u00eats ont ouvert la voie aux n\u00e9gociations en cours.<\/p>\n<p>Dans le m\u00eame temps, le projet reste associ\u00e9 \u00e0 des d\u00e9fis importants. En particulier, le financement de la reprise et les questions de responsabilit\u00e9 \u00e0 long terme &#8211; par exemple en relation avec le d\u00e9mant\u00e8lement des installations et le stockage final des d\u00e9chets radioactifs &#8211; doivent encore \u00eatre clarifi\u00e9s.<\/p>\n<p>Si le projet devait \u00eatre mis en \u0153uvre, la Belgique conna\u00eetrait un changement de cap remarquable : elle passerait d\u2019une sortie planifi\u00e9e du nucl\u00e9aire \u00e0 une utilisation active et soutenue par l\u2019\u00c9tat de l\u2019\u00e9nergie nucl\u00e9aire. Il s\u2019agirait moins d\u2019un nouveau d\u00e9part que d\u2019un retour conscient \u2013 \u200b\u200bm\u00eame si les conditions politiques et \u00e9conomiques avaient chang\u00e9.<\/p>\n<p>Dans l\u2019ensemble, le rachat pr\u00e9vu illustre une \u00e9volution plus large en Europe. Face \u00e0 l\u2019incertitude des march\u00e9s \u00e9nerg\u00e9tiques et aux exigences croissantes en mati\u00e8re de s\u00e9curit\u00e9 d\u2019approvisionnement et de protection du climat, de nombreux pays reconsid\u00e8rent leurs strat\u00e9gies ant\u00e9rieures. La Belgique adopte une approche particuli\u00e8rement ambitieuse en voulant confier directement \u00e0 l\u2019\u00c9tat le contr\u00f4le d\u2019une partie centrale de son approvisionnement \u00e9nerg\u00e9tique. (cr\u00e9er)<\/p>\n<p><em><strong>Sur le sujet, voir aussi l&rsquo;article suivant sur l&rsquo;OD :<\/strong><\/em><\/p>\n<div class=\"responsive-embed widescreen\">\n<blockquote class=\"wp-embedded-content\" data-secret=\"DB5LvlVpCD\">\n<p>La Belgique a de plus en plus besoin d&rsquo;\u00e9lectricit\u00e9 de l&rsquo;\u00e9tranger, principalement de France et des Pays-Bas.<\/p>\n<\/blockquote>\n<p><iframe loading=\"lazy\" class=\"wp-embedded-content\" sandbox=\"allow-scripts\" security=\"restricted\" style=\"position: absolute; visibility: hidden;\" title=\"\u201eBelgien braucht immer mehr Strom aus dem Ausland \u2013 gr\u00f6\u00dftenteils aus Frankreich und den Niederlanden\u201c \u2013 Ostbelgien Direkt\" src=\"https:\/\/ostbelgiendirekt.be\/about:blank\" data-secret=\"DB5LvlVpCD\" width=\"500\" height=\"282\" frameborder=\"0\" marginwidth=\"0\" marginheight=\"0\" scrolling=\"no\" data-rocket-lazyload=\"fitvidscompatible\" data-lazy-src=\"https:\/\/ostbelgiendirekt.be\/belgien-am-strom-tropf-438645\/embed#?secret=bVi8HqgVd1#?secret=DB5LvlVpCD\"><\/iframe><noscript><iframe class=\"wp-embedded-content\" sandbox=\"allow-scripts\" security=\"restricted\" style=\"position: absolute; visibility: hidden;\" title=\"\u201eBelgien braucht immer mehr Strom aus dem Ausland \u2013 gr\u00f6\u00dftenteils aus Frankreich und den Niederlanden\u201c \u2013 Ostbelgien Direkt\" src=\"https:\/\/ostbelgiendirekt.be\/belgien-am-strom-tropf-438645\/embed#?secret=bVi8HqgVd1#?secret=DB5LvlVpCD\" data-secret=\"DB5LvlVpCD\" width=\"500\" height=\"282\" frameborder=\"0\" marginwidth=\"0\" marginheight=\"0\" scrolling=\"no\"><\/iframe><\/noscript><\/p>\n<\/div>\n","protected":false},"excerpt":{"rendered":"<p>MISE \u00c0 JOUR &#8211; Comme indiqu\u00e9, le gouvernement f\u00e9d\u00e9ral et la soci\u00e9t\u00e9 \u00e9nerg\u00e9tique fran\u00e7aise Engie ont annonc\u00e9 jeudi la signature d&rsquo;un protocole d&rsquo;accord dans une<\/p>\n","protected":false},"author":1,"featured_media":13643,"comment_status":"","ping_status":"","sticky":false,"template":"","format":"standard","meta":{"footnotes":""},"categories":[298],"tags":[383,76,10602,4701,1245,7035,81,443,8210,99,5506,787,2755],"class_list":["post-13642","post","type-post","status-publish","format-standard","has-post-thumbnail","hentry","category-belgique","tag-belgique","tag-est","tag-investissement","tag-lenergie","tag-ministre","tag-nucleaire","tag-pour","tag-premier","tag-prevu","tag-qui","tag-rapporte","tag-retour","tag-wever","generate-columns","tablet-grid-50","mobile-grid-100","grid-parent","grid-33"],"yoast_head":"<!-- This site is optimized with the Yoast SEO plugin v24.0 - https:\/\/yoast.com\/wordpress\/plugins\/seo\/ -->\n<title>Le retour pr\u00e9vu de la Belgique \u00e0 l&#039;\u00e9nergie nucl\u00e9aire est &quot;un investissement qui rapporte&quot; pour le Premier ministre De Wever | Vie Associative<\/title>\n<meta name=\"robots\" content=\"index, follow, max-snippet:-1, max-image-preview:large, max-video-preview:-1\" \/>\n<link rel=\"canonical\" href=\"https:\/\/vieassociative.be\/actualites\/le-retour-prevu-de-la-belgique-a-lenergie-nucleaire-est-un-investissement-qui-rapporte-pour-le-premier-ministre-de-wever\/\" \/>\n<meta property=\"og:locale\" content=\"fr_FR\" \/>\n<meta property=\"og:type\" content=\"article\" \/>\n<meta property=\"og:title\" content=\"Le retour pr\u00e9vu de la Belgique \u00e0 l&#039;\u00e9nergie nucl\u00e9aire est &quot;un investissement qui rapporte&quot; pour le Premier ministre De Wever | Vie Associative\" \/>\n<meta property=\"og:description\" content=\"MISE \u00c0 JOUR &#8211; Comme indiqu\u00e9, le gouvernement f\u00e9d\u00e9ral et la soci\u00e9t\u00e9 \u00e9nerg\u00e9tique fran\u00e7aise Engie ont annonc\u00e9 jeudi la signature d&rsquo;un protocole d&rsquo;accord dans une\" \/>\n<meta property=\"og:url\" content=\"https:\/\/vieassociative.be\/actualites\/le-retour-prevu-de-la-belgique-a-lenergie-nucleaire-est-un-investissement-qui-rapporte-pour-le-premier-ministre-de-wever\/\" \/>\n<meta property=\"og:site_name\" content=\"Vie Associative\" \/>\n<meta property=\"article:published_time\" content=\"2026-04-30T15:17:36+00:00\" \/>\n<meta property=\"og:image\" content=\"https:\/\/vieassociative.be\/actualites\/wp-content\/uploads\/2024\/09\/header_backgroundk-01-e1726694325946.png\" \/>\n\t<meta property=\"og:image:width\" content=\"279\" \/>\n\t<meta property=\"og:image:height\" content=\"92\" \/>\n\t<meta property=\"og:image:type\" content=\"image\/png\" \/>\n<meta name=\"author\" content=\"Julien\" \/>\n<meta name=\"twitter:card\" content=\"summary_large_image\" \/>\n<meta name=\"twitter:label1\" content=\"\u00c9crit par\" \/>\n\t<meta name=\"twitter:data1\" content=\"Julien\" \/>\n\t<meta name=\"twitter:label2\" content=\"Dur\u00e9e de lecture est.\" \/>\n\t<meta name=\"twitter:data2\" content=\"4 minutes\" \/>\n<script type=\"application\/ld+json\" class=\"yoast-schema-graph\">{\"@context\":\"https:\/\/schema.org\",\"@graph\":[{\"@type\":\"Article\",\"@id\":\"https:\/\/vieassociative.be\/actualites\/le-retour-prevu-de-la-belgique-a-lenergie-nucleaire-est-un-investissement-qui-rapporte-pour-le-premier-ministre-de-wever\/#article\",\"isPartOf\":{\"@id\":\"https:\/\/vieassociative.be\/actualites\/le-retour-prevu-de-la-belgique-a-lenergie-nucleaire-est-un-investissement-qui-rapporte-pour-le-premier-ministre-de-wever\/\"},\"author\":{\"name\":\"Julien\",\"@id\":\"https:\/\/vieassociative.be\/actualites\/#\/schema\/person\/b87ac4f82f9d4e7b7cec7395b679edc4\"},\"headline\":\"Le retour pr\u00e9vu de la Belgique \u00e0 l&rsquo;\u00e9nergie nucl\u00e9aire est \u00ab\u00a0un investissement qui rapporte\u00a0\u00bb pour le Premier ministre De Wever\",\"datePublished\":\"2026-04-30T15:17:36+00:00\",\"dateModified\":\"2026-04-30T15:17:36+00:00\",\"mainEntityOfPage\":{\"@id\":\"https:\/\/vieassociative.be\/actualites\/le-retour-prevu-de-la-belgique-a-lenergie-nucleaire-est-un-investissement-qui-rapporte-pour-le-premier-ministre-de-wever\/\"},\"wordCount\":755,\"publisher\":{\"@id\":\"https:\/\/vieassociative.be\/actualites\/#organization\"},\"image\":{\"@id\":\"https:\/\/vieassociative.be\/actualites\/le-retour-prevu-de-la-belgique-a-lenergie-nucleaire-est-un-investissement-qui-rapporte-pour-le-premier-ministre-de-wever\/#primaryimage\"},\"thumbnailUrl\":\"https:\/\/vieassociative.be\/actualites\/wp-content\/uploads\/2026\/04\/1777562258_Le-retour-prevu-de-la-Belgique-a-lenergie-nucleaire-est.jpeg\",\"keywords\":[\"Belgique\",\"est\",\"investissement\",\"L\u00e9nergie\",\"ministre\",\"nucl\u00e9aire\",\"pour\",\"premier\",\"pr\u00e9vu\",\"qui\",\"rapporte\",\"retour\",\"Wever\"],\"articleSection\":[\"Belgique\"],\"inLanguage\":\"fr-BE\"},{\"@type\":\"WebPage\",\"@id\":\"https:\/\/vieassociative.be\/actualites\/le-retour-prevu-de-la-belgique-a-lenergie-nucleaire-est-un-investissement-qui-rapporte-pour-le-premier-ministre-de-wever\/\",\"url\":\"https:\/\/vieassociative.be\/actualites\/le-retour-prevu-de-la-belgique-a-lenergie-nucleaire-est-un-investissement-qui-rapporte-pour-le-premier-ministre-de-wever\/\",\"name\":\"Le retour pr\u00e9vu de la Belgique \u00e0 l'\u00e9nergie nucl\u00e9aire est \\\"un investissement qui rapporte\\\" pour le Premier ministre De Wever | Vie Associative\",\"isPartOf\":{\"@id\":\"https:\/\/vieassociative.be\/actualites\/#website\"},\"primaryImageOfPage\":{\"@id\":\"https:\/\/vieassociative.be\/actualites\/le-retour-prevu-de-la-belgique-a-lenergie-nucleaire-est-un-investissement-qui-rapporte-pour-le-premier-ministre-de-wever\/#primaryimage\"},\"image\":{\"@id\":\"https:\/\/vieassociative.be\/actualites\/le-retour-prevu-de-la-belgique-a-lenergie-nucleaire-est-un-investissement-qui-rapporte-pour-le-premier-ministre-de-wever\/#primaryimage\"},\"thumbnailUrl\":\"https:\/\/vieassociative.be\/actualites\/wp-content\/uploads\/2026\/04\/1777562258_Le-retour-prevu-de-la-Belgique-a-lenergie-nucleaire-est.jpeg\",\"datePublished\":\"2026-04-30T15:17:36+00:00\",\"dateModified\":\"2026-04-30T15:17:36+00:00\",\"breadcrumb\":{\"@id\":\"https:\/\/vieassociative.be\/actualites\/le-retour-prevu-de-la-belgique-a-lenergie-nucleaire-est-un-investissement-qui-rapporte-pour-le-premier-ministre-de-wever\/#breadcrumb\"},\"inLanguage\":\"fr-BE\",\"potentialAction\":[{\"@type\":\"ReadAction\",\"target\":[\"https:\/\/vieassociative.be\/actualites\/le-retour-prevu-de-la-belgique-a-lenergie-nucleaire-est-un-investissement-qui-rapporte-pour-le-premier-ministre-de-wever\/\"]}]},{\"@type\":\"ImageObject\",\"inLanguage\":\"fr-BE\",\"@id\":\"https:\/\/vieassociative.be\/actualites\/le-retour-prevu-de-la-belgique-a-lenergie-nucleaire-est-un-investissement-qui-rapporte-pour-le-premier-ministre-de-wever\/#primaryimage\",\"url\":\"https:\/\/vieassociative.be\/actualites\/wp-content\/uploads\/2026\/04\/1777562258_Le-retour-prevu-de-la-Belgique-a-lenergie-nucleaire-est.jpeg\",\"contentUrl\":\"https:\/\/vieassociative.be\/actualites\/wp-content\/uploads\/2026\/04\/1777562258_Le-retour-prevu-de-la-Belgique-a-lenergie-nucleaire-est.jpeg\",\"width\":1200,\"height\":800,\"caption\":\"Le retour pr\u00e9vu de la Belgique \u00e0 l'\u00e9nergie nucl\u00e9aire est \\\"un investissement qui rapporte\\\" pour le Premier ministre De Wever\"},{\"@type\":\"BreadcrumbList\",\"@id\":\"https:\/\/vieassociative.be\/actualites\/le-retour-prevu-de-la-belgique-a-lenergie-nucleaire-est-un-investissement-qui-rapporte-pour-le-premier-ministre-de-wever\/#breadcrumb\",\"itemListElement\":[{\"@type\":\"ListItem\",\"position\":1,\"name\":\"Accueil\",\"item\":\"https:\/\/vieassociative.be\/actualites\/\"},{\"@type\":\"ListItem\",\"position\":2,\"name\":\"Le retour pr\u00e9vu de la Belgique \u00e0 l&rsquo;\u00e9nergie nucl\u00e9aire est \u00ab\u00a0un investissement qui rapporte\u00a0\u00bb pour le Premier ministre De Wever\"}]},{\"@type\":\"WebSite\",\"@id\":\"https:\/\/vieassociative.be\/actualites\/#website\",\"url\":\"https:\/\/vieassociative.be\/actualites\/\",\"name\":\"Vie Associative\",\"description\":\"\",\"publisher\":{\"@id\":\"https:\/\/vieassociative.be\/actualites\/#organization\"},\"potentialAction\":[{\"@type\":\"SearchAction\",\"target\":{\"@type\":\"EntryPoint\",\"urlTemplate\":\"https:\/\/vieassociative.be\/actualites\/?s={search_term_string}\"},\"query-input\":{\"@type\":\"PropertyValueSpecification\",\"valueRequired\":true,\"valueName\":\"search_term_string\"}}],\"inLanguage\":\"fr-BE\"},{\"@type\":\"Organization\",\"@id\":\"https:\/\/vieassociative.be\/actualites\/#organization\",\"name\":\"Vie Associative\",\"url\":\"https:\/\/vieassociative.be\/actualites\/\",\"logo\":{\"@type\":\"ImageObject\",\"inLanguage\":\"fr-BE\",\"@id\":\"https:\/\/vieassociative.be\/actualites\/#\/schema\/logo\/image\/\",\"url\":\"https:\/\/vieassociative.be\/actualites\/wp-content\/uploads\/2024\/09\/cropped-vieassociative_favicon.ico.png\",\"contentUrl\":\"https:\/\/vieassociative.be\/actualites\/wp-content\/uploads\/2024\/09\/cropped-vieassociative_favicon.ico.png\",\"width\":512,\"height\":512,\"caption\":\"Vie Associative\"},\"image\":{\"@id\":\"https:\/\/vieassociative.be\/actualites\/#\/schema\/logo\/image\/\"}},{\"@type\":\"Person\",\"@id\":\"https:\/\/vieassociative.be\/actualites\/#\/schema\/person\/b87ac4f82f9d4e7b7cec7395b679edc4\",\"name\":\"Julien\",\"image\":{\"@type\":\"ImageObject\",\"inLanguage\":\"fr-BE\",\"@id\":\"https:\/\/vieassociative.be\/actualites\/#\/schema\/person\/image\/\",\"url\":\"https:\/\/vieassociative.be\/actualites\/wp-content\/uploads\/2024\/09\/vie-associative-1-150x150.jpg\",\"contentUrl\":\"https:\/\/vieassociative.be\/actualites\/wp-content\/uploads\/2024\/09\/vie-associative-1-150x150.jpg\",\"caption\":\"Julien\"},\"description\":\"Je suis Julien, r\u00e9dacteur pour Vie Associative. Passionn\u00e9 par le monde associatif depuis plus de 10 ans, j'ai \u00e0 c\u0153ur de partager des histoires inspirantes et de mettre en lumi\u00e8re les initiatives locales. Mon objectif est de sensibiliser et d'encourager l'engagement communautaire \u00e0 travers mes articles.\",\"sameAs\":[\"https:\/\/vieassociative.be\/\"]}]}<\/script>\n<!-- \/ Yoast SEO plugin. -->","yoast_head_json":{"title":"Le retour pr\u00e9vu de la Belgique \u00e0 l'\u00e9nergie nucl\u00e9aire est \"un investissement qui rapporte\" pour le Premier ministre De Wever | Vie Associative","robots":{"index":"index","follow":"follow","max-snippet":"max-snippet:-1","max-image-preview":"max-image-preview:large","max-video-preview":"max-video-preview:-1"},"canonical":"https:\/\/vieassociative.be\/actualites\/le-retour-prevu-de-la-belgique-a-lenergie-nucleaire-est-un-investissement-qui-rapporte-pour-le-premier-ministre-de-wever\/","og_locale":"fr_FR","og_type":"article","og_title":"Le retour pr\u00e9vu de la Belgique \u00e0 l'\u00e9nergie nucl\u00e9aire est \"un investissement qui rapporte\" pour le Premier ministre De Wever | Vie Associative","og_description":"MISE \u00c0 JOUR &#8211; Comme indiqu\u00e9, le gouvernement f\u00e9d\u00e9ral et la soci\u00e9t\u00e9 \u00e9nerg\u00e9tique fran\u00e7aise Engie ont annonc\u00e9 jeudi la signature d&rsquo;un protocole d&rsquo;accord dans une","og_url":"https:\/\/vieassociative.be\/actualites\/le-retour-prevu-de-la-belgique-a-lenergie-nucleaire-est-un-investissement-qui-rapporte-pour-le-premier-ministre-de-wever\/","og_site_name":"Vie Associative","article_published_time":"2026-04-30T15:17:36+00:00","og_image":[{"width":279,"height":92,"url":"https:\/\/vieassociative.be\/actualites\/wp-content\/uploads\/2024\/09\/header_backgroundk-01-e1726694325946.png","type":"image\/png"}],"author":"Julien","twitter_card":"summary_large_image","twitter_misc":{"\u00c9crit par":"Julien","Dur\u00e9e de lecture est.":"4 minutes"},"schema":{"@context":"https:\/\/schema.org","@graph":[{"@type":"Article","@id":"https:\/\/vieassociative.be\/actualites\/le-retour-prevu-de-la-belgique-a-lenergie-nucleaire-est-un-investissement-qui-rapporte-pour-le-premier-ministre-de-wever\/#article","isPartOf":{"@id":"https:\/\/vieassociative.be\/actualites\/le-retour-prevu-de-la-belgique-a-lenergie-nucleaire-est-un-investissement-qui-rapporte-pour-le-premier-ministre-de-wever\/"},"author":{"name":"Julien","@id":"https:\/\/vieassociative.be\/actualites\/#\/schema\/person\/b87ac4f82f9d4e7b7cec7395b679edc4"},"headline":"Le retour pr\u00e9vu de la Belgique \u00e0 l&rsquo;\u00e9nergie nucl\u00e9aire est \u00ab\u00a0un investissement qui rapporte\u00a0\u00bb pour le Premier ministre De Wever","datePublished":"2026-04-30T15:17:36+00:00","dateModified":"2026-04-30T15:17:36+00:00","mainEntityOfPage":{"@id":"https:\/\/vieassociative.be\/actualites\/le-retour-prevu-de-la-belgique-a-lenergie-nucleaire-est-un-investissement-qui-rapporte-pour-le-premier-ministre-de-wever\/"},"wordCount":755,"publisher":{"@id":"https:\/\/vieassociative.be\/actualites\/#organization"},"image":{"@id":"https:\/\/vieassociative.be\/actualites\/le-retour-prevu-de-la-belgique-a-lenergie-nucleaire-est-un-investissement-qui-rapporte-pour-le-premier-ministre-de-wever\/#primaryimage"},"thumbnailUrl":"https:\/\/vieassociative.be\/actualites\/wp-content\/uploads\/2026\/04\/1777562258_Le-retour-prevu-de-la-Belgique-a-lenergie-nucleaire-est.jpeg","keywords":["Belgique","est","investissement","L\u00e9nergie","ministre","nucl\u00e9aire","pour","premier","pr\u00e9vu","qui","rapporte","retour","Wever"],"articleSection":["Belgique"],"inLanguage":"fr-BE"},{"@type":"WebPage","@id":"https:\/\/vieassociative.be\/actualites\/le-retour-prevu-de-la-belgique-a-lenergie-nucleaire-est-un-investissement-qui-rapporte-pour-le-premier-ministre-de-wever\/","url":"https:\/\/vieassociative.be\/actualites\/le-retour-prevu-de-la-belgique-a-lenergie-nucleaire-est-un-investissement-qui-rapporte-pour-le-premier-ministre-de-wever\/","name":"Le retour pr\u00e9vu de la Belgique \u00e0 l'\u00e9nergie nucl\u00e9aire est \"un investissement qui rapporte\" pour le Premier ministre De Wever | Vie Associative","isPartOf":{"@id":"https:\/\/vieassociative.be\/actualites\/#website"},"primaryImageOfPage":{"@id":"https:\/\/vieassociative.be\/actualites\/le-retour-prevu-de-la-belgique-a-lenergie-nucleaire-est-un-investissement-qui-rapporte-pour-le-premier-ministre-de-wever\/#primaryimage"},"image":{"@id":"https:\/\/vieassociative.be\/actualites\/le-retour-prevu-de-la-belgique-a-lenergie-nucleaire-est-un-investissement-qui-rapporte-pour-le-premier-ministre-de-wever\/#primaryimage"},"thumbnailUrl":"https:\/\/vieassociative.be\/actualites\/wp-content\/uploads\/2026\/04\/1777562258_Le-retour-prevu-de-la-Belgique-a-lenergie-nucleaire-est.jpeg","datePublished":"2026-04-30T15:17:36+00:00","dateModified":"2026-04-30T15:17:36+00:00","breadcrumb":{"@id":"https:\/\/vieassociative.be\/actualites\/le-retour-prevu-de-la-belgique-a-lenergie-nucleaire-est-un-investissement-qui-rapporte-pour-le-premier-ministre-de-wever\/#breadcrumb"},"inLanguage":"fr-BE","potentialAction":[{"@type":"ReadAction","target":["https:\/\/vieassociative.be\/actualites\/le-retour-prevu-de-la-belgique-a-lenergie-nucleaire-est-un-investissement-qui-rapporte-pour-le-premier-ministre-de-wever\/"]}]},{"@type":"ImageObject","inLanguage":"fr-BE","@id":"https:\/\/vieassociative.be\/actualites\/le-retour-prevu-de-la-belgique-a-lenergie-nucleaire-est-un-investissement-qui-rapporte-pour-le-premier-ministre-de-wever\/#primaryimage","url":"https:\/\/vieassociative.be\/actualites\/wp-content\/uploads\/2026\/04\/1777562258_Le-retour-prevu-de-la-Belgique-a-lenergie-nucleaire-est.jpeg","contentUrl":"https:\/\/vieassociative.be\/actualites\/wp-content\/uploads\/2026\/04\/1777562258_Le-retour-prevu-de-la-Belgique-a-lenergie-nucleaire-est.jpeg","width":1200,"height":800,"caption":"Le retour pr\u00e9vu de la Belgique \u00e0 l'\u00e9nergie nucl\u00e9aire est \"un investissement qui rapporte\" pour le Premier ministre De Wever"},{"@type":"BreadcrumbList","@id":"https:\/\/vieassociative.be\/actualites\/le-retour-prevu-de-la-belgique-a-lenergie-nucleaire-est-un-investissement-qui-rapporte-pour-le-premier-ministre-de-wever\/#breadcrumb","itemListElement":[{"@type":"ListItem","position":1,"name":"Accueil","item":"https:\/\/vieassociative.be\/actualites\/"},{"@type":"ListItem","position":2,"name":"Le retour pr\u00e9vu de la Belgique \u00e0 l&rsquo;\u00e9nergie nucl\u00e9aire est \u00ab\u00a0un investissement qui rapporte\u00a0\u00bb pour le Premier ministre De Wever"}]},{"@type":"WebSite","@id":"https:\/\/vieassociative.be\/actualites\/#website","url":"https:\/\/vieassociative.be\/actualites\/","name":"Vie Associative","description":"","publisher":{"@id":"https:\/\/vieassociative.be\/actualites\/#organization"},"potentialAction":[{"@type":"SearchAction","target":{"@type":"EntryPoint","urlTemplate":"https:\/\/vieassociative.be\/actualites\/?s={search_term_string}"},"query-input":{"@type":"PropertyValueSpecification","valueRequired":true,"valueName":"search_term_string"}}],"inLanguage":"fr-BE"},{"@type":"Organization","@id":"https:\/\/vieassociative.be\/actualites\/#organization","name":"Vie Associative","url":"https:\/\/vieassociative.be\/actualites\/","logo":{"@type":"ImageObject","inLanguage":"fr-BE","@id":"https:\/\/vieassociative.be\/actualites\/#\/schema\/logo\/image\/","url":"https:\/\/vieassociative.be\/actualites\/wp-content\/uploads\/2024\/09\/cropped-vieassociative_favicon.ico.png","contentUrl":"https:\/\/vieassociative.be\/actualites\/wp-content\/uploads\/2024\/09\/cropped-vieassociative_favicon.ico.png","width":512,"height":512,"caption":"Vie Associative"},"image":{"@id":"https:\/\/vieassociative.be\/actualites\/#\/schema\/logo\/image\/"}},{"@type":"Person","@id":"https:\/\/vieassociative.be\/actualites\/#\/schema\/person\/b87ac4f82f9d4e7b7cec7395b679edc4","name":"Julien","image":{"@type":"ImageObject","inLanguage":"fr-BE","@id":"https:\/\/vieassociative.be\/actualites\/#\/schema\/person\/image\/","url":"https:\/\/vieassociative.be\/actualites\/wp-content\/uploads\/2024\/09\/vie-associative-1-150x150.jpg","contentUrl":"https:\/\/vieassociative.be\/actualites\/wp-content\/uploads\/2024\/09\/vie-associative-1-150x150.jpg","caption":"Julien"},"description":"Je suis Julien, r\u00e9dacteur pour Vie Associative. Passionn\u00e9 par le monde associatif depuis plus de 10 ans, j'ai \u00e0 c\u0153ur de partager des histoires inspirantes et de mettre en lumi\u00e8re les initiatives locales. Mon objectif est de sensibiliser et d'encourager l'engagement communautaire \u00e0 travers mes articles.","sameAs":["https:\/\/vieassociative.be\/"]}]}},"_links":{"self":[{"href":"https:\/\/vieassociative.be\/actualites\/wp-json\/wp\/v2\/posts\/13642"}],"collection":[{"href":"https:\/\/vieassociative.be\/actualites\/wp-json\/wp\/v2\/posts"}],"about":[{"href":"https:\/\/vieassociative.be\/actualites\/wp-json\/wp\/v2\/types\/post"}],"author":[{"embeddable":true,"href":"https:\/\/vieassociative.be\/actualites\/wp-json\/wp\/v2\/users\/1"}],"replies":[{"embeddable":true,"href":"https:\/\/vieassociative.be\/actualites\/wp-json\/wp\/v2\/comments?post=13642"}],"version-history":[{"count":0,"href":"https:\/\/vieassociative.be\/actualites\/wp-json\/wp\/v2\/posts\/13642\/revisions"}],"wp:featuredmedia":[{"embeddable":true,"href":"https:\/\/vieassociative.be\/actualites\/wp-json\/wp\/v2\/media\/13643"}],"wp:attachment":[{"href":"https:\/\/vieassociative.be\/actualites\/wp-json\/wp\/v2\/media?parent=13642"}],"wp:term":[{"taxonomy":"category","embeddable":true,"href":"https:\/\/vieassociative.be\/actualites\/wp-json\/wp\/v2\/categories?post=13642"},{"taxonomy":"post_tag","embeddable":true,"href":"https:\/\/vieassociative.be\/actualites\/wp-json\/wp\/v2\/tags?post=13642"}],"curies":[{"name":"wp","href":"https:\/\/api.w.org\/{rel}","templated":true}]}}