{"id":13639,"date":"2026-04-30T11:19:24","date_gmt":"2026-04-30T09:19:24","guid":{"rendered":"https:\/\/vieassociative.be\/actualites\/ford-ne-proposera-des-vehicules-entierement-electriques-en-europe-que-dici-2030\/"},"modified":"2026-04-30T11:19:24","modified_gmt":"2026-04-30T09:19:24","slug":"ford-ne-proposera-des-vehicules-entierement-electriques-en-europe-que-dici-2030","status":"publish","type":"post","link":"https:\/\/vieassociative.be\/actualites\/ford-ne-proposera-des-vehicules-entierement-electriques-en-europe-que-dici-2030\/","title":{"rendered":"Ford ne proposera des v\u00e9hicules enti\u00e8rement \u00e9lectriques en Europe que d&rsquo;ici 2030"},"content":{"rendered":"<p><strong>La Ford Motor Company est l\u2019un des constructeurs automobiles les plus traditionnels au monde et est actuellement en pleine transition vers la mobilit\u00e9 \u00e9lectrique.<\/strong><\/p>\n<p><span id=\"more-438659\"><\/span>Ces derni\u00e8res ann\u00e9es, l\u2019entreprise a investi des milliards pour \u00e9lectrifier sa gamme de mod\u00e8les et construire de nouvelles capacit\u00e9s de production. En Europe notamment, Ford poursuit l\u2019objectif de proposer exclusivement des voitures enti\u00e8rement \u00e9lectriques d\u2019ici 2030 environ, m\u00eame si cette strat\u00e9gie a r\u00e9cemment \u00e9t\u00e9 assouplie.<\/p>\n<p>Un mod\u00e8le central dans la strat\u00e9gie \u00e9lectrique de Ford est le <strong>Ford Mustang Mach-E<\/strong>un SUV enti\u00e8rement \u00e9lectrique qui est sur le march\u00e9 depuis 2020 et est consid\u00e9r\u00e9 comme une sorte d\u2019enfant embl\u00e9matique de la nouvelle \u00e8re \u00e9lectrique.<\/p>\n<div id=\"attachment_425085\" class=\"wp-caption alignleft\" style=\"max-width: 300px\"><img fetchpriority=\"high\" decoding=\"async\" class=\"wp-image-425085 size-medium\" src=\"https:\/\/vieassociative.be\/actualites\/wp-content\/uploads\/2026\/04\/Ford-ne-proposera-des-vehicules-entierement-electriques-en-Europe-que.jpg\" alt=\"\" width=\"300\" height=\"200\"><\/div>\n<p>Le v\u00e9hicule combine un design sportif avec une technologie moderne et, selon la variante, atteint une autonomie allant jusqu&rsquo;\u00e0 environ 600 kilom\u00e8tres selon WLTP. Ford se positionne ainsi d\u00e9lib\u00e9r\u00e9ment en concurrence avec les SUV \u00e9lectriques \u00e9tablis d&rsquo;autres constructeurs et tente de s\u00e9duire particuli\u00e8rement les clients qui souhaitent allier performances et convivialit\u00e9 au quotidien.<\/p>\n<p>C\u2019est aussi gagnant pour le march\u00e9 europ\u00e9en <strong>Ford Explorer EV<\/strong> de plus en plus importante. Ce mod\u00e8le a \u00e9t\u00e9 d\u00e9velopp\u00e9 sp\u00e9cifiquement pour les besoins europ\u00e9ens et s&rsquo;adresse davantage aux familles et au march\u00e9 de masse. Ici aussi, l&rsquo;accent est mis sur l&rsquo;autonomie, la capacit\u00e9 de charge rapide et un syst\u00e8me d&rsquo;infodivertissement moderne. L&rsquo;Explorer EV fait partie de la strat\u00e9gie visant \u00e0 proposer des v\u00e9hicules \u00e9lectriques plus abordables et quotidiens pour atteindre des groupes de clients plus larges.<\/p>\n<p>Outre les voitures, l\u2019\u00e9lectrification des v\u00e9hicules utilitaires joue un r\u00f4le particuli\u00e8rement important chez Ford. Avec le <strong>Ford E Transit<\/strong> L&rsquo;entreprise propose une camionnette enti\u00e8rement \u00e9lectrique con\u00e7ue principalement pour les clients commerciaux, les services de livraison et les flottes urbaines.<\/p>\n<p>Cela repr\u00e9sente un avantage concurrentiel d\u00e9cisif, notamment en Europe, o\u00f9 Ford est traditionnellement fort sur le segment des v\u00e9hicules utilitaires.<\/p>\n<div id=\"attachment_426418\" class=\"wp-caption alignleft\" style=\"max-width: 300px\"><img decoding=\"async\" class=\"wp-image-426418 size-medium\" src=\"https:\/\/vieassociative.be\/actualites\/wp-content\/uploads\/2026\/04\/1777540764_461_Ford-ne-proposera-des-vehicules-entierement-electriques-en-Europe-que.jpg\" alt=\"\" width=\"300\" height=\"225\"  ><\/div>\n<p>Compl\u00e8te \u00e0 l\u2019international l\u2019\u00e9lectrique <strong>Pick-up Ford F-150 Lightning<\/strong> le portefeuille, ce mod\u00e8le \u00e9tant particuli\u00e8rement pertinent pour le march\u00e9 nord-am\u00e9ricain. Parall\u00e8lement, Ford travaille sur des voitures \u00e9lectriques suppl\u00e9mentaires, compactes et moins ch\u00e8res, afin de devenir comp\u00e9titif sur le segment d&rsquo;entr\u00e9e de gamme.<\/p>\n<p>Malgr\u00e9 ces progr\u00e8s, Ford fait face \u00e0 des d\u00e9fis. Le d\u00e9veloppement et la production de v\u00e9hicules \u00e9lectriques sont co\u00fbteux et les marges b\u00e9n\u00e9ficiaires sont jusqu\u2019\u00e0 pr\u00e9sent inf\u00e9rieures \u00e0 celles des moteurs \u00e0 combustion classiques. De plus, la concurrence des constructeurs comme Tesla ou des prestataires asiatiques est tr\u00e8s forte. C&rsquo;est pourquoi Ford a r\u00e9cemment ajust\u00e9 sa strat\u00e9gie et, outre les voitures purement \u00e9lectriques, s&rsquo;appuie \u00e9galement de plus en plus sur des solutions hybrides et de nouvelles plates-formes plus rentables.<\/p>\n<p>En r\u00e9sum\u00e9, Ford a d\u00e9j\u00e0 b\u00e2ti une base solide dans le domaine de la mobilit\u00e9 \u00e9lectrique, en mettant clairement l\u2019accent sur les SUV et les v\u00e9hicules utilitaires. Dans le m\u00eame temps, l\u2019entreprise se trouve toujours dans une phase de transition dans laquelle elle doit \u00e9quilibrer sa strat\u00e9gie entre une \u00e9lectrification ambitieuse et la r\u00e9alit\u00e9 \u00e9conomique. (eb)<\/p>\n<p><em><strong>Spirletautomobiles<\/strong><\/em><\/p>\n<ul>\n<li>Rue Haroun Tazieff 10, 4032 LIEGE (Ch\u00ean\u00e9e) \u2013 T\u00e9l. 04\/344 01 01<\/li>\n<li>Rue de Limbourg 93-95, 4800 VERVIERS \u2013 T\u00e9l. 087\/34 06 06<\/li>\n<li>Route de Coo 72, 4980 TROIS-PONTS \u2013 T\u00e9l. 080\/68 45 81<\/li>\n<li>E-mail: <u>info@spiretautomobiles.be<\/u><\/li>\n<li>Internet: <u>http:\/\/www.spiretautomobiles.be\/<\/u><\/li>\n<\/ul>\n","protected":false},"excerpt":{"rendered":"<p>La Ford Motor Company est l\u2019un des constructeurs automobiles les plus traditionnels au monde et est actuellement en pleine transition vers la mobilit\u00e9 \u00e9lectrique. Ces<\/p>\n","protected":false},"author":1,"featured_media":12143,"comment_status":"","ping_status":"","sticky":false,"template":"","format":"standard","meta":{"footnotes":""},"categories":[298],"tags":[29,7145,3502,9077,5351,6935,10600,3623],"class_list":["post-13639","post","type-post","status-publish","format-standard","has-post-thumbnail","hentry","category-belgique","tag-des","tag-dici","tag-electriques","tag-entierement","tag-europe","tag-ford","tag-proposera","tag-vehicules","generate-columns","tablet-grid-50","mobile-grid-100","grid-parent","grid-33"],"yoast_head":"<!-- This site is optimized with the Yoast SEO plugin v24.0 - https:\/\/yoast.com\/wordpress\/plugins\/seo\/ -->\n<title>Ford ne proposera des v\u00e9hicules enti\u00e8rement \u00e9lectriques en Europe que d&#039;ici 2030 | Vie Associative<\/title>\n<meta name=\"robots\" content=\"index, follow, max-snippet:-1, max-image-preview:large, max-video-preview:-1\" \/>\n<link rel=\"canonical\" href=\"https:\/\/vieassociative.be\/actualites\/ford-ne-proposera-des-vehicules-entierement-electriques-en-europe-que-dici-2030\/\" \/>\n<meta property=\"og:locale\" content=\"fr_FR\" \/>\n<meta property=\"og:type\" content=\"article\" \/>\n<meta property=\"og:title\" content=\"Ford ne proposera des v\u00e9hicules enti\u00e8rement \u00e9lectriques en Europe que d&#039;ici 2030 | Vie Associative\" \/>\n<meta property=\"og:description\" content=\"La Ford Motor Company est l\u2019un des constructeurs automobiles les plus traditionnels au monde et est actuellement en pleine transition vers la mobilit\u00e9 \u00e9lectrique. Ces\" \/>\n<meta property=\"og:url\" content=\"https:\/\/vieassociative.be\/actualites\/ford-ne-proposera-des-vehicules-entierement-electriques-en-europe-que-dici-2030\/\" \/>\n<meta property=\"og:site_name\" content=\"Vie Associative\" \/>\n<meta property=\"article:published_time\" content=\"2026-04-30T09:19:24+00:00\" \/>\n<meta property=\"og:image\" content=\"https:\/\/vieassociative.be\/actualites\/wp-content\/uploads\/2024\/09\/header_backgroundk-01-e1726694325946.png\" \/>\n\t<meta property=\"og:image:width\" content=\"279\" \/>\n\t<meta property=\"og:image:height\" content=\"92\" \/>\n\t<meta property=\"og:image:type\" content=\"image\/png\" \/>\n<meta name=\"author\" content=\"Julien\" \/>\n<meta name=\"twitter:card\" content=\"summary_large_image\" \/>\n<meta name=\"twitter:label1\" content=\"\u00c9crit par\" \/>\n\t<meta name=\"twitter:data1\" content=\"Julien\" \/>\n\t<meta name=\"twitter:label2\" content=\"Dur\u00e9e de lecture est.\" \/>\n\t<meta name=\"twitter:data2\" content=\"3 minutes\" \/>\n<script type=\"application\/ld+json\" class=\"yoast-schema-graph\">{\"@context\":\"https:\/\/schema.org\",\"@graph\":[{\"@type\":\"Article\",\"@id\":\"https:\/\/vieassociative.be\/actualites\/ford-ne-proposera-des-vehicules-entierement-electriques-en-europe-que-dici-2030\/#article\",\"isPartOf\":{\"@id\":\"https:\/\/vieassociative.be\/actualites\/ford-ne-proposera-des-vehicules-entierement-electriques-en-europe-que-dici-2030\/\"},\"author\":{\"name\":\"Julien\",\"@id\":\"https:\/\/vieassociative.be\/actualites\/#\/schema\/person\/b87ac4f82f9d4e7b7cec7395b679edc4\"},\"headline\":\"Ford ne proposera des v\u00e9hicules enti\u00e8rement \u00e9lectriques en Europe que d&rsquo;ici 2030\",\"datePublished\":\"2026-04-30T09:19:24+00:00\",\"dateModified\":\"2026-04-30T09:19:24+00:00\",\"mainEntityOfPage\":{\"@id\":\"https:\/\/vieassociative.be\/actualites\/ford-ne-proposera-des-vehicules-entierement-electriques-en-europe-que-dici-2030\/\"},\"wordCount\":594,\"publisher\":{\"@id\":\"https:\/\/vieassociative.be\/actualites\/#organization\"},\"image\":{\"@id\":\"https:\/\/vieassociative.be\/actualites\/ford-ne-proposera-des-vehicules-entierement-electriques-en-europe-que-dici-2030\/#primaryimage\"},\"thumbnailUrl\":\"https:\/\/vieassociative.be\/actualites\/wp-content\/uploads\/2026\/01\/A-loccasion-du-Salon-de-lAuto-de-Bruxelles-les-showrooms.jpg\",\"keywords\":[\"Des\",\"dici\",\"\u00e9lectriques\",\"enti\u00e8rement\",\"Europe\",\"Ford\",\"proposera\",\"v\u00e9hicules\"],\"articleSection\":[\"Belgique\"],\"inLanguage\":\"fr-BE\"},{\"@type\":\"WebPage\",\"@id\":\"https:\/\/vieassociative.be\/actualites\/ford-ne-proposera-des-vehicules-entierement-electriques-en-europe-que-dici-2030\/\",\"url\":\"https:\/\/vieassociative.be\/actualites\/ford-ne-proposera-des-vehicules-entierement-electriques-en-europe-que-dici-2030\/\",\"name\":\"Ford ne proposera des v\u00e9hicules enti\u00e8rement \u00e9lectriques en Europe que d'ici 2030 | Vie Associative\",\"isPartOf\":{\"@id\":\"https:\/\/vieassociative.be\/actualites\/#website\"},\"primaryImageOfPage\":{\"@id\":\"https:\/\/vieassociative.be\/actualites\/ford-ne-proposera-des-vehicules-entierement-electriques-en-europe-que-dici-2030\/#primaryimage\"},\"image\":{\"@id\":\"https:\/\/vieassociative.be\/actualites\/ford-ne-proposera-des-vehicules-entierement-electriques-en-europe-que-dici-2030\/#primaryimage\"},\"thumbnailUrl\":\"https:\/\/vieassociative.be\/actualites\/wp-content\/uploads\/2026\/01\/A-loccasion-du-Salon-de-lAuto-de-Bruxelles-les-showrooms.jpg\",\"datePublished\":\"2026-04-30T09:19:24+00:00\",\"dateModified\":\"2026-04-30T09:19:24+00:00\",\"breadcrumb\":{\"@id\":\"https:\/\/vieassociative.be\/actualites\/ford-ne-proposera-des-vehicules-entierement-electriques-en-europe-que-dici-2030\/#breadcrumb\"},\"inLanguage\":\"fr-BE\",\"potentialAction\":[{\"@type\":\"ReadAction\",\"target\":[\"https:\/\/vieassociative.be\/actualites\/ford-ne-proposera-des-vehicules-entierement-electriques-en-europe-que-dici-2030\/\"]}]},{\"@type\":\"ImageObject\",\"inLanguage\":\"fr-BE\",\"@id\":\"https:\/\/vieassociative.be\/actualites\/ford-ne-proposera-des-vehicules-entierement-electriques-en-europe-que-dici-2030\/#primaryimage\",\"url\":\"https:\/\/vieassociative.be\/actualites\/wp-content\/uploads\/2026\/01\/A-loccasion-du-Salon-de-lAuto-de-Bruxelles-les-showrooms.jpg\",\"contentUrl\":\"https:\/\/vieassociative.be\/actualites\/wp-content\/uploads\/2026\/01\/A-loccasion-du-Salon-de-lAuto-de-Bruxelles-les-showrooms.jpg\",\"width\":1200,\"height\":800,\"caption\":\"A l'occasion du Salon de l'Auto de Bruxelles les showrooms SPIRLETAUTOMOBILES ouverts 7\/7 jours jusqu'au 31 janvier\"},{\"@type\":\"BreadcrumbList\",\"@id\":\"https:\/\/vieassociative.be\/actualites\/ford-ne-proposera-des-vehicules-entierement-electriques-en-europe-que-dici-2030\/#breadcrumb\",\"itemListElement\":[{\"@type\":\"ListItem\",\"position\":1,\"name\":\"Accueil\",\"item\":\"https:\/\/vieassociative.be\/actualites\/\"},{\"@type\":\"ListItem\",\"position\":2,\"name\":\"Ford ne proposera des v\u00e9hicules enti\u00e8rement \u00e9lectriques en Europe que d&rsquo;ici 2030\"}]},{\"@type\":\"WebSite\",\"@id\":\"https:\/\/vieassociative.be\/actualites\/#website\",\"url\":\"https:\/\/vieassociative.be\/actualites\/\",\"name\":\"Vie Associative\",\"description\":\"\",\"publisher\":{\"@id\":\"https:\/\/vieassociative.be\/actualites\/#organization\"},\"potentialAction\":[{\"@type\":\"SearchAction\",\"target\":{\"@type\":\"EntryPoint\",\"urlTemplate\":\"https:\/\/vieassociative.be\/actualites\/?s={search_term_string}\"},\"query-input\":{\"@type\":\"PropertyValueSpecification\",\"valueRequired\":true,\"valueName\":\"search_term_string\"}}],\"inLanguage\":\"fr-BE\"},{\"@type\":\"Organization\",\"@id\":\"https:\/\/vieassociative.be\/actualites\/#organization\",\"name\":\"Vie Associative\",\"url\":\"https:\/\/vieassociative.be\/actualites\/\",\"logo\":{\"@type\":\"ImageObject\",\"inLanguage\":\"fr-BE\",\"@id\":\"https:\/\/vieassociative.be\/actualites\/#\/schema\/logo\/image\/\",\"url\":\"https:\/\/vieassociative.be\/actualites\/wp-content\/uploads\/2024\/09\/cropped-vieassociative_favicon.ico.png\",\"contentUrl\":\"https:\/\/vieassociative.be\/actualites\/wp-content\/uploads\/2024\/09\/cropped-vieassociative_favicon.ico.png\",\"width\":512,\"height\":512,\"caption\":\"Vie Associative\"},\"image\":{\"@id\":\"https:\/\/vieassociative.be\/actualites\/#\/schema\/logo\/image\/\"}},{\"@type\":\"Person\",\"@id\":\"https:\/\/vieassociative.be\/actualites\/#\/schema\/person\/b87ac4f82f9d4e7b7cec7395b679edc4\",\"name\":\"Julien\",\"image\":{\"@type\":\"ImageObject\",\"inLanguage\":\"fr-BE\",\"@id\":\"https:\/\/vieassociative.be\/actualites\/#\/schema\/person\/image\/\",\"url\":\"https:\/\/vieassociative.be\/actualites\/wp-content\/uploads\/2024\/09\/vie-associative-1-150x150.jpg\",\"contentUrl\":\"https:\/\/vieassociative.be\/actualites\/wp-content\/uploads\/2024\/09\/vie-associative-1-150x150.jpg\",\"caption\":\"Julien\"},\"description\":\"Je suis Julien, r\u00e9dacteur pour Vie Associative. Passionn\u00e9 par le monde associatif depuis plus de 10 ans, j'ai \u00e0 c\u0153ur de partager des histoires inspirantes et de mettre en lumi\u00e8re les initiatives locales. Mon objectif est de sensibiliser et d'encourager l'engagement communautaire \u00e0 travers mes articles.\",\"sameAs\":[\"https:\/\/vieassociative.be\/\"]}]}<\/script>\n<!-- \/ Yoast SEO plugin. -->","yoast_head_json":{"title":"Ford ne proposera des v\u00e9hicules enti\u00e8rement \u00e9lectriques en Europe que d'ici 2030 | Vie Associative","robots":{"index":"index","follow":"follow","max-snippet":"max-snippet:-1","max-image-preview":"max-image-preview:large","max-video-preview":"max-video-preview:-1"},"canonical":"https:\/\/vieassociative.be\/actualites\/ford-ne-proposera-des-vehicules-entierement-electriques-en-europe-que-dici-2030\/","og_locale":"fr_FR","og_type":"article","og_title":"Ford ne proposera des v\u00e9hicules enti\u00e8rement \u00e9lectriques en Europe que d'ici 2030 | Vie Associative","og_description":"La Ford Motor Company est l\u2019un des constructeurs automobiles les plus traditionnels au monde et est actuellement en pleine transition vers la mobilit\u00e9 \u00e9lectrique. Ces","og_url":"https:\/\/vieassociative.be\/actualites\/ford-ne-proposera-des-vehicules-entierement-electriques-en-europe-que-dici-2030\/","og_site_name":"Vie Associative","article_published_time":"2026-04-30T09:19:24+00:00","og_image":[{"width":279,"height":92,"url":"https:\/\/vieassociative.be\/actualites\/wp-content\/uploads\/2024\/09\/header_backgroundk-01-e1726694325946.png","type":"image\/png"}],"author":"Julien","twitter_card":"summary_large_image","twitter_misc":{"\u00c9crit par":"Julien","Dur\u00e9e de lecture est.":"3 minutes"},"schema":{"@context":"https:\/\/schema.org","@graph":[{"@type":"Article","@id":"https:\/\/vieassociative.be\/actualites\/ford-ne-proposera-des-vehicules-entierement-electriques-en-europe-que-dici-2030\/#article","isPartOf":{"@id":"https:\/\/vieassociative.be\/actualites\/ford-ne-proposera-des-vehicules-entierement-electriques-en-europe-que-dici-2030\/"},"author":{"name":"Julien","@id":"https:\/\/vieassociative.be\/actualites\/#\/schema\/person\/b87ac4f82f9d4e7b7cec7395b679edc4"},"headline":"Ford ne proposera des v\u00e9hicules enti\u00e8rement \u00e9lectriques en Europe que d&rsquo;ici 2030","datePublished":"2026-04-30T09:19:24+00:00","dateModified":"2026-04-30T09:19:24+00:00","mainEntityOfPage":{"@id":"https:\/\/vieassociative.be\/actualites\/ford-ne-proposera-des-vehicules-entierement-electriques-en-europe-que-dici-2030\/"},"wordCount":594,"publisher":{"@id":"https:\/\/vieassociative.be\/actualites\/#organization"},"image":{"@id":"https:\/\/vieassociative.be\/actualites\/ford-ne-proposera-des-vehicules-entierement-electriques-en-europe-que-dici-2030\/#primaryimage"},"thumbnailUrl":"https:\/\/vieassociative.be\/actualites\/wp-content\/uploads\/2026\/01\/A-loccasion-du-Salon-de-lAuto-de-Bruxelles-les-showrooms.jpg","keywords":["Des","dici","\u00e9lectriques","enti\u00e8rement","Europe","Ford","proposera","v\u00e9hicules"],"articleSection":["Belgique"],"inLanguage":"fr-BE"},{"@type":"WebPage","@id":"https:\/\/vieassociative.be\/actualites\/ford-ne-proposera-des-vehicules-entierement-electriques-en-europe-que-dici-2030\/","url":"https:\/\/vieassociative.be\/actualites\/ford-ne-proposera-des-vehicules-entierement-electriques-en-europe-que-dici-2030\/","name":"Ford ne proposera des v\u00e9hicules enti\u00e8rement \u00e9lectriques en Europe que d'ici 2030 | Vie Associative","isPartOf":{"@id":"https:\/\/vieassociative.be\/actualites\/#website"},"primaryImageOfPage":{"@id":"https:\/\/vieassociative.be\/actualites\/ford-ne-proposera-des-vehicules-entierement-electriques-en-europe-que-dici-2030\/#primaryimage"},"image":{"@id":"https:\/\/vieassociative.be\/actualites\/ford-ne-proposera-des-vehicules-entierement-electriques-en-europe-que-dici-2030\/#primaryimage"},"thumbnailUrl":"https:\/\/vieassociative.be\/actualites\/wp-content\/uploads\/2026\/01\/A-loccasion-du-Salon-de-lAuto-de-Bruxelles-les-showrooms.jpg","datePublished":"2026-04-30T09:19:24+00:00","dateModified":"2026-04-30T09:19:24+00:00","breadcrumb":{"@id":"https:\/\/vieassociative.be\/actualites\/ford-ne-proposera-des-vehicules-entierement-electriques-en-europe-que-dici-2030\/#breadcrumb"},"inLanguage":"fr-BE","potentialAction":[{"@type":"ReadAction","target":["https:\/\/vieassociative.be\/actualites\/ford-ne-proposera-des-vehicules-entierement-electriques-en-europe-que-dici-2030\/"]}]},{"@type":"ImageObject","inLanguage":"fr-BE","@id":"https:\/\/vieassociative.be\/actualites\/ford-ne-proposera-des-vehicules-entierement-electriques-en-europe-que-dici-2030\/#primaryimage","url":"https:\/\/vieassociative.be\/actualites\/wp-content\/uploads\/2026\/01\/A-loccasion-du-Salon-de-lAuto-de-Bruxelles-les-showrooms.jpg","contentUrl":"https:\/\/vieassociative.be\/actualites\/wp-content\/uploads\/2026\/01\/A-loccasion-du-Salon-de-lAuto-de-Bruxelles-les-showrooms.jpg","width":1200,"height":800,"caption":"A l'occasion du Salon de l'Auto de Bruxelles les showrooms SPIRLETAUTOMOBILES ouverts 7\/7 jours jusqu'au 31 janvier"},{"@type":"BreadcrumbList","@id":"https:\/\/vieassociative.be\/actualites\/ford-ne-proposera-des-vehicules-entierement-electriques-en-europe-que-dici-2030\/#breadcrumb","itemListElement":[{"@type":"ListItem","position":1,"name":"Accueil","item":"https:\/\/vieassociative.be\/actualites\/"},{"@type":"ListItem","position":2,"name":"Ford ne proposera des v\u00e9hicules enti\u00e8rement \u00e9lectriques en Europe que d&rsquo;ici 2030"}]},{"@type":"WebSite","@id":"https:\/\/vieassociative.be\/actualites\/#website","url":"https:\/\/vieassociative.be\/actualites\/","name":"Vie Associative","description":"","publisher":{"@id":"https:\/\/vieassociative.be\/actualites\/#organization"},"potentialAction":[{"@type":"SearchAction","target":{"@type":"EntryPoint","urlTemplate":"https:\/\/vieassociative.be\/actualites\/?s={search_term_string}"},"query-input":{"@type":"PropertyValueSpecification","valueRequired":true,"valueName":"search_term_string"}}],"inLanguage":"fr-BE"},{"@type":"Organization","@id":"https:\/\/vieassociative.be\/actualites\/#organization","name":"Vie Associative","url":"https:\/\/vieassociative.be\/actualites\/","logo":{"@type":"ImageObject","inLanguage":"fr-BE","@id":"https:\/\/vieassociative.be\/actualites\/#\/schema\/logo\/image\/","url":"https:\/\/vieassociative.be\/actualites\/wp-content\/uploads\/2024\/09\/cropped-vieassociative_favicon.ico.png","contentUrl":"https:\/\/vieassociative.be\/actualites\/wp-content\/uploads\/2024\/09\/cropped-vieassociative_favicon.ico.png","width":512,"height":512,"caption":"Vie Associative"},"image":{"@id":"https:\/\/vieassociative.be\/actualites\/#\/schema\/logo\/image\/"}},{"@type":"Person","@id":"https:\/\/vieassociative.be\/actualites\/#\/schema\/person\/b87ac4f82f9d4e7b7cec7395b679edc4","name":"Julien","image":{"@type":"ImageObject","inLanguage":"fr-BE","@id":"https:\/\/vieassociative.be\/actualites\/#\/schema\/person\/image\/","url":"https:\/\/vieassociative.be\/actualites\/wp-content\/uploads\/2024\/09\/vie-associative-1-150x150.jpg","contentUrl":"https:\/\/vieassociative.be\/actualites\/wp-content\/uploads\/2024\/09\/vie-associative-1-150x150.jpg","caption":"Julien"},"description":"Je suis Julien, r\u00e9dacteur pour Vie Associative. Passionn\u00e9 par le monde associatif depuis plus de 10 ans, j'ai \u00e0 c\u0153ur de partager des histoires inspirantes et de mettre en lumi\u00e8re les initiatives locales. Mon objectif est de sensibiliser et d'encourager l'engagement communautaire \u00e0 travers mes articles.","sameAs":["https:\/\/vieassociative.be\/"]}]}},"_links":{"self":[{"href":"https:\/\/vieassociative.be\/actualites\/wp-json\/wp\/v2\/posts\/13639"}],"collection":[{"href":"https:\/\/vieassociative.be\/actualites\/wp-json\/wp\/v2\/posts"}],"about":[{"href":"https:\/\/vieassociative.be\/actualites\/wp-json\/wp\/v2\/types\/post"}],"author":[{"embeddable":true,"href":"https:\/\/vieassociative.be\/actualites\/wp-json\/wp\/v2\/users\/1"}],"replies":[{"embeddable":true,"href":"https:\/\/vieassociative.be\/actualites\/wp-json\/wp\/v2\/comments?post=13639"}],"version-history":[{"count":0,"href":"https:\/\/vieassociative.be\/actualites\/wp-json\/wp\/v2\/posts\/13639\/revisions"}],"wp:featuredmedia":[{"embeddable":true,"href":"https:\/\/vieassociative.be\/actualites\/wp-json\/wp\/v2\/media\/12143"}],"wp:attachment":[{"href":"https:\/\/vieassociative.be\/actualites\/wp-json\/wp\/v2\/media?parent=13639"}],"wp:term":[{"taxonomy":"category","embeddable":true,"href":"https:\/\/vieassociative.be\/actualites\/wp-json\/wp\/v2\/categories?post=13639"},{"taxonomy":"post_tag","embeddable":true,"href":"https:\/\/vieassociative.be\/actualites\/wp-json\/wp\/v2\/tags?post=13639"}],"curies":[{"name":"wp","href":"https:\/\/api.w.org\/{rel}","templated":true}]}}