{"id":13637,"date":"2026-04-30T10:17:46","date_gmt":"2026-04-30T08:17:46","guid":{"rendered":"https:\/\/vieassociative.be\/actualites\/pourquoi-je-ne-porte-jamais-de-bague-intelligente-pendant-mes-entrainements\/"},"modified":"2026-04-30T10:17:46","modified_gmt":"2026-04-30T08:17:46","slug":"pourquoi-je-ne-porte-jamais-de-bague-intelligente-pendant-mes-entrainements","status":"publish","type":"post","link":"https:\/\/vieassociative.be\/actualites\/pourquoi-je-ne-porte-jamais-de-bague-intelligente-pendant-mes-entrainements\/","title":{"rendered":"Pourquoi je ne porte jamais de bague intelligente pendant mes entra\u00eenements"},"content":{"rendered":"<p>Nous pouvons gagner une commission sur les liens sur cette page.<\/p>\n<p>De nos jours, chaque bague intelligente s&rsquo;appelle un tracker d&rsquo;activit\u00e9\u00a0; ils signaleront tous vos pas, vos calories et vos dur\u00e9es d&rsquo;entra\u00eenement. Mais je prends ma bague intelligente <em>d\u00e9sactiv\u00e9<\/em> quand je vais \u00e0 la salle de sport, et je n\u2019en recommanderais jamais un \u00e0 quelqu\u2019un qui recherche un tracker de fitness d\u00e9di\u00e9. Discutons un peu de pourquoi.<\/p>\n<div class=\"pogoClear mb-12 mt-10 rounded-md border-2 border-gray-100 py-7 shadow-xl md:py-6\">\n<div class=\"flex flex-wrap justify-between px-7 text-black no-underline md:flex-nowrap md:px-8\">\n<div class=\"order-1 mx-auto flex flex-col justify-center md:order-2 md:ml-4 md:w-full md:grow\">\n<div class=\"block cursor-pointer text-center font-akshar text-2xl font-medium leading-7 text-brand-green duration-200 ease-in-out hover:text-brand-green-700 md:text-left md:text-xl md:leading-6\">Bague Oura 4 &#8211; Noir &#8211; Taille 10 &#8211; Taille avant d&rsquo;acheter\n                <\/div>\n<div class=\"mt-4 hidden md:flex md:justify-between\">\n<div class=\"self-end\">\n<div class=\"mb-0 h-11 md:flex md:flex-col md:justify-center\">\n<div class=\" font-sans leading-4 text-black\">\n<div class=\"flex flex-wrap items-center justify-center gap-1 md:justify-start\">\n        <span class=\"font-bold\"><\/p>\n<p>            349,00\u00a0$<br \/>\n                            <span class=\"font-medium\">chez Amazon<\/span><br \/>\n                    <\/span>\n            <\/div>\n<\/p><\/div>\n<\/p><\/div>\n<\/p><\/div>\n<div class=\"w-44 self-end\">\n                            <button class=\"flex justify-center items-center w-full bg-brand-green text-white text-base font-sans font-medium rounded-md hover:bg-brand-green-700 hover:cursor-pointer md:text-sm h-11\"><\/p>\n<p>    Achetez maintenant<br \/>\n<\/button>\n                        <\/div>\n<\/p><\/div>\n<\/p><\/div>\n<div class=\"order-2 mt-5 h-auto w-full md:order-1 md:mt-0 md:hidden\">\n<div class=\"flex aspect-video items-center justify-center\">\n                                            <img decoding=\"async\" class=\"m-0 max-h-full max-w-full rounded-md\" src=\"https:\/\/vieassociative.be\/actualites\/wp-content\/uploads\/2026\/04\/Pourquoi-je-ne-porte-jamais-de-bague-intelligente-pendant-mes.jpg\" alt=\"Bague Oura 4 - Noir - Taille 10 - Taille avant d'acheter\" width=\"auto\" height=\"auto\" loading=\"lazy\">\n                                    <\/div>\n<\/p><\/div>\n<div class=\"order-2 ml-2 hidden w-32 shrink-0 items-center md:order-1 md:ml-0 md:flex\">\n<div class=\"flex aspect-video items-center justify-center\">\n                                            <img decoding=\"async\" class=\"m-0 max-h-full max-w-full rounded-md\" src=\"https:\/\/vieassociative.be\/actualites\/wp-content\/uploads\/2026\/04\/Pourquoi-je-ne-porte-jamais-de-bague-intelligente-pendant-mes.jpg\" alt=\"Bague Oura 4 - Noir - Taille 10 - Taille avant d'acheter\" width=\"auto\" height=\"auto\" loading=\"lazy\">\n                                    <\/div>\n<\/p><\/div>\n<div class=\"order-3 flex grow flex-wrap md:hidden md:grow-0\">\n<div class=\"mt-4 w-full\">\n                        <button class=\"flex justify-center items-center w-full bg-brand-green text-white text-base font-sans font-medium rounded-md hover:bg-brand-green-700 hover:cursor-pointer md:text-sm h-11\"><\/p>\n<p>    Achetez maintenant<br \/>\n<\/button>\n                    <\/div>\n<div class=\"mx-2 mt-4 w-full\">\n<div class=\" font-sans leading-4 text-black\">\n<div class=\"flex flex-wrap items-center justify-center gap-1 md:justify-start\">\n        <span class=\"font-bold\"><\/p>\n<p>            349,00\u00a0$<br \/>\n                            <span class=\"font-medium\">chez Amazon<\/span><br \/>\n                    <\/span>\n            <\/div>\n<\/p><\/div>\n<\/p><\/div>\n<\/p><\/div>\n<\/p><\/div>\n<\/div>\n<h2 id=\"what-smart-rings-are-good-for\">\u00c0 quoi servent les bagues intelligentes<\/h2>\n<p>Avant d&rsquo;aborder les sonneries intelligentes <em>ne peut pas<\/em> faites bien, je veux expliquer pourquoi je pense qu&rsquo;ils sont un portable vraiment utile pour la bonne personne. Je porte un Oura depuis des ann\u00e9es et j&rsquo;ai test\u00e9 plusieurs autres grandes marques de bagues intelligentes (par exemple, voici mes critiques de l&rsquo;Ultrahuman Air et du RingConn 2). J&rsquo;appr\u00e9cie beaucoup de choses dans les bagues intelligentes\u00a0!<\/p>\n<p>J&rsquo;aime le fait que les bagues intelligentes soient confortables pendant le sommeil et discr\u00e8tes au quotidien. Je porte une alliance, donc j&rsquo;ai d\u00e9j\u00e0 l&rsquo;habitude d&rsquo;enlever les bagues lorsque j&rsquo;ai besoin de faire quelque chose o\u00f9 les bagues pourraient g\u00eaner, principalement des s\u00e9ances d&rsquo;entra\u00eenement en salle de sport. Je veux que mes bagues intelligentes suivent mon sommeil et ma r\u00e9cup\u00e9ration, et si elles peuvent d\u00e9tecter une activit\u00e9 accidentelle comme une promenade au magasin, c&rsquo;est g\u00e9nial.<\/p>\n<p>Les bagues intelligentes conviennent \u00e0 deux types de personnes. L&rsquo;une est la personne qui ne suit g\u00e9n\u00e9ralement pas ses exercices, mais qui souhaite garder un \u0153il sur son sommeil et avoir une id\u00e9e g\u00e9n\u00e9rale de son activit\u00e9 pendant la journ\u00e9e. Une bague qui peut capter au cours de leur marche de 30 minutes fait beaucoup. L&rsquo;autre est une personne qui se soucie de ses mesures pendant les entra\u00eenements, <em>et dispose d&rsquo;un deuxi\u00e8me appareil pour suivre cela<\/em>comme une Apple Watch ou une Garmin. L&rsquo;anneau intelligent peut collecter des donn\u00e9es sur leur sommeil et les parties de la journ\u00e9e sans entra\u00eenement.<\/p>\n<p>Bien que les anneaux intelligents se soient am\u00e9lior\u00e9s en mati\u00e8re de suivi d&rsquo;activit\u00e9 au fil des ans, ils pr\u00e9sentent toujours des inconv\u00e9nients fondamentaux qui signifient que je ne recommanderai jamais un anneau intelligent comme outil de suivi d&rsquo;entra\u00eenement s\u00e9rieux.<\/p>\n<h2 id=\"smart-rings-are-impractical-when-lifting-weights\">Les anneaux intelligents ne sont pas pratiques pour soulever des poids<\/h2>\n<p>Cela n\u2019a aucun sens de porter un anneau intelligent pour soulever une barre, faire un pull-up ou faire la plupart des exercices avec des machines ou des halt\u00e8res. Les anneaux intelligents sont \u00e9pais et volumineux, et s&rsquo;ils pr\u00e9sentent des bosses de capteur \u00e0 l&rsquo;int\u00e9rieur, c&rsquo;est encore pire. Il <em>\u00e7a fait mal<\/em> porter une bague intelligente tout en saisissant correctement une barre pour un exercice de traction.<\/p>\n<p>Laissez-moi vous expliquer ce que j&rsquo;entends par bonne adh\u00e9rence, car les exercices de pouss\u00e9e et de traction sont diff\u00e9rents. Vous pouvez porter des anneaux pour les exercices de pouss\u00e9e si vous le souhaitez, car la barre doit reposer dans la paume de votre main. Je consid\u00e8re mon avant-bras comme un pilier qui supporte le poids de ma main. C&rsquo;est ainsi que je tiens la barre pour quelque chose comme un d\u00e9velopp\u00e9 couch\u00e9.<\/p>\n<p>Mais lors d&rsquo;un exercice de traction, comme un soulev\u00e9 de terre, un pull-up ou une rang\u00e9e d&rsquo;halt\u00e8res, la barre ou la poign\u00e9e doit reposer \u00e0 la base de vos doigts, l\u00e0 o\u00f9 vos doigts rencontrent votre paume. Si c&rsquo;\u00e9tait sur votre paume, vous pinceriez la peau et risqueriez de d\u00e9chirer les callosit\u00e9s. L\u2019endroit o\u00f9 vous devez tenir la barre est exactement l\u00e0 o\u00f9 se trouvent les anneaux. Certaines personnes gardent leur alliance lorsqu\u2019elles la soul\u00e8vent, et si l\u2019anneau est suffisamment petit, il se peut qu\u2019il ne g\u00eane pas trop. Mais les anneaux intelligents sont tellement plus gros qu\u2019ils ne sont vraiment pas compatibles.<\/p>\n<p>Une bonne prise en main poussera douloureusement l\u2019anneau contre votre doigt. Outre l&rsquo;inconfort, cela donne \u00e9galement une pr\u00e9hension moins efficace, puisque la barre peut glisser contre la surface de l&rsquo;anneau. Vous voulez que vos doigts soient enroul\u00e9s autour de la barre, car la barre est maintenue en place par friction entre votre peau et la barre. Je ne peux pas attraper correctement un arrach\u00e9 avec une bague intelligente \u00e0 mon index. <\/p>\n<h2 id=\"safety-concerns-arent-my-main-issue-but-theyre-worth-considering\">Les probl\u00e8mes de s\u00e9curit\u00e9 ne sont pas mon principal probl\u00e8me, mais ils m\u00e9ritent d&rsquo;\u00eatre pris en compte<\/h2>\n<p>Il y a deux autres facteurs qui ne me viennent pas \u00e0 l&rsquo;esprit, puisque le probl\u00e8me d&rsquo;adh\u00e9rence est d\u00e9j\u00e0 un facteur d\u00e9cisif, mais qui reviennent fr\u00e9quemment lorsque les gens discutent de cette question. L&rsquo;une est l&rsquo;id\u00e9e que soulever n&rsquo;est pas s\u00fbr <em>pour la bague<\/em>&#8211; que l&rsquo;anneau sera ray\u00e9 par la barre ou tout autre \u00e9quipement de gymnastique. Et oui, ce sera probablement le cas. Certaines bagues sont plus r\u00e9sistantes que d\u2019autres, cela varie donc selon la marque et la finition. Ma bague Oura 3 en argent est un peu \u00e9rafl\u00e9e apr\u00e8s des ann\u00e9es d&rsquo;usure, mais pas trop visiblement. Ma bague Oura noire 4 pr\u00e9sente des rayures tr\u00e8s visibles l\u00e0 o\u00f9 la finition s&rsquo;est d\u00e9tach\u00e9e. Vous pouvez obtenir des housses en silicone pour les anneaux intelligents, mais cela ne me d\u00e9rangerait pas : ils ne feront qu&rsquo;ajouter aux probl\u00e8mes d&rsquo;adh\u00e9rence que j&rsquo;ai d\u00e9crits car ils ajoutent du volume \u00e0 l&rsquo;anneau.<\/p>\n<p>L\u2019autre probl\u00e8me est que certaines personnes refusent d\u2019utiliser des anneaux lorsqu\u2019elles s\u2019entra\u00eenent pour des raisons de s\u00e9curit\u00e9, apr\u00e8s avoir malheureusement recherch\u00e9 sur Google les termes \u00ab d\u00e9gantage \u00bb ou \u00ab avulsion d\u2019anneau \u00bb. Celles-ci font r\u00e9f\u00e9rence \u00e0 une blessure d\u00e9vastatrice, n\u00e9cessitant parfois une amputation, o\u00f9 un anneau se coince dans quelque chose et arrache la chair de votre doigt. Ce type de blessure a tendance \u00e0 \u00eatre associ\u00e9 \u00e0 des ph\u00e9nom\u00e8nes tels que les accidents du travail et les chutes.<\/p>\n<p>Je n&rsquo;ai pas pu trouver de donn\u00e9es concernant des blessures graves aux doigts li\u00e9es \u00e0 la lev\u00e9e de poids avec un anneau, et je soup\u00e7onne que la peur d&rsquo;un d\u00e9gantage al\u00e9atoire au gymnase, bien qu&rsquo;elle soit fr\u00e9quemment discut\u00e9e en ligne, est un peu disproportionn\u00e9e par rapport au risque r\u00e9el. Pourtant, c&rsquo;est probablement une bonne pratique d&rsquo;\u00e9viter de porter des bagues \u00e0 la salle de sport (intelligente ou autre).<\/p>\n<h2 id=\"they-arent-always-accurate-enough-for-heart-rate-tracking\">Ils ne sont pas toujours assez pr\u00e9cis pour le suivi de la fr\u00e9quence cardiaque<\/h2>\n<p>Il est difficile pour une bague intelligente de suivre avec pr\u00e9cision la fr\u00e9quence cardiaque. Certains le font mieux que d\u2019autres, mais tr\u00e8s peu sont bons dans leur travail, et aucun n\u2019est excellent. Contrairement \u00e0 une montre, une bague n&rsquo;a pas de bracelet r\u00e9glable que vous pouvez utiliser pour serrer le capteur contre votre peau. S&rsquo;il fait chaud et que vos doigts gonflent, vous obtiendrez probablement de meilleures donn\u00e9es, mais vous aurez \u00e9galement du mal \u00e0 retirer la bague \u00e0 la fin de la journ\u00e9e. S&rsquo;il fait plus froid et plus sec et que l&rsquo;anneau glisse, la lecture risque de ne pas \u00eatre bonne du tout.<\/p>\n<p>Les bagues utilisent un type de capteur de fr\u00e9quence cardiaque similaire \u00e0 celui des montres, mais les montres ont plus de peau sur laquelle faire briller un capteur et une forme globale plus grande pour bloquer la lumi\u00e8re ext\u00e9rieure. Le porteur de la montre peut contr\u00f4ler l&rsquo;ajustement. Les anneaux sont d\u00e9savantag\u00e9s sur tous ces points. Je soup\u00e7onne cyniquement que ces probl\u00e8mes de pr\u00e9cision expliquent pourquoi la plupart des applications de bague intelligente n&rsquo;affichent pas de graphiques d\u00e9taill\u00e9s de la fr\u00e9quence cardiaque ou ne permettent pas d&rsquo;exporter les donn\u00e9es de fr\u00e9quence cardiaque vers d&rsquo;autres applications. (Merci au Samsung Galaxy Ring, qui permet l&rsquo;exportation de donn\u00e9es. Par co\u00efncidence, il a la fr\u00e9quence cardiaque la plus pr\u00e9cise des anneaux que j&rsquo;ai test\u00e9s.)<\/p>\n<h2 id=\"tracking-workouts-on-a-ring-is-annoying\">Suivre les entra\u00eenements sur un ring est ennuyeux<\/h2>\n<p>M\u00eame si vous souhaitez suivre une s\u00e9ance de cardio sur votre bague intelligente, ce n&rsquo;est pas une t\u00e2che facile. Vous devez d\u00e9marrer et arr\u00eater l&rsquo;entra\u00eenement \u00e0 partir de l&rsquo;application t\u00e9l\u00e9phonique de votre ring, ce qui est p\u00e9nible (et la plupart des applications ring ne proposent pas d&rsquo;activit\u00e9 en direct pour vous rappeler d&rsquo;arr\u00eater l&rsquo;entra\u00eenement lorsque vous avez termin\u00e9). Certains anneaux ont une fonction de d\u00e9tection automatique des entra\u00eenements, ce qui supprime cet inconv\u00e9nient. Mais alors tu es \u00e0 la merci du ring pour d\u00e9cider quand <em>il<\/em> pense que votre entra\u00eenement s&rsquo;est arr\u00eat\u00e9 et a commenc\u00e9. Si vous souhaitez suivre, disons, un jogging de 30 minutes, vous devez esp\u00e9rer qu&rsquo;il choisisse un point de d\u00e9part et un point d&rsquo;arriv\u00e9e raisonnables. Parfois, la pr\u00e9diction de l&rsquo;anneau peut \u00eatre erron\u00e9e de plusieurs minutes.<\/p>\n<h2 id=\"smart-rings-make-more-sense-as-a-recovery-tracker-than-a-fitness-tracker\">Les anneaux intelligents ont plus de sens comme tracker de r\u00e9cup\u00e9ration que comme tracker de fitness<\/h2>\n<p>Avec ces inconv\u00e9nients, pourquoi est-ce que j\u2019aime toujours les bagues intelligentes ? Parce que je ne les consid\u00e8re pas comme des trackers de fitness. Un anneau intelligent peut suivre des mesures de sommeil telles que le temps de sommeil et le VRC, et c&rsquo;est utile m\u00eame sans le suivi de la condition physique. Je tire moins parti d&rsquo;autres mesures comme le suivi du stress (je partage ici le scepticisme de ma coll\u00e8gue Meredith). Les applications de bague intelligente ont souvent d&rsquo;autres fonctions, comme le suivi des habitudes ou de la nutrition, qui ne sont pas des fonctionnalit\u00e9s de la bague elle-m\u00eame mais peuvent \u00eatre un moyen pratique de conserver vos donn\u00e9es ensemble.<\/p>\n<p>Les bagues intelligentes sont pour tous <em>que<\/em>pas pour le suivi de la condition physique. Bien que je porte des bagues intelligentes depuis des ann\u00e9es, je ne peux pas dire que j&rsquo;ai jamais pris soin de suivre une s\u00e9ance d&rsquo;entra\u00eenement avec une (\u00e0 part tester les fonctionnalit\u00e9s de l&rsquo;appareil). J&rsquo;ai du mal \u00e0 penser \u00e0 un exercice qu&rsquo;il serait m\u00eame logique de suivre avec un anneau. Si je cours, je souhaite conna\u00eetre mon allure et ma fr\u00e9quence cardiaque en temps r\u00e9el, avec une montre. Si je veux simplement noter que j&rsquo;ai soulev\u00e9 ou fait une promenade un certain jour, ce n&rsquo;est pas comme si j&rsquo;avais besoin des donn\u00e9es de suivi d&rsquo;un anneau pour noter cela.<\/p>\n<p>En fin de compte, une bague intelligente est efficace dans beaucoup de choses, mais pas dans le suivi des exercices. J&rsquo;utilise une montre pour tout ce qui me permet de suivre ma fr\u00e9quence cardiaque en temps r\u00e9el (puisque je peux jeter un coup d&rsquo;\u0153il \u00e0 la montre pour la voir) et je laisse ma bague intelligente g\u00e9rer tout ce qui se passe. <em>dehors<\/em> la salle de sport.<\/p>\n","protected":false},"excerpt":{"rendered":"<p>Nous pouvons gagner une commission sur les liens sur cette page. De nos jours, chaque bague intelligente s&rsquo;appelle un tracker d&rsquo;activit\u00e9\u00a0; ils signaleront tous vos<\/p>\n","protected":false},"author":1,"featured_media":13638,"comment_status":"","ping_status":"","sticky":false,"template":"","format":"standard","meta":{"footnotes":""},"categories":[10234],"tags":[4970,2095,1614,851,87,198,3911,734],"class_list":["post-13637","post","type-post","status-publish","format-standard","has-post-thumbnail","hentry","category-fitness","tag-bague","tag-entrainements","tag-intelligente","tag-jamais","tag-mes","tag-pendant","tag-porte","tag-pourquoi","generate-columns","tablet-grid-50","mobile-grid-100","grid-parent","grid-33"],"yoast_head":"<!-- This site is optimized with the Yoast SEO plugin v24.0 - https:\/\/yoast.com\/wordpress\/plugins\/seo\/ -->\n<title>Pourquoi je ne porte jamais de bague intelligente pendant mes entra\u00eenements | Vie Associative<\/title>\n<meta name=\"robots\" content=\"index, follow, max-snippet:-1, max-image-preview:large, max-video-preview:-1\" \/>\n<link rel=\"canonical\" href=\"https:\/\/vieassociative.be\/actualites\/pourquoi-je-ne-porte-jamais-de-bague-intelligente-pendant-mes-entrainements\/\" \/>\n<meta property=\"og:locale\" content=\"fr_FR\" \/>\n<meta property=\"og:type\" content=\"article\" \/>\n<meta property=\"og:title\" content=\"Pourquoi je ne porte jamais de bague intelligente pendant mes entra\u00eenements | Vie Associative\" \/>\n<meta property=\"og:description\" content=\"Nous pouvons gagner une commission sur les liens sur cette page. De nos jours, chaque bague intelligente s&rsquo;appelle un tracker d&rsquo;activit\u00e9\u00a0; ils signaleront tous vos\" \/>\n<meta property=\"og:url\" content=\"https:\/\/vieassociative.be\/actualites\/pourquoi-je-ne-porte-jamais-de-bague-intelligente-pendant-mes-entrainements\/\" \/>\n<meta property=\"og:site_name\" content=\"Vie Associative\" \/>\n<meta property=\"article:published_time\" content=\"2026-04-30T08:17:46+00:00\" \/>\n<meta property=\"og:image\" content=\"https:\/\/vieassociative.be\/actualites\/wp-content\/uploads\/2026\/04\/Pourquoi-je-ne-porte-jamais-de-bague-intelligente-pendant-mes.jpg\" \/>\n<meta name=\"author\" content=\"Julien\" \/>\n<meta name=\"twitter:card\" content=\"summary_large_image\" \/>\n<meta name=\"twitter:label1\" content=\"\u00c9crit par\" \/>\n\t<meta name=\"twitter:data1\" content=\"Julien\" \/>\n\t<meta name=\"twitter:label2\" content=\"Dur\u00e9e de lecture est.\" \/>\n\t<meta name=\"twitter:data2\" content=\"9 minutes\" \/>\n<script type=\"application\/ld+json\" class=\"yoast-schema-graph\">{\"@context\":\"https:\/\/schema.org\",\"@graph\":[{\"@type\":\"Article\",\"@id\":\"https:\/\/vieassociative.be\/actualites\/pourquoi-je-ne-porte-jamais-de-bague-intelligente-pendant-mes-entrainements\/#article\",\"isPartOf\":{\"@id\":\"https:\/\/vieassociative.be\/actualites\/pourquoi-je-ne-porte-jamais-de-bague-intelligente-pendant-mes-entrainements\/\"},\"author\":{\"name\":\"Julien\",\"@id\":\"https:\/\/vieassociative.be\/actualites\/#\/schema\/person\/b87ac4f82f9d4e7b7cec7395b679edc4\"},\"headline\":\"Pourquoi je ne porte jamais de bague intelligente pendant mes entra\u00eenements\",\"datePublished\":\"2026-04-30T08:17:46+00:00\",\"dateModified\":\"2026-04-30T08:17:46+00:00\",\"mainEntityOfPage\":{\"@id\":\"https:\/\/vieassociative.be\/actualites\/pourquoi-je-ne-porte-jamais-de-bague-intelligente-pendant-mes-entrainements\/\"},\"wordCount\":1933,\"publisher\":{\"@id\":\"https:\/\/vieassociative.be\/actualites\/#organization\"},\"image\":{\"@id\":\"https:\/\/vieassociative.be\/actualites\/pourquoi-je-ne-porte-jamais-de-bague-intelligente-pendant-mes-entrainements\/#primaryimage\"},\"thumbnailUrl\":\"https:\/\/vieassociative.be\/actualites\/wp-content\/uploads\/2026\/04\/1777537068_Pourquoi-je-ne-porte-jamais-de-bague-intelligente-pendant-mes.jpg\",\"keywords\":[\"bague\",\"entra\u00eenements\",\"intelligente\",\"jamais\",\"Mes\",\"pendant\",\"porte\",\"Pourquoi\"],\"articleSection\":[\"Fitness\"],\"inLanguage\":\"fr-BE\"},{\"@type\":\"WebPage\",\"@id\":\"https:\/\/vieassociative.be\/actualites\/pourquoi-je-ne-porte-jamais-de-bague-intelligente-pendant-mes-entrainements\/\",\"url\":\"https:\/\/vieassociative.be\/actualites\/pourquoi-je-ne-porte-jamais-de-bague-intelligente-pendant-mes-entrainements\/\",\"name\":\"Pourquoi je ne porte jamais de bague intelligente pendant mes entra\u00eenements | Vie Associative\",\"isPartOf\":{\"@id\":\"https:\/\/vieassociative.be\/actualites\/#website\"},\"primaryImageOfPage\":{\"@id\":\"https:\/\/vieassociative.be\/actualites\/pourquoi-je-ne-porte-jamais-de-bague-intelligente-pendant-mes-entrainements\/#primaryimage\"},\"image\":{\"@id\":\"https:\/\/vieassociative.be\/actualites\/pourquoi-je-ne-porte-jamais-de-bague-intelligente-pendant-mes-entrainements\/#primaryimage\"},\"thumbnailUrl\":\"https:\/\/vieassociative.be\/actualites\/wp-content\/uploads\/2026\/04\/1777537068_Pourquoi-je-ne-porte-jamais-de-bague-intelligente-pendant-mes.jpg\",\"datePublished\":\"2026-04-30T08:17:46+00:00\",\"dateModified\":\"2026-04-30T08:17:46+00:00\",\"breadcrumb\":{\"@id\":\"https:\/\/vieassociative.be\/actualites\/pourquoi-je-ne-porte-jamais-de-bague-intelligente-pendant-mes-entrainements\/#breadcrumb\"},\"inLanguage\":\"fr-BE\",\"potentialAction\":[{\"@type\":\"ReadAction\",\"target\":[\"https:\/\/vieassociative.be\/actualites\/pourquoi-je-ne-porte-jamais-de-bague-intelligente-pendant-mes-entrainements\/\"]}]},{\"@type\":\"ImageObject\",\"inLanguage\":\"fr-BE\",\"@id\":\"https:\/\/vieassociative.be\/actualites\/pourquoi-je-ne-porte-jamais-de-bague-intelligente-pendant-mes-entrainements\/#primaryimage\",\"url\":\"https:\/\/vieassociative.be\/actualites\/wp-content\/uploads\/2026\/04\/1777537068_Pourquoi-je-ne-porte-jamais-de-bague-intelligente-pendant-mes.jpg\",\"contentUrl\":\"https:\/\/vieassociative.be\/actualites\/wp-content\/uploads\/2026\/04\/1777537068_Pourquoi-je-ne-porte-jamais-de-bague-intelligente-pendant-mes.jpg\",\"width\":1200,\"height\":675,\"caption\":\"Pourquoi je ne porte jamais de bague intelligente pendant mes entra\u00eenements\"},{\"@type\":\"BreadcrumbList\",\"@id\":\"https:\/\/vieassociative.be\/actualites\/pourquoi-je-ne-porte-jamais-de-bague-intelligente-pendant-mes-entrainements\/#breadcrumb\",\"itemListElement\":[{\"@type\":\"ListItem\",\"position\":1,\"name\":\"Accueil\",\"item\":\"https:\/\/vieassociative.be\/actualites\/\"},{\"@type\":\"ListItem\",\"position\":2,\"name\":\"Pourquoi je ne porte jamais de bague intelligente pendant mes entra\u00eenements\"}]},{\"@type\":\"WebSite\",\"@id\":\"https:\/\/vieassociative.be\/actualites\/#website\",\"url\":\"https:\/\/vieassociative.be\/actualites\/\",\"name\":\"Vie Associative\",\"description\":\"\",\"publisher\":{\"@id\":\"https:\/\/vieassociative.be\/actualites\/#organization\"},\"potentialAction\":[{\"@type\":\"SearchAction\",\"target\":{\"@type\":\"EntryPoint\",\"urlTemplate\":\"https:\/\/vieassociative.be\/actualites\/?s={search_term_string}\"},\"query-input\":{\"@type\":\"PropertyValueSpecification\",\"valueRequired\":true,\"valueName\":\"search_term_string\"}}],\"inLanguage\":\"fr-BE\"},{\"@type\":\"Organization\",\"@id\":\"https:\/\/vieassociative.be\/actualites\/#organization\",\"name\":\"Vie Associative\",\"url\":\"https:\/\/vieassociative.be\/actualites\/\",\"logo\":{\"@type\":\"ImageObject\",\"inLanguage\":\"fr-BE\",\"@id\":\"https:\/\/vieassociative.be\/actualites\/#\/schema\/logo\/image\/\",\"url\":\"https:\/\/vieassociative.be\/actualites\/wp-content\/uploads\/2024\/09\/cropped-vieassociative_favicon.ico.png\",\"contentUrl\":\"https:\/\/vieassociative.be\/actualites\/wp-content\/uploads\/2024\/09\/cropped-vieassociative_favicon.ico.png\",\"width\":512,\"height\":512,\"caption\":\"Vie Associative\"},\"image\":{\"@id\":\"https:\/\/vieassociative.be\/actualites\/#\/schema\/logo\/image\/\"}},{\"@type\":\"Person\",\"@id\":\"https:\/\/vieassociative.be\/actualites\/#\/schema\/person\/b87ac4f82f9d4e7b7cec7395b679edc4\",\"name\":\"Julien\",\"image\":{\"@type\":\"ImageObject\",\"inLanguage\":\"fr-BE\",\"@id\":\"https:\/\/vieassociative.be\/actualites\/#\/schema\/person\/image\/\",\"url\":\"https:\/\/vieassociative.be\/actualites\/wp-content\/uploads\/2024\/09\/vie-associative-1-150x150.jpg\",\"contentUrl\":\"https:\/\/vieassociative.be\/actualites\/wp-content\/uploads\/2024\/09\/vie-associative-1-150x150.jpg\",\"caption\":\"Julien\"},\"description\":\"Je suis Julien, r\u00e9dacteur pour Vie Associative. Passionn\u00e9 par le monde associatif depuis plus de 10 ans, j'ai \u00e0 c\u0153ur de partager des histoires inspirantes et de mettre en lumi\u00e8re les initiatives locales. Mon objectif est de sensibiliser et d'encourager l'engagement communautaire \u00e0 travers mes articles.\",\"sameAs\":[\"https:\/\/vieassociative.be\/\"]}]}<\/script>\n<!-- \/ Yoast SEO plugin. -->","yoast_head_json":{"title":"Pourquoi je ne porte jamais de bague intelligente pendant mes entra\u00eenements | Vie Associative","robots":{"index":"index","follow":"follow","max-snippet":"max-snippet:-1","max-image-preview":"max-image-preview:large","max-video-preview":"max-video-preview:-1"},"canonical":"https:\/\/vieassociative.be\/actualites\/pourquoi-je-ne-porte-jamais-de-bague-intelligente-pendant-mes-entrainements\/","og_locale":"fr_FR","og_type":"article","og_title":"Pourquoi je ne porte jamais de bague intelligente pendant mes entra\u00eenements | Vie Associative","og_description":"Nous pouvons gagner une commission sur les liens sur cette page. De nos jours, chaque bague intelligente s&rsquo;appelle un tracker d&rsquo;activit\u00e9\u00a0; ils signaleront tous vos","og_url":"https:\/\/vieassociative.be\/actualites\/pourquoi-je-ne-porte-jamais-de-bague-intelligente-pendant-mes-entrainements\/","og_site_name":"Vie Associative","article_published_time":"2026-04-30T08:17:46+00:00","og_image":[{"url":"https:\/\/vieassociative.be\/actualites\/wp-content\/uploads\/2026\/04\/Pourquoi-je-ne-porte-jamais-de-bague-intelligente-pendant-mes.jpg","type":"","width":"","height":""}],"author":"Julien","twitter_card":"summary_large_image","twitter_misc":{"\u00c9crit par":"Julien","Dur\u00e9e de lecture est.":"9 minutes"},"schema":{"@context":"https:\/\/schema.org","@graph":[{"@type":"Article","@id":"https:\/\/vieassociative.be\/actualites\/pourquoi-je-ne-porte-jamais-de-bague-intelligente-pendant-mes-entrainements\/#article","isPartOf":{"@id":"https:\/\/vieassociative.be\/actualites\/pourquoi-je-ne-porte-jamais-de-bague-intelligente-pendant-mes-entrainements\/"},"author":{"name":"Julien","@id":"https:\/\/vieassociative.be\/actualites\/#\/schema\/person\/b87ac4f82f9d4e7b7cec7395b679edc4"},"headline":"Pourquoi je ne porte jamais de bague intelligente pendant mes entra\u00eenements","datePublished":"2026-04-30T08:17:46+00:00","dateModified":"2026-04-30T08:17:46+00:00","mainEntityOfPage":{"@id":"https:\/\/vieassociative.be\/actualites\/pourquoi-je-ne-porte-jamais-de-bague-intelligente-pendant-mes-entrainements\/"},"wordCount":1933,"publisher":{"@id":"https:\/\/vieassociative.be\/actualites\/#organization"},"image":{"@id":"https:\/\/vieassociative.be\/actualites\/pourquoi-je-ne-porte-jamais-de-bague-intelligente-pendant-mes-entrainements\/#primaryimage"},"thumbnailUrl":"https:\/\/vieassociative.be\/actualites\/wp-content\/uploads\/2026\/04\/1777537068_Pourquoi-je-ne-porte-jamais-de-bague-intelligente-pendant-mes.jpg","keywords":["bague","entra\u00eenements","intelligente","jamais","Mes","pendant","porte","Pourquoi"],"articleSection":["Fitness"],"inLanguage":"fr-BE"},{"@type":"WebPage","@id":"https:\/\/vieassociative.be\/actualites\/pourquoi-je-ne-porte-jamais-de-bague-intelligente-pendant-mes-entrainements\/","url":"https:\/\/vieassociative.be\/actualites\/pourquoi-je-ne-porte-jamais-de-bague-intelligente-pendant-mes-entrainements\/","name":"Pourquoi je ne porte jamais de bague intelligente pendant mes entra\u00eenements | Vie Associative","isPartOf":{"@id":"https:\/\/vieassociative.be\/actualites\/#website"},"primaryImageOfPage":{"@id":"https:\/\/vieassociative.be\/actualites\/pourquoi-je-ne-porte-jamais-de-bague-intelligente-pendant-mes-entrainements\/#primaryimage"},"image":{"@id":"https:\/\/vieassociative.be\/actualites\/pourquoi-je-ne-porte-jamais-de-bague-intelligente-pendant-mes-entrainements\/#primaryimage"},"thumbnailUrl":"https:\/\/vieassociative.be\/actualites\/wp-content\/uploads\/2026\/04\/1777537068_Pourquoi-je-ne-porte-jamais-de-bague-intelligente-pendant-mes.jpg","datePublished":"2026-04-30T08:17:46+00:00","dateModified":"2026-04-30T08:17:46+00:00","breadcrumb":{"@id":"https:\/\/vieassociative.be\/actualites\/pourquoi-je-ne-porte-jamais-de-bague-intelligente-pendant-mes-entrainements\/#breadcrumb"},"inLanguage":"fr-BE","potentialAction":[{"@type":"ReadAction","target":["https:\/\/vieassociative.be\/actualites\/pourquoi-je-ne-porte-jamais-de-bague-intelligente-pendant-mes-entrainements\/"]}]},{"@type":"ImageObject","inLanguage":"fr-BE","@id":"https:\/\/vieassociative.be\/actualites\/pourquoi-je-ne-porte-jamais-de-bague-intelligente-pendant-mes-entrainements\/#primaryimage","url":"https:\/\/vieassociative.be\/actualites\/wp-content\/uploads\/2026\/04\/1777537068_Pourquoi-je-ne-porte-jamais-de-bague-intelligente-pendant-mes.jpg","contentUrl":"https:\/\/vieassociative.be\/actualites\/wp-content\/uploads\/2026\/04\/1777537068_Pourquoi-je-ne-porte-jamais-de-bague-intelligente-pendant-mes.jpg","width":1200,"height":675,"caption":"Pourquoi je ne porte jamais de bague intelligente pendant mes entra\u00eenements"},{"@type":"BreadcrumbList","@id":"https:\/\/vieassociative.be\/actualites\/pourquoi-je-ne-porte-jamais-de-bague-intelligente-pendant-mes-entrainements\/#breadcrumb","itemListElement":[{"@type":"ListItem","position":1,"name":"Accueil","item":"https:\/\/vieassociative.be\/actualites\/"},{"@type":"ListItem","position":2,"name":"Pourquoi je ne porte jamais de bague intelligente pendant mes entra\u00eenements"}]},{"@type":"WebSite","@id":"https:\/\/vieassociative.be\/actualites\/#website","url":"https:\/\/vieassociative.be\/actualites\/","name":"Vie Associative","description":"","publisher":{"@id":"https:\/\/vieassociative.be\/actualites\/#organization"},"potentialAction":[{"@type":"SearchAction","target":{"@type":"EntryPoint","urlTemplate":"https:\/\/vieassociative.be\/actualites\/?s={search_term_string}"},"query-input":{"@type":"PropertyValueSpecification","valueRequired":true,"valueName":"search_term_string"}}],"inLanguage":"fr-BE"},{"@type":"Organization","@id":"https:\/\/vieassociative.be\/actualites\/#organization","name":"Vie Associative","url":"https:\/\/vieassociative.be\/actualites\/","logo":{"@type":"ImageObject","inLanguage":"fr-BE","@id":"https:\/\/vieassociative.be\/actualites\/#\/schema\/logo\/image\/","url":"https:\/\/vieassociative.be\/actualites\/wp-content\/uploads\/2024\/09\/cropped-vieassociative_favicon.ico.png","contentUrl":"https:\/\/vieassociative.be\/actualites\/wp-content\/uploads\/2024\/09\/cropped-vieassociative_favicon.ico.png","width":512,"height":512,"caption":"Vie Associative"},"image":{"@id":"https:\/\/vieassociative.be\/actualites\/#\/schema\/logo\/image\/"}},{"@type":"Person","@id":"https:\/\/vieassociative.be\/actualites\/#\/schema\/person\/b87ac4f82f9d4e7b7cec7395b679edc4","name":"Julien","image":{"@type":"ImageObject","inLanguage":"fr-BE","@id":"https:\/\/vieassociative.be\/actualites\/#\/schema\/person\/image\/","url":"https:\/\/vieassociative.be\/actualites\/wp-content\/uploads\/2024\/09\/vie-associative-1-150x150.jpg","contentUrl":"https:\/\/vieassociative.be\/actualites\/wp-content\/uploads\/2024\/09\/vie-associative-1-150x150.jpg","caption":"Julien"},"description":"Je suis Julien, r\u00e9dacteur pour Vie Associative. Passionn\u00e9 par le monde associatif depuis plus de 10 ans, j'ai \u00e0 c\u0153ur de partager des histoires inspirantes et de mettre en lumi\u00e8re les initiatives locales. Mon objectif est de sensibiliser et d'encourager l'engagement communautaire \u00e0 travers mes articles.","sameAs":["https:\/\/vieassociative.be\/"]}]}},"_links":{"self":[{"href":"https:\/\/vieassociative.be\/actualites\/wp-json\/wp\/v2\/posts\/13637"}],"collection":[{"href":"https:\/\/vieassociative.be\/actualites\/wp-json\/wp\/v2\/posts"}],"about":[{"href":"https:\/\/vieassociative.be\/actualites\/wp-json\/wp\/v2\/types\/post"}],"author":[{"embeddable":true,"href":"https:\/\/vieassociative.be\/actualites\/wp-json\/wp\/v2\/users\/1"}],"replies":[{"embeddable":true,"href":"https:\/\/vieassociative.be\/actualites\/wp-json\/wp\/v2\/comments?post=13637"}],"version-history":[{"count":0,"href":"https:\/\/vieassociative.be\/actualites\/wp-json\/wp\/v2\/posts\/13637\/revisions"}],"wp:featuredmedia":[{"embeddable":true,"href":"https:\/\/vieassociative.be\/actualites\/wp-json\/wp\/v2\/media\/13638"}],"wp:attachment":[{"href":"https:\/\/vieassociative.be\/actualites\/wp-json\/wp\/v2\/media?parent=13637"}],"wp:term":[{"taxonomy":"category","embeddable":true,"href":"https:\/\/vieassociative.be\/actualites\/wp-json\/wp\/v2\/categories?post=13637"},{"taxonomy":"post_tag","embeddable":true,"href":"https:\/\/vieassociative.be\/actualites\/wp-json\/wp\/v2\/tags?post=13637"}],"curies":[{"name":"wp","href":"https:\/\/api.w.org\/{rel}","templated":true}]}}