{"id":13635,"date":"2026-04-30T05:17:01","date_gmt":"2026-04-30T03:17:01","guid":{"rendered":"https:\/\/vieassociative.be\/actualites\/le-president-americain-trump-sen-prend-personnellement-au-chancelier-merz-il-na-aucune-idee-de-ce-dont-il-parle\/"},"modified":"2026-04-30T05:17:01","modified_gmt":"2026-04-30T03:17:01","slug":"le-president-americain-trump-sen-prend-personnellement-au-chancelier-merz-il-na-aucune-idee-de-ce-dont-il-parle","status":"publish","type":"post","link":"https:\/\/vieassociative.be\/actualites\/le-president-americain-trump-sen-prend-personnellement-au-chancelier-merz-il-na-aucune-idee-de-ce-dont-il-parle\/","title":{"rendered":"Le pr\u00e9sident am\u00e9ricain Trump s\u2019en prend personnellement au chancelier Merz : \u00ab Il n\u2019a aucune id\u00e9e de ce dont il parle \u00bb"},"content":{"rendered":"<p><strong>Il y a moins de deux mois, le pr\u00e9sident am\u00e9ricain a salu\u00e9 la chanceli\u00e8re allemande comme un \u00ab excellent leader \u00bb. Maintenant, il l\u2019accuse de n\u2019en avoir aucune id\u00e9e. Que s&rsquo;est-il pass\u00e9 l\u00e0-bas ?<\/strong><\/p>\n<p><span id=\"more-438697\"><\/span>La guerre en Iran met de plus en plus \u00e0 rude \u00e9preuve les relations germano-am\u00e9ricaines. Le chancelier Friedrich Merz accuse les \u00c9tats-Unis de se laisser humilier par l\u2019Iran et subit d\u00e9sormais une attaque personnelle du pr\u00e9sident am\u00e9ricain Donald Trump comme on n\u2019en a jamais vu auparavant.<\/p>\n<p>\u00ab Il n\u2019a aucune id\u00e9e de ce dont il parle \u00bb, a \u00e9crit Trump \u00e0 propos du chancelier sur sa plateforme Truth Social. Il n\u2019est pas \u00e9tonnant \u00ab que l\u2019Allemagne se porte si mal, tant sur le plan \u00e9conomique qu\u2019\u00e0 d\u2019autres \u00e9gards \u00bb.<\/p>\n<p>\u00c0 en juger par les d\u00e9clarations de Trump, la relation personnelle entre les deux semble avoir atteint un nouveau plus bas. Merz a toutefois r\u00e9fut\u00e9 cette impression lors d&rsquo;une conf\u00e9rence de presse \u00e0 Berlin ce matin. \u00ab\u00a0Les relations personnelles entre le pr\u00e9sident am\u00e9ricain et moi restent bonnes \u2013 du moins de mon point de vue\u00a0\u00bb, a-t-il d\u00e9clar\u00e9. \u00ab\u00a0Nous sommes toujours en bonnes discussions les uns avec les autres.\u00a0\u00bb<\/p>\n<\/p>\n<div id=\"attachment_438700\" class=\"wp-caption alignleft\" style=\"max-width: 300px\"><img fetchpriority=\"high\" decoding=\"async\" class=\"wp-image-438700 size-medium\" src=\"https:\/\/vieassociative.be\/actualites\/wp-content\/uploads\/2026\/04\/Le-president-americain-Trump-sen-prend-personnellement-au-chancelier-Merz.jpg\" alt=\"\" width=\"300\" height=\"200\"><\/div>\n<p><strong>\u2013 Trump a pr\u00e9dit de \u00ab bonnes relations \u00bb avec l\u2019Allemagne :<\/strong><br \/>\n Cependant, il est ind\u00e9niable que les relations entre Trump et Merz se sont consid\u00e9rablement d\u00e9t\u00e9rior\u00e9es au lendemain de la guerre en Iran, apr\u00e8s un \u00ab d\u00e9but de r\u00eave \u00bb lors de leur visite inaugurale en juin dernier. De retour dans le Bureau ovale, Trump a d\u00e9crit le politicien de la CDU comme un \u00ab homme respect\u00e9 \u00bb et \u00ab bon \u00bb et a promis : \u00ab Nous aurons d\u2019excellentes relations avec votre pays \u00bb.<\/p>\n<p>Il en a \u00e9t\u00e9 de m\u00eame d\u00e9but mars, lorsque Merz est revenu au Bureau Ovale peu apr\u00e8s l\u2019attaque contre l\u2019Iran et a \u00e9t\u00e9 salu\u00e9 par Trump comme un \u00ab homme tr\u00e8s r\u00e9ussi \u00bb et un \u00ab excellent leader \u00bb qui faisait un \u00ab excellent travail \u00bb. \u00c0 l&rsquo;\u00e9poque, Merz n&rsquo;avait m\u00eame pas contest\u00e9 les critiques du pr\u00e9sident am\u00e9ricain concernant le manque de soutien de l&rsquo;Espagne et de la Grande-Bretagne dans la guerre en Iran.<\/p>\n<p>Plusieurs raisons expliquent la volte-face de la chanceli\u00e8re peu de temps apr\u00e8s : le fait que l&rsquo;Allemagne n&rsquo;a pas \u00e9t\u00e9 impliqu\u00e9e dans la d\u00e9cision. Le manque de clart\u00e9 sur l\u2019objectif r\u00e9el. L\u2019escalade dans toute la r\u00e9gion du Moyen-Orient. L&rsquo;escalade dramatique de la crise \u00e9nerg\u00e9tique due au blocus du d\u00e9troit d&rsquo;Ormuz.<\/p>\n<p><strong>\u2013 Merz est \u00ab d\u00e9sormais d\u00e9sillusionn\u00e9 \u00bb : <\/strong>La frustration de la chanceli\u00e8re face \u00e0 l&rsquo;impasse du conflit est devenue de plus en plus \u00e9vidente ces derniers jours. \u00ab\u00a0Oui, je suis d\u00e9sormais d\u00e9sillusionn\u00e9\u00a0\u00bb, a-t-il admis lundi en marge de la r\u00e9union de l&rsquo;Union \u00e0 Berlin. Il avait d\u00e9j\u00e0 d\u00e9clar\u00e9 lors d\u2019une discussion avec des \u00e9tudiants du Sauerland : \u00ab Une nation enti\u00e8re est humili\u00e9e par le gouvernement iranien. \u00bb Les \u00c9tats-Unis n\u2019ont pas pu mettre fin \u00e0 la guerre rapidement \u00ab parce que les Iraniens sont manifestement plus forts que pr\u00e9vu et que les Am\u00e9ricains n\u2019ont manifestement pas de strat\u00e9gie vraiment convaincante dans les n\u00e9gociations \u00bb.<\/p>\n<p>Ces d\u00e9clarations ont provoqu\u00e9 un \u00e9moi international et pourraient avoir \u00e9t\u00e9 le d\u00e9clencheur de l&rsquo;attaque personnelle de Trump contre Merz. Aujourd&rsquo;hui, les souvenirs du d\u00e9saccord entre l&rsquo;ancien pr\u00e9sident am\u00e9ricain George W. Bush et le chancelier de l&rsquo;\u00e9poque Gerhard Schr\u00f6der (SPD) \u00e0 propos du non de l&rsquo;Allemagne \u00e0 la guerre en Irak se r\u00e9veillent. Et des attaques de Trump contre la chanceli\u00e8re Angela Merkel (CDU) de l&rsquo;\u00e9poque et contre l&rsquo;Allemagne au cours de son premier mandat, alors que ses principales pr\u00e9occupations \u00e9taient les d\u00e9penses de d\u00e9fense et le gazoduc Nord Stream de la mer Baltique.<\/p>\n<p><strong>\u2013 Trump est \u00e9galement en d\u00e9saccord avec les autres Europ\u00e9ens :<\/strong> Merz n\u2019est pas le premier homme politique de premier plan en Europe \u00e0 \u00eatre massivement attaqu\u00e9 par Trump. Le Premier ministre britannique Keir Starmer et le pr\u00e9sident fran\u00e7ais Emmanuel Macron sont \u00e9galement tomb\u00e9s en disgr\u00e2ce aupr\u00e8s du r\u00e9publicain. R\u00e9cemment, apr\u00e8s les critiques du pr\u00e9sident am\u00e9ricain \u00e0 l&rsquo;\u00e9gard du pape, il y a m\u00eame eu un affrontement entre celui-ci et la Premi\u00e8re ministre italienne Giorgia Meloni. (dpa)<\/p>\n","protected":false},"excerpt":{"rendered":"<p>Il y a moins de deux mois, le pr\u00e9sident am\u00e9ricain a salu\u00e9 la chanceli\u00e8re allemande comme un \u00ab excellent leader \u00bb. Maintenant, il l\u2019accuse de<\/p>\n","protected":false},"author":1,"featured_media":13636,"comment_status":"","ping_status":"","sticky":false,"template":"","format":"standard","meta":{"footnotes":""},"categories":[298],"tags":[10,4102,2865,257,6162,4061,3127,10322,3315,3075,3956,2425],"class_list":["post-13635","post","type-post","status-publish","format-standard","has-post-thumbnail","hentry","category-belgique","tag-americain","tag-aucune","tag-chancelier","tag-dont","tag-idee","tag-merz","tag-parle","tag-personnellement","tag-prend","tag-president","tag-sen","tag-trump","generate-columns","tablet-grid-50","mobile-grid-100","grid-parent","grid-33"],"yoast_head":"<!-- This site is optimized with the Yoast SEO plugin v24.0 - https:\/\/yoast.com\/wordpress\/plugins\/seo\/ -->\n<title>Le pr\u00e9sident am\u00e9ricain Trump s\u2019en prend personnellement au chancelier Merz : \u00ab Il n\u2019a aucune id\u00e9e de ce dont il parle \u00bb | Vie Associative<\/title>\n<meta name=\"robots\" content=\"index, follow, max-snippet:-1, max-image-preview:large, max-video-preview:-1\" \/>\n<link rel=\"canonical\" href=\"https:\/\/vieassociative.be\/actualites\/le-president-americain-trump-sen-prend-personnellement-au-chancelier-merz-il-na-aucune-idee-de-ce-dont-il-parle\/\" \/>\n<meta property=\"og:locale\" content=\"fr_FR\" \/>\n<meta property=\"og:type\" content=\"article\" \/>\n<meta property=\"og:title\" content=\"Le pr\u00e9sident am\u00e9ricain Trump s\u2019en prend personnellement au chancelier Merz : \u00ab Il n\u2019a aucune id\u00e9e de ce dont il parle \u00bb | Vie Associative\" \/>\n<meta property=\"og:description\" content=\"Il y a moins de deux mois, le pr\u00e9sident am\u00e9ricain a salu\u00e9 la chanceli\u00e8re allemande comme un \u00ab excellent leader \u00bb. Maintenant, il l\u2019accuse de\" \/>\n<meta property=\"og:url\" content=\"https:\/\/vieassociative.be\/actualites\/le-president-americain-trump-sen-prend-personnellement-au-chancelier-merz-il-na-aucune-idee-de-ce-dont-il-parle\/\" \/>\n<meta property=\"og:site_name\" content=\"Vie Associative\" \/>\n<meta property=\"article:published_time\" content=\"2026-04-30T03:17:01+00:00\" \/>\n<meta property=\"og:image\" content=\"https:\/\/vieassociative.be\/actualites\/wp-content\/uploads\/2024\/09\/header_backgroundk-01-e1726694325946.png\" \/>\n\t<meta property=\"og:image:width\" content=\"279\" \/>\n\t<meta property=\"og:image:height\" content=\"92\" \/>\n\t<meta property=\"og:image:type\" content=\"image\/png\" \/>\n<meta name=\"author\" content=\"Julien\" \/>\n<meta name=\"twitter:card\" content=\"summary_large_image\" \/>\n<meta name=\"twitter:label1\" content=\"\u00c9crit par\" \/>\n\t<meta name=\"twitter:data1\" content=\"Julien\" \/>\n\t<meta name=\"twitter:label2\" content=\"Dur\u00e9e de lecture est.\" \/>\n\t<meta name=\"twitter:data2\" content=\"4 minutes\" \/>\n<script type=\"application\/ld+json\" class=\"yoast-schema-graph\">{\"@context\":\"https:\/\/schema.org\",\"@graph\":[{\"@type\":\"Article\",\"@id\":\"https:\/\/vieassociative.be\/actualites\/le-president-americain-trump-sen-prend-personnellement-au-chancelier-merz-il-na-aucune-idee-de-ce-dont-il-parle\/#article\",\"isPartOf\":{\"@id\":\"https:\/\/vieassociative.be\/actualites\/le-president-americain-trump-sen-prend-personnellement-au-chancelier-merz-il-na-aucune-idee-de-ce-dont-il-parle\/\"},\"author\":{\"name\":\"Julien\",\"@id\":\"https:\/\/vieassociative.be\/actualites\/#\/schema\/person\/b87ac4f82f9d4e7b7cec7395b679edc4\"},\"headline\":\"Le pr\u00e9sident am\u00e9ricain Trump s\u2019en prend personnellement au chancelier Merz : \u00ab Il n\u2019a aucune id\u00e9e de ce dont il parle \u00bb\",\"datePublished\":\"2026-04-30T03:17:01+00:00\",\"dateModified\":\"2026-04-30T03:17:01+00:00\",\"mainEntityOfPage\":{\"@id\":\"https:\/\/vieassociative.be\/actualites\/le-president-americain-trump-sen-prend-personnellement-au-chancelier-merz-il-na-aucune-idee-de-ce-dont-il-parle\/\"},\"wordCount\":769,\"publisher\":{\"@id\":\"https:\/\/vieassociative.be\/actualites\/#organization\"},\"image\":{\"@id\":\"https:\/\/vieassociative.be\/actualites\/le-president-americain-trump-sen-prend-personnellement-au-chancelier-merz-il-na-aucune-idee-de-ce-dont-il-parle\/#primaryimage\"},\"thumbnailUrl\":\"https:\/\/vieassociative.be\/actualites\/wp-content\/uploads\/2026\/04\/1777519023_Le-president-americain-Trump-sen-prend-personnellement-au-chancelier-Merz.jpg\",\"keywords\":[\"am\u00e9ricain\",\"Aucune\",\"chancelier\",\"dont\",\"id\u00e9e\",\"Merz\",\"parle\",\"personnellement\",\"prend\",\"pr\u00e9sident\",\"sen\",\"Trump\"],\"articleSection\":[\"Belgique\"],\"inLanguage\":\"fr-BE\"},{\"@type\":\"WebPage\",\"@id\":\"https:\/\/vieassociative.be\/actualites\/le-president-americain-trump-sen-prend-personnellement-au-chancelier-merz-il-na-aucune-idee-de-ce-dont-il-parle\/\",\"url\":\"https:\/\/vieassociative.be\/actualites\/le-president-americain-trump-sen-prend-personnellement-au-chancelier-merz-il-na-aucune-idee-de-ce-dont-il-parle\/\",\"name\":\"Le pr\u00e9sident am\u00e9ricain Trump s\u2019en prend personnellement au chancelier Merz : \u00ab Il n\u2019a aucune id\u00e9e de ce dont il parle \u00bb | Vie Associative\",\"isPartOf\":{\"@id\":\"https:\/\/vieassociative.be\/actualites\/#website\"},\"primaryImageOfPage\":{\"@id\":\"https:\/\/vieassociative.be\/actualites\/le-president-americain-trump-sen-prend-personnellement-au-chancelier-merz-il-na-aucune-idee-de-ce-dont-il-parle\/#primaryimage\"},\"image\":{\"@id\":\"https:\/\/vieassociative.be\/actualites\/le-president-americain-trump-sen-prend-personnellement-au-chancelier-merz-il-na-aucune-idee-de-ce-dont-il-parle\/#primaryimage\"},\"thumbnailUrl\":\"https:\/\/vieassociative.be\/actualites\/wp-content\/uploads\/2026\/04\/1777519023_Le-president-americain-Trump-sen-prend-personnellement-au-chancelier-Merz.jpg\",\"datePublished\":\"2026-04-30T03:17:01+00:00\",\"dateModified\":\"2026-04-30T03:17:01+00:00\",\"breadcrumb\":{\"@id\":\"https:\/\/vieassociative.be\/actualites\/le-president-americain-trump-sen-prend-personnellement-au-chancelier-merz-il-na-aucune-idee-de-ce-dont-il-parle\/#breadcrumb\"},\"inLanguage\":\"fr-BE\",\"potentialAction\":[{\"@type\":\"ReadAction\",\"target\":[\"https:\/\/vieassociative.be\/actualites\/le-president-americain-trump-sen-prend-personnellement-au-chancelier-merz-il-na-aucune-idee-de-ce-dont-il-parle\/\"]}]},{\"@type\":\"ImageObject\",\"inLanguage\":\"fr-BE\",\"@id\":\"https:\/\/vieassociative.be\/actualites\/le-president-americain-trump-sen-prend-personnellement-au-chancelier-merz-il-na-aucune-idee-de-ce-dont-il-parle\/#primaryimage\",\"url\":\"https:\/\/vieassociative.be\/actualites\/wp-content\/uploads\/2026\/04\/1777519023_Le-president-americain-Trump-sen-prend-personnellement-au-chancelier-Merz.jpg\",\"contentUrl\":\"https:\/\/vieassociative.be\/actualites\/wp-content\/uploads\/2026\/04\/1777519023_Le-president-americain-Trump-sen-prend-personnellement-au-chancelier-Merz.jpg\",\"width\":1200,\"height\":638,\"caption\":\"Le pr\u00e9sident am\u00e9ricain Trump s\u2019en prend personnellement au chancelier Merz : \u00ab Il n\u2019a aucune id\u00e9e de ce dont il parle \u00bb\"},{\"@type\":\"BreadcrumbList\",\"@id\":\"https:\/\/vieassociative.be\/actualites\/le-president-americain-trump-sen-prend-personnellement-au-chancelier-merz-il-na-aucune-idee-de-ce-dont-il-parle\/#breadcrumb\",\"itemListElement\":[{\"@type\":\"ListItem\",\"position\":1,\"name\":\"Accueil\",\"item\":\"https:\/\/vieassociative.be\/actualites\/\"},{\"@type\":\"ListItem\",\"position\":2,\"name\":\"Le pr\u00e9sident am\u00e9ricain Trump s\u2019en prend personnellement au chancelier Merz : \u00ab Il n\u2019a aucune id\u00e9e de ce dont il parle \u00bb\"}]},{\"@type\":\"WebSite\",\"@id\":\"https:\/\/vieassociative.be\/actualites\/#website\",\"url\":\"https:\/\/vieassociative.be\/actualites\/\",\"name\":\"Vie Associative\",\"description\":\"\",\"publisher\":{\"@id\":\"https:\/\/vieassociative.be\/actualites\/#organization\"},\"potentialAction\":[{\"@type\":\"SearchAction\",\"target\":{\"@type\":\"EntryPoint\",\"urlTemplate\":\"https:\/\/vieassociative.be\/actualites\/?s={search_term_string}\"},\"query-input\":{\"@type\":\"PropertyValueSpecification\",\"valueRequired\":true,\"valueName\":\"search_term_string\"}}],\"inLanguage\":\"fr-BE\"},{\"@type\":\"Organization\",\"@id\":\"https:\/\/vieassociative.be\/actualites\/#organization\",\"name\":\"Vie Associative\",\"url\":\"https:\/\/vieassociative.be\/actualites\/\",\"logo\":{\"@type\":\"ImageObject\",\"inLanguage\":\"fr-BE\",\"@id\":\"https:\/\/vieassociative.be\/actualites\/#\/schema\/logo\/image\/\",\"url\":\"https:\/\/vieassociative.be\/actualites\/wp-content\/uploads\/2024\/09\/cropped-vieassociative_favicon.ico.png\",\"contentUrl\":\"https:\/\/vieassociative.be\/actualites\/wp-content\/uploads\/2024\/09\/cropped-vieassociative_favicon.ico.png\",\"width\":512,\"height\":512,\"caption\":\"Vie Associative\"},\"image\":{\"@id\":\"https:\/\/vieassociative.be\/actualites\/#\/schema\/logo\/image\/\"}},{\"@type\":\"Person\",\"@id\":\"https:\/\/vieassociative.be\/actualites\/#\/schema\/person\/b87ac4f82f9d4e7b7cec7395b679edc4\",\"name\":\"Julien\",\"image\":{\"@type\":\"ImageObject\",\"inLanguage\":\"fr-BE\",\"@id\":\"https:\/\/vieassociative.be\/actualites\/#\/schema\/person\/image\/\",\"url\":\"https:\/\/vieassociative.be\/actualites\/wp-content\/uploads\/2024\/09\/vie-associative-1-150x150.jpg\",\"contentUrl\":\"https:\/\/vieassociative.be\/actualites\/wp-content\/uploads\/2024\/09\/vie-associative-1-150x150.jpg\",\"caption\":\"Julien\"},\"description\":\"Je suis Julien, r\u00e9dacteur pour Vie Associative. Passionn\u00e9 par le monde associatif depuis plus de 10 ans, j'ai \u00e0 c\u0153ur de partager des histoires inspirantes et de mettre en lumi\u00e8re les initiatives locales. Mon objectif est de sensibiliser et d'encourager l'engagement communautaire \u00e0 travers mes articles.\",\"sameAs\":[\"https:\/\/vieassociative.be\/\"]}]}<\/script>\n<!-- \/ Yoast SEO plugin. -->","yoast_head_json":{"title":"Le pr\u00e9sident am\u00e9ricain Trump s\u2019en prend personnellement au chancelier Merz : \u00ab Il n\u2019a aucune id\u00e9e de ce dont il parle \u00bb | Vie Associative","robots":{"index":"index","follow":"follow","max-snippet":"max-snippet:-1","max-image-preview":"max-image-preview:large","max-video-preview":"max-video-preview:-1"},"canonical":"https:\/\/vieassociative.be\/actualites\/le-president-americain-trump-sen-prend-personnellement-au-chancelier-merz-il-na-aucune-idee-de-ce-dont-il-parle\/","og_locale":"fr_FR","og_type":"article","og_title":"Le pr\u00e9sident am\u00e9ricain Trump s\u2019en prend personnellement au chancelier Merz : \u00ab Il n\u2019a aucune id\u00e9e de ce dont il parle \u00bb | Vie Associative","og_description":"Il y a moins de deux mois, le pr\u00e9sident am\u00e9ricain a salu\u00e9 la chanceli\u00e8re allemande comme un \u00ab excellent leader \u00bb. Maintenant, il l\u2019accuse de","og_url":"https:\/\/vieassociative.be\/actualites\/le-president-americain-trump-sen-prend-personnellement-au-chancelier-merz-il-na-aucune-idee-de-ce-dont-il-parle\/","og_site_name":"Vie Associative","article_published_time":"2026-04-30T03:17:01+00:00","og_image":[{"width":279,"height":92,"url":"https:\/\/vieassociative.be\/actualites\/wp-content\/uploads\/2024\/09\/header_backgroundk-01-e1726694325946.png","type":"image\/png"}],"author":"Julien","twitter_card":"summary_large_image","twitter_misc":{"\u00c9crit par":"Julien","Dur\u00e9e de lecture est.":"4 minutes"},"schema":{"@context":"https:\/\/schema.org","@graph":[{"@type":"Article","@id":"https:\/\/vieassociative.be\/actualites\/le-president-americain-trump-sen-prend-personnellement-au-chancelier-merz-il-na-aucune-idee-de-ce-dont-il-parle\/#article","isPartOf":{"@id":"https:\/\/vieassociative.be\/actualites\/le-president-americain-trump-sen-prend-personnellement-au-chancelier-merz-il-na-aucune-idee-de-ce-dont-il-parle\/"},"author":{"name":"Julien","@id":"https:\/\/vieassociative.be\/actualites\/#\/schema\/person\/b87ac4f82f9d4e7b7cec7395b679edc4"},"headline":"Le pr\u00e9sident am\u00e9ricain Trump s\u2019en prend personnellement au chancelier Merz : \u00ab Il n\u2019a aucune id\u00e9e de ce dont il parle \u00bb","datePublished":"2026-04-30T03:17:01+00:00","dateModified":"2026-04-30T03:17:01+00:00","mainEntityOfPage":{"@id":"https:\/\/vieassociative.be\/actualites\/le-president-americain-trump-sen-prend-personnellement-au-chancelier-merz-il-na-aucune-idee-de-ce-dont-il-parle\/"},"wordCount":769,"publisher":{"@id":"https:\/\/vieassociative.be\/actualites\/#organization"},"image":{"@id":"https:\/\/vieassociative.be\/actualites\/le-president-americain-trump-sen-prend-personnellement-au-chancelier-merz-il-na-aucune-idee-de-ce-dont-il-parle\/#primaryimage"},"thumbnailUrl":"https:\/\/vieassociative.be\/actualites\/wp-content\/uploads\/2026\/04\/1777519023_Le-president-americain-Trump-sen-prend-personnellement-au-chancelier-Merz.jpg","keywords":["am\u00e9ricain","Aucune","chancelier","dont","id\u00e9e","Merz","parle","personnellement","prend","pr\u00e9sident","sen","Trump"],"articleSection":["Belgique"],"inLanguage":"fr-BE"},{"@type":"WebPage","@id":"https:\/\/vieassociative.be\/actualites\/le-president-americain-trump-sen-prend-personnellement-au-chancelier-merz-il-na-aucune-idee-de-ce-dont-il-parle\/","url":"https:\/\/vieassociative.be\/actualites\/le-president-americain-trump-sen-prend-personnellement-au-chancelier-merz-il-na-aucune-idee-de-ce-dont-il-parle\/","name":"Le pr\u00e9sident am\u00e9ricain Trump s\u2019en prend personnellement au chancelier Merz : \u00ab Il n\u2019a aucune id\u00e9e de ce dont il parle \u00bb | Vie Associative","isPartOf":{"@id":"https:\/\/vieassociative.be\/actualites\/#website"},"primaryImageOfPage":{"@id":"https:\/\/vieassociative.be\/actualites\/le-president-americain-trump-sen-prend-personnellement-au-chancelier-merz-il-na-aucune-idee-de-ce-dont-il-parle\/#primaryimage"},"image":{"@id":"https:\/\/vieassociative.be\/actualites\/le-president-americain-trump-sen-prend-personnellement-au-chancelier-merz-il-na-aucune-idee-de-ce-dont-il-parle\/#primaryimage"},"thumbnailUrl":"https:\/\/vieassociative.be\/actualites\/wp-content\/uploads\/2026\/04\/1777519023_Le-president-americain-Trump-sen-prend-personnellement-au-chancelier-Merz.jpg","datePublished":"2026-04-30T03:17:01+00:00","dateModified":"2026-04-30T03:17:01+00:00","breadcrumb":{"@id":"https:\/\/vieassociative.be\/actualites\/le-president-americain-trump-sen-prend-personnellement-au-chancelier-merz-il-na-aucune-idee-de-ce-dont-il-parle\/#breadcrumb"},"inLanguage":"fr-BE","potentialAction":[{"@type":"ReadAction","target":["https:\/\/vieassociative.be\/actualites\/le-president-americain-trump-sen-prend-personnellement-au-chancelier-merz-il-na-aucune-idee-de-ce-dont-il-parle\/"]}]},{"@type":"ImageObject","inLanguage":"fr-BE","@id":"https:\/\/vieassociative.be\/actualites\/le-president-americain-trump-sen-prend-personnellement-au-chancelier-merz-il-na-aucune-idee-de-ce-dont-il-parle\/#primaryimage","url":"https:\/\/vieassociative.be\/actualites\/wp-content\/uploads\/2026\/04\/1777519023_Le-president-americain-Trump-sen-prend-personnellement-au-chancelier-Merz.jpg","contentUrl":"https:\/\/vieassociative.be\/actualites\/wp-content\/uploads\/2026\/04\/1777519023_Le-president-americain-Trump-sen-prend-personnellement-au-chancelier-Merz.jpg","width":1200,"height":638,"caption":"Le pr\u00e9sident am\u00e9ricain Trump s\u2019en prend personnellement au chancelier Merz : \u00ab Il n\u2019a aucune id\u00e9e de ce dont il parle \u00bb"},{"@type":"BreadcrumbList","@id":"https:\/\/vieassociative.be\/actualites\/le-president-americain-trump-sen-prend-personnellement-au-chancelier-merz-il-na-aucune-idee-de-ce-dont-il-parle\/#breadcrumb","itemListElement":[{"@type":"ListItem","position":1,"name":"Accueil","item":"https:\/\/vieassociative.be\/actualites\/"},{"@type":"ListItem","position":2,"name":"Le pr\u00e9sident am\u00e9ricain Trump s\u2019en prend personnellement au chancelier Merz : \u00ab Il n\u2019a aucune id\u00e9e de ce dont il parle \u00bb"}]},{"@type":"WebSite","@id":"https:\/\/vieassociative.be\/actualites\/#website","url":"https:\/\/vieassociative.be\/actualites\/","name":"Vie Associative","description":"","publisher":{"@id":"https:\/\/vieassociative.be\/actualites\/#organization"},"potentialAction":[{"@type":"SearchAction","target":{"@type":"EntryPoint","urlTemplate":"https:\/\/vieassociative.be\/actualites\/?s={search_term_string}"},"query-input":{"@type":"PropertyValueSpecification","valueRequired":true,"valueName":"search_term_string"}}],"inLanguage":"fr-BE"},{"@type":"Organization","@id":"https:\/\/vieassociative.be\/actualites\/#organization","name":"Vie Associative","url":"https:\/\/vieassociative.be\/actualites\/","logo":{"@type":"ImageObject","inLanguage":"fr-BE","@id":"https:\/\/vieassociative.be\/actualites\/#\/schema\/logo\/image\/","url":"https:\/\/vieassociative.be\/actualites\/wp-content\/uploads\/2024\/09\/cropped-vieassociative_favicon.ico.png","contentUrl":"https:\/\/vieassociative.be\/actualites\/wp-content\/uploads\/2024\/09\/cropped-vieassociative_favicon.ico.png","width":512,"height":512,"caption":"Vie Associative"},"image":{"@id":"https:\/\/vieassociative.be\/actualites\/#\/schema\/logo\/image\/"}},{"@type":"Person","@id":"https:\/\/vieassociative.be\/actualites\/#\/schema\/person\/b87ac4f82f9d4e7b7cec7395b679edc4","name":"Julien","image":{"@type":"ImageObject","inLanguage":"fr-BE","@id":"https:\/\/vieassociative.be\/actualites\/#\/schema\/person\/image\/","url":"https:\/\/vieassociative.be\/actualites\/wp-content\/uploads\/2024\/09\/vie-associative-1-150x150.jpg","contentUrl":"https:\/\/vieassociative.be\/actualites\/wp-content\/uploads\/2024\/09\/vie-associative-1-150x150.jpg","caption":"Julien"},"description":"Je suis Julien, r\u00e9dacteur pour Vie Associative. Passionn\u00e9 par le monde associatif depuis plus de 10 ans, j'ai \u00e0 c\u0153ur de partager des histoires inspirantes et de mettre en lumi\u00e8re les initiatives locales. Mon objectif est de sensibiliser et d'encourager l'engagement communautaire \u00e0 travers mes articles.","sameAs":["https:\/\/vieassociative.be\/"]}]}},"_links":{"self":[{"href":"https:\/\/vieassociative.be\/actualites\/wp-json\/wp\/v2\/posts\/13635"}],"collection":[{"href":"https:\/\/vieassociative.be\/actualites\/wp-json\/wp\/v2\/posts"}],"about":[{"href":"https:\/\/vieassociative.be\/actualites\/wp-json\/wp\/v2\/types\/post"}],"author":[{"embeddable":true,"href":"https:\/\/vieassociative.be\/actualites\/wp-json\/wp\/v2\/users\/1"}],"replies":[{"embeddable":true,"href":"https:\/\/vieassociative.be\/actualites\/wp-json\/wp\/v2\/comments?post=13635"}],"version-history":[{"count":0,"href":"https:\/\/vieassociative.be\/actualites\/wp-json\/wp\/v2\/posts\/13635\/revisions"}],"wp:featuredmedia":[{"embeddable":true,"href":"https:\/\/vieassociative.be\/actualites\/wp-json\/wp\/v2\/media\/13636"}],"wp:attachment":[{"href":"https:\/\/vieassociative.be\/actualites\/wp-json\/wp\/v2\/media?parent=13635"}],"wp:term":[{"taxonomy":"category","embeddable":true,"href":"https:\/\/vieassociative.be\/actualites\/wp-json\/wp\/v2\/categories?post=13635"},{"taxonomy":"post_tag","embeddable":true,"href":"https:\/\/vieassociative.be\/actualites\/wp-json\/wp\/v2\/tags?post=13635"}],"curies":[{"name":"wp","href":"https:\/\/api.w.org\/{rel}","templated":true}]}}