{"id":13633,"date":"2026-04-30T04:17:23","date_gmt":"2026-04-30T02:17:23","guid":{"rendered":"https:\/\/vieassociative.be\/actualites\/ces-nouveaux-outils-dedition-dia-peuvent-etre-ajoutes-a-lapplication-photos-dans-ios-27\/"},"modified":"2026-04-30T04:17:23","modified_gmt":"2026-04-30T02:17:23","slug":"ces-nouveaux-outils-dedition-dia-peuvent-etre-ajoutes-a-lapplication-photos-dans-ios-27","status":"publish","type":"post","link":"https:\/\/vieassociative.be\/actualites\/ces-nouveaux-outils-dedition-dia-peuvent-etre-ajoutes-a-lapplication-photos-dans-ios-27\/","title":{"rendered":"Ces nouveaux outils d&rsquo;\u00e9dition d&rsquo;IA peuvent \u00eatre ajout\u00e9s \u00e0 l&rsquo;application Photos dans iOS 27"},"content":{"rendered":"<p>Apple est sans aucun doute en retard dans la course \u00e0 l\u2019IA. \u00ab\u00a0Apple Intelligence\u00a0\u00bb a moins de fonctionnalit\u00e9s et moins d&rsquo;utilit\u00e9 que les produits similaires de concurrents\u00a0; l&rsquo;entreprise ne dispose pas de son propre chatbot ; et nous attendons toujours la mise \u00e0 niveau Siri bas\u00e9e sur l&rsquo;IA qu&rsquo;Apple a r\u00e9v\u00e9l\u00e9e pour la premi\u00e8re fois en 2024. <\/p>\n<p>Et pourtant, une grande partie de cela pourrait changer avec iOS 27. La mise \u00e0 jour s&rsquo;annonce comme un moment de rattrapage pour Apple, car les rumeurs sugg\u00e8rent que nous verrons enfin \u00e0 la fois la mise \u00e0 jour de Siri ainsi que la tentative d&rsquo;Apple de cr\u00e9er un chatbot de type ChatGPT. Et il semble maintenant qu&rsquo;il y ait de fortes chances que la mise \u00e0 jour inclue \u00e9galement de nouvelles fonctionnalit\u00e9s de retouche photo qui pourraient directement concurrencer d&rsquo;autres sur le march\u00e9 de l&rsquo;IA.<\/p>\n<h2 id=\"photos-is-getting-apple-intelligence-tools\">Photos obtient \u00ab\u00a0Apple Intelligence Tools\u00a0\u00bb<\/h2>\n<p>Comme l&rsquo;a rapport\u00e9 Mark Gurman de Bloomberg (via MacRumors), Apple pr\u00e9voit d&rsquo;ajouter une nouvelle section \u00ab Apple Intelligence Tools \u00bb \u00e0 l&rsquo;application Photos. Cette nouvelle option contiendra trois options d&rsquo;\u00e9dition bas\u00e9es sur l&rsquo;IA : \u00c9tendre, Am\u00e9liorer ou Recadrer. <\/p>\n<ul>\n<li>\n<p><strong>\u00c9tendre<\/strong> fonctionne comme les autres applications de remplissage g\u00e9n\u00e9ratif. L\u2019objectif est d\u2019\u00e9largir le recadrage d\u2019une image en ajoutant des images g\u00e9n\u00e9r\u00e9es par l\u2019IA. Par exemple, si vous souhaitez \u00e9tendre le cadre d&rsquo;une photo d&rsquo;un banc de parc, Extend peut utiliser l&rsquo;IA pour ajouter de l&rsquo;herbe, du ciel et des arbres suppl\u00e9mentaires afin d&rsquo;agrandir l&rsquo;image. Cette fonctionnalit\u00e9 fonctionnerait avec les gestes de zoom, ce qui pourrait en faire une exp\u00e9rience plus intuitive.<\/p>\n<\/li>\n<li>\n<p><strong>Am\u00e9liorer<\/strong> semble \u00eatre une it\u00e9ration sur les fonctionnalit\u00e9s existantes d\u2019am\u00e9lioration des photos. L\u2019option ajustera les diff\u00e9rents \u00e9l\u00e9ments de votre photo comme l\u2019IA l\u2019entend. Cela inclut des \u00e9l\u00e9ments tels que la couleur et l&rsquo;\u00e9clairage, des \u00e9l\u00e9ments que vous pouvez d\u00e9j\u00e0 ajuster automatiquement \u00e0 l&rsquo;aide de l&rsquo;option \u00ab\u00a0Am\u00e9lioration automatique\u00a0\u00bb de Photos. Peut-\u00eatre qu&rsquo;Apple a am\u00e9lior\u00e9 le mod\u00e8le d&rsquo;IA pour qu&rsquo;il fonctionne mieux, ou peut-\u00eatre s&rsquo;agit-il de la m\u00eame fonctionnalit\u00e9, regroup\u00e9e dans un nouveau menu Apple Intelligence. <\/p>\n<\/li>\n<li>\n<p><strong>Recadrer<\/strong> est con\u00e7u pour les photos spatiales. En s\u00e9lectionnant cette option, vous pourrez ajuster la perspective sur les photos spatiales, en exploitant les donn\u00e9es de l&rsquo;image 3D pour peaufiner le cadrage. Cela semble \u00eatre une fonctionnalit\u00e9 prometteuse si Apple parvient \u00e0 la faire fonctionner : la possibilit\u00e9 de recadrer une photo apr\u00e8s l&rsquo;avoir prise offrirait des avantages d&rsquo;\u00e9dition majeurs au cas o\u00f9 l&rsquo;image originale ne serait pas tout \u00e0 fait ce que vous vouliez qu&rsquo;elle soit. <\/p>\n<\/li>\n<\/ul>\n<h2 id=\"these-features-could-change-or-be-dropped\">Ces fonctionnalit\u00e9s pourraient changer ou \u00eatre supprim\u00e9es<\/h2>\n<p>Bien que Gurman semble convaincu que ces fonctionnalit\u00e9s d&rsquo;IA existent, elles ne semblent pas \u00eatre des inclusions garanties pour le lancement d&rsquo;iOS 27. Le d\u00e9veloppement de l&rsquo;IA d&rsquo;Apple a \u00e9t\u00e9 difficile dans tous les domaines, et ces outils d&rsquo;\u00e9dition d&rsquo;images ne font peut-\u00eatre pas exception. Gurman dit qu&rsquo;Extend et Reframe en particulier pourraient finir par \u00eatre retard\u00e9s vers une future mise \u00e0 jour, peut-\u00eatre iOS 27.1 ou iOS 27.2. Ce n&rsquo;est pas inhabituel pour Apple. La soci\u00e9t\u00e9 annonce souvent des fonctionnalit\u00e9s \u00e0 la WWDC, pour ensuite les retarder, et ces fonctionnalit\u00e9s ne sont m\u00eame pas encore arriv\u00e9es aussi loin. Mais cela pourrait \u00eatre un autre signe que le d\u00e9partement IA d&rsquo;Apple est toujours confront\u00e9 \u00e0 des probl\u00e8mes. <\/p>\n<p>La seule fonctionnalit\u00e9 majeure d&rsquo;\u00e9dition d&rsquo;images IA d&rsquo;Apple \u00e0 l&rsquo;heure actuelle est Clean Up, et m\u00eame si elle fonctionne, elle est souvent insuffisante par rapport \u00e0 la concurrence. \u00c9crivant pour Vie Associative, David Nield a trouv\u00e9 que l&rsquo;outil \u00e9tait comparable \u00e0 Magic Eraser de Google, mais ne pouvait pas rivaliser avec Object Eraser de Samsung. Peut-\u00eatre qu&rsquo;iOS 27 offrira quelques am\u00e9liorations \u00e0 Clean Up, ainsi qu&rsquo;aux autres efforts d&rsquo;Apple en mati\u00e8re d&rsquo;IA.  <\/p>\n","protected":false},"excerpt":{"rendered":"<p>Apple est sans aucun doute en retard dans la course \u00e0 l\u2019IA. \u00ab\u00a0Apple Intelligence\u00a0\u00bb a moins de fonctionnalit\u00e9s et moins d&rsquo;utilit\u00e9 que les produits similaires<\/p>\n","protected":false},"author":1,"featured_media":13634,"comment_status":"","ping_status":"","sticky":false,"template":"","format":"standard","meta":{"footnotes":""},"categories":[10230],"tags":[10599,248,166,10542,31,23,21,282,2052,825,293,283],"class_list":["post-13633","post","type-post","status-publish","format-standard","has-post-thumbnail","hentry","category-apple","tag-ajoutes","tag-ces","tag-dans","tag-dedition","tag-dia","tag-etre","tag-ios","tag-lapplication","tag-nouveaux","tag-outils","tag-peuvent","tag-photos","generate-columns","tablet-grid-50","mobile-grid-100","grid-parent","grid-33"],"yoast_head":"<!-- This site is optimized with the Yoast SEO plugin v24.0 - https:\/\/yoast.com\/wordpress\/plugins\/seo\/ -->\n<title>Ces nouveaux outils d&#039;\u00e9dition d&#039;IA peuvent \u00eatre ajout\u00e9s \u00e0 l&#039;application Photos dans iOS 27 | Vie Associative<\/title>\n<meta name=\"robots\" content=\"index, follow, max-snippet:-1, max-image-preview:large, max-video-preview:-1\" \/>\n<link rel=\"canonical\" href=\"https:\/\/vieassociative.be\/actualites\/ces-nouveaux-outils-dedition-dia-peuvent-etre-ajoutes-a-lapplication-photos-dans-ios-27\/\" \/>\n<meta property=\"og:locale\" content=\"fr_FR\" \/>\n<meta property=\"og:type\" content=\"article\" \/>\n<meta property=\"og:title\" content=\"Ces nouveaux outils d&#039;\u00e9dition d&#039;IA peuvent \u00eatre ajout\u00e9s \u00e0 l&#039;application Photos dans iOS 27 | Vie Associative\" \/>\n<meta property=\"og:description\" content=\"Apple est sans aucun doute en retard dans la course \u00e0 l\u2019IA. \u00ab\u00a0Apple Intelligence\u00a0\u00bb a moins de fonctionnalit\u00e9s et moins d&rsquo;utilit\u00e9 que les produits similaires\" \/>\n<meta property=\"og:url\" content=\"https:\/\/vieassociative.be\/actualites\/ces-nouveaux-outils-dedition-dia-peuvent-etre-ajoutes-a-lapplication-photos-dans-ios-27\/\" \/>\n<meta property=\"og:site_name\" content=\"Vie Associative\" \/>\n<meta property=\"article:published_time\" content=\"2026-04-30T02:17:23+00:00\" \/>\n<meta property=\"og:image\" content=\"https:\/\/vieassociative.be\/actualites\/wp-content\/uploads\/2024\/09\/header_backgroundk-01-e1726694325946.png\" \/>\n\t<meta property=\"og:image:width\" content=\"279\" \/>\n\t<meta property=\"og:image:height\" content=\"92\" \/>\n\t<meta property=\"og:image:type\" content=\"image\/png\" \/>\n<meta name=\"author\" content=\"Julien\" \/>\n<meta name=\"twitter:card\" content=\"summary_large_image\" \/>\n<meta name=\"twitter:label1\" content=\"\u00c9crit par\" \/>\n\t<meta name=\"twitter:data1\" content=\"Julien\" \/>\n\t<meta name=\"twitter:label2\" content=\"Dur\u00e9e de lecture est.\" \/>\n\t<meta name=\"twitter:data2\" content=\"3 minutes\" \/>\n<script type=\"application\/ld+json\" class=\"yoast-schema-graph\">{\"@context\":\"https:\/\/schema.org\",\"@graph\":[{\"@type\":\"Article\",\"@id\":\"https:\/\/vieassociative.be\/actualites\/ces-nouveaux-outils-dedition-dia-peuvent-etre-ajoutes-a-lapplication-photos-dans-ios-27\/#article\",\"isPartOf\":{\"@id\":\"https:\/\/vieassociative.be\/actualites\/ces-nouveaux-outils-dedition-dia-peuvent-etre-ajoutes-a-lapplication-photos-dans-ios-27\/\"},\"author\":{\"name\":\"Julien\",\"@id\":\"https:\/\/vieassociative.be\/actualites\/#\/schema\/person\/b87ac4f82f9d4e7b7cec7395b679edc4\"},\"headline\":\"Ces nouveaux outils d&rsquo;\u00e9dition d&rsquo;IA peuvent \u00eatre ajout\u00e9s \u00e0 l&rsquo;application Photos dans iOS 27\",\"datePublished\":\"2026-04-30T02:17:23+00:00\",\"dateModified\":\"2026-04-30T02:17:23+00:00\",\"mainEntityOfPage\":{\"@id\":\"https:\/\/vieassociative.be\/actualites\/ces-nouveaux-outils-dedition-dia-peuvent-etre-ajoutes-a-lapplication-photos-dans-ios-27\/\"},\"wordCount\":707,\"publisher\":{\"@id\":\"https:\/\/vieassociative.be\/actualites\/#organization\"},\"image\":{\"@id\":\"https:\/\/vieassociative.be\/actualites\/ces-nouveaux-outils-dedition-dia-peuvent-etre-ajoutes-a-lapplication-photos-dans-ios-27\/#primaryimage\"},\"thumbnailUrl\":\"https:\/\/vieassociative.be\/actualites\/wp-content\/uploads\/2026\/04\/Ces-nouveaux-outils-dedition-dIA-peuvent-etre-ajoutes-a-lapplication.jpg\",\"keywords\":[\"ajout\u00e9s\",\"ces\",\"dans\",\"d\u00e9dition\",\"dIA\",\"\u00eatre\",\"iOS\",\"lapplication\",\"nouveaux\",\"outils\",\"peuvent\",\"Photos\"],\"articleSection\":[\"Apple\"],\"inLanguage\":\"fr-BE\"},{\"@type\":\"WebPage\",\"@id\":\"https:\/\/vieassociative.be\/actualites\/ces-nouveaux-outils-dedition-dia-peuvent-etre-ajoutes-a-lapplication-photos-dans-ios-27\/\",\"url\":\"https:\/\/vieassociative.be\/actualites\/ces-nouveaux-outils-dedition-dia-peuvent-etre-ajoutes-a-lapplication-photos-dans-ios-27\/\",\"name\":\"Ces nouveaux outils d'\u00e9dition d'IA peuvent \u00eatre ajout\u00e9s \u00e0 l'application Photos dans iOS 27 | Vie Associative\",\"isPartOf\":{\"@id\":\"https:\/\/vieassociative.be\/actualites\/#website\"},\"primaryImageOfPage\":{\"@id\":\"https:\/\/vieassociative.be\/actualites\/ces-nouveaux-outils-dedition-dia-peuvent-etre-ajoutes-a-lapplication-photos-dans-ios-27\/#primaryimage\"},\"image\":{\"@id\":\"https:\/\/vieassociative.be\/actualites\/ces-nouveaux-outils-dedition-dia-peuvent-etre-ajoutes-a-lapplication-photos-dans-ios-27\/#primaryimage\"},\"thumbnailUrl\":\"https:\/\/vieassociative.be\/actualites\/wp-content\/uploads\/2026\/04\/Ces-nouveaux-outils-dedition-dIA-peuvent-etre-ajoutes-a-lapplication.jpg\",\"datePublished\":\"2026-04-30T02:17:23+00:00\",\"dateModified\":\"2026-04-30T02:17:23+00:00\",\"breadcrumb\":{\"@id\":\"https:\/\/vieassociative.be\/actualites\/ces-nouveaux-outils-dedition-dia-peuvent-etre-ajoutes-a-lapplication-photos-dans-ios-27\/#breadcrumb\"},\"inLanguage\":\"fr-BE\",\"potentialAction\":[{\"@type\":\"ReadAction\",\"target\":[\"https:\/\/vieassociative.be\/actualites\/ces-nouveaux-outils-dedition-dia-peuvent-etre-ajoutes-a-lapplication-photos-dans-ios-27\/\"]}]},{\"@type\":\"ImageObject\",\"inLanguage\":\"fr-BE\",\"@id\":\"https:\/\/vieassociative.be\/actualites\/ces-nouveaux-outils-dedition-dia-peuvent-etre-ajoutes-a-lapplication-photos-dans-ios-27\/#primaryimage\",\"url\":\"https:\/\/vieassociative.be\/actualites\/wp-content\/uploads\/2026\/04\/Ces-nouveaux-outils-dedition-dIA-peuvent-etre-ajoutes-a-lapplication.jpg\",\"contentUrl\":\"https:\/\/vieassociative.be\/actualites\/wp-content\/uploads\/2026\/04\/Ces-nouveaux-outils-dedition-dIA-peuvent-etre-ajoutes-a-lapplication.jpg\",\"width\":1200,\"height\":675,\"caption\":\"Ces nouveaux outils d'\u00e9dition d'IA peuvent \u00eatre ajout\u00e9s \u00e0 l'application Photos dans iOS 27\"},{\"@type\":\"BreadcrumbList\",\"@id\":\"https:\/\/vieassociative.be\/actualites\/ces-nouveaux-outils-dedition-dia-peuvent-etre-ajoutes-a-lapplication-photos-dans-ios-27\/#breadcrumb\",\"itemListElement\":[{\"@type\":\"ListItem\",\"position\":1,\"name\":\"Accueil\",\"item\":\"https:\/\/vieassociative.be\/actualites\/\"},{\"@type\":\"ListItem\",\"position\":2,\"name\":\"Ces nouveaux outils d&rsquo;\u00e9dition d&rsquo;IA peuvent \u00eatre ajout\u00e9s \u00e0 l&rsquo;application Photos dans iOS 27\"}]},{\"@type\":\"WebSite\",\"@id\":\"https:\/\/vieassociative.be\/actualites\/#website\",\"url\":\"https:\/\/vieassociative.be\/actualites\/\",\"name\":\"Vie Associative\",\"description\":\"\",\"publisher\":{\"@id\":\"https:\/\/vieassociative.be\/actualites\/#organization\"},\"potentialAction\":[{\"@type\":\"SearchAction\",\"target\":{\"@type\":\"EntryPoint\",\"urlTemplate\":\"https:\/\/vieassociative.be\/actualites\/?s={search_term_string}\"},\"query-input\":{\"@type\":\"PropertyValueSpecification\",\"valueRequired\":true,\"valueName\":\"search_term_string\"}}],\"inLanguage\":\"fr-BE\"},{\"@type\":\"Organization\",\"@id\":\"https:\/\/vieassociative.be\/actualites\/#organization\",\"name\":\"Vie Associative\",\"url\":\"https:\/\/vieassociative.be\/actualites\/\",\"logo\":{\"@type\":\"ImageObject\",\"inLanguage\":\"fr-BE\",\"@id\":\"https:\/\/vieassociative.be\/actualites\/#\/schema\/logo\/image\/\",\"url\":\"https:\/\/vieassociative.be\/actualites\/wp-content\/uploads\/2024\/09\/cropped-vieassociative_favicon.ico.png\",\"contentUrl\":\"https:\/\/vieassociative.be\/actualites\/wp-content\/uploads\/2024\/09\/cropped-vieassociative_favicon.ico.png\",\"width\":512,\"height\":512,\"caption\":\"Vie Associative\"},\"image\":{\"@id\":\"https:\/\/vieassociative.be\/actualites\/#\/schema\/logo\/image\/\"}},{\"@type\":\"Person\",\"@id\":\"https:\/\/vieassociative.be\/actualites\/#\/schema\/person\/b87ac4f82f9d4e7b7cec7395b679edc4\",\"name\":\"Julien\",\"image\":{\"@type\":\"ImageObject\",\"inLanguage\":\"fr-BE\",\"@id\":\"https:\/\/vieassociative.be\/actualites\/#\/schema\/person\/image\/\",\"url\":\"https:\/\/vieassociative.be\/actualites\/wp-content\/uploads\/2024\/09\/vie-associative-1-150x150.jpg\",\"contentUrl\":\"https:\/\/vieassociative.be\/actualites\/wp-content\/uploads\/2024\/09\/vie-associative-1-150x150.jpg\",\"caption\":\"Julien\"},\"description\":\"Je suis Julien, r\u00e9dacteur pour Vie Associative. Passionn\u00e9 par le monde associatif depuis plus de 10 ans, j'ai \u00e0 c\u0153ur de partager des histoires inspirantes et de mettre en lumi\u00e8re les initiatives locales. Mon objectif est de sensibiliser et d'encourager l'engagement communautaire \u00e0 travers mes articles.\",\"sameAs\":[\"https:\/\/vieassociative.be\/\"]}]}<\/script>\n<!-- \/ Yoast SEO plugin. -->","yoast_head_json":{"title":"Ces nouveaux outils d'\u00e9dition d'IA peuvent \u00eatre ajout\u00e9s \u00e0 l'application Photos dans iOS 27 | Vie Associative","robots":{"index":"index","follow":"follow","max-snippet":"max-snippet:-1","max-image-preview":"max-image-preview:large","max-video-preview":"max-video-preview:-1"},"canonical":"https:\/\/vieassociative.be\/actualites\/ces-nouveaux-outils-dedition-dia-peuvent-etre-ajoutes-a-lapplication-photos-dans-ios-27\/","og_locale":"fr_FR","og_type":"article","og_title":"Ces nouveaux outils d'\u00e9dition d'IA peuvent \u00eatre ajout\u00e9s \u00e0 l'application Photos dans iOS 27 | Vie Associative","og_description":"Apple est sans aucun doute en retard dans la course \u00e0 l\u2019IA. \u00ab\u00a0Apple Intelligence\u00a0\u00bb a moins de fonctionnalit\u00e9s et moins d&rsquo;utilit\u00e9 que les produits similaires","og_url":"https:\/\/vieassociative.be\/actualites\/ces-nouveaux-outils-dedition-dia-peuvent-etre-ajoutes-a-lapplication-photos-dans-ios-27\/","og_site_name":"Vie Associative","article_published_time":"2026-04-30T02:17:23+00:00","og_image":[{"width":279,"height":92,"url":"https:\/\/vieassociative.be\/actualites\/wp-content\/uploads\/2024\/09\/header_backgroundk-01-e1726694325946.png","type":"image\/png"}],"author":"Julien","twitter_card":"summary_large_image","twitter_misc":{"\u00c9crit par":"Julien","Dur\u00e9e de lecture est.":"3 minutes"},"schema":{"@context":"https:\/\/schema.org","@graph":[{"@type":"Article","@id":"https:\/\/vieassociative.be\/actualites\/ces-nouveaux-outils-dedition-dia-peuvent-etre-ajoutes-a-lapplication-photos-dans-ios-27\/#article","isPartOf":{"@id":"https:\/\/vieassociative.be\/actualites\/ces-nouveaux-outils-dedition-dia-peuvent-etre-ajoutes-a-lapplication-photos-dans-ios-27\/"},"author":{"name":"Julien","@id":"https:\/\/vieassociative.be\/actualites\/#\/schema\/person\/b87ac4f82f9d4e7b7cec7395b679edc4"},"headline":"Ces nouveaux outils d&rsquo;\u00e9dition d&rsquo;IA peuvent \u00eatre ajout\u00e9s \u00e0 l&rsquo;application Photos dans iOS 27","datePublished":"2026-04-30T02:17:23+00:00","dateModified":"2026-04-30T02:17:23+00:00","mainEntityOfPage":{"@id":"https:\/\/vieassociative.be\/actualites\/ces-nouveaux-outils-dedition-dia-peuvent-etre-ajoutes-a-lapplication-photos-dans-ios-27\/"},"wordCount":707,"publisher":{"@id":"https:\/\/vieassociative.be\/actualites\/#organization"},"image":{"@id":"https:\/\/vieassociative.be\/actualites\/ces-nouveaux-outils-dedition-dia-peuvent-etre-ajoutes-a-lapplication-photos-dans-ios-27\/#primaryimage"},"thumbnailUrl":"https:\/\/vieassociative.be\/actualites\/wp-content\/uploads\/2026\/04\/Ces-nouveaux-outils-dedition-dIA-peuvent-etre-ajoutes-a-lapplication.jpg","keywords":["ajout\u00e9s","ces","dans","d\u00e9dition","dIA","\u00eatre","iOS","lapplication","nouveaux","outils","peuvent","Photos"],"articleSection":["Apple"],"inLanguage":"fr-BE"},{"@type":"WebPage","@id":"https:\/\/vieassociative.be\/actualites\/ces-nouveaux-outils-dedition-dia-peuvent-etre-ajoutes-a-lapplication-photos-dans-ios-27\/","url":"https:\/\/vieassociative.be\/actualites\/ces-nouveaux-outils-dedition-dia-peuvent-etre-ajoutes-a-lapplication-photos-dans-ios-27\/","name":"Ces nouveaux outils d'\u00e9dition d'IA peuvent \u00eatre ajout\u00e9s \u00e0 l'application Photos dans iOS 27 | Vie Associative","isPartOf":{"@id":"https:\/\/vieassociative.be\/actualites\/#website"},"primaryImageOfPage":{"@id":"https:\/\/vieassociative.be\/actualites\/ces-nouveaux-outils-dedition-dia-peuvent-etre-ajoutes-a-lapplication-photos-dans-ios-27\/#primaryimage"},"image":{"@id":"https:\/\/vieassociative.be\/actualites\/ces-nouveaux-outils-dedition-dia-peuvent-etre-ajoutes-a-lapplication-photos-dans-ios-27\/#primaryimage"},"thumbnailUrl":"https:\/\/vieassociative.be\/actualites\/wp-content\/uploads\/2026\/04\/Ces-nouveaux-outils-dedition-dIA-peuvent-etre-ajoutes-a-lapplication.jpg","datePublished":"2026-04-30T02:17:23+00:00","dateModified":"2026-04-30T02:17:23+00:00","breadcrumb":{"@id":"https:\/\/vieassociative.be\/actualites\/ces-nouveaux-outils-dedition-dia-peuvent-etre-ajoutes-a-lapplication-photos-dans-ios-27\/#breadcrumb"},"inLanguage":"fr-BE","potentialAction":[{"@type":"ReadAction","target":["https:\/\/vieassociative.be\/actualites\/ces-nouveaux-outils-dedition-dia-peuvent-etre-ajoutes-a-lapplication-photos-dans-ios-27\/"]}]},{"@type":"ImageObject","inLanguage":"fr-BE","@id":"https:\/\/vieassociative.be\/actualites\/ces-nouveaux-outils-dedition-dia-peuvent-etre-ajoutes-a-lapplication-photos-dans-ios-27\/#primaryimage","url":"https:\/\/vieassociative.be\/actualites\/wp-content\/uploads\/2026\/04\/Ces-nouveaux-outils-dedition-dIA-peuvent-etre-ajoutes-a-lapplication.jpg","contentUrl":"https:\/\/vieassociative.be\/actualites\/wp-content\/uploads\/2026\/04\/Ces-nouveaux-outils-dedition-dIA-peuvent-etre-ajoutes-a-lapplication.jpg","width":1200,"height":675,"caption":"Ces nouveaux outils d'\u00e9dition d'IA peuvent \u00eatre ajout\u00e9s \u00e0 l'application Photos dans iOS 27"},{"@type":"BreadcrumbList","@id":"https:\/\/vieassociative.be\/actualites\/ces-nouveaux-outils-dedition-dia-peuvent-etre-ajoutes-a-lapplication-photos-dans-ios-27\/#breadcrumb","itemListElement":[{"@type":"ListItem","position":1,"name":"Accueil","item":"https:\/\/vieassociative.be\/actualites\/"},{"@type":"ListItem","position":2,"name":"Ces nouveaux outils d&rsquo;\u00e9dition d&rsquo;IA peuvent \u00eatre ajout\u00e9s \u00e0 l&rsquo;application Photos dans iOS 27"}]},{"@type":"WebSite","@id":"https:\/\/vieassociative.be\/actualites\/#website","url":"https:\/\/vieassociative.be\/actualites\/","name":"Vie Associative","description":"","publisher":{"@id":"https:\/\/vieassociative.be\/actualites\/#organization"},"potentialAction":[{"@type":"SearchAction","target":{"@type":"EntryPoint","urlTemplate":"https:\/\/vieassociative.be\/actualites\/?s={search_term_string}"},"query-input":{"@type":"PropertyValueSpecification","valueRequired":true,"valueName":"search_term_string"}}],"inLanguage":"fr-BE"},{"@type":"Organization","@id":"https:\/\/vieassociative.be\/actualites\/#organization","name":"Vie Associative","url":"https:\/\/vieassociative.be\/actualites\/","logo":{"@type":"ImageObject","inLanguage":"fr-BE","@id":"https:\/\/vieassociative.be\/actualites\/#\/schema\/logo\/image\/","url":"https:\/\/vieassociative.be\/actualites\/wp-content\/uploads\/2024\/09\/cropped-vieassociative_favicon.ico.png","contentUrl":"https:\/\/vieassociative.be\/actualites\/wp-content\/uploads\/2024\/09\/cropped-vieassociative_favicon.ico.png","width":512,"height":512,"caption":"Vie Associative"},"image":{"@id":"https:\/\/vieassociative.be\/actualites\/#\/schema\/logo\/image\/"}},{"@type":"Person","@id":"https:\/\/vieassociative.be\/actualites\/#\/schema\/person\/b87ac4f82f9d4e7b7cec7395b679edc4","name":"Julien","image":{"@type":"ImageObject","inLanguage":"fr-BE","@id":"https:\/\/vieassociative.be\/actualites\/#\/schema\/person\/image\/","url":"https:\/\/vieassociative.be\/actualites\/wp-content\/uploads\/2024\/09\/vie-associative-1-150x150.jpg","contentUrl":"https:\/\/vieassociative.be\/actualites\/wp-content\/uploads\/2024\/09\/vie-associative-1-150x150.jpg","caption":"Julien"},"description":"Je suis Julien, r\u00e9dacteur pour Vie Associative. Passionn\u00e9 par le monde associatif depuis plus de 10 ans, j'ai \u00e0 c\u0153ur de partager des histoires inspirantes et de mettre en lumi\u00e8re les initiatives locales. Mon objectif est de sensibiliser et d'encourager l'engagement communautaire \u00e0 travers mes articles.","sameAs":["https:\/\/vieassociative.be\/"]}]}},"_links":{"self":[{"href":"https:\/\/vieassociative.be\/actualites\/wp-json\/wp\/v2\/posts\/13633"}],"collection":[{"href":"https:\/\/vieassociative.be\/actualites\/wp-json\/wp\/v2\/posts"}],"about":[{"href":"https:\/\/vieassociative.be\/actualites\/wp-json\/wp\/v2\/types\/post"}],"author":[{"embeddable":true,"href":"https:\/\/vieassociative.be\/actualites\/wp-json\/wp\/v2\/users\/1"}],"replies":[{"embeddable":true,"href":"https:\/\/vieassociative.be\/actualites\/wp-json\/wp\/v2\/comments?post=13633"}],"version-history":[{"count":0,"href":"https:\/\/vieassociative.be\/actualites\/wp-json\/wp\/v2\/posts\/13633\/revisions"}],"wp:featuredmedia":[{"embeddable":true,"href":"https:\/\/vieassociative.be\/actualites\/wp-json\/wp\/v2\/media\/13634"}],"wp:attachment":[{"href":"https:\/\/vieassociative.be\/actualites\/wp-json\/wp\/v2\/media?parent=13633"}],"wp:term":[{"taxonomy":"category","embeddable":true,"href":"https:\/\/vieassociative.be\/actualites\/wp-json\/wp\/v2\/categories?post=13633"},{"taxonomy":"post_tag","embeddable":true,"href":"https:\/\/vieassociative.be\/actualites\/wp-json\/wp\/v2\/tags?post=13633"}],"curies":[{"name":"wp","href":"https:\/\/api.w.org\/{rel}","templated":true}]}}