{"id":13631,"date":"2026-04-29T23:17:24","date_gmt":"2026-04-29T21:17:24","guid":{"rendered":"https:\/\/vieassociative.be\/actualites\/chute-historique-le-roi-charles-contredit-la-these-allemande-de-trump\/"},"modified":"2026-04-29T23:17:24","modified_gmt":"2026-04-29T21:17:24","slug":"chute-historique-le-roi-charles-contredit-la-these-allemande-de-trump","status":"publish","type":"post","link":"https:\/\/vieassociative.be\/actualites\/chute-historique-le-roi-charles-contredit-la-these-allemande-de-trump\/","title":{"rendered":"Chute historique : le roi Charles contredit la th\u00e8se \u00ab allemande \u00bb de Trump"},"content":{"rendered":"<p><strong>Lors de la visite d&rsquo;\u00c9tat du roi Charles III de Grande-Bretagne et de la reine Camilla \u00e0 Washington, un bref instant au banquet d&rsquo;\u00c9tat est devenu le v\u00e9ritable point culminant de la visite et a attir\u00e9 l&rsquo;attention tout au long de la soir\u00e9e.<\/strong><\/p>\n<p><span id=\"more-438701\"><\/span>Dans un premier temps, l\u2019accent a \u00e9t\u00e9 mis sur les signes habituels de liens transatlantiques \u00e9troits. Donald Trump a re\u00e7u le couple royal britannique \u00e0 la Maison Blanche avec tous les honneurs protocolaires, accompagn\u00e9s de discussions politiques et d&rsquo;apparitions symboliques.<\/p>\n<p>Mais Trump a repris une formulation qu\u2019il avait d\u00e9j\u00e0 utilis\u00e9e, par exemple lors du Forum \u00e9conomique mondial : sans les \u00c9tats-Unis, les Europ\u00e9ens parleraient aujourd\u2019hui allemand. Cela faisait r\u00e9f\u00e9rence au r\u00f4le d\u00e9cisif des \u00c9tats-Unis dans la Seconde Guerre mondiale et \u00e0 la victoire sur Adolf Hitler. La remarque pointue correspondait au style bien connu de Trump \u2013 pointu, s\u00fbr de lui et historiquement abr\u00e9g\u00e9.<\/p>\n<div id=\"attachment_438704\" class=\"wp-caption alignleft\" style=\"max-width: 300px\"><img fetchpriority=\"high\" decoding=\"async\" class=\"wp-image-438704 size-medium\" src=\"https:\/\/vieassociative.be\/actualites\/wp-content\/uploads\/2026\/04\/Chute-historique-le-roi-Charles-contredit-la-these.jpg\" alt=\"\" width=\"300\" height=\"200\"><\/div>\n<p>Lorsque Charles est venu plus tard au pupitre, il a repris exactement cette id\u00e9e &#8211; et a r\u00e9pliqu\u00e9 avec une punchline aussi succincte qu&rsquo;efficace. Il ose dire, dit le monarque d&rsquo;un ton calme, que sans la Grande-Bretagne, les Am\u00e9ricains parleraient fran\u00e7ais aujourd&rsquo;hui.<\/p>\n<p>Des rires ont suivi dans la salle, et Trump lui-m\u00eame a \u00e9galement r\u00e9agi avec amusement. Mais derri\u00e8re la l\u00e9g\u00e8ret\u00e9 de la sc\u00e8ne se cache une r\u00e9f\u00e9rence historique consciemment plac\u00e9e.<\/p>\n<p>Charles faisait allusion \u00e0 la guerre de Sept Ans, au cours de laquelle la Grande-Bretagne s&rsquo;est impos\u00e9e contre la France et a assur\u00e9 la supr\u00e9matie en Am\u00e9rique du Nord. Ce d\u00e9veloppement \u00e9tait une condition pr\u00e9alable essentielle pour les colonies britanniques ult\u00e9rieures, d\u2019o\u00f9 \u00e9mergeront finalement les \u00c9tats-Unis.<\/p>\n<p>La conclusion pr\u00e9cise : sans ce point de d\u00e9part britannique, le continent nord-am\u00e9ricain aurait pu se d\u00e9velopper sous une plus grande influence fran\u00e7aise.<\/p>\n<p>Le bref \u00e9change a rendu visible deux perspectives diff\u00e9rentes sur l\u2019histoire. Alors que Trump mettait l\u2019accent sur le r\u00f4le des \u00c9tats-Unis au XXe si\u00e8cle, Charles rappelait que la cr\u00e9ation des \u00c9tats-Unis elle-m\u00eame \u00e9tait le r\u00e9sultat des constellations de puissances europ\u00e9ennes au XVIIIe si\u00e8cle. Les deux d\u00e9clarations contiennent un noyau de v\u00e9rit\u00e9 \u2013 et en m\u00eame temps r\u00e9duisent des d\u00e9veloppements historiques complexes \u00e0 un r\u00e9cit national. (cr\u00e9er)<\/p>\n<h3>Charles appelle les \u00c9tats-Unis \u00e0 d\u00e9fendre l&rsquo;Ukraine<\/h3>\n<p><strong>Le roi Charles III s&rsquo;adresse au Congr\u00e8s am\u00e9ricain pour d\u00e9fendre l&rsquo;Ukraine. Avec ses d\u00e9clarations m\u00fbrement r\u00e9fl\u00e9chies, il contredit le pr\u00e9sident am\u00e9ricain Donald Trump \u2013 sans citer son nom.<\/strong><\/p>\n<p><!--more-->Le roi britannique Charles III. contredit les d\u00e9clarations faites par le pr\u00e9sident am\u00e9ricain Donald Trump lors de son discours devant le Congr\u00e8s am\u00e9ricain. Sans citer le nom de Trump dans ce contexte, le monarque a soulign\u00e9 l&rsquo;importance de l&rsquo;OTAN, notamment dans la guerre en Ukraine. \u00ab\u00a0La m\u00eame d\u00e9termination in\u00e9branlable\u00a0\u00bb dont ont fait preuve les alli\u00e9s lors des guerres mondiales, de la guerre froide et de l&rsquo;Afghanistan, entre autres, est n\u00e9cessaire, a d\u00e9clar\u00e9 le roi.<\/p>\n<div id=\"attachment_438706\" class=\"wp-caption alignleft\" style=\"max-width: 300px\"><img decoding=\"async\" class=\"wp-image-438706 size-medium\" src=\"https:\/\/vieassociative.be\/actualites\/wp-content\/uploads\/2026\/04\/1777497444_734_Chute-historique-le-roi-Charles-contredit-la-these.jpg\" alt=\"\" width=\"300\" height=\"200\"><\/div>\n<p>Ces derni\u00e8res semaines, Trump a flirt\u00e9 \u00e0 plusieurs reprises avec la possibilit\u00e9 de mettre fin \u00e0 l\u2019adh\u00e9sion des \u00c9tats-Unis \u00e0 l\u2019OTAN. Le d\u00e9clencheur le plus r\u00e9cent a \u00e9t\u00e9 la guerre en Iran, avec l\u2019opinion de Trump selon laquelle le soutien des alli\u00e9s \u00e9tait trop faible. La crise au Groenland a \u00e9galement \u00e9t\u00e9 l\u2019occasion pour le pr\u00e9sident am\u00e9ricain de critiquer l\u2019alliance de d\u00e9fense ces derniers mois. Trump a \u00e9galement remis en question \u00e0 plusieurs reprises la responsabilit\u00e9 des \u00c9tats-Unis dans la guerre en Ukraine.<\/p>\n<p>Charles III a d\u00e9clar\u00e9 que l&rsquo;engagement et l&rsquo;expertise des forces am\u00e9ricaines et de leurs alli\u00e9s \u00e9taient au c\u0153ur de l&rsquo;OTAN. \u00ab\u00a0Des profondeurs de l&rsquo;Atlantique jusqu&rsquo;\u00e0 la fonte catastrophique des calottes glaciaires de l&rsquo;Arctique\u00a0\u00bb, a d\u00e9clar\u00e9 Charles, ce qui peut \u00eatre consid\u00e9r\u00e9 comme une r\u00e9f\u00e9rence au changement climatique, ce que Trump nie pratiquement. Les alli\u00e9s sont oblig\u00e9s de se d\u00e9fendre, a d\u00e9clar\u00e9 Charles, de se prot\u00e9ger des ennemis \u00ab communs \u00bb.<\/p>\n<p>Charles a d\u00e9crit la nature comme \u00ab notre atout le plus pr\u00e9cieux et le plus irrempla\u00e7able \u00bb. Notre g\u00e9n\u00e9ration doit d\u00e9cider comment contrecarrer l\u2019effondrement d\u2019\u00e9cosyst\u00e8mes critiques. Cela menace bien plus que l\u2019harmonie et l\u2019indispensable diversit\u00e9 de la nature. \u00ab Nous ignorons \u00e0 nos risques et p\u00e9rils \u00bb que ces syst\u00e8mes naturels constituent la base de la prosp\u00e9rit\u00e9 et de la s\u00e9curit\u00e9, a d\u00e9clar\u00e9 le roi. (dpa)<\/p>\n","protected":false},"excerpt":{"rendered":"<p>Lors de la visite d&rsquo;\u00c9tat du roi Charles III de Grande-Bretagne et de la reine Camilla \u00e0 Washington, un bref instant au banquet d&rsquo;\u00c9tat est<\/p>\n","protected":false},"author":1,"featured_media":13632,"comment_status":"","ping_status":"","sticky":false,"template":"","format":"standard","meta":{"footnotes":""},"categories":[298],"tags":[7596,7211,3739,10597,2840,3096,10598,2425],"class_list":["post-13631","post","type-post","status-publish","format-standard","has-post-thumbnail","hentry","category-belgique","tag-allemande","tag-charles","tag-chute","tag-contredit","tag-historique","tag-roi","tag-these","tag-trump","generate-columns","tablet-grid-50","mobile-grid-100","grid-parent","grid-33"],"yoast_head":"<!-- This site is optimized with the Yoast SEO plugin v24.0 - https:\/\/yoast.com\/wordpress\/plugins\/seo\/ -->\n<title>Chute historique : le roi Charles contredit la th\u00e8se \u00ab allemande \u00bb de Trump | Vie Associative<\/title>\n<meta name=\"robots\" content=\"index, follow, max-snippet:-1, max-image-preview:large, max-video-preview:-1\" \/>\n<link rel=\"canonical\" href=\"https:\/\/vieassociative.be\/actualites\/chute-historique-le-roi-charles-contredit-la-these-allemande-de-trump\/\" \/>\n<meta property=\"og:locale\" content=\"fr_FR\" \/>\n<meta property=\"og:type\" content=\"article\" \/>\n<meta property=\"og:title\" content=\"Chute historique : le roi Charles contredit la th\u00e8se \u00ab allemande \u00bb de Trump | Vie Associative\" \/>\n<meta property=\"og:description\" content=\"Lors de la visite d&rsquo;\u00c9tat du roi Charles III de Grande-Bretagne et de la reine Camilla \u00e0 Washington, un bref instant au banquet d&rsquo;\u00c9tat est\" \/>\n<meta property=\"og:url\" content=\"https:\/\/vieassociative.be\/actualites\/chute-historique-le-roi-charles-contredit-la-these-allemande-de-trump\/\" \/>\n<meta property=\"og:site_name\" content=\"Vie Associative\" \/>\n<meta property=\"article:published_time\" content=\"2026-04-29T21:17:24+00:00\" \/>\n<meta property=\"og:image\" content=\"https:\/\/vieassociative.be\/actualites\/wp-content\/uploads\/2024\/09\/header_backgroundk-01-e1726694325946.png\" \/>\n\t<meta property=\"og:image:width\" content=\"279\" \/>\n\t<meta property=\"og:image:height\" content=\"92\" \/>\n\t<meta property=\"og:image:type\" content=\"image\/png\" \/>\n<meta name=\"author\" content=\"Julien\" \/>\n<meta name=\"twitter:card\" content=\"summary_large_image\" \/>\n<meta name=\"twitter:label1\" content=\"\u00c9crit par\" \/>\n\t<meta name=\"twitter:data1\" content=\"Julien\" \/>\n\t<meta name=\"twitter:label2\" content=\"Dur\u00e9e de lecture est.\" \/>\n\t<meta name=\"twitter:data2\" content=\"4 minutes\" \/>\n<script type=\"application\/ld+json\" class=\"yoast-schema-graph\">{\"@context\":\"https:\/\/schema.org\",\"@graph\":[{\"@type\":\"Article\",\"@id\":\"https:\/\/vieassociative.be\/actualites\/chute-historique-le-roi-charles-contredit-la-these-allemande-de-trump\/#article\",\"isPartOf\":{\"@id\":\"https:\/\/vieassociative.be\/actualites\/chute-historique-le-roi-charles-contredit-la-these-allemande-de-trump\/\"},\"author\":{\"name\":\"Julien\",\"@id\":\"https:\/\/vieassociative.be\/actualites\/#\/schema\/person\/b87ac4f82f9d4e7b7cec7395b679edc4\"},\"headline\":\"Chute historique : le roi Charles contredit la th\u00e8se \u00ab allemande \u00bb de Trump\",\"datePublished\":\"2026-04-29T21:17:24+00:00\",\"dateModified\":\"2026-04-29T21:17:24+00:00\",\"mainEntityOfPage\":{\"@id\":\"https:\/\/vieassociative.be\/actualites\/chute-historique-le-roi-charles-contredit-la-these-allemande-de-trump\/\"},\"wordCount\":811,\"publisher\":{\"@id\":\"https:\/\/vieassociative.be\/actualites\/#organization\"},\"image\":{\"@id\":\"https:\/\/vieassociative.be\/actualites\/chute-historique-le-roi-charles-contredit-la-these-allemande-de-trump\/#primaryimage\"},\"thumbnailUrl\":\"https:\/\/vieassociative.be\/actualites\/wp-content\/uploads\/2026\/04\/1777497445_Chute-historique-le-roi-Charles-contredit-la-these.jpg\",\"keywords\":[\"allemande\",\"Charles\",\"chute\",\"contredit\",\"historique\",\"roi\",\"th\u00e8se\",\"Trump\"],\"articleSection\":[\"Belgique\"],\"inLanguage\":\"fr-BE\"},{\"@type\":\"WebPage\",\"@id\":\"https:\/\/vieassociative.be\/actualites\/chute-historique-le-roi-charles-contredit-la-these-allemande-de-trump\/\",\"url\":\"https:\/\/vieassociative.be\/actualites\/chute-historique-le-roi-charles-contredit-la-these-allemande-de-trump\/\",\"name\":\"Chute historique : le roi Charles contredit la th\u00e8se \u00ab allemande \u00bb de Trump | Vie Associative\",\"isPartOf\":{\"@id\":\"https:\/\/vieassociative.be\/actualites\/#website\"},\"primaryImageOfPage\":{\"@id\":\"https:\/\/vieassociative.be\/actualites\/chute-historique-le-roi-charles-contredit-la-these-allemande-de-trump\/#primaryimage\"},\"image\":{\"@id\":\"https:\/\/vieassociative.be\/actualites\/chute-historique-le-roi-charles-contredit-la-these-allemande-de-trump\/#primaryimage\"},\"thumbnailUrl\":\"https:\/\/vieassociative.be\/actualites\/wp-content\/uploads\/2026\/04\/1777497445_Chute-historique-le-roi-Charles-contredit-la-these.jpg\",\"datePublished\":\"2026-04-29T21:17:24+00:00\",\"dateModified\":\"2026-04-29T21:17:24+00:00\",\"breadcrumb\":{\"@id\":\"https:\/\/vieassociative.be\/actualites\/chute-historique-le-roi-charles-contredit-la-these-allemande-de-trump\/#breadcrumb\"},\"inLanguage\":\"fr-BE\",\"potentialAction\":[{\"@type\":\"ReadAction\",\"target\":[\"https:\/\/vieassociative.be\/actualites\/chute-historique-le-roi-charles-contredit-la-these-allemande-de-trump\/\"]}]},{\"@type\":\"ImageObject\",\"inLanguage\":\"fr-BE\",\"@id\":\"https:\/\/vieassociative.be\/actualites\/chute-historique-le-roi-charles-contredit-la-these-allemande-de-trump\/#primaryimage\",\"url\":\"https:\/\/vieassociative.be\/actualites\/wp-content\/uploads\/2026\/04\/1777497445_Chute-historique-le-roi-Charles-contredit-la-these.jpg\",\"contentUrl\":\"https:\/\/vieassociative.be\/actualites\/wp-content\/uploads\/2026\/04\/1777497445_Chute-historique-le-roi-Charles-contredit-la-these.jpg\",\"width\":1200,\"height\":800,\"caption\":\"Chute historique : le roi Charles contredit la th\u00e8se \u00ab allemande \u00bb de Trump\"},{\"@type\":\"BreadcrumbList\",\"@id\":\"https:\/\/vieassociative.be\/actualites\/chute-historique-le-roi-charles-contredit-la-these-allemande-de-trump\/#breadcrumb\",\"itemListElement\":[{\"@type\":\"ListItem\",\"position\":1,\"name\":\"Accueil\",\"item\":\"https:\/\/vieassociative.be\/actualites\/\"},{\"@type\":\"ListItem\",\"position\":2,\"name\":\"Chute historique : le roi Charles contredit la th\u00e8se \u00ab allemande \u00bb de Trump\"}]},{\"@type\":\"WebSite\",\"@id\":\"https:\/\/vieassociative.be\/actualites\/#website\",\"url\":\"https:\/\/vieassociative.be\/actualites\/\",\"name\":\"Vie Associative\",\"description\":\"\",\"publisher\":{\"@id\":\"https:\/\/vieassociative.be\/actualites\/#organization\"},\"potentialAction\":[{\"@type\":\"SearchAction\",\"target\":{\"@type\":\"EntryPoint\",\"urlTemplate\":\"https:\/\/vieassociative.be\/actualites\/?s={search_term_string}\"},\"query-input\":{\"@type\":\"PropertyValueSpecification\",\"valueRequired\":true,\"valueName\":\"search_term_string\"}}],\"inLanguage\":\"fr-BE\"},{\"@type\":\"Organization\",\"@id\":\"https:\/\/vieassociative.be\/actualites\/#organization\",\"name\":\"Vie Associative\",\"url\":\"https:\/\/vieassociative.be\/actualites\/\",\"logo\":{\"@type\":\"ImageObject\",\"inLanguage\":\"fr-BE\",\"@id\":\"https:\/\/vieassociative.be\/actualites\/#\/schema\/logo\/image\/\",\"url\":\"https:\/\/vieassociative.be\/actualites\/wp-content\/uploads\/2024\/09\/cropped-vieassociative_favicon.ico.png\",\"contentUrl\":\"https:\/\/vieassociative.be\/actualites\/wp-content\/uploads\/2024\/09\/cropped-vieassociative_favicon.ico.png\",\"width\":512,\"height\":512,\"caption\":\"Vie Associative\"},\"image\":{\"@id\":\"https:\/\/vieassociative.be\/actualites\/#\/schema\/logo\/image\/\"}},{\"@type\":\"Person\",\"@id\":\"https:\/\/vieassociative.be\/actualites\/#\/schema\/person\/b87ac4f82f9d4e7b7cec7395b679edc4\",\"name\":\"Julien\",\"image\":{\"@type\":\"ImageObject\",\"inLanguage\":\"fr-BE\",\"@id\":\"https:\/\/vieassociative.be\/actualites\/#\/schema\/person\/image\/\",\"url\":\"https:\/\/vieassociative.be\/actualites\/wp-content\/uploads\/2024\/09\/vie-associative-1-150x150.jpg\",\"contentUrl\":\"https:\/\/vieassociative.be\/actualites\/wp-content\/uploads\/2024\/09\/vie-associative-1-150x150.jpg\",\"caption\":\"Julien\"},\"description\":\"Je suis Julien, r\u00e9dacteur pour Vie Associative. Passionn\u00e9 par le monde associatif depuis plus de 10 ans, j'ai \u00e0 c\u0153ur de partager des histoires inspirantes et de mettre en lumi\u00e8re les initiatives locales. Mon objectif est de sensibiliser et d'encourager l'engagement communautaire \u00e0 travers mes articles.\",\"sameAs\":[\"https:\/\/vieassociative.be\/\"]}]}<\/script>\n<!-- \/ Yoast SEO plugin. -->","yoast_head_json":{"title":"Chute historique : le roi Charles contredit la th\u00e8se \u00ab allemande \u00bb de Trump | Vie Associative","robots":{"index":"index","follow":"follow","max-snippet":"max-snippet:-1","max-image-preview":"max-image-preview:large","max-video-preview":"max-video-preview:-1"},"canonical":"https:\/\/vieassociative.be\/actualites\/chute-historique-le-roi-charles-contredit-la-these-allemande-de-trump\/","og_locale":"fr_FR","og_type":"article","og_title":"Chute historique : le roi Charles contredit la th\u00e8se \u00ab allemande \u00bb de Trump | Vie Associative","og_description":"Lors de la visite d&rsquo;\u00c9tat du roi Charles III de Grande-Bretagne et de la reine Camilla \u00e0 Washington, un bref instant au banquet d&rsquo;\u00c9tat est","og_url":"https:\/\/vieassociative.be\/actualites\/chute-historique-le-roi-charles-contredit-la-these-allemande-de-trump\/","og_site_name":"Vie Associative","article_published_time":"2026-04-29T21:17:24+00:00","og_image":[{"width":279,"height":92,"url":"https:\/\/vieassociative.be\/actualites\/wp-content\/uploads\/2024\/09\/header_backgroundk-01-e1726694325946.png","type":"image\/png"}],"author":"Julien","twitter_card":"summary_large_image","twitter_misc":{"\u00c9crit par":"Julien","Dur\u00e9e de lecture est.":"4 minutes"},"schema":{"@context":"https:\/\/schema.org","@graph":[{"@type":"Article","@id":"https:\/\/vieassociative.be\/actualites\/chute-historique-le-roi-charles-contredit-la-these-allemande-de-trump\/#article","isPartOf":{"@id":"https:\/\/vieassociative.be\/actualites\/chute-historique-le-roi-charles-contredit-la-these-allemande-de-trump\/"},"author":{"name":"Julien","@id":"https:\/\/vieassociative.be\/actualites\/#\/schema\/person\/b87ac4f82f9d4e7b7cec7395b679edc4"},"headline":"Chute historique : le roi Charles contredit la th\u00e8se \u00ab allemande \u00bb de Trump","datePublished":"2026-04-29T21:17:24+00:00","dateModified":"2026-04-29T21:17:24+00:00","mainEntityOfPage":{"@id":"https:\/\/vieassociative.be\/actualites\/chute-historique-le-roi-charles-contredit-la-these-allemande-de-trump\/"},"wordCount":811,"publisher":{"@id":"https:\/\/vieassociative.be\/actualites\/#organization"},"image":{"@id":"https:\/\/vieassociative.be\/actualites\/chute-historique-le-roi-charles-contredit-la-these-allemande-de-trump\/#primaryimage"},"thumbnailUrl":"https:\/\/vieassociative.be\/actualites\/wp-content\/uploads\/2026\/04\/1777497445_Chute-historique-le-roi-Charles-contredit-la-these.jpg","keywords":["allemande","Charles","chute","contredit","historique","roi","th\u00e8se","Trump"],"articleSection":["Belgique"],"inLanguage":"fr-BE"},{"@type":"WebPage","@id":"https:\/\/vieassociative.be\/actualites\/chute-historique-le-roi-charles-contredit-la-these-allemande-de-trump\/","url":"https:\/\/vieassociative.be\/actualites\/chute-historique-le-roi-charles-contredit-la-these-allemande-de-trump\/","name":"Chute historique : le roi Charles contredit la th\u00e8se \u00ab allemande \u00bb de Trump | Vie Associative","isPartOf":{"@id":"https:\/\/vieassociative.be\/actualites\/#website"},"primaryImageOfPage":{"@id":"https:\/\/vieassociative.be\/actualites\/chute-historique-le-roi-charles-contredit-la-these-allemande-de-trump\/#primaryimage"},"image":{"@id":"https:\/\/vieassociative.be\/actualites\/chute-historique-le-roi-charles-contredit-la-these-allemande-de-trump\/#primaryimage"},"thumbnailUrl":"https:\/\/vieassociative.be\/actualites\/wp-content\/uploads\/2026\/04\/1777497445_Chute-historique-le-roi-Charles-contredit-la-these.jpg","datePublished":"2026-04-29T21:17:24+00:00","dateModified":"2026-04-29T21:17:24+00:00","breadcrumb":{"@id":"https:\/\/vieassociative.be\/actualites\/chute-historique-le-roi-charles-contredit-la-these-allemande-de-trump\/#breadcrumb"},"inLanguage":"fr-BE","potentialAction":[{"@type":"ReadAction","target":["https:\/\/vieassociative.be\/actualites\/chute-historique-le-roi-charles-contredit-la-these-allemande-de-trump\/"]}]},{"@type":"ImageObject","inLanguage":"fr-BE","@id":"https:\/\/vieassociative.be\/actualites\/chute-historique-le-roi-charles-contredit-la-these-allemande-de-trump\/#primaryimage","url":"https:\/\/vieassociative.be\/actualites\/wp-content\/uploads\/2026\/04\/1777497445_Chute-historique-le-roi-Charles-contredit-la-these.jpg","contentUrl":"https:\/\/vieassociative.be\/actualites\/wp-content\/uploads\/2026\/04\/1777497445_Chute-historique-le-roi-Charles-contredit-la-these.jpg","width":1200,"height":800,"caption":"Chute historique : le roi Charles contredit la th\u00e8se \u00ab allemande \u00bb de Trump"},{"@type":"BreadcrumbList","@id":"https:\/\/vieassociative.be\/actualites\/chute-historique-le-roi-charles-contredit-la-these-allemande-de-trump\/#breadcrumb","itemListElement":[{"@type":"ListItem","position":1,"name":"Accueil","item":"https:\/\/vieassociative.be\/actualites\/"},{"@type":"ListItem","position":2,"name":"Chute historique : le roi Charles contredit la th\u00e8se \u00ab allemande \u00bb de Trump"}]},{"@type":"WebSite","@id":"https:\/\/vieassociative.be\/actualites\/#website","url":"https:\/\/vieassociative.be\/actualites\/","name":"Vie Associative","description":"","publisher":{"@id":"https:\/\/vieassociative.be\/actualites\/#organization"},"potentialAction":[{"@type":"SearchAction","target":{"@type":"EntryPoint","urlTemplate":"https:\/\/vieassociative.be\/actualites\/?s={search_term_string}"},"query-input":{"@type":"PropertyValueSpecification","valueRequired":true,"valueName":"search_term_string"}}],"inLanguage":"fr-BE"},{"@type":"Organization","@id":"https:\/\/vieassociative.be\/actualites\/#organization","name":"Vie Associative","url":"https:\/\/vieassociative.be\/actualites\/","logo":{"@type":"ImageObject","inLanguage":"fr-BE","@id":"https:\/\/vieassociative.be\/actualites\/#\/schema\/logo\/image\/","url":"https:\/\/vieassociative.be\/actualites\/wp-content\/uploads\/2024\/09\/cropped-vieassociative_favicon.ico.png","contentUrl":"https:\/\/vieassociative.be\/actualites\/wp-content\/uploads\/2024\/09\/cropped-vieassociative_favicon.ico.png","width":512,"height":512,"caption":"Vie Associative"},"image":{"@id":"https:\/\/vieassociative.be\/actualites\/#\/schema\/logo\/image\/"}},{"@type":"Person","@id":"https:\/\/vieassociative.be\/actualites\/#\/schema\/person\/b87ac4f82f9d4e7b7cec7395b679edc4","name":"Julien","image":{"@type":"ImageObject","inLanguage":"fr-BE","@id":"https:\/\/vieassociative.be\/actualites\/#\/schema\/person\/image\/","url":"https:\/\/vieassociative.be\/actualites\/wp-content\/uploads\/2024\/09\/vie-associative-1-150x150.jpg","contentUrl":"https:\/\/vieassociative.be\/actualites\/wp-content\/uploads\/2024\/09\/vie-associative-1-150x150.jpg","caption":"Julien"},"description":"Je suis Julien, r\u00e9dacteur pour Vie Associative. Passionn\u00e9 par le monde associatif depuis plus de 10 ans, j'ai \u00e0 c\u0153ur de partager des histoires inspirantes et de mettre en lumi\u00e8re les initiatives locales. Mon objectif est de sensibiliser et d'encourager l'engagement communautaire \u00e0 travers mes articles.","sameAs":["https:\/\/vieassociative.be\/"]}]}},"_links":{"self":[{"href":"https:\/\/vieassociative.be\/actualites\/wp-json\/wp\/v2\/posts\/13631"}],"collection":[{"href":"https:\/\/vieassociative.be\/actualites\/wp-json\/wp\/v2\/posts"}],"about":[{"href":"https:\/\/vieassociative.be\/actualites\/wp-json\/wp\/v2\/types\/post"}],"author":[{"embeddable":true,"href":"https:\/\/vieassociative.be\/actualites\/wp-json\/wp\/v2\/users\/1"}],"replies":[{"embeddable":true,"href":"https:\/\/vieassociative.be\/actualites\/wp-json\/wp\/v2\/comments?post=13631"}],"version-history":[{"count":0,"href":"https:\/\/vieassociative.be\/actualites\/wp-json\/wp\/v2\/posts\/13631\/revisions"}],"wp:featuredmedia":[{"embeddable":true,"href":"https:\/\/vieassociative.be\/actualites\/wp-json\/wp\/v2\/media\/13632"}],"wp:attachment":[{"href":"https:\/\/vieassociative.be\/actualites\/wp-json\/wp\/v2\/media?parent=13631"}],"wp:term":[{"taxonomy":"category","embeddable":true,"href":"https:\/\/vieassociative.be\/actualites\/wp-json\/wp\/v2\/categories?post=13631"},{"taxonomy":"post_tag","embeddable":true,"href":"https:\/\/vieassociative.be\/actualites\/wp-json\/wp\/v2\/tags?post=13631"}],"curies":[{"name":"wp","href":"https:\/\/api.w.org\/{rel}","templated":true}]}}