{"id":13627,"date":"2026-04-29T17:17:29","date_gmt":"2026-04-29T15:17:29","guid":{"rendered":"https:\/\/vieassociative.be\/actualites\/la-coupe-du-monde-2026-aura-t-elle-lieu-avec-ou-sans-liran-speculation-sur-deventuels-scenarios-de-remplacement\/"},"modified":"2026-04-29T17:17:29","modified_gmt":"2026-04-29T15:17:29","slug":"la-coupe-du-monde-2026-aura-t-elle-lieu-avec-ou-sans-liran-speculation-sur-deventuels-scenarios-de-remplacement","status":"publish","type":"post","link":"https:\/\/vieassociative.be\/actualites\/la-coupe-du-monde-2026-aura-t-elle-lieu-avec-ou-sans-liran-speculation-sur-deventuels-scenarios-de-remplacement\/","title":{"rendered":"La Coupe du monde 2026 aura-t-elle lieu avec ou sans l&rsquo;Iran ? \u2013 Sp\u00e9culation sur d\u2019\u00e9ventuels sc\u00e9narios de remplacement"},"content":{"rendered":"<p><strong>A six semaines du d\u00e9but de la Coupe du monde 2026, l\u2019\u00e9ventuelle participation de l\u2019\u00e9quipe nationale iranienne se trouve dans un flou inhabituel entre clart\u00e9 sportive et incertitude politique.<\/strong><\/p>\n<p><span id=\"more-438689\"><\/span>D&rsquo;un point de vue purement sportif, la situation est claire : l&rsquo;Iran s&rsquo;est r\u00e9guli\u00e8rement qualifi\u00e9 et est r\u00e9pertori\u00e9 comme participant par la FIFA. Le pr\u00e9sident de la FIFA, Gianni Infantino, a \u00e9galement soulign\u00e9 \u00e0 plusieurs reprises qu&rsquo;il n&rsquo;y avait aucune raison sportive ou formelle pour une exclusion. Selon les plans officiels, l&rsquo;\u00e9quipe fait toujours partie du groupe de participants au tournoi.<\/p>\n<p>Dans le m\u00eame temps, ce point de d\u00e9part apparemment clair est \u00e9clips\u00e9 par la situation g\u00e9opolitique. La Coupe du monde se d\u00e9roulera, entre autres, aux \u00c9tats-Unis, un pays avec lequel l&rsquo;Iran entretient des relations tendues depuis des d\u00e9cennies. Les tensions politiques et les conflits militaires actuels dans la r\u00e9gion exacerbent encore ce probl\u00e8me.<\/p>\n<div id=\"attachment_431229\" class=\"wp-caption alignleft\" style=\"max-width: 300px\"><img fetchpriority=\"high\" decoding=\"async\" class=\"wp-image-431229 size-medium\" src=\"https:\/\/vieassociative.be\/actualites\/wp-content\/uploads\/2025\/12\/Coupe-du-monde-de-football-2026-les-Diables-Rouges.jpg\" alt=\"\" width=\"300\" height=\"200\"><\/div>\n<p>Des signaux contradictoires sont r\u00e9cemment venus de T\u00e9h\u00e9ran : tandis que certains repr\u00e9sentants du gouvernement remettaient fondamentalement en question la participation, d&rsquo;autres voix soulignaient qu&rsquo;ils poursuivaient les pr\u00e9paratifs pour le tournoi. Il n&rsquo;existe pas non plus de symbolisme politique unanimement per\u00e7u du c\u00f4t\u00e9 am\u00e9ricain, m\u00eame s&rsquo;il a \u00e9t\u00e9 officiellement d\u00e9clar\u00e9 que la participation de l&rsquo;Iran ne susciterait aucune objection.<\/p>\n<p>Outre la dimension politique majeure, des questions pratiques concr\u00e8tes se posent. Cela inclut notamment les exigences d\u2019entr\u00e9e et de visa. Les \u00c9tats-Unis ont des r\u00e9glementations claires qui pourraient affecter les personnes ayant certaines relations politiques ou militaires, notamment certaines parties de la d\u00e9l\u00e9gation iranienne.<\/p>\n<p>Cela soul\u00e8ve la question de savoir si tous les joueurs, superviseurs et officiels pourraient effectivement entrer dans le pays sans probl\u00e8me. Il y a aussi des aspects de s\u00e9curit\u00e9 : tant pour l\u2019\u00e9quipe que pour les supporters, il existe un risque accru de tensions ou de protestations \u00e0 motivation politique pendant le tournoi. Dans ce contexte, l&rsquo;Iran a \u00e9galement sugg\u00e9r\u00e9 que, si possible, ses matchs ne devraient pas \u00eatre jou\u00e9s sur le sol am\u00e9ricain, mais plut\u00f4t dans d&rsquo;autres pays h\u00f4tes tels que le Mexique &#8211; une suggestion que la FIFA n&rsquo;a pas encore retenue.<\/p>\n<div id=\"attachment_431180\" class=\"wp-caption alignleft\" style=\"max-width: 300px\"><img decoding=\"async\" class=\"wp-image-431180 size-medium\" src=\"https:\/\/vieassociative.be\/actualites\/wp-content\/uploads\/2026\/04\/La-Coupe-du-monde-2026-aura-t-elle-lieu-avec-ou-sans.jpg\" alt=\"\" width=\"300\" height=\"200\"  ><\/div>\n<p>L\u2019incertitude persistante a \u00e9galement suscit\u00e9 des sp\u00e9culations sur d\u2019\u00e9ventuels sc\u00e9narios de remplacement. Il a \u00e9t\u00e9 discut\u00e9, par exemple, de la possibilit\u00e9 pour une \u00e9quipe non qualifi\u00e9e comme l&rsquo;\u00e9quipe nationale italienne de football de progresser en cas de retrait \u00e0 court terme. D\u2019autres options ont \u00e9galement \u00e9t\u00e9 \u00e9voqu\u00e9es \u00e0 l\u2019occasion. Cependant, la FIFA n\u2019a communiqu\u00e9 aucun plan concret ni m\u00e9canisme officiel, de tels sc\u00e9narios sont donc actuellement consid\u00e9r\u00e9s comme hypoth\u00e9tiques.<\/p>\n<p>Dans l\u2019ensemble, la situation se r\u00e9v\u00e8le \u00eatre une interaction complexe entre le sport, la politique et l\u2019organisation. Si la participation de l&rsquo;Iran est hors de question d&rsquo;un point de vue sportif, elle reste politiquement et pratiquement soumise \u00e0 plusieurs incertitudes.<\/p>\n<p>Le facteur d\u00e9cisif sera l\u2019\u00e9volution de la situation g\u00e9opolitique dans les semaines \u00e0 venir, la question de savoir si les probl\u00e8mes d\u2019entr\u00e9e et de s\u00e9curit\u00e9 pourront \u00eatre r\u00e9solus de mani\u00e8re satisfaisante et s\u2019il n\u2019y aura pas d\u2019escalade \u00e0 court terme. Une participation semble actuellement probable, mais la certitude d\u00e9finitive ne pourra \u00eatre obtenue qu&rsquo;imm\u00e9diatement avant le d\u00e9but du tournoi. (cr\u00e9er)<\/p>\n","protected":false},"excerpt":{"rendered":"<p>A six semaines du d\u00e9but de la Coupe du monde 2026, l\u2019\u00e9ventuelle participation de l\u2019\u00e9quipe nationale iranienne se trouve dans un flou inhabituel entre clart\u00e9<\/p>\n","protected":false},"author":1,"featured_media":13628,"comment_status":"","ping_status":"","sticky":false,"template":"","format":"standard","meta":{"footnotes":""},"categories":[298],"tags":[10591,61,2472,10593,1541,7426,237,6442,130,2479,10592,33],"class_list":["post-13627","post","type-post","status-publish","format-standard","has-post-thumbnail","hentry","category-belgique","tag-auratelle","tag-avec","tag-coupe","tag-deventuels","tag-lieu","tag-liran","tag-monde","tag-remplacement","tag-sans","tag-scenarios","tag-speculation","tag-sur","generate-columns","tablet-grid-50","mobile-grid-100","grid-parent","grid-33"],"yoast_head":"<!-- This site is optimized with the Yoast SEO plugin v24.0 - https:\/\/yoast.com\/wordpress\/plugins\/seo\/ -->\n<title>La Coupe du monde 2026 aura-t-elle lieu avec ou sans l&#039;Iran ? \u2013 Sp\u00e9culation sur d\u2019\u00e9ventuels sc\u00e9narios de remplacement | Vie Associative<\/title>\n<meta name=\"robots\" content=\"index, follow, max-snippet:-1, max-image-preview:large, max-video-preview:-1\" \/>\n<link rel=\"canonical\" href=\"https:\/\/vieassociative.be\/actualites\/la-coupe-du-monde-2026-aura-t-elle-lieu-avec-ou-sans-liran-speculation-sur-deventuels-scenarios-de-remplacement\/\" \/>\n<meta property=\"og:locale\" content=\"fr_FR\" \/>\n<meta property=\"og:type\" content=\"article\" \/>\n<meta property=\"og:title\" content=\"La Coupe du monde 2026 aura-t-elle lieu avec ou sans l&#039;Iran ? \u2013 Sp\u00e9culation sur d\u2019\u00e9ventuels sc\u00e9narios de remplacement | Vie Associative\" \/>\n<meta property=\"og:description\" content=\"A six semaines du d\u00e9but de la Coupe du monde 2026, l\u2019\u00e9ventuelle participation de l\u2019\u00e9quipe nationale iranienne se trouve dans un flou inhabituel entre clart\u00e9\" \/>\n<meta property=\"og:url\" content=\"https:\/\/vieassociative.be\/actualites\/la-coupe-du-monde-2026-aura-t-elle-lieu-avec-ou-sans-liran-speculation-sur-deventuels-scenarios-de-remplacement\/\" \/>\n<meta property=\"og:site_name\" content=\"Vie Associative\" \/>\n<meta property=\"article:published_time\" content=\"2026-04-29T15:17:29+00:00\" \/>\n<meta property=\"og:image\" content=\"https:\/\/vieassociative.be\/actualites\/wp-content\/uploads\/2024\/09\/header_backgroundk-01-e1726694325946.png\" \/>\n\t<meta property=\"og:image:width\" content=\"279\" \/>\n\t<meta property=\"og:image:height\" content=\"92\" \/>\n\t<meta property=\"og:image:type\" content=\"image\/png\" \/>\n<meta name=\"author\" content=\"Julien\" \/>\n<meta name=\"twitter:card\" content=\"summary_large_image\" \/>\n<meta name=\"twitter:label1\" content=\"\u00c9crit par\" \/>\n\t<meta name=\"twitter:data1\" content=\"Julien\" \/>\n\t<meta name=\"twitter:label2\" content=\"Dur\u00e9e de lecture est.\" \/>\n\t<meta name=\"twitter:data2\" content=\"3 minutes\" \/>\n<script type=\"application\/ld+json\" class=\"yoast-schema-graph\">{\"@context\":\"https:\/\/schema.org\",\"@graph\":[{\"@type\":\"Article\",\"@id\":\"https:\/\/vieassociative.be\/actualites\/la-coupe-du-monde-2026-aura-t-elle-lieu-avec-ou-sans-liran-speculation-sur-deventuels-scenarios-de-remplacement\/#article\",\"isPartOf\":{\"@id\":\"https:\/\/vieassociative.be\/actualites\/la-coupe-du-monde-2026-aura-t-elle-lieu-avec-ou-sans-liran-speculation-sur-deventuels-scenarios-de-remplacement\/\"},\"author\":{\"name\":\"Julien\",\"@id\":\"https:\/\/vieassociative.be\/actualites\/#\/schema\/person\/b87ac4f82f9d4e7b7cec7395b679edc4\"},\"headline\":\"La Coupe du monde 2026 aura-t-elle lieu avec ou sans l&rsquo;Iran ? \u2013 Sp\u00e9culation sur d\u2019\u00e9ventuels sc\u00e9narios de remplacement\",\"datePublished\":\"2026-04-29T15:17:29+00:00\",\"dateModified\":\"2026-04-29T15:17:29+00:00\",\"mainEntityOfPage\":{\"@id\":\"https:\/\/vieassociative.be\/actualites\/la-coupe-du-monde-2026-aura-t-elle-lieu-avec-ou-sans-liran-speculation-sur-deventuels-scenarios-de-remplacement\/\"},\"wordCount\":610,\"publisher\":{\"@id\":\"https:\/\/vieassociative.be\/actualites\/#organization\"},\"image\":{\"@id\":\"https:\/\/vieassociative.be\/actualites\/la-coupe-du-monde-2026-aura-t-elle-lieu-avec-ou-sans-liran-speculation-sur-deventuels-scenarios-de-remplacement\/#primaryimage\"},\"thumbnailUrl\":\"https:\/\/vieassociative.be\/actualites\/wp-content\/uploads\/2026\/04\/1777475850_La-Coupe-du-monde-2026-aura-t-elle-lieu-avec-ou-sans.jpg\",\"keywords\":[\"auratelle\",\"avec\",\"Coupe\",\"d\u00e9ventuels\",\"lieu\",\"lIran\",\"monde\",\"remplacement\",\"sans\",\"sc\u00e9narios\",\"Sp\u00e9culation\",\"sur\"],\"articleSection\":[\"Belgique\"],\"inLanguage\":\"fr-BE\"},{\"@type\":\"WebPage\",\"@id\":\"https:\/\/vieassociative.be\/actualites\/la-coupe-du-monde-2026-aura-t-elle-lieu-avec-ou-sans-liran-speculation-sur-deventuels-scenarios-de-remplacement\/\",\"url\":\"https:\/\/vieassociative.be\/actualites\/la-coupe-du-monde-2026-aura-t-elle-lieu-avec-ou-sans-liran-speculation-sur-deventuels-scenarios-de-remplacement\/\",\"name\":\"La Coupe du monde 2026 aura-t-elle lieu avec ou sans l'Iran ? \u2013 Sp\u00e9culation sur d\u2019\u00e9ventuels sc\u00e9narios de remplacement | Vie Associative\",\"isPartOf\":{\"@id\":\"https:\/\/vieassociative.be\/actualites\/#website\"},\"primaryImageOfPage\":{\"@id\":\"https:\/\/vieassociative.be\/actualites\/la-coupe-du-monde-2026-aura-t-elle-lieu-avec-ou-sans-liran-speculation-sur-deventuels-scenarios-de-remplacement\/#primaryimage\"},\"image\":{\"@id\":\"https:\/\/vieassociative.be\/actualites\/la-coupe-du-monde-2026-aura-t-elle-lieu-avec-ou-sans-liran-speculation-sur-deventuels-scenarios-de-remplacement\/#primaryimage\"},\"thumbnailUrl\":\"https:\/\/vieassociative.be\/actualites\/wp-content\/uploads\/2026\/04\/1777475850_La-Coupe-du-monde-2026-aura-t-elle-lieu-avec-ou-sans.jpg\",\"datePublished\":\"2026-04-29T15:17:29+00:00\",\"dateModified\":\"2026-04-29T15:17:29+00:00\",\"breadcrumb\":{\"@id\":\"https:\/\/vieassociative.be\/actualites\/la-coupe-du-monde-2026-aura-t-elle-lieu-avec-ou-sans-liran-speculation-sur-deventuels-scenarios-de-remplacement\/#breadcrumb\"},\"inLanguage\":\"fr-BE\",\"potentialAction\":[{\"@type\":\"ReadAction\",\"target\":[\"https:\/\/vieassociative.be\/actualites\/la-coupe-du-monde-2026-aura-t-elle-lieu-avec-ou-sans-liran-speculation-sur-deventuels-scenarios-de-remplacement\/\"]}]},{\"@type\":\"ImageObject\",\"inLanguage\":\"fr-BE\",\"@id\":\"https:\/\/vieassociative.be\/actualites\/la-coupe-du-monde-2026-aura-t-elle-lieu-avec-ou-sans-liran-speculation-sur-deventuels-scenarios-de-remplacement\/#primaryimage\",\"url\":\"https:\/\/vieassociative.be\/actualites\/wp-content\/uploads\/2026\/04\/1777475850_La-Coupe-du-monde-2026-aura-t-elle-lieu-avec-ou-sans.jpg\",\"contentUrl\":\"https:\/\/vieassociative.be\/actualites\/wp-content\/uploads\/2026\/04\/1777475850_La-Coupe-du-monde-2026-aura-t-elle-lieu-avec-ou-sans.jpg\",\"width\":1200,\"height\":800,\"caption\":\"La Coupe du monde 2026 aura-t-elle lieu avec ou sans l'Iran ? \u2013 Sp\u00e9culation sur d\u2019\u00e9ventuels sc\u00e9narios de remplacement\"},{\"@type\":\"BreadcrumbList\",\"@id\":\"https:\/\/vieassociative.be\/actualites\/la-coupe-du-monde-2026-aura-t-elle-lieu-avec-ou-sans-liran-speculation-sur-deventuels-scenarios-de-remplacement\/#breadcrumb\",\"itemListElement\":[{\"@type\":\"ListItem\",\"position\":1,\"name\":\"Accueil\",\"item\":\"https:\/\/vieassociative.be\/actualites\/\"},{\"@type\":\"ListItem\",\"position\":2,\"name\":\"La Coupe du monde 2026 aura-t-elle lieu avec ou sans l&rsquo;Iran ? \u2013 Sp\u00e9culation sur d\u2019\u00e9ventuels sc\u00e9narios de remplacement\"}]},{\"@type\":\"WebSite\",\"@id\":\"https:\/\/vieassociative.be\/actualites\/#website\",\"url\":\"https:\/\/vieassociative.be\/actualites\/\",\"name\":\"Vie Associative\",\"description\":\"\",\"publisher\":{\"@id\":\"https:\/\/vieassociative.be\/actualites\/#organization\"},\"potentialAction\":[{\"@type\":\"SearchAction\",\"target\":{\"@type\":\"EntryPoint\",\"urlTemplate\":\"https:\/\/vieassociative.be\/actualites\/?s={search_term_string}\"},\"query-input\":{\"@type\":\"PropertyValueSpecification\",\"valueRequired\":true,\"valueName\":\"search_term_string\"}}],\"inLanguage\":\"fr-BE\"},{\"@type\":\"Organization\",\"@id\":\"https:\/\/vieassociative.be\/actualites\/#organization\",\"name\":\"Vie Associative\",\"url\":\"https:\/\/vieassociative.be\/actualites\/\",\"logo\":{\"@type\":\"ImageObject\",\"inLanguage\":\"fr-BE\",\"@id\":\"https:\/\/vieassociative.be\/actualites\/#\/schema\/logo\/image\/\",\"url\":\"https:\/\/vieassociative.be\/actualites\/wp-content\/uploads\/2024\/09\/cropped-vieassociative_favicon.ico.png\",\"contentUrl\":\"https:\/\/vieassociative.be\/actualites\/wp-content\/uploads\/2024\/09\/cropped-vieassociative_favicon.ico.png\",\"width\":512,\"height\":512,\"caption\":\"Vie Associative\"},\"image\":{\"@id\":\"https:\/\/vieassociative.be\/actualites\/#\/schema\/logo\/image\/\"}},{\"@type\":\"Person\",\"@id\":\"https:\/\/vieassociative.be\/actualites\/#\/schema\/person\/b87ac4f82f9d4e7b7cec7395b679edc4\",\"name\":\"Julien\",\"image\":{\"@type\":\"ImageObject\",\"inLanguage\":\"fr-BE\",\"@id\":\"https:\/\/vieassociative.be\/actualites\/#\/schema\/person\/image\/\",\"url\":\"https:\/\/vieassociative.be\/actualites\/wp-content\/uploads\/2024\/09\/vie-associative-1-150x150.jpg\",\"contentUrl\":\"https:\/\/vieassociative.be\/actualites\/wp-content\/uploads\/2024\/09\/vie-associative-1-150x150.jpg\",\"caption\":\"Julien\"},\"description\":\"Je suis Julien, r\u00e9dacteur pour Vie Associative. Passionn\u00e9 par le monde associatif depuis plus de 10 ans, j'ai \u00e0 c\u0153ur de partager des histoires inspirantes et de mettre en lumi\u00e8re les initiatives locales. Mon objectif est de sensibiliser et d'encourager l'engagement communautaire \u00e0 travers mes articles.\",\"sameAs\":[\"https:\/\/vieassociative.be\/\"]}]}<\/script>\n<!-- \/ Yoast SEO plugin. -->","yoast_head_json":{"title":"La Coupe du monde 2026 aura-t-elle lieu avec ou sans l'Iran ? \u2013 Sp\u00e9culation sur d\u2019\u00e9ventuels sc\u00e9narios de remplacement | Vie Associative","robots":{"index":"index","follow":"follow","max-snippet":"max-snippet:-1","max-image-preview":"max-image-preview:large","max-video-preview":"max-video-preview:-1"},"canonical":"https:\/\/vieassociative.be\/actualites\/la-coupe-du-monde-2026-aura-t-elle-lieu-avec-ou-sans-liran-speculation-sur-deventuels-scenarios-de-remplacement\/","og_locale":"fr_FR","og_type":"article","og_title":"La Coupe du monde 2026 aura-t-elle lieu avec ou sans l'Iran ? \u2013 Sp\u00e9culation sur d\u2019\u00e9ventuels sc\u00e9narios de remplacement | Vie Associative","og_description":"A six semaines du d\u00e9but de la Coupe du monde 2026, l\u2019\u00e9ventuelle participation de l\u2019\u00e9quipe nationale iranienne se trouve dans un flou inhabituel entre clart\u00e9","og_url":"https:\/\/vieassociative.be\/actualites\/la-coupe-du-monde-2026-aura-t-elle-lieu-avec-ou-sans-liran-speculation-sur-deventuels-scenarios-de-remplacement\/","og_site_name":"Vie Associative","article_published_time":"2026-04-29T15:17:29+00:00","og_image":[{"width":279,"height":92,"url":"https:\/\/vieassociative.be\/actualites\/wp-content\/uploads\/2024\/09\/header_backgroundk-01-e1726694325946.png","type":"image\/png"}],"author":"Julien","twitter_card":"summary_large_image","twitter_misc":{"\u00c9crit par":"Julien","Dur\u00e9e de lecture est.":"3 minutes"},"schema":{"@context":"https:\/\/schema.org","@graph":[{"@type":"Article","@id":"https:\/\/vieassociative.be\/actualites\/la-coupe-du-monde-2026-aura-t-elle-lieu-avec-ou-sans-liran-speculation-sur-deventuels-scenarios-de-remplacement\/#article","isPartOf":{"@id":"https:\/\/vieassociative.be\/actualites\/la-coupe-du-monde-2026-aura-t-elle-lieu-avec-ou-sans-liran-speculation-sur-deventuels-scenarios-de-remplacement\/"},"author":{"name":"Julien","@id":"https:\/\/vieassociative.be\/actualites\/#\/schema\/person\/b87ac4f82f9d4e7b7cec7395b679edc4"},"headline":"La Coupe du monde 2026 aura-t-elle lieu avec ou sans l&rsquo;Iran ? \u2013 Sp\u00e9culation sur d\u2019\u00e9ventuels sc\u00e9narios de remplacement","datePublished":"2026-04-29T15:17:29+00:00","dateModified":"2026-04-29T15:17:29+00:00","mainEntityOfPage":{"@id":"https:\/\/vieassociative.be\/actualites\/la-coupe-du-monde-2026-aura-t-elle-lieu-avec-ou-sans-liran-speculation-sur-deventuels-scenarios-de-remplacement\/"},"wordCount":610,"publisher":{"@id":"https:\/\/vieassociative.be\/actualites\/#organization"},"image":{"@id":"https:\/\/vieassociative.be\/actualites\/la-coupe-du-monde-2026-aura-t-elle-lieu-avec-ou-sans-liran-speculation-sur-deventuels-scenarios-de-remplacement\/#primaryimage"},"thumbnailUrl":"https:\/\/vieassociative.be\/actualites\/wp-content\/uploads\/2026\/04\/1777475850_La-Coupe-du-monde-2026-aura-t-elle-lieu-avec-ou-sans.jpg","keywords":["auratelle","avec","Coupe","d\u00e9ventuels","lieu","lIran","monde","remplacement","sans","sc\u00e9narios","Sp\u00e9culation","sur"],"articleSection":["Belgique"],"inLanguage":"fr-BE"},{"@type":"WebPage","@id":"https:\/\/vieassociative.be\/actualites\/la-coupe-du-monde-2026-aura-t-elle-lieu-avec-ou-sans-liran-speculation-sur-deventuels-scenarios-de-remplacement\/","url":"https:\/\/vieassociative.be\/actualites\/la-coupe-du-monde-2026-aura-t-elle-lieu-avec-ou-sans-liran-speculation-sur-deventuels-scenarios-de-remplacement\/","name":"La Coupe du monde 2026 aura-t-elle lieu avec ou sans l'Iran ? \u2013 Sp\u00e9culation sur d\u2019\u00e9ventuels sc\u00e9narios de remplacement | Vie Associative","isPartOf":{"@id":"https:\/\/vieassociative.be\/actualites\/#website"},"primaryImageOfPage":{"@id":"https:\/\/vieassociative.be\/actualites\/la-coupe-du-monde-2026-aura-t-elle-lieu-avec-ou-sans-liran-speculation-sur-deventuels-scenarios-de-remplacement\/#primaryimage"},"image":{"@id":"https:\/\/vieassociative.be\/actualites\/la-coupe-du-monde-2026-aura-t-elle-lieu-avec-ou-sans-liran-speculation-sur-deventuels-scenarios-de-remplacement\/#primaryimage"},"thumbnailUrl":"https:\/\/vieassociative.be\/actualites\/wp-content\/uploads\/2026\/04\/1777475850_La-Coupe-du-monde-2026-aura-t-elle-lieu-avec-ou-sans.jpg","datePublished":"2026-04-29T15:17:29+00:00","dateModified":"2026-04-29T15:17:29+00:00","breadcrumb":{"@id":"https:\/\/vieassociative.be\/actualites\/la-coupe-du-monde-2026-aura-t-elle-lieu-avec-ou-sans-liran-speculation-sur-deventuels-scenarios-de-remplacement\/#breadcrumb"},"inLanguage":"fr-BE","potentialAction":[{"@type":"ReadAction","target":["https:\/\/vieassociative.be\/actualites\/la-coupe-du-monde-2026-aura-t-elle-lieu-avec-ou-sans-liran-speculation-sur-deventuels-scenarios-de-remplacement\/"]}]},{"@type":"ImageObject","inLanguage":"fr-BE","@id":"https:\/\/vieassociative.be\/actualites\/la-coupe-du-monde-2026-aura-t-elle-lieu-avec-ou-sans-liran-speculation-sur-deventuels-scenarios-de-remplacement\/#primaryimage","url":"https:\/\/vieassociative.be\/actualites\/wp-content\/uploads\/2026\/04\/1777475850_La-Coupe-du-monde-2026-aura-t-elle-lieu-avec-ou-sans.jpg","contentUrl":"https:\/\/vieassociative.be\/actualites\/wp-content\/uploads\/2026\/04\/1777475850_La-Coupe-du-monde-2026-aura-t-elle-lieu-avec-ou-sans.jpg","width":1200,"height":800,"caption":"La Coupe du monde 2026 aura-t-elle lieu avec ou sans l'Iran ? \u2013 Sp\u00e9culation sur d\u2019\u00e9ventuels sc\u00e9narios de remplacement"},{"@type":"BreadcrumbList","@id":"https:\/\/vieassociative.be\/actualites\/la-coupe-du-monde-2026-aura-t-elle-lieu-avec-ou-sans-liran-speculation-sur-deventuels-scenarios-de-remplacement\/#breadcrumb","itemListElement":[{"@type":"ListItem","position":1,"name":"Accueil","item":"https:\/\/vieassociative.be\/actualites\/"},{"@type":"ListItem","position":2,"name":"La Coupe du monde 2026 aura-t-elle lieu avec ou sans l&rsquo;Iran ? \u2013 Sp\u00e9culation sur d\u2019\u00e9ventuels sc\u00e9narios de remplacement"}]},{"@type":"WebSite","@id":"https:\/\/vieassociative.be\/actualites\/#website","url":"https:\/\/vieassociative.be\/actualites\/","name":"Vie Associative","description":"","publisher":{"@id":"https:\/\/vieassociative.be\/actualites\/#organization"},"potentialAction":[{"@type":"SearchAction","target":{"@type":"EntryPoint","urlTemplate":"https:\/\/vieassociative.be\/actualites\/?s={search_term_string}"},"query-input":{"@type":"PropertyValueSpecification","valueRequired":true,"valueName":"search_term_string"}}],"inLanguage":"fr-BE"},{"@type":"Organization","@id":"https:\/\/vieassociative.be\/actualites\/#organization","name":"Vie Associative","url":"https:\/\/vieassociative.be\/actualites\/","logo":{"@type":"ImageObject","inLanguage":"fr-BE","@id":"https:\/\/vieassociative.be\/actualites\/#\/schema\/logo\/image\/","url":"https:\/\/vieassociative.be\/actualites\/wp-content\/uploads\/2024\/09\/cropped-vieassociative_favicon.ico.png","contentUrl":"https:\/\/vieassociative.be\/actualites\/wp-content\/uploads\/2024\/09\/cropped-vieassociative_favicon.ico.png","width":512,"height":512,"caption":"Vie Associative"},"image":{"@id":"https:\/\/vieassociative.be\/actualites\/#\/schema\/logo\/image\/"}},{"@type":"Person","@id":"https:\/\/vieassociative.be\/actualites\/#\/schema\/person\/b87ac4f82f9d4e7b7cec7395b679edc4","name":"Julien","image":{"@type":"ImageObject","inLanguage":"fr-BE","@id":"https:\/\/vieassociative.be\/actualites\/#\/schema\/person\/image\/","url":"https:\/\/vieassociative.be\/actualites\/wp-content\/uploads\/2024\/09\/vie-associative-1-150x150.jpg","contentUrl":"https:\/\/vieassociative.be\/actualites\/wp-content\/uploads\/2024\/09\/vie-associative-1-150x150.jpg","caption":"Julien"},"description":"Je suis Julien, r\u00e9dacteur pour Vie Associative. Passionn\u00e9 par le monde associatif depuis plus de 10 ans, j'ai \u00e0 c\u0153ur de partager des histoires inspirantes et de mettre en lumi\u00e8re les initiatives locales. Mon objectif est de sensibiliser et d'encourager l'engagement communautaire \u00e0 travers mes articles.","sameAs":["https:\/\/vieassociative.be\/"]}]}},"_links":{"self":[{"href":"https:\/\/vieassociative.be\/actualites\/wp-json\/wp\/v2\/posts\/13627"}],"collection":[{"href":"https:\/\/vieassociative.be\/actualites\/wp-json\/wp\/v2\/posts"}],"about":[{"href":"https:\/\/vieassociative.be\/actualites\/wp-json\/wp\/v2\/types\/post"}],"author":[{"embeddable":true,"href":"https:\/\/vieassociative.be\/actualites\/wp-json\/wp\/v2\/users\/1"}],"replies":[{"embeddable":true,"href":"https:\/\/vieassociative.be\/actualites\/wp-json\/wp\/v2\/comments?post=13627"}],"version-history":[{"count":0,"href":"https:\/\/vieassociative.be\/actualites\/wp-json\/wp\/v2\/posts\/13627\/revisions"}],"wp:featuredmedia":[{"embeddable":true,"href":"https:\/\/vieassociative.be\/actualites\/wp-json\/wp\/v2\/media\/13628"}],"wp:attachment":[{"href":"https:\/\/vieassociative.be\/actualites\/wp-json\/wp\/v2\/media?parent=13627"}],"wp:term":[{"taxonomy":"category","embeddable":true,"href":"https:\/\/vieassociative.be\/actualites\/wp-json\/wp\/v2\/categories?post=13627"},{"taxonomy":"post_tag","embeddable":true,"href":"https:\/\/vieassociative.be\/actualites\/wp-json\/wp\/v2\/tags?post=13627"}],"curies":[{"name":"wp","href":"https:\/\/api.w.org\/{rel}","templated":true}]}}