{"id":13625,"date":"2026-04-29T16:18:11","date_gmt":"2026-04-29T14:18:11","guid":{"rendered":"https:\/\/vieassociative.be\/actualites\/lintegralite-de-la-franchise-avatar-expliquee-en-10-infographies-interactives\/"},"modified":"2026-04-29T16:18:11","modified_gmt":"2026-04-29T14:18:11","slug":"lintegralite-de-la-franchise-avatar-expliquee-en-10-infographies-interactives","status":"publish","type":"post","link":"https:\/\/vieassociative.be\/actualites\/lintegralite-de-la-franchise-avatar-expliquee-en-10-infographies-interactives\/","title":{"rendered":"L&rsquo;int\u00e9gralit\u00e9 de la franchise \u00ab Avatar \u00bb expliqu\u00e9e en 10 infographies interactives"},"content":{"rendered":"<p>Depuis la sortie de l&rsquo;original <em>Avatar<\/em> en 2009, la franchise interstellaire \u00e9pique de James Cameron a conquis la culture populaire avec la force brute d&rsquo;un bataillon RDA envahissant une lune lointaine. Il est pass\u00e9 d&rsquo;un simple film \u00e0 une omni-franchise : une \u00e9cosph\u00e8re de divertissement de 10 milliards de dollars qui comprend trois longs m\u00e9trages, deux jeux vid\u00e9o AAA, sept s\u00e9ries principales de bandes dessin\u00e9es, un parc \u00e0 th\u00e8me Disney et m\u00eame un spectacle du Cirque du Soleil.<\/p>\n<p>Compte tenu de la dur\u00e9e collective de neuf heures des films et d&rsquo;une chronologie interne de 150 ans, suivre l&rsquo;histoire de Pandora peut s&rsquo;av\u00e9rer fastidieux ; La construction du monde de Cameron est notoirement obsessionnelle, impliquant tout, depuis un langage extraterrestre pleinement fonctionnel jusqu&rsquo;\u00e0 une botanique lunaire scientifiquement plausible. Pour donner un sens \u00e0 tout cela, j&rsquo;ai fait bouillir le <em>Avatar <\/em>l&rsquo;univers jusqu&rsquo;\u00e0 10 infographies interactives essentielles, couvrant le pass\u00e9, le pr\u00e9sent et le futur de la franchise.<\/p>\n<h2 id=\"biological-differences-between-human-and-navi\">Diff\u00e9rences biologiques entre les humains et les Na&rsquo;vi<\/h2>\n<p>Les diff\u00e9rences entre les corps humains et Na&rsquo;vi vont plus loin que le pigment bleu. De leur syst\u00e8me \u00ab Ethernet biologique \u00bb \u00e0 leurs queues pr\u00e9hensiles, les Na&rsquo;vi sont une classe de ma\u00eetre en biologie fictive. Chaque diff\u00e9rence anatomique entre les humains et les Na&rsquo;vi contribue \u00e0 illustrer l&rsquo;avantage \u00e9volutif qu&rsquo;ils ont sur Pandora. Ce graphique illustre la fa\u00e7on dont les indig\u00e8nes se comparent \u00e0 nous, les \u00ab gens du ciel \u00bb. (Survolez les diff\u00e9rentes rubriques pour plus d&rsquo;informations.)<\/p>\n<div class=\"raw-embed\">\n<div class=\"infogram-embed\" data-id=\"1a8fb996-234f-4207-bb14-436a7c0706d8\" data-type=\"interactive\" data-title=\"1 Biological difference between human and Na&rsquo;vi \"><\/div>\n<\/div>\n<h2 id=\"the-tribes-of-pandora\">Les tribus de Pandore<\/h2>\n<p>Pandora est un monde culturellement diversifi\u00e9, avec des centaines de tribus Na&rsquo;vi dispers\u00e9es dans ses nombreux biomes bioluminescents. Pour donner vie \u00e0 ces civilisations, l&rsquo;\u00e9quipe de James Cameron s&rsquo;est fortement inspir\u00e9e des populations indig\u00e8nes de la Terre, m\u00e9langeant des d\u00e9tails esth\u00e9tiques et culturels des civilisations du monde r\u00e9el aux soci\u00e9t\u00e9s extraterrestres fantastiques.<\/p>\n<div class=\"raw-embed\">\n<div class=\"infogram-embed\" data-id=\"063b527a-114a-44f9-b230-d912262fb24b\" data-type=\"interactive\" data-title=\"2 Main Na&rsquo;vi tribes and their real-life inspirations\"><\/div>\n<\/div>\n<h2 id=\"the-avatar-timeline\">La chronologie d&rsquo;Avatar<\/h2>\n<p>Depuis le premier contact en 2119 jusqu&rsquo;\u00e0 la \u00ab prochaine g\u00e9n\u00e9ration \u00bb projet\u00e9e \u00e0 la fin des ann\u00e9es 2170, cette chronologie retrace les \u00e9v\u00e9nements cl\u00e9s de la lutte de 150 ans pour le contr\u00f4le de Pandora.<\/p>\n<div class=\"raw-embed\">\n<div style=\"position: relative;width: 100%;height: 0px;padding: 124.52% 0px 0px;overflow: hidden\"><\/div>\n<\/div>\n<h2 id=\"the-science-of-the-avatar-project\">La science du projet Avatar<\/h2>\n<p>Le projet Avatar au centre de la franchise est un programme de pointe qui utilise des hybrides Na&rsquo;vi\/humains g\u00e9n\u00e9tiquement modifi\u00e9s qui permettent aux humains d&rsquo;op\u00e9rer en toute s\u00e9curit\u00e9 dans l&rsquo;environnement hostile de Pandora. En apparence, il s&rsquo;agit d&rsquo;une fa\u00e7on science-fictionnelle d&rsquo;expliquer la logistique de l&rsquo;exploration d&rsquo;un monde extraterrestre, mais \u00e0 un niveau th\u00e9matique plus profond, le projet Avatar concerne les gens qui d\u00e9pensent des milliards de dollars en technologie de pointe afin de pouvoir d\u00e9couvrir le monde comme le font les Na&rsquo;vi gratuitement. (<em>Avatar<\/em> est plus profond que vous ne le pensez\u00a0!) Voici comment fonctionne le projet Avatar.<\/p>\n<div class=\"raw-embed\">\n<div style=\"position: relative;width: 100%;height: 0px;padding: 287.67% 0px 0px;overflow: hidden\"><\/div>\n<\/div>\n<h2 id=\"avatars-most-memorable-vehicles-and-guns\"><em>Avatar<\/em>les v\u00e9hicules et les armes les plus m\u00e9morables de<\/h2>\n<p><em>Avatar<\/em>Le plus grand \u00ab message \u00bb de &lsquo;s pourrait \u00eatre de dire \u00e0 quel point nos vies seraient meilleures si nous passions toute la journ\u00e9e \u00e0 toucher l&rsquo;herbe au lieu de la technologie, mais les navires et les armes des films sont si m\u00e9ticuleusement con\u00e7us et si durs \u00e0 cuire qu&rsquo;il est clair que leurs cr\u00e9ateurs sont absolument <em>amour<\/em> technologie. <\/p>\n<div class=\"raw-embed\">\n<div style=\"position: relative;width: 100%;height: 0px;padding: 212.42% 0px 0px;overflow: hidden\"><\/div>\n<\/div>\n<h2 id=\"where-in-the-galaxy-is-pandora\">O\u00f9 se trouve Pandora dans la galaxie ?<\/h2>\n<p><em>Avatar<\/em>La plan\u00e8te extraterrestre de est un endroit r\u00e9el. Type de. Dans les films, il est situ\u00e9 dans Alpha Centauri. Nos analyses r\u00e9elles de ce syst\u00e8me solaire voisin n&rsquo;ont pas identifi\u00e9 de g\u00e9ante gazeuse avec une lune habitable comme Polyph\u00e8me dans les films, mais nous <em>avoir <\/em>trouv\u00e9 des plan\u00e8tes dans la \u00ab zone habitable \u00bb d\u2019Alpha Centauri, la r\u00e9gion o\u00f9 les temp\u00e9ratures permettent \u00e0 l\u2019eau liquide et, en th\u00e9orie, \u00e0 la vie d\u2019exister. Il pourrait donc vraiment y avoir de gigantesques extraterrestres ressemblant \u00e0 des chats qui vivent l\u00e0-bas\u00a0; on ne sait jamais. <\/p>\n<div class=\"raw-embed\">\n<div style=\"position: relative;width: 100%;height: 0px;padding: 100.25% 0px 0px;overflow: hidden\"><\/div>\n<\/div>\n<h2 id=\"the-language-of-avatar\">La langue de <em>Avatar<\/em><\/h2>\n<p>La langue Na&rsquo;vi n&rsquo;est pas qu&rsquo;un charabia cin\u00e9matographique. James Cameron a embauch\u00e9 le professeur de linguistique Paul Frommer pour d\u00e9velopper une langue parlante avec sa propre grammaire, sa propre syntaxe et un vocabulaire de plus de 2 500 mots. Voici une introduction \u00e0 l\u2019ADN linguistique de Pandora.<\/p>\n<div class=\"raw-embed\">\n<div style=\"position: relative;width: 100%;height: 0px;padding: 100.13% 0px 0px;overflow: hidden\"><\/div>\n<\/div>\n<h2 id=\"the-expanded-avatar-universe\">Le \u00e9largi <em>Avatar<\/em> univers<\/h2>\n<p>Si plus de neuf heures de films Avatar ne vous suffisent pas, il existe suffisamment de jeux, de bandes dessin\u00e9es et d&rsquo;attractions de parcs \u00e0 th\u00e8me pour vous immerger dans l&rsquo;histoire d&rsquo;Avatar. Vous trouverez ci-dessous un r\u00e9sum\u00e9 de tous les documents auxiliaires officiels de la franchise.<\/p>\n<div class=\"raw-embed\">\n<div style=\"position: relative;width: 100%;height: 0px;padding: 142.31% 0px 0px;overflow: hidden\"><\/div>\n<\/div>\n<h2 id=\"avatars-box-office-returns-in-context\"><em>Avatar<\/em>Le box-office de revient, dans son contexte<\/h2>\n<p>Les indig\u00e8nes n&rsquo;ont pas besoin d&rsquo;argent sur Pandora, mais c&rsquo;est assez important ici sur Terre, alors regardons <em>Avatar<\/em>Les retours au box-office de , qui sont importants\u00a0: en termes de dollars totaux gagn\u00e9s, la franchise comprend deux des trois films les plus rentables de tous les temps. Corrig\u00e9 de l&rsquo;inflation, <em>Avatar<\/em> est devanc\u00e9 par <em>Autant en emporte le vent<\/em>mais la deuxi\u00e8me place est plut\u00f4t bonne lorsqu&rsquo;elle est accompagn\u00e9e d&rsquo;un prix de consolation de 4 milliards de dollars.<\/p>\n<div class=\"raw-embed\">\n<div style=\"position: relative;width: 100%;height: 0px;padding: 162.52% 0px 0px;overflow: hidden\"><\/div>\n<\/div>\n<h2 id=\"the-future-of-avatar\">L&rsquo;avenir de <em>Avatar<\/em><\/h2>\n<p>Je ne suis pas m\u00e9dium, mais je parierais que d&rsquo;autres aventures Na&rsquo;vi sont \u00e0 venir. (Au moins deux autres films sont actuellement en pr\u00e9paration.) Voici ce que nous savons des futurs films du groupe. <em>Avatar <\/em>univers. <\/p>\n<div class=\"raw-embed\">\n<div style=\"position: relative;width: 100%;height: 0px;padding: 63.66% 0px 0px;overflow: hidden\"><\/div>\n<\/div>\n","protected":false},"excerpt":{"rendered":"<p>Depuis la sortie de l&rsquo;original Avatar en 2009, la franchise interstellaire \u00e9pique de James Cameron a conquis la culture populaire avec la force brute d&rsquo;un<\/p>\n","protected":false},"author":1,"featured_media":13626,"comment_status":"","ping_status":"","sticky":false,"template":"","format":"standard","meta":{"footnotes":""},"categories":[36],"tags":[10589,9495,9492,9496,10590,9491],"class_list":["post-13625","post","type-post","status-publish","format-standard","has-post-thumbnail","hentry","category-divertissement","tag-avatar","tag-expliquee","tag-franchise","tag-infographies","tag-interactives","tag-lintegralite","generate-columns","tablet-grid-50","mobile-grid-100","grid-parent","grid-33"],"yoast_head":"<!-- This site is optimized with the Yoast SEO plugin v24.0 - https:\/\/yoast.com\/wordpress\/plugins\/seo\/ -->\n<title>L&#039;int\u00e9gralit\u00e9 de la franchise \u00ab Avatar \u00bb expliqu\u00e9e en 10 infographies interactives | Vie Associative<\/title>\n<meta name=\"robots\" content=\"index, follow, max-snippet:-1, max-image-preview:large, max-video-preview:-1\" \/>\n<link rel=\"canonical\" href=\"https:\/\/vieassociative.be\/actualites\/lintegralite-de-la-franchise-avatar-expliquee-en-10-infographies-interactives\/\" \/>\n<meta property=\"og:locale\" content=\"fr_FR\" \/>\n<meta property=\"og:type\" content=\"article\" \/>\n<meta property=\"og:title\" content=\"L&#039;int\u00e9gralit\u00e9 de la franchise \u00ab Avatar \u00bb expliqu\u00e9e en 10 infographies interactives | Vie Associative\" \/>\n<meta property=\"og:description\" content=\"Depuis la sortie de l&rsquo;original Avatar en 2009, la franchise interstellaire \u00e9pique de James Cameron a conquis la culture populaire avec la force brute d&rsquo;un\" \/>\n<meta property=\"og:url\" content=\"https:\/\/vieassociative.be\/actualites\/lintegralite-de-la-franchise-avatar-expliquee-en-10-infographies-interactives\/\" \/>\n<meta property=\"og:site_name\" content=\"Vie Associative\" \/>\n<meta property=\"article:published_time\" content=\"2026-04-29T14:18:11+00:00\" \/>\n<meta property=\"og:image\" content=\"https:\/\/vieassociative.be\/actualites\/wp-content\/uploads\/2024\/09\/header_backgroundk-01-e1726694325946.png\" \/>\n\t<meta property=\"og:image:width\" content=\"279\" \/>\n\t<meta property=\"og:image:height\" content=\"92\" \/>\n\t<meta property=\"og:image:type\" content=\"image\/png\" \/>\n<meta name=\"author\" content=\"Julien\" \/>\n<meta name=\"twitter:card\" content=\"summary_large_image\" \/>\n<meta name=\"twitter:label1\" content=\"\u00c9crit par\" \/>\n\t<meta name=\"twitter:data1\" content=\"Julien\" \/>\n\t<meta name=\"twitter:label2\" content=\"Dur\u00e9e de lecture est.\" \/>\n\t<meta name=\"twitter:data2\" content=\"4 minutes\" \/>\n<script type=\"application\/ld+json\" class=\"yoast-schema-graph\">{\"@context\":\"https:\/\/schema.org\",\"@graph\":[{\"@type\":\"Article\",\"@id\":\"https:\/\/vieassociative.be\/actualites\/lintegralite-de-la-franchise-avatar-expliquee-en-10-infographies-interactives\/#article\",\"isPartOf\":{\"@id\":\"https:\/\/vieassociative.be\/actualites\/lintegralite-de-la-franchise-avatar-expliquee-en-10-infographies-interactives\/\"},\"author\":{\"name\":\"Julien\",\"@id\":\"https:\/\/vieassociative.be\/actualites\/#\/schema\/person\/b87ac4f82f9d4e7b7cec7395b679edc4\"},\"headline\":\"L&rsquo;int\u00e9gralit\u00e9 de la franchise \u00ab Avatar \u00bb expliqu\u00e9e en 10 infographies interactives\",\"datePublished\":\"2026-04-29T14:18:11+00:00\",\"dateModified\":\"2026-04-29T14:18:11+00:00\",\"mainEntityOfPage\":{\"@id\":\"https:\/\/vieassociative.be\/actualites\/lintegralite-de-la-franchise-avatar-expliquee-en-10-infographies-interactives\/\"},\"wordCount\":927,\"publisher\":{\"@id\":\"https:\/\/vieassociative.be\/actualites\/#organization\"},\"image\":{\"@id\":\"https:\/\/vieassociative.be\/actualites\/lintegralite-de-la-franchise-avatar-expliquee-en-10-infographies-interactives\/#primaryimage\"},\"thumbnailUrl\":\"https:\/\/vieassociative.be\/actualites\/wp-content\/uploads\/2026\/04\/Lintegralite-de-la-franchise-Avatar-expliquee-en-10.png\",\"keywords\":[\"Avatar\",\"expliqu\u00e9e\",\"franchise\",\"infographies\",\"interactives\",\"Lint\u00e9gralit\u00e9\"],\"articleSection\":[\"Divertissement\"],\"inLanguage\":\"fr-BE\"},{\"@type\":\"WebPage\",\"@id\":\"https:\/\/vieassociative.be\/actualites\/lintegralite-de-la-franchise-avatar-expliquee-en-10-infographies-interactives\/\",\"url\":\"https:\/\/vieassociative.be\/actualites\/lintegralite-de-la-franchise-avatar-expliquee-en-10-infographies-interactives\/\",\"name\":\"L'int\u00e9gralit\u00e9 de la franchise \u00ab Avatar \u00bb expliqu\u00e9e en 10 infographies interactives | Vie Associative\",\"isPartOf\":{\"@id\":\"https:\/\/vieassociative.be\/actualites\/#website\"},\"primaryImageOfPage\":{\"@id\":\"https:\/\/vieassociative.be\/actualites\/lintegralite-de-la-franchise-avatar-expliquee-en-10-infographies-interactives\/#primaryimage\"},\"image\":{\"@id\":\"https:\/\/vieassociative.be\/actualites\/lintegralite-de-la-franchise-avatar-expliquee-en-10-infographies-interactives\/#primaryimage\"},\"thumbnailUrl\":\"https:\/\/vieassociative.be\/actualites\/wp-content\/uploads\/2026\/04\/Lintegralite-de-la-franchise-Avatar-expliquee-en-10.png\",\"datePublished\":\"2026-04-29T14:18:11+00:00\",\"dateModified\":\"2026-04-29T14:18:11+00:00\",\"breadcrumb\":{\"@id\":\"https:\/\/vieassociative.be\/actualites\/lintegralite-de-la-franchise-avatar-expliquee-en-10-infographies-interactives\/#breadcrumb\"},\"inLanguage\":\"fr-BE\",\"potentialAction\":[{\"@type\":\"ReadAction\",\"target\":[\"https:\/\/vieassociative.be\/actualites\/lintegralite-de-la-franchise-avatar-expliquee-en-10-infographies-interactives\/\"]}]},{\"@type\":\"ImageObject\",\"inLanguage\":\"fr-BE\",\"@id\":\"https:\/\/vieassociative.be\/actualites\/lintegralite-de-la-franchise-avatar-expliquee-en-10-infographies-interactives\/#primaryimage\",\"url\":\"https:\/\/vieassociative.be\/actualites\/wp-content\/uploads\/2026\/04\/Lintegralite-de-la-franchise-Avatar-expliquee-en-10.png\",\"contentUrl\":\"https:\/\/vieassociative.be\/actualites\/wp-content\/uploads\/2026\/04\/Lintegralite-de-la-franchise-Avatar-expliquee-en-10.png\",\"width\":1200,\"height\":675,\"caption\":\"L'int\u00e9gralit\u00e9 de la franchise \u00ab Avatar \u00bb expliqu\u00e9e en 10 infographies interactives\"},{\"@type\":\"BreadcrumbList\",\"@id\":\"https:\/\/vieassociative.be\/actualites\/lintegralite-de-la-franchise-avatar-expliquee-en-10-infographies-interactives\/#breadcrumb\",\"itemListElement\":[{\"@type\":\"ListItem\",\"position\":1,\"name\":\"Accueil\",\"item\":\"https:\/\/vieassociative.be\/actualites\/\"},{\"@type\":\"ListItem\",\"position\":2,\"name\":\"L&rsquo;int\u00e9gralit\u00e9 de la franchise \u00ab Avatar \u00bb expliqu\u00e9e en 10 infographies interactives\"}]},{\"@type\":\"WebSite\",\"@id\":\"https:\/\/vieassociative.be\/actualites\/#website\",\"url\":\"https:\/\/vieassociative.be\/actualites\/\",\"name\":\"Vie Associative\",\"description\":\"\",\"publisher\":{\"@id\":\"https:\/\/vieassociative.be\/actualites\/#organization\"},\"potentialAction\":[{\"@type\":\"SearchAction\",\"target\":{\"@type\":\"EntryPoint\",\"urlTemplate\":\"https:\/\/vieassociative.be\/actualites\/?s={search_term_string}\"},\"query-input\":{\"@type\":\"PropertyValueSpecification\",\"valueRequired\":true,\"valueName\":\"search_term_string\"}}],\"inLanguage\":\"fr-BE\"},{\"@type\":\"Organization\",\"@id\":\"https:\/\/vieassociative.be\/actualites\/#organization\",\"name\":\"Vie Associative\",\"url\":\"https:\/\/vieassociative.be\/actualites\/\",\"logo\":{\"@type\":\"ImageObject\",\"inLanguage\":\"fr-BE\",\"@id\":\"https:\/\/vieassociative.be\/actualites\/#\/schema\/logo\/image\/\",\"url\":\"https:\/\/vieassociative.be\/actualites\/wp-content\/uploads\/2024\/09\/cropped-vieassociative_favicon.ico.png\",\"contentUrl\":\"https:\/\/vieassociative.be\/actualites\/wp-content\/uploads\/2024\/09\/cropped-vieassociative_favicon.ico.png\",\"width\":512,\"height\":512,\"caption\":\"Vie Associative\"},\"image\":{\"@id\":\"https:\/\/vieassociative.be\/actualites\/#\/schema\/logo\/image\/\"}},{\"@type\":\"Person\",\"@id\":\"https:\/\/vieassociative.be\/actualites\/#\/schema\/person\/b87ac4f82f9d4e7b7cec7395b679edc4\",\"name\":\"Julien\",\"image\":{\"@type\":\"ImageObject\",\"inLanguage\":\"fr-BE\",\"@id\":\"https:\/\/vieassociative.be\/actualites\/#\/schema\/person\/image\/\",\"url\":\"https:\/\/vieassociative.be\/actualites\/wp-content\/uploads\/2024\/09\/vie-associative-1-150x150.jpg\",\"contentUrl\":\"https:\/\/vieassociative.be\/actualites\/wp-content\/uploads\/2024\/09\/vie-associative-1-150x150.jpg\",\"caption\":\"Julien\"},\"description\":\"Je suis Julien, r\u00e9dacteur pour Vie Associative. Passionn\u00e9 par le monde associatif depuis plus de 10 ans, j'ai \u00e0 c\u0153ur de partager des histoires inspirantes et de mettre en lumi\u00e8re les initiatives locales. Mon objectif est de sensibiliser et d'encourager l'engagement communautaire \u00e0 travers mes articles.\",\"sameAs\":[\"https:\/\/vieassociative.be\/\"]}]}<\/script>\n<!-- \/ Yoast SEO plugin. -->","yoast_head_json":{"title":"L'int\u00e9gralit\u00e9 de la franchise \u00ab Avatar \u00bb expliqu\u00e9e en 10 infographies interactives | Vie Associative","robots":{"index":"index","follow":"follow","max-snippet":"max-snippet:-1","max-image-preview":"max-image-preview:large","max-video-preview":"max-video-preview:-1"},"canonical":"https:\/\/vieassociative.be\/actualites\/lintegralite-de-la-franchise-avatar-expliquee-en-10-infographies-interactives\/","og_locale":"fr_FR","og_type":"article","og_title":"L'int\u00e9gralit\u00e9 de la franchise \u00ab Avatar \u00bb expliqu\u00e9e en 10 infographies interactives | Vie Associative","og_description":"Depuis la sortie de l&rsquo;original Avatar en 2009, la franchise interstellaire \u00e9pique de James Cameron a conquis la culture populaire avec la force brute d&rsquo;un","og_url":"https:\/\/vieassociative.be\/actualites\/lintegralite-de-la-franchise-avatar-expliquee-en-10-infographies-interactives\/","og_site_name":"Vie Associative","article_published_time":"2026-04-29T14:18:11+00:00","og_image":[{"width":279,"height":92,"url":"https:\/\/vieassociative.be\/actualites\/wp-content\/uploads\/2024\/09\/header_backgroundk-01-e1726694325946.png","type":"image\/png"}],"author":"Julien","twitter_card":"summary_large_image","twitter_misc":{"\u00c9crit par":"Julien","Dur\u00e9e de lecture est.":"4 minutes"},"schema":{"@context":"https:\/\/schema.org","@graph":[{"@type":"Article","@id":"https:\/\/vieassociative.be\/actualites\/lintegralite-de-la-franchise-avatar-expliquee-en-10-infographies-interactives\/#article","isPartOf":{"@id":"https:\/\/vieassociative.be\/actualites\/lintegralite-de-la-franchise-avatar-expliquee-en-10-infographies-interactives\/"},"author":{"name":"Julien","@id":"https:\/\/vieassociative.be\/actualites\/#\/schema\/person\/b87ac4f82f9d4e7b7cec7395b679edc4"},"headline":"L&rsquo;int\u00e9gralit\u00e9 de la franchise \u00ab Avatar \u00bb expliqu\u00e9e en 10 infographies interactives","datePublished":"2026-04-29T14:18:11+00:00","dateModified":"2026-04-29T14:18:11+00:00","mainEntityOfPage":{"@id":"https:\/\/vieassociative.be\/actualites\/lintegralite-de-la-franchise-avatar-expliquee-en-10-infographies-interactives\/"},"wordCount":927,"publisher":{"@id":"https:\/\/vieassociative.be\/actualites\/#organization"},"image":{"@id":"https:\/\/vieassociative.be\/actualites\/lintegralite-de-la-franchise-avatar-expliquee-en-10-infographies-interactives\/#primaryimage"},"thumbnailUrl":"https:\/\/vieassociative.be\/actualites\/wp-content\/uploads\/2026\/04\/Lintegralite-de-la-franchise-Avatar-expliquee-en-10.png","keywords":["Avatar","expliqu\u00e9e","franchise","infographies","interactives","Lint\u00e9gralit\u00e9"],"articleSection":["Divertissement"],"inLanguage":"fr-BE"},{"@type":"WebPage","@id":"https:\/\/vieassociative.be\/actualites\/lintegralite-de-la-franchise-avatar-expliquee-en-10-infographies-interactives\/","url":"https:\/\/vieassociative.be\/actualites\/lintegralite-de-la-franchise-avatar-expliquee-en-10-infographies-interactives\/","name":"L'int\u00e9gralit\u00e9 de la franchise \u00ab Avatar \u00bb expliqu\u00e9e en 10 infographies interactives | Vie Associative","isPartOf":{"@id":"https:\/\/vieassociative.be\/actualites\/#website"},"primaryImageOfPage":{"@id":"https:\/\/vieassociative.be\/actualites\/lintegralite-de-la-franchise-avatar-expliquee-en-10-infographies-interactives\/#primaryimage"},"image":{"@id":"https:\/\/vieassociative.be\/actualites\/lintegralite-de-la-franchise-avatar-expliquee-en-10-infographies-interactives\/#primaryimage"},"thumbnailUrl":"https:\/\/vieassociative.be\/actualites\/wp-content\/uploads\/2026\/04\/Lintegralite-de-la-franchise-Avatar-expliquee-en-10.png","datePublished":"2026-04-29T14:18:11+00:00","dateModified":"2026-04-29T14:18:11+00:00","breadcrumb":{"@id":"https:\/\/vieassociative.be\/actualites\/lintegralite-de-la-franchise-avatar-expliquee-en-10-infographies-interactives\/#breadcrumb"},"inLanguage":"fr-BE","potentialAction":[{"@type":"ReadAction","target":["https:\/\/vieassociative.be\/actualites\/lintegralite-de-la-franchise-avatar-expliquee-en-10-infographies-interactives\/"]}]},{"@type":"ImageObject","inLanguage":"fr-BE","@id":"https:\/\/vieassociative.be\/actualites\/lintegralite-de-la-franchise-avatar-expliquee-en-10-infographies-interactives\/#primaryimage","url":"https:\/\/vieassociative.be\/actualites\/wp-content\/uploads\/2026\/04\/Lintegralite-de-la-franchise-Avatar-expliquee-en-10.png","contentUrl":"https:\/\/vieassociative.be\/actualites\/wp-content\/uploads\/2026\/04\/Lintegralite-de-la-franchise-Avatar-expliquee-en-10.png","width":1200,"height":675,"caption":"L'int\u00e9gralit\u00e9 de la franchise \u00ab Avatar \u00bb expliqu\u00e9e en 10 infographies interactives"},{"@type":"BreadcrumbList","@id":"https:\/\/vieassociative.be\/actualites\/lintegralite-de-la-franchise-avatar-expliquee-en-10-infographies-interactives\/#breadcrumb","itemListElement":[{"@type":"ListItem","position":1,"name":"Accueil","item":"https:\/\/vieassociative.be\/actualites\/"},{"@type":"ListItem","position":2,"name":"L&rsquo;int\u00e9gralit\u00e9 de la franchise \u00ab Avatar \u00bb expliqu\u00e9e en 10 infographies interactives"}]},{"@type":"WebSite","@id":"https:\/\/vieassociative.be\/actualites\/#website","url":"https:\/\/vieassociative.be\/actualites\/","name":"Vie Associative","description":"","publisher":{"@id":"https:\/\/vieassociative.be\/actualites\/#organization"},"potentialAction":[{"@type":"SearchAction","target":{"@type":"EntryPoint","urlTemplate":"https:\/\/vieassociative.be\/actualites\/?s={search_term_string}"},"query-input":{"@type":"PropertyValueSpecification","valueRequired":true,"valueName":"search_term_string"}}],"inLanguage":"fr-BE"},{"@type":"Organization","@id":"https:\/\/vieassociative.be\/actualites\/#organization","name":"Vie Associative","url":"https:\/\/vieassociative.be\/actualites\/","logo":{"@type":"ImageObject","inLanguage":"fr-BE","@id":"https:\/\/vieassociative.be\/actualites\/#\/schema\/logo\/image\/","url":"https:\/\/vieassociative.be\/actualites\/wp-content\/uploads\/2024\/09\/cropped-vieassociative_favicon.ico.png","contentUrl":"https:\/\/vieassociative.be\/actualites\/wp-content\/uploads\/2024\/09\/cropped-vieassociative_favicon.ico.png","width":512,"height":512,"caption":"Vie Associative"},"image":{"@id":"https:\/\/vieassociative.be\/actualites\/#\/schema\/logo\/image\/"}},{"@type":"Person","@id":"https:\/\/vieassociative.be\/actualites\/#\/schema\/person\/b87ac4f82f9d4e7b7cec7395b679edc4","name":"Julien","image":{"@type":"ImageObject","inLanguage":"fr-BE","@id":"https:\/\/vieassociative.be\/actualites\/#\/schema\/person\/image\/","url":"https:\/\/vieassociative.be\/actualites\/wp-content\/uploads\/2024\/09\/vie-associative-1-150x150.jpg","contentUrl":"https:\/\/vieassociative.be\/actualites\/wp-content\/uploads\/2024\/09\/vie-associative-1-150x150.jpg","caption":"Julien"},"description":"Je suis Julien, r\u00e9dacteur pour Vie Associative. Passionn\u00e9 par le monde associatif depuis plus de 10 ans, j'ai \u00e0 c\u0153ur de partager des histoires inspirantes et de mettre en lumi\u00e8re les initiatives locales. Mon objectif est de sensibiliser et d'encourager l'engagement communautaire \u00e0 travers mes articles.","sameAs":["https:\/\/vieassociative.be\/"]}]}},"_links":{"self":[{"href":"https:\/\/vieassociative.be\/actualites\/wp-json\/wp\/v2\/posts\/13625"}],"collection":[{"href":"https:\/\/vieassociative.be\/actualites\/wp-json\/wp\/v2\/posts"}],"about":[{"href":"https:\/\/vieassociative.be\/actualites\/wp-json\/wp\/v2\/types\/post"}],"author":[{"embeddable":true,"href":"https:\/\/vieassociative.be\/actualites\/wp-json\/wp\/v2\/users\/1"}],"replies":[{"embeddable":true,"href":"https:\/\/vieassociative.be\/actualites\/wp-json\/wp\/v2\/comments?post=13625"}],"version-history":[{"count":0,"href":"https:\/\/vieassociative.be\/actualites\/wp-json\/wp\/v2\/posts\/13625\/revisions"}],"wp:featuredmedia":[{"embeddable":true,"href":"https:\/\/vieassociative.be\/actualites\/wp-json\/wp\/v2\/media\/13626"}],"wp:attachment":[{"href":"https:\/\/vieassociative.be\/actualites\/wp-json\/wp\/v2\/media?parent=13625"}],"wp:term":[{"taxonomy":"category","embeddable":true,"href":"https:\/\/vieassociative.be\/actualites\/wp-json\/wp\/v2\/categories?post=13625"},{"taxonomy":"post_tag","embeddable":true,"href":"https:\/\/vieassociative.be\/actualites\/wp-json\/wp\/v2\/tags?post=13625"}],"curies":[{"name":"wp","href":"https:\/\/api.w.org\/{rel}","templated":true}]}}