{"id":13623,"date":"2026-04-29T11:19:03","date_gmt":"2026-04-29T09:19:03","guid":{"rendered":"https:\/\/vieassociative.be\/actualites\/lusure-dans-le-monde-de-trump-et-infantino-billet-final-de-niveau-inferieur-pour-2-299-99885\/"},"modified":"2026-04-29T11:19:03","modified_gmt":"2026-04-29T09:19:03","slug":"lusure-dans-le-monde-de-trump-et-infantino-billet-final-de-niveau-inferieur-pour-2-299-99885","status":"publish","type":"post","link":"https:\/\/vieassociative.be\/actualites\/lusure-dans-le-monde-de-trump-et-infantino-billet-final-de-niveau-inferieur-pour-2-299-99885\/","title":{"rendered":"L&rsquo;usure dans le monde de Trump et Infantino \u2013 Billet final de niveau inf\u00e9rieur pour 2 299 998,85 $"},"content":{"rendered":"<p><strong>Des billets \u00e0 plus de deux millions d&rsquo;euros ? Pour une place dans l\u2019\u00e9chelon inf\u00e9rieur derri\u00e8re l\u2019un des deux buts ? Il y a avant cela une Coupe du monde d\u00e9j\u00e0 tr\u00e8s discut\u00e9e. Pour les fans, cet immense tournoi peut \u00eatre avant tout une chose : extr\u00eamement co\u00fbteux.<\/strong><\/p>\n<p><span id=\"more-438663\"><\/span>Le \u00ab Boston Globe \u00bb a d\u00e9j\u00e0 rendu un verdict d\u00e9vastateur sur le spectacle footballistique et financier du pr\u00e9sident am\u00e9ricain Donald Trump et du patron de la FIFA, Gianni Infantino. \u00ab\u00a0La Coupe du monde est devenue un crime\u00a0\u00bb, \u00e9crit le journal depuis l&rsquo;un des sites de la Coupe du monde aux \u00c9tats-Unis : \u00ab\u00a0La F\u00e9d\u00e9ration mondiale de football et maintenant aussi l&rsquo;\u00c9tat traitent la Coupe du monde comme une autorisation de voler.\u00a0\u00bb<\/p>\n<p><strong>\u2013 Trois pays de Coupe du monde, \u00e7a va co\u00fbter cher un peu partout :<\/strong> Les prix absurdes des billets atteignent m\u00eame des millions, gr\u00e2ce auxquels la FIFA gagne \u00e9galement de l&rsquo;argent. Des co\u00fbts explosants pour le trajet jusqu\u2019au stade final, multipli\u00e9s par 10. Et m\u00eame lors des festivals de fans, l\u2019argent est d\u00fb. \u00ab La Coupe du monde des prix choc \u00bb, tel \u00e9tait le verdict du \u00ab Wall Street Journal \u00bb avant le tournoi qui d\u00e9bute le 11 juin.<\/p>\n<div id=\"attachment_419938\" class=\"wp-caption alignleft\" style=\"max-width: 300px\"><img fetchpriority=\"high\" decoding=\"async\" class=\"wp-image-419938 size-medium\" src=\"https:\/\/vieassociative.be\/actualites\/wp-content\/uploads\/2026\/04\/Lusure-dans-le-monde-de-Trump-et-Infantino-\u2013-Billet.jpg\" alt=\"\" width=\"300\" height=\"194\"><\/div>\n<p>Comme si voyager n\u2019\u00e9tait pas d\u00e9j\u00e0 assez cher \u00e0 notre \u00e9poque. Lors de cette Coupe du monde r\u00e9unissant pour la premi\u00e8re fois 48 \u00e9quipes, la superficie des trois pays h\u00f4tes est d&rsquo;environ 22 millions de kilom\u00e8tres carr\u00e9s \u2013 l&rsquo;Europe en compte environ 10,5 millions. Il se trouve \u00e0 environ 4 500 kilom\u00e8tres de Vancouver dans l&rsquo;ouest du Canada &#8211; l&rsquo;un des sites &#8211; \u00e0 Miami dans le sud-est des \u00c9tats-Unis &#8211; un autre lieu. A titre de comparaison : depuis le point le plus occidental de l&rsquo;Europe continentale, Cabo da Roca au Portugal, il y a pr\u00e8s de 4 000 kilom\u00e8tres jusqu&rsquo;\u00e0 Moscou.<\/p>\n<p>&#8211; Les salari\u00e9s normaux ne sont pas le groupe cible de l&rsquo;\u00e9v\u00e9nement : \u00ab\u00a0Il est clair que participer \u00e0 cette Coupe du monde ne rentre ni financi\u00e8rement ni moralement dans le cadre que nous connaissons des championnats du monde\u00a0\u00bb, a expliqu\u00e9 l&rsquo;association de supporters \u00ab\u00a0Fairness United\u00a0\u00bb interrog\u00e9e par l&rsquo;agence de presse allemande : \u00ab\u00a0Et aussi que les \u00ab\u00a0salari\u00e9s normaux\u00a0\u00bb ne sont tout simplement pas le groupe cible de \u00ab\u00a0l&rsquo;\u00e9v\u00e9nement\u00a0\u00bb.\u00a0\u00bb<\/p>\n<p>\u00ab Fairness United \u00bb \u00e9crit sur la page d&rsquo;accueil : \u00ab La FIFA a fait tout ce qui \u00e9tait en son pouvoir pour faire de la Coupe du Monde un produit brillant qui peut \u00eatre extr\u00eamement bien vendu dans les m\u00e9dias. \u00bb Et pendant les matchs, tout est si cher qu&rsquo;on peut \u00eatre quasiment s\u00fbr \u00ab qu&rsquo;il n&rsquo;y aura pas de supporters de football criards, criards ou m\u00eame ivres qui traverseront l&rsquo;\u00e9cran \u00bb.<\/p>\n<p>En collaboration avec le Secr\u00e9tariat de l&rsquo;Organisation mondiale du commerce, la FIFA a \u00e9galement publi\u00e9 une \u00e9tude : Pr\u00e9visions des b\u00e9n\u00e9fices socio-\u00e9conomiques significatifs de la Coupe du monde. En cons\u00e9quence, le tournoi pourrait contribuer jusqu&rsquo;\u00e0 40,9 milliards de dollars au produit int\u00e9rieur brut et 8,28 milliards de dollars en avantages sociaux.<\/p>\n<div id=\"attachment_431174\" class=\"wp-caption alignleft\" style=\"max-width: 300px\"><img decoding=\"async\" class=\"wp-image-431174 size-medium\" src=\"https:\/\/vieassociative.be\/actualites\/wp-content\/uploads\/2025\/12\/Trump-laureat-du-Prix-de-la-Paix-de-la-FIFA.jpg\" alt=\"\" width=\"300\" height=\"200\"><\/div>\n<p>Pour les seuls \u00c9tats-Unis, on a suppos\u00e9 une valeur de production brute de 30,5 milliards de dollars am\u00e9ricains et un produit int\u00e9rieur brut de 17,2 milliards de dollars am\u00e9ricains. Cela a peut-\u00eatre \u00e9galement impressionn\u00e9 Trump, dont la politique am\u00e9ricaine agressive pourrait dissuader certains fans de lui rendre visite.<\/p>\n<p><strong>\u2013 Les pr\u00e9dictions et la r\u00e9alit\u00e9 :<\/strong> \u00ab\u00a0Les pr\u00e9visions touristiques pour la Coupe du Monde de la FIFA 2026 sont prometteuses. Cet afflux de visiteurs devrait g\u00e9n\u00e9rer des milliards de dollars d&rsquo;activit\u00e9 \u00e9conomique, b\u00e9n\u00e9ficiant aux secteurs de l&rsquo;h\u00f4tellerie, des transports et de la vente au d\u00e9tail\u00a0\u00bb, poursuit le rapport. Les h\u00f4tels des villes h\u00f4tes se pr\u00e9pareraient \u00e0 un taux d\u2019occupation record.<\/p>\n<p>Il est bien connu que les prix augmentent parfois \u00e9norm\u00e9ment pendant ces p\u00e9riodes de pointe. Cependant, le pr\u00e9sident et directeur g\u00e9n\u00e9ral de l&rsquo;Association des h\u00f4tels de New York, Vijay Dandapani, a d\u00e9clar\u00e9 au magazine \u00e9conomique am\u00e9ricain \u00ab Forbes \u00bb deux mois avant le d\u00e9but de la Coupe du monde : contrairement au battage m\u00e9diatique massif qui a accompagn\u00e9 l&rsquo;annonce de la Coupe du monde, \u00ab la demande n&rsquo;\u00e9tait certainement pas \u00e0 ce niveau \u00bb. Les r\u00e9servations d&rsquo;h\u00f4tels \u00e0 New York pour juin et juillet sont pratiquement identiques \u00e0 celles de la m\u00eame p\u00e9riode l&rsquo;ann\u00e9e derni\u00e8re. De nombreuses annulations d&rsquo;h\u00f4tels ont \u00e9galement \u00e9t\u00e9 signal\u00e9es par la FIFA elle-m\u00eame.<\/p>\n<div id=\"attachment_438665\" class=\"wp-caption alignleft\" style=\"max-width: 300px\"><img decoding=\"async\" class=\"wp-image-438665 size-medium\" src=\"https:\/\/vieassociative.be\/actualites\/wp-content\/uploads\/2026\/04\/1777454343_600_Lusure-dans-le-monde-de-Trump-et-Infantino-\u2013-Billet.jpg\" alt=\"\" width=\"300\" height=\"198\"><\/div>\n<p>104 matchs de Coupe du monde, c&rsquo;est beaucoup. Il sera int\u00e9ressant de voir si et combien de si\u00e8ges restent vides dans les 16 stades de la Coupe du monde. Quoi qu&rsquo;il en soit, en raison de la nouvelle politique tarifaire de la FIFA, ce n&rsquo;est pas un \u00e9v\u00e9nement pour tout le monde. Quatre billets pour la finale de la Coupe du monde ont r\u00e9cemment \u00e9t\u00e9 propos\u00e9s sur le site de revente de la FIFA, ce qui n&rsquo;a rien d&rsquo;inhabituel en soi. Le prix \u00e9tait le suivant : 2 299 998,85 $. Par billet. Des places ont \u00e9t\u00e9 propos\u00e9es derri\u00e8re l&rsquo;un des buts du niveau inf\u00e9rieur.<\/p>\n<p>Apr\u00e8s tout, quiconque peut se le permettre ne se plaindra pas du prix du train presque douze fois plus \u00e9lev\u00e9 pour le trajet vers East Rutherford dans le New Jersey. Parce que le voyage aller-retour jusqu&rsquo;au stade final pr\u00e8s de New York co\u00fbte la modique somme de 150 $ au lieu des 12,90 $ habituels.<\/p>\n<p>\u00ab\u00a0Je n&rsquo;imposerai pas cette facture aux voyageurs du New Jersey pendant des ann\u00e9es\u00a0\u00bb, a d\u00e9clar\u00e9 le gouverneur Mikie Sherrill. \u00ab\u00a0La FIFA devrait payer pour les d\u00e9placements. Mais si ce n&rsquo;est pas le cas, je ne laisserai pas le New Jersey se faire foutre.\u00a0\u00bb<\/p>\n<p>La FIFA ne se sent pas responsable en mati\u00e8re de transport. L&rsquo;association mondiale n&rsquo;a pas non plus d&rsquo;influence sur les prix sur le portail de billets, mais elle collecte : des frais d&rsquo;achat de 15 pour cent aupr\u00e8s de l&rsquo;acheteur de chaque billet et des frais de revente de 15 pour cent aupr\u00e8s du vendeur. (dpa)<\/p>\n","protected":false},"excerpt":{"rendered":"<p>Des billets \u00e0 plus de deux millions d&rsquo;euros ? Pour une place dans l\u2019\u00e9chelon inf\u00e9rieur derri\u00e8re l\u2019un des deux buts ? Il y a avant<\/p>\n","protected":false},"author":1,"featured_media":13624,"comment_status":"","ping_status":"","sticky":false,"template":"","format":"standard","meta":{"footnotes":""},"categories":[298],"tags":[9259,166,3354,10110,5603,10588,237,3540,81,2425],"class_list":["post-13623","post","type-post","status-publish","format-standard","has-post-thumbnail","hentry","category-belgique","tag-billet","tag-dans","tag-final","tag-infantino","tag-inferieur","tag-lusure","tag-monde","tag-niveau","tag-pour","tag-trump","generate-columns","tablet-grid-50","mobile-grid-100","grid-parent","grid-33"],"yoast_head":"<!-- This site is optimized with the Yoast SEO plugin v24.0 - https:\/\/yoast.com\/wordpress\/plugins\/seo\/ -->\n<title>L&#039;usure dans le monde de Trump et Infantino \u2013 Billet final de niveau inf\u00e9rieur pour 2 299 998,85 $ | Vie Associative<\/title>\n<meta name=\"robots\" content=\"index, follow, max-snippet:-1, max-image-preview:large, max-video-preview:-1\" \/>\n<link rel=\"canonical\" href=\"https:\/\/vieassociative.be\/actualites\/lusure-dans-le-monde-de-trump-et-infantino-billet-final-de-niveau-inferieur-pour-2-299-99885\/\" \/>\n<meta property=\"og:locale\" content=\"fr_FR\" \/>\n<meta property=\"og:type\" content=\"article\" \/>\n<meta property=\"og:title\" content=\"L&#039;usure dans le monde de Trump et Infantino \u2013 Billet final de niveau inf\u00e9rieur pour 2 299 998,85 $ | Vie Associative\" \/>\n<meta property=\"og:description\" content=\"Des billets \u00e0 plus de deux millions d&rsquo;euros ? Pour une place dans l\u2019\u00e9chelon inf\u00e9rieur derri\u00e8re l\u2019un des deux buts ? Il y a avant\" \/>\n<meta property=\"og:url\" content=\"https:\/\/vieassociative.be\/actualites\/lusure-dans-le-monde-de-trump-et-infantino-billet-final-de-niveau-inferieur-pour-2-299-99885\/\" \/>\n<meta property=\"og:site_name\" content=\"Vie Associative\" \/>\n<meta property=\"article:published_time\" content=\"2026-04-29T09:19:03+00:00\" \/>\n<meta property=\"og:image\" content=\"https:\/\/vieassociative.be\/actualites\/wp-content\/uploads\/2025\/12\/Trump-laureat-du-Prix-de-la-Paix-de-la-FIFA.jpg\" \/>\n<meta name=\"author\" content=\"Julien\" \/>\n<meta name=\"twitter:card\" content=\"summary_large_image\" \/>\n<meta name=\"twitter:label1\" content=\"\u00c9crit par\" \/>\n\t<meta name=\"twitter:data1\" content=\"Julien\" \/>\n\t<meta name=\"twitter:label2\" content=\"Dur\u00e9e de lecture est.\" \/>\n\t<meta name=\"twitter:data2\" content=\"5 minutes\" \/>\n<script type=\"application\/ld+json\" class=\"yoast-schema-graph\">{\"@context\":\"https:\/\/schema.org\",\"@graph\":[{\"@type\":\"Article\",\"@id\":\"https:\/\/vieassociative.be\/actualites\/lusure-dans-le-monde-de-trump-et-infantino-billet-final-de-niveau-inferieur-pour-2-299-99885\/#article\",\"isPartOf\":{\"@id\":\"https:\/\/vieassociative.be\/actualites\/lusure-dans-le-monde-de-trump-et-infantino-billet-final-de-niveau-inferieur-pour-2-299-99885\/\"},\"author\":{\"name\":\"Julien\",\"@id\":\"https:\/\/vieassociative.be\/actualites\/#\/schema\/person\/b87ac4f82f9d4e7b7cec7395b679edc4\"},\"headline\":\"L&rsquo;usure dans le monde de Trump et Infantino \u2013 Billet final de niveau inf\u00e9rieur pour 2 299 998,85 $\",\"datePublished\":\"2026-04-29T09:19:03+00:00\",\"dateModified\":\"2026-04-29T09:19:03+00:00\",\"mainEntityOfPage\":{\"@id\":\"https:\/\/vieassociative.be\/actualites\/lusure-dans-le-monde-de-trump-et-infantino-billet-final-de-niveau-inferieur-pour-2-299-99885\/\"},\"wordCount\":1066,\"publisher\":{\"@id\":\"https:\/\/vieassociative.be\/actualites\/#organization\"},\"image\":{\"@id\":\"https:\/\/vieassociative.be\/actualites\/lusure-dans-le-monde-de-trump-et-infantino-billet-final-de-niveau-inferieur-pour-2-299-99885\/#primaryimage\"},\"thumbnailUrl\":\"https:\/\/vieassociative.be\/actualites\/wp-content\/uploads\/2026\/04\/1777454344_Lusure-dans-le-monde-de-Trump-et-Infantino-\u2013-Billet.jpg\",\"keywords\":[\"billet\",\"dans\",\"final\",\"Infantino\",\"inf\u00e9rieur\",\"Lusure\",\"monde\",\"niveau\",\"pour\",\"Trump\"],\"articleSection\":[\"Belgique\"],\"inLanguage\":\"fr-BE\"},{\"@type\":\"WebPage\",\"@id\":\"https:\/\/vieassociative.be\/actualites\/lusure-dans-le-monde-de-trump-et-infantino-billet-final-de-niveau-inferieur-pour-2-299-99885\/\",\"url\":\"https:\/\/vieassociative.be\/actualites\/lusure-dans-le-monde-de-trump-et-infantino-billet-final-de-niveau-inferieur-pour-2-299-99885\/\",\"name\":\"L'usure dans le monde de Trump et Infantino \u2013 Billet final de niveau inf\u00e9rieur pour 2 299 998,85 $ | Vie Associative\",\"isPartOf\":{\"@id\":\"https:\/\/vieassociative.be\/actualites\/#website\"},\"primaryImageOfPage\":{\"@id\":\"https:\/\/vieassociative.be\/actualites\/lusure-dans-le-monde-de-trump-et-infantino-billet-final-de-niveau-inferieur-pour-2-299-99885\/#primaryimage\"},\"image\":{\"@id\":\"https:\/\/vieassociative.be\/actualites\/lusure-dans-le-monde-de-trump-et-infantino-billet-final-de-niveau-inferieur-pour-2-299-99885\/#primaryimage\"},\"thumbnailUrl\":\"https:\/\/vieassociative.be\/actualites\/wp-content\/uploads\/2026\/04\/1777454344_Lusure-dans-le-monde-de-Trump-et-Infantino-\u2013-Billet.jpg\",\"datePublished\":\"2026-04-29T09:19:03+00:00\",\"dateModified\":\"2026-04-29T09:19:03+00:00\",\"breadcrumb\":{\"@id\":\"https:\/\/vieassociative.be\/actualites\/lusure-dans-le-monde-de-trump-et-infantino-billet-final-de-niveau-inferieur-pour-2-299-99885\/#breadcrumb\"},\"inLanguage\":\"fr-BE\",\"potentialAction\":[{\"@type\":\"ReadAction\",\"target\":[\"https:\/\/vieassociative.be\/actualites\/lusure-dans-le-monde-de-trump-et-infantino-billet-final-de-niveau-inferieur-pour-2-299-99885\/\"]}]},{\"@type\":\"ImageObject\",\"inLanguage\":\"fr-BE\",\"@id\":\"https:\/\/vieassociative.be\/actualites\/lusure-dans-le-monde-de-trump-et-infantino-billet-final-de-niveau-inferieur-pour-2-299-99885\/#primaryimage\",\"url\":\"https:\/\/vieassociative.be\/actualites\/wp-content\/uploads\/2026\/04\/1777454344_Lusure-dans-le-monde-de-Trump-et-Infantino-\u2013-Billet.jpg\",\"contentUrl\":\"https:\/\/vieassociative.be\/actualites\/wp-content\/uploads\/2026\/04\/1777454344_Lusure-dans-le-monde-de-Trump-et-Infantino-\u2013-Billet.jpg\",\"width\":1200,\"height\":800,\"caption\":\"L'usure dans le monde de Trump et Infantino \u2013 Billet final de niveau inf\u00e9rieur pour 2 299 998,85 $\"},{\"@type\":\"BreadcrumbList\",\"@id\":\"https:\/\/vieassociative.be\/actualites\/lusure-dans-le-monde-de-trump-et-infantino-billet-final-de-niveau-inferieur-pour-2-299-99885\/#breadcrumb\",\"itemListElement\":[{\"@type\":\"ListItem\",\"position\":1,\"name\":\"Accueil\",\"item\":\"https:\/\/vieassociative.be\/actualites\/\"},{\"@type\":\"ListItem\",\"position\":2,\"name\":\"L&rsquo;usure dans le monde de Trump et Infantino \u2013 Billet final de niveau inf\u00e9rieur pour 2 299 998,85 $\"}]},{\"@type\":\"WebSite\",\"@id\":\"https:\/\/vieassociative.be\/actualites\/#website\",\"url\":\"https:\/\/vieassociative.be\/actualites\/\",\"name\":\"Vie Associative\",\"description\":\"\",\"publisher\":{\"@id\":\"https:\/\/vieassociative.be\/actualites\/#organization\"},\"potentialAction\":[{\"@type\":\"SearchAction\",\"target\":{\"@type\":\"EntryPoint\",\"urlTemplate\":\"https:\/\/vieassociative.be\/actualites\/?s={search_term_string}\"},\"query-input\":{\"@type\":\"PropertyValueSpecification\",\"valueRequired\":true,\"valueName\":\"search_term_string\"}}],\"inLanguage\":\"fr-BE\"},{\"@type\":\"Organization\",\"@id\":\"https:\/\/vieassociative.be\/actualites\/#organization\",\"name\":\"Vie Associative\",\"url\":\"https:\/\/vieassociative.be\/actualites\/\",\"logo\":{\"@type\":\"ImageObject\",\"inLanguage\":\"fr-BE\",\"@id\":\"https:\/\/vieassociative.be\/actualites\/#\/schema\/logo\/image\/\",\"url\":\"https:\/\/vieassociative.be\/actualites\/wp-content\/uploads\/2024\/09\/cropped-vieassociative_favicon.ico.png\",\"contentUrl\":\"https:\/\/vieassociative.be\/actualites\/wp-content\/uploads\/2024\/09\/cropped-vieassociative_favicon.ico.png\",\"width\":512,\"height\":512,\"caption\":\"Vie Associative\"},\"image\":{\"@id\":\"https:\/\/vieassociative.be\/actualites\/#\/schema\/logo\/image\/\"}},{\"@type\":\"Person\",\"@id\":\"https:\/\/vieassociative.be\/actualites\/#\/schema\/person\/b87ac4f82f9d4e7b7cec7395b679edc4\",\"name\":\"Julien\",\"image\":{\"@type\":\"ImageObject\",\"inLanguage\":\"fr-BE\",\"@id\":\"https:\/\/vieassociative.be\/actualites\/#\/schema\/person\/image\/\",\"url\":\"https:\/\/vieassociative.be\/actualites\/wp-content\/uploads\/2024\/09\/vie-associative-1-150x150.jpg\",\"contentUrl\":\"https:\/\/vieassociative.be\/actualites\/wp-content\/uploads\/2024\/09\/vie-associative-1-150x150.jpg\",\"caption\":\"Julien\"},\"description\":\"Je suis Julien, r\u00e9dacteur pour Vie Associative. Passionn\u00e9 par le monde associatif depuis plus de 10 ans, j'ai \u00e0 c\u0153ur de partager des histoires inspirantes et de mettre en lumi\u00e8re les initiatives locales. Mon objectif est de sensibiliser et d'encourager l'engagement communautaire \u00e0 travers mes articles.\",\"sameAs\":[\"https:\/\/vieassociative.be\/\"]}]}<\/script>\n<!-- \/ Yoast SEO plugin. -->","yoast_head_json":{"title":"L'usure dans le monde de Trump et Infantino \u2013 Billet final de niveau inf\u00e9rieur pour 2 299 998,85 $ | Vie Associative","robots":{"index":"index","follow":"follow","max-snippet":"max-snippet:-1","max-image-preview":"max-image-preview:large","max-video-preview":"max-video-preview:-1"},"canonical":"https:\/\/vieassociative.be\/actualites\/lusure-dans-le-monde-de-trump-et-infantino-billet-final-de-niveau-inferieur-pour-2-299-99885\/","og_locale":"fr_FR","og_type":"article","og_title":"L'usure dans le monde de Trump et Infantino \u2013 Billet final de niveau inf\u00e9rieur pour 2 299 998,85 $ | Vie Associative","og_description":"Des billets \u00e0 plus de deux millions d&rsquo;euros ? Pour une place dans l\u2019\u00e9chelon inf\u00e9rieur derri\u00e8re l\u2019un des deux buts ? Il y a avant","og_url":"https:\/\/vieassociative.be\/actualites\/lusure-dans-le-monde-de-trump-et-infantino-billet-final-de-niveau-inferieur-pour-2-299-99885\/","og_site_name":"Vie Associative","article_published_time":"2026-04-29T09:19:03+00:00","og_image":[{"url":"https:\/\/vieassociative.be\/actualites\/wp-content\/uploads\/2025\/12\/Trump-laureat-du-Prix-de-la-Paix-de-la-FIFA.jpg","type":"","width":"","height":""}],"author":"Julien","twitter_card":"summary_large_image","twitter_misc":{"\u00c9crit par":"Julien","Dur\u00e9e de lecture est.":"5 minutes"},"schema":{"@context":"https:\/\/schema.org","@graph":[{"@type":"Article","@id":"https:\/\/vieassociative.be\/actualites\/lusure-dans-le-monde-de-trump-et-infantino-billet-final-de-niveau-inferieur-pour-2-299-99885\/#article","isPartOf":{"@id":"https:\/\/vieassociative.be\/actualites\/lusure-dans-le-monde-de-trump-et-infantino-billet-final-de-niveau-inferieur-pour-2-299-99885\/"},"author":{"name":"Julien","@id":"https:\/\/vieassociative.be\/actualites\/#\/schema\/person\/b87ac4f82f9d4e7b7cec7395b679edc4"},"headline":"L&rsquo;usure dans le monde de Trump et Infantino \u2013 Billet final de niveau inf\u00e9rieur pour 2 299 998,85 $","datePublished":"2026-04-29T09:19:03+00:00","dateModified":"2026-04-29T09:19:03+00:00","mainEntityOfPage":{"@id":"https:\/\/vieassociative.be\/actualites\/lusure-dans-le-monde-de-trump-et-infantino-billet-final-de-niveau-inferieur-pour-2-299-99885\/"},"wordCount":1066,"publisher":{"@id":"https:\/\/vieassociative.be\/actualites\/#organization"},"image":{"@id":"https:\/\/vieassociative.be\/actualites\/lusure-dans-le-monde-de-trump-et-infantino-billet-final-de-niveau-inferieur-pour-2-299-99885\/#primaryimage"},"thumbnailUrl":"https:\/\/vieassociative.be\/actualites\/wp-content\/uploads\/2026\/04\/1777454344_Lusure-dans-le-monde-de-Trump-et-Infantino-\u2013-Billet.jpg","keywords":["billet","dans","final","Infantino","inf\u00e9rieur","Lusure","monde","niveau","pour","Trump"],"articleSection":["Belgique"],"inLanguage":"fr-BE"},{"@type":"WebPage","@id":"https:\/\/vieassociative.be\/actualites\/lusure-dans-le-monde-de-trump-et-infantino-billet-final-de-niveau-inferieur-pour-2-299-99885\/","url":"https:\/\/vieassociative.be\/actualites\/lusure-dans-le-monde-de-trump-et-infantino-billet-final-de-niveau-inferieur-pour-2-299-99885\/","name":"L'usure dans le monde de Trump et Infantino \u2013 Billet final de niveau inf\u00e9rieur pour 2 299 998,85 $ | Vie Associative","isPartOf":{"@id":"https:\/\/vieassociative.be\/actualites\/#website"},"primaryImageOfPage":{"@id":"https:\/\/vieassociative.be\/actualites\/lusure-dans-le-monde-de-trump-et-infantino-billet-final-de-niveau-inferieur-pour-2-299-99885\/#primaryimage"},"image":{"@id":"https:\/\/vieassociative.be\/actualites\/lusure-dans-le-monde-de-trump-et-infantino-billet-final-de-niveau-inferieur-pour-2-299-99885\/#primaryimage"},"thumbnailUrl":"https:\/\/vieassociative.be\/actualites\/wp-content\/uploads\/2026\/04\/1777454344_Lusure-dans-le-monde-de-Trump-et-Infantino-\u2013-Billet.jpg","datePublished":"2026-04-29T09:19:03+00:00","dateModified":"2026-04-29T09:19:03+00:00","breadcrumb":{"@id":"https:\/\/vieassociative.be\/actualites\/lusure-dans-le-monde-de-trump-et-infantino-billet-final-de-niveau-inferieur-pour-2-299-99885\/#breadcrumb"},"inLanguage":"fr-BE","potentialAction":[{"@type":"ReadAction","target":["https:\/\/vieassociative.be\/actualites\/lusure-dans-le-monde-de-trump-et-infantino-billet-final-de-niveau-inferieur-pour-2-299-99885\/"]}]},{"@type":"ImageObject","inLanguage":"fr-BE","@id":"https:\/\/vieassociative.be\/actualites\/lusure-dans-le-monde-de-trump-et-infantino-billet-final-de-niveau-inferieur-pour-2-299-99885\/#primaryimage","url":"https:\/\/vieassociative.be\/actualites\/wp-content\/uploads\/2026\/04\/1777454344_Lusure-dans-le-monde-de-Trump-et-Infantino-\u2013-Billet.jpg","contentUrl":"https:\/\/vieassociative.be\/actualites\/wp-content\/uploads\/2026\/04\/1777454344_Lusure-dans-le-monde-de-Trump-et-Infantino-\u2013-Billet.jpg","width":1200,"height":800,"caption":"L'usure dans le monde de Trump et Infantino \u2013 Billet final de niveau inf\u00e9rieur pour 2 299 998,85 $"},{"@type":"BreadcrumbList","@id":"https:\/\/vieassociative.be\/actualites\/lusure-dans-le-monde-de-trump-et-infantino-billet-final-de-niveau-inferieur-pour-2-299-99885\/#breadcrumb","itemListElement":[{"@type":"ListItem","position":1,"name":"Accueil","item":"https:\/\/vieassociative.be\/actualites\/"},{"@type":"ListItem","position":2,"name":"L&rsquo;usure dans le monde de Trump et Infantino \u2013 Billet final de niveau inf\u00e9rieur pour 2 299 998,85 $"}]},{"@type":"WebSite","@id":"https:\/\/vieassociative.be\/actualites\/#website","url":"https:\/\/vieassociative.be\/actualites\/","name":"Vie Associative","description":"","publisher":{"@id":"https:\/\/vieassociative.be\/actualites\/#organization"},"potentialAction":[{"@type":"SearchAction","target":{"@type":"EntryPoint","urlTemplate":"https:\/\/vieassociative.be\/actualites\/?s={search_term_string}"},"query-input":{"@type":"PropertyValueSpecification","valueRequired":true,"valueName":"search_term_string"}}],"inLanguage":"fr-BE"},{"@type":"Organization","@id":"https:\/\/vieassociative.be\/actualites\/#organization","name":"Vie Associative","url":"https:\/\/vieassociative.be\/actualites\/","logo":{"@type":"ImageObject","inLanguage":"fr-BE","@id":"https:\/\/vieassociative.be\/actualites\/#\/schema\/logo\/image\/","url":"https:\/\/vieassociative.be\/actualites\/wp-content\/uploads\/2024\/09\/cropped-vieassociative_favicon.ico.png","contentUrl":"https:\/\/vieassociative.be\/actualites\/wp-content\/uploads\/2024\/09\/cropped-vieassociative_favicon.ico.png","width":512,"height":512,"caption":"Vie Associative"},"image":{"@id":"https:\/\/vieassociative.be\/actualites\/#\/schema\/logo\/image\/"}},{"@type":"Person","@id":"https:\/\/vieassociative.be\/actualites\/#\/schema\/person\/b87ac4f82f9d4e7b7cec7395b679edc4","name":"Julien","image":{"@type":"ImageObject","inLanguage":"fr-BE","@id":"https:\/\/vieassociative.be\/actualites\/#\/schema\/person\/image\/","url":"https:\/\/vieassociative.be\/actualites\/wp-content\/uploads\/2024\/09\/vie-associative-1-150x150.jpg","contentUrl":"https:\/\/vieassociative.be\/actualites\/wp-content\/uploads\/2024\/09\/vie-associative-1-150x150.jpg","caption":"Julien"},"description":"Je suis Julien, r\u00e9dacteur pour Vie Associative. Passionn\u00e9 par le monde associatif depuis plus de 10 ans, j'ai \u00e0 c\u0153ur de partager des histoires inspirantes et de mettre en lumi\u00e8re les initiatives locales. Mon objectif est de sensibiliser et d'encourager l'engagement communautaire \u00e0 travers mes articles.","sameAs":["https:\/\/vieassociative.be\/"]}]}},"_links":{"self":[{"href":"https:\/\/vieassociative.be\/actualites\/wp-json\/wp\/v2\/posts\/13623"}],"collection":[{"href":"https:\/\/vieassociative.be\/actualites\/wp-json\/wp\/v2\/posts"}],"about":[{"href":"https:\/\/vieassociative.be\/actualites\/wp-json\/wp\/v2\/types\/post"}],"author":[{"embeddable":true,"href":"https:\/\/vieassociative.be\/actualites\/wp-json\/wp\/v2\/users\/1"}],"replies":[{"embeddable":true,"href":"https:\/\/vieassociative.be\/actualites\/wp-json\/wp\/v2\/comments?post=13623"}],"version-history":[{"count":0,"href":"https:\/\/vieassociative.be\/actualites\/wp-json\/wp\/v2\/posts\/13623\/revisions"}],"wp:featuredmedia":[{"embeddable":true,"href":"https:\/\/vieassociative.be\/actualites\/wp-json\/wp\/v2\/media\/13624"}],"wp:attachment":[{"href":"https:\/\/vieassociative.be\/actualites\/wp-json\/wp\/v2\/media?parent=13623"}],"wp:term":[{"taxonomy":"category","embeddable":true,"href":"https:\/\/vieassociative.be\/actualites\/wp-json\/wp\/v2\/categories?post=13623"},{"taxonomy":"post_tag","embeddable":true,"href":"https:\/\/vieassociative.be\/actualites\/wp-json\/wp\/v2\/tags?post=13623"}],"curies":[{"name":"wp","href":"https:\/\/api.w.org\/{rel}","templated":true}]}}