{"id":13619,"date":"2026-04-29T05:17:26","date_gmt":"2026-04-29T03:17:26","guid":{"rendered":"https:\/\/vieassociative.be\/actualites\/une-baleine-a-bosse-nage-dans-un-navire-de-transport-le-voyage-vers-la-mer-du-nord-est-imminent\/"},"modified":"2026-04-29T05:17:26","modified_gmt":"2026-04-29T03:17:26","slug":"une-baleine-a-bosse-nage-dans-un-navire-de-transport-le-voyage-vers-la-mer-du-nord-est-imminent","status":"publish","type":"post","link":"https:\/\/vieassociative.be\/actualites\/une-baleine-a-bosse-nage-dans-un-navire-de-transport-le-voyage-vers-la-mer-du-nord-est-imminent\/","title":{"rendered":"Une baleine \u00e0 bosse nage dans un navire de transport &#8211; le voyage vers la mer du Nord est imminent"},"content":{"rendered":"<p><strong>La baleine \u00e0 bosse \u00e9chou\u00e9e repose depuis des semaines au large de l\u2019\u00eele de Poel. Une initiative priv\u00e9e l&rsquo;a d\u00e9sormais amen\u00e9 sur une barge. Mais l\u2019objectif de la campagne est loin d\u2019\u00eatre atteint.<\/strong><\/p>\n<p><span id=\"more-438667\"><\/span>L\u2019op\u00e9ration de sauvetage de la baleine \u00e0 bosse \u00e9chou\u00e9e dans la mer Baltique a fait un pas de plus vers son objectif. Au cours d&rsquo;une op\u00e9ration d&rsquo;une heure, les personnes impliqu\u00e9es ont tir\u00e9 la baleine avec des sangles jusqu&rsquo;\u00e0 une barge cens\u00e9e transporter l&rsquo;animal vers la mer du Nord. Ces derniers jours, un chenal de 100 m\u00e8tres de long a \u00e9t\u00e9 creus\u00e9 pour permettre l&rsquo;acc\u00e8s au navire. \u00c0 14h45 l&rsquo;animal se retrouva finalement dans ce qu&rsquo;on appelle la barge, une sorte de bassin flottant.<\/p>\n<p>\u00ab\u00a0Cela me soulage vraiment du c\u0153ur\u00a0\u00bb, a d\u00e9clar\u00e9 le ministre de l&rsquo;Environnement, Till Backhaus, dans le port de Kirchdorf. \u00ab\u00a0J&rsquo;\u00e9tais aussi sur le point de sauter \u00e0 l&rsquo;eau pour l&rsquo;aider dans les derniers m\u00e8tres.\u00a0\u00bb Mais ensuite il s&rsquo;est ressaisi. Le ministre a admis avoir pleur\u00e9 sur le bateau d&rsquo;o\u00f9 il regardait l&rsquo;action.<\/p>\n<p><strong>\u2013 Acclamations et larmes des assistants et du ministre :<\/strong> Apr\u00e8s l&rsquo;op\u00e9ration, les collaborateurs de l&rsquo;initiative priv\u00e9e de sauvetage du port se sont embrass\u00e9s et certains ont vers\u00e9 une larme de soulagement apr\u00e8s des semaines de tension. A leur arriv\u00e9e au port de Kirchdorf, ils sont accueillis par des acclamations et des applaudissements de la part des personnes pr\u00e9sentes. \u00ab\u00a0Nous n&rsquo;avons jamais perdu espoir\u00a0\u00bb, a d\u00e9clar\u00e9 un t\u00e9moin pr\u00e9sent sur les lieux.<\/p>\n<\/p>\n<div id=\"attachment_438669\" class=\"wp-caption alignleft\" style=\"max-width: 300px\"><img fetchpriority=\"high\" decoding=\"async\" class=\"wp-image-438669 size-medium\" src=\"https:\/\/vieassociative.be\/actualites\/wp-content\/uploads\/2026\/04\/Une-baleine-a-bosse-nage-dans-un-navire-de-transport.jpg\" alt=\"\" width=\"300\" height=\"187\"><\/div>\n<p>Mais le voyage en piscine flottante vers la mer du Nord est encore \u00e0 faire. Cela devrait commencer dans la soir\u00e9e, lorsque la mer deviendra plus calme, a indiqu\u00e9 Backhaus.<\/p>\n<p><strong>\u2013 Doutes parmi les experts :<\/strong> Mais la baleine est loin d&rsquo;\u00eatre sauv\u00e9e : les experts du Mus\u00e9e maritime avaient explicitement mis en garde contre le transport de l&rsquo;animal. \u00ab\u00a0L&rsquo;\u00e9tat g\u00e9n\u00e9ral de la baleine a continu\u00e9 \u00e0 se d\u00e9t\u00e9riorer\u00a0\u00bb et les chances de succ\u00e8s d&rsquo;un sauvetage vivant sont tr\u00e8s faibles. Cela \u00ab\u00a0est \u00e9galement associ\u00e9 \u00e0 d&rsquo;\u00e9normes risques de blessures pour la baleine\u00a0\u00bb, ont expliqu\u00e9 les chercheurs, soulignant des \u00e9valuations similaires de la Commission baleini\u00e8re internationale et de British Divers Marine Life Rescue.<\/p>\n<p>L&rsquo;organisation de conservation des baleines et des dauphins, WDC, a expliqu\u00e9 : \u00ab\u00a0Dans la nature, les baleines ne sont pas habitu\u00e9es aux situations dans lesquelles elles sont confin\u00e9es. Tr\u00e8s probablement, d&rsquo;une mani\u00e8re g\u00e9n\u00e9rale, cette situation inhabituelle causerait un stress suppl\u00e9mentaire \u00e0 une baleine, \u00e9ventuellement de la peur et de la panique.\u00a0\u00bb Cela est particuli\u00e8rement vrai parce que la baleine ne peut pas suivre son instinct naturel de fuite.<\/p>\n<p>Il se pourrait aussi que l\u2019animal tombe dans une myopathie de capture, \u00ab c\u2019est-\u00e0-dire une sorte de paralysie dans laquelle les muscles se tendent \u00bb. Il se peut aussi qu\u2019il soit trop faible pour montrer des r\u00e9actions fortes. \u00ab\u00a0Il pourrait alors donner l&rsquo;impression qu&rsquo;il a particip\u00e9 volontairement \u00e0 l&rsquo;op\u00e9ration ou qu&rsquo;il l&rsquo;a subi\u00a0\u00bb, a d\u00e9clar\u00e9 l&rsquo;organisation.<\/p>\n<div id=\"attachment_438670\" class=\"wp-caption alignleft\" style=\"max-width: 300px\"><img decoding=\"async\" class=\"wp-image-438670 size-medium\" src=\"https:\/\/vieassociative.be\/actualites\/wp-content\/uploads\/2026\/04\/1777432646_124_Une-baleine-a-bosse-nage-dans-un-navire-de-transport.jpg\" alt=\"\" width=\"300\" height=\"203\"><\/div>\n<p><strong>\u2013 R\u00e9actions impr\u00e9visibles :<\/strong> Backhaus a \u00e9galement soulign\u00e9 que la baleine \u00e9tait un animal sauvage dont les r\u00e9actions ne pouvaient \u00eatre pr\u00e9dites. Les v\u00e9t\u00e9rinaires de l&rsquo;initiative priv\u00e9e consid\u00e8rent la baleine \u00e0 bosse comme transportable, comme l&rsquo;a expliqu\u00e9 le ministre. Selon l\u2019\u00e9valuation, l\u2019\u00e9tat de sant\u00e9 est bon, la respiration est profonde et sans bruits pathologiques. Les experts du Mus\u00e9e maritime avaient annonc\u00e9 lundi : \u00ab L\u2019\u00e9tat g\u00e9n\u00e9ral de la baleine a continu\u00e9 \u00e0 se d\u00e9t\u00e9riorer \u00bb.<\/p>\n<p>Backhaus a d\u00e9clar\u00e9 \u00e0 propos des diff\u00e9rentes \u00e9valuations du matin : \u00ab Je pense que les deux v\u00e9t\u00e9rinaires ainsi que les experts pr\u00e9sents ici peuvent tr\u00e8s bien \u00e9valuer cela. \u00bb Ces personnes \u00e9taient techniquement exp\u00e9riment\u00e9es et \u00e9taient constamment proches de l&rsquo;animal. Le ministre a demand\u00e9 \u00e0 la science de comprendre \u2013 \u00ab \u00e0 ceux qui ne sont peut-\u00eatre pas en mesure d\u2019\u00e9valuer cela \u00e0 100 pour cent \u00bb.<\/p>\n<p><strong>\u2013 Baleine sur la c\u00f4te depuis d\u00e9but mars :<\/strong> Selon les autorit\u00e9s, la baleine \u00e0 bosse est apparue pr\u00e8s des c\u00f4tes d\u00e9but mars, initialement dans le port de Wismar. Dans la nuit du 23 mars, il s&rsquo;est retrouv\u00e9 bloqu\u00e9 sur un banc de sable au large de Timmendorfer Strand, dans le Schleswig-Holstein. L\u2019animal a r\u00e9ussi \u00e0 quitter les eaux peu profondes via un canal creus\u00e9. Par la suite, cependant, il n&rsquo;a pas mis le cap vers le large et le nord, mais a nag\u00e9 vers Wismar.<\/p>\n<p>Finalement, il a nag\u00e9 dans la baie peu profonde de l&rsquo;\u00eele de Poel appel\u00e9e Kirchsee. L\u00e0, il s&rsquo;est \u00e0 nouveau \u00e9chou\u00e9, a nag\u00e9 librement pendant un moment, mais a \u00e9t\u00e9 de nouveau ancr\u00e9 \u00e0 la sortie de la baie quelques heures plus tard.<\/p>\n<p><strong>\u2013 Concept pr\u00e9c\u00e9dent abandonn\u00e9 :<\/strong> Backhaus a d\u00e9cid\u00e9 \u00e0 la mi-avril de tol\u00e9rer les tentatives de l&rsquo;initiative priv\u00e9e, malgr\u00e9 tous les avertissements de la science. Outre l&rsquo;entrepreneur Karin Walter-Mommert, elle est financ\u00e9e par le fondateur de Mediamarkt, Walter Gunz. Un concept ant\u00e9rieur du groupe n\u2019a pas fonctionn\u00e9 et a \u00e9t\u00e9 abandonn\u00e9.<\/p>\n<p>On ne sait pas si la baleine survivra au transport et si elle pourra survivre en mer du Nord ou dans l\u2019Atlantique. Les scientifiques soup\u00e7onnaient qu&rsquo;il cherchait \u00e0 plusieurs reprises des eaux peu profondes parce qu&rsquo;il \u00e9tait faible et qu&rsquo;il voulait se reposer. Des v\u00e9t\u00e9rinaires accompagneraient la baleine dans son voyage de plusieurs jours vers la mer du Nord. (dpa)<\/p>\n","protected":false},"excerpt":{"rendered":"<p>La baleine \u00e0 bosse \u00e9chou\u00e9e repose depuis des semaines au large de l\u2019\u00eele de Poel. Une initiative priv\u00e9e l&rsquo;a d\u00e9sormais amen\u00e9 sur une barge. Mais<\/p>\n","protected":false},"author":1,"featured_media":13620,"comment_status":"","ping_status":"","sticky":false,"template":"","format":"standard","meta":{"footnotes":""},"categories":[298],"tags":[10364,10365,166,76,10587,4704,10586,7340,2634,6351,110,2778,1928],"class_list":["post-13619","post","type-post","status-publish","format-standard","has-post-thumbnail","hentry","category-belgique","tag-baleine","tag-bosse","tag-dans","tag-est","tag-imminent","tag-mer","tag-nage","tag-navire","tag-nord","tag-transport","tag-une","tag-vers","tag-voyage","generate-columns","tablet-grid-50","mobile-grid-100","grid-parent","grid-33"],"yoast_head":"<!-- This site is optimized with the Yoast SEO plugin v24.0 - https:\/\/yoast.com\/wordpress\/plugins\/seo\/ -->\n<title>Une baleine \u00e0 bosse nage dans un navire de transport - le voyage vers la mer du Nord est imminent | Vie Associative<\/title>\n<meta name=\"robots\" content=\"index, follow, max-snippet:-1, max-image-preview:large, max-video-preview:-1\" \/>\n<link rel=\"canonical\" href=\"https:\/\/vieassociative.be\/actualites\/une-baleine-a-bosse-nage-dans-un-navire-de-transport-le-voyage-vers-la-mer-du-nord-est-imminent\/\" \/>\n<meta property=\"og:locale\" content=\"fr_FR\" \/>\n<meta property=\"og:type\" content=\"article\" \/>\n<meta property=\"og:title\" content=\"Une baleine \u00e0 bosse nage dans un navire de transport - le voyage vers la mer du Nord est imminent | Vie Associative\" \/>\n<meta property=\"og:description\" content=\"La baleine \u00e0 bosse \u00e9chou\u00e9e repose depuis des semaines au large de l\u2019\u00eele de Poel. Une initiative priv\u00e9e l&rsquo;a d\u00e9sormais amen\u00e9 sur une barge. Mais\" \/>\n<meta property=\"og:url\" content=\"https:\/\/vieassociative.be\/actualites\/une-baleine-a-bosse-nage-dans-un-navire-de-transport-le-voyage-vers-la-mer-du-nord-est-imminent\/\" \/>\n<meta property=\"og:site_name\" content=\"Vie Associative\" \/>\n<meta property=\"article:published_time\" content=\"2026-04-29T03:17:26+00:00\" \/>\n<meta property=\"og:image\" content=\"https:\/\/vieassociative.be\/actualites\/wp-content\/uploads\/2024\/09\/header_backgroundk-01-e1726694325946.png\" \/>\n\t<meta property=\"og:image:width\" content=\"279\" \/>\n\t<meta property=\"og:image:height\" content=\"92\" \/>\n\t<meta property=\"og:image:type\" content=\"image\/png\" \/>\n<meta name=\"author\" content=\"Julien\" \/>\n<meta name=\"twitter:card\" content=\"summary_large_image\" \/>\n<meta name=\"twitter:label1\" content=\"\u00c9crit par\" \/>\n\t<meta name=\"twitter:data1\" content=\"Julien\" \/>\n\t<meta name=\"twitter:label2\" content=\"Dur\u00e9e de lecture est.\" \/>\n\t<meta name=\"twitter:data2\" content=\"5 minutes\" \/>\n<script type=\"application\/ld+json\" class=\"yoast-schema-graph\">{\"@context\":\"https:\/\/schema.org\",\"@graph\":[{\"@type\":\"Article\",\"@id\":\"https:\/\/vieassociative.be\/actualites\/une-baleine-a-bosse-nage-dans-un-navire-de-transport-le-voyage-vers-la-mer-du-nord-est-imminent\/#article\",\"isPartOf\":{\"@id\":\"https:\/\/vieassociative.be\/actualites\/une-baleine-a-bosse-nage-dans-un-navire-de-transport-le-voyage-vers-la-mer-du-nord-est-imminent\/\"},\"author\":{\"name\":\"Julien\",\"@id\":\"https:\/\/vieassociative.be\/actualites\/#\/schema\/person\/b87ac4f82f9d4e7b7cec7395b679edc4\"},\"headline\":\"Une baleine \u00e0 bosse nage dans un navire de transport &#8211; le voyage vers la mer du Nord est imminent\",\"datePublished\":\"2026-04-29T03:17:26+00:00\",\"dateModified\":\"2026-04-29T03:17:26+00:00\",\"mainEntityOfPage\":{\"@id\":\"https:\/\/vieassociative.be\/actualites\/une-baleine-a-bosse-nage-dans-un-navire-de-transport-le-voyage-vers-la-mer-du-nord-est-imminent\/\"},\"wordCount\":973,\"publisher\":{\"@id\":\"https:\/\/vieassociative.be\/actualites\/#organization\"},\"image\":{\"@id\":\"https:\/\/vieassociative.be\/actualites\/une-baleine-a-bosse-nage-dans-un-navire-de-transport-le-voyage-vers-la-mer-du-nord-est-imminent\/#primaryimage\"},\"thumbnailUrl\":\"https:\/\/vieassociative.be\/actualites\/wp-content\/uploads\/2026\/04\/1777432647_Une-baleine-a-bosse-nage-dans-un-navire-de-transport.jpg\",\"keywords\":[\"baleine\",\"bosse\",\"dans\",\"est\",\"imminent\",\"mer\",\"nage\",\"navire\",\"Nord\",\"transport\",\"une\",\"vers\",\"voyage\"],\"articleSection\":[\"Belgique\"],\"inLanguage\":\"fr-BE\"},{\"@type\":\"WebPage\",\"@id\":\"https:\/\/vieassociative.be\/actualites\/une-baleine-a-bosse-nage-dans-un-navire-de-transport-le-voyage-vers-la-mer-du-nord-est-imminent\/\",\"url\":\"https:\/\/vieassociative.be\/actualites\/une-baleine-a-bosse-nage-dans-un-navire-de-transport-le-voyage-vers-la-mer-du-nord-est-imminent\/\",\"name\":\"Une baleine \u00e0 bosse nage dans un navire de transport - le voyage vers la mer du Nord est imminent | Vie Associative\",\"isPartOf\":{\"@id\":\"https:\/\/vieassociative.be\/actualites\/#website\"},\"primaryImageOfPage\":{\"@id\":\"https:\/\/vieassociative.be\/actualites\/une-baleine-a-bosse-nage-dans-un-navire-de-transport-le-voyage-vers-la-mer-du-nord-est-imminent\/#primaryimage\"},\"image\":{\"@id\":\"https:\/\/vieassociative.be\/actualites\/une-baleine-a-bosse-nage-dans-un-navire-de-transport-le-voyage-vers-la-mer-du-nord-est-imminent\/#primaryimage\"},\"thumbnailUrl\":\"https:\/\/vieassociative.be\/actualites\/wp-content\/uploads\/2026\/04\/1777432647_Une-baleine-a-bosse-nage-dans-un-navire-de-transport.jpg\",\"datePublished\":\"2026-04-29T03:17:26+00:00\",\"dateModified\":\"2026-04-29T03:17:26+00:00\",\"breadcrumb\":{\"@id\":\"https:\/\/vieassociative.be\/actualites\/une-baleine-a-bosse-nage-dans-un-navire-de-transport-le-voyage-vers-la-mer-du-nord-est-imminent\/#breadcrumb\"},\"inLanguage\":\"fr-BE\",\"potentialAction\":[{\"@type\":\"ReadAction\",\"target\":[\"https:\/\/vieassociative.be\/actualites\/une-baleine-a-bosse-nage-dans-un-navire-de-transport-le-voyage-vers-la-mer-du-nord-est-imminent\/\"]}]},{\"@type\":\"ImageObject\",\"inLanguage\":\"fr-BE\",\"@id\":\"https:\/\/vieassociative.be\/actualites\/une-baleine-a-bosse-nage-dans-un-navire-de-transport-le-voyage-vers-la-mer-du-nord-est-imminent\/#primaryimage\",\"url\":\"https:\/\/vieassociative.be\/actualites\/wp-content\/uploads\/2026\/04\/1777432647_Une-baleine-a-bosse-nage-dans-un-navire-de-transport.jpg\",\"contentUrl\":\"https:\/\/vieassociative.be\/actualites\/wp-content\/uploads\/2026\/04\/1777432647_Une-baleine-a-bosse-nage-dans-un-navire-de-transport.jpg\",\"width\":1200,\"height\":850,\"caption\":\"Une baleine \u00e0 bosse nage dans un navire de transport - le voyage vers la mer du Nord est imminent\"},{\"@type\":\"BreadcrumbList\",\"@id\":\"https:\/\/vieassociative.be\/actualites\/une-baleine-a-bosse-nage-dans-un-navire-de-transport-le-voyage-vers-la-mer-du-nord-est-imminent\/#breadcrumb\",\"itemListElement\":[{\"@type\":\"ListItem\",\"position\":1,\"name\":\"Accueil\",\"item\":\"https:\/\/vieassociative.be\/actualites\/\"},{\"@type\":\"ListItem\",\"position\":2,\"name\":\"Une baleine \u00e0 bosse nage dans un navire de transport &#8211; le voyage vers la mer du Nord est imminent\"}]},{\"@type\":\"WebSite\",\"@id\":\"https:\/\/vieassociative.be\/actualites\/#website\",\"url\":\"https:\/\/vieassociative.be\/actualites\/\",\"name\":\"Vie Associative\",\"description\":\"\",\"publisher\":{\"@id\":\"https:\/\/vieassociative.be\/actualites\/#organization\"},\"potentialAction\":[{\"@type\":\"SearchAction\",\"target\":{\"@type\":\"EntryPoint\",\"urlTemplate\":\"https:\/\/vieassociative.be\/actualites\/?s={search_term_string}\"},\"query-input\":{\"@type\":\"PropertyValueSpecification\",\"valueRequired\":true,\"valueName\":\"search_term_string\"}}],\"inLanguage\":\"fr-BE\"},{\"@type\":\"Organization\",\"@id\":\"https:\/\/vieassociative.be\/actualites\/#organization\",\"name\":\"Vie Associative\",\"url\":\"https:\/\/vieassociative.be\/actualites\/\",\"logo\":{\"@type\":\"ImageObject\",\"inLanguage\":\"fr-BE\",\"@id\":\"https:\/\/vieassociative.be\/actualites\/#\/schema\/logo\/image\/\",\"url\":\"https:\/\/vieassociative.be\/actualites\/wp-content\/uploads\/2024\/09\/cropped-vieassociative_favicon.ico.png\",\"contentUrl\":\"https:\/\/vieassociative.be\/actualites\/wp-content\/uploads\/2024\/09\/cropped-vieassociative_favicon.ico.png\",\"width\":512,\"height\":512,\"caption\":\"Vie Associative\"},\"image\":{\"@id\":\"https:\/\/vieassociative.be\/actualites\/#\/schema\/logo\/image\/\"}},{\"@type\":\"Person\",\"@id\":\"https:\/\/vieassociative.be\/actualites\/#\/schema\/person\/b87ac4f82f9d4e7b7cec7395b679edc4\",\"name\":\"Julien\",\"image\":{\"@type\":\"ImageObject\",\"inLanguage\":\"fr-BE\",\"@id\":\"https:\/\/vieassociative.be\/actualites\/#\/schema\/person\/image\/\",\"url\":\"https:\/\/vieassociative.be\/actualites\/wp-content\/uploads\/2024\/09\/vie-associative-1-150x150.jpg\",\"contentUrl\":\"https:\/\/vieassociative.be\/actualites\/wp-content\/uploads\/2024\/09\/vie-associative-1-150x150.jpg\",\"caption\":\"Julien\"},\"description\":\"Je suis Julien, r\u00e9dacteur pour Vie Associative. Passionn\u00e9 par le monde associatif depuis plus de 10 ans, j'ai \u00e0 c\u0153ur de partager des histoires inspirantes et de mettre en lumi\u00e8re les initiatives locales. Mon objectif est de sensibiliser et d'encourager l'engagement communautaire \u00e0 travers mes articles.\",\"sameAs\":[\"https:\/\/vieassociative.be\/\"]}]}<\/script>\n<!-- \/ Yoast SEO plugin. -->","yoast_head_json":{"title":"Une baleine \u00e0 bosse nage dans un navire de transport - le voyage vers la mer du Nord est imminent | Vie Associative","robots":{"index":"index","follow":"follow","max-snippet":"max-snippet:-1","max-image-preview":"max-image-preview:large","max-video-preview":"max-video-preview:-1"},"canonical":"https:\/\/vieassociative.be\/actualites\/une-baleine-a-bosse-nage-dans-un-navire-de-transport-le-voyage-vers-la-mer-du-nord-est-imminent\/","og_locale":"fr_FR","og_type":"article","og_title":"Une baleine \u00e0 bosse nage dans un navire de transport - le voyage vers la mer du Nord est imminent | Vie Associative","og_description":"La baleine \u00e0 bosse \u00e9chou\u00e9e repose depuis des semaines au large de l\u2019\u00eele de Poel. Une initiative priv\u00e9e l&rsquo;a d\u00e9sormais amen\u00e9 sur une barge. Mais","og_url":"https:\/\/vieassociative.be\/actualites\/une-baleine-a-bosse-nage-dans-un-navire-de-transport-le-voyage-vers-la-mer-du-nord-est-imminent\/","og_site_name":"Vie Associative","article_published_time":"2026-04-29T03:17:26+00:00","og_image":[{"width":279,"height":92,"url":"https:\/\/vieassociative.be\/actualites\/wp-content\/uploads\/2024\/09\/header_backgroundk-01-e1726694325946.png","type":"image\/png"}],"author":"Julien","twitter_card":"summary_large_image","twitter_misc":{"\u00c9crit par":"Julien","Dur\u00e9e de lecture est.":"5 minutes"},"schema":{"@context":"https:\/\/schema.org","@graph":[{"@type":"Article","@id":"https:\/\/vieassociative.be\/actualites\/une-baleine-a-bosse-nage-dans-un-navire-de-transport-le-voyage-vers-la-mer-du-nord-est-imminent\/#article","isPartOf":{"@id":"https:\/\/vieassociative.be\/actualites\/une-baleine-a-bosse-nage-dans-un-navire-de-transport-le-voyage-vers-la-mer-du-nord-est-imminent\/"},"author":{"name":"Julien","@id":"https:\/\/vieassociative.be\/actualites\/#\/schema\/person\/b87ac4f82f9d4e7b7cec7395b679edc4"},"headline":"Une baleine \u00e0 bosse nage dans un navire de transport &#8211; le voyage vers la mer du Nord est imminent","datePublished":"2026-04-29T03:17:26+00:00","dateModified":"2026-04-29T03:17:26+00:00","mainEntityOfPage":{"@id":"https:\/\/vieassociative.be\/actualites\/une-baleine-a-bosse-nage-dans-un-navire-de-transport-le-voyage-vers-la-mer-du-nord-est-imminent\/"},"wordCount":973,"publisher":{"@id":"https:\/\/vieassociative.be\/actualites\/#organization"},"image":{"@id":"https:\/\/vieassociative.be\/actualites\/une-baleine-a-bosse-nage-dans-un-navire-de-transport-le-voyage-vers-la-mer-du-nord-est-imminent\/#primaryimage"},"thumbnailUrl":"https:\/\/vieassociative.be\/actualites\/wp-content\/uploads\/2026\/04\/1777432647_Une-baleine-a-bosse-nage-dans-un-navire-de-transport.jpg","keywords":["baleine","bosse","dans","est","imminent","mer","nage","navire","Nord","transport","une","vers","voyage"],"articleSection":["Belgique"],"inLanguage":"fr-BE"},{"@type":"WebPage","@id":"https:\/\/vieassociative.be\/actualites\/une-baleine-a-bosse-nage-dans-un-navire-de-transport-le-voyage-vers-la-mer-du-nord-est-imminent\/","url":"https:\/\/vieassociative.be\/actualites\/une-baleine-a-bosse-nage-dans-un-navire-de-transport-le-voyage-vers-la-mer-du-nord-est-imminent\/","name":"Une baleine \u00e0 bosse nage dans un navire de transport - le voyage vers la mer du Nord est imminent | Vie Associative","isPartOf":{"@id":"https:\/\/vieassociative.be\/actualites\/#website"},"primaryImageOfPage":{"@id":"https:\/\/vieassociative.be\/actualites\/une-baleine-a-bosse-nage-dans-un-navire-de-transport-le-voyage-vers-la-mer-du-nord-est-imminent\/#primaryimage"},"image":{"@id":"https:\/\/vieassociative.be\/actualites\/une-baleine-a-bosse-nage-dans-un-navire-de-transport-le-voyage-vers-la-mer-du-nord-est-imminent\/#primaryimage"},"thumbnailUrl":"https:\/\/vieassociative.be\/actualites\/wp-content\/uploads\/2026\/04\/1777432647_Une-baleine-a-bosse-nage-dans-un-navire-de-transport.jpg","datePublished":"2026-04-29T03:17:26+00:00","dateModified":"2026-04-29T03:17:26+00:00","breadcrumb":{"@id":"https:\/\/vieassociative.be\/actualites\/une-baleine-a-bosse-nage-dans-un-navire-de-transport-le-voyage-vers-la-mer-du-nord-est-imminent\/#breadcrumb"},"inLanguage":"fr-BE","potentialAction":[{"@type":"ReadAction","target":["https:\/\/vieassociative.be\/actualites\/une-baleine-a-bosse-nage-dans-un-navire-de-transport-le-voyage-vers-la-mer-du-nord-est-imminent\/"]}]},{"@type":"ImageObject","inLanguage":"fr-BE","@id":"https:\/\/vieassociative.be\/actualites\/une-baleine-a-bosse-nage-dans-un-navire-de-transport-le-voyage-vers-la-mer-du-nord-est-imminent\/#primaryimage","url":"https:\/\/vieassociative.be\/actualites\/wp-content\/uploads\/2026\/04\/1777432647_Une-baleine-a-bosse-nage-dans-un-navire-de-transport.jpg","contentUrl":"https:\/\/vieassociative.be\/actualites\/wp-content\/uploads\/2026\/04\/1777432647_Une-baleine-a-bosse-nage-dans-un-navire-de-transport.jpg","width":1200,"height":850,"caption":"Une baleine \u00e0 bosse nage dans un navire de transport - le voyage vers la mer du Nord est imminent"},{"@type":"BreadcrumbList","@id":"https:\/\/vieassociative.be\/actualites\/une-baleine-a-bosse-nage-dans-un-navire-de-transport-le-voyage-vers-la-mer-du-nord-est-imminent\/#breadcrumb","itemListElement":[{"@type":"ListItem","position":1,"name":"Accueil","item":"https:\/\/vieassociative.be\/actualites\/"},{"@type":"ListItem","position":2,"name":"Une baleine \u00e0 bosse nage dans un navire de transport &#8211; le voyage vers la mer du Nord est imminent"}]},{"@type":"WebSite","@id":"https:\/\/vieassociative.be\/actualites\/#website","url":"https:\/\/vieassociative.be\/actualites\/","name":"Vie Associative","description":"","publisher":{"@id":"https:\/\/vieassociative.be\/actualites\/#organization"},"potentialAction":[{"@type":"SearchAction","target":{"@type":"EntryPoint","urlTemplate":"https:\/\/vieassociative.be\/actualites\/?s={search_term_string}"},"query-input":{"@type":"PropertyValueSpecification","valueRequired":true,"valueName":"search_term_string"}}],"inLanguage":"fr-BE"},{"@type":"Organization","@id":"https:\/\/vieassociative.be\/actualites\/#organization","name":"Vie Associative","url":"https:\/\/vieassociative.be\/actualites\/","logo":{"@type":"ImageObject","inLanguage":"fr-BE","@id":"https:\/\/vieassociative.be\/actualites\/#\/schema\/logo\/image\/","url":"https:\/\/vieassociative.be\/actualites\/wp-content\/uploads\/2024\/09\/cropped-vieassociative_favicon.ico.png","contentUrl":"https:\/\/vieassociative.be\/actualites\/wp-content\/uploads\/2024\/09\/cropped-vieassociative_favicon.ico.png","width":512,"height":512,"caption":"Vie Associative"},"image":{"@id":"https:\/\/vieassociative.be\/actualites\/#\/schema\/logo\/image\/"}},{"@type":"Person","@id":"https:\/\/vieassociative.be\/actualites\/#\/schema\/person\/b87ac4f82f9d4e7b7cec7395b679edc4","name":"Julien","image":{"@type":"ImageObject","inLanguage":"fr-BE","@id":"https:\/\/vieassociative.be\/actualites\/#\/schema\/person\/image\/","url":"https:\/\/vieassociative.be\/actualites\/wp-content\/uploads\/2024\/09\/vie-associative-1-150x150.jpg","contentUrl":"https:\/\/vieassociative.be\/actualites\/wp-content\/uploads\/2024\/09\/vie-associative-1-150x150.jpg","caption":"Julien"},"description":"Je suis Julien, r\u00e9dacteur pour Vie Associative. Passionn\u00e9 par le monde associatif depuis plus de 10 ans, j'ai \u00e0 c\u0153ur de partager des histoires inspirantes et de mettre en lumi\u00e8re les initiatives locales. Mon objectif est de sensibiliser et d'encourager l'engagement communautaire \u00e0 travers mes articles.","sameAs":["https:\/\/vieassociative.be\/"]}]}},"_links":{"self":[{"href":"https:\/\/vieassociative.be\/actualites\/wp-json\/wp\/v2\/posts\/13619"}],"collection":[{"href":"https:\/\/vieassociative.be\/actualites\/wp-json\/wp\/v2\/posts"}],"about":[{"href":"https:\/\/vieassociative.be\/actualites\/wp-json\/wp\/v2\/types\/post"}],"author":[{"embeddable":true,"href":"https:\/\/vieassociative.be\/actualites\/wp-json\/wp\/v2\/users\/1"}],"replies":[{"embeddable":true,"href":"https:\/\/vieassociative.be\/actualites\/wp-json\/wp\/v2\/comments?post=13619"}],"version-history":[{"count":0,"href":"https:\/\/vieassociative.be\/actualites\/wp-json\/wp\/v2\/posts\/13619\/revisions"}],"wp:featuredmedia":[{"embeddable":true,"href":"https:\/\/vieassociative.be\/actualites\/wp-json\/wp\/v2\/media\/13620"}],"wp:attachment":[{"href":"https:\/\/vieassociative.be\/actualites\/wp-json\/wp\/v2\/media?parent=13619"}],"wp:term":[{"taxonomy":"category","embeddable":true,"href":"https:\/\/vieassociative.be\/actualites\/wp-json\/wp\/v2\/categories?post=13619"},{"taxonomy":"post_tag","embeddable":true,"href":"https:\/\/vieassociative.be\/actualites\/wp-json\/wp\/v2\/tags?post=13619"}],"curies":[{"name":"wp","href":"https:\/\/api.w.org\/{rel}","templated":true}]}}